{"id":16340,"date":"2023-04-18T15:09:42","date_gmt":"2023-04-18T14:09:42","guid":{"rendered":"https:\/\/hir.mediamarkt.hu\/magazin\/?p=16340"},"modified":"2023-04-28T07:05:03","modified_gmt":"2023-04-28T06:05:03","slug":"mekkorat-milyet-mennyiert-ssd-kisokos-kezdoknek","status":"publish","type":"post","link":"https:\/\/hir.mediamarkt.hu\/magazin\/mekkorat-milyet-mennyiert-ssd-kisokos-kezdoknek\/","title":{"rendered":"SSD-kisokos kezd\u0151knek &#8211; mekkor\u00e1t, milyet, mennyi\u00e9rt?"},"content":{"rendered":"\n<p class=\"has-text-align-justify\"><strong>Lass\u00fa a laptop, percekig malmozol, mire bet\u00f6lt a Windows, m\u00e1r a b\u00f6ng\u00e9sz\u00e9s is akadozik az asztali g\u00e9pen? Ideje, hogy be\u00faj\u00edts egy solid state drive-ot, azaz SSD-t.<\/strong><\/p>\n\n\n\n<p class=\"has-text-align-justify\">Ezek a t\u00e1rol\u00f3k a hagyom\u00e1nyos merevlemezek sebess\u00e9g\u00e9nek t\u00f6bbsz\u00f6r\u00f6s\u00e9t ny\u00fajtj\u00e1k, szab\u00e1lyosan \u00faj \u00e9letet lehelnek a g\u00e9pedbe, \u00e9s ami a legjobb: megb\u00edzhat\u00f3 modelleket is v\u00e1s\u00e1rolhatsz nagyon olcs\u00f3n. Nem mindegy azonban, milyen c\u00e9lra \u00e9s milyen technol\u00f3gi\u00e1val. SATA, M.2, NVMe, Gb\/s: m\u00e1r a fogalmak is ijeszt\u0151ek lehetnek egy laikus sz\u00e1m\u00e1ra, \u00e9s akkor a h\u0171t\u0151bord\u00e1kr\u00f3l m\u00e9g nem is besz\u00e9lt\u00fcnk. A helyzet szerencs\u00e9re kor\u00e1ntsem olyan bonyolult, a MediaMarkt szak\u00e9rt\u0151i pedig b\u00e1rmikor seg\u00edtenek. Ebben a cikkben tiszt\u00e1zzuk az alapvet\u0151 kifejez\u00e9seket, hogy eligazodj a felhozatalban.<\/p>\n\n\n\n<h1 class=\"wp-block-heading\">Mem\u00f3ria \u00e9s t\u00e1rhely<\/h1>\n\n\n\n<p class=\"has-text-align-justify\">Ez a fejezet azoknak sz\u00f3l, akik csak felsz\u00ednesen vannak k\u00e9pben a sz\u00e1m\u00edt\u00f3g\u00e9p-komponensek ter\u00e9n \u2013 \u00e9s ez\u00e9rt term\u00e9szetesen nem hib\u00e1ztathat\u00f3ak, az\u00e9rt vagyunk, hogy seg\u00edts\u00fcnk. Mindenesetre, ha SSD-v\u00e1s\u00e1rl\u00e1son t\u00f6r\u00f6d a fejed, vagy egyszer\u0171en nem tudod, mi\u00e9rt lass\u00fa a PC-d, laptopot, akkor \u00e9rdemes kicsit messzebbr\u0151l kezdeni az ismerked\u00e9st.<\/p>\n\n\n\n<p class=\"has-text-align-justify\">A sz\u00e1m\u00edt\u00f3g\u00e9p \u2013 legyen az laptop vagy asztali PC \u2013 k\u00e9t \u201ehelyen\u201d t\u00e1rolja az adatokat, amelyekre sz\u00fcks\u00e9ge lehet. Mindkett\u0151 elengedhetetlen a sz\u00e1m\u00edt\u00f3g\u00e9p m\u0171k\u00f6d\u00e9s\u00e9hez, az egyik nincs meg a m\u00e1sik n\u00e9lk\u00fcl. Az egyik a <strong>h\u00e1tt\u00e9rt\u00e1r<\/strong>, vagy <strong>t\u00e1rhely<\/strong>, ez lehet <strong>SSD<\/strong>, <strong>merevlemez<\/strong>, vagy ak\u00e1r <strong>pendrive<\/strong>, <strong>k\u00fcls\u0151 HDD<\/strong>&nbsp;\u2013, azaz v\u00e1ltozatos m\u00e9ret\u0171 \u00e9s sebess\u00e9g\u0171, de tart\u00f3s megold\u00e1s. Ut\u00f3bbi alatt azt \u00e9rtj\u00fck, hogy a g\u00e9p kikapcsol\u00e1sa, \u00fajraind\u00edt\u00e1sa ut\u00e1n is megmaradnak az adatok, \u00e9s hacsak nem t\u00f6r\u00f6lj\u00fck, form\u00e1zzuk \u0151ket, a t\u00e1rolt adatokat \u00e9vekig, \u00e9vtizedekig is meg\u0151rizhetj\u00fck, ha \u00f3vatosan b\u00e1nunk a hardverrel. A <strong>mem\u00f3ria<\/strong> \u2013 m\u00e1s n\u00e9ven <strong>RAM<\/strong> \u2013 j\u00f3val kisebb az \u00e1tlagos SSD-kn\u00e9l, \u00e1ltal\u00e1ban 8, 16 vagy 32 gigabyte-r\u00f3l besz\u00e9l\u00fcnk (mobiltelefonok \u00e9s r\u00e9gebbi vagy olcs\u00f3bb laptopok eset\u00e9ben 4 is lehet), \u00e9s nagyon fontos, hogy a g\u00e9p kikapcsol\u00e1sa ut\u00e1n elt\u0171nnek az adatok. \u201eCser\u00e9be\u201d nagyon-nagyon gyors az adat\u00e1tvitel: a mem\u00f3ri\u00e1t haszn\u00e1lja az oper\u00e1ci\u00f3s rendszer arra, hogy azokat az adatokat, amelyekhez gyorsan hozz\u00e1 kell f\u00e9rnie \u2013 b\u00f6ng\u00e9sz\u0151, sz\u00f6vegszerkeszt\u0151 szoftverek, j\u00e1t\u00e9kok \u2013 bet\u00f6ltse \u00e9s t\u00f6lt\u00e9s- \u00e9s akadoz\u00e1smentes \u00e9lm\u00e9nyt biztos\u00edtson. Ha egy g\u00e9p \u201ebelassul\u201d, annak javar\u00e9szt az az oka, hogy kev\u00e9s a mem\u00f3ria, a rendszernek pedig zsongl\u0151rk\u00f6dnie kell a h\u00e1tt\u00e9rt\u00e1r \u00e9s a rendelkez\u00e9sre \u00e1ll\u00f3 RAM k\u00f6z\u00f6tt. Ezt a n\u00e9mileg leegyszer\u0171s\u00edt\u0151 magyar\u00e1zatot csak az\u00e9rt ejtett\u00fck meg, hogy tiszt\u00e1zzuk a fogalmakat: a mem\u00f3ria m\u00e1s t\u00e9szta, ebben a cikkben a h\u00e1tt\u00e9rt\u00e1rk\u00e9nt funkcion\u00e1l\u00f3 SSD-kr\u0151l lesz sz\u00f3.<\/p>\n\n\n\n<h1 class=\"wp-block-heading\">HDD vagy SSD?<\/h1>\n\n\n\n<p class=\"has-text-align-justify\">Egy \u00fajabb megk\u00fcl\u00f6nb\u00f6ztet\u00e9s, amin t\u00fal kell esn\u00fcnk, a f\u00f3rumokban, cikkekben ugyanis sokan szinonimak\u00e9nt haszn\u00e1lj\u00e1k a merevlemez \u00e9s SSD kifejez\u00e9seket, ez pedig fogalmi zavarhoz vezethet. Fontos, hogy a <strong>hard drive<\/strong>, vagy merevlemez, esetleg <strong>winchester<\/strong> (ezredfordul\u00f3 k\u00f6rny\u00e9ki szlenggel: <strong>viny\u00f3<\/strong>), azaz hivatalos nev\u00e9n a <strong>HDD<\/strong> \u00e9s a <strong>solid state drive<\/strong>, azaz <strong>SSD<\/strong> k\u00e9t k\u00fcl\u00f6nb\u00f6z\u0151 t\u00e1rol\u00e1si technol\u00f3gia, igaz, mindkett\u0151 t\u00e1rhely. A HDD m\u00e1gneslemezeken t\u00e1rolja az adatokat, amelyekhez fizikailag mozg\u00f3 fejjel f\u00e9r hozz\u00e1, \u00e9s a PC-k h\u0151skor\u00e1ban az egyetlen t\u00e1rol\u00e1si lehet\u0151s\u00e9get jelentette (a floppy lemezek, majd a CD-k mellett). H\u00e1tr\u00e1nya, hogy mint eml\u00edtett\u00fck, mozg\u00f3 alkatr\u00e9szeket tartalmaz, azaz s\u00e9r\u00fcl\u00e9keny, az adatokat t\u00f6nkreteheti, ha m\u00e1gnes k\u00f6zel\u00e9be helyezz\u00fck. El\u0151nye, hogy ma viszonylag olcs\u00f3n el\u0151\u00e1ll\u00edthat\u00f3ak a nagy m\u00e9ret\u0171, azaz t\u00f6bb terabyte-os modellek is \u2013 nagyj\u00e1b\u00f3l ez\u00e9rt vannak m\u00e9g a piacon, hiszen hossz\u00fa t\u00e1v\u00fa t\u00e1rol\u00e1sra, archiv\u00e1l\u00e1sra ide\u00e1lisak, f\u0151leg, ha olyan adatokr\u00f3l \u2013 vide\u00f3f\u00e1jlokr\u00f3l, k\u00e9pekr\u0151l \u2013 van sz\u00f3, amelyek megel\u00e9gszenek a lassabb olvas\u00e1si sebess\u00e9ggel is. Bels\u0151 HDD, a Media Marktban nem kaphat\u00f3, csak k\u00fcls\u0151, a g\u00e9phez USB-vel csatlakoztathat\u00f3 modelleket v\u00e1s\u00e1rolhatsz.<\/p>\n\n\n\n<p class=\"has-text-align-justify\">Az SSD-k f\u0151 el\u0151nye \u2013 azon t\u00fal, hogy nincs benn\u00fck mozg\u00f3 alkatr\u00e9sz, nem tesz k\u00e1rt benn\u00fck a m\u00e1gnes \u00e9s az adatokat a sebess\u00e9g \u00e9rdek\u00e9ben \u00fajrarendezni, azaz particion\u00e1lni sem kell \u0151ket \u2013, hogy gyorsak. M\u00e9gpedig nagyon:<\/p>\n\n\n\n<blockquote class=\"wp-block-quote\">\n<p>A legolcs\u00f3bb, leglass\u00fabb SSD is t\u00f6bbsz\u00f6r olyan gyorsan \u00edr \u00e9s olvas f\u00e1jlokat, mint a leggyorsabb HDD.<\/p>\n<\/blockquote>\n\n\n\n<p class=\"has-text-align-justify\">Ez nagyon fontos, ha gyakran haszn\u00e1lt, sebess\u00e9gig\u00e9nyes szoftvereket t\u00e1rolunk rajta: a legjobb, ha SSD-r\u0151l fut az oper\u00e1ci\u00f3s rendszer, a b\u00f6ng\u00e9sz\u0151, a sz\u00f6vegszerkeszt\u0151, a Photoshop \u00e9s t\u00e1rsai, de a gamereknek is sok szolg\u00e1latot tesz, a nagyobb j\u00e1t\u00e9kok ugyanis h\u00edrhedten sebess\u00e9gig\u00e9nyesek. A p\u00e1ly\u00e1k bet\u00f6lt\u00e9se \u00e9s a folyamatos adatstreamel\u00e9s \u2013 a legt\u00f6bb c\u00edmnek m\u00e1r sz\u00fcks\u00e9ge van erre, mert egyszer\u0171en nem f\u00e9rnek bele a mem\u00f3ri\u00e1ba \u2013 miatt egyenesen elengedhetetlen a gyors SSD, ha az ember gamer PC-t \u00e9p\u00edt vagy laptopot v\u00e1s\u00e1rol.<\/p>\n\n\n\n<h1 class=\"wp-block-heading\">Mennyi az annyi?<\/h1>\n\n\n\n<p class=\"has-text-align-justify\">Ha SSD-t v\u00e1s\u00e1roln\u00e1l laptopodba, PC-dbe, \u00e9s b\u00f6ng\u00e9szni kezdesz, azonnal szembes\u00fclsz majd vele, hogy hatalmas a sz\u00f3r\u00e1s \u00e1r tekintet\u00e9ben, p\u00e1rezres t\u00e9telt\u0151l sz\u00e1zezresig terjed. Az \u00e1r r\u00e1ad\u00e1sul nem csak az SSD m\u00e9ret\u00e9t\u0151l f\u00fcgg: f\u00e9l terabyte-ot vehetsz t\u00edzezer \u00e9s sz\u00e1zezer forint\u00e9rt is. Term\u00e9szetes, ha tan\u00e1cstalan vagy: a p\u00e9nzt\u00e1rc\u00e1dat is k\u00edm\u00e9ln\u00e9d, de megb\u00edzhat\u00f3 megold\u00e1sra is v\u00e1gysz.<\/p>\n\n\n\n<p class=\"has-text-align-justify\">Az SSD-k \u00e1ra adott m\u00e9ret eset\u00e9n h\u00e1rom t\u00e9nyez\u0151n m\u00falik: a csatol\u00f3fel\u00fcleten, annak technol\u00f3giai gener\u00e1ci\u00f3j\u00e1n \u00e9s az \u00edr\u00e1si \u00e9s olvas\u00e1si sebess\u00e9gen. A h\u00e1rom term\u00e9szetesen \u00f6sszef\u00fcgg. Elmagyar\u00e1zzuk, melyik mit jelent \u2013 de el\u00f6lj\u00e1r\u00f3ban megnyugtatunk, hogy a megb\u00edzhat\u00f3 gy\u00e1rt\u00f3kt\u00f3l sz\u00e1rmaz\u0151 als\u00f3-k\u00f6z\u00e9pkateg\u00f3ri\u00e1val val\u00f3sz\u00edn\u0171leg el\u00e9gedett leszel, azaz nem kell vagyonokat k\u00f6ltenek h\u00e1tt\u00e9rt\u00e1rra.<\/p>\n\n\n\n<p class=\"has-text-align-justify\">Ha elsz\u00e1nod magad, fontos tudnod, hogy milyen \u00e9s h\u00e1ny SSD f\u00e9r a g\u00e9pedbe. Ha p\u00e9ld\u00e1ul m\u00e1r van benne, de plusz meghajt\u00f3ra v\u00e1gysz, ut\u00e1na kell n\u00e9zned, van-e \u00fcres csatlakoz\u00f3 az alaplapon, legyen sz\u00f3 M.2-es vagy SATA-s SSD-r\u0151l. Manaps\u00e1g azonban m\u00e1r minden alaplap t\u00e1mogatja mindk\u00e9t form\u00e1tumot \u2013 t\u00e1rgyaljuk is ki \u0151ket!<\/p>\n\n\n\n<h1 class=\"wp-block-heading\">K\u00e1beles vagy alaplapi?<\/h1>\n\n\n\n<p class=\"has-text-align-justify\">Azaz: SATA vagy M.2? Az el\u0151bbi a form\u00e1jukban kicsit a r\u00e9gi HDD-kre eml\u00e9keztet\u0151 SSD meghajt\u00f3kat jel\u00f6li, amelyeket SATA-k\u00e1bellel kell az alaplapra csatlakoztatni, \u00e1ramforr\u00e1sra is sz\u00fcks\u00e9g\u00fck van a t\u00e1pegys\u00e9gb\u0151l, \u00e9s csavarokkal kell r\u00f6gz\u00edteni a sz\u00e1m\u00edt\u00f3g\u00e9ph\u00e1zban. Ezek a lapos, t\u00e9glatest alak\u00fa modellek \u00e1ltal\u00e1ban 5-600 megabyte\/m\u00e1sodperces \u00edr\u00e1si \u00e9s olvas\u00e1si sebess\u00e9gre k\u00e9pesek: b\u0151ven elegend\u0151ek az oper\u00e1ci\u00f3s rendszer \u00e9s a gyakran haszn\u00e1lt programok futtat\u00e1s\u00e1ra, k\u00fcl\u00f6n\u00f6sen, ha elegend\u0151 mem\u00f3ri\u00e1val, azaz 8, de ink\u00e1bb 16 gigabyte RAM-mal felszerelt g\u00e9pbe applik\u00e1ljuk \u0151ket. Az \u00fajabb j\u00e1t\u00e9koknak \u00e9s a professzion\u00e1lis szoftvereknek \u2013 k\u00e9pszerkeszt\u0151k, videov\u00e1g\u00f3k \u2013 azonban kev\u00e9snek bizonyulhatnak.<\/p>\n\n\n\n<figure class=\"wp-block-image alignnone size-full wp-image-16343\"><img loading=\"lazy\" decoding=\"async\" width=\"722\" height=\"587\" src=\"https:\/\/hir.mediamarkt.hu\/magazin\/wp-content\/uploads\/2023\/04\/ssd2.jpg\" alt=\"\" class=\"wp-image-16343\" srcset=\"https:\/\/hir.mediamarkt.hu\/magazin\/wp-content\/uploads\/2023\/04\/ssd2.jpg 722w, https:\/\/hir.mediamarkt.hu\/magazin\/wp-content\/uploads\/2023\/04\/ssd2-300x244.jpg 300w, https:\/\/hir.mediamarkt.hu\/magazin\/wp-content\/uploads\/2023\/04\/ssd2-275x224.jpg 275w\" sizes=\"(max-width: 722px) 100vw, 722px\" \/><figcaption class=\"wp-element-caption\"><a href=\"http:\/\/mediamarkt.hu\/catentry\/1271225\" target=\"_blank\" rel=\"noreferrer noopener\">ADATA SU650 ultimate 120GB<\/a>: a legolcs\u00f3bb SATA-alap\u00fa SSD-t is b\u00e1tran aj\u00e1nljuk<\/figcaption><\/figure>\n\n\n\n<p class=\"has-text-align-justify\">A SATA technol\u00f3gia jelenleg a 3. gener\u00e1ci\u00f3n\u00e1l tart, azaz ilyen modelleket tal\u00e1lsz a boltok polcain. A gy\u00e1rt\u00f3k \u00e1ltal\u00e1ban (itt \u00e9s \u00e9s az SSD-k eset\u00e9ben \u00e1ltal\u00e1ban) megadnak egy \u00fajra\u00edrhat\u00f3s\u00e1gi sz\u00e1mot, p\u00e9ld\u00e1ul 500-at, ett\u0151l azonban ne ijedj meg: ez nem azt jelenti, hogy csak 500-szor v\u00e9gezhetsz m\u0171veleteket a lemezen (bajos is lenne, hiszen az ilyesmi javar\u00e9szt \u00e9szrev\u00e9tlen\u00fcl t\u00f6rt\u00e9nik a h\u00e1tt\u00e9rben), hanem azt, hogy ennyiszer \u00edrhat\u00f3 \u00fajra a teljes lemez garant\u00e1lt adats\u00e9r\u00fcl\u00e9s n\u00e9lk\u00fcl. A l\u00e9nyeg az, hogy<\/p>\n\n\n\n<blockquote class=\"wp-block-quote\">\n<p>m\u00e9g az olcs\u00f3bb SSD-k is \u00e9vekig megb\u00edzhat\u00f3an m\u0171k\u00f6dnek \u00e1tlagos felhaszn\u00e1l\u00e1s mellett, azaz ett\u0151l nem kell tartanod.<\/p>\n<\/blockquote>\n\n\n\n<p class=\"has-text-align-justify\">A m\u00e1sik fontos csatlakoz\u00f3technol\u00f3gia az M.2-es, azaz az, amikor az SSD-t k\u00f6zvetlen\u00fcl az alaplaphoz csatlakoztatjuk. Ezek a modellek a k\u00e1beles t\u00e1rsaikn\u00e1l is kisebbek: v\u00e9kony, a m\u00e9rett\u0151l f\u00fcgg\u0151 hossz\u00fas\u00e1g\u00fa lapk\u00e1kr\u00f3l van sz\u00f3, amelyek egyik oldal\u00e1t az alaplapi ny\u00edl\u00e1sba kell cs\u00fasztatni \u2013 csak egyf\u00e9lek\u00e9ppen lehet, azaz elrontani nem tudod \u2013, a m\u00e1sikat pedig csavarral r\u00f6gz\u00edteni. Bonyol\u00edtja a helyzetet, de fontos, hogy az M.2-es csatlakoz\u00e1s nem jelent automatikus sebess\u00e9gn\u00f6vel\u00e9st: ezek is haszn\u00e1lhatnak SATA-szabv\u00e1ny\u00fa adat\u00e1tvitelt, azaz a fent eml\u00edtett \u00edr\u00e1si \u00e9s olvas\u00e1si sebess\u00e9geket, ezekkel teh\u00e1t f\u0151leg helyet \u00e9s k\u00e1belt sp\u00f3rolhatsz, plusz teljes\u00edtm\u00e9nyt nem kapsz. Szabad szemmel is felismerheted \u0151ket: az alaplaphoz csatlakoztatand\u00f3 oldalon k\u00e9t v\u00e1jatot l\u00e1tsz. Ilyenek a Media Marktban jelenleg nem kaphat\u00f3ak, \u00edgy ennyivel is egyszer\u0171bb a v\u00e1laszt\u00e1s.<\/p>\n\n\n\n<figure class=\"wp-block-image alignnone size-full wp-image-16342\"><img loading=\"lazy\" decoding=\"async\" width=\"786\" height=\"587\" src=\"https:\/\/hir.mediamarkt.hu\/magazin\/wp-content\/uploads\/2023\/04\/ssd1.jpg\" alt=\"\" class=\"wp-image-16342\" srcset=\"https:\/\/hir.mediamarkt.hu\/magazin\/wp-content\/uploads\/2023\/04\/ssd1.jpg 786w, https:\/\/hir.mediamarkt.hu\/magazin\/wp-content\/uploads\/2023\/04\/ssd1-300x224.jpg 300w, https:\/\/hir.mediamarkt.hu\/magazin\/wp-content\/uploads\/2023\/04\/ssd1-275x205.jpg 275w, https:\/\/hir.mediamarkt.hu\/magazin\/wp-content\/uploads\/2023\/04\/ssd1-768x574.jpg 768w\" sizes=\"(max-width: 786px) 100vw, 786px\" \/><figcaption class=\"wp-element-caption\">Egy megb\u00edzhat\u00f3, harmadik gener\u00e1ci\u00f3s klasszikus: <a href=\"http:\/\/mediamarkt.hu\/catentry\/1351248\" target=\"_blank\" rel=\"noreferrer noopener\">SAMSUNG 980 PCIe 3.0 NVMe M.2 250 GB<\/a><\/figcaption><\/figure>\n\n\n\n<p class=\"has-text-align-justify\">Az igazi teljes\u00edtm\u00e9nybeli ugr\u00e1st az <strong>M.2 NVMe szabv\u00e1ny<\/strong> jelenti, amelyek jelenleg az alaplapi PCI Express port 3., 4., vagy 5. gener\u00e1ci\u00f3j\u00e1t haszn\u00e1lj\u00e1k adat\u00e1tvitelre. (\u00dczleteinkben \u00e9s weboldalunkon csak ilyenek kaphat\u00f3ak.) Itt kezd\u0151dnek az igaz\u00e1n vad \u00edr\u00e1si \u00e9s olvas\u00e1si sebess\u00e9gek: egy-m\u00e1sf\u00e9lt\u00f3l 5-6 gigabyte\/m\u00e1sodperccel is t\u00f6rt\u00e9nhet az adat\u00e1tvitel, azaz m\u00e9g a hatalmas m\u00e9ret\u0171, nagy k\u00f6lts\u00e9gvet\u00e9s\u0171 j\u00e1t\u00e9kokat is m\u00e1sodpercek alatt bet\u00f6lti a rendszer. Alaplapja \u00e9s szoftvere v\u00e1logatja, hogy \u00e9rzed-e a gener\u00e1ci\u00f3k el\u0151nyeit: a dolgok jelen \u00e1ll\u00e1sa szerint l\u00e9nyegi k\u00fcl\u00f6nbs\u00e9g a negyedik \u00e9s \u00f6t\u00f6dik gener\u00e1ci\u00f3 k\u00f6zt nincs, azaz m\u00e9g kev\u00e9s rendszer \u00e9s program haszn\u00e1lja ki a leg\u00fajabb szabv\u00e1nyt. El\u00e9g teh\u00e1t annyit megjegyezned, hogy egy m\u00e1rk\u00e1s, M.2 NVMe csatlakoz\u00f3val ell\u00e1tott, PCIe 3.0-\u00e1s, vagy 4.0-\u00e1s SSD-vel nem ny\u00falhatsz mell\u00e9. A doboz b\u00f6ng\u00e9sz\u00e9se n\u00e9lk\u00fcl is felismered az eml\u00edtett csatol\u00f3fel\u00fcletet: csak egy v\u00e1jat van a csatlakoz\u00f3 oldal\u00e1n.<\/p>\n\n\n\n<h1 class=\"wp-block-heading\">Meddig \u00e9r a takar\u00f3?<\/h1>\n\n\n\n<p class=\"has-text-align-justify\">A m\u00e9retr\u0151l ejten\u00fcnk kell p\u00e1r sz\u00f3t: term\u00e9szetesen (ez esetben) sz\u00e1m\u00edt, azaz min\u00e9l nagyobb, ann\u00e1l jobb, de v\u00e9gig kell gondolnod, mire van sz\u00fcks\u00e9ged. Irodai munk\u00e1ra, b\u00f6ng\u00e9sz\u00e9sre b\u0151ven el\u00e9g egy 250 gigabyte k\u00f6r\u00fcli modell (ha nagyon visszafogottan haszn\u00e1lod a g\u00e9pet, 120-as is), ezen elf\u00e9r az oper\u00e1ci\u00f3s rendszer, minden szoftver, amire sz\u00fcks\u00e9ged van \u00e9s esetleg 2-3 j\u00e1t\u00e9k is. Ha azonban komolyan j\u00e1tszol, \u00e9s\/vagy filmeket t\u00e1rolsz a g\u00e9pen, r\u00f6gt\u00f6n sz\u00fcks\u00e9ged lesz egy legal\u00e1bb f\u00e9l, de ink\u00e1bb egy terabyte-os SSD-re. A modernebb online j\u00e1t\u00e9kok ezeket is egy pillanat alatt felzab\u00e1lj\u00e1k, de az\u00e9rt elf\u00e9r rajtuk j\u00f3p\u00e1r. 2 terabyte-osra vagy nagyobbra pedig f\u0151leg a profi tartalomk\u00e9sz\u00edt\u0151knek van sz\u00fcks\u00e9ge: a 3D-s modellez\u0151knek \u00e9s anim\u00e1toroknak, vide\u00f3soknak, alkalmazott fot\u00f3soknak. Nekik r\u00e1ad\u00e1sul nem csak a m\u00e9ret, hanem a sebess\u00e9g is sz\u00e1m\u00edt, elv\u00e9gre nem mindegy, hogy val\u00f3s id\u0151ben tudj\u00e1k-e visszan\u00e9zni a vide\u00f3kat, amelyeket \u00e9ppen ut\u00f3munk\u00e1znak, vagy akadozva \u2013 \u0151k k\u00f6ltenek teh\u00e1t sz\u00e1zezreket SSD-kre.<\/p>\n\n\n\n<h1 class=\"wp-block-heading\">H\u0171t\u0151bord\u00e1val vagy an\u00e9lk\u00fcl?<\/h1>\n\n\n\n<p class=\"has-text-align-justify\">Mint a legt\u00f6bb alkatr\u00e9sz, a technol\u00f3gia el\u0151rehaladt\u00e1val \u00e9s az egyre apr\u00f3l\u00e9kosabb gy\u00e1rt\u00e1si elj\u00e1r\u00e1sokkal az SSD-k is gener\u00e1ci\u00f3r\u00f3l gener\u00e1ci\u00f3ra egyre t\u00f6bb h\u0151t termelnek. \u00c1tlagos esetben ez nem jelent gondot, az adatt\u00e1rol\u00e1s, \u00edr\u00e1s \u00e9s olvas\u00e1s m\u00e9gsem vetekszik a videok\u00e1rty\u00e1k \u00e9s a processzorok energiaig\u00e9ny\u00e9vel, \u00e1m a korszer\u0171bb, gyorsabb lemezeket bizony nem \u00e1rt h\u0171teni. Akt\u00edv, teh\u00e1t ventill\u00e1toros vagy v\u00edzh\u0171t\u00e9sre szerencs\u00e9re \u00edgy sincs sz\u00fcks\u00e9g, b\u0151ven megteszik az M.2-es csatol\u00f3kra m\u00e9retezett h\u0171t\u0151bord\u00e1k. (A SATA-alap\u00fa SSD-ket sosem kell h\u0171teni.)<\/p>\n\n\n\n<p class=\"has-text-align-justify\">Ebb\u0151l azonban m\u00e9g nem egy\u00e9rtelm\u0171, sz\u00fcks\u00e9ged lesz-e r\u00e1. \u00d6k\u00f6lszab\u00e1ly, hogy ha egy gy\u00e1rt\u00f3 mell\u00e9kel h\u0171t\u0151bord\u00e1t (esetleg eleve arra szerelve sz\u00e1ll\u00edtja az SSD-t), \u00e9s van sz\u00e1m\u00e1ra hely az alaplapon, akkor hasz\u00e1ld, \u201e\u00e1rtani nem \u00e1rt\u201d alapon. Ha nem mell\u00e9kel \u00e9s nem is \u00edrja nagy bet\u0171kkel, hogy elk\u00e9l r\u00e1, akkor nincs is sz\u00fcks\u00e9g r\u00e1 \u2013 kiv\u00e9ve esetleg akkor, ha tudod, hogy forr\u00f3 k\u00f6rnyezetben haszn\u00e1lod, p\u00e9ld\u00e1ul cs\u00facskateg\u00f3ri\u00e1s gamer PC-ben, a videok\u00e1rtya alatti alaplapi foglalatban. Ekkor nem \u00e1rt venned r\u00e1.<\/p>\n\n\n\n<p>Fontos, hogy a h\u0171t\u00e9s nem befoly\u00e1solja a sebess\u00e9get, a teljes\u00edtm\u00e9nyt, \u00e9s a meleged\u0151 SSD csak extr\u00e9m esetben v\u00e9t \u00edr\u00e1si, olvas\u00e1si hib\u00e1kat \u00e9s vesz\u00edt adatokat. A h\u0171t\u0151borda ink\u00e1bb a lemez \u00e9lettartam\u00e1r\u00f3l sz\u00f3l.<\/p>\n\n\n\n<h1 class=\"wp-block-heading\">Beszerel\u00e9s<\/h1>\n\n\n\n<p class=\"has-text-align-justify\">Ha megvan a kiszemelt meghajt\u00f3, k\u00f6vetkezhet az izgalmas r\u00e9sz: a beszerel\u00e9s \u00e9s \u00fczembe helyez\u00e9s. Ez nem olyan bonyolult, mint ahogy egy alaplapra r\u00e1n\u00e9zve laikus szemmel t\u0171nhet: hacsak nem er\u0151ltetj\u00fck, nem t\u00f6rj\u00fck bele a csatlakoz\u00f3t, elrontani nem tudjuk. SATA-csatlakoz\u00f3s SSD eset\u00e9ben az adat- \u00e9s a t\u00e1pk\u00e1belt is csak egyf\u00e9lek\u00e9ppen k\u00f6thetj\u00fck be, \u00e9s alaplapi modell eset\u00e9n sem cs\u00fasztathatjuk be ford\u00edtva. Ha azonban bizonytalan vagy, nyugodtan k\u00e9rd a MediaMarkt szak\u00e9rt\u0151inek seg\u00edts\u00e9g\u00e9t. K\u00fcl\u00f6n\u00f6sen, ha laptopr\u00f3l van sz\u00f3, azok eset\u00e9ben ugyanis m\u00e1r a sz\u00e9tszerel\u00e9shez is speci\u00e1lis eszk\u00f6z\u00f6k sz\u00fcks\u00e9gesek. Ez a vide\u00f3 mindenesetre megmutatja az alapokat.<\/p>\n\n\n\n<figure class=\"wp-block-embed is-type-video is-provider-youtube wp-block-embed-youtube wp-embed-aspect-16-9 wp-has-aspect-ratio\"><div class=\"wp-block-embed__wrapper\">\n<iframe loading=\"lazy\" title=\"How to Install An SSD in a PC\" width=\"900\" height=\"506\" src=\"https:\/\/www.youtube.com\/embed\/0eGOujvffcU?feature=oembed\" frameborder=\"0\" allow=\"accelerometer; autoplay; clipboard-write; encrypted-media; gyroscope; picture-in-picture; web-share\" referrerpolicy=\"strict-origin-when-cross-origin\" allowfullscreen><\/iframe>\n<\/div><\/figure>\n\n\n\n<p class=\"has-text-align-justify\">J\u00f3 h\u00edr, hogy a mai oper\u00e1ci\u00f3s rendszerek gond n\u00e9lk\u00fcl felismerik \u00e9s optim\u00e1lis form\u00e1tumban form\u00e1zz\u00e1k az \u00faj SSD-ket, azaz biztos nem lesz kihaszn\u00e1latlan part\u00edci\u00f3, ha k\u00f6veted az utas\u00edt\u00e1sokat. Egy j\u00f3l karbantartott Windows eset\u00e9ben pedig k\u00fcl\u00f6n driverekre \u00e9s szoftverekre sincs sz\u00fcks\u00e9ged, azaz a beszerel\u00e9s ut\u00e1n nem sokkal m\u00e1r \u00e9lvezheted is a hatalmas teljes\u00edtm\u00e9nyn\u00f6veked\u00e9st.<\/p>\n","protected":false},"excerpt":{"rendered":"Lass\u00fa a laptop, percekig malmozol, mire bet\u00f6lt a Windows, m\u00e1r a b\u00f6ng\u00e9sz\u00e9s is akadozik az asztali g\u00e9pen? Ideje, hogy be\u00faj\u00edts egy SSD-t.","protected":false},"author":22,"featured_media":16430,"comment_status":"open","ping_status":"open","sticky":false,"template":"","format":"standard","meta":{"wprm-recipe-roundup-name":"","wprm-recipe-roundup-description":"","footnotes":""},"categories":[5962,5969],"tags":[1470,5561,5562,1183,858],"yoast_head":"<!-- This site is optimized with the Yoast SEO plugin v22.9 - https:\/\/yoast.com\/wordpress\/plugins\/seo\/ -->\n<title>SSD-kisokos kezd\u0151knek - mekkor\u00e1t, milyet, mennyi\u00e9rt? - MediaMarkt Magazin<\/title>\n<meta name=\"description\" content=\"SSD kisokos: Lass\u00fa a laptop, percekig malmozol, mire bet\u00f6lt a Windows, m\u00e1r a b\u00f6ng\u00e9sz\u00e9s is akadozik az asztali g\u00e9pen? \u00daj\u00edts be egy SSD-re.\" \/>\n<meta name=\"robots\" content=\"index, follow, max-snippet:-1, max-image-preview:large, max-video-preview:-1\" \/>\n<link rel=\"canonical\" href=\"https:\/\/hir.mediamarkt.hu\/magazin\/mekkorat-milyet-mennyiert-ssd-kisokos-kezdoknek\/\" \/>\n<meta property=\"og:locale\" content=\"hu_HU\" \/>\n<meta property=\"og:type\" content=\"article\" \/>\n<meta property=\"og:title\" content=\"SSD-kisokos kezd\u0151knek - mekkor\u00e1t, milyet, mennyi\u00e9rt? - MediaMarkt Magazin\" \/>\n<meta property=\"og:description\" content=\"SSD kisokos: Lass\u00fa a laptop, percekig malmozol, mire bet\u00f6lt a Windows, m\u00e1r a b\u00f6ng\u00e9sz\u00e9s is akadozik az asztali g\u00e9pen? \u00daj\u00edts be egy SSD-re.\" \/>\n<meta property=\"og:url\" content=\"https:\/\/hir.mediamarkt.hu\/magazin\/mekkorat-milyet-mennyiert-ssd-kisokos-kezdoknek\/\" \/>\n<meta property=\"og:site_name\" content=\"MediaMarkt Magazin\" \/>\n<meta property=\"article:publisher\" content=\"https:\/\/www.facebook.com\/MediaMarktMagyarorszag\" \/>\n<meta property=\"article:published_time\" content=\"2023-04-18T14:09:42+00:00\" \/>\n<meta property=\"article:modified_time\" content=\"2023-04-28T06:05:03+00:00\" \/>\n<meta property=\"og:image\" content=\"https:\/\/hir.mediamarkt.hu\/magazin\/wp-content\/uploads\/2023\/04\/SSD-kisokos.jpg\" \/>\n\t<meta property=\"og:image:width\" content=\"1019\" \/>\n\t<meta property=\"og:image:height\" content=\"615\" \/>\n\t<meta property=\"og:image:type\" content=\"image\/jpeg\" \/>\n<meta name=\"author\" content=\"Nemenyi\" \/>\n<meta name=\"twitter:label1\" content=\"Szerz\u0151:\" \/>\n\t<meta name=\"twitter:data1\" content=\"Nemenyi\" \/>\n\t<meta name=\"twitter:label2\" content=\"Becs\u00fclt olvas\u00e1si id\u0151\" \/>\n\t<meta name=\"twitter:data2\" content=\"10 perc\" \/>\n<script type=\"application\/ld+json\" class=\"yoast-schema-graph\">{\"@context\":\"https:\/\/schema.org\",\"@graph\":[{\"@type\":\"WebPage\",\"@id\":\"https:\/\/hir.mediamarkt.hu\/magazin\/mekkorat-milyet-mennyiert-ssd-kisokos-kezdoknek\/\",\"url\":\"https:\/\/hir.mediamarkt.hu\/magazin\/mekkorat-milyet-mennyiert-ssd-kisokos-kezdoknek\/\",\"name\":\"SSD-kisokos kezd\u0151knek - mekkor\u00e1t, milyet, mennyi\u00e9rt? - MediaMarkt Magazin\",\"isPartOf\":{\"@id\":\"https:\/\/hir.mediamarkt.hu\/magazin\/#website\"},\"primaryImageOfPage\":{\"@id\":\"https:\/\/hir.mediamarkt.hu\/magazin\/mekkorat-milyet-mennyiert-ssd-kisokos-kezdoknek\/#primaryimage\"},\"image\":{\"@id\":\"https:\/\/hir.mediamarkt.hu\/magazin\/mekkorat-milyet-mennyiert-ssd-kisokos-kezdoknek\/#primaryimage\"},\"thumbnailUrl\":\"https:\/\/hir.mediamarkt.hu\/magazin\/wp-content\/uploads\/2023\/04\/SSD-kisokos.jpg\",\"datePublished\":\"2023-04-18T14:09:42+00:00\",\"dateModified\":\"2023-04-28T06:05:03+00:00\",\"author\":{\"@id\":\"https:\/\/hir.mediamarkt.hu\/magazin\/#\/schema\/person\/f4a17b2dc97f2e2bf1b88a89d4ef7d05\"},\"description\":\"SSD kisokos: Lass\u00fa a laptop, percekig malmozol, mire bet\u00f6lt a Windows, m\u00e1r a b\u00f6ng\u00e9sz\u00e9s is akadozik az asztali g\u00e9pen? \u00daj\u00edts be egy SSD-re.\",\"breadcrumb\":{\"@id\":\"https:\/\/hir.mediamarkt.hu\/magazin\/mekkorat-milyet-mennyiert-ssd-kisokos-kezdoknek\/#breadcrumb\"},\"inLanguage\":\"hu\",\"potentialAction\":[{\"@type\":\"ReadAction\",\"target\":[\"https:\/\/hir.mediamarkt.hu\/magazin\/mekkorat-milyet-mennyiert-ssd-kisokos-kezdoknek\/\"]}]},{\"@type\":\"ImageObject\",\"inLanguage\":\"hu\",\"@id\":\"https:\/\/hir.mediamarkt.hu\/magazin\/mekkorat-milyet-mennyiert-ssd-kisokos-kezdoknek\/#primaryimage\",\"url\":\"https:\/\/hir.mediamarkt.hu\/magazin\/wp-content\/uploads\/2023\/04\/SSD-kisokos.jpg\",\"contentUrl\":\"https:\/\/hir.mediamarkt.hu\/magazin\/wp-content\/uploads\/2023\/04\/SSD-kisokos.jpg\",\"width\":1019,\"height\":615},{\"@type\":\"BreadcrumbList\",\"@id\":\"https:\/\/hir.mediamarkt.hu\/magazin\/mekkorat-milyet-mennyiert-ssd-kisokos-kezdoknek\/#breadcrumb\",\"itemListElement\":[{\"@type\":\"ListItem\",\"position\":1,\"name\":\"Kezd\u0151lap\",\"item\":\"https:\/\/hir.mediamarkt.hu\/magazin\/\"},{\"@type\":\"ListItem\",\"position\":2,\"name\":\"Term\u00e9kv\u00e1s\u00e1rl\u00e1si tan\u00e1csad\u00f3\",\"item\":\"https:\/\/hir.mediamarkt.hu\/magazin\/termekvasarlasi-tanacsado\/\"},{\"@type\":\"ListItem\",\"position\":3,\"name\":\"SSD-kisokos kezd\u0151knek &#8211; mekkor\u00e1t, milyet, mennyi\u00e9rt?\"}]},{\"@type\":\"WebSite\",\"@id\":\"https:\/\/hir.mediamarkt.hu\/magazin\/#website\",\"url\":\"https:\/\/hir.mediamarkt.hu\/magazin\/\",\"name\":\"MediaMarkt Magazin\",\"description\":\"Olvass bele magazinunkba!\",\"potentialAction\":[{\"@type\":\"SearchAction\",\"target\":{\"@type\":\"EntryPoint\",\"urlTemplate\":\"https:\/\/hir.mediamarkt.hu\/magazin\/?s={search_term_string}\"},\"query-input\":\"required name=search_term_string\"}],\"inLanguage\":\"hu\"},{\"@type\":\"Person\",\"@id\":\"https:\/\/hir.mediamarkt.hu\/magazin\/#\/schema\/person\/f4a17b2dc97f2e2bf1b88a89d4ef7d05\",\"name\":\"Nemenyi\",\"image\":{\"@type\":\"ImageObject\",\"inLanguage\":\"hu\",\"@id\":\"https:\/\/hir.mediamarkt.hu\/magazin\/#\/schema\/person\/image\/\",\"url\":\"https:\/\/secure.gravatar.com\/avatar\/9470b3223c723142e66adcad803b24fe?s=96&d=mm&r=g\",\"contentUrl\":\"https:\/\/secure.gravatar.com\/avatar\/9470b3223c723142e66adcad803b24fe?s=96&d=mm&r=g\",\"caption\":\"Nemenyi\"}}]}<\/script>\n<!-- \/ Yoast SEO plugin. -->","yoast_head_json":{"title":"SSD-kisokos kezd\u0151knek - mekkor\u00e1t, milyet, mennyi\u00e9rt? - MediaMarkt Magazin","description":"SSD kisokos: Lass\u00fa a laptop, percekig malmozol, mire bet\u00f6lt a Windows, m\u00e1r a b\u00f6ng\u00e9sz\u00e9s is akadozik az asztali g\u00e9pen? \u00daj\u00edts be egy SSD-re.","robots":{"index":"index","follow":"follow","max-snippet":"max-snippet:-1","max-image-preview":"max-image-preview:large","max-video-preview":"max-video-preview:-1"},"canonical":"https:\/\/hir.mediamarkt.hu\/magazin\/mekkorat-milyet-mennyiert-ssd-kisokos-kezdoknek\/","og_locale":"hu_HU","og_type":"article","og_title":"SSD-kisokos kezd\u0151knek - mekkor\u00e1t, milyet, mennyi\u00e9rt? - MediaMarkt Magazin","og_description":"SSD kisokos: Lass\u00fa a laptop, percekig malmozol, mire bet\u00f6lt a Windows, m\u00e1r a b\u00f6ng\u00e9sz\u00e9s is akadozik az asztali g\u00e9pen? \u00daj\u00edts be egy SSD-re.","og_url":"https:\/\/hir.mediamarkt.hu\/magazin\/mekkorat-milyet-mennyiert-ssd-kisokos-kezdoknek\/","og_site_name":"MediaMarkt Magazin","article_publisher":"https:\/\/www.facebook.com\/MediaMarktMagyarorszag","article_published_time":"2023-04-18T14:09:42+00:00","article_modified_time":"2023-04-28T06:05:03+00:00","og_image":[{"width":1019,"height":615,"url":"https:\/\/hir.mediamarkt.hu\/magazin\/wp-content\/uploads\/2023\/04\/SSD-kisokos.jpg","type":"image\/jpeg"}],"author":"Nemenyi","twitter_misc":{"Szerz\u0151:":"Nemenyi","Becs\u00fclt olvas\u00e1si id\u0151":"10 perc"},"schema":{"@context":"https:\/\/schema.org","@graph":[{"@type":"WebPage","@id":"https:\/\/hir.mediamarkt.hu\/magazin\/mekkorat-milyet-mennyiert-ssd-kisokos-kezdoknek\/","url":"https:\/\/hir.mediamarkt.hu\/magazin\/mekkorat-milyet-mennyiert-ssd-kisokos-kezdoknek\/","name":"SSD-kisokos kezd\u0151knek - mekkor\u00e1t, milyet, mennyi\u00e9rt? - MediaMarkt Magazin","isPartOf":{"@id":"https:\/\/hir.mediamarkt.hu\/magazin\/#website"},"primaryImageOfPage":{"@id":"https:\/\/hir.mediamarkt.hu\/magazin\/mekkorat-milyet-mennyiert-ssd-kisokos-kezdoknek\/#primaryimage"},"image":{"@id":"https:\/\/hir.mediamarkt.hu\/magazin\/mekkorat-milyet-mennyiert-ssd-kisokos-kezdoknek\/#primaryimage"},"thumbnailUrl":"https:\/\/hir.mediamarkt.hu\/magazin\/wp-content\/uploads\/2023\/04\/SSD-kisokos.jpg","datePublished":"2023-04-18T14:09:42+00:00","dateModified":"2023-04-28T06:05:03+00:00","author":{"@id":"https:\/\/hir.mediamarkt.hu\/magazin\/#\/schema\/person\/f4a17b2dc97f2e2bf1b88a89d4ef7d05"},"description":"SSD kisokos: Lass\u00fa a laptop, percekig malmozol, mire bet\u00f6lt a Windows, m\u00e1r a b\u00f6ng\u00e9sz\u00e9s is akadozik az asztali g\u00e9pen? \u00daj\u00edts be egy SSD-re.","breadcrumb":{"@id":"https:\/\/hir.mediamarkt.hu\/magazin\/mekkorat-milyet-mennyiert-ssd-kisokos-kezdoknek\/#breadcrumb"},"inLanguage":"hu","potentialAction":[{"@type":"ReadAction","target":["https:\/\/hir.mediamarkt.hu\/magazin\/mekkorat-milyet-mennyiert-ssd-kisokos-kezdoknek\/"]}]},{"@type":"ImageObject","inLanguage":"hu","@id":"https:\/\/hir.mediamarkt.hu\/magazin\/mekkorat-milyet-mennyiert-ssd-kisokos-kezdoknek\/#primaryimage","url":"https:\/\/hir.mediamarkt.hu\/magazin\/wp-content\/uploads\/2023\/04\/SSD-kisokos.jpg","contentUrl":"https:\/\/hir.mediamarkt.hu\/magazin\/wp-content\/uploads\/2023\/04\/SSD-kisokos.jpg","width":1019,"height":615},{"@type":"BreadcrumbList","@id":"https:\/\/hir.mediamarkt.hu\/magazin\/mekkorat-milyet-mennyiert-ssd-kisokos-kezdoknek\/#breadcrumb","itemListElement":[{"@type":"ListItem","position":1,"name":"Kezd\u0151lap","item":"https:\/\/hir.mediamarkt.hu\/magazin\/"},{"@type":"ListItem","position":2,"name":"Term\u00e9kv\u00e1s\u00e1rl\u00e1si tan\u00e1csad\u00f3","item":"https:\/\/hir.mediamarkt.hu\/magazin\/termekvasarlasi-tanacsado\/"},{"@type":"ListItem","position":3,"name":"SSD-kisokos kezd\u0151knek &#8211; mekkor\u00e1t, milyet, mennyi\u00e9rt?"}]},{"@type":"WebSite","@id":"https:\/\/hir.mediamarkt.hu\/magazin\/#website","url":"https:\/\/hir.mediamarkt.hu\/magazin\/","name":"MediaMarkt Magazin","description":"Olvass bele magazinunkba!","potentialAction":[{"@type":"SearchAction","target":{"@type":"EntryPoint","urlTemplate":"https:\/\/hir.mediamarkt.hu\/magazin\/?s={search_term_string}"},"query-input":"required name=search_term_string"}],"inLanguage":"hu"},{"@type":"Person","@id":"https:\/\/hir.mediamarkt.hu\/magazin\/#\/schema\/person\/f4a17b2dc97f2e2bf1b88a89d4ef7d05","name":"Nemenyi","image":{"@type":"ImageObject","inLanguage":"hu","@id":"https:\/\/hir.mediamarkt.hu\/magazin\/#\/schema\/person\/image\/","url":"https:\/\/secure.gravatar.com\/avatar\/9470b3223c723142e66adcad803b24fe?s=96&d=mm&r=g","contentUrl":"https:\/\/secure.gravatar.com\/avatar\/9470b3223c723142e66adcad803b24fe?s=96&d=mm&r=g","caption":"Nemenyi"}}]}},"_links":{"self":[{"href":"https:\/\/hir.mediamarkt.hu\/magazin\/wp-json\/wp\/v2\/posts\/16340"}],"collection":[{"href":"https:\/\/hir.mediamarkt.hu\/magazin\/wp-json\/wp\/v2\/posts"}],"about":[{"href":"https:\/\/hir.mediamarkt.hu\/magazin\/wp-json\/wp\/v2\/types\/post"}],"author":[{"embeddable":true,"href":"https:\/\/hir.mediamarkt.hu\/magazin\/wp-json\/wp\/v2\/users\/22"}],"replies":[{"embeddable":true,"href":"https:\/\/hir.mediamarkt.hu\/magazin\/wp-json\/wp\/v2\/comments?post=16340"}],"version-history":[{"count":6,"href":"https:\/\/hir.mediamarkt.hu\/magazin\/wp-json\/wp\/v2\/posts\/16340\/revisions"}],"predecessor-version":[{"id":16432,"href":"https:\/\/hir.mediamarkt.hu\/magazin\/wp-json\/wp\/v2\/posts\/16340\/revisions\/16432"}],"wp:featuredmedia":[{"embeddable":true,"href":"https:\/\/hir.mediamarkt.hu\/magazin\/wp-json\/wp\/v2\/media\/16430"}],"wp:attachment":[{"href":"https:\/\/hir.mediamarkt.hu\/magazin\/wp-json\/wp\/v2\/media?parent=16340"}],"wp:term":[{"taxonomy":"category","embeddable":true,"href":"https:\/\/hir.mediamarkt.hu\/magazin\/wp-json\/wp\/v2\/categories?post=16340"},{"taxonomy":"post_tag","embeddable":true,"href":"https:\/\/hir.mediamarkt.hu\/magazin\/wp-json\/wp\/v2\/tags?post=16340"}],"curies":[{"name":"wp","href":"https:\/\/api.w.org\/{rel}","templated":true}]}}