{"id":16706,"date":"2023-07-24T17:46:00","date_gmt":"2023-07-24T16:46:00","guid":{"rendered":"https:\/\/hir.mediamarkt.hu\/magazin\/?p=16706"},"modified":"2023-08-14T08:43:22","modified_gmt":"2023-08-14T07:43:22","slug":"ecoflow-river-2-eromu","status":"publish","type":"post","link":"https:\/\/hir.mediamarkt.hu\/magazin\/ecoflow-river-2-eromu\/","title":{"rendered":"EcoFlow RIVER 2 &#8211; ha nem el\u00e9g a powerbank, napelemes er\u0151m\u0171vel is bek\u00f6lt\u00f6zhetsz az erd\u0151be"},"content":{"rendered":"\n<p><strong>Egy f\u00e9l h\u00e1ztart\u00e1st is m\u0171k\u00f6dtethetsz az EcoFlow RIVER 2 sz\u00e9ria tagjaival, r\u00e1ad\u00e1sul z\u00f6ld energi\u00e1val!<\/strong><\/p>\n\n\n\n<p class=\"has-text-align-justify\">Azt m\u00e1r tudjuk \u2013 besz\u00e9lt\u00fcnk, \u00edrtunk r\u00f3la eleget \u2013, hogy ha elfogy a szufla egy kir\u00e1ndul\u00e1son, nom\u00e1d nyaral\u00e1son, semmi baj: el\u00e9g, ha el\u0151vessz\u00fck h\u0171 t\u00e1rsunkat, a powerbankot, \u00e9s folytat\u00f3dhat a buli. Lemer\u00fclt mobil, tablet, hangsz\u00f3r\u00f3, biciklil\u00e1mpa: el\u00e9g, ha csatlakoztatjuk a j\u00f3 esetben legal\u00e1bb 10 ezer mAh kapacit\u00e1s\u00fa kis \u201ef\u00e9lt\u00e9gl\u00e1t\u201d \u00e9s m\u00e1r t\u00f6lti is, illetve \u00e9letben tartja eszk\u00f6zeinket.<\/p>\n\n\n\n<p class=\"has-text-align-justify\">Van azonban, amikor egy USB-csatlakoz\u00e1ssal ell\u00e1tott plusz akkumul\u00e1tor nem el\u00e9g. Ha h\u00e1ztart\u00e1si g\u00e9peket, t\u00e9v\u00e9t, laptopot, vagy b\u00e1rmely \u201ekonnektorig\u00e9nyes\u201d eszk\u00f6zt kell m\u0171k\u00f6dtetni, nincs mese:<\/p>\n\n\n\n<blockquote class=\"wp-block-quote\">\n<p>be kell szerezn\u00fcnk egy er\u0151m\u0171vet.<\/p>\n<\/blockquote>\n\n\n\n<p class=\"has-text-align-justify\">Term\u00e9szetesen nem hordozhat\u00f3 atomreaktorr\u00f3l besz\u00e9l\u00fcnk, hanem kompakt, bar\u00e1ts\u00e1gos, r\u00e1ad\u00e1sul meg\u00fajul\u00f3 energiaforr\u00e1st haszn\u00e1l\u00f3, teh\u00e1t z\u00f6ld \u00e1ramforr\u00e1sokr\u00f3l, amelyet b\u00e1rhova magaddal vihetsz \u00e9s \u2013 a v\u00e1lasztott modellt\u0151l f\u00fcgg\u0151en \u2013 b\u00e1rmely g\u00e9pet m\u0171k\u00f6d\u00e9sre b\u00edrhatsz. Ismerkedj meg teh\u00e1t az<strong> EcoFlow RIVER 2<\/strong> sorozattal!<\/p>\n\n\n\n<p class=\"has-text-align-justify\">Az EcoFlow ismer\u0151s lehet mindenkinek, aki m\u00e1r sz\u00e9tn\u00e9zett a hordozhat\u00f3 er\u0151m\u0171vek piac\u00e1n. Besz\u00e9l\u0151 a n\u00e9v: az eszk\u00f6z\u00f6k napelemeket haszn\u00e1lnak, azaz nincs sz\u00fcks\u00e9g otthoni t\u00f6lt\u00e9sre, miel\u0151tt \u00fatnak indulunk, \u00e9s minden ig\u00e9nyt kiel\u00e9g\u00edtenek. A sorozat a <strong>RIVER 2<\/strong>, a <strong>RIVER 2 Max<\/strong> \u00e9s a <strong>RIVER 2 Pro<\/strong> modelleket foglalja mag\u00e1ban. Mindh\u00e1rom modell kiv\u00e1l\u00f3 v\u00e1laszt\u00e1s kempingez\u00e9shez, h\u00e1tizs\u00e1kos utaz\u00e1shoz \u00e9s off-grid kalandokhoz, azaz nem kell k\u00f6vetned a bej\u00e1ratott \u00fatvonalakat \u00e9s ragaszkodni az infrastrukt\u00far\u00e1hoz. Kompaktak \u00e9s k\u00f6nny\u0171ek, az \u00e1ramig\u00e9ny, a m\u0171k\u00f6dtetni k\u00edv\u00e1nt k\u00e9sz\u00fcl\u00e9kek f\u00fcggv\u00e9ny\u00e9ben az er\u0151m\u0171 k\u00e9pes ell\u00e1tni a h\u00e1l\u00f3zaton k\u00edv\u00fcli \u00fczemhez sz\u00fcks\u00e9ges feladatokat.<\/p>\n\n\n\n<figure class=\"wp-block-image size-large\"><img loading=\"lazy\" decoding=\"async\" width=\"1024\" height=\"699\" src=\"https:\/\/hir.mediamarkt.hu\/magazin\/wp-content\/uploads\/2023\/08\/ecoflow-river-2-1024x699.png\" alt=\"\" class=\"wp-image-16818\" srcset=\"https:\/\/hir.mediamarkt.hu\/magazin\/wp-content\/uploads\/2023\/08\/ecoflow-river-2-1024x699.png 1024w, https:\/\/hir.mediamarkt.hu\/magazin\/wp-content\/uploads\/2023\/08\/ecoflow-river-2-300x205.png 300w, https:\/\/hir.mediamarkt.hu\/magazin\/wp-content\/uploads\/2023\/08\/ecoflow-river-2-275x188.png 275w, https:\/\/hir.mediamarkt.hu\/magazin\/wp-content\/uploads\/2023\/08\/ecoflow-river-2-768x524.png 768w, https:\/\/hir.mediamarkt.hu\/magazin\/wp-content\/uploads\/2023\/08\/ecoflow-river-2.png 1106w\" sizes=\"(max-width: 1024px) 100vw, 1024px\" \/><\/figure>\n\n\n\n<h2 class=\"wp-block-heading\">Mit tudnak?<\/h2>\n\n\n\n<p class=\"has-text-align-justify\">A kompakt er\u0151m\u0171veknek k\u00e9t fontos param\u00e9tere van: az elt\u00e1rolt \u00e1ram mennyis\u00e9ge, azaz az akkumul\u00e1tor kapacit\u00e1sa \u00e9s a kimeneti teljes\u00edtm\u00e9nye. Leegyszer\u0171s\u00edtve: az el\u0151bbi azt mutatja, meddig, az ut\u00f3bbi pedig, hogy milyen er\u0151vel haszn\u00e1lhatjuk. A kapacit\u00e1st watt- \u00e9s kilowatt\u00f3ra, azaz Wh \u00e9s kWh m\u00e9rt\u00e9kegys\u00e9gben m\u00e9rj\u00fck, az ut\u00f3bbit pedig Wattban. Term\u00e9szetesen figyelembe kell venni a v\u00e1laszt\u00e1sn\u00e1l a t\u00f6lt\u00e9si sebess\u00e9get, a m\u00e9retet, a s\u00falyt, azaz a hordozhat\u00f3s\u00e1got is.<\/p>\n\n\n\n<p class=\"has-text-align-justify\">A RIVER 2 \u00e9s RIVER 2 Max egy \u00f3ra alatt teljesen felt\u00f6lthet\u0151 v\u00e1lt\u00f3\u00e1ram seg\u00edts\u00e9g\u00e9vel. A Pro modellnek a nagyobb akkumul\u00e1torkapacit\u00e1s miatt ehhez valamivel t\u00f6bb id\u0151re, 70 percre van sz\u00fcks\u00e9ge. Ez a gy\u00e1rt\u00f3 szerint \u00f6tsz\u00f6r gyorsabb, mint a hasonl\u00f3 term\u00e9kek \u00e1tlaga, \u00e9s majdnem m\u00e1sf\u00e9lszer sebesebben t\u00f6lt, mint az el\u0151z\u0151 RIVER-gener\u00e1ci\u00f3. Mindh\u00e1rom gener\u00e1tor rendelkezik napelemes t\u00f6lt\u00e9si lehet\u0151s\u00e9ggel (a paneleket k\u00fcl\u00f6n kell megv\u00e1s\u00e1rolnod), \u00e1m m\u00edg a RIVER 2-t 160 Wattal tudjuk maxim\u00e1lisan t\u00f6lteni, addig a Maxot \u00e9s a Pr\u00f3t sokkal gyorsabban, 220 Wattos napelemteljes\u00edtm\u00e9nnyel lehet t\u00f6lteni. Ez a gyakorlatban azt jelenti, hogy ver\u0151f\u00e9nyes naps\u00fct\u00e9sben 4, felh\u0151s id\u0151ben pedig 9 \u00f3ra alatt felt\u00f6ltenek az er\u0151m\u0171vek.<\/p>\n\n\n\n<p class=\"has-text-align-justify\">Az akkumul\u00e1tor kapacit\u00e1sa, mint \u00edrtuk, azt mutatja meg, hogy egy hordozhat\u00f3 er\u0151m\u0171 mennyi ideig k\u00e9pes \u00fczemelni \u00fajrat\u00f6lt\u00e9s n\u00e9lk\u00fcl. A RIVER 2 256Wh-val, a RIVER 2 Max 512Wh kapacit\u00e1ssal rendelkezik, a RIVER 2 Pro 768Wh-val a legnagyobb energiat\u00e1rol\u00e1si teljes\u00edtm\u00e9nyt ny\u00fajtja. A specifik\u00e1ci\u00f3ban figyelmeztetnek, hogy a k\u00e9sz\u00fcl\u00e9kek v\u00e1lt\u00f3\u00e1ramot adnak; ha nem vagy k\u00e9pben az egyen\u00e1ram \u00e9s a v\u00e1ltakoz\u00f3 \u00e1ram t\u00e9mak\u00f6r\u00e9ben, semmi baj, ez csup\u00e1n egy dolgot jelent a gyakorlatban:<\/p>\n\n\n\n<ul>\n<li>v\u00e1lt\u00f3\u00e1ramot (AC) a Magyarorsz\u00e1gon is el\u00e9rhet\u0151 h\u00e1l\u00f3zat ad, azaz kiss\u00e9 pongyol\u00e1n fogalmazva: ez j\u00f6n a konnektorokb\u00f3l;<\/li>\n\n\n\n<li>egyen\u00e1ramot (DC) pedig az aut\u00f3k adaptere ad.<\/li>\n<\/ul>\n\n\n\n<p class=\"has-text-align-justify\">A j\u00f3 h\u00edr, hogy a RIVER 2 sorozat tagjait mindk\u00e9t m\u00f3dszerrel t\u00f6lthetj\u00fck, azaz aut\u00f3hoz csatlakoztatva \u00e9s konnektorba dugva is, de \u201ecsak\u201d AC-t szolg\u00e1ltat. M\u00e1sra aligha lesz sz\u00fcks\u00e9ged. Ezen k\u00edv\u00fcl term\u00e9szetesen t\u00f6lthetj\u00fck napelemr\u0151l is \u00e9s USB-C portra csatlakoztatva. Tipp\u00fcnk:<\/p>\n\n\n\n<blockquote class=\"wp-block-quote\">\n<p>indul\u00e1s el\u0151tt t\u00f6ltsd fel a h\u00e1ztart\u00e1sunk h\u00e1l\u00f3zat\u00e1r\u00f3l, a kiruccan\u00e1s k\u00f6zben pedig haszn\u00e1ld b\u00e1tran a napelemet!<\/p>\n<\/blockquote>\n\n\n\n<p class=\"has-text-align-justify\">Jogos a k\u00e9rd\u00e9s, hogy meddig b\u00edrj\u00e1k ezek az er\u0151m\u0171vek, elv\u00e9gre a mobiltelefonok eset\u00e9ben is l\u00e1tv\u00e1nyosan cs\u00f6kken a kapacit\u00e1s p\u00e1r \u00e9v ut\u00e1n. Ezzel kapcsolatban is j\u00f3 h\u00edr\u00fcnk van:<\/p>\n\n\n\n<p>A legmodernebb LiFePO4 (l\u00edtium vasfoszf\u00e1t) akkumul\u00e1torok haszn\u00e1lat\u00e1val a RIVER 2 sorozat leny\u0171g\u00f6z\u0151, 3000 ciklusos, 80%-ot meghalad\u00f3 kapacit\u00e1s\u00fa ciklus\u00e9lettartamot biztos\u00edt. A 3000 teljes ciklus ut\u00e1n az akkumul\u00e1tor garant\u00e1ltan m\u00e9g legal\u00e1bb 80%-os kapacit\u00e1ssal m\u0171k\u00f6dik tov\u00e1bb. <\/p>\n\n\n\n<p>A gyakorlatban ez k\u00f6r\u00fclbel\u00fcl t\u00edz \u00e9v napi haszn\u00e1latot jelent &#8211; hatszor hosszabb id\u0151t, mint a hordozhat\u00f3 er\u0151m\u0171vek ipar\u00e1gi \u00e1tlaga.<\/p>\n\n\n\n<h2 class=\"wp-block-heading\">Milyen eszk\u00f6z\u00f6ket m\u0171k\u00f6dtetnek?<\/h2>\n\n\n\n<p class=\"has-text-align-justify\">Sz\u00e9p \u00e9s j\u00f3 ez a r\u00e9szletes technikai specifik\u00e1ci\u00f3, de m\u00e9gis mit jelent ez a gyakorlatban? A k\u00e9rd\u00e9s jogos, a v\u00e1lasz azonban sajnos nem olyan egyszer\u0171. A v\u00e1lt\u00f3\u00e1ram\u00fa teljes\u00edtm\u00e9ny \u2013 a m\u00e1r eml\u00edtett kimeneti kapacit\u00e1s, azaz Watt \u2013 hat\u00e1rozza meg, hogy milyen k\u00e9sz\u00fcl\u00e9keket m\u0171k\u00f6dtethetsz \u00e9s h\u00e1nyat \u00fczemeltethetsz egyszerre. Ehhez pedig nincs mese, ismerned kell az eszk\u00f6zeid teljes\u00edtm\u00e9nyig\u00e9ny\u00e9t. Hogy m\u00e9g \u00f6sszetettebb legyen, t\u00f6bb h\u00e1ztart\u00e1si g\u00e9p eset\u00e9ben megk\u00fcl\u00f6nb\u00f6ztetj\u00fck a n\u00e9vleges, azaz m\u0171k\u00f6d\u00e9si \u00e9s az ind\u00edt\u00e1si teljes\u00edtm\u00e9nyt, hiszen amikor bekapcsoljuk \u0151ket, hirtelen nagyon sok (jellemz\u0151en dupla \u201eadag\u201d) \u00e1ramra van sz\u00fcks\u00e9g\u00fck, mint k\u00e9s\u0151bb. Ehhez a gy\u00e1rt\u00f3 mell\u00e9kelt egy hasznos t\u00e1bl\u00e1zatot. Vedd figyelembe, hogy ezek \u00e1tlagos teljes\u00edtm\u00e9nyek, a te eszk\u00f6zeid lehetnek enn\u00e9l j\u00f3val k\u00edm\u00e9letesebbek, vagy \u00e9ppen energiaig\u00e9nyesebbek \u2013 ezeket az adatokat a technikai specifik\u00e1ci\u00f3juk k\u00f6zt tal\u00e1lod. A t\u00e1bl\u00e1zatb\u00f3l kider\u00fcl az is, hogy bizony vannak eszk\u00f6z\u00f6k, amelyet az ilyen er\u0151m\u0171vek \u2013 b\u00e1rmekkora teljes\u00edtm\u00e9nnyel is b\u00edrnak \u2013 nem tudnak m\u0171k\u00f6dtetni. J\u00f3 h\u00edr, hogy az x-boost \u00fczemm\u00f3d bekapcsol\u00e1s\u00e1val a RIVER 2-modellek teljes\u00edtm\u00e9nye r\u00f6vid id\u0151re, teh\u00e1t a k\u00e9sz\u00fcl\u00e9kek bekapcsol\u00e1s\u00e1nak pillanat\u00e1ban megdupl\u00e1zhat\u00f3, \u00edgy biztosan el tudod ind\u00edtani \u0151ket.<\/p>\n\n\n\n<figure class=\"wp-block-image\"><img loading=\"lazy\" decoding=\"async\" width=\"936\" height=\"965\" src=\"https:\/\/hir.mediamarkt.hu\/magazin\/wp-content\/uploads\/2023\/07\/Kepernyokep-2023-07-24-184241.jpg\" alt=\"\" class=\"wp-image-16709\" srcset=\"https:\/\/hir.mediamarkt.hu\/magazin\/wp-content\/uploads\/2023\/07\/Kepernyokep-2023-07-24-184241.jpg 936w, https:\/\/hir.mediamarkt.hu\/magazin\/wp-content\/uploads\/2023\/07\/Kepernyokep-2023-07-24-184241-291x300.jpg 291w, https:\/\/hir.mediamarkt.hu\/magazin\/wp-content\/uploads\/2023\/07\/Kepernyokep-2023-07-24-184241-275x284.jpg 275w, https:\/\/hir.mediamarkt.hu\/magazin\/wp-content\/uploads\/2023\/07\/Kepernyokep-2023-07-24-184241-768x792.jpg 768w\" sizes=\"(max-width: 936px) 100vw, 936px\" \/><\/figure>\n\n\n\n<p class=\"has-text-align-justify\">Ezek ut\u00e1n m\u00e1ris \u00e9rtelmet nyernek a k\u00f6vetkez\u0151 adatok. A RIVER 2 v\u00e1lt\u00f3\u00e1ram\u00fa kimenete 300W (600W ind\u00edt\u00e1si teljes\u00edtm\u00e9ny x-boost-tal), m\u00edg a RIVER 2 Max AC kimenete 500W (1000W ind\u00edt\u00e1si teljes\u00edtm\u00e9ny x-boost-tal). Ez azt jelenti, hogy a legnagyobb teljes\u00edtm\u00e9ny\u0171 k\u00e9sz\u00fcl\u00e9k, amelyet m\u0171k\u00f6dtethet, 300W \u00e9s 500W, a maxim\u00e1lis ind\u00edt\u00e1si teljes\u00edtm\u00e9ny pedig 600W vagy 1000W. A RIVER 2 Max t\u00f6bb k\u00e9sz\u00fcl\u00e9ket is k\u00e9pes egyidej\u0171leg m\u0171k\u00f6dtetni, amennyiben azok \u00f6sszes\u00edtett teljes\u00edtm\u00e9nye nem haladja meg az 500 wattot. Ezzel szemben a RIVER 2 Pro l\u00e9nyegesen nagyobb teljes\u00edtm\u00e9nyt k\u00edn\u00e1l. 800W-os \u00fczemi, kimeneti teljes\u00edtm\u00e9ny\u00e9vel (1600 W ind\u00edt\u00e1si teljes\u00edtm\u00e9ny x-boost-tal) a nagy teljes\u00edtm\u00e9ny\u0171 h\u00e1ztart\u00e1si k\u00e9sz\u00fcl\u00e9kek ak\u00e1r 80%-\u00e1t is k\u00e9pes ell\u00e1tni.<\/p>\n\n\n\n<blockquote class=\"wp-block-quote\">\n<p>Nagyon fontos, hogy miel\u0151tt haszn\u00e1lni kezded az er\u0151m\u0171vet, \u00f6ssze kell adnod a k\u00e9sz\u00fcl\u00e9kek energiaig\u00e9ny\u00e9t, amelyeket egyidej\u0171leg m\u0171k\u00f6dtetni szeretn\u00e9l.<\/p>\n<\/blockquote>\n\n\n\n<h2 class=\"wp-block-heading\">Melyiket v\u00e1lasszam?<\/h2>\n\n\n\n<p class=\"has-text-align-justify\">A fentiek ismeret\u00e9ben b\u00e1tran eld\u00f6ntheted, melyik EcoFlow RIVER 2 modell \u00e1ll a legk\u00f6zelebb hozz\u00e1d, mi csak egyet tesz\u00fcnk hozz\u00e1: m\u00e9g ha \u00fagy is \u00e9rzed, hogy egy komplett h\u00e1ztart\u00e1st kell m\u0171k\u00f6dtetned k\u00fcls\u0151 \u00e1ramforr\u00e1s n\u00e9lk\u00fcl, akkor sem biztos, hogy a legnagyobb \u00e9s legdr\u00e1g\u00e1bb er\u0151m\u0171re lesz sz\u00fcks\u00e9ged. <strong>Mindig figyelembe kell venni, hogy mely eszk\u00f6z\u00f6ket mennyi ideig haszn\u00e1lod majd<\/strong>: ha 3-4 naponta egyszer ind\u00edtj\u00e1tok el a mos\u00f3g\u00e9pet, \u00e9s visszafogottan haszn\u00e1lj\u00e1tok a laptopot, k\u00e1v\u00e9f\u0151z\u0151t, illetve csak egy kisebb h\u0171t\u0151t k\u00f6tt\u00f6k r\u00e1 (lehet\u0151leg gazdas\u00e1gos \u00fczemm\u00f3dban), felesleges megvenned a Pro modellt, a Max vagy a \u201esima\u201d RIVER 2 b\u0151ven elegend\u0151 lehet.<\/p>\n\n\n\n<p class=\"has-text-align-justify\">A kimenetek t\u00edpusa \u00e9s sz\u00e1ma is fontos szempont. Minden RIVER 2 modellen tal\u00e1lsz hagyom\u00e1nyos konnektort \u00e9s USB-t\u00f6lt\u0151csatlakoz\u00f3t, hogy melyiken h\u00e1nyat, azt ez a t\u00e1bl\u00e1zat el\u00e1rulja:<\/p>\n\n\n\n<figure class=\"wp-block-image\"><img loading=\"lazy\" decoding=\"async\" width=\"1347\" height=\"467\" src=\"https:\/\/hir.mediamarkt.hu\/magazin\/wp-content\/uploads\/2023\/07\/Kepernyokep-2023-07-24-184251.jpg\" alt=\"\" class=\"wp-image-16710\" srcset=\"https:\/\/hir.mediamarkt.hu\/magazin\/wp-content\/uploads\/2023\/07\/Kepernyokep-2023-07-24-184251.jpg 1347w, https:\/\/hir.mediamarkt.hu\/magazin\/wp-content\/uploads\/2023\/07\/Kepernyokep-2023-07-24-184251-300x104.jpg 300w, https:\/\/hir.mediamarkt.hu\/magazin\/wp-content\/uploads\/2023\/07\/Kepernyokep-2023-07-24-184251-1024x355.jpg 1024w, https:\/\/hir.mediamarkt.hu\/magazin\/wp-content\/uploads\/2023\/07\/Kepernyokep-2023-07-24-184251-275x95.jpg 275w, https:\/\/hir.mediamarkt.hu\/magazin\/wp-content\/uploads\/2023\/07\/Kepernyokep-2023-07-24-184251-768x266.jpg 768w\" sizes=\"(max-width: 1347px) 100vw, 1347px\" \/><\/figure>\n\n\n\n<p>Biztosra pedig szok\u00e1s szerint \u00fagy mehetsz, hogy megk\u00e9rdezed szaktan\u00e1csad\u00f3inkat a MediaMarktban.<\/p>\n\n\n\n<p><em>Az EcoFlow napelemes er\u0151m\u0171veit itt tudod megv\u00e1s\u00e1rolni:<\/em><\/p>\n\n\n\n<ul>\n<li><em><a href=\"http:\/\/mediamarkt.hu\/catentry\/1412566\">RIVER 2<\/a>;<\/em><\/li>\n\n\n\n<li><em><a href=\"http:\/\/mediamarkt.hu\/catentry\/1412567\">RIVER 2 Max<\/a>;<\/em><\/li>\n\n\n\n<li><a href=\"http:\/\/mediamarkt.hu\/catentry\/1412568\"><em>RIVER 2 Pro<\/em><\/a><\/li>\n<\/ul>\n\n\n\n<p>Ismerd meg a fenntarthat\u00f3s\u00e1gr\u00f3l sz\u00f3l\u00f3 <a href=\"https:\/\/hir.mediamarkt.hu\/magazin\/category\/zold-jovo\/\" target=\"_blank\" rel=\"noopener\">cikkeinket<\/a>! Fedezz fel inspir\u00e1l\u00f3 megold\u00e1sokat \u00e9s l\u00e9gy r\u00e9szese a pozit\u00edv v\u00e1ltoz\u00e1snak az oldalunkon tal\u00e1lhat\u00f3 tartalmak seg\u00edts\u00e9g\u00e9vel.<\/p>\n","protected":false},"excerpt":{"rendered":"Egy f\u00e9l h\u00e1ztart\u00e1st is m\u0171k\u00f6dtethetsz az EcoFlow RIVER 2 sz\u00e9ria tagjaival, r\u00e1ad\u00e1sul z\u00f6ld energi\u00e1val!","protected":false},"author":22,"featured_media":16883,"comment_status":"open","ping_status":"open","sticky":false,"template":"","format":"standard","meta":{"wprm-recipe-roundup-name":"","wprm-recipe-roundup-description":"","footnotes":""},"categories":[5955,5967],"tags":[2468,5609,4011,5611,5643,359,830,5644,5614,5610,5613,5612],"yoast_head":"<!-- This site is optimized with the Yoast SEO plugin v22.9 - https:\/\/yoast.com\/wordpress\/plugins\/seo\/ -->\n<title>EcoFlow RIVER 2 - ha nem el\u00e9g a powerbank, napelemes er\u0151m\u0171vel is bek\u00f6lt\u00f6zhetsz az erd\u0151be - MediaMarkt Magazin<\/title>\n<meta name=\"description\" content=\"EcoFlow RIVER 2 - Egy f\u00e9l h\u00e1ztart\u00e1st is m\u0171k\u00f6dtethetsz a sz\u00e9ria tagjaival, r\u00e1ad\u00e1sul z\u00f6ld energi\u00e1val! Cikk\u00fcnkben mindent megtal\u00e1lsz.\" \/>\n<meta name=\"robots\" content=\"index, follow, max-snippet:-1, max-image-preview:large, max-video-preview:-1\" \/>\n<link rel=\"canonical\" href=\"https:\/\/hir.mediamarkt.hu\/magazin\/ecoflow-river-2-eromu\/\" \/>\n<meta property=\"og:locale\" content=\"hu_HU\" \/>\n<meta property=\"og:type\" content=\"article\" \/>\n<meta property=\"og:title\" content=\"EcoFlow RIVER 2 - ha nem el\u00e9g a powerbank, napelemes er\u0151m\u0171vel is bek\u00f6lt\u00f6zhetsz az erd\u0151be - MediaMarkt Magazin\" \/>\n<meta property=\"og:description\" content=\"EcoFlow RIVER 2 - Egy f\u00e9l h\u00e1ztart\u00e1st is m\u0171k\u00f6dtethetsz a sz\u00e9ria tagjaival, r\u00e1ad\u00e1sul z\u00f6ld energi\u00e1val! Cikk\u00fcnkben mindent megtal\u00e1lsz.\" \/>\n<meta property=\"og:url\" content=\"https:\/\/hir.mediamarkt.hu\/magazin\/ecoflow-river-2-eromu\/\" \/>\n<meta property=\"og:site_name\" content=\"MediaMarkt Magazin\" \/>\n<meta property=\"article:publisher\" content=\"https:\/\/www.facebook.com\/MediaMarktMagyarorszag\" \/>\n<meta property=\"article:published_time\" content=\"2023-07-24T16:46:00+00:00\" \/>\n<meta property=\"article:modified_time\" content=\"2023-08-14T07:43:22+00:00\" \/>\n<meta property=\"og:image\" content=\"https:\/\/hir.mediamarkt.hu\/magazin\/wp-content\/uploads\/2023\/07\/ECOFLOW_River_2_Cover_1024x619.png\" \/>\n\t<meta property=\"og:image:width\" content=\"1024\" \/>\n\t<meta property=\"og:image:height\" content=\"619\" \/>\n\t<meta property=\"og:image:type\" content=\"image\/png\" \/>\n<meta name=\"author\" content=\"Nemenyi\" \/>\n<meta name=\"twitter:label1\" content=\"Szerz\u0151:\" \/>\n\t<meta name=\"twitter:data1\" content=\"Nemenyi\" \/>\n\t<meta name=\"twitter:label2\" content=\"Becs\u00fclt olvas\u00e1si id\u0151\" \/>\n\t<meta name=\"twitter:data2\" content=\"7 perc\" \/>\n<script type=\"application\/ld+json\" class=\"yoast-schema-graph\">{\"@context\":\"https:\/\/schema.org\",\"@graph\":[{\"@type\":\"WebPage\",\"@id\":\"https:\/\/hir.mediamarkt.hu\/magazin\/ecoflow-river-2-eromu\/\",\"url\":\"https:\/\/hir.mediamarkt.hu\/magazin\/ecoflow-river-2-eromu\/\",\"name\":\"EcoFlow RIVER 2 - ha nem el\u00e9g a powerbank, napelemes er\u0151m\u0171vel is bek\u00f6lt\u00f6zhetsz az erd\u0151be - MediaMarkt Magazin\",\"isPartOf\":{\"@id\":\"https:\/\/hir.mediamarkt.hu\/magazin\/#website\"},\"primaryImageOfPage\":{\"@id\":\"https:\/\/hir.mediamarkt.hu\/magazin\/ecoflow-river-2-eromu\/#primaryimage\"},\"image\":{\"@id\":\"https:\/\/hir.mediamarkt.hu\/magazin\/ecoflow-river-2-eromu\/#primaryimage\"},\"thumbnailUrl\":\"https:\/\/hir.mediamarkt.hu\/magazin\/wp-content\/uploads\/2023\/07\/ECOFLOW_River_2_Cover_1024x619.png\",\"datePublished\":\"2023-07-24T16:46:00+00:00\",\"dateModified\":\"2023-08-14T07:43:22+00:00\",\"author\":{\"@id\":\"https:\/\/hir.mediamarkt.hu\/magazin\/#\/schema\/person\/f4a17b2dc97f2e2bf1b88a89d4ef7d05\"},\"description\":\"EcoFlow RIVER 2 - Egy f\u00e9l h\u00e1ztart\u00e1st is m\u0171k\u00f6dtethetsz a sz\u00e9ria tagjaival, r\u00e1ad\u00e1sul z\u00f6ld energi\u00e1val! Cikk\u00fcnkben mindent megtal\u00e1lsz.\",\"breadcrumb\":{\"@id\":\"https:\/\/hir.mediamarkt.hu\/magazin\/ecoflow-river-2-eromu\/#breadcrumb\"},\"inLanguage\":\"hu\",\"potentialAction\":[{\"@type\":\"ReadAction\",\"target\":[\"https:\/\/hir.mediamarkt.hu\/magazin\/ecoflow-river-2-eromu\/\"]}]},{\"@type\":\"ImageObject\",\"inLanguage\":\"hu\",\"@id\":\"https:\/\/hir.mediamarkt.hu\/magazin\/ecoflow-river-2-eromu\/#primaryimage\",\"url\":\"https:\/\/hir.mediamarkt.hu\/magazin\/wp-content\/uploads\/2023\/07\/ECOFLOW_River_2_Cover_1024x619.png\",\"contentUrl\":\"https:\/\/hir.mediamarkt.hu\/magazin\/wp-content\/uploads\/2023\/07\/ECOFLOW_River_2_Cover_1024x619.png\",\"width\":1024,\"height\":619},{\"@type\":\"BreadcrumbList\",\"@id\":\"https:\/\/hir.mediamarkt.hu\/magazin\/ecoflow-river-2-eromu\/#breadcrumb\",\"itemListElement\":[{\"@type\":\"ListItem\",\"position\":1,\"name\":\"Kezd\u0151lap\",\"item\":\"https:\/\/hir.mediamarkt.hu\/magazin\/\"},{\"@type\":\"ListItem\",\"position\":2,\"name\":\"EcoFlow RIVER 2 &#8211; ha nem el\u00e9g a powerbank, napelemes er\u0151m\u0171vel is bek\u00f6lt\u00f6zhetsz az erd\u0151be\"}]},{\"@type\":\"WebSite\",\"@id\":\"https:\/\/hir.mediamarkt.hu\/magazin\/#website\",\"url\":\"https:\/\/hir.mediamarkt.hu\/magazin\/\",\"name\":\"MediaMarkt Magazin\",\"description\":\"Olvass bele magazinunkba!\",\"potentialAction\":[{\"@type\":\"SearchAction\",\"target\":{\"@type\":\"EntryPoint\",\"urlTemplate\":\"https:\/\/hir.mediamarkt.hu\/magazin\/?s={search_term_string}\"},\"query-input\":\"required name=search_term_string\"}],\"inLanguage\":\"hu\"},{\"@type\":\"Person\",\"@id\":\"https:\/\/hir.mediamarkt.hu\/magazin\/#\/schema\/person\/f4a17b2dc97f2e2bf1b88a89d4ef7d05\",\"name\":\"Nemenyi\",\"image\":{\"@type\":\"ImageObject\",\"inLanguage\":\"hu\",\"@id\":\"https:\/\/hir.mediamarkt.hu\/magazin\/#\/schema\/person\/image\/\",\"url\":\"https:\/\/secure.gravatar.com\/avatar\/9470b3223c723142e66adcad803b24fe?s=96&d=mm&r=g\",\"contentUrl\":\"https:\/\/secure.gravatar.com\/avatar\/9470b3223c723142e66adcad803b24fe?s=96&d=mm&r=g\",\"caption\":\"Nemenyi\"}}]}<\/script>\n<!-- \/ Yoast SEO plugin. -->","yoast_head_json":{"title":"EcoFlow RIVER 2 - ha nem el\u00e9g a powerbank, napelemes er\u0151m\u0171vel is bek\u00f6lt\u00f6zhetsz az erd\u0151be - MediaMarkt Magazin","description":"EcoFlow RIVER 2 - Egy f\u00e9l h\u00e1ztart\u00e1st is m\u0171k\u00f6dtethetsz a sz\u00e9ria tagjaival, r\u00e1ad\u00e1sul z\u00f6ld energi\u00e1val! Cikk\u00fcnkben mindent megtal\u00e1lsz.","robots":{"index":"index","follow":"follow","max-snippet":"max-snippet:-1","max-image-preview":"max-image-preview:large","max-video-preview":"max-video-preview:-1"},"canonical":"https:\/\/hir.mediamarkt.hu\/magazin\/ecoflow-river-2-eromu\/","og_locale":"hu_HU","og_type":"article","og_title":"EcoFlow RIVER 2 - ha nem el\u00e9g a powerbank, napelemes er\u0151m\u0171vel is bek\u00f6lt\u00f6zhetsz az erd\u0151be - MediaMarkt Magazin","og_description":"EcoFlow RIVER 2 - Egy f\u00e9l h\u00e1ztart\u00e1st is m\u0171k\u00f6dtethetsz a sz\u00e9ria tagjaival, r\u00e1ad\u00e1sul z\u00f6ld energi\u00e1val! Cikk\u00fcnkben mindent megtal\u00e1lsz.","og_url":"https:\/\/hir.mediamarkt.hu\/magazin\/ecoflow-river-2-eromu\/","og_site_name":"MediaMarkt Magazin","article_publisher":"https:\/\/www.facebook.com\/MediaMarktMagyarorszag","article_published_time":"2023-07-24T16:46:00+00:00","article_modified_time":"2023-08-14T07:43:22+00:00","og_image":[{"width":1024,"height":619,"url":"https:\/\/hir.mediamarkt.hu\/magazin\/wp-content\/uploads\/2023\/07\/ECOFLOW_River_2_Cover_1024x619.png","type":"image\/png"}],"author":"Nemenyi","twitter_misc":{"Szerz\u0151:":"Nemenyi","Becs\u00fclt olvas\u00e1si id\u0151":"7 perc"},"schema":{"@context":"https:\/\/schema.org","@graph":[{"@type":"WebPage","@id":"https:\/\/hir.mediamarkt.hu\/magazin\/ecoflow-river-2-eromu\/","url":"https:\/\/hir.mediamarkt.hu\/magazin\/ecoflow-river-2-eromu\/","name":"EcoFlow RIVER 2 - ha nem el\u00e9g a powerbank, napelemes er\u0151m\u0171vel is bek\u00f6lt\u00f6zhetsz az erd\u0151be - MediaMarkt Magazin","isPartOf":{"@id":"https:\/\/hir.mediamarkt.hu\/magazin\/#website"},"primaryImageOfPage":{"@id":"https:\/\/hir.mediamarkt.hu\/magazin\/ecoflow-river-2-eromu\/#primaryimage"},"image":{"@id":"https:\/\/hir.mediamarkt.hu\/magazin\/ecoflow-river-2-eromu\/#primaryimage"},"thumbnailUrl":"https:\/\/hir.mediamarkt.hu\/magazin\/wp-content\/uploads\/2023\/07\/ECOFLOW_River_2_Cover_1024x619.png","datePublished":"2023-07-24T16:46:00+00:00","dateModified":"2023-08-14T07:43:22+00:00","author":{"@id":"https:\/\/hir.mediamarkt.hu\/magazin\/#\/schema\/person\/f4a17b2dc97f2e2bf1b88a89d4ef7d05"},"description":"EcoFlow RIVER 2 - Egy f\u00e9l h\u00e1ztart\u00e1st is m\u0171k\u00f6dtethetsz a sz\u00e9ria tagjaival, r\u00e1ad\u00e1sul z\u00f6ld energi\u00e1val! Cikk\u00fcnkben mindent megtal\u00e1lsz.","breadcrumb":{"@id":"https:\/\/hir.mediamarkt.hu\/magazin\/ecoflow-river-2-eromu\/#breadcrumb"},"inLanguage":"hu","potentialAction":[{"@type":"ReadAction","target":["https:\/\/hir.mediamarkt.hu\/magazin\/ecoflow-river-2-eromu\/"]}]},{"@type":"ImageObject","inLanguage":"hu","@id":"https:\/\/hir.mediamarkt.hu\/magazin\/ecoflow-river-2-eromu\/#primaryimage","url":"https:\/\/hir.mediamarkt.hu\/magazin\/wp-content\/uploads\/2023\/07\/ECOFLOW_River_2_Cover_1024x619.png","contentUrl":"https:\/\/hir.mediamarkt.hu\/magazin\/wp-content\/uploads\/2023\/07\/ECOFLOW_River_2_Cover_1024x619.png","width":1024,"height":619},{"@type":"BreadcrumbList","@id":"https:\/\/hir.mediamarkt.hu\/magazin\/ecoflow-river-2-eromu\/#breadcrumb","itemListElement":[{"@type":"ListItem","position":1,"name":"Kezd\u0151lap","item":"https:\/\/hir.mediamarkt.hu\/magazin\/"},{"@type":"ListItem","position":2,"name":"EcoFlow RIVER 2 &#8211; ha nem el\u00e9g a powerbank, napelemes er\u0151m\u0171vel is bek\u00f6lt\u00f6zhetsz az erd\u0151be"}]},{"@type":"WebSite","@id":"https:\/\/hir.mediamarkt.hu\/magazin\/#website","url":"https:\/\/hir.mediamarkt.hu\/magazin\/","name":"MediaMarkt Magazin","description":"Olvass bele magazinunkba!","potentialAction":[{"@type":"SearchAction","target":{"@type":"EntryPoint","urlTemplate":"https:\/\/hir.mediamarkt.hu\/magazin\/?s={search_term_string}"},"query-input":"required name=search_term_string"}],"inLanguage":"hu"},{"@type":"Person","@id":"https:\/\/hir.mediamarkt.hu\/magazin\/#\/schema\/person\/f4a17b2dc97f2e2bf1b88a89d4ef7d05","name":"Nemenyi","image":{"@type":"ImageObject","inLanguage":"hu","@id":"https:\/\/hir.mediamarkt.hu\/magazin\/#\/schema\/person\/image\/","url":"https:\/\/secure.gravatar.com\/avatar\/9470b3223c723142e66adcad803b24fe?s=96&d=mm&r=g","contentUrl":"https:\/\/secure.gravatar.com\/avatar\/9470b3223c723142e66adcad803b24fe?s=96&d=mm&r=g","caption":"Nemenyi"}}]}},"_links":{"self":[{"href":"https:\/\/hir.mediamarkt.hu\/magazin\/wp-json\/wp\/v2\/posts\/16706"}],"collection":[{"href":"https:\/\/hir.mediamarkt.hu\/magazin\/wp-json\/wp\/v2\/posts"}],"about":[{"href":"https:\/\/hir.mediamarkt.hu\/magazin\/wp-json\/wp\/v2\/types\/post"}],"author":[{"embeddable":true,"href":"https:\/\/hir.mediamarkt.hu\/magazin\/wp-json\/wp\/v2\/users\/22"}],"replies":[{"embeddable":true,"href":"https:\/\/hir.mediamarkt.hu\/magazin\/wp-json\/wp\/v2\/comments?post=16706"}],"version-history":[{"count":9,"href":"https:\/\/hir.mediamarkt.hu\/magazin\/wp-json\/wp\/v2\/posts\/16706\/revisions"}],"predecessor-version":[{"id":16884,"href":"https:\/\/hir.mediamarkt.hu\/magazin\/wp-json\/wp\/v2\/posts\/16706\/revisions\/16884"}],"wp:featuredmedia":[{"embeddable":true,"href":"https:\/\/hir.mediamarkt.hu\/magazin\/wp-json\/wp\/v2\/media\/16883"}],"wp:attachment":[{"href":"https:\/\/hir.mediamarkt.hu\/magazin\/wp-json\/wp\/v2\/media?parent=16706"}],"wp:term":[{"taxonomy":"category","embeddable":true,"href":"https:\/\/hir.mediamarkt.hu\/magazin\/wp-json\/wp\/v2\/categories?post=16706"},{"taxonomy":"post_tag","embeddable":true,"href":"https:\/\/hir.mediamarkt.hu\/magazin\/wp-json\/wp\/v2\/tags?post=16706"}],"curies":[{"name":"wp","href":"https:\/\/api.w.org\/{rel}","templated":true}]}}