{"id":16877,"date":"2023-08-10T15:51:05","date_gmt":"2023-08-10T14:51:05","guid":{"rendered":"https:\/\/hir.mediamarkt.hu\/magazin\/?p=16877"},"modified":"2023-08-23T13:18:34","modified_gmt":"2023-08-23T12:18:34","slug":"laptop-valasztas","status":"publish","type":"post","link":"https:\/\/hir.mediamarkt.hu\/magazin\/laptop-valasztas\/","title":{"rendered":"Laptop v\u00e1laszt\u00e1s  &#8211; hogyan v\u00e1lasszunk laptopot 2023-ban?"},"content":{"rendered":"\n<p class=\"has-text-align-justify\">\u00c9vr\u0151l-\u00e9vre egyre nehezebb a laptop v\u00e1laszt\u00e1s, hisz egyre t\u00f6bb \u00e9s sz\u00ednesebb t\u00edpus jelenik meg a hordozhat\u00f3 sz\u00e1m\u00edt\u00f3g\u00e9pek palett\u00e1j\u00e1n, nem csak vil\u00e1gszinten, de m\u00e1r Magyarorsz\u00e1gon is. Ahogy a teljes\u00edtm\u00e9ny, \u00fagy az \u00e1r is rendk\u00edv\u00fcl sz\u00e9les sk\u00e1l\u00e1n mozog. Vannak kev\u00e9sb\u00e9 feladat specifikus, \u00e1ltal\u00e1nosabb felhaszn\u00e1l\u00e1si k\u00f6r\u00f6kre ide\u00e1lis eszk\u00f6z\u00f6k, \u00e9s vannak kifejezetten c\u00e9lhardverek. <\/p>\n\n\n\n<p class=\"has-text-align-justify\">Ahhoz, hogy megtal\u00e1ljuk sz\u00e1munkra a legmegfelel\u0151bb \u00e1ru \u00e9s teljes\u00edtm\u00e9ny\u0171 k\u00e9sz\u00fcl\u00e9ket, az egyik legfontosabb dolog, amit c\u00e9lszer\u0171 v\u00e1s\u00e1rl\u00e1s el\u0151tt \u00e1tgondolni:  <\/p>\n\n\n\n<ul>\n<li><strong>Milyen c\u00e9lokra haszn\u00e1ln\u00e1d a laptopot?<\/strong> Munk\u00e1hoz, <a href=\"https:\/\/hir.mediamarkt.hu\/magazin\/hogyan-valasszunk-gamer-laptopot\/\" target=\"_blank\" rel=\"noreferrer noopener\">j\u00e1t\u00e9kra,<\/a> kreat\u00edv, grafikai munk\u00e1ra vagy csak b\u00f6ng\u00e9sz\u00e9sre \u00e9s m\u00e9dialej\u00e1tsz\u00e1sra fogod haszn\u00e1lni? Ugyanis a c\u00e9lt\u00f3l f\u00fcgg\u0151en a sz\u00fcks\u00e9ges teljes\u00edtm\u00e9ny \u00e9s specifik\u00e1ci\u00f3k v\u00e1ltozhatnak \u00e9s \u00edgy persze az \u00e1ruk is.<\/li>\n\n\n\n<li><strong>Processzor teljes\u00edtm\u00e9ny:<\/strong> a processzor az egyik kulcsfontoss\u00e1g\u00fa t\u00e9nyez\u0151 a laptop teljes\u00edtm\u00e9ny\u00e9ben. Els\u0151sorban a processzor sebess\u00e9g\u00e9t \u00e9s magok sz\u00e1m\u00e1t \u00e9rdemes figyelembe venni, logikus, hogy pl. grafikai munk\u00e1ra \u00e9s j\u00e1t\u00e9kra er\u0151sebb processzorokra lehet sz\u00fcks\u00e9ged.<\/li>\n\n\n\n<li><strong>Mem\u00f3ria (RAM) mennyis\u00e9ge:<\/strong> Min\u00e9l t\u00f6bb a RAM, ann\u00e1l jobban tud kezelni t\u00f6bb programot \u00e9s alkalmaz\u00e1st egyszerre.<\/li>\n\n\n\n<li><strong>T\u00e1rhely:<\/strong> mert az adatt\u00e1rol\u00e1s m\u00f3dja is fontos. A <a href=\"https:\/\/hir.mediamarkt.hu\/magazin\/mekkorat-milyet-mennyiert-ssd-kisokos-kezdoknek\/\" target=\"_blank\" rel=\"noreferrer noopener\">SSD (Solid State Drive) kiv\u00e1laszt\u00e1sa egy k\u00fcl\u00f6n t\u00f6rt\u00e9ne<\/a>t, a l\u00e9nyeg, nem mindegy milyen a t\u00e1rol\u00f3, ha nem akakrod, hogy percekig malmozz, mire bet\u00f6lt a Windows.<\/li>\n\n\n\n<li><strong>Grafikus teljes\u00edtm\u00e9ny:<\/strong> ha <a href=\"https:\/\/hir.mediamarkt.hu\/magazin\/hogyan-valasszunk-gamer-laptopot\/\" target=\"_blank\" rel=\"noreferrer noopener\">j\u00e1t\u00e9kra vagy grafikai munk\u00e1ra haszn\u00e1lod a laptopot<\/a>, elengedhetetlen a dedik\u00e1lt grafikus k\u00e1rtya jelenl\u00e9te a jobb teljes\u00edtm\u00e9ny \u00e9s vizu\u00e1lis \u00e9lm\u00e9ny \u00e9rdek\u00e9ben.<\/li>\n\n\n\n<li><strong>Kijelz\u0151 m\u00e9rete felbont\u00e1sa:<\/strong> a kijelz\u0151 m\u00e9rete \u00e9s felbont\u00e1sa befoly\u00e1solja a munkater\u00fclet m\u00e9ret\u00e9t \u00e9s a m\u00e9dialej\u00e1tsz\u00e1s min\u0151s\u00e9g\u00e9t. <\/li>\n\n\n\n<li><strong>Akkumul\u00e1tor \u00e9lettartama:<\/strong> aki sokat utazik, vagy hossz\u00fa meetingeken, el\u0151ad\u00e1sokon vesz r\u00e9szt, fontos, hogy a g\u00e9p hosszabb ideig b\u00edrja akkumul\u00e1torral.<\/li>\n\n\n\n<li><strong>Portabilit\u00e1s:<\/strong> s\u00faly \u00e9s m\u00e9ret &#8211; ez megint akkor fontos, ha gyakran utazol vele vagy viszed magaddal.<\/li>\n\n\n\n<li><strong>Csatlakoz\u00f3k \u00e9s kieg\u00e9sz\u00edt\u0151k:<\/strong> sokan nem is gondolnak r\u00e1, de bizony okozhat meglepet\u00e9st. Gondold \u00e1t, milyen eszk\u00f6z\u00f6ket kell csatlakoztatnod a g\u00e9pre \u00e9s rendelkezik-e a kiv\u00e1lasztott laptop elegend\u0151 USB porttal, HDMI csatlakoz\u00f3val, \u00e9s m\u00e1s sz\u00fcks\u00e9ges portokkal.<\/li>\n\n\n\n<li><strong>\u00c1r \u00e9s megfizethet\u0151s\u00e9g:<\/strong> ha minden szempontot figyelembe vett\u00e9l, \u00e1ll\u00edts fel egy k\u00f6lts\u00e9gkeretet \u00e9s olyan laptopot v\u00e1lassz, ami megfelel ennek a keretnek, mik\u00f6zben a sz\u00e1modra fontos funkci\u00f3kat \u00e9s teljes\u00edtm\u00e9nyt k\u00edn\u00e1lja.<\/li>\n<\/ul>\n\n\n\n<p>Ezeket a szempontokat figyelembe v\u00e9ve seg\u00edt\u00fcnk eligazodni, hogy milyen laptopt v\u00e1lassz 2023-ban. <\/p>\n\n\n\n<h2 class=\"wp-block-heading\">Laptop v\u00e1laszt\u00e1s otthoni haszn\u00e1latra &#8211; val\u00f3ban kezd\u0151k a kezd\u0151k?<\/h2>\n\n\n\n<p class=\"has-text-align-justify\">Aki most ismerkedik az informatika vil\u00e1g\u00e1val, eg\u00e9szen m\u00e1s k\u00e9pet l\u00e1t, mint az, aki 10-15 \u00e9vvel ezel\u0151tt k\u00f3stolt bele a digit\u00e1lis univerzumba. \u00cdgy m\u00e1r a kezd\u0151 felhaszn\u00e1l\u00f3k sz\u00e1m\u00e1ra is egy sokkal k\u00f6nnyebben em\u00e9szthet\u0151 \u00e9lm\u00e9nyt ny\u00fajt egy \u00faj laptop. Nem kell bajl\u00f3dni a parancssorral, a bonyolult program telep\u00edt\u00e9sekkel, a k\u00e9sz\u00fcl\u00e9kben tal\u00e1lhat\u00f3 alkatr\u00e9szekhez tartoz\u00f3 illeszt\u0151programok beszerz\u00e9s\u00e9vel, install\u00e1l\u00e1s\u00e1val, hogy egy\u00e1ltal\u00e1n m\u0171k\u00f6d\u00e9sre b\u00edrjuk a masin\u00e1t. Ezen feladatok nagyr\u00e9sz\u00e9t m\u00e1r maga az oper\u00e1ci\u00f3s rendszer v\u00e9gzi el, viszonylag kev\u00e9s felhaszn\u00e1l\u00f3i beavatkoz\u00e1st ig\u00e9nyelve. <em>Tov\u00e1bb cs\u00f6kkenthet\u0151 a telep\u00edt\u00e9sekre ford\u00edtott id\u0151, ha ig\u00e9nybe veszi a v\u00e1s\u00e1rl\u00f3 az okospult szolg\u00e1ltat\u00e1sunkat, ahol a koll\u00e9g\u00e1k kulcsrak\u00e9sz \u00e1llapotra hozz\u00e1k az \u00faj g\u00e9pet<\/em>. &nbsp;Emiatt fontos, hogy aki m\u00e9g nem tal\u00e1lkozott laptoppal, vagy kev\u00e9sb\u00e9 mozog otthonosan ebben a vil\u00e1gban, mindenk\u00e9ppen olyan k\u00e9sz\u00fcl\u00e9ket v\u00e1lasszon, amin van el\u0151re telep\u00edtett oper\u00e1ci\u00f3s rendszer. A legink\u00e1bb felhaszn\u00e1l\u00f3bar\u00e1t v\u00e1laszt\u00e1s a Windows 10 vagy Windows 11 rendszerrel szerelt k\u00e9sz\u00fcl\u00e9k.<\/p>\n\n\n\n<p class=\"has-text-align-justify\">A m\u00e1sik nagyon sarkallatos pont az els\u0151 g\u00e9p kiv\u00e1laszt\u00e1s\u00e1n\u00e1l a t\u00e9vesen meghat\u00e1rozott teljes\u00edtm\u00e9ny. \u201eKezd\u0151 vagyok, nem kell hiperszuper k\u00e9sz\u00fcl\u00e9k\u201d \u2013 hangzik el sz\u00e1mtalanszor az elad\u00f3t\u00e9rben, pedig \u00e9rdemes m\u00e1r a kezdeti id\u0151kre is olyan g\u00e9pet v\u00e1lasztani, ami \u00e1tlagos, vagy \u00e1tlag feletti teljes\u00edtm\u00e9nnyel rendelkezik, mert fontos, hogy milyenek az els\u0151 benyom\u00e1sok. Persze a legolcs\u00f3bb lalptopok is alkalmasak az alapszint\u0171 felhaszn\u00e1l\u00e1sra, ismerked\u00e9sre az informatika vil\u00e1g\u00e1val t\u00f6k\u00e9letesen alkalmas legyen. Legfeljebb egy kicsit lassabban.<\/p>\n\n\n\n<h2 class=\"wp-block-heading\">Bel\u00e9p\u0151 szint<\/h2>\n\n\n\n<p class=\"has-text-align-justify\">Az \u00e1r tov\u00e1bbra is rendk\u00edv\u00fcl fontos szempont laptop v\u00e1s\u00e1rl\u00e1s eset\u00e9n, \u00edgy nem mehet\u00fcnk el az \u00e1r \u00e9s tud\u00e1s alapj\u00e1n bel\u00e9p\u0151szintnek nevezett kateg\u00f3ria mellett. Mit kaphatunk ebben a szegmensben?<\/p>\n\n\n\n<figure class=\"wp-block-embed is-type-video is-provider-youtube wp-block-embed-youtube wp-embed-aspect-16-9 wp-has-aspect-ratio\"><div class=\"wp-block-embed__wrapper\">\n<iframe loading=\"lazy\" title=\"Bemutatjuk a PEAQ C150 notebookot! Csapj le r\u00e1, csak a MediaMarktban!\" width=\"900\" height=\"506\" src=\"https:\/\/www.youtube.com\/embed\/5khWmQwxn0k?feature=oembed\" frameborder=\"0\" allow=\"accelerometer; autoplay; clipboard-write; encrypted-media; gyroscope; picture-in-picture; web-share\" referrerpolicy=\"strict-origin-when-cross-origin\" allowfullscreen><\/iframe>\n<\/div><\/figure>\n\n\n\n<h3 class=\"wp-block-heading\">Mi van bel\u00fcl?<\/h3>\n\n\n\n<p class=\"has-text-align-justify\">A kezdeti neh\u00e9zs\u00e9geken \u00e1tlend\u00fclve egy h\u00e9tk\u00f6znapi, otthoni felhaszn\u00e1l\u00e1sra alkalmas laptopot v\u00e1s\u00e1rolhatunk. Nem szabad t\u00fal nagy elv\u00e1s\u00e1rokat t\u00e1masztanunk a k\u00e9sz\u00fcl\u00e9kkel szemben. Jellemz\u0151en Intel Celeron, vagy Pentium processzor ker\u00fcl a g\u00e9pbe, ritk\u00e1bb esetben az konkurens chipgy\u00e1rt\u00f3, az AMD bel\u00e9p\u0151 processzor\u00e1t tal\u00e1ljuk benne, ami az Athlon n\u00e9vre hallgat. Teljes\u00edtm\u00e9nyben k\u00f6zel azonos a k\u00e9t gy\u00e1rt\u00f3 CPU-ja.<\/p>\n\n\n\n<p class=\"has-text-align-justify\">Mem\u00f3ri\u00e1t tekintve \u00e1ltal\u00e1ban 4 GB, alaplapra integr\u00e1lt mem\u00f3ria van a g\u00e9pben, de tal\u00e1lhatunk m\u00e1r 8 GB-al szerelt verzi\u00f3t is, ilyenkor mindenk\u00e9pp \u00e9rdemes a nagyobb RAM-mal ell\u00e1tott g\u00e9pet v\u00e1lasztani, mert ezek a k\u00e9sz\u00fcl\u00e9kek jellemz\u0151en k\u00e9s\u0151bb nem b\u0151v\u00edthet\u0151ek \u00e9s minden alkatr\u00e9sz az alaplapra van integr\u00e1lva.<\/p>\n\n\n\n<p class=\"has-text-align-justify\">A h\u00e1tt\u00e9rt\u00e1rat illet\u0151en a bel\u00e9p\u0151 t\u00e1rhelymennyis\u00e9g \u00e1ltal\u00e1ban 128 GB, amin alapvet\u0151en az oper\u00e1ci\u00f3s rendszer elfoglal 15-20 GB-ot, \u00edgy mindenk\u00e9ppen sz\u00e1molnunk kell vele. Id\u0151nk\u00e9nt itt is tal\u00e1lhatunk 256 GB-os SSD-vel szerelt verzi\u00f3t, ami otthoni haszn\u00e1latra is k\u00e9nyelmesebb v\u00e1laszt\u00e1s lehet, ha esetleg f\u00e9nyk\u00e9peket \u00e9s dokumentumokat is szeretn\u00e9nk t\u00e1rolni a k\u00e9sz\u00fcl\u00e9ken. A 128 GB-os verzi\u00f3hoz mindenk\u00e9ppen \u00e9rdemes m\u00e1r a v\u00e1s\u00e1rl\u00e1skor k\u00fcls\u0151 t\u00e1rhelyet is v\u00e1lasztani, amit jellemz\u0151en USB porton kereszt\u00fcl tudunk a laptophoz kapcsolni. Ezen m\u00e1r biztons\u00e1gosan tudunk t\u00e1rolni rengeteg adatot.<\/p>\n\n\n\n<p class=\"has-text-align-justify\">A bel\u00e9p\u0151 kateg\u00f3ri\u00e1ban m\u00e9g nem tal\u00e1lkozhatunk dedik\u00e1lt videok\u00e1rty\u00e1val, \u00edgy csak a processzorba \u00e9p\u00edtett, \u00fagynevezett integr\u00e1lt grafikus chip felel a megjelen\u00edt\u00e9s\u00e9rt. Ez j\u00e1t\u00e9kra alkalmatlan, illetve 4k vide\u00f3t sem k\u00e9pes lej\u00e1tszani akad\u00e1s n\u00e9lk\u00fcl.<\/p>\n\n\n\n<p class=\"has-text-align-justify\">Akkumul\u00e1tort tekintve az energiahat\u00e9kony processzorhoz igazodva, nem kapunk t\u00fal nagy kapacit\u00e1s\u00fa telepet. Norm\u00e1l felhaszn\u00e1l\u00e1s mellett 2-3 \u00f3ra \u00fczemid\u0151re sz\u00e1m\u00edthatunk, amin n\u00f6velhet\u00fcnk, ha a g\u00e9pet optim\u00e1lisan \u00e1ll\u00edtjuk be, p\u00e9ld\u00e1ul visszavessz\u00fck a kijelz\u0151 f\u00e9nyerej\u00e9t, \u00e9s nem haszn\u00e1lunk nagy sz\u00e1m\u00edt\u00e1si ig\u00e9ny\u0171 programokat.<\/p>\n\n\n\n<figure class=\"wp-block-image size-full is-resized\"><img loading=\"lazy\" decoding=\"async\" src=\"https:\/\/hir.mediamarkt.hu\/magazin\/wp-content\/uploads\/2023\/08\/hogyan-valasszunk-laptopot_kezdo-peaq.png\" alt=\"\" class=\"wp-image-17092\" width=\"839\" height=\"557\" srcset=\"https:\/\/hir.mediamarkt.hu\/magazin\/wp-content\/uploads\/2023\/08\/hogyan-valasszunk-laptopot_kezdo-peaq.png 500w, https:\/\/hir.mediamarkt.hu\/magazin\/wp-content\/uploads\/2023\/08\/hogyan-valasszunk-laptopot_kezdo-peaq-300x199.png 300w, https:\/\/hir.mediamarkt.hu\/magazin\/wp-content\/uploads\/2023\/08\/hogyan-valasszunk-laptopot_kezdo-peaq-275x183.png 275w\" sizes=\"(max-width: 839px) 100vw, 839px\" \/><\/figure>\n\n\n\n<h3 class=\"wp-block-heading\">Mi van k\u00edv\u00fcl?<\/h3>\n\n\n\n<p class=\"has-text-align-justify\">A kijelz\u0151 jellemz\u0151en FullHD (1920&#215;1080) vagy HD (1366&#215;768) felbont\u00e1s\u00fa, LED h\u00e1tt\u00e9rvil\u00e1g\u00edt\u00e1s\u00fa LCD, ami egy\u00e9bk\u00e9nt teljesen megfelel a h\u00e9tk\u00f6znapi feladatokhoz. C\u00e9lszer\u0171 itt is a FullHD ir\u00e1nyba elmozdulni, ha van lehet\u0151s\u00e9g r\u00e1. Ez a felbont\u00e1s a legink\u00e1bb alkalmas a n\u00e9pszer\u0171 streaming szolg\u00e1ltat\u00f3k megfelel\u0151 min\u0151s\u00e9g\u0171 fogyaszt\u00e1s\u00e1hoz. (YouTube, Netflix, Disney, HBO Max, stb.)<\/p>\n\n\n\n<p>A k\u00e9sz\u00fcl\u00e9k ebben a kateg\u00f3ri\u00e1ban a k\u00f6lts\u00e9geket szem el\u0151tt tartva m\u0171anyag bor\u00edt\u00e1st kap, ami nem t\u00fal sz\u00e9p, de az eszt\u00e9tika ezen az \u00e1rponton m\u00e9g nem is igaz\u00e1n szempont.<\/p>\n\n\n\n<p class=\"has-text-align-justify\">Van m\u00e9g n\u00e9h\u00e1ny dolog, amire \u00e9rdemes odafigyelni a bel\u00e9p\u0151 kateg\u00f3ri\u00e1n\u00e1l, ilyen p\u00e9ld\u00e1ul a k\u00e9sz\u00fcl\u00e9k h\u0171t\u00e9se. N\u00e9zz\u00fck meg, hogy a laptopon hol tal\u00e1lhat\u00f3ak a l\u00e9gmozg\u00e1st biztos\u00edt\u00f3 ki\u00f6ml\u0151ny\u00edl\u00e1sok. Ha alul vannak, mindenk\u00e9ppen \u00e9rdemes venni a g\u00e9phez laptoph\u0171t\u0151t, hogy a ny\u00e1ri melegben se kapcsoljon ki a g\u00e9p a t\u00falmeleged\u00e9s miatt. Illetve fokozottan kell figyelni az \u00e1gyban vagy \u00f6lben t\u00f6rt\u00e9n\u0151 haszn\u00e1lat minimaliz\u00e1l\u00e1s\u00e1ra, ugyanis, ha eltakarjuk a ny\u00edl\u00e1sokat, a g\u00e9p k\u00f6nnyen t\u00falmelegedhet \u00e9s a h\u00e1z t\u00f6bbi r\u00e9sze forr\u00f3sodhat fel, amit\u0151l k\u00e9nyelmetlenn\u00e9 v\u00e1lhat a haszn\u00e1lat.<\/p>\n\n\n\n<h3 class=\"wp-block-heading\">Kiknek aj\u00e1nlott?<\/h3>\n\n\n\n<p>Aki t\u00fcrelmes, \u00e9s k\u00f6lts\u00e9ghat\u00e9kony megold\u00e1st keres, hogy csatlakozzon a digit\u00e1lis vil\u00e1ghoz<\/p>\n\n\n\n<h3 class=\"wp-block-heading\">Mennyibe ker\u00fcl?<\/h3>\n\n\n\n<p>Nagyj\u00e1b\u00f3l 130-150 000 Ft-ig terjed\u0151 sk\u00e1l\u00e1n \u00e9rdemes keresni ezeket a g\u00e9peket, mutatunk is n\u00e9h\u00e1nyat: <\/p>\n\n\n\n<p><a href=\"https:\/\/www.mediamarkt.hu\/catentry\/1358999\" target=\"_blank\" rel=\"noreferrer noopener\">PEAQ PNB C150V-1G428H Sz\u00fcrke laptop (15,6&#8243; FullHD kijelz\u0151\/Celeron\/4GB\/128 GB SSD\/Windows 10 Pro)<\/a><\/p>\n\n\n\n<p><a href=\"https:\/\/www.mediamarkt.hu\/catentry\/1359000\" target=\"_blank\" rel=\"noreferrer noopener\">PEAQ PNB C150V-2G428H Sz\u00fcrke laptop (15,6&#8243; FullHD kijelz\u0151\/Pentium\/4GB\/128 GB SSD\/Windows 10 Pro)<\/a><\/p>\n\n\n\n<p><a href=\"https:\/\/www.mediamarkt.hu\/catentry\/1377375\" target=\"_blank\" rel=\"noreferrer noopener\">PEAQ C151V-1G428H Sz\u00fcrke laptop (15,6&#8243; FullHD kijelz\u0151\/Celeron\/4GB\/128 GB SSD\/Windows 11 Home S Mode) + 1 \u00c9ves Microsoft Office 365 el\u0151fizet\u00e9s<\/a><\/p>\n\n\n\n<p><a href=\"https:\/\/www.mediamarkt.hu\/catentry\/1377376\" target=\"_blank\" rel=\"noreferrer noopener\">PEAQ C151V-2G856H Sz\u00fcrke laptop (15,6&#8243; FullHD kijelz\u0151\/Pentium\/8GB\/256 GB SSD\/Windows 11 Home)<\/a><\/p>\n\n\n\n<p><a href=\"https:\/\/www.mediamarkt.hu\/catentry\/1377377\" target=\"_blank\" rel=\"noreferrer noopener\">PEAQ C171V-2G856H Sz\u00fcrke laptop (17,3&#8243; FullHD kijelz\u0151\/Pentium\/8GB\/256 GB SSD\/Windows 11 Home)<\/a><\/p>\n\n\n\n<p> <a href=\"https:\/\/www.mediamarkt.hu\/catentry\/1401052\" target=\"_blank\" rel=\"noreferrer noopener\">ASUS E410MA-EK1989WS K\u00e9k Laptop (14&#8243; FullHD kijelz\u0151\/Celeron\/4GB\/128 GB SSD\/Windows 11 Home)<\/a><\/p>\n\n\n\n<h2 class=\"wp-block-heading\">K\u00f6z\u00e9p szint<\/h2>\n\n\n\n<p class=\"has-text-align-justify\">Ebben a kateg\u00f3ri\u00e1ban tal\u00e1lhatjuk meg a legsoksz\u00edn\u0171bb k\u00edn\u00e1latot. Itt tal\u00e1lkozhatunk el\u0151sz\u00f6r a leg\u00fajabb technol\u00f3gi\u00e1kkal, amit hordozhat\u00f3 sz\u00e1m\u00edt\u00f3g\u00e9pekbe \u00e9p\u00edtenek. Legyen sz\u00f3 otthoni felhaszn\u00e1l\u00e1sr\u00f3l, vagy ak\u00e1r m\u00e1r irodai haszn\u00e1latr\u00f3l. Kevesebb kompromisszumot kell k\u00f6tn\u00fcnk, cser\u00e9be egy picit jobban a zseb\u00fcnkbe kell ny\u00falni.<\/p>\n\n\n\n<h3 class=\"wp-block-heading\">Mi van bel\u00fcl?<\/h3>\n\n\n\n<p class=\"has-text-align-justify\">A legfontosabb v\u00e1ltoz\u00e1s a bel\u00e9p\u0151 szint\u0171 k\u00e9sz\u00fcl\u00e9kekhez k\u00e9pest, hogy l\u00e9nyegesen er\u0151sebb processzorokkal szerelik ezeket a g\u00e9peket. A k\u00e9t nagy chipgy\u00e1rt\u00f3 k\u00f6zt jobban ki\u00e9lesedik a verseny teljes\u00edtm\u00e9nyt tekintve, \u00e1m az \u00e1rakat tekintve az AMD nyeri a csat\u00e1t. Ebben a kateg\u00f3ri\u00e1ban m\u00e1r tal\u00e1lkozhatunk az Intel\u00ae Core&#x2122; i3 \u00e9s i5 processzorokkal, illetve a kih\u00edv\u00f3jukkal az AMD Ryzen 3 \u00e9s Ryzen 5 sorozat\u00fa lapkak\u00e9szleteivel. Ezen a ponton a teljes\u00edtm\u00e9ny k\u00f6zel azonos, \u00edgy b\u00e1rmelyiket is v\u00e1lasztjuk, nem j\u00e1rhatunk rosszul. Egyes t\u00edpusokban m\u00e1r az aktu\u00e1lis CPU gener\u00e1ci\u00f3 is megtal\u00e1lhat\u00f3. Jelenleg az Inteln\u00e9l a 13. gener\u00e1ci\u00f3t tapossuk, az AMD eset\u00e9ben pedig a hetediket. Ezek jel\u00f6l\u00e9se a term\u00e9kadatlapokon az al\u00e1bbiak szerint tal\u00e1lhat\u00f3ak meg:<\/p>\n\n\n\n<ul>\n<li>Intel eset\u00e9n : Intel\u00ae Core&#x2122; i5-<strong>13<\/strong>450HX processzor<\/li>\n\n\n\n<li>AMD eset\u00e9n: AMD\u00ae Ryzen&#x2122; 5 <strong>7<\/strong>520U processzor<\/li>\n<\/ul>\n\n\n\n<p class=\"has-text-align-justify\">\u00d6sszehasonl\u00edt\u00e1sk\u00e9nt, az Intel\u00ae Core&#x2122; i3 megk\u00f6zel\u00edt\u0151leg 15-sz\u00f6r nagyobb sz\u00e1m\u00edt\u00e1si teljes\u00edtm\u00e9nyre k\u00e9pes, mint az Intel Celeron processzor.<\/p>\n\n\n\n<p class=\"has-text-align-justify\">Mem\u00f3ri\u00e1t tekintve a k\u00f6z\u00e9pkateg\u00f3ri\u00e1ban m\u00e1r nem tal\u00e1lkozhatunk 4 GB-os modellekkel. Jellemz\u0151en 8, de ink\u00e1bb m\u00e1r 16 GB van a k\u00e9sz\u00fcl\u00e9kben, \u00e9s a bel\u00e9p\u0151szinthez k\u00e9pest megjelenik a b\u0151v\u00edthet\u0151s\u00e9g. A gy\u00e1rt\u00f3k elt\u00e9r\u0151 megold\u00e1ssal l\u00e1tj\u00e1k el a k\u00e9sz\u00fcl\u00e9keket, van aki m\u00e1r nem integr\u00e1lja az alaplapra a mem\u00f3ri\u00e1t, \u00edgy a k\u00e9sz\u00fcl\u00e9kben l\u00e9v\u0151 mem\u00f3ria modul cser\u00e9lhet\u0151. Ebben a szegmensben m\u00e1r \u00e9rdemes figyelmet ford\u00edtani a mem\u00f3ria t\u00edpus\u00e1ra. A dr\u00e1g\u00e1bb modellek m\u00e1r DDR5 modulokkal vannak szerelve, viszont a DDR4 m\u00e9g sokkal elterjedtebb. A legnagyobb k\u00fcl\u00f6nbs\u00e9g a modulok sebess\u00e9g\u00e9ben \u00e9s energiafelhaszn\u00e1l\u00e1s\u00e1ban van.<\/p>\n\n\n\n<p class=\"has-text-align-justify\">Bizonyos t\u00edpusokn\u00e1l m\u00e1r el\u00e9rhet\u0151 a dedik\u00e1lt grafikus k\u00e1rtya, mely j\u00e1t\u00e9kra m\u00e9g nem alkalmas, viszont 4k vide\u00f3k lej\u00e1tsz\u00e1s\u00e1ra m\u00e1r haszn\u00e1lhat\u00f3, \u00edgy a 4k-t t\u00e1mogat\u00f3 streaming platformok tartalmai m\u00e1r n\u00e9zhet\u0151ek vele, azonban fontos megjegyezni, hogy ehhez egy 4k-s megjelen\u00edt\u0151 is sz\u00fcks\u00e9ges. De ez \u00e1thidalhat\u00f3, ha a laptopot egy HDMI k\u00e1bel seg\u00edts\u00e9g\u00e9vel egy k\u00fcls\u0151 megjelen\u00edt\u0151re (monitor, tv, projektor) k\u00f6tj\u00fck, mely m\u00e1r k\u00e9pes a 4k k\u00e9p megjelen\u00edt\u00e9s\u00e9re.<\/p>\n\n\n\n<p class=\"has-text-align-justify\">A h\u00e1tt\u00e9rt\u00e1rak a kezdeti 128 GB helyett m\u00e1r minimum 256, de ink\u00e1bb 512 GB-ra n\u0151ttek. Ekkora t\u00e1rhelyen m\u00e1r k\u00e9nyelmesen tudjuk t\u00e1rolni a f\u00e1jlokat, \u00e9s kev\u00e9sb\u00e9 f\u00e1j az oper\u00e1ci\u00f3s rendszer \u00e1ltal lefoglalt 20 GB t\u00e1rhely sem.<\/p>\n\n\n\n<p class=\"has-text-align-justify\">A bel\u00e9p\u0151szinthez k\u00e9pest az akkumul\u00e1torok m\u00e9rete is n\u00f6vekedett, tekintve a komolyabb energiaig\u00e9ny\u0171 processzorokat, \u00e9s mem\u00f3ria modulokat. Itt is lehet tartani az optim\u00e1lis 2-3 \u00f3r\u00e1t \u00fczemid\u0151 tekintet\u00e9ben.<\/p>\n\n\n\n<h3 class=\"wp-block-heading\">Mi van k\u00edv\u00fcl?<\/h3>\n\n\n\n<p class=\"has-text-align-justify\">Ebben a kateg\u00f3ri\u00e1ban, legink\u00e1bb a dr\u00e1g\u00e1bb modellek eset\u00e9n m\u00e1r megjelennek a r\u00e9szben, vagy eg\u00e9sz\u00e9ben alum\u00ednium h\u00e1zba \u00e9p\u00edtett g\u00e9pek, amik optim\u00e1lisabban osztj\u00e1k el a laptop \u00e1ltal termelt h\u0151t.<\/p>\n\n\n\n<p class=\"has-text-align-justify\">Szint\u00e9n nagyobb v\u00e1laszt\u00e9kkal tal\u00e1lkozhatunk a kijelz\u0151k tekintet\u00e9ben. Alacsonyabb \u00e1rponton LCD, magasabb \u00e1rponton m\u00e1r <a href=\"https:\/\/hir.mediamarkt.hu\/magazin\/5-ok-amiert-az-asus-oled-laptopokat-erdemes-valasztani\/\" target=\"_blank\" rel=\"noreferrer noopener\">OLED kijelz\u0151t kaphatunk<\/a>, aminek a k\u00e9pmin\u0151s\u00e9ge is szebb l\u00e1tv\u00e1nyt ny\u00fajt. Teltebbek, \u00e9l\u00e9nkebbek a sz\u00ednek, feket\u00e9bb a fekete. A m\u00e1sik fontos \u00fajdons\u00e1g, hogy a kijelz\u0151k felbont\u00e1sa is elt\u00e9r\u0151 lehet. HD kijelz\u0151t itt m\u00e1r nem tal\u00e1lunk, helyette megjelenik a WUXGA a FullHD mellett, tov\u00e1bb\u00e1 az \u00e9rint\u0151kijelz\u0151, ami k\u00e9nyelmesebb vez\u00e9rl\u00e9st tesz lehet\u0151v\u00e9.<\/p>\n\n\n\n<figure class=\"wp-block-gallery has-nested-images columns-default is-cropped wp-block-gallery-2 is-layout-flex wp-block-gallery-is-layout-flex\">\n<figure class=\"wp-block-image size-full\"><img loading=\"lazy\" decoding=\"async\" width=\"500\" height=\"331\" data-id=\"17009\" src=\"https:\/\/hir.mediamarkt.hu\/magazin\/wp-content\/uploads\/2023\/08\/2023-08-22-12_59_00-hogyan-valasszunk-laptopot_kozep_sm.png\" alt=\"\" class=\"wp-image-17009\" srcset=\"https:\/\/hir.mediamarkt.hu\/magazin\/wp-content\/uploads\/2023\/08\/2023-08-22-12_59_00-hogyan-valasszunk-laptopot_kozep_sm.png 500w, https:\/\/hir.mediamarkt.hu\/magazin\/wp-content\/uploads\/2023\/08\/2023-08-22-12_59_00-hogyan-valasszunk-laptopot_kozep_sm-300x199.png 300w, https:\/\/hir.mediamarkt.hu\/magazin\/wp-content\/uploads\/2023\/08\/2023-08-22-12_59_00-hogyan-valasszunk-laptopot_kozep_sm-275x182.png 275w\" sizes=\"(max-width: 500px) 100vw, 500px\" \/><\/figure>\n\n\n\n<figure class=\"wp-block-image size-full\"><img loading=\"lazy\" decoding=\"async\" width=\"500\" height=\"332\" data-id=\"17094\" src=\"https:\/\/hir.mediamarkt.hu\/magazin\/wp-content\/uploads\/2023\/08\/hogyan-valasszunk-laptopot_3..png\" alt=\"\" class=\"wp-image-17094\" srcset=\"https:\/\/hir.mediamarkt.hu\/magazin\/wp-content\/uploads\/2023\/08\/hogyan-valasszunk-laptopot_3..png 500w, https:\/\/hir.mediamarkt.hu\/magazin\/wp-content\/uploads\/2023\/08\/hogyan-valasszunk-laptopot_3.-300x199.png 300w, https:\/\/hir.mediamarkt.hu\/magazin\/wp-content\/uploads\/2023\/08\/hogyan-valasszunk-laptopot_3.-275x183.png 275w\" sizes=\"(max-width: 500px) 100vw, 500px\" \/><\/figure>\n<\/figure>\n\n\n\n<h3 class=\"wp-block-heading\">Kiknek aj\u00e1nlott?<\/h3>\n\n\n\n<p class=\"has-text-align-justify\">Ez a kateg\u00f3ria azoknak aj\u00e1nlott, akik otthoni felhaszn\u00e1l\u00e1sra, illetve irodai munk\u00e1ra keresnek k\u00e9sz\u00fcl\u00e9ket. Kiv\u00e1l\u00f3an alkalmasak az Office programcsomag haszn\u00e1lat\u00e1ra, netez\u00e9sre, streamingre, illetve a dr\u00e1g\u00e1bb modellek m\u00e9g a Cloud-gaming-re is.<\/p>\n\n\n\n<h3 class=\"wp-block-heading\">Mennyibe ker\u00fcl?<\/h3>\n\n\n\n<p>Ilyen k\u00e9sz\u00fcl\u00e9keket 150 000 Ft-t\u00f3l eg\u00e9szen 300-350 000 Ft-ig \u00e9rdemes keresni, mint p\u00e9ld\u00e1ul ezeket:<\/p>\n\n\n\n<p><a href=\"https:\/\/www.mediamarkt.hu\/catentry\/1408422\" target=\"_blank\" rel=\"noreferrer noopener\">HP 15S-FQ5003NH 7E1A2EA Ez\u00fcst Laptop (15,6&#8243; FullHD kijelz\u0151\/Core i3\/8GB\/256 GB SSD\/Windows 11 Home)<\/a><\/p>\n\n\n\n<p><a href=\"https:\/\/www.mediamarkt.hu\/catentry\/1406286\" target=\"_blank\" rel=\"noreferrer noopener\">HP Envy 15-EW0003NH 753U9EA Laptop (15,6&#8243; FullHD OLED Touch kijelz\u0151\/Core i5\/16GB\/512 GB SSD\/Windows 11 Home)<\/a><\/p>\n\n\n\n<p><a href=\"https:\/\/www.mediamarkt.hu\/catentry\/1412896\" target=\"_blank\" rel=\"noreferrer noopener\">ACER Aspire 3 NX.KDEEU.00F Ez\u00fcst Laptop (15,6&#8243; FullHD kijelz\u0151\/Ryzen3\/8GB\/256 GB SSD\/Windows 11 Home)<\/a><\/p>\n\n\n\n<p><a href=\"https:\/\/www.mediamarkt.hu\/catentry\/1429306\" target=\"_blank\" rel=\"noreferrer noopener\">LENOVO IdeaPad Slim 3 15AMN8 82XQ00ARHV Sz\u00fcrke Laptop (15,6&#8243; FullHD kijelz\u0151\/Ryzen5\/8GB\/512 GB SSD\/Windows 11 Home)<\/a><\/p>\n\n\n\n<p><\/p>\n\n\n\n<h2 class=\"wp-block-heading\">Halad\u00f3 szint<\/h2>\n\n\n\n<p class=\"has-text-align-justify\">Ebben a kateg\u00f3ri\u00e1ban m\u00e1r igazi er\u0151m\u0171veket lehet tal\u00e1lni, kiemelked\u0151 teljes\u00edtm\u00e9nnyel, gy\u00f6ny\u00f6r\u0171 megjelen\u00e9ssel, \u00e9s sz\u00e1mtalan extra k\u00e9nyelmi funkci\u00f3val, amikr\u0151l tal\u00e1n nem is tudjuk, hogy sz\u00fcks\u00e9g\u00fcnk van r\u00e1, am\u00edg ki nem pr\u00f3b\u00e1ljuk \u0151ket. Ezeknek a g\u00e9peknek nem okoz gondot az irodai megpr\u00f3b\u00e1ltat\u00e1sok, 4k felbont\u00e1s\u00fa vide\u00f3k lej\u00e1tsz\u00e1sa, szerkeszt\u00e9se, k\u00e9pszerkeszt\u00e9s, programoz\u00e1s vagy \u00e9ppen az er\u0151forr\u00e1sig\u00e9nyes tervez\u0151 programok futtat\u00e1sa.<\/p>\n\n\n\n<figure class=\"wp-block-image size-full is-resized\"><img loading=\"lazy\" decoding=\"async\" src=\"https:\/\/hir.mediamarkt.hu\/magazin\/wp-content\/uploads\/2023\/08\/hogyan-valasszunk-laptopot-halado.png\" alt=\"\" class=\"wp-image-17106\" width=\"838\" height=\"558\" srcset=\"https:\/\/hir.mediamarkt.hu\/magazin\/wp-content\/uploads\/2023\/08\/hogyan-valasszunk-laptopot-halado.png 499w, https:\/\/hir.mediamarkt.hu\/magazin\/wp-content\/uploads\/2023\/08\/hogyan-valasszunk-laptopot-halado-300x200.png 300w, https:\/\/hir.mediamarkt.hu\/magazin\/wp-content\/uploads\/2023\/08\/hogyan-valasszunk-laptopot-halado-275x183.png 275w\" sizes=\"(max-width: 838px) 100vw, 838px\" \/><\/figure>\n\n\n\n<h3 class=\"wp-block-heading\">Mi van bel\u00fcl?<\/h3>\n\n\n\n<p class=\"has-text-align-justify\">Jellemz\u0151en Intel Core i5 vagy i7, illetve AMD Ryzen 5 vagy Ryzen 7 processzorok kapnak helyet a g\u00e9pekben, melyeknek teljes\u00edtm\u00e9nye a kor\u00e1bbiakhoz k\u00e9pest 2-3szoros n\u00f6veked\u00e9st mutat. Az egyes gener\u00e1ci\u00f3k k\u00f6z\u00f6tt itt is jelent\u0151s teljes\u00edtm\u00e9nyn\u00f6veked\u00e9s figyelhet\u0151 meg. (p\u00e9ld\u00e1ul a 13. gener\u00e1ci\u00f3s Intel Core i7 processzor k\u00f6zel 50%-al er\u0151sebb, mint a 12. gener\u00e1ci\u00f3s Core i7 processzor, t\u00f6bbsz\u00e1las feldolgoz\u00e1st tekintve)<\/p>\n\n\n\n<p class=\"has-text-align-justify\">A mem\u00f3ria eset\u00e9n m\u00e1r legink\u00e1bb 16 GB DDR4 vagy DDR5 modulokr\u00f3l besz\u00e9lhet\u00fcnk, enn\u00e9l kevesebbel nem \u00e9rdemes pr\u00f3b\u00e1lkozni, viszont tal\u00e1lhatunk enn\u00e9l t\u00f6bb mem\u00f3ri\u00e1val szerelt g\u00e9pet is. A t\u00f6bb mem\u00f3ria minden esetben j\u00f3, de nem mindig indokolt. Irodai felhaszn\u00e1l\u00e1sra a 16GB is elegend\u0151, vide\u00f3szerkeszt\u00e9shez, k\u00e9pszerkeszt\u00e9shez pedig m\u00e1r aj\u00e1nlott a 32GB DDR5 mem\u00f3ria. Szinte minden modellben cser\u00e9lhet\u0151, b\u0151v\u00edthet\u0151 a mem\u00f3ria, \u00edgy k\u00e9s\u0151bb is lehet\u0151s\u00e9g\u00fcnk ny\u00edlik b\u0151v\u00edteni a k\u00e9sz\u00fcl\u00e9ket.<\/p>\n\n\n\n<p class=\"has-text-align-justify\">H\u00e1tt\u00e9rt\u00e1rb\u00f3l minimum elv\u00e1r\u00e1s a kateg\u00f3ri\u00e1ban az 512 GB, de itt m\u00e1r megjelenik az 1 TB-os (1024 GB) \u00e9s 2 TB-os (2048 GB) verzi\u00f3, ami a nyers vide\u00f3anyagok t\u00e1rol\u00e1s\u00e1ra t\u00f6k\u00e9letesen alkalmas. Szinte minden esetben m.2 csatol\u00f3fel\u00fclettel rendelkez\u0151 SSD ker\u00fcl a g\u00e9pbe, mely mellett 1 tov\u00e1bbi csatlakoz\u00e1si hely van m\u00e9g a g\u00e9pben a k\u00e9s\u0151bbi b\u0151v\u00edt\u00e9s \u00e9rdek\u00e9ben, \u00edgy ak\u00e1r 4 TB-ig b\u0151v\u00edthetj\u00fck a k\u00e9sz\u00fcl\u00e9ket.<\/p>\n\n\n\n<p class=\"has-text-align-justify\">Ebben a kateg\u00f3ri\u00e1ban m\u00e1r jellemz\u0151en dedik\u00e1lt vide\u00f3k\u00e1rtya tal\u00e1lhat\u00f3 a notebookban, mely m\u00e1r j\u00e1t\u00e9kra is alkalmas, ritk\u00e1bb esetben tov\u00e1bbra sincs dedik\u00e1lt grafikus chip, hanem a processzorba integr\u00e1lt grafikus vez\u00e9rl\u0151t haszn\u00e1lja a g\u00e9p, melyek k\u00f6sz\u00f6nhet\u0151en az er\u0151s processzornak, nagyobb sz\u00e1m\u00edt\u00e1si teljes\u00edtm\u00e9nnyel rendelkeznek.&nbsp;<\/p>\n\n\n\n<p class=\"has-text-align-justify\">Akkumul\u00e1tort tekintve ebben a kateg\u00f3ri\u00e1ban m\u00e1r izmosabb telepek kaptak helyet a h\u00e1zakban. Azonban itt m\u00e1r nem lehet kijelenteni, hogy 2-3 \u00f3r\u00e1t b\u00edr a g\u00e9p egy t\u00f6lt\u00e9ssel, mert az akkumul\u00e1tor ig\u00e9nybev\u00e9tele nagyban f\u00fcgg a futtatott programok energiaig\u00e9ny\u00e9t\u0151l. Egy vide\u00f3 renderel\u00e9se nagy ig\u00e9nybev\u00e9telt jelent a processzornak, amihez rengeteg \u00e1ram sz\u00fcks\u00e9ges, \u00edgy az akkumul\u00e1tor is nagyobb teljes\u00edtm\u00e9nyt kell biztos\u00edtania, sokkal gyorsabban lemer\u00fcl, mintha csak sz\u00f6veget szerkeszten\u00e9nk, vagy vide\u00f3t n\u00e9zn\u00e9nk.<\/p>\n\n\n\n<h3 class=\"wp-block-heading\">Mi van k\u00edv\u00fcl?<\/h3>\n\n\n\n<p class=\"has-text-align-justify\">A fels\u0151 kateg\u00f3ri\u00e1s g\u00e9pek jellemz\u0151en valamilyen alum\u00ednium \u00f6tv\u00f6zet\u0171 h\u00e1zba ker\u00fclnek, ami seg\u00edti a h\u0151termel\u00e9s okozta meleged\u00e9s cs\u00f6kkent\u00e9s\u00e9t, illetve k\u00f6nnyebb\u00e9 teszi a g\u00e9pet a hordozhat\u00f3s\u00e1g szem el\u0151tt tart\u00e1sa v\u00e9gett.<\/p>\n\n\n\n<p class=\"has-text-align-justify\">Kijelz\u0151k eset\u00e9ben a kateg\u00f3ria k\u00e9sz\u00fcl\u00e9kei eltol\u00f3dnak a FullHD-t\u00f3l a 4K ir\u00e1ny\u00e1ba. Illetve a kijelz\u0151k friss\u00edt\u00e9si frekvenci\u00e1ja is elrugaszkodik a t\u00f6bbi kateg\u00f3ri\u00e1t\u00f3l, ahol jellemz\u0151en 60Hz, itt m\u00e1r 90, 120, 240 Hz is lehet a m\u00e1sodpercenk\u00e9nti k\u00e9pfriss\u00edt\u00e9s, ett\u0151l egy sokkal sim\u00e1bb, g\u00f6rd\u00fcl\u00e9kenyebb \u00e9lm\u00e9nyt kapunk p\u00e9ld\u00e1ul b\u00f6ng\u00e9sz\u00e9s k\u00f6zben, vagy az ezt t\u00e1mogat\u00f3 streaming platformokon. Ezenfel\u00fcl itt is megtal\u00e1lhat\u00f3 sz\u00e1mos modellben a t\u00f6bb ujjat is \u00e9rz\u00e9kelni tud\u00f3, \u00fagynevezett multi-touch \u00e9rint\u0151kijelz\u0151 is.<\/p>\n\n\n\n<p class=\"has-text-align-justify\">Ebben a kateg\u00f3ri\u00e1ban m\u00e1r \u00e9rdemes megeml\u00edteni a laptop billenty\u0171zet\u00e9t, \u00e9s az eg\u00e9rk\u00e9nt funkci\u00f3n\u00e1l\u00f3 touchpad-et. Jellemz\u0151en k\u00e9nyelmes a g\u00e9pel\u00e9s, ak\u00e1r hosszabb reg\u00e9nyek, tanulm\u00e1nyok g\u00e9pel\u00e9s\u00e9t is nagyobb meger\u0151ltet\u00e9s n\u00e9lk\u00fcl tudjuk megoldani. Szinte minden k\u00e9sz\u00fcl\u00e9k rendelkezik billenty\u0171zet-h\u00e1tt\u00e9rvil\u00e1g\u00edt\u00e1ssal, hogy s\u00f6t\u00e9tben is k\u00e9nyelmesen tudjuk haszn\u00e1lni a laptopot egy\u00e9b f\u00e9nyforr\u00e1s ig\u00e9nybev\u00e9tele n\u00e9lk\u00fcl. A touchpad t\u00e1mogatja a gesztusokat, p\u00e9ld\u00e1ul a g\u00f6rget\u00e9s, b\u00f6ng\u00e9sz\u00e9s k\u00f6zbeni navig\u00e1ci\u00f3t, lenyom\u00e1s n\u00e9lk\u00fcli kattint\u00e1st, csippent\u00e9ssel t\u00f6rt\u00e9n\u0151 \u00e1tm\u00e9retez\u00e9st, amit\u0151l a notebook haszn\u00e1lata egy folyamatos, g\u00f6rd\u00fcl\u00e9keny \u00e9lm\u00e9nyt ny\u00fajt.<\/p>\n\n\n\n<h3 class=\"wp-block-heading\">Kiknek aj\u00e1nlott?<\/h3>\n\n\n\n<p class=\"has-text-align-justify\">Ez a kateg\u00f3ria olyan felhaszn\u00e1l\u00f3knak aj\u00e1nlott, akiknek a mindennapi munk\u00e1j\u00e1hoz elengedhetetlen a gyors, modern laptop. Akiknek fontos a megb\u00edzhat\u00f3, min\u0151s\u00e9gi k\u00e9sz\u00fcl\u00e9k, amely k\u00e9pes elk\u00e9peszt\u0151 teljes\u00edtm\u00e9nyt ny\u00fajtani.<\/p>\n\n\n\n<h3 class=\"wp-block-heading\">Mennyibe ker\u00fcl?<\/h3>\n\n\n\n<p>Ilyen k\u00e9sz\u00fcl\u00e9keket 4-500 000 Ft-t\u00f3l eg\u00e9szen a milli\u00f3s nagys\u00e1grendig megtal\u00e1lhatunk a piacon, mint p\u00e9ld\u00e1ul ezeket:<\/p>\n\n\n\n<p><a href=\"https:\/\/www.mediamarkt.hu\/catentry\/1387727\" target=\"_blank\" rel=\"noreferrer noopener\">MSI Summit E14 Flip EVO A12MT 9S7-14F111-069 laptop (14&#8243; WQXGA+ kijelz\u0151\/Core i7\/16GB\/1024 GB SSD\/Intel Iris XE\/Windows 11 Home)<\/a><\/p>\n\n\n\n<p><a href=\"https:\/\/www.mediamarkt.hu\/catentry\/1404767\" target=\"_blank\" rel=\"noreferrer noopener\">LENOVO Yoga 7 16IAP7 82QG0007HV Sz\u00fcrke 2in1 eszk\u00f6z (16&#8243; 2.5K Touch kijelz\u0151\/Core i7\/16GB\/512 GB SSD\/Windows 11 Home)<\/a><\/p>\n\n\n\n<p><a href=\"https:\/\/www.mediamarkt.hu\/catentry\/1404768\" target=\"_blank\" rel=\"noreferrer noopener\">LENOVO Yoga Slim 7 Pro 14IAH7 82UT003VHV Sz\u00fcrke Laptop (14&#8243; 2.8k kijelz\u0151\/Core i7\/16GB\/512 GB SSD\/Intel Iris XE\/Windows 11 Home)<\/a><\/p>\n\n\n\n<p><\/p>\n","protected":false},"excerpt":{"rendered":"\u00c9vr\u0151l-\u00e9vre egyre nehezebb a laptop v\u00e1laszt\u00e1s, hisz egyre t\u00f6bb \u00e9s sz\u00ednesebb t\u00edpus jelenik meg a hordozhat\u00f3 sz\u00e1m\u00edt\u00f3g\u00e9pek palett\u00e1j\u00e1n, nem csak vil\u00e1gszinten, de m\u00e1r Magyarorsz\u00e1gon is. Ahogy a teljes\u00edtm\u00e9ny, \u00fagy az \u00e1r is rendk\u00edv\u00fcl sz\u00e9les sk\u00e1l\u00e1n mozog. Vannak kev\u00e9sb\u00e9 feladat specifikus, \u00e1ltal\u00e1nosabb felhaszn\u00e1l\u00e1si k\u00f6r\u00f6kre ide\u00e1lis eszk\u00f6z\u00f6k, \u00e9s vannak kifejezetten c\u00e9lhardverek. Ahhoz, hogy megtal\u00e1ljuk sz\u00e1munkra a legmegfelel\u0151bb \u00e1ru \u00e9s teljes\u00edtm\u00e9ny\u0171 k\u00e9sz\u00fcl\u00e9ket, az egyik legfontosabb dolog, amit c\u00e9lszer\u0171 v\u00e1s\u00e1rl\u00e1s el\u0151tt \u00e1tgondolni: Ezeket a szempontokat figyelembe v\u00e9ve seg\u00edt\u00fcnk eligazodni, hogy milyen laptopt v\u00e1lassz 2023-ban. Laptop v\u00e1laszt\u00e1s otthoni haszn\u00e1latra &#8211; val\u00f3ban kezd\u0151k a kezd\u0151k? Aki most ismerkedik az informatika vil\u00e1g\u00e1val, eg\u00e9szen m\u00e1s k\u00e9pet l\u00e1t, mint az, aki 10-15 \u00e9vvel ezel\u0151tt k\u00f3stolt bele a digit\u00e1lis univerzumba. \u00cdgy m\u00e1r a kezd\u0151 felhaszn\u00e1l\u00f3k sz\u00e1m\u00e1ra is egy sokkal k\u00f6nnyebben &#8230;","protected":false},"author":13,"featured_media":17064,"comment_status":"open","ping_status":"open","sticky":false,"template":"","format":"standard","meta":{"wprm-recipe-roundup-name":"","wprm-recipe-roundup-description":"","footnotes":""},"categories":[5969,5951],"tags":[5634,164,337,5640,590,5673,502,5672,5632,236,2127,2173,5668,501,5671,2160,5670,1292,5669,1183,858,134],"yoast_head":"<!-- This site is optimized with the Yoast SEO plugin v22.9 - https:\/\/yoast.com\/wordpress\/plugins\/seo\/ -->\n<title>Laptop v\u00e1laszt\u00e1s - hogyan v\u00e1lasszunk laptopot 2023-ban? - MediaMarkt Magazin<\/title>\n<meta name=\"description\" content=\"Laptop v\u00e1laszt\u00e1s: Fejtsd meg a t\u00f6k\u00e9letes laptop kiv\u00e1laszt\u00e1s\u00e1nak rejtelmeit ebben a cikkben, hogy mindig a legjobbat v\u00e1laszd!\" \/>\n<meta name=\"robots\" content=\"index, follow, max-snippet:-1, max-image-preview:large, max-video-preview:-1\" \/>\n<link rel=\"canonical\" href=\"https:\/\/hir.mediamarkt.hu\/magazin\/laptop-valasztas\/\" \/>\n<meta property=\"og:locale\" content=\"hu_HU\" \/>\n<meta property=\"og:type\" content=\"article\" \/>\n<meta property=\"og:title\" content=\"Laptop v\u00e1laszt\u00e1s - hogyan v\u00e1lasszunk laptopot 2023-ban? - MediaMarkt Magazin\" \/>\n<meta property=\"og:description\" content=\"Laptop v\u00e1laszt\u00e1s: Fejtsd meg a t\u00f6k\u00e9letes laptop kiv\u00e1laszt\u00e1s\u00e1nak rejtelmeit ebben a cikkben, hogy mindig a legjobbat v\u00e1laszd!\" \/>\n<meta property=\"og:url\" content=\"https:\/\/hir.mediamarkt.hu\/magazin\/laptop-valasztas\/\" \/>\n<meta property=\"og:site_name\" content=\"MediaMarkt Magazin\" \/>\n<meta property=\"article:publisher\" content=\"https:\/\/www.facebook.com\/MediaMarktMagyarorszag\" \/>\n<meta property=\"article:published_time\" content=\"2023-08-10T14:51:05+00:00\" \/>\n<meta property=\"article:modified_time\" content=\"2023-08-23T12:18:34+00:00\" \/>\n<meta property=\"og:image\" content=\"https:\/\/hir.mediamarkt.hu\/magazin\/wp-content\/uploads\/2023\/08\/hogyan-valasszunk-laptopot_4.png\" \/>\n\t<meta property=\"og:image:width\" content=\"600\" \/>\n\t<meta property=\"og:image:height\" content=\"399\" \/>\n\t<meta property=\"og:image:type\" content=\"image\/png\" \/>\n<meta name=\"author\" content=\"Media Markt\" \/>\n<meta name=\"twitter:label1\" content=\"Szerz\u0151:\" \/>\n\t<meta name=\"twitter:data1\" content=\"Media Markt\" \/>\n\t<meta name=\"twitter:label2\" content=\"Becs\u00fclt olvas\u00e1si id\u0151\" \/>\n\t<meta name=\"twitter:data2\" content=\"14 perc\" \/>\n<script type=\"application\/ld+json\" class=\"yoast-schema-graph\">{\"@context\":\"https:\/\/schema.org\",\"@graph\":[{\"@type\":\"WebPage\",\"@id\":\"https:\/\/hir.mediamarkt.hu\/magazin\/laptop-valasztas\/\",\"url\":\"https:\/\/hir.mediamarkt.hu\/magazin\/laptop-valasztas\/\",\"name\":\"Laptop v\u00e1laszt\u00e1s - hogyan v\u00e1lasszunk laptopot 2023-ban? - MediaMarkt Magazin\",\"isPartOf\":{\"@id\":\"https:\/\/hir.mediamarkt.hu\/magazin\/#website\"},\"primaryImageOfPage\":{\"@id\":\"https:\/\/hir.mediamarkt.hu\/magazin\/laptop-valasztas\/#primaryimage\"},\"image\":{\"@id\":\"https:\/\/hir.mediamarkt.hu\/magazin\/laptop-valasztas\/#primaryimage\"},\"thumbnailUrl\":\"https:\/\/hir.mediamarkt.hu\/magazin\/wp-content\/uploads\/2023\/08\/hogyan-valasszunk-laptopot_4.png\",\"datePublished\":\"2023-08-10T14:51:05+00:00\",\"dateModified\":\"2023-08-23T12:18:34+00:00\",\"author\":{\"@id\":\"https:\/\/hir.mediamarkt.hu\/magazin\/#\/schema\/person\/b93b02ec1ab4d2353f8d281e171c1b0b\"},\"description\":\"Laptop v\u00e1laszt\u00e1s: Fejtsd meg a t\u00f6k\u00e9letes laptop kiv\u00e1laszt\u00e1s\u00e1nak rejtelmeit ebben a cikkben, hogy mindig a legjobbat v\u00e1laszd!\",\"breadcrumb\":{\"@id\":\"https:\/\/hir.mediamarkt.hu\/magazin\/laptop-valasztas\/#breadcrumb\"},\"inLanguage\":\"hu\",\"potentialAction\":[{\"@type\":\"ReadAction\",\"target\":[\"https:\/\/hir.mediamarkt.hu\/magazin\/laptop-valasztas\/\"]}]},{\"@type\":\"ImageObject\",\"inLanguage\":\"hu\",\"@id\":\"https:\/\/hir.mediamarkt.hu\/magazin\/laptop-valasztas\/#primaryimage\",\"url\":\"https:\/\/hir.mediamarkt.hu\/magazin\/wp-content\/uploads\/2023\/08\/hogyan-valasszunk-laptopot_4.png\",\"contentUrl\":\"https:\/\/hir.mediamarkt.hu\/magazin\/wp-content\/uploads\/2023\/08\/hogyan-valasszunk-laptopot_4.png\",\"width\":600,\"height\":399},{\"@type\":\"BreadcrumbList\",\"@id\":\"https:\/\/hir.mediamarkt.hu\/magazin\/laptop-valasztas\/#breadcrumb\",\"itemListElement\":[{\"@type\":\"ListItem\",\"position\":1,\"name\":\"Kezd\u0151lap\",\"item\":\"https:\/\/hir.mediamarkt.hu\/magazin\/\"},{\"@type\":\"ListItem\",\"position\":2,\"name\":\"Term\u00e9kv\u00e1s\u00e1rl\u00e1si tan\u00e1csad\u00f3\",\"item\":\"https:\/\/hir.mediamarkt.hu\/magazin\/termekvasarlasi-tanacsado\/\"},{\"@type\":\"ListItem\",\"position\":3,\"name\":\"Laptop v\u00e1laszt\u00e1s &#8211; hogyan v\u00e1lasszunk laptopot 2023-ban?\"}]},{\"@type\":\"WebSite\",\"@id\":\"https:\/\/hir.mediamarkt.hu\/magazin\/#website\",\"url\":\"https:\/\/hir.mediamarkt.hu\/magazin\/\",\"name\":\"MediaMarkt Magazin\",\"description\":\"Olvass bele magazinunkba!\",\"potentialAction\":[{\"@type\":\"SearchAction\",\"target\":{\"@type\":\"EntryPoint\",\"urlTemplate\":\"https:\/\/hir.mediamarkt.hu\/magazin\/?s={search_term_string}\"},\"query-input\":\"required name=search_term_string\"}],\"inLanguage\":\"hu\"},{\"@type\":\"Person\",\"@id\":\"https:\/\/hir.mediamarkt.hu\/magazin\/#\/schema\/person\/b93b02ec1ab4d2353f8d281e171c1b0b\",\"name\":\"Media Markt\",\"image\":{\"@type\":\"ImageObject\",\"inLanguage\":\"hu\",\"@id\":\"https:\/\/hir.mediamarkt.hu\/magazin\/#\/schema\/person\/image\/\",\"url\":\"https:\/\/secure.gravatar.com\/avatar\/602bccae8998beee472d01909f0978f1?s=96&d=mm&r=g\",\"contentUrl\":\"https:\/\/secure.gravatar.com\/avatar\/602bccae8998beee472d01909f0978f1?s=96&d=mm&r=g\",\"caption\":\"Media Markt\"}}]}<\/script>\n<!-- \/ Yoast SEO plugin. -->","yoast_head_json":{"title":"Laptop v\u00e1laszt\u00e1s - hogyan v\u00e1lasszunk laptopot 2023-ban? - MediaMarkt Magazin","description":"Laptop v\u00e1laszt\u00e1s: Fejtsd meg a t\u00f6k\u00e9letes laptop kiv\u00e1laszt\u00e1s\u00e1nak rejtelmeit ebben a cikkben, hogy mindig a legjobbat v\u00e1laszd!","robots":{"index":"index","follow":"follow","max-snippet":"max-snippet:-1","max-image-preview":"max-image-preview:large","max-video-preview":"max-video-preview:-1"},"canonical":"https:\/\/hir.mediamarkt.hu\/magazin\/laptop-valasztas\/","og_locale":"hu_HU","og_type":"article","og_title":"Laptop v\u00e1laszt\u00e1s - hogyan v\u00e1lasszunk laptopot 2023-ban? - MediaMarkt Magazin","og_description":"Laptop v\u00e1laszt\u00e1s: Fejtsd meg a t\u00f6k\u00e9letes laptop kiv\u00e1laszt\u00e1s\u00e1nak rejtelmeit ebben a cikkben, hogy mindig a legjobbat v\u00e1laszd!","og_url":"https:\/\/hir.mediamarkt.hu\/magazin\/laptop-valasztas\/","og_site_name":"MediaMarkt Magazin","article_publisher":"https:\/\/www.facebook.com\/MediaMarktMagyarorszag","article_published_time":"2023-08-10T14:51:05+00:00","article_modified_time":"2023-08-23T12:18:34+00:00","og_image":[{"width":600,"height":399,"url":"https:\/\/hir.mediamarkt.hu\/magazin\/wp-content\/uploads\/2023\/08\/hogyan-valasszunk-laptopot_4.png","type":"image\/png"}],"author":"Media Markt","twitter_misc":{"Szerz\u0151:":"Media Markt","Becs\u00fclt olvas\u00e1si id\u0151":"14 perc"},"schema":{"@context":"https:\/\/schema.org","@graph":[{"@type":"WebPage","@id":"https:\/\/hir.mediamarkt.hu\/magazin\/laptop-valasztas\/","url":"https:\/\/hir.mediamarkt.hu\/magazin\/laptop-valasztas\/","name":"Laptop v\u00e1laszt\u00e1s - hogyan v\u00e1lasszunk laptopot 2023-ban? - MediaMarkt Magazin","isPartOf":{"@id":"https:\/\/hir.mediamarkt.hu\/magazin\/#website"},"primaryImageOfPage":{"@id":"https:\/\/hir.mediamarkt.hu\/magazin\/laptop-valasztas\/#primaryimage"},"image":{"@id":"https:\/\/hir.mediamarkt.hu\/magazin\/laptop-valasztas\/#primaryimage"},"thumbnailUrl":"https:\/\/hir.mediamarkt.hu\/magazin\/wp-content\/uploads\/2023\/08\/hogyan-valasszunk-laptopot_4.png","datePublished":"2023-08-10T14:51:05+00:00","dateModified":"2023-08-23T12:18:34+00:00","author":{"@id":"https:\/\/hir.mediamarkt.hu\/magazin\/#\/schema\/person\/b93b02ec1ab4d2353f8d281e171c1b0b"},"description":"Laptop v\u00e1laszt\u00e1s: Fejtsd meg a t\u00f6k\u00e9letes laptop kiv\u00e1laszt\u00e1s\u00e1nak rejtelmeit ebben a cikkben, hogy mindig a legjobbat v\u00e1laszd!","breadcrumb":{"@id":"https:\/\/hir.mediamarkt.hu\/magazin\/laptop-valasztas\/#breadcrumb"},"inLanguage":"hu","potentialAction":[{"@type":"ReadAction","target":["https:\/\/hir.mediamarkt.hu\/magazin\/laptop-valasztas\/"]}]},{"@type":"ImageObject","inLanguage":"hu","@id":"https:\/\/hir.mediamarkt.hu\/magazin\/laptop-valasztas\/#primaryimage","url":"https:\/\/hir.mediamarkt.hu\/magazin\/wp-content\/uploads\/2023\/08\/hogyan-valasszunk-laptopot_4.png","contentUrl":"https:\/\/hir.mediamarkt.hu\/magazin\/wp-content\/uploads\/2023\/08\/hogyan-valasszunk-laptopot_4.png","width":600,"height":399},{"@type":"BreadcrumbList","@id":"https:\/\/hir.mediamarkt.hu\/magazin\/laptop-valasztas\/#breadcrumb","itemListElement":[{"@type":"ListItem","position":1,"name":"Kezd\u0151lap","item":"https:\/\/hir.mediamarkt.hu\/magazin\/"},{"@type":"ListItem","position":2,"name":"Term\u00e9kv\u00e1s\u00e1rl\u00e1si tan\u00e1csad\u00f3","item":"https:\/\/hir.mediamarkt.hu\/magazin\/termekvasarlasi-tanacsado\/"},{"@type":"ListItem","position":3,"name":"Laptop v\u00e1laszt\u00e1s &#8211; hogyan v\u00e1lasszunk laptopot 2023-ban?"}]},{"@type":"WebSite","@id":"https:\/\/hir.mediamarkt.hu\/magazin\/#website","url":"https:\/\/hir.mediamarkt.hu\/magazin\/","name":"MediaMarkt Magazin","description":"Olvass bele magazinunkba!","potentialAction":[{"@type":"SearchAction","target":{"@type":"EntryPoint","urlTemplate":"https:\/\/hir.mediamarkt.hu\/magazin\/?s={search_term_string}"},"query-input":"required name=search_term_string"}],"inLanguage":"hu"},{"@type":"Person","@id":"https:\/\/hir.mediamarkt.hu\/magazin\/#\/schema\/person\/b93b02ec1ab4d2353f8d281e171c1b0b","name":"Media Markt","image":{"@type":"ImageObject","inLanguage":"hu","@id":"https:\/\/hir.mediamarkt.hu\/magazin\/#\/schema\/person\/image\/","url":"https:\/\/secure.gravatar.com\/avatar\/602bccae8998beee472d01909f0978f1?s=96&d=mm&r=g","contentUrl":"https:\/\/secure.gravatar.com\/avatar\/602bccae8998beee472d01909f0978f1?s=96&d=mm&r=g","caption":"Media Markt"}}]}},"_links":{"self":[{"href":"https:\/\/hir.mediamarkt.hu\/magazin\/wp-json\/wp\/v2\/posts\/16877"}],"collection":[{"href":"https:\/\/hir.mediamarkt.hu\/magazin\/wp-json\/wp\/v2\/posts"}],"about":[{"href":"https:\/\/hir.mediamarkt.hu\/magazin\/wp-json\/wp\/v2\/types\/post"}],"author":[{"embeddable":true,"href":"https:\/\/hir.mediamarkt.hu\/magazin\/wp-json\/wp\/v2\/users\/13"}],"replies":[{"embeddable":true,"href":"https:\/\/hir.mediamarkt.hu\/magazin\/wp-json\/wp\/v2\/comments?post=16877"}],"version-history":[{"count":24,"href":"https:\/\/hir.mediamarkt.hu\/magazin\/wp-json\/wp\/v2\/posts\/16877\/revisions"}],"predecessor-version":[{"id":17107,"href":"https:\/\/hir.mediamarkt.hu\/magazin\/wp-json\/wp\/v2\/posts\/16877\/revisions\/17107"}],"wp:featuredmedia":[{"embeddable":true,"href":"https:\/\/hir.mediamarkt.hu\/magazin\/wp-json\/wp\/v2\/media\/17064"}],"wp:attachment":[{"href":"https:\/\/hir.mediamarkt.hu\/magazin\/wp-json\/wp\/v2\/media?parent=16877"}],"wp:term":[{"taxonomy":"category","embeddable":true,"href":"https:\/\/hir.mediamarkt.hu\/magazin\/wp-json\/wp\/v2\/categories?post=16877"},{"taxonomy":"post_tag","embeddable":true,"href":"https:\/\/hir.mediamarkt.hu\/magazin\/wp-json\/wp\/v2\/tags?post=16877"}],"curies":[{"name":"wp","href":"https:\/\/api.w.org\/{rel}","templated":true}]}}