{"id":17356,"date":"2023-09-29T13:39:17","date_gmt":"2023-09-29T12:39:17","guid":{"rendered":"https:\/\/hir.mediamarkt.hu\/magazin\/?p=17356"},"modified":"2023-10-30T13:34:08","modified_gmt":"2023-10-30T12:34:08","slug":"amazfit-balance-teszt-egyensulyban-magunkkal","status":"publish","type":"post","link":"https:\/\/hir.mediamarkt.hu\/magazin\/amazfit-balance-teszt-egyensulyban-magunkkal\/","title":{"rendered":"Amazfit Balance teszt: egyens\u00falyban magunkkal"},"content":{"rendered":"\n<p class=\"has-text-align-justify\">Az \u00e9letben harm\u00f3ni\u00e1ra van sz\u00fcks\u00e9g. Az \u00e9let \u00e9s a munka, a test \u00e9s a l\u00e9lek k\u00f6z\u00f6tt. Ezt a c\u00e9lt szolg\u00e1lja \u00e9s ebben seg\u00edthet okos\u00f3ra teszt\u00fcnk alanya, az Amazfit Balance.<\/p>\n\n\n\n<p class=\"has-text-align-justify\">Kor\u00e1bban t\u00f6bb Amazfit term\u00e9ket teszteln\u00fcnk, pl. az <a href=\"https:\/\/hir.mediamarkt.hu\/magazin\/amazfit-band-7-laza-kapcsolat\/\" target=\"_blank\" rel=\"noreferrer noopener\">Amazfit Band 7<\/a>, modellt, amely egy kedvez\u0151 \u00e1rban l\u00e9v\u0151 okoskark\u00f6t\u0151. Az <a href=\"https:\/\/hir.mediamarkt.hu\/magazin\/amazfit-gts-4-konnyed-partner-a-sportban\/\" target=\"_blank\" rel=\"noreferrer noopener\">Amazfit GTS 4<\/a> egy klasszikus, sz\u00f6gletes okos\u00f3ra, m\u00edg az <a href=\"https:\/\/hir.mediamarkt.hu\/magazin\/amazfit-gtr-mini-teszt-belepes-a-sport-vilagaba\/\" target=\"_blank\" rel=\"noreferrer noopener\">Amazfit GTR Mini<\/a> egy kism\u00e9ret\u0171, kerek kijelz\u0151s okos\u00f3ra.<\/p>\n\n\n\n<p class=\"has-text-align-justify\">Ez ut\u00f3bbi vonalat k\u00f6veti<a href=\"http:\/\/mediamarkt.hu\/hu\/product\/_amazfit-balance-okos\u00f3ra-sz\u00fcrke-1432249.html\" target=\"_blank\" rel=\"noreferrer noopener\"> az \u00faj Amazfit Balance<\/a> abb\u00f3l a szempontb\u00f3l, hogy ez is egy kerek kijelz\u0151s k\u00e9sz\u00fcl\u00e9k, azonban anyagmin\u0151s\u00e9g\u00e9ben, kialak\u00edt\u00e1s\u00e1ban \u00e9s k\u00e9pess\u00e9geiben is magasabbra pozicion\u00e1lt term\u00e9k.<\/p>\n\n\n\n<h2 class=\"wp-block-heading\">\u00daj, min\u0151s\u00e9gi anyagok&nbsp;<\/h2>\n\n\n\n<p class=\"has-text-align-justify\">Els\u0151 r\u00e1n\u00e9z\u00e9sre ami felt\u0171nik, hogy nagyon sz\u00e9p \u00e9s eleg\u00e1ns a Balance, pont olyan, mint amit egyszerre lehet elk\u00e9pzelni sportol\u00e1s, h\u00e9tk\u00f6znapok \u00e9s munka k\u00f6zben is. Ebben nagy szerepe van a kijelz\u0151nek, amely picit nagyobb, mint a megszokott, ugyanis 1,5\u201d \u00e1tm\u00e9r\u0151j\u0171 (sok \u00f3ra eset\u00e9n csak 1,4\u201d-os a kijelz\u0151 &#8211; kev\u00e9snek t\u0171nik a k\u00fcl\u00f6nbs\u00e9g, de sokat sz\u00e1m\u00edt). Ehhez nem tartozik nagyobb h\u00e1z, ugyanis szuper v\u00e9kony kijelz\u0151 keret ker\u00fclt az AMOLED panel k\u00f6r\u00e9, az el\u0151lap t\u00f6bb mint 73%-\u00e1t foglalja el a megjelen\u00edt\u0151. Emiatt nagyon nagynak t\u0171nik a kijelz\u0151 an\u00e9lk\u00fcl, hogy maga a kieg\u00e9sz\u00edt\u0151 t\u00fal nagynak hatna.&nbsp;<\/p>\n\n\n\n<figure class=\"wp-block-image size-large\"><img loading=\"lazy\" decoding=\"async\" width=\"1024\" height=\"683\" src=\"https:\/\/hir.mediamarkt.hu\/magazin\/wp-content\/uploads\/2023\/09\/amazfit-balance-okosora-10-1024x683.jpg\" alt=\"\" class=\"wp-image-17359\" srcset=\"https:\/\/hir.mediamarkt.hu\/magazin\/wp-content\/uploads\/2023\/09\/amazfit-balance-okosora-10-1024x683.jpg 1024w, https:\/\/hir.mediamarkt.hu\/magazin\/wp-content\/uploads\/2023\/09\/amazfit-balance-okosora-10-300x200.jpg 300w, https:\/\/hir.mediamarkt.hu\/magazin\/wp-content\/uploads\/2023\/09\/amazfit-balance-okosora-10-275x183.jpg 275w, https:\/\/hir.mediamarkt.hu\/magazin\/wp-content\/uploads\/2023\/09\/amazfit-balance-okosora-10-768x512.jpg 768w, https:\/\/hir.mediamarkt.hu\/magazin\/wp-content\/uploads\/2023\/09\/amazfit-balance-okosora-10.jpg 1200w\" sizes=\"(max-width: 1024px) 100vw, 1024px\" \/><\/figure>\n\n\n\n<p class=\"has-text-align-justify\">A m\u00e9reten k\u00edv\u00fcl meg kell eml\u00edteni, hogy 1500 nites cs\u00facsf\u00e9nyer\u0151re k\u00e9pes a kijelz\u0151, ez kifejezetten magas \u00e9s azt a c\u00e9lt szolg\u00e1lja, hogy nagy naps\u00fct\u00e9sben is t\u00f6k\u00e9letesen olvashat\u00f3 legyen a 480&#215;480 k\u00e9ppontos megjelen\u00edt\u0151. Ezt egy lekerek\u00edtett sz\u00e9lekkel ell\u00e1tott edzett \u00fcveg bor\u00edtja, amelyre ker\u00fclt egy ujjlenyomat tasz\u00edt\u00f3 bevonat.<\/p>\n\n\n\n<p class=\"has-text-align-justify\">A sz\u00edj n\u00e9lk\u00fcl csak 35 grammos k\u00e9sz\u00fcl\u00e9kh\u00e1z tokoz\u00e1sa alum\u00ednium, m\u00edg az als\u00f3 r\u00e9sze sz\u00e1ler\u0151s\u00edtett polimer. Az \u00f3ra jobb oldal\u00e1ra ker\u00fcltek a fizikai kezel\u0151szervek. Fel\u00fclre egy sz\u00e9pen kidolgozott korona. Ez nem a pontos id\u0151 be\u00e1ll\u00edt\u00e1s\u00e1t szolg\u00e1lja, mint ahogyan azt r\u00e9gen feltal\u00e1lt\u00e1k, hanem a men\u00fcben seg\u00edti a navig\u00e1ci\u00f3t, illetve teker\u00e9s mellett nyom\u00f3gombk\u00e9nt is m\u0171k\u00f6dik. Amit sajn\u00e1lok, hogy nincs semmilyen fizikai visszajelz\u00e9s a teker\u00e9skor, vagy ellen\u00e1ll\u00e1s &#8211; ez tal\u00e1n kicsit emelhetne m\u00e9g az \u00e9lm\u00e9nyen. Az als\u00f3 lapos gomb pedig szabadon programozhat\u00f3 funkci\u00f3kat tekintve.<\/p>\n\n\n\n<figure class=\"wp-block-image size-large\"><img loading=\"lazy\" decoding=\"async\" width=\"1024\" height=\"683\" src=\"https:\/\/hir.mediamarkt.hu\/magazin\/wp-content\/uploads\/2023\/09\/amazfit-balance-okosora-16-1024x683.jpg\" alt=\"\" class=\"wp-image-17360\" srcset=\"https:\/\/hir.mediamarkt.hu\/magazin\/wp-content\/uploads\/2023\/09\/amazfit-balance-okosora-16-1024x683.jpg 1024w, https:\/\/hir.mediamarkt.hu\/magazin\/wp-content\/uploads\/2023\/09\/amazfit-balance-okosora-16-300x200.jpg 300w, https:\/\/hir.mediamarkt.hu\/magazin\/wp-content\/uploads\/2023\/09\/amazfit-balance-okosora-16-275x183.jpg 275w, https:\/\/hir.mediamarkt.hu\/magazin\/wp-content\/uploads\/2023\/09\/amazfit-balance-okosora-16-768x512.jpg 768w, https:\/\/hir.mediamarkt.hu\/magazin\/wp-content\/uploads\/2023\/09\/amazfit-balance-okosora-16.jpg 1200w\" sizes=\"(max-width: 1024px) 100vw, 1024px\" \/><\/figure>\n\n\n\n<p>Alul a BioTracker&#x2122; 5.0&nbsp;biometrikus szenzorcsoport \u00e1ll rendelkez\u00e9sre, amely sz\u00e1mos dolgot m\u00e9r a 8+2 \u00e9rz\u00e9kel\u0151je seg\u00edts\u00e9g\u00e9vel. Felette k\u00e9t kis \u00e9rintkez\u0151 tal\u00e1lhat\u00f3, erre csatlakozik a t\u00f6lt\u0151 b\u00f6lcs\u0151, amely a dobozban megtal\u00e1lhat\u00f3.<\/p>\n\n\n\n<p class=\"has-text-align-justify\">A k\u00e9sz\u00fcl\u00e9kh\u00e1z 5 ATM v\u00edz\u00e1ll\u00f3s\u00e1ggal rendelkezik \u00e9s egy 475 mAh-s akkumul\u00e1tort tartalmaz.&nbsp; Ezzel, ha csak \u201c\u00f3ra m\u00f3dban\u201d haszn\u00e1ln\u00e1nk, ak\u00e1r 50 napig is m\u0171k\u00f6dne.&nbsp; Az \u00e1tlagos \u00fczemid\u0151 egy\u00e9bk\u00e9nt 14 nap. A 2 \u00f3ra alatt felt\u00f6lthet\u0151 akkumul\u00e1torral 26 \u00f3r\u00e1nyi GPS-es \u00fczemid\u0151t \u00e9rhet\u00fcnk el (t\u00f6bb m\u0171holdas rendszer haszn\u00e1lata eset\u00e9n), m\u00edg az automatikus m\u0171holdas m\u00f3dban ez m\u00e1r 47 \u00f3ra. \u00cdgy teh\u00e1t sportol\u00e1sn\u00e1l hossz\u00fa-hossz\u00fa \u00f3r\u00e1kon kereszt\u00fcl sem lesz probl\u00e9ma, illetve nem kell naponta t\u00f6lt\u0151re dugni az Amazfit Balance \u00f3r\u00e1t.<\/p>\n\n\n\n<figure class=\"wp-block-image size-large\"><img loading=\"lazy\" decoding=\"async\" width=\"1024\" height=\"683\" src=\"https:\/\/hir.mediamarkt.hu\/magazin\/wp-content\/uploads\/2023\/09\/amazfit-balance-okosora-15-1024x683.jpg\" alt=\"\" class=\"wp-image-17361\" srcset=\"https:\/\/hir.mediamarkt.hu\/magazin\/wp-content\/uploads\/2023\/09\/amazfit-balance-okosora-15-1024x683.jpg 1024w, https:\/\/hir.mediamarkt.hu\/magazin\/wp-content\/uploads\/2023\/09\/amazfit-balance-okosora-15-300x200.jpg 300w, https:\/\/hir.mediamarkt.hu\/magazin\/wp-content\/uploads\/2023\/09\/amazfit-balance-okosora-15-275x183.jpg 275w, https:\/\/hir.mediamarkt.hu\/magazin\/wp-content\/uploads\/2023\/09\/amazfit-balance-okosora-15-768x512.jpg 768w, https:\/\/hir.mediamarkt.hu\/magazin\/wp-content\/uploads\/2023\/09\/amazfit-balance-okosora-15.jpg 1200w\" sizes=\"(max-width: 1024px) 100vw, 1024px\" \/><\/figure>\n\n\n\n<p class=\"has-text-align-justify\">Amit k\u00edv\u00fclr\u0151l nem l\u00e1thatunk, de az\u00e9rt megtal\u00e1lhat\u00f3 az okos\u00f3r\u00e1ba, az a gyorsul\u00e1s\u00e9rz\u00e9kel\u0151, a giroszk\u00f3p, a geom\u00e1gneses szenzor, a l\u00e9gnyom\u00e1s \u00e9rz\u00e9kel\u0151, a k\u00fclt\u00e9ri f\u00e9ny\u00e9rz\u00e9kel\u0151, illetve m\u00e9g egy b\u0151rh\u0151m\u00e9rs\u00e9klet m\u00e9r\u0151 szenzor is. Ezen k\u00edv\u00fcl van WIFI (2,4 GHz-es), Bluetooth (5.0 megold\u00e1s), valamint term\u00e9szetesen a helymeghat\u00e1roz\u00e1shoz egy navig\u00e1ci\u00f3s rendszer, ami hat m\u0171holdas rendszert kezel \u00e9s a dual-band poz\u00edcion\u00e1l\u00e1snak k\u00f6sz\u00f6nhet\u0151en m\u00e9g pontosabb adatokat szolg\u00e1ltat. Ehhez az \u00f3ratestben k\u00f6rben helyezkednek el az antenn\u00e1k.<\/p>\n\n\n\n<p class=\"has-text-align-justify\">K\u00e9tf\u00e9le sz\u00edjjal \u00e9rt\u00e9kes\u00edti az Amazfit a Balance \u00f3r\u00e1t, <a href=\"https:\/\/www.mediamarkt.hu\/hu\/product\/_amazfit-balance-okos%C3%B3ra-fekete-1432248.html\" target=\"_blank\" rel=\"noreferrer noopener\">a klasszikus szilikon sz\u00edj fekete sz\u00edn\u0171<\/a> \u00e9s 140-215 mm k\u00f6z\u00f6tti csukl\u00f3 k\u00f6rm\u00e9rettel haszn\u00e1lhat\u00f3. Ehhez az \u00f3ratest is fekete sz\u00edn\u0171re f\u00e9nyezett. Teszt\u00fcnk alanya viszont az enn\u00e9l sokkal l\u00e1tv\u00e1nyosabban kin\u00e9z\u0151 <a href=\"http:\/\/mediamarkt.hu\/hu\/product\/_amazfit-balance-okos\u00f3ra-sz\u00fcrke-1432249.html\" target=\"_blank\" rel=\"noreferrer noopener\">sz\u00f6vet sz\u00edjat tartalmaz\u00f3 Amazfit Balance Sunset Grey n\u00e9vre keresztelt verzi\u00f3.<\/a> Enn\u00e9l az \u00f3ra tok ez\u00fcst sz\u00edn\u0171 \u00e9s a sz\u00f6v\u00f6tt sz\u00edj sz\u00fcrke alapon hosszanti cs\u00edkokat tartalmaz.<\/p>\n\n\n\n<p><\/p>\n\n\n\n<figure class=\"wp-block-image size-large\"><img loading=\"lazy\" decoding=\"async\" width=\"1024\" height=\"683\" src=\"https:\/\/hir.mediamarkt.hu\/magazin\/wp-content\/uploads\/2023\/09\/amazfit-balance-okosora-11-1024x683.jpg\" alt=\"\" class=\"wp-image-17362\" srcset=\"https:\/\/hir.mediamarkt.hu\/magazin\/wp-content\/uploads\/2023\/09\/amazfit-balance-okosora-11-1024x683.jpg 1024w, https:\/\/hir.mediamarkt.hu\/magazin\/wp-content\/uploads\/2023\/09\/amazfit-balance-okosora-11-300x200.jpg 300w, https:\/\/hir.mediamarkt.hu\/magazin\/wp-content\/uploads\/2023\/09\/amazfit-balance-okosora-11-275x183.jpg 275w, https:\/\/hir.mediamarkt.hu\/magazin\/wp-content\/uploads\/2023\/09\/amazfit-balance-okosora-11-768x512.jpg 768w, https:\/\/hir.mediamarkt.hu\/magazin\/wp-content\/uploads\/2023\/09\/amazfit-balance-okosora-11.jpg 1200w\" sizes=\"(max-width: 1024px) 100vw, 1024px\" \/><\/figure>\n\n\n\n<p class=\"has-text-align-justify\">A sz\u00f6v\u00f6tt nylon sz\u00edj 150-210 mm k\u00f6z\u00f6tti csukl\u00f3 m\u00e9ret eset\u00e9n haszn\u00e1lhat\u00f3, pontos illeszked\u00e9s\u00e9t 3+1 t\u00e9p\u0151z\u00e1r seg\u00edti, \u00edgy k\u00f6nnyed\u00e9n testre szabhat\u00f3. Ezek a t\u00e9p\u0151z\u00e1rak el\u00e9g er\u0151sek, haszn\u00e1lat k\u00f6z\u00f6tt nem akarnak engedni, \u00edgy nem kellett sosem tartani att\u00f3l, hogy gond lenne vel\u00fck.<\/p>\n\n\n\n<h2 class=\"wp-block-heading\">\u00c9rint\u00e9ses fizet\u00e9s \u00e9s telefon\u00e1l\u00e1s<\/h2>\n\n\n\n<p class=\"has-text-align-justify\">Sz\u00e1mos k\u00e9nyelmi funkci\u00f3t kapott az <a href=\"http:\/\/mediamarkt.hu\/hu\/product\/_amazfit-balance-okos\u00f3ra-sz\u00fcrke-1432249.html\" target=\"_blank\" rel=\"noreferrer noopener\">Amazfit<\/a> Balance. Az egyik ilyen az \u00e9rint\u00e9ses fizet\u00e9s az \u00f3r\u00e1val. A Zepp Pay-t kell be\u00e1ll\u00edtani hozz\u00e1, amihez Magyarorsz\u00e1gon a teszt pillanat\u00e1ban a K&amp;H Bank k\u00e1rty\u00e1i adhat\u00f3k hozz\u00e1. Akinek nem enn\u00e9l a bankn\u00e1l van k\u00e1rty\u00e1ja, annak sem kell agg\u00f3dnia, a Curve fintech megold\u00e1s lehet a seg\u00edts\u00e9g\u00e9re, amelyre regisztr\u00e1lva hozz\u00e1adhatja m\u00e1s hazai bankk\u00e1rty\u00e1j\u00e1t \u00e9s a Curve-\u00f6t is be tudja \u00e1ll\u00edtani a Zepp Pay-ben.<\/p>\n\n\n\n<figure class=\"wp-block-image size-large is-resized\"><img loading=\"lazy\" decoding=\"async\" src=\"https:\/\/hir.mediamarkt.hu\/magazin\/wp-content\/uploads\/2023\/10\/amazfit-balance-zepp-pay-edited.jpg\" alt=\"\" class=\"wp-image-17424\" width=\"842\" height=\"456\" srcset=\"https:\/\/hir.mediamarkt.hu\/magazin\/wp-content\/uploads\/2023\/10\/amazfit-balance-zepp-pay-edited.jpg 417w, https:\/\/hir.mediamarkt.hu\/magazin\/wp-content\/uploads\/2023\/10\/amazfit-balance-zepp-pay-edited-300x163.jpg 300w, https:\/\/hir.mediamarkt.hu\/magazin\/wp-content\/uploads\/2023\/10\/amazfit-balance-zepp-pay-edited-275x149.jpg 275w\" sizes=\"(max-width: 842px) 100vw, 842px\" \/><\/figure>\n\n\n\n<p class=\"has-text-align-justify\">A kassz\u00e1n\u00e1l fizet\u00e9sn\u00e9l csak k\u00e9tszer meg kell nyomni gyorsan a korona gombot \u00e9s m\u00e1r fel is ugrik a be\u00e1ll\u00edtott k\u00e1rtya, amelyet 60 m\u00e1sodpercen bel\u00fcl kell oda\u00e9rinteni a bankk\u00e1rty\u00e1s termin\u00e1l NFC-s pontj\u00e1hoz. \u00cdgy k\u00e9nyelmesen v\u00e1s\u00e1rolhatunk akkor is, ha nincs n\u00e1lunk a bankk\u00e1rtya, vagy a p\u00e9nzt\u00e1rca. A fizet\u00e9si funkci\u00f3 be\u00e1ll\u00edt\u00e1s\u00e1t megel\u0151z\u0151en az \u00f3r\u00e1t egy PIN k\u00f3dos k\u00e9perny\u0151z\u00e1rral kell ell\u00e1tni, ez biztos\u00edtja azt, hogy ne legyen probl\u00e9ma ha esetleg elhagyn\u00e1nk az \u00f3r\u00e1t, nem lehet ilyen m\u00f3don vissza\u00e9lni a be\u00e1ll\u00edtott bankk\u00e1rty\u00e1val.<\/p>\n\n\n\n<p class=\"has-text-align-justify\">A m\u00e1sik kiemelt okosfunkci\u00f3 a Bluetooth h\u00edv\u00e1s lehet\u0151s\u00e9ge. A csatlakoztatott telefonon be\u00e9rkez\u0151 h\u00edv\u00e1st fel lehet venni az \u00f3r\u00e1n kereszt\u00fcl is. A be\u00e9p\u00edtett hangsz\u00f3r\u00f3nak \u00e9s mikrofonnak k\u00f6sz\u00f6nhet\u0151en k\u00f6nnyed\u00e9n lehet h\u00edv\u00e1st bonyol\u00edtani, ki sem kell venni a telefont a zsebb\u0151l, vagy t\u00e1sk\u00e1b\u00f3l.&nbsp;<\/p>\n\n\n\n<figure class=\"wp-block-image size-large is-resized\"><img loading=\"lazy\" decoding=\"async\" src=\"https:\/\/hir.mediamarkt.hu\/magazin\/wp-content\/uploads\/2023\/10\/amazfit-balance-bluetooth-hivas-edited.jpg\" alt=\"\" class=\"wp-image-17423\" width=\"838\" height=\"454\" srcset=\"https:\/\/hir.mediamarkt.hu\/magazin\/wp-content\/uploads\/2023\/10\/amazfit-balance-bluetooth-hivas-edited.jpg 738w, https:\/\/hir.mediamarkt.hu\/magazin\/wp-content\/uploads\/2023\/10\/amazfit-balance-bluetooth-hivas-edited-300x163.jpg 300w, https:\/\/hir.mediamarkt.hu\/magazin\/wp-content\/uploads\/2023\/10\/amazfit-balance-bluetooth-hivas-edited-275x149.jpg 275w\" sizes=\"(max-width: 838px) 100vw, 838px\" \/><\/figure>\n\n\n\n<p class=\"has-text-align-justify\">K\u00e9pes az \u00f3ra test\u00f6sszet\u00e9telt is m\u00e9rni. Ezt eddig f\u0151leg a k\u00fcl\u00f6nb\u00f6z\u0151 okosm\u00e9rlegek k\u00edn\u00e1lt\u00e1k, azonban az Amazfit berakta ezt a funkci\u00f3t az \u00e1rba is. Ehhez a csukl\u00f3n l\u00e9v\u0151 \u00f3r\u00e1n el kell ind\u00edtani a m\u00e9r\u00e9st, majd a m\u00e1sik k\u00e9zzel k\u00e9t ujjal meg\u00e9rinteni a k\u00e9t gomb fel\u00fclet\u00e9t. A m\u00e9r\u00e9s mind\u00f6sszesen 10 m\u00e1sodpercet vesz ig\u00e9nybe &#8211; rendk\u00edv\u00fcl r\u00f6vid teh\u00e1t \u00e9s megkalkul\u00e1lja a v\u00e1zizomzat t\u00f6meg\u00e9t, a test v\u00edztartalm\u00e1t, a csontt\u00f6meget, a feh\u00e9rje szintj\u00e9t \u00e9s a BMI \u00e9rt\u00e9ket is kisz\u00e1molja. Term\u00e9szetesen ezen adatok nem orvosi eredm\u00e9nyek, viszont j\u00f3 ir\u00e1nymutat\u00e1st adhatnak. Ebben seg\u00edt az is, hogy egy sk\u00e1l\u00e1n is elhelyezi az \u00e9rt\u00e9keket az \u00f3ra, bemutatva, hogy az norm\u00e1lis-e, vagy att\u00f3l elt\u00e9r-e valamilyen ir\u00e1nyba.<\/p>\n\n\n\n<p class=\"has-text-align-justify\">A testi-lelki egyens\u00falyt seg\u00edti a K\u00e9sz\u00fclts\u00e9g funkci\u00f3 is. Ez egy pontsz\u00e1mmal \u00e9s adatokkal seg\u00edt meg\u00e9rteni, hogy mennyire vagyunk k\u00e9szen egy edz\u00e9sre, fizikai aktvit\u00e1sra. Az \u00f6sszpontsz\u00e1m alapj\u00e1n l\u00e1thatjuk, hogy vajon a k\u00fcl\u00f6nb\u00f6z\u0151 eg\u00e9szs\u00e9g\u00fcgyi adataink alapj\u00e1n mennyire vagyunk felk\u00e9sz\u00fclve arra, hogy edz\u00e9st v\u00e9gezz\u00fcnk. Ehhez figyelembe veszi \u00e9s pontozza a fizikai regener\u00e1l\u00f3d\u00e1st, a ment\u00e1lis regener\u00e1l\u00f3d\u00e1st, a nyugalmi pulzussz\u00e1mot, a pulzussz\u00e1m-v\u00e1ltoz\u00e1st (HRV), a l\u00e9gz\u00e9st \u00e9s a test h\u0151m\u00e9rs\u00e9klet v\u00e1ltoz\u00e1s\u00e1t. Ezek seg\u00edts\u00e9g\u00e9vel, ha figyel\u00fcnk a kapott \u00e9rt\u00e9kekre, elker\u00fclhet\u0151 ak\u00e1r s\u00e9r\u00fcl\u00e9s, illetve a nagyobb fok\u00fa kimer\u00fclts\u00e9g. Ezek pedig seg\u00edthetnek a m\u00e9g jobb teljes\u00edtm\u00e9nyre. Hasonl\u00f3 funkci\u00f3t l\u00e1thatunk egyes <a href=\"https:\/\/www.mediamarkt.hu\/hu\/category\/_okos%C3%B3ra-734575.html?searchParams=%2FSearch.ff%3Fchannel%3DMMHUhu%26filterCategoriesROOT%3DOkos%2Beszk%25C3%25B6z%25C3%25B6k%25C2%25A7MediaHUhuc734574%26filterCategoriesROOT%3DMobiltelefon%2B%2526%2BOkos%25C3%25B3ra%25C2%25A7MediaHUhuc504791%26filterCategoriesROOT%2FMobiltelefon%2B%2526%2BOkos%25C3%25B3ra%25C2%25A7MediaHUhuc504791%2FOkos%2Beszk%25C3%25B6z%25C3%25B6k%25C2%25A7MediaHUhuc734574%3DOkos%25C3%25B3ra%25C2%25A7MediaHUhuc734575%26filterbrand%3DGARMIN%26ids_only%3Dtrue%26productsPerPage%3D20&amp;sort=&amp;view=&amp;page=\" target=\"_blank\" rel=\"noreferrer noopener\">Garmin \u00f3r\u00e1kban <\/a>is (ott Edz\u00e9sre val\u00f3 felk\u00e9sz\u00fclts\u00e9g n\u00e9ven).<\/p>\n\n\n\n<figure class=\"wp-block-gallery has-nested-images columns-default is-cropped wp-block-gallery-2 is-layout-flex wp-block-gallery-is-layout-flex\">\n<figure class=\"wp-block-image size-large\"><img loading=\"lazy\" decoding=\"async\" width=\"360\" height=\"800\" data-id=\"17377\" src=\"https:\/\/hir.mediamarkt.hu\/magazin\/wp-content\/uploads\/2023\/09\/amazfit-balance-zepp-2.jpg\" alt=\"\" class=\"wp-image-17377\" srcset=\"https:\/\/hir.mediamarkt.hu\/magazin\/wp-content\/uploads\/2023\/09\/amazfit-balance-zepp-2.jpg 360w, https:\/\/hir.mediamarkt.hu\/magazin\/wp-content\/uploads\/2023\/09\/amazfit-balance-zepp-2-135x300.jpg 135w, https:\/\/hir.mediamarkt.hu\/magazin\/wp-content\/uploads\/2023\/09\/amazfit-balance-zepp-2-225x500.jpg 225w\" sizes=\"(max-width: 360px) 100vw, 360px\" \/><\/figure>\n\n\n\n<figure class=\"wp-block-image size-large\"><img loading=\"lazy\" decoding=\"async\" width=\"360\" height=\"800\" data-id=\"17376\" src=\"https:\/\/hir.mediamarkt.hu\/magazin\/wp-content\/uploads\/2023\/09\/amazfit-balance-zepp-3.jpg\" alt=\"\" class=\"wp-image-17376\" srcset=\"https:\/\/hir.mediamarkt.hu\/magazin\/wp-content\/uploads\/2023\/09\/amazfit-balance-zepp-3.jpg 360w, https:\/\/hir.mediamarkt.hu\/magazin\/wp-content\/uploads\/2023\/09\/amazfit-balance-zepp-3-135x300.jpg 135w, https:\/\/hir.mediamarkt.hu\/magazin\/wp-content\/uploads\/2023\/09\/amazfit-balance-zepp-3-225x500.jpg 225w\" sizes=\"(max-width: 360px) 100vw, 360px\" \/><\/figure>\n<\/figure>\n\n\n\n<p class=\"has-text-align-justify\">Tov\u00e1bbi k\u00fcl\u00f6nlegess\u00e9g az Aura AI funkci\u00f3. Ez k\u00fcl\u00f6nb\u00f6z\u0151 hanganyagokat tartalmaz medit\u00e1ci\u00f3hoz, alv\u00e1shoz \u00e9s megnyugv\u00e1shoz. Ezek r\u00e1ad\u00e1sul nem csak egy szimpla zenei v\u00e1logat\u00e1s, hanem az \u00f3r\u00e1n kereszt\u00fcl figyeli a pulzusv\u00e1ltoz\u00e1st a szolg\u00e1ltat\u00e1s \u00e9s ennek megfelel\u0151en alak\u00edtja a hangot, seg\u00edtve a nyugodtabb alv\u00e1st, vagy \u00e9ppen a medit\u00e1l\u00e1st. A Zepp Aura AI alapb\u00f3l egy fizet\u0151s funkci\u00f3, viszont a Amazfit Balance tulajdonosok kapnak egy h\u00e1rom h\u00f3napos ingyenes id\u0151szakot (2023. december 22-ig). Ezt k\u00f6vet\u0151en el\u0151fizet\u00e9si d\u00edj ellen\u00e9ben lehet haszn\u00e1lni, ami havonta 9,99 eur\u00f3, vagy \u00e9ves el\u0151fizet\u00e9ssel 49,99 eur\u00f3.<\/p>\n\n\n\n<figure class=\"wp-block-gallery has-nested-images columns-default is-cropped wp-block-gallery-3 is-layout-flex wp-block-gallery-is-layout-flex\">\n<figure class=\"wp-block-image size-large\"><img loading=\"lazy\" decoding=\"async\" width=\"360\" height=\"800\" data-id=\"17369\" src=\"https:\/\/hir.mediamarkt.hu\/magazin\/wp-content\/uploads\/2023\/09\/amazfit-balance-zepp-6.jpg\" alt=\"\" class=\"wp-image-17369\" srcset=\"https:\/\/hir.mediamarkt.hu\/magazin\/wp-content\/uploads\/2023\/09\/amazfit-balance-zepp-6.jpg 360w, https:\/\/hir.mediamarkt.hu\/magazin\/wp-content\/uploads\/2023\/09\/amazfit-balance-zepp-6-135x300.jpg 135w, https:\/\/hir.mediamarkt.hu\/magazin\/wp-content\/uploads\/2023\/09\/amazfit-balance-zepp-6-225x500.jpg 225w\" sizes=\"(max-width: 360px) 100vw, 360px\" \/><\/figure>\n\n\n\n<figure class=\"wp-block-image size-large\"><img loading=\"lazy\" decoding=\"async\" width=\"360\" height=\"800\" data-id=\"17370\" src=\"https:\/\/hir.mediamarkt.hu\/magazin\/wp-content\/uploads\/2023\/09\/amazfit-balance-zepp-7.jpg\" alt=\"\" class=\"wp-image-17370\" srcset=\"https:\/\/hir.mediamarkt.hu\/magazin\/wp-content\/uploads\/2023\/09\/amazfit-balance-zepp-7.jpg 360w, https:\/\/hir.mediamarkt.hu\/magazin\/wp-content\/uploads\/2023\/09\/amazfit-balance-zepp-7-135x300.jpg 135w, https:\/\/hir.mediamarkt.hu\/magazin\/wp-content\/uploads\/2023\/09\/amazfit-balance-zepp-7-225x500.jpg 225w\" sizes=\"(max-width: 360px) 100vw, 360px\" \/><\/figure>\n<\/figure>\n\n\n\n<figure class=\"wp-block-image size-large\"><img loading=\"lazy\" decoding=\"async\" width=\"1024\" height=\"601\" src=\"https:\/\/hir.mediamarkt.hu\/magazin\/wp-content\/uploads\/2023\/10\/Amazfit_Balance_aura_alvas-1024x601.png\" alt=\"\" class=\"wp-image-17433\" srcset=\"https:\/\/hir.mediamarkt.hu\/magazin\/wp-content\/uploads\/2023\/10\/Amazfit_Balance_aura_alvas-1024x601.png 1024w, https:\/\/hir.mediamarkt.hu\/magazin\/wp-content\/uploads\/2023\/10\/Amazfit_Balance_aura_alvas-300x176.png 300w, https:\/\/hir.mediamarkt.hu\/magazin\/wp-content\/uploads\/2023\/10\/Amazfit_Balance_aura_alvas-275x161.png 275w, https:\/\/hir.mediamarkt.hu\/magazin\/wp-content\/uploads\/2023\/10\/Amazfit_Balance_aura_alvas-768x451.png 768w, https:\/\/hir.mediamarkt.hu\/magazin\/wp-content\/uploads\/2023\/10\/Amazfit_Balance_aura_alvas.png 1296w\" sizes=\"(max-width: 1024px) 100vw, 1024px\" \/><\/figure>\n\n\n\n<h2 class=\"wp-block-heading\">Zepp-edz\u0151 \u00e9s a sport<\/h2>\n\n\n\n<p class=\"has-text-align-justify\">Ma m\u00e1r teljesen elmos\u00f3dott a vonal az okos\u00f3r\u00e1k \u00e9s a sport\u00f3r\u00e1k k\u00f6z\u00f6tt, nem is igaz\u00e1n hat\u00e1rozhat\u00f3 meg val\u00f3s k\u00fcl\u00f6nbs\u00e9g k\u00f6z\u00f6tt\u00fck tal\u00e1n.<\/p>\n\n\n\n<p class=\"has-text-align-justify\">Az <strong>Amazfit Balance egyik funkci\u00f3ja a Zepp-edz\u0151<\/strong>, amely konkr\u00e9t edz\u00e9stervvel seg\u00edti a felk\u00e9sz\u00fclt egy t\u00e1vra, vagy versenyre. Itt amit hi\u00e1nyolhatunk, hogy csak 5 \u00e9s 10 kilom\u00e9teres t\u00e1vokra k\u00edn\u00e1l edz\u00e9st, hosszabb t\u00e1vra, p\u00e9ld\u00e1ul f\u00e9lmaratonra, vagy maratonra m\u00e1r nem. <\/p>\n\n\n\n<p class=\"has-text-align-justify\">Viszont az edz\u00e9sekn\u00e9l lehet\u0151s\u00e9g van be\u00e1ll\u00edtani, hogy<\/p>\n\n\n\n<ul>\n<li>mely napokon futn\u00e1nk, <\/li>\n\n\n\n<li>milyen eredm\u00e9nnyel szeretn\u00e9nk z\u00e1rni az edz\u00e9stervet.<\/li>\n<\/ul>\n\n\n\n<p class=\"has-text-align-justify\">Az \u00f3ra sz\u00e9pen lenavig\u00e1lja az adott edz\u00e9st, azaz jelez, ha p\u00e9ld\u00e1ul a bemeleg\u00edt\u00e9st k\u00f6vet\u0151en fartlek fut\u00e1sn\u00e1l gyorsabban kell futni, vagy lassabban.<\/p>\n\n\n\n<figure class=\"wp-block-image size-large is-resized\"><img loading=\"lazy\" decoding=\"async\" src=\"https:\/\/hir.mediamarkt.hu\/magazin\/wp-content\/uploads\/2023\/10\/amazfit-balance-okosora-17-edited.jpg\" alt=\"\" class=\"wp-image-17422\" width=\"839\" height=\"560\" srcset=\"https:\/\/hir.mediamarkt.hu\/magazin\/wp-content\/uploads\/2023\/10\/amazfit-balance-okosora-17-edited.jpg 533w, https:\/\/hir.mediamarkt.hu\/magazin\/wp-content\/uploads\/2023\/10\/amazfit-balance-okosora-17-edited-300x200.jpg 300w, https:\/\/hir.mediamarkt.hu\/magazin\/wp-content\/uploads\/2023\/10\/amazfit-balance-okosora-17-edited-275x184.jpg 275w\" sizes=\"(max-width: 839px) 100vw, 839px\" \/><\/figure>\n\n\n\n<figure class=\"wp-block-gallery has-nested-images columns-default is-cropped wp-block-gallery-4 is-layout-flex wp-block-gallery-is-layout-flex\">\n<figure class=\"wp-block-image size-large\"><img loading=\"lazy\" decoding=\"async\" width=\"360\" height=\"800\" data-id=\"17372\" src=\"https:\/\/hir.mediamarkt.hu\/magazin\/wp-content\/uploads\/2023\/09\/amazfit-balance-zepp-12.jpg\" alt=\"\" class=\"wp-image-17372\" srcset=\"https:\/\/hir.mediamarkt.hu\/magazin\/wp-content\/uploads\/2023\/09\/amazfit-balance-zepp-12.jpg 360w, https:\/\/hir.mediamarkt.hu\/magazin\/wp-content\/uploads\/2023\/09\/amazfit-balance-zepp-12-135x300.jpg 135w, https:\/\/hir.mediamarkt.hu\/magazin\/wp-content\/uploads\/2023\/09\/amazfit-balance-zepp-12-225x500.jpg 225w\" sizes=\"(max-width: 360px) 100vw, 360px\" \/><\/figure>\n\n\n\n<figure class=\"wp-block-image size-large\"><img loading=\"lazy\" decoding=\"async\" width=\"360\" height=\"800\" data-id=\"17371\" src=\"https:\/\/hir.mediamarkt.hu\/magazin\/wp-content\/uploads\/2023\/09\/amazfit-balance-zepp-13.jpg\" alt=\"\" class=\"wp-image-17371\" srcset=\"https:\/\/hir.mediamarkt.hu\/magazin\/wp-content\/uploads\/2023\/09\/amazfit-balance-zepp-13.jpg 360w, https:\/\/hir.mediamarkt.hu\/magazin\/wp-content\/uploads\/2023\/09\/amazfit-balance-zepp-13-135x300.jpg 135w, https:\/\/hir.mediamarkt.hu\/magazin\/wp-content\/uploads\/2023\/09\/amazfit-balance-zepp-13-225x500.jpg 225w\" sizes=\"(max-width: 360px) 100vw, 360px\" \/><\/figure>\n<\/figure>\n\n\n\n<p class=\"has-text-align-justify\">Az \u00f3ra m\u00e9ri az edz\u00e9s\u00e1llapotot is, a sport aktivit\u00e1s alapj\u00e1n kalkul\u00e1l egy VO2 Max \u00e9rt\u00e9ket (ez azt mutatja meg, hogy testt\u00f6meg-kilogrammonk\u00e9nt \u00e9s percenk\u00e9nt mennyi a maxim\u00e1lisan elhaszn\u00e1lhat\u00f3 oxig\u00e9n mennyis\u00e9ge). Emellett van EOPC, azaz az edz\u00e9s ut\u00e1ni t\u00falzott oxig\u00e9nfogyaszt\u00e1s, ez a terhel\u00e9st seg\u00edti monitorozni \u00e9s sz\u00f3l az alkalmaz\u00e1s, ha t\u00fal sokat, vagy keveset edz\u00fcnk.<\/p>\n\n\n\n<figure class=\"wp-block-gallery has-nested-images columns-default is-cropped wp-block-gallery-5 is-layout-flex wp-block-gallery-is-layout-flex\">\n<figure class=\"wp-block-image size-large\"><img loading=\"lazy\" decoding=\"async\" width=\"360\" height=\"800\" data-id=\"17365\" src=\"https:\/\/hir.mediamarkt.hu\/magazin\/wp-content\/uploads\/2023\/09\/amazfit-balance-zepp-8.jpg\" alt=\"\" class=\"wp-image-17365\" srcset=\"https:\/\/hir.mediamarkt.hu\/magazin\/wp-content\/uploads\/2023\/09\/amazfit-balance-zepp-8.jpg 360w, https:\/\/hir.mediamarkt.hu\/magazin\/wp-content\/uploads\/2023\/09\/amazfit-balance-zepp-8-135x300.jpg 135w, https:\/\/hir.mediamarkt.hu\/magazin\/wp-content\/uploads\/2023\/09\/amazfit-balance-zepp-8-225x500.jpg 225w\" sizes=\"(max-width: 360px) 100vw, 360px\" \/><\/figure>\n\n\n\n<figure class=\"wp-block-image size-large\"><img loading=\"lazy\" decoding=\"async\" width=\"360\" height=\"800\" data-id=\"17364\" src=\"https:\/\/hir.mediamarkt.hu\/magazin\/wp-content\/uploads\/2023\/09\/amazfit-balance-zepp-9.jpg\" alt=\"\" class=\"wp-image-17364\" srcset=\"https:\/\/hir.mediamarkt.hu\/magazin\/wp-content\/uploads\/2023\/09\/amazfit-balance-zepp-9.jpg 360w, https:\/\/hir.mediamarkt.hu\/magazin\/wp-content\/uploads\/2023\/09\/amazfit-balance-zepp-9-135x300.jpg 135w, https:\/\/hir.mediamarkt.hu\/magazin\/wp-content\/uploads\/2023\/09\/amazfit-balance-zepp-9-225x500.jpg 225w\" sizes=\"(max-width: 360px) 100vw, 360px\" \/><\/figure>\n<\/figure>\n\n\n\n<blockquote class=\"wp-block-quote\">\n<p class=\"has-text-align-justify\">Kapunk teljes\u00edtm\u00e9ny-el\u0151rejelz\u00e9st is a fut\u00e1shoz!<\/p>\n<\/blockquote>\n\n\n\n<p class=\"has-text-align-justify\">Ez egy t\u00e1bl\u00e1zatban seg\u00edt meghat\u00e1rozni, hogy a kor\u00e1bbi fut\u00e1saink alapj\u00e1n a k\u00fcl\u00f6nb\u00f6z\u0151 t\u00e1vokon milyen eredm\u00e9ny el\u00e9r\u00e9se lehet re\u00e1lis. A 3 km-es t\u00e1vt\u00f3l eg\u00e9szen a maratonig (42,2 km) jelez ez v\u00e1rhat\u00f3 id\u0151t \u00e9s hozz\u00e1 egy \u00e1tlagtemp\u00f3t.<\/p>\n\n\n\n<figure class=\"wp-block-gallery has-nested-images columns-default is-cropped wp-block-gallery-6 is-layout-flex wp-block-gallery-is-layout-flex\">\n<figure class=\"wp-block-image size-large\"><img loading=\"lazy\" decoding=\"async\" width=\"360\" height=\"800\" data-id=\"17367\" src=\"https:\/\/hir.mediamarkt.hu\/magazin\/wp-content\/uploads\/2023\/09\/amazfit-balance-zepp-10.jpg\" alt=\"\" class=\"wp-image-17367\" srcset=\"https:\/\/hir.mediamarkt.hu\/magazin\/wp-content\/uploads\/2023\/09\/amazfit-balance-zepp-10.jpg 360w, https:\/\/hir.mediamarkt.hu\/magazin\/wp-content\/uploads\/2023\/09\/amazfit-balance-zepp-10-135x300.jpg 135w, https:\/\/hir.mediamarkt.hu\/magazin\/wp-content\/uploads\/2023\/09\/amazfit-balance-zepp-10-225x500.jpg 225w\" sizes=\"(max-width: 360px) 100vw, 360px\" \/><\/figure>\n\n\n\n<figure class=\"wp-block-image size-large\"><img loading=\"lazy\" decoding=\"async\" width=\"360\" height=\"800\" data-id=\"17366\" src=\"https:\/\/hir.mediamarkt.hu\/magazin\/wp-content\/uploads\/2023\/09\/amazfit-balance-zepp-11.jpg\" alt=\"\" class=\"wp-image-17366\" srcset=\"https:\/\/hir.mediamarkt.hu\/magazin\/wp-content\/uploads\/2023\/09\/amazfit-balance-zepp-11.jpg 360w, https:\/\/hir.mediamarkt.hu\/magazin\/wp-content\/uploads\/2023\/09\/amazfit-balance-zepp-11-135x300.jpg 135w, https:\/\/hir.mediamarkt.hu\/magazin\/wp-content\/uploads\/2023\/09\/amazfit-balance-zepp-11-225x500.jpg 225w\" sizes=\"(max-width: 360px) 100vw, 360px\" \/><\/figure>\n<\/figure>\n\n\n\n<p class=\"has-text-align-justify\">T\u00f6bb mint 50 kilom\u00e9ternyi fut\u00e1s alapj\u00e1n kijelenthet\u0151, hogy a Balance helymeghat\u00e1roz\u00e1sa j\u00f3l m\u0171k\u00f6dik, sz\u00e9pen lek\u00f6vethet\u0151 az \u00fatvonal, nem igaz\u00e1n vesz\u00edt poz\u00edci\u00f3t, nem rontja el az \u00fatvonalat. Ez k\u00f6sz\u00f6nhet\u0151 a dual-band navig\u00e1ci\u00f3s megold\u00e1snak. A temp\u00f3 meghat\u00e1roz\u00e1sban nem volt mindig teljesen j\u00f3, de a mutatott elt\u00e9r\u00e9sek n\u00e9h\u00e1ny m\u00e1sodpercesek voltak a val\u00f3st\u00f3l, \u00edgy nem mondhat\u00f3, hogy komoly hiba volna ez. Az optikai pulzusm\u00e9r\u00e9s m\u00e9g ma is ott j\u00e1r, hogy egy mellkasi m\u00e9r\u00e9shez k\u00e9pest korl\u00e1tozott m\u00e9rt\u00e9kben lehet adni r\u00e1. Egy nyugalmi \u00e1llapotban, s\u00e9t\u00e1n\u00e1l, torn\u00e1n\u00e1l hib\u00e1tlanul m\u00e9r. Fut\u00e1sn\u00e1l, k\u00f6nnyed temp\u00f3n\u00e1l, ha esetleg folyamatosan tartjuk az adott sebess\u00e9get, akkor eg\u00e9szen pontosan tudja m\u00e9rni m\u00e9g egy mellkasi pulzusp\u00e1nthoz viszony\u00edtva is a sz\u00edvver\u00e9s sebess\u00e9g\u00e9t. Ebben seg\u00edt egy\u00e9bk\u00e9nt az is, hogy a sz\u00f6vet sz\u00edj j\u00f3l megh\u00fazhat\u00f3 kell\u0151 feszess\u00e9gre a csukl\u00f3n. Egy fartlek fut\u00e1sn\u00e1l, vagy olyan gyors\u00edt\u00f3 edz\u00e9sn\u00e9l, ahol a pulzus gyorsan emelkedik, majd gyorsan cs\u00f6kken, m\u00e1r nem teljesen pontos a m\u00e9r\u00e9s, ekkor az optikai szenzorhoz tartoz\u00f3 algoritmus m\u00e1r nem boldogul t\u00f6k\u00e9letesen a v\u00e1ltoz\u00e1ssal. De ez gyakorlatilag minden \u00f3r\u00e1ra igaz m\u00e9g 2023-ban is, amely optikai m\u00e9r\u00e9st haszn\u00e1l erre a c\u00e9lra.<\/p>\n\n\n\n<figure class=\"wp-block-gallery has-nested-images columns-5 is-cropped wp-block-gallery-7 is-layout-flex wp-block-gallery-is-layout-flex\">\n<figure class=\"wp-block-image size-large\"><img loading=\"lazy\" decoding=\"async\" width=\"450\" height=\"1000\" data-id=\"17382\" src=\"https:\/\/hir.mediamarkt.hu\/magazin\/wp-content\/uploads\/2023\/09\/amazfit-balance-zepp-18.jpg\" alt=\"\" class=\"wp-image-17382\" srcset=\"https:\/\/hir.mediamarkt.hu\/magazin\/wp-content\/uploads\/2023\/09\/amazfit-balance-zepp-18.jpg 450w, https:\/\/hir.mediamarkt.hu\/magazin\/wp-content\/uploads\/2023\/09\/amazfit-balance-zepp-18-135x300.jpg 135w, https:\/\/hir.mediamarkt.hu\/magazin\/wp-content\/uploads\/2023\/09\/amazfit-balance-zepp-18-225x500.jpg 225w\" sizes=\"(max-width: 450px) 100vw, 450px\" \/><\/figure>\n\n\n\n<figure class=\"wp-block-image size-large\"><img loading=\"lazy\" decoding=\"async\" width=\"450\" height=\"1000\" data-id=\"17381\" src=\"https:\/\/hir.mediamarkt.hu\/magazin\/wp-content\/uploads\/2023\/09\/amazfit-balance-zepp-17.jpg\" alt=\"\" class=\"wp-image-17381\" srcset=\"https:\/\/hir.mediamarkt.hu\/magazin\/wp-content\/uploads\/2023\/09\/amazfit-balance-zepp-17.jpg 450w, https:\/\/hir.mediamarkt.hu\/magazin\/wp-content\/uploads\/2023\/09\/amazfit-balance-zepp-17-135x300.jpg 135w, https:\/\/hir.mediamarkt.hu\/magazin\/wp-content\/uploads\/2023\/09\/amazfit-balance-zepp-17-225x500.jpg 225w\" sizes=\"(max-width: 450px) 100vw, 450px\" \/><\/figure>\n\n\n\n<figure class=\"wp-block-image size-large\"><img loading=\"lazy\" decoding=\"async\" width=\"450\" height=\"1000\" data-id=\"17380\" src=\"https:\/\/hir.mediamarkt.hu\/magazin\/wp-content\/uploads\/2023\/09\/amazfit-balance-zepp-15.jpg\" alt=\"\" class=\"wp-image-17380\" srcset=\"https:\/\/hir.mediamarkt.hu\/magazin\/wp-content\/uploads\/2023\/09\/amazfit-balance-zepp-15.jpg 450w, https:\/\/hir.mediamarkt.hu\/magazin\/wp-content\/uploads\/2023\/09\/amazfit-balance-zepp-15-135x300.jpg 135w, https:\/\/hir.mediamarkt.hu\/magazin\/wp-content\/uploads\/2023\/09\/amazfit-balance-zepp-15-225x500.jpg 225w\" sizes=\"(max-width: 450px) 100vw, 450px\" \/><\/figure>\n\n\n\n<figure class=\"wp-block-image size-large\"><img loading=\"lazy\" decoding=\"async\" width=\"450\" height=\"1000\" data-id=\"17379\" src=\"https:\/\/hir.mediamarkt.hu\/magazin\/wp-content\/uploads\/2023\/09\/amazfit-balance-zepp-16.jpg\" alt=\"\" class=\"wp-image-17379\" srcset=\"https:\/\/hir.mediamarkt.hu\/magazin\/wp-content\/uploads\/2023\/09\/amazfit-balance-zepp-16.jpg 450w, https:\/\/hir.mediamarkt.hu\/magazin\/wp-content\/uploads\/2023\/09\/amazfit-balance-zepp-16-135x300.jpg 135w, https:\/\/hir.mediamarkt.hu\/magazin\/wp-content\/uploads\/2023\/09\/amazfit-balance-zepp-16-225x500.jpg 225w\" sizes=\"(max-width: 450px) 100vw, 450px\" \/><\/figure>\n\n\n\n<figure class=\"wp-block-image size-large\"><img loading=\"lazy\" decoding=\"async\" width=\"450\" height=\"1000\" data-id=\"17383\" src=\"https:\/\/hir.mediamarkt.hu\/magazin\/wp-content\/uploads\/2023\/09\/amazfit-balance-zepp-19.jpg\" alt=\"\" class=\"wp-image-17383\" srcset=\"https:\/\/hir.mediamarkt.hu\/magazin\/wp-content\/uploads\/2023\/09\/amazfit-balance-zepp-19.jpg 450w, https:\/\/hir.mediamarkt.hu\/magazin\/wp-content\/uploads\/2023\/09\/amazfit-balance-zepp-19-135x300.jpg 135w, https:\/\/hir.mediamarkt.hu\/magazin\/wp-content\/uploads\/2023\/09\/amazfit-balance-zepp-19-225x500.jpg 225w\" sizes=\"(max-width: 450px) 100vw, 450px\" \/><\/figure>\n<\/figure>\n\n\n\n<p>A fut\u00e1s mellett rendk\u00edv\u00fcl sok sportot t\u00e1mogat m\u00e9g az <a href=\"http:\/\/mediamarkt.hu\/hu\/product\/_amazfit-balance-okos\u00f3ra-sz\u00fcrke-1432249.html\" target=\"_blank\" rel=\"noreferrer noopener\">Amazfit Balance<\/a>:<\/p>\n\n\n\n<ul>\n<li>alap sportok: mint a s\u00e9ta, a ker\u00e9kp\u00e1roz\u00e1s<\/li>\n\n\n\n<li>el\u00e9rhet\u0151 az er\u0151nl\u00e9ti edz\u00e9s, az \u00fasz\u00e1s, a m\u00e1sz\u00e1s, az eliptikus tr\u00e9ner, j\u00f3ga \u00e9s m\u00e9g megannyi m\u00e1s sport is megtal\u00e1lhat\u00f3<\/li>\n\n\n\n<li>a s\u00edel\u00e9s, a t\u00e1nc, a k\u00fcl\u00f6nb\u00f6z\u0151 harcm\u0171v\u00e9szetek &#8230;<\/li>\n\n\n\n<li>t\u00e1mogatja a multisport tev\u00e9kenys\u00e9get, teh\u00e1t lehet egyben r\u00f6gz\u00edteni ker\u00e9kp\u00e1roz\u00e1st \u00e9s fut\u00e1st is.<\/li>\n<\/ul>\n\n\n\n<h2 class=\"wp-block-heading\">Amazfit Balance: a men\u00fc fel\u00e9p\u00edt\u00e9se ismer\u0151s<\/h2>\n\n\n\n<p class=\"has-text-align-justify\">Az \u00f3ra men\u00fcrendszere egy\u00e9bk\u00e9nt ismer\u0151s \u00e9s egyszer\u0171, hiszen sok gy\u00e1rt\u00f3 haszn\u00e1lja ugyan azt a logikai elrendez\u00e9st, illetve a kor\u00e1bban tesztelt Amazfit \u00f3r\u00e1k is hasonl\u00f3 megold\u00e1st tartalmaznak.<\/p>\n\n\n\n<p class=\"has-text-align-justify\">A sz\u00e1mlapr\u00f3l fentr\u0151l lefel\u00e9 lapozva egy be\u00e1ll\u00edt\u00e1si panelt kapunk, ahol a k\u00fcl\u00f6nb\u00f6z\u0151 funkci\u00f3kat kapcsolhatjuk ki-be. Ha lentr\u0151l felfel\u00e9 lapozunk, a telefonr\u00f3l \u00e9rkez\u0151 \u00e9rtes\u00edt\u00e9seket tal\u00e1lhatjuk meg. Ha jobbra, vagy balra lapozunk, k\u00fcl\u00f6nb\u00f6z\u0151 funkci\u00f3k k\u00e9perny\u0151i jelenhetnek meg, mint amilyen a terhel\u00e9s, a K\u00e9szenl\u00e9t, a Pulzus, vagy \u00e9ppen az id\u0151j\u00e1r\u00e1s.<\/p>\n\n\n\n<figure class=\"wp-block-image size-large is-resized\"><img loading=\"lazy\" decoding=\"async\" src=\"https:\/\/hir.mediamarkt.hu\/magazin\/wp-content\/uploads\/2023\/10\/amazfit-balance-okosora-6-edited.jpg\" alt=\"\" class=\"wp-image-17421\" width=\"841\" height=\"562\" srcset=\"https:\/\/hir.mediamarkt.hu\/magazin\/wp-content\/uploads\/2023\/10\/amazfit-balance-okosora-6-edited.jpg 533w, https:\/\/hir.mediamarkt.hu\/magazin\/wp-content\/uploads\/2023\/10\/amazfit-balance-okosora-6-edited-300x200.jpg 300w, https:\/\/hir.mediamarkt.hu\/magazin\/wp-content\/uploads\/2023\/10\/amazfit-balance-okosora-6-edited-275x184.jpg 275w\" sizes=\"(max-width: 841px) 100vw, 841px\" \/><\/figure>\n\n\n\n<p class=\"has-text-align-justify\">A f\u0151men\u00fcben a kerek ikonokkal tark\u00edtott \u201ct\u00e9rk\u00e9p\u201d az alap\u00e9rtelmezett elrendez\u00e9s. Ez akkor hasznos igaz\u00e1n, ha m\u00e1r kitapasztaltuk az \u00f3ra men\u00fcj\u00e9t, hiszen felirat n\u00e9lk\u00fcl, csak az ikonokkal gyorsan navig\u00e1lhatunk. Term\u00e9szetesen a korona elforgat\u00e1s\u00e1val r\u00e1 lehet nagy\u00edtani \u00e9s \u00edgy megjelenik a funkci\u00f3 neve is. Be\u00e1ll\u00edthat\u00f3 egy\u00e9bk\u00e9nt hagyom\u00e1nyos, lista alap\u00fa n\u00e9zet is.<\/p>\n\n\n\n<figure class=\"wp-block-image size-large is-resized\"><img loading=\"lazy\" decoding=\"async\" src=\"https:\/\/hir.mediamarkt.hu\/magazin\/wp-content\/uploads\/2023\/10\/amazfit-balance-okosora-3-edited.jpg\" alt=\"\" class=\"wp-image-17419\" width=\"838\" height=\"558\" srcset=\"https:\/\/hir.mediamarkt.hu\/magazin\/wp-content\/uploads\/2023\/10\/amazfit-balance-okosora-3-edited.jpg 580w, https:\/\/hir.mediamarkt.hu\/magazin\/wp-content\/uploads\/2023\/10\/amazfit-balance-okosora-3-edited-300x200.jpg 300w, https:\/\/hir.mediamarkt.hu\/magazin\/wp-content\/uploads\/2023\/10\/amazfit-balance-okosora-3-edited-275x183.jpg 275w\" sizes=\"(max-width: 838px) 100vw, 838px\" \/><\/figure>\n\n\n\n<p class=\"has-text-align-justify\">Az <a href=\"http:\/\/mediamarkt.hu\/hu\/product\/_amazfit-balance-okos\u00f3ra-sz\u00fcrke-1432249.html\" target=\"_blank\" rel=\"noreferrer noopener\">Amazfit Balance<\/a> eset\u00e9n a r\u00e9szletekben rejlik minden fontos dolog. <strong>A nagyobb kijelz\u0151, az alum\u00ednium h\u00e1z, a sz\u00f6vet sz\u00edj h\u00e1rmasa nagyon j\u00f3l \u00f6ssze\u00e1ll \u00e9s eleg\u00e1ns, min\u0151s\u00e9gi \u00e9rzetet kelt a felhaszn\u00e1l\u00f3ban.<\/strong><\/p>\n\n\n\n<p class=\"has-text-align-justify\">Mindenk\u00e9ppen fontos funkci\u00f3 az \u00e9rint\u00e9ses fizet\u00e9s t\u00e1mogat\u00e1sa \u00e9s a Bluetooth-h\u00edv\u00e1s lehet\u0151s\u00e9ge, mell\u00e9 pedig t\u00f6bb apr\u00f3 dologban l\u00e9pett m\u00e9g el\u0151re a gy\u00e1rt\u00f3. Ez a v\u00e1laszt\u00e9kunkban el\u00e9rhet\u0151 legdr\u00e1g\u00e1bb Amazfit \u00f3ra, viszont cser\u00e9be bele is ker\u00fclt sz\u00e1mos olyan funkci\u00f3, amelyet a t\u00f6bbi modellb\u0151l eddig joggal hi\u00e1nyoltak a felhaszn\u00e1l\u00f3k.<\/p>\n\n\n\n<p>A term\u00e9keket 2 sz\u00ednben lehet megv\u00e1s\u00e1rolni:<\/p>\n\n\n\n<ul>\n<li><a href=\"https:\/\/www.mediamarkt.hu\/catentry\/1432248\" target=\"_blank\" rel=\"noreferrer noopener\">AMAZFIT Balance okos\u00f3ra, fekete<\/a><\/li>\n\n\n\n<li><a href=\"https:\/\/www.mediamarkt.hu\/catentry\/1432249\" target=\"_blank\" rel=\"noreferrer noopener\">AMAZFIT Balance okos\u00f3ra, sz\u00fcrke<\/a><\/li>\n<\/ul>\n\n\n\n<p><\/p>\n","protected":false},"excerpt":{"rendered":"Az \u00e9letben harm\u00f3ni\u00e1ra van sz\u00fcks\u00e9g. Az \u00e9let \u00e9s a munka, a test \u00e9s a l\u00e9lek k\u00f6z\u00f6tt. Ezt a c\u00e9lt szolg\u00e1lja \u00e9s ebben seg\u00edthet okos\u00f3ra teszt\u00fcnk alanya, az Amazfit Balance. Kor\u00e1bban t\u00f6bb Amazfit term\u00e9ket teszteln\u00fcnk, pl. az Amazfit Band 7, modellt, amely egy kedvez\u0151 \u00e1rban l\u00e9v\u0151 okoskark\u00f6t\u0151. Az Amazfit GTS 4 egy klasszikus, sz\u00f6gletes okos\u00f3ra, m\u00edg az Amazfit GTR Mini egy kism\u00e9ret\u0171, kerek kijelz\u0151s okos\u00f3ra. Ez ut\u00f3bbi vonalat k\u00f6veti az \u00faj Amazfit Balance abb\u00f3l a szempontb\u00f3l, hogy ez is egy kerek kijelz\u0151s k\u00e9sz\u00fcl\u00e9k, azonban anyagmin\u0151s\u00e9g\u00e9ben, kialak\u00edt\u00e1s\u00e1ban \u00e9s k\u00e9pess\u00e9geiben is magasabbra pozicion\u00e1lt term\u00e9k. \u00daj, min\u0151s\u00e9gi anyagok&nbsp; Els\u0151 r\u00e1n\u00e9z\u00e9sre ami felt\u0171nik, hogy nagyon sz\u00e9p \u00e9s eleg\u00e1ns a Balance, pont olyan, mint amit egyszerre lehet elk\u00e9pzelni sportol\u00e1s, h\u00e9tk\u00f6znapok \u00e9s munka k\u00f6zben is. Ebben nagy &#8230;","protected":false},"author":34,"featured_media":17436,"comment_status":"open","ping_status":"open","sticky":false,"template":"","format":"standard","meta":{"wprm-recipe-roundup-name":"","wprm-recipe-roundup-description":"","footnotes":""},"categories":[5949,5946],"tags":[5750,89,5751],"yoast_head":"<!-- This site is optimized with the Yoast SEO plugin v22.9 - https:\/\/yoast.com\/wordpress\/plugins\/seo\/ -->\n<title>Amazfit Balance teszt: egyens\u00falyban magunkkal - MediaMarkt Magazin<\/title>\n<meta name=\"description\" content=\"Az \u00e9letben harm\u00f3ni\u00e1ra van sz\u00fcks\u00e9g az \u00e9let \u00e9s a munka k\u00f6z\u00f6tt. Ezt szolg\u00e1lja \u00e9s ebben seg\u00edthet okos\u00f3ra teszt\u00fcnk alanya, az Amazfit Balance.\" \/>\n<meta name=\"robots\" content=\"index, follow, max-snippet:-1, max-image-preview:large, max-video-preview:-1\" \/>\n<link rel=\"canonical\" href=\"https:\/\/hir.mediamarkt.hu\/magazin\/amazfit-balance-teszt-egyensulyban-magunkkal\/\" \/>\n<meta property=\"og:locale\" content=\"hu_HU\" \/>\n<meta property=\"og:type\" content=\"article\" \/>\n<meta property=\"og:title\" content=\"Amazfit Balance teszt: egyens\u00falyban magunkkal - MediaMarkt Magazin\" \/>\n<meta property=\"og:description\" content=\"Az \u00e9letben harm\u00f3ni\u00e1ra van sz\u00fcks\u00e9g az \u00e9let \u00e9s a munka k\u00f6z\u00f6tt. Ezt szolg\u00e1lja \u00e9s ebben seg\u00edthet okos\u00f3ra teszt\u00fcnk alanya, az Amazfit Balance.\" \/>\n<meta property=\"og:url\" content=\"https:\/\/hir.mediamarkt.hu\/magazin\/amazfit-balance-teszt-egyensulyban-magunkkal\/\" \/>\n<meta property=\"og:site_name\" content=\"MediaMarkt Magazin\" \/>\n<meta property=\"article:publisher\" content=\"https:\/\/www.facebook.com\/MediaMarktMagyarorszag\" \/>\n<meta property=\"article:published_time\" content=\"2023-09-29T12:39:17+00:00\" \/>\n<meta property=\"article:modified_time\" content=\"2023-10-30T12:34:08+00:00\" \/>\n<meta property=\"og:image\" content=\"https:\/\/hir.mediamarkt.hu\/magazin\/wp-content\/uploads\/2023\/09\/Amazfit_Balance_okosora_teszt-1.png\" \/>\n\t<meta property=\"og:image:width\" content=\"1006\" \/>\n\t<meta property=\"og:image:height\" content=\"602\" \/>\n\t<meta property=\"og:image:type\" content=\"image\/png\" \/>\n<meta name=\"author\" content=\"Kov\u00e1cs \u00c1d\u00e1m\" \/>\n<meta name=\"twitter:label1\" content=\"Szerz\u0151:\" \/>\n\t<meta name=\"twitter:data1\" content=\"Kov\u00e1cs \u00c1d\u00e1m\" \/>\n\t<meta name=\"twitter:label2\" content=\"Becs\u00fclt olvas\u00e1si id\u0151\" \/>\n\t<meta name=\"twitter:data2\" content=\"15 perc\" \/>\n<script type=\"application\/ld+json\" class=\"yoast-schema-graph\">{\"@context\":\"https:\/\/schema.org\",\"@graph\":[{\"@type\":\"WebPage\",\"@id\":\"https:\/\/hir.mediamarkt.hu\/magazin\/amazfit-balance-teszt-egyensulyban-magunkkal\/\",\"url\":\"https:\/\/hir.mediamarkt.hu\/magazin\/amazfit-balance-teszt-egyensulyban-magunkkal\/\",\"name\":\"Amazfit Balance teszt: egyens\u00falyban magunkkal - MediaMarkt Magazin\",\"isPartOf\":{\"@id\":\"https:\/\/hir.mediamarkt.hu\/magazin\/#website\"},\"primaryImageOfPage\":{\"@id\":\"https:\/\/hir.mediamarkt.hu\/magazin\/amazfit-balance-teszt-egyensulyban-magunkkal\/#primaryimage\"},\"image\":{\"@id\":\"https:\/\/hir.mediamarkt.hu\/magazin\/amazfit-balance-teszt-egyensulyban-magunkkal\/#primaryimage\"},\"thumbnailUrl\":\"https:\/\/hir.mediamarkt.hu\/magazin\/wp-content\/uploads\/2023\/09\/Amazfit_Balance_okosora_teszt-1.png\",\"datePublished\":\"2023-09-29T12:39:17+00:00\",\"dateModified\":\"2023-10-30T12:34:08+00:00\",\"author\":{\"@id\":\"https:\/\/hir.mediamarkt.hu\/magazin\/#\/schema\/person\/eb6407def37d68930e61b9ccc0d2b12b\"},\"description\":\"Az \u00e9letben harm\u00f3ni\u00e1ra van sz\u00fcks\u00e9g az \u00e9let \u00e9s a munka k\u00f6z\u00f6tt. Ezt szolg\u00e1lja \u00e9s ebben seg\u00edthet okos\u00f3ra teszt\u00fcnk alanya, az Amazfit Balance.\",\"breadcrumb\":{\"@id\":\"https:\/\/hir.mediamarkt.hu\/magazin\/amazfit-balance-teszt-egyensulyban-magunkkal\/#breadcrumb\"},\"inLanguage\":\"hu\",\"potentialAction\":[{\"@type\":\"ReadAction\",\"target\":[\"https:\/\/hir.mediamarkt.hu\/magazin\/amazfit-balance-teszt-egyensulyban-magunkkal\/\"]}]},{\"@type\":\"ImageObject\",\"inLanguage\":\"hu\",\"@id\":\"https:\/\/hir.mediamarkt.hu\/magazin\/amazfit-balance-teszt-egyensulyban-magunkkal\/#primaryimage\",\"url\":\"https:\/\/hir.mediamarkt.hu\/magazin\/wp-content\/uploads\/2023\/09\/Amazfit_Balance_okosora_teszt-1.png\",\"contentUrl\":\"https:\/\/hir.mediamarkt.hu\/magazin\/wp-content\/uploads\/2023\/09\/Amazfit_Balance_okosora_teszt-1.png\",\"width\":1006,\"height\":602},{\"@type\":\"BreadcrumbList\",\"@id\":\"https:\/\/hir.mediamarkt.hu\/magazin\/amazfit-balance-teszt-egyensulyban-magunkkal\/#breadcrumb\",\"itemListElement\":[{\"@type\":\"ListItem\",\"position\":1,\"name\":\"Kezd\u0151lap\",\"item\":\"https:\/\/hir.mediamarkt.hu\/magazin\/\"},{\"@type\":\"ListItem\",\"position\":2,\"name\":\"Tesztelt\u00fck\",\"item\":\"https:\/\/hir.mediamarkt.hu\/magazin\/teszteltuk\/\"},{\"@type\":\"ListItem\",\"position\":3,\"name\":\"Amazfit Balance teszt: egyens\u00falyban magunkkal\"}]},{\"@type\":\"WebSite\",\"@id\":\"https:\/\/hir.mediamarkt.hu\/magazin\/#website\",\"url\":\"https:\/\/hir.mediamarkt.hu\/magazin\/\",\"name\":\"MediaMarkt Magazin\",\"description\":\"Olvass bele magazinunkba!\",\"potentialAction\":[{\"@type\":\"SearchAction\",\"target\":{\"@type\":\"EntryPoint\",\"urlTemplate\":\"https:\/\/hir.mediamarkt.hu\/magazin\/?s={search_term_string}\"},\"query-input\":\"required name=search_term_string\"}],\"inLanguage\":\"hu\"},{\"@type\":\"Person\",\"@id\":\"https:\/\/hir.mediamarkt.hu\/magazin\/#\/schema\/person\/eb6407def37d68930e61b9ccc0d2b12b\",\"name\":\"Kov\u00e1cs \u00c1d\u00e1m\",\"image\":{\"@type\":\"ImageObject\",\"inLanguage\":\"hu\",\"@id\":\"https:\/\/hir.mediamarkt.hu\/magazin\/#\/schema\/person\/image\/\",\"url\":\"https:\/\/secure.gravatar.com\/avatar\/7f17d39fcf146db446aab8f0a0b84bce?s=96&d=mm&r=g\",\"contentUrl\":\"https:\/\/secure.gravatar.com\/avatar\/7f17d39fcf146db446aab8f0a0b84bce?s=96&d=mm&r=g\",\"caption\":\"Kov\u00e1cs \u00c1d\u00e1m\"}}]}<\/script>\n<!-- \/ Yoast SEO plugin. -->","yoast_head_json":{"title":"Amazfit Balance teszt: egyens\u00falyban magunkkal - MediaMarkt Magazin","description":"Az \u00e9letben harm\u00f3ni\u00e1ra van sz\u00fcks\u00e9g az \u00e9let \u00e9s a munka k\u00f6z\u00f6tt. Ezt szolg\u00e1lja \u00e9s ebben seg\u00edthet okos\u00f3ra teszt\u00fcnk alanya, az Amazfit Balance.","robots":{"index":"index","follow":"follow","max-snippet":"max-snippet:-1","max-image-preview":"max-image-preview:large","max-video-preview":"max-video-preview:-1"},"canonical":"https:\/\/hir.mediamarkt.hu\/magazin\/amazfit-balance-teszt-egyensulyban-magunkkal\/","og_locale":"hu_HU","og_type":"article","og_title":"Amazfit Balance teszt: egyens\u00falyban magunkkal - MediaMarkt Magazin","og_description":"Az \u00e9letben harm\u00f3ni\u00e1ra van sz\u00fcks\u00e9g az \u00e9let \u00e9s a munka k\u00f6z\u00f6tt. Ezt szolg\u00e1lja \u00e9s ebben seg\u00edthet okos\u00f3ra teszt\u00fcnk alanya, az Amazfit Balance.","og_url":"https:\/\/hir.mediamarkt.hu\/magazin\/amazfit-balance-teszt-egyensulyban-magunkkal\/","og_site_name":"MediaMarkt Magazin","article_publisher":"https:\/\/www.facebook.com\/MediaMarktMagyarorszag","article_published_time":"2023-09-29T12:39:17+00:00","article_modified_time":"2023-10-30T12:34:08+00:00","og_image":[{"width":1006,"height":602,"url":"https:\/\/hir.mediamarkt.hu\/magazin\/wp-content\/uploads\/2023\/09\/Amazfit_Balance_okosora_teszt-1.png","type":"image\/png"}],"author":"Kov\u00e1cs \u00c1d\u00e1m","twitter_misc":{"Szerz\u0151:":"Kov\u00e1cs \u00c1d\u00e1m","Becs\u00fclt olvas\u00e1si id\u0151":"15 perc"},"schema":{"@context":"https:\/\/schema.org","@graph":[{"@type":"WebPage","@id":"https:\/\/hir.mediamarkt.hu\/magazin\/amazfit-balance-teszt-egyensulyban-magunkkal\/","url":"https:\/\/hir.mediamarkt.hu\/magazin\/amazfit-balance-teszt-egyensulyban-magunkkal\/","name":"Amazfit Balance teszt: egyens\u00falyban magunkkal - MediaMarkt Magazin","isPartOf":{"@id":"https:\/\/hir.mediamarkt.hu\/magazin\/#website"},"primaryImageOfPage":{"@id":"https:\/\/hir.mediamarkt.hu\/magazin\/amazfit-balance-teszt-egyensulyban-magunkkal\/#primaryimage"},"image":{"@id":"https:\/\/hir.mediamarkt.hu\/magazin\/amazfit-balance-teszt-egyensulyban-magunkkal\/#primaryimage"},"thumbnailUrl":"https:\/\/hir.mediamarkt.hu\/magazin\/wp-content\/uploads\/2023\/09\/Amazfit_Balance_okosora_teszt-1.png","datePublished":"2023-09-29T12:39:17+00:00","dateModified":"2023-10-30T12:34:08+00:00","author":{"@id":"https:\/\/hir.mediamarkt.hu\/magazin\/#\/schema\/person\/eb6407def37d68930e61b9ccc0d2b12b"},"description":"Az \u00e9letben harm\u00f3ni\u00e1ra van sz\u00fcks\u00e9g az \u00e9let \u00e9s a munka k\u00f6z\u00f6tt. Ezt szolg\u00e1lja \u00e9s ebben seg\u00edthet okos\u00f3ra teszt\u00fcnk alanya, az Amazfit Balance.","breadcrumb":{"@id":"https:\/\/hir.mediamarkt.hu\/magazin\/amazfit-balance-teszt-egyensulyban-magunkkal\/#breadcrumb"},"inLanguage":"hu","potentialAction":[{"@type":"ReadAction","target":["https:\/\/hir.mediamarkt.hu\/magazin\/amazfit-balance-teszt-egyensulyban-magunkkal\/"]}]},{"@type":"ImageObject","inLanguage":"hu","@id":"https:\/\/hir.mediamarkt.hu\/magazin\/amazfit-balance-teszt-egyensulyban-magunkkal\/#primaryimage","url":"https:\/\/hir.mediamarkt.hu\/magazin\/wp-content\/uploads\/2023\/09\/Amazfit_Balance_okosora_teszt-1.png","contentUrl":"https:\/\/hir.mediamarkt.hu\/magazin\/wp-content\/uploads\/2023\/09\/Amazfit_Balance_okosora_teszt-1.png","width":1006,"height":602},{"@type":"BreadcrumbList","@id":"https:\/\/hir.mediamarkt.hu\/magazin\/amazfit-balance-teszt-egyensulyban-magunkkal\/#breadcrumb","itemListElement":[{"@type":"ListItem","position":1,"name":"Kezd\u0151lap","item":"https:\/\/hir.mediamarkt.hu\/magazin\/"},{"@type":"ListItem","position":2,"name":"Tesztelt\u00fck","item":"https:\/\/hir.mediamarkt.hu\/magazin\/teszteltuk\/"},{"@type":"ListItem","position":3,"name":"Amazfit Balance teszt: egyens\u00falyban magunkkal"}]},{"@type":"WebSite","@id":"https:\/\/hir.mediamarkt.hu\/magazin\/#website","url":"https:\/\/hir.mediamarkt.hu\/magazin\/","name":"MediaMarkt Magazin","description":"Olvass bele magazinunkba!","potentialAction":[{"@type":"SearchAction","target":{"@type":"EntryPoint","urlTemplate":"https:\/\/hir.mediamarkt.hu\/magazin\/?s={search_term_string}"},"query-input":"required name=search_term_string"}],"inLanguage":"hu"},{"@type":"Person","@id":"https:\/\/hir.mediamarkt.hu\/magazin\/#\/schema\/person\/eb6407def37d68930e61b9ccc0d2b12b","name":"Kov\u00e1cs \u00c1d\u00e1m","image":{"@type":"ImageObject","inLanguage":"hu","@id":"https:\/\/hir.mediamarkt.hu\/magazin\/#\/schema\/person\/image\/","url":"https:\/\/secure.gravatar.com\/avatar\/7f17d39fcf146db446aab8f0a0b84bce?s=96&d=mm&r=g","contentUrl":"https:\/\/secure.gravatar.com\/avatar\/7f17d39fcf146db446aab8f0a0b84bce?s=96&d=mm&r=g","caption":"Kov\u00e1cs \u00c1d\u00e1m"}}]}},"_links":{"self":[{"href":"https:\/\/hir.mediamarkt.hu\/magazin\/wp-json\/wp\/v2\/posts\/17356"}],"collection":[{"href":"https:\/\/hir.mediamarkt.hu\/magazin\/wp-json\/wp\/v2\/posts"}],"about":[{"href":"https:\/\/hir.mediamarkt.hu\/magazin\/wp-json\/wp\/v2\/types\/post"}],"author":[{"embeddable":true,"href":"https:\/\/hir.mediamarkt.hu\/magazin\/wp-json\/wp\/v2\/users\/34"}],"replies":[{"embeddable":true,"href":"https:\/\/hir.mediamarkt.hu\/magazin\/wp-json\/wp\/v2\/comments?post=17356"}],"version-history":[{"count":20,"href":"https:\/\/hir.mediamarkt.hu\/magazin\/wp-json\/wp\/v2\/posts\/17356\/revisions"}],"predecessor-version":[{"id":17437,"href":"https:\/\/hir.mediamarkt.hu\/magazin\/wp-json\/wp\/v2\/posts\/17356\/revisions\/17437"}],"wp:featuredmedia":[{"embeddable":true,"href":"https:\/\/hir.mediamarkt.hu\/magazin\/wp-json\/wp\/v2\/media\/17436"}],"wp:attachment":[{"href":"https:\/\/hir.mediamarkt.hu\/magazin\/wp-json\/wp\/v2\/media?parent=17356"}],"wp:term":[{"taxonomy":"category","embeddable":true,"href":"https:\/\/hir.mediamarkt.hu\/magazin\/wp-json\/wp\/v2\/categories?post=17356"},{"taxonomy":"post_tag","embeddable":true,"href":"https:\/\/hir.mediamarkt.hu\/magazin\/wp-json\/wp\/v2\/tags?post=17356"}],"curies":[{"name":"wp","href":"https:\/\/api.w.org\/{rel}","templated":true}]}}