{"id":18461,"date":"2023-12-22T13:41:39","date_gmt":"2023-12-22T12:41:39","guid":{"rendered":"https:\/\/hir.mediamarkt.hu\/magazin\/?p=18461"},"modified":"2024-01-14T21:09:35","modified_gmt":"2024-01-14T20:09:35","slug":"nacon-revolution-5-pro","status":"publish","type":"post","link":"https:\/\/hir.mediamarkt.hu\/magazin\/nacon-revolution-5-pro\/","title":{"rendered":"H\u00faztuk a sz\u00e1nkat, majd dobtunk egy h\u00e1tast: Nacon Revolution 5 Pro teszt"},"content":{"rendered":"\n<p class=\"has-text-align-justify\"><strong>Egy val\u00f3ban pr\u00e9mium kontroller, ami csak azoknak nem \u00e9ri meg, akiknek a legnagyobb sz\u00fcks\u00e9g\u00fck lenne az ilyesmire. A Nacon Revolution 5 Pro egy nagy tal\u00e1ny\u2026 \u00e9s m\u00e9g \u00edgy is csod\u00e1latos \u00e9lm\u00e9ny haszn\u00e1lni.<\/strong><\/p>\n\n\n\n<h2 class=\"wp-block-heading\">Mit tud?<\/h2>\n\n\n\n<p class=\"has-text-align-justify\">R\u00e1n\u00e9z\u00e9sre \u00e9s tapint\u00e1sra is \u00e9rz\u0151dik, hogy a Revolution 5 Pro megv\u00e1s\u00e1rl\u00e1s\u00e1val bizony szintet l\u00e9p az, aki komolyan veszi a konzolos (PC-s j\u00e1t\u00e9kosok kedv\u00e9\u00e9rt: kontrolleres) gaming \u00e9letform\u00e1t. M\u00e1r csak a gombok sz\u00e1ma miatt is: m\u00edg a hagyom\u00e1nyos PlayStation- \u00e9s Xbox-kontrollereken oldalank\u00e9nt egy el\u00fcls\u0151 gomb \u00e9s egy ravasz tal\u00e1lhat\u00f3, a Nacon term\u00e9k\u00e9n k\u00e9t p\u00e1r plusz gombot tal\u00e1lunk, az egyiket a kontroller alj\u00e1n-h\u00e1tulj\u00e1n (term\u00e9szetes helyzetben itt a k\u00f6z\u00e9ps\u0151 ujjunk nyugszik), egyet pedig a markolatok bels\u0151 oldal\u00e1n (ezt a gy\u0171r\u0171s- \u00e9s kisujjunkkal kezelhetj\u00fck).<\/p>\n\n\n\n<figure class=\"wp-block-image size-full\"><img loading=\"lazy\" decoding=\"async\" width=\"1440\" height=\"958\" src=\"https:\/\/hir.mediamarkt.hu\/magazin\/wp-content\/uploads\/2023\/12\/DSC_2776.jpg\" alt=\"\" class=\"wp-image-18663\" srcset=\"https:\/\/hir.mediamarkt.hu\/magazin\/wp-content\/uploads\/2023\/12\/DSC_2776.jpg 1440w, https:\/\/hir.mediamarkt.hu\/magazin\/wp-content\/uploads\/2023\/12\/DSC_2776-300x200.jpg 300w, https:\/\/hir.mediamarkt.hu\/magazin\/wp-content\/uploads\/2023\/12\/DSC_2776-1024x681.jpg 1024w, https:\/\/hir.mediamarkt.hu\/magazin\/wp-content\/uploads\/2023\/12\/DSC_2776-275x183.jpg 275w, https:\/\/hir.mediamarkt.hu\/magazin\/wp-content\/uploads\/2023\/12\/DSC_2776-768x511.jpg 768w, https:\/\/hir.mediamarkt.hu\/magazin\/wp-content\/uploads\/2023\/12\/DSC_2776-1536x1022.jpg 1536w\" sizes=\"(max-width: 1440px) 100vw, 1440px\" \/><\/figure>\n\n\n\n<p class=\"has-text-align-justify\">Tov\u00e1bbi h\u00e1rom gombot helyezett el a gy\u00e1rt\u00f3 a kontroller h\u00e1tulj\u00e1n, k\u00f6z\u00e9pen, amelyeket szint\u00e9n a k\u00f6z\u00e9ps\u0151 ujjunkkal \u00e9rhet\u00fcnk el. Ezek nem nyom\u00e1s\u00e9rz\u00e9keny triggerek, hanem de \u00edgy is megv\u00e1ltoztatj\u00e1k azt, ahogy a konzolos gamingre \u00e9s a kontrollerek lehet\u0151s\u00e9geire gondolunk. Feljebb tal\u00e1ljuk a ravaszok mozg\u00e1startom\u00e1ny\u00e1t korl\u00e1toz\u00f3 kapcsol\u00f3kat: ezek a k\u00e9tf\u00e1zisos cs\u00faszk\u00e1k ler\u00f6vid\u00edtik a triggerek t\u00e1vols\u00e1g\u00e1t, azaz akt\u00edv \u00e1llapotban nem h\u00fazhatjuk meg annyira a ravaszokat. Ezt ak\u00e1r aszimetrikusan is \u00e1ll\u00edthatjuk: az egyik oldalon gy\u00e1ri \u00e1llapotban hagyhatjuk, a m\u00e1sikon r\u00f6vidre \u201ev\u00e1ghatjuk\u201d.<\/p>\n\n\n\n<p class=\"has-text-align-justify\">A min\u0151s\u00e9gi anyaghaszn\u00e1lat is meggy\u0151z\u0151: a gy\u00e1ri PS5-kontrollern\u00e9l \u00e9rezhet\u0151en nehezebb eszk\u00f6z nem csak sima fel\u00fclet\u0171, strapab\u00edr\u00f3, sehol nem nyikorg\u00f3 \u00e9s recseg\u0151 m\u0171anyaggal h\u00f3d\u00edt, de mint\u00e1zott \u00e9s j\u00f3l tapad\u00f3 gum\u00edrozott fel\u00fcletekkel is a markolatokon oldalt \u00e9s alul. Az \u00f6sszhat\u00e1s fantasztikus: ez a kontroller konkr\u00e9tan nem akarja, hogy elengedd. Ha egyszer megfogod, \u00f3r\u00e1kon \u00e1t a kezedben marad, cs\u00faszk\u00e1l\u00e1sr\u00f3l m\u00e9g a legintenz\u00edvebb csat\u00e1k k\u00f6zepette, izzadt teny\u00e9rrel sem volt sz\u00f3.<\/p>\n\n\n\n<figure class=\"wp-block-image size-full\"><img loading=\"lazy\" decoding=\"async\" width=\"1440\" height=\"958\" src=\"https:\/\/hir.mediamarkt.hu\/magazin\/wp-content\/uploads\/2023\/12\/DSC_2782.jpg\" alt=\"\" class=\"wp-image-18668\" srcset=\"https:\/\/hir.mediamarkt.hu\/magazin\/wp-content\/uploads\/2023\/12\/DSC_2782.jpg 1440w, https:\/\/hir.mediamarkt.hu\/magazin\/wp-content\/uploads\/2023\/12\/DSC_2782-300x200.jpg 300w, https:\/\/hir.mediamarkt.hu\/magazin\/wp-content\/uploads\/2023\/12\/DSC_2782-1024x681.jpg 1024w, https:\/\/hir.mediamarkt.hu\/magazin\/wp-content\/uploads\/2023\/12\/DSC_2782-275x183.jpg 275w, https:\/\/hir.mediamarkt.hu\/magazin\/wp-content\/uploads\/2023\/12\/DSC_2782-768x511.jpg 768w, https:\/\/hir.mediamarkt.hu\/magazin\/wp-content\/uploads\/2023\/12\/DSC_2782-1536x1022.jpg 1536w\" sizes=\"(max-width: 1440px) 100vw, 1440px\" \/><\/figure>\n\n\n\n<p class=\"has-text-align-justify\">A Nacon teljesen testre szabhat\u00f3 kontrollert ad a kez\u00fcnkbe: a gombok, stickek tulajdons\u00e1gai nem csak az appban v\u00e1ltoztathat\u00f3k, hanem fizikailag is. A merev hordt\u00e1sk\u00e1val, k\u00e9t m\u00e9teres, sz\u0151tt USB-k\u00e1bellel, mikrosz\u00e1las t\u00f6rl\u0151kend\u0151vel \u00e9rkez\u0151 kontrollerhez kapunk egy kieg\u00e9sz\u00edt\u0151dobozt is, amelyekben a k\u00f6vetkez\u0151ket tal\u00e1ljuk:<\/p>\n\n\n\n<ul>\n<li>a gy\u00e1riakon t\u00fal tov\u00e1bbi k\u00e9t p\u00e1r thumbstick fel\u00fclet;<\/li>\n\n\n\n<li>szint\u00e9n k\u00e9t p\u00e1r thumbstick s\u00faly a fel\u00fcletek al\u00e1;<\/li>\n\n\n\n<li>egy hagyom\u00e1nyos(abb) kivitel\u0171 D-pad;<\/li>\n\n\n\n<li>h\u00e1rom p\u00e1r s\u00faly, amely a kontroller oldal\u00e1ba \u00e9p\u00edthet\u0151, 10, 14 \u00e9s 16 grammos kivitelben<\/li>\n<\/ul>\n\n\n\n<p class=\"has-text-align-justify\">Nagyon fontos, hogy b\u00e1r a gombok \u00e9s a log\u00f3 alapj\u00e1n is beazonos\u00edthat\u00f3, hogy PS4- \u00e9s PS5-kontrollerr\u0151l van sz\u00f3 (term\u00e9szetesen alapvet\u0151 PC-kompatibilit\u00e1ssal, ak\u00e1rcsak a gy\u00e1ri PS-kontrollerek eset\u00e9ben), a kioszt\u00e1s m\u00e9gis az Xbox-vez\u00e9rl\u0151ket id\u00e9zi, a thumbstickek ugyanis nem szimmetrikusan tal\u00e1lhat\u00f3ak rajta. A bal oldalon feljebb-kijjebb van, az, ahol a PS-kontrollerek bal oldali thumbstickje van, ott a D-padet tal\u00e1ljuk. Amely cser\u00e9lhet\u0151, ha valakinek nem tetszene a Nacon designja. A PS-kompatibilit\u00e1sra utal a kell\u0151en \u00e9rz\u00e9keny \u00e9s pontos \u00e9rint\u0151pad, amelyen szint\u00e9n a gy\u00e1rt\u00f3 log\u00f3j\u00e1t tal\u00e1ljuk, ez szerencs\u00e9re csak eszt\u00e9tikai, az \u00e9lm\u00e9nyt nem befoly\u00e1solja. A \u201emen\u00fc\u201d \u00e9s \u201emegoszt\u00e1s\u201d gombokat is adapt\u00e1lta a Nacon.<\/p>\n\n\n\n<figure class=\"wp-block-image size-full\"><img loading=\"lazy\" decoding=\"async\" width=\"1440\" height=\"958\" src=\"https:\/\/hir.mediamarkt.hu\/magazin\/wp-content\/uploads\/2023\/12\/DSC_2778.jpg\" alt=\"\" class=\"wp-image-18665\" srcset=\"https:\/\/hir.mediamarkt.hu\/magazin\/wp-content\/uploads\/2023\/12\/DSC_2778.jpg 1440w, https:\/\/hir.mediamarkt.hu\/magazin\/wp-content\/uploads\/2023\/12\/DSC_2778-300x200.jpg 300w, https:\/\/hir.mediamarkt.hu\/magazin\/wp-content\/uploads\/2023\/12\/DSC_2778-1024x681.jpg 1024w, https:\/\/hir.mediamarkt.hu\/magazin\/wp-content\/uploads\/2023\/12\/DSC_2778-275x183.jpg 275w, https:\/\/hir.mediamarkt.hu\/magazin\/wp-content\/uploads\/2023\/12\/DSC_2778-768x511.jpg 768w, https:\/\/hir.mediamarkt.hu\/magazin\/wp-content\/uploads\/2023\/12\/DSC_2778-1536x1022.jpg 1536w\" sizes=\"(max-width: 1440px) 100vw, 1440px\" \/><\/figure>\n\n\n\n<h2 class=\"wp-block-heading\">Milyen \u00e9rz\u00e9s a Revolution 5 Pro?<\/h2>\n\n\n\n<p class=\"has-text-align-justify\">R\u00f6viden: nagyszer\u0171. De miel\u0151tt belemenn\u00e9nk, van k\u00e9t hatalmas hi\u00e1nyoss\u00e1ga a kontrollernek, amit nem hallgathatunk el:<\/p>\n\n\n\n<ul>\n<li>Bluetooth-kapcsolat;<\/li>\n\n\n\n<li>vibr\u00e1ci\u00f3s visszajelz\u00e9s.<\/li>\n<\/ul>\n\n\n\n<p class=\"has-text-align-justify\">J\u00f3l olvast\u00e1tok: a Nacon 90 ezres kontrollere nem tud Bluetooth-kapcsolatot l\u00e9tes\u00edteni az eszk\u00f6z\u00f6kkel, pontosabban kontrollerk\u00e9nt nem: az eszk\u00f6zh\u00f6z csatlakoztathat\u00f3 vezet\u00e9k n\u00e9lk\u00fcli headset ezzel a technol\u00f3gi\u00e1val, de maga a vez\u00e9rl\u0151 csak a mell\u00e9kelt USB dongle-lal, vagy k\u00e1bellel m\u0171k\u00f6dik.<\/p>\n\n\n\n<p class=\"has-text-align-justify\">Tal\u00e1n enn\u00e9l is nagyobb \u00e9rv\u00e1g\u00e1s, hogy PlayStation 5 eset\u00e9ben elfelejthetj\u00fck a vibr\u00e1ci\u00f3t: nem csak a gy\u00e1ri PS-kontroller extra funkci\u00f3j\u00e1t, amely adott esetben megn\u00f6veli a triggerek ellen\u00e1ll\u00e1s\u00e1t, hanem mag\u00e1t a rezg\u00e9st is. Ennek bonyolult, kompatibilit\u00e1si okai vannak: a Sony nem oldotta meg, hogy k\u00fcls\u0151 gy\u00e1rt\u00f3 is adapt\u00e1lhassa ezt a form\u00e1tumot. Ez csak a nat\u00edv, teh\u00e1t kifejezetten PS5-re kiadott j\u00e1t\u00e9kokra vonatkozik, a Sony leg\u00fajabb konzolj\u00e1n fut\u00f3 PS4-es j\u00e1t\u00e9kok haszn\u00e1lj\u00e1k a vibr\u00e1ci\u00f3t.<\/p>\n\n\n\n<figure class=\"wp-block-image size-full\"><img loading=\"lazy\" decoding=\"async\" width=\"1440\" height=\"958\" src=\"https:\/\/hir.mediamarkt.hu\/magazin\/wp-content\/uploads\/2023\/12\/DSC_2788.jpg\" alt=\"\" class=\"wp-image-18674\" srcset=\"https:\/\/hir.mediamarkt.hu\/magazin\/wp-content\/uploads\/2023\/12\/DSC_2788.jpg 1440w, https:\/\/hir.mediamarkt.hu\/magazin\/wp-content\/uploads\/2023\/12\/DSC_2788-300x200.jpg 300w, https:\/\/hir.mediamarkt.hu\/magazin\/wp-content\/uploads\/2023\/12\/DSC_2788-1024x681.jpg 1024w, https:\/\/hir.mediamarkt.hu\/magazin\/wp-content\/uploads\/2023\/12\/DSC_2788-275x183.jpg 275w, https:\/\/hir.mediamarkt.hu\/magazin\/wp-content\/uploads\/2023\/12\/DSC_2788-768x511.jpg 768w, https:\/\/hir.mediamarkt.hu\/magazin\/wp-content\/uploads\/2023\/12\/DSC_2788-1536x1022.jpg 1536w\" sizes=\"(max-width: 1440px) 100vw, 1440px\" \/><\/figure>\n\n\n\n<p class=\"has-text-align-justify\">Ezen t\u00fal a f\u0151 k\u00e9rd\u00e9s az, hogy val\u00f3ban sz\u00fcks\u00e9g\u00fcnk van-e egy ilyen elit kontrollerre. Ezt persze minden gamernek mag\u00e1nak kell eld\u00f6ntenie; mi k\u00edv\u00e1ncsiak voltunk, mit ad hozz\u00e1 az \u00e9let\u00fcnkh\u00f6z, de k\u00f6zben kiss\u00e9 szkeptikusok is. Ak\u00e1r a legt\u00f6bb gamer, a konzolt mi f\u0151leg casual \u00fczemm\u00f3dban haszn\u00e1ljuk, harmadik szem\u00e9ly\u0171 shooterek, egyszer\u0171bb RPG-k (\u00e9rtsd: NEM Baldur\u2019s Gate 3), verseny- \u00e9s vereked\u0151s j\u00e1t\u00e9kok \u2013 erre t\u00f6k\u00e9letes a PlayStation 5, hardcore hajlamainkat pedig ink\u00e1bb PC-n \u00e9lj\u00fck ki. \u00c9ppen ez\u00e9rt neh\u00e9z volt elk\u00e9pzelni, hogy val\u00f3ban szintet l\u00e9p\u00fcnk teljes\u00edtm\u00e9ny\u00fcgyben csak az\u00e9rt, mert nem a gy\u00e1ri (egy\u00e9bk\u00e9nt nagyszer\u0171) kontrollert ny\u00fazzuk.<\/p>\n\n\n\n<p class=\"has-text-align-justify\">Ehhez k\u00e9pest alaposan meglep\u0151dt\u00fcnk. Nem a s\u00falyok, vagy a cser\u00e9lhet\u0151 thumbstick-fedelek miatt (igaz, adott esetben ezek is fontosak lehetnek, ha valaki t\u00e9nyleg konzolon gyakoroln\u00e1 a 360 noscope-ot), hanem a Hall effect technol\u00f3gi\u00e1val ell\u00e1tott stickek \u00e9s triggerek miatt. Ez a m\u00e1gnesalap\u00fa megold\u00e1s mer\u0151ben m\u00e1s, mint amit a hagyom\u00e1nyos kontrollerek haszn\u00e1lnak: nem csak sokkal \u00e9rz\u00e9kenyebb \u00e9s prec\u00edzebb a vez\u00e9rl\u0151, de strapab\u00edr\u00f3bb is, \u00e9s kik\u00fcsz\u00f6b\u00f6li a Sonyn\u00e1l sajnos elker\u00fclhetetlen \u201ev\u00e1ndorl\u00f3\u201d hat\u00e1st. Ez az, amikor a stickek el\u0151bb-ut\u00f3bb \u00f6n\u00e1ll\u00f3 \u00e9letre kelnek \u00e9s elengedve \u0151ket, alaphelyzetben is viszik el oldalra (vagy fel, vagy le) a kamer\u00e1t vagy mag\u00e1t a j\u00e1t\u00e9kost, att\u00f3l f\u00fcgg\u0151en, hogy a jobb vagy a bal stick \u00e9rintett-e.<\/p>\n\n\n\n<figure class=\"wp-block-image size-full\"><img loading=\"lazy\" decoding=\"async\" width=\"1440\" height=\"958\" src=\"https:\/\/hir.mediamarkt.hu\/magazin\/wp-content\/uploads\/2023\/12\/DSC_2784.jpg\" alt=\"\" class=\"wp-image-18670\" srcset=\"https:\/\/hir.mediamarkt.hu\/magazin\/wp-content\/uploads\/2023\/12\/DSC_2784.jpg 1440w, https:\/\/hir.mediamarkt.hu\/magazin\/wp-content\/uploads\/2023\/12\/DSC_2784-300x200.jpg 300w, https:\/\/hir.mediamarkt.hu\/magazin\/wp-content\/uploads\/2023\/12\/DSC_2784-1024x681.jpg 1024w, https:\/\/hir.mediamarkt.hu\/magazin\/wp-content\/uploads\/2023\/12\/DSC_2784-275x183.jpg 275w, https:\/\/hir.mediamarkt.hu\/magazin\/wp-content\/uploads\/2023\/12\/DSC_2784-768x511.jpg 768w, https:\/\/hir.mediamarkt.hu\/magazin\/wp-content\/uploads\/2023\/12\/DSC_2784-1536x1022.jpg 1536w\" sizes=\"(max-width: 1440px) 100vw, 1440px\" \/><\/figure>\n\n\n\n<p class=\"has-text-align-justify\">A Nacon Revolution 5 Pro hat\u00e1rozottan jobb \u00e9lm\u00e9nyt adott, mint a gy\u00e1ri PS-kontroller: a k\u00fcl\u00f6nbs\u00e9g nem \u00e9g \u00e9s f\u00f6ld, de nek\u00fcnk, \u201emezei\u201d j\u00e1t\u00e9kosoknak is \u00e9ppen el\u00e9gg\u00e9 \u00e9rezhet\u0151 ahhoz, hogy ne akarjunk visszat\u00e9rni az el\u0151bbihez.<\/p>\n\n\n\n<h2 class=\"wp-block-heading\">Meg\u00e9ri?<\/h2>\n\n\n\n<p class=\"has-text-align-justify\">Nagyon neh\u00e9z k\u00e9rd\u00e9s. Az \u00e9lm\u00e9ny els\u0151re is nagyszer\u0171 volt, \u00e9s b\u00e1r a hi\u00e1nyoss\u00e1gok (Bluetooth-kapcsolat, vibr\u00e1ci\u00f3 hi\u00e1nya PS5-j\u00e1t\u00e9kokn\u00e1l) hat\u00e1rozottan f\u00e1jtak, de min\u00e9l t\u00f6bbet ny\u00faztuk a Nacon kontroller\u00e9t, ann\u00e1l hat\u00e1rozottabb lett az \u00e9rz\u00e9s:<\/p>\n\n\n\n<p>Ennek igenis van \u00e9rtelme!<\/p>\n\n\n\n<p class=\"has-text-align-justify\">Az appban programozhat\u00f3 gombok nagyon, de nagyon j\u00f3l j\u00f6ttek nem kontrollerre optimaliz\u00e1lt PC-s j\u00e1t\u00e9kok eset\u00e9n. Tetszett, hogy dedik\u00e1lt gombja van a hangsz\u00ednszab\u00e1lyoz\u00f3nak, a 10 \u00f3r\u00e1s akkumul\u00e1tor is fel\u00fcd\u00fcl\u00e9s volt a gy\u00e1ri PS5-h\u00f6z k\u00e9pest, \u00e9s egy id\u0151 ut\u00e1n komolyan elkezdt\u00fcnk j\u00e1tszadozni a thumbstickekkel \u00e9s a s\u00falyokkal is. Hogy ez meg\u00e9r 90 ezer forintot? \u00d6nmag\u00e1ban tal\u00e1n nem, de a Nacon olyan strapab\u00edr\u00f3 \u00e9s min\u0151s\u00e9gi kontrollert rakott le az asztalra (pontosabban adott a kez\u00fcnkbe), hogy aki beruh\u00e1z r\u00e1, annak nem csak ezt a konzolgener\u00e1ci\u00f3t szolg\u00e1lja majd ki, de alighanem a k\u00f6vetkez\u0151t is. \u00c9s \u00edgy m\u00e1ris nem t\u0171nik olyan v\u00e9szesnek az \u00e1r.<\/p>\n\n\n\n<p>A kontrollereket feh\u00e9r \u00e9s fekete sz\u00ednben tudod megv\u00e1s\u00e1rolni: <\/p>\n\n\n\n<ul>\n<li><a href=\"https:\/\/www.mediamarkt.hu\/hu\/product\/_nacon-revolution-5-pro-vezet%C3%A9k-n%C3%A9lk%C3%BCli-kontroller-feh%C3%A9r-1437430.html\">NACON Revolution 5 Pro vezet\u00e9k n\u00e9lk\u00fcli kontroller<\/a>, feh\u00e9r<\/li>\n\n\n\n<li><a href=\"https:\/\/www.mediamarkt.hu\/hu\/product\/_nacon-revolution-5-pro-vezet%C3%A9k-n%C3%A9lk%C3%BCli-kontroller-fekete-1437429.html\">NACON Revolution 5 Pro vezet\u00e9k n\u00e9lk\u00fcli kontroller<\/a>, fekete<\/li>\n<\/ul>\n\n\n\n<p>Ha pedig \u00faj fejhallgat\u00f3t szeretn\u00e9l \u2013 nem csak j\u00e1t\u00e9kra, akkor a <a href=\"https:\/\/hir.mediamarkt.hu\/magazin\/nacon-66-pro-hs\/\">600 Pro HS (amit szint\u00e9n tesztelt\u00fcnk)<\/a> a lehet\u0151 legjobb v\u00e1laszt\u00e1s. <\/p>\n","protected":false},"excerpt":{"rendered":"Egy val\u00f3ban pr\u00e9mium kontroller, ami csak azoknak nem \u00e9ri meg, akiknek a legnagyobb sz\u00fcks\u00e9g\u00fck lenne az ilyesmire. ","protected":false},"author":22,"featured_media":18586,"comment_status":"open","ping_status":"open","sticky":false,"template":"","format":"standard","meta":{"wprm-recipe-roundup-name":"","wprm-recipe-roundup-description":"","footnotes":""},"categories":[5957,5946],"tags":[121,5826,5828],"yoast_head":"<!-- This site is optimized with the Yoast SEO plugin v22.9 - https:\/\/yoast.com\/wordpress\/plugins\/seo\/ -->\n<title>H\u00faztuk a sz\u00e1nkat, majd dobtunk egy h\u00e1tast: Nacon Revolution 5 Pro teszt - MediaMarkt Magazin<\/title>\n<meta name=\"description\" content=\"Nacon Revolution 5: Egy val\u00f3ban pr\u00e9mium kontroller, ami csak azoknak nem \u00e9ri meg, akiknek a legnagyobb sz\u00fcks\u00e9g\u00fck lenne az ilyesmire.\" \/>\n<meta name=\"robots\" content=\"index, follow, max-snippet:-1, max-image-preview:large, max-video-preview:-1\" \/>\n<link rel=\"canonical\" href=\"https:\/\/hir.mediamarkt.hu\/magazin\/nacon-revolution-5-pro\/\" \/>\n<meta property=\"og:locale\" content=\"hu_HU\" \/>\n<meta property=\"og:type\" content=\"article\" \/>\n<meta property=\"og:title\" content=\"H\u00faztuk a sz\u00e1nkat, majd dobtunk egy h\u00e1tast: Nacon Revolution 5 Pro teszt - MediaMarkt Magazin\" \/>\n<meta property=\"og:description\" content=\"Nacon Revolution 5: Egy val\u00f3ban pr\u00e9mium kontroller, ami csak azoknak nem \u00e9ri meg, akiknek a legnagyobb sz\u00fcks\u00e9g\u00fck lenne az ilyesmire.\" \/>\n<meta property=\"og:url\" content=\"https:\/\/hir.mediamarkt.hu\/magazin\/nacon-revolution-5-pro\/\" \/>\n<meta property=\"og:site_name\" content=\"MediaMarkt Magazin\" \/>\n<meta property=\"article:publisher\" content=\"https:\/\/www.facebook.com\/MediaMarktMagyarorszag\" \/>\n<meta property=\"article:published_time\" content=\"2023-12-22T12:41:39+00:00\" \/>\n<meta property=\"article:modified_time\" content=\"2024-01-14T20:09:35+00:00\" \/>\n<meta property=\"og:image\" content=\"https:\/\/hir.mediamarkt.hu\/magazin\/wp-content\/uploads\/2023\/12\/Nacon_kontroller_teszt-1.png\" \/>\n\t<meta property=\"og:image:width\" content=\"1024\" \/>\n\t<meta property=\"og:image:height\" content=\"619\" \/>\n\t<meta property=\"og:image:type\" content=\"image\/png\" \/>\n<meta name=\"author\" content=\"Nemenyi\" \/>\n<meta name=\"twitter:label1\" content=\"Szerz\u0151:\" \/>\n\t<meta name=\"twitter:data1\" content=\"Nemenyi\" \/>\n\t<meta name=\"twitter:label2\" content=\"Becs\u00fclt olvas\u00e1si id\u0151\" \/>\n\t<meta name=\"twitter:data2\" content=\"7 perc\" \/>\n<script type=\"application\/ld+json\" class=\"yoast-schema-graph\">{\"@context\":\"https:\/\/schema.org\",\"@graph\":[{\"@type\":\"WebPage\",\"@id\":\"https:\/\/hir.mediamarkt.hu\/magazin\/nacon-revolution-5-pro\/\",\"url\":\"https:\/\/hir.mediamarkt.hu\/magazin\/nacon-revolution-5-pro\/\",\"name\":\"H\u00faztuk a sz\u00e1nkat, majd dobtunk egy h\u00e1tast: Nacon Revolution 5 Pro teszt - MediaMarkt Magazin\",\"isPartOf\":{\"@id\":\"https:\/\/hir.mediamarkt.hu\/magazin\/#website\"},\"primaryImageOfPage\":{\"@id\":\"https:\/\/hir.mediamarkt.hu\/magazin\/nacon-revolution-5-pro\/#primaryimage\"},\"image\":{\"@id\":\"https:\/\/hir.mediamarkt.hu\/magazin\/nacon-revolution-5-pro\/#primaryimage\"},\"thumbnailUrl\":\"https:\/\/hir.mediamarkt.hu\/magazin\/wp-content\/uploads\/2023\/12\/Nacon_kontroller_teszt-1.png\",\"datePublished\":\"2023-12-22T12:41:39+00:00\",\"dateModified\":\"2024-01-14T20:09:35+00:00\",\"author\":{\"@id\":\"https:\/\/hir.mediamarkt.hu\/magazin\/#\/schema\/person\/f4a17b2dc97f2e2bf1b88a89d4ef7d05\"},\"description\":\"Nacon Revolution 5: Egy val\u00f3ban pr\u00e9mium kontroller, ami csak azoknak nem \u00e9ri meg, akiknek a legnagyobb sz\u00fcks\u00e9g\u00fck lenne az ilyesmire.\",\"breadcrumb\":{\"@id\":\"https:\/\/hir.mediamarkt.hu\/magazin\/nacon-revolution-5-pro\/#breadcrumb\"},\"inLanguage\":\"hu\",\"potentialAction\":[{\"@type\":\"ReadAction\",\"target\":[\"https:\/\/hir.mediamarkt.hu\/magazin\/nacon-revolution-5-pro\/\"]}]},{\"@type\":\"ImageObject\",\"inLanguage\":\"hu\",\"@id\":\"https:\/\/hir.mediamarkt.hu\/magazin\/nacon-revolution-5-pro\/#primaryimage\",\"url\":\"https:\/\/hir.mediamarkt.hu\/magazin\/wp-content\/uploads\/2023\/12\/Nacon_kontroller_teszt-1.png\",\"contentUrl\":\"https:\/\/hir.mediamarkt.hu\/magazin\/wp-content\/uploads\/2023\/12\/Nacon_kontroller_teszt-1.png\",\"width\":1024,\"height\":619},{\"@type\":\"BreadcrumbList\",\"@id\":\"https:\/\/hir.mediamarkt.hu\/magazin\/nacon-revolution-5-pro\/#breadcrumb\",\"itemListElement\":[{\"@type\":\"ListItem\",\"position\":1,\"name\":\"Kezd\u0151lap\",\"item\":\"https:\/\/hir.mediamarkt.hu\/magazin\/\"},{\"@type\":\"ListItem\",\"position\":2,\"name\":\"Tesztelt\u00fck\",\"item\":\"https:\/\/hir.mediamarkt.hu\/magazin\/teszteltuk\/\"},{\"@type\":\"ListItem\",\"position\":3,\"name\":\"H\u00faztuk a sz\u00e1nkat, majd dobtunk egy h\u00e1tast: Nacon Revolution 5 Pro teszt\"}]},{\"@type\":\"WebSite\",\"@id\":\"https:\/\/hir.mediamarkt.hu\/magazin\/#website\",\"url\":\"https:\/\/hir.mediamarkt.hu\/magazin\/\",\"name\":\"MediaMarkt Magazin\",\"description\":\"Olvass bele magazinunkba!\",\"potentialAction\":[{\"@type\":\"SearchAction\",\"target\":{\"@type\":\"EntryPoint\",\"urlTemplate\":\"https:\/\/hir.mediamarkt.hu\/magazin\/?s={search_term_string}\"},\"query-input\":\"required name=search_term_string\"}],\"inLanguage\":\"hu\"},{\"@type\":\"Person\",\"@id\":\"https:\/\/hir.mediamarkt.hu\/magazin\/#\/schema\/person\/f4a17b2dc97f2e2bf1b88a89d4ef7d05\",\"name\":\"Nemenyi\",\"image\":{\"@type\":\"ImageObject\",\"inLanguage\":\"hu\",\"@id\":\"https:\/\/hir.mediamarkt.hu\/magazin\/#\/schema\/person\/image\/\",\"url\":\"https:\/\/secure.gravatar.com\/avatar\/9470b3223c723142e66adcad803b24fe?s=96&d=mm&r=g\",\"contentUrl\":\"https:\/\/secure.gravatar.com\/avatar\/9470b3223c723142e66adcad803b24fe?s=96&d=mm&r=g\",\"caption\":\"Nemenyi\"}}]}<\/script>\n<!-- \/ Yoast SEO plugin. -->","yoast_head_json":{"title":"H\u00faztuk a sz\u00e1nkat, majd dobtunk egy h\u00e1tast: Nacon Revolution 5 Pro teszt - MediaMarkt Magazin","description":"Nacon Revolution 5: Egy val\u00f3ban pr\u00e9mium kontroller, ami csak azoknak nem \u00e9ri meg, akiknek a legnagyobb sz\u00fcks\u00e9g\u00fck lenne az ilyesmire.","robots":{"index":"index","follow":"follow","max-snippet":"max-snippet:-1","max-image-preview":"max-image-preview:large","max-video-preview":"max-video-preview:-1"},"canonical":"https:\/\/hir.mediamarkt.hu\/magazin\/nacon-revolution-5-pro\/","og_locale":"hu_HU","og_type":"article","og_title":"H\u00faztuk a sz\u00e1nkat, majd dobtunk egy h\u00e1tast: Nacon Revolution 5 Pro teszt - MediaMarkt Magazin","og_description":"Nacon Revolution 5: Egy val\u00f3ban pr\u00e9mium kontroller, ami csak azoknak nem \u00e9ri meg, akiknek a legnagyobb sz\u00fcks\u00e9g\u00fck lenne az ilyesmire.","og_url":"https:\/\/hir.mediamarkt.hu\/magazin\/nacon-revolution-5-pro\/","og_site_name":"MediaMarkt Magazin","article_publisher":"https:\/\/www.facebook.com\/MediaMarktMagyarorszag","article_published_time":"2023-12-22T12:41:39+00:00","article_modified_time":"2024-01-14T20:09:35+00:00","og_image":[{"width":1024,"height":619,"url":"https:\/\/hir.mediamarkt.hu\/magazin\/wp-content\/uploads\/2023\/12\/Nacon_kontroller_teszt-1.png","type":"image\/png"}],"author":"Nemenyi","twitter_misc":{"Szerz\u0151:":"Nemenyi","Becs\u00fclt olvas\u00e1si id\u0151":"7 perc"},"schema":{"@context":"https:\/\/schema.org","@graph":[{"@type":"WebPage","@id":"https:\/\/hir.mediamarkt.hu\/magazin\/nacon-revolution-5-pro\/","url":"https:\/\/hir.mediamarkt.hu\/magazin\/nacon-revolution-5-pro\/","name":"H\u00faztuk a sz\u00e1nkat, majd dobtunk egy h\u00e1tast: Nacon Revolution 5 Pro teszt - MediaMarkt Magazin","isPartOf":{"@id":"https:\/\/hir.mediamarkt.hu\/magazin\/#website"},"primaryImageOfPage":{"@id":"https:\/\/hir.mediamarkt.hu\/magazin\/nacon-revolution-5-pro\/#primaryimage"},"image":{"@id":"https:\/\/hir.mediamarkt.hu\/magazin\/nacon-revolution-5-pro\/#primaryimage"},"thumbnailUrl":"https:\/\/hir.mediamarkt.hu\/magazin\/wp-content\/uploads\/2023\/12\/Nacon_kontroller_teszt-1.png","datePublished":"2023-12-22T12:41:39+00:00","dateModified":"2024-01-14T20:09:35+00:00","author":{"@id":"https:\/\/hir.mediamarkt.hu\/magazin\/#\/schema\/person\/f4a17b2dc97f2e2bf1b88a89d4ef7d05"},"description":"Nacon Revolution 5: Egy val\u00f3ban pr\u00e9mium kontroller, ami csak azoknak nem \u00e9ri meg, akiknek a legnagyobb sz\u00fcks\u00e9g\u00fck lenne az ilyesmire.","breadcrumb":{"@id":"https:\/\/hir.mediamarkt.hu\/magazin\/nacon-revolution-5-pro\/#breadcrumb"},"inLanguage":"hu","potentialAction":[{"@type":"ReadAction","target":["https:\/\/hir.mediamarkt.hu\/magazin\/nacon-revolution-5-pro\/"]}]},{"@type":"ImageObject","inLanguage":"hu","@id":"https:\/\/hir.mediamarkt.hu\/magazin\/nacon-revolution-5-pro\/#primaryimage","url":"https:\/\/hir.mediamarkt.hu\/magazin\/wp-content\/uploads\/2023\/12\/Nacon_kontroller_teszt-1.png","contentUrl":"https:\/\/hir.mediamarkt.hu\/magazin\/wp-content\/uploads\/2023\/12\/Nacon_kontroller_teszt-1.png","width":1024,"height":619},{"@type":"BreadcrumbList","@id":"https:\/\/hir.mediamarkt.hu\/magazin\/nacon-revolution-5-pro\/#breadcrumb","itemListElement":[{"@type":"ListItem","position":1,"name":"Kezd\u0151lap","item":"https:\/\/hir.mediamarkt.hu\/magazin\/"},{"@type":"ListItem","position":2,"name":"Tesztelt\u00fck","item":"https:\/\/hir.mediamarkt.hu\/magazin\/teszteltuk\/"},{"@type":"ListItem","position":3,"name":"H\u00faztuk a sz\u00e1nkat, majd dobtunk egy h\u00e1tast: Nacon Revolution 5 Pro teszt"}]},{"@type":"WebSite","@id":"https:\/\/hir.mediamarkt.hu\/magazin\/#website","url":"https:\/\/hir.mediamarkt.hu\/magazin\/","name":"MediaMarkt Magazin","description":"Olvass bele magazinunkba!","potentialAction":[{"@type":"SearchAction","target":{"@type":"EntryPoint","urlTemplate":"https:\/\/hir.mediamarkt.hu\/magazin\/?s={search_term_string}"},"query-input":"required name=search_term_string"}],"inLanguage":"hu"},{"@type":"Person","@id":"https:\/\/hir.mediamarkt.hu\/magazin\/#\/schema\/person\/f4a17b2dc97f2e2bf1b88a89d4ef7d05","name":"Nemenyi","image":{"@type":"ImageObject","inLanguage":"hu","@id":"https:\/\/hir.mediamarkt.hu\/magazin\/#\/schema\/person\/image\/","url":"https:\/\/secure.gravatar.com\/avatar\/9470b3223c723142e66adcad803b24fe?s=96&d=mm&r=g","contentUrl":"https:\/\/secure.gravatar.com\/avatar\/9470b3223c723142e66adcad803b24fe?s=96&d=mm&r=g","caption":"Nemenyi"}}]}},"_links":{"self":[{"href":"https:\/\/hir.mediamarkt.hu\/magazin\/wp-json\/wp\/v2\/posts\/18461"}],"collection":[{"href":"https:\/\/hir.mediamarkt.hu\/magazin\/wp-json\/wp\/v2\/posts"}],"about":[{"href":"https:\/\/hir.mediamarkt.hu\/magazin\/wp-json\/wp\/v2\/types\/post"}],"author":[{"embeddable":true,"href":"https:\/\/hir.mediamarkt.hu\/magazin\/wp-json\/wp\/v2\/users\/22"}],"replies":[{"embeddable":true,"href":"https:\/\/hir.mediamarkt.hu\/magazin\/wp-json\/wp\/v2\/comments?post=18461"}],"version-history":[{"count":9,"href":"https:\/\/hir.mediamarkt.hu\/magazin\/wp-json\/wp\/v2\/posts\/18461\/revisions"}],"predecessor-version":[{"id":18684,"href":"https:\/\/hir.mediamarkt.hu\/magazin\/wp-json\/wp\/v2\/posts\/18461\/revisions\/18684"}],"wp:featuredmedia":[{"embeddable":true,"href":"https:\/\/hir.mediamarkt.hu\/magazin\/wp-json\/wp\/v2\/media\/18586"}],"wp:attachment":[{"href":"https:\/\/hir.mediamarkt.hu\/magazin\/wp-json\/wp\/v2\/media?parent=18461"}],"wp:term":[{"taxonomy":"category","embeddable":true,"href":"https:\/\/hir.mediamarkt.hu\/magazin\/wp-json\/wp\/v2\/categories?post=18461"},{"taxonomy":"post_tag","embeddable":true,"href":"https:\/\/hir.mediamarkt.hu\/magazin\/wp-json\/wp\/v2\/tags?post=18461"}],"curies":[{"name":"wp","href":"https:\/\/api.w.org\/{rel}","templated":true}]}}