{"id":18476,"date":"2023-12-18T15:36:08","date_gmt":"2023-12-18T14:36:08","guid":{"rendered":"https:\/\/hir.mediamarkt.hu\/magazin\/?p=18476"},"modified":"2024-07-10T12:36:54","modified_gmt":"2024-07-10T11:36:54","slug":"ajandektippek-ferfiaknak-ha-mar-unod-a-zoknit","status":"publish","type":"post","link":"https:\/\/hir.mediamarkt.hu\/magazin\/ajandektippek-ferfiaknak-ha-mar-unod-a-zoknit\/","title":{"rendered":"Aj\u00e1nd\u00e9ktippek f\u00e9rfiaknak, ha m\u00e1r unod a zoknit"},"content":{"rendered":"\n<p class=\"has-text-align-justify\">Nincs \u00f6tleted? J\u00f3l j\u00f6nn\u00e9nek olyan aj\u00e1nd\u00e9ktippek, amit\u0151l garant\u00e1lt a csillog\u00f3 szemp\u00e1r az aj\u00e1nd\u00e9kbont\u00e1s ut\u00e1n? <span style=\"font-size: revert;color: initial\">Ahogy a h\u00f6lgyeknek sz\u00e1nt <a href=\"https:\/\/hir.mediamarkt.hu\/magazin\/valassz-okosan-ajandek-tippek-holgyeknek\/\">\u00f6tlet<\/a>ekn\u00e9l m\u00e1r megjegyezt\u00fck, seg\u00edt, ha azt gondolod v\u00e9gig, melyek a legfontosabb dolgok a megaj\u00e1nd\u00e9kozott sz\u00e1m\u00e1ra. Mi kapcsolja ki, milyen hobbija van, mik voltak a kedvenc programjai az \u00e9vben, mi a kedvenc t\u00e9m\u00e1ja, amir\u0151l a legt\u00f6bbet \u00e9s lelkesen besz\u00e9lt.<\/span><img decoding=\"async\" src=\"https:\/\/hir.mediamarkt.hu\/magazin\/wp-content\/uploads\/2023\/12\/ajandektippek-ferfiaknak.jpeg\" alt=\"\"><\/p>\n\n\n\n<h2 class=\"wp-block-heading\">Aj\u00e1nd\u00e9ktippek j\u00e1t\u00e9kosoknak<\/h2>\n\n\n\n<p class=\"has-text-align-justify\">Ha a j\u00e1t\u00e9k a mindene \u00e9s f\u0151 c\u00e9ljai k\u00f6z\u00f6tt szerepel, hogy az e-sportban el\u0151kel\u0151 helyet \u00e9rjen el, akkor igaz\u00e1n k\u00f6nny\u0171 dolgod van, hiszen <a href=\"https:\/\/www.mediamarkt.hu\/hu\/shop\/gamereknek.html\">sz\u00e1mtalan eszk\u00f6z<\/a> k\u00f6z\u00fcl v\u00e1laszthatsz a <a href=\"https:\/\/www.mediamarkt.hu\/hu\/category\/_gamer-billenty%C5%B1zet-726147.html\">gamer billenty\u0171zeten<\/a> \u00e1t a <a href=\"https:\/\/hir.mediamarkt.hu\/magazin\/ha-beulsz-ele-sosem-leszel-kepes-atulni-ezert-fantasztikusak-az-ultrawide-monitorok\/\">monitoron<\/a> kereszt\u00fcl a <a href=\"https:\/\/www.mediamarkt.hu\/hu\/category\/_gamer-sz%C3%A9kek-592515.html\">sz\u00e9kekig<\/a>, sz\u00ednben, form\u00e1ban \u00e9s \u00e1rban is rendk\u00edv\u00fcl sz\u00e9les a v\u00e1laszt\u00e9k.<\/p>\n\n\n\n<figure class=\"wp-block-image\"><img decoding=\"async\" src=\"https:\/\/hir.mediamarkt.hu\/magazin\/wp-content\/uploads\/2020\/09\/DSC_2030.jpg\" alt=\"\" \/><\/figure>\n\n\n\n<p class=\"has-text-align-justify\">A <a href=\"https:\/\/www.mediamarkt.hu\/hu\/product\/_redragon-s101-ba-s101-ba-gamer-combo-4-in-1-fekete-piros-1302253.html#\">REDRAGON S101-Ba S101-Ba Gamer Combo 4 In 1, Fekete\/Piros<\/a> kombin\u00e1ci\u00f3ja l\u00e1tv\u00e1nynak sem utols\u00f3, de a tulajdons\u00e1gai is igen meggy\u0151z\u0151ek. Ehhez sz\u00edn\u00e9ben is t\u00f6k\u00e9letesen passzol az <a href=\"https:\/\/www.mediamarkt.hu\/hu\/product\/_iris-gch203-gaming-sz%C3%A9k-fekete-piros-gch203br-1395094.html\">IRIS GCH203 Gaming sz\u00e9k, fekete-piros (GCH203BR)<\/a>. Ak\u00e1r k\u00fcl\u00f6n-k\u00fcl\u00f6n, ak\u00e1r egyben aj\u00e1nd\u00e9kozod, biztosan nem fogsz csal\u00f3d\u00e1st okozni.<\/p>\n\n\n\n<h2 class=\"wp-block-heading\">Gasztrom\u00e1gusoknak<\/h2>\n\n\n\n<p>Egy kor\u00e1bbi kutat\u00e1s szerint a magyar f\u00e9rfiak 37%-a \u00e1ll\u00edtja mag\u00e1r\u00f3l, hogy szeret f\u0151zni. Amennyiben az aj\u00e1nd\u00e9kozott is ehhez a k\u00f6rh\u00f6z tartozik, a <a href=\"https:\/\/www.mediamarkt.hu\/hu\/product\/_bergner-bgmp-9059-h%C3%BAsh%C5%91m%C3%A9r%C5%91-1387866.html?ga_query=BERGNER+BGMP-9059+H%C3%BAsh%C5%91m%C3%A9r%C5%91\">BERGNER BGMP-9059 H\u00fash\u0151m\u00e9r\u0151<\/a> j\u00f3 v\u00e1laszt\u00e1s lehet, k\u00fcl\u00f6nleges jellezm\u0151i ok\u00e1n:<\/p>\n\n\n\n<ul>\n<li>a vezet\u00e9k n\u00e9lk\u00fcli \u00e9telh\u0151m\u00e9rs\u00e9klet m\u00e9r\u00e9s a kinti (lesz m\u00e9g ny\u00e1r!) \u00e9s benti haszn\u00e1latra is alkalmass\u00e1 teszi,<\/li>\n\n\n\n<li>id\u0151z\u00edt\u0151,<\/li>\n\n\n\n<li>&nbsp;\u00b0C\/F\u00b0 h\u0151m\u00e9rs\u00e9klet v\u00e1laszt\u00e1s,<\/li>\n\n\n\n<li>h\u00e1tt\u00e9rvil\u00e1g\u00edt\u00e1s,<\/li>\n\n\n\n<li>h\u0151m\u00e9rs\u00e9klet sk\u00e1la: 0\u00b0C-250\u00b0C\/ 32\u00b0F-500\u00b0F.<\/li>\n<\/ul>\n\n\n\n<p class=\"has-text-align-justify\">F\u0151z, s\u00fct, kokt\u00e9lt kever? Min\u00e9l kisebb a mennyis\u00e9g, ann\u00e1l nehezebb m\u00e9rni, kiv\u00e9ve, ha van a konyh\u00e1ban egy <a href=\"https:\/\/www.mediamarkt.hu\/hu\/product\/_proficook-pc-lw-1214-digit%C3%A1lis-kan%C3%A1lm%C3%A9rleg-inox-1347137.html\">PROFICOOK PC-LW 1214 Digit\u00e1lis kan\u00e1lm\u00e9rleg<\/a>, aminek a seg\u00edts\u00e9g\u00e9vel a f\u0171szerek, a liszt, a k\u00e1v\u00e9 vagy ak\u00e1r a folyad\u00e9kok m\u00e9r\u00e9se is elk\u00e9peszt\u0151en egyszer\u0171.<\/p>\n\n\n\n<figure class=\"wp-block-image\"><img decoding=\"async\" src=\"https:\/\/hir.mediamarkt.hu\/magazin\/wp-content\/uploads\/2023\/12\/PROFICOOK-PC-LW-1214-Digitalis-kanalmerleg-inox.jpg\" alt=\"\" \/><\/figure>\n\n\n\n<p class=\"has-text-align-justify\">Ha a f\u00e9rfi egyed\u00fcl \u00e9l &#8211; persze akkor is ha nem &#8211; a <a href=\"https:\/\/www.mediamarkt.hu\/hu\/product\/_tesla-qg800-aircook-grill-wifi-t%C3%B6bbfunkci%C3%B3s-digit%C3%A1lis-forr%C3%B3-leveg%C5%91s-s%C3%BCt%C5%91-applik%C3%A1ci%C3%B3val-1439259.html\">TESLA QG800 AirCook &amp; Grill WiFi t\u00f6bbfunkci\u00f3s digit\u00e1lis forr\u00f3 leveg\u0151s s\u00fct\u0151<\/a>je, eg\u00e9sz biztos a seg\u00edts\u00e9g\u00e9re lesz. Ki ne szeretne egy olyan eszk\u00f6zt, ami b\u00e1rmikor \u00e9s b\u00e1rhonnan vez\u00e9relhet\u0151 egy alkalmaz\u00e1s seg\u00edts\u00e9g\u00e9vel:<\/p>\n\n\n\n<ul>\n<li>a s\u00fct\u0151 be- \u00e9s kikapcsol\u00e1sa,<\/li>\n\n\n\n<li>k\u00e9zi h\u0151m\u00e9rs\u00e9klet-be\u00e1ll\u00edt\u00e1s,<\/li>\n\n\n\n<li>inform\u00e1ci\u00f3 a meleg\u00edt\u00e9s v\u00e9g\u00e9ig h\u00e1tral\u00e9v\u0151 id\u0151r\u0151l,<\/li>\n\n\n\n<li>a p\u00f6rk\u00f6l\u0151 be- \u00e9s kikapcsol\u00e1sa,<\/li>\n\n\n\n<li>az id\u0151z\u00edt\u0151 be\u00e1ll\u00edt\u00e1sa az \u00fctemezett ind\u00edt\u00e1shoz,<\/li>\n\n\n\n<li>r\u00e1ad\u00e1sul l\u00e9p\u00e9senk\u00e9nti recepteket \u00e9s m\u00e9g sok minden m\u00e1st is k\u00edn\u00e1l.<\/li>\n<\/ul>\n\n\n\n<h2 class=\"wp-block-heading\">Aj\u00e1nd\u00e9ktippek aut\u00f3rajong\u00f3knak<\/h2>\n\n\n\n<p class=\"has-text-align-justify\">Ha az aut\u00f3 a mindene, \u00e9s ennek megfelel\u0151en sok id\u0151t t\u00f6lt benne, tedd k\u00e9nyelmess\u00e9 az utaz\u00e1s\u00e1t egy <a href=\"https:\/\/www.mediamarkt.hu\/hu\/product\/_homasita-56cb299-maxspeed-k%C3%B6ny%C3%B6kt%C3%A1masz-%C3%A9s-t%C3%A1rol%C3%B3-cs%C3%BAsz%C3%B3-tet%C5%91s-1263588.html\">HOMASITA 56CB299 Maxspeed k\u00f6ny\u00f6kt\u00e1masz \u00e9s t\u00e1rol\u00f3<\/a>val. A k\u00f6ny\u00f6kl\u0151 u<span style=\"color: initial\">niverz\u00e1lis \u00e9s majdnem minden aut\u00f3ba beszerelhet\u0151.<\/span><\/p>\n\n\n\n<figure class=\"wp-block-image\"><img decoding=\"async\" src=\"https:\/\/hir.mediamarkt.hu\/magazin\/wp-content\/uploads\/2023\/12\/SENCOR-Vezetek-nelkuli-CarPlay-es-Android-autos-kijelzo-tolatokameraval-SCT-M750-BWT.jpg\" alt=\"\" \/><\/figure>\n\n\n\n<p class=\"has-text-align-justify\">Egyel k\u00fcl\u00f6nlegesebb aj\u00e1nd\u00e9ktipp a <a href=\"https:\/\/www.mediamarkt.hu\/hu\/product\/_sencor-vezet%C3%A9k-n%C3%A9lk%C3%BCli-carplay-%C3%A9s-android-aut%C3%B3s-kijelz%C5%91-tolat%C3%B3kamer%C3%A1val-sct-m750-bwt-1431899.html?ga_query=SENCOR+Vezet%C3%A9k+n%C3%A9lk%C3%BCli+CarPlay+%C3%A9s+Android+aut%C3%B3s+kijelz%C5%91\">SENCOR Vezet\u00e9k n\u00e9lk\u00fcli CarPlay \u00e9s Android aut\u00f3s kijelz\u0151je<\/a> tolat\u00f3kamer\u00e1val, ami \u00faj szintre emelheti a j\u00e1rm\u0171 intelligens \u00e9lm\u00e9ny\u00e9t. A k\u00e9sz\u00fcl\u00e9k lehet\u0151v\u00e9 teszi a mobil k\u00e9perny\u0151 t\u00fckr\u00f6z\u00e9s\u00e9t, \u00edgy k\u00f6nnyed\u00e9n kezelhet\u0151ek az aut\u00f3s alkalmaz\u00e1sok \u00e9s navig\u00e1ci\u00f3 is.<\/p>\n\n\n\n<h2 class=\"wp-block-heading\"><span style=\"font-size: revert;color: initial\">K\u00e1v\u00e9kedvel\u0151knek<\/span><\/h2>\n\n\n\n<p class=\"has-text-align-justify\"><span style=\"font-size: revert;color: initial\">Ha t\u00f6retlen a vonzalma \u00e9s a lelkesed\u00e9se a k\u00e1v\u00e9 ir\u00e1nt, akkor csak azt kell megtudnod, mi hi\u00e1nyzik neki a t\u00f6k\u00e9letes k\u00e1v\u00e9 elk\u00e9sz\u00edt\u00e9s\u00e9hez. Esetleg pont egy olyan k\u00e1v\u00e9k\u00fcl\u00f6nlegess\u00e9g, mint a <\/span><a href=\"https:\/\/www.mediamarkt.hu\/hu\/product\/_passalacqua-mekico-szemes-k%C3%A1v%C3%A9-1-kg-1249809.html\">PASSALACQUA Mekico szemes k\u00e1v\u00e9<\/a>, leny\u0171g\u00f6z\u0151 vir\u00e1gos arom\u00e1j\u00e1val \u00e9s k\u00f6nnyed, m\u00e9gis telt testess\u00e9g\u0171 \u00edzvil\u00e1g\u00e1val?<\/p>\n\n\n\n<p>Nem ismer kompromisszumot a pontoss\u00e1g \u00e9s az \u0151rl\u00e9si min\u0151s\u00e9g tekintet\u00e9ben? Akkor a robosztus <a href=\"https:\/\/www.mediamarkt.hu\/hu\/product\/_wacaco-wgrind-exagrind-pr%C3%A9mium-prec%C3%ADzi%C3%B3s-k%C3%A9zi-k%C3%A1v%C3%A9dar%C3%A1l%C3%B3-1437716.html\">WACACO WGRIND Exagrind pr\u00e9mium prec\u00edzi\u00f3s k\u00e9zi k\u00e1v\u00e9dar\u00e1l\u00f3<\/a> \u00fct\u0151s d\u00f6nt\u00e9s lehet.<\/p>\n\n\n\n<figure class=\"wp-block-image\"><img decoding=\"async\" src=\"https:\/\/hir.mediamarkt.hu\/magazin\/wp-content\/uploads\/2023\/12\/WACACO-WNANO-GR-G-Nanopresso-hordozhato-kavefozo-szurke.jpg\" alt=\"\" \/><\/figure>\n\n\n\n<p>Sokat utazik? Lepd meg egy <a href=\"https:\/\/www.mediamarkt.hu\/hu\/product\/_wacaco-wnano-gr-g-nanopresso-hordozhat%C3%B3-k%C3%A1v%C3%A9f%C5%91z%C5%91-sz%C3%BCrke-1437729.html\">WACACO WNANO-GR-G Nanopresso hordozhat\u00f3 k\u00e1v\u00e9f\u0151z\u0151<\/a>vel, amihez m\u00e9g <a href=\"https:\/\/www.mediamarkt.hu\/hu\/category\/_k%C3%A1v%C3%A9z%C3%A1s-kieg%C3%A9sz%C3%ADt%C5%91k-504749.html?searchParams=%2FSearch.ff%3Fchannel%3DMMHUhu%26filterCategoriesROOT%3DH%25C3%25A1ztart%25C3%25A1si%2Bkisg%25C3%25A9p%25C2%25A7MediaHUhuc504601%26filterCategoriesROOT%2FH%25C3%25A1ztart%25C3%25A1si%2Bkisg%25C3%25A9p%25C2%25A7MediaHUhuc504601%3DK%25C3%25A1v%25C3%25A9z%25C3%25A1s%25C2%25A7MediaHUhuc504755%26filterCategoriesROOT%2FH%25C3%25A1ztart%25C3%25A1si%2Bkisg%25C3%25A9p%25C2%25A7MediaHUhuc504601%2FK%25C3%25A1v%25C3%25A9z%25C3%25A1s%25C2%25A7MediaHUhuc504755%3DK%25C3%25A1v%25C3%25A9z%25C3%25A1s%2Bkieg%25C3%25A9sz%25C3%25ADt%25C5%2591k%25C2%25A7MediaHUhuc504749%26filterbrand%3DWACACO%26ids_only%3Dtrue%26productsPerPage%3D20%26navigation%3Dtrue&amp;sort=&amp;view=PRODUCTLIST&amp;page=\">kieg\u00e9sz\u00edt\u0151ket<\/a> is tal\u00e1lsz.<\/p>\n\n\n\n<h2 class=\"wp-block-heading\"><span style=\"font-size: revert;color: initial\">Hideg t\u00e9li est\u00e9kre<\/span><\/h2>\n\n\n\n<p class=\"has-text-align-justify\">Szereti a filmeket, sz\u00edvesen kapcsol\u00f3dik ki egy-egy sorozattal? A kar\u00e1csonyi aj\u00e1nd\u00e9kok egyik legnagyobb sl\u00e1gere j\u00f3 ideje a t\u00e9v\u00e9. Mivel sz\u00e1mtalan szempontot kell figyelembe venni, javaslom, hogy ezt a <a href=\"https:\/\/hir.mediamarkt.hu\/magazin\/televizio-kisokos\/\">kisokost<\/a> h\u00edvd seg\u00edts\u00e9g\u00fcl. Ink\u00e1bb konkr\u00e9t tippre v\u00e1gyn\u00e1l? A toplista \u00e9l\u00e9n a&nbsp;<a href=\"https:\/\/www.mediamarkt.hu\/hu\/product\/_samsung-ue-55-au7022kxxh-4k-uhd-smart-led-telev%C3%ADzi%C3%B3-138-cm-1395045.html\">SAMSUNG UE 55 AU7022KXXH 4K UHD Smart LED Telev\u00edzi\u00f3<\/a>ja \u00e1ll. De d\u00f6nthetsz \u00fagyis, hogy ink\u00e1bb egy projektort aj\u00e1nd\u00e9kozol, ehhez&nbsp;&nbsp;<a href=\"https:\/\/hir.mediamarkt.hu\/magazin\/projektor-valasztas\/\">itt tal\u00e1lsz<\/a> egy nagyobb l\u00e9legzetv\u00e9telnyi seg\u00edts\u00e9get.<\/p>\n\n\n\n<figure class=\"wp-block-image\"><img decoding=\"async\" src=\"https:\/\/hir.mediamarkt.hu\/magazin\/wp-content\/uploads\/2023\/09\/AdobeStock_258806931.jpeg\" alt=\"\" \/><\/figure>\n\n\n\n<p class=\"has-text-align-justify\">Mindenki egyedi, \u00edgy az aj\u00e1nd\u00e9koz\u00e1sunk is az. A l\u00e9nyeg, hogy olyan meglepet\u00e9st v\u00e1lasszunk, amir\u0151l hissz\u00fck, hogy \u00f6r\u00f6met szerez. Tegy\u00fck szem\u00e9lyess\u00e9 az aj\u00e1nd\u00e9kot, vegy\u00fck figyelembe a m\u00e1sik \u00edzl\u00e9s\u00e9t \u00e9s egy\u00e9nis\u00e9g\u00e9t, hiszen a j\u00f3 aj\u00e1nd\u00e9knak nemcsak anyagi \u00e9rt\u00e9ke van, hanem az is sz\u00e1m\u00edt, hogy mennyire sz\u00f3l az aj\u00e1nd\u00e9kozotthoz. Az odafigyel\u00e9ssel v\u00e1lasztott meglepet\u00e9s v\u00e1rhat\u00f3an nagyobb \u00f6r\u00f6met okoz, hiszen \u00e9rezhet\u0151 rajta az az er\u0151fesz\u00edt\u00e9s is, amit az\u00e9rt tett\u00fcnk, hogy valami igaz\u00e1n k\u00fcl\u00f6nlegeset adhassunk.<\/p>\n","protected":false},"excerpt":{"rendered":"Nincs \u00f6tleted? J\u00f3l j\u00f6nn\u00e9nek olyan aj\u00e1nd\u00e9ktippek, amit\u0151l garant\u00e1lt a csillog\u00f3 szemp\u00e1r az aj\u00e1nd\u00e9kbont\u00e1s ut\u00e1n? Ahogy a h\u00f6lgyeknek sz\u00e1nt \u00f6tletekn\u00e9l m\u00e1r megjegyezt\u00fck, seg\u00edt, ha azt gondolod v\u00e9gig, melyek a legfontosabb dolgok a megaj\u00e1nd\u00e9kozott sz\u00e1m\u00e1ra. Mi kapcsolja ki, milyen hobbija van, mik voltak a kedvenc programjai az \u00e9vben, mi a kedvenc t\u00e9m\u00e1ja, amir\u0151l a legt\u00f6bbet \u00e9s lelkesen besz\u00e9lt. Aj\u00e1nd\u00e9ktippek j\u00e1t\u00e9kosoknak Ha a j\u00e1t\u00e9k a mindene \u00e9s f\u0151 c\u00e9ljai k\u00f6z\u00f6tt szerepel, hogy az e-sportban el\u0151kel\u0151 helyet \u00e9rjen el, akkor igaz\u00e1n k\u00f6nny\u0171 dolgod van, hiszen sz\u00e1mtalan eszk\u00f6z k\u00f6z\u00fcl v\u00e1laszthatsz a gamer billenty\u0171zeten \u00e1t a monitoron kereszt\u00fcl a sz\u00e9kekig, sz\u00ednben, form\u00e1ban \u00e9s \u00e1rban is rendk\u00edv\u00fcl sz\u00e9les a v\u00e1laszt\u00e9k. A REDRAGON S101-Ba S101-Ba Gamer Combo 4 In 1, Fekete\/Piros kombin\u00e1ci\u00f3ja l\u00e1tv\u00e1nynak sem utols\u00f3, de a tulajdons\u00e1gai &#8230;","protected":false},"author":39,"featured_media":18557,"comment_status":"open","ping_status":"open","sticky":false,"template":"","format":"standard","meta":{"wprm-recipe-roundup-name":"","wprm-recipe-roundup-description":"","footnotes":""},"categories":[5963],"tags":[],"yoast_head":"<!-- This site is optimized with the Yoast SEO plugin v22.9 - https:\/\/yoast.com\/wordpress\/plugins\/seo\/ -->\n<title>Aj\u00e1nd\u00e9ktippek f\u00e9rfiaknak, ha m\u00e1r unod a zoknit - MediaMarkt Magazin<\/title>\n<meta name=\"description\" content=\"Csillog\u00f3 szemp\u00e1rokra v\u00e1gysz az aj\u00e1nd\u00e9kbont\u00e1s ut\u00e1n? Aj\u00e1nd\u00e9ktippek f\u00e9rfiaknak, ha unod a zoknit \u00e9s a nyakkend\u0151t.\" \/>\n<meta name=\"robots\" content=\"index, follow, max-snippet:-1, max-image-preview:large, max-video-preview:-1\" \/>\n<link rel=\"canonical\" href=\"https:\/\/hir.mediamarkt.hu\/magazin\/ajandektippek-ferfiaknak-ha-mar-unod-a-zoknit\/\" \/>\n<meta property=\"og:locale\" content=\"hu_HU\" \/>\n<meta property=\"og:type\" content=\"article\" \/>\n<meta property=\"og:title\" content=\"Aj\u00e1nd\u00e9ktippek f\u00e9rfiaknak, ha m\u00e1r unod a zoknit - MediaMarkt Magazin\" \/>\n<meta property=\"og:description\" content=\"Csillog\u00f3 szemp\u00e1rokra v\u00e1gysz az aj\u00e1nd\u00e9kbont\u00e1s ut\u00e1n? Aj\u00e1nd\u00e9ktippek f\u00e9rfiaknak, ha unod a zoknit \u00e9s a nyakkend\u0151t.\" \/>\n<meta property=\"og:url\" content=\"https:\/\/hir.mediamarkt.hu\/magazin\/ajandektippek-ferfiaknak-ha-mar-unod-a-zoknit\/\" \/>\n<meta property=\"og:site_name\" content=\"MediaMarkt Magazin\" \/>\n<meta property=\"article:publisher\" content=\"https:\/\/www.facebook.com\/MediaMarktMagyarorszag\" \/>\n<meta property=\"article:published_time\" content=\"2023-12-18T14:36:08+00:00\" \/>\n<meta property=\"article:modified_time\" content=\"2024-07-10T11:36:54+00:00\" \/>\n<meta property=\"og:image\" content=\"https:\/\/hir.mediamarkt.hu\/magazin\/wp-content\/uploads\/2023\/12\/AdobeStock_26807657.jpeg\" \/>\n\t<meta property=\"og:image:width\" content=\"1440\" \/>\n\t<meta property=\"og:image:height\" content=\"960\" \/>\n\t<meta property=\"og:image:type\" content=\"image\/jpeg\" \/>\n<meta name=\"author\" content=\"P\u00e1lmai D\u00e1niel\" \/>\n<meta name=\"twitter:label1\" content=\"Szerz\u0151:\" \/>\n\t<meta name=\"twitter:data1\" content=\"P\u00e1lmai D\u00e1niel\" \/>\n\t<meta name=\"twitter:label2\" content=\"Becs\u00fclt olvas\u00e1si id\u0151\" \/>\n\t<meta name=\"twitter:data2\" content=\"5 perc\" \/>\n<script type=\"application\/ld+json\" class=\"yoast-schema-graph\">{\"@context\":\"https:\/\/schema.org\",\"@graph\":[{\"@type\":\"WebPage\",\"@id\":\"https:\/\/hir.mediamarkt.hu\/magazin\/ajandektippek-ferfiaknak-ha-mar-unod-a-zoknit\/\",\"url\":\"https:\/\/hir.mediamarkt.hu\/magazin\/ajandektippek-ferfiaknak-ha-mar-unod-a-zoknit\/\",\"name\":\"Aj\u00e1nd\u00e9ktippek f\u00e9rfiaknak, ha m\u00e1r unod a zoknit - MediaMarkt Magazin\",\"isPartOf\":{\"@id\":\"https:\/\/hir.mediamarkt.hu\/magazin\/#website\"},\"primaryImageOfPage\":{\"@id\":\"https:\/\/hir.mediamarkt.hu\/magazin\/ajandektippek-ferfiaknak-ha-mar-unod-a-zoknit\/#primaryimage\"},\"image\":{\"@id\":\"https:\/\/hir.mediamarkt.hu\/magazin\/ajandektippek-ferfiaknak-ha-mar-unod-a-zoknit\/#primaryimage\"},\"thumbnailUrl\":\"https:\/\/hir.mediamarkt.hu\/magazin\/wp-content\/uploads\/2023\/12\/AdobeStock_26807657.jpeg\",\"datePublished\":\"2023-12-18T14:36:08+00:00\",\"dateModified\":\"2024-07-10T11:36:54+00:00\",\"author\":{\"@id\":\"https:\/\/hir.mediamarkt.hu\/magazin\/#\/schema\/person\/e9b7b09a8b55fab4ee159e3d2ef50399\"},\"description\":\"Csillog\u00f3 szemp\u00e1rokra v\u00e1gysz az aj\u00e1nd\u00e9kbont\u00e1s ut\u00e1n? Aj\u00e1nd\u00e9ktippek f\u00e9rfiaknak, ha unod a zoknit \u00e9s a nyakkend\u0151t.\",\"breadcrumb\":{\"@id\":\"https:\/\/hir.mediamarkt.hu\/magazin\/ajandektippek-ferfiaknak-ha-mar-unod-a-zoknit\/#breadcrumb\"},\"inLanguage\":\"hu\",\"potentialAction\":[{\"@type\":\"ReadAction\",\"target\":[\"https:\/\/hir.mediamarkt.hu\/magazin\/ajandektippek-ferfiaknak-ha-mar-unod-a-zoknit\/\"]}]},{\"@type\":\"ImageObject\",\"inLanguage\":\"hu\",\"@id\":\"https:\/\/hir.mediamarkt.hu\/magazin\/ajandektippek-ferfiaknak-ha-mar-unod-a-zoknit\/#primaryimage\",\"url\":\"https:\/\/hir.mediamarkt.hu\/magazin\/wp-content\/uploads\/2023\/12\/AdobeStock_26807657.jpeg\",\"contentUrl\":\"https:\/\/hir.mediamarkt.hu\/magazin\/wp-content\/uploads\/2023\/12\/AdobeStock_26807657.jpeg\",\"width\":1440,\"height\":960},{\"@type\":\"BreadcrumbList\",\"@id\":\"https:\/\/hir.mediamarkt.hu\/magazin\/ajandektippek-ferfiaknak-ha-mar-unod-a-zoknit\/#breadcrumb\",\"itemListElement\":[{\"@type\":\"ListItem\",\"position\":1,\"name\":\"Kezd\u0151lap\",\"item\":\"https:\/\/hir.mediamarkt.hu\/magazin\/\"},{\"@type\":\"ListItem\",\"position\":2,\"name\":\"Seg\u00edt\u00fcnk v\u00e1lasztani\",\"item\":\"https:\/\/hir.mediamarkt.hu\/magazin\/segitunk-valasztani\/\"},{\"@type\":\"ListItem\",\"position\":3,\"name\":\"Aj\u00e1nd\u00e9k\u00f6tletek\",\"item\":\"https:\/\/hir.mediamarkt.hu\/magazin\/segitunk-valasztani\/ajandekotletek\/\"},{\"@type\":\"ListItem\",\"position\":4,\"name\":\"Aj\u00e1nd\u00e9ktippek f\u00e9rfiaknak, ha m\u00e1r unod a zoknit\"}]},{\"@type\":\"WebSite\",\"@id\":\"https:\/\/hir.mediamarkt.hu\/magazin\/#website\",\"url\":\"https:\/\/hir.mediamarkt.hu\/magazin\/\",\"name\":\"MediaMarkt Magazin\",\"description\":\"Olvass bele magazinunkba!\",\"potentialAction\":[{\"@type\":\"SearchAction\",\"target\":{\"@type\":\"EntryPoint\",\"urlTemplate\":\"https:\/\/hir.mediamarkt.hu\/magazin\/?s={search_term_string}\"},\"query-input\":\"required name=search_term_string\"}],\"inLanguage\":\"hu\"},{\"@type\":\"Person\",\"@id\":\"https:\/\/hir.mediamarkt.hu\/magazin\/#\/schema\/person\/e9b7b09a8b55fab4ee159e3d2ef50399\",\"name\":\"P\u00e1lmai D\u00e1niel\",\"image\":{\"@type\":\"ImageObject\",\"inLanguage\":\"hu\",\"@id\":\"https:\/\/hir.mediamarkt.hu\/magazin\/#\/schema\/person\/image\/\",\"url\":\"https:\/\/secure.gravatar.com\/avatar\/e2150efacaa73ccb1bd4586f6dabf57f?s=96&d=mm&r=g\",\"contentUrl\":\"https:\/\/secure.gravatar.com\/avatar\/e2150efacaa73ccb1bd4586f6dabf57f?s=96&d=mm&r=g\",\"caption\":\"P\u00e1lmai D\u00e1niel\"}}]}<\/script>\n<!-- \/ Yoast SEO plugin. -->","yoast_head_json":{"title":"Aj\u00e1nd\u00e9ktippek f\u00e9rfiaknak, ha m\u00e1r unod a zoknit - MediaMarkt Magazin","description":"Csillog\u00f3 szemp\u00e1rokra v\u00e1gysz az aj\u00e1nd\u00e9kbont\u00e1s ut\u00e1n? Aj\u00e1nd\u00e9ktippek f\u00e9rfiaknak, ha unod a zoknit \u00e9s a nyakkend\u0151t.","robots":{"index":"index","follow":"follow","max-snippet":"max-snippet:-1","max-image-preview":"max-image-preview:large","max-video-preview":"max-video-preview:-1"},"canonical":"https:\/\/hir.mediamarkt.hu\/magazin\/ajandektippek-ferfiaknak-ha-mar-unod-a-zoknit\/","og_locale":"hu_HU","og_type":"article","og_title":"Aj\u00e1nd\u00e9ktippek f\u00e9rfiaknak, ha m\u00e1r unod a zoknit - MediaMarkt Magazin","og_description":"Csillog\u00f3 szemp\u00e1rokra v\u00e1gysz az aj\u00e1nd\u00e9kbont\u00e1s ut\u00e1n? Aj\u00e1nd\u00e9ktippek f\u00e9rfiaknak, ha unod a zoknit \u00e9s a nyakkend\u0151t.","og_url":"https:\/\/hir.mediamarkt.hu\/magazin\/ajandektippek-ferfiaknak-ha-mar-unod-a-zoknit\/","og_site_name":"MediaMarkt Magazin","article_publisher":"https:\/\/www.facebook.com\/MediaMarktMagyarorszag","article_published_time":"2023-12-18T14:36:08+00:00","article_modified_time":"2024-07-10T11:36:54+00:00","og_image":[{"width":1440,"height":960,"url":"https:\/\/hir.mediamarkt.hu\/magazin\/wp-content\/uploads\/2023\/12\/AdobeStock_26807657.jpeg","type":"image\/jpeg"}],"author":"P\u00e1lmai D\u00e1niel","twitter_misc":{"Szerz\u0151:":"P\u00e1lmai D\u00e1niel","Becs\u00fclt olvas\u00e1si id\u0151":"5 perc"},"schema":{"@context":"https:\/\/schema.org","@graph":[{"@type":"WebPage","@id":"https:\/\/hir.mediamarkt.hu\/magazin\/ajandektippek-ferfiaknak-ha-mar-unod-a-zoknit\/","url":"https:\/\/hir.mediamarkt.hu\/magazin\/ajandektippek-ferfiaknak-ha-mar-unod-a-zoknit\/","name":"Aj\u00e1nd\u00e9ktippek f\u00e9rfiaknak, ha m\u00e1r unod a zoknit - MediaMarkt Magazin","isPartOf":{"@id":"https:\/\/hir.mediamarkt.hu\/magazin\/#website"},"primaryImageOfPage":{"@id":"https:\/\/hir.mediamarkt.hu\/magazin\/ajandektippek-ferfiaknak-ha-mar-unod-a-zoknit\/#primaryimage"},"image":{"@id":"https:\/\/hir.mediamarkt.hu\/magazin\/ajandektippek-ferfiaknak-ha-mar-unod-a-zoknit\/#primaryimage"},"thumbnailUrl":"https:\/\/hir.mediamarkt.hu\/magazin\/wp-content\/uploads\/2023\/12\/AdobeStock_26807657.jpeg","datePublished":"2023-12-18T14:36:08+00:00","dateModified":"2024-07-10T11:36:54+00:00","author":{"@id":"https:\/\/hir.mediamarkt.hu\/magazin\/#\/schema\/person\/e9b7b09a8b55fab4ee159e3d2ef50399"},"description":"Csillog\u00f3 szemp\u00e1rokra v\u00e1gysz az aj\u00e1nd\u00e9kbont\u00e1s ut\u00e1n? Aj\u00e1nd\u00e9ktippek f\u00e9rfiaknak, ha unod a zoknit \u00e9s a nyakkend\u0151t.","breadcrumb":{"@id":"https:\/\/hir.mediamarkt.hu\/magazin\/ajandektippek-ferfiaknak-ha-mar-unod-a-zoknit\/#breadcrumb"},"inLanguage":"hu","potentialAction":[{"@type":"ReadAction","target":["https:\/\/hir.mediamarkt.hu\/magazin\/ajandektippek-ferfiaknak-ha-mar-unod-a-zoknit\/"]}]},{"@type":"ImageObject","inLanguage":"hu","@id":"https:\/\/hir.mediamarkt.hu\/magazin\/ajandektippek-ferfiaknak-ha-mar-unod-a-zoknit\/#primaryimage","url":"https:\/\/hir.mediamarkt.hu\/magazin\/wp-content\/uploads\/2023\/12\/AdobeStock_26807657.jpeg","contentUrl":"https:\/\/hir.mediamarkt.hu\/magazin\/wp-content\/uploads\/2023\/12\/AdobeStock_26807657.jpeg","width":1440,"height":960},{"@type":"BreadcrumbList","@id":"https:\/\/hir.mediamarkt.hu\/magazin\/ajandektippek-ferfiaknak-ha-mar-unod-a-zoknit\/#breadcrumb","itemListElement":[{"@type":"ListItem","position":1,"name":"Kezd\u0151lap","item":"https:\/\/hir.mediamarkt.hu\/magazin\/"},{"@type":"ListItem","position":2,"name":"Seg\u00edt\u00fcnk v\u00e1lasztani","item":"https:\/\/hir.mediamarkt.hu\/magazin\/segitunk-valasztani\/"},{"@type":"ListItem","position":3,"name":"Aj\u00e1nd\u00e9k\u00f6tletek","item":"https:\/\/hir.mediamarkt.hu\/magazin\/segitunk-valasztani\/ajandekotletek\/"},{"@type":"ListItem","position":4,"name":"Aj\u00e1nd\u00e9ktippek f\u00e9rfiaknak, ha m\u00e1r unod a zoknit"}]},{"@type":"WebSite","@id":"https:\/\/hir.mediamarkt.hu\/magazin\/#website","url":"https:\/\/hir.mediamarkt.hu\/magazin\/","name":"MediaMarkt Magazin","description":"Olvass bele magazinunkba!","potentialAction":[{"@type":"SearchAction","target":{"@type":"EntryPoint","urlTemplate":"https:\/\/hir.mediamarkt.hu\/magazin\/?s={search_term_string}"},"query-input":"required name=search_term_string"}],"inLanguage":"hu"},{"@type":"Person","@id":"https:\/\/hir.mediamarkt.hu\/magazin\/#\/schema\/person\/e9b7b09a8b55fab4ee159e3d2ef50399","name":"P\u00e1lmai D\u00e1niel","image":{"@type":"ImageObject","inLanguage":"hu","@id":"https:\/\/hir.mediamarkt.hu\/magazin\/#\/schema\/person\/image\/","url":"https:\/\/secure.gravatar.com\/avatar\/e2150efacaa73ccb1bd4586f6dabf57f?s=96&d=mm&r=g","contentUrl":"https:\/\/secure.gravatar.com\/avatar\/e2150efacaa73ccb1bd4586f6dabf57f?s=96&d=mm&r=g","caption":"P\u00e1lmai D\u00e1niel"}}]}},"_links":{"self":[{"href":"https:\/\/hir.mediamarkt.hu\/magazin\/wp-json\/wp\/v2\/posts\/18476"}],"collection":[{"href":"https:\/\/hir.mediamarkt.hu\/magazin\/wp-json\/wp\/v2\/posts"}],"about":[{"href":"https:\/\/hir.mediamarkt.hu\/magazin\/wp-json\/wp\/v2\/types\/post"}],"author":[{"embeddable":true,"href":"https:\/\/hir.mediamarkt.hu\/magazin\/wp-json\/wp\/v2\/users\/39"}],"replies":[{"embeddable":true,"href":"https:\/\/hir.mediamarkt.hu\/magazin\/wp-json\/wp\/v2\/comments?post=18476"}],"version-history":[{"count":45,"href":"https:\/\/hir.mediamarkt.hu\/magazin\/wp-json\/wp\/v2\/posts\/18476\/revisions"}],"predecessor-version":[{"id":18569,"href":"https:\/\/hir.mediamarkt.hu\/magazin\/wp-json\/wp\/v2\/posts\/18476\/revisions\/18569"}],"wp:featuredmedia":[{"embeddable":true,"href":"https:\/\/hir.mediamarkt.hu\/magazin\/wp-json\/wp\/v2\/media\/18557"}],"wp:attachment":[{"href":"https:\/\/hir.mediamarkt.hu\/magazin\/wp-json\/wp\/v2\/media?parent=18476"}],"wp:term":[{"taxonomy":"category","embeddable":true,"href":"https:\/\/hir.mediamarkt.hu\/magazin\/wp-json\/wp\/v2\/categories?post=18476"},{"taxonomy":"post_tag","embeddable":true,"href":"https:\/\/hir.mediamarkt.hu\/magazin\/wp-json\/wp\/v2\/tags?post=18476"}],"curies":[{"name":"wp","href":"https:\/\/api.w.org\/{rel}","templated":true}]}}