{"id":18612,"date":"2024-01-03T23:35:29","date_gmt":"2024-01-03T22:35:29","guid":{"rendered":"https:\/\/hir.mediamarkt.hu\/magazin\/?p=18612"},"modified":"2024-06-12T11:20:30","modified_gmt":"2024-06-12T10:20:30","slug":"canon-r100-teszt","status":"publish","type":"post","link":"https:\/\/hir.mediamarkt.hu\/magazin\/canon-r100-teszt\/","title":{"rendered":"Canon R100 teszt &#8211; kicsi a bors, de \u00e9les!"},"content":{"rendered":"\n<p class=\"has-text-align-justify\"><strong>M\u00e9gis mit v\u00e1rjunk egy ilyen olcs\u00f3 g\u00e9pt\u0151l? \u2013 k\u00e9rdezt\u00fck szkeptikusan. A Canon R100 megmutatta: nagyon is sokat v\u00e1rhatunk.<\/strong><\/p>\n\n\n\n<p class=\"has-text-align-justify\">Neh\u00e9z manaps\u00e1g f\u00e9nyk\u00e9pez\u0151t tesztelni. Pontosabban k\u00f6nny\u0171, csak neh\u00e9z eredetinek maradni k\u00f6zben. A gy\u00e1rt\u00f3k \u00e9vr\u0151l \u00e9vre fejlesztgetik a term\u00e9kcsal\u00e1djaikat a bel\u00e9p\u0151 szintt\u0151l a cs\u00facskateg\u00f3ri\u00e1ig, a k\u00e9sz\u00fcl\u00e9kek egy kicsit mindig gyorsabbak, k\u00e9nyelmesebbek, jobban kezelik a k\u00e9pzajt \u2013 igaz, a megapixelh\u00e1bor\u00fanak szerencs\u00e9re \u00e9vek \u00f3ta v\u00e9ge \u2013, de az utols\u00f3 igazi forradalom az volt, amikor a t\u00fck\u00f6r n\u00e9lk\u00fcli v\u00e1zak (MILC) utol\u00e9rt\u00e9k t\u00fckr\u00f6s t\u00e1rsaikat (DLSR), az\u00f3ta semmi. Azaz, kis t\u00falz\u00e1ssal: <\/p>\n\n\n\n<p>Ha egy ma haszn\u00e1latos f\u00e9nyk\u00e9pez\u0151t l\u00e1tt\u00e1l, az \u00f6sszeset l\u00e1ttad. <em>(Sokkal ink\u00e1bb k\u00e9rd\u00e9s, mire szeretn\u00e9d haszn\u00e1lni a g\u00e9pet, <a href=\"https:\/\/hir.mediamarkt.hu\/magazin\/lepj-velunk-fotozas-vilagaba\/\">a fot\u00f3z\u00e1s vil\u00e1ga<\/a><\/em>,<em> a k\u00e9sz\u00fcl\u00e9kek rengeteg lehet\u0151s\u00e9get k\u00edn\u00e1lnak)<\/em><\/p>\n\n\n\n<p class=\"has-text-align-justify\">Van, ami vide\u00f3ban kicsit jobb, van, ami gyors sorozatot tud, van, amely az autof\u00f3kusz \u00fcgy\u00e9ben el\u0151zi be a konkurenci\u00e1t, de alapvet\u0151en mindegyik teszi a dolg\u00e1t, egy-egy m\u00e1rk\u00e1hoz ragaszkodni manaps\u00e1g ink\u00e1bb vall\u00e1si jelleg\u0171 elk\u00f6telezetts\u00e9get jelent, nem \u00e9sz\u00e9rvekre alapozott d\u00f6nt\u00e9st. (F\u0151leg, ha a rajong\u00f3k lesz\u00f3lj\u00e1k a t\u00f6bbieket, mert nem azt haszn\u00e1lj\u00e1k, amit \u0151k.)<\/p>\n\n\n\n<p class=\"has-text-align-justify\">A Canon <a href=\"https:\/\/www.mediamarkt.hu\/hu\/product\/_canon-eos-r100-t%C3%BCk%C3%B6r-n%C3%A9lk%C3%BCli-digit%C3%A1lis-f%C3%A9nyk%C3%A9pez%C5%91g%C3%A9p-rf-s-18-45mm-is-stm-objekt%C3%ADv-kit-6052c013aa-1427734.html\">\u00faj<\/a>, R100 fant\u00e1zianev\u0171 t\u00fck\u00f6r n\u00e9lk\u00fcli cser\u00e9lhet\u0151 objekt\u00edves, APS-C szenzoros (azaz a k\u00e9p\u00e9rz\u00e9kel\u0151 m\u00e9rete a kisfilmes form\u00e1tum k\u00e9tharmada) g\u00e9p\u00e9t m\u00e9gis izgatottan vett\u00fck k\u00e9zbe. Nem az\u00e9rt, mert hatalmas \u00fajdons\u00e1gokat \u00edg\u00e9r, ellenkez\u0151leg: az\u00e9rt, mert a gy\u00e1rt\u00f3nak jelenleg ez az egyik legolcs\u00f3bb \u00e9s legegyszer\u0171bb, minden sallangt\u00f3l megfosztott, kompromisszumos megold\u00e1sokkal \u00e1tsz\u0151tt, m\u00e9gis teljes \u00e9lm\u00e9nyt k\u00edn\u00e1l\u00f3 f\u00e9nyk\u00e9pez\u0151je. Azaz az igazi, nagybet\u0171s Bel\u00e9p\u0151 Szint. M\u00e9gis mit tud egy ilyen kamera 2024-ben?<\/p>\n\n\n\n<figure class=\"wp-block-image size-full\"><a href=\"https:\/\/hir.mediamarkt.hu\/magazin_teszt\/wp-content\/uploads\/2024\/01\/DSC_0167.jpg\"><img loading=\"lazy\" decoding=\"async\" width=\"1440\" height=\"958\" src=\"https:\/\/hir.mediamarkt.hu\/magazin\/wp-content\/uploads\/2024\/01\/DSC_0167.jpg\" alt=\"\" class=\"wp-image-18627\" srcset=\"https:\/\/hir.mediamarkt.hu\/magazin\/wp-content\/uploads\/2024\/01\/DSC_0167.jpg 1440w, https:\/\/hir.mediamarkt.hu\/magazin\/wp-content\/uploads\/2024\/01\/DSC_0167-300x200.jpg 300w, https:\/\/hir.mediamarkt.hu\/magazin\/wp-content\/uploads\/2024\/01\/DSC_0167-1024x681.jpg 1024w, https:\/\/hir.mediamarkt.hu\/magazin\/wp-content\/uploads\/2024\/01\/DSC_0167-275x183.jpg 275w, https:\/\/hir.mediamarkt.hu\/magazin\/wp-content\/uploads\/2024\/01\/DSC_0167-768x511.jpg 768w, https:\/\/hir.mediamarkt.hu\/magazin\/wp-content\/uploads\/2024\/01\/DSC_0167-1536x1022.jpg 1536w\" sizes=\"(max-width: 1440px) 100vw, 1440px\" \/><\/a><\/figure>\n\n\n\n<p class=\"has-text-align-justify\">Bocs\u00e1nat, az igazi k\u00e9rd\u00e9s nem is az, hogy teszi-e a dolg\u00e1t (teszi, nem is ak\u00e1rhogy), hanem az, hogy van-e \u00e9rtelme beruh\u00e1zni egy ilyen eszk\u00f6zre, amikor az ember zseb\u00e9ben eleve ott lapul egy \u2013 a mobilgy\u00e1rt\u00f3k \u00edg\u00e9retei szerint \u2013 hasonl\u00f3 k\u00e9pmin\u0151s\u00e9get produk\u00e1l\u00f3 eszk\u00f6z: az okostelefon. A v\u00e1laszt a kezd\u0151 fot\u00f3sok szem\u00e9vel keress\u00fck, elv\u00e9gre nekik sz\u00f3l ez a g\u00e9p. L\u00e1ssuk!<\/p>\n\n\n\n\n\n<h2 class=\"wp-block-heading\">Mi ez?<\/h2>\n\n\n\n<p class=\"has-text-align-justify\">A Canon R100 egy apr\u00f3, k\u00f6nny\u0171, cser\u00e9lhet\u0151 lencs\u00e9s f\u00e9nyk\u00e9pez\u0151g\u00e9p, amelybe csak a napjainkban elv\u00e1rhat\u00f3 alapfunkci\u00f3k f\u00e9rtek bele, cser\u00e9be t\u00f6bb mint korrekt k\u00e9pmin\u0151s\u00e9get kapunk elfogadhat\u00f3 \u00e1ron. A 18-45 millim\u00e9teres gy\u00fajt\u00f3t\u00e1vols\u00e1g\u00fa alaplencs\u00e9vel \u2013 ezt is kipr\u00f3b\u00e1ltuk \u2013 kiny\u00edlnak a lehet\u0151s\u00e9gek a mobilos fotogr\u00e1fi\u00e1hoz k\u00e9pest, f\u0151leg az\u00e9rt, mert ezzel az eszk\u00f6zzel teljesen k\u00e9zben tarthatod az expoz\u00edci\u00f3t is, nem csak a kompoz\u00edci\u00f3t. Azaz te \u00e1ll\u00edthatod be a k\u00f6vetkez\u0151ket:<\/p>\n\n\n\n<p class=\"has-text-align-justify\"><strong>Z\u00e1rid\u0151<\/strong>: azaz, hogy meddig engedje a f\u00e9nyt a z\u00e1rszerkezet a szenzorra \u2013 ez felel az\u00e9rt, hogy mozdulatlan, vagy bemozdult lesz-e a fot\u00f3);<\/p>\n\n\n\n<p class=\"has-text-align-justify\"><strong>\u00c9rz\u00e9kenys\u00e9g, azaz ISO<\/strong>: e f\u00e9nyk\u00e9pez\u0151 eset\u00e9ben 200-r\u00f3l indulunk \u00e9s 12800-ig \u00e1ll\u00edthatjuk manu\u00e1lisan. Min\u00e9l magasabb ez az \u00e9rt\u00e9k, ann\u00e1l kevesebb f\u00e9ny (teh\u00e1t ann\u00e1l r\u00f6videbb z\u00e1rid\u0151) kell a helyes expoz\u00edci\u00f3hoz, cser\u00e9be rohamosan n\u00f6vekszik a k\u00e9pzaj, amely sz\u0171rhet\u0151, \u00e1m ez egy szinten fel\u00fcl mosott, fak\u00f3 v\u00e9geredm\u00e9nyhez vezet.<\/p>\n\n\n\n<p><strong>Feh\u00e9regyens\u00faly<\/strong>: egy Kelvin \u00e9s egy \u201eTint\u201d \u00e9rt\u00e9k, amely meghat\u00e1rozza, mennyire meleg, illetve z\u00f6ldes\/lil\u00e1s sz\u00edneket kap a fot\u00f3 (ut\u00f3lag m\u00f3dos\u00edthat\u00f3, ha az ember nyers f\u00e1jlokat r\u00f6gz\u00edt a mem\u00f3riak\u00e1rty\u00e1ra, azaz RAW form\u00e1tumba fot\u00f3z).<\/p>\n\n\n\n<p class=\"has-text-align-justify\"><strong>Blende, azaz rekesz<\/strong>: ez m\u00e1r az objekt\u00edvek saj\u00e1tja; meghat\u00e1rozza, hogy a lencseszerkezetben elhelyezett, k\u00f6r alak\u00fa, lamell\u00e1k \u00e1ltal szab\u00e1lyozott ny\u00edl\u00e1s mennyi f\u00e9nyt engedjen be; ezt F \u00e9rt\u00e9kkel jel\u00f6lj\u00fck, min\u00e9l nagyobb a sz\u00e1m, ann\u00e1l kisebb a ny\u00edl\u00e1s. (Csak hogy egyszer\u0171 legyen.) Min\u00e9l t\u00e1gabb a blende, ann\u00e1l kevesebb f\u00e9ny (teh\u00e1t r\u00f6videbb z\u00e1rid\u0151 \u00e9s alacsonyabb ISO) kell az adott expoz\u00edci\u00f3hoz, \u00e9s ann\u00e1l kisebb lesz a m\u00e9lys\u00e9g\u00e9less\u00e9g (azaz a f\u00f3kuszt\u00e1vols\u00e1ghoz k\u00e9pest ann\u00e1l \u00e9letlenebb a h\u00e1tt\u00e9r \u00e9s az el\u0151t\u00e9r). A t\u00e1g blend\u00e9vel ell\u00e1tott objekt\u00edveket \u00e9ppen ez\u00e9rt f\u00e9nyer\u0151s lencs\u00e9knek is nevezik.<\/p>\n\n\n\n<figure class=\"wp-block-image size-full\"><img loading=\"lazy\" decoding=\"async\" width=\"1440\" height=\"958\" src=\"https:\/\/hir.mediamarkt.hu\/magazin\/wp-content\/uploads\/2024\/01\/DSC_0169.jpg\" alt=\"\" class=\"wp-image-18628\" srcset=\"https:\/\/hir.mediamarkt.hu\/magazin\/wp-content\/uploads\/2024\/01\/DSC_0169.jpg 1440w, https:\/\/hir.mediamarkt.hu\/magazin\/wp-content\/uploads\/2024\/01\/DSC_0169-300x200.jpg 300w, https:\/\/hir.mediamarkt.hu\/magazin\/wp-content\/uploads\/2024\/01\/DSC_0169-1024x681.jpg 1024w, https:\/\/hir.mediamarkt.hu\/magazin\/wp-content\/uploads\/2024\/01\/DSC_0169-275x183.jpg 275w, https:\/\/hir.mediamarkt.hu\/magazin\/wp-content\/uploads\/2024\/01\/DSC_0169-768x511.jpg 768w, https:\/\/hir.mediamarkt.hu\/magazin\/wp-content\/uploads\/2024\/01\/DSC_0169-1536x1022.jpg 1536w\" sizes=\"(max-width: 1440px) 100vw, 1440px\" \/><\/figure>\n\n\n\n<p class=\"has-text-align-justify\">Most hogy az alapfogalmakat tiszt\u00e1ztuk, k\u00f6nnyebb lesz v\u00e9gigvenni az R100 tulajdons\u00e1gait. Illetve a mell\u00e9kelt objekt\u00edv jellemz\u0151it: a 18-45 millim\u00e9teres gy\u00fajt\u00f3t\u00e1vols\u00e1g (kisfilmes rendszerben ez nagyj\u00e1b\u00f3l 26-68 millim\u00e9ter) a legt\u00f6bb helyzetben el\u00e9g, azaz nagyl\u00e1t\u00f3sz\u00f6get \u00e9s egy portr\u00e9fot\u00f3z\u00e1sra is \u00e9ppen hogy alkalmas tele \u00e1ll\u00e1st is kapunk. Az objekt\u00edv blend\u00e9je a gy\u00fajt\u00f3t\u00e1vols\u00e1g (teh\u00e1t zoom \u00e1ll\u00e1s) szerint v\u00e1ltozik, nagyl\u00e1t\u00f3sz\u00f6gben F4.5, 45 millim\u00e9teren F6.3 \u00e9rt\u00e9k\u0171; ezzel csak k\u00f6zelre f\u00f3kusz\u00e1lva \u00e9rhet\u0151 el az \u00e9letlen h\u00e1tt\u00e9r, de kezd\u0151knek b\u0151ven megteszi. Arr\u00f3l nem is besz\u00e9lve, hogy k\u00e9s\u0151bb \u00fajabb lencs\u00e9kkel b\u0151v\u00edthetj\u00fck a reperto\u00e1rt (a v\u00e1z RF rendszer\u0171 bajonetteket fogad, azaz az ilyen t\u00edpus\u00fa objekt\u00edveket keress\u00fcnk hozz\u00e1), azaz egy f\u00e9nyer\u0151s, ak\u00e1r fix gy\u00fajt\u00f3t\u00e1vols\u00e1g\u00fa (\u201ezoom n\u00e9lk\u00fcli\u201d) darabbal l\u00e1tv\u00e1nyosan \u00e9letlen\u00edthetj\u00fck a h\u00e1tteret.<\/p>\n\n\n\n<h2 class=\"wp-block-heading\">Mit tud?<\/h2>\n\n\n\n<p class=\"has-text-align-justify\">A Canon \u2013 nem v\u00e9letlen\u00fcl \u2013 \u00fagy rekl\u00e1mozza a g\u00e9pet, mint hatalmas el\u0151rel\u00e9p\u00e9st a mobilfot\u00f3z\u00e1shoz k\u00e9pest, teljes joggal: a c\u00e9lk\u00f6z\u00f6ns\u00e9get val\u00f3ban a kezd\u0151, de lelkes fot\u00f3sok teszik ki, akik a k\u00e9nyelmes, de k\u00e9tes eredm\u00e9ny\u0171 okostel\u00f3s p\u00f6ccintget\u00e9sn\u00e9l tudatosabban, c\u00e9lzottabban fot\u00f3zn\u00e1nak. Azoknak val\u00f3, akik m\u00e1r \u00e9rzik, mit\u0151l m\u0171k\u00f6dik egy k\u00e9p, mit jelent a kompoz\u00edci\u00f3, milyen er\u0151teljesek a hagyom\u00e1nyos fotogr\u00e1fia kifejez\u0151eszk\u00f6zei \u2013 mint a m\u00e1r eml\u00edtett m\u00e9lys\u00e9g\u00e9less\u00e9g, illetve a mozg\u00e1s visszaad\u00e1sa, vagy \u00e9ppen kimerev\u00edt\u00e9se a z\u00e1rid\u0151 seg\u00edts\u00e9g\u00e9vel \u2013, \u00e9s nem szeretn\u00e9k, ha egy applik\u00e1ci\u00f3 v\u00e9gezn\u00e9 el (vagy rosszabb esetben: imit\u00e1ln\u00e1) ezeket a be\u00e1ll\u00edt\u00e1sokat.<\/p>\n\n\n\n<p class=\"has-text-align-justify\">Az R100 egy 24 megapixeles g\u00e9p, amely pap\u00edron nem t\u0171nik soknak (l\u00e1ssuk be, egy \u00e1tlagos mobiltelefon enn\u00e9l t\u00f6bbet tud), de ez ne t\u00e9vesszen meg senkit: egy megfelel\u0151 objekt\u00edvvel mindenre el\u00e9g ez is, ha \u00e9les, r\u00e9szletgazdag a k\u00e9p, akkor enn\u00e9l t\u00f6bb t\u00e9nyleg csak annak kell, aki \u00f3ri\u00e1splak\u00e1tra fot\u00f3z. Ez a 24 megapixel egy APS-C szenzoron ter\u00fcl el, ami az amat\u0151r g\u00e9pek saj\u00e1tja: kisebb, mint a m\u00e1r eml\u00edtett 35 millim\u00e9teres, kisfilmes \u201efull frame\u201d form\u00e1tum, de sokkal nagyobb, mint egy okostelefon \u00e9rz\u00e9kel\u0151je \u2013 a gy\u00e1rt\u00f3 pedig term\u00e9szetesen erre helyezi a hangs\u00falyt. Hogy ez mit jelent? Mindenf\u00e9le AI-huncutkod\u00e1s n\u00e9lk\u00fcl is pontos, \u00e9l\u00e9nk sz\u00edneket, magas ISO \u00e9rt\u00e9ken is sz\u00e9pen sz\u0171rhet\u0151 zajt \u00e9s meggy\u0151z\u0151 dinamikatartom\u00e1nyt.<\/p>\n\n\n\n<figure class=\"wp-block-image size-full\"><img loading=\"lazy\" decoding=\"async\" width=\"1440\" height=\"958\" src=\"https:\/\/hir.mediamarkt.hu\/magazin\/wp-content\/uploads\/2024\/01\/DSC_0176.jpg\" alt=\"\" class=\"wp-image-18629\" srcset=\"https:\/\/hir.mediamarkt.hu\/magazin\/wp-content\/uploads\/2024\/01\/DSC_0176.jpg 1440w, https:\/\/hir.mediamarkt.hu\/magazin\/wp-content\/uploads\/2024\/01\/DSC_0176-300x200.jpg 300w, https:\/\/hir.mediamarkt.hu\/magazin\/wp-content\/uploads\/2024\/01\/DSC_0176-1024x681.jpg 1024w, https:\/\/hir.mediamarkt.hu\/magazin\/wp-content\/uploads\/2024\/01\/DSC_0176-275x183.jpg 275w, https:\/\/hir.mediamarkt.hu\/magazin\/wp-content\/uploads\/2024\/01\/DSC_0176-768x511.jpg 768w, https:\/\/hir.mediamarkt.hu\/magazin\/wp-content\/uploads\/2024\/01\/DSC_0176-1536x1022.jpg 1536w\" sizes=\"(max-width: 1440px) 100vw, 1440px\" \/><\/figure>\n\n\n\n<p class=\"has-text-align-justify\">Nem is besz\u00e9lve a MILC \u00e9s DSLR g\u00e9pek nagy el\u0151ny\u00e9r\u0151l a mobiltelefonokhoz k\u00e9pest: az expoz\u00edci\u00f3 k\u00e9sleltet\u00e9s n\u00e9lk\u00fcl, a gomb&nbsp; lenyom\u00e1s\u00e1nak pillanat\u00e1ban t\u00f6rt\u00e9nik, azaz pont azt a pillanatot cs\u00edpheted el, amit szeretn\u00e9l \u2013 persze n\u00e9mi gyakorl\u00e1ssal. Az R100-asra hagyom\u00e1nyos, mechanikus z\u00e1rszerkezet ker\u00fclt \u2013 az elektronikus, azaz mozg\u00f3 alkat\u00e9rszek n\u00e9lk\u00fcli, hangtalan z\u00e1r egyel\u0151re a profibb g\u00e9pek saj\u00e1tja \u2013, de a z\u00e1rhang \u00edgy is diszkr\u00e9t, kellemes. Ak\u00e1rcsak a sorozatfelv\u00e9tel sebess\u00e9ge: ez a buffer betelt\u00e9ig ak\u00e1r 6,5 k\u00e9p\/m\u00e1sodperc is lehet, teh\u00e1t akkor sem maradsz le a pillanatokr\u00f3l, ha a nagy sz\u00e1mok t\u00f6rv\u00e9ny\u00e9re b\u00edzod a fot\u00f3z\u00e1st. (A mi tipp\u00fcnk: ink\u00e1bb figyelj, gyakorolj, l\u00e9gy jelen \u00e9s legyen egy nagyszer\u0171 k\u00e9ped, ne hatvan, amib\u0151l tal\u00e1n van egy haszn\u00e1lhat\u00f3.)<\/p>\n\n\n\n<p class=\"has-text-align-justify\">Ebben a kateg\u00f3ri\u00e1ban meglep\u0151 a 4K-s videofelv\u00e9tel lehet\u0151s\u00e9ge, igaz, ezt \u201ecsak\u201d 25 k\u00e9pkocka\/m\u00e1sodperc sebess\u00e9ggel hozza, azaz ezen a felbont\u00e1son slow-motion felv\u00e9telekre ne sz\u00e1m\u00edtsunk, erre csak az alacsonyabb \u2013 720p-s \u2013 r\u00e9szletess\u00e9g eset\u00e9n van lehet\u0151s\u00e9g\u00fcnk. Jack bemenet\u00e9nek h\u00e1la k\u00fcls\u0151 mikrofont is csatlakoztathatunk, az R100 m\u00e9gsem igazi vlogger masina\u2026 \u00c9s ezen a ponton ink\u00e1bb soroljuk fel, hogy mit <em>nem <\/em>tud, ett\u0151l lesz kerek az ismertet\u0151.<\/p>\n\n\n\n<h2 class=\"wp-block-heading\">Mit <em>nem <\/em>tud?<\/h2>\n\n\n\n<p class=\"has-text-align-justify\">A kijelz\u0151 b\u00e1r r\u00e9szletgazdag \u00e9s kontrasztos \u2013 m\u00e9g sz\u00e9p, OLED-technol\u00f3gi\u00e1t haszn\u00e1l \u2013 nem kihajthat\u00f3, d\u00f6nthet\u0151, forgathat\u00f3, azaz stabilan a v\u00e1zba \u00e9p\u00edtett. Ez eleve behat\u00e1rolja a haszn\u00e1lati k\u00f6rt: szelfi k\u00e9sz\u00edt\u00e9s\u00e9re m\u00e9rs\u00e9kelten alkalmas, h\u00e1t m\u00e9g szelfivide\u00f3z\u00e1sra, azaz nem ide\u00e1lis v\u00e1laszt\u00e1s a vloggereknek. Nincs tov\u00e1bb\u00e1 a v\u00e1zba, szenzor stabiliz\u00e1tor (az \u00e9rz\u00e9kel\u0151 k\u00f6r\u00e9 \u00e9p\u00edtett rezg\u00e9scsillap\u00edt\u00f3), csak digit\u00e1lis, amely kev\u00e9sb\u00e9 hat\u00e1sos \u00e9s a k\u00e9pkiv\u00e1g\u00e1s b\u00e1nja. Optikai stabiliz\u00e1tor teh\u00e1t csak az ezzel ell\u00e1tott objekt\u00edvekkel haszn\u00e1lhat\u00f3 \u2013 szerencs\u00e9re a mell\u00e9kelt kitlencse is ilyen.<\/p>\n\n\n\n<figure class=\"wp-block-image size-full\"><img loading=\"lazy\" decoding=\"async\" width=\"1440\" height=\"958\" src=\"https:\/\/hir.mediamarkt.hu\/magazin\/wp-content\/uploads\/2024\/01\/DSC_0180.jpg\" alt=\"\" class=\"wp-image-18630\" srcset=\"https:\/\/hir.mediamarkt.hu\/magazin\/wp-content\/uploads\/2024\/01\/DSC_0180.jpg 1440w, https:\/\/hir.mediamarkt.hu\/magazin\/wp-content\/uploads\/2024\/01\/DSC_0180-300x200.jpg 300w, https:\/\/hir.mediamarkt.hu\/magazin\/wp-content\/uploads\/2024\/01\/DSC_0180-1024x681.jpg 1024w, https:\/\/hir.mediamarkt.hu\/magazin\/wp-content\/uploads\/2024\/01\/DSC_0180-275x183.jpg 275w, https:\/\/hir.mediamarkt.hu\/magazin\/wp-content\/uploads\/2024\/01\/DSC_0180-768x511.jpg 768w, https:\/\/hir.mediamarkt.hu\/magazin\/wp-content\/uploads\/2024\/01\/DSC_0180-1536x1022.jpg 1536w\" sizes=\"(max-width: 1440px) 100vw, 1440px\" \/><\/figure>\n\n\n\n<p class=\"has-text-align-justify\">\u00c1rulkod\u00f3 m\u00e9g az is, hogy egy sz\u00e1l t\u00e1rcsa tal\u00e1lhat\u00f3 a v\u00e1zon, azaz a be\u00e1ll\u00edt\u00e1sokat kiss\u00e9 macer\u00e1sabb kontroll\u00e1lni, mint az egy kateg\u00f3ri\u00e1val komolyabb g\u00e9pek eset\u00e9ben. Term\u00e9szetesen v\u00e1laszthatunk, hogy mit ir\u00e1ny\u00edtsunk a t\u00e1rcs\u00e1val \u2013 z\u00e1rid\u0151t vagy blend\u00e9t f\u00e9lautomata m\u00f3dban, expoz\u00edci\u00f3kompenz\u00e1ci\u00f3t automata m\u00f3dban \u00e9s \u00edgy tov\u00e1bb \u2013, de tov\u00e1bbi vez\u00e9rl\u0151k h\u00edj\u00e1n ez ink\u00e1bb egy csal\u00e1di g\u00e9p az \u00e9lm\u00e9nyek meg\u00f6r\u00f6k\u00edt\u00e9s\u00e9re, a leend\u0151 sportfot\u00f3sok \u00e9s fot\u00f3riporterek kiss\u00e9 sz\u0171k\u00f6snek \u00e9rezhetik a kezel\u0151fel\u00fcletet. F\u0151leg, hogy joystick sincs a h\u00e1tlapon \u00e9s a k\u00e9perny\u0151 sem \u00e9rint\u00e9s\u00e9rz\u00e9keny, azaz men\u00fckben kell bogar\u00e1sznunk akkor is, ha az autof\u00f3kusz-mez\u0151t szeretn\u00e9nk pozicion\u00e1lni.<\/p>\n\n\n\n<p class=\"has-text-align-justify\">Ez persze ne vegye el senki kedv\u00e9t, hiszen \u00edgy is nagyszer\u0171 g\u00e9p az R100-as, f\u0151leg ez\u00e9rt az \u00e1r\u00e9rt. T\u00e9rj\u00fcnk is a l\u00e9nyegre:<\/p>\n\n\n\n<h2 class=\"wp-block-heading\">Milyen \u00e9rz\u00e9s haszn\u00e1lni?<\/h2>\n\n\n\n<p class=\"has-text-align-justify\">Az anyaghaszn\u00e1lat kit\u0171n\u0151: nem meglep\u0151, hogy a g\u00e9pv\u00e1z m\u0171anyag, de stabil, strapab\u00edr\u00f3 \u00edgy is, pont ott \u00e9s pont annyira gum\u00edrozott, ahol \u00e9s amennyire kell. A men\u00fc gyors, reszponz\u00edv, a gombok j\u00f3l reag\u00e1lnak. A k\u00e9perny\u0151 mellett az \u00e1tn\u00e9zeti keres\u0151 is nagyszer\u0171: nem a legnagyobb, de \u00e9ppen annyira kontrasztos \u00e9s r\u00e9szletgazdag, mint a kijelz\u0151. A dioptriakorrekci\u00f3 a keres\u0151 alatti cs\u00faszk\u00e1val v\u00e9gezhet\u0151, \u00e9s a mellette tal\u00e1lhat\u00f3 \u00e9rz\u00e9kel\u0151 is j\u00f3l v\u00e9gzi a dolg\u00e1t: ha a szem\u00fcnkh\u00f6z emelj\u00fck a g\u00e9pet, automatikusan kijelz\u0151t v\u00e1lt.<\/p>\n\n\n\n<p class=\"has-text-align-justify\">Egy sz\u00e1l SD-k\u00e1rtyahelyet tal\u00e1lunk az akkumul\u00e1tor mellett. Aprop\u00f3 akkumul\u00e1tor: b\u00e1r kicsi, k\u00f6nny\u0171, az R100-as \u00edgy is j\u00f3l b\u00edrja, a gy\u00e1rt\u00f3 \u00e1ltal \u00edg\u00e9rt 3-400 helyett mi 500 k\u00e9pet l\u0151tt\u00fcnk egy felt\u00f6lt\u00e9ssel, \u00fagy, hogy f\u0151leg a nagy kijelz\u0151t haszn\u00e1ltuk kompoz\u00edci\u00f3ra \u00e9s a k\u00e9pek visszan\u00e9z\u00e9s\u00e9re. Term\u00e9szetesen alapvet\u0151 ut\u00f3munka-m\u0171veletekre, korrekci\u00f3ra is alkalmas a g\u00e9p, RAW f\u00e1jlokb\u00f3l JPG-t konvert\u00e1l \u00e9s a v\u00e1zba \u00e9p\u00edtett WiFi- \u00e9s Bluetooth-kapcsolat seg\u00edts\u00e9g\u00e9vel k\u00f6nnyen m\u00e1solhat\u00f3k a k\u00e9pek okostelefonunkra.<\/p>\n\n\n\n<p class=\"has-text-align-justify\">Az autof\u00f3kusz gyors \u00e9s megb\u00edzhat\u00f3, egy percre sem \u00e9rezt\u00fck, hogy nem a leg\u00fajabb Canon-processzor ketyeg a g\u00e9pben. M\u00e9g f\u00e9lhom\u00e1lyban is k\u00f6nnyed\u00e9n megtal\u00e1lta a t\u00e1rgyat, \u00e9s a szem- \u00e9s arcfelismer\u0151 is j\u00f3l m\u0171k\u00f6dik, m\u00e9g folyamatos f\u00f3kuszk\u00f6vet\u00e9s (szerv\u00f3) \u00fczemm\u00f3dban is.<\/p>\n\n\n\n<h2 class=\"wp-block-heading\">H\u00e1t a k\u00e9pmin\u0151s\u00e9g?<\/h2>\n\n\n\n<p class=\"has-text-align-justify\">Ez\u00e9rt az \u00e1r\u00e9rt \u00e9s egy ilyen kis testben hat\u00e1rozottan meglep\u0151, mennyit ki lehet hozni a fot\u00f3kb\u00f3l. Az R100-as ugyan nem v\u00e1ltja meg a vil\u00e1got, de b\u00e1tran feltekerhetj\u00fck az ISO \u00e9rt\u00e9ket, m\u00e9g 3200-n\u00e1l is b\u0151ven haszn\u00e1lhat\u00f3 \u2013 \u00e9s k\u00f6z\u00f6ss\u00e9gi m\u00e9di\u00e1ra publik\u00e1lhat\u00f3 \u2013 k\u00e9peket kaptunk. \u00dagy, hogy r\u00f6gt\u00f6n meg is k\u00ednoztuk szeg\u00e9nyt \u00e9s kivitt\u00fck a R\u00e1kos-patak partj\u00e1ra a sz\u00fcrk\u00fcletben. ISO 800-ig nem tapasztaltunk zavar\u00f3 zajosod\u00e1st, 1600-n\u00e1l m\u00e1r \u00e9szrevehet\u0151 volt, de m\u00e9g 6400-on is elfogadhat\u00f3 eredm\u00e9nyt adott \u2013 igaz, itt m\u00e1r sz\u00fcks\u00e9g volt n\u00e9mi zajsz\u0171r\u00e9sre Adobe Lightroomban.<\/p>\n\n\n\n<p><\/p>\n\n\n\n<figure class=\"wp-block-gallery has-nested-images columns-default is-cropped wp-block-gallery-2 is-layout-flex wp-block-gallery-is-layout-flex\">\n<figure class=\"wp-block-image size-large\"><img loading=\"lazy\" decoding=\"async\" width=\"1024\" height=\"682\" data-id=\"18621\" src=\"https:\/\/hir.mediamarkt.hu\/magazin\/wp-content\/uploads\/2024\/01\/IMG_3879-1024x682.jpg\" alt=\"\" class=\"wp-image-18621\" srcset=\"https:\/\/hir.mediamarkt.hu\/magazin\/wp-content\/uploads\/2024\/01\/IMG_3879-1024x682.jpg 1024w, https:\/\/hir.mediamarkt.hu\/magazin\/wp-content\/uploads\/2024\/01\/IMG_3879-300x200.jpg 300w, https:\/\/hir.mediamarkt.hu\/magazin\/wp-content\/uploads\/2024\/01\/IMG_3879-275x183.jpg 275w, https:\/\/hir.mediamarkt.hu\/magazin\/wp-content\/uploads\/2024\/01\/IMG_3879-768x512.jpg 768w, https:\/\/hir.mediamarkt.hu\/magazin\/wp-content\/uploads\/2024\/01\/IMG_3879-1536x1024.jpg 1536w, https:\/\/hir.mediamarkt.hu\/magazin\/wp-content\/uploads\/2024\/01\/IMG_3879.jpg 1440w\" sizes=\"(max-width: 1024px) 100vw, 1024px\" \/><\/figure>\n\n\n\n<figure class=\"wp-block-image size-large\"><img loading=\"lazy\" decoding=\"async\" width=\"1024\" height=\"682\" data-id=\"18620\" src=\"https:\/\/hir.mediamarkt.hu\/magazin\/wp-content\/uploads\/2024\/01\/IMG_3876-1024x682.jpg\" alt=\"\" class=\"wp-image-18620\" srcset=\"https:\/\/hir.mediamarkt.hu\/magazin\/wp-content\/uploads\/2024\/01\/IMG_3876-1024x682.jpg 1024w, https:\/\/hir.mediamarkt.hu\/magazin\/wp-content\/uploads\/2024\/01\/IMG_3876-300x200.jpg 300w, https:\/\/hir.mediamarkt.hu\/magazin\/wp-content\/uploads\/2024\/01\/IMG_3876-275x183.jpg 275w, https:\/\/hir.mediamarkt.hu\/magazin\/wp-content\/uploads\/2024\/01\/IMG_3876-768x512.jpg 768w, https:\/\/hir.mediamarkt.hu\/magazin\/wp-content\/uploads\/2024\/01\/IMG_3876-1536x1024.jpg 1536w, https:\/\/hir.mediamarkt.hu\/magazin\/wp-content\/uploads\/2024\/01\/IMG_3876.jpg 1440w\" sizes=\"(max-width: 1024px) 100vw, 1024px\" \/><\/figure>\n\n\n\n<figure class=\"wp-block-image size-large\"><img loading=\"lazy\" decoding=\"async\" width=\"1024\" height=\"682\" data-id=\"18619\" src=\"https:\/\/hir.mediamarkt.hu\/magazin\/wp-content\/uploads\/2024\/01\/IMG_3871-1024x682.jpg\" alt=\"\" class=\"wp-image-18619\" srcset=\"https:\/\/hir.mediamarkt.hu\/magazin\/wp-content\/uploads\/2024\/01\/IMG_3871-1024x682.jpg 1024w, https:\/\/hir.mediamarkt.hu\/magazin\/wp-content\/uploads\/2024\/01\/IMG_3871-300x200.jpg 300w, https:\/\/hir.mediamarkt.hu\/magazin\/wp-content\/uploads\/2024\/01\/IMG_3871-275x183.jpg 275w, https:\/\/hir.mediamarkt.hu\/magazin\/wp-content\/uploads\/2024\/01\/IMG_3871-768x512.jpg 768w, https:\/\/hir.mediamarkt.hu\/magazin\/wp-content\/uploads\/2024\/01\/IMG_3871-1536x1024.jpg 1536w, https:\/\/hir.mediamarkt.hu\/magazin\/wp-content\/uploads\/2024\/01\/IMG_3871.jpg 1440w\" sizes=\"(max-width: 1024px) 100vw, 1024px\" \/><\/figure>\n\n\n\n<figure class=\"wp-block-image size-large\"><img loading=\"lazy\" decoding=\"async\" width=\"1024\" height=\"682\" data-id=\"18618\" src=\"https:\/\/hir.mediamarkt.hu\/magazin\/wp-content\/uploads\/2024\/01\/IMG_3870-1024x682.jpg\" alt=\"\" class=\"wp-image-18618\" srcset=\"https:\/\/hir.mediamarkt.hu\/magazin\/wp-content\/uploads\/2024\/01\/IMG_3870-1024x682.jpg 1024w, https:\/\/hir.mediamarkt.hu\/magazin\/wp-content\/uploads\/2024\/01\/IMG_3870-300x200.jpg 300w, https:\/\/hir.mediamarkt.hu\/magazin\/wp-content\/uploads\/2024\/01\/IMG_3870-275x183.jpg 275w, https:\/\/hir.mediamarkt.hu\/magazin\/wp-content\/uploads\/2024\/01\/IMG_3870-768x512.jpg 768w, https:\/\/hir.mediamarkt.hu\/magazin\/wp-content\/uploads\/2024\/01\/IMG_3870-1536x1024.jpg 1536w, https:\/\/hir.mediamarkt.hu\/magazin\/wp-content\/uploads\/2024\/01\/IMG_3870.jpg 1440w\" sizes=\"(max-width: 1024px) 100vw, 1024px\" \/><\/figure>\n\n\n\n<figure class=\"wp-block-image size-large\"><img loading=\"lazy\" decoding=\"async\" width=\"1024\" height=\"682\" data-id=\"18617\" src=\"https:\/\/hir.mediamarkt.hu\/magazin\/wp-content\/uploads\/2024\/01\/IMG_3866-1024x682.jpg\" alt=\"\" class=\"wp-image-18617\" srcset=\"https:\/\/hir.mediamarkt.hu\/magazin\/wp-content\/uploads\/2024\/01\/IMG_3866-1024x682.jpg 1024w, https:\/\/hir.mediamarkt.hu\/magazin\/wp-content\/uploads\/2024\/01\/IMG_3866-300x200.jpg 300w, https:\/\/hir.mediamarkt.hu\/magazin\/wp-content\/uploads\/2024\/01\/IMG_3866-275x183.jpg 275w, https:\/\/hir.mediamarkt.hu\/magazin\/wp-content\/uploads\/2024\/01\/IMG_3866-768x512.jpg 768w, https:\/\/hir.mediamarkt.hu\/magazin\/wp-content\/uploads\/2024\/01\/IMG_3866-1536x1024.jpg 1536w, https:\/\/hir.mediamarkt.hu\/magazin\/wp-content\/uploads\/2024\/01\/IMG_3866.jpg 1440w\" sizes=\"(max-width: 1024px) 100vw, 1024px\" \/><\/figure>\n\n\n\n<figure class=\"wp-block-image size-large\"><img loading=\"lazy\" decoding=\"async\" width=\"1024\" height=\"682\" data-id=\"18625\" src=\"https:\/\/hir.mediamarkt.hu\/magazin\/wp-content\/uploads\/2024\/01\/IMG_3888-1024x682.jpg\" alt=\"\" class=\"wp-image-18625\" srcset=\"https:\/\/hir.mediamarkt.hu\/magazin\/wp-content\/uploads\/2024\/01\/IMG_3888-1024x682.jpg 1024w, https:\/\/hir.mediamarkt.hu\/magazin\/wp-content\/uploads\/2024\/01\/IMG_3888-300x200.jpg 300w, https:\/\/hir.mediamarkt.hu\/magazin\/wp-content\/uploads\/2024\/01\/IMG_3888-275x183.jpg 275w, https:\/\/hir.mediamarkt.hu\/magazin\/wp-content\/uploads\/2024\/01\/IMG_3888-768x512.jpg 768w, https:\/\/hir.mediamarkt.hu\/magazin\/wp-content\/uploads\/2024\/01\/IMG_3888-1536x1024.jpg 1536w, https:\/\/hir.mediamarkt.hu\/magazin\/wp-content\/uploads\/2024\/01\/IMG_3888.jpg 1440w\" sizes=\"(max-width: 1024px) 100vw, 1024px\" \/><\/figure>\n<\/figure>\n\n\n\n<p>Ez pedig egy teljes m\u00e9ret\u0171, ut\u00f3munka n\u00e9lk\u00fcli k\u00e9pr\u00e9szlet ISO 3200-on &#8211; nem v\u00e9szes, ugye?<\/p>\n\n\n\n<figure class=\"wp-block-image size-full\"><img loading=\"lazy\" decoding=\"async\" width=\"1440\" height=\"960\" src=\"https:\/\/hir.mediamarkt.hu\/magazin\/wp-content\/uploads\/2024\/01\/IMG_3880.jpg\" alt=\"\" class=\"wp-image-18622\" srcset=\"https:\/\/hir.mediamarkt.hu\/magazin\/wp-content\/uploads\/2024\/01\/IMG_3880.jpg 1440w, https:\/\/hir.mediamarkt.hu\/magazin\/wp-content\/uploads\/2024\/01\/IMG_3880-300x200.jpg 300w, https:\/\/hir.mediamarkt.hu\/magazin\/wp-content\/uploads\/2024\/01\/IMG_3880-1024x683.jpg 1024w, https:\/\/hir.mediamarkt.hu\/magazin\/wp-content\/uploads\/2024\/01\/IMG_3880-275x183.jpg 275w, https:\/\/hir.mediamarkt.hu\/magazin\/wp-content\/uploads\/2024\/01\/IMG_3880-768x512.jpg 768w, https:\/\/hir.mediamarkt.hu\/magazin\/wp-content\/uploads\/2024\/01\/IMG_3880-1536x1024.jpg 1536w\" sizes=\"(max-width: 1440px) 100vw, 1440px\" \/><\/figure>\n\n\n\n<p class=\"has-text-align-justify\">Ami szint\u00e9n kellemes csal\u00f3d\u00e1s, az <strong>a mell\u00e9kelt objekt\u00edv r\u00e9szletess\u00e9ge \u00e9s r\u00e1zk\u00f3d\u00e1scs\u00f6kkent\u00e9se<\/strong>. Nagyl\u00e1t\u00f3sz\u00f6gben csak minim\u00e1lis volt a hord\u00f3torz\u00edt\u00e1s, ink\u00e1bb a vignett\u00e1l\u00e1s volt zavar\u00f3 itt-ott, de ez korrig\u00e1lhat\u00f3 ut\u00f3munk\u00e1val. Viszont ak\u00e1r f\u00e9l m\u00e1sodperces z\u00e1rid\u0151vel is k\u00e9pes volt \u00e9les fot\u00f3t produk\u00e1lni. \u00cdme egy p\u00e9lda:<\/p>\n\n\n\n<figure class=\"wp-block-image size-full\"><img loading=\"lazy\" decoding=\"async\" width=\"1440\" height=\"960\" src=\"https:\/\/hir.mediamarkt.hu\/magazin\/wp-content\/uploads\/2024\/01\/IMG_3882.jpg\" alt=\"\" class=\"wp-image-18623\" srcset=\"https:\/\/hir.mediamarkt.hu\/magazin\/wp-content\/uploads\/2024\/01\/IMG_3882.jpg 1440w, https:\/\/hir.mediamarkt.hu\/magazin\/wp-content\/uploads\/2024\/01\/IMG_3882-300x200.jpg 300w, https:\/\/hir.mediamarkt.hu\/magazin\/wp-content\/uploads\/2024\/01\/IMG_3882-1024x682.jpg 1024w, https:\/\/hir.mediamarkt.hu\/magazin\/wp-content\/uploads\/2024\/01\/IMG_3882-275x183.jpg 275w, https:\/\/hir.mediamarkt.hu\/magazin\/wp-content\/uploads\/2024\/01\/IMG_3882-768x512.jpg 768w, https:\/\/hir.mediamarkt.hu\/magazin\/wp-content\/uploads\/2024\/01\/IMG_3882-1536x1024.jpg 1536w\" sizes=\"(max-width: 1440px) 100vw, 1440px\" \/><\/figure>\n\n\n\n<p>\u00c9s ugyanaz a k\u00e9p stabiliz\u00e1tor n\u00e9lk\u00fcl:<\/p>\n\n\n\n<figure class=\"wp-block-image size-full\"><img loading=\"lazy\" decoding=\"async\" width=\"1440\" height=\"960\" src=\"https:\/\/hir.mediamarkt.hu\/magazin\/wp-content\/uploads\/2024\/01\/IMG_3884.jpg\" alt=\"\" class=\"wp-image-18624\" srcset=\"https:\/\/hir.mediamarkt.hu\/magazin\/wp-content\/uploads\/2024\/01\/IMG_3884.jpg 1440w, https:\/\/hir.mediamarkt.hu\/magazin\/wp-content\/uploads\/2024\/01\/IMG_3884-300x200.jpg 300w, https:\/\/hir.mediamarkt.hu\/magazin\/wp-content\/uploads\/2024\/01\/IMG_3884-1024x682.jpg 1024w, https:\/\/hir.mediamarkt.hu\/magazin\/wp-content\/uploads\/2024\/01\/IMG_3884-275x183.jpg 275w, https:\/\/hir.mediamarkt.hu\/magazin\/wp-content\/uploads\/2024\/01\/IMG_3884-768x512.jpg 768w, https:\/\/hir.mediamarkt.hu\/magazin\/wp-content\/uploads\/2024\/01\/IMG_3884-1536x1024.jpg 1536w\" sizes=\"(max-width: 1440px) 100vw, 1440px\" \/><\/figure>\n\n\n\n<p>Ak\u00e1rhogy is n\u00e9zz\u00fck, a Canon megv\u00e1laszolta az \u00e1ruh\u00e1zainkban gyakran felmer\u00fcl\u0151 \u201emost kezden\u00e9k fot\u00f3zni, milyen g\u00e9pet aj\u00e1nlotok?\u201d k\u00e9rd\u00e9st. Az R100-ast hat\u00e1rozottan aj\u00e1nljuk.<\/p>\n\n\n\n<p><\/p>\n\n\n\n<p>A f\u00e9nyk\u00e9pez\u0151g\u00e9pet itt tal\u00e1lod: <a href=\"https:\/\/www.mediamarkt.hu\/hu\/product\/_canon-eos-r100-t%C3%BCk%C3%B6r-n%C3%A9lk%C3%BCli-digit%C3%A1lis-f%C3%A9nyk%C3%A9pez%C5%91g%C3%A9p-rf-s-18-45mm-is-stm-objekt%C3%ADv-kit-6052c013aa-1427734.html\">CANON EOS R100 t\u00fck\u00f6r n\u00e9lk\u00fcli digit\u00e1lis f\u00e9nyk\u00e9pez\u0151g\u00e9p (RF-S 18-45mm IS STM objekt\u00edv kittel) <\/a><\/p>\n","protected":false},"excerpt":{"rendered":"M\u00e9gis mit v\u00e1rjunk egy ilyen olcs\u00f3 g\u00e9pt\u0151l? \u2013 k\u00e9rdezt\u00fck szkeptikusan. A Canon R100 megmutatta: nagyon is sokat v\u00e1rhatunk. Neh\u00e9z manaps\u00e1g f\u00e9nyk\u00e9pez\u0151t tesztelni. Pontosabban k\u00f6nny\u0171, csak neh\u00e9z eredetinek maradni k\u00f6zben. A gy\u00e1rt\u00f3k \u00e9vr\u0151l \u00e9vre fejlesztgetik a term\u00e9kcsal\u00e1djaikat a bel\u00e9p\u0151 szintt\u0151l a cs\u00facskateg\u00f3ri\u00e1ig, a k\u00e9sz\u00fcl\u00e9kek egy kicsit mindig gyorsabbak, k\u00e9nyelmesebbek, jobban kezelik a k\u00e9pzajt \u2013 igaz, a megapixelh\u00e1bor\u00fanak szerencs\u00e9re \u00e9vek \u00f3ta v\u00e9ge \u2013, de az utols\u00f3 igazi forradalom az volt, amikor a t\u00fck\u00f6r n\u00e9lk\u00fcli v\u00e1zak (MILC) utol\u00e9rt\u00e9k t\u00fckr\u00f6s t\u00e1rsaikat (DLSR), az\u00f3ta semmi. Azaz, kis t\u00falz\u00e1ssal: Ha egy ma haszn\u00e1latos f\u00e9nyk\u00e9pez\u0151t l\u00e1tt\u00e1l, az \u00f6sszeset l\u00e1ttad. (Sokkal ink\u00e1bb k\u00e9rd\u00e9s, mire szeretn\u00e9d haszn\u00e1lni a g\u00e9pet, a fot\u00f3z\u00e1s vil\u00e1ga, a k\u00e9sz\u00fcl\u00e9kek rengeteg lehet\u0151s\u00e9get k\u00edn\u00e1lnak) Van, ami vide\u00f3ban kicsit jobb, van, ami gyors sorozatot tud, van, amely &#8230;","protected":false},"author":22,"featured_media":18662,"comment_status":"open","ping_status":"open","sticky":false,"template":"","format":"standard","meta":{"wprm-recipe-roundup-name":"","wprm-recipe-roundup-description":"","footnotes":""},"categories":[5960,5946],"tags":[1147,985,59,2270,5835,82],"yoast_head":"<!-- This site is optimized with the Yoast SEO plugin v22.9 - https:\/\/yoast.com\/wordpress\/plugins\/seo\/ -->\n<title>Canon R100 teszt - kicsi a bors, de \u00e9les! - MediaMarkt Magazin<\/title>\n<meta name=\"description\" content=\"Canon r100: M\u00e9gis mit v\u00e1rjunk egy ilyen olcs\u00f3 g\u00e9pt\u0151l? \u2013 k\u00e9rdezt\u00fck szkeptikusan. A Canon megmutatta: nagyon is sokat v\u00e1rhatunk.\" \/>\n<meta name=\"robots\" content=\"index, follow, max-snippet:-1, max-image-preview:large, max-video-preview:-1\" \/>\n<link rel=\"canonical\" href=\"https:\/\/hir.mediamarkt.hu\/magazin\/canon-r100-teszt\/\" \/>\n<meta property=\"og:locale\" content=\"hu_HU\" \/>\n<meta property=\"og:type\" content=\"article\" \/>\n<meta property=\"og:title\" content=\"Canon R100 teszt - kicsi a bors, de \u00e9les! - MediaMarkt Magazin\" \/>\n<meta property=\"og:description\" content=\"Canon r100: M\u00e9gis mit v\u00e1rjunk egy ilyen olcs\u00f3 g\u00e9pt\u0151l? \u2013 k\u00e9rdezt\u00fck szkeptikusan. A Canon megmutatta: nagyon is sokat v\u00e1rhatunk.\" \/>\n<meta property=\"og:url\" content=\"https:\/\/hir.mediamarkt.hu\/magazin\/canon-r100-teszt\/\" \/>\n<meta property=\"og:site_name\" content=\"MediaMarkt Magazin\" \/>\n<meta property=\"article:publisher\" content=\"https:\/\/www.facebook.com\/MediaMarktMagyarorszag\" \/>\n<meta property=\"article:published_time\" content=\"2024-01-03T22:35:29+00:00\" \/>\n<meta property=\"article:modified_time\" content=\"2024-06-12T10:20:30+00:00\" \/>\n<meta property=\"og:image\" content=\"https:\/\/hir.mediamarkt.hu\/magazin\/wp-content\/uploads\/2024\/01\/Canon_R100_1024x619.png\" \/>\n\t<meta property=\"og:image:width\" content=\"1024\" \/>\n\t<meta property=\"og:image:height\" content=\"619\" \/>\n\t<meta property=\"og:image:type\" content=\"image\/png\" \/>\n<meta name=\"author\" content=\"Nemenyi\" \/>\n<meta name=\"twitter:label1\" content=\"Szerz\u0151:\" \/>\n\t<meta name=\"twitter:data1\" content=\"Nemenyi\" \/>\n\t<meta name=\"twitter:label2\" content=\"Becs\u00fclt olvas\u00e1si id\u0151\" \/>\n\t<meta name=\"twitter:data2\" content=\"12 perc\" \/>\n<script type=\"application\/ld+json\" class=\"yoast-schema-graph\">{\"@context\":\"https:\/\/schema.org\",\"@graph\":[{\"@type\":\"WebPage\",\"@id\":\"https:\/\/hir.mediamarkt.hu\/magazin\/canon-r100-teszt\/\",\"url\":\"https:\/\/hir.mediamarkt.hu\/magazin\/canon-r100-teszt\/\",\"name\":\"Canon R100 teszt - kicsi a bors, de \u00e9les! - MediaMarkt Magazin\",\"isPartOf\":{\"@id\":\"https:\/\/hir.mediamarkt.hu\/magazin\/#website\"},\"primaryImageOfPage\":{\"@id\":\"https:\/\/hir.mediamarkt.hu\/magazin\/canon-r100-teszt\/#primaryimage\"},\"image\":{\"@id\":\"https:\/\/hir.mediamarkt.hu\/magazin\/canon-r100-teszt\/#primaryimage\"},\"thumbnailUrl\":\"https:\/\/hir.mediamarkt.hu\/magazin\/wp-content\/uploads\/2024\/01\/Canon_R100_1024x619.png\",\"datePublished\":\"2024-01-03T22:35:29+00:00\",\"dateModified\":\"2024-06-12T10:20:30+00:00\",\"author\":{\"@id\":\"https:\/\/hir.mediamarkt.hu\/magazin\/#\/schema\/person\/f4a17b2dc97f2e2bf1b88a89d4ef7d05\"},\"description\":\"Canon r100: M\u00e9gis mit v\u00e1rjunk egy ilyen olcs\u00f3 g\u00e9pt\u0151l? \u2013 k\u00e9rdezt\u00fck szkeptikusan. A Canon megmutatta: nagyon is sokat v\u00e1rhatunk.\",\"breadcrumb\":{\"@id\":\"https:\/\/hir.mediamarkt.hu\/magazin\/canon-r100-teszt\/#breadcrumb\"},\"inLanguage\":\"hu\",\"potentialAction\":[{\"@type\":\"ReadAction\",\"target\":[\"https:\/\/hir.mediamarkt.hu\/magazin\/canon-r100-teszt\/\"]}]},{\"@type\":\"ImageObject\",\"inLanguage\":\"hu\",\"@id\":\"https:\/\/hir.mediamarkt.hu\/magazin\/canon-r100-teszt\/#primaryimage\",\"url\":\"https:\/\/hir.mediamarkt.hu\/magazin\/wp-content\/uploads\/2024\/01\/Canon_R100_1024x619.png\",\"contentUrl\":\"https:\/\/hir.mediamarkt.hu\/magazin\/wp-content\/uploads\/2024\/01\/Canon_R100_1024x619.png\",\"width\":1024,\"height\":619},{\"@type\":\"BreadcrumbList\",\"@id\":\"https:\/\/hir.mediamarkt.hu\/magazin\/canon-r100-teszt\/#breadcrumb\",\"itemListElement\":[{\"@type\":\"ListItem\",\"position\":1,\"name\":\"Kezd\u0151lap\",\"item\":\"https:\/\/hir.mediamarkt.hu\/magazin\/\"},{\"@type\":\"ListItem\",\"position\":2,\"name\":\"Seg\u00edt\u00fcnk v\u00e1lasztani\",\"item\":\"https:\/\/hir.mediamarkt.hu\/magazin\/segitunk-valasztani\/\"},{\"@type\":\"ListItem\",\"position\":3,\"name\":\"Tesztek\",\"item\":\"https:\/\/hir.mediamarkt.hu\/magazin\/segitunk-valasztani\/tesztek\/\"},{\"@type\":\"ListItem\",\"position\":4,\"name\":\"Canon R100 teszt &#8211; kicsi a bors, de \u00e9les!\"}]},{\"@type\":\"WebSite\",\"@id\":\"https:\/\/hir.mediamarkt.hu\/magazin\/#website\",\"url\":\"https:\/\/hir.mediamarkt.hu\/magazin\/\",\"name\":\"MediaMarkt Magazin\",\"description\":\"Olvass bele magazinunkba!\",\"potentialAction\":[{\"@type\":\"SearchAction\",\"target\":{\"@type\":\"EntryPoint\",\"urlTemplate\":\"https:\/\/hir.mediamarkt.hu\/magazin\/?s={search_term_string}\"},\"query-input\":\"required name=search_term_string\"}],\"inLanguage\":\"hu\"},{\"@type\":\"Person\",\"@id\":\"https:\/\/hir.mediamarkt.hu\/magazin\/#\/schema\/person\/f4a17b2dc97f2e2bf1b88a89d4ef7d05\",\"name\":\"Nemenyi\",\"image\":{\"@type\":\"ImageObject\",\"inLanguage\":\"hu\",\"@id\":\"https:\/\/hir.mediamarkt.hu\/magazin\/#\/schema\/person\/image\/\",\"url\":\"https:\/\/secure.gravatar.com\/avatar\/9470b3223c723142e66adcad803b24fe?s=96&d=mm&r=g\",\"contentUrl\":\"https:\/\/secure.gravatar.com\/avatar\/9470b3223c723142e66adcad803b24fe?s=96&d=mm&r=g\",\"caption\":\"Nemenyi\"}}]}<\/script>\n<!-- \/ Yoast SEO plugin. -->","yoast_head_json":{"title":"Canon R100 teszt - kicsi a bors, de \u00e9les! - MediaMarkt Magazin","description":"Canon r100: M\u00e9gis mit v\u00e1rjunk egy ilyen olcs\u00f3 g\u00e9pt\u0151l? \u2013 k\u00e9rdezt\u00fck szkeptikusan. A Canon megmutatta: nagyon is sokat v\u00e1rhatunk.","robots":{"index":"index","follow":"follow","max-snippet":"max-snippet:-1","max-image-preview":"max-image-preview:large","max-video-preview":"max-video-preview:-1"},"canonical":"https:\/\/hir.mediamarkt.hu\/magazin\/canon-r100-teszt\/","og_locale":"hu_HU","og_type":"article","og_title":"Canon R100 teszt - kicsi a bors, de \u00e9les! - MediaMarkt Magazin","og_description":"Canon r100: M\u00e9gis mit v\u00e1rjunk egy ilyen olcs\u00f3 g\u00e9pt\u0151l? \u2013 k\u00e9rdezt\u00fck szkeptikusan. A Canon megmutatta: nagyon is sokat v\u00e1rhatunk.","og_url":"https:\/\/hir.mediamarkt.hu\/magazin\/canon-r100-teszt\/","og_site_name":"MediaMarkt Magazin","article_publisher":"https:\/\/www.facebook.com\/MediaMarktMagyarorszag","article_published_time":"2024-01-03T22:35:29+00:00","article_modified_time":"2024-06-12T10:20:30+00:00","og_image":[{"width":1024,"height":619,"url":"https:\/\/hir.mediamarkt.hu\/magazin\/wp-content\/uploads\/2024\/01\/Canon_R100_1024x619.png","type":"image\/png"}],"author":"Nemenyi","twitter_misc":{"Szerz\u0151:":"Nemenyi","Becs\u00fclt olvas\u00e1si id\u0151":"12 perc"},"schema":{"@context":"https:\/\/schema.org","@graph":[{"@type":"WebPage","@id":"https:\/\/hir.mediamarkt.hu\/magazin\/canon-r100-teszt\/","url":"https:\/\/hir.mediamarkt.hu\/magazin\/canon-r100-teszt\/","name":"Canon R100 teszt - kicsi a bors, de \u00e9les! - MediaMarkt Magazin","isPartOf":{"@id":"https:\/\/hir.mediamarkt.hu\/magazin\/#website"},"primaryImageOfPage":{"@id":"https:\/\/hir.mediamarkt.hu\/magazin\/canon-r100-teszt\/#primaryimage"},"image":{"@id":"https:\/\/hir.mediamarkt.hu\/magazin\/canon-r100-teszt\/#primaryimage"},"thumbnailUrl":"https:\/\/hir.mediamarkt.hu\/magazin\/wp-content\/uploads\/2024\/01\/Canon_R100_1024x619.png","datePublished":"2024-01-03T22:35:29+00:00","dateModified":"2024-06-12T10:20:30+00:00","author":{"@id":"https:\/\/hir.mediamarkt.hu\/magazin\/#\/schema\/person\/f4a17b2dc97f2e2bf1b88a89d4ef7d05"},"description":"Canon r100: M\u00e9gis mit v\u00e1rjunk egy ilyen olcs\u00f3 g\u00e9pt\u0151l? \u2013 k\u00e9rdezt\u00fck szkeptikusan. A Canon megmutatta: nagyon is sokat v\u00e1rhatunk.","breadcrumb":{"@id":"https:\/\/hir.mediamarkt.hu\/magazin\/canon-r100-teszt\/#breadcrumb"},"inLanguage":"hu","potentialAction":[{"@type":"ReadAction","target":["https:\/\/hir.mediamarkt.hu\/magazin\/canon-r100-teszt\/"]}]},{"@type":"ImageObject","inLanguage":"hu","@id":"https:\/\/hir.mediamarkt.hu\/magazin\/canon-r100-teszt\/#primaryimage","url":"https:\/\/hir.mediamarkt.hu\/magazin\/wp-content\/uploads\/2024\/01\/Canon_R100_1024x619.png","contentUrl":"https:\/\/hir.mediamarkt.hu\/magazin\/wp-content\/uploads\/2024\/01\/Canon_R100_1024x619.png","width":1024,"height":619},{"@type":"BreadcrumbList","@id":"https:\/\/hir.mediamarkt.hu\/magazin\/canon-r100-teszt\/#breadcrumb","itemListElement":[{"@type":"ListItem","position":1,"name":"Kezd\u0151lap","item":"https:\/\/hir.mediamarkt.hu\/magazin\/"},{"@type":"ListItem","position":2,"name":"Seg\u00edt\u00fcnk v\u00e1lasztani","item":"https:\/\/hir.mediamarkt.hu\/magazin\/segitunk-valasztani\/"},{"@type":"ListItem","position":3,"name":"Tesztek","item":"https:\/\/hir.mediamarkt.hu\/magazin\/segitunk-valasztani\/tesztek\/"},{"@type":"ListItem","position":4,"name":"Canon R100 teszt &#8211; kicsi a bors, de \u00e9les!"}]},{"@type":"WebSite","@id":"https:\/\/hir.mediamarkt.hu\/magazin\/#website","url":"https:\/\/hir.mediamarkt.hu\/magazin\/","name":"MediaMarkt Magazin","description":"Olvass bele magazinunkba!","potentialAction":[{"@type":"SearchAction","target":{"@type":"EntryPoint","urlTemplate":"https:\/\/hir.mediamarkt.hu\/magazin\/?s={search_term_string}"},"query-input":"required name=search_term_string"}],"inLanguage":"hu"},{"@type":"Person","@id":"https:\/\/hir.mediamarkt.hu\/magazin\/#\/schema\/person\/f4a17b2dc97f2e2bf1b88a89d4ef7d05","name":"Nemenyi","image":{"@type":"ImageObject","inLanguage":"hu","@id":"https:\/\/hir.mediamarkt.hu\/magazin\/#\/schema\/person\/image\/","url":"https:\/\/secure.gravatar.com\/avatar\/9470b3223c723142e66adcad803b24fe?s=96&d=mm&r=g","contentUrl":"https:\/\/secure.gravatar.com\/avatar\/9470b3223c723142e66adcad803b24fe?s=96&d=mm&r=g","caption":"Nemenyi"}}]}},"_links":{"self":[{"href":"https:\/\/hir.mediamarkt.hu\/magazin\/wp-json\/wp\/v2\/posts\/18612"}],"collection":[{"href":"https:\/\/hir.mediamarkt.hu\/magazin\/wp-json\/wp\/v2\/posts"}],"about":[{"href":"https:\/\/hir.mediamarkt.hu\/magazin\/wp-json\/wp\/v2\/types\/post"}],"author":[{"embeddable":true,"href":"https:\/\/hir.mediamarkt.hu\/magazin\/wp-json\/wp\/v2\/users\/22"}],"replies":[{"embeddable":true,"href":"https:\/\/hir.mediamarkt.hu\/magazin\/wp-json\/wp\/v2\/comments?post=18612"}],"version-history":[{"count":13,"href":"https:\/\/hir.mediamarkt.hu\/magazin\/wp-json\/wp\/v2\/posts\/18612\/revisions"}],"predecessor-version":[{"id":20593,"href":"https:\/\/hir.mediamarkt.hu\/magazin\/wp-json\/wp\/v2\/posts\/18612\/revisions\/20593"}],"wp:featuredmedia":[{"embeddable":true,"href":"https:\/\/hir.mediamarkt.hu\/magazin\/wp-json\/wp\/v2\/media\/18662"}],"wp:attachment":[{"href":"https:\/\/hir.mediamarkt.hu\/magazin\/wp-json\/wp\/v2\/media?parent=18612"}],"wp:term":[{"taxonomy":"category","embeddable":true,"href":"https:\/\/hir.mediamarkt.hu\/magazin\/wp-json\/wp\/v2\/categories?post=18612"},{"taxonomy":"post_tag","embeddable":true,"href":"https:\/\/hir.mediamarkt.hu\/magazin\/wp-json\/wp\/v2\/tags?post=18612"}],"curies":[{"name":"wp","href":"https:\/\/api.w.org\/{rel}","templated":true}]}}