{"id":18880,"date":"2024-01-31T09:11:25","date_gmt":"2024-01-31T08:11:25","guid":{"rendered":"https:\/\/hir.mediamarkt.hu\/magazin\/?p=18880"},"modified":"2024-02-14T09:20:48","modified_gmt":"2024-02-14T08:20:48","slug":"a-magyarok-79-a-szerint-a-kozos-filmnezes-vagy-videojatekozas-minosegi-egyutt-toltott-idonek-szamit","status":"publish","type":"post","link":"https:\/\/hir.mediamarkt.hu\/magazin\/a-magyarok-79-a-szerint-a-kozos-filmnezes-vagy-videojatekozas-minosegi-egyutt-toltott-idonek-szamit\/","title":{"rendered":"A magyarok 79%-a szerint a k\u00f6z\u00f6s filmn\u00e9z\u00e9s vagy videoj\u00e1t\u00e9koz\u00e1s min\u0151s\u00e9gi egy\u00fctt t\u00f6lt\u00f6tt id\u0151nek sz\u00e1m\u00edt"},"content":{"rendered":"\n<p class=\"has-text-align-justify\">A technol\u00f3gia kor\u00e1ban az egy\u00fctt t\u00f6lt\u00f6tt id\u0151, a szerelem m\u00e1r nem levelez\u00e9s k\u00f6zben \u00e9s egy\u00fctt tett nagy s\u00e9t\u00e1kon bontakozik ki, hanem t\u00f6bbnyire valamilyen online fel\u00fcleten. De nem csak az ismerked\u00e9s, hanem az \u00e9let\u00fcnk nagy r\u00e9sze is \u00edgy zajlik: legyen az tv-k\u00e9perny\u0151, telefon, vagy sz\u00e1m\u00edt\u00f3g\u00e9p, naponta t\u00f6bb \u00f3r\u00e1t t\u00f6lt\u00fcnk k\u00fcl\u00f6nb\u00f6z\u0151 kijelz\u0151kre meredve. <\/p>\n\n\n\n<h2 class=\"wp-block-heading\">A megd\u00f6bbent\u0151 sz\u00e1mok<\/h2>\n\n\n\n<p class=\"has-text-align-justify\"><strong>Az emberek k\u00f6zel 80%-a 3 \u00f3r\u00e1n\u00e1l t\u00f6bbet t\u00f6lt szabadidej\u00e9ben valamilyen k\u00e9perny\u0151 el\u0151tt<\/strong>, negyed\u00fck 5 \u00f3r\u00e1n\u00e1l is t\u00f6bbet. A sz\u00f3rakoztat\u00f3 technol\u00f3gia jelenl\u00e9t\u00e9t \u00f6sszess\u00e9g\u00e9ben a p\u00e1rok m\u00e9gis ink\u00e1bb k\u00f6z\u00f6s id\u0151t\u00f6lt\u00e9si lehet\u0151s\u00e9gk\u00e9nt \u00e9lik meg, mintsem zavar\u00f3 t\u00e9nyez\u0151k\u00e9nt: 71% saj\u00e1t bevall\u00e1sa szerint szeret egy\u00fctt \u2019bambulni\u2019 vagy j\u00e1tszani p\u00e1rj\u00e1val, s\u0151t, 79% gondolja \u00fagy, hogy a k\u00f6z\u00f6s filmn\u00e9z\u00e9s vagy a k\u00e9perny\u0151 el\u0151tt egy\u00fctt t\u00f6lt\u00f6tt j\u00e1t\u00e9kid\u0151 egy p\u00e1rkapcsolatban min\u0151s\u00e9gi programnak sz\u00e1m\u00edt \u2013 der\u00fclt ki a MediaMarkt friss kutat\u00e1s\u00e1b\u00f3l.\u00a0\u00a0\u00a0\u00a0\u00a0\u00a0\u00a0\u00a0\u00a0\u00a0\u00a0\u00a0\u00a0\u00a0\u00a0\u00a0\u00a0\u00a0\u00a0\u00a0\u00a0\u00a0\u00a0\u00a0\u00a0\u00a0\u00a0\u00a0\u00a0\u00a0\u00a0\u00a0\u00a0\u00a0\u00a0\u00a0\u00a0\u00a0\u00a0\u00a0\u00a0\u00a0\u00a0\u00a0\u00a0\u00a0 \u00a0\u00a0\u00a0\u00a0\u00a0\u00a0\u00a0\u00a0\u00a0\u00a0\u00a0\u00a0\u00a0\u00a0\u00a0\u00a0\u00a0\u00a0\u00a0\u00a0\u00a0\u00a0\u00a0 <\/p>\n\n\n\n<p class=\"has-text-align-justify\">A k\u00f6zelg\u0151 Valentin-nap aprop\u00f3j\u00e1n a MediaMarkt arra volt k\u00edv\u00e1ncsi, hogy milyen hat\u00e1ssal van a technol\u00f3gia, \u00e9s a t\u00falzott k\u00e9perny\u0151id\u0151 a kapcsolatokra. Vajon t\u00e9nyleg s\u00falyos probl\u00e9m\u00e1t jelent ez, vagy siker\u00fcl hely\u00e9n kezelni a p\u00e1rkapcsolatunk \u00e9rdek\u00e9ben?<\/p>\n\n\n\n<h2 class=\"wp-block-heading\"><strong>A k\u00e9perny\u0151k b\u0171v\u00f6let\u00e9ben \u00e9l\u00fcnk<\/strong><\/h2>\n\n\n\n<p class=\"has-text-align-justify\">A felm\u00e9r\u00e9s els\u0151 r\u00e9sze az \u00e1ltal\u00e1nos \u201ek\u00e9perny\u0151fogyaszt\u00e1si\u201d szok\u00e1sainkat kutatta. Egy\u00e1ltal\u00e1n nem meglep\u0151 eredm\u00e9ny, hogy a megk\u00e9rdezettek 90%-a minden nap haszn\u00e1lja <a href=\"https:\/\/www.mediamarkt.hu\/hu\/category\/_okostelefonok-504801.html\">okostelefonj\u00e1t<\/a>, azonban a mobilunk mellett m\u00e1s k\u00e9perny\u0151k is rendre lek\u00f6tik a figyelm\u00fcnket. Hab\u00e1r a fiatalabb gener\u00e1ci\u00f3 k\u00f6r\u00e9ben f\u0151leg a streaming csatorn\u00e1k n\u00e9pszer\u0171ek, de m\u00e9g \u00edgy is minden m\u00e1sodik ember n\u00e9z napi szinten <a href=\"https:\/\/www.mediamarkt.hu\/hu\/category\/_tv-audi%C3%B3-505008.html\">t\u00e9v\u00e9t<\/a>. A sz\u00e1m\u00edt\u00f3g\u00e9pr\u0151l nem is besz\u00e9lve, aminek monitorj\u00e1ra ak\u00e1r munka, tanul\u00e1s, kikapcsol\u00f3d\u00e1s \u2013 vagy mind a h\u00e1rom \u2013 c\u00e9lj\u00e1b\u00f3l szint\u00e9n egy jelent\u0151s 38% mered rendszeresen. Vannak, akik gyakorlatilag a napjaik fel\u00e9t k\u00e9perny\u0151k el\u0151tt t\u00f6ltik: a felm\u00e9r\u00e9sben r\u00e9sztvev\u0151k harmada v\u00e9gez sz\u00e1m\u00edt\u00f3g\u00e9p el\u0151tt munk\u00e1t vagy haszn\u00e1lja tanul\u00e1si c\u00e9llal az eszk\u00f6zt, \u00edgy nekik ez az id\u0151 ak\u00e1r 6-9 \u00f3r\u00e1t is jelenthet naponta. Ez azonban nem szegi kedv\u00fcket att\u00f3l, hogy szabadidej\u00fckben is viszonylag sok id\u0151t t\u00f6ltsenek valamilyen digit\u00e1lis eszk\u00f6z\u00f6n: 49% legal\u00e1bb 3-5 \u00f3r\u00e1t, 34% 5 \u00f3r\u00e1n\u00e1l is t\u00f6bbet szentel ennek a tev\u00e9kenys\u00e9gnek kedvtel\u00e9sb\u0151l.<\/p>\n\n\n\n<figure class=\"wp-block-gallery has-nested-images columns-default is-cropped wp-block-gallery-2 is-layout-flex wp-block-gallery-is-layout-flex\">\n<figure class=\"wp-block-image size-large\"><img loading=\"lazy\" decoding=\"async\" width=\"1024\" height=\"1024\" data-id=\"18883\" src=\"https:\/\/hir.mediamarkt.hu\/magazin\/wp-content\/uploads\/2024\/02\/MM_Technolo\u0301gia-vs-pa\u0301rkapcsolat_infografika-1-1024x1024.jpg\" alt=\"\" class=\"wp-image-18883\" srcset=\"https:\/\/hir.mediamarkt.hu\/magazin\/wp-content\/uploads\/2024\/02\/MM_Technolo\u0301gia-vs-pa\u0301rkapcsolat_infografika-1-1024x1024.jpg 1024w, https:\/\/hir.mediamarkt.hu\/magazin\/wp-content\/uploads\/2024\/02\/MM_Technolo\u0301gia-vs-pa\u0301rkapcsolat_infografika-1-300x300.jpg 300w, https:\/\/hir.mediamarkt.hu\/magazin\/wp-content\/uploads\/2024\/02\/MM_Technolo\u0301gia-vs-pa\u0301rkapcsolat_infografika-1-275x275.jpg 275w, https:\/\/hir.mediamarkt.hu\/magazin\/wp-content\/uploads\/2024\/02\/MM_Technolo\u0301gia-vs-pa\u0301rkapcsolat_infografika-1-768x768.jpg 768w, https:\/\/hir.mediamarkt.hu\/magazin\/wp-content\/uploads\/2024\/02\/MM_Technolo\u0301gia-vs-pa\u0301rkapcsolat_infografika-1-1536x1536.jpg 1536w, https:\/\/hir.mediamarkt.hu\/magazin\/wp-content\/uploads\/2024\/02\/MM_Technolo\u0301gia-vs-pa\u0301rkapcsolat_infografika-1-150x150.jpg 150w, https:\/\/hir.mediamarkt.hu\/magazin\/wp-content\/uploads\/2024\/02\/MM_Technolo\u0301gia-vs-pa\u0301rkapcsolat_infografika-1-500x500.jpg 500w, https:\/\/hir.mediamarkt.hu\/magazin\/wp-content\/uploads\/2024\/02\/MM_Technolo\u0301gia-vs-pa\u0301rkapcsolat_infografika-1.jpg 1440w\" sizes=\"(max-width: 1024px) 100vw, 1024px\" \/><\/figure>\n\n\n\n<figure class=\"wp-block-image size-large\"><img loading=\"lazy\" decoding=\"async\" width=\"1024\" height=\"1024\" data-id=\"18882\" src=\"https:\/\/hir.mediamarkt.hu\/magazin\/wp-content\/uploads\/2024\/02\/MM_Technolo\u0301gia-vs-pa\u0301rkapcsolat_infografika-2-1024x1024.jpg\" alt=\"\" class=\"wp-image-18882\" srcset=\"https:\/\/hir.mediamarkt.hu\/magazin\/wp-content\/uploads\/2024\/02\/MM_Technolo\u0301gia-vs-pa\u0301rkapcsolat_infografika-2-1024x1024.jpg 1024w, https:\/\/hir.mediamarkt.hu\/magazin\/wp-content\/uploads\/2024\/02\/MM_Technolo\u0301gia-vs-pa\u0301rkapcsolat_infografika-2-300x300.jpg 300w, https:\/\/hir.mediamarkt.hu\/magazin\/wp-content\/uploads\/2024\/02\/MM_Technolo\u0301gia-vs-pa\u0301rkapcsolat_infografika-2-275x275.jpg 275w, https:\/\/hir.mediamarkt.hu\/magazin\/wp-content\/uploads\/2024\/02\/MM_Technolo\u0301gia-vs-pa\u0301rkapcsolat_infografika-2-768x768.jpg 768w, https:\/\/hir.mediamarkt.hu\/magazin\/wp-content\/uploads\/2024\/02\/MM_Technolo\u0301gia-vs-pa\u0301rkapcsolat_infografika-2-1536x1536.jpg 1536w, https:\/\/hir.mediamarkt.hu\/magazin\/wp-content\/uploads\/2024\/02\/MM_Technolo\u0301gia-vs-pa\u0301rkapcsolat_infografika-2-150x150.jpg 150w, https:\/\/hir.mediamarkt.hu\/magazin\/wp-content\/uploads\/2024\/02\/MM_Technolo\u0301gia-vs-pa\u0301rkapcsolat_infografika-2-500x500.jpg 500w, https:\/\/hir.mediamarkt.hu\/magazin\/wp-content\/uploads\/2024\/02\/MM_Technolo\u0301gia-vs-pa\u0301rkapcsolat_infografika-2.jpg 1440w\" sizes=\"(max-width: 1024px) 100vw, 1024px\" \/><\/figure>\n<\/figure>\n\n\n\n<h2 class=\"wp-block-heading\"><strong>De m\u00e9gis mit n\u00e9z\u00fcnk ennyit a kijelz\u0151k\u00f6n?<\/strong><\/h2>\n\n\n\n<p class=\"has-text-align-justify\">Azok is, akiknek a munk\u00e1hoz vagy a tanul\u00e1shoz nem sz\u00fcks\u00e9ges valamilyen k\u00e9perny\u0151 (49%), t\u00f6bb \u00f3r\u00e1t haszn\u00e1lj\u00e1k ezeket az eszk\u00f6zeiket. Sorozatok n\u00e9z\u00e9s\u00e9vel, online j\u00e1t\u00e9kokkal vagy r\u00f6vid vide\u00f3k p\u00f6rget\u00e9s\u00e9vel t\u00f6ltik napjaink jelent\u0151s r\u00e9sz\u00e9t: minden m\u00e1sodik ember 3-5 \u00f3r\u00e1t, minden \u00f6t\u00f6dik ak\u00e1r t\u00f6bb mint 5 \u00f3r\u00e1t tesz \u00edgy nap mint nap kikapcsol\u00f3d\u00e1sk\u00e9nt. K\u00fcl\u00f6n\u00f6sen igaz ez a 40-49 \u00e9v k\u00f6z\u00f6tti feln\u0151ttekre, akiknek 41%-a nem csak a munkaidej\u00e9ben, de k\u00f6z\u00fcl\u00fck 83% munkaid\u0151n t\u00fal is 3 \u00f3r\u00e1n\u00e1l t\u00f6bbet g\u00e9pezik. Minden m\u00e1sodik 30 \u00e9v alatti m\u00e9g enn\u00e9l is t\u00f6bbet, jellemz\u0151en 4 \u00f3r\u00e1t meghalad\u00f3an. &nbsp;<\/p>\n\n\n\n<h2 class=\"wp-block-heading\"><strong>A technol\u00f3gia hat\u00e1ssal van a kapcsolatokra<\/strong><\/h2>\n\n\n\n<p class=\"has-text-align-justify\">A fenti adatokb\u00f3l teh\u00e1t kider\u00fclt a lakoss\u00e1g k\u00fcty\u00fcf\u00fcgg\u0151s\u00e9ge, amihez k\u00e9pest tal\u00e1n meglep\u0151, hogy mind\u00f6ssze a v\u00e1laszad\u00f3k 28%-a nyilatkozott \u00fagy, hogy okozott m\u00e1r probl\u00e9m\u00e1t a t\u00falzott k\u00e9perny\u0151haszn\u00e1lat a p\u00e1rkapcsolat\u00e1ban. Majdnem fel\u00fck viszont arr\u00f3l sz\u00e1molt be, hogy ez nem vezet fesz\u00fclts\u00e9ghez, mivel odafigyelnek arra, hogy egyens\u00falyban tarts\u00e1k az offline-online id\u0151t\u00f6lt\u00e9st. Ez a t\u00edpus\u00fa tudatoss\u00e1g az \u00e9letkor \u00e9s az iskol\u00e1zotts\u00e1g el\u0151rehaladt\u00e1val n\u0151. Legink\u00e1bb a 20-39 \u00e9ves koroszt\u00e1ly sz\u00e1m\u00e1ra jelent p\u00e1rkapcsolati kih\u00edv\u00e1st a t\u00falzott k\u00e9perny\u0151id\u0151. Az eredm\u00e9nyek szerint hangs\u00faly val\u00f3j\u00e1ban azon van, hogy a p\u00e1r mennyire tudja \u00f6sszehangolni a szabadidej\u00fckben ezeket az elfoglalts\u00e1gokat. Azokat, akik arr\u00f3l sz\u00e1moltak be, hogy igyekeznek korl\u00e1tok k\u00f6z\u00e9 szor\u00edtani a k\u00e9perny\u0151z\u00e9st, a saj\u00e1t maguk \u00e1ltal fel\u00e1ll\u00edtott tudatos hat\u00e1rok seg\u00edtik abban, hogy ne legyen konfliktus. Azokn\u00e1l viszont, akik t\u00f6bb mint 5 \u00f3r\u00e1t t\u00f6ltenek \u00edgy a szabadidej\u00fckben, magasabb ar\u00e1nyban fordul el\u0151 \u00f6sszet\u0171z\u00e9s a p\u00e1rkapcsolatban emiatt.<\/p>\n\n\n\n<h2 class=\"wp-block-heading\"><strong>A hangs\u00faly az \u201eegy\u00fctt\u201d-\u00f6n \u00e9s a v\u00e1ltozatoss\u00e1gon van<\/strong><\/h2>\n\n\n\n<p class=\"has-text-align-justify\">A j\u00f3 h\u00edr azonban, hogy a k\u00fcty\u00fchaszn\u00e1latb\u00f3l ered\u0151 n\u00e9zetelt\u00e9r\u00e9sek elsim\u00edt\u00e1s\u00e1ra nagy a hajland\u00f3s\u00e1g, \u00e9s a p\u00e1rkapcsolatban \u00e9l\u0151 v\u00e1laszad\u00f3k 65%-a v\u00e1ltoztatna a k\u00e9perny\u0151z\u00e9si szok\u00e1sain, ha ez a partner\u00e9t zavarn\u00e1. B\u00e1r sok vita \u00f6vezi, hogy a sz\u00f3ban forg\u00f3 eszk\u00f6z\u00f6k \u2013 ak\u00e1r tv, ak\u00e1r telefon vagy j\u00e1t\u00e9kkonzol \u2013 mennyire rossz hat\u00e1ssal vannak a kapcsolatokra, az \u00e9rintettek kev\u00e9sb\u00e9 l\u00e1tj\u00e1k ezt bor\u00fasan, \u00e9s ink\u00e1bb \u00e9lik meg a technol\u00f3gia adta alternat\u00edv\u00e1kat k\u00f6z\u00f6s id\u0151t\u00f6lt\u00e9si lehet\u0151s\u00e9gk\u00e9nt, mintsem zavar\u00f3 t\u00e9nyez\u0151k\u00e9nt: 71% saj\u00e1t bevall\u00e1sa szerint szeret egy\u00fctt \u2019bambulni\u2019 vagy egy\u00fctt j\u00e1tszani p\u00e1rj\u00e1val, s\u0151t, 79%-nak ezek a programok egy p\u00e1rkapcsolatban min\u0151s\u00e9gi egy\u00fctt t\u00f6lt\u00f6tt id\u0151nek sz\u00e1m\u00edtanak abban az esetben, ha nem err\u0151l sz\u00f3l a mindennap.&nbsp;&nbsp;&nbsp;&nbsp;<\/p>\n\n\n\n<h2 class=\"wp-block-heading\"><strong>Most akkor j\u00f3k vagy rosszak a k\u00fcty\u00fck?<\/strong><\/h2>\n\n\n\n<p class=\"has-text-align-justify\">A MediaMarkt kutat\u00e1sa szerint a k\u00e9p vegyes: ugyan sok id\u0151t nyer\u00fcnk a technol\u00f3gi\u00e1nak k\u00f6sz\u00f6nhet\u0151en, de a k\u00e9perny\u0151k ugyan\u00edgy el is vesznek az \u00e9let\u00fcnkb\u0151l, legal\u00e1bbis \u00edgy gondolja a felm\u00e9r\u00e9sben r\u00e9sztvev\u0151k k\u00f6zel fele.&nbsp; \u00c9rdekess\u00e9g, hogy azok, akik a napjuk legnagyobb r\u00e9sz\u00e9t k\u00e9perny\u0151 el\u0151tt t\u00f6ltik m\u00e1shogyan v\u00e9lekedtek: ugyan t\u00f6bbs\u00e9gben \u0151k is \u00fagy l\u00e1tj\u00e1k, hogy a hat\u00e1sok vegyesek, de emellett sokak szerint \u00edgy t\u00f6bb ismer\u0151s\u00fckkel marad meg a kapcsolat, a technol\u00f3gia miatt hat\u00e9konyabban elv\u00e9gezhet\u0151ek a mindennapi teend\u0151k \u00e9s t\u00f6bb id\u0151 jut a k\u00f6z\u00f6s tev\u00e9kenys\u00e9gekre, kikapcsol\u00f3d\u00e1sra.<\/p>\n","protected":false},"excerpt":{"rendered":"A technol\u00f3gia kor\u00e1ban a szerelem m\u00e1r nem levelez\u00e9s k\u00f6zben \u00e9s egy\u00fctt tett nagy s\u00e9t\u00e1kon bontakozik ki, hanem t\u00f6bbnyire valamilyen online fel\u00fcleten. De nem csak az ismerked\u00e9s, hanem az \u00e9let\u00fcnk nagy r\u00e9sze is \u00edgy zajlik: legyen az tv k\u00e9perny\u0151, telefon, vagy sz\u00e1m\u00edt\u00f3g\u00e9p, naponta t\u00f6bb \u00f3r\u00e1t t\u00f6lt\u00fcnk k\u00fcl\u00f6nb\u00f6z\u0151 kijelz\u0151kre meredve. ","protected":false},"author":13,"featured_media":18881,"comment_status":"open","ping_status":"open","sticky":false,"template":"","format":"standard","meta":{"wprm-recipe-roundup-name":"","wprm-recipe-roundup-description":"","footnotes":""},"categories":[5954],"tags":[2364],"yoast_head":"<!-- This site is optimized with the Yoast SEO plugin v22.9 - https:\/\/yoast.com\/wordpress\/plugins\/seo\/ -->\n<title>A magyarok 79%-a szerint a k\u00f6z\u00f6s filmn\u00e9z\u00e9s vagy videoj\u00e1t\u00e9koz\u00e1s min\u0151s\u00e9gi egy\u00fctt t\u00f6lt\u00f6tt id\u0151nek sz\u00e1m\u00edt - MediaMarkt Magazin<\/title>\n<meta name=\"description\" content=\"Mi sz\u00e1m\u00edt egy\u00fctt t\u00f6lt\u00f6tt id\u0151nek? Kapcsolatban h\u00e1ny \u00f3r\u00e1t t\u00f6ltenek el egy\u00fctt, k\u00e9perny\u0151 el\u0151tt az emberek? Erre kapunk v\u00e1laszt a kutat\u00e1sb\u00f3l!\" \/>\n<meta name=\"robots\" content=\"index, follow, max-snippet:-1, max-image-preview:large, max-video-preview:-1\" \/>\n<link rel=\"canonical\" href=\"https:\/\/hir.mediamarkt.hu\/magazin\/a-magyarok-79-a-szerint-a-kozos-filmnezes-vagy-videojatekozas-minosegi-egyutt-toltott-idonek-szamit\/\" \/>\n<meta property=\"og:locale\" content=\"hu_HU\" \/>\n<meta property=\"og:type\" content=\"article\" \/>\n<meta property=\"og:title\" content=\"A magyarok 79%-a szerint a k\u00f6z\u00f6s filmn\u00e9z\u00e9s vagy videoj\u00e1t\u00e9koz\u00e1s min\u0151s\u00e9gi egy\u00fctt t\u00f6lt\u00f6tt id\u0151nek sz\u00e1m\u00edt - MediaMarkt Magazin\" \/>\n<meta property=\"og:description\" content=\"Mi sz\u00e1m\u00edt egy\u00fctt t\u00f6lt\u00f6tt id\u0151nek? Kapcsolatban h\u00e1ny \u00f3r\u00e1t t\u00f6ltenek el egy\u00fctt, k\u00e9perny\u0151 el\u0151tt az emberek? Erre kapunk v\u00e1laszt a kutat\u00e1sb\u00f3l!\" \/>\n<meta property=\"og:url\" content=\"https:\/\/hir.mediamarkt.hu\/magazin\/a-magyarok-79-a-szerint-a-kozos-filmnezes-vagy-videojatekozas-minosegi-egyutt-toltott-idonek-szamit\/\" \/>\n<meta property=\"og:site_name\" content=\"MediaMarkt Magazin\" \/>\n<meta property=\"article:publisher\" content=\"https:\/\/www.facebook.com\/MediaMarktMagyarorszag\" \/>\n<meta property=\"article:published_time\" content=\"2024-01-31T08:11:25+00:00\" \/>\n<meta property=\"article:modified_time\" content=\"2024-02-14T08:20:48+00:00\" \/>\n<meta property=\"og:image\" content=\"https:\/\/hir.mediamarkt.hu\/magazin\/wp-content\/uploads\/2024\/02\/AdobeStock_543693175.jpeg\" \/>\n\t<meta property=\"og:image:width\" content=\"1440\" \/>\n\t<meta property=\"og:image:height\" content=\"960\" \/>\n\t<meta property=\"og:image:type\" content=\"image\/jpeg\" \/>\n<meta name=\"author\" content=\"Media Markt\" \/>\n<meta name=\"twitter:label1\" content=\"Szerz\u0151:\" \/>\n\t<meta name=\"twitter:data1\" content=\"Media Markt\" \/>\n\t<meta name=\"twitter:label2\" content=\"Becs\u00fclt olvas\u00e1si id\u0151\" \/>\n\t<meta name=\"twitter:data2\" content=\"5 perc\" \/>\n<script type=\"application\/ld+json\" class=\"yoast-schema-graph\">{\"@context\":\"https:\/\/schema.org\",\"@graph\":[{\"@type\":\"WebPage\",\"@id\":\"https:\/\/hir.mediamarkt.hu\/magazin\/a-magyarok-79-a-szerint-a-kozos-filmnezes-vagy-videojatekozas-minosegi-egyutt-toltott-idonek-szamit\/\",\"url\":\"https:\/\/hir.mediamarkt.hu\/magazin\/a-magyarok-79-a-szerint-a-kozos-filmnezes-vagy-videojatekozas-minosegi-egyutt-toltott-idonek-szamit\/\",\"name\":\"A magyarok 79%-a szerint a k\u00f6z\u00f6s filmn\u00e9z\u00e9s vagy videoj\u00e1t\u00e9koz\u00e1s min\u0151s\u00e9gi egy\u00fctt t\u00f6lt\u00f6tt id\u0151nek sz\u00e1m\u00edt - MediaMarkt Magazin\",\"isPartOf\":{\"@id\":\"https:\/\/hir.mediamarkt.hu\/magazin\/#website\"},\"primaryImageOfPage\":{\"@id\":\"https:\/\/hir.mediamarkt.hu\/magazin\/a-magyarok-79-a-szerint-a-kozos-filmnezes-vagy-videojatekozas-minosegi-egyutt-toltott-idonek-szamit\/#primaryimage\"},\"image\":{\"@id\":\"https:\/\/hir.mediamarkt.hu\/magazin\/a-magyarok-79-a-szerint-a-kozos-filmnezes-vagy-videojatekozas-minosegi-egyutt-toltott-idonek-szamit\/#primaryimage\"},\"thumbnailUrl\":\"https:\/\/hir.mediamarkt.hu\/magazin\/wp-content\/uploads\/2024\/02\/AdobeStock_543693175.jpeg\",\"datePublished\":\"2024-01-31T08:11:25+00:00\",\"dateModified\":\"2024-02-14T08:20:48+00:00\",\"author\":{\"@id\":\"https:\/\/hir.mediamarkt.hu\/magazin\/#\/schema\/person\/b93b02ec1ab4d2353f8d281e171c1b0b\"},\"description\":\"Mi sz\u00e1m\u00edt egy\u00fctt t\u00f6lt\u00f6tt id\u0151nek? Kapcsolatban h\u00e1ny \u00f3r\u00e1t t\u00f6ltenek el egy\u00fctt, k\u00e9perny\u0151 el\u0151tt az emberek? Erre kapunk v\u00e1laszt a kutat\u00e1sb\u00f3l!\",\"breadcrumb\":{\"@id\":\"https:\/\/hir.mediamarkt.hu\/magazin\/a-magyarok-79-a-szerint-a-kozos-filmnezes-vagy-videojatekozas-minosegi-egyutt-toltott-idonek-szamit\/#breadcrumb\"},\"inLanguage\":\"hu\",\"potentialAction\":[{\"@type\":\"ReadAction\",\"target\":[\"https:\/\/hir.mediamarkt.hu\/magazin\/a-magyarok-79-a-szerint-a-kozos-filmnezes-vagy-videojatekozas-minosegi-egyutt-toltott-idonek-szamit\/\"]}]},{\"@type\":\"ImageObject\",\"inLanguage\":\"hu\",\"@id\":\"https:\/\/hir.mediamarkt.hu\/magazin\/a-magyarok-79-a-szerint-a-kozos-filmnezes-vagy-videojatekozas-minosegi-egyutt-toltott-idonek-szamit\/#primaryimage\",\"url\":\"https:\/\/hir.mediamarkt.hu\/magazin\/wp-content\/uploads\/2024\/02\/AdobeStock_543693175.jpeg\",\"contentUrl\":\"https:\/\/hir.mediamarkt.hu\/magazin\/wp-content\/uploads\/2024\/02\/AdobeStock_543693175.jpeg\",\"width\":1440,\"height\":960},{\"@type\":\"BreadcrumbList\",\"@id\":\"https:\/\/hir.mediamarkt.hu\/magazin\/a-magyarok-79-a-szerint-a-kozos-filmnezes-vagy-videojatekozas-minosegi-egyutt-toltott-idonek-szamit\/#breadcrumb\",\"itemListElement\":[{\"@type\":\"ListItem\",\"position\":1,\"name\":\"Kezd\u0151lap\",\"item\":\"https:\/\/hir.mediamarkt.hu\/magazin\/\"},{\"@type\":\"ListItem\",\"position\":2,\"name\":\"A magyarok 79%-a szerint a k\u00f6z\u00f6s filmn\u00e9z\u00e9s vagy videoj\u00e1t\u00e9koz\u00e1s min\u0151s\u00e9gi egy\u00fctt t\u00f6lt\u00f6tt id\u0151nek sz\u00e1m\u00edt\"}]},{\"@type\":\"WebSite\",\"@id\":\"https:\/\/hir.mediamarkt.hu\/magazin\/#website\",\"url\":\"https:\/\/hir.mediamarkt.hu\/magazin\/\",\"name\":\"MediaMarkt Magazin\",\"description\":\"Olvass bele magazinunkba!\",\"potentialAction\":[{\"@type\":\"SearchAction\",\"target\":{\"@type\":\"EntryPoint\",\"urlTemplate\":\"https:\/\/hir.mediamarkt.hu\/magazin\/?s={search_term_string}\"},\"query-input\":\"required name=search_term_string\"}],\"inLanguage\":\"hu\"},{\"@type\":\"Person\",\"@id\":\"https:\/\/hir.mediamarkt.hu\/magazin\/#\/schema\/person\/b93b02ec1ab4d2353f8d281e171c1b0b\",\"name\":\"Media Markt\",\"image\":{\"@type\":\"ImageObject\",\"inLanguage\":\"hu\",\"@id\":\"https:\/\/hir.mediamarkt.hu\/magazin\/#\/schema\/person\/image\/\",\"url\":\"https:\/\/secure.gravatar.com\/avatar\/602bccae8998beee472d01909f0978f1?s=96&d=mm&r=g\",\"contentUrl\":\"https:\/\/secure.gravatar.com\/avatar\/602bccae8998beee472d01909f0978f1?s=96&d=mm&r=g\",\"caption\":\"Media Markt\"}}]}<\/script>\n<!-- \/ Yoast SEO plugin. -->","yoast_head_json":{"title":"A magyarok 79%-a szerint a k\u00f6z\u00f6s filmn\u00e9z\u00e9s vagy videoj\u00e1t\u00e9koz\u00e1s min\u0151s\u00e9gi egy\u00fctt t\u00f6lt\u00f6tt id\u0151nek sz\u00e1m\u00edt - MediaMarkt Magazin","description":"Mi sz\u00e1m\u00edt egy\u00fctt t\u00f6lt\u00f6tt id\u0151nek? Kapcsolatban h\u00e1ny \u00f3r\u00e1t t\u00f6ltenek el egy\u00fctt, k\u00e9perny\u0151 el\u0151tt az emberek? Erre kapunk v\u00e1laszt a kutat\u00e1sb\u00f3l!","robots":{"index":"index","follow":"follow","max-snippet":"max-snippet:-1","max-image-preview":"max-image-preview:large","max-video-preview":"max-video-preview:-1"},"canonical":"https:\/\/hir.mediamarkt.hu\/magazin\/a-magyarok-79-a-szerint-a-kozos-filmnezes-vagy-videojatekozas-minosegi-egyutt-toltott-idonek-szamit\/","og_locale":"hu_HU","og_type":"article","og_title":"A magyarok 79%-a szerint a k\u00f6z\u00f6s filmn\u00e9z\u00e9s vagy videoj\u00e1t\u00e9koz\u00e1s min\u0151s\u00e9gi egy\u00fctt t\u00f6lt\u00f6tt id\u0151nek sz\u00e1m\u00edt - MediaMarkt Magazin","og_description":"Mi sz\u00e1m\u00edt egy\u00fctt t\u00f6lt\u00f6tt id\u0151nek? Kapcsolatban h\u00e1ny \u00f3r\u00e1t t\u00f6ltenek el egy\u00fctt, k\u00e9perny\u0151 el\u0151tt az emberek? Erre kapunk v\u00e1laszt a kutat\u00e1sb\u00f3l!","og_url":"https:\/\/hir.mediamarkt.hu\/magazin\/a-magyarok-79-a-szerint-a-kozos-filmnezes-vagy-videojatekozas-minosegi-egyutt-toltott-idonek-szamit\/","og_site_name":"MediaMarkt Magazin","article_publisher":"https:\/\/www.facebook.com\/MediaMarktMagyarorszag","article_published_time":"2024-01-31T08:11:25+00:00","article_modified_time":"2024-02-14T08:20:48+00:00","og_image":[{"width":1440,"height":960,"url":"https:\/\/hir.mediamarkt.hu\/magazin\/wp-content\/uploads\/2024\/02\/AdobeStock_543693175.jpeg","type":"image\/jpeg"}],"author":"Media Markt","twitter_misc":{"Szerz\u0151:":"Media Markt","Becs\u00fclt olvas\u00e1si id\u0151":"5 perc"},"schema":{"@context":"https:\/\/schema.org","@graph":[{"@type":"WebPage","@id":"https:\/\/hir.mediamarkt.hu\/magazin\/a-magyarok-79-a-szerint-a-kozos-filmnezes-vagy-videojatekozas-minosegi-egyutt-toltott-idonek-szamit\/","url":"https:\/\/hir.mediamarkt.hu\/magazin\/a-magyarok-79-a-szerint-a-kozos-filmnezes-vagy-videojatekozas-minosegi-egyutt-toltott-idonek-szamit\/","name":"A magyarok 79%-a szerint a k\u00f6z\u00f6s filmn\u00e9z\u00e9s vagy videoj\u00e1t\u00e9koz\u00e1s min\u0151s\u00e9gi egy\u00fctt t\u00f6lt\u00f6tt id\u0151nek sz\u00e1m\u00edt - MediaMarkt Magazin","isPartOf":{"@id":"https:\/\/hir.mediamarkt.hu\/magazin\/#website"},"primaryImageOfPage":{"@id":"https:\/\/hir.mediamarkt.hu\/magazin\/a-magyarok-79-a-szerint-a-kozos-filmnezes-vagy-videojatekozas-minosegi-egyutt-toltott-idonek-szamit\/#primaryimage"},"image":{"@id":"https:\/\/hir.mediamarkt.hu\/magazin\/a-magyarok-79-a-szerint-a-kozos-filmnezes-vagy-videojatekozas-minosegi-egyutt-toltott-idonek-szamit\/#primaryimage"},"thumbnailUrl":"https:\/\/hir.mediamarkt.hu\/magazin\/wp-content\/uploads\/2024\/02\/AdobeStock_543693175.jpeg","datePublished":"2024-01-31T08:11:25+00:00","dateModified":"2024-02-14T08:20:48+00:00","author":{"@id":"https:\/\/hir.mediamarkt.hu\/magazin\/#\/schema\/person\/b93b02ec1ab4d2353f8d281e171c1b0b"},"description":"Mi sz\u00e1m\u00edt egy\u00fctt t\u00f6lt\u00f6tt id\u0151nek? Kapcsolatban h\u00e1ny \u00f3r\u00e1t t\u00f6ltenek el egy\u00fctt, k\u00e9perny\u0151 el\u0151tt az emberek? Erre kapunk v\u00e1laszt a kutat\u00e1sb\u00f3l!","breadcrumb":{"@id":"https:\/\/hir.mediamarkt.hu\/magazin\/a-magyarok-79-a-szerint-a-kozos-filmnezes-vagy-videojatekozas-minosegi-egyutt-toltott-idonek-szamit\/#breadcrumb"},"inLanguage":"hu","potentialAction":[{"@type":"ReadAction","target":["https:\/\/hir.mediamarkt.hu\/magazin\/a-magyarok-79-a-szerint-a-kozos-filmnezes-vagy-videojatekozas-minosegi-egyutt-toltott-idonek-szamit\/"]}]},{"@type":"ImageObject","inLanguage":"hu","@id":"https:\/\/hir.mediamarkt.hu\/magazin\/a-magyarok-79-a-szerint-a-kozos-filmnezes-vagy-videojatekozas-minosegi-egyutt-toltott-idonek-szamit\/#primaryimage","url":"https:\/\/hir.mediamarkt.hu\/magazin\/wp-content\/uploads\/2024\/02\/AdobeStock_543693175.jpeg","contentUrl":"https:\/\/hir.mediamarkt.hu\/magazin\/wp-content\/uploads\/2024\/02\/AdobeStock_543693175.jpeg","width":1440,"height":960},{"@type":"BreadcrumbList","@id":"https:\/\/hir.mediamarkt.hu\/magazin\/a-magyarok-79-a-szerint-a-kozos-filmnezes-vagy-videojatekozas-minosegi-egyutt-toltott-idonek-szamit\/#breadcrumb","itemListElement":[{"@type":"ListItem","position":1,"name":"Kezd\u0151lap","item":"https:\/\/hir.mediamarkt.hu\/magazin\/"},{"@type":"ListItem","position":2,"name":"A magyarok 79%-a szerint a k\u00f6z\u00f6s filmn\u00e9z\u00e9s vagy videoj\u00e1t\u00e9koz\u00e1s min\u0151s\u00e9gi egy\u00fctt t\u00f6lt\u00f6tt id\u0151nek sz\u00e1m\u00edt"}]},{"@type":"WebSite","@id":"https:\/\/hir.mediamarkt.hu\/magazin\/#website","url":"https:\/\/hir.mediamarkt.hu\/magazin\/","name":"MediaMarkt Magazin","description":"Olvass bele magazinunkba!","potentialAction":[{"@type":"SearchAction","target":{"@type":"EntryPoint","urlTemplate":"https:\/\/hir.mediamarkt.hu\/magazin\/?s={search_term_string}"},"query-input":"required name=search_term_string"}],"inLanguage":"hu"},{"@type":"Person","@id":"https:\/\/hir.mediamarkt.hu\/magazin\/#\/schema\/person\/b93b02ec1ab4d2353f8d281e171c1b0b","name":"Media Markt","image":{"@type":"ImageObject","inLanguage":"hu","@id":"https:\/\/hir.mediamarkt.hu\/magazin\/#\/schema\/person\/image\/","url":"https:\/\/secure.gravatar.com\/avatar\/602bccae8998beee472d01909f0978f1?s=96&d=mm&r=g","contentUrl":"https:\/\/secure.gravatar.com\/avatar\/602bccae8998beee472d01909f0978f1?s=96&d=mm&r=g","caption":"Media Markt"}}]}},"_links":{"self":[{"href":"https:\/\/hir.mediamarkt.hu\/magazin\/wp-json\/wp\/v2\/posts\/18880"}],"collection":[{"href":"https:\/\/hir.mediamarkt.hu\/magazin\/wp-json\/wp\/v2\/posts"}],"about":[{"href":"https:\/\/hir.mediamarkt.hu\/magazin\/wp-json\/wp\/v2\/types\/post"}],"author":[{"embeddable":true,"href":"https:\/\/hir.mediamarkt.hu\/magazin\/wp-json\/wp\/v2\/users\/13"}],"replies":[{"embeddable":true,"href":"https:\/\/hir.mediamarkt.hu\/magazin\/wp-json\/wp\/v2\/comments?post=18880"}],"version-history":[{"count":2,"href":"https:\/\/hir.mediamarkt.hu\/magazin\/wp-json\/wp\/v2\/posts\/18880\/revisions"}],"predecessor-version":[{"id":18887,"href":"https:\/\/hir.mediamarkt.hu\/magazin\/wp-json\/wp\/v2\/posts\/18880\/revisions\/18887"}],"wp:featuredmedia":[{"embeddable":true,"href":"https:\/\/hir.mediamarkt.hu\/magazin\/wp-json\/wp\/v2\/media\/18881"}],"wp:attachment":[{"href":"https:\/\/hir.mediamarkt.hu\/magazin\/wp-json\/wp\/v2\/media?parent=18880"}],"wp:term":[{"taxonomy":"category","embeddable":true,"href":"https:\/\/hir.mediamarkt.hu\/magazin\/wp-json\/wp\/v2\/categories?post=18880"},{"taxonomy":"post_tag","embeddable":true,"href":"https:\/\/hir.mediamarkt.hu\/magazin\/wp-json\/wp\/v2\/tags?post=18880"}],"curies":[{"name":"wp","href":"https:\/\/api.w.org\/{rel}","templated":true}]}}