{"id":21340,"date":"2024-08-30T17:12:44","date_gmt":"2024-08-30T16:12:44","guid":{"rendered":"https:\/\/hir.mediamarkt.hu\/magazin\/?p=21340"},"modified":"2024-08-30T17:12:46","modified_gmt":"2024-08-30T16:12:46","slug":"okoskutyuk-amikkel-feldobhatod-a-tanulast","status":"publish","type":"post","link":"https:\/\/hir.mediamarkt.hu\/magazin\/okoskutyuk-amikkel-feldobhatod-a-tanulast\/","title":{"rendered":"Okosk\u00fcty\u00fck, amikkel feldobhatod a tanul\u00e1st!"},"content":{"rendered":"\n<p>Tan\u00e9vkezd\u00e9s? \u00daj lend\u00fclet, \u00faj okosk\u00fcty\u00fck! A sulikezd\u00e9s nem csak a tank\u00f6nyvekr\u0151l sz\u00f3l, legyen \u00e9lm\u00e9ny a tanul\u00e1s, az idei \u00e9v ne csak sikeres, de sz\u00f3rakoztat\u00f3 is legyen!<\/p>\n\n\n\n<h2 class=\"wp-block-heading\"><img loading=\"lazy\" decoding=\"async\" class=\"aligncenter wp-image-21430 size-full\" src=\"https:\/\/hir.mediamarkt.hu\/magazin\/wp-content\/uploads\/2024\/08\/CANON-Mini-Photo-Printer-PV-123-feher-20db-Zink-papir-10db-perforalt-Zink-papir-taska.jpg\" alt=\"\" width=\"786\" height=\"522\" srcset=\"https:\/\/hir.mediamarkt.hu\/magazin\/wp-content\/uploads\/2024\/08\/CANON-Mini-Photo-Printer-PV-123-feher-20db-Zink-papir-10db-perforalt-Zink-papir-taska.jpg 786w, https:\/\/hir.mediamarkt.hu\/magazin\/wp-content\/uploads\/2024\/08\/CANON-Mini-Photo-Printer-PV-123-feher-20db-Zink-papir-10db-perforalt-Zink-papir-taska-250x166.jpg 250w, https:\/\/hir.mediamarkt.hu\/magazin\/wp-content\/uploads\/2024\/08\/CANON-Mini-Photo-Printer-PV-123-feher-20db-Zink-papir-10db-perforalt-Zink-papir-taska-700x465.jpg 700w, https:\/\/hir.mediamarkt.hu\/magazin\/wp-content\/uploads\/2024\/08\/CANON-Mini-Photo-Printer-PV-123-feher-20db-Zink-papir-10db-perforalt-Zink-papir-taska-275x183.jpg 275w, https:\/\/hir.mediamarkt.hu\/magazin\/wp-content\/uploads\/2024\/08\/CANON-Mini-Photo-Printer-PV-123-feher-20db-Zink-papir-10db-perforalt-Zink-papir-taska-768x510.jpg 768w, https:\/\/hir.mediamarkt.hu\/magazin\/wp-content\/uploads\/2024\/08\/CANON-Mini-Photo-Printer-PV-123-feher-20db-Zink-papir-10db-perforalt-Zink-papir-taska-120x80.jpg 120w\" sizes=\"(max-width: 786px) 100vw, 786px\" \/><br>Okosk\u00fcty\u00fck jegyzetel\u00e9shez&nbsp;<\/h2>\n\n\n\n<ul>\n<li><strong>Mini <a href=\"https:\/\/www.mediamarkt.hu\/hu\/category\/_fot%C3%B3-nyomtat%C3%B3-504694.html\" target=\"_blank\" rel=\"noreferrer noopener\">fot\u00f3nyomtat\u00f3<\/a>k<\/strong>: Ha a jegyzeteid a digit\u00e1lis t\u00e9rben \u00e9s pap\u00edron is ott lesznek veled, garant\u00e1lt a siker! Egy mini fot\u00f3nyomtat\u00f3val pillanatok alatt kinyomtathatod a legfontosabb inform\u00e1ci\u00f3kat, k\u00e9pleteket vagy diagramokat, hogy mindig k\u00e9zn\u00e9l legyenek.<\/li>\n\n\n\n<li><strong><a href=\"https:\/\/www.mediamarkt.hu\/hu\/category\/_2in1-%C3%A1talak%C3%ADthat%C3%B3-eszk%C3%B6z-563570.html\">2 az 1-ben<\/a> g\u00e9pek:<\/strong> Egy g\u00e9p, ami laptopk\u00e9nt \u00e9s tabletk\u00e9nt is funkcion\u00e1l? \u00cdgy a tanul\u00e1s \u00e9s a sz\u00f3rakoz\u00e1s is k\u00e9zn\u00e9l lesz. A 2 az 1-ben g\u00e9pek a rugalmass\u00e1g\u00e1r\u00f3l sz\u00f3lnak. Haszn\u00e1ld laptopk\u00e9nt az \u00f3r\u00e1kon jegyzetel\u00e9shez vagy essz\u00e9k \u00edr\u00e1s\u00e1hoz. V\u00e1lts tablet m\u00f3dra, b\u00f6ng\u00e9ssz k\u00e9nyelmesen az interneten, n\u00e9zz filmeket vagy j\u00e1tssz valamit a szabadid\u0151dben.<\/li>\n\n\n\n<li><strong>Tabletek \u00e9s tollak:<\/strong> egy tablet kiv\u00e1l\u00f3 v\u00e1laszt\u00e1s egyetemi jegyzetel\u00e9shez, k\u00fcl\u00f6n\u00f6sen akkor, ha olyan <a href=\"https:\/\/www.mediamarkt.hu\/hu\/shop\/kijelzovedelem.html\" target=\"_blank\" rel=\"noreferrer noopener\">k\u00e9perny\u0151v\u00e9d\u0151 f\u00f3li\u00e1t<\/a> haszn\u00e1lsz rajta, amely <strong>pap\u00edrhat\u00e1st biztos\u00edt.<\/strong> Ez a speci\u00e1lis f\u00f3lia lehet\u0151v\u00e9 teszi, hogy a jegyzetel\u00e9s \u00e9lm\u00e9nye olyan legyen, mintha val\u00f3di pap\u00edrra \u00edrn\u00e1l, mivel megakad\u00e1lyozza a toll cs\u00fasz\u00e1s\u00e1t a k\u00e9perny\u0151n. Ezzel a be\u00e1ll\u00edt\u00e1ssal nemcsak gyorsabban \u00e9s hat\u00e9konyabban tudsz jegyzetelni az el\u0151ad\u00e1sok alatt, de k\u00f6nnyebben rendszerezheted \u00e9s t\u00e1rolhatod is az \u00edr\u00e1saidat.<\/li>\n<\/ul>\n\n\n<div class=\"wp-block-image\">\n<figure class=\"aligncenter\"><img loading=\"lazy\" decoding=\"async\" width=\"786\" height=\"587\" src=\"https:\/\/hir.mediamarkt.hu\/magazin\/wp-content\/uploads\/2024\/08\/APPLE-Pencil-USB-C-feher-MUWA3ZM-A.jpg\" alt=\"\" class=\"wp-image-21433\" srcset=\"https:\/\/hir.mediamarkt.hu\/magazin\/wp-content\/uploads\/2024\/08\/APPLE-Pencil-USB-C-feher-MUWA3ZM-A.jpg 786w, https:\/\/hir.mediamarkt.hu\/magazin\/wp-content\/uploads\/2024\/08\/APPLE-Pencil-USB-C-feher-MUWA3ZM-A-250x187.jpg 250w, https:\/\/hir.mediamarkt.hu\/magazin\/wp-content\/uploads\/2024\/08\/APPLE-Pencil-USB-C-feher-MUWA3ZM-A-700x523.jpg 700w, https:\/\/hir.mediamarkt.hu\/magazin\/wp-content\/uploads\/2024\/08\/APPLE-Pencil-USB-C-feher-MUWA3ZM-A-275x205.jpg 275w, https:\/\/hir.mediamarkt.hu\/magazin\/wp-content\/uploads\/2024\/08\/APPLE-Pencil-USB-C-feher-MUWA3ZM-A-768x574.jpg 768w, https:\/\/hir.mediamarkt.hu\/magazin\/wp-content\/uploads\/2024\/08\/APPLE-Pencil-USB-C-feher-MUWA3ZM-A-120x90.jpg 120w\" sizes=\"(max-width: 786px) 100vw, 786px\" \/><\/figure><\/div>\n\n\n<h2 class=\"wp-block-heading\"><strong>Tanul\u00e1s szemk\u00edm\u00e9l\u0151 \u00fczemm\u00f3dban:<\/strong><\/h2>\n\n\n<div class=\"wp-block-image\">\n<figure class=\"alignright\"><img loading=\"lazy\" decoding=\"async\" width=\"250\" height=\"187\" src=\"https:\/\/hir.mediamarkt.hu\/magazin\/wp-content\/uploads\/2024\/08\/KENSINGTON-Tukrozodescsokkento-es-kekfeny-szuro-kijelzovedo-15-6_-kijelzo-merethez-627554-250x187.jpg\" alt=\"\" class=\"wp-image-21436\" srcset=\"https:\/\/hir.mediamarkt.hu\/magazin\/wp-content\/uploads\/2024\/08\/KENSINGTON-Tukrozodescsokkento-es-kekfeny-szuro-kijelzovedo-15-6_-kijelzo-merethez-627554-250x187.jpg 250w, https:\/\/hir.mediamarkt.hu\/magazin\/wp-content\/uploads\/2024\/08\/KENSINGTON-Tukrozodescsokkento-es-kekfeny-szuro-kijelzovedo-15-6_-kijelzo-merethez-627554-700x523.jpg 700w, https:\/\/hir.mediamarkt.hu\/magazin\/wp-content\/uploads\/2024\/08\/KENSINGTON-Tukrozodescsokkento-es-kekfeny-szuro-kijelzovedo-15-6_-kijelzo-merethez-627554-275x205.jpg 275w, https:\/\/hir.mediamarkt.hu\/magazin\/wp-content\/uploads\/2024\/08\/KENSINGTON-Tukrozodescsokkento-es-kekfeny-szuro-kijelzovedo-15-6_-kijelzo-merethez-627554-768x574.jpg 768w, https:\/\/hir.mediamarkt.hu\/magazin\/wp-content\/uploads\/2024\/08\/KENSINGTON-Tukrozodescsokkento-es-kekfeny-szuro-kijelzovedo-15-6_-kijelzo-merethez-627554-120x90.jpg 120w, https:\/\/hir.mediamarkt.hu\/magazin\/wp-content\/uploads\/2024\/08\/KENSINGTON-Tukrozodescsokkento-es-kekfeny-szuro-kijelzovedo-15-6_-kijelzo-merethez-627554-500x375.jpg 500w, https:\/\/hir.mediamarkt.hu\/magazin\/wp-content\/uploads\/2024\/08\/KENSINGTON-Tukrozodescsokkento-es-kekfeny-szuro-kijelzovedo-15-6_-kijelzo-merethez-627554.jpg 786w\" sizes=\"(max-width: 250px) 100vw, 250px\" \/><\/figure><\/div>\n\n\n<p>K\u00e9kf\u00e9ny-sz\u0171r\u0151s \u00e9s vill\u00f3dz\u00e1smentes monitorok: Hossz\u00fa \u00f3r\u00e1kig tanulni? Ha b\u00edrod a temp\u00f3t, mostant\u00f3l a monitor m\u00e1r nem lehet akad\u00e1ly. A k\u00e9kf\u00e9ny-sz\u0171r\u0151s monitorok cs\u00f6kkentik a szemf\u00e1radts\u00e1got \u00e9s a fejf\u00e1j\u00e1st, a vill\u00f3dz\u00e1smentes technol\u00f3gia pedig minimaliz\u00e1lja a vibr\u00e1l\u00e1st, \u00edgy a szemed tov\u00e1bb maradhat friss \u00e9s kipihent m\u00e9g a hossz\u00fa tanul\u00f3s est\u00e9k ut\u00e1n is. A laptopot haszn\u00e1lsz, de a monitorja nem az igazi? Dobj r\u00e1 egy t\u00fckr\u00f6z\u0151d\u00e9scs\u00f6kkent\u0151 \u00e9s k\u00e9kf\u00e9ny sz\u0171r\u0151 kijelz\u0151v\u00e9d\u0151t!<\/p>\n\n\n\n<h2 class=\"wp-block-heading\">Online jelenl\u00e9t<\/h2>\n\n\n\n<p>Online \u00f3r\u00e1k, csoportos projektek vagy k\u00f6z\u00f6s besz\u00e9lget\u00e9s a bar\u00e1tokkal \u2013 egy j\u00f3 <a href=\"https:\/\/www.mediamarkt.hu\/hu\/category\/_webkamera-504908.html\">webkamera<\/a> elengedhetetlen a modern tanul\u00e1shoz \u00e9s kommunik\u00e1ci\u00f3hoz. V\u00e1lassz olyat, ami \u00e9les k\u00e9pet \u00e9s tiszta hangot biztos\u00edt, \u00edgy mindig a legjobb form\u00e1dat hozhatod.<\/p>\n\n\n<div class=\"wp-block-image\">\n<figure class=\"aligncenter\"><a href=\"https:\/\/www.mediamarkt.hu\/hu\/product\/_trust-23637-tyro-full-hd-webkamera-be%C3%A9p%C3%ADtett-mikrofonnal-1342624.html\"><img loading=\"lazy\" decoding=\"async\" width=\"700\" height=\"435\" src=\"https:\/\/hir.mediamarkt.hu\/magazin\/wp-content\/uploads\/2024\/08\/TRUST-23637-TYRO-FULL-HD-webkamera-beepitett-mikrofonnal-700x435.jpg\" alt=\"\" class=\"wp-image-21434\" srcset=\"https:\/\/hir.mediamarkt.hu\/magazin\/wp-content\/uploads\/2024\/08\/TRUST-23637-TYRO-FULL-HD-webkamera-beepitett-mikrofonnal-700x435.jpg 700w, https:\/\/hir.mediamarkt.hu\/magazin\/wp-content\/uploads\/2024\/08\/TRUST-23637-TYRO-FULL-HD-webkamera-beepitett-mikrofonnal-250x155.jpg 250w, https:\/\/hir.mediamarkt.hu\/magazin\/wp-content\/uploads\/2024\/08\/TRUST-23637-TYRO-FULL-HD-webkamera-beepitett-mikrofonnal-275x171.jpg 275w, https:\/\/hir.mediamarkt.hu\/magazin\/wp-content\/uploads\/2024\/08\/TRUST-23637-TYRO-FULL-HD-webkamera-beepitett-mikrofonnal-768x477.jpg 768w, https:\/\/hir.mediamarkt.hu\/magazin\/wp-content\/uploads\/2024\/08\/TRUST-23637-TYRO-FULL-HD-webkamera-beepitett-mikrofonnal-120x75.jpg 120w, https:\/\/hir.mediamarkt.hu\/magazin\/wp-content\/uploads\/2024\/08\/TRUST-23637-TYRO-FULL-HD-webkamera-beepitett-mikrofonnal.jpg 786w\" sizes=\"(max-width: 700px) 100vw, 700px\" \/><\/a><\/figure><\/div>\n\n\n<p>+1 tipp: Ne hagyd ki a megfelel\u0151 <a href=\"https:\/\/www.mediamarkt.hu\/hu\/category\/_laptop-t%C3%A1ska-tok-504835.html\">laptopt\u00e1sk\u00e1t,<\/a> tablet tokot vagy a <a href=\"https:\/\/www.mediamarkt.hu\/hu\/shop\/kijelzovedelem.html\" target=\"_blank\" rel=\"noopener\">kijelz\u0151dre megfelel\u0151 f\u00f3li\u00e1t<\/a> (betekint\u00e9sg\u00e1tl\u00f3, pap\u00edrhat\u00e1s\u00fa &#8230;) sem! Ha m\u00e1r t\u00e1ska: v\u00e1lassz olyat, ami k\u00e9nyelmes, strapab\u00edr\u00f3 \u00e9s el\u00e9g nagy ahhoz, hogy elf\u00e9rjen benne minden, amire sz\u00fcks\u00e9ged van a tanul\u00e1shoz \u00e9s a mindennapokhoz.<\/p>\n\n\n\n<figure class=\"wp-block-gallery has-nested-images columns-default is-cropped wp-block-gallery-2 is-layout-flex wp-block-gallery-is-layout-flex\">\n<figure class=\"wp-block-image size-large\"><img loading=\"lazy\" decoding=\"async\" width=\"535\" height=\"399\" data-id=\"21771\" src=\"https:\/\/hir.mediamarkt.hu\/magazin\/wp-content\/uploads\/2024\/08\/RIVACASE-ORLY-8992-notebook-taska-14_-fekete-edited.png\" alt=\"\" class=\"wp-image-21771\" srcset=\"https:\/\/hir.mediamarkt.hu\/magazin\/wp-content\/uploads\/2024\/08\/RIVACASE-ORLY-8992-notebook-taska-14_-fekete-edited.png 535w, https:\/\/hir.mediamarkt.hu\/magazin\/wp-content\/uploads\/2024\/08\/RIVACASE-ORLY-8992-notebook-taska-14_-fekete-edited-250x186.png 250w, https:\/\/hir.mediamarkt.hu\/magazin\/wp-content\/uploads\/2024\/08\/RIVACASE-ORLY-8992-notebook-taska-14_-fekete-edited-275x205.png 275w, https:\/\/hir.mediamarkt.hu\/magazin\/wp-content\/uploads\/2024\/08\/RIVACASE-ORLY-8992-notebook-taska-14_-fekete-edited-120x89.png 120w\" sizes=\"(max-width: 535px) 100vw, 535px\" \/><\/figure>\n\n\n\n<figure class=\"wp-block-image size-full\"><img loading=\"lazy\" decoding=\"async\" width=\"397\" height=\"419\" data-id=\"21770\" src=\"https:\/\/hir.mediamarkt.hu\/magazin\/wp-content\/uploads\/2024\/08\/BESTLIFE-Business-La-Minor-laptop-taska.png\" alt=\"\" class=\"wp-image-21770\" srcset=\"https:\/\/hir.mediamarkt.hu\/magazin\/wp-content\/uploads\/2024\/08\/BESTLIFE-Business-La-Minor-laptop-taska.png 397w, https:\/\/hir.mediamarkt.hu\/magazin\/wp-content\/uploads\/2024\/08\/BESTLIFE-Business-La-Minor-laptop-taska-250x264.png 250w, https:\/\/hir.mediamarkt.hu\/magazin\/wp-content\/uploads\/2024\/08\/BESTLIFE-Business-La-Minor-laptop-taska-275x290.png 275w, https:\/\/hir.mediamarkt.hu\/magazin\/wp-content\/uploads\/2024\/08\/BESTLIFE-Business-La-Minor-laptop-taska-120x127.png 120w\" sizes=\"(max-width: 397px) 100vw, 397px\" \/><\/figure>\n\n\n\n<figure class=\"wp-block-image size-full\"><img loading=\"lazy\" decoding=\"async\" width=\"495\" height=\"446\" data-id=\"21772\" src=\"https:\/\/hir.mediamarkt.hu\/magazin\/wp-content\/uploads\/2024\/08\/TRUST-Bologna-slim-laptop-taska.jpg\" alt=\"\" class=\"wp-image-21772\" srcset=\"https:\/\/hir.mediamarkt.hu\/magazin\/wp-content\/uploads\/2024\/08\/TRUST-Bologna-slim-laptop-taska.jpg 495w, https:\/\/hir.mediamarkt.hu\/magazin\/wp-content\/uploads\/2024\/08\/TRUST-Bologna-slim-laptop-taska-250x225.jpg 250w, https:\/\/hir.mediamarkt.hu\/magazin\/wp-content\/uploads\/2024\/08\/TRUST-Bologna-slim-laptop-taska-275x248.jpg 275w, https:\/\/hir.mediamarkt.hu\/magazin\/wp-content\/uploads\/2024\/08\/TRUST-Bologna-slim-laptop-taska-120x108.jpg 120w\" sizes=\"(max-width: 495px) 100vw, 495px\" \/><\/figure>\n<\/figure>\n\n\n\n<p>Ne feledd: A legfontosabb, hogy olyan <a href=\"https:\/\/hir.mediamarkt.hu\/magazin\/kutyuk-karacsonyra-15-ezer-forint-alatt\/\">okosk\u00fcty\u00fct<\/a> v\u00e1lassz, ami seg\u00edti a tanul\u00e1st \u00e9s a mindennapi \u00e9letedet, ne csak egy divatos kieg\u00e9sz\u00edt\u0151 legyen. Gondold \u00e1t, mire van sz\u00fcks\u00e9ged, \u00e9s v\u00e1lassz okosan!<\/p>\n","protected":false},"excerpt":{"rendered":"Tan\u00e9vkezd\u00e9s? \u00daj lend\u00fclet, \u00faj okosk\u00fcty\u00fck! A sulikezd\u00e9s nem csak a tank\u00f6nyvekr\u0151l sz\u00f3l, legyen \u00e9lm\u00e9ny a tanul\u00e1s, az idei \u00e9v ne csak sikeres, de sz\u00f3rakoztat\u00f3 is legyen! Okosk\u00fcty\u00fck jegyzetel\u00e9shez&nbsp; Tanul\u00e1s szemk\u00edm\u00e9l\u0151 \u00fczemm\u00f3dban: K\u00e9kf\u00e9ny-sz\u0171r\u0151s \u00e9s vill\u00f3dz\u00e1smentes monitorok: Hossz\u00fa \u00f3r\u00e1kig tanulni? Ha b\u00edrod a temp\u00f3t, mostant\u00f3l a monitor m\u00e1r nem lehet akad\u00e1ly. A k\u00e9kf\u00e9ny-sz\u0171r\u0151s monitorok cs\u00f6kkentik a szemf\u00e1radts\u00e1got \u00e9s a fejf\u00e1j\u00e1st, a vill\u00f3dz\u00e1smentes technol\u00f3gia pedig minimaliz\u00e1lja a vibr\u00e1l\u00e1st, \u00edgy a szemed tov\u00e1bb maradhat friss \u00e9s kipihent m\u00e9g a hossz\u00fa tanul\u00f3s est\u00e9k ut\u00e1n is. A laptopot haszn\u00e1lsz, de a monitorja nem az igazi? Dobj r\u00e1 egy t\u00fckr\u00f6z\u0151d\u00e9scs\u00f6kkent\u0151 \u00e9s k\u00e9kf\u00e9ny sz\u0171r\u0151 kijelz\u0151v\u00e9d\u0151t! Online jelenl\u00e9t Online \u00f3r\u00e1k, csoportos projektek vagy k\u00f6z\u00f6s besz\u00e9lget\u00e9s a bar\u00e1tokkal \u2013 egy j\u00f3 webkamera elengedhetetlen a modern tanul\u00e1shoz \u00e9s kommunik\u00e1ci\u00f3hoz. V\u00e1lassz olyat, &#8230;","protected":false},"author":36,"featured_media":21777,"comment_status":"open","ping_status":"open","sticky":false,"template":"","format":"standard","meta":{"wprm-recipe-roundup-name":"","wprm-recipe-roundup-description":"","footnotes":""},"categories":[1],"tags":[6049,2214],"yoast_head":"<!-- This site is optimized with the Yoast SEO plugin v22.9 - https:\/\/yoast.com\/wordpress\/plugins\/seo\/ -->\n<title>Okosk\u00fcty\u00fck, amikkel feldobhatod a tanul\u00e1st! - MediaMarkt Magazin<\/title>\n<meta name=\"description\" content=\"Okosk\u00fcty\u00fck a tan\u00e9vkezd\u00e9shez. Jegyzetelj digit\u00e1lisan, tanulj rugalmasan, maradj szervezett, olvass b\u00e1rhol, \u00e9s \u00f3vd a szemed!\" \/>\n<meta name=\"robots\" content=\"index, follow, max-snippet:-1, max-image-preview:large, max-video-preview:-1\" \/>\n<link rel=\"canonical\" href=\"https:\/\/hir.mediamarkt.hu\/magazin\/okoskutyuk-amikkel-feldobhatod-a-tanulast\/\" \/>\n<meta property=\"og:locale\" content=\"hu_HU\" \/>\n<meta property=\"og:type\" content=\"article\" \/>\n<meta property=\"og:title\" content=\"Okosk\u00fcty\u00fck, amikkel feldobhatod a tanul\u00e1st! - MediaMarkt Magazin\" \/>\n<meta property=\"og:description\" content=\"Okosk\u00fcty\u00fck a tan\u00e9vkezd\u00e9shez. Jegyzetelj digit\u00e1lisan, tanulj rugalmasan, maradj szervezett, olvass b\u00e1rhol, \u00e9s \u00f3vd a szemed!\" \/>\n<meta property=\"og:url\" content=\"https:\/\/hir.mediamarkt.hu\/magazin\/okoskutyuk-amikkel-feldobhatod-a-tanulast\/\" \/>\n<meta property=\"og:site_name\" content=\"MediaMarkt Magazin\" \/>\n<meta property=\"article:publisher\" content=\"https:\/\/www.facebook.com\/MediaMarktMagyarorszag\" \/>\n<meta property=\"article:published_time\" content=\"2024-08-30T16:12:44+00:00\" \/>\n<meta property=\"article:modified_time\" content=\"2024-08-30T16:12:46+00:00\" \/>\n<meta property=\"og:image\" content=\"https:\/\/hir.mediamarkt.hu\/magazin\/wp-content\/uploads\/2024\/08\/milyen-okoskutyukkel-dobd-fel-a-tanulast.jpg\" \/>\n\t<meta property=\"og:image:width\" content=\"600\" \/>\n\t<meta property=\"og:image:height\" content=\"405\" \/>\n\t<meta property=\"og:image:type\" content=\"image\/jpeg\" \/>\n<meta name=\"author\" content=\"RP\" \/>\n<meta name=\"twitter:label1\" content=\"Szerz\u0151:\" \/>\n\t<meta name=\"twitter:data1\" content=\"RP\" \/>\n\t<meta name=\"twitter:label2\" content=\"Becs\u00fclt olvas\u00e1si id\u0151\" \/>\n\t<meta name=\"twitter:data2\" content=\"4 perc\" \/>\n<script type=\"application\/ld+json\" class=\"yoast-schema-graph\">{\"@context\":\"https:\/\/schema.org\",\"@graph\":[{\"@type\":\"WebPage\",\"@id\":\"https:\/\/hir.mediamarkt.hu\/magazin\/okoskutyuk-amikkel-feldobhatod-a-tanulast\/\",\"url\":\"https:\/\/hir.mediamarkt.hu\/magazin\/okoskutyuk-amikkel-feldobhatod-a-tanulast\/\",\"name\":\"Okosk\u00fcty\u00fck, amikkel feldobhatod a tanul\u00e1st! - MediaMarkt Magazin\",\"isPartOf\":{\"@id\":\"https:\/\/hir.mediamarkt.hu\/magazin\/#website\"},\"primaryImageOfPage\":{\"@id\":\"https:\/\/hir.mediamarkt.hu\/magazin\/okoskutyuk-amikkel-feldobhatod-a-tanulast\/#primaryimage\"},\"image\":{\"@id\":\"https:\/\/hir.mediamarkt.hu\/magazin\/okoskutyuk-amikkel-feldobhatod-a-tanulast\/#primaryimage\"},\"thumbnailUrl\":\"https:\/\/hir.mediamarkt.hu\/magazin\/wp-content\/uploads\/2024\/08\/milyen-okoskutyukkel-dobd-fel-a-tanulast.jpg\",\"datePublished\":\"2024-08-30T16:12:44+00:00\",\"dateModified\":\"2024-08-30T16:12:46+00:00\",\"author\":{\"@id\":\"https:\/\/hir.mediamarkt.hu\/magazin\/#\/schema\/person\/711246928a6c0cb5f464f817a6519bd6\"},\"description\":\"Okosk\u00fcty\u00fck a tan\u00e9vkezd\u00e9shez. Jegyzetelj digit\u00e1lisan, tanulj rugalmasan, maradj szervezett, olvass b\u00e1rhol, \u00e9s \u00f3vd a szemed!\",\"breadcrumb\":{\"@id\":\"https:\/\/hir.mediamarkt.hu\/magazin\/okoskutyuk-amikkel-feldobhatod-a-tanulast\/#breadcrumb\"},\"inLanguage\":\"hu\",\"potentialAction\":[{\"@type\":\"ReadAction\",\"target\":[\"https:\/\/hir.mediamarkt.hu\/magazin\/okoskutyuk-amikkel-feldobhatod-a-tanulast\/\"]}]},{\"@type\":\"ImageObject\",\"inLanguage\":\"hu\",\"@id\":\"https:\/\/hir.mediamarkt.hu\/magazin\/okoskutyuk-amikkel-feldobhatod-a-tanulast\/#primaryimage\",\"url\":\"https:\/\/hir.mediamarkt.hu\/magazin\/wp-content\/uploads\/2024\/08\/milyen-okoskutyukkel-dobd-fel-a-tanulast.jpg\",\"contentUrl\":\"https:\/\/hir.mediamarkt.hu\/magazin\/wp-content\/uploads\/2024\/08\/milyen-okoskutyukkel-dobd-fel-a-tanulast.jpg\",\"width\":600,\"height\":405},{\"@type\":\"BreadcrumbList\",\"@id\":\"https:\/\/hir.mediamarkt.hu\/magazin\/okoskutyuk-amikkel-feldobhatod-a-tanulast\/#breadcrumb\",\"itemListElement\":[{\"@type\":\"ListItem\",\"position\":1,\"name\":\"Kezd\u0151lap\",\"item\":\"https:\/\/hir.mediamarkt.hu\/magazin\/\"},{\"@type\":\"ListItem\",\"position\":2,\"name\":\"Egy\u00e9b\",\"item\":\"https:\/\/hir.mediamarkt.hu\/magazin\/egyeb\/\"},{\"@type\":\"ListItem\",\"position\":3,\"name\":\"Okosk\u00fcty\u00fck, amikkel feldobhatod a tanul\u00e1st!\"}]},{\"@type\":\"WebSite\",\"@id\":\"https:\/\/hir.mediamarkt.hu\/magazin\/#website\",\"url\":\"https:\/\/hir.mediamarkt.hu\/magazin\/\",\"name\":\"MediaMarkt Magazin\",\"description\":\"Olvass bele magazinunkba!\",\"potentialAction\":[{\"@type\":\"SearchAction\",\"target\":{\"@type\":\"EntryPoint\",\"urlTemplate\":\"https:\/\/hir.mediamarkt.hu\/magazin\/?s={search_term_string}\"},\"query-input\":\"required name=search_term_string\"}],\"inLanguage\":\"hu\"},{\"@type\":\"Person\",\"@id\":\"https:\/\/hir.mediamarkt.hu\/magazin\/#\/schema\/person\/711246928a6c0cb5f464f817a6519bd6\",\"name\":\"RP\",\"image\":{\"@type\":\"ImageObject\",\"inLanguage\":\"hu\",\"@id\":\"https:\/\/hir.mediamarkt.hu\/magazin\/#\/schema\/person\/image\/\",\"url\":\"https:\/\/secure.gravatar.com\/avatar\/488039740d5698a5dcd0b8249c9e4cfb?s=96&d=mm&r=g\",\"contentUrl\":\"https:\/\/secure.gravatar.com\/avatar\/488039740d5698a5dcd0b8249c9e4cfb?s=96&d=mm&r=g\",\"caption\":\"RP\"}}]}<\/script>\n<!-- \/ Yoast SEO plugin. -->","yoast_head_json":{"title":"Okosk\u00fcty\u00fck, amikkel feldobhatod a tanul\u00e1st! - MediaMarkt Magazin","description":"Okosk\u00fcty\u00fck a tan\u00e9vkezd\u00e9shez. Jegyzetelj digit\u00e1lisan, tanulj rugalmasan, maradj szervezett, olvass b\u00e1rhol, \u00e9s \u00f3vd a szemed!","robots":{"index":"index","follow":"follow","max-snippet":"max-snippet:-1","max-image-preview":"max-image-preview:large","max-video-preview":"max-video-preview:-1"},"canonical":"https:\/\/hir.mediamarkt.hu\/magazin\/okoskutyuk-amikkel-feldobhatod-a-tanulast\/","og_locale":"hu_HU","og_type":"article","og_title":"Okosk\u00fcty\u00fck, amikkel feldobhatod a tanul\u00e1st! - MediaMarkt Magazin","og_description":"Okosk\u00fcty\u00fck a tan\u00e9vkezd\u00e9shez. Jegyzetelj digit\u00e1lisan, tanulj rugalmasan, maradj szervezett, olvass b\u00e1rhol, \u00e9s \u00f3vd a szemed!","og_url":"https:\/\/hir.mediamarkt.hu\/magazin\/okoskutyuk-amikkel-feldobhatod-a-tanulast\/","og_site_name":"MediaMarkt Magazin","article_publisher":"https:\/\/www.facebook.com\/MediaMarktMagyarorszag","article_published_time":"2024-08-30T16:12:44+00:00","article_modified_time":"2024-08-30T16:12:46+00:00","og_image":[{"width":600,"height":405,"url":"https:\/\/hir.mediamarkt.hu\/magazin\/wp-content\/uploads\/2024\/08\/milyen-okoskutyukkel-dobd-fel-a-tanulast.jpg","type":"image\/jpeg"}],"author":"RP","twitter_misc":{"Szerz\u0151:":"RP","Becs\u00fclt olvas\u00e1si id\u0151":"4 perc"},"schema":{"@context":"https:\/\/schema.org","@graph":[{"@type":"WebPage","@id":"https:\/\/hir.mediamarkt.hu\/magazin\/okoskutyuk-amikkel-feldobhatod-a-tanulast\/","url":"https:\/\/hir.mediamarkt.hu\/magazin\/okoskutyuk-amikkel-feldobhatod-a-tanulast\/","name":"Okosk\u00fcty\u00fck, amikkel feldobhatod a tanul\u00e1st! - MediaMarkt Magazin","isPartOf":{"@id":"https:\/\/hir.mediamarkt.hu\/magazin\/#website"},"primaryImageOfPage":{"@id":"https:\/\/hir.mediamarkt.hu\/magazin\/okoskutyuk-amikkel-feldobhatod-a-tanulast\/#primaryimage"},"image":{"@id":"https:\/\/hir.mediamarkt.hu\/magazin\/okoskutyuk-amikkel-feldobhatod-a-tanulast\/#primaryimage"},"thumbnailUrl":"https:\/\/hir.mediamarkt.hu\/magazin\/wp-content\/uploads\/2024\/08\/milyen-okoskutyukkel-dobd-fel-a-tanulast.jpg","datePublished":"2024-08-30T16:12:44+00:00","dateModified":"2024-08-30T16:12:46+00:00","author":{"@id":"https:\/\/hir.mediamarkt.hu\/magazin\/#\/schema\/person\/711246928a6c0cb5f464f817a6519bd6"},"description":"Okosk\u00fcty\u00fck a tan\u00e9vkezd\u00e9shez. Jegyzetelj digit\u00e1lisan, tanulj rugalmasan, maradj szervezett, olvass b\u00e1rhol, \u00e9s \u00f3vd a szemed!","breadcrumb":{"@id":"https:\/\/hir.mediamarkt.hu\/magazin\/okoskutyuk-amikkel-feldobhatod-a-tanulast\/#breadcrumb"},"inLanguage":"hu","potentialAction":[{"@type":"ReadAction","target":["https:\/\/hir.mediamarkt.hu\/magazin\/okoskutyuk-amikkel-feldobhatod-a-tanulast\/"]}]},{"@type":"ImageObject","inLanguage":"hu","@id":"https:\/\/hir.mediamarkt.hu\/magazin\/okoskutyuk-amikkel-feldobhatod-a-tanulast\/#primaryimage","url":"https:\/\/hir.mediamarkt.hu\/magazin\/wp-content\/uploads\/2024\/08\/milyen-okoskutyukkel-dobd-fel-a-tanulast.jpg","contentUrl":"https:\/\/hir.mediamarkt.hu\/magazin\/wp-content\/uploads\/2024\/08\/milyen-okoskutyukkel-dobd-fel-a-tanulast.jpg","width":600,"height":405},{"@type":"BreadcrumbList","@id":"https:\/\/hir.mediamarkt.hu\/magazin\/okoskutyuk-amikkel-feldobhatod-a-tanulast\/#breadcrumb","itemListElement":[{"@type":"ListItem","position":1,"name":"Kezd\u0151lap","item":"https:\/\/hir.mediamarkt.hu\/magazin\/"},{"@type":"ListItem","position":2,"name":"Egy\u00e9b","item":"https:\/\/hir.mediamarkt.hu\/magazin\/egyeb\/"},{"@type":"ListItem","position":3,"name":"Okosk\u00fcty\u00fck, amikkel feldobhatod a tanul\u00e1st!"}]},{"@type":"WebSite","@id":"https:\/\/hir.mediamarkt.hu\/magazin\/#website","url":"https:\/\/hir.mediamarkt.hu\/magazin\/","name":"MediaMarkt Magazin","description":"Olvass bele magazinunkba!","potentialAction":[{"@type":"SearchAction","target":{"@type":"EntryPoint","urlTemplate":"https:\/\/hir.mediamarkt.hu\/magazin\/?s={search_term_string}"},"query-input":"required name=search_term_string"}],"inLanguage":"hu"},{"@type":"Person","@id":"https:\/\/hir.mediamarkt.hu\/magazin\/#\/schema\/person\/711246928a6c0cb5f464f817a6519bd6","name":"RP","image":{"@type":"ImageObject","inLanguage":"hu","@id":"https:\/\/hir.mediamarkt.hu\/magazin\/#\/schema\/person\/image\/","url":"https:\/\/secure.gravatar.com\/avatar\/488039740d5698a5dcd0b8249c9e4cfb?s=96&d=mm&r=g","contentUrl":"https:\/\/secure.gravatar.com\/avatar\/488039740d5698a5dcd0b8249c9e4cfb?s=96&d=mm&r=g","caption":"RP"}}]}},"_links":{"self":[{"href":"https:\/\/hir.mediamarkt.hu\/magazin\/wp-json\/wp\/v2\/posts\/21340"}],"collection":[{"href":"https:\/\/hir.mediamarkt.hu\/magazin\/wp-json\/wp\/v2\/posts"}],"about":[{"href":"https:\/\/hir.mediamarkt.hu\/magazin\/wp-json\/wp\/v2\/types\/post"}],"author":[{"embeddable":true,"href":"https:\/\/hir.mediamarkt.hu\/magazin\/wp-json\/wp\/v2\/users\/36"}],"replies":[{"embeddable":true,"href":"https:\/\/hir.mediamarkt.hu\/magazin\/wp-json\/wp\/v2\/comments?post=21340"}],"version-history":[{"count":7,"href":"https:\/\/hir.mediamarkt.hu\/magazin\/wp-json\/wp\/v2\/posts\/21340\/revisions"}],"predecessor-version":[{"id":21776,"href":"https:\/\/hir.mediamarkt.hu\/magazin\/wp-json\/wp\/v2\/posts\/21340\/revisions\/21776"}],"wp:featuredmedia":[{"embeddable":true,"href":"https:\/\/hir.mediamarkt.hu\/magazin\/wp-json\/wp\/v2\/media\/21777"}],"wp:attachment":[{"href":"https:\/\/hir.mediamarkt.hu\/magazin\/wp-json\/wp\/v2\/media?parent=21340"}],"wp:term":[{"taxonomy":"category","embeddable":true,"href":"https:\/\/hir.mediamarkt.hu\/magazin\/wp-json\/wp\/v2\/categories?post=21340"},{"taxonomy":"post_tag","embeddable":true,"href":"https:\/\/hir.mediamarkt.hu\/magazin\/wp-json\/wp\/v2\/tags?post=21340"}],"curies":[{"name":"wp","href":"https:\/\/api.w.org\/{rel}","templated":true}]}}