{"id":21350,"date":"2024-08-13T08:59:05","date_gmt":"2024-08-13T07:59:05","guid":{"rendered":"https:\/\/hir.mediamarkt.hu\/magazin\/?p=21350"},"modified":"2024-08-28T13:05:02","modified_gmt":"2024-08-28T12:05:02","slug":"samsung-galaxy-buds3-es-buds3-pro-headset-teszt","status":"publish","type":"post","link":"https:\/\/hir.mediamarkt.hu\/magazin\/samsung-galaxy-buds3-es-buds3-pro-headset-teszt\/","title":{"rendered":"Samsung Galaxy Buds3 \u00e9s Buds3 Pro headset teszt"},"content":{"rendered":"\n<p>Sohasem volt m\u00e9g akkora \u00e1talakul\u00e1s a Samsung f\u00fclhallgat\u00f3k vil\u00e1g\u00e1ban, mint amit a Galaxy Buds3 sz\u00e9ria megjelen\u00e9se hozott. De vajon mit\u0151l olyan k\u00fcl\u00f6nlegesek az \u00faj Galaxy Buds3 \u00e9s Galaxy Buds3 Pro modellek? <\/p>\n\n\n\n<p>Ebben a cikkben egym\u00e1ssal p\u00e1rhuzamosan tesztelt\u00fck a 2 eszk\u00f6zt hogy kider\u00fclj\u00f6n, val\u00f3ban siker\u00fclt-e a Samsungnak fel\u00fclm\u00falni \u00f6nmag\u00e1t, \u00e9s melyik modell \u00e9rdemli meg a hely\u00e9t a f\u00fclekben, melyik eszk\u00f6z hozza el a legjobb hang\u00e9lm\u00e9nyt \u00e9s felhaszn\u00e1l\u00f3i \u00e9lm\u00e9nyt!<\/p>\n\n\n\n<figure class=\"wp-block-image size-large is-resized\"><img loading=\"lazy\" decoding=\"async\" width=\"984\" height=\"738\" src=\"https:\/\/hir.mediamarkt.hu\/magazin\/wp-content\/uploads\/2024\/08\/samsung-buds3-pro-teszt-6-edited.jpg\" alt=\"\" class=\"wp-image-21385\" style=\"width:840px;height:auto\" srcset=\"https:\/\/hir.mediamarkt.hu\/magazin\/wp-content\/uploads\/2024\/08\/samsung-buds3-pro-teszt-6-edited.jpg 984w, https:\/\/hir.mediamarkt.hu\/magazin\/wp-content\/uploads\/2024\/08\/samsung-buds3-pro-teszt-6-edited-250x188.jpg 250w, https:\/\/hir.mediamarkt.hu\/magazin\/wp-content\/uploads\/2024\/08\/samsung-buds3-pro-teszt-6-edited-700x525.jpg 700w, https:\/\/hir.mediamarkt.hu\/magazin\/wp-content\/uploads\/2024\/08\/samsung-buds3-pro-teszt-6-edited-275x206.jpg 275w, https:\/\/hir.mediamarkt.hu\/magazin\/wp-content\/uploads\/2024\/08\/samsung-buds3-pro-teszt-6-edited-768x576.jpg 768w, https:\/\/hir.mediamarkt.hu\/magazin\/wp-content\/uploads\/2024\/08\/samsung-buds3-pro-teszt-6-edited-120x90.jpg 120w, https:\/\/hir.mediamarkt.hu\/magazin\/wp-content\/uploads\/2024\/08\/samsung-buds3-pro-teszt-6-edited-500x375.jpg 500w\" sizes=\"(max-width: 984px) 100vw, 984px\" \/><\/figure>\n\n\n\n<h2 class=\"wp-block-heading\">Sz\u00e1rat n\u00f6vesztett f\u00fclhallgat\u00f3k<\/h2>\n\n\n\n<p>A Samsung Galaxy Buds f\u00fclhallgat\u00f3i eddig sz\u00e1r n\u00e9lk\u00fcli, bogy\u00f3s kialak\u00edt\u00e1s\u00faak voltak, apr\u00f3 eszk\u00f6z\u00f6k, amelyek szinte \u00e9szrev\u00e9tlen\u00fcl illeszkedtek a f\u00fclkagyl\u00f3ba.<\/p>\n\n\n\n<p>Az \u00faj Galaxy Buds3 sz\u00e9ria viszont teljesen \u00faj ir\u00e1nyt vett: mindk\u00e9t modell sz\u00e1rat kapott, ami sz\u00e1mos el\u0151nyt k\u00edn\u00e1l. A nagyobb hely lehet\u0151v\u00e9 teszi a jobb \u00fczemid\u0151t \u00e9s a kiv\u00e1l\u00f3bb hangz\u00e1st, \u00edgy m\u00e9g jobb felhaszn\u00e1l\u00f3i \u00e9lm\u00e9nyt ny\u00fajtanak.<\/p>\n\n\n\n<p>A sz\u00fcrke t\u00f6lt\u0151tok nem t\u00fal nagy, de az igaz\u00e1n egyedi megold\u00e1sa <strong>az \u00e1tl\u00e1tsz\u00f3 fedlap<\/strong>. Ennek k\u00f6sz\u00f6nhet\u0151en an\u00e9lk\u00fcl is r\u00e1n\u00e9zhet\u00fcnk, hogy ki kellene nyitnunk, \u00edgy egy pillant\u00e1ssal ellen\u0151rizhetj\u00fck, hogy a f\u00fclhallgat\u00f3k a hely\u00fck\u00f6n vannak-e.<\/p>\n\n\n\n<figure class=\"wp-block-image size-large\"><img loading=\"lazy\" decoding=\"async\" width=\"656\" height=\"492\" src=\"https:\/\/hir.mediamarkt.hu\/magazin\/wp-content\/uploads\/2024\/08\/samsung-buds3-pro-teszt-1-edited.jpg\" alt=\"\" class=\"wp-image-21388\" srcset=\"https:\/\/hir.mediamarkt.hu\/magazin\/wp-content\/uploads\/2024\/08\/samsung-buds3-pro-teszt-1-edited.jpg 656w, https:\/\/hir.mediamarkt.hu\/magazin\/wp-content\/uploads\/2024\/08\/samsung-buds3-pro-teszt-1-edited-250x188.jpg 250w, https:\/\/hir.mediamarkt.hu\/magazin\/wp-content\/uploads\/2024\/08\/samsung-buds3-pro-teszt-1-edited-275x206.jpg 275w, https:\/\/hir.mediamarkt.hu\/magazin\/wp-content\/uploads\/2024\/08\/samsung-buds3-pro-teszt-1-edited-120x90.jpg 120w, https:\/\/hir.mediamarkt.hu\/magazin\/wp-content\/uploads\/2024\/08\/samsung-buds3-pro-teszt-1-edited-500x375.jpg 500w\" sizes=\"(max-width: 656px) 100vw, 656px\" \/><\/figure>\n\n\n\n<figure class=\"wp-block-gallery has-nested-images columns-default is-cropped wp-block-gallery-2 is-layout-flex wp-block-gallery-is-layout-flex\">\n<figure class=\"wp-block-image size-large\"><img loading=\"lazy\" decoding=\"async\" width=\"816\" height=\"612\" data-id=\"21387\" src=\"https:\/\/hir.mediamarkt.hu\/magazin\/wp-content\/uploads\/2024\/08\/samsung-buds3-pro-teszt-2-edited.jpg\" alt=\"\" class=\"wp-image-21387\" srcset=\"https:\/\/hir.mediamarkt.hu\/magazin\/wp-content\/uploads\/2024\/08\/samsung-buds3-pro-teszt-2-edited.jpg 816w, https:\/\/hir.mediamarkt.hu\/magazin\/wp-content\/uploads\/2024\/08\/samsung-buds3-pro-teszt-2-edited-250x188.jpg 250w, https:\/\/hir.mediamarkt.hu\/magazin\/wp-content\/uploads\/2024\/08\/samsung-buds3-pro-teszt-2-edited-700x525.jpg 700w, https:\/\/hir.mediamarkt.hu\/magazin\/wp-content\/uploads\/2024\/08\/samsung-buds3-pro-teszt-2-edited-275x206.jpg 275w, https:\/\/hir.mediamarkt.hu\/magazin\/wp-content\/uploads\/2024\/08\/samsung-buds3-pro-teszt-2-edited-768x576.jpg 768w, https:\/\/hir.mediamarkt.hu\/magazin\/wp-content\/uploads\/2024\/08\/samsung-buds3-pro-teszt-2-edited-120x90.jpg 120w, https:\/\/hir.mediamarkt.hu\/magazin\/wp-content\/uploads\/2024\/08\/samsung-buds3-pro-teszt-2-edited-500x375.jpg 500w\" sizes=\"(max-width: 816px) 100vw, 816px\" \/><\/figure>\n\n\n\n<figure class=\"wp-block-image size-large\"><img loading=\"lazy\" decoding=\"async\" width=\"896\" height=\"672\" data-id=\"21389\" src=\"https:\/\/hir.mediamarkt.hu\/magazin\/wp-content\/uploads\/2024\/08\/samsung-buds3-pro-teszt-5-edited.jpg\" alt=\"\" class=\"wp-image-21389\" srcset=\"https:\/\/hir.mediamarkt.hu\/magazin\/wp-content\/uploads\/2024\/08\/samsung-buds3-pro-teszt-5-edited.jpg 896w, https:\/\/hir.mediamarkt.hu\/magazin\/wp-content\/uploads\/2024\/08\/samsung-buds3-pro-teszt-5-edited-250x188.jpg 250w, https:\/\/hir.mediamarkt.hu\/magazin\/wp-content\/uploads\/2024\/08\/samsung-buds3-pro-teszt-5-edited-700x525.jpg 700w, https:\/\/hir.mediamarkt.hu\/magazin\/wp-content\/uploads\/2024\/08\/samsung-buds3-pro-teszt-5-edited-275x206.jpg 275w, https:\/\/hir.mediamarkt.hu\/magazin\/wp-content\/uploads\/2024\/08\/samsung-buds3-pro-teszt-5-edited-768x576.jpg 768w, https:\/\/hir.mediamarkt.hu\/magazin\/wp-content\/uploads\/2024\/08\/samsung-buds3-pro-teszt-5-edited-120x90.jpg 120w, https:\/\/hir.mediamarkt.hu\/magazin\/wp-content\/uploads\/2024\/08\/samsung-buds3-pro-teszt-5-edited-500x375.jpg 500w\" sizes=\"(max-width: 896px) 100vw, 896px\" \/><\/figure>\n\n\n\n<figure class=\"wp-block-image size-large\"><img loading=\"lazy\" decoding=\"async\" width=\"801\" height=\"601\" data-id=\"21531\" src=\"https:\/\/hir.mediamarkt.hu\/magazin\/wp-content\/uploads\/2024\/08\/samsung-buds3-pro-teszt-4-edited-1.jpg\" alt=\"Galaxy pro nyitott tokban nagy\u00edtva\" class=\"wp-image-21531\" srcset=\"https:\/\/hir.mediamarkt.hu\/magazin\/wp-content\/uploads\/2024\/08\/samsung-buds3-pro-teszt-4-edited-1.jpg 801w, https:\/\/hir.mediamarkt.hu\/magazin\/wp-content\/uploads\/2024\/08\/samsung-buds3-pro-teszt-4-edited-1-250x188.jpg 250w, https:\/\/hir.mediamarkt.hu\/magazin\/wp-content\/uploads\/2024\/08\/samsung-buds3-pro-teszt-4-edited-1-700x525.jpg 700w, https:\/\/hir.mediamarkt.hu\/magazin\/wp-content\/uploads\/2024\/08\/samsung-buds3-pro-teszt-4-edited-1-275x206.jpg 275w, https:\/\/hir.mediamarkt.hu\/magazin\/wp-content\/uploads\/2024\/08\/samsung-buds3-pro-teszt-4-edited-1-768x576.jpg 768w, https:\/\/hir.mediamarkt.hu\/magazin\/wp-content\/uploads\/2024\/08\/samsung-buds3-pro-teszt-4-edited-1-120x90.jpg 120w, https:\/\/hir.mediamarkt.hu\/magazin\/wp-content\/uploads\/2024\/08\/samsung-buds3-pro-teszt-4-edited-1-500x375.jpg 500w\" sizes=\"(max-width: 801px) 100vw, 801px\" \/><\/figure>\n<\/figure>\n\n\n\n<p>A zsebben k\u00f6nnyen elf\u00e9r\u0151 t\u00f6lt\u0151tok azonos m\u00e9retekkel rendelkezik a norm\u00e1l \u00e9s a Pro modell eset\u00e9n is.<\/p>\n\n\n\n<figure class=\"wp-block-gallery has-nested-images columns-default is-cropped wp-block-gallery-3 is-layout-flex wp-block-gallery-is-layout-flex\">\n<figure class=\"wp-block-image size-large\"><img loading=\"lazy\" decoding=\"async\" width=\"774\" height=\"581\" data-id=\"21391\" src=\"https:\/\/hir.mediamarkt.hu\/magazin\/wp-content\/uploads\/2024\/08\/samsung-buds3-teszt-4-edited.jpg\" alt=\"Galaxy pro z\u00e1rt tokban\" class=\"wp-image-21391\" srcset=\"https:\/\/hir.mediamarkt.hu\/magazin\/wp-content\/uploads\/2024\/08\/samsung-buds3-teszt-4-edited.jpg 774w, https:\/\/hir.mediamarkt.hu\/magazin\/wp-content\/uploads\/2024\/08\/samsung-buds3-teszt-4-edited-250x188.jpg 250w, https:\/\/hir.mediamarkt.hu\/magazin\/wp-content\/uploads\/2024\/08\/samsung-buds3-teszt-4-edited-700x525.jpg 700w, https:\/\/hir.mediamarkt.hu\/magazin\/wp-content\/uploads\/2024\/08\/samsung-buds3-teszt-4-edited-275x206.jpg 275w, https:\/\/hir.mediamarkt.hu\/magazin\/wp-content\/uploads\/2024\/08\/samsung-buds3-teszt-4-edited-768x576.jpg 768w, https:\/\/hir.mediamarkt.hu\/magazin\/wp-content\/uploads\/2024\/08\/samsung-buds3-teszt-4-edited-120x90.jpg 120w, https:\/\/hir.mediamarkt.hu\/magazin\/wp-content\/uploads\/2024\/08\/samsung-buds3-teszt-4-edited-500x375.jpg 500w\" sizes=\"(max-width: 774px) 100vw, 774px\" \/><\/figure>\n\n\n\n<figure class=\"wp-block-image size-large\"><img loading=\"lazy\" decoding=\"async\" width=\"700\" height=\"525\" data-id=\"21370\" src=\"https:\/\/hir.mediamarkt.hu\/magazin\/wp-content\/uploads\/2024\/08\/samsung-buds3-teszt-2-700x525.jpg\" alt=\"Galaxy pro nyitott tokban\" class=\"wp-image-21370\" srcset=\"https:\/\/hir.mediamarkt.hu\/magazin\/wp-content\/uploads\/2024\/08\/samsung-buds3-teszt-2-700x525.jpg 700w, https:\/\/hir.mediamarkt.hu\/magazin\/wp-content\/uploads\/2024\/08\/samsung-buds3-teszt-2-250x188.jpg 250w, https:\/\/hir.mediamarkt.hu\/magazin\/wp-content\/uploads\/2024\/08\/samsung-buds3-teszt-2-275x206.jpg 275w, https:\/\/hir.mediamarkt.hu\/magazin\/wp-content\/uploads\/2024\/08\/samsung-buds3-teszt-2-768x576.jpg 768w, https:\/\/hir.mediamarkt.hu\/magazin\/wp-content\/uploads\/2024\/08\/samsung-buds3-teszt-2-120x90.jpg 120w, https:\/\/hir.mediamarkt.hu\/magazin\/wp-content\/uploads\/2024\/08\/samsung-buds3-teszt-2-500x375.jpg 500w, https:\/\/hir.mediamarkt.hu\/magazin\/wp-content\/uploads\/2024\/08\/samsung-buds3-teszt-2.jpg 1200w\" sizes=\"(max-width: 700px) 100vw, 700px\" \/><\/figure>\n\n\n\n<figure class=\"wp-block-image size-large\"><img loading=\"lazy\" decoding=\"async\" width=\"1111\" height=\"833\" data-id=\"21532\" src=\"https:\/\/hir.mediamarkt.hu\/magazin\/wp-content\/uploads\/2024\/08\/samsung-buds3-teszt-3-edited.jpg\" alt=\"Galaxy pro nyitott tokban fel\u00fcln\u00e9zet\" class=\"wp-image-21532\" srcset=\"https:\/\/hir.mediamarkt.hu\/magazin\/wp-content\/uploads\/2024\/08\/samsung-buds3-teszt-3-edited.jpg 1111w, https:\/\/hir.mediamarkt.hu\/magazin\/wp-content\/uploads\/2024\/08\/samsung-buds3-teszt-3-edited-250x187.jpg 250w, https:\/\/hir.mediamarkt.hu\/magazin\/wp-content\/uploads\/2024\/08\/samsung-buds3-teszt-3-edited-700x525.jpg 700w, https:\/\/hir.mediamarkt.hu\/magazin\/wp-content\/uploads\/2024\/08\/samsung-buds3-teszt-3-edited-275x206.jpg 275w, https:\/\/hir.mediamarkt.hu\/magazin\/wp-content\/uploads\/2024\/08\/samsung-buds3-teszt-3-edited-768x576.jpg 768w, https:\/\/hir.mediamarkt.hu\/magazin\/wp-content\/uploads\/2024\/08\/samsung-buds3-teszt-3-edited-120x90.jpg 120w, https:\/\/hir.mediamarkt.hu\/magazin\/wp-content\/uploads\/2024\/08\/samsung-buds3-teszt-3-edited-500x375.jpg 500w\" sizes=\"(max-width: 1111px) 100vw, 1111px\" \/><\/figure>\n\n\n\n<figure class=\"wp-block-image size-large\"><img loading=\"lazy\" decoding=\"async\" width=\"938\" height=\"703\" data-id=\"21392\" src=\"https:\/\/hir.mediamarkt.hu\/magazin\/wp-content\/uploads\/2024\/08\/samsung-buds3-teszt-1-edited.jpg\" alt=\"Galaxy pro  tokban\" class=\"wp-image-21392\" srcset=\"https:\/\/hir.mediamarkt.hu\/magazin\/wp-content\/uploads\/2024\/08\/samsung-buds3-teszt-1-edited.jpg 938w, https:\/\/hir.mediamarkt.hu\/magazin\/wp-content\/uploads\/2024\/08\/samsung-buds3-teszt-1-edited-250x187.jpg 250w, https:\/\/hir.mediamarkt.hu\/magazin\/wp-content\/uploads\/2024\/08\/samsung-buds3-teszt-1-edited-700x525.jpg 700w, https:\/\/hir.mediamarkt.hu\/magazin\/wp-content\/uploads\/2024\/08\/samsung-buds3-teszt-1-edited-275x206.jpg 275w, https:\/\/hir.mediamarkt.hu\/magazin\/wp-content\/uploads\/2024\/08\/samsung-buds3-teszt-1-edited-768x576.jpg 768w, https:\/\/hir.mediamarkt.hu\/magazin\/wp-content\/uploads\/2024\/08\/samsung-buds3-teszt-1-edited-120x90.jpg 120w, https:\/\/hir.mediamarkt.hu\/magazin\/wp-content\/uploads\/2024\/08\/samsung-buds3-teszt-1-edited-500x375.jpg 500w\" sizes=\"(max-width: 938px) 100vw, 938px\" \/><\/figure>\n<\/figure>\n\n\n\n<p>A t\u00f6lt\u0151tok ak\u00e1r 30 \u00f3r\u00e1nyi \u00fczemid\u0151t is biztos\u00edt a f\u00fclhallgat\u00f3knak, b\u00e1r az akt\u00edv zajsz\u0171r\u00e9s (ANC) bekapcsol\u00e1sa eset\u00e9n ez valamivel kevesebb lehet. A tok k\u00f6nnyed\u00e9n felt\u00f6lthet\u0151 a telefon vagy a notebook USB-C t\u00f6lt\u0151j\u00e9vel az alj\u00e1n tal\u00e1lhat\u00f3 porton kereszt\u00fcl. Emellett a h\u00e1toldala Qi-kompatibilis, \u00edgy vezet\u00e9k n\u00e9lk\u00fcli t\u00f6lt\u0151vel is k\u00e9nyelmesen haszn\u00e1lhat\u00f3.<\/p>\n\n\n<div class=\"wp-block-image\">\n<figure class=\"alignleft size-large is-resized\"><img loading=\"lazy\" decoding=\"async\" width=\"789\" height=\"592\" src=\"https:\/\/hir.mediamarkt.hu\/magazin\/wp-content\/uploads\/2024\/08\/samsung-buds3-pro-teszt-3-edited.jpg\" alt=\" Galaxy Buds3  csatlakoz\u00f3\" class=\"wp-image-21393\" style=\"width:839px;height:auto\" srcset=\"https:\/\/hir.mediamarkt.hu\/magazin\/wp-content\/uploads\/2024\/08\/samsung-buds3-pro-teszt-3-edited.jpg 789w, https:\/\/hir.mediamarkt.hu\/magazin\/wp-content\/uploads\/2024\/08\/samsung-buds3-pro-teszt-3-edited-250x188.jpg 250w, https:\/\/hir.mediamarkt.hu\/magazin\/wp-content\/uploads\/2024\/08\/samsung-buds3-pro-teszt-3-edited-700x525.jpg 700w, https:\/\/hir.mediamarkt.hu\/magazin\/wp-content\/uploads\/2024\/08\/samsung-buds3-pro-teszt-3-edited-275x206.jpg 275w, https:\/\/hir.mediamarkt.hu\/magazin\/wp-content\/uploads\/2024\/08\/samsung-buds3-pro-teszt-3-edited-768x576.jpg 768w, https:\/\/hir.mediamarkt.hu\/magazin\/wp-content\/uploads\/2024\/08\/samsung-buds3-pro-teszt-3-edited-120x90.jpg 120w, https:\/\/hir.mediamarkt.hu\/magazin\/wp-content\/uploads\/2024\/08\/samsung-buds3-pro-teszt-3-edited-500x375.jpg 500w\" sizes=\"(max-width: 789px) 100vw, 789px\" \/><\/figure><\/div>\n\n\n<h2 class=\"wp-block-heading\">Egy nyitott, egy z\u00e1rt kialak\u00edt\u00e1s<\/h2>\n\n\n\n<p>A<strong> Galaxy Buds3<\/strong> egy <strong>nyitott, open-fit kialak\u00edt\u00e1st kapott<\/strong>, ami azt jelenti, hogy a f\u00fclhallgat\u00f3 egyszer\u0171en a f\u00fclkagyl\u00f3ban helyezkedik el, \u00e9s azon kereszt\u00fcl hallhat\u00f3k a hangok. Ezzel szemben a Buds3 Pro egy gumiharangos kialak\u00edt\u00e1st k\u00edn\u00e1l, amely jobban kiz\u00e1rja a k\u00fcls\u0151 zajokat \u00e9s jav\u00edtja a hangmin\u0151s\u00e9get. A gumiharang cser\u00e9lhet\u0151, \u00e9s k\u00fcl\u00f6nb\u00f6z\u0151 m\u00e9retek tal\u00e1lhat\u00f3k a csomagban, \u00edgy k\u00f6nnyed\u00e9n szem\u00e9lyre szabhat\u00f3 a k\u00e9nyelmes illeszked\u00e9s \u00e9rdek\u00e9ben.<\/p>\n\n\n\n<p>A <strong>Galaxy Buds3 <\/strong>eset\u00e9ben <strong>egy nyitott, open-fit kialak\u00edt\u00e1sr\u00f3l <\/strong>besz\u00e9lhet\u00fcnk. Ez azt jelenti, hogy a f\u00fclhallgat\u00f3t a f\u00fclkagyl\u00f3ba helyezz\u00fck \u00e9s azon kereszt\u00fcl halljuk a hangokat. A<strong> Buds3 Pro<\/strong> eset\u00e9ben egy <strong>gumiharangos megold\u00e1st<\/strong> k\u00edn\u00e1l a Samsung, ami jobban kiz\u00e1rja a k\u00fcls\u0151 zajokat, jobb hangmin\u0151s\u00e9get k\u00edn\u00e1l. Ez a gumiharang cser\u00e9lhet\u0151, k\u00fcl\u00f6nb\u00f6z\u0151 m\u00e9retek el\u00e9rhet\u0151ek a csomagol\u00e1sban, \u00edgy k\u00f6nnyen a saj\u00e1t ig\u00e9nyekhez alak\u00edthat\u00f3.<\/p>\n\n\n\n<figure class=\"wp-block-gallery has-nested-images columns-default is-cropped wp-block-gallery-4 is-layout-flex wp-block-gallery-is-layout-flex\">\n<figure class=\"wp-block-image size-large\"><img loading=\"lazy\" decoding=\"async\" width=\"822\" height=\"616\" data-id=\"21394\" src=\"https:\/\/hir.mediamarkt.hu\/magazin\/wp-content\/uploads\/2024\/08\/samsung-buds3-teszt-5-edited.jpg\" alt=\" Galaxy Buds3 teny\u00e9rben\" class=\"wp-image-21394\" srcset=\"https:\/\/hir.mediamarkt.hu\/magazin\/wp-content\/uploads\/2024\/08\/samsung-buds3-teszt-5-edited.jpg 822w, https:\/\/hir.mediamarkt.hu\/magazin\/wp-content\/uploads\/2024\/08\/samsung-buds3-teszt-5-edited-250x187.jpg 250w, https:\/\/hir.mediamarkt.hu\/magazin\/wp-content\/uploads\/2024\/08\/samsung-buds3-teszt-5-edited-700x525.jpg 700w, https:\/\/hir.mediamarkt.hu\/magazin\/wp-content\/uploads\/2024\/08\/samsung-buds3-teszt-5-edited-275x206.jpg 275w, https:\/\/hir.mediamarkt.hu\/magazin\/wp-content\/uploads\/2024\/08\/samsung-buds3-teszt-5-edited-768x576.jpg 768w, https:\/\/hir.mediamarkt.hu\/magazin\/wp-content\/uploads\/2024\/08\/samsung-buds3-teszt-5-edited-120x90.jpg 120w, https:\/\/hir.mediamarkt.hu\/magazin\/wp-content\/uploads\/2024\/08\/samsung-buds3-teszt-5-edited-500x375.jpg 500w\" sizes=\"(max-width: 822px) 100vw, 822px\" \/><\/figure>\n\n\n\n<figure class=\"wp-block-image size-large\"><img loading=\"lazy\" decoding=\"async\" width=\"667\" height=\"500\" data-id=\"21395\" src=\"https:\/\/hir.mediamarkt.hu\/magazin\/wp-content\/uploads\/2024\/08\/samsung-buds3-teszt-7-edited.jpg\" alt=\" Galaxy Buds3 jobb f\u00fcles teny\u00e9rben\" class=\"wp-image-21395\" srcset=\"https:\/\/hir.mediamarkt.hu\/magazin\/wp-content\/uploads\/2024\/08\/samsung-buds3-teszt-7-edited.jpg 667w, https:\/\/hir.mediamarkt.hu\/magazin\/wp-content\/uploads\/2024\/08\/samsung-buds3-teszt-7-edited-250x187.jpg 250w, https:\/\/hir.mediamarkt.hu\/magazin\/wp-content\/uploads\/2024\/08\/samsung-buds3-teszt-7-edited-275x206.jpg 275w, https:\/\/hir.mediamarkt.hu\/magazin\/wp-content\/uploads\/2024\/08\/samsung-buds3-teszt-7-edited-120x90.jpg 120w, https:\/\/hir.mediamarkt.hu\/magazin\/wp-content\/uploads\/2024\/08\/samsung-buds3-teszt-7-edited-500x375.jpg 500w\" sizes=\"(max-width: 667px) 100vw, 667px\" \/><\/figure>\n<\/figure>\n\n\n\n<p>\u00c9s ne feledkezz\u00fcnk meg a f\u00fclhallgat\u00f3 sz\u00e1r\u00e1r\u00f3l sem! Ez egy friss \u00fajdons\u00e1g a Samsung rajong\u00f3k sz\u00e1m\u00e1ra, hiszen kor\u00e1bban nem tal\u00e1lkozhattak hasonl\u00f3 megold\u00e1st. B\u00e1r m\u00e1s gy\u00e1rt\u00f3k m\u00e1r r\u00e9g\u00f3ta haszn\u00e1lj\u00e1k ezt a diz\u00e1jnt, most a Samsung m\u00e9rn\u00f6kei is emellett d\u00f6nt\u00f6ttek.<\/p>\n\n\n<div class=\"wp-block-image\">\n<figure class=\"alignleft size-large is-resized\"><img loading=\"lazy\" decoding=\"async\" width=\"619\" height=\"464\" src=\"https:\/\/hir.mediamarkt.hu\/magazin\/wp-content\/uploads\/2024\/08\/samsung-buds3-teszt-6-edited.jpg\" alt=\" Galaxy Buds3 sz\u00e1ra\" class=\"wp-image-21396\" style=\"width:490px;height:auto\" srcset=\"https:\/\/hir.mediamarkt.hu\/magazin\/wp-content\/uploads\/2024\/08\/samsung-buds3-teszt-6-edited.jpg 619w, https:\/\/hir.mediamarkt.hu\/magazin\/wp-content\/uploads\/2024\/08\/samsung-buds3-teszt-6-edited-250x187.jpg 250w, https:\/\/hir.mediamarkt.hu\/magazin\/wp-content\/uploads\/2024\/08\/samsung-buds3-teszt-6-edited-275x206.jpg 275w, https:\/\/hir.mediamarkt.hu\/magazin\/wp-content\/uploads\/2024\/08\/samsung-buds3-teszt-6-edited-120x90.jpg 120w, https:\/\/hir.mediamarkt.hu\/magazin\/wp-content\/uploads\/2024\/08\/samsung-buds3-teszt-6-edited-500x375.jpg 500w\" sizes=\"(max-width: 619px) 100vw, 619px\" \/><\/figure><\/div>\n\n\n<p>A Buds3 sz\u00e9ria nem a m\u00e1shol sokat l\u00e1tott, m\u00e1r megszokott kerek sz\u00e1rat kapta, hanem st\u00edlusos, sz\u00f6gletes sz\u00e1rat kapott, ami nemcsak j\u00f3l n\u00e9z ki, de k\u00e9nyelmes is a k\u00e9zben tartani.<\/p>\n\n\n\n<p>A Buds3 k\u00fcls\u0151 r\u00e9sz\u00e9n egy eleg\u00e1ns fekete cs\u00edk tal\u00e1lhat\u00f3, m\u00edg a Buds3 Pro eset\u00e9ben a sz\u00e1r vil\u00e1g\u00edt\u00f3 feh\u00e9r f\u00e9nyt kapott, ami az eszk\u00f6z akt\u00edv \u00e1llapot\u00e1t jelzi. A Samsung ezt a megold\u00e1st \u201esz\u00e1r f\u00e9ny\u201d n\u00e9ven emlegeti.<\/p>\n\n\n\n<p><\/p>\n\n\n\n<p><strong>A sz\u00e1r lehet\u0151s\u00e9get ny\u00fajt arra, hogy t\u00f6bb, jobb min\u0151s\u00e9g\u0171 hangr\u00f6gz\u00edt\u00e9s \u00e1lljon rendelkez\u00e9sre, ami jobb zajsz\u0171r\u00e9st is biztos\u00edt.<\/strong> \u00d6sszesen 6 darab mikrofon tal\u00e1lhat\u00f3 meg mind a k\u00e9t headseten. A Buds 3 eset\u00e9n ezzel <strong>akt\u00edv zajsz\u0171r\u00e9st haszn\u00e1lhatunk<\/strong>, a Buds3 Pro eset\u00e9n pedig m\u00e1r megjelenik <strong>az adapt\u00edv zajszab\u00e1lyoz\u00e1s,<\/strong> azaz a szir\u00e9na \u00e9szlel\u0151 funkci\u00f3, illetve a zajsz\u0171r\u00e9s is adapt\u00edv m\u00f3don zajlik.<\/p>\n\n\n\n<figure class=\"wp-block-gallery has-nested-images columns-default is-cropped wp-block-gallery-5 is-layout-flex wp-block-gallery-is-layout-flex\">\n<figure class=\"wp-block-image size-large\"><img loading=\"lazy\" decoding=\"async\" width=\"755\" height=\"566\" data-id=\"21397\" src=\"https:\/\/hir.mediamarkt.hu\/magazin\/wp-content\/uploads\/2024\/08\/samsung-buds3-pro-teszt-8-edited.jpg\" alt=\" Galaxy Buds3 oldalr\u00f3l\" class=\"wp-image-21397\" srcset=\"https:\/\/hir.mediamarkt.hu\/magazin\/wp-content\/uploads\/2024\/08\/samsung-buds3-pro-teszt-8-edited.jpg 755w, https:\/\/hir.mediamarkt.hu\/magazin\/wp-content\/uploads\/2024\/08\/samsung-buds3-pro-teszt-8-edited-250x187.jpg 250w, https:\/\/hir.mediamarkt.hu\/magazin\/wp-content\/uploads\/2024\/08\/samsung-buds3-pro-teszt-8-edited-700x525.jpg 700w, https:\/\/hir.mediamarkt.hu\/magazin\/wp-content\/uploads\/2024\/08\/samsung-buds3-pro-teszt-8-edited-275x206.jpg 275w, https:\/\/hir.mediamarkt.hu\/magazin\/wp-content\/uploads\/2024\/08\/samsung-buds3-pro-teszt-8-edited-120x90.jpg 120w, https:\/\/hir.mediamarkt.hu\/magazin\/wp-content\/uploads\/2024\/08\/samsung-buds3-pro-teszt-8-edited-500x375.jpg 500w\" sizes=\"(max-width: 755px) 100vw, 755px\" \/><\/figure>\n\n\n\n<figure class=\"wp-block-image size-large\"><img loading=\"lazy\" decoding=\"async\" width=\"795\" height=\"596\" data-id=\"21398\" src=\"https:\/\/hir.mediamarkt.hu\/magazin\/wp-content\/uploads\/2024\/08\/samsung-buds3-pro-teszt-9-edited.jpg\" alt=\" Galaxy Buds3  dog\u00f3  r\u00e9sz\" class=\"wp-image-21398\" srcset=\"https:\/\/hir.mediamarkt.hu\/magazin\/wp-content\/uploads\/2024\/08\/samsung-buds3-pro-teszt-9-edited.jpg 795w, https:\/\/hir.mediamarkt.hu\/magazin\/wp-content\/uploads\/2024\/08\/samsung-buds3-pro-teszt-9-edited-250x187.jpg 250w, https:\/\/hir.mediamarkt.hu\/magazin\/wp-content\/uploads\/2024\/08\/samsung-buds3-pro-teszt-9-edited-700x525.jpg 700w, https:\/\/hir.mediamarkt.hu\/magazin\/wp-content\/uploads\/2024\/08\/samsung-buds3-pro-teszt-9-edited-275x206.jpg 275w, https:\/\/hir.mediamarkt.hu\/magazin\/wp-content\/uploads\/2024\/08\/samsung-buds3-pro-teszt-9-edited-768x576.jpg 768w, https:\/\/hir.mediamarkt.hu\/magazin\/wp-content\/uploads\/2024\/08\/samsung-buds3-pro-teszt-9-edited-120x90.jpg 120w, https:\/\/hir.mediamarkt.hu\/magazin\/wp-content\/uploads\/2024\/08\/samsung-buds3-pro-teszt-9-edited-500x375.jpg 500w\" sizes=\"(max-width: 795px) 100vw, 795px\" \/><\/figure>\n\n\n\n<figure class=\"wp-block-image size-large\"><img loading=\"lazy\" decoding=\"async\" width=\"526\" height=\"395\" data-id=\"21399\" src=\"https:\/\/hir.mediamarkt.hu\/magazin\/wp-content\/uploads\/2024\/08\/samsung-buds3-pro-teszt-10-edited.jpg\" alt=\" Galaxy Buds3  h\u00e1tilr\u00f3l\" class=\"wp-image-21399\" srcset=\"https:\/\/hir.mediamarkt.hu\/magazin\/wp-content\/uploads\/2024\/08\/samsung-buds3-pro-teszt-10-edited.jpg 526w, https:\/\/hir.mediamarkt.hu\/magazin\/wp-content\/uploads\/2024\/08\/samsung-buds3-pro-teszt-10-edited-250x188.jpg 250w, https:\/\/hir.mediamarkt.hu\/magazin\/wp-content\/uploads\/2024\/08\/samsung-buds3-pro-teszt-10-edited-275x207.jpg 275w, https:\/\/hir.mediamarkt.hu\/magazin\/wp-content\/uploads\/2024\/08\/samsung-buds3-pro-teszt-10-edited-120x90.jpg 120w, https:\/\/hir.mediamarkt.hu\/magazin\/wp-content\/uploads\/2024\/08\/samsung-buds3-pro-teszt-10-edited-500x375.jpg 500w\" sizes=\"(max-width: 526px) 100vw, 526px\" \/><\/figure>\n<\/figure>\n\n\n\n<h3 class=\"wp-block-heading\"><strong>Bek\u00f6lt\u00f6z\u00f6tt a Galaxy Buds3 Pro f\u00fclhallgat\u00f3iba is a mesters\u00e9ges intelligencia \u00e9s a Galaxy AI<\/strong><\/h3>\n\n\n\n<p>ami seg\u00edt az Adapt\u00edv akt\u00edv zajsz\u0171r\u00e9sben. A <strong>hat mikrofon <\/strong>seg\u00edts\u00e9g\u00e9vel<strong> val\u00f3s id\u0151ben elemzi <\/strong>a headset a k\u00fcls\u0151 \u00e9s bels\u0151 hangokat, figyelembe veszi a f\u00fclform\u00e1t \u00e9s a visel\u00e9si szok\u00e1sokat, majd ezeknek megfelel\u0151en alak\u00edtja folyamatosan a hangokat.<\/p>\n\n\n\n<p>A Galaxy Buds3 Pro eset\u00e9n nem csak a mikrofonok zajsz\u0171r\u00e9se teszi fenomen\u00e1liss\u00e1 a zenehallgat\u00e1st, hanem a 2-ir\u00e1ny\u00fa hangsz\u00f3r\u00f3 is, amely \u00edgy m\u00e9g \u00e9l\u00e9nkebb, gazdagabb hangz\u00e1st biztos\u00edt.<\/p>\n\n\n\n<p>Az adapt\u00edv EQ hasonl\u00f3an m\u0171k\u00f6dik, mint a zajsz\u0171r\u00e9s, ez viszont a hangz\u00e1st \u00e1ll\u00edtja folyamatosan, figyelve azt, hogy mit hallgat a felhaszn\u00e1l\u00f3, illetve milyen m\u00f3don teszi azt.<\/p>\n\n\n\n<p>A f\u00fclhallgat\u00f3k d\u00f6nt\u00f6tt oldals\u00f3 sz\u00e1ra \u00e9rint\u00e9s\u00e9rz\u00e9keny fel\u00fclettel rendelkezik, amely a vez\u00e9rl\u00e9st is szolg\u00e1lja. A hanger\u0151 szab\u00e1lyoz\u00e1shoz el\u00e9g v\u00e9gigh\u00fazni az ujjakat, m\u00edg az ujjak \u00f6sszecsippent\u00e9s\u00e9vel a lej\u00e1tsz\u00e1s meg\u00e1ll\u00edthat\u00f3, vagy elind\u00edthat\u00f3 egy be\u00e1ll\u00edtott kedvenc alkalmaz\u00e1s.<\/p>\n\n\n<div class=\"wp-block-image\">\n<figure class=\"alignleft size-large is-resized\"><img loading=\"lazy\" decoding=\"async\" width=\"1008\" height=\"756\" src=\"https:\/\/hir.mediamarkt.hu\/magazin\/wp-content\/uploads\/2024\/08\/samsung-buds3-pro-teszt-12-edited.jpg\" alt=\"Galaxy Buds3f\u00fclben\" class=\"wp-image-21400\" style=\"width:377px;height:auto\" srcset=\"https:\/\/hir.mediamarkt.hu\/magazin\/wp-content\/uploads\/2024\/08\/samsung-buds3-pro-teszt-12-edited.jpg 1008w, https:\/\/hir.mediamarkt.hu\/magazin\/wp-content\/uploads\/2024\/08\/samsung-buds3-pro-teszt-12-edited-250x188.jpg 250w, https:\/\/hir.mediamarkt.hu\/magazin\/wp-content\/uploads\/2024\/08\/samsung-buds3-pro-teszt-12-edited-700x525.jpg 700w, https:\/\/hir.mediamarkt.hu\/magazin\/wp-content\/uploads\/2024\/08\/samsung-buds3-pro-teszt-12-edited-275x206.jpg 275w, https:\/\/hir.mediamarkt.hu\/magazin\/wp-content\/uploads\/2024\/08\/samsung-buds3-pro-teszt-12-edited-768x576.jpg 768w, https:\/\/hir.mediamarkt.hu\/magazin\/wp-content\/uploads\/2024\/08\/samsung-buds3-pro-teszt-12-edited-120x90.jpg 120w, https:\/\/hir.mediamarkt.hu\/magazin\/wp-content\/uploads\/2024\/08\/samsung-buds3-pro-teszt-12-edited-500x375.jpg 500w\" sizes=\"(max-width: 1008px) 100vw, 1008px\" \/><\/figure><\/div>\n\n\n<p>Az Auto Switch funkci\u00f3nak k\u00f6sz\u00f6nhet\u0151en nem kell egy eszk\u00f6zh\u00f6z ragaszkodni, dinamikusan kezel t\u00f6bb hangforr\u00e1st is a Galaxy Buds3 \u00e9s Buds3 Pro.<\/p>\n\n\n\n<p>\u00cdgy p\u00e9ld\u00e1ul ha valaki filmet n\u00e9z a Samsung t\u00e1blag\u00e9p\u00e9n, amit a Buds3-mal hallgat, de k\u00f6zben h\u00edv\u00e1sa \u00e9rkezik a Galaxy telefonj\u00e1n, akkor automatikusan hangforr\u00e1st v\u00e1lt a headset.<\/p>\n\n\n\n<p><\/p>\n\n\n\n<p>Nem sz\u00fcks\u00e9ges kivenni sem m\u00e1r a f\u00fclhallgat\u00f3t az utc\u00e1n besz\u00e9lget\u00e9shez. A<strong> be\u00e9p\u00edtett Hangfelismer\u0151 funkci\u00f3val automatikusan kapcsolja a k\u00f6rnyezeti zajok sz\u0171r\u00e9s\u00e9t \u00e9s a hanger\u0151t<\/strong> a Buds3 sz\u00e9ria, ennek k\u00f6sz\u00f6nhet\u0151en ha megsz\u00f3l\u00edtj\u00e1k az embert az utc\u00e1n, azonnal hallja \u00e9s reag\u00e1lhat arra.<\/p>\n\n\n<div class=\"wp-block-image\">\n<figure class=\"alignleft size-large is-resized\"><img loading=\"lazy\" decoding=\"async\" width=\"702\" height=\"526\" src=\"https:\/\/hir.mediamarkt.hu\/magazin\/wp-content\/uploads\/2024\/08\/samsung-buds3-pro-teszt-11-edited-1.jpg\" alt=\" Galaxy Buds3pro  f\u00fclben\" class=\"wp-image-21535\" style=\"width:374px;height:auto\" srcset=\"https:\/\/hir.mediamarkt.hu\/magazin\/wp-content\/uploads\/2024\/08\/samsung-buds3-pro-teszt-11-edited-1.jpg 702w, https:\/\/hir.mediamarkt.hu\/magazin\/wp-content\/uploads\/2024\/08\/samsung-buds3-pro-teszt-11-edited-1-250x187.jpg 250w, https:\/\/hir.mediamarkt.hu\/magazin\/wp-content\/uploads\/2024\/08\/samsung-buds3-pro-teszt-11-edited-1-700x525.jpg 700w, https:\/\/hir.mediamarkt.hu\/magazin\/wp-content\/uploads\/2024\/08\/samsung-buds3-pro-teszt-11-edited-1-275x206.jpg 275w, https:\/\/hir.mediamarkt.hu\/magazin\/wp-content\/uploads\/2024\/08\/samsung-buds3-pro-teszt-11-edited-1-120x90.jpg 120w, https:\/\/hir.mediamarkt.hu\/magazin\/wp-content\/uploads\/2024\/08\/samsung-buds3-pro-teszt-11-edited-1-500x375.jpg 500w\" sizes=\"(max-width: 702px) 100vw, 702px\" \/><\/figure><\/div>\n\n\n<p>Ugyan\u00edgy nagyon hasznos <strong>biztons\u00e1gi funkci\u00f3 a Riaszt\u00f3 \u00e9s a Szir\u00e9na \u00e9rz\u00e9kel\u0151<\/strong>, hiszen ha ilyen hangokat \u00e9rz\u00e9kel a f\u00fclhallgat\u00f3, akkor azt nem cs\u00f6kkenti, nem sz\u00fcnteti meg, pont az\u00e9rt, hogy a hallgat\u00f3ja \u00e9szlelhesse a vesz\u00e9lyt maga k\u00f6r\u00fcl.<\/p>\n\n\n\n<p>A Galaxy AI val\u00f3di tolm\u00e1csg\u00e9pet csin\u00e1lt a Galaxy Buds3 headsetb\u0151l. <\/p>\n\n\n\n<p><\/p>\n\n\n\n<p>A kompatibilis Galaxy telefonokkal haszn\u00e1lva nem csak hogy \u00edrott verzi\u00f3k\u00e9nt jelenik meg a k\u00e9perny\u0151n az, amit hallunk, hanem azonnal leford\u00edtott \u00e1tirat is k\u00e9sz\u00fclhet bel\u0151le. Sajnos ez a funkci\u00f3 a teszt pillanat\u00e1ban m\u00e9g nem volt el\u00e9rhet\u0151 magyar nyelven, de a Samsung kommunik\u00e1ci\u00f3ja alapj\u00e1n v\u00e1rhat\u00f3 a k\u00f6zeli j\u00f6v\u0151ben a funkci\u00f3 magyar nyelvre kiterjeszt\u00e9se.<\/p>\n\n\n\n<h2 class=\"wp-block-heading\">Nyugalom szigete m\u00f3d<\/h2>\n\n\n\n<p>A Samsung Health alkalmaz\u00e1sban most m\u00e1r megtal\u00e1lod a Calm \u00e1ltal m\u0171k\u00f6dtetett Nyugalom szigete m\u00f3dot is! Ennek k\u00f6sz\u00f6nhet\u0151en a Buds 3 headseteken kereszt\u00fcl olyan nyugtat\u00f3 hangokat \u00e9s dallamokat hallgathatsz, amelyek seg\u00edtenek a koncentr\u00e1ci\u00f3ban, a pihen\u00e9sben vagy a stresszold\u00e1sban. V\u00e1lassz a term\u00e9szet hangjai k\u00f6z\u00fcl, mint az es\u0151 kopog\u00e1sa, a v\u00edzcsobog\u00e1s, a l\u00e1gy szell\u0151, vagy a pattog\u00f3 t\u0171z, \u00e9s ha kedveled az ASMR-tartalmakat, azokat is \u00e9lvezheted!<\/p>\n\n\n\n<p>Egy m\u00e1sik izgalmas \u00fajdons\u00e1g az Auracast funkci\u00f3. Ezzel megoszthatod m\u00e1sokkal, hogy \u00e9ppen mit hallgatsz a Galaxy Buds 3-on, \u00edgy szinte egy mini r\u00e1di\u00f3\u00e1llom\u00e1ss\u00e1 v\u00e1ltozik az eszk\u00f6z\u00f6d. Ehhez csak egy kompatibilis Samsung t\u00e9v\u00e9re, Galaxy telefonra vagy tabletre van sz\u00fcks\u00e9ged.<\/p>\n\n\n\n<p>\u00c9s ha m\u00e1r a kompatibilit\u00e1sn\u00e1l tartunk, ne feledkezz\u00fcnk meg a 360 Audio funkci\u00f3r\u00f3l sem! Ez a funkci\u00f3 t\u00e9rbeli hangz\u00e1st ny\u00fajt a m\u00e9diatartalmakhoz Galaxy telefonon, tableten vagy Samsung t\u00e9v\u00e9n kereszt\u00fcl. A Buds 3 \u00e9s Buds 3 Pro f\u00fclhallgat\u00f3k t\u00f6bbcsatorn\u00e1s, t\u00e9rbeli hangz\u00e1st hoznak l\u00e9tre, \u00edgy igaz\u00e1n mag\u00e1val ragad\u00f3 \u00e9lm\u00e9nyt ny\u00fajtanak filmn\u00e9z\u00e9s k\u00f6zben!<\/p>\n\n\n\n<p>A Galaxy Buds3 <a href=\"https:\/\/www.mediamarkt.hu\/hu\/product\/_samsung-buds3-tws-vezet%C3%A9k-n%C3%A9lk%C3%BCli-f%C3%BClhallgat%C3%B3-mikrofonnal-feh%C3%A9r-sm-r530nzwaeue-1459026.html\" target=\"_blank\" rel=\"noreferrer noopener\">feh\u00e9r<\/a> \u00e9s <a href=\"https:\/\/www.mediamarkt.hu\/hu\/product\/_samsung-buds3-tws-vezet%C3%A9k-n%C3%A9lk%C3%BCli-f%C3%BClhallgat%C3%B3-mikrofonnal-sz%C3%BCrke-sm-r530nzaaeue-1459027.html\" target=\"_blank\" rel=\"noreferrer noopener\">sz\u00fcrke<\/a> sz\u00ednben \u00e9rhet\u0151 el. A Galaxy Buds3 Pro szint\u00e9n megv\u00e1s\u00e1rolhat\u00f3 <a href=\"https:\/\/www.mediamarkt.hu\/hu\/product\/_samsung-buds3-pro-tws-vezet%C3%A9k-n%C3%A9lk%C3%BCli-f%C3%BClhallgat%C3%B3-mikrofonnal-feh%C3%A9r-sm-r630nzwaeue-1459029.html\" target=\"_blank\" rel=\"noreferrer noopener\">feh\u00e9r<\/a> \u00e9s <a href=\"https:\/\/www.mediamarkt.hu\/hu\/product\/_samsung-buds3-pro-tws-vezet%C3%A9k-n%C3%A9lk%C3%BCli-f%C3%BClhallgat%C3%B3-mikrofonnal-sz%C3%BCrke-sm-r630nzaaeue-1459028.html\" target=\"_blank\" rel=\"noreferrer noopener\">sz\u00fcrke<\/a> sz\u00ednben.<\/p>\n\n\n\n<p>Tipp: <\/p>\n\n\n\n<p>Ha \u00e9rdekelnek a leg\u00fajabb Samsung term\u00e9kek, ne hagyd ki m\u00e1s izgalmas \u00fajdons\u00e1gainkat sem! Fedezd fel a vadonat\u00faj <a href=\"https:\/\/hir.mediamarkt.hu\/magazin\/samsung-galaxy-watch-7-es-galaxy-watch-ultra-teszt\/\">Samsung Galaxy Watch 7 okos\u00f3r\u00e1inr\u00f3l k\u00e9sz\u00fclt tesztet,<\/a> amelyek a legmodernebb funkci\u00f3kkal \u00e9s st\u00edlusos kialak\u00edt\u00e1ssal seg\u00edtenek, hogy mindig naprak\u00e9sz legy\u00e9l.  <\/p>\n\n\n\n<p>De \u00e9rdemes elolvasni a forradalmi <a href=\"https:\/\/hir.mediamarkt.hu\/magazin\/samsung-galaxy-z-flip6-teszt-kulonleges-eleterzes\/\">Galaxy Z Flip6<\/a> \u00e9s <a href=\"https:\/\/hir.mediamarkt.hu\/magazin\/samsung-galaxy-z-fold6-teszt-foldobja-a-napod\/\">Z Fold6<\/a> okostelefonjainkr\u00f3l \u00edrt tesztet is, amelyek az innovat\u00edv diz\u00e1jnt \u00e9s a praktikus funkcionalit\u00e1st \u00f6tv\u00f6zik egy k\u00e9sz\u00fcl\u00e9kben, mindezt a hajl\u00edthat\u00f3 kijelz\u0151k \u00e1ltal ny\u00fajtott szabads\u00e1gban \u00e9s \u00e9lm\u00e9nyben!<\/p>\n","protected":false},"excerpt":{"rendered":"A Samsung Galaxy Buds sz\u00e9ria \u00faj szintre l\u00e9pett: forradalmi v\u00e1ltoz\u00e1sok a Galaxy Buds3 \u00e9s Buds3 Pro modellekkel! Mi\u00e9rt? Olvasd el teszt\u00fcnket!","protected":false},"author":34,"featured_media":21603,"comment_status":"open","ping_status":"open","sticky":false,"template":"","format":"standard","meta":{"wprm-recipe-roundup-name":"","wprm-recipe-roundup-description":"","footnotes":""},"categories":[5948,2382],"tags":[279,6037,32],"yoast_head":"<!-- This site is optimized with the Yoast SEO plugin v22.9 - https:\/\/yoast.com\/wordpress\/plugins\/seo\/ -->\n<title>Samsung Galaxy Buds3 \u00e9s Buds3 Pro headset teszt - MediaMarkt Magazin<\/title>\n<meta name=\"description\" content=\"Sohasem volt ekkora v\u00e1ltoz\u00e1s a Samsung f\u00fclhallgat\u00f3in\u00e1l, mint amit a Galaxy Buds 3 sz\u00e9ria hozott. Hogy mi\u00e9rt? Olvasd el teszt\u00fcnket!\" \/>\n<meta name=\"robots\" content=\"index, follow, max-snippet:-1, max-image-preview:large, max-video-preview:-1\" \/>\n<link rel=\"canonical\" href=\"https:\/\/hir.mediamarkt.hu\/magazin\/samsung-galaxy-buds3-es-buds3-pro-headset-teszt\/\" \/>\n<meta property=\"og:locale\" content=\"hu_HU\" \/>\n<meta property=\"og:type\" content=\"article\" \/>\n<meta property=\"og:title\" content=\"Samsung Galaxy Buds3 \u00e9s Buds3 Pro headset teszt - MediaMarkt Magazin\" \/>\n<meta property=\"og:description\" content=\"Sohasem volt ekkora v\u00e1ltoz\u00e1s a Samsung f\u00fclhallgat\u00f3in\u00e1l, mint amit a Galaxy Buds 3 sz\u00e9ria hozott. Hogy mi\u00e9rt? Olvasd el teszt\u00fcnket!\" \/>\n<meta property=\"og:url\" content=\"https:\/\/hir.mediamarkt.hu\/magazin\/samsung-galaxy-buds3-es-buds3-pro-headset-teszt\/\" \/>\n<meta property=\"og:site_name\" content=\"MediaMarkt Magazin\" \/>\n<meta property=\"article:publisher\" content=\"https:\/\/www.facebook.com\/MediaMarktMagyarorszag\" \/>\n<meta property=\"article:published_time\" content=\"2024-08-13T07:59:05+00:00\" \/>\n<meta property=\"article:modified_time\" content=\"2024-08-28T12:05:02+00:00\" \/>\n<meta property=\"og:image\" content=\"https:\/\/hir.mediamarkt.hu\/magazin\/wp-content\/uploads\/2024\/08\/Samsung_Buds3_teszt.png\" \/>\n\t<meta property=\"og:image:width\" content=\"1024\" \/>\n\t<meta property=\"og:image:height\" content=\"619\" \/>\n\t<meta property=\"og:image:type\" content=\"image\/png\" \/>\n<meta name=\"author\" content=\"Kov\u00e1cs \u00c1d\u00e1m\" \/>\n<meta name=\"twitter:label1\" content=\"Szerz\u0151:\" \/>\n\t<meta name=\"twitter:data1\" content=\"Kov\u00e1cs \u00c1d\u00e1m\" \/>\n\t<meta name=\"twitter:label2\" content=\"Becs\u00fclt olvas\u00e1si id\u0151\" \/>\n\t<meta name=\"twitter:data2\" content=\"10 perc\" \/>\n<script type=\"application\/ld+json\" class=\"yoast-schema-graph\">{\"@context\":\"https:\/\/schema.org\",\"@graph\":[{\"@type\":\"WebPage\",\"@id\":\"https:\/\/hir.mediamarkt.hu\/magazin\/samsung-galaxy-buds3-es-buds3-pro-headset-teszt\/\",\"url\":\"https:\/\/hir.mediamarkt.hu\/magazin\/samsung-galaxy-buds3-es-buds3-pro-headset-teszt\/\",\"name\":\"Samsung Galaxy Buds3 \u00e9s Buds3 Pro headset teszt - MediaMarkt Magazin\",\"isPartOf\":{\"@id\":\"https:\/\/hir.mediamarkt.hu\/magazin\/#website\"},\"primaryImageOfPage\":{\"@id\":\"https:\/\/hir.mediamarkt.hu\/magazin\/samsung-galaxy-buds3-es-buds3-pro-headset-teszt\/#primaryimage\"},\"image\":{\"@id\":\"https:\/\/hir.mediamarkt.hu\/magazin\/samsung-galaxy-buds3-es-buds3-pro-headset-teszt\/#primaryimage\"},\"thumbnailUrl\":\"https:\/\/hir.mediamarkt.hu\/magazin\/wp-content\/uploads\/2024\/08\/Samsung_Buds3_teszt.png\",\"datePublished\":\"2024-08-13T07:59:05+00:00\",\"dateModified\":\"2024-08-28T12:05:02+00:00\",\"author\":{\"@id\":\"https:\/\/hir.mediamarkt.hu\/magazin\/#\/schema\/person\/eb6407def37d68930e61b9ccc0d2b12b\"},\"description\":\"Sohasem volt ekkora v\u00e1ltoz\u00e1s a Samsung f\u00fclhallgat\u00f3in\u00e1l, mint amit a Galaxy Buds 3 sz\u00e9ria hozott. Hogy mi\u00e9rt? Olvasd el teszt\u00fcnket!\",\"breadcrumb\":{\"@id\":\"https:\/\/hir.mediamarkt.hu\/magazin\/samsung-galaxy-buds3-es-buds3-pro-headset-teszt\/#breadcrumb\"},\"inLanguage\":\"hu\",\"potentialAction\":[{\"@type\":\"ReadAction\",\"target\":[\"https:\/\/hir.mediamarkt.hu\/magazin\/samsung-galaxy-buds3-es-buds3-pro-headset-teszt\/\"]}]},{\"@type\":\"ImageObject\",\"inLanguage\":\"hu\",\"@id\":\"https:\/\/hir.mediamarkt.hu\/magazin\/samsung-galaxy-buds3-es-buds3-pro-headset-teszt\/#primaryimage\",\"url\":\"https:\/\/hir.mediamarkt.hu\/magazin\/wp-content\/uploads\/2024\/08\/Samsung_Buds3_teszt.png\",\"contentUrl\":\"https:\/\/hir.mediamarkt.hu\/magazin\/wp-content\/uploads\/2024\/08\/Samsung_Buds3_teszt.png\",\"width\":1024,\"height\":619},{\"@type\":\"BreadcrumbList\",\"@id\":\"https:\/\/hir.mediamarkt.hu\/magazin\/samsung-galaxy-buds3-es-buds3-pro-headset-teszt\/#breadcrumb\",\"itemListElement\":[{\"@type\":\"ListItem\",\"position\":1,\"name\":\"Kezd\u0151lap\",\"item\":\"https:\/\/hir.mediamarkt.hu\/magazin\/\"},{\"@type\":\"ListItem\",\"position\":2,\"name\":\"Tesztelt\u00fck\",\"item\":\"https:\/\/hir.mediamarkt.hu\/magazin\/teszteltuk\/\"},{\"@type\":\"ListItem\",\"position\":3,\"name\":\"Samsung Galaxy Buds3 \u00e9s Buds3 Pro headset teszt\"}]},{\"@type\":\"WebSite\",\"@id\":\"https:\/\/hir.mediamarkt.hu\/magazin\/#website\",\"url\":\"https:\/\/hir.mediamarkt.hu\/magazin\/\",\"name\":\"MediaMarkt Magazin\",\"description\":\"Olvass bele magazinunkba!\",\"potentialAction\":[{\"@type\":\"SearchAction\",\"target\":{\"@type\":\"EntryPoint\",\"urlTemplate\":\"https:\/\/hir.mediamarkt.hu\/magazin\/?s={search_term_string}\"},\"query-input\":\"required name=search_term_string\"}],\"inLanguage\":\"hu\"},{\"@type\":\"Person\",\"@id\":\"https:\/\/hir.mediamarkt.hu\/magazin\/#\/schema\/person\/eb6407def37d68930e61b9ccc0d2b12b\",\"name\":\"Kov\u00e1cs \u00c1d\u00e1m\",\"image\":{\"@type\":\"ImageObject\",\"inLanguage\":\"hu\",\"@id\":\"https:\/\/hir.mediamarkt.hu\/magazin\/#\/schema\/person\/image\/\",\"url\":\"https:\/\/secure.gravatar.com\/avatar\/7f17d39fcf146db446aab8f0a0b84bce?s=96&d=mm&r=g\",\"contentUrl\":\"https:\/\/secure.gravatar.com\/avatar\/7f17d39fcf146db446aab8f0a0b84bce?s=96&d=mm&r=g\",\"caption\":\"Kov\u00e1cs \u00c1d\u00e1m\"}}]}<\/script>\n<!-- \/ Yoast SEO plugin. -->","yoast_head_json":{"title":"Samsung Galaxy Buds3 \u00e9s Buds3 Pro headset teszt - MediaMarkt Magazin","description":"Sohasem volt ekkora v\u00e1ltoz\u00e1s a Samsung f\u00fclhallgat\u00f3in\u00e1l, mint amit a Galaxy Buds 3 sz\u00e9ria hozott. Hogy mi\u00e9rt? Olvasd el teszt\u00fcnket!","robots":{"index":"index","follow":"follow","max-snippet":"max-snippet:-1","max-image-preview":"max-image-preview:large","max-video-preview":"max-video-preview:-1"},"canonical":"https:\/\/hir.mediamarkt.hu\/magazin\/samsung-galaxy-buds3-es-buds3-pro-headset-teszt\/","og_locale":"hu_HU","og_type":"article","og_title":"Samsung Galaxy Buds3 \u00e9s Buds3 Pro headset teszt - MediaMarkt Magazin","og_description":"Sohasem volt ekkora v\u00e1ltoz\u00e1s a Samsung f\u00fclhallgat\u00f3in\u00e1l, mint amit a Galaxy Buds 3 sz\u00e9ria hozott. Hogy mi\u00e9rt? Olvasd el teszt\u00fcnket!","og_url":"https:\/\/hir.mediamarkt.hu\/magazin\/samsung-galaxy-buds3-es-buds3-pro-headset-teszt\/","og_site_name":"MediaMarkt Magazin","article_publisher":"https:\/\/www.facebook.com\/MediaMarktMagyarorszag","article_published_time":"2024-08-13T07:59:05+00:00","article_modified_time":"2024-08-28T12:05:02+00:00","og_image":[{"width":1024,"height":619,"url":"https:\/\/hir.mediamarkt.hu\/magazin\/wp-content\/uploads\/2024\/08\/Samsung_Buds3_teszt.png","type":"image\/png"}],"author":"Kov\u00e1cs \u00c1d\u00e1m","twitter_misc":{"Szerz\u0151:":"Kov\u00e1cs \u00c1d\u00e1m","Becs\u00fclt olvas\u00e1si id\u0151":"10 perc"},"schema":{"@context":"https:\/\/schema.org","@graph":[{"@type":"WebPage","@id":"https:\/\/hir.mediamarkt.hu\/magazin\/samsung-galaxy-buds3-es-buds3-pro-headset-teszt\/","url":"https:\/\/hir.mediamarkt.hu\/magazin\/samsung-galaxy-buds3-es-buds3-pro-headset-teszt\/","name":"Samsung Galaxy Buds3 \u00e9s Buds3 Pro headset teszt - MediaMarkt Magazin","isPartOf":{"@id":"https:\/\/hir.mediamarkt.hu\/magazin\/#website"},"primaryImageOfPage":{"@id":"https:\/\/hir.mediamarkt.hu\/magazin\/samsung-galaxy-buds3-es-buds3-pro-headset-teszt\/#primaryimage"},"image":{"@id":"https:\/\/hir.mediamarkt.hu\/magazin\/samsung-galaxy-buds3-es-buds3-pro-headset-teszt\/#primaryimage"},"thumbnailUrl":"https:\/\/hir.mediamarkt.hu\/magazin\/wp-content\/uploads\/2024\/08\/Samsung_Buds3_teszt.png","datePublished":"2024-08-13T07:59:05+00:00","dateModified":"2024-08-28T12:05:02+00:00","author":{"@id":"https:\/\/hir.mediamarkt.hu\/magazin\/#\/schema\/person\/eb6407def37d68930e61b9ccc0d2b12b"},"description":"Sohasem volt ekkora v\u00e1ltoz\u00e1s a Samsung f\u00fclhallgat\u00f3in\u00e1l, mint amit a Galaxy Buds 3 sz\u00e9ria hozott. Hogy mi\u00e9rt? Olvasd el teszt\u00fcnket!","breadcrumb":{"@id":"https:\/\/hir.mediamarkt.hu\/magazin\/samsung-galaxy-buds3-es-buds3-pro-headset-teszt\/#breadcrumb"},"inLanguage":"hu","potentialAction":[{"@type":"ReadAction","target":["https:\/\/hir.mediamarkt.hu\/magazin\/samsung-galaxy-buds3-es-buds3-pro-headset-teszt\/"]}]},{"@type":"ImageObject","inLanguage":"hu","@id":"https:\/\/hir.mediamarkt.hu\/magazin\/samsung-galaxy-buds3-es-buds3-pro-headset-teszt\/#primaryimage","url":"https:\/\/hir.mediamarkt.hu\/magazin\/wp-content\/uploads\/2024\/08\/Samsung_Buds3_teszt.png","contentUrl":"https:\/\/hir.mediamarkt.hu\/magazin\/wp-content\/uploads\/2024\/08\/Samsung_Buds3_teszt.png","width":1024,"height":619},{"@type":"BreadcrumbList","@id":"https:\/\/hir.mediamarkt.hu\/magazin\/samsung-galaxy-buds3-es-buds3-pro-headset-teszt\/#breadcrumb","itemListElement":[{"@type":"ListItem","position":1,"name":"Kezd\u0151lap","item":"https:\/\/hir.mediamarkt.hu\/magazin\/"},{"@type":"ListItem","position":2,"name":"Tesztelt\u00fck","item":"https:\/\/hir.mediamarkt.hu\/magazin\/teszteltuk\/"},{"@type":"ListItem","position":3,"name":"Samsung Galaxy Buds3 \u00e9s Buds3 Pro headset teszt"}]},{"@type":"WebSite","@id":"https:\/\/hir.mediamarkt.hu\/magazin\/#website","url":"https:\/\/hir.mediamarkt.hu\/magazin\/","name":"MediaMarkt Magazin","description":"Olvass bele magazinunkba!","potentialAction":[{"@type":"SearchAction","target":{"@type":"EntryPoint","urlTemplate":"https:\/\/hir.mediamarkt.hu\/magazin\/?s={search_term_string}"},"query-input":"required name=search_term_string"}],"inLanguage":"hu"},{"@type":"Person","@id":"https:\/\/hir.mediamarkt.hu\/magazin\/#\/schema\/person\/eb6407def37d68930e61b9ccc0d2b12b","name":"Kov\u00e1cs \u00c1d\u00e1m","image":{"@type":"ImageObject","inLanguage":"hu","@id":"https:\/\/hir.mediamarkt.hu\/magazin\/#\/schema\/person\/image\/","url":"https:\/\/secure.gravatar.com\/avatar\/7f17d39fcf146db446aab8f0a0b84bce?s=96&d=mm&r=g","contentUrl":"https:\/\/secure.gravatar.com\/avatar\/7f17d39fcf146db446aab8f0a0b84bce?s=96&d=mm&r=g","caption":"Kov\u00e1cs \u00c1d\u00e1m"}}]}},"_links":{"self":[{"href":"https:\/\/hir.mediamarkt.hu\/magazin\/wp-json\/wp\/v2\/posts\/21350"}],"collection":[{"href":"https:\/\/hir.mediamarkt.hu\/magazin\/wp-json\/wp\/v2\/posts"}],"about":[{"href":"https:\/\/hir.mediamarkt.hu\/magazin\/wp-json\/wp\/v2\/types\/post"}],"author":[{"embeddable":true,"href":"https:\/\/hir.mediamarkt.hu\/magazin\/wp-json\/wp\/v2\/users\/34"}],"replies":[{"embeddable":true,"href":"https:\/\/hir.mediamarkt.hu\/magazin\/wp-json\/wp\/v2\/comments?post=21350"}],"version-history":[{"count":9,"href":"https:\/\/hir.mediamarkt.hu\/magazin\/wp-json\/wp\/v2\/posts\/21350\/revisions"}],"predecessor-version":[{"id":21540,"href":"https:\/\/hir.mediamarkt.hu\/magazin\/wp-json\/wp\/v2\/posts\/21350\/revisions\/21540"}],"wp:featuredmedia":[{"embeddable":true,"href":"https:\/\/hir.mediamarkt.hu\/magazin\/wp-json\/wp\/v2\/media\/21603"}],"wp:attachment":[{"href":"https:\/\/hir.mediamarkt.hu\/magazin\/wp-json\/wp\/v2\/media?parent=21350"}],"wp:term":[{"taxonomy":"category","embeddable":true,"href":"https:\/\/hir.mediamarkt.hu\/magazin\/wp-json\/wp\/v2\/categories?post=21350"},{"taxonomy":"post_tag","embeddable":true,"href":"https:\/\/hir.mediamarkt.hu\/magazin\/wp-json\/wp\/v2\/tags?post=21350"}],"curies":[{"name":"wp","href":"https:\/\/api.w.org\/{rel}","templated":true}]}}