{"id":22037,"date":"2024-10-10T16:01:03","date_gmt":"2024-10-10T15:01:03","guid":{"rendered":"https:\/\/hir.mediamarkt.hu\/magazin\/?p=22037"},"modified":"2024-10-10T16:02:03","modified_gmt":"2024-10-10T15:02:03","slug":"kiprobaltuk-a-vilag-legjobb-monitorat-es-most-semmi-masra-nem-tudunk-gondolni","status":"publish","type":"post","link":"https:\/\/hir.mediamarkt.hu\/magazin\/kiprobaltuk-a-vilag-legjobb-monitorat-es-most-semmi-masra-nem-tudunk-gondolni\/","title":{"rendered":"Samsung Odyssey G8 teszt &#8211; kipr\u00f3b\u00e1ltuk a vil\u00e1g egyik legjobb monitor\u00e1t!"},"content":{"rendered":"\n<p><strong>4K, OLED panel, 240 Hz\u2026 pap\u00edron is leny\u0171g\u00f6z\u0151 a Samsung Odyssey G8 t\u00f6k\u00e9letes kontraszttal ell\u00e1tott v\u00e1ltozata, de m\u0171k\u00f6d\u00e9s k\u00f6zben m\u00e9g enn\u00e9l is sokkal t\u00f6bbet ny\u00fajt.<\/strong><\/p>\n\n\n\n<p>K\u00e9p\u00e1tl\u00f3, felbont\u00e1s, panelt\u00edpus, f\u00e9nyer\u0151\u2026 t\u00edz-tizen\u00f6t \u00e9ve is zavarba ejt\u0151 helyzet volt monitort v\u00e1lasztani, hiszen nem csak az \u00e1rc\u00e9dul\u00e1k, de a jellemz\u0151k is annyira v\u00e1ltozatosak voltak, hogy intenz\u00edv felk\u00e9sz\u00fcl\u00e9st ig\u00e9nyelt csak az, hogy az ember bemenjen egy boltba v\u00e1logatni. A polcra kipakolt modellek ugyanis egyr\u00e9szt mind tetszet\u0151sek voltak, m\u00e1sr\u00e9szt az ott l\u00e1that\u00f3 k\u00e9p nem sokat \u00e1rult el arr\u00f3l, mi v\u00e1r r\u00e1nk otthon, ha hazavisz\u00fcnk egyet. V\u00e1lasszuk a fantasztikus v\u00e1laszid\u0151vel, de cs\u00faf sz\u00ednekkel \u00e9s betekint\u00e9si sz\u00f6ggel rendelkez\u0151 TN-paneleket? J\u00f3 lesz a sz\u00ednhelyes, de m\u00e9rs\u00e9kelten kontrasztos \u00e9s f\u00e9nyes IPS? Vagy ink\u00e1bb a meggy\u0151z\u0151bb kontraszttal b\u00edr\u00f3, \u00e9l\u00e9nk sz\u00edn\u0171 VA-panelek \u2013 f\u0151leg, ha kiz\u00e1r\u00f3lag szemb\u0151l n\u00e9zz\u00fck majd a k\u00e9pet?<\/p>\n\n\n\n<p>Sz\u00edvesen mondan\u00e1nk, hogy a helyzet m\u00e1ra egyszer\u0171s\u00f6d\u00f6tt, de nem: mi\u00f3ta nem \u00f6sszez\u00e1r\u00f3 szubkult\u00fara, hanem mainstream piaci szegmens a gaming \u00e9letforma, \u00e9s mi\u00f3ta az irodai munk\u00e1sok is r\u00e1j\u00f6ttek, hogy jobban j\u00e1rnak, ha adnak a min\u0151s\u00e9gre, a v\u00e1laszt\u00e9k csak b\u0151v\u00fclt. Most m\u00e1r olyanokat is tekintetbe kell venni, mint hogy:<\/p>\n\n\n\n<ul>\n<li>a k\u00e9pfriss\u00edt\u00e9s a hagyom\u00e1nyos 60 Hz h\u00e1nyszorosa legyen?<\/li>\n\n\n\n<li>meg\u00e9ri az \u00edvelt kijelz\u0151? H\u00e1t m\u00e9g, ha ultranagyl\u00e1t\u00f3sz\u00f6g\u0171 is?<\/li>\n\n\n\n<li>most, hogy elt\u0171ntek a TN-panelek, \u00e9s megjelentek az OLED-kijelz\u0151k, merre d\u0151lj\u00f6n a m\u00e9rleg nyelve?<\/li>\n\n\n\n<li>beljebb vagyunk egy okosmonitorral?<\/li>\n\n\n\n<li>mit tegy\u00fcnk, ha konzolos \u00e9lm\u00e9nyre v\u00e1gyunk, de nincs kedv\u00fcnk, vagy nem tudjuk mindig r\u00e1k\u00f6t\u00f6getni a t\u00e9v\u00e9re a PC-t?<\/li>\n<\/ul>\n\n\n\n<p>Megannyi k\u00ednz\u00f3 k\u00e9rd\u00e9s, amelyeket nem az\u00e9rt hozunk fel, hogy nyomasszuk vele a \u2013 lehet, hogy \u00e9ppen monitorv\u00e1s\u00e1rl\u00e1s el\u0151tt \u00e1ll\u00f3 \u2013 olvas\u00f3inkat. Hanem az\u00e9rt, mert megjelent a Samsung m\u00e9lt\u00e1n n\u00e9pszer\u0171 Odyssey-monitorcsal\u00e1dj\u00e1nak leg\u00fajabb tagja, a G8 sorozat 32 inches, OLED-kijelz\u0151s modellje. Ez pedig, ahogy a jellemz\u0151kb\u0151l \u2013 \u00e9s \u00fagy \u00e1ltal\u00e1ban a gy\u00e1rt\u00f3 amb\u00edci\u00f3ib\u00f3l \u2013 is l\u00e1tszik, egyszerre k\u00edv\u00e1n felelni az \u00f6sszes fenti k\u00e9rd\u00e9sre, m\u00e9ghozz\u00e1 \u00fagy, hogy minden k\u00edv\u00e1natos jellemz\u0151t belezs\u00fafolt egy monitorba, amely \u00edgy ki is v\u00e1ltja az \u00f6sszes t\u00f6bbi monitort. Legal\u00e1bbis pap\u00edron. M\u00e9retes kijelz\u0151? Check. T\u00f6k\u00e9letes sz\u00ednek \u00e9s v\u00e9gtelen kontraszt? Check. Kompetit\u00edv k\u00e9pfriss\u00edt\u00e9s \u00e9s brut\u00e1lis v\u00e1laszid\u0151, mindez mozg\u00e1si elmos\u00f3d\u00e1s n\u00e9lk\u00fcl? Check. F\u00e9lmilli\u00f3s \u00e1rc\u00e9dula? Iz\u00e9, check.<\/p>\n\n\n\n<figure class=\"wp-block-image\"><img loading=\"lazy\" decoding=\"async\" width=\"1440\" height=\"958\" src=\"https:\/\/hir.mediamarkt.hu\/magazin\/wp-content\/uploads\/2024\/09\/DSC_0393.jpg\" alt=\"\" class=\"wp-image-22038\" srcset=\"https:\/\/hir.mediamarkt.hu\/magazin\/wp-content\/uploads\/2024\/09\/DSC_0393.jpg 1440w, https:\/\/hir.mediamarkt.hu\/magazin\/wp-content\/uploads\/2024\/09\/DSC_0393-250x166.jpg 250w, https:\/\/hir.mediamarkt.hu\/magazin\/wp-content\/uploads\/2024\/09\/DSC_0393-700x466.jpg 700w, https:\/\/hir.mediamarkt.hu\/magazin\/wp-content\/uploads\/2024\/09\/DSC_0393-275x183.jpg 275w, https:\/\/hir.mediamarkt.hu\/magazin\/wp-content\/uploads\/2024\/09\/DSC_0393-768x511.jpg 768w, https:\/\/hir.mediamarkt.hu\/magazin\/wp-content\/uploads\/2024\/09\/DSC_0393-120x80.jpg 120w\" sizes=\"(max-width: 1440px) 100vw, 1440px\" \/><\/figure>\n\n\n\n<p>Ugyan nem \u00edvelt \u00e9s ultrasz\u00e9les, de \u0151szint\u00e9n: a betekint\u00e9si sz\u00f6g a lehet\u0151 legjobb, ezzel a m\u00e9rettel pedig b\u00e1tran r\u00e1h\u00fazhatunk egy testre szabott, sz\u00e9lesebb k\u00e9pet eredm\u00e9nyez\u0151 felbont\u00e1st, m\u00e9g a fekete s\u00e1vokkal is meggy\u0151z\u0151 lesz az \u00f6sszhat\u00e1s. Az al\u00e1bbiakban megn\u00e9zz\u00fck, t\u00e9nyleg akkora sz\u00e1m-e az OLED technol\u00f3gia, \u00e9s hogy siker\u00fclt-e a Samsungban bev\u00e1ltani az \u00edg\u00e9reteket.<\/p>\n\n\n\n<h2 class=\"wp-block-heading\">Els\u0151 benyom\u00e1sok<\/h2>\n\n\n\n<p>Sz\u00e1m\u00edtottunk a Samsung m\u00e9rn\u00f6keire, de arra nem, hogy ennyire l\u00e9gies, egyszer\u0171 \u00e9s k\u00f6nny\u0171 term\u00e9kkel van dolgunk \u2013 s\u00faly \u00e9s \u00f6sszeszerel\u00e9s \u00fcgy\u00e9ben is. A monitort k\u00e9t perc alatt, szersz\u00e1m n\u00e9lk\u00fcl \u00f6sszeszerelt\u00fck, a k\u00e1beleket \u00e1tvezett\u00fck az \u00e1llv\u00e1ny h\u00e1tulj\u00e1ba applik\u00e1lt gumir\u00f6gz\u00edt\u00e9sen, elrejtett\u00fck az asztal alatt az eg\u00e9szen kicsi h\u00e1l\u00f3zati \u201ef\u00e9lt\u00e9gl\u00e1t\u201d \u00e9s m\u00e1r kapcsoltuk is be a g\u00e9pet. A G8-hoz napelemes (!) t\u00e1vir\u00e1ny\u00edt\u00f3t is mell\u00e9keltek, ez j\u00f3l mutatja, hogy a Samsung m\u00e9g mindig az \u201eegy eszk\u00f6z mind felett\u201d elv\u00e9t k\u00f6veti, azaz ez a monitor \u201emellesleg\u201d okost\u00e9v\u00e9k\u00e9nt is m\u0171k\u00f6dik, a gy\u00e1rt\u00f3t\u00f3l megszokott Tizen oper\u00e1ci\u00f3s rendszerrel \u00e9s minden l\u00e9tez\u0151 applik\u00e1ci\u00f3val, amire csak sz\u00fcks\u00e9ged lehet.<\/p>\n\n\n\n<p>A szinte pap\u00edrv\u00e9konys\u00e1g\u00fa k\u00e1va miatt a kijelz\u0151 nagyobbnak t\u0171nik, mint amilyen: miut\u00e1n elhelyezt\u00fck az asztalon, ink\u00e1bb t\u0171nt egy kisebb t\u00e9v\u00e9nek, mint egy nagyobb monitornak. Az \u00e1llv\u00e1ny minden ir\u00e1nyba d\u00f6nthet\u0151 \u00e9s forgathat\u00f3, k\u00f6nnyed\u00e9n \u00e9s folyamatosan; ez kiss\u00e9 megnehez\u00edti a v\u00edzszintbe helyez\u00e9st, aki nem b\u00edzik a szem\u00e9ben, vagy a t\u00f6k\u00e9letess\u00e9gre t\u00f6rekszik, annak nem \u00e1rt egy szintez\u0151, de ez legyen a legnagyobb bajunk. (Spoiler alert: ez is a legnagyobb bajunk.) H\u00e1tul tal\u00e1ljuk a joystickk\u00e9nt \u00fczemel\u0151 bekapcsol\u00f3- \u00e9s men\u00fcvez\u00e9rl\u0151 gombot, amit ki is v\u00e1lt a t\u00e1vir\u00e1ny\u00edt\u00f3, nem is volt r\u00e1 sz\u00fcks\u00e9g\u00fcnk.<\/p>\n\n\n\n<figure class=\"wp-block-image\"><img loading=\"lazy\" decoding=\"async\" width=\"1440\" height=\"958\" src=\"https:\/\/hir.mediamarkt.hu\/magazin\/wp-content\/uploads\/2024\/09\/DSC_0394.jpg\" alt=\"\" class=\"wp-image-22039\" srcset=\"https:\/\/hir.mediamarkt.hu\/magazin\/wp-content\/uploads\/2024\/09\/DSC_0394.jpg 1440w, https:\/\/hir.mediamarkt.hu\/magazin\/wp-content\/uploads\/2024\/09\/DSC_0394-250x166.jpg 250w, https:\/\/hir.mediamarkt.hu\/magazin\/wp-content\/uploads\/2024\/09\/DSC_0394-700x466.jpg 700w, https:\/\/hir.mediamarkt.hu\/magazin\/wp-content\/uploads\/2024\/09\/DSC_0394-275x183.jpg 275w, https:\/\/hir.mediamarkt.hu\/magazin\/wp-content\/uploads\/2024\/09\/DSC_0394-768x511.jpg 768w, https:\/\/hir.mediamarkt.hu\/magazin\/wp-content\/uploads\/2024\/09\/DSC_0394-120x80.jpg 120w\" sizes=\"(max-width: 1440px) 100vw, 1440px\" \/><\/figure>\n\n\n\n<p>A portokra nem lehet panasz: egy USB-bemenet \u00e9s k\u00e9t t\u00f6lt\u0151k\u00e9nt is funkcion\u00e1l\u00f3 USB-A kimenet v\u00e1rt minket, plusz egy DisplayPort \u00e9s k\u00e9t HDMI. Az egyik r\u00e1ad\u00e1sul ARC, \u00e9rtsd: v\u00e9gre egy monitor, amelyre b\u00e1tran csatlakoztathatsz hangsug\u00e1rz\u00f3t \u00fagy, hogy azt a t\u00e1vir\u00e1ny\u00edt\u00f3r\u00f3l vez\u00e9relheted. Az Odyssey h\u00e1toldal\u00e1n tal\u00e1ljuk meg a k\u00f6rk\u00f6r\u00f6s LED-f\u00e9nyt, amelynek sz\u00edn\u00e9t, f\u00e9nyerej\u00e9t term\u00e9szetesen vez\u00e9relhetj\u00fck \u00e9s szinkroniz\u00e1lhatjuk is a k\u00e9ppel. Nem t\u00fal f\u00e9nyer\u0151s, teh\u00e1t nem ragyogja be a szob\u00e1t, de sz\u00f3rakoztat\u00f3 funkci\u00f3. Mi statikus, meleg f\u00e9nnyel haszn\u00e1ltuk, ez kiv\u00e1ltotta a l\u00e1mp\u00e1t a szob\u00e1ban; tudjuk j\u00f3l, hogy nem tesz j\u00f3t az embernek, ha vaks\u00f6t\u00e9tben j\u00e1tszik, filmez.<\/p>\n\n\n\n<p>Nem is h\u00fazzuk tov\u00e1bb az id\u0151t, t\u00e9rj\u00fcnk r\u00e1 a l\u00e9nyegre:<\/p>\n\n\n\n<h2 class=\"wp-block-heading\">Milyen a k\u00e9pmin\u0151s\u00e9g?<\/h2>\n\n\n\n<p>OLED l\u00e9v\u00e9n term\u00e9szetes, hogy csod\u00e1latos, de ezt az\u00e9rt \u2013 nem direkt sz\u00f3vicc, esk\u00fc \u2013 \u00e1rnyalnunk kell. A Samsung mag\u00e1n a panelen k\u00edv\u00fcl felszerelte az Odyssey-t a harmadik gener\u00e1ci\u00f3s NQM AI processzorral, amelyr\u0151l el\u00e9g annyit tudni, hogy folyamatosan elemzi a k\u00e9pet, hogy k\u00e9pkock\u00e1r\u00f3l k\u00e9pkock\u00e1ra t\u00f6k\u00e9letes legyen a kontraszt \u00e9s a dinamika. A leger\u0151sebb jellemz\u0151je a hat\u00e9kony AI-felsk\u00e1l\u00e1z\u00e1s, azaz a kijelz\u0151h\u00f6z k\u00e9pest alacsonyabb felbont\u00e1s\u00fa tartalmat k\u00e9pes \u00fagy megjelen\u00edteni, hogy \u00e9les, r\u00e9szletgazdag legyen az \u00f6sszk\u00e9p, m\u00e9ghozz\u00e1 cs\u00fanya t\u00fal\u00e9les\u00edt\u00e9s \u00e9s egy\u00e9b \u00f3divat\u00fa tr\u00fckk\u00f6k n\u00e9lk\u00fcl. Ugyanez a processzor dolgozik a gy\u00e1rt\u00f3 8K-s t\u00e9v\u00e9iben, amelyeknek bel\u00e1that\u00f3 m\u00f3don nagy sz\u00fcks\u00e9g\u00fck van erre, hiszen ilyen felbont\u00e1s\u00fa tartalom m\u00e9g alig-alig \u00e1ll rendelkez\u00e9sre, m\u00e9gis mindenki \u00f3d\u00e1kat zeng az \u00f6sszhat\u00e1sr\u00f3l a 4K-s t\u00e9v\u00e9khez k\u00e9pest. A AI-szkeptikusoknak sem kell megijedni: a processzor, amely k\u00e9pkock\u00e1nk\u00e9nt k\u00e9pes vez\u00e9relni a k\u00e9p hisztogramj\u00e1t (azaz a f\u00e9nyer\u0151-g\u00f6rb\u00e9t az alapsz\u00ednek szerint, hogy mindig maxim\u00e1lis legyen a kontraszt, de sose legyen term\u00e9szetellenes) kiz\u00e1r\u00f3lag a streming applik\u00e1ci\u00f3k \u00e9s a konzolos (a gy\u00e1rt\u00f3 Gaming Hubj\u00e1n kereszt\u00fcl is el\u00e9rhet\u0151) videoj\u00e1t\u00e9kok alatt m\u0171k\u00f6dik, PC-m\u00f3dban nem, azaz monitork\u00e9nt haszn\u00e1lva a sz\u00ednek, a kontraszt, a gamma teljesen a felhaszn\u00e1l\u00f3 kez\u00e9ben van.<\/p>\n\n\n\n<p>A tov\u00e1bbiakhoz egy kis kit\u00e9r\u0151. Az OLED l\u00e9nyege ugyeb\u00e1r az, hogy organikus komponens\u00e9nek h\u00e1la minden egyes pixel f\u00e9nyforr\u00e1sk\u00e9nt is m\u0171k\u00f6dik, azaz nem egy egys\u00e9ges, vagy z\u00f3n\u00e1kra osztva t\u00f6bb tucat (vagy ak\u00e1r t\u00f6bb sz\u00e1z) \u201el\u00e1mp\u00e1val\u201d vil\u00e1g\u00edtj\u00e1k meg a panelt h\u00e1tulr\u00f3l vagy oldalr\u00f3l, hogy az \u00edgy kapott f\u00e9nyt \u2013 leegyszer\u0171s\u00edtve \u2013 megsz\u00ednezz\u00e9k a folyad\u00e9kkrist\u00e1lyok, hanem k\u00e9ppontonk\u00e9nt vez\u00e9rli a sz\u00ednt \u00e9s a f\u00e9nyer\u0151t, teljesen s\u00f6t\u00e9t r\u00e9szletek eset\u00e9n pedig ki is kapcsolja az adott pixelt, pixeleket, \u00edgy a fekete val\u00f3di fekete, nem s\u00f6t\u00e9tsz\u00fcrke, mint a hagyom\u00e1nyos LED-panelek eset\u00e9n. Ez nem csak \u00e9jszakai filmn\u00e9z\u00e9s, j\u00e1t\u00e9k k\u00f6zben mutatkozik meg: az OLED olyan min\u0151s\u00e9get ad, amely jelenleg m\u00e1s technol\u00f3gi\u00e1val el\u00e9rhetetlen. A t\u00f6k\u00e9letes feket\u00e9knek h\u00e1la a kontraszt gyakorlatilag v\u00e9gtelen, \u00edgy a HDR-\u00fczemm\u00f3t (megfelel\u0151 tartalom eset\u00e9n) \u00fagy is hat\u00e1sos, hogy a kijelz\u0151 f\u00e9nyereje visszafogott. Hab a tort\u00e1n, hogy a mozg\u00e1s kezel\u00e9se \u00e9s a v\u00e1laszid\u0151 k\u00f6zel t\u00f6k\u00e9letes, azaz minden OLED-t\u00e9v\u00e9 \u00e9s -monitor nagyszer\u0171 gaming perif\u00e9ria is. (Az Odyssey a Samsung m\u00e9rn\u00f6kei szerint 0,03 ezredm\u00e1sodperces v\u00e1laszid\u0151t ny\u00fajt, azaz nincs az a l\u00f6v\u00f6lde, amelyben h\u00e1tr\u00e1nyba ker\u00fcln\u00e9nk a kijelz\u0151 miatt.) H\u00e1t m\u00e9g, ha a k\u00e9pfriss\u00edt\u00e9s is t\u00falmutat a sztenderd 60 Hz-en. Az Odyssey m\u00e1rpedig t\u00falmutat: 240 Hz-es panelt kapott, amely m\u00e1r e-sportra is alkalmas. Ne felejts\u00fck el azonban, hogy ezt meghajtani \u2013 f\u0151leg a nat\u00edv 4K-s felbont\u00e1son \u2013 brut\u00e1lis hardvert k\u00edv\u00e1n.<\/p>\n\n\n\n<figure class=\"wp-block-image\"><img loading=\"lazy\" decoding=\"async\" width=\"1440\" height=\"958\" src=\"https:\/\/hir.mediamarkt.hu\/magazin\/wp-content\/uploads\/2024\/09\/DSC_0399.jpg\" alt=\"\" class=\"wp-image-22040\" srcset=\"https:\/\/hir.mediamarkt.hu\/magazin\/wp-content\/uploads\/2024\/09\/DSC_0399.jpg 1440w, https:\/\/hir.mediamarkt.hu\/magazin\/wp-content\/uploads\/2024\/09\/DSC_0399-250x166.jpg 250w, https:\/\/hir.mediamarkt.hu\/magazin\/wp-content\/uploads\/2024\/09\/DSC_0399-700x466.jpg 700w, https:\/\/hir.mediamarkt.hu\/magazin\/wp-content\/uploads\/2024\/09\/DSC_0399-275x183.jpg 275w, https:\/\/hir.mediamarkt.hu\/magazin\/wp-content\/uploads\/2024\/09\/DSC_0399-768x511.jpg 768w, https:\/\/hir.mediamarkt.hu\/magazin\/wp-content\/uploads\/2024\/09\/DSC_0399-120x80.jpg 120w\" sizes=\"(max-width: 1440px) 100vw, 1440px\" \/><\/figure>\n\n\n\n<p>Hogy akkor mi\u00e9rt nem \u00edgy k\u00e9sz\u00fcl minden t\u00e9v\u00e9 \u00e9s monitor? Egyr\u00e9szt az\u00e9rt, mert viszonylag dr\u00e1ga: lassan megy le a panelek gy\u00e1rt\u00e1si k\u00f6lts\u00e9ge, de az\u00e9rt m\u00e9g mindig a fels\u0151kateg\u00f3ria saj\u00e1tja ez a kijelz\u0151, f\u0151leg, ha a t\u00e9v\u00e9kr\u0151l, monitorokr\u00f3l, laptopokr\u00f3l van sz\u00f3. (Az okostelefonokban, okos\u00f3r\u00e1kban m\u00e1r a k\u00f6z\u00e9pkateg\u00f3ri\u00e1ban is tal\u00e1lunk OLED-panelt.) Az OLED-nek az \u00e1r\u00e1n k\u00edv\u00fcl van egy m\u00e1sik enyh\u00e9n kellemetlen tulajdons\u00e1ga: ha hossz\u00fa id\u0151n kereszt\u00fcl mutatja ugyanazt a k\u00e9pet, k\u00e9pr\u00e9szletet, akkor az az \u00e9rintett pixelekbe egy id\u0151 ut\u00e1n \u201ebe\u00e9g\u201d, azaz szellemk\u00e9pk\u00e9nt ott marad, b\u00e1rmit is n\u00e9z\u00fcnk a k\u00e9s\u0151bbiekben. Ezt a gy\u00e1rt\u00f3k k\u00fcl\u00f6nb\u00f6z\u0151 (l\u00e1thatatlan) eszk\u00f6z\u00f6kkel, p\u00e9ld\u00e1ul pixel-eltol\u00e1ssal \u00e9s rendszeres pixelfriss\u00edt\u00e9ssel pr\u00f3b\u00e1lj\u00e1k kik\u00fcsz\u00f6b\u00f6lni. Ezekkel \u00e9s a korszer\u0171 gy\u00e1rt\u00e1stechnol\u00f3gi\u00e1kkal a be\u00e9g\u00e9s (burn-in) jelens\u00e9ge m\u00e1ra ink\u00e1bb v\u00e1rosi legenda, mint val\u00f3s fenyeget\u00e9s; az \u00e1tlagfelhaszn\u00e1l\u00f3 sz\u00e1m\u00e1ra t\u00f6bb \u00e9ves haszn\u00e1lat ut\u00e1n sem lesz zavar\u00f3. A gamereket az\u00e9rt hivatalb\u00f3l megk\u00e9rj\u00fck, hogy ne egy OLED-monitoron j\u00e1tsszanak kiz\u00e1r\u00f3lag egy darab j\u00e1t\u00e9kot, f\u0151leg, ha az a j\u00e1t\u00e9k mark\u00e1ns HUD-ot tartalmaz.<\/p>\n\n\n\n<p>A Samsung a fentieken t\u00fal kreat\u00edv, a k\u00e9p teljes tartom\u00e1ny\u00e1t el\u00e9r\u0151, hangtalan h\u0171t\u00e9srendszerrel gondoskodik arr\u00f3l, hogy v\u00e9gk\u00e9pp ne fenyegesse a v\u00e1s\u00e1rl\u00f3kat a be\u00e9g\u00e9s, amely, ahogy a neve is sugallja, a t\u00falzott meleged\u00e9s hat\u00e1s\u00e1ra k\u00f6vetkezik be. A dinamikus h\u0171t\u00e9srendszer \u00fagy tartja h\u0171v\u00f6sen a panelt, hogy a vil\u00e1goss\u00e1g ennek nem l\u00e1tja k\u00e1r\u00e1t: m\u00e9g maxim\u00e1lis f\u00e9nyer\u0151n is hat\u00e9kony. Ha pedig m\u00e9gis megjelennek a jellegzetes foltok \u00e9s mint\u00e1k, a gy\u00e1rt\u00f3 &#8211; rendeltet\u00e9sszer\u0171 haszn\u00e1lat mellett &#8211; garanci\u00e1t is v\u00e1llal a be\u00e9g\u00e9sre. A r\u00e9szletek\u00e9rt \u00e9rdemes <a href=\"https:\/\/www.samsung.com\/hu\/monitors\/gaming\/odyssey-oled-g8-g80sd-32-inch-240hz-oled-uhd-ls32dg802suxdu\/\">a term\u00e9k hivatalos adatlapj\u00e1t<\/a> b\u00f6ng\u00e9szni!<\/p>\n\n\n\n<p>Vissza az Odyssey-hez! Aki az OLED-t\u00e9v\u00e9ken megszokott k\u00e9pre sz\u00e1m\u00edt, az els\u0151re lehet, hogy kiss\u00e9 csal\u00f3dott lesz; de csak els\u0151re. Az Odyssey G8 ugyanis matt kijelz\u0151t kapott, azaz nem t\u00fckr\u00f6z\u0151dik, cser\u00e9be a k\u00e9p egy kicsit eml\u00e9keztet egy hagyom\u00e1nyos (IPS vagy VA) kijelz\u0151re. Ahogy azonban haszn\u00e1latba vett\u00fck, gyorsan el\u0151b\u00fajtak azok a feket\u00e9k. A sz\u00ednek gy\u00e1ri (natural) be\u00e1ll\u00edt\u00e1son szinte t\u00f6k\u00e9letesek voltak, de aki grafikai munk\u00e1kra haszn\u00e1ln\u00e1 a monitort (amire minden lehet\u0151s\u00e9ge megvan), az term\u00e9szetesen a v\u00e9gletekig testre szabhatja a kijelz\u0151t.<\/p>\n\n\n\n<figure class=\"wp-block-image\"><img loading=\"lazy\" decoding=\"async\" width=\"1440\" height=\"958\" src=\"https:\/\/hir.mediamarkt.hu\/magazin\/wp-content\/uploads\/2024\/09\/DSC_0410.jpg\" alt=\"\" class=\"wp-image-22043\" srcset=\"https:\/\/hir.mediamarkt.hu\/magazin\/wp-content\/uploads\/2024\/09\/DSC_0410.jpg 1440w, https:\/\/hir.mediamarkt.hu\/magazin\/wp-content\/uploads\/2024\/09\/DSC_0410-250x166.jpg 250w, https:\/\/hir.mediamarkt.hu\/magazin\/wp-content\/uploads\/2024\/09\/DSC_0410-700x466.jpg 700w, https:\/\/hir.mediamarkt.hu\/magazin\/wp-content\/uploads\/2024\/09\/DSC_0410-275x183.jpg 275w, https:\/\/hir.mediamarkt.hu\/magazin\/wp-content\/uploads\/2024\/09\/DSC_0410-768x511.jpg 768w, https:\/\/hir.mediamarkt.hu\/magazin\/wp-content\/uploads\/2024\/09\/DSC_0410-120x80.jpg 120w\" sizes=\"(max-width: 1440px) 100vw, 1440px\" \/><\/figure>\n\n\n\n<p>A m\u00e1sik, amir\u0151l besz\u00e9ln\u00fcnk kell, az a f\u00e9nyer\u0151. A gy\u00e1rt\u00f3 \u00e1ltal megadott 250 nit sokakat elt\u00e1ntor\u00edthat, hiszen ez a bel\u00e9p\u0151 szint\u0171, \u00e9s nem a f\u00e9lmilli\u00f3s monitorok szintje, de ez senki kedv\u00e9t ne vegye el. A t\u00f6k\u00e9letes kontrasztnak h\u00e1la a cs\u00facsf\u00e9nyek szab\u00e1lyosan ragyognak, a k\u00e9p egy-m\u00e1sf\u00e9l m\u00e9ter t\u00e1vols\u00e1gr\u00f3l is b\u0151ven el\u00e9g f\u00e9nyes m\u00e9g nappal is. A f\u00e9nyer\u0151t 30-40 sz\u00e1zal\u00e9k k\u00f6rny\u00e9k\u00e9n hagytuk \u00e9s b\u0151ven el\u00e9gedettek voltunk. A processzornak h\u00e1la term\u00e9szetesen minden l\u00e9tez\u0151 k\u00e9pjav\u00edt\u00f3 elj\u00e1r\u00e1st tartalmaz az Odyssey az AI-alap\u00fa mozg\u00e1sjav\u00edt\u00e1st\u00f3l a s\u00f6t\u00e9t r\u00e9szek kiemel\u00e9s\u00e9n \u00e1t a dinamikus kontrasztig \u00e9s t\u00f3nus\u00e1thelyez\u00e9sig; mi azt javasoljuk, hogy ezeket ne haszn\u00e1lj\u00e1tok. (Na j\u00f3, a t\u00f3nus\u00e1thelyez\u00e9s hasznos, de az eleve csak HDR-\u00fczemm\u00f3dban \u00e9s bizonyos be\u00e1ll\u00edt\u00e1sok eset\u00e9n aktiv\u00e1lhat\u00f3.) Ink\u00e1bb kalibr\u00e1lj\u00e1tok a monitort \u00e9s gondoskodjatok r\u00f3la, hogy a megfelel\u0151 tartalmakkal \u201eetess\u00e9tek\u201d, azaz korrekt HDR-t tartalmaz\u00f3 j\u00e1t\u00e9kokkal \u00e9s sz\u00e9pen masterelt filmekkel tesztelj\u00e9tek. Mi r\u00f6gt\u00f6n kikapcsoltuk a zajsz\u0171r\u00e9st \u00e9s minim\u00e1lisra \u00e1ll\u00edtottuk az \u00e9les\u00edt\u00e9st; a panel annyira csod\u00e1latos, hogy ilyesmikre nincs sz\u00fcks\u00e9ge.<\/p>\n\n\n\n<h2 class=\"wp-block-heading\">Milyen \u00e9rz\u00e9s haszn\u00e1lni?<\/h2>\n\n\n\n<p>B\u00e1r kellett p\u00e1r kattint\u00e1s, mire el\u0151csalogattuk a 240 Hz-et (a Windowsban kellett el\u0151sz\u00f6r be\u00e1ll\u00edtani, nem az NVidia vez\u00e9rl\u0151pultj\u00e1ban), onnant\u00f3l minden m\u0171k\u00f6d\u00f6tt, mint a karikacsap\u00e1s. Aki m\u00e9g nem haszn\u00e1lt ilyen gyors kijelz\u0151t, annak eg\u00e9szen \u00e1lomszer\u0171 lesz az \u00e9lm\u00e9ny, m\u00e1r a Windows-kurzor mozg\u00e1sa is annyira folyamatos, hogy ut\u00e1na biztos nem leszel hajland\u00f3 viszat\u00e9rni a 60 (vagy ak\u00e1r 75) Hz-hez, \u00e9s akkor a j\u00e1t\u00e9kokr\u00f3l m\u00e9g nem is besz\u00e9lt\u00fcnk. Besz\u00e9lj\u00fcnk: a v\u00e1ltoz\u00f3 k\u00e9pfriss\u00edt\u00e9ssel (GPU-t\u00f3l f\u00fcgg\u0151en AMD FreeSync vagy G Sync) egy\u00fctt kifejezetten addikt\u00edv &nbsp;Fontos, hogy m\u00e9g egy 2.1-es szabv\u00e1ny\u00fa HDMI-k\u00e1bellel is el\u00e9rt\u00fck a maxim\u00e1lis k\u00e9pfriss\u00edt\u00e9st 4K felbont\u00e1ssal \u00e9s HDR-rel, azaz m\u00e9g csak DisplayPort \u00f6sszek\u00f6ttet\u00e9s sem kell.<\/p>\n\n\n\n<figure class=\"wp-block-image\"><img loading=\"lazy\" decoding=\"async\" width=\"1440\" height=\"958\" src=\"https:\/\/hir.mediamarkt.hu\/magazin\/wp-content\/uploads\/2024\/09\/DSC_0403.jpg\" alt=\"\" class=\"wp-image-22041\" srcset=\"https:\/\/hir.mediamarkt.hu\/magazin\/wp-content\/uploads\/2024\/09\/DSC_0403.jpg 1440w, https:\/\/hir.mediamarkt.hu\/magazin\/wp-content\/uploads\/2024\/09\/DSC_0403-250x166.jpg 250w, https:\/\/hir.mediamarkt.hu\/magazin\/wp-content\/uploads\/2024\/09\/DSC_0403-700x466.jpg 700w, https:\/\/hir.mediamarkt.hu\/magazin\/wp-content\/uploads\/2024\/09\/DSC_0403-275x183.jpg 275w, https:\/\/hir.mediamarkt.hu\/magazin\/wp-content\/uploads\/2024\/09\/DSC_0403-768x511.jpg 768w, https:\/\/hir.mediamarkt.hu\/magazin\/wp-content\/uploads\/2024\/09\/DSC_0403-120x80.jpg 120w\" sizes=\"(max-width: 1440px) 100vw, 1440px\" \/><\/figure>\n\n\n\n<p>Az Odyssey G8 be\u00e1ll\u00edt\u00e1sa, kalibr\u00e1l\u00e1sa ig\u00e9nyel n\u00e9mi t\u00fcrelmet \u00e9s k\u00eds\u00e9rletez\u0151 kedvet, nem az\u00e9rt, mert a Samsung fel\u00fclete nem felhaszn\u00e1l\u00f3bar\u00e1t, vagy a m\u00e9rn\u00f6k\u00f6k hanyag munk\u00e1t v\u00e9geztek. Ellenkez\u0151leg: az OLED-k\u00e9p a gy\u00e1rt\u00f3 cs\u00facsprocesszor\u00e1val p\u00e1ros\u00edtva funkci\u00f3k garmad\u00e1j\u00e1t ny\u00fajtja, a be\u00e1ll\u00edthat\u00f3 opci\u00f3k sokas\u00e1ga pedig els\u0151re zavarba ejt\u0151 lehet. A szok\u00e1sos \u201ef\u00e9nyer\u0151, kontraszt, feh\u00e9regyens\u00faly\u201d szenth\u00e1roms\u00e1gon \u00e9s a k\u00e9p\u00fczemm\u00f3dokon t\u00fal a HDR-opci\u00f3kra \u00e9s az egy\u00e9b dinamikus k\u00e9pbe\u00e1ll\u00edt\u00e1sokra is figyelni kell. Ennek kis r\u00e9sze tudom\u00e1ny, nagy r\u00e9sze egy\u00e9ni preferencia: mi a visszafogott, pontos sz\u00edneket t\u00f3nusokat szeretj\u00fck, ez\u00e9rt egy csom\u00f3 mindent eleve kikapcsoltunk, a feketeszintet is hagytuk alap\u00e1llapotban, sz\u00f3val hagytuk, hogy a panel tegye dolg\u00e1t, \u00e9s nagyon boldogok voltunk. Im\u00e1dtuk a Black Myth: Wukong erdej\u00e9nek f\u00e9ny-\u00e1rny\u00e9k j\u00e1t\u00e9k\u00e1t \u2013 \u00fagy, hogy a j\u00e1t\u00e9k nem is HDR-kompatibilis pc-n \u2013, az Alan Wake 2 t\u00e1jai \u00e9s neonf\u00e9nyei is pazar hat\u00e1st keltettek, \u00e9s t\u00f6k\u00e9letesen k\u00f6vethet\u0151 volt az ellenfelek mozg\u00e1sa a Doom Eternalban is \u2013 pedig ez az a j\u00e1t\u00e9k, amely egy motion blurrel meg\u00e1tkozott monitort\u00f3l elv\u00e9rzik.<\/p>\n\n\n\n<p>Kipr\u00f3b\u00e1ltuk a fot\u00f3ut\u00f3munk\u00e1t is, \u00e9s j\u00f3 h\u00edr\u00fcnk van: egy kicsit m\u00e9g m\u00f3koltunk a be\u00e1ll\u00edt\u00e1son, hogy a k\u00e9peinken minden r\u00e9szlet el\u0151bukkanjon, de a fekete val\u00f3ban fekete maradjon, a v\u00e9geredm\u00e9nyt\u0151l pedig leesett az \u00e1llunk. Az pedig csak hab a tort\u00e1n, hogy ezek a be\u00e1ll\u00edt\u00e1sok a filmez\u00e9s \u00e9s a j\u00e1t\u00e9kok sor\u00e1n is helyt \u00e1lltak. A m\u00e1sodik egy\u00fctt t\u00f6lt\u00f6tt nap ut\u00e1n m\u00e1r nem is ny\u00faltunk a be\u00e1ll\u00edt\u00e1sokhoz, egyszer\u0171en csak \u00e9lvezt\u00fck, amit az Odyssey ny\u00fajtani tud.<\/p>\n\n\n\n<figure class=\"wp-block-image\"><img loading=\"lazy\" decoding=\"async\" width=\"1440\" height=\"958\" src=\"https:\/\/hir.mediamarkt.hu\/magazin\/wp-content\/uploads\/2024\/09\/DSC_0406.jpg\" alt=\"\" class=\"wp-image-22042\" srcset=\"https:\/\/hir.mediamarkt.hu\/magazin\/wp-content\/uploads\/2024\/09\/DSC_0406.jpg 1440w, https:\/\/hir.mediamarkt.hu\/magazin\/wp-content\/uploads\/2024\/09\/DSC_0406-250x166.jpg 250w, https:\/\/hir.mediamarkt.hu\/magazin\/wp-content\/uploads\/2024\/09\/DSC_0406-700x466.jpg 700w, https:\/\/hir.mediamarkt.hu\/magazin\/wp-content\/uploads\/2024\/09\/DSC_0406-275x183.jpg 275w, https:\/\/hir.mediamarkt.hu\/magazin\/wp-content\/uploads\/2024\/09\/DSC_0406-768x511.jpg 768w, https:\/\/hir.mediamarkt.hu\/magazin\/wp-content\/uploads\/2024\/09\/DSC_0406-120x80.jpg 120w\" sizes=\"(max-width: 1440px) 100vw, 1440px\" \/><\/figure>\n\n\n\n<p>A processzort folyad\u00e9k h\u0171ti, ez azonban egy\u00e1ltal\u00e1n nem hallhat\u00f3. Aprop\u00f3, hall\u00e1s: b\u00e1r kapott hangsz\u00f3r\u00f3kat, \u00e9s a min\u0151s\u00e9gr\u0151l\/tisztas\u00e1gr\u00f3l k\u00fcl\u00f6n AI-elj\u00e1r\u00e1s gondoskodik, erre ne alapozz. A hang korrekt, de a m\u00e9lyeket \u00e9s a sz\u00e9les, dinamikus hangz\u00e1st ne a be\u00e9p\u00edtett membr\u00e1nokt\u00f3l v\u00e1rd. Ez a kijelz\u0151 sokkal jobb hangot \u00e9rdemel.<\/p>\n\n\n\n<p>Tudjuk, hogy dr\u00e1ga a 32 collos 4K-s OLED Odyssey. Tudjuk, hogy van m\u00e9g komolyabb k\u00e9pfriss\u00edt\u00e9s\u0171, m\u00e9g sz\u00e9lesebb k\u00e9par\u00e1ny\u00fa \u00e9s m\u00e9g \u201egamingesebb\u201d eszt\u00e9tik\u00e1j\u00fa monitor a piacon. A v\u00e9gsz\u00f3 r\u00e9sz\u00fcnkr\u0151l m\u00e9gis az, hogy<\/p>\n\n\n\n<blockquote class=\"wp-block-quote\">\n<p>ennyire m\u00e9g sosem \u00e9lvezt\u00fcnk egy monitor el\u0151tt \u00fclni, b\u00e1rmit is m\u0171velt\u00fcnk k\u00f6zben.<\/p>\n<\/blockquote>\n\n\n\n<p>Ezt az \u00f6sszeget egyszer kell r\u00e1sz\u00e1nnod, ut\u00e1na sok-sok \u00e9vig v\u00e1r a kompromisszummentes j\u00e1t\u00e9k- \u00e9s film\u00e9lm\u00e9ny.<\/p>\n\n\n\n<p><a href=\"http:\/\/mediamarkt.hu\/catentry\/1462661\"><em>Az Odyssey G8 OLED monitort itt v\u00e1s\u00e1rolhatod meg.<\/em><\/a><\/p>\n","protected":false},"excerpt":{"rendered":"4K, OLED panel, 240 Hz\u2026 pap\u00edron is leny\u0171g\u00f6z\u0151 a Samsung Odyssey G8 t\u00f6k\u00e9letes kontraszttal ell\u00e1tott v\u00e1ltozata, de m\u0171k\u00f6d\u00e9s k\u00f6zben m\u00e9g enn\u00e9l is sokkal t\u00f6bbet ny\u00fajt.","protected":false},"author":22,"featured_media":22309,"comment_status":"open","ping_status":"open","sticky":false,"template":"","format":"standard","meta":{"wprm-recipe-roundup-name":"","wprm-recipe-roundup-description":"","footnotes":""},"categories":[5977,5946,2382],"tags":[6054,33,6055],"yoast_head":"<!-- This site is optimized with the Yoast SEO plugin v22.9 - https:\/\/yoast.com\/wordpress\/plugins\/seo\/ -->\n<title>Samsung Odyssey G8 teszt - kipr\u00f3b\u00e1ltuk a vil\u00e1g egyik legjobb monitor\u00e1t! - MediaMarkt Magazin<\/title>\n<meta name=\"description\" content=\"Pap\u00edron is leny\u0171g\u00f6z\u0151 a Samsung Odyssey G8 t\u00f6k\u00e9letes kontraszttal ell\u00e1tott v\u00e1ltozata, de m\u0171k\u00f6d\u00e9s k\u00f6zben m\u00e9g enn\u00e9l is sokkal t\u00f6bbet ny\u00fajt.\" \/>\n<meta name=\"robots\" content=\"index, follow, max-snippet:-1, max-image-preview:large, max-video-preview:-1\" \/>\n<link rel=\"canonical\" href=\"https:\/\/hir.mediamarkt.hu\/magazin\/kiprobaltuk-a-vilag-legjobb-monitorat-es-most-semmi-masra-nem-tudunk-gondolni\/\" \/>\n<meta property=\"og:locale\" content=\"hu_HU\" \/>\n<meta property=\"og:type\" content=\"article\" \/>\n<meta property=\"og:title\" content=\"Samsung Odyssey G8 teszt - kipr\u00f3b\u00e1ltuk a vil\u00e1g egyik legjobb monitor\u00e1t! - MediaMarkt Magazin\" \/>\n<meta property=\"og:description\" content=\"Pap\u00edron is leny\u0171g\u00f6z\u0151 a Samsung Odyssey G8 t\u00f6k\u00e9letes kontraszttal ell\u00e1tott v\u00e1ltozata, de m\u0171k\u00f6d\u00e9s k\u00f6zben m\u00e9g enn\u00e9l is sokkal t\u00f6bbet ny\u00fajt.\" \/>\n<meta property=\"og:url\" content=\"https:\/\/hir.mediamarkt.hu\/magazin\/kiprobaltuk-a-vilag-legjobb-monitorat-es-most-semmi-masra-nem-tudunk-gondolni\/\" \/>\n<meta property=\"og:site_name\" content=\"MediaMarkt Magazin\" \/>\n<meta property=\"article:publisher\" content=\"https:\/\/www.facebook.com\/MediaMarktMagyarorszag\" \/>\n<meta property=\"article:published_time\" content=\"2024-10-10T15:01:03+00:00\" \/>\n<meta property=\"article:modified_time\" content=\"2024-10-10T15:02:03+00:00\" \/>\n<meta property=\"og:image\" content=\"https:\/\/hir.mediamarkt.hu\/magazin\/wp-content\/uploads\/2024\/09\/Samsung_Odyssey_32_cover_1024x619_v2.jpg\" \/>\n\t<meta property=\"og:image:width\" content=\"1024\" \/>\n\t<meta property=\"og:image:height\" content=\"619\" \/>\n\t<meta property=\"og:image:type\" content=\"image\/jpeg\" \/>\n<meta name=\"author\" content=\"Nemenyi\" \/>\n<meta name=\"twitter:label1\" content=\"Szerz\u0151:\" \/>\n\t<meta name=\"twitter:data1\" content=\"Nemenyi\" \/>\n\t<meta name=\"twitter:label2\" content=\"Becs\u00fclt olvas\u00e1si id\u0151\" \/>\n\t<meta name=\"twitter:data2\" content=\"12 perc\" \/>\n<script type=\"application\/ld+json\" class=\"yoast-schema-graph\">{\"@context\":\"https:\/\/schema.org\",\"@graph\":[{\"@type\":\"WebPage\",\"@id\":\"https:\/\/hir.mediamarkt.hu\/magazin\/kiprobaltuk-a-vilag-legjobb-monitorat-es-most-semmi-masra-nem-tudunk-gondolni\/\",\"url\":\"https:\/\/hir.mediamarkt.hu\/magazin\/kiprobaltuk-a-vilag-legjobb-monitorat-es-most-semmi-masra-nem-tudunk-gondolni\/\",\"name\":\"Samsung Odyssey G8 teszt - kipr\u00f3b\u00e1ltuk a vil\u00e1g egyik legjobb monitor\u00e1t! - MediaMarkt Magazin\",\"isPartOf\":{\"@id\":\"https:\/\/hir.mediamarkt.hu\/magazin\/#website\"},\"primaryImageOfPage\":{\"@id\":\"https:\/\/hir.mediamarkt.hu\/magazin\/kiprobaltuk-a-vilag-legjobb-monitorat-es-most-semmi-masra-nem-tudunk-gondolni\/#primaryimage\"},\"image\":{\"@id\":\"https:\/\/hir.mediamarkt.hu\/magazin\/kiprobaltuk-a-vilag-legjobb-monitorat-es-most-semmi-masra-nem-tudunk-gondolni\/#primaryimage\"},\"thumbnailUrl\":\"https:\/\/hir.mediamarkt.hu\/magazin\/wp-content\/uploads\/2024\/09\/Samsung_Odyssey_32_cover_1024x619_v2.jpg\",\"datePublished\":\"2024-10-10T15:01:03+00:00\",\"dateModified\":\"2024-10-10T15:02:03+00:00\",\"author\":{\"@id\":\"https:\/\/hir.mediamarkt.hu\/magazin\/#\/schema\/person\/f4a17b2dc97f2e2bf1b88a89d4ef7d05\"},\"description\":\"Pap\u00edron is leny\u0171g\u00f6z\u0151 a Samsung Odyssey G8 t\u00f6k\u00e9letes kontraszttal ell\u00e1tott v\u00e1ltozata, de m\u0171k\u00f6d\u00e9s k\u00f6zben m\u00e9g enn\u00e9l is sokkal t\u00f6bbet ny\u00fajt.\",\"breadcrumb\":{\"@id\":\"https:\/\/hir.mediamarkt.hu\/magazin\/kiprobaltuk-a-vilag-legjobb-monitorat-es-most-semmi-masra-nem-tudunk-gondolni\/#breadcrumb\"},\"inLanguage\":\"hu\",\"potentialAction\":[{\"@type\":\"ReadAction\",\"target\":[\"https:\/\/hir.mediamarkt.hu\/magazin\/kiprobaltuk-a-vilag-legjobb-monitorat-es-most-semmi-masra-nem-tudunk-gondolni\/\"]}]},{\"@type\":\"ImageObject\",\"inLanguage\":\"hu\",\"@id\":\"https:\/\/hir.mediamarkt.hu\/magazin\/kiprobaltuk-a-vilag-legjobb-monitorat-es-most-semmi-masra-nem-tudunk-gondolni\/#primaryimage\",\"url\":\"https:\/\/hir.mediamarkt.hu\/magazin\/wp-content\/uploads\/2024\/09\/Samsung_Odyssey_32_cover_1024x619_v2.jpg\",\"contentUrl\":\"https:\/\/hir.mediamarkt.hu\/magazin\/wp-content\/uploads\/2024\/09\/Samsung_Odyssey_32_cover_1024x619_v2.jpg\",\"width\":1024,\"height\":619},{\"@type\":\"BreadcrumbList\",\"@id\":\"https:\/\/hir.mediamarkt.hu\/magazin\/kiprobaltuk-a-vilag-legjobb-monitorat-es-most-semmi-masra-nem-tudunk-gondolni\/#breadcrumb\",\"itemListElement\":[{\"@type\":\"ListItem\",\"position\":1,\"name\":\"Kezd\u0151lap\",\"item\":\"https:\/\/hir.mediamarkt.hu\/magazin\/\"},{\"@type\":\"ListItem\",\"position\":2,\"name\":\"Tesztelt\u00fck\",\"item\":\"https:\/\/hir.mediamarkt.hu\/magazin\/teszteltuk\/\"},{\"@type\":\"ListItem\",\"position\":3,\"name\":\"Samsung Odyssey G8 teszt &#8211; kipr\u00f3b\u00e1ltuk a vil\u00e1g egyik legjobb monitor\u00e1t!\"}]},{\"@type\":\"WebSite\",\"@id\":\"https:\/\/hir.mediamarkt.hu\/magazin\/#website\",\"url\":\"https:\/\/hir.mediamarkt.hu\/magazin\/\",\"name\":\"MediaMarkt Magazin\",\"description\":\"Olvass bele magazinunkba!\",\"potentialAction\":[{\"@type\":\"SearchAction\",\"target\":{\"@type\":\"EntryPoint\",\"urlTemplate\":\"https:\/\/hir.mediamarkt.hu\/magazin\/?s={search_term_string}\"},\"query-input\":\"required name=search_term_string\"}],\"inLanguage\":\"hu\"},{\"@type\":\"Person\",\"@id\":\"https:\/\/hir.mediamarkt.hu\/magazin\/#\/schema\/person\/f4a17b2dc97f2e2bf1b88a89d4ef7d05\",\"name\":\"Nemenyi\",\"image\":{\"@type\":\"ImageObject\",\"inLanguage\":\"hu\",\"@id\":\"https:\/\/hir.mediamarkt.hu\/magazin\/#\/schema\/person\/image\/\",\"url\":\"https:\/\/secure.gravatar.com\/avatar\/9470b3223c723142e66adcad803b24fe?s=96&d=mm&r=g\",\"contentUrl\":\"https:\/\/secure.gravatar.com\/avatar\/9470b3223c723142e66adcad803b24fe?s=96&d=mm&r=g\",\"caption\":\"Nemenyi\"}}]}<\/script>\n<!-- \/ Yoast SEO plugin. -->","yoast_head_json":{"title":"Samsung Odyssey G8 teszt - kipr\u00f3b\u00e1ltuk a vil\u00e1g egyik legjobb monitor\u00e1t! - MediaMarkt Magazin","description":"Pap\u00edron is leny\u0171g\u00f6z\u0151 a Samsung Odyssey G8 t\u00f6k\u00e9letes kontraszttal ell\u00e1tott v\u00e1ltozata, de m\u0171k\u00f6d\u00e9s k\u00f6zben m\u00e9g enn\u00e9l is sokkal t\u00f6bbet ny\u00fajt.","robots":{"index":"index","follow":"follow","max-snippet":"max-snippet:-1","max-image-preview":"max-image-preview:large","max-video-preview":"max-video-preview:-1"},"canonical":"https:\/\/hir.mediamarkt.hu\/magazin\/kiprobaltuk-a-vilag-legjobb-monitorat-es-most-semmi-masra-nem-tudunk-gondolni\/","og_locale":"hu_HU","og_type":"article","og_title":"Samsung Odyssey G8 teszt - kipr\u00f3b\u00e1ltuk a vil\u00e1g egyik legjobb monitor\u00e1t! - MediaMarkt Magazin","og_description":"Pap\u00edron is leny\u0171g\u00f6z\u0151 a Samsung Odyssey G8 t\u00f6k\u00e9letes kontraszttal ell\u00e1tott v\u00e1ltozata, de m\u0171k\u00f6d\u00e9s k\u00f6zben m\u00e9g enn\u00e9l is sokkal t\u00f6bbet ny\u00fajt.","og_url":"https:\/\/hir.mediamarkt.hu\/magazin\/kiprobaltuk-a-vilag-legjobb-monitorat-es-most-semmi-masra-nem-tudunk-gondolni\/","og_site_name":"MediaMarkt Magazin","article_publisher":"https:\/\/www.facebook.com\/MediaMarktMagyarorszag","article_published_time":"2024-10-10T15:01:03+00:00","article_modified_time":"2024-10-10T15:02:03+00:00","og_image":[{"width":1024,"height":619,"url":"https:\/\/hir.mediamarkt.hu\/magazin\/wp-content\/uploads\/2024\/09\/Samsung_Odyssey_32_cover_1024x619_v2.jpg","type":"image\/jpeg"}],"author":"Nemenyi","twitter_misc":{"Szerz\u0151:":"Nemenyi","Becs\u00fclt olvas\u00e1si id\u0151":"12 perc"},"schema":{"@context":"https:\/\/schema.org","@graph":[{"@type":"WebPage","@id":"https:\/\/hir.mediamarkt.hu\/magazin\/kiprobaltuk-a-vilag-legjobb-monitorat-es-most-semmi-masra-nem-tudunk-gondolni\/","url":"https:\/\/hir.mediamarkt.hu\/magazin\/kiprobaltuk-a-vilag-legjobb-monitorat-es-most-semmi-masra-nem-tudunk-gondolni\/","name":"Samsung Odyssey G8 teszt - kipr\u00f3b\u00e1ltuk a vil\u00e1g egyik legjobb monitor\u00e1t! - MediaMarkt Magazin","isPartOf":{"@id":"https:\/\/hir.mediamarkt.hu\/magazin\/#website"},"primaryImageOfPage":{"@id":"https:\/\/hir.mediamarkt.hu\/magazin\/kiprobaltuk-a-vilag-legjobb-monitorat-es-most-semmi-masra-nem-tudunk-gondolni\/#primaryimage"},"image":{"@id":"https:\/\/hir.mediamarkt.hu\/magazin\/kiprobaltuk-a-vilag-legjobb-monitorat-es-most-semmi-masra-nem-tudunk-gondolni\/#primaryimage"},"thumbnailUrl":"https:\/\/hir.mediamarkt.hu\/magazin\/wp-content\/uploads\/2024\/09\/Samsung_Odyssey_32_cover_1024x619_v2.jpg","datePublished":"2024-10-10T15:01:03+00:00","dateModified":"2024-10-10T15:02:03+00:00","author":{"@id":"https:\/\/hir.mediamarkt.hu\/magazin\/#\/schema\/person\/f4a17b2dc97f2e2bf1b88a89d4ef7d05"},"description":"Pap\u00edron is leny\u0171g\u00f6z\u0151 a Samsung Odyssey G8 t\u00f6k\u00e9letes kontraszttal ell\u00e1tott v\u00e1ltozata, de m\u0171k\u00f6d\u00e9s k\u00f6zben m\u00e9g enn\u00e9l is sokkal t\u00f6bbet ny\u00fajt.","breadcrumb":{"@id":"https:\/\/hir.mediamarkt.hu\/magazin\/kiprobaltuk-a-vilag-legjobb-monitorat-es-most-semmi-masra-nem-tudunk-gondolni\/#breadcrumb"},"inLanguage":"hu","potentialAction":[{"@type":"ReadAction","target":["https:\/\/hir.mediamarkt.hu\/magazin\/kiprobaltuk-a-vilag-legjobb-monitorat-es-most-semmi-masra-nem-tudunk-gondolni\/"]}]},{"@type":"ImageObject","inLanguage":"hu","@id":"https:\/\/hir.mediamarkt.hu\/magazin\/kiprobaltuk-a-vilag-legjobb-monitorat-es-most-semmi-masra-nem-tudunk-gondolni\/#primaryimage","url":"https:\/\/hir.mediamarkt.hu\/magazin\/wp-content\/uploads\/2024\/09\/Samsung_Odyssey_32_cover_1024x619_v2.jpg","contentUrl":"https:\/\/hir.mediamarkt.hu\/magazin\/wp-content\/uploads\/2024\/09\/Samsung_Odyssey_32_cover_1024x619_v2.jpg","width":1024,"height":619},{"@type":"BreadcrumbList","@id":"https:\/\/hir.mediamarkt.hu\/magazin\/kiprobaltuk-a-vilag-legjobb-monitorat-es-most-semmi-masra-nem-tudunk-gondolni\/#breadcrumb","itemListElement":[{"@type":"ListItem","position":1,"name":"Kezd\u0151lap","item":"https:\/\/hir.mediamarkt.hu\/magazin\/"},{"@type":"ListItem","position":2,"name":"Tesztelt\u00fck","item":"https:\/\/hir.mediamarkt.hu\/magazin\/teszteltuk\/"},{"@type":"ListItem","position":3,"name":"Samsung Odyssey G8 teszt &#8211; kipr\u00f3b\u00e1ltuk a vil\u00e1g egyik legjobb monitor\u00e1t!"}]},{"@type":"WebSite","@id":"https:\/\/hir.mediamarkt.hu\/magazin\/#website","url":"https:\/\/hir.mediamarkt.hu\/magazin\/","name":"MediaMarkt Magazin","description":"Olvass bele magazinunkba!","potentialAction":[{"@type":"SearchAction","target":{"@type":"EntryPoint","urlTemplate":"https:\/\/hir.mediamarkt.hu\/magazin\/?s={search_term_string}"},"query-input":"required name=search_term_string"}],"inLanguage":"hu"},{"@type":"Person","@id":"https:\/\/hir.mediamarkt.hu\/magazin\/#\/schema\/person\/f4a17b2dc97f2e2bf1b88a89d4ef7d05","name":"Nemenyi","image":{"@type":"ImageObject","inLanguage":"hu","@id":"https:\/\/hir.mediamarkt.hu\/magazin\/#\/schema\/person\/image\/","url":"https:\/\/secure.gravatar.com\/avatar\/9470b3223c723142e66adcad803b24fe?s=96&d=mm&r=g","contentUrl":"https:\/\/secure.gravatar.com\/avatar\/9470b3223c723142e66adcad803b24fe?s=96&d=mm&r=g","caption":"Nemenyi"}}]}},"_links":{"self":[{"href":"https:\/\/hir.mediamarkt.hu\/magazin\/wp-json\/wp\/v2\/posts\/22037"}],"collection":[{"href":"https:\/\/hir.mediamarkt.hu\/magazin\/wp-json\/wp\/v2\/posts"}],"about":[{"href":"https:\/\/hir.mediamarkt.hu\/magazin\/wp-json\/wp\/v2\/types\/post"}],"author":[{"embeddable":true,"href":"https:\/\/hir.mediamarkt.hu\/magazin\/wp-json\/wp\/v2\/users\/22"}],"replies":[{"embeddable":true,"href":"https:\/\/hir.mediamarkt.hu\/magazin\/wp-json\/wp\/v2\/comments?post=22037"}],"version-history":[{"count":3,"href":"https:\/\/hir.mediamarkt.hu\/magazin\/wp-json\/wp\/v2\/posts\/22037\/revisions"}],"predecessor-version":[{"id":22246,"href":"https:\/\/hir.mediamarkt.hu\/magazin\/wp-json\/wp\/v2\/posts\/22037\/revisions\/22246"}],"wp:featuredmedia":[{"embeddable":true,"href":"https:\/\/hir.mediamarkt.hu\/magazin\/wp-json\/wp\/v2\/media\/22309"}],"wp:attachment":[{"href":"https:\/\/hir.mediamarkt.hu\/magazin\/wp-json\/wp\/v2\/media?parent=22037"}],"wp:term":[{"taxonomy":"category","embeddable":true,"href":"https:\/\/hir.mediamarkt.hu\/magazin\/wp-json\/wp\/v2\/categories?post=22037"},{"taxonomy":"post_tag","embeddable":true,"href":"https:\/\/hir.mediamarkt.hu\/magazin\/wp-json\/wp\/v2\/tags?post=22037"}],"curies":[{"name":"wp","href":"https:\/\/api.w.org\/{rel}","templated":true}]}}