{"id":23570,"date":"2025-02-05T10:18:37","date_gmt":"2025-02-05T09:18:37","guid":{"rendered":"https:\/\/hir.mediamarkt.hu\/magazin\/?p=23570"},"modified":"2025-02-05T13:44:49","modified_gmt":"2025-02-05T12:44:49","slug":"gopro-hero13-bundle-teszt-miert-eri-meg-beruhazni","status":"publish","type":"post","link":"https:\/\/hir.mediamarkt.hu\/magazin\/gopro-hero13-bundle-teszt-miert-eri-meg-beruhazni\/","title":{"rendered":"GoPro HERO13 bundle teszt: mi\u00e9rt \u00e9ri meg beruh\u00e1zni?"},"content":{"rendered":"\n<p>A GoPro HERO13 meg\u00e9rkezett, \u00e9s nagyot robbantott a technol\u00f3giai piacon. A m\u00e1rka, amely 2006 \u00f3ta uralja az akci\u00f3kamer\u00e1k vil\u00e1g\u00e1t, ism\u00e9t bebizony\u00edtotta, hogy k\u00e9pes a folyamatos innov\u00e1ci\u00f3ra. Az \u00faj HERO13 technikai \u00faj\u00edt\u00e1sokkal, tart\u00f3ss\u00e1ggal \u00e9s sokoldal\u00fas\u00e1ggal h\u00f3d\u00edt. De vajon t\u00e9nyleg meg\u00e9ri beruh\u00e1zni? N\u00e9zz\u00fck meg k\u00f6zelebbr\u0151l!<\/p>\n\n\n\n<p>Az igaz\u00e1n nagy fejl\u0151d\u00e9s a kompakt m\u00e9ret melletti elk\u00e9peszt\u0151, 4k-s felv\u00e9tel r\u00f6gz\u00edt\u00e9se volt, amit az \u00e9vek sor\u00e1n t\u00f6k\u00e9letesre csiszoltak, \u00e9s kieg\u00e9sz\u00edtettek olyan technol\u00f3gi\u00e1kkal (stabiliz\u00e1l\u00e1s) \u00e9s funkci\u00f3kkal (lass\u00edtott m\u00f3d), amik n\u00e9lk\u00fcl ma m\u00e1r labd\u00e1ba sem r\u00faghat egy valamireval\u00f3 akci\u00f3kamer<\/p>\n\n\n\n<p>Mostanra pedig az akci\u00f3kamer\u00e1k iPhone-j\u00e1v\u00e1 v\u00e1lt a GoPro. Minden gener\u00e1ci\u00f3 hoz valami csod\u00e1latos \u00faj\u00edt\u00e1st, ami pont csak annyira el\u00e9g, hogy az el\u0151z\u0151 modell \u00e1r-\u00e9rt\u00e9k ar\u00e1nya v\u00e9gre \u201emeg\u00e9ri\u201d-re v\u00e1ltozzon.<\/p>\n\n\n\n<h2 class=\"wp-block-heading\">Kialak\u00edt\u00e1s<\/h2>\n\n\n\n<p>A GoPro Hero 13 Black kialak\u00edt\u00e1sa hasonl\u00f3 a kor\u00e1bbi modellekhez (<a href=\"https:\/\/hir.mediamarkt.hu\/magazin\/hero-12\/\" target=\"_blank\" rel=\"noreferrer noopener\">GoPro 12 tesztet <\/a>itt tal\u00e1lod), m\u00e9retei \u00e9s s\u00falya szinte azonos (71,8 x 50,8 x 33,6 mm), de a nagyobb kapacit\u00e1s\u00fa akkumul\u00e1tor miatt kiss\u00e9 nehezebb, k\u00f6r\u00fclbel\u00fcl <strong>159 g<\/strong>. Az \u00faj <strong>1900 mAh Enduro akkumul\u00e1tor<\/strong> k\u00f6r\u00fclbel\u00fcl 10%-kal hosszabb \u00fczemid\u0151t biztos\u00edt. Fontos megjegyezni, hogy a HERO13 nem kompatibilis a r\u00e9gebbi GoPro modellek akkumul\u00e1toraival.<\/p>\n\n\n\n<p>Az anyaghaszn\u00e1latn\u00e1l tov\u00e1bbra is a tart\u00f3ss\u00e1gra \u00e9s v\u00edz\u00e1ll\u00f3s\u00e1gra helyezt\u00e9k a hangs\u00falyt. Ak\u00e1r 10 m\u00e9ter m\u00e9lys\u00e9gig haszn\u00e1lhat\u00f3, amely \u00edgy t\u00f6k\u00e9letes v\u00e1laszt\u00e1ss\u00e1 teszi extr\u00e9m k\u00f6r\u00fclm\u00e9nyek k\u00f6z\u00f6tt is. A gombok kialak\u00edt\u00e1sa ergonomikus, \u00e9s a GoPro tov\u00e1bbra is megtartotta a minimalista gombkioszt\u00e1st, amely seg\u00edti a felhaszn\u00e1l\u00f3t a gyors \u00e9s egyszer\u0171 kezelhet\u0151s\u00e9gben, ak\u00e1r egy k\u00e9zzel is.<\/p>\n\n\n\n<p>\u00dajdons\u00e1gk\u00e9nt megjelent a m\u00e1gneses r\u00f6gz\u00edt\u0151 rendszer, amely megk\u00f6nny\u00edti a kamera gyors csatlakoztat\u00e1s\u00e1t k\u00fcl\u00f6nb\u00f6z\u0151 tart\u00f3khoz. Ez praktikus a gyors mozg\u00e1st ig\u00e9nyl\u0151 helyzetekben, b\u00e1r nem aj\u00e1nlott nagy r\u00e1zk\u00f3d\u00e1s vagy sebess\u00e9g mellett haszn\u00e1lni.<\/p>\n\n\n\n<p>A GoPro Hero 13 tov\u00e1bbfejlesztett lencs\u00e9kkel \u00e9rkezik, ilyen p\u00e9ld\u00e1ul cser\u00e9lhet\u0151 makr\u00f3 lencse, amely k\u00f6zeli k\u00e9pekhez kiv\u00e1l\u00f3, valamint ND sz\u0171r\u0151kkel a kreat\u00edv felv\u00e9telekhez. Az \u00faj lencse modulkialak\u00edt\u00e1s lehet\u0151v\u00e9 teszi a lencs\u00e9k automatikus felismer\u00e9s\u00e9t \u00e9s a kamera be\u00e1ll\u00edt\u00e1sainak ennek megfelel\u0151 automatikus friss\u00edt\u00e9s\u00e9t.<\/p>\n\n\n\n<h2 class=\"wp-block-heading\">K\u00e9perny\u0151<\/h2>\n\n\n\n<figure class=\"wp-block-gallery has-nested-images columns-default is-cropped wp-block-gallery-2 is-layout-flex wp-block-gallery-is-layout-flex\">\n<figure class=\"wp-block-image size-large\"><img loading=\"lazy\" decoding=\"async\" width=\"700\" height=\"526\" data-id=\"23673\" src=\"https:\/\/hir.mediamarkt.hu\/magazin\/wp-content\/uploads\/2025\/02\/gopro13-1-700x526.jpeg\" alt=\"\" class=\"wp-image-23673\" srcset=\"https:\/\/hir.mediamarkt.hu\/magazin\/wp-content\/uploads\/2025\/02\/gopro13-1-700x526.jpeg 700w, https:\/\/hir.mediamarkt.hu\/magazin\/wp-content\/uploads\/2025\/02\/gopro13-1-250x188.jpeg 250w, https:\/\/hir.mediamarkt.hu\/magazin\/wp-content\/uploads\/2025\/02\/gopro13-1-275x207.jpeg 275w, https:\/\/hir.mediamarkt.hu\/magazin\/wp-content\/uploads\/2025\/02\/gopro13-1-768x578.jpeg 768w, https:\/\/hir.mediamarkt.hu\/magazin\/wp-content\/uploads\/2025\/02\/gopro13-1-120x90.jpeg 120w, https:\/\/hir.mediamarkt.hu\/magazin\/wp-content\/uploads\/2025\/02\/gopro13-1-500x375.jpeg 500w, https:\/\/hir.mediamarkt.hu\/magazin\/wp-content\/uploads\/2025\/02\/gopro13-1.jpeg 1440w\" sizes=\"(max-width: 700px) 100vw, 700px\" \/><\/figure>\n\n\n\n<figure class=\"wp-block-image size-large\"><img loading=\"lazy\" decoding=\"async\" width=\"700\" height=\"455\" data-id=\"23674\" src=\"https:\/\/hir.mediamarkt.hu\/magazin\/wp-content\/uploads\/2025\/02\/gopro13-2-700x455.jpeg\" alt=\"\" class=\"wp-image-23674\" srcset=\"https:\/\/hir.mediamarkt.hu\/magazin\/wp-content\/uploads\/2025\/02\/gopro13-2-700x455.jpeg 700w, https:\/\/hir.mediamarkt.hu\/magazin\/wp-content\/uploads\/2025\/02\/gopro13-2-250x162.jpeg 250w, https:\/\/hir.mediamarkt.hu\/magazin\/wp-content\/uploads\/2025\/02\/gopro13-2-275x179.jpeg 275w, https:\/\/hir.mediamarkt.hu\/magazin\/wp-content\/uploads\/2025\/02\/gopro13-2-768x499.jpeg 768w, https:\/\/hir.mediamarkt.hu\/magazin\/wp-content\/uploads\/2025\/02\/gopro13-2-120x78.jpeg 120w, https:\/\/hir.mediamarkt.hu\/magazin\/wp-content\/uploads\/2025\/02\/gopro13-2.jpeg 1440w\" sizes=\"(max-width: 700px) 100vw, 700px\" \/><\/figure>\n<\/figure>\n\n\n\n<p>A kor\u00e1bbi modellekhez hasonl\u00f3an itt is k\u00e9t kijelz\u0151t kapunk. A h\u00e1ts\u00f3 kijelz\u0151 egy 2,27\u201d-os \u00e9rint\u0151k\u00e9perny\u0151, mely magasabb f\u00e9nyer\u0151re k\u00e9pes, mint a HERO12, \u00edgy m\u00e9g jobban l\u00e1tjuk a vide\u00f3felv\u00e9teleket, ha helyben visszan\u00e9zn\u00e9nk \u0151ket. Az els\u0151 kijelz\u0151 1,4\u201d-os, \u00e9s legink\u00e1bb a content creatorok fogj\u00e1k nagy haszn\u00e1t venni, mert b\u00e1r nem t\u00fal nagy, arra el\u00e9g, hogy \u00e9l\u0151 el\u0151n\u00e9zetet biztos\u00edtson a felv\u00e9tel sor\u00e1n. Ezen a kijelz\u0151n kapott helyett egy\u00e9bk\u00e9nt az akkumul\u00e1tort\u00f6lt\u00f6tts\u00e9g kijezl\u00e9se \u00e9s a vide\u00f3felv\u00e9tel hossza is. T\u00fal sok pontos inform\u00e1ci\u00f3t tov\u00e1bbra sem adnak meg a kijelz\u0151kr\u0151l, de a h\u00e1ts\u00f3, nagyobb k\u00e9perny\u0151 nagyj\u00e1b\u00f3l 320&#215;480 felbont\u00e1ssal dolgozhat. Emellett a f\u00e9nyer\u0151re vonatkoz\u00f3an is sz\u0171kszav\u00fa a gy\u00e1rt\u00f3, valahol 500-550 nit k\u00f6z\u00f6tt lehet ez az \u00e9rt\u00e9k a HERO13-n\u00e1l.<\/p>\n\n\n\n<h2 class=\"wp-block-heading\">Technikai adatok<\/h2>\n\n\n\n<p>A GoPro Hero13 1 h\u00fcvelykes 8:7 k\u00e9par\u00e1ny\u00fa CMOS k\u00e9p\u00e9rz\u00e9kel\u0151je 27 megapixeles felbont\u00e1st k\u00edn\u00e1l, amely kiv\u00e1l\u00f3 min\u0151s\u00e9get biztos\u00edt. Fejlett f\u00e9ny\u00e9rz\u00e9kenys\u00e9ge \u00e9s sz\u00e9les dinamikatartom\u00e1nya lehet\u0151v\u00e9 teszi r\u00e9szletgazdag k\u00e9pek k\u00e9sz\u00edt\u00e9s\u00e9t gyenge f\u00e9nyviszonyok k\u00f6z\u00f6tt is. Nagyobb pixelm\u00e9rete \u00e9s gyorsabb z\u00e1rideje tiszt\u00e1bb felv\u00e9teleket ny\u00fajt, t\u00e1mogatva a RAW \u00e9s JPEG form\u00e1tumokat a fot\u00f3khoz.<\/p>\n\n\n\n<figure class=\"wp-block-gallery has-nested-images columns-default is-cropped wp-block-gallery-3 is-layout-flex wp-block-gallery-is-layout-flex\">\n<figure class=\"wp-block-image size-large\"><img loading=\"lazy\" decoding=\"async\" width=\"700\" height=\"1016\" data-id=\"23678\" src=\"https:\/\/hir.mediamarkt.hu\/magazin\/wp-content\/uploads\/2025\/02\/gopro13-3-700x1016.jpeg\" alt=\"A GoPro HERO13 Black a leg\u00fajabb akci\u00f3kamera, amely 5.3K60 vide\u00f3felv\u00e9telt, HyperSmooth 6.0 stabiliz\u00e1ci\u00f3t \u00e9s cser\u00e9lhet\u0151 HB-sorozat\u00fa lencs\u00e9ket k\u00edn\u00e1l, mint p\u00e9ld\u00e1ul az ultra-sz\u00e9les \u00e9s makr\u00f3 lencs\u00e9k. Az \u00faj, nagyobb kapacit\u00e1s\u00fa Enduro akkumul\u00e1tor hosszabb \u00fczemid\u0151t biztos\u00edt minden id\u0151j\u00e1r\u00e1si k\u00f6r\u00fclm\u00e9ny k\u00f6z\u00f6tt. Ide\u00e1lis v\u00e1laszt\u00e1s kalandoroknak \u00e9s tartalomk\u00e9sz\u00edt\u0151knek, akik kiv\u00e1l\u00f3 min\u0151s\u00e9g\u0171 felv\u00e9teleket szeretn\u00e9nek k\u00e9sz\u00edteni.\" class=\"wp-image-23678\" srcset=\"https:\/\/hir.mediamarkt.hu\/magazin\/wp-content\/uploads\/2025\/02\/gopro13-3-700x1016.jpeg 700w, https:\/\/hir.mediamarkt.hu\/magazin\/wp-content\/uploads\/2025\/02\/gopro13-3-250x363.jpeg 250w, https:\/\/hir.mediamarkt.hu\/magazin\/wp-content\/uploads\/2025\/02\/gopro13-3-275x399.jpeg 275w, https:\/\/hir.mediamarkt.hu\/magazin\/wp-content\/uploads\/2025\/02\/gopro13-3-768x1115.jpeg 768w, https:\/\/hir.mediamarkt.hu\/magazin\/wp-content\/uploads\/2025\/02\/gopro13-3-120x174.jpeg 120w, https:\/\/hir.mediamarkt.hu\/magazin\/wp-content\/uploads\/2025\/02\/gopro13-3.jpeg 992w\" sizes=\"(max-width: 700px) 100vw, 700px\" \/><\/figure>\n\n\n\n<figure class=\"wp-block-image size-large\"><img loading=\"lazy\" decoding=\"async\" width=\"700\" height=\"1062\" data-id=\"23679\" src=\"https:\/\/hir.mediamarkt.hu\/magazin\/wp-content\/uploads\/2025\/02\/gopro13-4-700x1062.jpeg\" alt=\"\" class=\"wp-image-23679\" srcset=\"https:\/\/hir.mediamarkt.hu\/magazin\/wp-content\/uploads\/2025\/02\/gopro13-4-700x1062.jpeg 700w, https:\/\/hir.mediamarkt.hu\/magazin\/wp-content\/uploads\/2025\/02\/gopro13-4-250x379.jpeg 250w, https:\/\/hir.mediamarkt.hu\/magazin\/wp-content\/uploads\/2025\/02\/gopro13-4-275x417.jpeg 275w, https:\/\/hir.mediamarkt.hu\/magazin\/wp-content\/uploads\/2025\/02\/gopro13-4-768x1165.jpeg 768w, https:\/\/hir.mediamarkt.hu\/magazin\/wp-content\/uploads\/2025\/02\/gopro13-4-120x182.jpeg 120w, https:\/\/hir.mediamarkt.hu\/magazin\/wp-content\/uploads\/2025\/02\/gopro13-4.jpeg 949w\" sizes=\"(max-width: 700px) 100vw, 700px\" \/><\/figure>\n<\/figure>\n\n\n\n<h2 class=\"wp-block-heading\">Tartoz\u00e9kok kompatibilit\u00e1sa<\/h2>\n\n\n\n<p>GoPro Hero13 nagyj\u00e1b\u00f3l kompatibilis a kor\u00e1bbi modellek tartoz\u00e9kaival, k\u00fcl\u00f6n\u00f6sen az \u00e1ltal\u00e1nos r\u00f6gz\u00edt\u00e9si rendszerek \u00e9s a tokok tekintet\u00e9ben. A GoPro hossz\u00fa ideje kiemelt figyelmet ford\u00edt a tartoz\u00e9kok szabv\u00e1nyos\u00edt\u00e1s\u00e1ra, \u00edgy a legt\u00f6bb kor\u00e1bbi kieg\u00e9sz\u00edt\u0151, mint p\u00e9ld\u00e1ul a p\u00e1ntok, markolatok \u00e9s \u00e1llv\u00e1nyok tov\u00e1bbra is haszn\u00e1lhat\u00f3k.<\/p>\n\n\n\n<p>Azonban n\u00e9h\u00e1ny \u00faj funkci\u00f3 (p\u00e9ld\u00e1ul a nagyobb, 1 h\u00fcvelykes szenzor vagy az akkumul\u00e1tor) miatt lehetnek specifikus tartoz\u00e9kok, mint az Enduro akkumul\u00e1tor vagy a modul\u00e1ris kieg\u00e9sz\u00edt\u0151k, amelyek csak az \u00fajabb modellekhez illenek, \u00edgy ezeket \u00e9rdemes k\u00fcl\u00f6n ellen\u0151rizni.<\/p>\n\n\n\n<h2 class=\"wp-block-heading\">Felbont\u00e1s \u00e9s videomin\u0151s\u00e9g<\/h2>\n\n\n\n<p>Alapvet\u0151en 4 felbont\u00e1s k\u00f6z\u00fcl v\u00e1laszthatunk, att\u00f3l f\u00fcgg\u0151en, hogy milyen aktivit\u00e1st szeretn\u00e9nk r\u00f6gz\u00edteni. Ez garant\u00e1lja, hogy mindenki megtal\u00e1lja a sz\u00e1m\u00e1ra megfelel\u0151 opci\u00f3t.<\/p>\n\n\n\n<ul>\n<li>5.3K &#8211; 60 fps (ultra nagy felbont\u00e1s \u00e9s r\u00e9szletess\u00e9g)<\/li>\n\n\n\n<li>4K &#8211; 120 fps (magas felbont\u00e1s\u00fa lass\u00edtott felv\u00e9telek)<\/li>\n\n\n\n<li>2.7K &#8211; 240 fps (extra lass\u00edtott vide\u00f3khoz)<\/li>\n\n\n\n<li>1080p (Full HD) &#8211; 240 fps (hosszabb lass\u00edtott felv\u00e9telekhez)<\/li>\n<\/ul>\n\n\n\n<p>Az fps \u00e9rt\u00e9kek term\u00e9szetesen csak \u201e<em>ak\u00e1r<\/em>\u201d \u00e9rt\u00e9kek, ha szeretn\u00e9nk ezt is testre szabhatjuk.<\/p>\n\n\n\n<h2 class=\"wp-block-heading\">K\u00e9pstabiliz\u00e1ci\u00f3<\/h2>\n\n\n\n<p>A GoPro Hero13 a leg\u00fajabb <strong>HyperSmooth 6.0<\/strong> k\u00e9pstabiliz\u00e1l\u00f3 technol\u00f3gi\u00e1t haszn\u00e1lja, amely m\u00e9g sim\u00e1bb \u00e9s stabilabb felv\u00e9teleket biztos\u00edt, k\u00fcl\u00f6n\u00f6sen gyors mozg\u00e1sok vagy r\u00e1zk\u00f3d\u00e1sok eset\u00e9n.<\/p>\n\n\n\n<h3 class=\"wp-block-heading\">HyperSmooth 6.0<\/h3>\n\n\n\n<p>Automatikusan alkalmazkodik a mozg\u00e1s intenzit\u00e1s\u00e1hoz, \u00edgy ak\u00e1r extr\u00e9m k\u00f6r\u00fclm\u00e9nyek k\u00f6z\u00f6tt is egyenletes felv\u00e9teleket k\u00e9sz\u00edt. Az \u00e9rz\u00e9kel\u0151n k\u00edv\u00fcl a k\u00e9pfeldolgoz\u00f3 algoritmusokat is tov\u00e1bb csiszolt\u00e1k, ezek harmonikus egy\u00fcttm\u0171k\u00f6d\u00e9se biztos\u00edtja a stabil vide\u00f3kat.<\/p>\n\n\n\n<h3 class=\"wp-block-heading\">AutoBoost<\/h3>\n\n\n\n<p>Automatikusan \u00e9rz\u00e9keli a sz\u00fcks\u00e9ges stabiliz\u00e1l\u00e1si szintet, \u00e9s csak akkor n\u00f6veli ennek m\u00e9rt\u00e9k\u00e9t, amikor sz\u00fcks\u00e9ges, ezzel minimaliz\u00e1lva a l\u00e1t\u00f3mez\u0151 sz\u0171k\u00edt\u00e9s\u00e9t.<\/p>\n\n\n\n<h3 class=\"wp-block-heading\">Horizon Lock<\/h3>\n\n\n\n<p>A 360\u00b0-os horizontz\u00e1r, amely biztos\u00edtja, hogy a felv\u00e9tel mindig v\u00edzszintesen maradjon, m\u00e9g akkor is, ha a kamera teljesen elforog. Ez rendk\u00edv\u00fcl hasznos gyors forg\u00e1sok k\u00f6zben.<\/p>\n\n\n\n<h3 class=\"wp-block-heading\">Fot\u00f3 m\u00f3d<\/h3>\n\n\n\n<p>A legfontosabb kiemelend\u0151 tulajdons\u00e1g a <strong>RAW<\/strong> form\u00e1tum t\u00e1mogat\u00e1sa, mely professzion\u00e1lis felhaszn\u00e1l\u00e1sra, ut\u00f3munk\u00e1ra is alkalmass\u00e1 teszi a k\u00e9sz\u00fcl\u00e9ket. Sz\u00e1mtalan m\u00f3d \u00e1ll rendelkez\u00e9s\u00fcnkre a fot\u00f3k elk\u00e9sz\u00edt\u00e9s\u00e9hez, legyen az \u00e9jszakai k\u00e9p, sorozatk\u00e9p, vagy id\u0151z\u00edtett fot\u00f3.<\/p>\n\n\n\n<h3 class=\"wp-block-heading\">SuperPhoto<\/h3>\n\n\n\n<p>Intelligens <strong>HDR (High Dynamic Range)<\/strong> m\u00f3d, amely automatikusan optimaliz\u00e1lja a f\u00e9nyer\u0151t, a kontrasztot \u00e9s a sz\u00edneket, hogy a lehet\u0151 legjobb k\u00e9pet k\u00e9sz\u00edtse m\u00e9g bonyolult f\u00e9nyviszonyok k\u00f6z\u00f6tt is.<\/p>\n\n\n\n<h3 class=\"wp-block-heading\">Burst m\u00f3d<\/h3>\n\n\n\n<p>Ak\u00e1r 30 k\u00e9pet is r\u00f6gz\u00edthet m\u00e1sodpercenk\u00e9nt (30fps), ami t\u00f6k\u00e9letes gyors mozg\u00e1sok megragad\u00e1s\u00e1hoz.<\/p>\n\n\n\n<h3 class=\"wp-block-heading\">LiveBurst<\/h3>\n\n\n\n<p>1,5 m\u00e1sodperces fot\u00f3sorozatot k\u00e9sz\u00edt a gomb lenyom\u00e1sa el\u0151tt \u00e9s ut\u00e1n, \u00edgy kiv\u00e1laszthatod a legjobb pillanatot. Lehet\u0151s\u00e9g van vide\u00f3k\u00e9nt vagy fot\u00f3k\u00e9nt menteni.<\/p>\n\n\n\n<h3 class=\"wp-block-heading\">Time Lapse \u00e9s Night Lapse<\/h3>\n\n\n\n<p>Id\u0151z\u00edtett fot\u00f3k k\u00e9sz\u00edt\u00e9se, bele\u00e9rtve \u00e9jszakai felv\u00e9teleket hossz\u00fa expoz\u00edci\u00f3s id\u0151vel, ami leny\u0171g\u00f6z\u0151 timelapse vide\u00f3kat \u00e9s alacsony f\u00e9ny\u0171 fot\u00f3kat eredm\u00e9nyez.<\/p>\n\n\n\n<h2 class=\"wp-block-heading\">Akkumul\u00e1tor \u00e9s \u00fczemid\u0151<\/h2>\n\n\n\n<p>Az akkumul\u00e1tor \u00e9lettartam\u00e1nak jav\u00edt\u00e1sa \u00e9s a h\u0151elvezet\u00e9s szint\u00e9n olyan ter\u00fcletek, amelyekre figyelmet ford\u00edtottak: az \u00fajratervezett, 10%-kal nagyobb kapacit\u00e1s\u00fa, 1 900 mAh-s akkumul\u00e1tor k\u00e9pes ak\u00e1r 1,5 \u00f3r\u00e1n \u00e1t 5.3K felbont\u00e1s\u00fa vide\u00f3kat r\u00f6gz\u00edteni, \u00e9s k\u00f6r\u00fclbel\u00fcl 2,5 \u00f3r\u00e1n \u00e1t Full HD 1080p felbont\u00e1s\u00fa vide\u00f3kat k\u00e9sz\u00edteni. Ha lemer\u00fclne sem kell k\u00e9ts\u00e9gbeesni, k\u00f6nnyed\u00e9n cser\u00e9lhet\u0151 az akkumul\u00e1tor. Az egyetlen h\u00e1tr\u00e1ny, hogy sajnos a kor\u00e1bbi verzi\u00f3k akkumul\u00e1tora nem kompatibilis a HERO13-al. Sajnos az eszk\u00f6zt nem tudjuk k\u00f6zvetlen\u00fcl gyorst\u00f6lteni, viszont k\u00fcl\u00f6n v\u00e1s\u00e1rolhatunk hozz\u00e1 akkumul\u00e1tort\u00f6lt\u0151t, ami m\u00e1r k\u00e9pes a gyorst\u00f6lt\u00e9sre.<\/p>\n\n\n\n<p>Sokak sz\u00e1m\u00e1ra probl\u00e9m\u00e1s lehet, hogyha kor\u00e1bban m\u00e1r beruh\u00e1ztak egy GoPro kamer\u00e1ra, \u00e9s most v\u00e1ltan\u00e1nak, nem haszn\u00e1lhatj\u00e1k a r\u00e9gebbi t\u00edpus akkumul\u00e1torait, azonban ennek k\u00e9t fontos oka van, amik tal\u00e1n j\u00f3 magyar\u00e1zattal szolg\u00e1lnak a v\u00e1ltoz\u00e1sra. Az egyik, hogy a kor\u00e1bbi modellek nagyon melegedtek felv\u00e9tel k\u00f6zben, melyre megold\u00e1st pr\u00f3b\u00e1l ny\u00fajtani az \u00faj h\u0151elvezet\u00e9si technol\u00f3gia, amihez \u00e1t kellett alak\u00edtani a k\u00e9sz\u00fcl\u00e9k bels\u0151 fel\u00e9p\u00edt\u00e9s\u00e9t (legal\u00e1bbis egy r\u00e9sz\u00e9t), a m\u00e1sik pedig, hogy fizikailag nem tudtak t\u00f6bb \u00fczemid\u0151t kipr\u00e9selni a kor\u00e1bbi akkumul\u00e1torokb\u00f3l.<\/p>\n\n\n\n<h2 class=\"wp-block-heading\">Hangfelv\u00e9tel<\/h2>\n\n\n\n<p>A GoPro Hero13 be\u00e9p\u00edtett mikrofonja jelent\u0151s fejleszt\u00e9seken ment kereszt\u00fcl, hogy jobb hangmin\u0151s\u00e9get biztos\u00edtson, m\u00e9g er\u0151s sz\u00e9lben vagy zajos k\u00f6rnyezetben is. A legt\u00f6bb felhaszn\u00e1l\u00e1s nem ig\u00e9nyel k\u00fcl\u00f6n k\u00fcls\u0151 mikrofont, de a lehet\u0151s\u00e9g\u00fcnk meg van r\u00e1. F\u00e1j\u00f3 pont, hogy a kamera tov\u00e1bbra sem t\u00e1mogatja a vezet\u00e9kn\u00e9lk\u00fcli mikrofon csatlakoztat\u00e1si lehet\u0151s\u00e9get. A mikrofon egyes funkci\u00f3inak be\u00e1ll\u00edt\u00e1s\u00e1ra is van lehet\u0151s\u00e9g\u00fcnk, de ak\u00e1r auto m\u00f3dban is k\u00e9pes \u00e9rz\u00e9kelni a k\u00f6rnyezeti zajok, \u00e9s jav\u00edtani a hangz\u00e1son.<\/p>\n\n\n\n<h2 class=\"wp-block-heading\">Szoftver \u00e9s APP<\/h2>\n\n\n\n<p>A k\u00e9sz\u00fcl\u00e9k rendk\u00edv\u00fcl reszponz\u00edv, ami \u00e9lvezetess\u00e9 teszi a nem t\u00fal bonyolult \u00e9s letisztult men\u00fc haszn\u00e1lat\u00e1t. Szinten mindent be\u00e1ll\u00edthatunk a kamer\u00e1n n\u00e9h\u00e1ny \u00e9rint\u00e9ssel. A k\u00e9perny\u0151t balra vagy jobbra suhintva v\u00e1lthatunk a m\u00f3dok k\u00f6z\u00f6tt (Time Lapse, Video, Photo), fentr\u0151l lefele legyintve el\u00e9rhetj\u00fck a gyors be\u00e1ll\u00edt\u00e1si men\u00fct, v\u00e9g\u00fcl pedig ha lentr\u0151l felfele h\u00fazzuk az ujjunkat a kijelz\u0151n a kor\u00e1bban r\u00f6gz\u00edtett vide\u00f3kat n\u00e9zhetj\u00fck vissza. A kamer\u00e1t nem csak \u00e9rint\u00e9ssel, hanem hanggal is vez\u00e9relhetj\u00fck. Ez egyel\u0151re csak angolul m\u0171k\u00f6dik, de mindenk\u00e9ppen k\u00f6nnyebbs\u00e9g, ha sziklam\u00e1sz\u00e1s k\u00f6zben el\u00e9g csak sz\u00f3lni a kamer\u00e1nak, hogy ind\u00edtsa a felv\u00e9telt.<\/p>\n\n\n\n<p>A kor\u00e1bbi modellekn\u00e9l m\u00e1r megszokott Quik appon kereszt\u00fcl ak\u00e1r telefonr\u00f3l is el\u00e9rhetj\u00fck a kamer\u00e1t \u00e9s minden be\u00e1ll\u00edt\u00e1s\u00e1t. N\u00e9h\u00e1ny egyszer\u0171 l\u00e9p\u00e9ssel szinkronba tudjuk hozni az alkalmaz\u00e1st a k\u00e9sz\u00fcl\u00e9kkel. Az appon bel\u00fcl el\u00e9rhetj\u00fck a k\u00e9sz\u00fcl\u00e9kre r\u00f6gz\u00edtett felv\u00e9teleket \u00e9s k\u00e9peket albumokba rendezve. Lehet\u0151s\u00e9g\u00fcnk van szerkeszti a felvett vide\u00f3kat a Studio-val, mely m\u00e1r pr\u00e9mium tags\u00e1ghoz van k\u00f6tve.<\/p>\n\n\n\n<p>Az alkalmaz\u00e1son bel\u00fcli be\u00e1ll\u00edt\u00e1sok is egy\u00e9rtelm\u0171ek, a men\u00fc nincs t\u00fal bonyol\u00edtva, sz\u00f3val maxim\u00e1lisan felhaszn\u00e1l\u00f3bar\u00e1t, ami rendk\u00edv\u00fcl hasznos, ha valaki most ismerkedik az akci\u00f3kamer\u00e1kkal \u00e9s azok lehet\u0151s\u00e9geivel.<\/p>\n\n\n\n<p>Aki a k\u00e9nyelmet kedveli \u00e9s nem szeretne ut\u00f3munk\u00e1zni a videofelv\u00e9teleken, azok sz\u00e1m\u00e1ra rendelkezik azonnali megoszt\u00e1ssal az alkalmaz\u00e1s. Felt\u00f6lt\u00e9s el\u0151tt be\u00e1ll\u00edthatjuk a vide\u00f3 min\u0151s\u00e9g\u00e9t, majd kiv\u00e1laszthatjuk, hogy melyik social platformra szeretn\u00e9nk felt\u00f6lteni a tartalmat, az alkalmaz\u00e1s pedig ehhez optimaliz\u00e1lja a vide\u00f3t.<\/p>\n\n\n\n<h2 class=\"wp-block-heading\">\u00dajdons\u00e1gok<\/h2>\n\n\n\n<p>Az \u00faj GoPro HERO13 az els\u0151 jelent\u0151s fejleszt\u00e9s \u00e9vek \u00f3ta a GoPro HERO sorozat\u00e1ban. A cser\u00e9lhet\u0151 objekt\u00edvrendszer hatalmas lehet\u0151s\u00e9get biztos\u00edt a felhaszn\u00e1l\u00f3k sz\u00e1m\u00e1ra, hogy m\u00e9g egyedibb tartalmakat gy\u00e1rthassanak. Ezenfel\u00fcl k\u00fcl\u00f6n ki kell emelni, hogy a kamera automatikusan \u00e9rz\u00e9keli milyen lencse ker\u00fclt fel r\u00e1, \u00e9s ehhez \u00e1ll\u00edtja be saj\u00e1t mag\u00e1t.<\/p>\n\n\n\n<figure class=\"wp-block-table\"><table><tbody><tr><td><strong>Tulajdons\u00e1g<\/strong><\/td><td><strong>GoPro Hero 13 Black<\/strong><\/td><td><strong>GoPro Hero 12 Black<\/strong><\/td><td><strong>GoPro Hero 11 Black<\/strong><\/td><\/tr><tr><td rowspan=\"2\"><strong>Vide\u00f3 felbont\u00e1s<\/strong><\/td><td>5.3K\/30\/25\/24 fps\/8:7<\/td><td>5.3K\/30\/25\/24 fps\/8:7<\/td><td>5.3K\/30\/25\/24 fps\/8:7<\/td><\/tr><tr><td>5.3K\/60\/50\/30\/25\/24 fps\/16:9<\/td><td>5.3K\/60\/50\/30\/25\/24 fps\/16:9<\/td><td>5.3K\/60\/50\/30\/25\/24 fps\/16:9<\/td><\/tr><tr><td><strong>HyperSmooth stabiliz\u00e1l\u00e1s<\/strong><\/td><td>Hyper Smooth 6.0<\/td><td>Hyper Smooth 5.0<\/td><td>Hyper Smooth 5.0<\/td><\/tr><tr><td><strong>HDR<\/strong><\/td><td>Igen<\/td><td>Igen<\/td><td>Nem<\/td><\/tr><tr><td><strong>Kapcsol\u00f3d\u00e1s<\/strong><\/td><td>Bluetooth 5.3, Wi-Fi 6<\/td><td>Bluetooth 4.2, Wi-Fi 5<\/td><td>Bluetooth 4.2, Wi-Fi 5<\/td><\/tr><tr><td><strong>GPS<\/strong><\/td><td>Igen<\/td><td>Nem<\/td><td>Igen<\/td><\/tr><tr><td><strong>Akkumul\u00e1tor<\/strong><\/td><td>Removable 1900mAh Enduro<\/td><td>Removable 1720mAh Enduro<\/td><td>Removable 1720mAh Enduro<\/td><\/tr><tr><td><strong>S\u00faly<\/strong><\/td><td>159g<\/td><td>154g<\/td><td>154g<\/td><\/tr><tr><td><strong>V\u00edz\u00e1ll\u00f3s\u00e1g<\/strong><\/td><td>10m-ig<\/td><td>10m-ig<\/td><td>10m-ig<\/td><\/tr><tr><td><strong>Lencs\u00e9k<\/strong><\/td><td>Cser\u00e9lhet\u0151<\/td><td>Cser\u00e9lhet\u0151<\/td><td>Cser\u00e9lhet\u0151<\/td><\/tr><tr><td><strong>F\u00e9nyk\u00e9p felbont\u00e1s<\/strong><\/td><td>27MP<\/td><td>27MP<\/td><td>27MP<\/td><\/tr><tr><td><strong>Max Photo Frame-Grabs<\/strong><\/td><td>24.69MP (8:7 5.3K)<\/td><td>24.69MP (8:7 5.3K)<\/td><td>24.69MP (8:7 5.3K)<\/td><\/tr><tr><td><strong>Vida\u00f3t\u00f6m\u00f6r\u00edt\u00e9si elj\u00e1r\u00e1s<\/strong><\/td><td>H.265 (HEVC)<\/td><td>H.265 (HEVC)<\/td><td>H.265 (HEVC)<\/td><\/tr><tr><td><strong>Digit\u00e1lis lencs\u00e9k<\/strong><\/td><td>HyperView, SuperView, Wide, Linear<\/td><td>HyperView, SuperView, Wide, Linear<\/td><td>HyperView, SuperView, Wide, Linear<\/td><\/tr><\/tbody><\/table><\/figure>\n\n\n\n<h2 class=\"wp-block-heading\">Kinek aj\u00e1nljuk?<\/h2>\n\n\n\n<p>Ha eddig m\u00e9g nem rendelkezt\u00e9l ilyen kamer\u00e1val, mindenk\u00e9ppen \u00e9rdemes a <a href=\"https:\/\/www.mediamarkt.hu\/hu\/product\/_gopro-hero13-black-creator-edition-akci%C3%B3kamera-csomag-t%C3%A1vir%C3%A1ny%C3%ADt%C3%B3s-markolat-l%C3%A1mpa-mikrofon-1463793.html\" target=\"_blank\" rel=\"noreferrer noopener\">HERO13<\/a>-ra beruh\u00e1zni, mert a kor\u00e1bbi modellekhez k\u00e9pest\u2026<\/p>\n\n\n\n<ul>\n<li>tartalomgy\u00e1rt\u00e1sra<\/li>\n\n\n\n<li>\u00faj, modul\u00e1ris lencs\u00e9kkel teheted sz\u00ednesebb\u00e9 a felv\u00e9teleidet<\/li>\n\n\n\n<li>\u00e1tdolgozott akkumul\u00e1tornak k\u00f6sz\u00f6nhet\u0151en t\u00f6bb ideig tudod haszn\u00e1lni a kamer\u00e1t egy t\u00f6lt\u00e9ssel<\/li>\n\n\n\n<li>a jav\u00edtott lass\u00edtott m\u00f3ddal m\u00e9g elk\u00e9peszt\u0151bb vide\u00f3kat tudsz k\u00e9sz\u00edteni<\/li>\n\n\n\n<li>a m\u00e1gneses r\u00f6gz\u00edt\u00e9snek k\u00f6sz\u00f6nhet\u0151en k\u00f6nnyed\u00e9n cser\u00e9lheted a kieg\u00e9sz\u00edt\u0151ket a kamer\u00e1n<\/li>\n<\/ul>\n\n\n\n<p>Ha azonban m\u00e1r akt\u00edv haszn\u00e1l\u00f3ja vagy egy kor\u00e1bbi modellnek, nem biztos, hogy meg\u00e9ri v\u00e1ltani. HERO10-r\u0151l m\u00e1r \u00e9rdemes megl\u00e9pni, de 11, 12-r\u0151l m\u00e9g nem ny\u00fajt annyi \u00fajdons\u00e1got, hogy meg\u00e9rje.<\/p>\n\n\n\n<p>A Creator Kit-tel a vloggerek \u00e9s digit\u00e1lis tartalomgy\u00e1rt\u00f3knak kedvez a gy\u00e1rt\u00f3 a sz\u00e1mtalan kieg\u00e9sz\u00edt\u0151vel. A fejlett k\u00e9pstabiliz\u00e1l\u00e1ssal a sportol\u00f3kat \u00e9s az akt\u00edv \u00e9letm\u00f3dot folytat\u00f3 felhaszn\u00e1l\u00f3kat tudja maxim\u00e1lisan kiszolg\u00e1lni a kamera. Nem sz\u00e1m\u00edt kezd\u0151 vagy e, vagy m\u00e1r r\u00e9g\u00f3ta haszn\u00e1lsz GoPro-t, a HERO13-mal eg\u00e9szen biztosan nem ny\u00falhatsz mell\u00e9, \u00e9s sok \u00e9vig ki fogja szolg\u00e1lni b\u00e1rmilyen k\u00f6rnyezetben is fogod haszn\u00e1lni.<\/p>\n\n\n\n<figure class=\"wp-block-gallery has-nested-images columns-default is-cropped wp-block-gallery-4 is-layout-flex wp-block-gallery-is-layout-flex\">\n<figure class=\"wp-block-image size-large\"><img loading=\"lazy\" decoding=\"async\" width=\"700\" height=\"1079\" data-id=\"23675\" src=\"https:\/\/hir.mediamarkt.hu\/magazin\/wp-content\/uploads\/2025\/02\/gopro13_bundle-1-700x1079.jpeg\" alt=\"\" class=\"wp-image-23675\" srcset=\"https:\/\/hir.mediamarkt.hu\/magazin\/wp-content\/uploads\/2025\/02\/gopro13_bundle-1-700x1079.jpeg 700w, https:\/\/hir.mediamarkt.hu\/magazin\/wp-content\/uploads\/2025\/02\/gopro13_bundle-1-250x385.jpeg 250w, https:\/\/hir.mediamarkt.hu\/magazin\/wp-content\/uploads\/2025\/02\/gopro13_bundle-1-275x424.jpeg 275w, https:\/\/hir.mediamarkt.hu\/magazin\/wp-content\/uploads\/2025\/02\/gopro13_bundle-1-768x1184.jpeg 768w, https:\/\/hir.mediamarkt.hu\/magazin\/wp-content\/uploads\/2025\/02\/gopro13_bundle-1-120x185.jpeg 120w, https:\/\/hir.mediamarkt.hu\/magazin\/wp-content\/uploads\/2025\/02\/gopro13_bundle-1.jpeg 934w\" sizes=\"(max-width: 700px) 100vw, 700px\" \/><\/figure>\n\n\n\n<figure class=\"wp-block-image size-large\"><img loading=\"lazy\" decoding=\"async\" width=\"700\" height=\"979\" data-id=\"23676\" src=\"https:\/\/hir.mediamarkt.hu\/magazin\/wp-content\/uploads\/2025\/02\/gopro13_bundle-2-700x979.jpeg\" alt=\"\" class=\"wp-image-23676\" srcset=\"https:\/\/hir.mediamarkt.hu\/magazin\/wp-content\/uploads\/2025\/02\/gopro13_bundle-2-700x979.jpeg 700w, https:\/\/hir.mediamarkt.hu\/magazin\/wp-content\/uploads\/2025\/02\/gopro13_bundle-2-250x350.jpeg 250w, https:\/\/hir.mediamarkt.hu\/magazin\/wp-content\/uploads\/2025\/02\/gopro13_bundle-2-275x384.jpeg 275w, https:\/\/hir.mediamarkt.hu\/magazin\/wp-content\/uploads\/2025\/02\/gopro13_bundle-2-768x1074.jpeg 768w, https:\/\/hir.mediamarkt.hu\/magazin\/wp-content\/uploads\/2025\/02\/gopro13_bundle-2-120x168.jpeg 120w, https:\/\/hir.mediamarkt.hu\/magazin\/wp-content\/uploads\/2025\/02\/gopro13_bundle-2.jpeg 1030w\" sizes=\"(max-width: 700px) 100vw, 700px\" \/><\/figure>\n\n\n\n<figure class=\"wp-block-image size-large\"><img loading=\"lazy\" decoding=\"async\" width=\"700\" height=\"1002\" data-id=\"23677\" src=\"https:\/\/hir.mediamarkt.hu\/magazin\/wp-content\/uploads\/2025\/02\/gopro13_bundle-3-700x1002.jpeg\" alt=\"\" class=\"wp-image-23677\" srcset=\"https:\/\/hir.mediamarkt.hu\/magazin\/wp-content\/uploads\/2025\/02\/gopro13_bundle-3-700x1002.jpeg 700w, https:\/\/hir.mediamarkt.hu\/magazin\/wp-content\/uploads\/2025\/02\/gopro13_bundle-3-250x358.jpeg 250w, https:\/\/hir.mediamarkt.hu\/magazin\/wp-content\/uploads\/2025\/02\/gopro13_bundle-3-275x394.jpeg 275w, https:\/\/hir.mediamarkt.hu\/magazin\/wp-content\/uploads\/2025\/02\/gopro13_bundle-3-768x1099.jpeg 768w, https:\/\/hir.mediamarkt.hu\/magazin\/wp-content\/uploads\/2025\/02\/gopro13_bundle-3-120x172.jpeg 120w, https:\/\/hir.mediamarkt.hu\/magazin\/wp-content\/uploads\/2025\/02\/gopro13_bundle-3.jpeg 1006w\" sizes=\"(max-width: 700px) 100vw, 700px\" \/><\/figure>\n<\/figure>\n\n\n\n<p>A term\u00e9ket itt tudod megv\u00e1s\u00e1rolni: <\/p>\n\n\n\n<p><a href=\"https:\/\/www.mediamarkt.hu\/hu\/product\/_gopro-hero13-black-creator-edition-akci%C3%B3kamera-csomag-t%C3%A1vir%C3%A1ny%C3%ADt%C3%B3s-markolat-l%C3%A1mpa-mikrofon-1463793.html\" target=\"_blank\" rel=\"noreferrer noopener\">GOPRO HERO13 Creator Edition akci\u00f3kamera csomag &#8211; t\u00e1vir\u00e1ny\u00edt\u00f3s markolat, l\u00e1mpa, mikrofon<\/a><\/p>\n\n\n\n<p><a href=\"https:\/\/www.mediamarkt.hu\/hu\/product\/_gopro-hero13-black-accessory-bundle-akci%C3%B3kamera-csomag-markolat-enduro-akku-64-gb-micro-sd-k%C3%A1rtya-1463791.html\" target=\"_blank\" rel=\"noreferrer noopener\">GOPRO HERO13 Accessory Bundle akci\u00f3kamera csomag<\/a><\/p>\n","protected":false},"excerpt":{"rendered":"A GoPro HERO13 Black a leg\u00fajabb akci\u00f3kamera, amely 5.3K60 vide\u00f3felv\u00e9telt, HyperSmooth 6.0 stabiliz\u00e1ci\u00f3t \u00e9s cser\u00e9lhet\u0151 HB-sorozat\u00fa lencs\u00e9ket k\u00edn\u00e1l, mint p\u00e9ld\u00e1ul az ultra-sz\u00e9les \u00e9s makr\u00f3 lencs\u00e9k. Az \u00faj, nagyobb kapacit\u00e1s\u00fa Enduro akkumul\u00e1tor hosszabb \u00fczemid\u0151t biztos\u00edt minden id\u0151j\u00e1r\u00e1si k\u00f6r\u00fclm\u00e9ny k\u00f6z\u00f6tt. Ide\u00e1lis v\u00e1laszt\u00e1s kalandoroknak \u00e9s tartalomk\u00e9sz\u00edt\u0151knek, akik kiv\u00e1l\u00f3 min\u0151s\u00e9g\u0171 felv\u00e9teleket szeretn\u00e9nek k\u00e9sz\u00edteni.","protected":false},"author":13,"featured_media":23708,"comment_status":"open","ping_status":"open","sticky":false,"template":"","format":"standard","meta":{"wprm-recipe-roundup-name":"","wprm-recipe-roundup-description":"","footnotes":""},"categories":[5980,5946,2382],"tags":[725],"yoast_head":"<!-- This site is optimized with the Yoast SEO plugin v22.9 - https:\/\/yoast.com\/wordpress\/plugins\/seo\/ -->\n<title>GoPro HERO13 bundle teszt: mi\u00e9rt \u00e9ri meg beruh\u00e1zni? - MediaMarkt Magazin<\/title>\n<meta name=\"robots\" content=\"index, follow, max-snippet:-1, max-image-preview:large, max-video-preview:-1\" \/>\n<link rel=\"canonical\" href=\"https:\/\/hir.mediamarkt.hu\/magazin\/gopro-hero13-bundle-teszt-miert-eri-meg-beruhazni\/\" \/>\n<meta property=\"og:locale\" content=\"hu_HU\" \/>\n<meta property=\"og:type\" content=\"article\" \/>\n<meta property=\"og:title\" content=\"GoPro HERO13 bundle teszt: mi\u00e9rt \u00e9ri meg beruh\u00e1zni? - MediaMarkt Magazin\" \/>\n<meta property=\"og:description\" content=\"A GoPro HERO13 Black a leg\u00fajabb akci\u00f3kamera, amely 5.3K60 vide\u00f3felv\u00e9telt, HyperSmooth 6.0 stabiliz\u00e1ci\u00f3t \u00e9s cser\u00e9lhet\u0151 HB-sorozat\u00fa lencs\u00e9ket k\u00edn\u00e1l, mint p\u00e9ld\u00e1ul az ultra-sz\u00e9les \u00e9s makr\u00f3 lencs\u00e9k. Az \u00faj, nagyobb kapacit\u00e1s\u00fa Enduro akkumul\u00e1tor hosszabb \u00fczemid\u0151t biztos\u00edt minden id\u0151j\u00e1r\u00e1si k\u00f6r\u00fclm\u00e9ny k\u00f6z\u00f6tt. Ide\u00e1lis v\u00e1laszt\u00e1s kalandoroknak \u00e9s tartalomk\u00e9sz\u00edt\u0151knek, akik kiv\u00e1l\u00f3 min\u0151s\u00e9g\u0171 felv\u00e9teleket szeretn\u00e9nek k\u00e9sz\u00edteni.\" \/>\n<meta property=\"og:url\" content=\"https:\/\/hir.mediamarkt.hu\/magazin\/gopro-hero13-bundle-teszt-miert-eri-meg-beruhazni\/\" \/>\n<meta property=\"og:site_name\" content=\"MediaMarkt Magazin\" \/>\n<meta property=\"article:publisher\" content=\"https:\/\/www.facebook.com\/MediaMarktMagyarorszag\" \/>\n<meta property=\"article:published_time\" content=\"2025-02-05T09:18:37+00:00\" \/>\n<meta property=\"article:modified_time\" content=\"2025-02-05T12:44:49+00:00\" \/>\n<meta property=\"og:image\" content=\"https:\/\/hir.mediamarkt.hu\/magazin\/wp-content\/uploads\/2025\/02\/GoPro_bundle_tartalomgyartas.png\" \/>\n\t<meta property=\"og:image:width\" content=\"1024\" \/>\n\t<meta property=\"og:image:height\" content=\"619\" \/>\n\t<meta property=\"og:image:type\" content=\"image\/png\" \/>\n<meta name=\"author\" content=\"Media Markt\" \/>\n<meta name=\"twitter:label1\" content=\"Szerz\u0151:\" \/>\n\t<meta name=\"twitter:data1\" content=\"Media Markt\" \/>\n\t<meta name=\"twitter:label2\" content=\"Becs\u00fclt olvas\u00e1si id\u0151\" \/>\n\t<meta name=\"twitter:data2\" content=\"11 perc\" \/>\n<script type=\"application\/ld+json\" class=\"yoast-schema-graph\">{\"@context\":\"https:\/\/schema.org\",\"@graph\":[{\"@type\":\"WebPage\",\"@id\":\"https:\/\/hir.mediamarkt.hu\/magazin\/gopro-hero13-bundle-teszt-miert-eri-meg-beruhazni\/\",\"url\":\"https:\/\/hir.mediamarkt.hu\/magazin\/gopro-hero13-bundle-teszt-miert-eri-meg-beruhazni\/\",\"name\":\"GoPro HERO13 bundle teszt: mi\u00e9rt \u00e9ri meg beruh\u00e1zni? - MediaMarkt Magazin\",\"isPartOf\":{\"@id\":\"https:\/\/hir.mediamarkt.hu\/magazin\/#website\"},\"primaryImageOfPage\":{\"@id\":\"https:\/\/hir.mediamarkt.hu\/magazin\/gopro-hero13-bundle-teszt-miert-eri-meg-beruhazni\/#primaryimage\"},\"image\":{\"@id\":\"https:\/\/hir.mediamarkt.hu\/magazin\/gopro-hero13-bundle-teszt-miert-eri-meg-beruhazni\/#primaryimage\"},\"thumbnailUrl\":\"https:\/\/hir.mediamarkt.hu\/magazin\/wp-content\/uploads\/2025\/02\/GoPro_bundle_tartalomgyartas.png\",\"datePublished\":\"2025-02-05T09:18:37+00:00\",\"dateModified\":\"2025-02-05T12:44:49+00:00\",\"author\":{\"@id\":\"https:\/\/hir.mediamarkt.hu\/magazin\/#\/schema\/person\/b93b02ec1ab4d2353f8d281e171c1b0b\"},\"breadcrumb\":{\"@id\":\"https:\/\/hir.mediamarkt.hu\/magazin\/gopro-hero13-bundle-teszt-miert-eri-meg-beruhazni\/#breadcrumb\"},\"inLanguage\":\"hu\",\"potentialAction\":[{\"@type\":\"ReadAction\",\"target\":[\"https:\/\/hir.mediamarkt.hu\/magazin\/gopro-hero13-bundle-teszt-miert-eri-meg-beruhazni\/\"]}]},{\"@type\":\"ImageObject\",\"inLanguage\":\"hu\",\"@id\":\"https:\/\/hir.mediamarkt.hu\/magazin\/gopro-hero13-bundle-teszt-miert-eri-meg-beruhazni\/#primaryimage\",\"url\":\"https:\/\/hir.mediamarkt.hu\/magazin\/wp-content\/uploads\/2025\/02\/GoPro_bundle_tartalomgyartas.png\",\"contentUrl\":\"https:\/\/hir.mediamarkt.hu\/magazin\/wp-content\/uploads\/2025\/02\/GoPro_bundle_tartalomgyartas.png\",\"width\":1024,\"height\":619},{\"@type\":\"BreadcrumbList\",\"@id\":\"https:\/\/hir.mediamarkt.hu\/magazin\/gopro-hero13-bundle-teszt-miert-eri-meg-beruhazni\/#breadcrumb\",\"itemListElement\":[{\"@type\":\"ListItem\",\"position\":1,\"name\":\"Kezd\u0151lap\",\"item\":\"https:\/\/hir.mediamarkt.hu\/magazin\/\"},{\"@type\":\"ListItem\",\"position\":2,\"name\":\"Seg\u00edt\u00fcnk v\u00e1lasztani\",\"item\":\"https:\/\/hir.mediamarkt.hu\/magazin\/segitunk-valasztani\/\"},{\"@type\":\"ListItem\",\"position\":3,\"name\":\"Tesztek\",\"item\":\"https:\/\/hir.mediamarkt.hu\/magazin\/segitunk-valasztani\/tesztek\/\"},{\"@type\":\"ListItem\",\"position\":4,\"name\":\"GoPro HERO13 bundle teszt: mi\u00e9rt \u00e9ri meg beruh\u00e1zni?\"}]},{\"@type\":\"WebSite\",\"@id\":\"https:\/\/hir.mediamarkt.hu\/magazin\/#website\",\"url\":\"https:\/\/hir.mediamarkt.hu\/magazin\/\",\"name\":\"MediaMarkt Magazin\",\"description\":\"Olvass bele magazinunkba!\",\"potentialAction\":[{\"@type\":\"SearchAction\",\"target\":{\"@type\":\"EntryPoint\",\"urlTemplate\":\"https:\/\/hir.mediamarkt.hu\/magazin\/?s={search_term_string}\"},\"query-input\":\"required name=search_term_string\"}],\"inLanguage\":\"hu\"},{\"@type\":\"Person\",\"@id\":\"https:\/\/hir.mediamarkt.hu\/magazin\/#\/schema\/person\/b93b02ec1ab4d2353f8d281e171c1b0b\",\"name\":\"Media Markt\",\"image\":{\"@type\":\"ImageObject\",\"inLanguage\":\"hu\",\"@id\":\"https:\/\/hir.mediamarkt.hu\/magazin\/#\/schema\/person\/image\/\",\"url\":\"https:\/\/secure.gravatar.com\/avatar\/602bccae8998beee472d01909f0978f1?s=96&d=mm&r=g\",\"contentUrl\":\"https:\/\/secure.gravatar.com\/avatar\/602bccae8998beee472d01909f0978f1?s=96&d=mm&r=g\",\"caption\":\"Media Markt\"}}]}<\/script>\n<!-- \/ Yoast SEO plugin. -->","yoast_head_json":{"title":"GoPro HERO13 bundle teszt: mi\u00e9rt \u00e9ri meg beruh\u00e1zni? - MediaMarkt Magazin","robots":{"index":"index","follow":"follow","max-snippet":"max-snippet:-1","max-image-preview":"max-image-preview:large","max-video-preview":"max-video-preview:-1"},"canonical":"https:\/\/hir.mediamarkt.hu\/magazin\/gopro-hero13-bundle-teszt-miert-eri-meg-beruhazni\/","og_locale":"hu_HU","og_type":"article","og_title":"GoPro HERO13 bundle teszt: mi\u00e9rt \u00e9ri meg beruh\u00e1zni? - MediaMarkt Magazin","og_description":"A GoPro HERO13 Black a leg\u00fajabb akci\u00f3kamera, amely 5.3K60 vide\u00f3felv\u00e9telt, HyperSmooth 6.0 stabiliz\u00e1ci\u00f3t \u00e9s cser\u00e9lhet\u0151 HB-sorozat\u00fa lencs\u00e9ket k\u00edn\u00e1l, mint p\u00e9ld\u00e1ul az ultra-sz\u00e9les \u00e9s makr\u00f3 lencs\u00e9k. Az \u00faj, nagyobb kapacit\u00e1s\u00fa Enduro akkumul\u00e1tor hosszabb \u00fczemid\u0151t biztos\u00edt minden id\u0151j\u00e1r\u00e1si k\u00f6r\u00fclm\u00e9ny k\u00f6z\u00f6tt. Ide\u00e1lis v\u00e1laszt\u00e1s kalandoroknak \u00e9s tartalomk\u00e9sz\u00edt\u0151knek, akik kiv\u00e1l\u00f3 min\u0151s\u00e9g\u0171 felv\u00e9teleket szeretn\u00e9nek k\u00e9sz\u00edteni.","og_url":"https:\/\/hir.mediamarkt.hu\/magazin\/gopro-hero13-bundle-teszt-miert-eri-meg-beruhazni\/","og_site_name":"MediaMarkt Magazin","article_publisher":"https:\/\/www.facebook.com\/MediaMarktMagyarorszag","article_published_time":"2025-02-05T09:18:37+00:00","article_modified_time":"2025-02-05T12:44:49+00:00","og_image":[{"width":1024,"height":619,"url":"https:\/\/hir.mediamarkt.hu\/magazin\/wp-content\/uploads\/2025\/02\/GoPro_bundle_tartalomgyartas.png","type":"image\/png"}],"author":"Media Markt","twitter_misc":{"Szerz\u0151:":"Media Markt","Becs\u00fclt olvas\u00e1si id\u0151":"11 perc"},"schema":{"@context":"https:\/\/schema.org","@graph":[{"@type":"WebPage","@id":"https:\/\/hir.mediamarkt.hu\/magazin\/gopro-hero13-bundle-teszt-miert-eri-meg-beruhazni\/","url":"https:\/\/hir.mediamarkt.hu\/magazin\/gopro-hero13-bundle-teszt-miert-eri-meg-beruhazni\/","name":"GoPro HERO13 bundle teszt: mi\u00e9rt \u00e9ri meg beruh\u00e1zni? - MediaMarkt Magazin","isPartOf":{"@id":"https:\/\/hir.mediamarkt.hu\/magazin\/#website"},"primaryImageOfPage":{"@id":"https:\/\/hir.mediamarkt.hu\/magazin\/gopro-hero13-bundle-teszt-miert-eri-meg-beruhazni\/#primaryimage"},"image":{"@id":"https:\/\/hir.mediamarkt.hu\/magazin\/gopro-hero13-bundle-teszt-miert-eri-meg-beruhazni\/#primaryimage"},"thumbnailUrl":"https:\/\/hir.mediamarkt.hu\/magazin\/wp-content\/uploads\/2025\/02\/GoPro_bundle_tartalomgyartas.png","datePublished":"2025-02-05T09:18:37+00:00","dateModified":"2025-02-05T12:44:49+00:00","author":{"@id":"https:\/\/hir.mediamarkt.hu\/magazin\/#\/schema\/person\/b93b02ec1ab4d2353f8d281e171c1b0b"},"breadcrumb":{"@id":"https:\/\/hir.mediamarkt.hu\/magazin\/gopro-hero13-bundle-teszt-miert-eri-meg-beruhazni\/#breadcrumb"},"inLanguage":"hu","potentialAction":[{"@type":"ReadAction","target":["https:\/\/hir.mediamarkt.hu\/magazin\/gopro-hero13-bundle-teszt-miert-eri-meg-beruhazni\/"]}]},{"@type":"ImageObject","inLanguage":"hu","@id":"https:\/\/hir.mediamarkt.hu\/magazin\/gopro-hero13-bundle-teszt-miert-eri-meg-beruhazni\/#primaryimage","url":"https:\/\/hir.mediamarkt.hu\/magazin\/wp-content\/uploads\/2025\/02\/GoPro_bundle_tartalomgyartas.png","contentUrl":"https:\/\/hir.mediamarkt.hu\/magazin\/wp-content\/uploads\/2025\/02\/GoPro_bundle_tartalomgyartas.png","width":1024,"height":619},{"@type":"BreadcrumbList","@id":"https:\/\/hir.mediamarkt.hu\/magazin\/gopro-hero13-bundle-teszt-miert-eri-meg-beruhazni\/#breadcrumb","itemListElement":[{"@type":"ListItem","position":1,"name":"Kezd\u0151lap","item":"https:\/\/hir.mediamarkt.hu\/magazin\/"},{"@type":"ListItem","position":2,"name":"Seg\u00edt\u00fcnk v\u00e1lasztani","item":"https:\/\/hir.mediamarkt.hu\/magazin\/segitunk-valasztani\/"},{"@type":"ListItem","position":3,"name":"Tesztek","item":"https:\/\/hir.mediamarkt.hu\/magazin\/segitunk-valasztani\/tesztek\/"},{"@type":"ListItem","position":4,"name":"GoPro HERO13 bundle teszt: mi\u00e9rt \u00e9ri meg beruh\u00e1zni?"}]},{"@type":"WebSite","@id":"https:\/\/hir.mediamarkt.hu\/magazin\/#website","url":"https:\/\/hir.mediamarkt.hu\/magazin\/","name":"MediaMarkt Magazin","description":"Olvass bele magazinunkba!","potentialAction":[{"@type":"SearchAction","target":{"@type":"EntryPoint","urlTemplate":"https:\/\/hir.mediamarkt.hu\/magazin\/?s={search_term_string}"},"query-input":"required name=search_term_string"}],"inLanguage":"hu"},{"@type":"Person","@id":"https:\/\/hir.mediamarkt.hu\/magazin\/#\/schema\/person\/b93b02ec1ab4d2353f8d281e171c1b0b","name":"Media Markt","image":{"@type":"ImageObject","inLanguage":"hu","@id":"https:\/\/hir.mediamarkt.hu\/magazin\/#\/schema\/person\/image\/","url":"https:\/\/secure.gravatar.com\/avatar\/602bccae8998beee472d01909f0978f1?s=96&d=mm&r=g","contentUrl":"https:\/\/secure.gravatar.com\/avatar\/602bccae8998beee472d01909f0978f1?s=96&d=mm&r=g","caption":"Media Markt"}}]}},"_links":{"self":[{"href":"https:\/\/hir.mediamarkt.hu\/magazin\/wp-json\/wp\/v2\/posts\/23570"}],"collection":[{"href":"https:\/\/hir.mediamarkt.hu\/magazin\/wp-json\/wp\/v2\/posts"}],"about":[{"href":"https:\/\/hir.mediamarkt.hu\/magazin\/wp-json\/wp\/v2\/types\/post"}],"author":[{"embeddable":true,"href":"https:\/\/hir.mediamarkt.hu\/magazin\/wp-json\/wp\/v2\/users\/13"}],"replies":[{"embeddable":true,"href":"https:\/\/hir.mediamarkt.hu\/magazin\/wp-json\/wp\/v2\/comments?post=23570"}],"version-history":[{"count":1,"href":"https:\/\/hir.mediamarkt.hu\/magazin\/wp-json\/wp\/v2\/posts\/23570\/revisions"}],"predecessor-version":[{"id":23681,"href":"https:\/\/hir.mediamarkt.hu\/magazin\/wp-json\/wp\/v2\/posts\/23570\/revisions\/23681"}],"wp:featuredmedia":[{"embeddable":true,"href":"https:\/\/hir.mediamarkt.hu\/magazin\/wp-json\/wp\/v2\/media\/23708"}],"wp:attachment":[{"href":"https:\/\/hir.mediamarkt.hu\/magazin\/wp-json\/wp\/v2\/media?parent=23570"}],"wp:term":[{"taxonomy":"category","embeddable":true,"href":"https:\/\/hir.mediamarkt.hu\/magazin\/wp-json\/wp\/v2\/categories?post=23570"},{"taxonomy":"post_tag","embeddable":true,"href":"https:\/\/hir.mediamarkt.hu\/magazin\/wp-json\/wp\/v2\/tags?post=23570"}],"curies":[{"name":"wp","href":"https:\/\/api.w.org\/{rel}","templated":true}]}}