{"id":24605,"date":"2025-05-28T15:21:17","date_gmt":"2025-05-28T14:21:17","guid":{"rendered":"https:\/\/hir.mediamarkt.hu\/magazin\/?p=24605"},"modified":"2025-09-02T15:33:46","modified_gmt":"2025-09-02T14:33:46","slug":"hyperx-cloud-jet-teszt","status":"publish","type":"post","link":"https:\/\/hir.mediamarkt.hu\/magazin\/hyperx-cloud-jet-teszt\/","title":{"rendered":"Egy \u00fajdons\u00e1g a HyperX m\u0171hely\u00e9b\u0151l: Cloud JET teszt"},"content":{"rendered":"\n<p>A gamer k\u00f6z\u00f6ss\u00e9g a HyperX nev\u00e9t m\u00e1r eg\u00e9szen j\u00f3l ismeri, hiszen ez az egyik legnagyobb gamer kieg\u00e9sz\u00edt\u0151ket gy\u00e1rt\u00f3 c\u00e9g, aki min\u0151s\u00e9gi term\u00e9keket megfizethet\u0151 \u00e1ron k\u00edn\u00e1l. A gy\u00e1rt\u00f3 \u00faj Pulsefire Fuse gaming eger\u00e9t m\u00e1r tesztelt\u00fck, most a Cloud JET vezet\u00e9kn\u00e9lk\u00fcli gaming headsetet kaptuk meg. N\u00e9zz\u00fck, hogyan szerepel teszt\u00fcnkben.<\/p>\n\n\n\n<p>HyperX Cloud JET gaming fejhallgat\u00f3:<\/p>\n\n\n\n\n<div class=\"wp-block-image\">\n<figure class=\"aligncenter size-large is-resized\"><img loading=\"lazy\" decoding=\"async\" width=\"700\" height=\"678\" src=\"https:\/\/hir.mediamarkt.hu\/magazin\/wp-content\/uploads\/2025\/03\/JET-700x678.jpg\" alt=\"HyperX Cloud Jet\" class=\"wp-image-24541\" style=\"width:580px;height:auto\" srcset=\"https:\/\/hir.mediamarkt.hu\/magazin\/wp-content\/uploads\/2025\/03\/JET-700x678.jpg 700w, https:\/\/hir.mediamarkt.hu\/magazin\/wp-content\/uploads\/2025\/03\/JET-250x242.jpg 250w, https:\/\/hir.mediamarkt.hu\/magazin\/wp-content\/uploads\/2025\/03\/JET-275x266.jpg 275w, https:\/\/hir.mediamarkt.hu\/magazin\/wp-content\/uploads\/2025\/03\/JET-768x743.jpg 768w, https:\/\/hir.mediamarkt.hu\/magazin\/wp-content\/uploads\/2025\/03\/JET-120x116.jpg 120w, https:\/\/hir.mediamarkt.hu\/magazin\/wp-content\/uploads\/2025\/03\/JET.jpg 1440w\" sizes=\"(max-width: 700px) 100vw, 700px\" \/><\/figure><\/div>\n\n\n<p>&nbsp;<\/p>\n<p>&nbsp;A Cloud Jet doboza a szok\u00e1sos st\u00edlussal rendelkezik, a headseten k\u00edv\u00fcl a vezet\u00e9kn\u00e9lk\u00fcli adaptert \u00e9s egy USB t\u00f6lt\u0151k\u00e1belt tartalmaz. A HyperX ezt a t\u00edpus\u00fa gamer headsetet fekete \u00e9s k\u00e9k sz\u00ednben gy\u00e1rtja, hozz\u00e1nk a k\u00e9k sz\u00edn\u0171 \u00e9rkezett.<\/p>\n\n\n\n<p><\/p>\n\n\n\n<h2 class=\"wp-block-heading\">K\u00fcls\u0151, tulajdons\u00e1gok:<\/h2>\n\n\n\n<p>A m\u0171anyag r\u00e9szek matt fest\u00e9st kaptak \u00e9s j\u00f3 min\u0151s\u00e9g\u0171ek, nincsennek zavar\u00f3 \u00e9lek vagy illeszt\u00e9si hib\u00e1k. A jobb \u00e9s a bal oldali burkolat kapott egy log\u00f3t, a p\u00e1nt tetej\u00e9be pedig egy HyperX feliratot v\u00e9stek, amik sz\u00ednben nem t\u00e9rnek el a burkolatt\u00f3l. RGB vil\u00e1g\u00edt\u00e1ssal nem rendelkezik, \u00edgy egy szol\u00edd, letisztult kin\u00e9zet\u0171 headsetet kapunk. A f\u00fclp\u00e1rn\u00e1k \u00e9s a bels\u0151 r\u00e9sze feh\u00e9r sz\u00edn\u0171 \u00e9s pont emiatt nem lett t\u00fal unalmas a k\u00fcls\u0151.<\/p>\n\n\n\n<p><\/p>\n\n\n<div class=\"wp-block-image\">\n<figure class=\"aligncenter size-large is-resized\"><img loading=\"lazy\" decoding=\"async\" width=\"700\" height=\"459\" src=\"https:\/\/hir.mediamarkt.hu\/magazin\/wp-content\/uploads\/2025\/04\/hyperx-700x459.jpg\" alt=\"HyperX felirat a p\u00e1nton\" class=\"wp-image-24581\" style=\"width:608px;height:auto\" srcset=\"https:\/\/hir.mediamarkt.hu\/magazin\/wp-content\/uploads\/2025\/04\/hyperx-700x459.jpg 700w, https:\/\/hir.mediamarkt.hu\/magazin\/wp-content\/uploads\/2025\/04\/hyperx-250x164.jpg 250w, https:\/\/hir.mediamarkt.hu\/magazin\/wp-content\/uploads\/2025\/04\/hyperx-275x180.jpg 275w, https:\/\/hir.mediamarkt.hu\/magazin\/wp-content\/uploads\/2025\/04\/hyperx-768x504.jpg 768w, https:\/\/hir.mediamarkt.hu\/magazin\/wp-content\/uploads\/2025\/04\/hyperx-120x79.jpg 120w, https:\/\/hir.mediamarkt.hu\/magazin\/wp-content\/uploads\/2025\/04\/hyperx.jpg 1440w\" sizes=\"(max-width: 700px) 100vw, 700px\" \/><\/figure><\/div>\n\n\n<p>&nbsp;<\/p>\n<p style=\"text-align: center\"><em>(HyperX felirat a p\u00e1nton)<\/em><\/p>\n\n\n\n<p>A f\u00fclp\u00e1rna h\u00e1l\u00f3s l\u00e9g\u00e1tereszt\u0151 sz\u00f6vetb\u0151l k\u00e9sz\u00fclt, a m\u00e9rete 65mm magas, 45mm sz\u00e9les \u00e9s 18mm m\u00e9ly, \u00edgy a f\u00fcl\u00fcnk b\u0151ven elf\u00e9r benne. A teszt sor\u00e1n nem volt \u00e9rz\u00e9kelhet\u0151, hogy valahol szor\u00edtott volna, v\u00e9gig k\u00e9nyelmes volt. A kissebb zajokat sz\u00e9pen kisz\u0171rte, egy PC\/XBOX\/PS zaj\u00e1t nem lehet hallani, de a hangosabb zajok m\u00e1r behallatszanak. A jobb \u00e9s a bal oldal fixen csatlakozik a burkolathoz \u00e9s egy p\u00e1r fokos forgat\u00e1st enged csak. A bel\u00fcl elhelyezett rugalmas felf\u00fcggeszt\u00e9s\u0171 fejp\u00e1ntnak k\u00f6sz\u00f6nhet\u0151en viszont minden m\u00e9ret\u0171 fejhez illeszkedni tud. Ez a rugalmas fejp\u00e1nt lecsatlakoztathat\u00f3.<\/p>\n\n\n\n<p>A mikrofont\u00f3l kezdve az \u00f6sszes gomb a bal oldali r\u00e9szen tal\u00e1lhat\u00f3, illetve egy Type-C csatlakoz\u00f3 is. A be\u00e9p\u00edtett akkumul\u00e1tort k\u00f6r\u00fclbel\u00fcl 4,5 \u00f3ra alatt lehet felt\u00f6lteni \u00e9s teljes felt\u00f6lt\u00e9ssel ak\u00e1r 25 \u00f3ra \u00fczeimd\u0151 is el\u00e9rhet\u0151. Az akku t\u00f6lt\u00f6tts\u00e9gi szintj\u00e9t nem lehetett figyelemmel k\u00f6vetni, hiszen a ngenuity szoftver ezt a headsetet sajnos nem t\u00e1mogatja. Bluetooth kapcsolaton kereszt\u00fcl csatlakoztatva az eszk\u00f6z\u00fcnk jelzi a headset t\u00f6lt\u00f6tts\u00e9gi szintj\u00e9t. Az \u00edg\u00e9rt \u00fczemid\u0151t a k\u00e9sz\u00fcl\u00e9k stabilan hozta, a 12-14 \u00f3r\u00e1s akt\u00edv tesztel\u00e9s alatt nem volt sz\u00fcks\u00e9g t\u00f6lt\u00e9sre, a teszt v\u00e9g\u00e9re mintegy 40% t\u00f6lt\u00f6tts\u00e9g maradt benne.<\/p>\n\n\n\n<p><\/p>\n\n\n<div class=\"wp-block-image\">\n<figure class=\"aligncenter size-full\"><img loading=\"lazy\" decoding=\"async\" width=\"529\" height=\"502\" src=\"https:\/\/hir.mediamarkt.hu\/magazin\/wp-content\/uploads\/2025\/03\/jetvezerlo.jpg\" alt=\"vez\u00e9rl\u0151gombok a headseten\" class=\"wp-image-24553\" srcset=\"https:\/\/hir.mediamarkt.hu\/magazin\/wp-content\/uploads\/2025\/03\/jetvezerlo.jpg 529w, https:\/\/hir.mediamarkt.hu\/magazin\/wp-content\/uploads\/2025\/03\/jetvezerlo-250x237.jpg 250w, https:\/\/hir.mediamarkt.hu\/magazin\/wp-content\/uploads\/2025\/03\/jetvezerlo-275x261.jpg 275w, https:\/\/hir.mediamarkt.hu\/magazin\/wp-content\/uploads\/2025\/03\/jetvezerlo-120x114.jpg 120w\" sizes=\"(max-width: 529px) 100vw, 529px\" \/><\/figure><\/div>\n\n\n<p style=\"text-align: center\"><em>(vez\u00e9rl\u0151gombok a headseten)<\/em><\/p>\n\n\n\n<h2 class=\"wp-block-heading\">Hangmin\u0151s\u00e9g:<\/h2>\n\n\n\n\n\n<p>A 40mm m\u00e9ret\u0171 hangsz\u00f3r\u00f3k 20 Hz &#8211; 20 kHz frekvenciatartom\u00e1nyban 103 dB \u00e9rz\u00e9kenys\u00e9ggel k\u00e9pesek m\u0171k\u00f6dni. A hangz\u00e1s kiegyens\u00falyozott, minden tartom\u00e1nyt sz\u00e9pen lehet hallani, a hanger\u0151 j\u00f3l sk\u00e1l\u00e1zhat\u00f3 \u00e9s teljes hanger\u0151n sem hallhat\u00f3 torz\u00edt\u00e1s vagy recseg\u00e9s. \u00c9lvezetes volt hallgatni a j\u00e1t\u00e9kok hangjait, a filmek hangz\u00e1s\u00e1t \u00e9s a kedvenc zen\u00e9imet.<\/p>\n\n\n\n<p><\/p>\n\n\n\n<h2 class=\"wp-block-heading\">Mikrofon:<\/h2>\n\n\n\n<p>A mikrofon fixen csatlakozik a term\u00e9khez, lehajtott m\u00f3dban m\u0171k\u00f6dik, ha felhajtjuk, akkor pedig automatikusan n\u00e9m\u00edtjuk. A mikrofon v\u00e9ge &#8222;csupasz&#8221; nincs felhejezve szivacs, ami tomp\u00edtan\u00e1 a sz\u00e1nkb\u00f3l ki\u00e1raml\u00f3 leveg\u0151 zavar\u00f3 hangj\u00e1t. A hangmin\u0151s\u00e9ge nem \u00e9ri el azt a szintet, mint hangsz\u00f3r\u00f3k min\u0151s\u00e9ge, de az \u00e1tlagot tudja hozni. Windows 11 hangr\u00f6gz\u00edt\u0151j\u00e9ben felvett anyag visszaj\u00e1tsz\u00e1sakor \u00e9s Discord besz\u00e9lget\u00e9sn\u00e9l enyhe h\u00e1tt\u00e9rzaj volt hallhat\u00f3, de a bluetooth telefonh\u00edv\u00e1sn\u00e1l nem volt ilyen probl\u00e9ma. Emiatt streamel\u00e9shez, vagy hangfelv\u00e9tel k\u00e9sz\u00edt\u00e9s\u00e9hez ink\u00e1bb egy k\u00fcl\u00f6n\u00e1ll\u00f3 mikrofon beszerz\u00e9se javasolt.<\/p>\n\n\n\n<p><\/p>\n\n\n<div class=\"wp-block-image\">\n<figure class=\"aligncenter size-large is-resized\"><img loading=\"lazy\" decoding=\"async\" width=\"700\" height=\"701\" src=\"https:\/\/hir.mediamarkt.hu\/magazin\/wp-content\/uploads\/2025\/04\/mikrofon-700x701.jpg\" alt=\"A Cloud Jet mikrofonja\" class=\"wp-image-24582\" style=\"width:607px;height:auto\" srcset=\"https:\/\/hir.mediamarkt.hu\/magazin\/wp-content\/uploads\/2025\/04\/mikrofon-700x701.jpg 700w, https:\/\/hir.mediamarkt.hu\/magazin\/wp-content\/uploads\/2025\/04\/mikrofon-250x251.jpg 250w, https:\/\/hir.mediamarkt.hu\/magazin\/wp-content\/uploads\/2025\/04\/mikrofon-275x276.jpg 275w, https:\/\/hir.mediamarkt.hu\/magazin\/wp-content\/uploads\/2025\/04\/mikrofon-768x770.jpg 768w, https:\/\/hir.mediamarkt.hu\/magazin\/wp-content\/uploads\/2025\/04\/mikrofon-120x120.jpg 120w, https:\/\/hir.mediamarkt.hu\/magazin\/wp-content\/uploads\/2025\/04\/mikrofon-500x500.jpg 500w, https:\/\/hir.mediamarkt.hu\/magazin\/wp-content\/uploads\/2025\/04\/mikrofon.jpg 1437w\" sizes=\"(max-width: 700px) 100vw, 700px\" \/><\/figure><\/div>\n\n\n<p>&nbsp;<\/p>\n<p style=\"text-align: center\"><em>(A Cloud Jet mikrofonja)<\/em><\/p>\n\n\n\n<h2 class=\"wp-block-heading\">Mivel haszn\u00e1lhat\u00f3 a Cloud Jet?<\/h2>\n\n\n\n\n\n<p>A HyperX Cloud JET szinte minden ezk\u00f6zh\u00f6z csatlakoztathat\u00f3, amin van USB port vagy Bluetooth kapcsol\u00f3d\u00e1si lehet\u0151s\u00e9g. <strong>Haszn\u00e1lhatjuk PC-hez, Mac-hez, PS4 \u00e9s PS5 konzolhoz \u00e9s mobil eszk\u00f6z\u00f6kh\u00f6z<\/strong>. A jel er\u0151ss\u00e9ge stabil volt, kapcsol\u00f3d\u00e1s ut\u00e1n m\u00e1sik szob\u00e1ban is folyamatos volt a kapcsolat. A Forr\u00e1s k\u00f6zti v\u00e1lt\u00e1st a hangsz\u00f3r\u00f3kb\u00f3l megsz\u00f3lal\u00f3 hang jelzi sz\u00e1munkra, ami k\u00e9nyelmi szempotb\u00f3l szuper.<\/p>\n\n\n<div class=\"wp-block-image\">\n<figure class=\"aligncenter size-large is-resized\"><img loading=\"lazy\" decoding=\"async\" width=\"700\" height=\"933\" src=\"https:\/\/hir.mediamarkt.hu\/magazin\/wp-content\/uploads\/2025\/04\/headset-700x933.jpg\" alt=\"\" class=\"wp-image-24578\" style=\"width:602px;height:auto\" srcset=\"https:\/\/hir.mediamarkt.hu\/magazin\/wp-content\/uploads\/2025\/04\/headset-700x933.jpg 700w, https:\/\/hir.mediamarkt.hu\/magazin\/wp-content\/uploads\/2025\/04\/headset-250x333.jpg 250w, https:\/\/hir.mediamarkt.hu\/magazin\/wp-content\/uploads\/2025\/04\/headset-275x367.jpg 275w, https:\/\/hir.mediamarkt.hu\/magazin\/wp-content\/uploads\/2025\/04\/headset-768x1024.jpg 768w, https:\/\/hir.mediamarkt.hu\/magazin\/wp-content\/uploads\/2025\/04\/headset-120x160.jpg 120w, https:\/\/hir.mediamarkt.hu\/magazin\/wp-content\/uploads\/2025\/04\/headset.jpg 1080w\" sizes=\"(max-width: 700px) 100vw, 700px\" \/><\/figure><\/div>\n\n\n\n\n<h2 class=\"wp-block-heading\">\u00d6sszegz\u00e9s:<\/h2>\n\n\n\n<p>A Cloud JET egy nagyon k\u00e9nyelmes headset, az \u00fczemideje \u00e9s a hangz\u00e1sa is nagyon rendben van. A teszt ideje alatt a vezet\u00e9kn\u00e9lk\u00fcli jel \u00e1tvitele nagyon stabil volt, semilyen akad\u00e1st nem lehetett tapasztalni. Egy dologban viszont lehetne picit jobb, az pedig a mikrofon min\u0151s\u00e9ge, de akinek ez nem annyira fontos, annak kit\u0171n\u0151 v\u00e1laszt\u00e1s lehet.\u00a0<\/p>\n\n\n\n<p>A term\u00e9kek itt v\u00e1s\u00e1rolhat\u00f3ak meg:<\/p>\n\n\n\n<p><a href=\"https:\/\/www.mediamarkt.hu\/hu\/product\/_hp-hyperx-cloud-jet-vezetek-nelkuli-fejhallgato-mikrofonnal-24ghz-bluetooth-fekete-aj0t1aa-1487279.html\" target=\"_blank\" rel=\"noreferrer noopener\">HP HyperX Cloud Jet vezet\u00e9k n\u00e9lk\u00fcli fejhallgat\u00f3\u00a0<\/a>mikrofonnal fekete sz\u00ednben<\/p>\n\n\n\n<p><a href=\"https:\/\/www.mediamarkt.hu\/hu\/product\/_hp-hyperx-cloud-jet-vezetek-nelkuli-fejhallgato-mikrofonnal-24ghz-bluetooth-kek-am7a0aa-1487280.html\" target=\"_blank\" rel=\"noreferrer noopener\">HP HyperX Cloud Jet vezet\u00e9k n\u00e9lk\u00fcli fejhallgat\u00f3<\/a> mikrofonnal k\u00e9k sz\u00ednben<\/p>\n","protected":false},"excerpt":{"rendered":"Egy \u00fajdons\u00e1g a HyperX m\u0171hely\u00e9b\u0151l: a Cloud JET fejhallgat\u00f3 \u00faj sz\u00ednt hoz a gamer perif\u00e9ri\u00e1k vil\u00e1g\u00e1ba. Friss diz\u00e1jn, k\u00e9nyelmes kialak\u00edt\u00e1s, \u00e9s meglep\u0151en j\u00f3 hangz\u00e1s \u2013 letesztelt\u00fck, mit tud az \u00faj modell a gyakorlatban.","protected":false},"author":42,"featured_media":24636,"comment_status":"open","ping_status":"open","sticky":false,"template":"","format":"standard","meta":{"wprm-recipe-roundup-name":"","wprm-recipe-roundup-description":"","footnotes":""},"categories":[1],"tags":[400,6455],"yoast_head":"<!-- This site is optimized with the Yoast SEO plugin v22.9 - https:\/\/yoast.com\/wordpress\/plugins\/seo\/ -->\n<title>Egy \u00fajdons\u00e1g a HyperX m\u0171hely\u00e9b\u0151l: Cloud JET teszt - MediaMarkt Magazin<\/title>\n<meta name=\"description\" content=\"Egy k\u00f6nny\u0171 \u00e9s k\u00e9nyelmes gaming headset j\u00e1rt n\u00e1lunk, a HyperX Cloud JET gaming headsetet tesztelt\u00fck\" \/>\n<meta name=\"robots\" content=\"index, follow, max-snippet:-1, max-image-preview:large, max-video-preview:-1\" \/>\n<link rel=\"canonical\" href=\"https:\/\/hir.mediamarkt.hu\/magazin\/hyperx-cloud-jet-teszt\/\" \/>\n<meta property=\"og:locale\" content=\"hu_HU\" \/>\n<meta property=\"og:type\" content=\"article\" \/>\n<meta property=\"og:title\" content=\"Egy \u00fajdons\u00e1g a HyperX m\u0171hely\u00e9b\u0151l: Cloud JET teszt - MediaMarkt Magazin\" \/>\n<meta property=\"og:description\" content=\"Egy k\u00f6nny\u0171 \u00e9s k\u00e9nyelmes gaming headset j\u00e1rt n\u00e1lunk, a HyperX Cloud JET gaming headsetet tesztelt\u00fck\" \/>\n<meta property=\"og:url\" content=\"https:\/\/hir.mediamarkt.hu\/magazin\/hyperx-cloud-jet-teszt\/\" \/>\n<meta property=\"og:site_name\" content=\"MediaMarkt Magazin\" \/>\n<meta property=\"article:publisher\" content=\"https:\/\/www.facebook.com\/MediaMarktMagyarorszag\" \/>\n<meta property=\"article:published_time\" content=\"2025-05-28T14:21:17+00:00\" \/>\n<meta property=\"article:modified_time\" content=\"2025-09-02T14:33:46+00:00\" \/>\n<meta property=\"og:image\" content=\"https:\/\/hir.mediamarkt.hu\/magazin\/wp-content\/uploads\/2025\/04\/jetkiemelt.jpg\" \/>\n\t<meta property=\"og:image:width\" content=\"1440\" \/>\n\t<meta property=\"og:image:height\" content=\"954\" \/>\n\t<meta property=\"og:image:type\" content=\"image\/jpeg\" \/>\n<meta name=\"author\" content=\"nagyzsolt\" \/>\n<meta name=\"twitter:label1\" content=\"Szerz\u0151:\" \/>\n\t<meta name=\"twitter:data1\" content=\"nagyzsolt\" \/>\n\t<meta name=\"twitter:label2\" content=\"Becs\u00fclt olvas\u00e1si id\u0151\" \/>\n\t<meta name=\"twitter:data2\" content=\"5 perc\" \/>\n<script type=\"application\/ld+json\" class=\"yoast-schema-graph\">{\"@context\":\"https:\/\/schema.org\",\"@graph\":[{\"@type\":\"WebPage\",\"@id\":\"https:\/\/hir.mediamarkt.hu\/magazin\/hyperx-cloud-jet-teszt\/\",\"url\":\"https:\/\/hir.mediamarkt.hu\/magazin\/hyperx-cloud-jet-teszt\/\",\"name\":\"Egy \u00fajdons\u00e1g a HyperX m\u0171hely\u00e9b\u0151l: Cloud JET teszt - MediaMarkt Magazin\",\"isPartOf\":{\"@id\":\"https:\/\/hir.mediamarkt.hu\/magazin\/#website\"},\"primaryImageOfPage\":{\"@id\":\"https:\/\/hir.mediamarkt.hu\/magazin\/hyperx-cloud-jet-teszt\/#primaryimage\"},\"image\":{\"@id\":\"https:\/\/hir.mediamarkt.hu\/magazin\/hyperx-cloud-jet-teszt\/#primaryimage\"},\"thumbnailUrl\":\"https:\/\/hir.mediamarkt.hu\/magazin\/wp-content\/uploads\/2025\/04\/jetkiemelt.jpg\",\"datePublished\":\"2025-05-28T14:21:17+00:00\",\"dateModified\":\"2025-09-02T14:33:46+00:00\",\"author\":{\"@id\":\"https:\/\/hir.mediamarkt.hu\/magazin\/#\/schema\/person\/10f69344565c4218da8185ef4a3ca78e\"},\"description\":\"Egy k\u00f6nny\u0171 \u00e9s k\u00e9nyelmes gaming headset j\u00e1rt n\u00e1lunk, a HyperX Cloud JET gaming headsetet tesztelt\u00fck\",\"breadcrumb\":{\"@id\":\"https:\/\/hir.mediamarkt.hu\/magazin\/hyperx-cloud-jet-teszt\/#breadcrumb\"},\"inLanguage\":\"hu\",\"potentialAction\":[{\"@type\":\"ReadAction\",\"target\":[\"https:\/\/hir.mediamarkt.hu\/magazin\/hyperx-cloud-jet-teszt\/\"]}]},{\"@type\":\"ImageObject\",\"inLanguage\":\"hu\",\"@id\":\"https:\/\/hir.mediamarkt.hu\/magazin\/hyperx-cloud-jet-teszt\/#primaryimage\",\"url\":\"https:\/\/hir.mediamarkt.hu\/magazin\/wp-content\/uploads\/2025\/04\/jetkiemelt.jpg\",\"contentUrl\":\"https:\/\/hir.mediamarkt.hu\/magazin\/wp-content\/uploads\/2025\/04\/jetkiemelt.jpg\",\"width\":1440,\"height\":954},{\"@type\":\"BreadcrumbList\",\"@id\":\"https:\/\/hir.mediamarkt.hu\/magazin\/hyperx-cloud-jet-teszt\/#breadcrumb\",\"itemListElement\":[{\"@type\":\"ListItem\",\"position\":1,\"name\":\"Kezd\u0151lap\",\"item\":\"https:\/\/hir.mediamarkt.hu\/magazin\/\"},{\"@type\":\"ListItem\",\"position\":2,\"name\":\"Egy\u00e9b\",\"item\":\"https:\/\/hir.mediamarkt.hu\/magazin\/egyeb\/\"},{\"@type\":\"ListItem\",\"position\":3,\"name\":\"Egy \u00fajdons\u00e1g a HyperX m\u0171hely\u00e9b\u0151l: Cloud JET teszt\"}]},{\"@type\":\"WebSite\",\"@id\":\"https:\/\/hir.mediamarkt.hu\/magazin\/#website\",\"url\":\"https:\/\/hir.mediamarkt.hu\/magazin\/\",\"name\":\"MediaMarkt Magazin\",\"description\":\"Olvass bele magazinunkba!\",\"potentialAction\":[{\"@type\":\"SearchAction\",\"target\":{\"@type\":\"EntryPoint\",\"urlTemplate\":\"https:\/\/hir.mediamarkt.hu\/magazin\/?s={search_term_string}\"},\"query-input\":\"required name=search_term_string\"}],\"inLanguage\":\"hu\"},{\"@type\":\"Person\",\"@id\":\"https:\/\/hir.mediamarkt.hu\/magazin\/#\/schema\/person\/10f69344565c4218da8185ef4a3ca78e\",\"name\":\"nagyzsolt\",\"image\":{\"@type\":\"ImageObject\",\"inLanguage\":\"hu\",\"@id\":\"https:\/\/hir.mediamarkt.hu\/magazin\/#\/schema\/person\/image\/\",\"url\":\"https:\/\/secure.gravatar.com\/avatar\/8473321d0a924be49461ab352a85b964?s=96&d=mm&r=g\",\"contentUrl\":\"https:\/\/secure.gravatar.com\/avatar\/8473321d0a924be49461ab352a85b964?s=96&d=mm&r=g\",\"caption\":\"nagyzsolt\"}}]}<\/script>\n<!-- \/ Yoast SEO plugin. -->","yoast_head_json":{"title":"Egy \u00fajdons\u00e1g a HyperX m\u0171hely\u00e9b\u0151l: Cloud JET teszt - MediaMarkt Magazin","description":"Egy k\u00f6nny\u0171 \u00e9s k\u00e9nyelmes gaming headset j\u00e1rt n\u00e1lunk, a HyperX Cloud JET gaming headsetet tesztelt\u00fck","robots":{"index":"index","follow":"follow","max-snippet":"max-snippet:-1","max-image-preview":"max-image-preview:large","max-video-preview":"max-video-preview:-1"},"canonical":"https:\/\/hir.mediamarkt.hu\/magazin\/hyperx-cloud-jet-teszt\/","og_locale":"hu_HU","og_type":"article","og_title":"Egy \u00fajdons\u00e1g a HyperX m\u0171hely\u00e9b\u0151l: Cloud JET teszt - MediaMarkt Magazin","og_description":"Egy k\u00f6nny\u0171 \u00e9s k\u00e9nyelmes gaming headset j\u00e1rt n\u00e1lunk, a HyperX Cloud JET gaming headsetet tesztelt\u00fck","og_url":"https:\/\/hir.mediamarkt.hu\/magazin\/hyperx-cloud-jet-teszt\/","og_site_name":"MediaMarkt Magazin","article_publisher":"https:\/\/www.facebook.com\/MediaMarktMagyarorszag","article_published_time":"2025-05-28T14:21:17+00:00","article_modified_time":"2025-09-02T14:33:46+00:00","og_image":[{"width":1440,"height":954,"url":"https:\/\/hir.mediamarkt.hu\/magazin\/wp-content\/uploads\/2025\/04\/jetkiemelt.jpg","type":"image\/jpeg"}],"author":"nagyzsolt","twitter_misc":{"Szerz\u0151:":"nagyzsolt","Becs\u00fclt olvas\u00e1si id\u0151":"5 perc"},"schema":{"@context":"https:\/\/schema.org","@graph":[{"@type":"WebPage","@id":"https:\/\/hir.mediamarkt.hu\/magazin\/hyperx-cloud-jet-teszt\/","url":"https:\/\/hir.mediamarkt.hu\/magazin\/hyperx-cloud-jet-teszt\/","name":"Egy \u00fajdons\u00e1g a HyperX m\u0171hely\u00e9b\u0151l: Cloud JET teszt - MediaMarkt Magazin","isPartOf":{"@id":"https:\/\/hir.mediamarkt.hu\/magazin\/#website"},"primaryImageOfPage":{"@id":"https:\/\/hir.mediamarkt.hu\/magazin\/hyperx-cloud-jet-teszt\/#primaryimage"},"image":{"@id":"https:\/\/hir.mediamarkt.hu\/magazin\/hyperx-cloud-jet-teszt\/#primaryimage"},"thumbnailUrl":"https:\/\/hir.mediamarkt.hu\/magazin\/wp-content\/uploads\/2025\/04\/jetkiemelt.jpg","datePublished":"2025-05-28T14:21:17+00:00","dateModified":"2025-09-02T14:33:46+00:00","author":{"@id":"https:\/\/hir.mediamarkt.hu\/magazin\/#\/schema\/person\/10f69344565c4218da8185ef4a3ca78e"},"description":"Egy k\u00f6nny\u0171 \u00e9s k\u00e9nyelmes gaming headset j\u00e1rt n\u00e1lunk, a HyperX Cloud JET gaming headsetet tesztelt\u00fck","breadcrumb":{"@id":"https:\/\/hir.mediamarkt.hu\/magazin\/hyperx-cloud-jet-teszt\/#breadcrumb"},"inLanguage":"hu","potentialAction":[{"@type":"ReadAction","target":["https:\/\/hir.mediamarkt.hu\/magazin\/hyperx-cloud-jet-teszt\/"]}]},{"@type":"ImageObject","inLanguage":"hu","@id":"https:\/\/hir.mediamarkt.hu\/magazin\/hyperx-cloud-jet-teszt\/#primaryimage","url":"https:\/\/hir.mediamarkt.hu\/magazin\/wp-content\/uploads\/2025\/04\/jetkiemelt.jpg","contentUrl":"https:\/\/hir.mediamarkt.hu\/magazin\/wp-content\/uploads\/2025\/04\/jetkiemelt.jpg","width":1440,"height":954},{"@type":"BreadcrumbList","@id":"https:\/\/hir.mediamarkt.hu\/magazin\/hyperx-cloud-jet-teszt\/#breadcrumb","itemListElement":[{"@type":"ListItem","position":1,"name":"Kezd\u0151lap","item":"https:\/\/hir.mediamarkt.hu\/magazin\/"},{"@type":"ListItem","position":2,"name":"Egy\u00e9b","item":"https:\/\/hir.mediamarkt.hu\/magazin\/egyeb\/"},{"@type":"ListItem","position":3,"name":"Egy \u00fajdons\u00e1g a HyperX m\u0171hely\u00e9b\u0151l: Cloud JET teszt"}]},{"@type":"WebSite","@id":"https:\/\/hir.mediamarkt.hu\/magazin\/#website","url":"https:\/\/hir.mediamarkt.hu\/magazin\/","name":"MediaMarkt Magazin","description":"Olvass bele magazinunkba!","potentialAction":[{"@type":"SearchAction","target":{"@type":"EntryPoint","urlTemplate":"https:\/\/hir.mediamarkt.hu\/magazin\/?s={search_term_string}"},"query-input":"required name=search_term_string"}],"inLanguage":"hu"},{"@type":"Person","@id":"https:\/\/hir.mediamarkt.hu\/magazin\/#\/schema\/person\/10f69344565c4218da8185ef4a3ca78e","name":"nagyzsolt","image":{"@type":"ImageObject","inLanguage":"hu","@id":"https:\/\/hir.mediamarkt.hu\/magazin\/#\/schema\/person\/image\/","url":"https:\/\/secure.gravatar.com\/avatar\/8473321d0a924be49461ab352a85b964?s=96&d=mm&r=g","contentUrl":"https:\/\/secure.gravatar.com\/avatar\/8473321d0a924be49461ab352a85b964?s=96&d=mm&r=g","caption":"nagyzsolt"}}]}},"_links":{"self":[{"href":"https:\/\/hir.mediamarkt.hu\/magazin\/wp-json\/wp\/v2\/posts\/24605"}],"collection":[{"href":"https:\/\/hir.mediamarkt.hu\/magazin\/wp-json\/wp\/v2\/posts"}],"about":[{"href":"https:\/\/hir.mediamarkt.hu\/magazin\/wp-json\/wp\/v2\/types\/post"}],"author":[{"embeddable":true,"href":"https:\/\/hir.mediamarkt.hu\/magazin\/wp-json\/wp\/v2\/users\/42"}],"replies":[{"embeddable":true,"href":"https:\/\/hir.mediamarkt.hu\/magazin\/wp-json\/wp\/v2\/comments?post=24605"}],"version-history":[{"count":20,"href":"https:\/\/hir.mediamarkt.hu\/magazin\/wp-json\/wp\/v2\/posts\/24605\/revisions"}],"predecessor-version":[{"id":25348,"href":"https:\/\/hir.mediamarkt.hu\/magazin\/wp-json\/wp\/v2\/posts\/24605\/revisions\/25348"}],"wp:featuredmedia":[{"embeddable":true,"href":"https:\/\/hir.mediamarkt.hu\/magazin\/wp-json\/wp\/v2\/media\/24636"}],"wp:attachment":[{"href":"https:\/\/hir.mediamarkt.hu\/magazin\/wp-json\/wp\/v2\/media?parent=24605"}],"wp:term":[{"taxonomy":"category","embeddable":true,"href":"https:\/\/hir.mediamarkt.hu\/magazin\/wp-json\/wp\/v2\/categories?post=24605"},{"taxonomy":"post_tag","embeddable":true,"href":"https:\/\/hir.mediamarkt.hu\/magazin\/wp-json\/wp\/v2\/tags?post=24605"}],"curies":[{"name":"wp","href":"https:\/\/api.w.org\/{rel}","templated":true}]}}