{"id":24816,"date":"2025-05-28T15:39:20","date_gmt":"2025-05-28T14:39:20","guid":{"rendered":"https:\/\/hir.mediamarkt.hu\/magazin\/?p=24816"},"modified":"2025-06-04T10:12:13","modified_gmt":"2025-06-04T09:12:13","slug":"garmin-instinct-3-amoled-okosora-teszt","status":"publish","type":"post","link":"https:\/\/hir.mediamarkt.hu\/magazin\/garmin-instinct-3-amoled-okosora-teszt\/","title":{"rendered":"Garmin Instinct 3 AMOLED okos\u00f3ra teszt: t\u00far\u00e1ra fel"},"content":{"rendered":"\n<p>Meg\u00e9rkezett az AMOLED kijelz\u0151 a Garmin t\u00fara okos\u00f3r\u00e1j\u00e1ba is, letesztelt\u00fck h\u00e1t az Instinct 3 modellt.<\/p>\n\n\n\n<p>A <a href=\"https:\/\/www.mediamarkt.hu\/hu\/product\/_garmin-instinct-3-amoled-okosora-zold-szurke-szij-50mm-010-03020-01-1478196.html\" target=\"_blank\" rel=\"noreferrer noopener\">Garmin Instinct 3 (45 mm) AMOLED<\/a> a hivatalos neve ennek a modellnek &#8211; ahogy sz\u00e9lesedik az amerikai gy\u00e1rt\u00f3 palett\u00e1ja, \u00fagy v\u00e1lik egyre hosszabb\u00e1 az elnevez\u00e9s is. De hogy m\u00e9lyebbre n\u00e9zz\u00fcnk ennek, maga az Instinct sz\u00e9ria k\u00fclt\u00e9ri kalandokra k\u00e9sz\u00fclt, t\u00far\u00e1z\u00e1sra, teljes\u00edtm\u00e9nyt\u00far\u00e1kra, s\u00e1toroz\u00e1sra, olyan aktivit\u00e1sra, ahol j\u00f3l j\u00f6n a hossz\u00fa \u00fczemid\u0151 \u00e9s hozz\u00e1 az ellen\u00e1ll\u00f3 k\u00e9sz\u00fcl\u00e9kh\u00e1z. Ez m\u00e1r a harmadik sz\u00e9ri\u00e1ja a csal\u00e1dnak \u00e9s k\u00e9tf\u00e9le kijelz\u0151 t\u00edpussal \u00e9rhet\u0151 el, ez\u00e9rt is szerepel a term\u00e9k nev\u00e9ben az AMOLED sz\u00f3, ez a klasszikus sz\u00ednes megjelen\u00edt\u0151, nagyon sz\u00e9p sz\u00ednekkel \u00e9s magas f\u00e9nyer\u0151vel. <strong>A m\u00e1sik verzi\u00f3 a Garmint\u00f3l megszokott MIP transzreflekt\u00edv megjelen\u00edt\u0151, ami az Instinct eset\u00e9ben sz\u00fcrke\u00e1rnyalatos kijelz\u00e9st jelent \u00e9s a f\u00e9ny visszaver\u00e9se \u00e1ltal v\u00e1lik olvashat\u00f3v\u00e1, de mellette term\u00e9szetesen bels\u0151 h\u00e1tt\u00e9rvil\u00e1g\u00edt\u00e1ssal is rendelkezik<\/strong>. M\u00e9reteket tekintve k\u00e9t opci\u00f3t kaptunk, 45 mm-es \u00e9s 50 mm-es tokoz\u00e1st, teszt\u00fcnk alanya az el\u0151bbi. (Az olcs\u00f3bb Instinct E modellb\u0151l l\u00e9tezik kisebb, 40 mm-es kiad\u00e1s is).<\/p>\n\n\n<div class=\"wp-block-image\">\n<figure class=\"aligncenter size-full\"><img loading=\"lazy\" decoding=\"async\" width=\"1200\" height=\"960\" src=\"https:\/\/hir.mediamarkt.hu\/magazin\/wp-content\/uploads\/2025\/05\/garmin-insinct-3-amoled-teszt02-.jpg\" alt=\"Garmin Instinct 3 AMOLED okos\u00f3ra teszt: t\u00far\u00e1ra fel\" class=\"wp-image-24818\" srcset=\"https:\/\/hir.mediamarkt.hu\/magazin\/wp-content\/uploads\/2025\/05\/garmin-insinct-3-amoled-teszt02-.jpg 1200w, https:\/\/hir.mediamarkt.hu\/magazin\/wp-content\/uploads\/2025\/05\/garmin-insinct-3-amoled-teszt02--250x200.jpg 250w, https:\/\/hir.mediamarkt.hu\/magazin\/wp-content\/uploads\/2025\/05\/garmin-insinct-3-amoled-teszt02--700x560.jpg 700w, https:\/\/hir.mediamarkt.hu\/magazin\/wp-content\/uploads\/2025\/05\/garmin-insinct-3-amoled-teszt02--275x220.jpg 275w, https:\/\/hir.mediamarkt.hu\/magazin\/wp-content\/uploads\/2025\/05\/garmin-insinct-3-amoled-teszt02--768x614.jpg 768w, https:\/\/hir.mediamarkt.hu\/magazin\/wp-content\/uploads\/2025\/05\/garmin-insinct-3-amoled-teszt02--120x96.jpg 120w\" sizes=\"(max-width: 1200px) 100vw, 1200px\" \/><\/figure><\/div>\n\n\n<p>A kalandokhoz l\u00e1tv\u00e1nyos sz\u00edn is j\u00e1r. B\u00e1r van bel\u0151le klasszikus fekete, de k\u00e9sz\u00fclt egy sz\u00fcrke-narancs \u00e1rnyalat, valamint teszt\u00fcnk alanya, amely vil\u00e1gosz\u00f6ld alappal rendelkezik, narancss\u00e1rga elemekkel.<\/p>\n\n\n\n<p>Maga a kijelz\u0151 30 mm-es, amihez a szokv\u00e1nyos 390&#215;390 k\u00e9ppontos felbont\u00e1s t\u00e1rsul, erre k\u00fcl\u00f6n\u00f6sebb panasz nem lehet. Ami fontos, a t\u00f6bbi AMOLED-es Garminhoz k\u00e9pest az Instinct 3 nem kapott \u00e9rint\u0151s funkci\u00f3t, kimaradt ez a funkci\u00f3, kiz\u00e1r\u00f3lag gombokkal vez\u00e9relhet\u0151. A kijelz\u0151t k\u00e9miailag er\u0151s\u00edtett \u00fcveg bor\u00edtja.<\/p>\n\n\n<div class=\"wp-block-image\">\n<figure class=\"aligncenter size-large is-resized\"><img loading=\"lazy\" decoding=\"async\" width=\"700\" height=\"875\" src=\"https:\/\/hir.mediamarkt.hu\/magazin\/wp-content\/uploads\/2025\/05\/garmin-insinct-3-amoled-teszt25--700x875.jpg\" alt=\"Garmin Instinct 3 AMOLED okos\u00f3ra teszt: t\u00far\u00e1ra fel\" class=\"wp-image-24833\" style=\"width:876px;height:auto\" srcset=\"https:\/\/hir.mediamarkt.hu\/magazin\/wp-content\/uploads\/2025\/05\/garmin-insinct-3-amoled-teszt25--700x875.jpg 700w, https:\/\/hir.mediamarkt.hu\/magazin\/wp-content\/uploads\/2025\/05\/garmin-insinct-3-amoled-teszt25--250x313.jpg 250w, https:\/\/hir.mediamarkt.hu\/magazin\/wp-content\/uploads\/2025\/05\/garmin-insinct-3-amoled-teszt25--275x344.jpg 275w, https:\/\/hir.mediamarkt.hu\/magazin\/wp-content\/uploads\/2025\/05\/garmin-insinct-3-amoled-teszt25--768x960.jpg 768w, https:\/\/hir.mediamarkt.hu\/magazin\/wp-content\/uploads\/2025\/05\/garmin-insinct-3-amoled-teszt25--120x150.jpg 120w, https:\/\/hir.mediamarkt.hu\/magazin\/wp-content\/uploads\/2025\/05\/garmin-insinct-3-amoled-teszt25-.jpg 1152w\" sizes=\"(max-width: 700px) 100vw, 700px\" \/><\/figure><\/div>\n\n\n<p>A 45 mm-es sz\u00e1ler\u0151s\u00edtett polimer tokoz\u00e1s f\u00e9m elemeket is kapott, illetve az outdoor \u00e9rz\u00e9s kedv\u00e9\u00e9rt \u00e9s a megfelel\u0151 10ATM v\u00edz\u00e1ll\u00f3s\u00e1g\u00e9rt az el\u0151lapon l\u00e1tv\u00e1nyos csavarokat is tal\u00e1lunk. A sz\u00e9les keret miatt a kijelz\u0151 els\u0151re kicsinek hathat, de a h\u00e9tk\u00f6znapi \u00e9letben hamar hozz\u00e1 lehet szokni.<\/p>\n\n\n\n<p>A Garmint\u00f3l megszokott klasszikus \u00f6tgombos vez\u00e9rl\u00e9s \u00e9rhet\u0151 el, a jobb oldalon kett\u0151, a bal oldalon h\u00e1rom gomb leoszt\u00e1ssal, a gy\u00e1rt\u00f3 legt\u00f6bb sport\u00f3r\u00e1ja ezt a hagyom\u00e1nyt k\u00f6veti hossz\u00fa \u00e9vek \u00f3ta.&nbsp;<\/p>\n\n\n<div class=\"wp-block-image\">\n<figure class=\"aligncenter size-full\"><img loading=\"lazy\" decoding=\"async\" width=\"745\" height=\"596\" src=\"https:\/\/hir.mediamarkt.hu\/magazin\/wp-content\/uploads\/2025\/05\/garmin-insinct-3-amoled-teszt03-edited.jpg\" alt=\"Garmin Instinct 3 AMOLED okos\u00f3ra teszt: t\u00far\u00e1ra fel\" class=\"wp-image-24848\" srcset=\"https:\/\/hir.mediamarkt.hu\/magazin\/wp-content\/uploads\/2025\/05\/garmin-insinct-3-amoled-teszt03-edited.jpg 745w, https:\/\/hir.mediamarkt.hu\/magazin\/wp-content\/uploads\/2025\/05\/garmin-insinct-3-amoled-teszt03-edited-250x200.jpg 250w, https:\/\/hir.mediamarkt.hu\/magazin\/wp-content\/uploads\/2025\/05\/garmin-insinct-3-amoled-teszt03-edited-700x560.jpg 700w, https:\/\/hir.mediamarkt.hu\/magazin\/wp-content\/uploads\/2025\/05\/garmin-insinct-3-amoled-teszt03-edited-275x220.jpg 275w, https:\/\/hir.mediamarkt.hu\/magazin\/wp-content\/uploads\/2025\/05\/garmin-insinct-3-amoled-teszt03-edited-120x96.jpg 120w\" sizes=\"(max-width: 745px) 100vw, 745px\" \/><\/figure><\/div>\n\n\n<p>Az \u00f3ra fels\u0151 r\u00e9sz\u00e9be beker\u00fclt a zsebl\u00e1mpa funkci\u00f3, k\u00e9t feh\u00e9r \u00e9s egy piros LED be\u00e9p\u00edt\u00e9s\u00e9vel, amely f\u00e9nyereje el\u00e9g komoly. A legt\u00f6bben el\u0151sz\u00f6r legyintenek, hogy minek kellene ilyen funkci\u00f3, azonban a h\u00e9tk\u00f6znapok sor\u00e1n nagyon hamar hozz\u00e1 lehet szokni, hogy a s\u00f6t\u00e9tebb helyeken egy mozdulattal bekapcsolhat\u00f3 \u00e9s komoly seg\u00edts\u00e9get ny\u00fajthat. T\u00far\u00e1z\u00e1s, sportol\u00e1s eset\u00e9n napnyugta ut\u00e1n is hasznos, ak\u00e1r az \u00fat k\u00f6vet\u00e9s\u00e9hez, de figyelemfelh\u00edv\u00e1sra is.&nbsp;<\/p>\n\n\n<div class=\"wp-block-image\">\n<figure class=\"aligncenter size-full\"><img loading=\"lazy\" decoding=\"async\" width=\"1200\" height=\"960\" src=\"https:\/\/hir.mediamarkt.hu\/magazin\/wp-content\/uploads\/2025\/05\/garmin-insinct-3-amoled-teszt11-.jpg\" alt=\"Garmin Instinct 3 AMOLED okos\u00f3ra teszt: t\u00far\u00e1ra fel\" class=\"wp-image-24820\" srcset=\"https:\/\/hir.mediamarkt.hu\/magazin\/wp-content\/uploads\/2025\/05\/garmin-insinct-3-amoled-teszt11-.jpg 1200w, https:\/\/hir.mediamarkt.hu\/magazin\/wp-content\/uploads\/2025\/05\/garmin-insinct-3-amoled-teszt11--250x200.jpg 250w, https:\/\/hir.mediamarkt.hu\/magazin\/wp-content\/uploads\/2025\/05\/garmin-insinct-3-amoled-teszt11--700x560.jpg 700w, https:\/\/hir.mediamarkt.hu\/magazin\/wp-content\/uploads\/2025\/05\/garmin-insinct-3-amoled-teszt11--275x220.jpg 275w, https:\/\/hir.mediamarkt.hu\/magazin\/wp-content\/uploads\/2025\/05\/garmin-insinct-3-amoled-teszt11--768x614.jpg 768w, https:\/\/hir.mediamarkt.hu\/magazin\/wp-content\/uploads\/2025\/05\/garmin-insinct-3-amoled-teszt11--120x96.jpg 120w\" sizes=\"(max-width: 1200px) 100vw, 1200px\" \/><\/figure><\/div>\n\n\n<p>A szilikon sz\u00edj vil\u00e1gosz\u00f6ld, a csat sz\u00fcrke, m\u00edg k\u00e9t narancss\u00e1rga b\u00fajtat\u00f3 eg\u00e9sz\u00edti ki, \u00edgy teljesen l\u00e1tv\u00e1nyos az <a href=\"https:\/\/www.mediamarkt.hu\/hu\/product\/_garmin-instinct-3-amoled-okosora-zold-szurke-szij-50mm-010-03020-01-1478196.html\" target=\"_blank\" rel=\"noreferrer noopener\">Instinct 3 AMOLED<\/a> \u00f3ra ebben az \u00e1rnyalatban, sokan megb\u00e1mulj\u00e1k az ember csukl\u00f3j\u00e1t. Nemhi\u00e1ba, ez ink\u00e1bb egy t\u00fara \u00f3ra, mint sem egy eleg\u00e1ns, \u00fczleti megold\u00e1s (persze k\u00edn\u00e1l ak\u00e1r ilyet is a Garmin).<\/p>\n\n\n\n<p>Az \u00f3ra h\u00e1toldal\u00e1n az Elevate V4-es optikai szenzorcsoportot tal\u00e1ljuk, ez szolg\u00e1l a pulzusm\u00e9r\u00e9sre \u00e9s a v\u00e9roxig\u00e9nszint m\u00e9r\u00e9sre &#8211; b\u00e1r hozz\u00e1 kell tenni nem ez a leg\u00fajabb fejleszt\u00e9s a gy\u00e1rt\u00f3n\u00e1l, hiszen m\u00e1r el\u00e9rhet\u0151 egy ideje a V5-\u00f6s szenzorcsoport is.<\/p>\n\n\n<div class=\"wp-block-image\">\n<figure class=\"aligncenter size-full\"><img loading=\"lazy\" decoding=\"async\" width=\"1200\" height=\"960\" src=\"https:\/\/hir.mediamarkt.hu\/magazin\/wp-content\/uploads\/2025\/05\/garmin-insinct-3-amoled-teszt14-.jpg\" alt=\"Garmin Instinct 3 AMOLED okos\u00f3ra teszt: t\u00far\u00e1ra fel\" class=\"wp-image-24821\" srcset=\"https:\/\/hir.mediamarkt.hu\/magazin\/wp-content\/uploads\/2025\/05\/garmin-insinct-3-amoled-teszt14-.jpg 1200w, https:\/\/hir.mediamarkt.hu\/magazin\/wp-content\/uploads\/2025\/05\/garmin-insinct-3-amoled-teszt14--250x200.jpg 250w, https:\/\/hir.mediamarkt.hu\/magazin\/wp-content\/uploads\/2025\/05\/garmin-insinct-3-amoled-teszt14--700x560.jpg 700w, https:\/\/hir.mediamarkt.hu\/magazin\/wp-content\/uploads\/2025\/05\/garmin-insinct-3-amoled-teszt14--275x220.jpg 275w, https:\/\/hir.mediamarkt.hu\/magazin\/wp-content\/uploads\/2025\/05\/garmin-insinct-3-amoled-teszt14--768x614.jpg 768w, https:\/\/hir.mediamarkt.hu\/magazin\/wp-content\/uploads\/2025\/05\/garmin-insinct-3-amoled-teszt14--120x96.jpg 120w\" sizes=\"(max-width: 1200px) 100vw, 1200px\" \/><\/figure><\/div>\n\n\n<p>A hardver mellett a kiszolg\u00e1l\u00e1st szoftver oldalon a Connect alkalmaz\u00e1sa l\u00e1tja el a Garminnak, amely nem csak az <a href=\"https:\/\/www.mediamarkt.hu\/hu\/product\/_garmin-instinct-3-amoled-okosora-zold-szurke-szij-50mm-010-03020-01-1478196.html\" target=\"_blank\" rel=\"noreferrer noopener\">Instinct 3 AMOLED<\/a>-et kezeli, hanem mag\u00e1t az eg\u00e9sz gy\u00e1rt\u00f3i \u00f6kosziszt\u00e9m\u00e1t, \u00edgy ha esetleg a gy\u00e1rt\u00f3t\u00f3l van m\u00e1s term\u00e9k\u00fcnk, m\u00e9rleg, ker\u00e9kp\u00e1ros computer, l\u00e1mpa, stb., akkor azokat is l\u00e1thatjuk benne.<\/p>\n\n\n\n<p>A Connect alkalmaz\u00e1s f\u0151oldal\u00e1n minden manaps\u00e1g fontos eg\u00e9szs\u00e9g\u00fcgyi adatunkat l\u00e1thatjuk, a szem\u00e9lyre szabhat\u00f3s\u00e1gnak k\u00f6sz\u00f6nhet\u0151en pedig be\u00e1ll\u00edthatjuk hogy mi az ami sz\u00e1munkra fontos.<\/p>\n\n\n\n<figure class=\"wp-block-gallery has-nested-images columns-default is-cropped wp-block-gallery-2 is-layout-flex wp-block-gallery-is-layout-flex\">\n<figure class=\"wp-block-image size-full\"><img loading=\"lazy\" decoding=\"async\" width=\"457\" height=\"1000\" data-id=\"24835\" src=\"https:\/\/hir.mediamarkt.hu\/magazin\/wp-content\/uploads\/2025\/05\/garmin-insinct-3-amoled-teszt-connect010.jpg\" alt=\"\" class=\"wp-image-24835\" srcset=\"https:\/\/hir.mediamarkt.hu\/magazin\/wp-content\/uploads\/2025\/05\/garmin-insinct-3-amoled-teszt-connect010.jpg 457w, https:\/\/hir.mediamarkt.hu\/magazin\/wp-content\/uploads\/2025\/05\/garmin-insinct-3-amoled-teszt-connect010-250x547.jpg 250w, https:\/\/hir.mediamarkt.hu\/magazin\/wp-content\/uploads\/2025\/05\/garmin-insinct-3-amoled-teszt-connect010-229x500.jpg 229w, https:\/\/hir.mediamarkt.hu\/magazin\/wp-content\/uploads\/2025\/05\/garmin-insinct-3-amoled-teszt-connect010-120x263.jpg 120w\" sizes=\"(max-width: 457px) 100vw, 457px\" \/><\/figure>\n\n\n\n<figure class=\"wp-block-image size-full\"><img loading=\"lazy\" decoding=\"async\" width=\"457\" height=\"1000\" data-id=\"24836\" src=\"https:\/\/hir.mediamarkt.hu\/magazin\/wp-content\/uploads\/2025\/05\/garmin-insinct-3-amoled-teszt-connect020.jpg\" alt=\"Garmin Instinct 3 AMOLED okos\u00f3ra teszt: t\u00far\u00e1ra fel\" class=\"wp-image-24836\" srcset=\"https:\/\/hir.mediamarkt.hu\/magazin\/wp-content\/uploads\/2025\/05\/garmin-insinct-3-amoled-teszt-connect020.jpg 457w, https:\/\/hir.mediamarkt.hu\/magazin\/wp-content\/uploads\/2025\/05\/garmin-insinct-3-amoled-teszt-connect020-250x547.jpg 250w, https:\/\/hir.mediamarkt.hu\/magazin\/wp-content\/uploads\/2025\/05\/garmin-insinct-3-amoled-teszt-connect020-229x500.jpg 229w, https:\/\/hir.mediamarkt.hu\/magazin\/wp-content\/uploads\/2025\/05\/garmin-insinct-3-amoled-teszt-connect020-120x263.jpg 120w\" sizes=\"(max-width: 457px) 100vw, 457px\" \/><\/figure>\n\n\n\n<figure class=\"wp-block-image size-full\"><img loading=\"lazy\" decoding=\"async\" width=\"457\" height=\"1000\" data-id=\"24837\" src=\"https:\/\/hir.mediamarkt.hu\/magazin\/wp-content\/uploads\/2025\/05\/garmin-insinct-3-amoled-teszt-connect030.jpg\" alt=\"Garmin Instinct 3 AMOLED okos\u00f3ra teszt: t\u00far\u00e1ra fel\" class=\"wp-image-24837\" srcset=\"https:\/\/hir.mediamarkt.hu\/magazin\/wp-content\/uploads\/2025\/05\/garmin-insinct-3-amoled-teszt-connect030.jpg 457w, https:\/\/hir.mediamarkt.hu\/magazin\/wp-content\/uploads\/2025\/05\/garmin-insinct-3-amoled-teszt-connect030-250x547.jpg 250w, https:\/\/hir.mediamarkt.hu\/magazin\/wp-content\/uploads\/2025\/05\/garmin-insinct-3-amoled-teszt-connect030-229x500.jpg 229w, https:\/\/hir.mediamarkt.hu\/magazin\/wp-content\/uploads\/2025\/05\/garmin-insinct-3-amoled-teszt-connect030-120x263.jpg 120w\" sizes=\"(max-width: 457px) 100vw, 457px\" \/><\/figure>\n<\/figure>\n\n\n\n<p><br>A Body Battery \u00e9rt\u00e9k mellett olyan fontos adatokat l\u00e1thatunk, mint a 24 \u00f3r\u00e1s pulzus adat, a a HRV \u00e9rt\u00e9k, a stressz szint, az alv\u00e1si adatok.<\/p>\n\n\n\n<p>\u00c9s persze el\u00e9rhet\u0151k a sport aktivit\u00e1sokhoz tartoz\u00f3 tev\u00e9kenys\u00e9gi adatok, amelyekr\u0151l rendk\u00edv\u00fcl sok adatot szolg\u00e1ltat a Instinct 3 AMOLED. Egyar\u00e1nt ide\u00e1lis akkor, ha t\u00far\u00e1zunk, futunk, ker\u00e9kp\u00e1rozunk, ak\u00e1r \u00faszunk, vagy valamilyen egy\u00e9b belt\u00e9ri aktivit\u00e1st v\u00e9gz\u00fcnk.<\/p>\n\n\n\n<figure class=\"wp-block-gallery has-nested-images columns-5 is-cropped wp-block-gallery-3 is-layout-flex wp-block-gallery-is-layout-flex\">\n<figure class=\"wp-block-image size-large\"><img loading=\"lazy\" decoding=\"async\" width=\"457\" height=\"1000\" data-id=\"24839\" src=\"https:\/\/hir.mediamarkt.hu\/magazin\/wp-content\/uploads\/2025\/05\/garmin-insinct-3-amoled-teszt-connect050.jpg\" alt=\"alkalmaz\u00e1s screen -  t\u00e9rk\u00e9p\" class=\"wp-image-24839\" srcset=\"https:\/\/hir.mediamarkt.hu\/magazin\/wp-content\/uploads\/2025\/05\/garmin-insinct-3-amoled-teszt-connect050.jpg 457w, https:\/\/hir.mediamarkt.hu\/magazin\/wp-content\/uploads\/2025\/05\/garmin-insinct-3-amoled-teszt-connect050-250x547.jpg 250w, https:\/\/hir.mediamarkt.hu\/magazin\/wp-content\/uploads\/2025\/05\/garmin-insinct-3-amoled-teszt-connect050-229x500.jpg 229w, https:\/\/hir.mediamarkt.hu\/magazin\/wp-content\/uploads\/2025\/05\/garmin-insinct-3-amoled-teszt-connect050-120x263.jpg 120w\" sizes=\"(max-width: 457px) 100vw, 457px\" \/><\/figure>\n\n\n\n<figure class=\"wp-block-image size-large\"><img loading=\"lazy\" decoding=\"async\" width=\"457\" height=\"1000\" data-id=\"24838\" src=\"https:\/\/hir.mediamarkt.hu\/magazin\/wp-content\/uploads\/2025\/05\/garmin-insinct-3-amoled-teszt-connect060.jpg\" alt=\"alkalmaz\u00e1s screen\" class=\"wp-image-24838\" srcset=\"https:\/\/hir.mediamarkt.hu\/magazin\/wp-content\/uploads\/2025\/05\/garmin-insinct-3-amoled-teszt-connect060.jpg 457w, https:\/\/hir.mediamarkt.hu\/magazin\/wp-content\/uploads\/2025\/05\/garmin-insinct-3-amoled-teszt-connect060-250x547.jpg 250w, https:\/\/hir.mediamarkt.hu\/magazin\/wp-content\/uploads\/2025\/05\/garmin-insinct-3-amoled-teszt-connect060-229x500.jpg 229w, https:\/\/hir.mediamarkt.hu\/magazin\/wp-content\/uploads\/2025\/05\/garmin-insinct-3-amoled-teszt-connect060-120x263.jpg 120w\" sizes=\"(max-width: 457px) 100vw, 457px\" \/><\/figure>\n\n\n\n<figure class=\"wp-block-image size-large\"><img loading=\"lazy\" decoding=\"async\" width=\"457\" height=\"1000\" data-id=\"24840\" src=\"https:\/\/hir.mediamarkt.hu\/magazin\/wp-content\/uploads\/2025\/05\/garmin-insinct-3-amoled-teszt-connect070.jpg\" alt=\"alkalmaz\u00e1s screen\" class=\"wp-image-24840\" srcset=\"https:\/\/hir.mediamarkt.hu\/magazin\/wp-content\/uploads\/2025\/05\/garmin-insinct-3-amoled-teszt-connect070.jpg 457w, https:\/\/hir.mediamarkt.hu\/magazin\/wp-content\/uploads\/2025\/05\/garmin-insinct-3-amoled-teszt-connect070-250x547.jpg 250w, https:\/\/hir.mediamarkt.hu\/magazin\/wp-content\/uploads\/2025\/05\/garmin-insinct-3-amoled-teszt-connect070-229x500.jpg 229w, https:\/\/hir.mediamarkt.hu\/magazin\/wp-content\/uploads\/2025\/05\/garmin-insinct-3-amoled-teszt-connect070-120x263.jpg 120w\" sizes=\"(max-width: 457px) 100vw, 457px\" \/><\/figure>\n\n\n\n<figure class=\"wp-block-image size-large\"><img loading=\"lazy\" decoding=\"async\" width=\"457\" height=\"1000\" data-id=\"24841\" src=\"https:\/\/hir.mediamarkt.hu\/magazin\/wp-content\/uploads\/2025\/05\/garmin-insinct-3-amoled-teszt-connect080.jpg\" alt=\"alkalmaz\u00e1s screen\" class=\"wp-image-24841\" srcset=\"https:\/\/hir.mediamarkt.hu\/magazin\/wp-content\/uploads\/2025\/05\/garmin-insinct-3-amoled-teszt-connect080.jpg 457w, https:\/\/hir.mediamarkt.hu\/magazin\/wp-content\/uploads\/2025\/05\/garmin-insinct-3-amoled-teszt-connect080-250x547.jpg 250w, https:\/\/hir.mediamarkt.hu\/magazin\/wp-content\/uploads\/2025\/05\/garmin-insinct-3-amoled-teszt-connect080-229x500.jpg 229w, https:\/\/hir.mediamarkt.hu\/magazin\/wp-content\/uploads\/2025\/05\/garmin-insinct-3-amoled-teszt-connect080-120x263.jpg 120w\" sizes=\"(max-width: 457px) 100vw, 457px\" \/><\/figure>\n\n\n\n<figure class=\"wp-block-image size-large\"><img loading=\"lazy\" decoding=\"async\" width=\"457\" height=\"1000\" data-id=\"24842\" src=\"https:\/\/hir.mediamarkt.hu\/magazin\/wp-content\/uploads\/2025\/05\/garmin-insinct-3-amoled-teszt-connect090.jpg\" alt=\"alkalmaz\u00e1s screen\" class=\"wp-image-24842\" srcset=\"https:\/\/hir.mediamarkt.hu\/magazin\/wp-content\/uploads\/2025\/05\/garmin-insinct-3-amoled-teszt-connect090.jpg 457w, https:\/\/hir.mediamarkt.hu\/magazin\/wp-content\/uploads\/2025\/05\/garmin-insinct-3-amoled-teszt-connect090-250x547.jpg 250w, https:\/\/hir.mediamarkt.hu\/magazin\/wp-content\/uploads\/2025\/05\/garmin-insinct-3-amoled-teszt-connect090-229x500.jpg 229w, https:\/\/hir.mediamarkt.hu\/magazin\/wp-content\/uploads\/2025\/05\/garmin-insinct-3-amoled-teszt-connect090-120x263.jpg 120w\" sizes=\"(max-width: 457px) 100vw, 457px\" \/><\/figure>\n<\/figure>\n\n\n\n<p>A be\u00e9p\u00edtett GPS megold\u00e1sok kell\u0151en pontosak, egy s\u0171r\u0171 erd\u0151ben is nagyon hamar megtal\u00e1lja a jelet az \u00f3ra indul\u00e1skor \u00e9s j\u00f3l k\u00f6veti az \u00fatvonalat a r\u00f6gz\u00edt\u00e9s sor\u00e1n. Mivel outdoor \u00f3ra, ez\u00e9rt ez kifejezetten fontos funkci\u00f3. Az \u00fatvonal nyomvonala pontos volt \u00e9s a szintemelked\u00e9st is j\u00f3l b\u00edrta. A nagy f\u00e9nyerej\u0171 kijelz\u0151 pedig naps\u00fct\u00e9sben is olvashat\u00f3 marad. Amit hi\u00e1nyolhatunk esetleg, az az \u00f3r\u00e1ba \u00e9p\u00edtett t\u00e9rk\u00e9p \u2013 ezt t\u00f6bb Fenix \u00e9s Forerunner modell is megkapta,\u00a0 az Instinct sorozat viszont tov\u00e1bbra is csak vakt\u00e9rk\u00e9ppel oper\u00e1l. Viszont ha egy \u00fatvonalat tartalmaz\u00f3 gpx f\u00e1jlt adunk hozz\u00e1 az \u00f3r\u00e1hoz a Connectben, az tud majd navig\u00e1lni minket, csipog\u00e1ssal \u00e9rtes\u00edt amikor kanyarodni kell. Az okostelefonra telep\u00edthet\u0151 ingyenes Garmin Explore<a href=\"https:\/\/garmin.hu\/garminexplore\">e<\/a> alkalmaz\u00e1ssal viszont offline t\u00e9rk\u00e9pkezel\u00e9sre is van lehet\u0151s\u00e9g (nincs sz\u00fcks\u00e9g mobilnetre!). P\u00e9ld\u00e1ul gyorsan \u00f6sszerakhat\u00f3k \u00e9s az \u00f3r\u00e1ra \u00e1tk\u00fcldhet\u0151k \u00fatvonalak, vagy ak\u00e1r pontok megjel\u00f6l\u00e9se is egyszer\u0171en lehets\u00e9ges.\u201d<\/p>\n\n\n<div class=\"wp-block-image\">\n<figure class=\"aligncenter size-full\"><img loading=\"lazy\" decoding=\"async\" width=\"1200\" height=\"960\" src=\"https:\/\/hir.mediamarkt.hu\/magazin\/wp-content\/uploads\/2025\/05\/garmin-insinct-3-amoled-teszt20-.jpg\" alt=\"Garmin Instinct 3 AMOLED okos\u00f3ra teszt: t\u00far\u00e1ra fel\" class=\"wp-image-24832\" srcset=\"https:\/\/hir.mediamarkt.hu\/magazin\/wp-content\/uploads\/2025\/05\/garmin-insinct-3-amoled-teszt20-.jpg 1200w, https:\/\/hir.mediamarkt.hu\/magazin\/wp-content\/uploads\/2025\/05\/garmin-insinct-3-amoled-teszt20--250x200.jpg 250w, https:\/\/hir.mediamarkt.hu\/magazin\/wp-content\/uploads\/2025\/05\/garmin-insinct-3-amoled-teszt20--700x560.jpg 700w, https:\/\/hir.mediamarkt.hu\/magazin\/wp-content\/uploads\/2025\/05\/garmin-insinct-3-amoled-teszt20--275x220.jpg 275w, https:\/\/hir.mediamarkt.hu\/magazin\/wp-content\/uploads\/2025\/05\/garmin-insinct-3-amoled-teszt20--768x614.jpg 768w, https:\/\/hir.mediamarkt.hu\/magazin\/wp-content\/uploads\/2025\/05\/garmin-insinct-3-amoled-teszt20--120x96.jpg 120w\" sizes=\"(max-width: 1200px) 100vw, 1200px\" \/><\/figure><\/div>\n\n\n<p>A leg\u00fajabb okosfunkci\u00f3k k\u00f6z\u00fcl nem ker\u00fclt bele a Bluetooth-h\u00edv\u00e1s, teh\u00e1t a csukl\u00f3nkon nem bonyol\u00edthatunk le telefonbesz\u00e9lget\u00e9st (az \u00faj Fenix 8 sz\u00e9ria m\u00e1r tudja ezt). Van viszont Garmin Pay, \u00edgy b\u00e1rmerre is t\u00far\u00e1zunk, bankk\u00e1rtya n\u00e9lk\u00fcl is fizethet\u00fcnk, csak az \u00f3r\u00e1t haszn\u00e1lva \u00e9rint\u00e9ssel.<\/p>\n\n\n\n<p>A kor\u00e1bbi Instinct modellek f\u0151leg MIP kijelz\u0151t haszn\u00e1ltak, az <a href=\"https:\/\/www.mediamarkt.hu\/hu\/product\/_garmin-instinct-3-amoled-okosora-zold-szurke-szij-50mm-010-03020-01-1478196.html\" target=\"_blank\" rel=\"noreferrer noopener\">Instinct 3 AMOLED<\/a> viszont egy 30 mm-es AMOLED panelt. Ez viszont nem l\u00e1tszott meg az \u00fczemid\u0151n, ugyan\u00fagy hihetetlen hosszan m\u0171k\u00f6d\u00f6tt egy felt\u00f6lt\u00e9ssel. Ha sokat sportolunk a szabadban (\u00e9rtsd ezt \u00fagy, hogy 10-12 \u00f3r\u00e1t egy h\u00e9ten), akkor is be\u00e9ri heti egy t\u00f6lt\u00e9ssel, m\u00edg okos\u00f3ra \u00fczemm\u00f3dban ak\u00e1r 2,5 h\u00e9tig is k\u00e9pes m\u0171k\u00f6dni. A h\u00e1toldal\u00e1n tal\u00e1lhat\u00f3, Garmint\u00f3l megszokott egyedi csatlakoz\u00f3 nem maradt el, tov\u00e1bbra sincs vezet\u00e9k n\u00e9lk\u00fcli t\u00f6lt\u00e9s. A dobozban m\u00e1r USB-C-s v\u00e9g\u0171 t\u00f6lt\u0151k\u00e1belt kapunk.<\/p>\n\n\n<div class=\"wp-block-image\">\n<figure class=\"aligncenter size-full\"><img loading=\"lazy\" decoding=\"async\" width=\"1200\" height=\"960\" src=\"https:\/\/hir.mediamarkt.hu\/magazin\/wp-content\/uploads\/2025\/05\/garmin-insinct-3-amoled-teszt15-.jpg\" alt=\"Garmin Instinct 3 AMOLED okos\u00f3ra teszt: t\u00far\u00e1ra fel\" class=\"wp-image-24830\" srcset=\"https:\/\/hir.mediamarkt.hu\/magazin\/wp-content\/uploads\/2025\/05\/garmin-insinct-3-amoled-teszt15-.jpg 1200w, https:\/\/hir.mediamarkt.hu\/magazin\/wp-content\/uploads\/2025\/05\/garmin-insinct-3-amoled-teszt15--250x200.jpg 250w, https:\/\/hir.mediamarkt.hu\/magazin\/wp-content\/uploads\/2025\/05\/garmin-insinct-3-amoled-teszt15--700x560.jpg 700w, https:\/\/hir.mediamarkt.hu\/magazin\/wp-content\/uploads\/2025\/05\/garmin-insinct-3-amoled-teszt15--275x220.jpg 275w, https:\/\/hir.mediamarkt.hu\/magazin\/wp-content\/uploads\/2025\/05\/garmin-insinct-3-amoled-teszt15--768x614.jpg 768w, https:\/\/hir.mediamarkt.hu\/magazin\/wp-content\/uploads\/2025\/05\/garmin-insinct-3-amoled-teszt15--120x96.jpg 120w\" sizes=\"(max-width: 1200px) 100vw, 1200px\" \/><\/figure><\/div>\n\n\n<p>A <a href=\"https:\/\/www.mediamarkt.hu\/hu\/product\/_garmin-instinct-3-amoled-okosora-zold-szurke-szij-50mm-010-03020-01-1478196.html\" target=\"_blank\" rel=\"noreferrer noopener\">Garmin Instinct 3 AMOLED<\/a> sz\u00e9pen k\u00f6veti a trendeket. Megtartotta a sorozat kor\u00e1bbi, robosztus, k\u00fcl\u00f6nleges st\u00edlus\u00e1t, amelyet az okos\u00f3r\u00e1k kev\u00e9sb\u00e9 szoktak viselni. Mindek\u00f6zben viszont minden fontosabb olyan alap okos\u00f3ra szolg\u00e1ltat\u00e1st megkapott, egy j\u00f3l j\u00f6het a h\u00e9tk\u00f6znapokban \u00e9s a hi\u00e1nyoss\u00e1gok ellen\u00e9re is n\u00e9pszer\u0171bb lehet az el\u0151dein\u00e9l.<\/p>\n","protected":false},"excerpt":{"rendered":"Amikor egy t\u00fal\u00e9l\u0151\u00f3ra v\u00e9gre kap egy men\u0151 AMOLED kijelz\u0151t\u2026\nA Garmin Instinct 3 AMOLED nemcsak massz\u00edv, hanem elk\u00e9peszt\u0151en j\u00f3l n\u00e9z ki \u2013 \u00e9s m\u00e9g okos is. Letesztelt\u00fck terepen, edz\u00e9sen, h\u00e9tk\u00f6znapokon. Spoiler: el\u00e9g men\u0151 lett.","protected":false},"author":34,"featured_media":24851,"comment_status":"open","ping_status":"open","sticky":false,"template":"","format":"standard","meta":{"wprm-recipe-roundup-name":"","wprm-recipe-roundup-description":"","footnotes":""},"categories":[5969,5983,5966,5949,5953,5946,2382],"tags":[1353,89],"yoast_head":"<!-- This site is optimized with the Yoast SEO plugin v22.9 - https:\/\/yoast.com\/wordpress\/plugins\/seo\/ -->\n<title>Garmin Instinct 3 AMOLED okos\u00f3ra teszt: t\u00far\u00e1ra fel - MediaMarkt Magazin<\/title>\n<meta name=\"description\" content=\"Tesztelt\u00fck a Garmin Instinct 3 AMOLED-et! Strapab\u00edr\u00f3, okos \u00e9s gy\u00f6ny\u00f6r\u0171 kijelz\u0151s multisport \u00f3ra \u2013 t\u00far\u00e1z\u00f3knak, sportol\u00f3knak, kalandv\u00e1gy\u00f3knak.\" \/>\n<meta name=\"robots\" content=\"index, follow, max-snippet:-1, max-image-preview:large, max-video-preview:-1\" \/>\n<link rel=\"canonical\" href=\"https:\/\/hir.mediamarkt.hu\/magazin\/garmin-instinct-3-amoled-okosora-teszt\/\" \/>\n<meta property=\"og:locale\" content=\"hu_HU\" \/>\n<meta property=\"og:type\" content=\"article\" \/>\n<meta property=\"og:title\" content=\"Garmin Instinct 3 AMOLED okos\u00f3ra teszt: t\u00far\u00e1ra fel - MediaMarkt Magazin\" \/>\n<meta property=\"og:description\" content=\"Tesztelt\u00fck a Garmin Instinct 3 AMOLED-et! Strapab\u00edr\u00f3, okos \u00e9s gy\u00f6ny\u00f6r\u0171 kijelz\u0151s multisport \u00f3ra \u2013 t\u00far\u00e1z\u00f3knak, sportol\u00f3knak, kalandv\u00e1gy\u00f3knak.\" \/>\n<meta property=\"og:url\" content=\"https:\/\/hir.mediamarkt.hu\/magazin\/garmin-instinct-3-amoled-okosora-teszt\/\" \/>\n<meta property=\"og:site_name\" content=\"MediaMarkt Magazin\" \/>\n<meta property=\"article:publisher\" content=\"https:\/\/www.facebook.com\/MediaMarktMagyarorszag\" \/>\n<meta property=\"article:published_time\" content=\"2025-05-28T14:39:20+00:00\" \/>\n<meta property=\"article:modified_time\" content=\"2025-06-04T09:12:13+00:00\" \/>\n<meta property=\"og:image\" content=\"https:\/\/hir.mediamarkt.hu\/magazin\/wp-content\/uploads\/2025\/06\/Garmin_Instinct3.png\" \/>\n\t<meta property=\"og:image:width\" content=\"1024\" \/>\n\t<meta property=\"og:image:height\" content=\"619\" \/>\n\t<meta property=\"og:image:type\" content=\"image\/png\" \/>\n<meta name=\"author\" content=\"Kov\u00e1cs \u00c1d\u00e1m\" \/>\n<meta name=\"twitter:label1\" content=\"Szerz\u0151:\" \/>\n\t<meta name=\"twitter:data1\" content=\"Kov\u00e1cs \u00c1d\u00e1m\" \/>\n\t<meta name=\"twitter:label2\" content=\"Becs\u00fclt olvas\u00e1si id\u0151\" \/>\n\t<meta name=\"twitter:data2\" content=\"8 perc\" \/>\n<script type=\"application\/ld+json\" class=\"yoast-schema-graph\">{\"@context\":\"https:\/\/schema.org\",\"@graph\":[{\"@type\":\"WebPage\",\"@id\":\"https:\/\/hir.mediamarkt.hu\/magazin\/garmin-instinct-3-amoled-okosora-teszt\/\",\"url\":\"https:\/\/hir.mediamarkt.hu\/magazin\/garmin-instinct-3-amoled-okosora-teszt\/\",\"name\":\"Garmin Instinct 3 AMOLED okos\u00f3ra teszt: t\u00far\u00e1ra fel - MediaMarkt Magazin\",\"isPartOf\":{\"@id\":\"https:\/\/hir.mediamarkt.hu\/magazin\/#website\"},\"primaryImageOfPage\":{\"@id\":\"https:\/\/hir.mediamarkt.hu\/magazin\/garmin-instinct-3-amoled-okosora-teszt\/#primaryimage\"},\"image\":{\"@id\":\"https:\/\/hir.mediamarkt.hu\/magazin\/garmin-instinct-3-amoled-okosora-teszt\/#primaryimage\"},\"thumbnailUrl\":\"https:\/\/hir.mediamarkt.hu\/magazin\/wp-content\/uploads\/2025\/06\/Garmin_Instinct3.png\",\"datePublished\":\"2025-05-28T14:39:20+00:00\",\"dateModified\":\"2025-06-04T09:12:13+00:00\",\"author\":{\"@id\":\"https:\/\/hir.mediamarkt.hu\/magazin\/#\/schema\/person\/eb6407def37d68930e61b9ccc0d2b12b\"},\"description\":\"Tesztelt\u00fck a Garmin Instinct 3 AMOLED-et! Strapab\u00edr\u00f3, okos \u00e9s gy\u00f6ny\u00f6r\u0171 kijelz\u0151s multisport \u00f3ra \u2013 t\u00far\u00e1z\u00f3knak, sportol\u00f3knak, kalandv\u00e1gy\u00f3knak.\",\"breadcrumb\":{\"@id\":\"https:\/\/hir.mediamarkt.hu\/magazin\/garmin-instinct-3-amoled-okosora-teszt\/#breadcrumb\"},\"inLanguage\":\"hu\",\"potentialAction\":[{\"@type\":\"ReadAction\",\"target\":[\"https:\/\/hir.mediamarkt.hu\/magazin\/garmin-instinct-3-amoled-okosora-teszt\/\"]}]},{\"@type\":\"ImageObject\",\"inLanguage\":\"hu\",\"@id\":\"https:\/\/hir.mediamarkt.hu\/magazin\/garmin-instinct-3-amoled-okosora-teszt\/#primaryimage\",\"url\":\"https:\/\/hir.mediamarkt.hu\/magazin\/wp-content\/uploads\/2025\/06\/Garmin_Instinct3.png\",\"contentUrl\":\"https:\/\/hir.mediamarkt.hu\/magazin\/wp-content\/uploads\/2025\/06\/Garmin_Instinct3.png\",\"width\":1024,\"height\":619},{\"@type\":\"BreadcrumbList\",\"@id\":\"https:\/\/hir.mediamarkt.hu\/magazin\/garmin-instinct-3-amoled-okosora-teszt\/#breadcrumb\",\"itemListElement\":[{\"@type\":\"ListItem\",\"position\":1,\"name\":\"Kezd\u0151lap\",\"item\":\"https:\/\/hir.mediamarkt.hu\/magazin\/\"},{\"@type\":\"ListItem\",\"position\":2,\"name\":\"\u00c9letm\u00f3d \u00e9s szabadid\u0151\",\"item\":\"https:\/\/hir.mediamarkt.hu\/magazin\/eletmod-es-szabadido\/\"},{\"@type\":\"ListItem\",\"position\":3,\"name\":\"Navig\u00e1ci\u00f3 \u00e9s utaz\u00e1s\",\"item\":\"https:\/\/hir.mediamarkt.hu\/magazin\/eletmod-es-szabadido\/navigacio-es-utazas\/\"},{\"@type\":\"ListItem\",\"position\":4,\"name\":\"Garmin Instinct 3 AMOLED okos\u00f3ra teszt: t\u00far\u00e1ra fel\"}]},{\"@type\":\"WebSite\",\"@id\":\"https:\/\/hir.mediamarkt.hu\/magazin\/#website\",\"url\":\"https:\/\/hir.mediamarkt.hu\/magazin\/\",\"name\":\"MediaMarkt Magazin\",\"description\":\"Olvass bele magazinunkba!\",\"potentialAction\":[{\"@type\":\"SearchAction\",\"target\":{\"@type\":\"EntryPoint\",\"urlTemplate\":\"https:\/\/hir.mediamarkt.hu\/magazin\/?s={search_term_string}\"},\"query-input\":\"required name=search_term_string\"}],\"inLanguage\":\"hu\"},{\"@type\":\"Person\",\"@id\":\"https:\/\/hir.mediamarkt.hu\/magazin\/#\/schema\/person\/eb6407def37d68930e61b9ccc0d2b12b\",\"name\":\"Kov\u00e1cs \u00c1d\u00e1m\",\"image\":{\"@type\":\"ImageObject\",\"inLanguage\":\"hu\",\"@id\":\"https:\/\/hir.mediamarkt.hu\/magazin\/#\/schema\/person\/image\/\",\"url\":\"https:\/\/secure.gravatar.com\/avatar\/7f17d39fcf146db446aab8f0a0b84bce?s=96&d=mm&r=g\",\"contentUrl\":\"https:\/\/secure.gravatar.com\/avatar\/7f17d39fcf146db446aab8f0a0b84bce?s=96&d=mm&r=g\",\"caption\":\"Kov\u00e1cs \u00c1d\u00e1m\"}}]}<\/script>\n<!-- \/ Yoast SEO plugin. -->","yoast_head_json":{"title":"Garmin Instinct 3 AMOLED okos\u00f3ra teszt: t\u00far\u00e1ra fel - MediaMarkt Magazin","description":"Tesztelt\u00fck a Garmin Instinct 3 AMOLED-et! Strapab\u00edr\u00f3, okos \u00e9s gy\u00f6ny\u00f6r\u0171 kijelz\u0151s multisport \u00f3ra \u2013 t\u00far\u00e1z\u00f3knak, sportol\u00f3knak, kalandv\u00e1gy\u00f3knak.","robots":{"index":"index","follow":"follow","max-snippet":"max-snippet:-1","max-image-preview":"max-image-preview:large","max-video-preview":"max-video-preview:-1"},"canonical":"https:\/\/hir.mediamarkt.hu\/magazin\/garmin-instinct-3-amoled-okosora-teszt\/","og_locale":"hu_HU","og_type":"article","og_title":"Garmin Instinct 3 AMOLED okos\u00f3ra teszt: t\u00far\u00e1ra fel - MediaMarkt Magazin","og_description":"Tesztelt\u00fck a Garmin Instinct 3 AMOLED-et! Strapab\u00edr\u00f3, okos \u00e9s gy\u00f6ny\u00f6r\u0171 kijelz\u0151s multisport \u00f3ra \u2013 t\u00far\u00e1z\u00f3knak, sportol\u00f3knak, kalandv\u00e1gy\u00f3knak.","og_url":"https:\/\/hir.mediamarkt.hu\/magazin\/garmin-instinct-3-amoled-okosora-teszt\/","og_site_name":"MediaMarkt Magazin","article_publisher":"https:\/\/www.facebook.com\/MediaMarktMagyarorszag","article_published_time":"2025-05-28T14:39:20+00:00","article_modified_time":"2025-06-04T09:12:13+00:00","og_image":[{"width":1024,"height":619,"url":"https:\/\/hir.mediamarkt.hu\/magazin\/wp-content\/uploads\/2025\/06\/Garmin_Instinct3.png","type":"image\/png"}],"author":"Kov\u00e1cs \u00c1d\u00e1m","twitter_misc":{"Szerz\u0151:":"Kov\u00e1cs \u00c1d\u00e1m","Becs\u00fclt olvas\u00e1si id\u0151":"8 perc"},"schema":{"@context":"https:\/\/schema.org","@graph":[{"@type":"WebPage","@id":"https:\/\/hir.mediamarkt.hu\/magazin\/garmin-instinct-3-amoled-okosora-teszt\/","url":"https:\/\/hir.mediamarkt.hu\/magazin\/garmin-instinct-3-amoled-okosora-teszt\/","name":"Garmin Instinct 3 AMOLED okos\u00f3ra teszt: t\u00far\u00e1ra fel - MediaMarkt Magazin","isPartOf":{"@id":"https:\/\/hir.mediamarkt.hu\/magazin\/#website"},"primaryImageOfPage":{"@id":"https:\/\/hir.mediamarkt.hu\/magazin\/garmin-instinct-3-amoled-okosora-teszt\/#primaryimage"},"image":{"@id":"https:\/\/hir.mediamarkt.hu\/magazin\/garmin-instinct-3-amoled-okosora-teszt\/#primaryimage"},"thumbnailUrl":"https:\/\/hir.mediamarkt.hu\/magazin\/wp-content\/uploads\/2025\/06\/Garmin_Instinct3.png","datePublished":"2025-05-28T14:39:20+00:00","dateModified":"2025-06-04T09:12:13+00:00","author":{"@id":"https:\/\/hir.mediamarkt.hu\/magazin\/#\/schema\/person\/eb6407def37d68930e61b9ccc0d2b12b"},"description":"Tesztelt\u00fck a Garmin Instinct 3 AMOLED-et! Strapab\u00edr\u00f3, okos \u00e9s gy\u00f6ny\u00f6r\u0171 kijelz\u0151s multisport \u00f3ra \u2013 t\u00far\u00e1z\u00f3knak, sportol\u00f3knak, kalandv\u00e1gy\u00f3knak.","breadcrumb":{"@id":"https:\/\/hir.mediamarkt.hu\/magazin\/garmin-instinct-3-amoled-okosora-teszt\/#breadcrumb"},"inLanguage":"hu","potentialAction":[{"@type":"ReadAction","target":["https:\/\/hir.mediamarkt.hu\/magazin\/garmin-instinct-3-amoled-okosora-teszt\/"]}]},{"@type":"ImageObject","inLanguage":"hu","@id":"https:\/\/hir.mediamarkt.hu\/magazin\/garmin-instinct-3-amoled-okosora-teszt\/#primaryimage","url":"https:\/\/hir.mediamarkt.hu\/magazin\/wp-content\/uploads\/2025\/06\/Garmin_Instinct3.png","contentUrl":"https:\/\/hir.mediamarkt.hu\/magazin\/wp-content\/uploads\/2025\/06\/Garmin_Instinct3.png","width":1024,"height":619},{"@type":"BreadcrumbList","@id":"https:\/\/hir.mediamarkt.hu\/magazin\/garmin-instinct-3-amoled-okosora-teszt\/#breadcrumb","itemListElement":[{"@type":"ListItem","position":1,"name":"Kezd\u0151lap","item":"https:\/\/hir.mediamarkt.hu\/magazin\/"},{"@type":"ListItem","position":2,"name":"\u00c9letm\u00f3d \u00e9s szabadid\u0151","item":"https:\/\/hir.mediamarkt.hu\/magazin\/eletmod-es-szabadido\/"},{"@type":"ListItem","position":3,"name":"Navig\u00e1ci\u00f3 \u00e9s utaz\u00e1s","item":"https:\/\/hir.mediamarkt.hu\/magazin\/eletmod-es-szabadido\/navigacio-es-utazas\/"},{"@type":"ListItem","position":4,"name":"Garmin Instinct 3 AMOLED okos\u00f3ra teszt: t\u00far\u00e1ra fel"}]},{"@type":"WebSite","@id":"https:\/\/hir.mediamarkt.hu\/magazin\/#website","url":"https:\/\/hir.mediamarkt.hu\/magazin\/","name":"MediaMarkt Magazin","description":"Olvass bele magazinunkba!","potentialAction":[{"@type":"SearchAction","target":{"@type":"EntryPoint","urlTemplate":"https:\/\/hir.mediamarkt.hu\/magazin\/?s={search_term_string}"},"query-input":"required name=search_term_string"}],"inLanguage":"hu"},{"@type":"Person","@id":"https:\/\/hir.mediamarkt.hu\/magazin\/#\/schema\/person\/eb6407def37d68930e61b9ccc0d2b12b","name":"Kov\u00e1cs \u00c1d\u00e1m","image":{"@type":"ImageObject","inLanguage":"hu","@id":"https:\/\/hir.mediamarkt.hu\/magazin\/#\/schema\/person\/image\/","url":"https:\/\/secure.gravatar.com\/avatar\/7f17d39fcf146db446aab8f0a0b84bce?s=96&d=mm&r=g","contentUrl":"https:\/\/secure.gravatar.com\/avatar\/7f17d39fcf146db446aab8f0a0b84bce?s=96&d=mm&r=g","caption":"Kov\u00e1cs \u00c1d\u00e1m"}}]}},"_links":{"self":[{"href":"https:\/\/hir.mediamarkt.hu\/magazin\/wp-json\/wp\/v2\/posts\/24816"}],"collection":[{"href":"https:\/\/hir.mediamarkt.hu\/magazin\/wp-json\/wp\/v2\/posts"}],"about":[{"href":"https:\/\/hir.mediamarkt.hu\/magazin\/wp-json\/wp\/v2\/types\/post"}],"author":[{"embeddable":true,"href":"https:\/\/hir.mediamarkt.hu\/magazin\/wp-json\/wp\/v2\/users\/34"}],"replies":[{"embeddable":true,"href":"https:\/\/hir.mediamarkt.hu\/magazin\/wp-json\/wp\/v2\/comments?post=24816"}],"version-history":[{"count":6,"href":"https:\/\/hir.mediamarkt.hu\/magazin\/wp-json\/wp\/v2\/posts\/24816\/revisions"}],"predecessor-version":[{"id":24849,"href":"https:\/\/hir.mediamarkt.hu\/magazin\/wp-json\/wp\/v2\/posts\/24816\/revisions\/24849"}],"wp:featuredmedia":[{"embeddable":true,"href":"https:\/\/hir.mediamarkt.hu\/magazin\/wp-json\/wp\/v2\/media\/24851"}],"wp:attachment":[{"href":"https:\/\/hir.mediamarkt.hu\/magazin\/wp-json\/wp\/v2\/media?parent=24816"}],"wp:term":[{"taxonomy":"category","embeddable":true,"href":"https:\/\/hir.mediamarkt.hu\/magazin\/wp-json\/wp\/v2\/categories?post=24816"},{"taxonomy":"post_tag","embeddable":true,"href":"https:\/\/hir.mediamarkt.hu\/magazin\/wp-json\/wp\/v2\/tags?post=24816"}],"curies":[{"name":"wp","href":"https:\/\/api.w.org\/{rel}","templated":true}]}}