{"id":24827,"date":"2025-05-29T13:17:53","date_gmt":"2025-05-29T12:17:53","guid":{"rendered":"https:\/\/hir.mediamarkt.hu\/magazin\/?p=24827"},"modified":"2025-05-29T13:17:55","modified_gmt":"2025-05-29T12:17:55","slug":"basszus-micsoda-hangszoro-jbl-charge-6-teszt","status":"publish","type":"post","link":"https:\/\/hir.mediamarkt.hu\/magazin\/basszus-micsoda-hangszoro-jbl-charge-6-teszt\/","title":{"rendered":"Basszus, micsoda hangsz\u00f3r\u00f3! &#8211; JBL Charge 6 teszt"},"content":{"rendered":"\n<p>A JBL elhozta a leg\u00fajabb gener\u00e1ci\u00f3t a kedvelt hordozhat\u00f3 hangsz\u00f3r\u00f3ib\u00f3l: itt a Charge 6! Megn\u00e9zt\u00fck (meghallgattuk), mit tud, \u00e9s most el\u00e1ruljuk, kinek \u00e9rdemes lecsapni r\u00e1. Ha pedig kisebb, hordozhat\u00f3bb alternat\u00edv\u00e1ra v\u00e1gysz, \u00e9rdemes megn\u00e9zni a <a href=\"https:\/\/hir.mediamarkt.hu\/magazin\/enekest-nem-csinal-beloled-minden-masra-tokeletes-jbl-encore-teszt\/\" target=\"_blank\" rel=\"noreferrer noopener\">JBL Encore<\/a> teszt\u00fcnket is. <\/p>\n\n\n\n<p><strong>Megjelen\u00e9s \u00e9s diz\u00e1jn<\/strong><\/p>\n\n\n\n<p>E tekintetben nincsen semmi meglep\u0151: maradt a megszokott JBL diz\u00e1jn, pr\u00e9mium \u00e9rz\u00e9s, \u00e1tgondolt tervez\u00e9s, klasszikus szeretett form\u00e1k. A Charge 6 massz\u00edv \u00e9s strapab\u00edr\u00f3, IP68-as min\u0151s\u00edt\u00e9st kapott, ami azt jelenti, hogy nyugodtan beleejtheted a medenc\u00e9be, majd ler\u00e1zod, \u00e9s m\u00e1r mehet is tov\u00e1bb a buli!<\/p>\n\n\n\n<p>A Charge 6 testesebb m\u00e9ret\u0171, amit az akksi m\u00e9rete is indokol. A sz\u00ednvari\u00e1ci\u00f3k k\u00f6z\u00f6tt megtal\u00e1lhat\u00f3 a klasszikus fekete, vag\u00e1ny k\u00e9k \u00e9s mer\u00e9sz piros is.<\/p>\n\n\n\n<p><strong><em>K\u00c9P a term\u00e9kr\u0151l<\/em><\/strong><\/p>\n\n\n\n<p>Csatlakoz\u00f3k ter\u00e9n USB-C \u00e9s Bluetooth 5.4 v\u00e1r r\u00e1nk, a kapcsolat stabilabb, mint valaha. Ami k\u00fcl\u00f6nlegesebb\u00e9 teszi a Charge 6-ot: extra USB-portj\u00e1n kereszt\u00fcl telefont is t\u00f6lthet\u00fcnk \u2013 igen, ez egy powerbank is!<\/p>\n\n\n\n<p><strong>Hangz\u00e1s \u2013 Dobogtatja a sz\u00edved<\/strong><\/p>\n\n\n\n<p>A Charge 6 hangz\u00e1sa m\u00e9lt\u00f3 a neves sz\u00e9ri\u00e1hoz: \u00fct\u0151s basszus, tiszta \u00e9s kiegyens\u00falyozott hangk\u00e9p, \u00e9s nagyobb hanger\u0151n sem torzul. A titok? A tov\u00e1bbfejlesztett passz\u00edv basszus-radi\u00e1tor, amely m\u00e9g m\u00e9lyebb, testesebb hangz\u00e1st k\u00f6lcs\u00f6n\u00f6z a zen\u00e9knek.<\/p>\n\n\n\n<p><strong>Mi v\u00e1ltozott?<\/strong><\/p>\n\n\n\n<ul>\n<li>A Charge 6 m\u00e9lyei hangs\u00falyosabbak \u00e9s tiszt\u00e1bbak lettek az \u00faj basszusmembr\u00e1nnak k\u00f6sz\u00f6nhet\u0151en.<\/li>\n<\/ul>\n\n\n\n<p><strong>Funkci\u00f3k, alkalmaz\u00e1s<\/strong><\/p>\n\n\n\n<p>T\u00e1mogatja a JBL PartyBoost funkci\u00f3t, vagyis t\u00f6bb JBL hangsz\u00f3r\u00f3 is \u00f6sszekapcsolhat\u00f3 egyetlen bulihoz. A JBL appon kereszt\u00fcl finomhangolhat\u00f3 az EQ \u00e9s a szoftver is friss\u00edthet\u0151. El\u0151re defini\u00e1lt profilok \u00e1llnak rendelkez\u00e9sre, de egy\u00e9ni be\u00e1ll\u00edt\u00e1s is k\u00e9sz\u00edthet\u0151. <br>\u00c9rdemes is k\u00eds\u00e9rletezni ezzel, hogy a maximumot \u00e9s sz\u00e1munkra a legjobbat hozzuk ki a hangsz\u00f3r\u00f3kb\u00f3l att\u00f3l f\u00fcgg\u0151en milyen zen\u00e9t is p\u00f6rget\u00fcnk rajta.<\/p>\n\n\n\n<p><em>APP K\u00c9P 2<\/em><\/p>\n\n\n\n<p>Ha szeretn\u00e9l egy kis seg\u00edts\u00e9get, hogy melyik zenei m\u0171fajhoz milyen be\u00e1ll\u00edt\u00e1s aj\u00e1nlott, akkor vess p\u00e1r pillant\u00e1st az ir\u00e1nymutat\u00f3 aj\u00e1nl\u00e1sunkra:<\/p>\n\n\n\n<figure class=\"wp-block-table\"><table><tbody><tr><td>\n<p><strong>m\u0171faj <\/strong><strong>&#x1f3b5;<\/strong><\/p>\n<\/td><td>\n<p><strong>M\u00e9ly 125 Hz<\/strong><\/p>\n<\/td><td>\n<p><strong>M\u00e9ly 250 Hz<\/strong><\/p>\n<\/td><td>\n<p><strong>Als\u00f3 k\u00f6z\u00e9p 500 Hz<\/strong><\/p>\n<\/td><td>\n<p><strong>K\u00f6z\u00e9p 1 kHz<\/strong><\/p>\n<\/td><td>\n<p><strong>Fels\u0151 k\u00f6z\u00e9p 2 kHz<\/strong><\/p>\n<\/td><td>\n<p><strong>Magas 4 kHz<\/strong><\/p>\n<\/td><td>\n<p><strong>Ultra magas 8 kHz<\/strong><\/p>\n<\/td><td>\n<p><strong>Hangz\u00e1s jellemz\u0151i<\/strong><\/p>\n<\/td><\/tr><tr><td>\n<p><strong>Elektronikus (EDM, House, Techno)<\/strong><\/p>\n<\/td><td>\n<p>+5 dB<\/p>\n<\/td><td>\n<p>+4 dB<\/p>\n<\/td><td>\n<p>-2 dB<\/p>\n<\/td><td>\n<p>-1 dB<\/p>\n<\/td><td>\n<p>+2 dB<\/p>\n<\/td><td>\n<p>+3 dB<\/p>\n<\/td><td>\n<p>+2 dB<\/p>\n<\/td><td>\n<p>Er\u0151teljes basszus, tiszta magasak, \u00fct\u0151s dropok<\/p>\n<\/td><\/tr><tr><td>\n<p><strong>Hip-Hop \/ Rap<\/strong><\/p>\n<\/td><td>\n<p>+6 dB<\/p>\n<\/td><td>\n<p>+5 dB<\/p>\n<\/td><td>\n<p>0 dB<\/p>\n<\/td><td>\n<p>0 dB<\/p>\n<\/td><td>\n<p>+1 dB<\/p>\n<\/td><td>\n<p>+2 dB<\/p>\n<\/td><td>\n<p>+1 dB<\/p>\n<\/td><td>\n<p>M\u00e9ly, \u00fct\u0151s basszus, \u00e9rthet\u0151 sz\u00f6veg<\/p>\n<\/td><\/tr><tr><td>\n<p><strong>Rock \/ Metal<\/strong><\/p>\n<\/td><td>\n<p>+3 dB<\/p>\n<\/td><td>\n<p>+2 dB<\/p>\n<\/td><td>\n<p>+2 dB<\/p>\n<\/td><td>\n<p>+3 dB<\/p>\n<\/td><td>\n<p>+2 dB<\/p>\n<\/td><td>\n<p>+2 dB<\/p>\n<\/td><td>\n<p>+1 dB<\/p>\n<\/td><td>\n<p>Kiemelt \u00e9nek \u00e9s git\u00e1r, de er\u0151s alapok<\/p>\n<\/td><\/tr><tr><td>\n<p><strong>Pop \/ R&amp;B<\/strong><\/p>\n<\/td><td>\n<p>+4 dB<\/p>\n<\/td><td>\n<p>+3 dB<\/p>\n<\/td><td>\n<p>+1 dB<\/p>\n<\/td><td>\n<p>+2 dB<\/p>\n<\/td><td>\n<p>+2 dB<\/p>\n<\/td><td>\n<p>+3 dB<\/p>\n<\/td><td>\n<p>+2 dB<\/p>\n<\/td><td>\n<p>Melegebb, kiegyens\u00falyozott hangz\u00e1s<\/p>\n<\/td><\/tr><tr><td>\n<p><strong>Jazz \/ Klasszikus<\/strong><\/p>\n<\/td><td>\n<p>+2 dB<\/p>\n<\/td><td>\n<p>+1 dB<\/p>\n<\/td><td>\n<p>+3 dB<\/p>\n<\/td><td>\n<p>+4 dB<\/p>\n<\/td><td>\n<p>+4 dB<\/p>\n<\/td><td>\n<p>+5 dB<\/p>\n<\/td><td>\n<p>+3 dB<\/p>\n<\/td><td>\n<p>Term\u00e9szetesebb, tiszt\u00e1bb vok\u00e1l \u00e9s hangszerhangok<\/p>\n<\/td><\/tr><tr><td>\n<p><strong>Podcast \/ Besz\u00e9d <\/strong><strong>&#x1f399;<\/strong><strong>&#xfe0f;<\/strong><\/p>\n<\/td><td>\n<p>0 dB<\/p>\n<\/td><td>\n<p>0 dB<\/p>\n<\/td><td>\n<p>+3 dB<\/p>\n<\/td><td>\n<p>+5 dB<\/p>\n<\/td><td>\n<p>+4 dB<\/p>\n<\/td><td>\n<p>+3 dB<\/p>\n<\/td><td>\n<p>+2 dB<\/p>\n<\/td><td>\n<p>Tiszta besz\u00e9dhang, kevesebb m\u00e9ly d\u00fcb\u00f6rg\u00e9s<\/p>\n<\/td><\/tr><\/tbody><\/table><\/figure>\n\n\n\n<p><strong>A party nem \u00e1llhat meg<\/strong><\/p>\n\n\n\n<p>A Charge 6 igazi maratoni b\u00edr\u00f3: 28 \u00f3ra \u00fczemid\u0151 egy t\u00f6lt\u00e9ssel! Persze, ha p\u00e1rhuzamosan t\u00f6lt\u00f6d r\u00f3la a telefonod, az cs\u00f6kkenti az id\u0151t, de akkor is b\u0151ven van benne szufla. USB-C-n kereszt\u00fcl t\u00f6lthet\u0151, ami kb. 2-3 \u00f3ra. A PlaytimeBoost funkci\u00f3 bekapcsol\u00e1s\u00e1val \u00e9rhet\u0151 el a fent eml\u00edtett 28 \u00f3r\u00e1s cs\u00facsteljes\u00edtm\u00e9ny.<\/p>\n\n\n\n<p><strong>Charge 6 neked sz\u00f3l, ha:<\/strong><\/p>\n\n\n\n<ul>\n<li>Szereted az er\u0151teljes basszust \u00e9s a nagyobb hanger\u0151t<\/li>\n\n\n\n<li>Powerbank funkci\u00f3 is fontos szempont<\/li>\n\n\n\n<li>Hosszabb kiruccan\u00e1sokra, bulikra keresel megb\u00edzhat\u00f3 hangsz\u00f3r\u00f3t<\/li>\n<\/ul>\n\n\n\n<p>Ha k\u00f6nnyedebb, kompaktabb megold\u00e1sra v\u00e1gysz, amit a h\u00e1tizs\u00e1kra cs\u00edptethetsz, akkor n\u00e9zd meg a Flip 7 tesztet is!<\/p>\n","protected":false},"excerpt":{"rendered":"Unod m\u00e1r, hogy a hangsz\u00f3r\u00f3d csak \u201ezen\u00e9lget\u201d, mik\u00f6zben te basszust akarsz, ami kir\u00e1zza a poharat a kez\u00e9b\u0151l? Bemutatjuk a JBL Charge 6-ot, a hordozhat\u00f3 hang\u00e1gy\u00fat, ami nem k\u00e9rdez, csak d\u00fcb\u00f6r\u00f6g!","protected":false},"author":13,"featured_media":24829,"comment_status":"open","ping_status":"open","sticky":false,"template":"","format":"standard","meta":{"wprm-recipe-roundup-name":"","wprm-recipe-roundup-description":"","footnotes":""},"categories":[5948,1,5946,2382],"tags":[113,3220],"yoast_head":"<!-- This site is optimized with the Yoast SEO plugin v22.9 - https:\/\/yoast.com\/wordpress\/plugins\/seo\/ -->\n<title>Basszus, micsoda hangsz\u00f3r\u00f3! - JBL Charge 6 teszt - MediaMarkt Magazin<\/title>\n<meta name=\"description\" content=\"JBL Charge 6: hordozhat\u00f3 hangsz\u00f3r\u00f3, ami m\u00e9g a szomsz\u00e9dot is buliztatja! Tedd a h\u00e1tizs\u00e1kba, rakd a biciklire \u00e9s indulhat a spont\u00e1n fesztiv\u00e1l!\" \/>\n<meta name=\"robots\" content=\"index, follow, max-snippet:-1, max-image-preview:large, max-video-preview:-1\" \/>\n<link rel=\"canonical\" href=\"https:\/\/hir.mediamarkt.hu\/magazin\/basszus-micsoda-hangszoro-jbl-charge-6-teszt\/\" \/>\n<meta property=\"og:locale\" content=\"hu_HU\" \/>\n<meta property=\"og:type\" content=\"article\" \/>\n<meta property=\"og:title\" content=\"Basszus, micsoda hangsz\u00f3r\u00f3! - JBL Charge 6 teszt - MediaMarkt Magazin\" \/>\n<meta property=\"og:description\" content=\"JBL Charge 6: hordozhat\u00f3 hangsz\u00f3r\u00f3, ami m\u00e9g a szomsz\u00e9dot is buliztatja! Tedd a h\u00e1tizs\u00e1kba, rakd a biciklire \u00e9s indulhat a spont\u00e1n fesztiv\u00e1l!\" \/>\n<meta property=\"og:url\" content=\"https:\/\/hir.mediamarkt.hu\/magazin\/basszus-micsoda-hangszoro-jbl-charge-6-teszt\/\" \/>\n<meta property=\"og:site_name\" content=\"MediaMarkt Magazin\" \/>\n<meta property=\"article:publisher\" content=\"https:\/\/www.facebook.com\/MediaMarktMagyarorszag\" \/>\n<meta property=\"article:published_time\" content=\"2025-05-29T12:17:53+00:00\" \/>\n<meta property=\"article:modified_time\" content=\"2025-05-29T12:17:55+00:00\" \/>\n<meta property=\"og:image\" content=\"https:\/\/hir.mediamarkt.hu\/magazin\/wp-content\/uploads\/2025\/05\/JBL_Charge6_cover_1024x619.jpg\" \/>\n\t<meta property=\"og:image:width\" content=\"1024\" \/>\n\t<meta property=\"og:image:height\" content=\"619\" \/>\n\t<meta property=\"og:image:type\" content=\"image\/jpeg\" \/>\n<meta name=\"author\" content=\"Media Markt\" \/>\n<meta name=\"twitter:label1\" content=\"Szerz\u0151:\" \/>\n\t<meta name=\"twitter:data1\" content=\"Media Markt\" \/>\n\t<meta name=\"twitter:label2\" content=\"Becs\u00fclt olvas\u00e1si id\u0151\" \/>\n\t<meta name=\"twitter:data2\" content=\"4 perc\" \/>\n<script type=\"application\/ld+json\" class=\"yoast-schema-graph\">{\"@context\":\"https:\/\/schema.org\",\"@graph\":[{\"@type\":\"WebPage\",\"@id\":\"https:\/\/hir.mediamarkt.hu\/magazin\/basszus-micsoda-hangszoro-jbl-charge-6-teszt\/\",\"url\":\"https:\/\/hir.mediamarkt.hu\/magazin\/basszus-micsoda-hangszoro-jbl-charge-6-teszt\/\",\"name\":\"Basszus, micsoda hangsz\u00f3r\u00f3! - JBL Charge 6 teszt - MediaMarkt Magazin\",\"isPartOf\":{\"@id\":\"https:\/\/hir.mediamarkt.hu\/magazin\/#website\"},\"primaryImageOfPage\":{\"@id\":\"https:\/\/hir.mediamarkt.hu\/magazin\/basszus-micsoda-hangszoro-jbl-charge-6-teszt\/#primaryimage\"},\"image\":{\"@id\":\"https:\/\/hir.mediamarkt.hu\/magazin\/basszus-micsoda-hangszoro-jbl-charge-6-teszt\/#primaryimage\"},\"thumbnailUrl\":\"https:\/\/hir.mediamarkt.hu\/magazin\/wp-content\/uploads\/2025\/05\/JBL_Charge6_cover_1024x619.jpg\",\"datePublished\":\"2025-05-29T12:17:53+00:00\",\"dateModified\":\"2025-05-29T12:17:55+00:00\",\"author\":{\"@id\":\"https:\/\/hir.mediamarkt.hu\/magazin\/#\/schema\/person\/b93b02ec1ab4d2353f8d281e171c1b0b\"},\"description\":\"JBL Charge 6: hordozhat\u00f3 hangsz\u00f3r\u00f3, ami m\u00e9g a szomsz\u00e9dot is buliztatja! Tedd a h\u00e1tizs\u00e1kba, rakd a biciklire \u00e9s indulhat a spont\u00e1n fesztiv\u00e1l!\",\"breadcrumb\":{\"@id\":\"https:\/\/hir.mediamarkt.hu\/magazin\/basszus-micsoda-hangszoro-jbl-charge-6-teszt\/#breadcrumb\"},\"inLanguage\":\"hu\",\"potentialAction\":[{\"@type\":\"ReadAction\",\"target\":[\"https:\/\/hir.mediamarkt.hu\/magazin\/basszus-micsoda-hangszoro-jbl-charge-6-teszt\/\"]}]},{\"@type\":\"ImageObject\",\"inLanguage\":\"hu\",\"@id\":\"https:\/\/hir.mediamarkt.hu\/magazin\/basszus-micsoda-hangszoro-jbl-charge-6-teszt\/#primaryimage\",\"url\":\"https:\/\/hir.mediamarkt.hu\/magazin\/wp-content\/uploads\/2025\/05\/JBL_Charge6_cover_1024x619.jpg\",\"contentUrl\":\"https:\/\/hir.mediamarkt.hu\/magazin\/wp-content\/uploads\/2025\/05\/JBL_Charge6_cover_1024x619.jpg\",\"width\":1024,\"height\":619},{\"@type\":\"BreadcrumbList\",\"@id\":\"https:\/\/hir.mediamarkt.hu\/magazin\/basszus-micsoda-hangszoro-jbl-charge-6-teszt\/#breadcrumb\",\"itemListElement\":[{\"@type\":\"ListItem\",\"position\":1,\"name\":\"Kezd\u0151lap\",\"item\":\"https:\/\/hir.mediamarkt.hu\/magazin\/\"},{\"@type\":\"ListItem\",\"position\":2,\"name\":\"Egy\u00e9b\",\"item\":\"https:\/\/hir.mediamarkt.hu\/magazin\/egyeb\/\"},{\"@type\":\"ListItem\",\"position\":3,\"name\":\"Basszus, micsoda hangsz\u00f3r\u00f3! &#8211; JBL Charge 6 teszt\"}]},{\"@type\":\"WebSite\",\"@id\":\"https:\/\/hir.mediamarkt.hu\/magazin\/#website\",\"url\":\"https:\/\/hir.mediamarkt.hu\/magazin\/\",\"name\":\"MediaMarkt Magazin\",\"description\":\"Olvass bele magazinunkba!\",\"potentialAction\":[{\"@type\":\"SearchAction\",\"target\":{\"@type\":\"EntryPoint\",\"urlTemplate\":\"https:\/\/hir.mediamarkt.hu\/magazin\/?s={search_term_string}\"},\"query-input\":\"required name=search_term_string\"}],\"inLanguage\":\"hu\"},{\"@type\":\"Person\",\"@id\":\"https:\/\/hir.mediamarkt.hu\/magazin\/#\/schema\/person\/b93b02ec1ab4d2353f8d281e171c1b0b\",\"name\":\"Media Markt\",\"image\":{\"@type\":\"ImageObject\",\"inLanguage\":\"hu\",\"@id\":\"https:\/\/hir.mediamarkt.hu\/magazin\/#\/schema\/person\/image\/\",\"url\":\"https:\/\/secure.gravatar.com\/avatar\/602bccae8998beee472d01909f0978f1?s=96&d=mm&r=g\",\"contentUrl\":\"https:\/\/secure.gravatar.com\/avatar\/602bccae8998beee472d01909f0978f1?s=96&d=mm&r=g\",\"caption\":\"Media Markt\"}}]}<\/script>\n<!-- \/ Yoast SEO plugin. -->","yoast_head_json":{"title":"Basszus, micsoda hangsz\u00f3r\u00f3! - JBL Charge 6 teszt - MediaMarkt Magazin","description":"JBL Charge 6: hordozhat\u00f3 hangsz\u00f3r\u00f3, ami m\u00e9g a szomsz\u00e9dot is buliztatja! Tedd a h\u00e1tizs\u00e1kba, rakd a biciklire \u00e9s indulhat a spont\u00e1n fesztiv\u00e1l!","robots":{"index":"index","follow":"follow","max-snippet":"max-snippet:-1","max-image-preview":"max-image-preview:large","max-video-preview":"max-video-preview:-1"},"canonical":"https:\/\/hir.mediamarkt.hu\/magazin\/basszus-micsoda-hangszoro-jbl-charge-6-teszt\/","og_locale":"hu_HU","og_type":"article","og_title":"Basszus, micsoda hangsz\u00f3r\u00f3! - JBL Charge 6 teszt - MediaMarkt Magazin","og_description":"JBL Charge 6: hordozhat\u00f3 hangsz\u00f3r\u00f3, ami m\u00e9g a szomsz\u00e9dot is buliztatja! Tedd a h\u00e1tizs\u00e1kba, rakd a biciklire \u00e9s indulhat a spont\u00e1n fesztiv\u00e1l!","og_url":"https:\/\/hir.mediamarkt.hu\/magazin\/basszus-micsoda-hangszoro-jbl-charge-6-teszt\/","og_site_name":"MediaMarkt Magazin","article_publisher":"https:\/\/www.facebook.com\/MediaMarktMagyarorszag","article_published_time":"2025-05-29T12:17:53+00:00","article_modified_time":"2025-05-29T12:17:55+00:00","og_image":[{"width":1024,"height":619,"url":"https:\/\/hir.mediamarkt.hu\/magazin\/wp-content\/uploads\/2025\/05\/JBL_Charge6_cover_1024x619.jpg","type":"image\/jpeg"}],"author":"Media Markt","twitter_misc":{"Szerz\u0151:":"Media Markt","Becs\u00fclt olvas\u00e1si id\u0151":"4 perc"},"schema":{"@context":"https:\/\/schema.org","@graph":[{"@type":"WebPage","@id":"https:\/\/hir.mediamarkt.hu\/magazin\/basszus-micsoda-hangszoro-jbl-charge-6-teszt\/","url":"https:\/\/hir.mediamarkt.hu\/magazin\/basszus-micsoda-hangszoro-jbl-charge-6-teszt\/","name":"Basszus, micsoda hangsz\u00f3r\u00f3! - JBL Charge 6 teszt - MediaMarkt Magazin","isPartOf":{"@id":"https:\/\/hir.mediamarkt.hu\/magazin\/#website"},"primaryImageOfPage":{"@id":"https:\/\/hir.mediamarkt.hu\/magazin\/basszus-micsoda-hangszoro-jbl-charge-6-teszt\/#primaryimage"},"image":{"@id":"https:\/\/hir.mediamarkt.hu\/magazin\/basszus-micsoda-hangszoro-jbl-charge-6-teszt\/#primaryimage"},"thumbnailUrl":"https:\/\/hir.mediamarkt.hu\/magazin\/wp-content\/uploads\/2025\/05\/JBL_Charge6_cover_1024x619.jpg","datePublished":"2025-05-29T12:17:53+00:00","dateModified":"2025-05-29T12:17:55+00:00","author":{"@id":"https:\/\/hir.mediamarkt.hu\/magazin\/#\/schema\/person\/b93b02ec1ab4d2353f8d281e171c1b0b"},"description":"JBL Charge 6: hordozhat\u00f3 hangsz\u00f3r\u00f3, ami m\u00e9g a szomsz\u00e9dot is buliztatja! Tedd a h\u00e1tizs\u00e1kba, rakd a biciklire \u00e9s indulhat a spont\u00e1n fesztiv\u00e1l!","breadcrumb":{"@id":"https:\/\/hir.mediamarkt.hu\/magazin\/basszus-micsoda-hangszoro-jbl-charge-6-teszt\/#breadcrumb"},"inLanguage":"hu","potentialAction":[{"@type":"ReadAction","target":["https:\/\/hir.mediamarkt.hu\/magazin\/basszus-micsoda-hangszoro-jbl-charge-6-teszt\/"]}]},{"@type":"ImageObject","inLanguage":"hu","@id":"https:\/\/hir.mediamarkt.hu\/magazin\/basszus-micsoda-hangszoro-jbl-charge-6-teszt\/#primaryimage","url":"https:\/\/hir.mediamarkt.hu\/magazin\/wp-content\/uploads\/2025\/05\/JBL_Charge6_cover_1024x619.jpg","contentUrl":"https:\/\/hir.mediamarkt.hu\/magazin\/wp-content\/uploads\/2025\/05\/JBL_Charge6_cover_1024x619.jpg","width":1024,"height":619},{"@type":"BreadcrumbList","@id":"https:\/\/hir.mediamarkt.hu\/magazin\/basszus-micsoda-hangszoro-jbl-charge-6-teszt\/#breadcrumb","itemListElement":[{"@type":"ListItem","position":1,"name":"Kezd\u0151lap","item":"https:\/\/hir.mediamarkt.hu\/magazin\/"},{"@type":"ListItem","position":2,"name":"Egy\u00e9b","item":"https:\/\/hir.mediamarkt.hu\/magazin\/egyeb\/"},{"@type":"ListItem","position":3,"name":"Basszus, micsoda hangsz\u00f3r\u00f3! &#8211; JBL Charge 6 teszt"}]},{"@type":"WebSite","@id":"https:\/\/hir.mediamarkt.hu\/magazin\/#website","url":"https:\/\/hir.mediamarkt.hu\/magazin\/","name":"MediaMarkt Magazin","description":"Olvass bele magazinunkba!","potentialAction":[{"@type":"SearchAction","target":{"@type":"EntryPoint","urlTemplate":"https:\/\/hir.mediamarkt.hu\/magazin\/?s={search_term_string}"},"query-input":"required name=search_term_string"}],"inLanguage":"hu"},{"@type":"Person","@id":"https:\/\/hir.mediamarkt.hu\/magazin\/#\/schema\/person\/b93b02ec1ab4d2353f8d281e171c1b0b","name":"Media Markt","image":{"@type":"ImageObject","inLanguage":"hu","@id":"https:\/\/hir.mediamarkt.hu\/magazin\/#\/schema\/person\/image\/","url":"https:\/\/secure.gravatar.com\/avatar\/602bccae8998beee472d01909f0978f1?s=96&d=mm&r=g","contentUrl":"https:\/\/secure.gravatar.com\/avatar\/602bccae8998beee472d01909f0978f1?s=96&d=mm&r=g","caption":"Media Markt"}}]}},"_links":{"self":[{"href":"https:\/\/hir.mediamarkt.hu\/magazin\/wp-json\/wp\/v2\/posts\/24827"}],"collection":[{"href":"https:\/\/hir.mediamarkt.hu\/magazin\/wp-json\/wp\/v2\/posts"}],"about":[{"href":"https:\/\/hir.mediamarkt.hu\/magazin\/wp-json\/wp\/v2\/types\/post"}],"author":[{"embeddable":true,"href":"https:\/\/hir.mediamarkt.hu\/magazin\/wp-json\/wp\/v2\/users\/13"}],"replies":[{"embeddable":true,"href":"https:\/\/hir.mediamarkt.hu\/magazin\/wp-json\/wp\/v2\/comments?post=24827"}],"version-history":[{"count":2,"href":"https:\/\/hir.mediamarkt.hu\/magazin\/wp-json\/wp\/v2\/posts\/24827\/revisions"}],"predecessor-version":[{"id":24844,"href":"https:\/\/hir.mediamarkt.hu\/magazin\/wp-json\/wp\/v2\/posts\/24827\/revisions\/24844"}],"wp:featuredmedia":[{"embeddable":true,"href":"https:\/\/hir.mediamarkt.hu\/magazin\/wp-json\/wp\/v2\/media\/24829"}],"wp:attachment":[{"href":"https:\/\/hir.mediamarkt.hu\/magazin\/wp-json\/wp\/v2\/media?parent=24827"}],"wp:term":[{"taxonomy":"category","embeddable":true,"href":"https:\/\/hir.mediamarkt.hu\/magazin\/wp-json\/wp\/v2\/categories?post=24827"},{"taxonomy":"post_tag","embeddable":true,"href":"https:\/\/hir.mediamarkt.hu\/magazin\/wp-json\/wp\/v2\/tags?post=24827"}],"curies":[{"name":"wp","href":"https:\/\/api.w.org\/{rel}","templated":true}]}}