{"id":25104,"date":"2025-09-01T08:55:43","date_gmt":"2025-09-01T07:55:43","guid":{"rendered":"https:\/\/hir.mediamarkt.hu\/magazin\/?p=25104"},"modified":"2025-09-01T13:59:31","modified_gmt":"2025-09-01T12:59:31","slug":"samsung-galaxy-z-fold7-teszt","status":"publish","type":"post","link":"https:\/\/hir.mediamarkt.hu\/magazin\/samsung-galaxy-z-fold7-teszt\/","title":{"rendered":"Samsung Galaxy Z Fold7 teszt &#8211; nagyon penge"},"content":{"rendered":"\n<p>A Samsung az eddigi legnagyobb friss\u00edt\u00e9st hozta el a Fold telefonjaiban a hetedik gener\u00e1ci\u00f3ra. A <a href=\"https:\/\/www.mediamarkt.hu\/hu\/product\/_samsung-galaxy-z-fold7-12256-gb-dualsim-jetblack-kartyafuggetlen-okostelefon-1488289.html\" target=\"_blank\" rel=\"noreferrer noopener\">Galaxy Z Fold7<\/a> az eddigi legv\u00e9konyabb \u00f6sszehajthat\u00f3 telefon a hazai piacon.<\/p>\n\n\n\n<p>B\u00e1r a mai napig csak egy sz\u0171k r\u00e9tegnek sz\u00f3l a Galaxy Z Fold sz\u00e9ria, nem csak a kivitele, hanem az \u00e1ra miatt is, azonban mostanra m\u00e1r mondhatjuk t\u00f6rt\u00e9nelme van a sorozatnak, hiszen 2019-ben jelent meg az els\u0151 gener\u00e1ci\u00f3, most pedig m\u00e1r a 7-es sz\u00e1moz\u00e1s\u00fa modellt kaptunk meg. A 4-5-6 kiad\u00e1sn\u00e1l kisebb v\u00e1ltoz\u00e1sok t\u00f6rt\u00e9ntek, ehhez k\u00e9pest most a <a href=\"https:\/\/www.mediamarkt.hu\/hu\/product\/_samsung-galaxy-z-fold7-12256-gb-dualsim-jetblack-kartyafuggetlen-okostelefon-1488289.html\" target=\"_blank\" rel=\"noreferrer noopener\">Galaxy Z Fold7 <\/a>mondhatni t\u00f6bb gener\u00e1ci\u00f3nyit ugrott, legink\u00e1bb a fizikai kialak\u00edt\u00e1sa ter\u00e9n.<\/p>\n\n\n<div class=\"wp-block-image\">\n<figure class=\"aligncenter size-full\"><img loading=\"lazy\" decoding=\"async\" width=\"1200\" height=\"960\" src=\"https:\/\/hir.mediamarkt.hu\/magazin\/wp-content\/uploads\/2025\/08\/Samsung-galaxy-z-fold7-teszt-4.jpg\" alt=\"Samsung Galaxy Z Fold7\" class=\"wp-image-25273\" srcset=\"https:\/\/hir.mediamarkt.hu\/magazin\/wp-content\/uploads\/2025\/08\/Samsung-galaxy-z-fold7-teszt-4.jpg 1200w, https:\/\/hir.mediamarkt.hu\/magazin\/wp-content\/uploads\/2025\/08\/Samsung-galaxy-z-fold7-teszt-4-250x200.jpg 250w, https:\/\/hir.mediamarkt.hu\/magazin\/wp-content\/uploads\/2025\/08\/Samsung-galaxy-z-fold7-teszt-4-700x560.jpg 700w, https:\/\/hir.mediamarkt.hu\/magazin\/wp-content\/uploads\/2025\/08\/Samsung-galaxy-z-fold7-teszt-4-275x220.jpg 275w, https:\/\/hir.mediamarkt.hu\/magazin\/wp-content\/uploads\/2025\/08\/Samsung-galaxy-z-fold7-teszt-4-768x614.jpg 768w, https:\/\/hir.mediamarkt.hu\/magazin\/wp-content\/uploads\/2025\/08\/Samsung-galaxy-z-fold7-teszt-4-120x96.jpg 120w\" sizes=\"(max-width: 1200px) 100vw, 1200px\" \/><\/figure><\/div>\n\n\n<h2 class=\"wp-block-heading\">8,9 mm lett, maradhat?<\/h2>\n\n\n\n<p>A <a href=\"https:\/\/www.mediamarkt.hu\/hu\/product\/_samsung-galaxy-z-fold7-12256-gb-dualsim-jetblack-kartyafuggetlen-okostelefon-1488289.html\" target=\"_blank\" rel=\"noreferrer noopener\">Samsung Galaxy Z Fold7<\/a>-es telefon \u00f6sszecsukva 8,9 mm v\u00e9kony, kinyitva 4,2 mm. Ez kiz\u00e1r\u00f3lag a k\u00e9sz\u00fcl\u00e9kh\u00e1zra vonatkozik, a ki\u00e1ll\u00f3 kameraszigetet nem sz\u00e1molja bele a gy\u00e1rt\u00f3 &#8211; ahogyan egyik gy\u00e1rt\u00f3 sem m\u00e9ri bele ezeket a k\u00e9sz\u00fcl\u00e9kh\u00e1z vastags\u00e1g\u00e1ba. M\u00e1rpedig ezek az \u00e9rt\u00e9kek az\u00e9rt kiugr\u00f3ak, mert a 2024-es Galaxy Z Fold6-ot joggal \u00e9rte a panasz az\u00e9rt, mert m\u00e9g mindig 12,1 mm \u201cvastag\u201d \u00f6sszecsukva. Jelent\u0151sen lefogyasztotta teh\u00e1t a Samsung a tablett\u00e9 nyithat\u00f3 telefonj\u00e1t egy \u00e9v alatt.\u00a0<\/p>\n\n\n<div class=\"wp-block-image\">\n<figure class=\"aligncenter size-full\"><img loading=\"lazy\" decoding=\"async\" width=\"1200\" height=\"960\" src=\"https:\/\/hir.mediamarkt.hu\/magazin\/wp-content\/uploads\/2025\/08\/Samsung-galaxy-z-fold7-teszt-10.jpg\" alt=\"Samsung Galaxy Z Fold7\" class=\"wp-image-25279\" srcset=\"https:\/\/hir.mediamarkt.hu\/magazin\/wp-content\/uploads\/2025\/08\/Samsung-galaxy-z-fold7-teszt-10.jpg 1200w, https:\/\/hir.mediamarkt.hu\/magazin\/wp-content\/uploads\/2025\/08\/Samsung-galaxy-z-fold7-teszt-10-250x200.jpg 250w, https:\/\/hir.mediamarkt.hu\/magazin\/wp-content\/uploads\/2025\/08\/Samsung-galaxy-z-fold7-teszt-10-700x560.jpg 700w, https:\/\/hir.mediamarkt.hu\/magazin\/wp-content\/uploads\/2025\/08\/Samsung-galaxy-z-fold7-teszt-10-275x220.jpg 275w, https:\/\/hir.mediamarkt.hu\/magazin\/wp-content\/uploads\/2025\/08\/Samsung-galaxy-z-fold7-teszt-10-768x614.jpg 768w, https:\/\/hir.mediamarkt.hu\/magazin\/wp-content\/uploads\/2025\/08\/Samsung-galaxy-z-fold7-teszt-10-120x96.jpg 120w\" sizes=\"(max-width: 1200px) 100vw, 1200px\" \/><\/figure><\/div>\n\n\n<p>B\u00e1r eddig is a Samsung volt az \u00f6sszecsukhat\u00f3 kijelz\u0151s telefonok piac\u00e1nak ural\u00f3ja Magyarorsz\u00e1gon, az\u00e9rt p\u00e9ld\u00e1ul a HONOR m\u00e1r hangosan d\u00f6r\u00f6mb\u00f6lt azon a bizonyos ajt\u00f3n, hiszen a Magic V3 m\u00e1r tavaly is k\u00f6zel ilyen v\u00e9kony volt. Ezzel viszont a fizikai param\u00e9terek verseny\u00e9ben \u00fajra nyeregben a Samsung, v\u00e9konys\u00e1ghoz passzol\u00f3 215 grammos t\u00f6meggel m\u00e1ra a hagyom\u00e1nyos okostelefonok szint\u00e9n j\u00e1tszanak az \u00f6sszehajthat\u00f3 kijelz\u0151s modellek, sz\u00f3 nincs m\u00e1r nagym\u00e9ret\u0171, orm\u00f3tlan megold\u00e1sokr\u00f3l.<\/p>\n\n\n<div class=\"wp-block-image\">\n<figure class=\"aligncenter size-full\"><img loading=\"lazy\" decoding=\"async\" width=\"1200\" height=\"960\" src=\"https:\/\/hir.mediamarkt.hu\/magazin\/wp-content\/uploads\/2025\/08\/Samsung-galaxy-z-fold7-teszt-5.jpg\" alt=\"Samsung Galaxy Z Fold7\" class=\"wp-image-25274\" srcset=\"https:\/\/hir.mediamarkt.hu\/magazin\/wp-content\/uploads\/2025\/08\/Samsung-galaxy-z-fold7-teszt-5.jpg 1200w, https:\/\/hir.mediamarkt.hu\/magazin\/wp-content\/uploads\/2025\/08\/Samsung-galaxy-z-fold7-teszt-5-250x200.jpg 250w, https:\/\/hir.mediamarkt.hu\/magazin\/wp-content\/uploads\/2025\/08\/Samsung-galaxy-z-fold7-teszt-5-700x560.jpg 700w, https:\/\/hir.mediamarkt.hu\/magazin\/wp-content\/uploads\/2025\/08\/Samsung-galaxy-z-fold7-teszt-5-275x220.jpg 275w, https:\/\/hir.mediamarkt.hu\/magazin\/wp-content\/uploads\/2025\/08\/Samsung-galaxy-z-fold7-teszt-5-768x614.jpg 768w, https:\/\/hir.mediamarkt.hu\/magazin\/wp-content\/uploads\/2025\/08\/Samsung-galaxy-z-fold7-teszt-5-120x96.jpg 120w\" sizes=\"(max-width: 1200px) 100vw, 1200px\" \/><\/figure><\/div>\n\n\n<p>Nem csak elv\u00e9konyodott, hanem kisz\u00e9lesedett a <a href=\"https:\/\/www.mediamarkt.hu\/hu\/product\/_samsung-galaxy-z-fold7-12256-gb-dualsim-jetblack-kartyafuggetlen-okostelefon-1488289.html\" target=\"_blank\" rel=\"noreferrer noopener\">Galaxy Z Fold7<\/a>. Majdnem f\u00e9l centivel sz\u00e9lesebb (72,8 mm) \u00f6sszecsukva, mint az el\u0151z\u0151 \u00e9vi gener\u00e1ci\u00f3. Ez k\u00e9t el\u0151nnyel j\u00e1r. Az egyik, hogy az imm\u00e1ron 6,5\u201d-os k\u00fcls\u0151 kijelz\u0151 sz\u00e9lesebb lehet, ez\u00e1ltal sokkal ink\u00e1bb hasonl\u00edt a m\u00e9retar\u00e1nya a klasszikus telefonokhoz, jobban kihaszn\u00e1lhat\u00f3. Ezt a teljesen s\u00edk, 1080p-s Dynamic AMOLED 2X kijelz\u0151t a Gorilla Glass Victus Ceramic 2 t\u00edpus\u00fa edzett \u00fcveg v\u00e9di.<\/p>\n\n\n<div class=\"wp-block-image\">\n<figure class=\"aligncenter size-full\"><img loading=\"lazy\" decoding=\"async\" width=\"1200\" height=\"960\" src=\"https:\/\/hir.mediamarkt.hu\/magazin\/wp-content\/uploads\/2025\/08\/Samsung-galaxy-z-fold7-teszt-9.jpg\" alt=\"Samsung Galaxy Z Fold7\" class=\"wp-image-25278\" srcset=\"https:\/\/hir.mediamarkt.hu\/magazin\/wp-content\/uploads\/2025\/08\/Samsung-galaxy-z-fold7-teszt-9.jpg 1200w, https:\/\/hir.mediamarkt.hu\/magazin\/wp-content\/uploads\/2025\/08\/Samsung-galaxy-z-fold7-teszt-9-250x200.jpg 250w, https:\/\/hir.mediamarkt.hu\/magazin\/wp-content\/uploads\/2025\/08\/Samsung-galaxy-z-fold7-teszt-9-700x560.jpg 700w, https:\/\/hir.mediamarkt.hu\/magazin\/wp-content\/uploads\/2025\/08\/Samsung-galaxy-z-fold7-teszt-9-275x220.jpg 275w, https:\/\/hir.mediamarkt.hu\/magazin\/wp-content\/uploads\/2025\/08\/Samsung-galaxy-z-fold7-teszt-9-768x614.jpg 768w, https:\/\/hir.mediamarkt.hu\/magazin\/wp-content\/uploads\/2025\/08\/Samsung-galaxy-z-fold7-teszt-9-120x96.jpg 120w\" sizes=\"(max-width: 1200px) 100vw, 1200px\" \/><\/figure><\/div>\n\n\n<p>Kinyitva a is megn\u0151tt a k\u00e9perny\u0151, az el\u0151z\u0151 \u00e9vi 7,8\u201d helyett m\u00e1r kereken 8\u201d-os a bels\u0151 kijelz\u0151, ez\u00e1ltal kis m\u00e9rt\u00e9kben, de n\u0151tt a hasznos bels\u0151 ter\u00fclet. A bels\u0151 megjelen\u00edt\u0151t a Mohs Level 1 nev\u0171 v\u00e9d\u0151f\u00f3lia \u00f3vja, a hajt\u00e1s nyoma b\u00e1r tov\u00e1bbra sem elt\u00fcntethet\u0151 teljesen, a haszn\u00e1lat sor\u00e1n szinte \u00e9szrevehetetlen. A teszt\u00fcnk sor\u00e1n t\u00f6bb olyan ember kez\u00e9ben is j\u00e1rt a telefon aki most haszn\u00e1lt el\u0151sz\u00f6r ilyen k\u00e9sz\u00fcl\u00e9ket \u00e9s v\u00e9lem\u00e9ny\u00fck szerintem zavar\u00f3, csak akkor t\u0171nik fel ha direkt ezt figyeli a felhaszn\u00e1l\u00f3.<\/p>\n\n\n<div class=\"wp-block-image\">\n<figure class=\"aligncenter size-full\"><img loading=\"lazy\" decoding=\"async\" width=\"1200\" height=\"960\" src=\"https:\/\/hir.mediamarkt.hu\/magazin\/wp-content\/uploads\/2025\/08\/Samsung-galaxy-z-fold7-teszt-3.jpg\" alt=\"Samsung Galaxy Z Fold7\" class=\"wp-image-25272\" srcset=\"https:\/\/hir.mediamarkt.hu\/magazin\/wp-content\/uploads\/2025\/08\/Samsung-galaxy-z-fold7-teszt-3.jpg 1200w, https:\/\/hir.mediamarkt.hu\/magazin\/wp-content\/uploads\/2025\/08\/Samsung-galaxy-z-fold7-teszt-3-250x200.jpg 250w, https:\/\/hir.mediamarkt.hu\/magazin\/wp-content\/uploads\/2025\/08\/Samsung-galaxy-z-fold7-teszt-3-700x560.jpg 700w, https:\/\/hir.mediamarkt.hu\/magazin\/wp-content\/uploads\/2025\/08\/Samsung-galaxy-z-fold7-teszt-3-275x220.jpg 275w, https:\/\/hir.mediamarkt.hu\/magazin\/wp-content\/uploads\/2025\/08\/Samsung-galaxy-z-fold7-teszt-3-768x614.jpg 768w, https:\/\/hir.mediamarkt.hu\/magazin\/wp-content\/uploads\/2025\/08\/Samsung-galaxy-z-fold7-teszt-3-120x96.jpg 120w\" sizes=\"(max-width: 1200px) 100vw, 1200px\" \/><\/figure><\/div>\n\n\n<p>Amit hi\u00e1nyolhatunk a j\u00f6v\u0151ben, az az S-Pen t\u00e1mogat\u00e1s, amely nincs benne m\u00e1r a <a href=\"https:\/\/www.mediamarkt.hu\/hu\/product\/_samsung-galaxy-z-fold7-12256-gb-dualsim-jetblack-kartyafuggetlen-okostelefon-1488289.html\" target=\"_blank\" rel=\"noreferrer noopener\">Galaxy Z Fold7<\/a>-ben, ezzel r\u00e9szben oda a Galaxy Note sz\u00e9ria \u00f6r\u00f6ks\u00e9ge is.<\/p>\n\n\n\n<p>Megmaradt oldalt az egyenes, sz\u00f6gletes vonalvazet\u00e9s, ez\u00e1ltal \u00f6sszecsukva meg\u00e1ll\u00edthat\u00f3 a telefon a saj\u00e1t \u00e9l\u00e9n. Alul \u00e9s fel\u00fcl \u00f6sszesen n\u00e9gy k\u00fcl\u00f6nb\u00f6z\u0151 mikrofon k\u00e9pes hangot r\u00f6gz\u00edteni, \u00edgy j\u00e1rathat\u00f3 cs\u00facsra a zajsz\u0171r\u00e9s, m\u00edg tartalomfogyaszt\u00e1s sor\u00e1n sztere\u00f3ban sz\u00f3lhat a Galaxy Z Fold7, alul \u00e9s fel\u00fcl is tal\u00e1lni egy-egy hangsz\u00f3r\u00f3t.<\/p>\n\n\n<div class=\"wp-block-image\">\n<figure class=\"aligncenter size-full\"><img loading=\"lazy\" decoding=\"async\" width=\"1200\" height=\"960\" src=\"https:\/\/hir.mediamarkt.hu\/magazin\/wp-content\/uploads\/2025\/08\/Samsung-galaxy-z-fold7-teszt-8.jpg\" alt=\"Samsung Galaxy Z Fold7\" class=\"wp-image-25277\" srcset=\"https:\/\/hir.mediamarkt.hu\/magazin\/wp-content\/uploads\/2025\/08\/Samsung-galaxy-z-fold7-teszt-8.jpg 1200w, https:\/\/hir.mediamarkt.hu\/magazin\/wp-content\/uploads\/2025\/08\/Samsung-galaxy-z-fold7-teszt-8-250x200.jpg 250w, https:\/\/hir.mediamarkt.hu\/magazin\/wp-content\/uploads\/2025\/08\/Samsung-galaxy-z-fold7-teszt-8-700x560.jpg 700w, https:\/\/hir.mediamarkt.hu\/magazin\/wp-content\/uploads\/2025\/08\/Samsung-galaxy-z-fold7-teszt-8-275x220.jpg 275w, https:\/\/hir.mediamarkt.hu\/magazin\/wp-content\/uploads\/2025\/08\/Samsung-galaxy-z-fold7-teszt-8-768x614.jpg 768w, https:\/\/hir.mediamarkt.hu\/magazin\/wp-content\/uploads\/2025\/08\/Samsung-galaxy-z-fold7-teszt-8-120x96.jpg 120w\" sizes=\"(max-width: 1200px) 100vw, 1200px\" \/><\/figure><\/div>\n\n\n<p>A telefon v\u00e9kony kivitel\u00e9re \u00e9ppen csak elf\u00e9rt az USB-C csatlakoz\u00f3, a j\u00f6v\u0151ben val\u00f3sz\u00edn\u0171leg m\u00e1r aligha fognak tov\u00e1bb v\u00e9kony\u00edtani a gy\u00e1rt\u00f3k, mert egyszer\u0171en a csatlakoz\u00f3 fizikai param\u00e9terei nem fognak lehet\u0151s\u00e9get adni erre &#8211; ha csak ki nem tal\u00e1lnak valamit a m\u00e9rn\u00f6k\u00f6k. A Fold oldal\u00e1n a bekapcsol\u00f3gomb rejti az ujjlenyomat olvas\u00f3t, amely gyorsan azonos\u00edtja az ujjbegy fel\u00fclet\u00e9t, ez\u00e1ltal becsukva \u00e9s kinyitva is j\u00f3l haszn\u00e1lhat\u00f3.<\/p>\n\n\n\n<p>A Gorilla Glass Victus 2 \u00e1ltal v\u00e9dett s\u00edk, egysz\u00edn\u0171, teszt\u00fcnk alanya ez\u00fcst sz\u00edn\u0171. E mellett a jetblack nev\u0171 fekete kiad\u00e1s \u00e9s a s\u00f6t\u00e9tk\u00e9k \u00e9rhet\u0151 el.<\/p>\n\n\n\n<h2 class=\"wp-block-heading\">Kamer\u00e1ban is penge<\/h2>\n\n\n\n<p>A kamera sziget b\u00e1r nem t\u00fal nagy, azonban jelent\u0151s m\u00e9rt\u00e9kben kiemelkedik a k\u00e9sz\u00fcl\u00e9kh\u00e1zb\u00f3l k\u00e9t szinten. A h\u00e1rom kameralencs\u00e9t egy extra sziget \u00f6leli k\u00f6rbe.<\/p>\n\n\n\n<p>Ezen a kameraszigeten az egyik lencse m\u00f6g\u00f6tt egy 200 megapixeles f\u0151kamera helyezkedik el, optikai k\u00e9pstabiliz\u00e1ci\u00f3val. Van egy 3x-os optikai zoomra alkalmas lencs\u00e9vel ell\u00e1tott 10 megapixeles szenzor, amely szint\u00e9n kapott optikai k\u00e9pstabiliz\u00e1l\u00e1st, valamint mind a kett\u0151 PDAF autof\u00f3kusz rendszert is tartalmaz. A harmadik lencse m\u00f6g\u00f6tt pedig a 12 megapixeles ultrasz\u00e9les l\u00e1t\u00f3sz\u00f6g\u0171 kamera van.<\/p>\n\n\n<div class=\"wp-block-image\">\n<figure class=\"aligncenter size-full\"><img loading=\"lazy\" decoding=\"async\" width=\"1200\" height=\"960\" src=\"https:\/\/hir.mediamarkt.hu\/magazin\/wp-content\/uploads\/2025\/08\/Samsung-galaxy-z-fold7-teszt-1.jpg\" alt=\"Samsung Galaxy Z Fold7\" class=\"wp-image-25270\" srcset=\"https:\/\/hir.mediamarkt.hu\/magazin\/wp-content\/uploads\/2025\/08\/Samsung-galaxy-z-fold7-teszt-1.jpg 1200w, https:\/\/hir.mediamarkt.hu\/magazin\/wp-content\/uploads\/2025\/08\/Samsung-galaxy-z-fold7-teszt-1-250x200.jpg 250w, https:\/\/hir.mediamarkt.hu\/magazin\/wp-content\/uploads\/2025\/08\/Samsung-galaxy-z-fold7-teszt-1-700x560.jpg 700w, https:\/\/hir.mediamarkt.hu\/magazin\/wp-content\/uploads\/2025\/08\/Samsung-galaxy-z-fold7-teszt-1-275x220.jpg 275w, https:\/\/hir.mediamarkt.hu\/magazin\/wp-content\/uploads\/2025\/08\/Samsung-galaxy-z-fold7-teszt-1-768x614.jpg 768w, https:\/\/hir.mediamarkt.hu\/magazin\/wp-content\/uploads\/2025\/08\/Samsung-galaxy-z-fold7-teszt-1-120x96.jpg 120w\" sizes=\"(max-width: 1200px) 100vw, 1200px\" \/><\/figure><\/div>\n\n\n<p>A Galaxy Z Fold7 fot\u00f3z\u00e1s sor\u00e1n sem vall sz\u00e9gyent, nappal \u00e9s \u00e9jszaka is eg\u00e9szen j\u00f3 k\u00e9peket k\u00e9sz\u00edt, r\u00e1ad\u00e1sul ha meghajtjuk a kijelz\u0151t, akkor \u00e1llv\u00e1nyk\u00e9nt is szolg\u00e1lhat. Kinyitva T\u00f6bbf\u00e9le kamera m\u00f3d is el\u00e9rhet, \u00edgy a jobb oldalon megjelenhet a hagyom\u00e1nyos kamera alkalmaz\u00e1s, m\u00edg a baloldalon az elk\u00e9sz\u00edtett fot\u00f3kat l\u00e1thatjuk gal\u00e9ri\u00e1ban azonnal. Bekapcsolhat\u00f3 az el\u0151lapi kijelz\u0151 is k\u00f6zben, \u00edgy portr\u00e9fot\u00f3z\u00e1sn\u00e1l a modell is l\u00e1thatja azonnal az eredm\u00e9nyt.<\/p>\n\n\n\n<p>A k\u00fcls\u0151 \u00e9s bels\u0151 kijelz\u0151n egyar\u00e1nt 10 megapixeles szelfi kamera tal\u00e1lhat\u00f3 meg. \u00dagy t\u0171nik, hogy a kor\u00e1bban haszn\u00e1lt bels\u0151, kijelz\u0151 al\u00e1 \u201celrejtett\u201d megold\u00e1st elengedte egyel\u0151re a Samsung, de \u00edgy sem zavar\u00f3 a kamera kiv\u00e1g\u00e1s feketes\u00e9ge. Kinyitva a h\u00e1ts\u00f3 tripla kamer\u00e1t is haszn\u00e1lhatjuk szelfikre, \u00edgy extr\u00e9m esetben ak\u00e1r egy 200 megapixeles szelfit is l\u0151het\u00fcnk.<\/p>\n\n\n\n<figure class=\"wp-block-gallery has-nested-images columns-default is-cropped wp-block-gallery-2 is-layout-flex wp-block-gallery-is-layout-flex\">\n<figure class=\"wp-block-image size-large\"><img loading=\"lazy\" decoding=\"async\" width=\"700\" height=\"933\" data-id=\"25283\" src=\"https:\/\/hir.mediamarkt.hu\/magazin\/wp-content\/uploads\/2025\/08\/samsung-galaxy-z-fold7-kamera-010-700x933.jpg\" alt=\"\" class=\"wp-image-25283\" srcset=\"https:\/\/hir.mediamarkt.hu\/magazin\/wp-content\/uploads\/2025\/08\/samsung-galaxy-z-fold7-kamera-010-700x933.jpg 700w, https:\/\/hir.mediamarkt.hu\/magazin\/wp-content\/uploads\/2025\/08\/samsung-galaxy-z-fold7-kamera-010-250x333.jpg 250w, https:\/\/hir.mediamarkt.hu\/magazin\/wp-content\/uploads\/2025\/08\/samsung-galaxy-z-fold7-kamera-010-275x367.jpg 275w, https:\/\/hir.mediamarkt.hu\/magazin\/wp-content\/uploads\/2025\/08\/samsung-galaxy-z-fold7-kamera-010-120x160.jpg 120w, https:\/\/hir.mediamarkt.hu\/magazin\/wp-content\/uploads\/2025\/08\/samsung-galaxy-z-fold7-kamera-010.jpg 750w\" sizes=\"(max-width: 700px) 100vw, 700px\" \/><\/figure>\n\n\n\n<figure class=\"wp-block-image size-large\"><img loading=\"lazy\" decoding=\"async\" width=\"700\" height=\"933\" data-id=\"25285\" src=\"https:\/\/hir.mediamarkt.hu\/magazin\/wp-content\/uploads\/2025\/08\/samsung-galaxy-z-fold7-kamera-020-700x933.jpg\" alt=\"\" class=\"wp-image-25285\" srcset=\"https:\/\/hir.mediamarkt.hu\/magazin\/wp-content\/uploads\/2025\/08\/samsung-galaxy-z-fold7-kamera-020-700x933.jpg 700w, https:\/\/hir.mediamarkt.hu\/magazin\/wp-content\/uploads\/2025\/08\/samsung-galaxy-z-fold7-kamera-020-250x333.jpg 250w, https:\/\/hir.mediamarkt.hu\/magazin\/wp-content\/uploads\/2025\/08\/samsung-galaxy-z-fold7-kamera-020-275x367.jpg 275w, https:\/\/hir.mediamarkt.hu\/magazin\/wp-content\/uploads\/2025\/08\/samsung-galaxy-z-fold7-kamera-020-120x160.jpg 120w, https:\/\/hir.mediamarkt.hu\/magazin\/wp-content\/uploads\/2025\/08\/samsung-galaxy-z-fold7-kamera-020.jpg 750w\" sizes=\"(max-width: 700px) 100vw, 700px\" \/><\/figure>\n\n\n\n<figure class=\"wp-block-image size-large\"><img loading=\"lazy\" decoding=\"async\" width=\"700\" height=\"933\" data-id=\"25286\" src=\"https:\/\/hir.mediamarkt.hu\/magazin\/wp-content\/uploads\/2025\/08\/samsung-galaxy-z-fold7-kamera-030-700x933.jpg\" alt=\"\" class=\"wp-image-25286\" srcset=\"https:\/\/hir.mediamarkt.hu\/magazin\/wp-content\/uploads\/2025\/08\/samsung-galaxy-z-fold7-kamera-030-700x933.jpg 700w, https:\/\/hir.mediamarkt.hu\/magazin\/wp-content\/uploads\/2025\/08\/samsung-galaxy-z-fold7-kamera-030-250x333.jpg 250w, https:\/\/hir.mediamarkt.hu\/magazin\/wp-content\/uploads\/2025\/08\/samsung-galaxy-z-fold7-kamera-030-275x367.jpg 275w, https:\/\/hir.mediamarkt.hu\/magazin\/wp-content\/uploads\/2025\/08\/samsung-galaxy-z-fold7-kamera-030-120x160.jpg 120w, https:\/\/hir.mediamarkt.hu\/magazin\/wp-content\/uploads\/2025\/08\/samsung-galaxy-z-fold7-kamera-030.jpg 750w\" sizes=\"(max-width: 700px) 100vw, 700px\" \/><\/figure>\n\n\n\n<figure class=\"wp-block-image size-large\"><img loading=\"lazy\" decoding=\"async\" width=\"700\" height=\"525\" data-id=\"25282\" src=\"https:\/\/hir.mediamarkt.hu\/magazin\/wp-content\/uploads\/2025\/08\/samsung-galaxy-z-fold7-kamera-040-700x525.jpg\" alt=\"\" class=\"wp-image-25282\" srcset=\"https:\/\/hir.mediamarkt.hu\/magazin\/wp-content\/uploads\/2025\/08\/samsung-galaxy-z-fold7-kamera-040-700x525.jpg 700w, https:\/\/hir.mediamarkt.hu\/magazin\/wp-content\/uploads\/2025\/08\/samsung-galaxy-z-fold7-kamera-040-250x188.jpg 250w, https:\/\/hir.mediamarkt.hu\/magazin\/wp-content\/uploads\/2025\/08\/samsung-galaxy-z-fold7-kamera-040-275x206.jpg 275w, https:\/\/hir.mediamarkt.hu\/magazin\/wp-content\/uploads\/2025\/08\/samsung-galaxy-z-fold7-kamera-040-768x576.jpg 768w, https:\/\/hir.mediamarkt.hu\/magazin\/wp-content\/uploads\/2025\/08\/samsung-galaxy-z-fold7-kamera-040-120x90.jpg 120w, https:\/\/hir.mediamarkt.hu\/magazin\/wp-content\/uploads\/2025\/08\/samsung-galaxy-z-fold7-kamera-040-500x375.jpg 500w, https:\/\/hir.mediamarkt.hu\/magazin\/wp-content\/uploads\/2025\/08\/samsung-galaxy-z-fold7-kamera-040.jpg 1333w\" sizes=\"(max-width: 700px) 100vw, 700px\" \/><\/figure>\n\n\n\n<figure class=\"wp-block-image size-large\"><img loading=\"lazy\" decoding=\"async\" width=\"700\" height=\"525\" data-id=\"25284\" src=\"https:\/\/hir.mediamarkt.hu\/magazin\/wp-content\/uploads\/2025\/08\/samsung-galaxy-z-fold7-kamera-050-700x525.jpg\" alt=\"\" class=\"wp-image-25284\" srcset=\"https:\/\/hir.mediamarkt.hu\/magazin\/wp-content\/uploads\/2025\/08\/samsung-galaxy-z-fold7-kamera-050-700x525.jpg 700w, https:\/\/hir.mediamarkt.hu\/magazin\/wp-content\/uploads\/2025\/08\/samsung-galaxy-z-fold7-kamera-050-250x188.jpg 250w, https:\/\/hir.mediamarkt.hu\/magazin\/wp-content\/uploads\/2025\/08\/samsung-galaxy-z-fold7-kamera-050-275x206.jpg 275w, https:\/\/hir.mediamarkt.hu\/magazin\/wp-content\/uploads\/2025\/08\/samsung-galaxy-z-fold7-kamera-050-768x576.jpg 768w, https:\/\/hir.mediamarkt.hu\/magazin\/wp-content\/uploads\/2025\/08\/samsung-galaxy-z-fold7-kamera-050-120x90.jpg 120w, https:\/\/hir.mediamarkt.hu\/magazin\/wp-content\/uploads\/2025\/08\/samsung-galaxy-z-fold7-kamera-050-500x375.jpg 500w, https:\/\/hir.mediamarkt.hu\/magazin\/wp-content\/uploads\/2025\/08\/samsung-galaxy-z-fold7-kamera-050.jpg 1333w\" sizes=\"(max-width: 700px) 100vw, 700px\" \/><\/figure>\n\n\n\n<figure class=\"wp-block-image size-large\"><img loading=\"lazy\" decoding=\"async\" width=\"700\" height=\"525\" data-id=\"25287\" src=\"https:\/\/hir.mediamarkt.hu\/magazin\/wp-content\/uploads\/2025\/08\/samsung-galaxy-z-fold7-kamera-070-700x525.jpg\" alt=\"\" class=\"wp-image-25287\" srcset=\"https:\/\/hir.mediamarkt.hu\/magazin\/wp-content\/uploads\/2025\/08\/samsung-galaxy-z-fold7-kamera-070-700x525.jpg 700w, https:\/\/hir.mediamarkt.hu\/magazin\/wp-content\/uploads\/2025\/08\/samsung-galaxy-z-fold7-kamera-070-250x188.jpg 250w, https:\/\/hir.mediamarkt.hu\/magazin\/wp-content\/uploads\/2025\/08\/samsung-galaxy-z-fold7-kamera-070-275x206.jpg 275w, https:\/\/hir.mediamarkt.hu\/magazin\/wp-content\/uploads\/2025\/08\/samsung-galaxy-z-fold7-kamera-070-768x576.jpg 768w, https:\/\/hir.mediamarkt.hu\/magazin\/wp-content\/uploads\/2025\/08\/samsung-galaxy-z-fold7-kamera-070-120x90.jpg 120w, https:\/\/hir.mediamarkt.hu\/magazin\/wp-content\/uploads\/2025\/08\/samsung-galaxy-z-fold7-kamera-070-500x375.jpg 500w, https:\/\/hir.mediamarkt.hu\/magazin\/wp-content\/uploads\/2025\/08\/samsung-galaxy-z-fold7-kamera-070.jpg 1333w\" sizes=\"(max-width: 700px) 100vw, 700px\" \/><\/figure>\n\n\n\n<figure class=\"wp-block-image size-large\"><img loading=\"lazy\" decoding=\"async\" width=\"700\" height=\"525\" data-id=\"25288\" src=\"https:\/\/hir.mediamarkt.hu\/magazin\/wp-content\/uploads\/2025\/08\/samsung-galaxy-z-fold7-kamera-060-700x525.jpg\" alt=\"\" class=\"wp-image-25288\" srcset=\"https:\/\/hir.mediamarkt.hu\/magazin\/wp-content\/uploads\/2025\/08\/samsung-galaxy-z-fold7-kamera-060-700x525.jpg 700w, https:\/\/hir.mediamarkt.hu\/magazin\/wp-content\/uploads\/2025\/08\/samsung-galaxy-z-fold7-kamera-060-250x188.jpg 250w, https:\/\/hir.mediamarkt.hu\/magazin\/wp-content\/uploads\/2025\/08\/samsung-galaxy-z-fold7-kamera-060-275x206.jpg 275w, https:\/\/hir.mediamarkt.hu\/magazin\/wp-content\/uploads\/2025\/08\/samsung-galaxy-z-fold7-kamera-060-768x576.jpg 768w, https:\/\/hir.mediamarkt.hu\/magazin\/wp-content\/uploads\/2025\/08\/samsung-galaxy-z-fold7-kamera-060-120x90.jpg 120w, https:\/\/hir.mediamarkt.hu\/magazin\/wp-content\/uploads\/2025\/08\/samsung-galaxy-z-fold7-kamera-060-500x375.jpg 500w, https:\/\/hir.mediamarkt.hu\/magazin\/wp-content\/uploads\/2025\/08\/samsung-galaxy-z-fold7-kamera-060.jpg 1333w\" sizes=\"(max-width: 700px) 100vw, 700px\" \/><\/figure>\n\n\n\n<figure class=\"wp-block-image size-large\"><img loading=\"lazy\" decoding=\"async\" width=\"700\" height=\"933\" data-id=\"25289\" src=\"https:\/\/hir.mediamarkt.hu\/magazin\/wp-content\/uploads\/2025\/08\/samsung-galaxy-z-fold7-kamera-080-700x933.jpg\" alt=\"\" class=\"wp-image-25289\" srcset=\"https:\/\/hir.mediamarkt.hu\/magazin\/wp-content\/uploads\/2025\/08\/samsung-galaxy-z-fold7-kamera-080-700x933.jpg 700w, https:\/\/hir.mediamarkt.hu\/magazin\/wp-content\/uploads\/2025\/08\/samsung-galaxy-z-fold7-kamera-080-250x333.jpg 250w, https:\/\/hir.mediamarkt.hu\/magazin\/wp-content\/uploads\/2025\/08\/samsung-galaxy-z-fold7-kamera-080-275x367.jpg 275w, https:\/\/hir.mediamarkt.hu\/magazin\/wp-content\/uploads\/2025\/08\/samsung-galaxy-z-fold7-kamera-080-120x160.jpg 120w, https:\/\/hir.mediamarkt.hu\/magazin\/wp-content\/uploads\/2025\/08\/samsung-galaxy-z-fold7-kamera-080.jpg 750w\" sizes=\"(max-width: 700px) 100vw, 700px\" \/><\/figure>\n<\/figure>\n\n\n\n<p>A kamera alkalmaz\u00e1s sok hasznos kamera m\u00f3dot tartalmaz. Alapb\u00f3l a 200 megapixeles kamera \u00e1ltal k\u00e9sz\u00edtett k\u00e9pen \u00f6sszevonja a pixeleket, \u00edgy lesz m\u00e9g \u00e9lesebb, r\u00e9szletgazdagabb az elk\u00e9sz\u00fclt k\u00e9p. A vide\u00f3s m\u00f3dban hasznos a finom zoomol\u00e1si lehet\u0151s\u00e9g, vagy \u00e9ppen az okos felv\u00e9tel, amelyn\u00e9l egy r\u00f6vid vide\u00f3 r\u00f6gz\u00fcl \u00e9s azt k\u00fcl\u00f6nb\u00f6z\u0151 m\u00f3dokban lehet feldolgozni ut\u00f3lag a Gal\u00e9ria alkalmaz\u00e1sban.<\/p>\n\n\n\n<p>A k\u00e9sz\u00fcl\u00e9kh\u00e1z alatt a Qualcomm Snapdragon 8 Elite tal\u00e1lhat\u00f3 meg, az a 3 nm-es chip, amely szinte az \u00f6sszes 2025-\u00f6s cs\u00facsmodellbe beleker\u00fclt. Ez abszol\u00fat brut\u00e1lis sebess\u00e9get k\u00edn\u00e1l, a telefon nem akad, nem v\u00e1rakozik az alkalmaz\u00e1sok megnyit\u00e1s\u00e1n\u00e1l, elb\u00edr egym\u00e1s mellett t\u00f6bb k\u00fcl\u00f6nb\u00f6z\u0151 appot is \u00e9s a j\u00e1t\u00e9kokn\u00e1l sem lesz panaszunk. De igaz\u00e1b\u00f3l pont ezt v\u00e1rjuk el a piac egyik legdr\u00e1g\u00e1bb okostelefonj\u00e1t\u00f3l.<\/p>\n\n\n\n<p>Ha valaki a <a href=\"https:\/\/www.mediamarkt.hu\/hu\/product\/_samsung-galaxy-z-fold7-12256-gb-dualsim-jetblack-kartyafuggetlen-okostelefon-1488289.html\" target=\"_blank\" rel=\"noreferrer noopener\">256 GB<\/a>, vagy <a href=\"https:\/\/www.mediamarkt.hu\/hu\/product\/_samsung-galaxy-z-fold7-12512-gb-dualsim-jetblack-kartyafuggetlen-okostelefon-1488292.html\" target=\"_blank\" rel=\"noreferrer noopener\">512 GB<\/a> h\u00e1tt\u00e9rt\u00e1rral ell\u00e1tott Galaxy Z Fold7-et v\u00e1s\u00e1rolja meg, akkor 12 GB RAM-mal fog rendelkezni a telefonja. A legnagyobb,<a href=\"https:\/\/www.mediamarkt.hu\/hu\/product\/_samsung-galaxy-z-fold7-161-tb-dualsim-jetblack-kartyafuggetlen-okostelefon-1488294.html\" target=\"_blank\" rel=\"noreferrer noopener\"> 1 TB h\u00e1tt\u00e9rt\u00e1rral <\/a>ell\u00e1tott modell viszont m\u00e1r 16 GB RAM-ot kapott &#8211; cser\u00e9be viszont a nyit\u00f3\u00e1r h\u00e9t sz\u00e1mjegy\u0171.<\/p>\n\n\n\n<p>A Samsung \u00f6sszehajthat\u00f3 telefonja minden olyan fontosabb funkci\u00f3t megkapott, amely a h\u00e9tk\u00f6znapi \u00e9letben a produktivit\u00e1st n\u00f6veli. T\u00e1mogatja a leg\u00fajabb Wi-Fi 7-et, nem csak 2,4 \u00e9s 5 GHz-en, hanem a nemr\u00e9gen bevezetett 6 GHz-es s\u00e1vban is k\u00e9pes kommunik\u00e1lni. R\u00e1ad\u00e1sul, ha hotspotk\u00e9nt haszn\u00e1ljuk a telefont, akkor is kihaszn\u00e1lhat\u00f3k ezek az \u00fajdons\u00e1gok, tud l\u00e9trehozni Wifi h\u00e1l\u00f3zatot ak\u00e1r 6 GHz-es tartom\u00e1nyban is. Bluetooth-b\u00f3l az 5.4-es friss kiad\u00e1st kapta, illetve van benne UWB vezet\u00e9k n\u00e9lk\u00fcli megold\u00e1s. Nem maradt ki term\u00e9szetesen az NFC az \u00e9rint\u00e9smentes fizet\u00e9shez. Egy nano SIM k\u00e1rtya mellett eSIM-et is kezel, \u00edgy ak\u00e1r dual SIM-es \u00fczemm\u00f3dban is m\u0171k\u00f6dik. Az USB-C csatlakoz\u00f3ja az USB 3.2 Gen 1 t\u00e1mogat\u00e1st kapta, illetve rendelkezik DisplayPort t\u00e1mogat\u00e1ssal, egy megfelel\u0151 k\u00e1bellel k\u00f6nnyen csatlakoztathat\u00f3 monitorra, t\u00e9v\u00e9re, \u00edgy r\u00e1ad\u00e1sul a DEX m\u00f3ddal mint egy asztali PC, \u00fagy m\u0171k\u00f6dik.<\/p>\n\n\n<div class=\"wp-block-image\">\n<figure class=\"aligncenter size-full\"><img loading=\"lazy\" decoding=\"async\" width=\"1200\" height=\"960\" src=\"https:\/\/hir.mediamarkt.hu\/magazin\/wp-content\/uploads\/2025\/08\/Samsung-galaxy-z-fold7-teszt-6.jpg\" alt=\"Samsung Galaxy Z Fold7\" class=\"wp-image-25275\" srcset=\"https:\/\/hir.mediamarkt.hu\/magazin\/wp-content\/uploads\/2025\/08\/Samsung-galaxy-z-fold7-teszt-6.jpg 1200w, https:\/\/hir.mediamarkt.hu\/magazin\/wp-content\/uploads\/2025\/08\/Samsung-galaxy-z-fold7-teszt-6-250x200.jpg 250w, https:\/\/hir.mediamarkt.hu\/magazin\/wp-content\/uploads\/2025\/08\/Samsung-galaxy-z-fold7-teszt-6-700x560.jpg 700w, https:\/\/hir.mediamarkt.hu\/magazin\/wp-content\/uploads\/2025\/08\/Samsung-galaxy-z-fold7-teszt-6-275x220.jpg 275w, https:\/\/hir.mediamarkt.hu\/magazin\/wp-content\/uploads\/2025\/08\/Samsung-galaxy-z-fold7-teszt-6-768x614.jpg 768w, https:\/\/hir.mediamarkt.hu\/magazin\/wp-content\/uploads\/2025\/08\/Samsung-galaxy-z-fold7-teszt-6-120x96.jpg 120w\" sizes=\"(max-width: 1200px) 100vw, 1200px\" \/><\/figure><\/div>\n\n\n<p>B\u00e1r fizikailag k\u00edv\u00fclr\u0151l sokat fejl\u0151d\u00f6tt a Galaxy Z Fold7, ez nem minden m\u00e1s ter\u00fcleten mondhat\u00f3 el. Maradt p\u00e9ld\u00e1ul 4400 mAh kapacit\u00e1s\u00fa az akkumul\u00e1tor \u00e9s az m\u00e9g Li-Po t\u00edpus\u00fa. A telefon k\u00e9t kijelz\u0151 fel\u00e9ben egy-egy elk\u00fcl\u00f6n\u00fcl\u0151 telep helyezkedik el. Ehhez 25 wattos t\u00f6lt\u00e9s t\u00e1mogaz\u00e1s j\u00e1r, amely hogy \u0151szint\u00e9k legy\u00fcnk, 2025-ben nem nevezhet\u0151 gyorsnak, hiszen m\u00e1r a k\u00f6z\u00e9pkateg\u00f3ri\u00e1s telefonokn\u00e1l is vannak 35-66 wattos t\u00f6lt\u00e9sek, m\u00e1s gy\u00e1rt\u00f3k cs\u00facsmodelljein\u00e9l pedig ak\u00e1r 100-120 wattos t\u00f6lt\u00e9si megold\u00e1sokkal is tal\u00e1lkozni. Itt teh\u00e1t megrekedt a kor\u00e1bbi \u00e9vekhez a Samsung. A vezet\u00e9k n\u00e9lk\u00fcli t\u00f6lt\u00e9s 15 wattos lehet, valamint lehet a h\u00e1tlapon kereszt\u00fcl Qi kompatibilis eszk\u00f6zt t\u00f6lteni, 4,5 wattos ford\u00edtott vezet\u00e9k n\u00e9lk\u00fcli t\u00f6lt\u00e9ssel. Ezzel nagyj\u00e1b\u00f3l egy napos \u00fczemid\u0151vel sz\u00e1molhatunk &#8211; ez nagyban f\u00fcgg att\u00f3l, hogy mennyit haszn\u00e1ljuk p\u00e9ld\u00e1ul a bels\u0151 kijelz\u0151t, amely \u00e9rtelemszer\u0171en t\u00f6bbet fogyaszt. A dobozban nincs t\u00f6lt\u0151 adapter, csak egy USB-C k\u00e1bel, \u00edgy <a href=\"https:\/\/www.mediamarkt.hu\/hu\/product\/_samsung-h%C3%A1l%C3%B3zati-t%C3%B6lt%C5%91-adapter-usb-c-csatlakoz%C3%B3val-25w-feh%C3%A9r-ep-t2510nwegeu-1435755.html\" target=\"_blank\" rel=\"noreferrer noopener\">ezt k\u00fcl\u00f6n kell megv\u00e1s\u00e1rolni<\/a>. <\/p>\n\n\n\n<h2 class=\"wp-block-heading\">H\u00e9t \u00e9v lett, maradhat?<\/h2>\n\n\n\n<p>A leg\u00fajabb Android 16 oper\u00e1ci\u00f3s rendszerrel jelent meg a Samsung Galaxy Z Fold7, amihez a One UI 8 t\u00e1rsul. Ezt r\u00e1ad\u00e1sul a <a href=\"https:\/\/hir.mediamarkt.hu\/magazin\/samsung-galaxy-s25-ultra-teszt\/\" target=\"_blank\" rel=\"noreferrer noopener\">Galaxy S25 sz\u00e9ri\u00e1hoz<\/a> hasonl\u00f3an 7 \u00e9ven kereszt\u00fcl t\u00e1mogatja majd szoftverfriss\u00edt\u00e9ssel, az Android f\u0151verzi\u00f3t \u00e9s a biztons\u00e1gi friss\u00edt\u00e9seket bele\u00e9rtve.<\/p>\n\n\n<div class=\"wp-block-image\">\n<figure class=\"aligncenter size-full\"><img loading=\"lazy\" decoding=\"async\" width=\"1200\" height=\"960\" src=\"https:\/\/hir.mediamarkt.hu\/magazin\/wp-content\/uploads\/2025\/08\/Samsung-galaxy-z-fold7-teszt-2.jpg\" alt=\"Samsung Galaxy Z Fold7\" class=\"wp-image-25271\" srcset=\"https:\/\/hir.mediamarkt.hu\/magazin\/wp-content\/uploads\/2025\/08\/Samsung-galaxy-z-fold7-teszt-2.jpg 1200w, https:\/\/hir.mediamarkt.hu\/magazin\/wp-content\/uploads\/2025\/08\/Samsung-galaxy-z-fold7-teszt-2-250x200.jpg 250w, https:\/\/hir.mediamarkt.hu\/magazin\/wp-content\/uploads\/2025\/08\/Samsung-galaxy-z-fold7-teszt-2-700x560.jpg 700w, https:\/\/hir.mediamarkt.hu\/magazin\/wp-content\/uploads\/2025\/08\/Samsung-galaxy-z-fold7-teszt-2-275x220.jpg 275w, https:\/\/hir.mediamarkt.hu\/magazin\/wp-content\/uploads\/2025\/08\/Samsung-galaxy-z-fold7-teszt-2-768x614.jpg 768w, https:\/\/hir.mediamarkt.hu\/magazin\/wp-content\/uploads\/2025\/08\/Samsung-galaxy-z-fold7-teszt-2-120x96.jpg 120w\" sizes=\"(max-width: 1200px) 100vw, 1200px\" \/><\/figure><\/div>\n\n\n<p>Sok k\u00fcl\u00f6nb\u00f6z\u0151 AI funkci\u00f3 \u00e9rhet\u0151 el, viszont ezek t\u00f6bbs\u00e9g\u00e9n\u00e9l tov\u00e1bbra sincs magyar nyelvi t\u00e1mogat\u00e1s. Emiatt a jegyezetek k\u00f6z\u00f6tt nincs leirat k\u00e9sz\u00edt\u00e9se, a vide\u00f3kn\u00e1l \u00e9l\u0151 feliratoz\u00e1s, vagy \u00e9ppen a val\u00f3s idej\u0171 ford\u00edt\u00e1s sem t\u00e1mogatja anyanyelv\u00fcnket. Ha angolul j\u00f3l besz\u00e9l\u00fcnk, akkor t\u00f6bb m\u00e1s nagyobb nyelvvel haszn\u00e1lhatjuk ezt a funkci\u00f3halmazt.&nbsp; A Galaxy AI a rendszer sok r\u00e9sz\u00e9n rejt\u0151zik \u00e9s haszn\u00e1lhat\u00f3. A Gal\u00e9ri\u00e1n\u00e1l el\u00e9rhet\u0151 a szem\u00e9lyek \u00e9s objektumok \u00e1thelyez\u00e9se,&nbsp; a felm\u00e9retez\u00e9s. K\u00e9sz\u00edthet\u00fcnk kuty\u00e1b\u00f3l, macsk\u00e1b\u00f3l \u00e9s emberb\u0151l is rajzfilmeket \u00e9s festm\u00e9nyeket. Illetve a k\u00e9peket kieg\u00e9sz\u00edthetj\u00fck AI seg\u00edts\u00e9g\u00e9vel, ehhez el\u00e9g csak rajzolni arr\u00f3l amit szeretn\u00e9nk ott l\u00e1tni &#8211; a t\u00f6bbit a mesters\u00e9ges intelligencia elint\u00e9zi.<\/p>\n\n\n<div class=\"wp-block-image\">\n<figure class=\"aligncenter size-full\"><img loading=\"lazy\" decoding=\"async\" width=\"1200\" height=\"960\" src=\"https:\/\/hir.mediamarkt.hu\/magazin\/wp-content\/uploads\/2025\/08\/Samsung-galaxy-z-fold7-teszt-7.jpg\" alt=\"Samsung Galaxy Z Fold7\" class=\"wp-image-25276\" srcset=\"https:\/\/hir.mediamarkt.hu\/magazin\/wp-content\/uploads\/2025\/08\/Samsung-galaxy-z-fold7-teszt-7.jpg 1200w, https:\/\/hir.mediamarkt.hu\/magazin\/wp-content\/uploads\/2025\/08\/Samsung-galaxy-z-fold7-teszt-7-250x200.jpg 250w, https:\/\/hir.mediamarkt.hu\/magazin\/wp-content\/uploads\/2025\/08\/Samsung-galaxy-z-fold7-teszt-7-700x560.jpg 700w, https:\/\/hir.mediamarkt.hu\/magazin\/wp-content\/uploads\/2025\/08\/Samsung-galaxy-z-fold7-teszt-7-275x220.jpg 275w, https:\/\/hir.mediamarkt.hu\/magazin\/wp-content\/uploads\/2025\/08\/Samsung-galaxy-z-fold7-teszt-7-768x614.jpg 768w, https:\/\/hir.mediamarkt.hu\/magazin\/wp-content\/uploads\/2025\/08\/Samsung-galaxy-z-fold7-teszt-7-120x96.jpg 120w\" sizes=\"(max-width: 1200px) 100vw, 1200px\" \/><\/figure><\/div>\n\n\n<p>A Fold sorozat h\u00e9t gener\u00e1ci\u00f3 alatt m\u00e1r bizony\u00edtotta, hogy a hajl\u00edthat\u00f3 kijelz\u0151 nem a j\u00f6v\u0151, hanem a jelen \u00e9s nem kell f\u00e9lni t\u0151le. J\u00f3l b\u00edrj\u00e1k a hajtogat\u00e1st, ak\u00e1r a kijelz\u0151, ak\u00e1r a zsan\u00e9r. Persze t\u00e9ny, hogy a bels\u0151 kijelz\u0151 s\u00e9r\u00fcl\u00e9kenyebb az edzett \u00fcveggel v\u00e9dett hagyom\u00e1nyos kijelz\u0151kh\u00f6z k\u00e9pest. Rendeltet\u00e9sszer\u0171 haszn\u00e1lat eset\u00e9n azonban nincs gond ezekkel. \u00c9rdemes lehet persze egy <a href=\"https:\/\/www.mediamarkt.hu\/hu\/service\/garancia-plusz\" target=\"_blank\" rel=\"noreferrer noopener\">Garancia Plusz szolg\u00e1ltat\u00e1s<\/a> v\u00e1lasztani r\u00e1, hiszen ezzel ak\u00e1r a v\u00e9tlen s\u00e9r\u00fcl\u00e9sek eset\u00e9n is seg\u00edts\u00e9get kapunk.<\/p>\n\n\n<div class=\"wp-block-image\">\n<figure class=\"aligncenter size-full\"><img loading=\"lazy\" decoding=\"async\" width=\"1200\" height=\"960\" src=\"https:\/\/hir.mediamarkt.hu\/magazin\/wp-content\/uploads\/2025\/08\/Samsung-galaxy-z-fold7-teszt-11.jpg\" alt=\"Samsung Galaxy Z Fold7\" class=\"wp-image-25280\" srcset=\"https:\/\/hir.mediamarkt.hu\/magazin\/wp-content\/uploads\/2025\/08\/Samsung-galaxy-z-fold7-teszt-11.jpg 1200w, https:\/\/hir.mediamarkt.hu\/magazin\/wp-content\/uploads\/2025\/08\/Samsung-galaxy-z-fold7-teszt-11-250x200.jpg 250w, https:\/\/hir.mediamarkt.hu\/magazin\/wp-content\/uploads\/2025\/08\/Samsung-galaxy-z-fold7-teszt-11-700x560.jpg 700w, https:\/\/hir.mediamarkt.hu\/magazin\/wp-content\/uploads\/2025\/08\/Samsung-galaxy-z-fold7-teszt-11-275x220.jpg 275w, https:\/\/hir.mediamarkt.hu\/magazin\/wp-content\/uploads\/2025\/08\/Samsung-galaxy-z-fold7-teszt-11-768x614.jpg 768w, https:\/\/hir.mediamarkt.hu\/magazin\/wp-content\/uploads\/2025\/08\/Samsung-galaxy-z-fold7-teszt-11-120x96.jpg 120w\" sizes=\"(max-width: 1200px) 100vw, 1200px\" \/><\/figure><\/div>\n\n\n<p>A Samsung sz\u00e9pen megr\u00e1zta mag\u00e1t, a <a href=\"https:\/\/www.mediamarkt.hu\/hu\/product\/_samsung-galaxy-z-fold7-12256-gb-dualsim-jetblack-kartyafuggetlen-okostelefon-1488289.html\" target=\"_blank\" rel=\"noreferrer noopener\">Galaxy Z Fold7<\/a> egy nagy friss\u00edt\u00e9s lett fizikai szinten, mik\u00f6zben a rendszer gyors \u00e9s okos maradt. A kinyithat\u00f3 modell tov\u00e1bbra is egy sz\u0171k r\u00e9teg sz\u00e1m\u00e1ra hasznos tov\u00e1bbra is, sz\u00e1mukra azonban nagyon stabil alapot ny\u00fajt.<\/p>\n","protected":false},"excerpt":{"rendered":"Ez m\u00e1r nem csak egy telefon, a Samsung Galaxy Z Fold 7 \u00faj szintre emeli a hajl\u00edthat\u00f3 mobilokat! Kipr\u00f3b\u00e1ltuk, \u00e9s amit tapasztaltunk, arra mi sem sz\u00e1m\u00edtottunk\u2026","protected":false},"author":34,"featured_media":25278,"comment_status":"open","ping_status":"open","sticky":false,"template":"","format":"standard","meta":{"wprm-recipe-roundup-name":"","wprm-recipe-roundup-description":"","footnotes":""},"categories":[5944,5946,2382],"tags":[6451,32],"yoast_head":"<!-- This site is optimized with the Yoast SEO plugin v22.9 - https:\/\/yoast.com\/wordpress\/plugins\/seo\/ -->\n<title>Samsung Galaxy Z Fold7 teszt - nagyon penge - MediaMarkt Magazin<\/title>\n<meta name=\"description\" content=\"A Samsung a legnagyobb friss\u00edt\u00e9st hozta el a Fold telefonjaiban. A Galaxy Z Fold7 az eddigi legv\u00e9konyabb \u00f6sszehajthat\u00f3 telefon a piacon.\" \/>\n<meta name=\"robots\" content=\"index, follow, max-snippet:-1, max-image-preview:large, max-video-preview:-1\" \/>\n<link rel=\"canonical\" href=\"https:\/\/hir.mediamarkt.hu\/magazin\/samsung-galaxy-z-fold7-teszt\/\" \/>\n<meta property=\"og:locale\" content=\"hu_HU\" \/>\n<meta property=\"og:type\" content=\"article\" \/>\n<meta property=\"og:title\" content=\"Samsung Galaxy Z Fold7 teszt - nagyon penge - MediaMarkt Magazin\" \/>\n<meta property=\"og:description\" content=\"A Samsung a legnagyobb friss\u00edt\u00e9st hozta el a Fold telefonjaiban. A Galaxy Z Fold7 az eddigi legv\u00e9konyabb \u00f6sszehajthat\u00f3 telefon a piacon.\" \/>\n<meta property=\"og:url\" content=\"https:\/\/hir.mediamarkt.hu\/magazin\/samsung-galaxy-z-fold7-teszt\/\" \/>\n<meta property=\"og:site_name\" content=\"MediaMarkt Magazin\" \/>\n<meta property=\"article:publisher\" content=\"https:\/\/www.facebook.com\/MediaMarktMagyarorszag\" \/>\n<meta property=\"article:published_time\" content=\"2025-09-01T07:55:43+00:00\" \/>\n<meta property=\"article:modified_time\" content=\"2025-09-01T12:59:31+00:00\" \/>\n<meta property=\"og:image\" content=\"https:\/\/hir.mediamarkt.hu\/magazin\/wp-content\/uploads\/2025\/08\/Samsung-galaxy-z-fold7-teszt-9.jpg\" \/>\n\t<meta property=\"og:image:width\" content=\"1200\" \/>\n\t<meta property=\"og:image:height\" content=\"960\" \/>\n\t<meta property=\"og:image:type\" content=\"image\/jpeg\" \/>\n<meta name=\"author\" content=\"Kov\u00e1cs \u00c1d\u00e1m\" \/>\n<meta name=\"twitter:label1\" content=\"Szerz\u0151:\" \/>\n\t<meta name=\"twitter:data1\" content=\"Kov\u00e1cs \u00c1d\u00e1m\" \/>\n\t<meta name=\"twitter:label2\" content=\"Becs\u00fclt olvas\u00e1si id\u0151\" \/>\n\t<meta name=\"twitter:data2\" content=\"12 perc\" \/>\n<script type=\"application\/ld+json\" class=\"yoast-schema-graph\">{\"@context\":\"https:\/\/schema.org\",\"@graph\":[{\"@type\":\"WebPage\",\"@id\":\"https:\/\/hir.mediamarkt.hu\/magazin\/samsung-galaxy-z-fold7-teszt\/\",\"url\":\"https:\/\/hir.mediamarkt.hu\/magazin\/samsung-galaxy-z-fold7-teszt\/\",\"name\":\"Samsung Galaxy Z Fold7 teszt - nagyon penge - MediaMarkt Magazin\",\"isPartOf\":{\"@id\":\"https:\/\/hir.mediamarkt.hu\/magazin\/#website\"},\"primaryImageOfPage\":{\"@id\":\"https:\/\/hir.mediamarkt.hu\/magazin\/samsung-galaxy-z-fold7-teszt\/#primaryimage\"},\"image\":{\"@id\":\"https:\/\/hir.mediamarkt.hu\/magazin\/samsung-galaxy-z-fold7-teszt\/#primaryimage\"},\"thumbnailUrl\":\"https:\/\/hir.mediamarkt.hu\/magazin\/wp-content\/uploads\/2025\/08\/Samsung-galaxy-z-fold7-teszt-9.jpg\",\"datePublished\":\"2025-09-01T07:55:43+00:00\",\"dateModified\":\"2025-09-01T12:59:31+00:00\",\"author\":{\"@id\":\"https:\/\/hir.mediamarkt.hu\/magazin\/#\/schema\/person\/eb6407def37d68930e61b9ccc0d2b12b\"},\"description\":\"A Samsung a legnagyobb friss\u00edt\u00e9st hozta el a Fold telefonjaiban. A Galaxy Z Fold7 az eddigi legv\u00e9konyabb \u00f6sszehajthat\u00f3 telefon a piacon.\",\"breadcrumb\":{\"@id\":\"https:\/\/hir.mediamarkt.hu\/magazin\/samsung-galaxy-z-fold7-teszt\/#breadcrumb\"},\"inLanguage\":\"hu\",\"potentialAction\":[{\"@type\":\"ReadAction\",\"target\":[\"https:\/\/hir.mediamarkt.hu\/magazin\/samsung-galaxy-z-fold7-teszt\/\"]}]},{\"@type\":\"ImageObject\",\"inLanguage\":\"hu\",\"@id\":\"https:\/\/hir.mediamarkt.hu\/magazin\/samsung-galaxy-z-fold7-teszt\/#primaryimage\",\"url\":\"https:\/\/hir.mediamarkt.hu\/magazin\/wp-content\/uploads\/2025\/08\/Samsung-galaxy-z-fold7-teszt-9.jpg\",\"contentUrl\":\"https:\/\/hir.mediamarkt.hu\/magazin\/wp-content\/uploads\/2025\/08\/Samsung-galaxy-z-fold7-teszt-9.jpg\",\"width\":1200,\"height\":960,\"caption\":\"samsung galaxy fold7 nyitott\"},{\"@type\":\"BreadcrumbList\",\"@id\":\"https:\/\/hir.mediamarkt.hu\/magazin\/samsung-galaxy-z-fold7-teszt\/#breadcrumb\",\"itemListElement\":[{\"@type\":\"ListItem\",\"position\":1,\"name\":\"Kezd\u0151lap\",\"item\":\"https:\/\/hir.mediamarkt.hu\/magazin\/\"},{\"@type\":\"ListItem\",\"position\":2,\"name\":\"Mobil \u00e9s okos eszk\u00f6z\u00f6k\",\"item\":\"https:\/\/hir.mediamarkt.hu\/magazin\/mobil-es-okos-eszkozok\/\"},{\"@type\":\"ListItem\",\"position\":3,\"name\":\"Mobiltelefonok\",\"item\":\"https:\/\/hir.mediamarkt.hu\/magazin\/mobil-es-okos-eszkozok\/mobiltelefonok\/\"},{\"@type\":\"ListItem\",\"position\":4,\"name\":\"Samsung Galaxy Z Fold7 teszt &#8211; nagyon penge\"}]},{\"@type\":\"WebSite\",\"@id\":\"https:\/\/hir.mediamarkt.hu\/magazin\/#website\",\"url\":\"https:\/\/hir.mediamarkt.hu\/magazin\/\",\"name\":\"MediaMarkt Magazin\",\"description\":\"Olvass bele magazinunkba!\",\"potentialAction\":[{\"@type\":\"SearchAction\",\"target\":{\"@type\":\"EntryPoint\",\"urlTemplate\":\"https:\/\/hir.mediamarkt.hu\/magazin\/?s={search_term_string}\"},\"query-input\":\"required name=search_term_string\"}],\"inLanguage\":\"hu\"},{\"@type\":\"Person\",\"@id\":\"https:\/\/hir.mediamarkt.hu\/magazin\/#\/schema\/person\/eb6407def37d68930e61b9ccc0d2b12b\",\"name\":\"Kov\u00e1cs \u00c1d\u00e1m\",\"image\":{\"@type\":\"ImageObject\",\"inLanguage\":\"hu\",\"@id\":\"https:\/\/hir.mediamarkt.hu\/magazin\/#\/schema\/person\/image\/\",\"url\":\"https:\/\/secure.gravatar.com\/avatar\/7f17d39fcf146db446aab8f0a0b84bce?s=96&d=mm&r=g\",\"contentUrl\":\"https:\/\/secure.gravatar.com\/avatar\/7f17d39fcf146db446aab8f0a0b84bce?s=96&d=mm&r=g\",\"caption\":\"Kov\u00e1cs \u00c1d\u00e1m\"}}]}<\/script>\n<!-- \/ Yoast SEO plugin. -->","yoast_head_json":{"title":"Samsung Galaxy Z Fold7 teszt - nagyon penge - MediaMarkt Magazin","description":"A Samsung a legnagyobb friss\u00edt\u00e9st hozta el a Fold telefonjaiban. A Galaxy Z Fold7 az eddigi legv\u00e9konyabb \u00f6sszehajthat\u00f3 telefon a piacon.","robots":{"index":"index","follow":"follow","max-snippet":"max-snippet:-1","max-image-preview":"max-image-preview:large","max-video-preview":"max-video-preview:-1"},"canonical":"https:\/\/hir.mediamarkt.hu\/magazin\/samsung-galaxy-z-fold7-teszt\/","og_locale":"hu_HU","og_type":"article","og_title":"Samsung Galaxy Z Fold7 teszt - nagyon penge - MediaMarkt Magazin","og_description":"A Samsung a legnagyobb friss\u00edt\u00e9st hozta el a Fold telefonjaiban. A Galaxy Z Fold7 az eddigi legv\u00e9konyabb \u00f6sszehajthat\u00f3 telefon a piacon.","og_url":"https:\/\/hir.mediamarkt.hu\/magazin\/samsung-galaxy-z-fold7-teszt\/","og_site_name":"MediaMarkt Magazin","article_publisher":"https:\/\/www.facebook.com\/MediaMarktMagyarorszag","article_published_time":"2025-09-01T07:55:43+00:00","article_modified_time":"2025-09-01T12:59:31+00:00","og_image":[{"width":1200,"height":960,"url":"https:\/\/hir.mediamarkt.hu\/magazin\/wp-content\/uploads\/2025\/08\/Samsung-galaxy-z-fold7-teszt-9.jpg","type":"image\/jpeg"}],"author":"Kov\u00e1cs \u00c1d\u00e1m","twitter_misc":{"Szerz\u0151:":"Kov\u00e1cs \u00c1d\u00e1m","Becs\u00fclt olvas\u00e1si id\u0151":"12 perc"},"schema":{"@context":"https:\/\/schema.org","@graph":[{"@type":"WebPage","@id":"https:\/\/hir.mediamarkt.hu\/magazin\/samsung-galaxy-z-fold7-teszt\/","url":"https:\/\/hir.mediamarkt.hu\/magazin\/samsung-galaxy-z-fold7-teszt\/","name":"Samsung Galaxy Z Fold7 teszt - nagyon penge - MediaMarkt Magazin","isPartOf":{"@id":"https:\/\/hir.mediamarkt.hu\/magazin\/#website"},"primaryImageOfPage":{"@id":"https:\/\/hir.mediamarkt.hu\/magazin\/samsung-galaxy-z-fold7-teszt\/#primaryimage"},"image":{"@id":"https:\/\/hir.mediamarkt.hu\/magazin\/samsung-galaxy-z-fold7-teszt\/#primaryimage"},"thumbnailUrl":"https:\/\/hir.mediamarkt.hu\/magazin\/wp-content\/uploads\/2025\/08\/Samsung-galaxy-z-fold7-teszt-9.jpg","datePublished":"2025-09-01T07:55:43+00:00","dateModified":"2025-09-01T12:59:31+00:00","author":{"@id":"https:\/\/hir.mediamarkt.hu\/magazin\/#\/schema\/person\/eb6407def37d68930e61b9ccc0d2b12b"},"description":"A Samsung a legnagyobb friss\u00edt\u00e9st hozta el a Fold telefonjaiban. A Galaxy Z Fold7 az eddigi legv\u00e9konyabb \u00f6sszehajthat\u00f3 telefon a piacon.","breadcrumb":{"@id":"https:\/\/hir.mediamarkt.hu\/magazin\/samsung-galaxy-z-fold7-teszt\/#breadcrumb"},"inLanguage":"hu","potentialAction":[{"@type":"ReadAction","target":["https:\/\/hir.mediamarkt.hu\/magazin\/samsung-galaxy-z-fold7-teszt\/"]}]},{"@type":"ImageObject","inLanguage":"hu","@id":"https:\/\/hir.mediamarkt.hu\/magazin\/samsung-galaxy-z-fold7-teszt\/#primaryimage","url":"https:\/\/hir.mediamarkt.hu\/magazin\/wp-content\/uploads\/2025\/08\/Samsung-galaxy-z-fold7-teszt-9.jpg","contentUrl":"https:\/\/hir.mediamarkt.hu\/magazin\/wp-content\/uploads\/2025\/08\/Samsung-galaxy-z-fold7-teszt-9.jpg","width":1200,"height":960,"caption":"samsung galaxy fold7 nyitott"},{"@type":"BreadcrumbList","@id":"https:\/\/hir.mediamarkt.hu\/magazin\/samsung-galaxy-z-fold7-teszt\/#breadcrumb","itemListElement":[{"@type":"ListItem","position":1,"name":"Kezd\u0151lap","item":"https:\/\/hir.mediamarkt.hu\/magazin\/"},{"@type":"ListItem","position":2,"name":"Mobil \u00e9s okos eszk\u00f6z\u00f6k","item":"https:\/\/hir.mediamarkt.hu\/magazin\/mobil-es-okos-eszkozok\/"},{"@type":"ListItem","position":3,"name":"Mobiltelefonok","item":"https:\/\/hir.mediamarkt.hu\/magazin\/mobil-es-okos-eszkozok\/mobiltelefonok\/"},{"@type":"ListItem","position":4,"name":"Samsung Galaxy Z Fold7 teszt &#8211; nagyon penge"}]},{"@type":"WebSite","@id":"https:\/\/hir.mediamarkt.hu\/magazin\/#website","url":"https:\/\/hir.mediamarkt.hu\/magazin\/","name":"MediaMarkt Magazin","description":"Olvass bele magazinunkba!","potentialAction":[{"@type":"SearchAction","target":{"@type":"EntryPoint","urlTemplate":"https:\/\/hir.mediamarkt.hu\/magazin\/?s={search_term_string}"},"query-input":"required name=search_term_string"}],"inLanguage":"hu"},{"@type":"Person","@id":"https:\/\/hir.mediamarkt.hu\/magazin\/#\/schema\/person\/eb6407def37d68930e61b9ccc0d2b12b","name":"Kov\u00e1cs \u00c1d\u00e1m","image":{"@type":"ImageObject","inLanguage":"hu","@id":"https:\/\/hir.mediamarkt.hu\/magazin\/#\/schema\/person\/image\/","url":"https:\/\/secure.gravatar.com\/avatar\/7f17d39fcf146db446aab8f0a0b84bce?s=96&d=mm&r=g","contentUrl":"https:\/\/secure.gravatar.com\/avatar\/7f17d39fcf146db446aab8f0a0b84bce?s=96&d=mm&r=g","caption":"Kov\u00e1cs \u00c1d\u00e1m"}}]}},"_links":{"self":[{"href":"https:\/\/hir.mediamarkt.hu\/magazin\/wp-json\/wp\/v2\/posts\/25104"}],"collection":[{"href":"https:\/\/hir.mediamarkt.hu\/magazin\/wp-json\/wp\/v2\/posts"}],"about":[{"href":"https:\/\/hir.mediamarkt.hu\/magazin\/wp-json\/wp\/v2\/types\/post"}],"author":[{"embeddable":true,"href":"https:\/\/hir.mediamarkt.hu\/magazin\/wp-json\/wp\/v2\/users\/34"}],"replies":[{"embeddable":true,"href":"https:\/\/hir.mediamarkt.hu\/magazin\/wp-json\/wp\/v2\/comments?post=25104"}],"version-history":[{"count":5,"href":"https:\/\/hir.mediamarkt.hu\/magazin\/wp-json\/wp\/v2\/posts\/25104\/revisions"}],"predecessor-version":[{"id":25332,"href":"https:\/\/hir.mediamarkt.hu\/magazin\/wp-json\/wp\/v2\/posts\/25104\/revisions\/25332"}],"wp:featuredmedia":[{"embeddable":true,"href":"https:\/\/hir.mediamarkt.hu\/magazin\/wp-json\/wp\/v2\/media\/25278"}],"wp:attachment":[{"href":"https:\/\/hir.mediamarkt.hu\/magazin\/wp-json\/wp\/v2\/media?parent=25104"}],"wp:term":[{"taxonomy":"category","embeddable":true,"href":"https:\/\/hir.mediamarkt.hu\/magazin\/wp-json\/wp\/v2\/categories?post=25104"},{"taxonomy":"post_tag","embeddable":true,"href":"https:\/\/hir.mediamarkt.hu\/magazin\/wp-json\/wp\/v2\/tags?post=25104"}],"curies":[{"name":"wp","href":"https:\/\/api.w.org\/{rel}","templated":true}]}}