{"id":25593,"date":"2025-11-06T13:11:21","date_gmt":"2025-11-06T12:11:21","guid":{"rendered":"https:\/\/hir.mediamarkt.hu\/magazin\/?p=25593"},"modified":"2025-11-06T13:33:53","modified_gmt":"2025-11-06T12:33:53","slug":"okosan-a-black-friday-forgatagaban-5-csapda","status":"publish","type":"post","link":"https:\/\/hir.mediamarkt.hu\/magazin\/okosan-a-black-friday-forgatagaban-5-csapda\/","title":{"rendered":"Okosan a Black Friday forgatag\u00e1ban: 5 csapda, amire nem is gondoln\u00e1l"},"content":{"rendered":"\n<p>A Black Friday az \u00e9v egyik legjobban v\u00e1rt v\u00e1s\u00e1rl\u00e1si esem\u00e9nye, tele izgalommal \u00e9s kihagyhatatlannak t\u0171n\u0151 aj\u00e1nlatokkal. Azonban a nagy \u00e1rzuhan\u00e1sok \u00e9s a visszasz\u00e1ml\u00e1l\u00f3k p\u00f6rg\u00e9se k\u00f6zepette k\u00f6nny\u0171 elvesz\u00edteni a f\u00f3kuszt. A legnagyobb vesz\u00e9lyek gyakran nem is ott rejlenek, ahol sejten\u00e9nk. V\u00e1s\u00e1rolj tudatosan \u00e9s biztons\u00e1gosan, hogy a november v\u00e9ge az okos megtakar\u00edt\u00e1sokr\u00f3l, ne pedig a k\u00e9s\u0151bbi fejf\u00e1j\u00e1sr\u00f3l sz\u00f3ljon.<\/p>\n\n\n\n<h2 class=\"wp-block-heading\">Digit\u00e1lis aknamez\u0151: kiberbiztons\u00e1gi kock\u00e1zatok<\/h2>\n\n\n\n<p>Ahol a v\u00e1s\u00e1rl\u00f3k t\u00f6megesen megjelennek az online t\u00e9rben, ott a rosszindulat\u00fa szerepl\u0151k is felt\u0171nnek. Black Friday idej\u00e9n megszaporodnak az adathal\u00e1sz (phishing) k\u00eds\u00e9rletek.<\/p>\n\n\n\n<ul>\n<li>A csapda: Kapunk egy e-mailt vagy SMS-t egy majdnem ismert \u00e1ruh\u00e1z nev\u00e9ben, ami egy hihetetlen, 90%-os kedvezm\u00e9nyt \u00edg\u00e9r egy n\u00e9pszer\u0171 term\u00e9kre. A link egy hamis weboldalra visz, ami megsz\u00f3lal\u00e1sig hasonl\u00edt az eredetire. Amint ott megadjuk a bankk\u00e1rtyaadatainkat, azok azonnal csal\u00f3k kez\u00e9be ker\u00fclnek.<\/li>\n\n\n\n<li>A v\u00e9dekez\u00e9s: Soha ne kattintsunk gyan\u00fas e-mailekben vagy k\u00f6z\u00f6ss\u00e9gi m\u00e9dia hirdet\u00e9sekben l\u00e9v\u0151<img loading=\"lazy\" decoding=\"async\" class=\"wp-image-25599 size-full alignright\" src=\"https:\/\/hir.mediamarkt.hu\/magazin\/wp-content\/uploads\/2025\/10\/Kepernyokep-2025-10-30-095729.png\" alt=\"\" width=\"292\" height=\"94\" srcset=\"https:\/\/hir.mediamarkt.hu\/magazin\/wp-content\/uploads\/2025\/10\/Kepernyokep-2025-10-30-095729.png 292w, https:\/\/hir.mediamarkt.hu\/magazin\/wp-content\/uploads\/2025\/10\/Kepernyokep-2025-10-30-095729-250x80.png 250w, https:\/\/hir.mediamarkt.hu\/magazin\/wp-content\/uploads\/2025\/10\/Kepernyokep-2025-10-30-095729-275x89.png 275w, https:\/\/hir.mediamarkt.hu\/magazin\/wp-content\/uploads\/2025\/10\/Kepernyokep-2025-10-30-095729-120x39.png 120w\" sizes=\"(max-width: 292px) 100vw, 292px\" \/> linkekre. Mindig g\u00e9pelj\u00fck be mi magunk a b\u00f6ng\u00e9sz\u0151be a megb\u00edzhat\u00f3, ismert \u00e1ruh\u00e1z pontos c\u00edm\u00e9t. V\u00e1s\u00e1rl\u00e1s el\u0151tt ellen\u0151rizz\u00fck a &#8222;https:\u2026&#8221; protokollt \u00e9s a lakat ikont a c\u00edmsorban.<\/li>\n<\/ul>\n\n\n\n<h2 class=\"wp-block-heading\">A FOMO-hat\u00e1s: A &#8222;lemarad\u00e1s&#8221; pszichol\u00f3gi\u00e1ja<\/h2>\n\n\n\n<ul>\n<li>A FOMO (Fear Of Missing Out), vagyis a &#8222;f\u00e9lelem, hogy lemaradunk valamir\u0151l&#8221; az egyik leger\u0151sebb pszichol\u00f3giai hajt\u00f3er\u0151. A keresked\u0151k \u00e1ltal haszn\u00e1lt &#8222;M\u00e1r csak 3 darab maradt!&#8221; vagy &#8222;Az aj\u00e1nlat 10 perc m\u00falva lej\u00e1r!&#8221; jelz\u00e9sek pontosan ezt az \u00e9rz\u00e9st c\u00e9lozz\u00e1k.<\/li>\n\n\n\n<li>A csapda: A s\u00fcrget\u00e9s hat\u00e1s\u00e1ra kikapcsol a racion\u00e1lis m\u00e9rlegel\u00e9s. Nem az\u00e9rt vessz\u00fck meg a term\u00e9ket, mert sz\u00fcks\u00e9g\u00fcnk van r\u00e1, hanem mert p\u00e1nikba es\u00fcnk, hogy elszalasztunk egy &#8222;soha vissza nem t\u00e9r\u0151&#8221; alkalmat. Ez gyakran vezet impulzusv\u00e1s\u00e1rl\u00e1shoz \u00e9s k\u00e9s\u0151bbi megb\u00e1n\u00e1shoz.<\/li>\n\n\n\n<li>A v\u00e9dekez\u00e9s: Ha \u00e9rezz\u00fck a s\u00fcrget\u00e9st, \u00e1lljunk meg egy pillanatra. Tegy\u00fck fel a k\u00e9rd\u00e9st: &#8222;Tegnap is sz\u00fcks\u00e9gem lett volna erre a term\u00e9kre? Egy h\u00e9t m\u00falva is \u00f6r\u00fclni fogok neki?&#8221; Ha egy term\u00e9kre val\u00f3ban sz\u00fcks\u00e9g\u00fcnk van, az <a href=\"https:\/\/www.mediamarkt.hu\/hu\/campaign\/promocioink\">akci\u00f3<\/a> nagyszer\u0171 lehet\u0151s\u00e9g, de ne hagyjuk, hogy a s\u00fcrget\u00e9s d\u00f6nts\u00f6n helyett\u00fcnk.<\/li>\n<\/ul>\n\n\n\n<h2 class=\"wp-block-heading\">A &#8222;megtakar\u00edt\u00e1s&#8221; ill\u00fazi\u00f3ja: amikor a k\u00f6lt\u00e9s sp\u00f3rol\u00e1snak t\u0171nik<\/h2>\n\n\n\n<p>Black Friday idej\u00e9n hajlamosak vagyunk a f\u00f3kuszt \u00e1thelyezni. Nem a kiadott \u00f6sszegre, hanem a &#8222;megsp\u00f3rolt&#8221; \u00f6sszegre koncentr\u00e1lunk.<\/p>\n\n\n\n<ul>\n<li>A csapda: Megvesz\u00fcnk egy 300.000 Ft-os term\u00e9ket 200.000 Ft-\u00e9rt, \u00e9s \u00fagy \u00e9rezz\u00fck, &#8222;sp\u00f3roltunk&#8221; 100.000 Ft-ot. A val\u00f3s\u00e1gban azonban az, hogy k\u00f6lt\u00f6tt\u00fcnk 200.000 Ft-ot. Ha eredetileg nem tervezt\u00fck ezt a kiad\u00e1st, \u00e9s val\u00f3j\u00e1ban nincs is r\u00e1 \u00e9get\u0151 sz\u00fcks\u00e9g\u00fcnk, akkor nem sp\u00f3roltunk, hanem a k\u00f6lts\u00e9gvet\u00e9s\u00fcnket terhelt\u00fck meg.<\/li>\n\n\n\n<li>A v\u00e9dekez\u00e9s: Tartsuk szem el\u0151tt a val\u00f3di ig\u00e9nyeinket. Az akci\u00f3 akkor \u00e9ri meg igaz\u00e1n, ha olyasmit szerz\u00fcnk be kedvezm\u00e9nyesen, amire egy\u00e9bk\u00e9nt is gy\u0171jt\u00f6tt\u00fcnk vagy amit m\u00e1r r\u00e9g\u00f3ta tervezt\u00fcnk lecser\u00e9lni. Ne a kedvezm\u00e9ny m\u00e9rt\u00e9ke legyen a f\u0151 motiv\u00e1ci\u00f3, hanem a term\u00e9k val\u00f3s haszna a mindennapjainkban.<\/li>\n<\/ul>\n\n\n\n<h2 class=\"wp-block-heading\">A p\u00e9nz\u00fcgyi m\u00e1snaposs\u00e1g: a hitelkeretek \u00e9s a &#8222;majd kifizetem&#8221;<\/h2>\n\n\n\n<p>Az akci\u00f3k hev\u00e9ben k\u00f6nny\u0171 t\u00fall\u00e9pni az el\u0151re eltervezett keretet. &#8222;Csak m\u00e9g ezt az egyet&#8230;&#8221; \u2013 \u00e9s a v\u00e9g\u00f6sszeg m\u00e1ris magasabb a tervezettn\u00e9l. Ilyenkor j\u00f6nnek k\u00e9pbe a hitelk\u00e1rty\u00e1k, \u00e1ruhitelek.<\/p>\n\n\n\n<ul>\n<li>A csapda: Egy &#8222;0% THM&#8221; aj\u00e1nlat cs\u00e1b\u00edt\u00f3 lehet, de hajlamosak vagyunk elfelejteni, hogy azt is fizetni kell. T\u00f6bb kisebb r\u00e9szlet felhalmoz\u00e1sa komoly p\u00e9nz\u00fcgyi terhet r\u00f3hat r\u00e1nk a k\u00f6vetkez\u0151 h\u00f3napokban, pont az \u00fcnnepek k\u00f6r\u00fcli id\u0151szakban.<\/li>\n\n\n\n<li>A v\u00e9dekez\u00e9s: M\u00e9g a v\u00e1s\u00e1rl\u00e1s el\u0151tt hat\u00e1rozzuk meg a maxim\u00e1lis keretet, amit erre a napra sz\u00e1nunk, \u00e9s tartsuk magunkat ehhez. Ha hitelt vesz\u00fcnk ig\u00e9nybe, pontosan olvassuk el a felt\u00e9teleket, \u00e9s csak akkor tegy\u00fck, ha biztosak vagyunk benne, hogy a havi t\u00f6rleszt\u00e9s k\u00e9nyelmesen belef\u00e9r a b\u00fcdzs\u00e9be.<\/li>\n<\/ul>\n\n\n\n<h2 class=\"wp-block-heading\">A logisztikai \u00fatveszt\u0151: sz\u00e1ll\u00edt\u00e1s \u00e9s garancia<\/h2>\n\n\n\n<p>Megvan a term\u00e9k, a fizet\u00e9s sikeres \u2013 de a folyamat itt nem \u00e9r v\u00e9get. Black Friday ut\u00e1n a fut\u00e1rszolg\u00e1latok \u00e9s az \u00fcgyf\u00e9lszolg\u00e1latok terhelts\u00e9ge az egekbe sz\u00f6kik.<\/p>\n\n\n\n<ul>\n<li>A csapda: Egy ismeretlen, &#8222;t\u00fal olcs\u00f3&#8221; webshopb\u00f3l rendelve el\u0151fordulhat, hogy a term\u00e9k sosem \u00e9rkezik meg, vagy heteket k\u00e9sik. M\u00e9g nagyobb gond, ha a term\u00e9k hib\u00e1s, de a garanci\u00e1lis \u00fcgyint\u00e9z\u00e9s el\u00e9rhetetlen, az \u00fcgyf\u00e9lszolg\u00e1lat nem v\u00e1laszol, vagy a visszak\u00fcld\u00e9s felt\u00e9telei nem egy\u00e9rtelm\u0171ek.<\/li>\n\n\n\n<li>A v\u00e9dekez\u00e9s: R\u00e9szes\u00edts\u00fck el\u0151nyben a megb\u00edzhat\u00f3, nagy m\u00falt\u00fa keresked\u0151ket, ahol biztosak lehet\u00fcnk benne, hogy van el\u00e9rhet\u0151, magyar nyelv\u0171 \u00fcgyf\u00e9lszolg\u00e1lat, \u00e9s az esetleges garanci\u00e1lis probl\u00e9m\u00e1kat is profin kezelik. A nyugodt v\u00e1s\u00e1rl\u00e1s ut\u00e1ni id\u0151szak legal\u00e1bb annyira fontos, mint maga az akci\u00f3s \u00e1r.<\/li>\n<\/ul>\n\n\n\n<p>A Black Friday egy lehet\u0151s\u00e9g, nem pedig k\u00f6telez\u0151 hadj\u00e1rat. Ha higgadtan, felk\u00e9sz\u00fclten \u00e9s a biztons\u00e1gi kock\u00e1zatokat szem el\u0151tt tartva navig\u00e1lunk az aj\u00e1nlatok k\u00f6z\u00f6tt, akkor ez az id\u0151szak val\u00f3ban az okos d\u00f6nt\u00e9sekr\u0151l \u00e9s a j\u00f3l meg\u00e9rdemelt \u00faj szerzem\u00e9nyek \u00f6r\u00f6m\u00e9r\u0151l sz\u00f3lhat.<\/p>\n","protected":false},"excerpt":{"rendered":"A Black Friday nemcsak a hatalmas kedvezm\u00e9nyekr\u0151l sz\u00f3l, hanem rejtett csapd\u00e1kr\u00f3l is, amikbe k\u00f6nny\u0171 beles\u00e9t\u00e1lni. Kiberbiztons\u00e1gi tr\u00fckk\u00f6k, FOMO-hat\u00e1s, \u201emegtakar\u00edt\u00e1snak\u201d \u00e1lc\u00e1zott t\u00falk\u00f6lt\u00e9s, hitelcsapd\u00e1k \u00e9s megb\u00edzhatatlan webshopok \u2013 mind elronthatj\u00e1k az \u00fcnnepi szezont. Ismerd meg az 5 leggyakoribb hib\u00e1t, \u00e9s v\u00e1s\u00e1rolj tudatosan, biztons\u00e1gosan \u00e9s stresszmentesen az akci\u00f3k forgatag\u00e1ban!","protected":false},"author":36,"featured_media":25676,"comment_status":"open","ping_status":"open","sticky":false,"template":"","format":"standard","meta":{"wprm-recipe-roundup-name":"","wprm-recipe-roundup-description":"","footnotes":""},"categories":[1,2107],"tags":[2247],"yoast_head":"<!-- This site is optimized with the Yoast SEO plugin v22.9 - https:\/\/yoast.com\/wordpress\/plugins\/seo\/ -->\n<title>Okosan a Black Friday forgatag\u00e1ban<\/title>\n<meta name=\"description\" content=\"A Black Friday az \u00e9v egyik legjobban v\u00e1rt v\u00e1s\u00e1rl\u00e1si esem\u00e9nye. V\u00e1s\u00e1rolj tudatosan, hogy a november v\u00e9ge az okos megtakar\u00edt\u00e1sokr\u00f3l sz\u00f3ljon.\" \/>\n<meta name=\"robots\" content=\"index, follow, max-snippet:-1, max-image-preview:large, max-video-preview:-1\" \/>\n<link rel=\"canonical\" href=\"https:\/\/hir.mediamarkt.hu\/magazin\/okosan-a-black-friday-forgatagaban-5-csapda\/\" \/>\n<meta property=\"og:locale\" content=\"hu_HU\" \/>\n<meta property=\"og:type\" content=\"article\" \/>\n<meta property=\"og:title\" content=\"Okosan a Black Friday forgatag\u00e1ban\" \/>\n<meta property=\"og:description\" content=\"A Black Friday az \u00e9v egyik legjobban v\u00e1rt v\u00e1s\u00e1rl\u00e1si esem\u00e9nye. V\u00e1s\u00e1rolj tudatosan, hogy a november v\u00e9ge az okos megtakar\u00edt\u00e1sokr\u00f3l sz\u00f3ljon.\" \/>\n<meta property=\"og:url\" content=\"https:\/\/hir.mediamarkt.hu\/magazin\/okosan-a-black-friday-forgatagaban-5-csapda\/\" \/>\n<meta property=\"og:site_name\" content=\"MediaMarkt Magazin\" \/>\n<meta property=\"article:publisher\" content=\"https:\/\/www.facebook.com\/MediaMarktMagyarorszag\" \/>\n<meta property=\"article:published_time\" content=\"2025-11-06T12:11:21+00:00\" \/>\n<meta property=\"article:modified_time\" content=\"2025-11-06T12:33:53+00:00\" \/>\n<meta property=\"og:image\" content=\"https:\/\/hir.mediamarkt.hu\/magazin\/wp-content\/uploads\/2025\/10\/AdobeStock_375903447.jpeg\" \/>\n\t<meta property=\"og:image:width\" content=\"1440\" \/>\n\t<meta property=\"og:image:height\" content=\"720\" \/>\n\t<meta property=\"og:image:type\" content=\"image\/jpeg\" \/>\n<meta name=\"author\" content=\"RP\" \/>\n<meta name=\"twitter:label1\" content=\"Szerz\u0151:\" \/>\n\t<meta name=\"twitter:data1\" content=\"RP\" \/>\n\t<meta name=\"twitter:label2\" content=\"Becs\u00fclt olvas\u00e1si id\u0151\" \/>\n\t<meta name=\"twitter:data2\" content=\"5 perc\" \/>\n<script type=\"application\/ld+json\" class=\"yoast-schema-graph\">{\"@context\":\"https:\/\/schema.org\",\"@graph\":[{\"@type\":\"WebPage\",\"@id\":\"https:\/\/hir.mediamarkt.hu\/magazin\/okosan-a-black-friday-forgatagaban-5-csapda\/\",\"url\":\"https:\/\/hir.mediamarkt.hu\/magazin\/okosan-a-black-friday-forgatagaban-5-csapda\/\",\"name\":\"Okosan a Black Friday forgatag\u00e1ban\",\"isPartOf\":{\"@id\":\"https:\/\/hir.mediamarkt.hu\/magazin\/#website\"},\"primaryImageOfPage\":{\"@id\":\"https:\/\/hir.mediamarkt.hu\/magazin\/okosan-a-black-friday-forgatagaban-5-csapda\/#primaryimage\"},\"image\":{\"@id\":\"https:\/\/hir.mediamarkt.hu\/magazin\/okosan-a-black-friday-forgatagaban-5-csapda\/#primaryimage\"},\"thumbnailUrl\":\"https:\/\/hir.mediamarkt.hu\/magazin\/wp-content\/uploads\/2025\/10\/AdobeStock_375903447.jpeg\",\"datePublished\":\"2025-11-06T12:11:21+00:00\",\"dateModified\":\"2025-11-06T12:33:53+00:00\",\"author\":{\"@id\":\"https:\/\/hir.mediamarkt.hu\/magazin\/#\/schema\/person\/711246928a6c0cb5f464f817a6519bd6\"},\"description\":\"A Black Friday az \u00e9v egyik legjobban v\u00e1rt v\u00e1s\u00e1rl\u00e1si esem\u00e9nye. V\u00e1s\u00e1rolj tudatosan, hogy a november v\u00e9ge az okos megtakar\u00edt\u00e1sokr\u00f3l sz\u00f3ljon.\",\"breadcrumb\":{\"@id\":\"https:\/\/hir.mediamarkt.hu\/magazin\/okosan-a-black-friday-forgatagaban-5-csapda\/#breadcrumb\"},\"inLanguage\":\"hu\",\"potentialAction\":[{\"@type\":\"ReadAction\",\"target\":[\"https:\/\/hir.mediamarkt.hu\/magazin\/okosan-a-black-friday-forgatagaban-5-csapda\/\"]}]},{\"@type\":\"ImageObject\",\"inLanguage\":\"hu\",\"@id\":\"https:\/\/hir.mediamarkt.hu\/magazin\/okosan-a-black-friday-forgatagaban-5-csapda\/#primaryimage\",\"url\":\"https:\/\/hir.mediamarkt.hu\/magazin\/wp-content\/uploads\/2025\/10\/AdobeStock_375903447.jpeg\",\"contentUrl\":\"https:\/\/hir.mediamarkt.hu\/magazin\/wp-content\/uploads\/2025\/10\/AdobeStock_375903447.jpeg\",\"width\":1440,\"height\":720},{\"@type\":\"BreadcrumbList\",\"@id\":\"https:\/\/hir.mediamarkt.hu\/magazin\/okosan-a-black-friday-forgatagaban-5-csapda\/#breadcrumb\",\"itemListElement\":[{\"@type\":\"ListItem\",\"position\":1,\"name\":\"Kezd\u0151lap\",\"item\":\"https:\/\/hir.mediamarkt.hu\/magazin\/\"},{\"@type\":\"ListItem\",\"position\":2,\"name\":\"Egy\u00e9b\",\"item\":\"https:\/\/hir.mediamarkt.hu\/magazin\/egyeb\/\"},{\"@type\":\"ListItem\",\"position\":3,\"name\":\"Okosan a Black Friday forgatag\u00e1ban: 5 csapda, amire nem is gondoln\u00e1l\"}]},{\"@type\":\"WebSite\",\"@id\":\"https:\/\/hir.mediamarkt.hu\/magazin\/#website\",\"url\":\"https:\/\/hir.mediamarkt.hu\/magazin\/\",\"name\":\"MediaMarkt Magazin\",\"description\":\"Olvass bele magazinunkba!\",\"potentialAction\":[{\"@type\":\"SearchAction\",\"target\":{\"@type\":\"EntryPoint\",\"urlTemplate\":\"https:\/\/hir.mediamarkt.hu\/magazin\/?s={search_term_string}\"},\"query-input\":\"required name=search_term_string\"}],\"inLanguage\":\"hu\"},{\"@type\":\"Person\",\"@id\":\"https:\/\/hir.mediamarkt.hu\/magazin\/#\/schema\/person\/711246928a6c0cb5f464f817a6519bd6\",\"name\":\"RP\",\"image\":{\"@type\":\"ImageObject\",\"inLanguage\":\"hu\",\"@id\":\"https:\/\/hir.mediamarkt.hu\/magazin\/#\/schema\/person\/image\/\",\"url\":\"https:\/\/secure.gravatar.com\/avatar\/488039740d5698a5dcd0b8249c9e4cfb?s=96&d=mm&r=g\",\"contentUrl\":\"https:\/\/secure.gravatar.com\/avatar\/488039740d5698a5dcd0b8249c9e4cfb?s=96&d=mm&r=g\",\"caption\":\"RP\"}}]}<\/script>\n<!-- \/ Yoast SEO plugin. -->","yoast_head_json":{"title":"Okosan a Black Friday forgatag\u00e1ban","description":"A Black Friday az \u00e9v egyik legjobban v\u00e1rt v\u00e1s\u00e1rl\u00e1si esem\u00e9nye. V\u00e1s\u00e1rolj tudatosan, hogy a november v\u00e9ge az okos megtakar\u00edt\u00e1sokr\u00f3l sz\u00f3ljon.","robots":{"index":"index","follow":"follow","max-snippet":"max-snippet:-1","max-image-preview":"max-image-preview:large","max-video-preview":"max-video-preview:-1"},"canonical":"https:\/\/hir.mediamarkt.hu\/magazin\/okosan-a-black-friday-forgatagaban-5-csapda\/","og_locale":"hu_HU","og_type":"article","og_title":"Okosan a Black Friday forgatag\u00e1ban","og_description":"A Black Friday az \u00e9v egyik legjobban v\u00e1rt v\u00e1s\u00e1rl\u00e1si esem\u00e9nye. V\u00e1s\u00e1rolj tudatosan, hogy a november v\u00e9ge az okos megtakar\u00edt\u00e1sokr\u00f3l sz\u00f3ljon.","og_url":"https:\/\/hir.mediamarkt.hu\/magazin\/okosan-a-black-friday-forgatagaban-5-csapda\/","og_site_name":"MediaMarkt Magazin","article_publisher":"https:\/\/www.facebook.com\/MediaMarktMagyarorszag","article_published_time":"2025-11-06T12:11:21+00:00","article_modified_time":"2025-11-06T12:33:53+00:00","og_image":[{"width":1440,"height":720,"url":"https:\/\/hir.mediamarkt.hu\/magazin\/wp-content\/uploads\/2025\/10\/AdobeStock_375903447.jpeg","type":"image\/jpeg"}],"author":"RP","twitter_misc":{"Szerz\u0151:":"RP","Becs\u00fclt olvas\u00e1si id\u0151":"5 perc"},"schema":{"@context":"https:\/\/schema.org","@graph":[{"@type":"WebPage","@id":"https:\/\/hir.mediamarkt.hu\/magazin\/okosan-a-black-friday-forgatagaban-5-csapda\/","url":"https:\/\/hir.mediamarkt.hu\/magazin\/okosan-a-black-friday-forgatagaban-5-csapda\/","name":"Okosan a Black Friday forgatag\u00e1ban","isPartOf":{"@id":"https:\/\/hir.mediamarkt.hu\/magazin\/#website"},"primaryImageOfPage":{"@id":"https:\/\/hir.mediamarkt.hu\/magazin\/okosan-a-black-friday-forgatagaban-5-csapda\/#primaryimage"},"image":{"@id":"https:\/\/hir.mediamarkt.hu\/magazin\/okosan-a-black-friday-forgatagaban-5-csapda\/#primaryimage"},"thumbnailUrl":"https:\/\/hir.mediamarkt.hu\/magazin\/wp-content\/uploads\/2025\/10\/AdobeStock_375903447.jpeg","datePublished":"2025-11-06T12:11:21+00:00","dateModified":"2025-11-06T12:33:53+00:00","author":{"@id":"https:\/\/hir.mediamarkt.hu\/magazin\/#\/schema\/person\/711246928a6c0cb5f464f817a6519bd6"},"description":"A Black Friday az \u00e9v egyik legjobban v\u00e1rt v\u00e1s\u00e1rl\u00e1si esem\u00e9nye. V\u00e1s\u00e1rolj tudatosan, hogy a november v\u00e9ge az okos megtakar\u00edt\u00e1sokr\u00f3l sz\u00f3ljon.","breadcrumb":{"@id":"https:\/\/hir.mediamarkt.hu\/magazin\/okosan-a-black-friday-forgatagaban-5-csapda\/#breadcrumb"},"inLanguage":"hu","potentialAction":[{"@type":"ReadAction","target":["https:\/\/hir.mediamarkt.hu\/magazin\/okosan-a-black-friday-forgatagaban-5-csapda\/"]}]},{"@type":"ImageObject","inLanguage":"hu","@id":"https:\/\/hir.mediamarkt.hu\/magazin\/okosan-a-black-friday-forgatagaban-5-csapda\/#primaryimage","url":"https:\/\/hir.mediamarkt.hu\/magazin\/wp-content\/uploads\/2025\/10\/AdobeStock_375903447.jpeg","contentUrl":"https:\/\/hir.mediamarkt.hu\/magazin\/wp-content\/uploads\/2025\/10\/AdobeStock_375903447.jpeg","width":1440,"height":720},{"@type":"BreadcrumbList","@id":"https:\/\/hir.mediamarkt.hu\/magazin\/okosan-a-black-friday-forgatagaban-5-csapda\/#breadcrumb","itemListElement":[{"@type":"ListItem","position":1,"name":"Kezd\u0151lap","item":"https:\/\/hir.mediamarkt.hu\/magazin\/"},{"@type":"ListItem","position":2,"name":"Egy\u00e9b","item":"https:\/\/hir.mediamarkt.hu\/magazin\/egyeb\/"},{"@type":"ListItem","position":3,"name":"Okosan a Black Friday forgatag\u00e1ban: 5 csapda, amire nem is gondoln\u00e1l"}]},{"@type":"WebSite","@id":"https:\/\/hir.mediamarkt.hu\/magazin\/#website","url":"https:\/\/hir.mediamarkt.hu\/magazin\/","name":"MediaMarkt Magazin","description":"Olvass bele magazinunkba!","potentialAction":[{"@type":"SearchAction","target":{"@type":"EntryPoint","urlTemplate":"https:\/\/hir.mediamarkt.hu\/magazin\/?s={search_term_string}"},"query-input":"required name=search_term_string"}],"inLanguage":"hu"},{"@type":"Person","@id":"https:\/\/hir.mediamarkt.hu\/magazin\/#\/schema\/person\/711246928a6c0cb5f464f817a6519bd6","name":"RP","image":{"@type":"ImageObject","inLanguage":"hu","@id":"https:\/\/hir.mediamarkt.hu\/magazin\/#\/schema\/person\/image\/","url":"https:\/\/secure.gravatar.com\/avatar\/488039740d5698a5dcd0b8249c9e4cfb?s=96&d=mm&r=g","contentUrl":"https:\/\/secure.gravatar.com\/avatar\/488039740d5698a5dcd0b8249c9e4cfb?s=96&d=mm&r=g","caption":"RP"}}]}},"_links":{"self":[{"href":"https:\/\/hir.mediamarkt.hu\/magazin\/wp-json\/wp\/v2\/posts\/25593"}],"collection":[{"href":"https:\/\/hir.mediamarkt.hu\/magazin\/wp-json\/wp\/v2\/posts"}],"about":[{"href":"https:\/\/hir.mediamarkt.hu\/magazin\/wp-json\/wp\/v2\/types\/post"}],"author":[{"embeddable":true,"href":"https:\/\/hir.mediamarkt.hu\/magazin\/wp-json\/wp\/v2\/users\/36"}],"replies":[{"embeddable":true,"href":"https:\/\/hir.mediamarkt.hu\/magazin\/wp-json\/wp\/v2\/comments?post=25593"}],"version-history":[{"count":7,"href":"https:\/\/hir.mediamarkt.hu\/magazin\/wp-json\/wp\/v2\/posts\/25593\/revisions"}],"predecessor-version":[{"id":25679,"href":"https:\/\/hir.mediamarkt.hu\/magazin\/wp-json\/wp\/v2\/posts\/25593\/revisions\/25679"}],"wp:featuredmedia":[{"embeddable":true,"href":"https:\/\/hir.mediamarkt.hu\/magazin\/wp-json\/wp\/v2\/media\/25676"}],"wp:attachment":[{"href":"https:\/\/hir.mediamarkt.hu\/magazin\/wp-json\/wp\/v2\/media?parent=25593"}],"wp:term":[{"taxonomy":"category","embeddable":true,"href":"https:\/\/hir.mediamarkt.hu\/magazin\/wp-json\/wp\/v2\/categories?post=25593"},{"taxonomy":"post_tag","embeddable":true,"href":"https:\/\/hir.mediamarkt.hu\/magazin\/wp-json\/wp\/v2\/tags?post=25593"}],"curies":[{"name":"wp","href":"https:\/\/api.w.org\/{rel}","templated":true}]}}