{"id":25807,"date":"2026-03-12T12:20:13","date_gmt":"2026-03-12T11:20:13","guid":{"rendered":"https:\/\/hir.mediamarkt.hu\/magazin\/?p=25807"},"modified":"2026-03-26T13:06:06","modified_gmt":"2026-03-26T12:06:06","slug":"garmin-fenix-8-pro-teszt-nem-csak-ora-muholdas-kommunikator","status":"publish","type":"post","link":"https:\/\/hir.mediamarkt.hu\/magazin\/garmin-fenix-8-pro-teszt-nem-csak-ora-muholdas-kommunikator\/","title":{"rendered":"Garmin Fenix 8 Pro teszt: nem csak \u00f3ra, m\u0171holdas kommunik\u00e1tor"},"content":{"rendered":"\n<p>Meg\u00e9rkezett a<a href=\"https:\/\/www.mediamarkt.hu\/hu\/product\/_garmin-fenix-8-pro-okosora-amoled-47mm-fekete-titan-karbonszurke-szilikon-szijjal-1498393.html\" target=\"_blank\" rel=\"noreferrer noopener\"> Garmin Fenix 8 Pro<\/a> sport\u00f3ra\/okos\u00f3ra, \u00e9s elhozta mag\u00e1val t\u00f6bbek k\u00f6z\u00f6tt a m\u0171holdas navig\u00e1ci\u00f3t. Vajon a Garmin Fenix 8 Pro t\u00e9nyleg a valaha k\u00e9sz\u00fclt legjobb sport\u00f3ra, vagy csak egy t\u00fal\u00e1razott st\u00e1tuszszimb\u00f3lum? Kipr\u00f3b\u00e1ltuk a 47 mm-es AMOLED verzi\u00f3t.<\/p>\n\n\n\n<p>A <a href=\"https:\/\/www.mediamarkt.hu\/hu\/product\/_garmin-fenix-8-okos%C3%B3ra-amoled-47-mm-s%C3%B6t%C3%A9tsz%C3%BCrke-fekete-szilikon-sz%C3%ADjjal-010-02904-00-1466195.html\" target=\"_blank\" rel=\"noreferrer noopener\">Garmin Fenix 8<\/a> megjelen\u00e9sekor sokan hi\u00e1nyolt\u00e1k az igaz\u00e1n \u00e1t\u00fct\u0151 technol\u00f3giai ugr\u00e1st, de az \u00fajonnan piacra dobott Fenix 8 Pro v\u00e9gre bet\u00f6mte a lyukakat. A pletyk\u00e1k igaznak bizonyultak: a gy\u00e1rt\u00f3 nemcsak a kijelz\u0151n csiszolt, de \u00fajnak sz\u00e1m\u00edt\u00f3 kommunik\u00e1ci\u00f3s lehet\u0151s\u00e9geket kapott, ezzel egy teljesen \u00faj kateg\u00f3ri\u00e1t teremtve a piacon. L\u00e1ssuk, mit tud \u00e9lesben a 47 mm-es modell!<\/p>\n\n\n\n<h2 class=\"wp-block-heading\">Ismer\u0151s, de kifinomultabb k\u00fcls\u0151<\/h2>\n\n\n\n<p>A <a href=\"https:\/\/www.mediamarkt.hu\/hu\/product\/_garmin-fenix-8-pro-okosora-amoled-47mm-fekete-titan-karbonszurke-szilikon-szijjal-1498393.html\" target=\"_blank\" rel=\"noreferrer noopener\">Fenix 8 Pro 47 mm-es v\u00e1ltozata<\/a> els\u0151 r\u00e1n\u00e9z\u00e9sre a klasszikus Fenix-vonalat k\u00f6veti, mondhatni minim\u00e1lis csiszol\u00e1sok t\u00f6rt\u00e9ntek csak a k\u00fcls\u0151n az el\u0151z\u0151 gener\u00e1ci\u00f3khoz k\u00e9pest. Az \u00f3ratok tov\u00e1bbra is a j\u00f3l bev\u00e1lt sz\u00e1ler\u0151s\u00edtett polimerb\u0151l k\u00e9sz\u00fclt, amelyet a Pro modellekn\u00e9l imm\u00e1r alap\u00e9rtelmezetten tit\u00e1n l\u00fcnetta \u00e9s h\u00e1tlap eg\u00e9sz\u00edt ki. Ez a v\u00e1laszt\u00e1s nemcsak a pr\u00e9mium \u00e9rzetet er\u0151s\u00edti, hanem a s\u00falyt is kord\u00e1ban tartja, \u00edgy a robusztus k\u00fcls\u0151 ellen\u00e9re sem h\u00fazza a csukl\u00f3t fut\u00e1s k\u00f6zben. Az \u00f3ra test 52 grammos, a szilikon sz\u00edjjal egy\u00fctt 73 gramm a t\u00f6mege. A Garmin a k\u00fcl\u00f6nb\u00f6z\u0151 kiviteleket elt\u00e9r\u0151 sz\u00edn\u0171 k\u00e9sz\u00fcl\u00e9kh\u00e1zakkal jel\u00f6li, az \u201c<em>alap<\/em>\u201d Fenix 8 Pro eset\u00e9n ez egy ez\u00fcst f\u00e9m elemeket \u00e9s sz\u00fcrke kompozit r\u00e9szeket, illetve szilikon sz\u00edjat jelent.<\/p>\n\n\n\n<p>A gombok mechanik\u00e1ja hat\u00e1rozottabb lett, \u00e9s megkapt\u00e1k az indukt\u00edv \u00e9rz\u00e9kel\u0151ket, ami v\u00edz alatt j\u00f6n j\u00f3l. Ez a technol\u00f3gia lehet\u0151v\u00e9 teszi, hogy a gombok fizikai \u00e1tt\u00f6r\u00e9s n\u00e9lk\u00fcl \u00e9rz\u00e9kelj\u00e9k a nyom\u00e1st, \u00edgy v\u00edz alatt \u2013 ak\u00e1r 40 m\u00e9teres m\u00e9lys\u00e9gig b\u00fav\u00e1rkodva \u2013 is teljes biztons\u00e1ggal haszn\u00e1lhat\u00f3k an\u00e9lk\u00fcl, hogy a v\u00edz\u00e1ll\u00f3s\u00e1g s\u00e9r\u00fclne. A tok oldal\u00e1ba integr\u00e1lt LED zsebl\u00e1mpa f\u00e9nyereje is n\u0151tt, ami a hajnali fut\u00e1sokn\u00e1l vagy s\u00f6t\u00e9tben keresg\u00e9l\u00e9sn\u00e9l tesz \u00f3ri\u00e1si szolg\u00e1latot. A zsebl\u00e1mpa a bal fels\u0151 gomb dupla megnyom\u00e1s\u00e1val kapcsolhat\u00f3, a feh\u00e9r f\u00e9ny h\u00e1rom er\u0151ss\u00e9ggel \u00e1ll\u00edthat\u00f3, illetve van egy piros sz\u00edn\u0171 f\u00e9ny is. A fix vil\u00e1g\u00edt\u00e1s mellett be\u00e1ll\u00edthat\u00f3 ak\u00e1r SOS jelz\u00e9s morze k\u00f3dj\u00e1nak villog\u00e1sa, de lehet fut\u00e1s k\u00f6zben l\u00e9p\u00e9s \u00fctemre villog\u00e1st megadni.<\/p>\n\n\n<div class=\"wp-block-image\">\n<figure class=\"aligncenter size-full\"><img loading=\"lazy\" decoding=\"async\" width=\"1200\" height=\"960\" src=\"https:\/\/hir.mediamarkt.hu\/magazin\/wp-content\/uploads\/2026\/02\/garmin-fenix-8-pro-teszt-13.jpg\" alt=\"Garmin Fenix 8 Pro teszt: nem csak \u00f3ra, m\u0171holdas kommunik\u00e1tor\" class=\"wp-image-25812\" srcset=\"https:\/\/hir.mediamarkt.hu\/magazin\/wp-content\/uploads\/2026\/02\/garmin-fenix-8-pro-teszt-13.jpg 1200w, https:\/\/hir.mediamarkt.hu\/magazin\/wp-content\/uploads\/2026\/02\/garmin-fenix-8-pro-teszt-13-250x200.jpg 250w, https:\/\/hir.mediamarkt.hu\/magazin\/wp-content\/uploads\/2026\/02\/garmin-fenix-8-pro-teszt-13-700x560.jpg 700w, https:\/\/hir.mediamarkt.hu\/magazin\/wp-content\/uploads\/2026\/02\/garmin-fenix-8-pro-teszt-13-275x220.jpg 275w, https:\/\/hir.mediamarkt.hu\/magazin\/wp-content\/uploads\/2026\/02\/garmin-fenix-8-pro-teszt-13-768x614.jpg 768w, https:\/\/hir.mediamarkt.hu\/magazin\/wp-content\/uploads\/2026\/02\/garmin-fenix-8-pro-teszt-13-120x96.jpg 120w\" sizes=\"(max-width: 1200px) 100vw, 1200px\" \/><figcaption class=\"wp-element-caption\">T\u00f6bb szinten \u00e1ll\u00edthat\u00f3 feh\u00e9r jelz\u0151f\u00e9ny, pirossal kieg\u00e9sz\u00edtve<\/figcaption><\/figure><\/div>\n\n\n<h2 class=\"wp-block-heading\">M\u00e9g f\u00e9nyesebb AMOLED kijelz\u0151<\/h2>\n\n\n\n<p>M\u00edg a sorozat legnagyobb, 51 mm-es tagja k\u00e9t opci\u00f3t kapott, a 2000 NIT-es AMOLED mellett az \u00faj 4500 NIT-es MicroLED technol\u00f3gi\u00e1val is megvehet\u0151 (els\u0151k\u00e9nt az \u00f3r\u00e1k piacon), a 47 mm-es <a href=\"https:\/\/www.mediamarkt.hu\/hu\/product\/_garmin-fenix-8-pro-okosora-amoled-51mm-fekete-titan-karbonszurke-szilikon-szijjal-1498394.html\" target=\"_blank\" rel=\"noreferrer noopener\">Fenix 8 Pro<\/a> a m\u00e1r bizony\u00edtott AMOLED kijelz\u0151 t\u00f6k\u00e9letes\u00edtett v\u00e1ltozat\u00e1val \u00e9rkezett. A panel f\u00e9nyereje jelent\u0151sen n\u00f6vekedett az el\u0151dh\u00f6z k\u00e9pest, \u00edgy a kor\u00e1bbi kritik\u00e1kra r\u00e1c\u00e1folva m\u00e9g t\u0171z\u0151 napon, d\u00e9li fut\u00e1s k\u00f6zben is kompromisszumok n\u00e9lk\u00fcl olvashat\u00f3k az adatok.  Hozz\u00e1 kell tenni, hogy a Garmin \u00e1ltal kor\u00e1bban haszn\u00e1lt MIP kijelz\u0151 m\u00e1r nem \u00e9rhet\u0151 el a Fenix 8 Pro sorozatn\u00e1l, ezzel egy\u00fctt a \u201c<a href=\"https:\/\/www.mediamarkt.hu\/hu\/product\/_garmin-fenix-7x-sapphire-solar-okos%C3%B3ra-fekete-fekete-szilikon-sz%C3%ADjjal-gg010-02541-23-1376974.html\" target=\"_blank\" rel=\"noreferrer noopener\">Solar<\/a>\u201d kiad\u00e1s sem, azaz a napelemes akkumul\u00e1tor r\u00e1seg\u00edt\u00e9s sem opci\u00f3 enn\u00e9l az \u00faj gener\u00e1ci\u00f3n\u00e1l.<\/p>\n\n\n<div class=\"wp-block-image\">\n<figure class=\"aligncenter size-large\"><img loading=\"lazy\" decoding=\"async\" width=\"700\" height=\"560\" src=\"https:\/\/hir.mediamarkt.hu\/magazin\/wp-content\/uploads\/2026\/02\/garmin-fenix-8-pro-teszt-8-700x560.jpg\" alt=\"Garmin Fenix 8 Pro teszt: nem csak \u00f3ra, m\u0171holdas kommunik\u00e1tor\" class=\"wp-image-25817\" srcset=\"https:\/\/hir.mediamarkt.hu\/magazin\/wp-content\/uploads\/2026\/02\/garmin-fenix-8-pro-teszt-8-700x560.jpg 700w, https:\/\/hir.mediamarkt.hu\/magazin\/wp-content\/uploads\/2026\/02\/garmin-fenix-8-pro-teszt-8-250x200.jpg 250w, https:\/\/hir.mediamarkt.hu\/magazin\/wp-content\/uploads\/2026\/02\/garmin-fenix-8-pro-teszt-8-275x220.jpg 275w, https:\/\/hir.mediamarkt.hu\/magazin\/wp-content\/uploads\/2026\/02\/garmin-fenix-8-pro-teszt-8-768x614.jpg 768w, https:\/\/hir.mediamarkt.hu\/magazin\/wp-content\/uploads\/2026\/02\/garmin-fenix-8-pro-teszt-8-120x96.jpg 120w, https:\/\/hir.mediamarkt.hu\/magazin\/wp-content\/uploads\/2026\/02\/garmin-fenix-8-pro-teszt-8.jpg 1440w\" sizes=\"(max-width: 700px) 100vw, 700px\" \/><\/figure><\/div>\n\n\n<p>A felbont\u00e1s t\u0171\u00e9les, ami k\u00fcl\u00f6n\u00f6sen a topogr\u00e1fiai t\u00e9rk\u00e9pek b\u00f6ng\u00e9sz\u00e9s\u00e9n\u00e9l ny\u00fajt nagy seg\u00edts\u00e9get, a sz\u00ednek pedig \u00e9l\u00e9nkek \u00e9s kontrasztosak. Az &#8222;Always-on&#8221;, azaz mindig bekapcsolt kijelz\u0151 m\u00f3d energiahat\u00e9konys\u00e1ga is javult, \u00edgy a felhaszn\u00e1l\u00f3knak m\u00e1r nem kell v\u00e1lasztaniuk a l\u00e1tv\u00e1nyos megjelen\u00edt\u00e9s \u00e9s a haszn\u00e1lhat\u00f3 \u00fczemid\u0151 k\u00f6z\u00f6tt.<\/p>\n\n\n<div class=\"wp-block-image\">\n<figure class=\"aligncenter size-full\"><img loading=\"lazy\" decoding=\"async\" width=\"1200\" height=\"960\" src=\"https:\/\/hir.mediamarkt.hu\/magazin\/wp-content\/uploads\/2026\/02\/garmin-fenix-8-pro-teszt-15.jpg\" alt=\"Garmin Fenix 8 Pro teszt: nem csak \u00f3ra, m\u0171holdas kommunik\u00e1tor\" class=\"wp-image-25810\" srcset=\"https:\/\/hir.mediamarkt.hu\/magazin\/wp-content\/uploads\/2026\/02\/garmin-fenix-8-pro-teszt-15.jpg 1200w, https:\/\/hir.mediamarkt.hu\/magazin\/wp-content\/uploads\/2026\/02\/garmin-fenix-8-pro-teszt-15-250x200.jpg 250w, https:\/\/hir.mediamarkt.hu\/magazin\/wp-content\/uploads\/2026\/02\/garmin-fenix-8-pro-teszt-15-700x560.jpg 700w, https:\/\/hir.mediamarkt.hu\/magazin\/wp-content\/uploads\/2026\/02\/garmin-fenix-8-pro-teszt-15-275x220.jpg 275w, https:\/\/hir.mediamarkt.hu\/magazin\/wp-content\/uploads\/2026\/02\/garmin-fenix-8-pro-teszt-15-768x614.jpg 768w, https:\/\/hir.mediamarkt.hu\/magazin\/wp-content\/uploads\/2026\/02\/garmin-fenix-8-pro-teszt-15-120x96.jpg 120w\" sizes=\"(max-width: 1200px) 100vw, 1200px\" \/><figcaption class=\"wp-element-caption\">Kicsit dundibb oldalr\u00f3l a nagyobb akkumul\u00e1ttorral a Fenix 8 Pro<\/figcaption><\/figure><\/div>\n\n\n<h2 class=\"wp-block-heading\">A nagy dob\u00e1s: inReach (\u00e9s r\u00e9szben LTE ) integr\u00e1ci\u00f3<\/h2>\n\n\n\n<p>A <a href=\"https:\/\/www.mediamarkt.hu\/hu\/product\/_garmin-fenix-8-pro-okosora-amoled-51mm-fekete-titan-karbonszurke-szilikon-szijjal-1498394.html\" target=\"_blank\" rel=\"noreferrer noopener\">Fenix 8 Pro <\/a>legnagyobb \u00faj\u00edt\u00e1sa egy\u00e9rtelm\u0171en a kommunik\u00e1ci\u00f3s k\u00e9pess\u00e9gek kiterjeszt\u00e9se, amely alapjaiban v\u00e1ltoztatja meg a sport\u00f3r\u00e1k haszn\u00e1lhat\u00f3s\u00e1g\u00e1t. A modellbe \u00e9p\u00edtett LTE modem lehet\u0151s\u00e9get k\u00edn\u00e1lna a telefonmentes sportol\u00e1sra, van itt azonban egy-k\u00e9t csavar. Szemben a t\u00f6bbi gy\u00e1rt\u00f3val, a Garmin nem eSIM t\u00e1mogat\u00e1st tett az \u00f3r\u00e1ba, hanem egy saj\u00e1t el\u0151fizet\u00e9ses rendszeren kereszt\u00fcl biztos\u00edtana online jelenl\u00e9tet \u00e9s ak\u00e1r h\u00edv\u00e1slebonyol\u00edt\u00e1st az \u00f3r\u00e1n &#8211; ez a szolg\u00e1ltat\u00e1s viszont jelenleg m\u00e9g Magyarorsz\u00e1gon nem \u00e9l, \u00edgy egyel\u0151re nem tudjuk \u201ctelefonk\u00e9nt\u201d haszn\u00e1lni az \u00f3r\u00e1t \u00f6nmag\u00e1ban (a Bluetooth-h\u00edv\u00e1s funkci\u00f3 el\u00e9rhet\u0151, teh\u00e1t ha csatlakoztatva van a telefon, akkor kihangos\u00edt\u00f3k\u00e9nt m\u0171k\u00f6dhet a Fenix 8 Pro).<\/p>\n\n\n<div class=\"wp-block-image\">\n<figure class=\"aligncenter size-full\"><img loading=\"lazy\" decoding=\"async\" width=\"1200\" height=\"960\" src=\"https:\/\/hir.mediamarkt.hu\/magazin\/wp-content\/uploads\/2026\/02\/garmin-fenix-8-pro-teszt-14.jpg\" alt=\"Garmin Fenix 8 Pro teszt: nem csak \u00f3ra, m\u0171holdas kommunik\u00e1tor\" class=\"wp-image-25811\" srcset=\"https:\/\/hir.mediamarkt.hu\/magazin\/wp-content\/uploads\/2026\/02\/garmin-fenix-8-pro-teszt-14.jpg 1200w, https:\/\/hir.mediamarkt.hu\/magazin\/wp-content\/uploads\/2026\/02\/garmin-fenix-8-pro-teszt-14-250x200.jpg 250w, https:\/\/hir.mediamarkt.hu\/magazin\/wp-content\/uploads\/2026\/02\/garmin-fenix-8-pro-teszt-14-700x560.jpg 700w, https:\/\/hir.mediamarkt.hu\/magazin\/wp-content\/uploads\/2026\/02\/garmin-fenix-8-pro-teszt-14-275x220.jpg 275w, https:\/\/hir.mediamarkt.hu\/magazin\/wp-content\/uploads\/2026\/02\/garmin-fenix-8-pro-teszt-14-768x614.jpg 768w, https:\/\/hir.mediamarkt.hu\/magazin\/wp-content\/uploads\/2026\/02\/garmin-fenix-8-pro-teszt-14-120x96.jpg 120w\" sizes=\"(max-width: 1200px) 100vw, 1200px\" \/><figcaption class=\"wp-element-caption\">Az \u00f3ra teste mikrofont \u00e9s hangsz\u00f3r\u00f3t is tartalmaz<\/figcaption><\/figure><\/div>\n\n\n<h2 class=\"wp-block-heading\">Sport \u00e9s eg\u00e9szs\u00e9g<\/h2>\n\n\n\n<p>Az igazi forradalmat azonban a vadonban tapasztalhatjuk meg. A Garmin sikeresen integr\u00e1lta az inReach technol\u00f3gi\u00e1t az \u00f3r\u00e1ba, \u00edgy amikor elhagyjuk a mobilh\u00e1l\u00f3zatok lefedetts\u00e9gi ter\u00fclet\u00e9t, az eszk\u00f6z k\u00e9pes az Skylo m\u0171holdh\u00e1l\u00f3zatra csatlakozni. Ez azt jelenti, hogy t\u00f6bb\u00e9 nem kell k\u00fcl\u00f6n k\u00e9zi kommunik\u00e1tort cipelni: a csukl\u00f3nkr\u00f3l k\u00fcldhet\u00fcnk SOS jelz\u00e9st, oszthatjuk meg a poz\u00edci\u00f3nkat, vagy v\u00e1lthatunk sz\u00f6veges \u00fczeneteket a vil\u00e1g b\u00e1rmely pontj\u00e1r\u00f3l. B\u00e1r a m\u0171holdas adat\u00e1tvitel lassabb, mint a mobilnet, de a funkci\u00f3 \u00e9letment\u0151 lehet egy elt\u00e9ved\u00e9s vagy baleset sor\u00e1n. A m\u0171holdas kommunik\u00e1ci\u00f3 havid\u00edjas el\u0151fizet\u00e9shez k\u00f6t\u00f6tt. Magyarorsz\u00e1g a mobilh\u00e1l\u00f3zat ter\u00e9n nagyon j\u00f3 lefedetts\u00e9ggel rendelkezik, ez\u00e9rt ha n\u00e1lunk a telefon, akkor kev\u00e9s eset lehet amikor j\u00f3l j\u00f6het a m\u0171holdas kommunik\u00e1ci\u00f3, azonban k\u00fclf\u00f6ld\u00f6n nem felt\u00e9tlen\u00fcl j\u00f3 a helyzet ennyire \u00e9s sim\u00e1n elk\u00e9pzelhet\u0151 ak\u00e1r sivatagi t\u00fara, hegyi kalandoz\u00e1s, ahol val\u00f3ban sz\u00fcks\u00e9g lehet a m\u0171holdas k\u00e9pess\u00e9gekre amit a Garmin cs\u00facsmodellje rejt.<\/p>\n\n\n\n<figure class=\"wp-block-gallery has-nested-images columns-default is-cropped wp-block-gallery-2 is-layout-flex wp-block-gallery-is-layout-flex\">\n<figure class=\"wp-block-image size-large\"><img loading=\"lazy\" decoding=\"async\" width=\"700\" height=\"519\" data-id=\"25821\" src=\"https:\/\/hir.mediamarkt.hu\/magazin\/wp-content\/uploads\/2026\/02\/garmin-fenix-8-pro-teszt-4-700x519.jpg\" alt=\"\" class=\"wp-image-25821\" srcset=\"https:\/\/hir.mediamarkt.hu\/magazin\/wp-content\/uploads\/2026\/02\/garmin-fenix-8-pro-teszt-4-700x519.jpg 700w, https:\/\/hir.mediamarkt.hu\/magazin\/wp-content\/uploads\/2026\/02\/garmin-fenix-8-pro-teszt-4-250x185.jpg 250w, https:\/\/hir.mediamarkt.hu\/magazin\/wp-content\/uploads\/2026\/02\/garmin-fenix-8-pro-teszt-4-275x204.jpg 275w, https:\/\/hir.mediamarkt.hu\/magazin\/wp-content\/uploads\/2026\/02\/garmin-fenix-8-pro-teszt-4-768x569.jpg 768w, https:\/\/hir.mediamarkt.hu\/magazin\/wp-content\/uploads\/2026\/02\/garmin-fenix-8-pro-teszt-4-120x89.jpg 120w, https:\/\/hir.mediamarkt.hu\/magazin\/wp-content\/uploads\/2026\/02\/garmin-fenix-8-pro-teszt-4.jpg 1200w\" sizes=\"(max-width: 700px) 100vw, 700px\" \/><\/figure>\n\n\n\n<figure class=\"wp-block-image size-large\"><img loading=\"lazy\" decoding=\"async\" width=\"700\" height=\"519\" data-id=\"25824\" src=\"https:\/\/hir.mediamarkt.hu\/magazin\/wp-content\/uploads\/2026\/02\/garmin-fenix-8-pro-teszt-3-700x519.jpg\" alt=\"\" class=\"wp-image-25824\" srcset=\"https:\/\/hir.mediamarkt.hu\/magazin\/wp-content\/uploads\/2026\/02\/garmin-fenix-8-pro-teszt-3-700x519.jpg 700w, https:\/\/hir.mediamarkt.hu\/magazin\/wp-content\/uploads\/2026\/02\/garmin-fenix-8-pro-teszt-3-250x185.jpg 250w, https:\/\/hir.mediamarkt.hu\/magazin\/wp-content\/uploads\/2026\/02\/garmin-fenix-8-pro-teszt-3-275x204.jpg 275w, https:\/\/hir.mediamarkt.hu\/magazin\/wp-content\/uploads\/2026\/02\/garmin-fenix-8-pro-teszt-3-768x569.jpg 768w, https:\/\/hir.mediamarkt.hu\/magazin\/wp-content\/uploads\/2026\/02\/garmin-fenix-8-pro-teszt-3-120x89.jpg 120w, https:\/\/hir.mediamarkt.hu\/magazin\/wp-content\/uploads\/2026\/02\/garmin-fenix-8-pro-teszt-3.jpg 1440w\" sizes=\"(max-width: 700px) 100vw, 700px\" \/><\/figure>\n\n\n\n<figure class=\"wp-block-image size-large\"><img loading=\"lazy\" decoding=\"async\" width=\"700\" height=\"519\" data-id=\"25822\" src=\"https:\/\/hir.mediamarkt.hu\/magazin\/wp-content\/uploads\/2026\/02\/garmin-fenix-8-pro-teszt-2-700x519.jpg\" alt=\"\" class=\"wp-image-25822\" srcset=\"https:\/\/hir.mediamarkt.hu\/magazin\/wp-content\/uploads\/2026\/02\/garmin-fenix-8-pro-teszt-2-700x519.jpg 700w, https:\/\/hir.mediamarkt.hu\/magazin\/wp-content\/uploads\/2026\/02\/garmin-fenix-8-pro-teszt-2-250x185.jpg 250w, https:\/\/hir.mediamarkt.hu\/magazin\/wp-content\/uploads\/2026\/02\/garmin-fenix-8-pro-teszt-2-275x204.jpg 275w, https:\/\/hir.mediamarkt.hu\/magazin\/wp-content\/uploads\/2026\/02\/garmin-fenix-8-pro-teszt-2-768x569.jpg 768w, https:\/\/hir.mediamarkt.hu\/magazin\/wp-content\/uploads\/2026\/02\/garmin-fenix-8-pro-teszt-2-120x89.jpg 120w, https:\/\/hir.mediamarkt.hu\/magazin\/wp-content\/uploads\/2026\/02\/garmin-fenix-8-pro-teszt-2.jpg 1200w\" sizes=\"(max-width: 700px) 100vw, 700px\" \/><\/figure>\n\n\n\n<figure class=\"wp-block-image size-large\"><img loading=\"lazy\" decoding=\"async\" width=\"700\" height=\"551\" data-id=\"25823\" src=\"https:\/\/hir.mediamarkt.hu\/magazin\/wp-content\/uploads\/2026\/02\/garmin-fenix-8-pro-teszt-1-700x551.jpg\" alt=\"\" class=\"wp-image-25823\" srcset=\"https:\/\/hir.mediamarkt.hu\/magazin\/wp-content\/uploads\/2026\/02\/garmin-fenix-8-pro-teszt-1-700x551.jpg 700w, https:\/\/hir.mediamarkt.hu\/magazin\/wp-content\/uploads\/2026\/02\/garmin-fenix-8-pro-teszt-1-250x197.jpg 250w, https:\/\/hir.mediamarkt.hu\/magazin\/wp-content\/uploads\/2026\/02\/garmin-fenix-8-pro-teszt-1-275x217.jpg 275w, https:\/\/hir.mediamarkt.hu\/magazin\/wp-content\/uploads\/2026\/02\/garmin-fenix-8-pro-teszt-1-768x605.jpg 768w, https:\/\/hir.mediamarkt.hu\/magazin\/wp-content\/uploads\/2026\/02\/garmin-fenix-8-pro-teszt-1-120x95.jpg 120w, https:\/\/hir.mediamarkt.hu\/magazin\/wp-content\/uploads\/2026\/02\/garmin-fenix-8-pro-teszt-1.jpg 1200w\" sizes=\"(max-width: 700px) 100vw, 700px\" \/><\/figure>\n<\/figure>\n\n\n\n<p>A Garmin a m\u00e9r\u00e9sek ter\u00e9n eddig is az \u00e9len j\u00e1rt, \u00e9s a <a href=\"https:\/\/www.mediamarkt.hu\/hu\/product\/_garmin-fenix-8-pro-okosora-amoled-51mm-fekete-titan-karbonszurke-szilikon-szijjal-1498394.html\" target=\"_blank\" rel=\"noreferrer noopener\">Fenix 8 Pro <\/a>v\u00e1ltozat tov\u00e1bb finom\u00edtja a pontoss\u00e1got. Az \u00f3ra h\u00e1tlapj\u00e1n az \u00f6t\u00f6dik gener\u00e1ci\u00f3s Elevate szenzor dolgozik, amely a tesztek alapj\u00e1n m\u00e9g az intenz\u00edv intervallum edz\u00e9sek hirtelen pulzusv\u00e1ltoz\u00e1sait is a kor\u00e1bbiakhoz k\u00e9pest jobb pontoss\u00e1ggal k\u00f6veti le. Term\u00e9szetesen az EKG m\u00e9r\u00e9s lehet\u0151s\u00e9ge is adott (Magyarorsz\u00e1gon is), ami tov\u00e1bb er\u0151s\u00edti az eg\u00e9szs\u00e9g\u00fcgyi monitoroz\u00e1s vonal\u00e1t<\/p>\n\n\n<div class=\"wp-block-image\">\n<figure class=\"aligncenter size-full\"><img loading=\"lazy\" decoding=\"async\" width=\"1200\" height=\"960\" src=\"https:\/\/hir.mediamarkt.hu\/magazin\/wp-content\/uploads\/2026\/02\/garmin-fenix-8-pro-teszt-16.jpg\" alt=\"Garmin Fenix 8 Pro teszt: nem csak \u00f3ra, m\u0171holdas kommunik\u00e1tor\" class=\"wp-image-25809\" srcset=\"https:\/\/hir.mediamarkt.hu\/magazin\/wp-content\/uploads\/2026\/02\/garmin-fenix-8-pro-teszt-16.jpg 1200w, https:\/\/hir.mediamarkt.hu\/magazin\/wp-content\/uploads\/2026\/02\/garmin-fenix-8-pro-teszt-16-250x200.jpg 250w, https:\/\/hir.mediamarkt.hu\/magazin\/wp-content\/uploads\/2026\/02\/garmin-fenix-8-pro-teszt-16-700x560.jpg 700w, https:\/\/hir.mediamarkt.hu\/magazin\/wp-content\/uploads\/2026\/02\/garmin-fenix-8-pro-teszt-16-275x220.jpg 275w, https:\/\/hir.mediamarkt.hu\/magazin\/wp-content\/uploads\/2026\/02\/garmin-fenix-8-pro-teszt-16-768x614.jpg 768w, https:\/\/hir.mediamarkt.hu\/magazin\/wp-content\/uploads\/2026\/02\/garmin-fenix-8-pro-teszt-16-120x96.jpg 120w\" sizes=\"(max-width: 1200px) 100vw, 1200px\" \/><\/figure><\/div>\n\n\n<p>A fut\u00f3k sz\u00e1m\u00e1ra j\u00f3 h\u00edr, hogy a fut\u00f3dinamikai adatok \u2013 mint a talaj\u00e9rint\u00e9si id\u0151 vagy a l\u00e9p\u00e9shossz \u2013 m\u00e9r\u00e9s\u00e9hez m\u00e1r nincs sz\u00fcks\u00e9g kieg\u00e9sz\u00edt\u0151 p\u00e1ntra, az \u00f3ra \u00f6nmag\u00e1ban is k\u00e9pes ezeket r\u00f6gz\u00edteni. Az \u00faj Endurance Score 2.0 algoritmus pedig intelligensebben elemzi a hossz\u00fa t\u00e1v\u00fa terhel\u00e9st, amelyet \u201c\u00dct\u0151terhel\u00e9si t\u00e9nyez\u0151\u201d n\u00e9ven jelen\u00edt a Fenix 8 Pro. Ez megjelen\u00edti, hogy egy a fut\u00e1sunk \u00fct\u0151terhel\u00e9st tekintve h\u00e1ny kilom\u00e9teres terhel\u00e9snek felelne meg. Ez f\u0151leg az\u00e9rt lehet \u00e9rdekes, mert nem j\u00f3, vagy kev\u00e9sb\u00e9 ide\u00e1lis fut\u00f3mozg\u00e1ssal jobban terhelhetj\u00fck a l\u00e1bunkat, mint a megtett t\u00e1v. Az emellett teljes \u00e9rt\u00e9k\u0171 dive computerk\u00e9nt is funkcion\u00e1l, t\u00e1mogatva a szabadid\u0151s mer\u00fcl\u00e9seket, \u00edgy ha valaki b\u00fav\u00e1r kalandokra v\u00e1gyna, j\u00f3 t\u00e1rsa lehet a Fenix 8 Pro benne.<\/p>\n\n\n\n<figure class=\"wp-block-gallery has-nested-images columns-default is-cropped wp-block-gallery-3 is-layout-flex wp-block-gallery-is-layout-flex\">\n<figure class=\"wp-block-image size-large\"><img loading=\"lazy\" decoding=\"async\" width=\"700\" height=\"560\" data-id=\"25815\" src=\"https:\/\/hir.mediamarkt.hu\/magazin\/wp-content\/uploads\/2026\/02\/garmin-fenix-8-pro-teszt-11-700x560.jpg\" alt=\"\" class=\"wp-image-25815\" srcset=\"https:\/\/hir.mediamarkt.hu\/magazin\/wp-content\/uploads\/2026\/02\/garmin-fenix-8-pro-teszt-11-700x560.jpg 700w, https:\/\/hir.mediamarkt.hu\/magazin\/wp-content\/uploads\/2026\/02\/garmin-fenix-8-pro-teszt-11-250x200.jpg 250w, https:\/\/hir.mediamarkt.hu\/magazin\/wp-content\/uploads\/2026\/02\/garmin-fenix-8-pro-teszt-11-275x220.jpg 275w, https:\/\/hir.mediamarkt.hu\/magazin\/wp-content\/uploads\/2026\/02\/garmin-fenix-8-pro-teszt-11-768x614.jpg 768w, https:\/\/hir.mediamarkt.hu\/magazin\/wp-content\/uploads\/2026\/02\/garmin-fenix-8-pro-teszt-11-120x96.jpg 120w, https:\/\/hir.mediamarkt.hu\/magazin\/wp-content\/uploads\/2026\/02\/garmin-fenix-8-pro-teszt-11.jpg 1200w\" sizes=\"(max-width: 700px) 100vw, 700px\" \/><\/figure>\n\n\n\n<figure class=\"wp-block-image size-large\"><img loading=\"lazy\" decoding=\"async\" width=\"700\" height=\"560\" data-id=\"25814\" src=\"https:\/\/hir.mediamarkt.hu\/magazin\/wp-content\/uploads\/2026\/02\/garmin-fenix-8-pro-teszt-10-700x560.jpg\" alt=\"\" class=\"wp-image-25814\" srcset=\"https:\/\/hir.mediamarkt.hu\/magazin\/wp-content\/uploads\/2026\/02\/garmin-fenix-8-pro-teszt-10-700x560.jpg 700w, https:\/\/hir.mediamarkt.hu\/magazin\/wp-content\/uploads\/2026\/02\/garmin-fenix-8-pro-teszt-10-250x200.jpg 250w, https:\/\/hir.mediamarkt.hu\/magazin\/wp-content\/uploads\/2026\/02\/garmin-fenix-8-pro-teszt-10-275x220.jpg 275w, https:\/\/hir.mediamarkt.hu\/magazin\/wp-content\/uploads\/2026\/02\/garmin-fenix-8-pro-teszt-10-768x614.jpg 768w, https:\/\/hir.mediamarkt.hu\/magazin\/wp-content\/uploads\/2026\/02\/garmin-fenix-8-pro-teszt-10-120x96.jpg 120w, https:\/\/hir.mediamarkt.hu\/magazin\/wp-content\/uploads\/2026\/02\/garmin-fenix-8-pro-teszt-10.jpg 1200w\" sizes=\"(max-width: 700px) 100vw, 700px\" \/><\/figure>\n\n\n\n<figure class=\"wp-block-image size-large\"><img loading=\"lazy\" decoding=\"async\" width=\"700\" height=\"560\" data-id=\"25816\" src=\"https:\/\/hir.mediamarkt.hu\/magazin\/wp-content\/uploads\/2026\/02\/garmin-fenix-8-pro-teszt-9-700x560.jpg\" alt=\"\" class=\"wp-image-25816\" srcset=\"https:\/\/hir.mediamarkt.hu\/magazin\/wp-content\/uploads\/2026\/02\/garmin-fenix-8-pro-teszt-9-700x560.jpg 700w, https:\/\/hir.mediamarkt.hu\/magazin\/wp-content\/uploads\/2026\/02\/garmin-fenix-8-pro-teszt-9-250x200.jpg 250w, https:\/\/hir.mediamarkt.hu\/magazin\/wp-content\/uploads\/2026\/02\/garmin-fenix-8-pro-teszt-9-275x220.jpg 275w, https:\/\/hir.mediamarkt.hu\/magazin\/wp-content\/uploads\/2026\/02\/garmin-fenix-8-pro-teszt-9-768x614.jpg 768w, https:\/\/hir.mediamarkt.hu\/magazin\/wp-content\/uploads\/2026\/02\/garmin-fenix-8-pro-teszt-9-120x96.jpg 120w, https:\/\/hir.mediamarkt.hu\/magazin\/wp-content\/uploads\/2026\/02\/garmin-fenix-8-pro-teszt-9.jpg 1200w\" sizes=\"(max-width: 700px) 100vw, 700px\" \/><\/figure>\n<\/figure>\n\n\n\n<h2 class=\"wp-block-heading\">Hosszabb \u00fczemid\u0151, mint v\u00e1rn\u00e1nk<\/h2>\n\n\n\n<p>Az AMOLED kijelz\u0151 \u00e9s a fejlett kommunik\u00e1ci\u00f3 ellen\u00e9re a Garmin m\u00e9rn\u00f6kei kiv\u00e1l\u00f3 munk\u00e1t v\u00e9geztek az energiagazd\u00e1lkod\u00e1ssal. Okos\u00f3ra m\u00f3dban a 47 mm-es modell \u00fagy egy h\u00e9tig b\u00edrta egyetlen felt\u00f6lt\u00e9ssel heti 100 km fut\u00e1s tev\u00e9kenys\u00e9g r\u00f6gz\u00edt\u00e9ss\u00e9vel, ami kiemelked\u0151 a kateg\u00f3ri\u00e1ban. Fontos azonban kiemelni, hogy a m\u0171holdas kommunik\u00e1ci\u00f3 gyakori haszn\u00e1lata cs\u00f6kkentheti az \u00fczemid\u0151t, ahogyan az LTE is, b\u00e1r ut\u00f3bbit \u00e9rdemben nem lehet Magyarorsz\u00e1gon tesztelni egyel\u0151re.<\/p>\n\n\n<div class=\"wp-block-image\">\n<figure class=\"aligncenter size-full\"><img loading=\"lazy\" decoding=\"async\" width=\"1200\" height=\"960\" src=\"https:\/\/hir.mediamarkt.hu\/magazin\/wp-content\/uploads\/2026\/02\/garmin-fenix-8-pro-teszt-6.jpg\" alt=\"\" class=\"wp-image-25819\" srcset=\"https:\/\/hir.mediamarkt.hu\/magazin\/wp-content\/uploads\/2026\/02\/garmin-fenix-8-pro-teszt-6.jpg 1200w, https:\/\/hir.mediamarkt.hu\/magazin\/wp-content\/uploads\/2026\/02\/garmin-fenix-8-pro-teszt-6-250x200.jpg 250w, https:\/\/hir.mediamarkt.hu\/magazin\/wp-content\/uploads\/2026\/02\/garmin-fenix-8-pro-teszt-6-700x560.jpg 700w, https:\/\/hir.mediamarkt.hu\/magazin\/wp-content\/uploads\/2026\/02\/garmin-fenix-8-pro-teszt-6-275x220.jpg 275w, https:\/\/hir.mediamarkt.hu\/magazin\/wp-content\/uploads\/2026\/02\/garmin-fenix-8-pro-teszt-6-768x614.jpg 768w, https:\/\/hir.mediamarkt.hu\/magazin\/wp-content\/uploads\/2026\/02\/garmin-fenix-8-pro-teszt-6-120x96.jpg 120w\" sizes=\"(max-width: 1200px) 100vw, 1200px\" \/><\/figure><\/div>\n\n\n<p>A mindennapi haszn\u00e1latot a be\u00e9p\u00edtett mikrofon \u00e9s hangsz\u00f3r\u00f3 teszi k\u00e9nyelmesebb\u00e9, amelyeken kereszt\u00fcl a telefonh\u00edv\u00e1sok is meglep\u0151en tiszt\u00e1n sz\u00f3lnak. A rendszer sebess\u00e9ge is \u00e9rezhet\u0151en gyorsult, a t\u00e9rk\u00e9pek bet\u00f6lt\u00e9se \u00e9s mozgat\u00e1sa imm\u00e1r teljesen akad\u00e1smentes, ami nagyban jav\u00edtja a felhaszn\u00e1l\u00f3i \u00e9lm\u00e9nyt. Kritika tal\u00e1n a tev\u00e9kenys\u00e9gek elment\u00e9s\u00e9t \u00e9rheti, a le\u00e1ll\u00edt\u00e1st k\u00f6vet\u0151en hosszabb fut\u00e1sok sor\u00e1n el\u0151fordul, hogy 10-15 m\u00e1sodperc is kell mire elmenti \u00e9s bet\u00f6lti az eredm\u00e9nyeket.<\/p>\n\n\n\n<p>Term\u00e9szetesen a <a href=\"https:\/\/www.mediamarkt.hu\/hu\/product\/_garmin-fenix-8-pro-okosora-amoled-51mm-fekete-titan-karbonszurke-szilikon-szijjal-1498394.html\" target=\"_blank\" rel=\"noreferrer noopener\">Fenix 8 Pro<\/a><a href=\"https:\/\/www.mediamarkt.hu\/hu\/product\/_garmin-fenix-8-pro-okosora-amoled-51mm-fekete-titan-karbonszurke-szilikon-szijjal-1498394.html\"> <\/a>is t\u00e1mogatja az NFC-s fizet\u00e9st, a Connectben be\u00e1ll\u00edthat\u00f3 a Garmin Wallet, \u00edgy sportol\u00e1s k\u00f6zben k\u00f6zvetlen\u00fcl az \u00f3r\u00e1val is lehet \u00e9rint\u00e9smentes k\u00e1rty\u00e1s fizet\u00e9seket lebonyol\u00edtani, ezt pedig egyre t\u00f6bb magyar bank t\u00e1mogatja a klasszikus fintech szolg\u00e1ltat\u00f3k mellett.<\/p>\n\n\n<div class=\"wp-block-image\">\n<figure class=\"aligncenter size-full\"><img loading=\"lazy\" decoding=\"async\" width=\"1200\" height=\"960\" src=\"https:\/\/hir.mediamarkt.hu\/magazin\/wp-content\/uploads\/2026\/02\/garmin-fenix-8-pro-teszt-12.jpg\" alt=\"Garmin Fenix 8 Pro teszt: nem csak \u00f3ra, m\u0171holdas kommunik\u00e1tor\" class=\"wp-image-25813\" srcset=\"https:\/\/hir.mediamarkt.hu\/magazin\/wp-content\/uploads\/2026\/02\/garmin-fenix-8-pro-teszt-12.jpg 1200w, https:\/\/hir.mediamarkt.hu\/magazin\/wp-content\/uploads\/2026\/02\/garmin-fenix-8-pro-teszt-12-250x200.jpg 250w, https:\/\/hir.mediamarkt.hu\/magazin\/wp-content\/uploads\/2026\/02\/garmin-fenix-8-pro-teszt-12-700x560.jpg 700w, https:\/\/hir.mediamarkt.hu\/magazin\/wp-content\/uploads\/2026\/02\/garmin-fenix-8-pro-teszt-12-275x220.jpg 275w, https:\/\/hir.mediamarkt.hu\/magazin\/wp-content\/uploads\/2026\/02\/garmin-fenix-8-pro-teszt-12-768x614.jpg 768w, https:\/\/hir.mediamarkt.hu\/magazin\/wp-content\/uploads\/2026\/02\/garmin-fenix-8-pro-teszt-12-120x96.jpg 120w\" sizes=\"(max-width: 1200px) 100vw, 1200px\" \/><figcaption class=\"wp-element-caption\">Sz\u00e1mos hazai bank \u00e9s fintech t\u00e1mogatja m\u00e1ra a Garmin \u00f3r\u00e1kon kereszt\u00fcl a fizet\u00e9st<\/figcaption><\/figure><\/div>\n\n\n<h2 class=\"wp-block-heading\">Meg\u00e9ri az \u00e1r\u00e1t?<\/h2>\n\n\n\n<p>A <a href=\"https:\/\/www.mediamarkt.hu\/hu\/product\/_garmin-fenix-8-pro-okosora-amoled-47mm-fekete-titan-karbonszurke-szilikon-szijjal-1498393.html\" target=\"_blank\" rel=\"noreferrer noopener\">Garmin Fenix 8 Pro 47 mm<\/a> nem egy \u00e1tlagos sport\u00f3ra, \u00e9s az \u00e1raz\u00e1sa is ezt t\u00fckr\u00f6zi. A pr\u00e9mium anyaghaszn\u00e1lat, a leny\u0171g\u00f6z\u0151 kijelz\u0151 \u00e9s a piacon egyed\u00fcl\u00e1ll\u00f3 m\u0171holdas kommunik\u00e1ci\u00f3s k\u00e9pess\u00e9g miatt a Garmin nagyj\u00e1b\u00f3l f\u00e9lmilli\u00f3 forint k\u00f6rny\u00e9k\u00e9n billeg\u0151 \u00e1rc\u00edmk\u00e9t biggyesztett r\u00e1. B\u00e1r a m\u0171holdas funkci\u00f3khoz \u00e9s az LTE-hez k\u00fcl\u00f6n el\u0151fizet\u00e9s sz\u00fcks\u00e9ges, \u00e9s ezek haszn\u00e1lata gyorsabban mer\u00edti az akkut, a szabads\u00e1g \u00e9s biztons\u00e1g \u00e9rz\u00e9se sokaknak megfizethetetlen lehet.<\/p>\n\n\n<div class=\"wp-block-image\">\n<figure class=\"aligncenter size-full\"><img loading=\"lazy\" decoding=\"async\" width=\"1440\" height=\"1021\" src=\"https:\/\/hir.mediamarkt.hu\/magazin\/wp-content\/uploads\/2026\/02\/garmin-fenix-8-pro-teszt-5.jpg\" alt=\"\" class=\"wp-image-25820\" srcset=\"https:\/\/hir.mediamarkt.hu\/magazin\/wp-content\/uploads\/2026\/02\/garmin-fenix-8-pro-teszt-5.jpg 1440w, https:\/\/hir.mediamarkt.hu\/magazin\/wp-content\/uploads\/2026\/02\/garmin-fenix-8-pro-teszt-5-250x177.jpg 250w, https:\/\/hir.mediamarkt.hu\/magazin\/wp-content\/uploads\/2026\/02\/garmin-fenix-8-pro-teszt-5-700x496.jpg 700w, https:\/\/hir.mediamarkt.hu\/magazin\/wp-content\/uploads\/2026\/02\/garmin-fenix-8-pro-teszt-5-275x195.jpg 275w, https:\/\/hir.mediamarkt.hu\/magazin\/wp-content\/uploads\/2026\/02\/garmin-fenix-8-pro-teszt-5-768x545.jpg 768w, https:\/\/hir.mediamarkt.hu\/magazin\/wp-content\/uploads\/2026\/02\/garmin-fenix-8-pro-teszt-5-120x85.jpg 120w\" sizes=\"(max-width: 1440px) 100vw, 1440px\" \/><\/figure><\/div>\n\n\n<p>Ha valaki csak a v\u00e1rosi parkokban fut, val\u00f3sz\u00edn\u0171leg nem haszn\u00e1lja ki a <a href=\"https:\/\/www.mediamarkt.hu\/hu\/product\/_garmin-fenix-8-pro-okosora-amoled-51mm-fekete-titan-karbonszurke-szilikon-szijjal-1498394.html\" target=\"_blank\" rel=\"noreferrer noopener\">Garmin Fenix 8 Pro tud\u00e1s\u00e1t<\/a>. Azok sz\u00e1m\u00e1ra viszont, akik rendszeresen j\u00e1rj\u00e1k a vadont, \u00e9s fontos sz\u00e1mukra a telefon n\u00e9lk\u00fcli f\u00fcggetlens\u00e9g \u00e9s a maxim\u00e1lis biztons\u00e1g, ez az \u00f3ra jelenleg a legjobb v\u00e1laszt\u00e1s, amit p\u00e9nz\u00e9rt kapni lehet. Ez az \u00f3ra egyes\u00edti a legmodernebb okos\u00f3r\u00e1k k\u00e9nyelm\u00e9t a professzion\u00e1lis exped\u00edci\u00f3s felszerel\u00e9sek megb\u00edzhat\u00f3s\u00e1g\u00e1val.<\/p>\n","protected":false},"excerpt":{"rendered":"Meg\u00e9rkezett a Garmin Fenix 8 Pro sport\u00f3ra\/okos\u00f3ra, \u00e9s elhozta mag\u00e1val t\u00f6bbek k\u00f6z\u00f6tt a m\u0171holdas navig\u00e1ci\u00f3t. Vajon a Garmin Fenix 8 Pro t\u00e9nyleg a valaha k\u00e9sz\u00fclt legjobb sport\u00f3ra, vagy csak egy t\u00fal\u00e1razott st\u00e1tuszszimb\u00f3lum? Kipr\u00f3b\u00e1ltuk a 47 mm-es AMOLED verzi\u00f3t. A Garmin Fenix 8 megjelen\u00e9sekor sokan hi\u00e1nyolt\u00e1k az igaz\u00e1n \u00e1t\u00fct\u0151 technol\u00f3giai ugr\u00e1st, de az \u00fajonnan piacra dobott Fenix 8 Pro v\u00e9gre bet\u00f6mte a lyukakat. A pletyk\u00e1k igaznak bizonyultak: a gy\u00e1rt\u00f3 nemcsak a kijelz\u0151n csiszolt, de \u00fajnak sz\u00e1m\u00edt\u00f3 kommunik\u00e1ci\u00f3s lehet\u0151s\u00e9geket kapott, ezzel egy teljesen \u00faj kateg\u00f3ri\u00e1t teremtve a piacon. L\u00e1ssuk, mit tud \u00e9lesben a 47 mm-es modell! Ismer\u0151s, de kifinomultabb k\u00fcls\u0151 A Fenix 8 Pro 47 mm-es v\u00e1ltozata els\u0151 r\u00e1n\u00e9z\u00e9sre a klasszikus Fenix-vonalat k\u00f6veti, mondhatni minim\u00e1lis csiszol\u00e1sok t\u00f6rt\u00e9ntek csak a k\u00fcls\u0151n az el\u0151z\u0151 &#8230;","protected":false},"author":34,"featured_media":25818,"comment_status":"open","ping_status":"open","sticky":false,"template":"","format":"standard","meta":{"wprm-recipe-roundup-name":"","wprm-recipe-roundup-description":"","footnotes":""},"categories":[5983,5966,5949,5953,5946,2382],"tags":[1353,6502,2173,89,4513,82],"yoast_head":"<!-- This site is optimized with the Yoast SEO plugin v22.9 - https:\/\/yoast.com\/wordpress\/plugins\/seo\/ -->\n<title>Garmin Fenix 8 Pro teszt: nem csak \u00f3ra, m\u0171holdas kommunik\u00e1tor - MediaMarkt Magazin<\/title>\n<meta name=\"description\" content=\"KIT, gyere pajti! A sport mellett m\u00e1r a kommunik\u00e1ci\u00f3ban is sv\u00e1jci bicsk\u00e1t csin\u00e1lt a Garmin.\" \/>\n<meta name=\"robots\" content=\"index, follow, max-snippet:-1, max-image-preview:large, max-video-preview:-1\" \/>\n<link rel=\"canonical\" href=\"https:\/\/hir.mediamarkt.hu\/magazin\/garmin-fenix-8-pro-teszt-nem-csak-ora-muholdas-kommunikator\/\" \/>\n<meta property=\"og:locale\" content=\"hu_HU\" \/>\n<meta property=\"og:type\" content=\"article\" \/>\n<meta property=\"og:title\" content=\"Garmin Fenix 8 Pro teszt: nem csak \u00f3ra, m\u0171holdas kommunik\u00e1tor - MediaMarkt Magazin\" \/>\n<meta property=\"og:description\" content=\"KIT, gyere pajti! A sport mellett m\u00e1r a kommunik\u00e1ci\u00f3ban is sv\u00e1jci bicsk\u00e1t csin\u00e1lt a Garmin.\" \/>\n<meta property=\"og:url\" content=\"https:\/\/hir.mediamarkt.hu\/magazin\/garmin-fenix-8-pro-teszt-nem-csak-ora-muholdas-kommunikator\/\" \/>\n<meta property=\"og:site_name\" content=\"MediaMarkt Magazin\" \/>\n<meta property=\"article:publisher\" content=\"https:\/\/www.facebook.com\/MediaMarktMagyarorszag\" \/>\n<meta property=\"article:published_time\" content=\"2026-03-12T11:20:13+00:00\" \/>\n<meta property=\"article:modified_time\" content=\"2026-03-26T12:06:06+00:00\" \/>\n<meta property=\"og:image\" content=\"https:\/\/hir.mediamarkt.hu\/magazin\/wp-content\/uploads\/2026\/02\/garmin-fenix-8-pro-teszt-7.jpg\" \/>\n\t<meta property=\"og:image:width\" content=\"1200\" \/>\n\t<meta property=\"og:image:height\" content=\"960\" \/>\n\t<meta property=\"og:image:type\" content=\"image\/jpeg\" \/>\n<meta name=\"author\" content=\"Kov\u00e1cs \u00c1d\u00e1m\" \/>\n<meta name=\"twitter:label1\" content=\"Szerz\u0151:\" \/>\n\t<meta name=\"twitter:data1\" content=\"Kov\u00e1cs \u00c1d\u00e1m\" \/>\n\t<meta name=\"twitter:label2\" content=\"Becs\u00fclt olvas\u00e1si id\u0151\" \/>\n\t<meta name=\"twitter:data2\" content=\"10 perc\" \/>\n<script type=\"application\/ld+json\" class=\"yoast-schema-graph\">{\"@context\":\"https:\/\/schema.org\",\"@graph\":[{\"@type\":\"WebPage\",\"@id\":\"https:\/\/hir.mediamarkt.hu\/magazin\/garmin-fenix-8-pro-teszt-nem-csak-ora-muholdas-kommunikator\/\",\"url\":\"https:\/\/hir.mediamarkt.hu\/magazin\/garmin-fenix-8-pro-teszt-nem-csak-ora-muholdas-kommunikator\/\",\"name\":\"Garmin Fenix 8 Pro teszt: nem csak \u00f3ra, m\u0171holdas kommunik\u00e1tor - MediaMarkt Magazin\",\"isPartOf\":{\"@id\":\"https:\/\/hir.mediamarkt.hu\/magazin\/#website\"},\"primaryImageOfPage\":{\"@id\":\"https:\/\/hir.mediamarkt.hu\/magazin\/garmin-fenix-8-pro-teszt-nem-csak-ora-muholdas-kommunikator\/#primaryimage\"},\"image\":{\"@id\":\"https:\/\/hir.mediamarkt.hu\/magazin\/garmin-fenix-8-pro-teszt-nem-csak-ora-muholdas-kommunikator\/#primaryimage\"},\"thumbnailUrl\":\"https:\/\/hir.mediamarkt.hu\/magazin\/wp-content\/uploads\/2026\/02\/garmin-fenix-8-pro-teszt-7.jpg\",\"datePublished\":\"2026-03-12T11:20:13+00:00\",\"dateModified\":\"2026-03-26T12:06:06+00:00\",\"author\":{\"@id\":\"https:\/\/hir.mediamarkt.hu\/magazin\/#\/schema\/person\/eb6407def37d68930e61b9ccc0d2b12b\"},\"description\":\"KIT, gyere pajti! A sport mellett m\u00e1r a kommunik\u00e1ci\u00f3ban is sv\u00e1jci bicsk\u00e1t csin\u00e1lt a Garmin.\",\"breadcrumb\":{\"@id\":\"https:\/\/hir.mediamarkt.hu\/magazin\/garmin-fenix-8-pro-teszt-nem-csak-ora-muholdas-kommunikator\/#breadcrumb\"},\"inLanguage\":\"hu\",\"potentialAction\":[{\"@type\":\"ReadAction\",\"target\":[\"https:\/\/hir.mediamarkt.hu\/magazin\/garmin-fenix-8-pro-teszt-nem-csak-ora-muholdas-kommunikator\/\"]}]},{\"@type\":\"ImageObject\",\"inLanguage\":\"hu\",\"@id\":\"https:\/\/hir.mediamarkt.hu\/magazin\/garmin-fenix-8-pro-teszt-nem-csak-ora-muholdas-kommunikator\/#primaryimage\",\"url\":\"https:\/\/hir.mediamarkt.hu\/magazin\/wp-content\/uploads\/2026\/02\/garmin-fenix-8-pro-teszt-7.jpg\",\"contentUrl\":\"https:\/\/hir.mediamarkt.hu\/magazin\/wp-content\/uploads\/2026\/02\/garmin-fenix-8-pro-teszt-7.jpg\",\"width\":1200,\"height\":960},{\"@type\":\"BreadcrumbList\",\"@id\":\"https:\/\/hir.mediamarkt.hu\/magazin\/garmin-fenix-8-pro-teszt-nem-csak-ora-muholdas-kommunikator\/#breadcrumb\",\"itemListElement\":[{\"@type\":\"ListItem\",\"position\":1,\"name\":\"Kezd\u0151lap\",\"item\":\"https:\/\/hir.mediamarkt.hu\/magazin\/\"},{\"@type\":\"ListItem\",\"position\":2,\"name\":\"\u00c9letm\u00f3d \u00e9s szabadid\u0151\",\"item\":\"https:\/\/hir.mediamarkt.hu\/magazin\/eletmod-es-szabadido\/\"},{\"@type\":\"ListItem\",\"position\":3,\"name\":\"Navig\u00e1ci\u00f3 \u00e9s utaz\u00e1s\",\"item\":\"https:\/\/hir.mediamarkt.hu\/magazin\/eletmod-es-szabadido\/navigacio-es-utazas\/\"},{\"@type\":\"ListItem\",\"position\":4,\"name\":\"Garmin Fenix 8 Pro teszt: nem csak \u00f3ra, m\u0171holdas kommunik\u00e1tor\"}]},{\"@type\":\"WebSite\",\"@id\":\"https:\/\/hir.mediamarkt.hu\/magazin\/#website\",\"url\":\"https:\/\/hir.mediamarkt.hu\/magazin\/\",\"name\":\"MediaMarkt Magazin\",\"description\":\"Olvass bele magazinunkba!\",\"potentialAction\":[{\"@type\":\"SearchAction\",\"target\":{\"@type\":\"EntryPoint\",\"urlTemplate\":\"https:\/\/hir.mediamarkt.hu\/magazin\/?s={search_term_string}\"},\"query-input\":\"required name=search_term_string\"}],\"inLanguage\":\"hu\"},{\"@type\":\"Person\",\"@id\":\"https:\/\/hir.mediamarkt.hu\/magazin\/#\/schema\/person\/eb6407def37d68930e61b9ccc0d2b12b\",\"name\":\"Kov\u00e1cs \u00c1d\u00e1m\",\"image\":{\"@type\":\"ImageObject\",\"inLanguage\":\"hu\",\"@id\":\"https:\/\/hir.mediamarkt.hu\/magazin\/#\/schema\/person\/image\/\",\"url\":\"https:\/\/secure.gravatar.com\/avatar\/7f17d39fcf146db446aab8f0a0b84bce?s=96&d=mm&r=g\",\"contentUrl\":\"https:\/\/secure.gravatar.com\/avatar\/7f17d39fcf146db446aab8f0a0b84bce?s=96&d=mm&r=g\",\"caption\":\"Kov\u00e1cs \u00c1d\u00e1m\"}}]}<\/script>\n<!-- \/ Yoast SEO plugin. -->","yoast_head_json":{"title":"Garmin Fenix 8 Pro teszt: nem csak \u00f3ra, m\u0171holdas kommunik\u00e1tor - MediaMarkt Magazin","description":"KIT, gyere pajti! A sport mellett m\u00e1r a kommunik\u00e1ci\u00f3ban is sv\u00e1jci bicsk\u00e1t csin\u00e1lt a Garmin.","robots":{"index":"index","follow":"follow","max-snippet":"max-snippet:-1","max-image-preview":"max-image-preview:large","max-video-preview":"max-video-preview:-1"},"canonical":"https:\/\/hir.mediamarkt.hu\/magazin\/garmin-fenix-8-pro-teszt-nem-csak-ora-muholdas-kommunikator\/","og_locale":"hu_HU","og_type":"article","og_title":"Garmin Fenix 8 Pro teszt: nem csak \u00f3ra, m\u0171holdas kommunik\u00e1tor - MediaMarkt Magazin","og_description":"KIT, gyere pajti! A sport mellett m\u00e1r a kommunik\u00e1ci\u00f3ban is sv\u00e1jci bicsk\u00e1t csin\u00e1lt a Garmin.","og_url":"https:\/\/hir.mediamarkt.hu\/magazin\/garmin-fenix-8-pro-teszt-nem-csak-ora-muholdas-kommunikator\/","og_site_name":"MediaMarkt Magazin","article_publisher":"https:\/\/www.facebook.com\/MediaMarktMagyarorszag","article_published_time":"2026-03-12T11:20:13+00:00","article_modified_time":"2026-03-26T12:06:06+00:00","og_image":[{"width":1200,"height":960,"url":"https:\/\/hir.mediamarkt.hu\/magazin\/wp-content\/uploads\/2026\/02\/garmin-fenix-8-pro-teszt-7.jpg","type":"image\/jpeg"}],"author":"Kov\u00e1cs \u00c1d\u00e1m","twitter_misc":{"Szerz\u0151:":"Kov\u00e1cs \u00c1d\u00e1m","Becs\u00fclt olvas\u00e1si id\u0151":"10 perc"},"schema":{"@context":"https:\/\/schema.org","@graph":[{"@type":"WebPage","@id":"https:\/\/hir.mediamarkt.hu\/magazin\/garmin-fenix-8-pro-teszt-nem-csak-ora-muholdas-kommunikator\/","url":"https:\/\/hir.mediamarkt.hu\/magazin\/garmin-fenix-8-pro-teszt-nem-csak-ora-muholdas-kommunikator\/","name":"Garmin Fenix 8 Pro teszt: nem csak \u00f3ra, m\u0171holdas kommunik\u00e1tor - MediaMarkt Magazin","isPartOf":{"@id":"https:\/\/hir.mediamarkt.hu\/magazin\/#website"},"primaryImageOfPage":{"@id":"https:\/\/hir.mediamarkt.hu\/magazin\/garmin-fenix-8-pro-teszt-nem-csak-ora-muholdas-kommunikator\/#primaryimage"},"image":{"@id":"https:\/\/hir.mediamarkt.hu\/magazin\/garmin-fenix-8-pro-teszt-nem-csak-ora-muholdas-kommunikator\/#primaryimage"},"thumbnailUrl":"https:\/\/hir.mediamarkt.hu\/magazin\/wp-content\/uploads\/2026\/02\/garmin-fenix-8-pro-teszt-7.jpg","datePublished":"2026-03-12T11:20:13+00:00","dateModified":"2026-03-26T12:06:06+00:00","author":{"@id":"https:\/\/hir.mediamarkt.hu\/magazin\/#\/schema\/person\/eb6407def37d68930e61b9ccc0d2b12b"},"description":"KIT, gyere pajti! A sport mellett m\u00e1r a kommunik\u00e1ci\u00f3ban is sv\u00e1jci bicsk\u00e1t csin\u00e1lt a Garmin.","breadcrumb":{"@id":"https:\/\/hir.mediamarkt.hu\/magazin\/garmin-fenix-8-pro-teszt-nem-csak-ora-muholdas-kommunikator\/#breadcrumb"},"inLanguage":"hu","potentialAction":[{"@type":"ReadAction","target":["https:\/\/hir.mediamarkt.hu\/magazin\/garmin-fenix-8-pro-teszt-nem-csak-ora-muholdas-kommunikator\/"]}]},{"@type":"ImageObject","inLanguage":"hu","@id":"https:\/\/hir.mediamarkt.hu\/magazin\/garmin-fenix-8-pro-teszt-nem-csak-ora-muholdas-kommunikator\/#primaryimage","url":"https:\/\/hir.mediamarkt.hu\/magazin\/wp-content\/uploads\/2026\/02\/garmin-fenix-8-pro-teszt-7.jpg","contentUrl":"https:\/\/hir.mediamarkt.hu\/magazin\/wp-content\/uploads\/2026\/02\/garmin-fenix-8-pro-teszt-7.jpg","width":1200,"height":960},{"@type":"BreadcrumbList","@id":"https:\/\/hir.mediamarkt.hu\/magazin\/garmin-fenix-8-pro-teszt-nem-csak-ora-muholdas-kommunikator\/#breadcrumb","itemListElement":[{"@type":"ListItem","position":1,"name":"Kezd\u0151lap","item":"https:\/\/hir.mediamarkt.hu\/magazin\/"},{"@type":"ListItem","position":2,"name":"\u00c9letm\u00f3d \u00e9s szabadid\u0151","item":"https:\/\/hir.mediamarkt.hu\/magazin\/eletmod-es-szabadido\/"},{"@type":"ListItem","position":3,"name":"Navig\u00e1ci\u00f3 \u00e9s utaz\u00e1s","item":"https:\/\/hir.mediamarkt.hu\/magazin\/eletmod-es-szabadido\/navigacio-es-utazas\/"},{"@type":"ListItem","position":4,"name":"Garmin Fenix 8 Pro teszt: nem csak \u00f3ra, m\u0171holdas kommunik\u00e1tor"}]},{"@type":"WebSite","@id":"https:\/\/hir.mediamarkt.hu\/magazin\/#website","url":"https:\/\/hir.mediamarkt.hu\/magazin\/","name":"MediaMarkt Magazin","description":"Olvass bele magazinunkba!","potentialAction":[{"@type":"SearchAction","target":{"@type":"EntryPoint","urlTemplate":"https:\/\/hir.mediamarkt.hu\/magazin\/?s={search_term_string}"},"query-input":"required name=search_term_string"}],"inLanguage":"hu"},{"@type":"Person","@id":"https:\/\/hir.mediamarkt.hu\/magazin\/#\/schema\/person\/eb6407def37d68930e61b9ccc0d2b12b","name":"Kov\u00e1cs \u00c1d\u00e1m","image":{"@type":"ImageObject","inLanguage":"hu","@id":"https:\/\/hir.mediamarkt.hu\/magazin\/#\/schema\/person\/image\/","url":"https:\/\/secure.gravatar.com\/avatar\/7f17d39fcf146db446aab8f0a0b84bce?s=96&d=mm&r=g","contentUrl":"https:\/\/secure.gravatar.com\/avatar\/7f17d39fcf146db446aab8f0a0b84bce?s=96&d=mm&r=g","caption":"Kov\u00e1cs \u00c1d\u00e1m"}}]}},"_links":{"self":[{"href":"https:\/\/hir.mediamarkt.hu\/magazin\/wp-json\/wp\/v2\/posts\/25807"}],"collection":[{"href":"https:\/\/hir.mediamarkt.hu\/magazin\/wp-json\/wp\/v2\/posts"}],"about":[{"href":"https:\/\/hir.mediamarkt.hu\/magazin\/wp-json\/wp\/v2\/types\/post"}],"author":[{"embeddable":true,"href":"https:\/\/hir.mediamarkt.hu\/magazin\/wp-json\/wp\/v2\/users\/34"}],"replies":[{"embeddable":true,"href":"https:\/\/hir.mediamarkt.hu\/magazin\/wp-json\/wp\/v2\/comments?post=25807"}],"version-history":[{"count":5,"href":"https:\/\/hir.mediamarkt.hu\/magazin\/wp-json\/wp\/v2\/posts\/25807\/revisions"}],"predecessor-version":[{"id":25851,"href":"https:\/\/hir.mediamarkt.hu\/magazin\/wp-json\/wp\/v2\/posts\/25807\/revisions\/25851"}],"wp:featuredmedia":[{"embeddable":true,"href":"https:\/\/hir.mediamarkt.hu\/magazin\/wp-json\/wp\/v2\/media\/25818"}],"wp:attachment":[{"href":"https:\/\/hir.mediamarkt.hu\/magazin\/wp-json\/wp\/v2\/media?parent=25807"}],"wp:term":[{"taxonomy":"category","embeddable":true,"href":"https:\/\/hir.mediamarkt.hu\/magazin\/wp-json\/wp\/v2\/categories?post=25807"},{"taxonomy":"post_tag","embeddable":true,"href":"https:\/\/hir.mediamarkt.hu\/magazin\/wp-json\/wp\/v2\/tags?post=25807"}],"curies":[{"name":"wp","href":"https:\/\/api.w.org\/{rel}","templated":true}]}}