{"id":264,"date":"2013-11-20T09:11:43","date_gmt":"2013-11-20T08:11:43","guid":{"rendered":"http:\/\/hir.mediamarkt.hu\/magazin\/?p=264"},"modified":"2013-11-20T10:02:26","modified_gmt":"2013-11-20T09:02:26","slug":"ivelt-kijelzo-a-samsungtol","status":"publish","type":"post","link":"https:\/\/hir.mediamarkt.hu\/magazin\/ivelt-kijelzo-a-samsungtol\/","title":{"rendered":"\u00cdvelt kijelz\u0151 a Samsungt\u00f3l"},"content":{"rendered":"<p style=\"text-align: left;\">A Samsung eg\u00e9sz egyszer\u0171en kijelz\u0151be \u00f6lt\u00f6ztetn\u00e9 a j\u00f6v\u0151 telefonjait. A janu\u00e1ri CES ki\u00e1ll\u00edt\u00e1son l\u00e1thattuk el\u0151sz\u00f6r a Samsung els\u0151re kiss\u00e9 furcsa protot\u00edpus\u00e1t a hajl\u00edtott OLED kijelz\u0151vel, most pedig m\u00e9g egy l\u00e9p\u00e9ssel tov\u00e1bb mentek.<!--more--><\/p>\r\n<p>Igaz ez esetben \u201ecsak\u201d a konkr\u00e9t szabadalmi illusztr\u00e1ci\u00f3kat lelt\u00fck fel a weben, de gyakorlatilag megkaptuk a haszn\u00e1lati utas\u00edt\u00e1st a hajl\u00edtott-, pontosabban az OLED kijelz\u0151be burkolt majdani Samsung telefon(ok)hoz.<\/p>\r\n<p style=\"text-align: center;\"><a href=\"http:\/\/hir.mediamarkt.hu\/magazin\/wp-content\/uploads\/2013\/11\/iveltkijelzo00.png\" data-lbwps-width=\"979\" data-lbwps-height=\"395\" data-lbwps-srcsmall=\"https:\/\/hir.mediamarkt.hu\/magazin\/wp-content\/uploads\/2013\/11\/iveltkijelzo00-300x121.png\"><img loading=\"lazy\" decoding=\"async\" class=\"aligncenter  wp-image-267\" alt=\"iveltkijelzo00\" src=\"http:\/\/hir.mediamarkt.hu\/magazin\/wp-content\/uploads\/2013\/11\/iveltkijelzo00.png\" width=\"604\" height=\"211\" \/><\/a><\/p>\r\n<p>Az \u00f6tlet szokatlans\u00e1ga \u00e9s furcsas\u00e1ga ellen\u00e9re a \u201efesz\u00edtett k\u00e9perny\u0151re\u201d szabott gesztusok \u00e9s funkci\u00f3k k\u00f6z\u00f6tt van p\u00e1r \u00e1tgondolt \u00e9s praktikus is, \u00edgy p\u00e9ld\u00e1ul kifejezetten hasznosnak t\u0171nik a v\u00e1g\u00f3lap megjelen\u00edt\u00e9se a telefon \u00e9lein, de ugyanitt a g\u00f6rget\u0151s\u00e1v sem hangzik rosszul. A legt\u00f6bb funkci\u00f3 azonban ink\u00e1bb amolyan PR fog\u00e1s, hiszen az, hogy oldalt k\u00faszik fel az akkut\u00f6lt\u00f6tts\u00e9g s\u00e1vja, vagy hogy oda ker\u00fcl a n\u00e9vjegyz\u00e9k ABC-je az\u00e9rt nem a legnagyobb m\u00e9rn\u00f6ki csoda.<\/p>\r\n<p style=\"text-align: center;\"><a href=\"http:\/\/hir.mediamarkt.hu\/magazin\/wp-content\/uploads\/2013\/11\/iveltkijelzo_02.jpg\" data-lbwps-width=\"1440\" data-lbwps-height=\"429\" data-lbwps-srcsmall=\"https:\/\/hir.mediamarkt.hu\/magazin\/wp-content\/uploads\/2013\/11\/iveltkijelzo_02-300x89.jpg\"><img loading=\"lazy\" decoding=\"async\" class=\"size-large wp-image-266 aligncenter\" alt=\"iveltkijelzo_02\" src=\"http:\/\/hir.mediamarkt.hu\/magazin\/wp-content\/uploads\/2013\/11\/iveltkijelzo_02-1024x304.jpg\" width=\"604\" height=\"179\" \/><\/a><\/p>\r\n<p>Az hogy k\u00e9sz\u00fcl\u00e9k oldala gyakorlatilag egyetlen hatalmas, vari\u00e1lhat\u00f3 \u00e9s programozhat\u00f3 \u201egombsorr\u00e1\u201d v\u00e1ltozik, sokkal term\u00e9szetesebb \u00e9s sokoldal\u00fabb kezel\u00e9st tesz lehet\u0151v\u00e9, b\u00e1r ezzel gyakorlatilag a gy\u00e1rt\u00f3 megtartja mag\u00e1nak ezt az \u00e9rt\u00e9kes \u00faj fel\u00fcletet, hiszen k\u00e9ts\u00e9ges, hogy az applik\u00e1ci\u00f3 fejleszt\u0151k (egy-k\u00e9t exkluz\u00edv, a koreai c\u00e9g \u00e1ltal megrendelt alkalmaz\u00e1st\u00f3l eltekintve) k\u00fcl\u00f6n foglalkozn\u00e1nak az extra helyekkel \u00e9s lehet\u0151s\u00e9gekkel, amit a hajl\u00edtott OLED technol\u00f3gia tesz lehet\u0151v\u00e9.<\/p>\r\n<p style=\"text-align: center;\"><a href=\"http:\/\/hir.mediamarkt.hu\/magazin\/wp-content\/uploads\/2013\/11\/iveltkijelzo_01.jpg\" data-lbwps-width=\"1440\" data-lbwps-height=\"280\" data-lbwps-srcsmall=\"https:\/\/hir.mediamarkt.hu\/magazin\/wp-content\/uploads\/2013\/11\/iveltkijelzo_01-300x58.jpg\"><img loading=\"lazy\" decoding=\"async\" class=\"size-large wp-image-265 aligncenter\" alt=\"iveltkijelzo_01\" src=\"http:\/\/hir.mediamarkt.hu\/magazin\/wp-content\/uploads\/2013\/11\/iveltkijelzo_01-1024x199.jpg\" width=\"604\" height=\"117\" srcset=\"https:\/\/hir.mediamarkt.hu\/magazin\/wp-content\/uploads\/2013\/11\/iveltkijelzo_01-1024x199.jpg 1024w, https:\/\/hir.mediamarkt.hu\/magazin\/wp-content\/uploads\/2013\/11\/iveltkijelzo_01-300x58.jpg 300w, https:\/\/hir.mediamarkt.hu\/magazin\/wp-content\/uploads\/2013\/11\/iveltkijelzo_01-275x53.jpg 275w, https:\/\/hir.mediamarkt.hu\/magazin\/wp-content\/uploads\/2013\/11\/iveltkijelzo_01-768x149.jpg 768w, https:\/\/hir.mediamarkt.hu\/magazin\/wp-content\/uploads\/2013\/11\/iveltkijelzo_01-1536x299.jpg 1536w, https:\/\/hir.mediamarkt.hu\/magazin\/wp-content\/uploads\/2013\/11\/iveltkijelzo_01-2048x398.jpg 2048w, https:\/\/hir.mediamarkt.hu\/magazin\/wp-content\/uploads\/2013\/11\/iveltkijelzo_01.jpg 1440w\" sizes=\"(max-width: 604px) 100vw, 604px\" \/><\/a><\/p>\r\n<p>Azonban a Samsung felhaszn\u00e1lhatja ezt a helyet olyan ikonoknak, \u00e9rtes\u00edt\u00e9seknek, melyek rendszerszinten, az oper\u00e1ci\u00f3s rendszer \u00e9s a telefon k\u00f6zlend\u0151it hozza el\u0151t\u00e9rbe, hiszen p\u00e9ld\u00e1ul az asztalra helyezett telefon oldal\u00e1n v\u00e9gigfut\u00f3 \u00e9rtes\u00edt\u0151 (a fels\u0151 k\u00e9perny\u0151 bekapcsol\u00e1sa n\u00e9lk\u00fcl) diszkr\u00e9t t\u00e1j\u00e9koztat\u00e1st ny\u00fajthat a be\u00e9rkez\u0151 \u00fczenetekr\u0151l. Term\u00e9szetesen, hogy mikor ker\u00fcl a boltokba egy ilyen eszk\u00f6z arr\u00f3l m\u00e9g nyomokban sem lelhet\u0151ek fel inf\u00f3k, de a Samsung nem szokott sokat totoj\u00e1zni, pl\u00e1ne ha \u00edgy \u201ev\u00e9letlen\u00fcl\u201d m\u00e1r az eg\u00e9sz vil\u00e1g tud a terveikr\u0151l.<\/p>\r\n<p style=\"text-align: right;\"><span style=\"color: #c0c0c0; font-size: small;\"><em>(fot\u00f3: theverge.com, sz\u00f6veg Media Markt Magyarorsz\u00e1g)<\/em><\/span><\/p>","protected":false},"excerpt":{"rendered":"A Samsung eg\u00e9sz egyszer\u0171en kijelz\u0151be \u00f6lt\u00f6ztetn\u00e9 a j\u00f6v\u0151 telefonjait. A janu\u00e1ri CES ki\u00e1ll\u00edt\u00e1son l\u00e1thattuk el\u0151sz\u00f6r a Samsung els\u0151re kiss\u00e9 furcsa protot\u00edpus\u00e1t a hajl\u00edtott OLED kijelz\u0151vel, most pedig m\u00e9g egy l\u00e9p\u00e9ssel tov\u00e1bb mentek.","protected":false},"author":13,"featured_media":267,"comment_status":"open","ping_status":"open","sticky":false,"template":"","format":"standard","meta":{"wprm-recipe-roundup-name":"","wprm-recipe-roundup-description":"","footnotes":""},"categories":[5979],"tags":[34,33,32,35],"yoast_head":"<!-- This site is optimized with the Yoast SEO plugin v22.9 - https:\/\/yoast.com\/wordpress\/plugins\/seo\/ -->\n<title>\u00cdvelt kijelz\u0151 a Samsungt\u00f3l - MediaMarkt Magazin<\/title>\n<meta name=\"robots\" content=\"index, follow, max-snippet:-1, max-image-preview:large, max-video-preview:-1\" \/>\n<link rel=\"canonical\" href=\"https:\/\/hir.mediamarkt.hu\/magazin\/ivelt-kijelzo-a-samsungtol\/\" \/>\n<meta property=\"og:locale\" content=\"hu_HU\" \/>\n<meta property=\"og:type\" content=\"article\" \/>\n<meta property=\"og:title\" content=\"\u00cdvelt kijelz\u0151 a Samsungt\u00f3l - MediaMarkt Magazin\" \/>\n<meta property=\"og:description\" content=\"A Samsung eg\u00e9sz egyszer\u0171en kijelz\u0151be \u00f6lt\u00f6ztetn\u00e9 a j\u00f6v\u0151 telefonjait. A janu\u00e1ri CES ki\u00e1ll\u00edt\u00e1son l\u00e1thattuk el\u0151sz\u00f6r a Samsung els\u0151re kiss\u00e9 furcsa protot\u00edpus\u00e1t a hajl\u00edtott OLED kijelz\u0151vel, most pedig m\u00e9g egy l\u00e9p\u00e9ssel tov\u00e1bb mentek.\" \/>\n<meta property=\"og:url\" content=\"https:\/\/hir.mediamarkt.hu\/magazin\/ivelt-kijelzo-a-samsungtol\/\" \/>\n<meta property=\"og:site_name\" content=\"MediaMarkt Magazin\" \/>\n<meta property=\"article:publisher\" content=\"https:\/\/www.facebook.com\/MediaMarktMagyarorszag\" \/>\n<meta property=\"article:published_time\" content=\"2013-11-20T08:11:43+00:00\" \/>\n<meta property=\"article:modified_time\" content=\"2013-11-20T09:02:26+00:00\" \/>\n<meta property=\"og:image\" content=\"https:\/\/hir.mediamarkt.hu\/magazin\/wp-content\/uploads\/2013\/11\/iveltkijelzo00.png\" \/>\n\t<meta property=\"og:image:width\" content=\"979\" \/>\n\t<meta property=\"og:image:height\" content=\"395\" \/>\n\t<meta property=\"og:image:type\" content=\"image\/png\" \/>\n<meta name=\"author\" content=\"Media Markt\" \/>\n<meta name=\"twitter:label1\" content=\"Szerz\u0151:\" \/>\n\t<meta name=\"twitter:data1\" content=\"Media Markt\" \/>\n\t<meta name=\"twitter:label2\" content=\"Becs\u00fclt olvas\u00e1si id\u0151\" \/>\n\t<meta name=\"twitter:data2\" content=\"2 perc\" \/>\n<script type=\"application\/ld+json\" class=\"yoast-schema-graph\">{\"@context\":\"https:\/\/schema.org\",\"@graph\":[{\"@type\":\"WebPage\",\"@id\":\"https:\/\/hir.mediamarkt.hu\/magazin\/ivelt-kijelzo-a-samsungtol\/\",\"url\":\"https:\/\/hir.mediamarkt.hu\/magazin\/ivelt-kijelzo-a-samsungtol\/\",\"name\":\"\u00cdvelt kijelz\u0151 a Samsungt\u00f3l - MediaMarkt Magazin\",\"isPartOf\":{\"@id\":\"https:\/\/hir.mediamarkt.hu\/magazin\/#website\"},\"primaryImageOfPage\":{\"@id\":\"https:\/\/hir.mediamarkt.hu\/magazin\/ivelt-kijelzo-a-samsungtol\/#primaryimage\"},\"image\":{\"@id\":\"https:\/\/hir.mediamarkt.hu\/magazin\/ivelt-kijelzo-a-samsungtol\/#primaryimage\"},\"thumbnailUrl\":\"https:\/\/hir.mediamarkt.hu\/magazin\/wp-content\/uploads\/2013\/11\/iveltkijelzo00.png\",\"datePublished\":\"2013-11-20T08:11:43+00:00\",\"dateModified\":\"2013-11-20T09:02:26+00:00\",\"author\":{\"@id\":\"https:\/\/hir.mediamarkt.hu\/magazin\/#\/schema\/person\/b93b02ec1ab4d2353f8d281e171c1b0b\"},\"breadcrumb\":{\"@id\":\"https:\/\/hir.mediamarkt.hu\/magazin\/ivelt-kijelzo-a-samsungtol\/#breadcrumb\"},\"inLanguage\":\"hu\",\"potentialAction\":[{\"@type\":\"ReadAction\",\"target\":[\"https:\/\/hir.mediamarkt.hu\/magazin\/ivelt-kijelzo-a-samsungtol\/\"]}]},{\"@type\":\"ImageObject\",\"inLanguage\":\"hu\",\"@id\":\"https:\/\/hir.mediamarkt.hu\/magazin\/ivelt-kijelzo-a-samsungtol\/#primaryimage\",\"url\":\"https:\/\/hir.mediamarkt.hu\/magazin\/wp-content\/uploads\/2013\/11\/iveltkijelzo00.png\",\"contentUrl\":\"https:\/\/hir.mediamarkt.hu\/magazin\/wp-content\/uploads\/2013\/11\/iveltkijelzo00.png\",\"width\":979,\"height\":395},{\"@type\":\"BreadcrumbList\",\"@id\":\"https:\/\/hir.mediamarkt.hu\/magazin\/ivelt-kijelzo-a-samsungtol\/#breadcrumb\",\"itemListElement\":[{\"@type\":\"ListItem\",\"position\":1,\"name\":\"Kezd\u0151lap\",\"item\":\"https:\/\/hir.mediamarkt.hu\/magazin\/\"},{\"@type\":\"ListItem\",\"position\":2,\"name\":\"IT \u00e9s sz\u00e1m\u00edt\u00e1stechnika\",\"item\":\"https:\/\/hir.mediamarkt.hu\/magazin\/it-es-szamitastechnika\/\"},{\"@type\":\"ListItem\",\"position\":3,\"name\":\"IT h\u00edrek\",\"item\":\"https:\/\/hir.mediamarkt.hu\/magazin\/it-es-szamitastechnika\/it-hirek\/\"},{\"@type\":\"ListItem\",\"position\":4,\"name\":\"\u00cdvelt kijelz\u0151 a Samsungt\u00f3l\"}]},{\"@type\":\"WebSite\",\"@id\":\"https:\/\/hir.mediamarkt.hu\/magazin\/#website\",\"url\":\"https:\/\/hir.mediamarkt.hu\/magazin\/\",\"name\":\"MediaMarkt Magazin\",\"description\":\"Olvass bele magazinunkba!\",\"potentialAction\":[{\"@type\":\"SearchAction\",\"target\":{\"@type\":\"EntryPoint\",\"urlTemplate\":\"https:\/\/hir.mediamarkt.hu\/magazin\/?s={search_term_string}\"},\"query-input\":\"required name=search_term_string\"}],\"inLanguage\":\"hu\"},{\"@type\":\"Person\",\"@id\":\"https:\/\/hir.mediamarkt.hu\/magazin\/#\/schema\/person\/b93b02ec1ab4d2353f8d281e171c1b0b\",\"name\":\"Media Markt\",\"image\":{\"@type\":\"ImageObject\",\"inLanguage\":\"hu\",\"@id\":\"https:\/\/hir.mediamarkt.hu\/magazin\/#\/schema\/person\/image\/\",\"url\":\"https:\/\/secure.gravatar.com\/avatar\/602bccae8998beee472d01909f0978f1?s=96&d=mm&r=g\",\"contentUrl\":\"https:\/\/secure.gravatar.com\/avatar\/602bccae8998beee472d01909f0978f1?s=96&d=mm&r=g\",\"caption\":\"Media Markt\"}}]}<\/script>\n<!-- \/ Yoast SEO plugin. -->","yoast_head_json":{"title":"\u00cdvelt kijelz\u0151 a Samsungt\u00f3l - MediaMarkt Magazin","robots":{"index":"index","follow":"follow","max-snippet":"max-snippet:-1","max-image-preview":"max-image-preview:large","max-video-preview":"max-video-preview:-1"},"canonical":"https:\/\/hir.mediamarkt.hu\/magazin\/ivelt-kijelzo-a-samsungtol\/","og_locale":"hu_HU","og_type":"article","og_title":"\u00cdvelt kijelz\u0151 a Samsungt\u00f3l - MediaMarkt Magazin","og_description":"A Samsung eg\u00e9sz egyszer\u0171en kijelz\u0151be \u00f6lt\u00f6ztetn\u00e9 a j\u00f6v\u0151 telefonjait. A janu\u00e1ri CES ki\u00e1ll\u00edt\u00e1son l\u00e1thattuk el\u0151sz\u00f6r a Samsung els\u0151re kiss\u00e9 furcsa protot\u00edpus\u00e1t a hajl\u00edtott OLED kijelz\u0151vel, most pedig m\u00e9g egy l\u00e9p\u00e9ssel tov\u00e1bb mentek.","og_url":"https:\/\/hir.mediamarkt.hu\/magazin\/ivelt-kijelzo-a-samsungtol\/","og_site_name":"MediaMarkt Magazin","article_publisher":"https:\/\/www.facebook.com\/MediaMarktMagyarorszag","article_published_time":"2013-11-20T08:11:43+00:00","article_modified_time":"2013-11-20T09:02:26+00:00","og_image":[{"width":979,"height":395,"url":"https:\/\/hir.mediamarkt.hu\/magazin\/wp-content\/uploads\/2013\/11\/iveltkijelzo00.png","type":"image\/png"}],"author":"Media Markt","twitter_misc":{"Szerz\u0151:":"Media Markt","Becs\u00fclt olvas\u00e1si id\u0151":"2 perc"},"schema":{"@context":"https:\/\/schema.org","@graph":[{"@type":"WebPage","@id":"https:\/\/hir.mediamarkt.hu\/magazin\/ivelt-kijelzo-a-samsungtol\/","url":"https:\/\/hir.mediamarkt.hu\/magazin\/ivelt-kijelzo-a-samsungtol\/","name":"\u00cdvelt kijelz\u0151 a Samsungt\u00f3l - MediaMarkt Magazin","isPartOf":{"@id":"https:\/\/hir.mediamarkt.hu\/magazin\/#website"},"primaryImageOfPage":{"@id":"https:\/\/hir.mediamarkt.hu\/magazin\/ivelt-kijelzo-a-samsungtol\/#primaryimage"},"image":{"@id":"https:\/\/hir.mediamarkt.hu\/magazin\/ivelt-kijelzo-a-samsungtol\/#primaryimage"},"thumbnailUrl":"https:\/\/hir.mediamarkt.hu\/magazin\/wp-content\/uploads\/2013\/11\/iveltkijelzo00.png","datePublished":"2013-11-20T08:11:43+00:00","dateModified":"2013-11-20T09:02:26+00:00","author":{"@id":"https:\/\/hir.mediamarkt.hu\/magazin\/#\/schema\/person\/b93b02ec1ab4d2353f8d281e171c1b0b"},"breadcrumb":{"@id":"https:\/\/hir.mediamarkt.hu\/magazin\/ivelt-kijelzo-a-samsungtol\/#breadcrumb"},"inLanguage":"hu","potentialAction":[{"@type":"ReadAction","target":["https:\/\/hir.mediamarkt.hu\/magazin\/ivelt-kijelzo-a-samsungtol\/"]}]},{"@type":"ImageObject","inLanguage":"hu","@id":"https:\/\/hir.mediamarkt.hu\/magazin\/ivelt-kijelzo-a-samsungtol\/#primaryimage","url":"https:\/\/hir.mediamarkt.hu\/magazin\/wp-content\/uploads\/2013\/11\/iveltkijelzo00.png","contentUrl":"https:\/\/hir.mediamarkt.hu\/magazin\/wp-content\/uploads\/2013\/11\/iveltkijelzo00.png","width":979,"height":395},{"@type":"BreadcrumbList","@id":"https:\/\/hir.mediamarkt.hu\/magazin\/ivelt-kijelzo-a-samsungtol\/#breadcrumb","itemListElement":[{"@type":"ListItem","position":1,"name":"Kezd\u0151lap","item":"https:\/\/hir.mediamarkt.hu\/magazin\/"},{"@type":"ListItem","position":2,"name":"IT \u00e9s sz\u00e1m\u00edt\u00e1stechnika","item":"https:\/\/hir.mediamarkt.hu\/magazin\/it-es-szamitastechnika\/"},{"@type":"ListItem","position":3,"name":"IT h\u00edrek","item":"https:\/\/hir.mediamarkt.hu\/magazin\/it-es-szamitastechnika\/it-hirek\/"},{"@type":"ListItem","position":4,"name":"\u00cdvelt kijelz\u0151 a Samsungt\u00f3l"}]},{"@type":"WebSite","@id":"https:\/\/hir.mediamarkt.hu\/magazin\/#website","url":"https:\/\/hir.mediamarkt.hu\/magazin\/","name":"MediaMarkt Magazin","description":"Olvass bele magazinunkba!","potentialAction":[{"@type":"SearchAction","target":{"@type":"EntryPoint","urlTemplate":"https:\/\/hir.mediamarkt.hu\/magazin\/?s={search_term_string}"},"query-input":"required name=search_term_string"}],"inLanguage":"hu"},{"@type":"Person","@id":"https:\/\/hir.mediamarkt.hu\/magazin\/#\/schema\/person\/b93b02ec1ab4d2353f8d281e171c1b0b","name":"Media Markt","image":{"@type":"ImageObject","inLanguage":"hu","@id":"https:\/\/hir.mediamarkt.hu\/magazin\/#\/schema\/person\/image\/","url":"https:\/\/secure.gravatar.com\/avatar\/602bccae8998beee472d01909f0978f1?s=96&d=mm&r=g","contentUrl":"https:\/\/secure.gravatar.com\/avatar\/602bccae8998beee472d01909f0978f1?s=96&d=mm&r=g","caption":"Media Markt"}}]}},"_links":{"self":[{"href":"https:\/\/hir.mediamarkt.hu\/magazin\/wp-json\/wp\/v2\/posts\/264"}],"collection":[{"href":"https:\/\/hir.mediamarkt.hu\/magazin\/wp-json\/wp\/v2\/posts"}],"about":[{"href":"https:\/\/hir.mediamarkt.hu\/magazin\/wp-json\/wp\/v2\/types\/post"}],"author":[{"embeddable":true,"href":"https:\/\/hir.mediamarkt.hu\/magazin\/wp-json\/wp\/v2\/users\/13"}],"replies":[{"embeddable":true,"href":"https:\/\/hir.mediamarkt.hu\/magazin\/wp-json\/wp\/v2\/comments?post=264"}],"version-history":[{"count":23,"href":"https:\/\/hir.mediamarkt.hu\/magazin\/wp-json\/wp\/v2\/posts\/264\/revisions"}],"predecessor-version":[{"id":295,"href":"https:\/\/hir.mediamarkt.hu\/magazin\/wp-json\/wp\/v2\/posts\/264\/revisions\/295"}],"wp:featuredmedia":[{"embeddable":true,"href":"https:\/\/hir.mediamarkt.hu\/magazin\/wp-json\/wp\/v2\/media\/267"}],"wp:attachment":[{"href":"https:\/\/hir.mediamarkt.hu\/magazin\/wp-json\/wp\/v2\/media?parent=264"}],"wp:term":[{"taxonomy":"category","embeddable":true,"href":"https:\/\/hir.mediamarkt.hu\/magazin\/wp-json\/wp\/v2\/categories?post=264"},{"taxonomy":"post_tag","embeddable":true,"href":"https:\/\/hir.mediamarkt.hu\/magazin\/wp-json\/wp\/v2\/tags?post=264"}],"curies":[{"name":"wp","href":"https:\/\/api.w.org\/{rel}","templated":true}]}}