{"id":2792,"date":"2015-06-25T15:02:11","date_gmt":"2015-06-25T14:02:11","guid":{"rendered":"http:\/\/hir.mediamarkt.hu\/magazin\/?p=2792"},"modified":"2015-06-25T15:02:11","modified_gmt":"2015-06-25T14:02:11","slug":"apro-holato-kamera","status":"publish","type":"post","link":"https:\/\/hir.mediamarkt.hu\/magazin\/apro-holato-kamera\/","title":{"rendered":"Apr\u00f3 h\u0151l\u00e1t\u00f3 kamera"},"content":{"rendered":"A Flir bemutatta leg\u00fajabb h\u0151kamer\u00e1j\u00e1t, ami most m\u00e1r zsebben is elf\u00e9r.\r\n\r\nH\u0151kamer\u00e1ra nem mindenkienk van sz\u00fcks\u00e9ge, de alapvet\u0151en a Flir ebben a szegmensben, csak \u00e9pp a profi lig\u00e1ban j\u00e1tszik. Az ipari, katonai, g\u00e9p\u00e9szeti felhaszn\u00e1l\u00e1sra sz\u00e1nt kamer\u00e1k mellett nem is olyan r\u00e9g mutatta be a Flir One-t, ami anno egy az iPhone 5\/5S-re sz\u00e1nt speci\u00e1lis tok, amivel a telefon k\u00e9perny\u0151j\u00e9re var\u00e1zsolhattuk a l\u00e1thatatlant. Egy h\u0151kamera j\u00f3l j\u00f6het, ha mondjuk meg szeretn\u00e9nk tudni, hogy hol sz\u00f6kik a meleg a lak\u00e1sb\u00f3l, hol szigetelj\u00fcnk legink\u00e1bb, l\u00e1t a s\u00f6t\u00e9tben is, de alap esetben (b\u00e1r erre egy olcs\u00f3 h\u0151m\u00e9r\u0151 is el\u00e9g) m\u00e9g l\u00e1zm\u00e9r\u00e9sre is haszn\u00e1lhatjuk.\r\n\r\n<iframe loading=\"lazy\" src=\"https:\/\/www.youtube.com\/embed\/H_qJkG9fcl4?rel=0&amp;controls=0&amp;showinfo=0\" width=\"965\" height=\"543\" frameborder=\"0\" allowfullscreen=\"allowfullscreen\"><\/iframe>\r\n\r\nA leg\u00fajabb <a href=\"http:\/\/www.flir.eu\/flirone\/display\/?id=69324\" target=\"_blank\">Flir One<\/a> azonban m\u00e1r nem egy tok, csak egy az iPhone Lightning csatlakoz\u00f3j\u00e1ba (imm\u00e1r b\u00e1rmelyik \u00fajabb \u201ci\u201d eszk\u00f6z) illeszthet\u0151 apr\u00f3 kamera, amit a Flir app seg\u00edts\u00e9g\u00e9vel azonnal haszn\u00e1latba is vehet\u00fcnk \u00e9s ak\u00e1r \u00e9jjell\u00e1t\u00f3 kamerak\u00e9nt is haszn\u00e1lhatjuk a vak s\u00f6t\u00e9tben. Emellett j\u00f3 h\u00edr, hogy k\u00e9sz\u00fcl az Androidos verzi\u00f3 MicroUSB cstlakoz\u00f3val, \u00edgy a k\u00f6zelj\u00f6v\u0151ben 200 font\u00e9rt szinte b\u00e1rmilyen mobilk\u00e9sz\u00fcl\u00e9ket h\u0151kamer\u00e1v\u00e1 var\u00e1zsolhatunk.","protected":false},"excerpt":{"rendered":"A Flir bemutatta leg\u00fajabb h\u0151kamer\u00e1j\u00e1t, ami most m\u00e1r zsebben is elf\u00e9r. H\u0151kamer\u00e1ra nem mindenkienk van sz\u00fcks\u00e9ge, de alapvet\u0151en a Flir ebben a szegmensben, csak \u00e9pp a profi lig\u00e1ban j\u00e1tszik. Az ipari, katonai, g\u00e9p\u00e9szeti felhaszn\u00e1l\u00e1sra sz\u00e1nt kamer\u00e1k mellett nem is olyan r\u00e9g mutatta be a Flir One-t, ami anno egy az iPhone 5\/5S-re sz\u00e1nt speci\u00e1lis tok, amivel a telefon k\u00e9perny\u0151j\u00e9re var\u00e1zsolhattuk a l\u00e1thatatlant. Egy h\u0151kamera j\u00f3l j\u00f6het, ha mondjuk meg szeretn\u00e9nk tudni, hogy hol sz\u00f6kik a meleg a lak\u00e1sb\u00f3l, hol szigetelj\u00fcnk legink\u00e1bb, l\u00e1t a s\u00f6t\u00e9tben is, de alap esetben (b\u00e1r erre egy olcs\u00f3 h\u0151m\u00e9r\u0151 is el\u00e9g) m\u00e9g l\u00e1zm\u00e9r\u00e9sre is haszn\u00e1lhatjuk. A leg\u00fajabb Flir One azonban m\u00e1r nem egy tok, csak egy az iPhone Lightning csatlakoz\u00f3j\u00e1ba (imm\u00e1r b\u00e1rmelyik \u00fajabb \u201ci\u201d eszk\u00f6z) illeszthet\u0151 &#8230;","protected":false},"author":13,"featured_media":2793,"comment_status":"open","ping_status":"open","sticky":false,"template":"","format":"standard","meta":{"wprm-recipe-roundup-name":"","wprm-recipe-roundup-description":"","footnotes":""},"categories":[5960,5979],"tags":[1345,1344,155,156,157,43],"yoast_head":"<!-- This site is optimized with the Yoast SEO plugin v22.9 - https:\/\/yoast.com\/wordpress\/plugins\/seo\/ -->\n<title>Apr\u00f3 h\u0151l\u00e1t\u00f3 kamera - MediaMarkt Magazin<\/title>\n<meta name=\"robots\" content=\"index, follow, max-snippet:-1, max-image-preview:large, max-video-preview:-1\" \/>\n<link rel=\"canonical\" href=\"https:\/\/hir.mediamarkt.hu\/magazin\/apro-holato-kamera\/\" \/>\n<meta property=\"og:locale\" content=\"hu_HU\" \/>\n<meta property=\"og:type\" content=\"article\" \/>\n<meta property=\"og:title\" content=\"Apr\u00f3 h\u0151l\u00e1t\u00f3 kamera - MediaMarkt Magazin\" \/>\n<meta property=\"og:description\" content=\"A Flir bemutatta leg\u00fajabb h\u0151kamer\u00e1j\u00e1t, ami most m\u00e1r zsebben is elf\u00e9r. H\u0151kamer\u00e1ra nem mindenkienk van sz\u00fcks\u00e9ge, de alapvet\u0151en a Flir ebben a szegmensben, csak \u00e9pp a profi lig\u00e1ban j\u00e1tszik. Az ipari, katonai, g\u00e9p\u00e9szeti felhaszn\u00e1l\u00e1sra sz\u00e1nt kamer\u00e1k mellett nem is olyan r\u00e9g mutatta be a Flir One-t, ami anno egy az iPhone 5\/5S-re sz\u00e1nt speci\u00e1lis tok, amivel a telefon k\u00e9perny\u0151j\u00e9re var\u00e1zsolhattuk a l\u00e1thatatlant. Egy h\u0151kamera j\u00f3l j\u00f6het, ha mondjuk meg szeretn\u00e9nk tudni, hogy hol sz\u00f6kik a meleg a lak\u00e1sb\u00f3l, hol szigetelj\u00fcnk legink\u00e1bb, l\u00e1t a s\u00f6t\u00e9tben is, de alap esetben (b\u00e1r erre egy olcs\u00f3 h\u0151m\u00e9r\u0151 is el\u00e9g) m\u00e9g l\u00e1zm\u00e9r\u00e9sre is haszn\u00e1lhatjuk. A leg\u00fajabb Flir One azonban m\u00e1r nem egy tok, csak egy az iPhone Lightning csatlakoz\u00f3j\u00e1ba (imm\u00e1r b\u00e1rmelyik \u00fajabb \u201ci\u201d eszk\u00f6z) illeszthet\u0151 ...\" \/>\n<meta property=\"og:url\" content=\"https:\/\/hir.mediamarkt.hu\/magazin\/apro-holato-kamera\/\" \/>\n<meta property=\"og:site_name\" content=\"MediaMarkt Magazin\" \/>\n<meta property=\"article:publisher\" content=\"https:\/\/www.facebook.com\/MediaMarktMagyarorszag\" \/>\n<meta property=\"article:published_time\" content=\"2015-06-25T14:02:11+00:00\" \/>\n<meta property=\"og:image\" content=\"https:\/\/hir.mediamarkt.hu\/magazin\/wp-content\/uploads\/2015\/06\/flirSL.png\" \/>\n\t<meta property=\"og:image:width\" content=\"1147\" \/>\n\t<meta property=\"og:image:height\" content=\"486\" \/>\n\t<meta property=\"og:image:type\" content=\"image\/png\" \/>\n<meta name=\"author\" content=\"Media Markt\" \/>\n<meta name=\"twitter:label1\" content=\"Szerz\u0151:\" \/>\n\t<meta name=\"twitter:data1\" content=\"Media Markt\" \/>\n\t<meta name=\"twitter:label2\" content=\"Becs\u00fclt olvas\u00e1si id\u0151\" \/>\n\t<meta name=\"twitter:data2\" content=\"1 perc\" \/>\n<script type=\"application\/ld+json\" class=\"yoast-schema-graph\">{\"@context\":\"https:\/\/schema.org\",\"@graph\":[{\"@type\":\"WebPage\",\"@id\":\"https:\/\/hir.mediamarkt.hu\/magazin\/apro-holato-kamera\/\",\"url\":\"https:\/\/hir.mediamarkt.hu\/magazin\/apro-holato-kamera\/\",\"name\":\"Apr\u00f3 h\u0151l\u00e1t\u00f3 kamera - MediaMarkt Magazin\",\"isPartOf\":{\"@id\":\"https:\/\/hir.mediamarkt.hu\/magazin\/#website\"},\"primaryImageOfPage\":{\"@id\":\"https:\/\/hir.mediamarkt.hu\/magazin\/apro-holato-kamera\/#primaryimage\"},\"image\":{\"@id\":\"https:\/\/hir.mediamarkt.hu\/magazin\/apro-holato-kamera\/#primaryimage\"},\"thumbnailUrl\":\"https:\/\/hir.mediamarkt.hu\/magazin\/wp-content\/uploads\/2015\/06\/flirSL.png\",\"datePublished\":\"2015-06-25T14:02:11+00:00\",\"dateModified\":\"2015-06-25T14:02:11+00:00\",\"author\":{\"@id\":\"https:\/\/hir.mediamarkt.hu\/magazin\/#\/schema\/person\/b93b02ec1ab4d2353f8d281e171c1b0b\"},\"breadcrumb\":{\"@id\":\"https:\/\/hir.mediamarkt.hu\/magazin\/apro-holato-kamera\/#breadcrumb\"},\"inLanguage\":\"hu\",\"potentialAction\":[{\"@type\":\"ReadAction\",\"target\":[\"https:\/\/hir.mediamarkt.hu\/magazin\/apro-holato-kamera\/\"]}]},{\"@type\":\"ImageObject\",\"inLanguage\":\"hu\",\"@id\":\"https:\/\/hir.mediamarkt.hu\/magazin\/apro-holato-kamera\/#primaryimage\",\"url\":\"https:\/\/hir.mediamarkt.hu\/magazin\/wp-content\/uploads\/2015\/06\/flirSL.png\",\"contentUrl\":\"https:\/\/hir.mediamarkt.hu\/magazin\/wp-content\/uploads\/2015\/06\/flirSL.png\",\"width\":1147,\"height\":486},{\"@type\":\"BreadcrumbList\",\"@id\":\"https:\/\/hir.mediamarkt.hu\/magazin\/apro-holato-kamera\/#breadcrumb\",\"itemListElement\":[{\"@type\":\"ListItem\",\"position\":1,\"name\":\"Kezd\u0151lap\",\"item\":\"https:\/\/hir.mediamarkt.hu\/magazin\/\"},{\"@type\":\"ListItem\",\"position\":2,\"name\":\"\u00c9letm\u00f3d \u00e9s szabadid\u0151\",\"item\":\"https:\/\/hir.mediamarkt.hu\/magazin\/eletmod-es-szabadido\/\"},{\"@type\":\"ListItem\",\"position\":3,\"name\":\"Fot\u00f3z\u00e1s\",\"item\":\"https:\/\/hir.mediamarkt.hu\/magazin\/eletmod-es-szabadido\/fotozas\/\"},{\"@type\":\"ListItem\",\"position\":4,\"name\":\"Apr\u00f3 h\u0151l\u00e1t\u00f3 kamera\"}]},{\"@type\":\"WebSite\",\"@id\":\"https:\/\/hir.mediamarkt.hu\/magazin\/#website\",\"url\":\"https:\/\/hir.mediamarkt.hu\/magazin\/\",\"name\":\"MediaMarkt Magazin\",\"description\":\"Olvass bele magazinunkba!\",\"potentialAction\":[{\"@type\":\"SearchAction\",\"target\":{\"@type\":\"EntryPoint\",\"urlTemplate\":\"https:\/\/hir.mediamarkt.hu\/magazin\/?s={search_term_string}\"},\"query-input\":\"required name=search_term_string\"}],\"inLanguage\":\"hu\"},{\"@type\":\"Person\",\"@id\":\"https:\/\/hir.mediamarkt.hu\/magazin\/#\/schema\/person\/b93b02ec1ab4d2353f8d281e171c1b0b\",\"name\":\"Media Markt\",\"image\":{\"@type\":\"ImageObject\",\"inLanguage\":\"hu\",\"@id\":\"https:\/\/hir.mediamarkt.hu\/magazin\/#\/schema\/person\/image\/\",\"url\":\"https:\/\/secure.gravatar.com\/avatar\/602bccae8998beee472d01909f0978f1?s=96&d=mm&r=g\",\"contentUrl\":\"https:\/\/secure.gravatar.com\/avatar\/602bccae8998beee472d01909f0978f1?s=96&d=mm&r=g\",\"caption\":\"Media Markt\"}}]}<\/script>\n<!-- \/ Yoast SEO plugin. -->","yoast_head_json":{"title":"Apr\u00f3 h\u0151l\u00e1t\u00f3 kamera - MediaMarkt Magazin","robots":{"index":"index","follow":"follow","max-snippet":"max-snippet:-1","max-image-preview":"max-image-preview:large","max-video-preview":"max-video-preview:-1"},"canonical":"https:\/\/hir.mediamarkt.hu\/magazin\/apro-holato-kamera\/","og_locale":"hu_HU","og_type":"article","og_title":"Apr\u00f3 h\u0151l\u00e1t\u00f3 kamera - MediaMarkt Magazin","og_description":"A Flir bemutatta leg\u00fajabb h\u0151kamer\u00e1j\u00e1t, ami most m\u00e1r zsebben is elf\u00e9r. H\u0151kamer\u00e1ra nem mindenkienk van sz\u00fcks\u00e9ge, de alapvet\u0151en a Flir ebben a szegmensben, csak \u00e9pp a profi lig\u00e1ban j\u00e1tszik. Az ipari, katonai, g\u00e9p\u00e9szeti felhaszn\u00e1l\u00e1sra sz\u00e1nt kamer\u00e1k mellett nem is olyan r\u00e9g mutatta be a Flir One-t, ami anno egy az iPhone 5\/5S-re sz\u00e1nt speci\u00e1lis tok, amivel a telefon k\u00e9perny\u0151j\u00e9re var\u00e1zsolhattuk a l\u00e1thatatlant. Egy h\u0151kamera j\u00f3l j\u00f6het, ha mondjuk meg szeretn\u00e9nk tudni, hogy hol sz\u00f6kik a meleg a lak\u00e1sb\u00f3l, hol szigetelj\u00fcnk legink\u00e1bb, l\u00e1t a s\u00f6t\u00e9tben is, de alap esetben (b\u00e1r erre egy olcs\u00f3 h\u0151m\u00e9r\u0151 is el\u00e9g) m\u00e9g l\u00e1zm\u00e9r\u00e9sre is haszn\u00e1lhatjuk. A leg\u00fajabb Flir One azonban m\u00e1r nem egy tok, csak egy az iPhone Lightning csatlakoz\u00f3j\u00e1ba (imm\u00e1r b\u00e1rmelyik \u00fajabb \u201ci\u201d eszk\u00f6z) illeszthet\u0151 ...","og_url":"https:\/\/hir.mediamarkt.hu\/magazin\/apro-holato-kamera\/","og_site_name":"MediaMarkt Magazin","article_publisher":"https:\/\/www.facebook.com\/MediaMarktMagyarorszag","article_published_time":"2015-06-25T14:02:11+00:00","og_image":[{"width":1147,"height":486,"url":"https:\/\/hir.mediamarkt.hu\/magazin\/wp-content\/uploads\/2015\/06\/flirSL.png","type":"image\/png"}],"author":"Media Markt","twitter_misc":{"Szerz\u0151:":"Media Markt","Becs\u00fclt olvas\u00e1si id\u0151":"1 perc"},"schema":{"@context":"https:\/\/schema.org","@graph":[{"@type":"WebPage","@id":"https:\/\/hir.mediamarkt.hu\/magazin\/apro-holato-kamera\/","url":"https:\/\/hir.mediamarkt.hu\/magazin\/apro-holato-kamera\/","name":"Apr\u00f3 h\u0151l\u00e1t\u00f3 kamera - MediaMarkt Magazin","isPartOf":{"@id":"https:\/\/hir.mediamarkt.hu\/magazin\/#website"},"primaryImageOfPage":{"@id":"https:\/\/hir.mediamarkt.hu\/magazin\/apro-holato-kamera\/#primaryimage"},"image":{"@id":"https:\/\/hir.mediamarkt.hu\/magazin\/apro-holato-kamera\/#primaryimage"},"thumbnailUrl":"https:\/\/hir.mediamarkt.hu\/magazin\/wp-content\/uploads\/2015\/06\/flirSL.png","datePublished":"2015-06-25T14:02:11+00:00","dateModified":"2015-06-25T14:02:11+00:00","author":{"@id":"https:\/\/hir.mediamarkt.hu\/magazin\/#\/schema\/person\/b93b02ec1ab4d2353f8d281e171c1b0b"},"breadcrumb":{"@id":"https:\/\/hir.mediamarkt.hu\/magazin\/apro-holato-kamera\/#breadcrumb"},"inLanguage":"hu","potentialAction":[{"@type":"ReadAction","target":["https:\/\/hir.mediamarkt.hu\/magazin\/apro-holato-kamera\/"]}]},{"@type":"ImageObject","inLanguage":"hu","@id":"https:\/\/hir.mediamarkt.hu\/magazin\/apro-holato-kamera\/#primaryimage","url":"https:\/\/hir.mediamarkt.hu\/magazin\/wp-content\/uploads\/2015\/06\/flirSL.png","contentUrl":"https:\/\/hir.mediamarkt.hu\/magazin\/wp-content\/uploads\/2015\/06\/flirSL.png","width":1147,"height":486},{"@type":"BreadcrumbList","@id":"https:\/\/hir.mediamarkt.hu\/magazin\/apro-holato-kamera\/#breadcrumb","itemListElement":[{"@type":"ListItem","position":1,"name":"Kezd\u0151lap","item":"https:\/\/hir.mediamarkt.hu\/magazin\/"},{"@type":"ListItem","position":2,"name":"\u00c9letm\u00f3d \u00e9s szabadid\u0151","item":"https:\/\/hir.mediamarkt.hu\/magazin\/eletmod-es-szabadido\/"},{"@type":"ListItem","position":3,"name":"Fot\u00f3z\u00e1s","item":"https:\/\/hir.mediamarkt.hu\/magazin\/eletmod-es-szabadido\/fotozas\/"},{"@type":"ListItem","position":4,"name":"Apr\u00f3 h\u0151l\u00e1t\u00f3 kamera"}]},{"@type":"WebSite","@id":"https:\/\/hir.mediamarkt.hu\/magazin\/#website","url":"https:\/\/hir.mediamarkt.hu\/magazin\/","name":"MediaMarkt Magazin","description":"Olvass bele magazinunkba!","potentialAction":[{"@type":"SearchAction","target":{"@type":"EntryPoint","urlTemplate":"https:\/\/hir.mediamarkt.hu\/magazin\/?s={search_term_string}"},"query-input":"required name=search_term_string"}],"inLanguage":"hu"},{"@type":"Person","@id":"https:\/\/hir.mediamarkt.hu\/magazin\/#\/schema\/person\/b93b02ec1ab4d2353f8d281e171c1b0b","name":"Media Markt","image":{"@type":"ImageObject","inLanguage":"hu","@id":"https:\/\/hir.mediamarkt.hu\/magazin\/#\/schema\/person\/image\/","url":"https:\/\/secure.gravatar.com\/avatar\/602bccae8998beee472d01909f0978f1?s=96&d=mm&r=g","contentUrl":"https:\/\/secure.gravatar.com\/avatar\/602bccae8998beee472d01909f0978f1?s=96&d=mm&r=g","caption":"Media Markt"}}]}},"_links":{"self":[{"href":"https:\/\/hir.mediamarkt.hu\/magazin\/wp-json\/wp\/v2\/posts\/2792"}],"collection":[{"href":"https:\/\/hir.mediamarkt.hu\/magazin\/wp-json\/wp\/v2\/posts"}],"about":[{"href":"https:\/\/hir.mediamarkt.hu\/magazin\/wp-json\/wp\/v2\/types\/post"}],"author":[{"embeddable":true,"href":"https:\/\/hir.mediamarkt.hu\/magazin\/wp-json\/wp\/v2\/users\/13"}],"replies":[{"embeddable":true,"href":"https:\/\/hir.mediamarkt.hu\/magazin\/wp-json\/wp\/v2\/comments?post=2792"}],"version-history":[{"count":2,"href":"https:\/\/hir.mediamarkt.hu\/magazin\/wp-json\/wp\/v2\/posts\/2792\/revisions"}],"predecessor-version":[{"id":2795,"href":"https:\/\/hir.mediamarkt.hu\/magazin\/wp-json\/wp\/v2\/posts\/2792\/revisions\/2795"}],"wp:featuredmedia":[{"embeddable":true,"href":"https:\/\/hir.mediamarkt.hu\/magazin\/wp-json\/wp\/v2\/media\/2793"}],"wp:attachment":[{"href":"https:\/\/hir.mediamarkt.hu\/magazin\/wp-json\/wp\/v2\/media?parent=2792"}],"wp:term":[{"taxonomy":"category","embeddable":true,"href":"https:\/\/hir.mediamarkt.hu\/magazin\/wp-json\/wp\/v2\/categories?post=2792"},{"taxonomy":"post_tag","embeddable":true,"href":"https:\/\/hir.mediamarkt.hu\/magazin\/wp-json\/wp\/v2\/tags?post=2792"}],"curies":[{"name":"wp","href":"https:\/\/api.w.org\/{rel}","templated":true}]}}