{"id":33,"date":"2013-09-17T00:00:00","date_gmt":"2013-09-17T00:00:00","guid":{"rendered":""},"modified":"-0001-11-30T00:00:00","modified_gmt":"-0001-11-29T23:00:00","slug":"sony-vaio-duo-a-dragaszaaag","status":"publish","type":"post","link":"https:\/\/hir.mediamarkt.hu\/magazin\/sony-vaio-duo-a-dragaszaaag\/","title":{"rendered":"Sony VAIO Duo, a dr\u00e1gasz\u00e1\u00e1\u00e1g"},"content":{"rendered":"<div>  \t  \t<p><b>A Sony majdnem f\u00e9lmilli\u00f3s tablet-ultrabook hibridj\u00e9t n\u00e9zt\u00fck meg k\u00f6zelebbr\u0151l.<\/b><\/p>      \t<br>     \t<center><img src='http:\/\/hir.mediamarkt.hu\/magazin\/images\/0917_01.png' border='0' alt='' \/>     \t   \t   \t   \t   \t   \t   \t<br>  \t<\/center>      <p>       Ha egy notebook \u00e1rc\u00e9dul\u00e1j\u00e1n 479.900 Ft van felt\u00fcntetve, akkor ott kell lennie valami turpiss\u00e1gnak. A Sony VAIO Duo 13 eset\u00e9ben p\u00e9ld\u00e1ul r\u00f6gt\u00f6n l\u00e1tszik, hogy rosszul van a kijelz\u0151, hiszen kifel\u00e9 \u00e1ll, pont ford\u00edtva, mint egy norm\u00e1l notebookon. Ezen fel\u00fcl a szok\u00e1sos dr\u00e1ga k\u00fclcs\u00ednt kapjuk. V\u00e9kony k\u00e9sz\u00fcl\u00e9kh\u00e1zat, ahogy egy Ultrabookhoz illik mostans\u00e1g, sz\u00f6gletes form\u00e1kat, ami kifejezetten j\u00f3l \u00e1ll a mostani VAIO g\u00e9peknek, \u00edgy a Duonak is. Kicsi, k\u00f6nny\u0171 \u00e9s sz\u00e9p, de ez m\u00e9g kor\u00e1ntsem \u00e9r meg k\u00f6zel f\u00e9l milli\u00f3 forintot. De kicsit lass\u00edtsunk \u00e9s n\u00e9zz\u00fck meg k\u00f6zelebbr\u0151l az ez\u00fcst g\u00e9pcsod\u00e1t.     <\/p>            \t<br>     \t<center><img src='http:\/\/hir.mediamarkt.hu\/magazin\/images\/0917_02.png' border='0' alt='' \/>     \t   \t   \t   \t   \t   \t   \t<br>  \t<\/center>    \t  \t<br>    \t   <p>    \t  Megk\u00f6zel\u00edt\u0151leg egy \u00e9ve, hogy elkezdt\u00fck &#8222;tapicskolni&#8221; a notebookok k\u00e9perny\u0151j\u00e9t. Term\u00e9szetesen nem a m\u00e1r a k\u00e9tezres \u00e9vek eleje \u00f3ta jelen l\u00e9v\u0151 m\u00e9regdr\u00e1ga, f\u0151leg az \u00fczleti szegmensbe sz\u00e1nt tablet-notebookra gondolunk, ahol az irre\u00e1lis \u00e1rc\u00e9dul\u00e1k mell\u00e9 \u00fagy ahogy m\u0171k\u00f6d\u0151 technol\u00f3gi\u00e1kat kaptunk. A nemr\u00e9giben megjelent \u00e9rint\u0151kijelz\u0151s notebookok nagy t\u00f6bbs\u00e9ge teljesen klasszikus kialak\u00edt\u00e1s\u00fa notebook, ami nem t\u00fal k\u00e9nyelmes \u00e9rint\u00e9ses haszn\u00e1latot tesz lehet\u0151v\u00e9. A klaviat\u00fara felett \u00e1tny\u00falva, egy izg\u0151-mozg\u00f3, rug\u00f3z\u00f3 k\u00e9perny\u0151t b\u00f6kd\u00f6sni ugyanis nem t\u00fal nagy \u00e9lvezet. Mindezek felett az els\u0151 ilyen g\u00e9pek kijelz\u0151i finoman sz\u00f3lva sem voltak meggy\u0151z\u0151ek, ami a pontoss\u00e1got \u00e9s a technol\u00f3giai megold\u00e1sokat illeti. K\u00f6zben azonban megszoktuk a WIndows 8 csemp\u00e9it, a legnagyobb gy\u00e1rt\u00f3k pedig r\u00e1j\u00f6ttek, hogy ha kicsit megbolond\u00edtj\u00e1k a notebookok zsan\u00e9rjait \u00e9s jobb paneleket haszn\u00e1lnak, akkor m\u00e9g \u00e9rtelme is lehet a dolognak. \u00c9s l\u00e1m el\u00e1rasztott\u00e1k a piacot a m\u00e1r haszn\u00e1lhat\u00f3, a Windows 8 \u00e9rint\u00e9ses vez\u00e9rl\u00e9s\u00e9t kihaszn\u00e1l\u00f3, egyedi zsan\u00e9rmegold\u00e1sokkal felv\u00e9rtezett hibrid Ultrabookok, amik k\u00f6z\u00fcl most a Sony 13.3 colos VAIO Duo n\u00e9vre keresztelt g\u00e9p\u00e9t kaptuk meg p\u00e1r napra.     <\/p>             \t<br>     \t<center><img src='http:\/\/hir.mediamarkt.hu\/magazin\/images\/0917_03.png' border='0' alt='' \/>     \t   \t   \t   \t   \t   \t   \t<br>  \t<\/center>    \t  \t<br>    \t   <p>    \t  Az ez\u00fcst \u00e9s feh\u00e9r burkolat szinte teljes eg\u00e9sz\u00e9ben magn\u00e9ziumb\u00f3l k\u00e9sz\u00fclt, a zsan\u00e9r kapott egy komolyabb alu merev\u00edt\u00e9st, \u00e9s a kijelz\u0151 k\u00f6rny\u00e9ke maradt f\u00e9nyes feh\u00e9r m\u0171anyag, \u00edgy egyr\u00e9szt a g\u00e9p k\u00f6nny\u0171 maradt, m\u00e1sr\u00e9szt megfelel\u0151en, s\u0151t meglep\u0151en merev lett a g\u00e9ph\u00e1z. A Sony VAIO Duo legnagyobb tr\u00fckkje az \u00e9rint\u0151kijelz\u0151 \u00e9s az ehhez kapcsol\u00f3d\u00f3 zsan\u00e9rmegold\u00e1s, aminek k\u00f6sz\u00f6nhet\u0151en notebook \u00e1ll\u00e1sban ugyan csak egy sz\u00f6gben haszn\u00e1lhatjuk, de a kijelz\u0151 mereven \u00e1ll, semmilyen l\u00f6ty\u00f6g\u00e9s, vagy mozg\u00e1s nem tapasztalhat\u00f3, r\u00e1ad\u00e1sul m\u00e9g k\u00e9nyelmes is. A klaviat\u00fara szigetes \u00e9s term\u00e9szetesen h\u00e1tt\u00e9rvil\u00e1g\u00edt\u00e1st is kapott, \u00e1m a lapos g\u00e9pekhez m\u00e9lt\u00f3an kopog\u00f3san, r\u00f6vid \u00faton j\u00e1rnak, ami mindenk\u00e9pp ig\u00e9nyel p\u00e1r \u00f3ra megszok\u00e1st azoknak, akik m\u00e9g nem tal\u00e1lkoztak Ultrabookos billenty\u0171zettel. Van touchpad, de igaz\u00e1b\u00f3l felesleges, hiszen a gyuf\u00e1sdobozn\u00e1l is keskenyebb apr\u00f3 beviteli eszk\u00f6z majdnem haszn\u00e1lhatatlan, de az \u00e9rint\u0151k\u00e9perny\u0151nek h\u00e1la legal\u00e1bb teljesen felesleges.     <\/p>             \t<br>     \t<center><img src='http:\/\/hir.mediamarkt.hu\/magazin\/images\/0917_04.png' border='0' alt='' \/>     \t   \t   \t   \t   \t   \t   \t<br>  \t<\/center>    \t  \t<br>    \t   <p>    \t  A tablet jellegb\u0151l \u00e9s az Ultrabook v\u00e9konys\u00e1gb\u00f3l fakad\u00f3an a csatlakoz\u00f3k furcsa helyre ker\u00fcltek, konkr\u00e9tan legh\u00e1tulra, \u00edgy k\u00e9t oldalt \u00e9s el\u00f6l az \u00e9gegyadta vil\u00e1gon semmit sem tudunk a VAIO Duo 13-ba dugni. H\u00e1tul a csatlakoz\u00f3k, amolyan Ultrabookosan kevesen vannak \u00e9s a legsz\u00fcks\u00e9gesebbekre szor\u00edtkoznak, \u00edgy balr\u00f3l jobbra a h\u0171t\u0151bord\u00e1k szell\u0151z\u0151r\u00e1csa mellett tal\u00e1lunk egy k\u00e1rtyaolvas\u00f3t, majd egy HDMI csatlakoz\u00f3t, k\u00e9t 3.0-\u00e1s USB portot, egy 3-5-\u00f6s fejhallgat\u00f3\/mikrofon ki-bej\u00e1ratot \u00e9s a t\u00e1pcsatlakoz\u00f3t, pont. A k\u00e9t USB kicsit kev\u00e9s v\u00e9lem\u00e9ny\u00fcnk szerint, de a 3.0-\u00e1s szabv\u00e1nynak k\u00f6sz\u00f6nhet\u0151en egy megfelel\u0151 eloszt\u00f3val sz\u00e9pen ki lehet b\u0151v\u00edteni a csatlakoztathat\u00f3 perif\u00e9ri\u00e1k sz\u00e1m\u00e1t, viszont a k\u00e9t port kiss\u00e9 t\u00fal k\u00f6zel ker\u00fclt egym\u00e1shoz, \u00edgy ha p\u00e9ld\u00e1ul ha egy r\u00e9gebbi, vastagabb pendrive-ot dugunk az egyikbe, akkor a m\u00e1sik csatlakoz\u00f3t ezzel el is vesztett\u00fck, ami nagyon nem szerencs\u00e9s. Ha csatlakoz\u00f3t nem is, de h\u00e1rom extra gombot tal\u00e1lunk a k\u00e9sz\u00fcl\u00e9kh\u00e1z alj\u00e1n a hangsz\u00f3r\u00f3r\u00e1csozatba illesztve: k\u00e9t hanger\u0151szab\u00e1lyz\u00f3t \u00e9s egy Assist felirat\u00fa gombot, ami a biztons\u00e1gi ment\u00e9st \u00e9s a karbantart\u00e1s\u00e9rt felel\u0151s szoftvercsomagot ind\u00edtja. LAN csatlakoz\u00f3t ne keress\u00fcnk a g\u00e9pen, hiszen egyszer\u0171en nem f\u00e9rne el, \u00edgy a VAIO Pron\u00e1l megismert mini WiFiroutert kapjuk a Duo mell\u00e9 is. \u00c9rdekess\u00e9g, hogy a g\u00e9p alj\u00e1n tal\u00e1lunk egy a Sony f\u00e9nyk\u00e9pez\u0151g\u00e9pekb\u0151l ismert Exmor RS technol\u00f3gi\u00e1t haszn\u00e1l\u00f3, 8 megapixeles kamer\u00e1t, amit tablet m\u00f3dban fot\u00f3z\u00e1sra \u00e9s FullHD vide\u00f3k k\u00e9sz\u00edt\u00e9s\u00e9re haszn\u00e1lhatunk, a k\u00e9perny\u0151 f\u00f6l\u00f6tt pedig egy 2 megapixeles FullHD kamera kapott helyet, p\u00e9ld\u00e1ulvideotelefon\u00e1l\u00e1shoz. Mindezek mellett van m\u00e9g egy els\u0151re \u00e9rthetetlen gum\u00edrozott p\u00f6c\u00f6k a g\u00e9p jobb fels\u0151 sark\u00e1ban, ami a VAIO Duohoz kapott kapacit\u00edv toll tart\u00f3ja, ha \u00e9pp nem haszn\u00e1ljuk.     <\/p>     <iframe loading=\"lazy\" width=\"500\" height=\"375\" src=\"\/\/www.youtube.com\/embed\/JiSyuo2CCRA\" frameborder=\"0\" allowfullscreen><\/iframe>     \t   <p>    \t  De haszn\u00e1lni fogjuk, ez biztos. Egyr\u00e9szt az\u00e9rt, mert a 13.3 colos, a Sony saj\u00e1t Triluminos technol\u00f3gi\u00e1j\u00e1t haszn\u00e1l\u00f3, FullHDIPS kijelz\u0151 egyszer\u0171en pazar. A fenti vide\u00f3 is a kiz\u00e1r\u00f3lag \u00e9rint\u00e9ssel \u00e9s a kapott kapacit\u00edv tollal t\u00f6rt\u00e9n\u0151 bevitelt p\u00e9ld\u00e1zza,tabletm\u00f3dban, \u00f6sszecsukott \u00e1llapotban. A k\u00e9perny\u0151 (\u00e9s a toll is) meglehet\u0151sen pontosan \u00e9rz\u00e9kel \u00e9s m\u00e1r-m\u00e1r grafikai munk\u00e1kra alkalmas sz\u00ednekkel k\u00e9nyeztet, t\u00e9nyleg \u00e9lm\u00e9ny haszn\u00e1lni.  R\u00e1ad\u00e1sul a g\u00e9pben l\u00e9v\u0151 hardver is partner lesz ebben, hiszen az alacsony fogyaszt\u00e1s\u00fa i5-\u00f6s processzor az SSD-vel vill\u00e1mgyorsan teszi a dolg\u00e1t, f\u0151leg, ha a t\u00e1pk\u00e1belt is csatlakoztatjuk, hiszen ilyenkor a processzor \u00f3rajele 1.6GHz-r\u0151l 2.6-ra ugrik, ami az\u00e9rt \u00e9rezhet\u0151 gyorsul\u00e1st eredm\u00e9nyez. A 4GB RAM el\u00e9g, de ebben az \u00e1rkateg\u00f3ri\u00e1ban az\u00e9rt a dupl\u00e1j\u00e1t sim\u00e1n elfogadn\u00e1nk, r\u00e1ad\u00e1sul ut\u00f3lag nem is b\u0151v\u00edthet\u0151, csak\u00fagy, mint az alapb\u00f3l 128GB m\u00e9ret\u0171 SSD, ami szint\u00e9n nem t\u00fal sok, de legal\u00e1bb egy \u201ep\u00f6rg\u0151sebb\u201d darab. A Windows 8 megh\u00e1l\u00e1lja,ha rendes hardvert pakolnak al\u00e1.A VAIO Duo eset\u00e9ben, csak akkur\u00f3l haszn\u00e1lva \u00e9s ott is csak a nagyobb ig\u00e9nybev\u00e9tel\u0171 alkalmaz\u00e1sokn\u00e1l voltak apr\u00f3bb d\u00f6ccen\u00e9sek, de ugye ilyenkor a processzor (hogy sp\u00f3roljon az energi\u00e1val) lejjebb veszi az \u00f3rajelet.     <\/p>              \t<br>     \t<center><img src='http:\/\/hir.mediamarkt.hu\/magazin\/images\/0917_05.png' border='0' alt='' \/>     \t   \t   \t   \t   \t   \t   \t<br>  \t<\/center>    \t  \t<br>    \t   <p>    \t  Ha m\u00e1r energia, ejts\u00fcnk sz\u00f3t gyorsan a be\u00e9p\u00edtett akkur\u00f3l is, hiszen a 6320mAh-es energiaforr\u00e1s k\u00f6zel h\u00e9t \u00f3r\u00e1n kereszt\u00fcl k\u00e9pes norm\u00e1l haszn\u00e1lat mellett \u00e9letben tartani a g\u00e9pet, ami az 1.3 kil\u00f3s t\u00f6meget, a FullHD kijelz\u0151t is figyelembe v\u00e9ve nagyon sz\u00e9p adat. Mindek\u00f6zben pedig (m\u00e9g 100%-os terhel\u00e9s mellett is) szinte hangtalan a VAIO Duo, mindezt \u00fagy, hogy ek\u00f6zben mind\u00f6ssze 64 fokra melegedett fel a processzor, ami szinte hihetetlen\u00fcl j\u00f3 adat. Ennek k\u00f6sz\u00f6nhet\u0151en a k\u00e9sz\u00fcl\u00e9k burkolata sem melegszik fel  annyira, hogy kellemetlen legyen \u00f6lben haszn\u00e1lni, ami egy 13.3 colos tabletn\u00e9l s\u0171r\u0171n el\u0151 fog fordulni.  Mindent \u00f6sszevetve a Sony megint kitett mag\u00e1\u00e9rt, hiszen b\u00e1r az \u00e1rc\u00e9dula igen vastag, cser\u00e9be egyedi megold\u00e1sokat \u00e9s egy nagyon j\u00f3l haszn\u00e1lhat\u00f3 eszk\u00f6zt kapunk. Eg\u00e9sz biztosan nincs mindenkinek sz\u00fcks\u00e9ge egy k\u00f6nny\u0171, FullHD felbont\u00e1s\u00fa gyors tabletre, de ennek ellen\u00e9re a VAIO Duo egyedi, eredeti \u00e9s min\u0151s\u00e9gi darab!      <\/p>       <p>     Forr\u00e1s: Media Markt Magyarorsz\u00e1g  <\/p>    <!-- FB HSZ -->    \t<div id=\"fb-root\"><\/div>  \t<script>  \t(function(d, s, id) {  \t  var js, fjs = d.getElementsByTagName(s)[0];  \t  if (d.getElementById(id)) return;  \t  js = d.createElement(s); js.id = id;  \t  js.src = \"http:\/\/connect.facebook.net\/hu_HU\/all.js#xfbml=1&appId=282207548525345\";  \t  fjs.parentNode.insertBefore(js, fjs);  \t}(document, 'script', 'facebook-jssdk'));  \t  \t<\/script>  \t  <\/div><div class='fb-comments' data-href='http:\/\/hir.mediamarkt.hu\/magazin\/Sony_VAIO_Duo_a_dragaszaaag' data-num-posts='10' data-width='515'><\/div>","protected":false},"excerpt":{"rendered":"A Sony majdnem f\u00e9lmilli\u00f3s tablet-ultrabook hibridj\u00e9t n\u00e9zt\u00fck meg k\u00f6zelebbr\u0151l. Ha egy notebook \u00e1rc\u00e9dul\u00e1j\u00e1n 479.900 Ft van felt\u00fcntetve, akkor ott kell lennie valami turpiss\u00e1gnak. A Sony VAIO Duo 13 eset\u00e9ben p\u00e9ld\u00e1ul r\u00f6gt\u00f6n l\u00e1tszik, hogy rosszul van a kijelz\u0151, hiszen kifel\u00e9 \u00e1ll, pont ford\u00edtva, mint egy norm\u00e1l notebookon. Ezen fel\u00fcl a szok\u00e1sos dr\u00e1ga k\u00fclcs\u00ednt kapjuk. V\u00e9kony k\u00e9sz\u00fcl\u00e9kh\u00e1zat, ahogy egy Ultrabookhoz illik mostans\u00e1g, sz\u00f6gletes form\u00e1kat, ami kifejezetten j\u00f3l \u00e1ll a mostani VAIO g\u00e9peknek, \u00edgy a Duonak is. Kicsi, k\u00f6nny\u0171 \u00e9s sz\u00e9p, de ez m\u00e9g kor\u00e1ntsem \u00e9r meg k\u00f6zel f\u00e9l milli\u00f3 forintot. De kicsit lass\u00edtsunk \u00e9s n\u00e9zz\u00fck meg k\u00f6zelebbr\u0151l az ez\u00fcst g\u00e9pcsod\u00e1t. Megk\u00f6zel\u00edt\u0151leg egy \u00e9ve, hogy elkezdt\u00fck &#8222;tapicskolni&#8221; a notebookok k\u00e9perny\u0151j\u00e9t. Term\u00e9szetesen nem a m\u00e1r a k\u00e9tezres \u00e9vek eleje \u00f3ta jelen l\u00e9v\u0151 m\u00e9regdr\u00e1ga, f\u0151leg &#8230;","protected":false},"author":1,"featured_media":0,"comment_status":"open","ping_status":"open","sticky":false,"template":"","format":"standard","meta":{"wprm-recipe-roundup-name":"","wprm-recipe-roundup-description":"","footnotes":""},"categories":[],"tags":[],"yoast_head":"<!-- This site is optimized with the Yoast SEO plugin v22.9 - https:\/\/yoast.com\/wordpress\/plugins\/seo\/ -->\n<title>Sony VAIO Duo, a dr\u00e1gasz\u00e1\u00e1\u00e1g - MediaMarkt Magazin<\/title>\n<meta name=\"robots\" content=\"index, follow, max-snippet:-1, max-image-preview:large, max-video-preview:-1\" \/>\n<link rel=\"canonical\" href=\"https:\/\/hir.mediamarkt.hu\/magazin\/sony-vaio-duo-a-dragaszaaag\/\" \/>\n<meta property=\"og:locale\" content=\"hu_HU\" \/>\n<meta property=\"og:type\" content=\"article\" \/>\n<meta property=\"og:title\" content=\"Sony VAIO Duo, a dr\u00e1gasz\u00e1\u00e1\u00e1g - MediaMarkt Magazin\" \/>\n<meta property=\"og:description\" content=\"A Sony majdnem f\u00e9lmilli\u00f3s tablet-ultrabook hibridj\u00e9t n\u00e9zt\u00fck meg k\u00f6zelebbr\u0151l. Ha egy notebook \u00e1rc\u00e9dul\u00e1j\u00e1n 479.900 Ft van felt\u00fcntetve, akkor ott kell lennie valami turpiss\u00e1gnak. A Sony VAIO Duo 13 eset\u00e9ben p\u00e9ld\u00e1ul r\u00f6gt\u00f6n l\u00e1tszik, hogy rosszul van a kijelz\u0151, hiszen kifel\u00e9 \u00e1ll, pont ford\u00edtva, mint egy norm\u00e1l notebookon. Ezen fel\u00fcl a szok\u00e1sos dr\u00e1ga k\u00fclcs\u00ednt kapjuk. V\u00e9kony k\u00e9sz\u00fcl\u00e9kh\u00e1zat, ahogy egy Ultrabookhoz illik mostans\u00e1g, sz\u00f6gletes form\u00e1kat, ami kifejezetten j\u00f3l \u00e1ll a mostani VAIO g\u00e9peknek, \u00edgy a Duonak is. Kicsi, k\u00f6nny\u0171 \u00e9s sz\u00e9p, de ez m\u00e9g kor\u00e1ntsem \u00e9r meg k\u00f6zel f\u00e9l milli\u00f3 forintot. De kicsit lass\u00edtsunk \u00e9s n\u00e9zz\u00fck meg k\u00f6zelebbr\u0151l az ez\u00fcst g\u00e9pcsod\u00e1t. Megk\u00f6zel\u00edt\u0151leg egy \u00e9ve, hogy elkezdt\u00fck &#8222;tapicskolni&#8221; a notebookok k\u00e9perny\u0151j\u00e9t. Term\u00e9szetesen nem a m\u00e1r a k\u00e9tezres \u00e9vek eleje \u00f3ta jelen l\u00e9v\u0151 m\u00e9regdr\u00e1ga, f\u0151leg ...\" \/>\n<meta property=\"og:url\" content=\"https:\/\/hir.mediamarkt.hu\/magazin\/sony-vaio-duo-a-dragaszaaag\/\" \/>\n<meta property=\"og:site_name\" content=\"MediaMarkt Magazin\" \/>\n<meta property=\"article:publisher\" content=\"https:\/\/www.facebook.com\/MediaMarktMagyarorszag\" \/>\n<meta property=\"article:published_time\" content=\"2013-09-17T00:00:00+00:00\" \/>\n<meta property=\"article:modified_time\" content=\"-0001-11-30T00:00:00+00:00\" \/>\n<meta property=\"og:image\" content=\"http:\/\/hir.mediamarkt.hu\/magazin\/images\/0917_01.png\" \/>\n<meta name=\"author\" content=\"intermedius\" \/>\n<meta name=\"twitter:label1\" content=\"Szerz\u0151:\" \/>\n\t<meta name=\"twitter:data1\" content=\"intermedius\" \/>\n\t<meta name=\"twitter:label2\" content=\"Becs\u00fclt olvas\u00e1si id\u0151\" \/>\n\t<meta name=\"twitter:data2\" content=\"7 perc\" \/>\n<script type=\"application\/ld+json\" class=\"yoast-schema-graph\">{\"@context\":\"https:\/\/schema.org\",\"@graph\":[{\"@type\":\"WebPage\",\"@id\":\"https:\/\/hir.mediamarkt.hu\/magazin\/sony-vaio-duo-a-dragaszaaag\/\",\"url\":\"https:\/\/hir.mediamarkt.hu\/magazin\/sony-vaio-duo-a-dragaszaaag\/\",\"name\":\"Sony VAIO Duo, a dr\u00e1gasz\u00e1\u00e1\u00e1g - MediaMarkt Magazin\",\"isPartOf\":{\"@id\":\"https:\/\/hir.mediamarkt.hu\/magazin\/#website\"},\"primaryImageOfPage\":{\"@id\":\"https:\/\/hir.mediamarkt.hu\/magazin\/sony-vaio-duo-a-dragaszaaag\/#primaryimage\"},\"image\":{\"@id\":\"https:\/\/hir.mediamarkt.hu\/magazin\/sony-vaio-duo-a-dragaszaaag\/#primaryimage\"},\"thumbnailUrl\":\"http:\/\/hir.mediamarkt.hu\/magazin\/images\/0917_01.png\",\"datePublished\":\"2013-09-17T00:00:00+00:00\",\"dateModified\":\"-0001-11-30T00:00:00+00:00\",\"author\":{\"@id\":\"https:\/\/hir.mediamarkt.hu\/magazin\/#\/schema\/person\/7f1d99540808335a59d17dcebfa95544\"},\"breadcrumb\":{\"@id\":\"https:\/\/hir.mediamarkt.hu\/magazin\/sony-vaio-duo-a-dragaszaaag\/#breadcrumb\"},\"inLanguage\":\"hu\",\"potentialAction\":[{\"@type\":\"ReadAction\",\"target\":[\"https:\/\/hir.mediamarkt.hu\/magazin\/sony-vaio-duo-a-dragaszaaag\/\"]}]},{\"@type\":\"ImageObject\",\"inLanguage\":\"hu\",\"@id\":\"https:\/\/hir.mediamarkt.hu\/magazin\/sony-vaio-duo-a-dragaszaaag\/#primaryimage\",\"url\":\"http:\/\/hir.mediamarkt.hu\/magazin\/images\/0917_01.png\",\"contentUrl\":\"http:\/\/hir.mediamarkt.hu\/magazin\/images\/0917_01.png\"},{\"@type\":\"BreadcrumbList\",\"@id\":\"https:\/\/hir.mediamarkt.hu\/magazin\/sony-vaio-duo-a-dragaszaaag\/#breadcrumb\",\"itemListElement\":[{\"@type\":\"ListItem\",\"position\":1,\"name\":\"Kezd\u0151lap\",\"item\":\"https:\/\/hir.mediamarkt.hu\/magazin\/\"},{\"@type\":\"ListItem\",\"position\":2,\"name\":\"Sony VAIO Duo, a dr\u00e1gasz\u00e1\u00e1\u00e1g\"}]},{\"@type\":\"WebSite\",\"@id\":\"https:\/\/hir.mediamarkt.hu\/magazin\/#website\",\"url\":\"https:\/\/hir.mediamarkt.hu\/magazin\/\",\"name\":\"MediaMarkt Magazin\",\"description\":\"Olvass bele magazinunkba!\",\"potentialAction\":[{\"@type\":\"SearchAction\",\"target\":{\"@type\":\"EntryPoint\",\"urlTemplate\":\"https:\/\/hir.mediamarkt.hu\/magazin\/?s={search_term_string}\"},\"query-input\":\"required name=search_term_string\"}],\"inLanguage\":\"hu\"},{\"@type\":\"Person\",\"@id\":\"https:\/\/hir.mediamarkt.hu\/magazin\/#\/schema\/person\/7f1d99540808335a59d17dcebfa95544\",\"name\":\"intermedius\",\"image\":{\"@type\":\"ImageObject\",\"inLanguage\":\"hu\",\"@id\":\"https:\/\/hir.mediamarkt.hu\/magazin\/#\/schema\/person\/image\/\",\"url\":\"https:\/\/secure.gravatar.com\/avatar\/bbf88debc0bd7abfc1047f575da076f2?s=96&d=mm&r=g\",\"contentUrl\":\"https:\/\/secure.gravatar.com\/avatar\/bbf88debc0bd7abfc1047f575da076f2?s=96&d=mm&r=g\",\"caption\":\"intermedius\"}}]}<\/script>\n<!-- \/ Yoast SEO plugin. -->","yoast_head_json":{"title":"Sony VAIO Duo, a dr\u00e1gasz\u00e1\u00e1\u00e1g - MediaMarkt Magazin","robots":{"index":"index","follow":"follow","max-snippet":"max-snippet:-1","max-image-preview":"max-image-preview:large","max-video-preview":"max-video-preview:-1"},"canonical":"https:\/\/hir.mediamarkt.hu\/magazin\/sony-vaio-duo-a-dragaszaaag\/","og_locale":"hu_HU","og_type":"article","og_title":"Sony VAIO Duo, a dr\u00e1gasz\u00e1\u00e1\u00e1g - MediaMarkt Magazin","og_description":"A Sony majdnem f\u00e9lmilli\u00f3s tablet-ultrabook hibridj\u00e9t n\u00e9zt\u00fck meg k\u00f6zelebbr\u0151l. Ha egy notebook \u00e1rc\u00e9dul\u00e1j\u00e1n 479.900 Ft van felt\u00fcntetve, akkor ott kell lennie valami turpiss\u00e1gnak. A Sony VAIO Duo 13 eset\u00e9ben p\u00e9ld\u00e1ul r\u00f6gt\u00f6n l\u00e1tszik, hogy rosszul van a kijelz\u0151, hiszen kifel\u00e9 \u00e1ll, pont ford\u00edtva, mint egy norm\u00e1l notebookon. Ezen fel\u00fcl a szok\u00e1sos dr\u00e1ga k\u00fclcs\u00ednt kapjuk. V\u00e9kony k\u00e9sz\u00fcl\u00e9kh\u00e1zat, ahogy egy Ultrabookhoz illik mostans\u00e1g, sz\u00f6gletes form\u00e1kat, ami kifejezetten j\u00f3l \u00e1ll a mostani VAIO g\u00e9peknek, \u00edgy a Duonak is. Kicsi, k\u00f6nny\u0171 \u00e9s sz\u00e9p, de ez m\u00e9g kor\u00e1ntsem \u00e9r meg k\u00f6zel f\u00e9l milli\u00f3 forintot. De kicsit lass\u00edtsunk \u00e9s n\u00e9zz\u00fck meg k\u00f6zelebbr\u0151l az ez\u00fcst g\u00e9pcsod\u00e1t. Megk\u00f6zel\u00edt\u0151leg egy \u00e9ve, hogy elkezdt\u00fck &#8222;tapicskolni&#8221; a notebookok k\u00e9perny\u0151j\u00e9t. Term\u00e9szetesen nem a m\u00e1r a k\u00e9tezres \u00e9vek eleje \u00f3ta jelen l\u00e9v\u0151 m\u00e9regdr\u00e1ga, f\u0151leg ...","og_url":"https:\/\/hir.mediamarkt.hu\/magazin\/sony-vaio-duo-a-dragaszaaag\/","og_site_name":"MediaMarkt Magazin","article_publisher":"https:\/\/www.facebook.com\/MediaMarktMagyarorszag","article_published_time":"2013-09-17T00:00:00+00:00","article_modified_time":"-0001-11-30T00:00:00+00:00","og_image":[{"url":"http:\/\/hir.mediamarkt.hu\/magazin\/images\/0917_01.png"}],"author":"intermedius","twitter_misc":{"Szerz\u0151:":"intermedius","Becs\u00fclt olvas\u00e1si id\u0151":"7 perc"},"schema":{"@context":"https:\/\/schema.org","@graph":[{"@type":"WebPage","@id":"https:\/\/hir.mediamarkt.hu\/magazin\/sony-vaio-duo-a-dragaszaaag\/","url":"https:\/\/hir.mediamarkt.hu\/magazin\/sony-vaio-duo-a-dragaszaaag\/","name":"Sony VAIO Duo, a dr\u00e1gasz\u00e1\u00e1\u00e1g - MediaMarkt Magazin","isPartOf":{"@id":"https:\/\/hir.mediamarkt.hu\/magazin\/#website"},"primaryImageOfPage":{"@id":"https:\/\/hir.mediamarkt.hu\/magazin\/sony-vaio-duo-a-dragaszaaag\/#primaryimage"},"image":{"@id":"https:\/\/hir.mediamarkt.hu\/magazin\/sony-vaio-duo-a-dragaszaaag\/#primaryimage"},"thumbnailUrl":"http:\/\/hir.mediamarkt.hu\/magazin\/images\/0917_01.png","datePublished":"2013-09-17T00:00:00+00:00","dateModified":"-0001-11-30T00:00:00+00:00","author":{"@id":"https:\/\/hir.mediamarkt.hu\/magazin\/#\/schema\/person\/7f1d99540808335a59d17dcebfa95544"},"breadcrumb":{"@id":"https:\/\/hir.mediamarkt.hu\/magazin\/sony-vaio-duo-a-dragaszaaag\/#breadcrumb"},"inLanguage":"hu","potentialAction":[{"@type":"ReadAction","target":["https:\/\/hir.mediamarkt.hu\/magazin\/sony-vaio-duo-a-dragaszaaag\/"]}]},{"@type":"ImageObject","inLanguage":"hu","@id":"https:\/\/hir.mediamarkt.hu\/magazin\/sony-vaio-duo-a-dragaszaaag\/#primaryimage","url":"http:\/\/hir.mediamarkt.hu\/magazin\/images\/0917_01.png","contentUrl":"http:\/\/hir.mediamarkt.hu\/magazin\/images\/0917_01.png"},{"@type":"BreadcrumbList","@id":"https:\/\/hir.mediamarkt.hu\/magazin\/sony-vaio-duo-a-dragaszaaag\/#breadcrumb","itemListElement":[{"@type":"ListItem","position":1,"name":"Kezd\u0151lap","item":"https:\/\/hir.mediamarkt.hu\/magazin\/"},{"@type":"ListItem","position":2,"name":"Sony VAIO Duo, a dr\u00e1gasz\u00e1\u00e1\u00e1g"}]},{"@type":"WebSite","@id":"https:\/\/hir.mediamarkt.hu\/magazin\/#website","url":"https:\/\/hir.mediamarkt.hu\/magazin\/","name":"MediaMarkt Magazin","description":"Olvass bele magazinunkba!","potentialAction":[{"@type":"SearchAction","target":{"@type":"EntryPoint","urlTemplate":"https:\/\/hir.mediamarkt.hu\/magazin\/?s={search_term_string}"},"query-input":"required name=search_term_string"}],"inLanguage":"hu"},{"@type":"Person","@id":"https:\/\/hir.mediamarkt.hu\/magazin\/#\/schema\/person\/7f1d99540808335a59d17dcebfa95544","name":"intermedius","image":{"@type":"ImageObject","inLanguage":"hu","@id":"https:\/\/hir.mediamarkt.hu\/magazin\/#\/schema\/person\/image\/","url":"https:\/\/secure.gravatar.com\/avatar\/bbf88debc0bd7abfc1047f575da076f2?s=96&d=mm&r=g","contentUrl":"https:\/\/secure.gravatar.com\/avatar\/bbf88debc0bd7abfc1047f575da076f2?s=96&d=mm&r=g","caption":"intermedius"}}]}},"_links":{"self":[{"href":"https:\/\/hir.mediamarkt.hu\/magazin\/wp-json\/wp\/v2\/posts\/33"}],"collection":[{"href":"https:\/\/hir.mediamarkt.hu\/magazin\/wp-json\/wp\/v2\/posts"}],"about":[{"href":"https:\/\/hir.mediamarkt.hu\/magazin\/wp-json\/wp\/v2\/types\/post"}],"author":[{"embeddable":true,"href":"https:\/\/hir.mediamarkt.hu\/magazin\/wp-json\/wp\/v2\/users\/1"}],"replies":[{"embeddable":true,"href":"https:\/\/hir.mediamarkt.hu\/magazin\/wp-json\/wp\/v2\/comments?post=33"}],"version-history":[{"count":0,"href":"https:\/\/hir.mediamarkt.hu\/magazin\/wp-json\/wp\/v2\/posts\/33\/revisions"}],"wp:attachment":[{"href":"https:\/\/hir.mediamarkt.hu\/magazin\/wp-json\/wp\/v2\/media?parent=33"}],"wp:term":[{"taxonomy":"category","embeddable":true,"href":"https:\/\/hir.mediamarkt.hu\/magazin\/wp-json\/wp\/v2\/categories?post=33"},{"taxonomy":"post_tag","embeddable":true,"href":"https:\/\/hir.mediamarkt.hu\/magazin\/wp-json\/wp\/v2\/tags?post=33"}],"curies":[{"name":"wp","href":"https:\/\/api.w.org\/{rel}","templated":true}]}}