{"id":3332,"date":"2015-09-30T20:00:51","date_gmt":"2015-09-30T19:00:51","guid":{"rendered":"http:\/\/hir.mediamarkt.hu\/magazin\/?p=3332"},"modified":"2015-10-01T10:58:19","modified_gmt":"2015-10-01T09:58:19","slug":"megerkeztek-az-idei-nexus-okostelefonok","status":"publish","type":"post","link":"https:\/\/hir.mediamarkt.hu\/magazin\/megerkeztek-az-idei-nexus-okostelefonok\/","title":{"rendered":"Meg\u00e9rkeztek az idei Nexus okostelefonok"},"content":{"rendered":"B\u00e1r az androidos k\u00edn\u00e1lat igencsak kiterjedt, a Google minden \u00e9vben bemutatja saj\u00e1t exkluz\u00edv okostelefonjait\u00a0is Nexus m\u00e1rkan\u00e9v alatt. Az idei \u00e9vben el\u0151sz\u00f6r a keres\u0151\u00f3ri\u00e1s dupl\u00e1zott, egyszerre k\u00e9t Nexus\u00a0mobilt mutattak be a tegnapi este folyam\u00e1n, a Nexus 5X-et \u00e9s Nexus 6P-t.\r\n\r\n<a href=\"http:\/\/hir.mediamarkt.hu\/magazin\/wp-content\/uploads\/2015\/09\/Google_Nexus_5X_01_MMM.jpg\" data-lbwps-width=\"960\" data-lbwps-height=\"710\" data-lbwps-srcsmall=\"https:\/\/hir.mediamarkt.hu\/magazin\/wp-content\/uploads\/2015\/09\/Google_Nexus_5X_01_MMM-300x221.jpg\"><img loading=\"lazy\" decoding=\"async\" class=\"alignnone size-full wp-image-3334\" src=\"http:\/\/hir.mediamarkt.hu\/magazin\/wp-content\/uploads\/2015\/09\/Google_Nexus_5X_01_MMM.jpg\" alt=\"Google_Nexus_5X_01_MMM\" width=\"960\" height=\"710\" srcset=\"https:\/\/hir.mediamarkt.hu\/magazin\/wp-content\/uploads\/2015\/09\/Google_Nexus_5X_01_MMM.jpg 960w, https:\/\/hir.mediamarkt.hu\/magazin\/wp-content\/uploads\/2015\/09\/Google_Nexus_5X_01_MMM-275x203.jpg 275w, https:\/\/hir.mediamarkt.hu\/magazin\/wp-content\/uploads\/2015\/09\/Google_Nexus_5X_01_MMM-300x221.jpg 300w\" sizes=\"(max-width: 960px) 100vw, 960px\" \/><\/a>\r\n\r\nA k\u00e9t k\u00e9sz\u00fcl\u00e9k elt\u00e9r\u0151 specifik\u00e1ci\u00f3kkal \u00e9s k\u00e9t k\u00fcl\u00f6n gy\u00e1rt\u00f3t\u00f3l l\u00e1tott napvil\u00e1got, a du\u00f3b\u00f3l az LG k\u00e9sz\u00edtette Nexus 5X a kisebb m\u00e9ret\u0171 \u00e9s valamivel visszafogottabb specifik\u00e1ci\u00f3kkal rendelkez\u0151. Az 5,2 colos megjelen\u00edt\u0151 felbont\u00e1sa 1920 x 1080 pixel &#8211; azaz 424 ppi-s k\u00e9ps\u0171r\u0171s\u00e9g, a s\u00e9r\u00fcl\u00e9sekt\u0151l a Corning c\u00e9g Gorilla Glass 3-as bor\u00edt\u00e1sa v\u00e9di. A k\u00f6zponti egys\u00e9g szerep\u00e9t a Qualcomm Snapdragon 808-as l\u00e1tja el a maga nyolcmagos, 2 GHz-es processzor\u00e1val, a rendszermem\u00f3ria mennyis\u00e9ge csak szolidan 2 GB. A unibody m\u0171anyag bor\u00edt\u00e1s al\u00e1 egy 2700 mAh-\u00e1s akkumul\u00e1tor ker\u00fclt.\r\n\r\n<a href=\"http:\/\/hir.mediamarkt.hu\/magazin\/wp-content\/uploads\/2015\/09\/Google_Nexus_5X_02_MMM.jpg\" data-lbwps-width=\"960\" data-lbwps-height=\"716\" data-lbwps-srcsmall=\"https:\/\/hir.mediamarkt.hu\/magazin\/wp-content\/uploads\/2015\/09\/Google_Nexus_5X_02_MMM-300x223.jpg\"><img loading=\"lazy\" decoding=\"async\" class=\"alignnone size-full wp-image-3335\" src=\"http:\/\/hir.mediamarkt.hu\/magazin\/wp-content\/uploads\/2015\/09\/Google_Nexus_5X_02_MMM.jpg\" alt=\"Google_Nexus_5X_02_MMM\" width=\"960\" height=\"716\" srcset=\"https:\/\/hir.mediamarkt.hu\/magazin\/wp-content\/uploads\/2015\/09\/Google_Nexus_5X_02_MMM.jpg 960w, https:\/\/hir.mediamarkt.hu\/magazin\/wp-content\/uploads\/2015\/09\/Google_Nexus_5X_02_MMM-275x205.jpg 275w, https:\/\/hir.mediamarkt.hu\/magazin\/wp-content\/uploads\/2015\/09\/Google_Nexus_5X_02_MMM-300x223.jpg 300w\" sizes=\"(max-width: 960px) 100vw, 960px\" \/><\/a>\r\n\r\nA Nexus 6P enn\u00e9l combosabb hardverrel rendelkezik, n\u00e9v szerint Snapdragon 810-es processzort \u00e9s 3 GB RAM-ot kapott. Ez mozgatja majd meg az 5,7 colos, WQHD, azaz 2560 x 1440 pixeles AMOLED megjelen\u00edt\u0151 tartalm\u00e1t &#8211; bele\u00e9rtve az Android Marshmallow rendszert &#8211; m\u00edg ennek v\u00e9delm\u00e9r\u0151l m\u00e1r Gorilla Glass 4 gondoskodik. A bor\u00edt\u00e1s itt m\u00e1r alum\u00ednium, a hardvert pedig egy 3450 mAh-\u00e1s telep l\u00e1tja el energi\u00e1val.\r\n\r\n<a href=\"http:\/\/hir.mediamarkt.hu\/magazin\/wp-content\/uploads\/2015\/09\/Google_Nexus_6P_01_MMM.jpg\" data-lbwps-width=\"960\" data-lbwps-height=\"706\" data-lbwps-srcsmall=\"https:\/\/hir.mediamarkt.hu\/magazin\/wp-content\/uploads\/2015\/09\/Google_Nexus_6P_01_MMM-300x220.jpg\"><img loading=\"lazy\" decoding=\"async\" class=\"alignnone size-full wp-image-3338\" src=\"http:\/\/hir.mediamarkt.hu\/magazin\/wp-content\/uploads\/2015\/09\/Google_Nexus_6P_01_MMM.jpg\" alt=\"Google_Nexus_6P_01_MMM\" width=\"960\" height=\"706\" srcset=\"https:\/\/hir.mediamarkt.hu\/magazin\/wp-content\/uploads\/2015\/09\/Google_Nexus_6P_01_MMM.jpg 960w, https:\/\/hir.mediamarkt.hu\/magazin\/wp-content\/uploads\/2015\/09\/Google_Nexus_6P_01_MMM-275x202.jpg 275w, https:\/\/hir.mediamarkt.hu\/magazin\/wp-content\/uploads\/2015\/09\/Google_Nexus_6P_01_MMM-300x220.jpg 300w\" sizes=\"(max-width: 960px) 100vw, 960px\" \/><\/a>\r\n\r\nA k\u00e9t k\u00e9sz\u00fcl\u00e9k k\u00f6z\u00f6s von\u00e1sai k\u00f6zt r\u00f6gt\u00f6n ott az ujjlenyomat olvas\u00f3, mely a Nexus Imprint nev\u0171 szoftveres t\u00e1mogat\u00e1snak h\u00e1la 0,6 m\u00e1sodperc alatt olvassa be ujjbegy\u00fcnk\u00a0mint\u00e1zat\u00e1t azonos\u00edt\u00e1s c\u00e9lj\u00e1b\u00f3l. Mindk\u00e9t k\u00e9sz\u00fcl\u00e9k USB Type-C csatlakoz\u00f3val rendelkezik, ezen kereszt\u00fcl a gyorst\u00f6lt\u00e9s funkci\u00f3nak h\u00e1la sokkal r\u00f6videbb id\u0151 alatt ereszthet\u00fcnk n\u00e9mi szufl\u00e1t az akkumul\u00e1torba. Fot\u00f3z\u00e1s\u00a0ter\u00e9n a k\u00e9t\u00a0k\u00e9sz\u00fcl\u00e9k k\u00f6zel azonos felbont\u00e1ssal (12 megapixel az 5x \u00e9s 12,3 a 6P eset\u00e9n) \u00e9s nem mell\u00e9kesen 1,2 mikronos k\u00e9ppontokkal oper\u00e1l\u00f3, azaz kevesebb f\u00e9nyb\u0151l is szebb k\u00e9pet alkot\u00f3 \u00e9rz\u00e9kel\u0151lapk\u00e1val dombor\u00edt. Az LG ugyanakkor hozta saj\u00e1t l\u00e9zeres r\u00e1seg\u00edt\u00e9s\u0171 autof\u00f3kusz technol\u00f3gi\u00e1j\u00e1t az 5x-ben, m\u00edg a Huawei a kistestv\u00e9rrel ellent\u00e9tben nem 5, hanem 8 megapixelt k\u00edn\u00e1l szerlfiz\u00e9shez az el\u0151lapra helyezett kamer\u00e1ban. Vide\u00f3z\u00e1s ter\u00e9n term\u00e9szetesen adott a 4K felbont\u00e1s. Tov\u00e1bbi, \u00e1mb\u00e1r sajn\u00e1latos k\u00f6z\u00f6s von\u00e1s, hogy a bels\u0151 mem\u00f3ria nem b\u0151v\u00edthet\u0151 microSD k\u00e1rty\u00e1val, ami a Huawei 6P 32, 64 illetve 128 gigab\u00e1jtos t\u00e1rhelyeit n\u00e9zve tal\u00e1n kev\u00e9sb\u00e9 nagy \u00e9rv\u00e1g\u00e1s, mint az LG Nexus 5X-\u00e9n\u00e9l, ahol a v\u00e1s\u00e1rl\u00f3k csak 16 \u00e9s 32 gigab\u00e1jtos h\u00e1tt\u00e9rt\u00e1r k\u00f6z\u00fcl v\u00e1laszthatnak.\r\n\r\n<a href=\"http:\/\/hir.mediamarkt.hu\/magazin\/wp-content\/uploads\/2015\/09\/Google_Nexus_6P_02_MMM.jpg\" data-lbwps-width=\"960\" data-lbwps-height=\"685\" data-lbwps-srcsmall=\"https:\/\/hir.mediamarkt.hu\/magazin\/wp-content\/uploads\/2015\/09\/Google_Nexus_6P_02_MMM-300x214.jpg\"><img loading=\"lazy\" decoding=\"async\" class=\"alignnone size-full wp-image-3339\" src=\"http:\/\/hir.mediamarkt.hu\/magazin\/wp-content\/uploads\/2015\/09\/Google_Nexus_6P_02_MMM.jpg\" alt=\"Google_Nexus_6P_02_MMM\" width=\"960\" height=\"685\" srcset=\"https:\/\/hir.mediamarkt.hu\/magazin\/wp-content\/uploads\/2015\/09\/Google_Nexus_6P_02_MMM.jpg 960w, https:\/\/hir.mediamarkt.hu\/magazin\/wp-content\/uploads\/2015\/09\/Google_Nexus_6P_02_MMM-275x196.jpg 275w, https:\/\/hir.mediamarkt.hu\/magazin\/wp-content\/uploads\/2015\/09\/Google_Nexus_6P_02_MMM-300x214.jpg 300w\" sizes=\"(max-width: 960px) 100vw, 960px\" \/><\/a>\r\n\r\nA Nexus 5x \u00e1ra 379 doll\u00e1rr\u00f3l indul, m\u00edg a 6P 500 doll\u00e1rr\u00f3l startol, Magyarorsz\u00e1gon\u00a0valamikor az \u00e9v v\u00e9ge fel\u00e9 lehet majd lecsapni r\u00e1juk.","protected":false},"excerpt":{"rendered":"B\u00e1r az androidos k\u00edn\u00e1lat igencsak kiterjedt, a Google minden \u00e9vben bemutatja saj\u00e1t exkluz\u00edv okostelefonjait\u00a0is Nexus m\u00e1rkan\u00e9v alatt. Az idei \u00e9vben el\u0151sz\u00f6r a keres\u0151\u00f3ri\u00e1s dupl\u00e1zott, egyszerre k\u00e9t Nexus\u00a0mobilt mutattak be a tegnapi este folyam\u00e1n, a Nexus 5X-et \u00e9s Nexus 6P-t. A k\u00e9t k\u00e9sz\u00fcl\u00e9k elt\u00e9r\u0151 specifik\u00e1ci\u00f3kkal \u00e9s k\u00e9t k\u00fcl\u00f6n gy\u00e1rt\u00f3t\u00f3l l\u00e1tott napvil\u00e1got, a du\u00f3b\u00f3l az LG k\u00e9sz\u00edtette Nexus 5X a kisebb m\u00e9ret\u0171 \u00e9s valamivel visszafogottabb specifik\u00e1ci\u00f3kkal rendelkez\u0151. Az 5,2 colos megjelen\u00edt\u0151 felbont\u00e1sa 1920 x 1080 pixel &#8211; azaz 424 ppi-s k\u00e9ps\u0171r\u0171s\u00e9g, a s\u00e9r\u00fcl\u00e9sekt\u0151l a Corning c\u00e9g Gorilla Glass 3-as bor\u00edt\u00e1sa v\u00e9di. A k\u00f6zponti egys\u00e9g szerep\u00e9t a Qualcomm Snapdragon 808-as l\u00e1tja el a maga nyolcmagos, 2 GHz-es processzor\u00e1val, a rendszermem\u00f3ria mennyis\u00e9ge csak szolidan 2 GB. A unibody m\u0171anyag bor\u00edt\u00e1s al\u00e1 egy 2700 mAh-\u00e1s &#8230;","protected":false},"author":13,"featured_media":3334,"comment_status":"open","ping_status":"open","sticky":false,"template":"","format":"standard","meta":{"wprm-recipe-roundup-name":"","wprm-recipe-roundup-description":"","footnotes":""},"categories":[5944],"tags":[1688,68,1682,1681,81,1683,1689,1495,1687,1512,736,298,299,1685,1684,1686,1699,1690,170,1423,1522,1521,1692,1524,1691],"yoast_head":"<!-- This site is optimized with the Yoast SEO plugin v22.9 - https:\/\/yoast.com\/wordpress\/plugins\/seo\/ -->\n<title>Meg\u00e9rkeztek az idei Nexus okostelefonok - MediaMarkt Magazin<\/title>\n<meta name=\"robots\" content=\"index, follow, max-snippet:-1, max-image-preview:large, max-video-preview:-1\" \/>\n<link rel=\"canonical\" href=\"https:\/\/hir.mediamarkt.hu\/magazin\/megerkeztek-az-idei-nexus-okostelefonok\/\" \/>\n<meta property=\"og:locale\" content=\"hu_HU\" \/>\n<meta property=\"og:type\" content=\"article\" \/>\n<meta property=\"og:title\" content=\"Meg\u00e9rkeztek az idei Nexus okostelefonok - MediaMarkt Magazin\" \/>\n<meta property=\"og:description\" content=\"B\u00e1r az androidos k\u00edn\u00e1lat igencsak kiterjedt, a Google minden \u00e9vben bemutatja saj\u00e1t exkluz\u00edv okostelefonjait\u00a0is Nexus m\u00e1rkan\u00e9v alatt. Az idei \u00e9vben el\u0151sz\u00f6r a keres\u0151\u00f3ri\u00e1s dupl\u00e1zott, egyszerre k\u00e9t Nexus\u00a0mobilt mutattak be a tegnapi este folyam\u00e1n, a Nexus 5X-et \u00e9s Nexus 6P-t. A k\u00e9t k\u00e9sz\u00fcl\u00e9k elt\u00e9r\u0151 specifik\u00e1ci\u00f3kkal \u00e9s k\u00e9t k\u00fcl\u00f6n gy\u00e1rt\u00f3t\u00f3l l\u00e1tott napvil\u00e1got, a du\u00f3b\u00f3l az LG k\u00e9sz\u00edtette Nexus 5X a kisebb m\u00e9ret\u0171 \u00e9s valamivel visszafogottabb specifik\u00e1ci\u00f3kkal rendelkez\u0151. Az 5,2 colos megjelen\u00edt\u0151 felbont\u00e1sa 1920 x 1080 pixel &#8211; azaz 424 ppi-s k\u00e9ps\u0171r\u0171s\u00e9g, a s\u00e9r\u00fcl\u00e9sekt\u0151l a Corning c\u00e9g Gorilla Glass 3-as bor\u00edt\u00e1sa v\u00e9di. A k\u00f6zponti egys\u00e9g szerep\u00e9t a Qualcomm Snapdragon 808-as l\u00e1tja el a maga nyolcmagos, 2 GHz-es processzor\u00e1val, a rendszermem\u00f3ria mennyis\u00e9ge csak szolidan 2 GB. A unibody m\u0171anyag bor\u00edt\u00e1s al\u00e1 egy 2700 mAh-\u00e1s ...\" \/>\n<meta property=\"og:url\" content=\"https:\/\/hir.mediamarkt.hu\/magazin\/megerkeztek-az-idei-nexus-okostelefonok\/\" \/>\n<meta property=\"og:site_name\" content=\"MediaMarkt Magazin\" \/>\n<meta property=\"article:publisher\" content=\"https:\/\/www.facebook.com\/MediaMarktMagyarorszag\" \/>\n<meta property=\"article:published_time\" content=\"2015-09-30T19:00:51+00:00\" \/>\n<meta property=\"article:modified_time\" content=\"2015-10-01T09:58:19+00:00\" \/>\n<meta property=\"og:image\" content=\"https:\/\/hir.mediamarkt.hu\/magazin\/wp-content\/uploads\/2015\/09\/Google_Nexus_5X_01_MMM.jpg\" \/>\n\t<meta property=\"og:image:width\" content=\"960\" \/>\n\t<meta property=\"og:image:height\" content=\"710\" \/>\n\t<meta property=\"og:image:type\" content=\"image\/jpeg\" \/>\n<meta name=\"author\" content=\"Media Markt\" \/>\n<meta name=\"twitter:label1\" content=\"Szerz\u0151:\" \/>\n\t<meta name=\"twitter:data1\" content=\"Media Markt\" \/>\n\t<meta name=\"twitter:label2\" content=\"Becs\u00fclt olvas\u00e1si id\u0151\" \/>\n\t<meta name=\"twitter:data2\" content=\"3 perc\" \/>\n<script type=\"application\/ld+json\" class=\"yoast-schema-graph\">{\"@context\":\"https:\/\/schema.org\",\"@graph\":[{\"@type\":\"WebPage\",\"@id\":\"https:\/\/hir.mediamarkt.hu\/magazin\/megerkeztek-az-idei-nexus-okostelefonok\/\",\"url\":\"https:\/\/hir.mediamarkt.hu\/magazin\/megerkeztek-az-idei-nexus-okostelefonok\/\",\"name\":\"Meg\u00e9rkeztek az idei Nexus okostelefonok - MediaMarkt Magazin\",\"isPartOf\":{\"@id\":\"https:\/\/hir.mediamarkt.hu\/magazin\/#website\"},\"primaryImageOfPage\":{\"@id\":\"https:\/\/hir.mediamarkt.hu\/magazin\/megerkeztek-az-idei-nexus-okostelefonok\/#primaryimage\"},\"image\":{\"@id\":\"https:\/\/hir.mediamarkt.hu\/magazin\/megerkeztek-az-idei-nexus-okostelefonok\/#primaryimage\"},\"thumbnailUrl\":\"https:\/\/hir.mediamarkt.hu\/magazin\/wp-content\/uploads\/2015\/09\/Google_Nexus_5X_01_MMM.jpg\",\"datePublished\":\"2015-09-30T19:00:51+00:00\",\"dateModified\":\"2015-10-01T09:58:19+00:00\",\"author\":{\"@id\":\"https:\/\/hir.mediamarkt.hu\/magazin\/#\/schema\/person\/b93b02ec1ab4d2353f8d281e171c1b0b\"},\"breadcrumb\":{\"@id\":\"https:\/\/hir.mediamarkt.hu\/magazin\/megerkeztek-az-idei-nexus-okostelefonok\/#breadcrumb\"},\"inLanguage\":\"hu\",\"potentialAction\":[{\"@type\":\"ReadAction\",\"target\":[\"https:\/\/hir.mediamarkt.hu\/magazin\/megerkeztek-az-idei-nexus-okostelefonok\/\"]}]},{\"@type\":\"ImageObject\",\"inLanguage\":\"hu\",\"@id\":\"https:\/\/hir.mediamarkt.hu\/magazin\/megerkeztek-az-idei-nexus-okostelefonok\/#primaryimage\",\"url\":\"https:\/\/hir.mediamarkt.hu\/magazin\/wp-content\/uploads\/2015\/09\/Google_Nexus_5X_01_MMM.jpg\",\"contentUrl\":\"https:\/\/hir.mediamarkt.hu\/magazin\/wp-content\/uploads\/2015\/09\/Google_Nexus_5X_01_MMM.jpg\",\"width\":960,\"height\":710},{\"@type\":\"BreadcrumbList\",\"@id\":\"https:\/\/hir.mediamarkt.hu\/magazin\/megerkeztek-az-idei-nexus-okostelefonok\/#breadcrumb\",\"itemListElement\":[{\"@type\":\"ListItem\",\"position\":1,\"name\":\"Kezd\u0151lap\",\"item\":\"https:\/\/hir.mediamarkt.hu\/magazin\/\"},{\"@type\":\"ListItem\",\"position\":2,\"name\":\"Mobil \u00e9s okos eszk\u00f6z\u00f6k\",\"item\":\"https:\/\/hir.mediamarkt.hu\/magazin\/mobil-es-okos-eszkozok\/\"},{\"@type\":\"ListItem\",\"position\":3,\"name\":\"Mobiltelefonok\",\"item\":\"https:\/\/hir.mediamarkt.hu\/magazin\/mobil-es-okos-eszkozok\/mobiltelefonok\/\"},{\"@type\":\"ListItem\",\"position\":4,\"name\":\"Meg\u00e9rkeztek az idei Nexus okostelefonok\"}]},{\"@type\":\"WebSite\",\"@id\":\"https:\/\/hir.mediamarkt.hu\/magazin\/#website\",\"url\":\"https:\/\/hir.mediamarkt.hu\/magazin\/\",\"name\":\"MediaMarkt Magazin\",\"description\":\"Olvass bele magazinunkba!\",\"potentialAction\":[{\"@type\":\"SearchAction\",\"target\":{\"@type\":\"EntryPoint\",\"urlTemplate\":\"https:\/\/hir.mediamarkt.hu\/magazin\/?s={search_term_string}\"},\"query-input\":\"required name=search_term_string\"}],\"inLanguage\":\"hu\"},{\"@type\":\"Person\",\"@id\":\"https:\/\/hir.mediamarkt.hu\/magazin\/#\/schema\/person\/b93b02ec1ab4d2353f8d281e171c1b0b\",\"name\":\"Media Markt\",\"image\":{\"@type\":\"ImageObject\",\"inLanguage\":\"hu\",\"@id\":\"https:\/\/hir.mediamarkt.hu\/magazin\/#\/schema\/person\/image\/\",\"url\":\"https:\/\/secure.gravatar.com\/avatar\/602bccae8998beee472d01909f0978f1?s=96&d=mm&r=g\",\"contentUrl\":\"https:\/\/secure.gravatar.com\/avatar\/602bccae8998beee472d01909f0978f1?s=96&d=mm&r=g\",\"caption\":\"Media Markt\"}}]}<\/script>\n<!-- \/ Yoast SEO plugin. -->","yoast_head_json":{"title":"Meg\u00e9rkeztek az idei Nexus okostelefonok - MediaMarkt Magazin","robots":{"index":"index","follow":"follow","max-snippet":"max-snippet:-1","max-image-preview":"max-image-preview:large","max-video-preview":"max-video-preview:-1"},"canonical":"https:\/\/hir.mediamarkt.hu\/magazin\/megerkeztek-az-idei-nexus-okostelefonok\/","og_locale":"hu_HU","og_type":"article","og_title":"Meg\u00e9rkeztek az idei Nexus okostelefonok - MediaMarkt Magazin","og_description":"B\u00e1r az androidos k\u00edn\u00e1lat igencsak kiterjedt, a Google minden \u00e9vben bemutatja saj\u00e1t exkluz\u00edv okostelefonjait\u00a0is Nexus m\u00e1rkan\u00e9v alatt. Az idei \u00e9vben el\u0151sz\u00f6r a keres\u0151\u00f3ri\u00e1s dupl\u00e1zott, egyszerre k\u00e9t Nexus\u00a0mobilt mutattak be a tegnapi este folyam\u00e1n, a Nexus 5X-et \u00e9s Nexus 6P-t. A k\u00e9t k\u00e9sz\u00fcl\u00e9k elt\u00e9r\u0151 specifik\u00e1ci\u00f3kkal \u00e9s k\u00e9t k\u00fcl\u00f6n gy\u00e1rt\u00f3t\u00f3l l\u00e1tott napvil\u00e1got, a du\u00f3b\u00f3l az LG k\u00e9sz\u00edtette Nexus 5X a kisebb m\u00e9ret\u0171 \u00e9s valamivel visszafogottabb specifik\u00e1ci\u00f3kkal rendelkez\u0151. Az 5,2 colos megjelen\u00edt\u0151 felbont\u00e1sa 1920 x 1080 pixel &#8211; azaz 424 ppi-s k\u00e9ps\u0171r\u0171s\u00e9g, a s\u00e9r\u00fcl\u00e9sekt\u0151l a Corning c\u00e9g Gorilla Glass 3-as bor\u00edt\u00e1sa v\u00e9di. A k\u00f6zponti egys\u00e9g szerep\u00e9t a Qualcomm Snapdragon 808-as l\u00e1tja el a maga nyolcmagos, 2 GHz-es processzor\u00e1val, a rendszermem\u00f3ria mennyis\u00e9ge csak szolidan 2 GB. A unibody m\u0171anyag bor\u00edt\u00e1s al\u00e1 egy 2700 mAh-\u00e1s ...","og_url":"https:\/\/hir.mediamarkt.hu\/magazin\/megerkeztek-az-idei-nexus-okostelefonok\/","og_site_name":"MediaMarkt Magazin","article_publisher":"https:\/\/www.facebook.com\/MediaMarktMagyarorszag","article_published_time":"2015-09-30T19:00:51+00:00","article_modified_time":"2015-10-01T09:58:19+00:00","og_image":[{"width":960,"height":710,"url":"https:\/\/hir.mediamarkt.hu\/magazin\/wp-content\/uploads\/2015\/09\/Google_Nexus_5X_01_MMM.jpg","type":"image\/jpeg"}],"author":"Media Markt","twitter_misc":{"Szerz\u0151:":"Media Markt","Becs\u00fclt olvas\u00e1si id\u0151":"3 perc"},"schema":{"@context":"https:\/\/schema.org","@graph":[{"@type":"WebPage","@id":"https:\/\/hir.mediamarkt.hu\/magazin\/megerkeztek-az-idei-nexus-okostelefonok\/","url":"https:\/\/hir.mediamarkt.hu\/magazin\/megerkeztek-az-idei-nexus-okostelefonok\/","name":"Meg\u00e9rkeztek az idei Nexus okostelefonok - MediaMarkt Magazin","isPartOf":{"@id":"https:\/\/hir.mediamarkt.hu\/magazin\/#website"},"primaryImageOfPage":{"@id":"https:\/\/hir.mediamarkt.hu\/magazin\/megerkeztek-az-idei-nexus-okostelefonok\/#primaryimage"},"image":{"@id":"https:\/\/hir.mediamarkt.hu\/magazin\/megerkeztek-az-idei-nexus-okostelefonok\/#primaryimage"},"thumbnailUrl":"https:\/\/hir.mediamarkt.hu\/magazin\/wp-content\/uploads\/2015\/09\/Google_Nexus_5X_01_MMM.jpg","datePublished":"2015-09-30T19:00:51+00:00","dateModified":"2015-10-01T09:58:19+00:00","author":{"@id":"https:\/\/hir.mediamarkt.hu\/magazin\/#\/schema\/person\/b93b02ec1ab4d2353f8d281e171c1b0b"},"breadcrumb":{"@id":"https:\/\/hir.mediamarkt.hu\/magazin\/megerkeztek-az-idei-nexus-okostelefonok\/#breadcrumb"},"inLanguage":"hu","potentialAction":[{"@type":"ReadAction","target":["https:\/\/hir.mediamarkt.hu\/magazin\/megerkeztek-az-idei-nexus-okostelefonok\/"]}]},{"@type":"ImageObject","inLanguage":"hu","@id":"https:\/\/hir.mediamarkt.hu\/magazin\/megerkeztek-az-idei-nexus-okostelefonok\/#primaryimage","url":"https:\/\/hir.mediamarkt.hu\/magazin\/wp-content\/uploads\/2015\/09\/Google_Nexus_5X_01_MMM.jpg","contentUrl":"https:\/\/hir.mediamarkt.hu\/magazin\/wp-content\/uploads\/2015\/09\/Google_Nexus_5X_01_MMM.jpg","width":960,"height":710},{"@type":"BreadcrumbList","@id":"https:\/\/hir.mediamarkt.hu\/magazin\/megerkeztek-az-idei-nexus-okostelefonok\/#breadcrumb","itemListElement":[{"@type":"ListItem","position":1,"name":"Kezd\u0151lap","item":"https:\/\/hir.mediamarkt.hu\/magazin\/"},{"@type":"ListItem","position":2,"name":"Mobil \u00e9s okos eszk\u00f6z\u00f6k","item":"https:\/\/hir.mediamarkt.hu\/magazin\/mobil-es-okos-eszkozok\/"},{"@type":"ListItem","position":3,"name":"Mobiltelefonok","item":"https:\/\/hir.mediamarkt.hu\/magazin\/mobil-es-okos-eszkozok\/mobiltelefonok\/"},{"@type":"ListItem","position":4,"name":"Meg\u00e9rkeztek az idei Nexus okostelefonok"}]},{"@type":"WebSite","@id":"https:\/\/hir.mediamarkt.hu\/magazin\/#website","url":"https:\/\/hir.mediamarkt.hu\/magazin\/","name":"MediaMarkt Magazin","description":"Olvass bele magazinunkba!","potentialAction":[{"@type":"SearchAction","target":{"@type":"EntryPoint","urlTemplate":"https:\/\/hir.mediamarkt.hu\/magazin\/?s={search_term_string}"},"query-input":"required name=search_term_string"}],"inLanguage":"hu"},{"@type":"Person","@id":"https:\/\/hir.mediamarkt.hu\/magazin\/#\/schema\/person\/b93b02ec1ab4d2353f8d281e171c1b0b","name":"Media Markt","image":{"@type":"ImageObject","inLanguage":"hu","@id":"https:\/\/hir.mediamarkt.hu\/magazin\/#\/schema\/person\/image\/","url":"https:\/\/secure.gravatar.com\/avatar\/602bccae8998beee472d01909f0978f1?s=96&d=mm&r=g","contentUrl":"https:\/\/secure.gravatar.com\/avatar\/602bccae8998beee472d01909f0978f1?s=96&d=mm&r=g","caption":"Media Markt"}}]}},"_links":{"self":[{"href":"https:\/\/hir.mediamarkt.hu\/magazin\/wp-json\/wp\/v2\/posts\/3332"}],"collection":[{"href":"https:\/\/hir.mediamarkt.hu\/magazin\/wp-json\/wp\/v2\/posts"}],"about":[{"href":"https:\/\/hir.mediamarkt.hu\/magazin\/wp-json\/wp\/v2\/types\/post"}],"author":[{"embeddable":true,"href":"https:\/\/hir.mediamarkt.hu\/magazin\/wp-json\/wp\/v2\/users\/13"}],"replies":[{"embeddable":true,"href":"https:\/\/hir.mediamarkt.hu\/magazin\/wp-json\/wp\/v2\/comments?post=3332"}],"version-history":[{"count":2,"href":"https:\/\/hir.mediamarkt.hu\/magazin\/wp-json\/wp\/v2\/posts\/3332\/revisions"}],"predecessor-version":[{"id":3340,"href":"https:\/\/hir.mediamarkt.hu\/magazin\/wp-json\/wp\/v2\/posts\/3332\/revisions\/3340"}],"wp:featuredmedia":[{"embeddable":true,"href":"https:\/\/hir.mediamarkt.hu\/magazin\/wp-json\/wp\/v2\/media\/3334"}],"wp:attachment":[{"href":"https:\/\/hir.mediamarkt.hu\/magazin\/wp-json\/wp\/v2\/media?parent=3332"}],"wp:term":[{"taxonomy":"category","embeddable":true,"href":"https:\/\/hir.mediamarkt.hu\/magazin\/wp-json\/wp\/v2\/categories?post=3332"},{"taxonomy":"post_tag","embeddable":true,"href":"https:\/\/hir.mediamarkt.hu\/magazin\/wp-json\/wp\/v2\/tags?post=3332"}],"curies":[{"name":"wp","href":"https:\/\/api.w.org\/{rel}","templated":true}]}}