{"id":3418,"date":"2015-10-14T13:04:27","date_gmt":"2015-10-14T12:04:27","guid":{"rendered":"http:\/\/hir.mediamarkt.hu\/magazin\/?p=3418"},"modified":"2015-10-14T15:28:12","modified_gmt":"2015-10-14T14:28:12","slug":"tobbszaz-millio-dollaros-pert-vesztett-az-apple","status":"publish","type":"post","link":"https:\/\/hir.mediamarkt.hu\/magazin\/tobbszaz-millio-dollaros-pert-vesztett-az-apple\/","title":{"rendered":"T\u00f6bbsz\u00e1z milli\u00f3 doll\u00e1ros pert vesztett az Apple"},"content":{"rendered":"Az Apple az ut\u00f3bbi \u00e9vekben szabadalmi pereivel is legal\u00e1bb akkora h\u00edrnevet szerzett, mint saj\u00e1t term\u00e9keivel. A f\u0151k\u00e9nt nagy riv\u00e1lisnak sz\u00e1m\u00edt\u00f3 Samsunggal folytatott csat\u00e1roz\u00e1sok mellett azonban akadnak olyan esetek, amikor a cupertinoi gy\u00e1rt\u00f3 szabadaloms\u00e9rt\u00e9sei ker\u00fclnek g\u00f3rcs\u0151 al\u00e1. Ilyen az a kereset is, melyet a Wisconsin Alumni Research Foundation adott be, s amelyben most els\u0151dleges d\u00f6nt\u00e9st is hozott a bir\u00f3s\u00e1g.\r\n\r\n<a href=\"http:\/\/hir.mediamarkt.hu\/magazin\/wp-content\/uploads\/2015\/06\/appleantenna1.png\" data-lbwps-width=\"938\" data-lbwps-height=\"626\" data-lbwps-srcsmall=\"https:\/\/hir.mediamarkt.hu\/magazin\/wp-content\/uploads\/2015\/06\/appleantenna1-300x200.png\"><img loading=\"lazy\" decoding=\"async\" class=\"alignnone size-full wp-image-2776\" src=\"http:\/\/hir.mediamarkt.hu\/magazin\/wp-content\/uploads\/2015\/06\/appleantenna1.png\" alt=\"appleantenna1\" width=\"965\" height=\"644\" srcset=\"https:\/\/hir.mediamarkt.hu\/magazin\/wp-content\/uploads\/2015\/06\/appleantenna1.png 938w, https:\/\/hir.mediamarkt.hu\/magazin\/wp-content\/uploads\/2015\/06\/appleantenna1-300x200.png 300w, https:\/\/hir.mediamarkt.hu\/magazin\/wp-content\/uploads\/2015\/06\/appleantenna1-275x184.png 275w, https:\/\/hir.mediamarkt.hu\/magazin\/wp-content\/uploads\/2015\/06\/appleantenna1-768x513.png 768w\" sizes=\"(max-width: 965px) 100vw, 965px\" \/><\/a>\r\nA Wisconsini Egyetem szabadalmat v\u00e9d\u0151 szervezet a gy\u00e1rt\u00f3 A7, A8 \u00e9s A8X n\u00e9vvel illetett processzorait kifog\u00e1solta a peranyagban. A v\u00e1dirat szerint a 2013-2014 k\u00f6z\u00f6tti iPhone \u00e9s iPad modellekben (illetve az idei iPad Mini 4-ben) haszn\u00e1lt chipek egy az egyetem \u00e1ltal m\u00e1r 1998-ban oltalom al\u00e1 vett technol\u00f3gi\u00e1t haszn\u00e1ltak fel. A Reuters \u00e9rtes\u00fcl\u00e9sei szerint a k\u00f6vetkez\u0151 t\u00e1rgyal\u00e1sok sor\u00e1n arra pr\u00f3b\u00e1l a bir\u00f3s\u00e1g f\u00e9nyt der\u00edteni, mennyiben volt sz\u00e1nd\u00e9kos az oltalom figyelmen k\u00edv\u00fcl hagy\u00e1sa, azaz az Apple tudat\u00e1ban volt-e annak, hogy az \u00e9rintett processzorok piacra dob\u00e1s\u00e1val tudatosan s\u00e9rtette-e meg az egyetem jogait. Ha ez is bebizonyosodik, az csak tov\u00e1bb n\u00f6velheti az a k\u00e1rt\u00e9r\u00edt\u00e9s m\u00e9rt\u00e9k\u00e9t, mely jelenleg 862,4 milli\u00f3 doll\u00e1ros \u00f6sszegre r\u00fag. Az Apple helyzet\u00e9t tov\u00e1bb rontja a t\u00e9ny, hogy a Wisconsin Alumni Research Foundation nemr\u00e9g \u00fajabb keresetet ny\u00fajtott be a b\u00edr\u00f3s\u00e1ghoz, melyben a leg\u00fajabb chipeket, azaz az A9 \u00e9s A9X processzorokat kifog\u00e1solj\u00e1k.","protected":false},"excerpt":{"rendered":"Az Apple az ut\u00f3bbi \u00e9vekben szabadalmi pereivel is legal\u00e1bb akkora h\u00edrnevet szerzett, mint saj\u00e1t term\u00e9keivel. A f\u0151k\u00e9nt nagy riv\u00e1lisnak sz\u00e1m\u00edt\u00f3 Samsunggal folytatott csat\u00e1roz\u00e1sok mellett azonban akadnak olyan esetek, amikor a cupertinoi gy\u00e1rt\u00f3 szabadaloms\u00e9rt\u00e9sei ker\u00fclnek g\u00f3rcs\u0151 al\u00e1. Ilyen az a kereset is, melyet a Wisconsin Alumni Research Foundation adott be, s amelyben most els\u0151dleges d\u00f6nt\u00e9st is hozott a bir\u00f3s\u00e1g. A Wisconsini Egyetem szabadalmat v\u00e9d\u0151 szervezet a gy\u00e1rt\u00f3 A7, A8 \u00e9s A8X n\u00e9vvel illetett processzorait kifog\u00e1solta a peranyagban. A v\u00e1dirat szerint a 2013-2014 k\u00f6z\u00f6tti iPhone \u00e9s iPad modellekben (illetve az idei iPad Mini 4-ben) haszn\u00e1lt chipek egy az egyetem \u00e1ltal m\u00e1r 1998-ban oltalom al\u00e1 vett technol\u00f3gi\u00e1t haszn\u00e1ltak fel. A Reuters \u00e9rtes\u00fcl\u00e9sei szerint a k\u00f6vetkez\u0151 t\u00e1rgyal\u00e1sok sor\u00e1n arra pr\u00f3b\u00e1l a bir\u00f3s\u00e1g f\u00e9nyt der\u00edteni, &#8230;","protected":false},"author":13,"featured_media":2776,"comment_status":"open","ping_status":"open","sticky":false,"template":"","format":"standard","meta":{"wprm-recipe-roundup-name":"","wprm-recipe-roundup-description":"","footnotes":""},"categories":[5979],"tags":[1766,1588,1767,1670,1768,137,157,1771,1770,1769,35,1765],"yoast_head":"<!-- This site is optimized with the Yoast SEO plugin v22.9 - https:\/\/yoast.com\/wordpress\/plugins\/seo\/ -->\n<title>T\u00f6bbsz\u00e1z milli\u00f3 doll\u00e1ros pert vesztett az Apple - MediaMarkt Magazin<\/title>\n<meta name=\"robots\" content=\"index, follow, max-snippet:-1, max-image-preview:large, max-video-preview:-1\" \/>\n<link rel=\"canonical\" href=\"https:\/\/hir.mediamarkt.hu\/magazin\/tobbszaz-millio-dollaros-pert-vesztett-az-apple\/\" \/>\n<meta property=\"og:locale\" content=\"hu_HU\" \/>\n<meta property=\"og:type\" content=\"article\" \/>\n<meta property=\"og:title\" content=\"T\u00f6bbsz\u00e1z milli\u00f3 doll\u00e1ros pert vesztett az Apple - MediaMarkt Magazin\" \/>\n<meta property=\"og:description\" content=\"Az Apple az ut\u00f3bbi \u00e9vekben szabadalmi pereivel is legal\u00e1bb akkora h\u00edrnevet szerzett, mint saj\u00e1t term\u00e9keivel. A f\u0151k\u00e9nt nagy riv\u00e1lisnak sz\u00e1m\u00edt\u00f3 Samsunggal folytatott csat\u00e1roz\u00e1sok mellett azonban akadnak olyan esetek, amikor a cupertinoi gy\u00e1rt\u00f3 szabadaloms\u00e9rt\u00e9sei ker\u00fclnek g\u00f3rcs\u0151 al\u00e1. Ilyen az a kereset is, melyet a Wisconsin Alumni Research Foundation adott be, s amelyben most els\u0151dleges d\u00f6nt\u00e9st is hozott a bir\u00f3s\u00e1g. A Wisconsini Egyetem szabadalmat v\u00e9d\u0151 szervezet a gy\u00e1rt\u00f3 A7, A8 \u00e9s A8X n\u00e9vvel illetett processzorait kifog\u00e1solta a peranyagban. A v\u00e1dirat szerint a 2013-2014 k\u00f6z\u00f6tti iPhone \u00e9s iPad modellekben (illetve az idei iPad Mini 4-ben) haszn\u00e1lt chipek egy az egyetem \u00e1ltal m\u00e1r 1998-ban oltalom al\u00e1 vett technol\u00f3gi\u00e1t haszn\u00e1ltak fel. A Reuters \u00e9rtes\u00fcl\u00e9sei szerint a k\u00f6vetkez\u0151 t\u00e1rgyal\u00e1sok sor\u00e1n arra pr\u00f3b\u00e1l a bir\u00f3s\u00e1g f\u00e9nyt der\u00edteni, ...\" \/>\n<meta property=\"og:url\" content=\"https:\/\/hir.mediamarkt.hu\/magazin\/tobbszaz-millio-dollaros-pert-vesztett-az-apple\/\" \/>\n<meta property=\"og:site_name\" content=\"MediaMarkt Magazin\" \/>\n<meta property=\"article:publisher\" content=\"https:\/\/www.facebook.com\/MediaMarktMagyarorszag\" \/>\n<meta property=\"article:published_time\" content=\"2015-10-14T12:04:27+00:00\" \/>\n<meta property=\"article:modified_time\" content=\"2015-10-14T14:28:12+00:00\" \/>\n<meta property=\"og:image\" content=\"https:\/\/hir.mediamarkt.hu\/magazin\/wp-content\/uploads\/2015\/06\/appleantenna1.png\" \/>\n\t<meta property=\"og:image:width\" content=\"938\" \/>\n\t<meta property=\"og:image:height\" content=\"626\" \/>\n\t<meta property=\"og:image:type\" content=\"image\/png\" \/>\n<meta name=\"author\" content=\"Media Markt\" \/>\n<meta name=\"twitter:label1\" content=\"Szerz\u0151:\" \/>\n\t<meta name=\"twitter:data1\" content=\"Media Markt\" \/>\n\t<meta name=\"twitter:label2\" content=\"Becs\u00fclt olvas\u00e1si id\u0151\" \/>\n\t<meta name=\"twitter:data2\" content=\"1 perc\" \/>\n<script type=\"application\/ld+json\" class=\"yoast-schema-graph\">{\"@context\":\"https:\/\/schema.org\",\"@graph\":[{\"@type\":\"WebPage\",\"@id\":\"https:\/\/hir.mediamarkt.hu\/magazin\/tobbszaz-millio-dollaros-pert-vesztett-az-apple\/\",\"url\":\"https:\/\/hir.mediamarkt.hu\/magazin\/tobbszaz-millio-dollaros-pert-vesztett-az-apple\/\",\"name\":\"T\u00f6bbsz\u00e1z milli\u00f3 doll\u00e1ros pert vesztett az Apple - MediaMarkt Magazin\",\"isPartOf\":{\"@id\":\"https:\/\/hir.mediamarkt.hu\/magazin\/#website\"},\"primaryImageOfPage\":{\"@id\":\"https:\/\/hir.mediamarkt.hu\/magazin\/tobbszaz-millio-dollaros-pert-vesztett-az-apple\/#primaryimage\"},\"image\":{\"@id\":\"https:\/\/hir.mediamarkt.hu\/magazin\/tobbszaz-millio-dollaros-pert-vesztett-az-apple\/#primaryimage\"},\"thumbnailUrl\":\"https:\/\/hir.mediamarkt.hu\/magazin\/wp-content\/uploads\/2015\/06\/appleantenna1.png\",\"datePublished\":\"2015-10-14T12:04:27+00:00\",\"dateModified\":\"2015-10-14T14:28:12+00:00\",\"author\":{\"@id\":\"https:\/\/hir.mediamarkt.hu\/magazin\/#\/schema\/person\/b93b02ec1ab4d2353f8d281e171c1b0b\"},\"breadcrumb\":{\"@id\":\"https:\/\/hir.mediamarkt.hu\/magazin\/tobbszaz-millio-dollaros-pert-vesztett-az-apple\/#breadcrumb\"},\"inLanguage\":\"hu\",\"potentialAction\":[{\"@type\":\"ReadAction\",\"target\":[\"https:\/\/hir.mediamarkt.hu\/magazin\/tobbszaz-millio-dollaros-pert-vesztett-az-apple\/\"]}]},{\"@type\":\"ImageObject\",\"inLanguage\":\"hu\",\"@id\":\"https:\/\/hir.mediamarkt.hu\/magazin\/tobbszaz-millio-dollaros-pert-vesztett-az-apple\/#primaryimage\",\"url\":\"https:\/\/hir.mediamarkt.hu\/magazin\/wp-content\/uploads\/2015\/06\/appleantenna1.png\",\"contentUrl\":\"https:\/\/hir.mediamarkt.hu\/magazin\/wp-content\/uploads\/2015\/06\/appleantenna1.png\",\"width\":938,\"height\":626},{\"@type\":\"BreadcrumbList\",\"@id\":\"https:\/\/hir.mediamarkt.hu\/magazin\/tobbszaz-millio-dollaros-pert-vesztett-az-apple\/#breadcrumb\",\"itemListElement\":[{\"@type\":\"ListItem\",\"position\":1,\"name\":\"Kezd\u0151lap\",\"item\":\"https:\/\/hir.mediamarkt.hu\/magazin\/\"},{\"@type\":\"ListItem\",\"position\":2,\"name\":\"IT \u00e9s sz\u00e1m\u00edt\u00e1stechnika\",\"item\":\"https:\/\/hir.mediamarkt.hu\/magazin\/it-es-szamitastechnika\/\"},{\"@type\":\"ListItem\",\"position\":3,\"name\":\"IT h\u00edrek\",\"item\":\"https:\/\/hir.mediamarkt.hu\/magazin\/it-es-szamitastechnika\/it-hirek\/\"},{\"@type\":\"ListItem\",\"position\":4,\"name\":\"T\u00f6bbsz\u00e1z milli\u00f3 doll\u00e1ros pert vesztett az Apple\"}]},{\"@type\":\"WebSite\",\"@id\":\"https:\/\/hir.mediamarkt.hu\/magazin\/#website\",\"url\":\"https:\/\/hir.mediamarkt.hu\/magazin\/\",\"name\":\"MediaMarkt Magazin\",\"description\":\"Olvass bele magazinunkba!\",\"potentialAction\":[{\"@type\":\"SearchAction\",\"target\":{\"@type\":\"EntryPoint\",\"urlTemplate\":\"https:\/\/hir.mediamarkt.hu\/magazin\/?s={search_term_string}\"},\"query-input\":\"required name=search_term_string\"}],\"inLanguage\":\"hu\"},{\"@type\":\"Person\",\"@id\":\"https:\/\/hir.mediamarkt.hu\/magazin\/#\/schema\/person\/b93b02ec1ab4d2353f8d281e171c1b0b\",\"name\":\"Media Markt\",\"image\":{\"@type\":\"ImageObject\",\"inLanguage\":\"hu\",\"@id\":\"https:\/\/hir.mediamarkt.hu\/magazin\/#\/schema\/person\/image\/\",\"url\":\"https:\/\/secure.gravatar.com\/avatar\/602bccae8998beee472d01909f0978f1?s=96&d=mm&r=g\",\"contentUrl\":\"https:\/\/secure.gravatar.com\/avatar\/602bccae8998beee472d01909f0978f1?s=96&d=mm&r=g\",\"caption\":\"Media Markt\"}}]}<\/script>\n<!-- \/ Yoast SEO plugin. -->","yoast_head_json":{"title":"T\u00f6bbsz\u00e1z milli\u00f3 doll\u00e1ros pert vesztett az Apple - MediaMarkt Magazin","robots":{"index":"index","follow":"follow","max-snippet":"max-snippet:-1","max-image-preview":"max-image-preview:large","max-video-preview":"max-video-preview:-1"},"canonical":"https:\/\/hir.mediamarkt.hu\/magazin\/tobbszaz-millio-dollaros-pert-vesztett-az-apple\/","og_locale":"hu_HU","og_type":"article","og_title":"T\u00f6bbsz\u00e1z milli\u00f3 doll\u00e1ros pert vesztett az Apple - MediaMarkt Magazin","og_description":"Az Apple az ut\u00f3bbi \u00e9vekben szabadalmi pereivel is legal\u00e1bb akkora h\u00edrnevet szerzett, mint saj\u00e1t term\u00e9keivel. A f\u0151k\u00e9nt nagy riv\u00e1lisnak sz\u00e1m\u00edt\u00f3 Samsunggal folytatott csat\u00e1roz\u00e1sok mellett azonban akadnak olyan esetek, amikor a cupertinoi gy\u00e1rt\u00f3 szabadaloms\u00e9rt\u00e9sei ker\u00fclnek g\u00f3rcs\u0151 al\u00e1. Ilyen az a kereset is, melyet a Wisconsin Alumni Research Foundation adott be, s amelyben most els\u0151dleges d\u00f6nt\u00e9st is hozott a bir\u00f3s\u00e1g. A Wisconsini Egyetem szabadalmat v\u00e9d\u0151 szervezet a gy\u00e1rt\u00f3 A7, A8 \u00e9s A8X n\u00e9vvel illetett processzorait kifog\u00e1solta a peranyagban. A v\u00e1dirat szerint a 2013-2014 k\u00f6z\u00f6tti iPhone \u00e9s iPad modellekben (illetve az idei iPad Mini 4-ben) haszn\u00e1lt chipek egy az egyetem \u00e1ltal m\u00e1r 1998-ban oltalom al\u00e1 vett technol\u00f3gi\u00e1t haszn\u00e1ltak fel. A Reuters \u00e9rtes\u00fcl\u00e9sei szerint a k\u00f6vetkez\u0151 t\u00e1rgyal\u00e1sok sor\u00e1n arra pr\u00f3b\u00e1l a bir\u00f3s\u00e1g f\u00e9nyt der\u00edteni, ...","og_url":"https:\/\/hir.mediamarkt.hu\/magazin\/tobbszaz-millio-dollaros-pert-vesztett-az-apple\/","og_site_name":"MediaMarkt Magazin","article_publisher":"https:\/\/www.facebook.com\/MediaMarktMagyarorszag","article_published_time":"2015-10-14T12:04:27+00:00","article_modified_time":"2015-10-14T14:28:12+00:00","og_image":[{"width":938,"height":626,"url":"https:\/\/hir.mediamarkt.hu\/magazin\/wp-content\/uploads\/2015\/06\/appleantenna1.png","type":"image\/png"}],"author":"Media Markt","twitter_misc":{"Szerz\u0151:":"Media Markt","Becs\u00fclt olvas\u00e1si id\u0151":"1 perc"},"schema":{"@context":"https:\/\/schema.org","@graph":[{"@type":"WebPage","@id":"https:\/\/hir.mediamarkt.hu\/magazin\/tobbszaz-millio-dollaros-pert-vesztett-az-apple\/","url":"https:\/\/hir.mediamarkt.hu\/magazin\/tobbszaz-millio-dollaros-pert-vesztett-az-apple\/","name":"T\u00f6bbsz\u00e1z milli\u00f3 doll\u00e1ros pert vesztett az Apple - MediaMarkt Magazin","isPartOf":{"@id":"https:\/\/hir.mediamarkt.hu\/magazin\/#website"},"primaryImageOfPage":{"@id":"https:\/\/hir.mediamarkt.hu\/magazin\/tobbszaz-millio-dollaros-pert-vesztett-az-apple\/#primaryimage"},"image":{"@id":"https:\/\/hir.mediamarkt.hu\/magazin\/tobbszaz-millio-dollaros-pert-vesztett-az-apple\/#primaryimage"},"thumbnailUrl":"https:\/\/hir.mediamarkt.hu\/magazin\/wp-content\/uploads\/2015\/06\/appleantenna1.png","datePublished":"2015-10-14T12:04:27+00:00","dateModified":"2015-10-14T14:28:12+00:00","author":{"@id":"https:\/\/hir.mediamarkt.hu\/magazin\/#\/schema\/person\/b93b02ec1ab4d2353f8d281e171c1b0b"},"breadcrumb":{"@id":"https:\/\/hir.mediamarkt.hu\/magazin\/tobbszaz-millio-dollaros-pert-vesztett-az-apple\/#breadcrumb"},"inLanguage":"hu","potentialAction":[{"@type":"ReadAction","target":["https:\/\/hir.mediamarkt.hu\/magazin\/tobbszaz-millio-dollaros-pert-vesztett-az-apple\/"]}]},{"@type":"ImageObject","inLanguage":"hu","@id":"https:\/\/hir.mediamarkt.hu\/magazin\/tobbszaz-millio-dollaros-pert-vesztett-az-apple\/#primaryimage","url":"https:\/\/hir.mediamarkt.hu\/magazin\/wp-content\/uploads\/2015\/06\/appleantenna1.png","contentUrl":"https:\/\/hir.mediamarkt.hu\/magazin\/wp-content\/uploads\/2015\/06\/appleantenna1.png","width":938,"height":626},{"@type":"BreadcrumbList","@id":"https:\/\/hir.mediamarkt.hu\/magazin\/tobbszaz-millio-dollaros-pert-vesztett-az-apple\/#breadcrumb","itemListElement":[{"@type":"ListItem","position":1,"name":"Kezd\u0151lap","item":"https:\/\/hir.mediamarkt.hu\/magazin\/"},{"@type":"ListItem","position":2,"name":"IT \u00e9s sz\u00e1m\u00edt\u00e1stechnika","item":"https:\/\/hir.mediamarkt.hu\/magazin\/it-es-szamitastechnika\/"},{"@type":"ListItem","position":3,"name":"IT h\u00edrek","item":"https:\/\/hir.mediamarkt.hu\/magazin\/it-es-szamitastechnika\/it-hirek\/"},{"@type":"ListItem","position":4,"name":"T\u00f6bbsz\u00e1z milli\u00f3 doll\u00e1ros pert vesztett az Apple"}]},{"@type":"WebSite","@id":"https:\/\/hir.mediamarkt.hu\/magazin\/#website","url":"https:\/\/hir.mediamarkt.hu\/magazin\/","name":"MediaMarkt Magazin","description":"Olvass bele magazinunkba!","potentialAction":[{"@type":"SearchAction","target":{"@type":"EntryPoint","urlTemplate":"https:\/\/hir.mediamarkt.hu\/magazin\/?s={search_term_string}"},"query-input":"required name=search_term_string"}],"inLanguage":"hu"},{"@type":"Person","@id":"https:\/\/hir.mediamarkt.hu\/magazin\/#\/schema\/person\/b93b02ec1ab4d2353f8d281e171c1b0b","name":"Media Markt","image":{"@type":"ImageObject","inLanguage":"hu","@id":"https:\/\/hir.mediamarkt.hu\/magazin\/#\/schema\/person\/image\/","url":"https:\/\/secure.gravatar.com\/avatar\/602bccae8998beee472d01909f0978f1?s=96&d=mm&r=g","contentUrl":"https:\/\/secure.gravatar.com\/avatar\/602bccae8998beee472d01909f0978f1?s=96&d=mm&r=g","caption":"Media Markt"}}]}},"_links":{"self":[{"href":"https:\/\/hir.mediamarkt.hu\/magazin\/wp-json\/wp\/v2\/posts\/3418"}],"collection":[{"href":"https:\/\/hir.mediamarkt.hu\/magazin\/wp-json\/wp\/v2\/posts"}],"about":[{"href":"https:\/\/hir.mediamarkt.hu\/magazin\/wp-json\/wp\/v2\/types\/post"}],"author":[{"embeddable":true,"href":"https:\/\/hir.mediamarkt.hu\/magazin\/wp-json\/wp\/v2\/users\/13"}],"replies":[{"embeddable":true,"href":"https:\/\/hir.mediamarkt.hu\/magazin\/wp-json\/wp\/v2\/comments?post=3418"}],"version-history":[{"count":2,"href":"https:\/\/hir.mediamarkt.hu\/magazin\/wp-json\/wp\/v2\/posts\/3418\/revisions"}],"predecessor-version":[{"id":3420,"href":"https:\/\/hir.mediamarkt.hu\/magazin\/wp-json\/wp\/v2\/posts\/3418\/revisions\/3420"}],"wp:featuredmedia":[{"embeddable":true,"href":"https:\/\/hir.mediamarkt.hu\/magazin\/wp-json\/wp\/v2\/media\/2776"}],"wp:attachment":[{"href":"https:\/\/hir.mediamarkt.hu\/magazin\/wp-json\/wp\/v2\/media?parent=3418"}],"wp:term":[{"taxonomy":"category","embeddable":true,"href":"https:\/\/hir.mediamarkt.hu\/magazin\/wp-json\/wp\/v2\/categories?post=3418"},{"taxonomy":"post_tag","embeddable":true,"href":"https:\/\/hir.mediamarkt.hu\/magazin\/wp-json\/wp\/v2\/tags?post=3418"}],"curies":[{"name":"wp","href":"https:\/\/api.w.org\/{rel}","templated":true}]}}