{"id":3665,"date":"2015-11-30T18:24:02","date_gmt":"2015-11-30T17:24:02","guid":{"rendered":"http:\/\/hir.mediamarkt.hu\/magazin\/?p=3665"},"modified":"2015-11-30T18:24:35","modified_gmt":"2015-11-30T17:24:35","slug":"torolheto-uzenetekkel-es-fajlkuldessel-ujit-viber","status":"publish","type":"post","link":"https:\/\/hir.mediamarkt.hu\/magazin\/torolheto-uzenetekkel-es-fajlkuldessel-ujit-viber\/","title":{"rendered":"T\u00f6r\u00f6lhet\u0151 \u00fczenetekkel \u00e9s f\u00e1jlk\u00fcld\u00e9ssel \u00faj\u00edt a Viber"},"content":{"rendered":"Egy cseveg\u0151 szolg\u00e1ltat\u00e1sn\u00e1l nem meglep\u0151 dolog egy \u00fczenet t\u00f6rl\u00e9s\u00e9nek k\u00e9pess\u00e9ge, a Viber azonban ezt most olyan m\u00f3don fejlesztette, aminek minden bizonnyal sokan fognak \u00f6r\u00fclni.\r\n\r\n<a href=\"http:\/\/hir.mediamarkt.hu\/magazin\/wp-content\/uploads\/2015\/11\/Viber_delete_message_01_MMM.png\" data-lbwps-width=\"700\" data-lbwps-height=\"583\" data-lbwps-srcsmall=\"https:\/\/hir.mediamarkt.hu\/magazin\/wp-content\/uploads\/2015\/11\/Viber_delete_message_01_MMM-300x250.png\"><img loading=\"lazy\" decoding=\"async\" class=\"alignnone size-full wp-image-3669\" src=\"http:\/\/hir.mediamarkt.hu\/magazin\/wp-content\/uploads\/2015\/11\/Viber_delete_message_01_MMM.png\" alt=\"Viber_delete_message_01_MMM\" width=\"960\" height=\"800\" srcset=\"https:\/\/hir.mediamarkt.hu\/magazin\/wp-content\/uploads\/2015\/11\/Viber_delete_message_01_MMM.png 700w, https:\/\/hir.mediamarkt.hu\/magazin\/wp-content\/uploads\/2015\/11\/Viber_delete_message_01_MMM-275x229.png 275w, https:\/\/hir.mediamarkt.hu\/magazin\/wp-content\/uploads\/2015\/11\/Viber_delete_message_01_MMM-300x250.png 300w\" sizes=\"(max-width: 960px) 100vw, 960px\" \/><\/a>\r\n\r\nAz egyik legn\u00e9pszer\u00fabb cseveg\u0151nek sz\u00e1m\u00edt\u00f3 rendszer <a href=\"https:\/\/play.google.com\/store\/apps\/details?id=com.viber.voip\" target=\"_blank\">Android <\/a>\u00e9s <a href=\"https:\/\/itunes.apple.com\/app\/viber-free-phone-calls\/id382617920?mt=8\" target=\"_blank\">iOS alkalmaz\u00e1s\u00e1nak<\/a> leg\u00fajabb friss\u00edt\u00e9se m\u00e1r tartalmazza a funkci\u00f3t, mellyel egy \u00fczenet m\u00e1r nem csak helyileg lesz t\u00f6r\u00f6lhet\u0151 &#8211; mint ahogy az a kor\u00e1bbi verzi\u00f3kban volt &#8211; hanem egys\u00e9gesen, a besz\u00e9lget\u00e9sb\u0151l t\u00f6r\u00f6lhetj\u00fck azokat. A funkci\u00f3t legink\u00e1bb \u00fagy \u00e9rdemes elk\u00e9pzelni, mint a Google levelez\u0151j\u00e9ben tal\u00e1lhat\u00f3 email visszavon\u00e1s lehet\u0151s\u00e9g\u00e9t, noha ez a lehet\u0151s\u00e9g itt nem csak n\u00e9h\u00e1ny m\u00e1sodpercig \u00e9rhet\u0151 el, a t\u00f6rl\u00e9st k\u00f6vet\u0151en az adott \u00fczenet minden f\u00e9l besz\u00e9lget\u00e9s\u00e9b\u0151l elt\u0171nik az adott \u00fczenet, nyom n\u00e9lk\u00fcl, legyen sz\u00f3 ak\u00e1r csoportos besz\u00e9lget\u00e9sekr\u0151l.\r\n<p align=\"center\"><a href=\"http:\/\/hir.mediamarkt.hu\/magazin\/wp-content\/uploads\/2015\/11\/Viber_delete_send_file_01_MMM.png\" data-lbwps-width=\"335\" data-lbwps-height=\"700\" data-lbwps-srcsmall=\"https:\/\/hir.mediamarkt.hu\/magazin\/wp-content\/uploads\/2015\/11\/Viber_delete_send_file_01_MMM-143x300.png\"><img loading=\"lazy\" decoding=\"async\" class=\"alignnone size-full wp-image-3670\" src=\"http:\/\/hir.mediamarkt.hu\/magazin\/wp-content\/uploads\/2015\/11\/Viber_delete_send_file_01_MMM.png\" alt=\"Viber_delete_send_file_01_MMM\" width=\"460\" height=\"960\" srcset=\"https:\/\/hir.mediamarkt.hu\/magazin\/wp-content\/uploads\/2015\/11\/Viber_delete_send_file_01_MMM.png 335w, https:\/\/hir.mediamarkt.hu\/magazin\/wp-content\/uploads\/2015\/11\/Viber_delete_send_file_01_MMM-239x500.png 239w\" sizes=\"(max-width: 460px) 100vw, 460px\" \/><\/a><\/p>\r\nA rendszer m\u00e1sik \u00faj\u00edt\u00e1sa a f\u00e1jlk\u00fcld\u00e9s, mostant\u00f3l ez is minden besz\u00e9lget\u00e9si form\u00e1tumban haszn\u00e1lhat\u00f3 lesz \u00e9s a kor\u00e1bbiakkal ellent\u00e9tben, mikor is csak k\u00e9peket vagy hangfelv\u00e9teleket k\u00fcldhett\u00fcnk, az alkalmaz\u00e1s a legt\u00f6bb f\u00e1jlt\u00edpust t\u00e1mogatja, a m\u00e9rethat\u00e1r 200 megab\u00e1jt.","protected":false},"excerpt":{"rendered":"Egy cseveg\u0151 szolg\u00e1ltat\u00e1sn\u00e1l nem meglep\u0151 dolog egy \u00fczenet t\u00f6rl\u00e9s\u00e9nek k\u00e9pess\u00e9ge, a Viber azonban ezt most olyan m\u00f3don fejlesztette, aminek minden bizonnyal sokan fognak \u00f6r\u00fclni. Az egyik legn\u00e9pszer\u00fabb cseveg\u0151nek sz\u00e1m\u00edt\u00f3 rendszer Android \u00e9s iOS alkalmaz\u00e1s\u00e1nak leg\u00fajabb friss\u00edt\u00e9se m\u00e1r tartalmazza a funkci\u00f3t, mellyel egy \u00fczenet m\u00e1r nem csak helyileg lesz t\u00f6r\u00f6lhet\u0151 &#8211; mint ahogy az a kor\u00e1bbi verzi\u00f3kban volt &#8211; hanem egys\u00e9gesen, a besz\u00e9lget\u00e9sb\u0151l t\u00f6r\u00f6lhetj\u00fck azokat. A funkci\u00f3t legink\u00e1bb \u00fagy \u00e9rdemes elk\u00e9pzelni, mint a Google levelez\u0151j\u00e9ben tal\u00e1lhat\u00f3 email visszavon\u00e1s lehet\u0151s\u00e9g\u00e9t, noha ez a lehet\u0151s\u00e9g itt nem csak n\u00e9h\u00e1ny m\u00e1sodpercig \u00e9rhet\u0151 el, a t\u00f6rl\u00e9st k\u00f6vet\u0151en az adott \u00fczenet minden f\u00e9l besz\u00e9lget\u00e9s\u00e9b\u0151l elt\u0171nik az adott \u00fczenet, nyom n\u00e9lk\u00fcl, legyen sz\u00f3 ak\u00e1r csoportos besz\u00e9lget\u00e9sekr\u0151l. A rendszer m\u00e1sik \u00faj\u00edt\u00e1sa a f\u00e1jlk\u00fcld\u00e9s, mostant\u00f3l ez is minden besz\u00e9lget\u00e9si &#8230;","protected":false},"author":13,"featured_media":3669,"comment_status":"open","ping_status":"open","sticky":false,"template":"","format":"standard","meta":{"wprm-recipe-roundup-name":"","wprm-recipe-roundup-description":"","footnotes":""},"categories":[5982],"tags":[655,68,1960,1958,1959,261,1543,170,176,1957,656,1956],"yoast_head":"<!-- This site is optimized with the Yoast SEO plugin v22.9 - https:\/\/yoast.com\/wordpress\/plugins\/seo\/ -->\n<title>T\u00f6r\u00f6lhet\u0151 \u00fczenetekkel \u00e9s f\u00e1jlk\u00fcld\u00e9ssel \u00faj\u00edt a Viber - MediaMarkt Magazin<\/title>\n<meta name=\"robots\" content=\"index, follow, max-snippet:-1, max-image-preview:large, max-video-preview:-1\" \/>\n<link rel=\"canonical\" href=\"https:\/\/hir.mediamarkt.hu\/magazin\/torolheto-uzenetekkel-es-fajlkuldessel-ujit-viber\/\" \/>\n<meta property=\"og:locale\" content=\"hu_HU\" \/>\n<meta property=\"og:type\" content=\"article\" \/>\n<meta property=\"og:title\" content=\"T\u00f6r\u00f6lhet\u0151 \u00fczenetekkel \u00e9s f\u00e1jlk\u00fcld\u00e9ssel \u00faj\u00edt a Viber - MediaMarkt Magazin\" \/>\n<meta property=\"og:description\" content=\"Egy cseveg\u0151 szolg\u00e1ltat\u00e1sn\u00e1l nem meglep\u0151 dolog egy \u00fczenet t\u00f6rl\u00e9s\u00e9nek k\u00e9pess\u00e9ge, a Viber azonban ezt most olyan m\u00f3don fejlesztette, aminek minden bizonnyal sokan fognak \u00f6r\u00fclni. Az egyik legn\u00e9pszer\u00fabb cseveg\u0151nek sz\u00e1m\u00edt\u00f3 rendszer Android \u00e9s iOS alkalmaz\u00e1s\u00e1nak leg\u00fajabb friss\u00edt\u00e9se m\u00e1r tartalmazza a funkci\u00f3t, mellyel egy \u00fczenet m\u00e1r nem csak helyileg lesz t\u00f6r\u00f6lhet\u0151 &#8211; mint ahogy az a kor\u00e1bbi verzi\u00f3kban volt &#8211; hanem egys\u00e9gesen, a besz\u00e9lget\u00e9sb\u0151l t\u00f6r\u00f6lhetj\u00fck azokat. A funkci\u00f3t legink\u00e1bb \u00fagy \u00e9rdemes elk\u00e9pzelni, mint a Google levelez\u0151j\u00e9ben tal\u00e1lhat\u00f3 email visszavon\u00e1s lehet\u0151s\u00e9g\u00e9t, noha ez a lehet\u0151s\u00e9g itt nem csak n\u00e9h\u00e1ny m\u00e1sodpercig \u00e9rhet\u0151 el, a t\u00f6rl\u00e9st k\u00f6vet\u0151en az adott \u00fczenet minden f\u00e9l besz\u00e9lget\u00e9s\u00e9b\u0151l elt\u0171nik az adott \u00fczenet, nyom n\u00e9lk\u00fcl, legyen sz\u00f3 ak\u00e1r csoportos besz\u00e9lget\u00e9sekr\u0151l. A rendszer m\u00e1sik \u00faj\u00edt\u00e1sa a f\u00e1jlk\u00fcld\u00e9s, mostant\u00f3l ez is minden besz\u00e9lget\u00e9si ...\" \/>\n<meta property=\"og:url\" content=\"https:\/\/hir.mediamarkt.hu\/magazin\/torolheto-uzenetekkel-es-fajlkuldessel-ujit-viber\/\" \/>\n<meta property=\"og:site_name\" content=\"MediaMarkt Magazin\" \/>\n<meta property=\"article:publisher\" content=\"https:\/\/www.facebook.com\/MediaMarktMagyarorszag\" \/>\n<meta property=\"article:published_time\" content=\"2015-11-30T17:24:02+00:00\" \/>\n<meta property=\"article:modified_time\" content=\"2015-11-30T17:24:35+00:00\" \/>\n<meta property=\"og:image\" content=\"https:\/\/hir.mediamarkt.hu\/magazin\/wp-content\/uploads\/2015\/11\/Viber_delete_message_01_MMM.png\" \/>\n\t<meta property=\"og:image:width\" content=\"700\" \/>\n\t<meta property=\"og:image:height\" content=\"583\" \/>\n\t<meta property=\"og:image:type\" content=\"image\/png\" \/>\n<meta name=\"author\" content=\"Media Markt\" \/>\n<meta name=\"twitter:label1\" content=\"Szerz\u0151:\" \/>\n\t<meta name=\"twitter:data1\" content=\"Media Markt\" \/>\n\t<meta name=\"twitter:label2\" content=\"Becs\u00fclt olvas\u00e1si id\u0151\" \/>\n\t<meta name=\"twitter:data2\" content=\"1 perc\" \/>\n<script type=\"application\/ld+json\" class=\"yoast-schema-graph\">{\"@context\":\"https:\/\/schema.org\",\"@graph\":[{\"@type\":\"WebPage\",\"@id\":\"https:\/\/hir.mediamarkt.hu\/magazin\/torolheto-uzenetekkel-es-fajlkuldessel-ujit-viber\/\",\"url\":\"https:\/\/hir.mediamarkt.hu\/magazin\/torolheto-uzenetekkel-es-fajlkuldessel-ujit-viber\/\",\"name\":\"T\u00f6r\u00f6lhet\u0151 \u00fczenetekkel \u00e9s f\u00e1jlk\u00fcld\u00e9ssel \u00faj\u00edt a Viber - MediaMarkt Magazin\",\"isPartOf\":{\"@id\":\"https:\/\/hir.mediamarkt.hu\/magazin\/#website\"},\"primaryImageOfPage\":{\"@id\":\"https:\/\/hir.mediamarkt.hu\/magazin\/torolheto-uzenetekkel-es-fajlkuldessel-ujit-viber\/#primaryimage\"},\"image\":{\"@id\":\"https:\/\/hir.mediamarkt.hu\/magazin\/torolheto-uzenetekkel-es-fajlkuldessel-ujit-viber\/#primaryimage\"},\"thumbnailUrl\":\"https:\/\/hir.mediamarkt.hu\/magazin\/wp-content\/uploads\/2015\/11\/Viber_delete_message_01_MMM.png\",\"datePublished\":\"2015-11-30T17:24:02+00:00\",\"dateModified\":\"2015-11-30T17:24:35+00:00\",\"author\":{\"@id\":\"https:\/\/hir.mediamarkt.hu\/magazin\/#\/schema\/person\/b93b02ec1ab4d2353f8d281e171c1b0b\"},\"breadcrumb\":{\"@id\":\"https:\/\/hir.mediamarkt.hu\/magazin\/torolheto-uzenetekkel-es-fajlkuldessel-ujit-viber\/#breadcrumb\"},\"inLanguage\":\"hu\",\"potentialAction\":[{\"@type\":\"ReadAction\",\"target\":[\"https:\/\/hir.mediamarkt.hu\/magazin\/torolheto-uzenetekkel-es-fajlkuldessel-ujit-viber\/\"]}]},{\"@type\":\"ImageObject\",\"inLanguage\":\"hu\",\"@id\":\"https:\/\/hir.mediamarkt.hu\/magazin\/torolheto-uzenetekkel-es-fajlkuldessel-ujit-viber\/#primaryimage\",\"url\":\"https:\/\/hir.mediamarkt.hu\/magazin\/wp-content\/uploads\/2015\/11\/Viber_delete_message_01_MMM.png\",\"contentUrl\":\"https:\/\/hir.mediamarkt.hu\/magazin\/wp-content\/uploads\/2015\/11\/Viber_delete_message_01_MMM.png\",\"width\":700,\"height\":583},{\"@type\":\"BreadcrumbList\",\"@id\":\"https:\/\/hir.mediamarkt.hu\/magazin\/torolheto-uzenetekkel-es-fajlkuldessel-ujit-viber\/#breadcrumb\",\"itemListElement\":[{\"@type\":\"ListItem\",\"position\":1,\"name\":\"Kezd\u0151lap\",\"item\":\"https:\/\/hir.mediamarkt.hu\/magazin\/\"},{\"@type\":\"ListItem\",\"position\":2,\"name\":\"IT \u00e9s sz\u00e1m\u00edt\u00e1stechnika\",\"item\":\"https:\/\/hir.mediamarkt.hu\/magazin\/it-es-szamitastechnika\/\"},{\"@type\":\"ListItem\",\"position\":3,\"name\":\"Szoftverek \u00e9s alkalmaz\u00e1sok\",\"item\":\"https:\/\/hir.mediamarkt.hu\/magazin\/it-es-szamitastechnika\/szoftverek-es-alkalmazasok\/\"},{\"@type\":\"ListItem\",\"position\":4,\"name\":\"T\u00f6r\u00f6lhet\u0151 \u00fczenetekkel \u00e9s f\u00e1jlk\u00fcld\u00e9ssel \u00faj\u00edt a Viber\"}]},{\"@type\":\"WebSite\",\"@id\":\"https:\/\/hir.mediamarkt.hu\/magazin\/#website\",\"url\":\"https:\/\/hir.mediamarkt.hu\/magazin\/\",\"name\":\"MediaMarkt Magazin\",\"description\":\"Olvass bele magazinunkba!\",\"potentialAction\":[{\"@type\":\"SearchAction\",\"target\":{\"@type\":\"EntryPoint\",\"urlTemplate\":\"https:\/\/hir.mediamarkt.hu\/magazin\/?s={search_term_string}\"},\"query-input\":\"required name=search_term_string\"}],\"inLanguage\":\"hu\"},{\"@type\":\"Person\",\"@id\":\"https:\/\/hir.mediamarkt.hu\/magazin\/#\/schema\/person\/b93b02ec1ab4d2353f8d281e171c1b0b\",\"name\":\"Media Markt\",\"image\":{\"@type\":\"ImageObject\",\"inLanguage\":\"hu\",\"@id\":\"https:\/\/hir.mediamarkt.hu\/magazin\/#\/schema\/person\/image\/\",\"url\":\"https:\/\/secure.gravatar.com\/avatar\/602bccae8998beee472d01909f0978f1?s=96&d=mm&r=g\",\"contentUrl\":\"https:\/\/secure.gravatar.com\/avatar\/602bccae8998beee472d01909f0978f1?s=96&d=mm&r=g\",\"caption\":\"Media Markt\"}}]}<\/script>\n<!-- \/ Yoast SEO plugin. -->","yoast_head_json":{"title":"T\u00f6r\u00f6lhet\u0151 \u00fczenetekkel \u00e9s f\u00e1jlk\u00fcld\u00e9ssel \u00faj\u00edt a Viber - MediaMarkt Magazin","robots":{"index":"index","follow":"follow","max-snippet":"max-snippet:-1","max-image-preview":"max-image-preview:large","max-video-preview":"max-video-preview:-1"},"canonical":"https:\/\/hir.mediamarkt.hu\/magazin\/torolheto-uzenetekkel-es-fajlkuldessel-ujit-viber\/","og_locale":"hu_HU","og_type":"article","og_title":"T\u00f6r\u00f6lhet\u0151 \u00fczenetekkel \u00e9s f\u00e1jlk\u00fcld\u00e9ssel \u00faj\u00edt a Viber - MediaMarkt Magazin","og_description":"Egy cseveg\u0151 szolg\u00e1ltat\u00e1sn\u00e1l nem meglep\u0151 dolog egy \u00fczenet t\u00f6rl\u00e9s\u00e9nek k\u00e9pess\u00e9ge, a Viber azonban ezt most olyan m\u00f3don fejlesztette, aminek minden bizonnyal sokan fognak \u00f6r\u00fclni. Az egyik legn\u00e9pszer\u00fabb cseveg\u0151nek sz\u00e1m\u00edt\u00f3 rendszer Android \u00e9s iOS alkalmaz\u00e1s\u00e1nak leg\u00fajabb friss\u00edt\u00e9se m\u00e1r tartalmazza a funkci\u00f3t, mellyel egy \u00fczenet m\u00e1r nem csak helyileg lesz t\u00f6r\u00f6lhet\u0151 &#8211; mint ahogy az a kor\u00e1bbi verzi\u00f3kban volt &#8211; hanem egys\u00e9gesen, a besz\u00e9lget\u00e9sb\u0151l t\u00f6r\u00f6lhetj\u00fck azokat. A funkci\u00f3t legink\u00e1bb \u00fagy \u00e9rdemes elk\u00e9pzelni, mint a Google levelez\u0151j\u00e9ben tal\u00e1lhat\u00f3 email visszavon\u00e1s lehet\u0151s\u00e9g\u00e9t, noha ez a lehet\u0151s\u00e9g itt nem csak n\u00e9h\u00e1ny m\u00e1sodpercig \u00e9rhet\u0151 el, a t\u00f6rl\u00e9st k\u00f6vet\u0151en az adott \u00fczenet minden f\u00e9l besz\u00e9lget\u00e9s\u00e9b\u0151l elt\u0171nik az adott \u00fczenet, nyom n\u00e9lk\u00fcl, legyen sz\u00f3 ak\u00e1r csoportos besz\u00e9lget\u00e9sekr\u0151l. A rendszer m\u00e1sik \u00faj\u00edt\u00e1sa a f\u00e1jlk\u00fcld\u00e9s, mostant\u00f3l ez is minden besz\u00e9lget\u00e9si ...","og_url":"https:\/\/hir.mediamarkt.hu\/magazin\/torolheto-uzenetekkel-es-fajlkuldessel-ujit-viber\/","og_site_name":"MediaMarkt Magazin","article_publisher":"https:\/\/www.facebook.com\/MediaMarktMagyarorszag","article_published_time":"2015-11-30T17:24:02+00:00","article_modified_time":"2015-11-30T17:24:35+00:00","og_image":[{"width":700,"height":583,"url":"https:\/\/hir.mediamarkt.hu\/magazin\/wp-content\/uploads\/2015\/11\/Viber_delete_message_01_MMM.png","type":"image\/png"}],"author":"Media Markt","twitter_misc":{"Szerz\u0151:":"Media Markt","Becs\u00fclt olvas\u00e1si id\u0151":"1 perc"},"schema":{"@context":"https:\/\/schema.org","@graph":[{"@type":"WebPage","@id":"https:\/\/hir.mediamarkt.hu\/magazin\/torolheto-uzenetekkel-es-fajlkuldessel-ujit-viber\/","url":"https:\/\/hir.mediamarkt.hu\/magazin\/torolheto-uzenetekkel-es-fajlkuldessel-ujit-viber\/","name":"T\u00f6r\u00f6lhet\u0151 \u00fczenetekkel \u00e9s f\u00e1jlk\u00fcld\u00e9ssel \u00faj\u00edt a Viber - MediaMarkt Magazin","isPartOf":{"@id":"https:\/\/hir.mediamarkt.hu\/magazin\/#website"},"primaryImageOfPage":{"@id":"https:\/\/hir.mediamarkt.hu\/magazin\/torolheto-uzenetekkel-es-fajlkuldessel-ujit-viber\/#primaryimage"},"image":{"@id":"https:\/\/hir.mediamarkt.hu\/magazin\/torolheto-uzenetekkel-es-fajlkuldessel-ujit-viber\/#primaryimage"},"thumbnailUrl":"https:\/\/hir.mediamarkt.hu\/magazin\/wp-content\/uploads\/2015\/11\/Viber_delete_message_01_MMM.png","datePublished":"2015-11-30T17:24:02+00:00","dateModified":"2015-11-30T17:24:35+00:00","author":{"@id":"https:\/\/hir.mediamarkt.hu\/magazin\/#\/schema\/person\/b93b02ec1ab4d2353f8d281e171c1b0b"},"breadcrumb":{"@id":"https:\/\/hir.mediamarkt.hu\/magazin\/torolheto-uzenetekkel-es-fajlkuldessel-ujit-viber\/#breadcrumb"},"inLanguage":"hu","potentialAction":[{"@type":"ReadAction","target":["https:\/\/hir.mediamarkt.hu\/magazin\/torolheto-uzenetekkel-es-fajlkuldessel-ujit-viber\/"]}]},{"@type":"ImageObject","inLanguage":"hu","@id":"https:\/\/hir.mediamarkt.hu\/magazin\/torolheto-uzenetekkel-es-fajlkuldessel-ujit-viber\/#primaryimage","url":"https:\/\/hir.mediamarkt.hu\/magazin\/wp-content\/uploads\/2015\/11\/Viber_delete_message_01_MMM.png","contentUrl":"https:\/\/hir.mediamarkt.hu\/magazin\/wp-content\/uploads\/2015\/11\/Viber_delete_message_01_MMM.png","width":700,"height":583},{"@type":"BreadcrumbList","@id":"https:\/\/hir.mediamarkt.hu\/magazin\/torolheto-uzenetekkel-es-fajlkuldessel-ujit-viber\/#breadcrumb","itemListElement":[{"@type":"ListItem","position":1,"name":"Kezd\u0151lap","item":"https:\/\/hir.mediamarkt.hu\/magazin\/"},{"@type":"ListItem","position":2,"name":"IT \u00e9s sz\u00e1m\u00edt\u00e1stechnika","item":"https:\/\/hir.mediamarkt.hu\/magazin\/it-es-szamitastechnika\/"},{"@type":"ListItem","position":3,"name":"Szoftverek \u00e9s alkalmaz\u00e1sok","item":"https:\/\/hir.mediamarkt.hu\/magazin\/it-es-szamitastechnika\/szoftverek-es-alkalmazasok\/"},{"@type":"ListItem","position":4,"name":"T\u00f6r\u00f6lhet\u0151 \u00fczenetekkel \u00e9s f\u00e1jlk\u00fcld\u00e9ssel \u00faj\u00edt a Viber"}]},{"@type":"WebSite","@id":"https:\/\/hir.mediamarkt.hu\/magazin\/#website","url":"https:\/\/hir.mediamarkt.hu\/magazin\/","name":"MediaMarkt Magazin","description":"Olvass bele magazinunkba!","potentialAction":[{"@type":"SearchAction","target":{"@type":"EntryPoint","urlTemplate":"https:\/\/hir.mediamarkt.hu\/magazin\/?s={search_term_string}"},"query-input":"required name=search_term_string"}],"inLanguage":"hu"},{"@type":"Person","@id":"https:\/\/hir.mediamarkt.hu\/magazin\/#\/schema\/person\/b93b02ec1ab4d2353f8d281e171c1b0b","name":"Media Markt","image":{"@type":"ImageObject","inLanguage":"hu","@id":"https:\/\/hir.mediamarkt.hu\/magazin\/#\/schema\/person\/image\/","url":"https:\/\/secure.gravatar.com\/avatar\/602bccae8998beee472d01909f0978f1?s=96&d=mm&r=g","contentUrl":"https:\/\/secure.gravatar.com\/avatar\/602bccae8998beee472d01909f0978f1?s=96&d=mm&r=g","caption":"Media Markt"}}]}},"_links":{"self":[{"href":"https:\/\/hir.mediamarkt.hu\/magazin\/wp-json\/wp\/v2\/posts\/3665"}],"collection":[{"href":"https:\/\/hir.mediamarkt.hu\/magazin\/wp-json\/wp\/v2\/posts"}],"about":[{"href":"https:\/\/hir.mediamarkt.hu\/magazin\/wp-json\/wp\/v2\/types\/post"}],"author":[{"embeddable":true,"href":"https:\/\/hir.mediamarkt.hu\/magazin\/wp-json\/wp\/v2\/users\/13"}],"replies":[{"embeddable":true,"href":"https:\/\/hir.mediamarkt.hu\/magazin\/wp-json\/wp\/v2\/comments?post=3665"}],"version-history":[{"count":2,"href":"https:\/\/hir.mediamarkt.hu\/magazin\/wp-json\/wp\/v2\/posts\/3665\/revisions"}],"predecessor-version":[{"id":3672,"href":"https:\/\/hir.mediamarkt.hu\/magazin\/wp-json\/wp\/v2\/posts\/3665\/revisions\/3672"}],"wp:featuredmedia":[{"embeddable":true,"href":"https:\/\/hir.mediamarkt.hu\/magazin\/wp-json\/wp\/v2\/media\/3669"}],"wp:attachment":[{"href":"https:\/\/hir.mediamarkt.hu\/magazin\/wp-json\/wp\/v2\/media?parent=3665"}],"wp:term":[{"taxonomy":"category","embeddable":true,"href":"https:\/\/hir.mediamarkt.hu\/magazin\/wp-json\/wp\/v2\/categories?post=3665"},{"taxonomy":"post_tag","embeddable":true,"href":"https:\/\/hir.mediamarkt.hu\/magazin\/wp-json\/wp\/v2\/tags?post=3665"}],"curies":[{"name":"wp","href":"https:\/\/api.w.org\/{rel}","templated":true}]}}