{"id":3676,"date":"2015-12-02T14:54:22","date_gmt":"2015-12-02T13:54:22","guid":{"rendered":"http:\/\/hir.mediamarkt.hu\/magazin\/?p=3676"},"modified":"2015-12-02T14:55:34","modified_gmt":"2015-12-02T13:55:34","slug":"szuperolcso-intel-tablet-xiaomitol","status":"publish","type":"post","link":"https:\/\/hir.mediamarkt.hu\/magazin\/szuperolcso-intel-tablet-xiaomitol\/","title":{"rendered":"Szuperolcs\u00f3 Intel tablet a Xiaomit\u00f3l"},"content":{"rendered":"Alig egy hete mutatkozott be a Xiaomi leg\u00fajabb cs\u00facs-phabletje, azaz a Redmi Note 3, mellyel egy\u00fctt egy m\u00e1sik \u00e9rdekes \u00fajdons\u00e1g is napvil\u00e1got l\u00e1tott. A gy\u00e1rt\u00f3 ugyanis friss\u00edtette t\u00e1blag\u00e9p vonal\u00e1t is a Mi Pad 2 form\u00e1j\u00e1ban.\r\n\r\n<p align=\"center\"><a href=\"http:\/\/hir.mediamarkt.hu\/magazin\/wp-content\/uploads\/2015\/12\/Xiaomi_MiPad2_02_MMM.jpg\" data-lbwps-width=\"648\" data-lbwps-height=\"401\" data-lbwps-srcsmall=\"https:\/\/hir.mediamarkt.hu\/magazin\/wp-content\/uploads\/2015\/12\/Xiaomi_MiPad2_02_MMM-300x185.jpg\"><img loading=\"lazy\" decoding=\"async\" class=\"alignnone size-full wp-image-3679\" src=\"http:\/\/hir.mediamarkt.hu\/magazin\/wp-content\/uploads\/2015\/12\/Xiaomi_MiPad2_02_MMM.jpg\" alt=\"Xiaomi_MiPad2_02_MMM\" width=\"648\" height=\"401\" srcset=\"https:\/\/hir.mediamarkt.hu\/magazin\/wp-content\/uploads\/2015\/12\/Xiaomi_MiPad2_02_MMM.jpg 648w, https:\/\/hir.mediamarkt.hu\/magazin\/wp-content\/uploads\/2015\/12\/Xiaomi_MiPad2_02_MMM-275x170.jpg 275w, https:\/\/hir.mediamarkt.hu\/magazin\/wp-content\/uploads\/2015\/12\/Xiaomi_MiPad2_02_MMM-300x185.jpg 300w\" sizes=\"(max-width: 648px) 100vw, 648px\" \/><\/a>\r\n\r\nAz el\u0151dh\u00f6z k\u00e9pest legink\u00e1bb szembet\u0171n\u0151 v\u00e1ltoz\u00e1s, hogy a k\u00e9sz\u00fcl\u00e9k imm\u00e1ron f\u00e9m bor\u00edt\u00e1st kapott, melyhez 200, 4 x 132,6 x 6,95 mm-es dimenzi\u00f3k \u00e9s 322 grammos s\u00faly p\u00e1rosul. A 7,9 colos k\u00e9p\u00e1tl\u00f3j\u00fa, 2048 x 1536 pixeles IPS panel m\u00f6g\u00f6tt egy 14 nanom\u00e9teres Intel Atom lapkak\u00e9szlet, eg\u00e9sz pontosan az X5-Z8500-as tal\u00e1lhat\u00f3, melynek n\u00e9gymagos, 64-bites processzora 1,4 GHz-es \u00f3rajelen ketyeg. Az \u00e1ramell\u00e1t\u00e1s\u00e9rt egy 6190 mAh-\u00e1s akkumul\u00e1tor felel, mely USB Type-C csatlakoz\u00f3n kereszt\u00fcl t\u00f6lthet\u0151.\r\n\r\n<p align=\"center\"><a href=\"http:\/\/hir.mediamarkt.hu\/magazin\/wp-content\/uploads\/2015\/12\/Xiaomi_MiPad2_01_MMM.jpg\" data-lbwps-width=\"718\" data-lbwps-height=\"359\" data-lbwps-srcsmall=\"https:\/\/hir.mediamarkt.hu\/magazin\/wp-content\/uploads\/2015\/12\/Xiaomi_MiPad2_01_MMM-300x150.jpg\"><img loading=\"lazy\" decoding=\"async\" class=\"alignnone size-full wp-image-3678\" src=\"http:\/\/hir.mediamarkt.hu\/magazin\/wp-content\/uploads\/2015\/12\/Xiaomi_MiPad2_01_MMM.jpg\" alt=\"Xiaomi_MiPad2_01_MMM\" width=\"718\" height=\"359\" srcset=\"https:\/\/hir.mediamarkt.hu\/magazin\/wp-content\/uploads\/2015\/12\/Xiaomi_MiPad2_01_MMM.jpg 718w, https:\/\/hir.mediamarkt.hu\/magazin\/wp-content\/uploads\/2015\/12\/Xiaomi_MiPad2_01_MMM-275x137.jpg 275w, https:\/\/hir.mediamarkt.hu\/magazin\/wp-content\/uploads\/2015\/12\/Xiaomi_MiPad2_01_MMM-300x150.jpg 300w\" sizes=\"(max-width: 718px) 100vw, 718px\" \/><\/a>\r\n\r\nA rendszermem\u00f3ria 2 GB, m\u00edg a h\u00e1tt\u00e9rt\u00e1r m\u00e9rete 16 vagy 64 gigab\u00e1jt lehet. Az oper\u00e1ci\u00f3s rendszer Android Lollipop, ugyanakkor a 64 gigab\u00e1jtos v\u00e1ltozat v\u00e1laszthat\u00f3 Windows 10 oper\u00e1ci\u00f3s rendszerrel is. A Xiaomi Mi Pad 2 kisebb t\u00e1rhellyel 150, nagyobb h\u00e1tt\u00e9rt\u00e1rral 200 doll\u00e1r k\u00f6r\u00fcli \u00e1ron lesz megv\u00e1s\u00e1rolhat\u00f3, a hivatalos hazai forgalmaz\u00e1sr\u00f3l mint ahogy a gy\u00e1rt\u00f3 eddigi term\u00e9kei eset\u00e9ben, \u00fagy most sem esett sz\u00f3.","protected":false},"excerpt":{"rendered":"Alig egy hete mutatkozott be a Xiaomi leg\u00fajabb cs\u00facs-phabletje, azaz a Redmi Note 3, mellyel egy\u00fctt egy m\u00e1sik \u00e9rdekes \u00fajdons\u00e1g is napvil\u00e1got l\u00e1tott. A gy\u00e1rt\u00f3 ugyanis friss\u00edtette t\u00e1blag\u00e9p vonal\u00e1t is a Mi Pad 2 form\u00e1j\u00e1ban. Az el\u0151dh\u00f6z k\u00e9pest legink\u00e1bb szembet\u0171n\u0151 v\u00e1ltoz\u00e1s, hogy a k\u00e9sz\u00fcl\u00e9k imm\u00e1ron f\u00e9m bor\u00edt\u00e1st kapott, melyhez 200, 4 x 132,6 x 6,95 mm-es dimenzi\u00f3k \u00e9s 322 grammos s\u00faly p\u00e1rosul. A 7,9 colos k\u00e9p\u00e1tl\u00f3j\u00fa, 2048 x 1536 pixeles IPS panel m\u00f6g\u00f6tt egy 14 nanom\u00e9teres Intel Atom lapkak\u00e9szlet, eg\u00e9sz pontosan az X5-Z8500-as tal\u00e1lhat\u00f3, melynek n\u00e9gymagos, 64-bites processzora 1,4 GHz-es \u00f3rajelen ketyeg. Az \u00e1ramell\u00e1t\u00e1s\u00e9rt egy 6190 mAh-\u00e1s akkumul\u00e1tor felel, mely USB Type-C csatlakoz\u00f3n kereszt\u00fcl t\u00f6lthet\u0151. A rendszermem\u00f3ria 2 GB, m\u00edg a h\u00e1tt\u00e9rt\u00e1r m\u00e9rete 16 vagy 64 gigab\u00e1jt lehet. Az oper\u00e1ci\u00f3s &#8230;","protected":false},"author":13,"featured_media":3678,"comment_status":"open","ping_status":"open","sticky":false,"template":"","format":"standard","meta":{"wprm-recipe-roundup-name":"","wprm-recipe-roundup-description":"","footnotes":""},"categories":[5951],"tags":[1412,68,459,1961,1407,1938,1420,154,1524,785,1388,1962,889],"yoast_head":"<!-- This site is optimized with the Yoast SEO plugin v22.9 - https:\/\/yoast.com\/wordpress\/plugins\/seo\/ -->\n<title>Szuperolcs\u00f3 Intel tablet a Xiaomit\u00f3l - MediaMarkt Magazin<\/title>\n<meta name=\"robots\" content=\"index, follow, max-snippet:-1, max-image-preview:large, max-video-preview:-1\" \/>\n<link rel=\"canonical\" href=\"https:\/\/hir.mediamarkt.hu\/magazin\/szuperolcso-intel-tablet-xiaomitol\/\" \/>\n<meta property=\"og:locale\" content=\"hu_HU\" \/>\n<meta property=\"og:type\" content=\"article\" \/>\n<meta property=\"og:title\" content=\"Szuperolcs\u00f3 Intel tablet a Xiaomit\u00f3l - MediaMarkt Magazin\" \/>\n<meta property=\"og:description\" content=\"Alig egy hete mutatkozott be a Xiaomi leg\u00fajabb cs\u00facs-phabletje, azaz a Redmi Note 3, mellyel egy\u00fctt egy m\u00e1sik \u00e9rdekes \u00fajdons\u00e1g is napvil\u00e1got l\u00e1tott. A gy\u00e1rt\u00f3 ugyanis friss\u00edtette t\u00e1blag\u00e9p vonal\u00e1t is a Mi Pad 2 form\u00e1j\u00e1ban. Az el\u0151dh\u00f6z k\u00e9pest legink\u00e1bb szembet\u0171n\u0151 v\u00e1ltoz\u00e1s, hogy a k\u00e9sz\u00fcl\u00e9k imm\u00e1ron f\u00e9m bor\u00edt\u00e1st kapott, melyhez 200, 4 x 132,6 x 6,95 mm-es dimenzi\u00f3k \u00e9s 322 grammos s\u00faly p\u00e1rosul. A 7,9 colos k\u00e9p\u00e1tl\u00f3j\u00fa, 2048 x 1536 pixeles IPS panel m\u00f6g\u00f6tt egy 14 nanom\u00e9teres Intel Atom lapkak\u00e9szlet, eg\u00e9sz pontosan az X5-Z8500-as tal\u00e1lhat\u00f3, melynek n\u00e9gymagos, 64-bites processzora 1,4 GHz-es \u00f3rajelen ketyeg. Az \u00e1ramell\u00e1t\u00e1s\u00e9rt egy 6190 mAh-\u00e1s akkumul\u00e1tor felel, mely USB Type-C csatlakoz\u00f3n kereszt\u00fcl t\u00f6lthet\u0151. A rendszermem\u00f3ria 2 GB, m\u00edg a h\u00e1tt\u00e9rt\u00e1r m\u00e9rete 16 vagy 64 gigab\u00e1jt lehet. Az oper\u00e1ci\u00f3s ...\" \/>\n<meta property=\"og:url\" content=\"https:\/\/hir.mediamarkt.hu\/magazin\/szuperolcso-intel-tablet-xiaomitol\/\" \/>\n<meta property=\"og:site_name\" content=\"MediaMarkt Magazin\" \/>\n<meta property=\"article:publisher\" content=\"https:\/\/www.facebook.com\/MediaMarktMagyarorszag\" \/>\n<meta property=\"article:published_time\" content=\"2015-12-02T13:54:22+00:00\" \/>\n<meta property=\"article:modified_time\" content=\"2015-12-02T13:55:34+00:00\" \/>\n<meta property=\"og:image\" content=\"https:\/\/hir.mediamarkt.hu\/magazin\/wp-content\/uploads\/2015\/12\/Xiaomi_MiPad2_01_MMM.jpg\" \/>\n\t<meta property=\"og:image:width\" content=\"718\" \/>\n\t<meta property=\"og:image:height\" content=\"359\" \/>\n\t<meta property=\"og:image:type\" content=\"image\/jpeg\" \/>\n<meta name=\"author\" content=\"Media Markt\" \/>\n<meta name=\"twitter:label1\" content=\"Szerz\u0151:\" \/>\n\t<meta name=\"twitter:data1\" content=\"Media Markt\" \/>\n\t<meta name=\"twitter:label2\" content=\"Becs\u00fclt olvas\u00e1si id\u0151\" \/>\n\t<meta name=\"twitter:data2\" content=\"1 perc\" \/>\n<script type=\"application\/ld+json\" class=\"yoast-schema-graph\">{\"@context\":\"https:\/\/schema.org\",\"@graph\":[{\"@type\":\"WebPage\",\"@id\":\"https:\/\/hir.mediamarkt.hu\/magazin\/szuperolcso-intel-tablet-xiaomitol\/\",\"url\":\"https:\/\/hir.mediamarkt.hu\/magazin\/szuperolcso-intel-tablet-xiaomitol\/\",\"name\":\"Szuperolcs\u00f3 Intel tablet a Xiaomit\u00f3l - MediaMarkt Magazin\",\"isPartOf\":{\"@id\":\"https:\/\/hir.mediamarkt.hu\/magazin\/#website\"},\"primaryImageOfPage\":{\"@id\":\"https:\/\/hir.mediamarkt.hu\/magazin\/szuperolcso-intel-tablet-xiaomitol\/#primaryimage\"},\"image\":{\"@id\":\"https:\/\/hir.mediamarkt.hu\/magazin\/szuperolcso-intel-tablet-xiaomitol\/#primaryimage\"},\"thumbnailUrl\":\"https:\/\/hir.mediamarkt.hu\/magazin\/wp-content\/uploads\/2015\/12\/Xiaomi_MiPad2_01_MMM.jpg\",\"datePublished\":\"2015-12-02T13:54:22+00:00\",\"dateModified\":\"2015-12-02T13:55:34+00:00\",\"author\":{\"@id\":\"https:\/\/hir.mediamarkt.hu\/magazin\/#\/schema\/person\/b93b02ec1ab4d2353f8d281e171c1b0b\"},\"breadcrumb\":{\"@id\":\"https:\/\/hir.mediamarkt.hu\/magazin\/szuperolcso-intel-tablet-xiaomitol\/#breadcrumb\"},\"inLanguage\":\"hu\",\"potentialAction\":[{\"@type\":\"ReadAction\",\"target\":[\"https:\/\/hir.mediamarkt.hu\/magazin\/szuperolcso-intel-tablet-xiaomitol\/\"]}]},{\"@type\":\"ImageObject\",\"inLanguage\":\"hu\",\"@id\":\"https:\/\/hir.mediamarkt.hu\/magazin\/szuperolcso-intel-tablet-xiaomitol\/#primaryimage\",\"url\":\"https:\/\/hir.mediamarkt.hu\/magazin\/wp-content\/uploads\/2015\/12\/Xiaomi_MiPad2_01_MMM.jpg\",\"contentUrl\":\"https:\/\/hir.mediamarkt.hu\/magazin\/wp-content\/uploads\/2015\/12\/Xiaomi_MiPad2_01_MMM.jpg\",\"width\":718,\"height\":359},{\"@type\":\"BreadcrumbList\",\"@id\":\"https:\/\/hir.mediamarkt.hu\/magazin\/szuperolcso-intel-tablet-xiaomitol\/#breadcrumb\",\"itemListElement\":[{\"@type\":\"ListItem\",\"position\":1,\"name\":\"Kezd\u0151lap\",\"item\":\"https:\/\/hir.mediamarkt.hu\/magazin\/\"},{\"@type\":\"ListItem\",\"position\":2,\"name\":\"IT \u00e9s sz\u00e1m\u00edt\u00e1stechnika\",\"item\":\"https:\/\/hir.mediamarkt.hu\/magazin\/it-es-szamitastechnika\/\"},{\"@type\":\"ListItem\",\"position\":3,\"name\":\"Laptopok \u00e9s sz\u00e1m\u00edt\u00f3g\u00e9pek\",\"item\":\"https:\/\/hir.mediamarkt.hu\/magazin\/it-es-szamitastechnika\/laptopok-es-szamitogepek\/\"},{\"@type\":\"ListItem\",\"position\":4,\"name\":\"Szuperolcs\u00f3 Intel tablet a Xiaomit\u00f3l\"}]},{\"@type\":\"WebSite\",\"@id\":\"https:\/\/hir.mediamarkt.hu\/magazin\/#website\",\"url\":\"https:\/\/hir.mediamarkt.hu\/magazin\/\",\"name\":\"MediaMarkt Magazin\",\"description\":\"Olvass bele magazinunkba!\",\"potentialAction\":[{\"@type\":\"SearchAction\",\"target\":{\"@type\":\"EntryPoint\",\"urlTemplate\":\"https:\/\/hir.mediamarkt.hu\/magazin\/?s={search_term_string}\"},\"query-input\":\"required name=search_term_string\"}],\"inLanguage\":\"hu\"},{\"@type\":\"Person\",\"@id\":\"https:\/\/hir.mediamarkt.hu\/magazin\/#\/schema\/person\/b93b02ec1ab4d2353f8d281e171c1b0b\",\"name\":\"Media Markt\",\"image\":{\"@type\":\"ImageObject\",\"inLanguage\":\"hu\",\"@id\":\"https:\/\/hir.mediamarkt.hu\/magazin\/#\/schema\/person\/image\/\",\"url\":\"https:\/\/secure.gravatar.com\/avatar\/602bccae8998beee472d01909f0978f1?s=96&d=mm&r=g\",\"contentUrl\":\"https:\/\/secure.gravatar.com\/avatar\/602bccae8998beee472d01909f0978f1?s=96&d=mm&r=g\",\"caption\":\"Media Markt\"}}]}<\/script>\n<!-- \/ Yoast SEO plugin. -->","yoast_head_json":{"title":"Szuperolcs\u00f3 Intel tablet a Xiaomit\u00f3l - MediaMarkt Magazin","robots":{"index":"index","follow":"follow","max-snippet":"max-snippet:-1","max-image-preview":"max-image-preview:large","max-video-preview":"max-video-preview:-1"},"canonical":"https:\/\/hir.mediamarkt.hu\/magazin\/szuperolcso-intel-tablet-xiaomitol\/","og_locale":"hu_HU","og_type":"article","og_title":"Szuperolcs\u00f3 Intel tablet a Xiaomit\u00f3l - MediaMarkt Magazin","og_description":"Alig egy hete mutatkozott be a Xiaomi leg\u00fajabb cs\u00facs-phabletje, azaz a Redmi Note 3, mellyel egy\u00fctt egy m\u00e1sik \u00e9rdekes \u00fajdons\u00e1g is napvil\u00e1got l\u00e1tott. A gy\u00e1rt\u00f3 ugyanis friss\u00edtette t\u00e1blag\u00e9p vonal\u00e1t is a Mi Pad 2 form\u00e1j\u00e1ban. Az el\u0151dh\u00f6z k\u00e9pest legink\u00e1bb szembet\u0171n\u0151 v\u00e1ltoz\u00e1s, hogy a k\u00e9sz\u00fcl\u00e9k imm\u00e1ron f\u00e9m bor\u00edt\u00e1st kapott, melyhez 200, 4 x 132,6 x 6,95 mm-es dimenzi\u00f3k \u00e9s 322 grammos s\u00faly p\u00e1rosul. A 7,9 colos k\u00e9p\u00e1tl\u00f3j\u00fa, 2048 x 1536 pixeles IPS panel m\u00f6g\u00f6tt egy 14 nanom\u00e9teres Intel Atom lapkak\u00e9szlet, eg\u00e9sz pontosan az X5-Z8500-as tal\u00e1lhat\u00f3, melynek n\u00e9gymagos, 64-bites processzora 1,4 GHz-es \u00f3rajelen ketyeg. Az \u00e1ramell\u00e1t\u00e1s\u00e9rt egy 6190 mAh-\u00e1s akkumul\u00e1tor felel, mely USB Type-C csatlakoz\u00f3n kereszt\u00fcl t\u00f6lthet\u0151. A rendszermem\u00f3ria 2 GB, m\u00edg a h\u00e1tt\u00e9rt\u00e1r m\u00e9rete 16 vagy 64 gigab\u00e1jt lehet. Az oper\u00e1ci\u00f3s ...","og_url":"https:\/\/hir.mediamarkt.hu\/magazin\/szuperolcso-intel-tablet-xiaomitol\/","og_site_name":"MediaMarkt Magazin","article_publisher":"https:\/\/www.facebook.com\/MediaMarktMagyarorszag","article_published_time":"2015-12-02T13:54:22+00:00","article_modified_time":"2015-12-02T13:55:34+00:00","og_image":[{"width":718,"height":359,"url":"https:\/\/hir.mediamarkt.hu\/magazin\/wp-content\/uploads\/2015\/12\/Xiaomi_MiPad2_01_MMM.jpg","type":"image\/jpeg"}],"author":"Media Markt","twitter_misc":{"Szerz\u0151:":"Media Markt","Becs\u00fclt olvas\u00e1si id\u0151":"1 perc"},"schema":{"@context":"https:\/\/schema.org","@graph":[{"@type":"WebPage","@id":"https:\/\/hir.mediamarkt.hu\/magazin\/szuperolcso-intel-tablet-xiaomitol\/","url":"https:\/\/hir.mediamarkt.hu\/magazin\/szuperolcso-intel-tablet-xiaomitol\/","name":"Szuperolcs\u00f3 Intel tablet a Xiaomit\u00f3l - MediaMarkt Magazin","isPartOf":{"@id":"https:\/\/hir.mediamarkt.hu\/magazin\/#website"},"primaryImageOfPage":{"@id":"https:\/\/hir.mediamarkt.hu\/magazin\/szuperolcso-intel-tablet-xiaomitol\/#primaryimage"},"image":{"@id":"https:\/\/hir.mediamarkt.hu\/magazin\/szuperolcso-intel-tablet-xiaomitol\/#primaryimage"},"thumbnailUrl":"https:\/\/hir.mediamarkt.hu\/magazin\/wp-content\/uploads\/2015\/12\/Xiaomi_MiPad2_01_MMM.jpg","datePublished":"2015-12-02T13:54:22+00:00","dateModified":"2015-12-02T13:55:34+00:00","author":{"@id":"https:\/\/hir.mediamarkt.hu\/magazin\/#\/schema\/person\/b93b02ec1ab4d2353f8d281e171c1b0b"},"breadcrumb":{"@id":"https:\/\/hir.mediamarkt.hu\/magazin\/szuperolcso-intel-tablet-xiaomitol\/#breadcrumb"},"inLanguage":"hu","potentialAction":[{"@type":"ReadAction","target":["https:\/\/hir.mediamarkt.hu\/magazin\/szuperolcso-intel-tablet-xiaomitol\/"]}]},{"@type":"ImageObject","inLanguage":"hu","@id":"https:\/\/hir.mediamarkt.hu\/magazin\/szuperolcso-intel-tablet-xiaomitol\/#primaryimage","url":"https:\/\/hir.mediamarkt.hu\/magazin\/wp-content\/uploads\/2015\/12\/Xiaomi_MiPad2_01_MMM.jpg","contentUrl":"https:\/\/hir.mediamarkt.hu\/magazin\/wp-content\/uploads\/2015\/12\/Xiaomi_MiPad2_01_MMM.jpg","width":718,"height":359},{"@type":"BreadcrumbList","@id":"https:\/\/hir.mediamarkt.hu\/magazin\/szuperolcso-intel-tablet-xiaomitol\/#breadcrumb","itemListElement":[{"@type":"ListItem","position":1,"name":"Kezd\u0151lap","item":"https:\/\/hir.mediamarkt.hu\/magazin\/"},{"@type":"ListItem","position":2,"name":"IT \u00e9s sz\u00e1m\u00edt\u00e1stechnika","item":"https:\/\/hir.mediamarkt.hu\/magazin\/it-es-szamitastechnika\/"},{"@type":"ListItem","position":3,"name":"Laptopok \u00e9s sz\u00e1m\u00edt\u00f3g\u00e9pek","item":"https:\/\/hir.mediamarkt.hu\/magazin\/it-es-szamitastechnika\/laptopok-es-szamitogepek\/"},{"@type":"ListItem","position":4,"name":"Szuperolcs\u00f3 Intel tablet a Xiaomit\u00f3l"}]},{"@type":"WebSite","@id":"https:\/\/hir.mediamarkt.hu\/magazin\/#website","url":"https:\/\/hir.mediamarkt.hu\/magazin\/","name":"MediaMarkt Magazin","description":"Olvass bele magazinunkba!","potentialAction":[{"@type":"SearchAction","target":{"@type":"EntryPoint","urlTemplate":"https:\/\/hir.mediamarkt.hu\/magazin\/?s={search_term_string}"},"query-input":"required name=search_term_string"}],"inLanguage":"hu"},{"@type":"Person","@id":"https:\/\/hir.mediamarkt.hu\/magazin\/#\/schema\/person\/b93b02ec1ab4d2353f8d281e171c1b0b","name":"Media Markt","image":{"@type":"ImageObject","inLanguage":"hu","@id":"https:\/\/hir.mediamarkt.hu\/magazin\/#\/schema\/person\/image\/","url":"https:\/\/secure.gravatar.com\/avatar\/602bccae8998beee472d01909f0978f1?s=96&d=mm&r=g","contentUrl":"https:\/\/secure.gravatar.com\/avatar\/602bccae8998beee472d01909f0978f1?s=96&d=mm&r=g","caption":"Media Markt"}}]}},"_links":{"self":[{"href":"https:\/\/hir.mediamarkt.hu\/magazin\/wp-json\/wp\/v2\/posts\/3676"}],"collection":[{"href":"https:\/\/hir.mediamarkt.hu\/magazin\/wp-json\/wp\/v2\/posts"}],"about":[{"href":"https:\/\/hir.mediamarkt.hu\/magazin\/wp-json\/wp\/v2\/types\/post"}],"author":[{"embeddable":true,"href":"https:\/\/hir.mediamarkt.hu\/magazin\/wp-json\/wp\/v2\/users\/13"}],"replies":[{"embeddable":true,"href":"https:\/\/hir.mediamarkt.hu\/magazin\/wp-json\/wp\/v2\/comments?post=3676"}],"version-history":[{"count":5,"href":"https:\/\/hir.mediamarkt.hu\/magazin\/wp-json\/wp\/v2\/posts\/3676\/revisions"}],"predecessor-version":[{"id":3682,"href":"https:\/\/hir.mediamarkt.hu\/magazin\/wp-json\/wp\/v2\/posts\/3676\/revisions\/3682"}],"wp:featuredmedia":[{"embeddable":true,"href":"https:\/\/hir.mediamarkt.hu\/magazin\/wp-json\/wp\/v2\/media\/3678"}],"wp:attachment":[{"href":"https:\/\/hir.mediamarkt.hu\/magazin\/wp-json\/wp\/v2\/media?parent=3676"}],"wp:term":[{"taxonomy":"category","embeddable":true,"href":"https:\/\/hir.mediamarkt.hu\/magazin\/wp-json\/wp\/v2\/categories?post=3676"},{"taxonomy":"post_tag","embeddable":true,"href":"https:\/\/hir.mediamarkt.hu\/magazin\/wp-json\/wp\/v2\/tags?post=3676"}],"curies":[{"name":"wp","href":"https:\/\/api.w.org\/{rel}","templated":true}]}}