{"id":3846,"date":"2016-01-13T17:45:59","date_gmt":"2016-01-13T16:45:59","guid":{"rendered":"http:\/\/hir.mediamarkt.hu\/magazin\/?p=3846"},"modified":"2016-01-13T17:45:59","modified_gmt":"2016-01-13T16:45:59","slug":"kontrollerrel-boviti-vr-eszkozet-samsung","status":"publish","type":"post","link":"https:\/\/hir.mediamarkt.hu\/magazin\/kontrollerrel-boviti-vr-eszkozet-samsung\/","title":{"rendered":"Kontrollerrel b\u0151v\u00edti VR eszk\u00f6z\u00e9t a Samsung"},"content":{"rendered":"A Samsung virtu\u00e1lis val\u00f3s\u00e1g fel\u00e9 val\u00f3 t\u00f6rekv\u00e9se m\u00e1r nem \u00fajkelet\u0171 dolog, az okostelefont k\u00f6zponti egys\u00e9gk\u00e9nt haszn\u00e1l\u00f3 Gear VR nev\u0171 sisakjukat m\u00e1r 2014 \u0151sz\u00e9n bemutatt\u00e1k, az idei CES alkalm\u00e1val pedig Rink fant\u00e1zian\u00e9vvel vezet\u00e9k n\u00e9lk\u00fcli kontrollereket is lelepleztek.\r\n\r\n<img loading=\"lazy\" decoding=\"async\" class=\"alignnone size-full wp-image-3911\" src=\"http:\/\/hir.mediamarkt.hu\/magazin\/wp-content\/uploads\/2016\/01\/Samsung_Rink_VR_03_MMM.jpg\" alt=\"Samsung_Rink_VR_03_MMM\" width=\"960\" height=\"546\" srcset=\"https:\/\/hir.mediamarkt.hu\/magazin\/wp-content\/uploads\/2016\/01\/Samsung_Rink_VR_03_MMM.jpg 960w, https:\/\/hir.mediamarkt.hu\/magazin\/wp-content\/uploads\/2016\/01\/Samsung_Rink_VR_03_MMM-300x171.jpg 300w, https:\/\/hir.mediamarkt.hu\/magazin\/wp-content\/uploads\/2016\/01\/Samsung_Rink_VR_03_MMM-275x156.jpg 275w, https:\/\/hir.mediamarkt.hu\/magazin\/wp-content\/uploads\/2016\/01\/Samsung_Rink_VR_03_MMM-768x437.jpg 768w\" sizes=\"(max-width: 960px) 100vw, 960px\" \/>\r\n\r\nA Rink l\u00e9nyege, hogy a p\u00e1rban haszn\u00e1lhat\u00f3 egys\u00e9gek k\u00e9pesek \u00e9rz\u00e9kelni a k\u00e9z \u00e9s az ujjak mozg\u00e1s\u00e1t, a felhaszn\u00e1l\u00f3 \u00edgy l\u00e9phet interakci\u00f3ba a Gear VR \u00e1ltal megjelen\u00edtett virtu\u00e1lis val\u00f3s\u00e1ggal, a lehet\u0151s\u00e9gek objektumok mozgat\u00e1s\u00e1t\u00f3l kezdve ak\u00e1r egy kivet\u00edtett klaviat\u00far\u00e1n t\u00f6rt\u00e9n\u0151 g\u00e9pel\u00e9sig terjednek.\r\n\r\n<img loading=\"lazy\" decoding=\"async\" class=\"alignnone size-full wp-image-3910\" src=\"http:\/\/hir.mediamarkt.hu\/magazin\/wp-content\/uploads\/2016\/01\/Samsung_Rink_VR_01_MMM.jpg\" alt=\"Samsung_Rink_VR_01_MMM\" width=\"960\" height=\"640\" srcset=\"https:\/\/hir.mediamarkt.hu\/magazin\/wp-content\/uploads\/2016\/01\/Samsung_Rink_VR_01_MMM.jpg 960w, https:\/\/hir.mediamarkt.hu\/magazin\/wp-content\/uploads\/2016\/01\/Samsung_Rink_VR_01_MMM-300x200.jpg 300w, https:\/\/hir.mediamarkt.hu\/magazin\/wp-content\/uploads\/2016\/01\/Samsung_Rink_VR_01_MMM-275x183.jpg 275w, https:\/\/hir.mediamarkt.hu\/magazin\/wp-content\/uploads\/2016\/01\/Samsung_Rink_VR_01_MMM-768x512.jpg 768w\" sizes=\"(max-width: 960px) 100vw, 960px\" \/>\r\n\r\nFontos ugyanakkor megjegyezni, hogy a bemutatott eszk\u00f6z m\u00e9g csak protot\u00edpus, mellyel a Samsung Creative Labs a j\u00f6v\u0151beli lehet\u0151s\u00e9geket k\u00edv\u00e1nta demonstr\u00e1lni mind a nagyk\u00f6z\u00f6ns\u00e9g, mind a fejleszt\u0151k el\u0151tt. Arr\u00f3l, hogy a Rink kontrollerp\u00e1roson alapul\u00f3, megv\u00e1s\u00e1rolhat\u00f3 kieg\u00e9sz\u00edt\u0151 mikorra v\u00e1rhat\u00f3, a Samsung egyel\u0151re nem k\u00f6z\u00f6lt inform\u00e1ci\u00f3kat.","protected":false},"excerpt":{"rendered":"A Samsung virtu\u00e1lis val\u00f3s\u00e1g fel\u00e9 val\u00f3 t\u00f6rekv\u00e9se m\u00e1r nem \u00fajkelet\u0171 dolog, az okostelefont k\u00f6zponti egys\u00e9gk\u00e9nt haszn\u00e1l\u00f3 Gear VR nev\u0171 sisakjukat m\u00e1r 2014 \u0151sz\u00e9n bemutatt\u00e1k, az idei CES alkalm\u00e1val pedig Rink fant\u00e1zian\u00e9vvel vezet\u00e9k n\u00e9lk\u00fcli kontrollereket is lelepleztek. A Rink l\u00e9nyege, hogy a p\u00e1rban haszn\u00e1lhat\u00f3 egys\u00e9gek k\u00e9pesek \u00e9rz\u00e9kelni a k\u00e9z \u00e9s az ujjak mozg\u00e1s\u00e1t, a felhaszn\u00e1l\u00f3 \u00edgy l\u00e9phet interakci\u00f3ba a Gear VR \u00e1ltal megjelen\u00edtett virtu\u00e1lis val\u00f3s\u00e1ggal, a lehet\u0151s\u00e9gek objektumok mozgat\u00e1s\u00e1t\u00f3l kezdve ak\u00e1r egy kivet\u00edtett klaviat\u00far\u00e1n t\u00f6rt\u00e9n\u0151 g\u00e9pel\u00e9sig terjednek. Fontos ugyanakkor megjegyezni, hogy a bemutatott eszk\u00f6z m\u00e9g csak protot\u00edpus, mellyel a Samsung Creative Labs a j\u00f6v\u0151beli lehet\u0151s\u00e9geket k\u00edv\u00e1nta demonstr\u00e1lni mind a nagyk\u00f6z\u00f6ns\u00e9g, mind a fejleszt\u0151k el\u0151tt. Arr\u00f3l, hogy a Rink kontrollerp\u00e1roson alapul\u00f3, megv\u00e1s\u00e1rolhat\u00f3 kieg\u00e9sz\u00edt\u0151 mikorra v\u00e1rhat\u00f3, a Samsung egyel\u0151re nem k\u00f6z\u00f6lt inform\u00e1ci\u00f3kat.","protected":false},"author":13,"featured_media":3912,"comment_status":"open","ping_status":"open","sticky":false,"template":"","format":"standard","meta":{"wprm-recipe-roundup-name":"","wprm-recipe-roundup-description":"","footnotes":""},"categories":[5982],"tags":[2047,1139,2068,302,121,170,988,2069,32,2070],"yoast_head":"<!-- This site is optimized with the Yoast SEO plugin v22.9 - https:\/\/yoast.com\/wordpress\/plugins\/seo\/ -->\n<title>Kontrollerrel b\u0151v\u00edti VR eszk\u00f6z\u00e9t a Samsung - MediaMarkt Magazin<\/title>\n<meta name=\"robots\" content=\"index, follow, max-snippet:-1, max-image-preview:large, max-video-preview:-1\" \/>\n<link rel=\"canonical\" href=\"https:\/\/hir.mediamarkt.hu\/magazin\/kontrollerrel-boviti-vr-eszkozet-samsung\/\" \/>\n<meta property=\"og:locale\" content=\"hu_HU\" \/>\n<meta property=\"og:type\" content=\"article\" \/>\n<meta property=\"og:title\" content=\"Kontrollerrel b\u0151v\u00edti VR eszk\u00f6z\u00e9t a Samsung - MediaMarkt Magazin\" \/>\n<meta property=\"og:description\" content=\"A Samsung virtu\u00e1lis val\u00f3s\u00e1g fel\u00e9 val\u00f3 t\u00f6rekv\u00e9se m\u00e1r nem \u00fajkelet\u0171 dolog, az okostelefont k\u00f6zponti egys\u00e9gk\u00e9nt haszn\u00e1l\u00f3 Gear VR nev\u0171 sisakjukat m\u00e1r 2014 \u0151sz\u00e9n bemutatt\u00e1k, az idei CES alkalm\u00e1val pedig Rink fant\u00e1zian\u00e9vvel vezet\u00e9k n\u00e9lk\u00fcli kontrollereket is lelepleztek. A Rink l\u00e9nyege, hogy a p\u00e1rban haszn\u00e1lhat\u00f3 egys\u00e9gek k\u00e9pesek \u00e9rz\u00e9kelni a k\u00e9z \u00e9s az ujjak mozg\u00e1s\u00e1t, a felhaszn\u00e1l\u00f3 \u00edgy l\u00e9phet interakci\u00f3ba a Gear VR \u00e1ltal megjelen\u00edtett virtu\u00e1lis val\u00f3s\u00e1ggal, a lehet\u0151s\u00e9gek objektumok mozgat\u00e1s\u00e1t\u00f3l kezdve ak\u00e1r egy kivet\u00edtett klaviat\u00far\u00e1n t\u00f6rt\u00e9n\u0151 g\u00e9pel\u00e9sig terjednek. Fontos ugyanakkor megjegyezni, hogy a bemutatott eszk\u00f6z m\u00e9g csak protot\u00edpus, mellyel a Samsung Creative Labs a j\u00f6v\u0151beli lehet\u0151s\u00e9geket k\u00edv\u00e1nta demonstr\u00e1lni mind a nagyk\u00f6z\u00f6ns\u00e9g, mind a fejleszt\u0151k el\u0151tt. Arr\u00f3l, hogy a Rink kontrollerp\u00e1roson alapul\u00f3, megv\u00e1s\u00e1rolhat\u00f3 kieg\u00e9sz\u00edt\u0151 mikorra v\u00e1rhat\u00f3, a Samsung egyel\u0151re nem k\u00f6z\u00f6lt inform\u00e1ci\u00f3kat.\" \/>\n<meta property=\"og:url\" content=\"https:\/\/hir.mediamarkt.hu\/magazin\/kontrollerrel-boviti-vr-eszkozet-samsung\/\" \/>\n<meta property=\"og:site_name\" content=\"MediaMarkt Magazin\" \/>\n<meta property=\"article:publisher\" content=\"https:\/\/www.facebook.com\/MediaMarktMagyarorszag\" \/>\n<meta property=\"article:published_time\" content=\"2016-01-13T16:45:59+00:00\" \/>\n<meta property=\"og:image\" content=\"https:\/\/hir.mediamarkt.hu\/magazin\/wp-content\/uploads\/2016\/01\/Samsung_Rink_VR_slider_MMM.jpg\" \/>\n\t<meta property=\"og:image:width\" content=\"1180\" \/>\n\t<meta property=\"og:image:height\" content=\"500\" \/>\n\t<meta property=\"og:image:type\" content=\"image\/jpeg\" \/>\n<meta name=\"author\" content=\"Media Markt\" \/>\n<meta name=\"twitter:label1\" content=\"Szerz\u0151:\" \/>\n\t<meta name=\"twitter:data1\" content=\"Media Markt\" \/>\n\t<meta name=\"twitter:label2\" content=\"Becs\u00fclt olvas\u00e1si id\u0151\" \/>\n\t<meta name=\"twitter:data2\" content=\"1 perc\" \/>\n<script type=\"application\/ld+json\" class=\"yoast-schema-graph\">{\"@context\":\"https:\/\/schema.org\",\"@graph\":[{\"@type\":\"WebPage\",\"@id\":\"https:\/\/hir.mediamarkt.hu\/magazin\/kontrollerrel-boviti-vr-eszkozet-samsung\/\",\"url\":\"https:\/\/hir.mediamarkt.hu\/magazin\/kontrollerrel-boviti-vr-eszkozet-samsung\/\",\"name\":\"Kontrollerrel b\u0151v\u00edti VR eszk\u00f6z\u00e9t a Samsung - MediaMarkt Magazin\",\"isPartOf\":{\"@id\":\"https:\/\/hir.mediamarkt.hu\/magazin\/#website\"},\"primaryImageOfPage\":{\"@id\":\"https:\/\/hir.mediamarkt.hu\/magazin\/kontrollerrel-boviti-vr-eszkozet-samsung\/#primaryimage\"},\"image\":{\"@id\":\"https:\/\/hir.mediamarkt.hu\/magazin\/kontrollerrel-boviti-vr-eszkozet-samsung\/#primaryimage\"},\"thumbnailUrl\":\"https:\/\/hir.mediamarkt.hu\/magazin\/wp-content\/uploads\/2016\/01\/Samsung_Rink_VR_slider_MMM.jpg\",\"datePublished\":\"2016-01-13T16:45:59+00:00\",\"dateModified\":\"2016-01-13T16:45:59+00:00\",\"author\":{\"@id\":\"https:\/\/hir.mediamarkt.hu\/magazin\/#\/schema\/person\/b93b02ec1ab4d2353f8d281e171c1b0b\"},\"breadcrumb\":{\"@id\":\"https:\/\/hir.mediamarkt.hu\/magazin\/kontrollerrel-boviti-vr-eszkozet-samsung\/#breadcrumb\"},\"inLanguage\":\"hu\",\"potentialAction\":[{\"@type\":\"ReadAction\",\"target\":[\"https:\/\/hir.mediamarkt.hu\/magazin\/kontrollerrel-boviti-vr-eszkozet-samsung\/\"]}]},{\"@type\":\"ImageObject\",\"inLanguage\":\"hu\",\"@id\":\"https:\/\/hir.mediamarkt.hu\/magazin\/kontrollerrel-boviti-vr-eszkozet-samsung\/#primaryimage\",\"url\":\"https:\/\/hir.mediamarkt.hu\/magazin\/wp-content\/uploads\/2016\/01\/Samsung_Rink_VR_slider_MMM.jpg\",\"contentUrl\":\"https:\/\/hir.mediamarkt.hu\/magazin\/wp-content\/uploads\/2016\/01\/Samsung_Rink_VR_slider_MMM.jpg\",\"width\":1180,\"height\":500},{\"@type\":\"BreadcrumbList\",\"@id\":\"https:\/\/hir.mediamarkt.hu\/magazin\/kontrollerrel-boviti-vr-eszkozet-samsung\/#breadcrumb\",\"itemListElement\":[{\"@type\":\"ListItem\",\"position\":1,\"name\":\"Kezd\u0151lap\",\"item\":\"https:\/\/hir.mediamarkt.hu\/magazin\/\"},{\"@type\":\"ListItem\",\"position\":2,\"name\":\"IT \u00e9s sz\u00e1m\u00edt\u00e1stechnika\",\"item\":\"https:\/\/hir.mediamarkt.hu\/magazin\/it-es-szamitastechnika\/\"},{\"@type\":\"ListItem\",\"position\":3,\"name\":\"Szoftverek \u00e9s alkalmaz\u00e1sok\",\"item\":\"https:\/\/hir.mediamarkt.hu\/magazin\/it-es-szamitastechnika\/szoftverek-es-alkalmazasok\/\"},{\"@type\":\"ListItem\",\"position\":4,\"name\":\"Kontrollerrel b\u0151v\u00edti VR eszk\u00f6z\u00e9t a Samsung\"}]},{\"@type\":\"WebSite\",\"@id\":\"https:\/\/hir.mediamarkt.hu\/magazin\/#website\",\"url\":\"https:\/\/hir.mediamarkt.hu\/magazin\/\",\"name\":\"MediaMarkt Magazin\",\"description\":\"Olvass bele magazinunkba!\",\"potentialAction\":[{\"@type\":\"SearchAction\",\"target\":{\"@type\":\"EntryPoint\",\"urlTemplate\":\"https:\/\/hir.mediamarkt.hu\/magazin\/?s={search_term_string}\"},\"query-input\":\"required name=search_term_string\"}],\"inLanguage\":\"hu\"},{\"@type\":\"Person\",\"@id\":\"https:\/\/hir.mediamarkt.hu\/magazin\/#\/schema\/person\/b93b02ec1ab4d2353f8d281e171c1b0b\",\"name\":\"Media Markt\",\"image\":{\"@type\":\"ImageObject\",\"inLanguage\":\"hu\",\"@id\":\"https:\/\/hir.mediamarkt.hu\/magazin\/#\/schema\/person\/image\/\",\"url\":\"https:\/\/secure.gravatar.com\/avatar\/602bccae8998beee472d01909f0978f1?s=96&d=mm&r=g\",\"contentUrl\":\"https:\/\/secure.gravatar.com\/avatar\/602bccae8998beee472d01909f0978f1?s=96&d=mm&r=g\",\"caption\":\"Media Markt\"}}]}<\/script>\n<!-- \/ Yoast SEO plugin. -->","yoast_head_json":{"title":"Kontrollerrel b\u0151v\u00edti VR eszk\u00f6z\u00e9t a Samsung - MediaMarkt Magazin","robots":{"index":"index","follow":"follow","max-snippet":"max-snippet:-1","max-image-preview":"max-image-preview:large","max-video-preview":"max-video-preview:-1"},"canonical":"https:\/\/hir.mediamarkt.hu\/magazin\/kontrollerrel-boviti-vr-eszkozet-samsung\/","og_locale":"hu_HU","og_type":"article","og_title":"Kontrollerrel b\u0151v\u00edti VR eszk\u00f6z\u00e9t a Samsung - MediaMarkt Magazin","og_description":"A Samsung virtu\u00e1lis val\u00f3s\u00e1g fel\u00e9 val\u00f3 t\u00f6rekv\u00e9se m\u00e1r nem \u00fajkelet\u0171 dolog, az okostelefont k\u00f6zponti egys\u00e9gk\u00e9nt haszn\u00e1l\u00f3 Gear VR nev\u0171 sisakjukat m\u00e1r 2014 \u0151sz\u00e9n bemutatt\u00e1k, az idei CES alkalm\u00e1val pedig Rink fant\u00e1zian\u00e9vvel vezet\u00e9k n\u00e9lk\u00fcli kontrollereket is lelepleztek. A Rink l\u00e9nyege, hogy a p\u00e1rban haszn\u00e1lhat\u00f3 egys\u00e9gek k\u00e9pesek \u00e9rz\u00e9kelni a k\u00e9z \u00e9s az ujjak mozg\u00e1s\u00e1t, a felhaszn\u00e1l\u00f3 \u00edgy l\u00e9phet interakci\u00f3ba a Gear VR \u00e1ltal megjelen\u00edtett virtu\u00e1lis val\u00f3s\u00e1ggal, a lehet\u0151s\u00e9gek objektumok mozgat\u00e1s\u00e1t\u00f3l kezdve ak\u00e1r egy kivet\u00edtett klaviat\u00far\u00e1n t\u00f6rt\u00e9n\u0151 g\u00e9pel\u00e9sig terjednek. Fontos ugyanakkor megjegyezni, hogy a bemutatott eszk\u00f6z m\u00e9g csak protot\u00edpus, mellyel a Samsung Creative Labs a j\u00f6v\u0151beli lehet\u0151s\u00e9geket k\u00edv\u00e1nta demonstr\u00e1lni mind a nagyk\u00f6z\u00f6ns\u00e9g, mind a fejleszt\u0151k el\u0151tt. Arr\u00f3l, hogy a Rink kontrollerp\u00e1roson alapul\u00f3, megv\u00e1s\u00e1rolhat\u00f3 kieg\u00e9sz\u00edt\u0151 mikorra v\u00e1rhat\u00f3, a Samsung egyel\u0151re nem k\u00f6z\u00f6lt inform\u00e1ci\u00f3kat.","og_url":"https:\/\/hir.mediamarkt.hu\/magazin\/kontrollerrel-boviti-vr-eszkozet-samsung\/","og_site_name":"MediaMarkt Magazin","article_publisher":"https:\/\/www.facebook.com\/MediaMarktMagyarorszag","article_published_time":"2016-01-13T16:45:59+00:00","og_image":[{"width":1180,"height":500,"url":"https:\/\/hir.mediamarkt.hu\/magazin\/wp-content\/uploads\/2016\/01\/Samsung_Rink_VR_slider_MMM.jpg","type":"image\/jpeg"}],"author":"Media Markt","twitter_misc":{"Szerz\u0151:":"Media Markt","Becs\u00fclt olvas\u00e1si id\u0151":"1 perc"},"schema":{"@context":"https:\/\/schema.org","@graph":[{"@type":"WebPage","@id":"https:\/\/hir.mediamarkt.hu\/magazin\/kontrollerrel-boviti-vr-eszkozet-samsung\/","url":"https:\/\/hir.mediamarkt.hu\/magazin\/kontrollerrel-boviti-vr-eszkozet-samsung\/","name":"Kontrollerrel b\u0151v\u00edti VR eszk\u00f6z\u00e9t a Samsung - MediaMarkt Magazin","isPartOf":{"@id":"https:\/\/hir.mediamarkt.hu\/magazin\/#website"},"primaryImageOfPage":{"@id":"https:\/\/hir.mediamarkt.hu\/magazin\/kontrollerrel-boviti-vr-eszkozet-samsung\/#primaryimage"},"image":{"@id":"https:\/\/hir.mediamarkt.hu\/magazin\/kontrollerrel-boviti-vr-eszkozet-samsung\/#primaryimage"},"thumbnailUrl":"https:\/\/hir.mediamarkt.hu\/magazin\/wp-content\/uploads\/2016\/01\/Samsung_Rink_VR_slider_MMM.jpg","datePublished":"2016-01-13T16:45:59+00:00","dateModified":"2016-01-13T16:45:59+00:00","author":{"@id":"https:\/\/hir.mediamarkt.hu\/magazin\/#\/schema\/person\/b93b02ec1ab4d2353f8d281e171c1b0b"},"breadcrumb":{"@id":"https:\/\/hir.mediamarkt.hu\/magazin\/kontrollerrel-boviti-vr-eszkozet-samsung\/#breadcrumb"},"inLanguage":"hu","potentialAction":[{"@type":"ReadAction","target":["https:\/\/hir.mediamarkt.hu\/magazin\/kontrollerrel-boviti-vr-eszkozet-samsung\/"]}]},{"@type":"ImageObject","inLanguage":"hu","@id":"https:\/\/hir.mediamarkt.hu\/magazin\/kontrollerrel-boviti-vr-eszkozet-samsung\/#primaryimage","url":"https:\/\/hir.mediamarkt.hu\/magazin\/wp-content\/uploads\/2016\/01\/Samsung_Rink_VR_slider_MMM.jpg","contentUrl":"https:\/\/hir.mediamarkt.hu\/magazin\/wp-content\/uploads\/2016\/01\/Samsung_Rink_VR_slider_MMM.jpg","width":1180,"height":500},{"@type":"BreadcrumbList","@id":"https:\/\/hir.mediamarkt.hu\/magazin\/kontrollerrel-boviti-vr-eszkozet-samsung\/#breadcrumb","itemListElement":[{"@type":"ListItem","position":1,"name":"Kezd\u0151lap","item":"https:\/\/hir.mediamarkt.hu\/magazin\/"},{"@type":"ListItem","position":2,"name":"IT \u00e9s sz\u00e1m\u00edt\u00e1stechnika","item":"https:\/\/hir.mediamarkt.hu\/magazin\/it-es-szamitastechnika\/"},{"@type":"ListItem","position":3,"name":"Szoftverek \u00e9s alkalmaz\u00e1sok","item":"https:\/\/hir.mediamarkt.hu\/magazin\/it-es-szamitastechnika\/szoftverek-es-alkalmazasok\/"},{"@type":"ListItem","position":4,"name":"Kontrollerrel b\u0151v\u00edti VR eszk\u00f6z\u00e9t a Samsung"}]},{"@type":"WebSite","@id":"https:\/\/hir.mediamarkt.hu\/magazin\/#website","url":"https:\/\/hir.mediamarkt.hu\/magazin\/","name":"MediaMarkt Magazin","description":"Olvass bele magazinunkba!","potentialAction":[{"@type":"SearchAction","target":{"@type":"EntryPoint","urlTemplate":"https:\/\/hir.mediamarkt.hu\/magazin\/?s={search_term_string}"},"query-input":"required name=search_term_string"}],"inLanguage":"hu"},{"@type":"Person","@id":"https:\/\/hir.mediamarkt.hu\/magazin\/#\/schema\/person\/b93b02ec1ab4d2353f8d281e171c1b0b","name":"Media Markt","image":{"@type":"ImageObject","inLanguage":"hu","@id":"https:\/\/hir.mediamarkt.hu\/magazin\/#\/schema\/person\/image\/","url":"https:\/\/secure.gravatar.com\/avatar\/602bccae8998beee472d01909f0978f1?s=96&d=mm&r=g","contentUrl":"https:\/\/secure.gravatar.com\/avatar\/602bccae8998beee472d01909f0978f1?s=96&d=mm&r=g","caption":"Media Markt"}}]}},"_links":{"self":[{"href":"https:\/\/hir.mediamarkt.hu\/magazin\/wp-json\/wp\/v2\/posts\/3846"}],"collection":[{"href":"https:\/\/hir.mediamarkt.hu\/magazin\/wp-json\/wp\/v2\/posts"}],"about":[{"href":"https:\/\/hir.mediamarkt.hu\/magazin\/wp-json\/wp\/v2\/types\/post"}],"author":[{"embeddable":true,"href":"https:\/\/hir.mediamarkt.hu\/magazin\/wp-json\/wp\/v2\/users\/13"}],"replies":[{"embeddable":true,"href":"https:\/\/hir.mediamarkt.hu\/magazin\/wp-json\/wp\/v2\/comments?post=3846"}],"version-history":[{"count":2,"href":"https:\/\/hir.mediamarkt.hu\/magazin\/wp-json\/wp\/v2\/posts\/3846\/revisions"}],"predecessor-version":[{"id":3914,"href":"https:\/\/hir.mediamarkt.hu\/magazin\/wp-json\/wp\/v2\/posts\/3846\/revisions\/3914"}],"wp:featuredmedia":[{"embeddable":true,"href":"https:\/\/hir.mediamarkt.hu\/magazin\/wp-json\/wp\/v2\/media\/3912"}],"wp:attachment":[{"href":"https:\/\/hir.mediamarkt.hu\/magazin\/wp-json\/wp\/v2\/media?parent=3846"}],"wp:term":[{"taxonomy":"category","embeddable":true,"href":"https:\/\/hir.mediamarkt.hu\/magazin\/wp-json\/wp\/v2\/categories?post=3846"},{"taxonomy":"post_tag","embeddable":true,"href":"https:\/\/hir.mediamarkt.hu\/magazin\/wp-json\/wp\/v2\/tags?post=3846"}],"curies":[{"name":"wp","href":"https:\/\/api.w.org\/{rel}","templated":true}]}}