{"id":3848,"date":"2016-01-05T16:23:35","date_gmt":"2016-01-05T15:23:35","guid":{"rendered":"http:\/\/hir.mediamarkt.hu\/magazin\/?p=3848"},"modified":"2016-01-05T16:23:51","modified_gmt":"2016-01-05T15:23:51","slug":"digitalis-ujsag-hajlithato-kijelzobol-az-lg-tol","status":"publish","type":"post","link":"https:\/\/hir.mediamarkt.hu\/magazin\/digitalis-ujsag-hajlithato-kijelzobol-az-lg-tol\/","title":{"rendered":"Ism\u00e9t el\u0151t\u00e9rben az \u00fajs\u00e1g m\u00e9ret\u0171, hajl\u00edthat\u00f3 LG kijelz\u0151"},"content":{"rendered":"Az LG tov\u00e1bbra is fant\u00e1zi\u00e1t l\u00e1t a multim\u00e9di\u00e1s eszk\u00f6z\u00f6k egyes komponenseinek hajl\u00edthat\u00f3v\u00e1 t\u00e9tel\u00e9re, k\u00fcl\u00f6n\u00f6sk\u00e9ppen ha a kijelz\u0151kr\u0151l van sz\u00f3. A koreai gy\u00e1rt\u00f3 az \u00e9ppen Los Angelesben zajl\u00f3 konzumer elektronikai\u00a0exp\u00f3, azaz a CES alkalm\u00e1val ism\u00e9t el\u0151vette majdhogynem pap\u00edrk\u00e9nt hajl\u00edthat\u00f3 megjelen\u00edt\u0151j\u00e9t, ez\u00fattal m\u00e1r kipr\u00f3b\u00e1lhat\u00f3 form\u00e1ban.\r\n\r\n<a href=\"http:\/\/hir.mediamarkt.hu\/magazin\/wp-content\/uploads\/2016\/01\/lg_bendable_oled_18inch_01_MMM.jpg\" data-lbwps-width=\"960\" data-lbwps-height=\"641\" data-lbwps-srcsmall=\"https:\/\/hir.mediamarkt.hu\/magazin\/wp-content\/uploads\/2016\/01\/lg_bendable_oled_18inch_01_MMM-300x200.jpg\"><img loading=\"lazy\" decoding=\"async\" class=\"alignnone size-full wp-image-3852\" src=\"http:\/\/hir.mediamarkt.hu\/magazin\/wp-content\/uploads\/2016\/01\/lg_bendable_oled_18inch_01_MMM.jpg\" alt=\"lg_bendable_oled_18inch_01_MMM\" width=\"960\" height=\"641\" srcset=\"https:\/\/hir.mediamarkt.hu\/magazin\/wp-content\/uploads\/2016\/01\/lg_bendable_oled_18inch_01_MMM.jpg 960w, https:\/\/hir.mediamarkt.hu\/magazin\/wp-content\/uploads\/2016\/01\/lg_bendable_oled_18inch_01_MMM-275x183.jpg 275w, https:\/\/hir.mediamarkt.hu\/magazin\/wp-content\/uploads\/2016\/01\/lg_bendable_oled_18inch_01_MMM-300x200.jpg 300w\" sizes=\"(max-width: 960px) 100vw, 960px\" \/><\/a>\r\n\r\nA feltekerhet\u0151 megjelen\u00edt\u0151 \u00f6tlet\u00e9vel a c\u00e9g nagyj\u00e1b\u00f3l m\u00e1sf\u00e9l \u00e9ve, m\u00e9g 2014 tavasz\u00e1n \u00e1lltak el\u0151, a mostani v\u00e1ltozat viszont m\u00e1r sokkal fejlettebbnek \u00edg\u00e9rkezik. A 30R nevet kap\u00f3 egys\u00e9g 18 colos k\u00e9p\u00e1tl\u00f3val rendelkezik, OLED technol\u00f3gi\u00e1t haszn\u00e1l \u00e9s t\u00e9nyleg \u00fajs\u00e1gpap\u00edrk\u00e9nt \u00f6sszetekerve sz\u00e1ll\u00edthat\u00f3 &#8211; de nyilv\u00e1n a gy\u00e1rt\u00f3 nem csak a j\u00f6v\u0151 digit\u00e1lis \u00fajs\u00e1gjainak koncepci\u00f3j\u00e1t val\u00f3s\u00edtan\u00e1 meg a pap\u00edrszer\u0171 megjelen\u00edt\u0151vel, t\u00f6bbek k\u00f6zt a CES alkalm\u00e1val is megtekinthet\u0151 lesz egy 25 colos verzi\u00f3, melyet a gy\u00e1rt\u00f3 kifejezetten aut\u00f3k bels\u0151 ter\u00e9be sz\u00e1n.","protected":false},"excerpt":{"rendered":"Az LG tov\u00e1bbra is fant\u00e1zi\u00e1t l\u00e1t a multim\u00e9di\u00e1s eszk\u00f6z\u00f6k egyes komponenseinek hajl\u00edthat\u00f3v\u00e1 t\u00e9tel\u00e9re, k\u00fcl\u00f6n\u00f6sk\u00e9ppen ha a kijelz\u0151kr\u0151l van sz\u00f3. A koreai gy\u00e1rt\u00f3 az \u00e9ppen Los Angelesben zajl\u00f3 konzumer elektronikai\u00a0exp\u00f3, azaz a CES alkalm\u00e1val ism\u00e9t el\u0151vette majdhogynem pap\u00edrk\u00e9nt hajl\u00edthat\u00f3 megjelen\u00edt\u0151j\u00e9t, ez\u00fattal m\u00e1r kipr\u00f3b\u00e1lhat\u00f3 form\u00e1ban. A feltekerhet\u0151 megjelen\u00edt\u0151 \u00f6tlet\u00e9vel a c\u00e9g nagyj\u00e1b\u00f3l m\u00e1sf\u00e9l \u00e9ve, m\u00e9g 2014 tavasz\u00e1n \u00e1lltak el\u0151, a mostani v\u00e1ltozat viszont m\u00e1r sokkal fejlettebbnek \u00edg\u00e9rkezik. A 30R nevet kap\u00f3 egys\u00e9g 18 colos k\u00e9p\u00e1tl\u00f3val rendelkezik, OLED technol\u00f3gi\u00e1t haszn\u00e1l \u00e9s t\u00e9nyleg \u00fajs\u00e1gpap\u00edrk\u00e9nt \u00f6sszetekerve sz\u00e1ll\u00edthat\u00f3 &#8211; de nyilv\u00e1n a gy\u00e1rt\u00f3 nem csak a j\u00f6v\u0151 digit\u00e1lis \u00fajs\u00e1gjainak koncepci\u00f3j\u00e1t val\u00f3s\u00edtan\u00e1 meg a pap\u00edrszer\u0171 megjelen\u00edt\u0151vel, t\u00f6bbek k\u00f6zt a CES alkalm\u00e1val is megtekinthet\u0151 lesz egy 25 colos verzi\u00f3, melyet a gy\u00e1rt\u00f3 kifejezetten aut\u00f3k bels\u0151 ter\u00e9be sz\u00e1n.","protected":false},"author":13,"featured_media":3852,"comment_status":"open","ping_status":"open","sticky":false,"template":"","format":"standard","meta":{"wprm-recipe-roundup-name":"","wprm-recipe-roundup-description":"","footnotes":""},"categories":[5979],"tags":[81,1018,2047,1525,2048,1465,239,298,33,988],"yoast_head":"<!-- This site is optimized with the Yoast SEO plugin v22.9 - https:\/\/yoast.com\/wordpress\/plugins\/seo\/ -->\n<title>Ism\u00e9t el\u0151t\u00e9rben az \u00fajs\u00e1g m\u00e9ret\u0171, hajl\u00edthat\u00f3 LG kijelz\u0151 - MediaMarkt Magazin<\/title>\n<meta name=\"robots\" content=\"index, follow, max-snippet:-1, max-image-preview:large, max-video-preview:-1\" \/>\n<link rel=\"canonical\" href=\"https:\/\/hir.mediamarkt.hu\/magazin\/digitalis-ujsag-hajlithato-kijelzobol-az-lg-tol\/\" \/>\n<meta property=\"og:locale\" content=\"hu_HU\" \/>\n<meta property=\"og:type\" content=\"article\" \/>\n<meta property=\"og:title\" content=\"Ism\u00e9t el\u0151t\u00e9rben az \u00fajs\u00e1g m\u00e9ret\u0171, hajl\u00edthat\u00f3 LG kijelz\u0151 - MediaMarkt Magazin\" \/>\n<meta property=\"og:description\" content=\"Az LG tov\u00e1bbra is fant\u00e1zi\u00e1t l\u00e1t a multim\u00e9di\u00e1s eszk\u00f6z\u00f6k egyes komponenseinek hajl\u00edthat\u00f3v\u00e1 t\u00e9tel\u00e9re, k\u00fcl\u00f6n\u00f6sk\u00e9ppen ha a kijelz\u0151kr\u0151l van sz\u00f3. A koreai gy\u00e1rt\u00f3 az \u00e9ppen Los Angelesben zajl\u00f3 konzumer elektronikai\u00a0exp\u00f3, azaz a CES alkalm\u00e1val ism\u00e9t el\u0151vette majdhogynem pap\u00edrk\u00e9nt hajl\u00edthat\u00f3 megjelen\u00edt\u0151j\u00e9t, ez\u00fattal m\u00e1r kipr\u00f3b\u00e1lhat\u00f3 form\u00e1ban. A feltekerhet\u0151 megjelen\u00edt\u0151 \u00f6tlet\u00e9vel a c\u00e9g nagyj\u00e1b\u00f3l m\u00e1sf\u00e9l \u00e9ve, m\u00e9g 2014 tavasz\u00e1n \u00e1lltak el\u0151, a mostani v\u00e1ltozat viszont m\u00e1r sokkal fejlettebbnek \u00edg\u00e9rkezik. A 30R nevet kap\u00f3 egys\u00e9g 18 colos k\u00e9p\u00e1tl\u00f3val rendelkezik, OLED technol\u00f3gi\u00e1t haszn\u00e1l \u00e9s t\u00e9nyleg \u00fajs\u00e1gpap\u00edrk\u00e9nt \u00f6sszetekerve sz\u00e1ll\u00edthat\u00f3 &#8211; de nyilv\u00e1n a gy\u00e1rt\u00f3 nem csak a j\u00f6v\u0151 digit\u00e1lis \u00fajs\u00e1gjainak koncepci\u00f3j\u00e1t val\u00f3s\u00edtan\u00e1 meg a pap\u00edrszer\u0171 megjelen\u00edt\u0151vel, t\u00f6bbek k\u00f6zt a CES alkalm\u00e1val is megtekinthet\u0151 lesz egy 25 colos verzi\u00f3, melyet a gy\u00e1rt\u00f3 kifejezetten aut\u00f3k bels\u0151 ter\u00e9be sz\u00e1n.\" \/>\n<meta property=\"og:url\" content=\"https:\/\/hir.mediamarkt.hu\/magazin\/digitalis-ujsag-hajlithato-kijelzobol-az-lg-tol\/\" \/>\n<meta property=\"og:site_name\" content=\"MediaMarkt Magazin\" \/>\n<meta property=\"article:publisher\" content=\"https:\/\/www.facebook.com\/MediaMarktMagyarorszag\" \/>\n<meta property=\"article:published_time\" content=\"2016-01-05T15:23:35+00:00\" \/>\n<meta property=\"article:modified_time\" content=\"2016-01-05T15:23:51+00:00\" \/>\n<meta property=\"og:image\" content=\"https:\/\/hir.mediamarkt.hu\/magazin\/wp-content\/uploads\/2016\/01\/lg_bendable_oled_18inch_01_MMM.jpg\" \/>\n\t<meta property=\"og:image:width\" content=\"960\" \/>\n\t<meta property=\"og:image:height\" content=\"641\" \/>\n\t<meta property=\"og:image:type\" content=\"image\/jpeg\" \/>\n<meta name=\"author\" content=\"Media Markt\" \/>\n<meta name=\"twitter:label1\" content=\"Szerz\u0151:\" \/>\n\t<meta name=\"twitter:data1\" content=\"Media Markt\" \/>\n\t<meta name=\"twitter:label2\" content=\"Becs\u00fclt olvas\u00e1si id\u0151\" \/>\n\t<meta name=\"twitter:data2\" content=\"1 perc\" \/>\n<script type=\"application\/ld+json\" class=\"yoast-schema-graph\">{\"@context\":\"https:\/\/schema.org\",\"@graph\":[{\"@type\":\"WebPage\",\"@id\":\"https:\/\/hir.mediamarkt.hu\/magazin\/digitalis-ujsag-hajlithato-kijelzobol-az-lg-tol\/\",\"url\":\"https:\/\/hir.mediamarkt.hu\/magazin\/digitalis-ujsag-hajlithato-kijelzobol-az-lg-tol\/\",\"name\":\"Ism\u00e9t el\u0151t\u00e9rben az \u00fajs\u00e1g m\u00e9ret\u0171, hajl\u00edthat\u00f3 LG kijelz\u0151 - MediaMarkt Magazin\",\"isPartOf\":{\"@id\":\"https:\/\/hir.mediamarkt.hu\/magazin\/#website\"},\"primaryImageOfPage\":{\"@id\":\"https:\/\/hir.mediamarkt.hu\/magazin\/digitalis-ujsag-hajlithato-kijelzobol-az-lg-tol\/#primaryimage\"},\"image\":{\"@id\":\"https:\/\/hir.mediamarkt.hu\/magazin\/digitalis-ujsag-hajlithato-kijelzobol-az-lg-tol\/#primaryimage\"},\"thumbnailUrl\":\"https:\/\/hir.mediamarkt.hu\/magazin\/wp-content\/uploads\/2016\/01\/lg_bendable_oled_18inch_01_MMM.jpg\",\"datePublished\":\"2016-01-05T15:23:35+00:00\",\"dateModified\":\"2016-01-05T15:23:51+00:00\",\"author\":{\"@id\":\"https:\/\/hir.mediamarkt.hu\/magazin\/#\/schema\/person\/b93b02ec1ab4d2353f8d281e171c1b0b\"},\"breadcrumb\":{\"@id\":\"https:\/\/hir.mediamarkt.hu\/magazin\/digitalis-ujsag-hajlithato-kijelzobol-az-lg-tol\/#breadcrumb\"},\"inLanguage\":\"hu\",\"potentialAction\":[{\"@type\":\"ReadAction\",\"target\":[\"https:\/\/hir.mediamarkt.hu\/magazin\/digitalis-ujsag-hajlithato-kijelzobol-az-lg-tol\/\"]}]},{\"@type\":\"ImageObject\",\"inLanguage\":\"hu\",\"@id\":\"https:\/\/hir.mediamarkt.hu\/magazin\/digitalis-ujsag-hajlithato-kijelzobol-az-lg-tol\/#primaryimage\",\"url\":\"https:\/\/hir.mediamarkt.hu\/magazin\/wp-content\/uploads\/2016\/01\/lg_bendable_oled_18inch_01_MMM.jpg\",\"contentUrl\":\"https:\/\/hir.mediamarkt.hu\/magazin\/wp-content\/uploads\/2016\/01\/lg_bendable_oled_18inch_01_MMM.jpg\",\"width\":960,\"height\":641},{\"@type\":\"BreadcrumbList\",\"@id\":\"https:\/\/hir.mediamarkt.hu\/magazin\/digitalis-ujsag-hajlithato-kijelzobol-az-lg-tol\/#breadcrumb\",\"itemListElement\":[{\"@type\":\"ListItem\",\"position\":1,\"name\":\"Kezd\u0151lap\",\"item\":\"https:\/\/hir.mediamarkt.hu\/magazin\/\"},{\"@type\":\"ListItem\",\"position\":2,\"name\":\"IT \u00e9s sz\u00e1m\u00edt\u00e1stechnika\",\"item\":\"https:\/\/hir.mediamarkt.hu\/magazin\/it-es-szamitastechnika\/\"},{\"@type\":\"ListItem\",\"position\":3,\"name\":\"IT h\u00edrek\",\"item\":\"https:\/\/hir.mediamarkt.hu\/magazin\/it-es-szamitastechnika\/it-hirek\/\"},{\"@type\":\"ListItem\",\"position\":4,\"name\":\"Ism\u00e9t el\u0151t\u00e9rben az \u00fajs\u00e1g m\u00e9ret\u0171, hajl\u00edthat\u00f3 LG kijelz\u0151\"}]},{\"@type\":\"WebSite\",\"@id\":\"https:\/\/hir.mediamarkt.hu\/magazin\/#website\",\"url\":\"https:\/\/hir.mediamarkt.hu\/magazin\/\",\"name\":\"MediaMarkt Magazin\",\"description\":\"Olvass bele magazinunkba!\",\"potentialAction\":[{\"@type\":\"SearchAction\",\"target\":{\"@type\":\"EntryPoint\",\"urlTemplate\":\"https:\/\/hir.mediamarkt.hu\/magazin\/?s={search_term_string}\"},\"query-input\":\"required name=search_term_string\"}],\"inLanguage\":\"hu\"},{\"@type\":\"Person\",\"@id\":\"https:\/\/hir.mediamarkt.hu\/magazin\/#\/schema\/person\/b93b02ec1ab4d2353f8d281e171c1b0b\",\"name\":\"Media Markt\",\"image\":{\"@type\":\"ImageObject\",\"inLanguage\":\"hu\",\"@id\":\"https:\/\/hir.mediamarkt.hu\/magazin\/#\/schema\/person\/image\/\",\"url\":\"https:\/\/secure.gravatar.com\/avatar\/602bccae8998beee472d01909f0978f1?s=96&d=mm&r=g\",\"contentUrl\":\"https:\/\/secure.gravatar.com\/avatar\/602bccae8998beee472d01909f0978f1?s=96&d=mm&r=g\",\"caption\":\"Media Markt\"}}]}<\/script>\n<!-- \/ Yoast SEO plugin. -->","yoast_head_json":{"title":"Ism\u00e9t el\u0151t\u00e9rben az \u00fajs\u00e1g m\u00e9ret\u0171, hajl\u00edthat\u00f3 LG kijelz\u0151 - MediaMarkt Magazin","robots":{"index":"index","follow":"follow","max-snippet":"max-snippet:-1","max-image-preview":"max-image-preview:large","max-video-preview":"max-video-preview:-1"},"canonical":"https:\/\/hir.mediamarkt.hu\/magazin\/digitalis-ujsag-hajlithato-kijelzobol-az-lg-tol\/","og_locale":"hu_HU","og_type":"article","og_title":"Ism\u00e9t el\u0151t\u00e9rben az \u00fajs\u00e1g m\u00e9ret\u0171, hajl\u00edthat\u00f3 LG kijelz\u0151 - MediaMarkt Magazin","og_description":"Az LG tov\u00e1bbra is fant\u00e1zi\u00e1t l\u00e1t a multim\u00e9di\u00e1s eszk\u00f6z\u00f6k egyes komponenseinek hajl\u00edthat\u00f3v\u00e1 t\u00e9tel\u00e9re, k\u00fcl\u00f6n\u00f6sk\u00e9ppen ha a kijelz\u0151kr\u0151l van sz\u00f3. A koreai gy\u00e1rt\u00f3 az \u00e9ppen Los Angelesben zajl\u00f3 konzumer elektronikai\u00a0exp\u00f3, azaz a CES alkalm\u00e1val ism\u00e9t el\u0151vette majdhogynem pap\u00edrk\u00e9nt hajl\u00edthat\u00f3 megjelen\u00edt\u0151j\u00e9t, ez\u00fattal m\u00e1r kipr\u00f3b\u00e1lhat\u00f3 form\u00e1ban. A feltekerhet\u0151 megjelen\u00edt\u0151 \u00f6tlet\u00e9vel a c\u00e9g nagyj\u00e1b\u00f3l m\u00e1sf\u00e9l \u00e9ve, m\u00e9g 2014 tavasz\u00e1n \u00e1lltak el\u0151, a mostani v\u00e1ltozat viszont m\u00e1r sokkal fejlettebbnek \u00edg\u00e9rkezik. A 30R nevet kap\u00f3 egys\u00e9g 18 colos k\u00e9p\u00e1tl\u00f3val rendelkezik, OLED technol\u00f3gi\u00e1t haszn\u00e1l \u00e9s t\u00e9nyleg \u00fajs\u00e1gpap\u00edrk\u00e9nt \u00f6sszetekerve sz\u00e1ll\u00edthat\u00f3 &#8211; de nyilv\u00e1n a gy\u00e1rt\u00f3 nem csak a j\u00f6v\u0151 digit\u00e1lis \u00fajs\u00e1gjainak koncepci\u00f3j\u00e1t val\u00f3s\u00edtan\u00e1 meg a pap\u00edrszer\u0171 megjelen\u00edt\u0151vel, t\u00f6bbek k\u00f6zt a CES alkalm\u00e1val is megtekinthet\u0151 lesz egy 25 colos verzi\u00f3, melyet a gy\u00e1rt\u00f3 kifejezetten aut\u00f3k bels\u0151 ter\u00e9be sz\u00e1n.","og_url":"https:\/\/hir.mediamarkt.hu\/magazin\/digitalis-ujsag-hajlithato-kijelzobol-az-lg-tol\/","og_site_name":"MediaMarkt Magazin","article_publisher":"https:\/\/www.facebook.com\/MediaMarktMagyarorszag","article_published_time":"2016-01-05T15:23:35+00:00","article_modified_time":"2016-01-05T15:23:51+00:00","og_image":[{"width":960,"height":641,"url":"https:\/\/hir.mediamarkt.hu\/magazin\/wp-content\/uploads\/2016\/01\/lg_bendable_oled_18inch_01_MMM.jpg","type":"image\/jpeg"}],"author":"Media Markt","twitter_misc":{"Szerz\u0151:":"Media Markt","Becs\u00fclt olvas\u00e1si id\u0151":"1 perc"},"schema":{"@context":"https:\/\/schema.org","@graph":[{"@type":"WebPage","@id":"https:\/\/hir.mediamarkt.hu\/magazin\/digitalis-ujsag-hajlithato-kijelzobol-az-lg-tol\/","url":"https:\/\/hir.mediamarkt.hu\/magazin\/digitalis-ujsag-hajlithato-kijelzobol-az-lg-tol\/","name":"Ism\u00e9t el\u0151t\u00e9rben az \u00fajs\u00e1g m\u00e9ret\u0171, hajl\u00edthat\u00f3 LG kijelz\u0151 - MediaMarkt Magazin","isPartOf":{"@id":"https:\/\/hir.mediamarkt.hu\/magazin\/#website"},"primaryImageOfPage":{"@id":"https:\/\/hir.mediamarkt.hu\/magazin\/digitalis-ujsag-hajlithato-kijelzobol-az-lg-tol\/#primaryimage"},"image":{"@id":"https:\/\/hir.mediamarkt.hu\/magazin\/digitalis-ujsag-hajlithato-kijelzobol-az-lg-tol\/#primaryimage"},"thumbnailUrl":"https:\/\/hir.mediamarkt.hu\/magazin\/wp-content\/uploads\/2016\/01\/lg_bendable_oled_18inch_01_MMM.jpg","datePublished":"2016-01-05T15:23:35+00:00","dateModified":"2016-01-05T15:23:51+00:00","author":{"@id":"https:\/\/hir.mediamarkt.hu\/magazin\/#\/schema\/person\/b93b02ec1ab4d2353f8d281e171c1b0b"},"breadcrumb":{"@id":"https:\/\/hir.mediamarkt.hu\/magazin\/digitalis-ujsag-hajlithato-kijelzobol-az-lg-tol\/#breadcrumb"},"inLanguage":"hu","potentialAction":[{"@type":"ReadAction","target":["https:\/\/hir.mediamarkt.hu\/magazin\/digitalis-ujsag-hajlithato-kijelzobol-az-lg-tol\/"]}]},{"@type":"ImageObject","inLanguage":"hu","@id":"https:\/\/hir.mediamarkt.hu\/magazin\/digitalis-ujsag-hajlithato-kijelzobol-az-lg-tol\/#primaryimage","url":"https:\/\/hir.mediamarkt.hu\/magazin\/wp-content\/uploads\/2016\/01\/lg_bendable_oled_18inch_01_MMM.jpg","contentUrl":"https:\/\/hir.mediamarkt.hu\/magazin\/wp-content\/uploads\/2016\/01\/lg_bendable_oled_18inch_01_MMM.jpg","width":960,"height":641},{"@type":"BreadcrumbList","@id":"https:\/\/hir.mediamarkt.hu\/magazin\/digitalis-ujsag-hajlithato-kijelzobol-az-lg-tol\/#breadcrumb","itemListElement":[{"@type":"ListItem","position":1,"name":"Kezd\u0151lap","item":"https:\/\/hir.mediamarkt.hu\/magazin\/"},{"@type":"ListItem","position":2,"name":"IT \u00e9s sz\u00e1m\u00edt\u00e1stechnika","item":"https:\/\/hir.mediamarkt.hu\/magazin\/it-es-szamitastechnika\/"},{"@type":"ListItem","position":3,"name":"IT h\u00edrek","item":"https:\/\/hir.mediamarkt.hu\/magazin\/it-es-szamitastechnika\/it-hirek\/"},{"@type":"ListItem","position":4,"name":"Ism\u00e9t el\u0151t\u00e9rben az \u00fajs\u00e1g m\u00e9ret\u0171, hajl\u00edthat\u00f3 LG kijelz\u0151"}]},{"@type":"WebSite","@id":"https:\/\/hir.mediamarkt.hu\/magazin\/#website","url":"https:\/\/hir.mediamarkt.hu\/magazin\/","name":"MediaMarkt Magazin","description":"Olvass bele magazinunkba!","potentialAction":[{"@type":"SearchAction","target":{"@type":"EntryPoint","urlTemplate":"https:\/\/hir.mediamarkt.hu\/magazin\/?s={search_term_string}"},"query-input":"required name=search_term_string"}],"inLanguage":"hu"},{"@type":"Person","@id":"https:\/\/hir.mediamarkt.hu\/magazin\/#\/schema\/person\/b93b02ec1ab4d2353f8d281e171c1b0b","name":"Media Markt","image":{"@type":"ImageObject","inLanguage":"hu","@id":"https:\/\/hir.mediamarkt.hu\/magazin\/#\/schema\/person\/image\/","url":"https:\/\/secure.gravatar.com\/avatar\/602bccae8998beee472d01909f0978f1?s=96&d=mm&r=g","contentUrl":"https:\/\/secure.gravatar.com\/avatar\/602bccae8998beee472d01909f0978f1?s=96&d=mm&r=g","caption":"Media Markt"}}]}},"_links":{"self":[{"href":"https:\/\/hir.mediamarkt.hu\/magazin\/wp-json\/wp\/v2\/posts\/3848"}],"collection":[{"href":"https:\/\/hir.mediamarkt.hu\/magazin\/wp-json\/wp\/v2\/posts"}],"about":[{"href":"https:\/\/hir.mediamarkt.hu\/magazin\/wp-json\/wp\/v2\/types\/post"}],"author":[{"embeddable":true,"href":"https:\/\/hir.mediamarkt.hu\/magazin\/wp-json\/wp\/v2\/users\/13"}],"replies":[{"embeddable":true,"href":"https:\/\/hir.mediamarkt.hu\/magazin\/wp-json\/wp\/v2\/comments?post=3848"}],"version-history":[{"count":5,"href":"https:\/\/hir.mediamarkt.hu\/magazin\/wp-json\/wp\/v2\/posts\/3848\/revisions"}],"predecessor-version":[{"id":3855,"href":"https:\/\/hir.mediamarkt.hu\/magazin\/wp-json\/wp\/v2\/posts\/3848\/revisions\/3855"}],"wp:featuredmedia":[{"embeddable":true,"href":"https:\/\/hir.mediamarkt.hu\/magazin\/wp-json\/wp\/v2\/media\/3852"}],"wp:attachment":[{"href":"https:\/\/hir.mediamarkt.hu\/magazin\/wp-json\/wp\/v2\/media?parent=3848"}],"wp:term":[{"taxonomy":"category","embeddable":true,"href":"https:\/\/hir.mediamarkt.hu\/magazin\/wp-json\/wp\/v2\/categories?post=3848"},{"taxonomy":"post_tag","embeddable":true,"href":"https:\/\/hir.mediamarkt.hu\/magazin\/wp-json\/wp\/v2\/tags?post=3848"}],"curies":[{"name":"wp","href":"https:\/\/api.w.org\/{rel}","templated":true}]}}