{"id":3867,"date":"2016-01-10T16:00:14","date_gmt":"2016-01-10T15:00:14","guid":{"rendered":"http:\/\/hir.mediamarkt.hu\/magazin\/?p=3867"},"modified":"2016-01-10T16:00:14","modified_gmt":"2016-01-10T15:00:14","slug":"itt-az-elso-windowsos-samsung-gaalxy-tablet","status":"publish","type":"post","link":"https:\/\/hir.mediamarkt.hu\/magazin\/itt-az-elso-windowsos-samsung-gaalxy-tablet\/","title":{"rendered":"Itt az els\u0151 windowsos Samsung Galaxy tablet"},"content":{"rendered":"A Samsung berkein bel\u00fcl a Galaxy jelz\u00e9s az els\u0151 androidos modellek megjelen\u00e9se \u00f3ta a z\u00f6ld robotos rendszerrel ell\u00e1tott telefonok vagy tabletek kiv\u00e1lts\u00e1ga volt, \u00e1m \u00fagy t\u0171nik, a gy\u00e1rt\u00f3 tablet vonalon nyit a Windows 10 fel\u00e9, melyhez nem k\u00edv\u00e1nta \u00faj sorozatot ind\u00edtani. A pr\u00e9mium t\u00e1blag\u00e9p egy\u00e9rtelm\u0171en az iPad Pro, Surface Book, vagy nemr\u00e9g bejelentett ThinkPad X1 tablet ellenfelek\u00e9nt indul.\r\n\r\n<img loading=\"lazy\" decoding=\"async\" class=\"alignnone size-full wp-image-3896\" src=\"http:\/\/hir.mediamarkt.hu\/magazin\/wp-content\/uploads\/2016\/01\/samsung_galaxy_tabpro_s_02_MMM.jpg\" alt=\"samsung_galaxy_tabpro_s_02_MMM\" width=\"706\" height=\"470\" srcset=\"https:\/\/hir.mediamarkt.hu\/magazin\/wp-content\/uploads\/2016\/01\/samsung_galaxy_tabpro_s_02_MMM.jpg 294w, https:\/\/hir.mediamarkt.hu\/magazin\/wp-content\/uploads\/2016\/01\/samsung_galaxy_tabpro_s_02_MMM-275x183.jpg 275w\" sizes=\"(max-width: 706px) 100vw, 706px\" \/>\r\n\r\nA Galaxy TabPro S 12 colos, 2160 x 1440 pixeles kijelz\u0151je szokatlan a Windows tabletek vil\u00e1g\u00e1ban, a panel ugyanis Super AMOLED technol\u00f3gi\u00e1val k\u00e9sz\u00fclt, ahogy azt az androidos modellekn\u00e9l a Samsungt\u00f3l egyre t\u00f6bb k\u00e9sz\u00fcl\u00e9k eset\u00e9ben megszokhattuk. A k\u00f6zponti egys\u00e9g egy Intel Core M, melyhez 4 GB rendszermem\u00f3ria, egy 128 vagy 256 gigab\u00e1jtos SSD, valamint be\u00e9p\u00edtett GPS \u00e9s NFC egys\u00e9gek t\u00e1rsulnak, ig\u00e9ny eset\u00e9n term\u00e9szetesen LTE modemmel k\u00e9sz\u00fclt verzi\u00f3 is megv\u00e1s\u00e1rolhat\u00f3 lesz.\r\n\r\nFizikai csatlakoz\u00f3kb\u00f3l mag\u00e1n az eszk\u00f6z\u00f6n mind\u00f6ssze egyetlen USB Type-C aljaztot kapunk, melyet egy k\u00fcls\u0151 hub seg\u00edts\u00e9g\u00e9vel tudunk Type-A \u00e9s Type-C USB bemenetekre \u00e9s HDMI kimenetre osztani. Enn\u00e9l is l\u00e9nyegesebb kieg\u00e9sz\u00edt\u0151 lehet azonban a billenty\u0171zetes tok is, mely a &#8222;notebook-m\u00f3d&#8221; haszn\u00e1lat\u00e1hoz sz\u00fcks\u00e9ges t\u00e1maszt\u00e9kot is mag\u00e1ban rejti, a fizikai gombokb\u00f3l \u00e1ll\u00f3 klaviat\u00fara al\u00e1 touchpad is ker\u00fclt.\r\n\r\n<img loading=\"lazy\" decoding=\"async\" class=\"alignnone size-full wp-image-3895\" src=\"http:\/\/hir.mediamarkt.hu\/magazin\/wp-content\/uploads\/2016\/01\/samsung_galaxy_tabpro_s_01_MMM.jpg\" alt=\"samsung_galaxy_tabpro_s_01_MMM\" width=\"706\" height=\"721\" srcset=\"https:\/\/hir.mediamarkt.hu\/magazin\/wp-content\/uploads\/2016\/01\/samsung_galaxy_tabpro_s_01_MMM.jpg 294w, https:\/\/hir.mediamarkt.hu\/magazin\/wp-content\/uploads\/2016\/01\/samsung_galaxy_tabpro_s_01_MMM-275x281.jpg 275w\" sizes=\"(max-width: 706px) 100vw, 706px\" \/>\r\n\r\nA Windows 10-es oper\u00e1ci\u00f3s rendszer nem kapott egyedi arculatot a gy\u00e1rt\u00f3t\u00f3l, egyed\u00fcli extra funkci\u00f3k\u00e9nt a biometrikus azonos\u00edt\u00e1ssal rendelkez\u0151 Galaxy okostelefonok kulcsk\u00e9nt t\u00f6rt\u00e9n\u0151 haszn\u00e1lata emelhet\u0151 ki, maga az eszk\u00f6z ugyanis nem tartalmaz ilyen modulokat, \u00edgy egy ujjlenyomatolvas\u00f3val t\u00f6rt\u00e9n\u0151 v\u00e9delemhez egy ilyen egys\u00e9ggel ell\u00e1tott Samsung okostelefont \u00e9rdemes beszerezni.\r\n\r\nA Samsung Galaxy TabPro S febru\u00e1rt\u00f3l m\u00e1r a boltok polcain is fellelehet\u0151, \u00e1m egyel\u0151re azt nem tudni, Magyarorsz\u00e1gon megjelenik-e \u00e9s ha igen, milyen \u00e1ron.","protected":false},"excerpt":{"rendered":"A Samsung berkein bel\u00fcl a Galaxy jelz\u00e9s az els\u0151 androidos modellek megjelen\u00e9se \u00f3ta a z\u00f6ld robotos rendszerrel ell\u00e1tott telefonok vagy tabletek kiv\u00e1lts\u00e1ga volt, \u00e1m \u00fagy t\u0171nik, a gy\u00e1rt\u00f3 tablet vonalon nyit a Windows 10 fel\u00e9, melyhez nem k\u00edv\u00e1nta \u00faj sorozatot ind\u00edtani. A pr\u00e9mium t\u00e1blag\u00e9p egy\u00e9rtelm\u0171en az iPad Pro, Surface Book, vagy nemr\u00e9g bejelentett ThinkPad X1 tablet ellenfelek\u00e9nt indul. A Galaxy TabPro S 12 colos, 2160 x 1440 pixeles kijelz\u0151je szokatlan a Windows tabletek vil\u00e1g\u00e1ban, a panel ugyanis Super AMOLED technol\u00f3gi\u00e1val k\u00e9sz\u00fclt, ahogy azt az androidos modellekn\u00e9l a Samsungt\u00f3l egyre t\u00f6bb k\u00e9sz\u00fcl\u00e9k eset\u00e9ben megszokhattuk. A k\u00f6zponti egys\u00e9g egy Intel Core M, melyhez 4 GB rendszermem\u00f3ria, egy 128 vagy 256 gigab\u00e1jtos SSD, valamint be\u00e9p\u00edtett GPS \u00e9s NFC egys\u00e9gek t\u00e1rsulnak, ig\u00e9ny eset\u00e9n term\u00e9szetesen &#8230;","protected":false},"author":13,"featured_media":3896,"comment_status":"open","ping_status":"open","sticky":false,"template":"","format":"standard","meta":{"wprm-recipe-roundup-name":"","wprm-recipe-roundup-description":"","footnotes":""},"categories":[5951],"tags":[898,2064,2063,32,2034,1420,154,1388],"yoast_head":"<!-- This site is optimized with the Yoast SEO plugin v22.9 - https:\/\/yoast.com\/wordpress\/plugins\/seo\/ -->\n<title>Itt az els\u0151 windowsos Samsung Galaxy tablet - MediaMarkt Magazin<\/title>\n<meta name=\"robots\" content=\"index, follow, max-snippet:-1, max-image-preview:large, max-video-preview:-1\" \/>\n<link rel=\"canonical\" href=\"https:\/\/hir.mediamarkt.hu\/magazin\/itt-az-elso-windowsos-samsung-gaalxy-tablet\/\" \/>\n<meta property=\"og:locale\" content=\"hu_HU\" \/>\n<meta property=\"og:type\" content=\"article\" \/>\n<meta property=\"og:title\" content=\"Itt az els\u0151 windowsos Samsung Galaxy tablet - MediaMarkt Magazin\" \/>\n<meta property=\"og:description\" content=\"A Samsung berkein bel\u00fcl a Galaxy jelz\u00e9s az els\u0151 androidos modellek megjelen\u00e9se \u00f3ta a z\u00f6ld robotos rendszerrel ell\u00e1tott telefonok vagy tabletek kiv\u00e1lts\u00e1ga volt, \u00e1m \u00fagy t\u0171nik, a gy\u00e1rt\u00f3 tablet vonalon nyit a Windows 10 fel\u00e9, melyhez nem k\u00edv\u00e1nta \u00faj sorozatot ind\u00edtani. A pr\u00e9mium t\u00e1blag\u00e9p egy\u00e9rtelm\u0171en az iPad Pro, Surface Book, vagy nemr\u00e9g bejelentett ThinkPad X1 tablet ellenfelek\u00e9nt indul. A Galaxy TabPro S 12 colos, 2160 x 1440 pixeles kijelz\u0151je szokatlan a Windows tabletek vil\u00e1g\u00e1ban, a panel ugyanis Super AMOLED technol\u00f3gi\u00e1val k\u00e9sz\u00fclt, ahogy azt az androidos modellekn\u00e9l a Samsungt\u00f3l egyre t\u00f6bb k\u00e9sz\u00fcl\u00e9k eset\u00e9ben megszokhattuk. A k\u00f6zponti egys\u00e9g egy Intel Core M, melyhez 4 GB rendszermem\u00f3ria, egy 128 vagy 256 gigab\u00e1jtos SSD, valamint be\u00e9p\u00edtett GPS \u00e9s NFC egys\u00e9gek t\u00e1rsulnak, ig\u00e9ny eset\u00e9n term\u00e9szetesen ...\" \/>\n<meta property=\"og:url\" content=\"https:\/\/hir.mediamarkt.hu\/magazin\/itt-az-elso-windowsos-samsung-gaalxy-tablet\/\" \/>\n<meta property=\"og:site_name\" content=\"MediaMarkt Magazin\" \/>\n<meta property=\"article:publisher\" content=\"https:\/\/www.facebook.com\/MediaMarktMagyarorszag\" \/>\n<meta property=\"article:published_time\" content=\"2016-01-10T15:00:14+00:00\" \/>\n<meta property=\"og:image\" content=\"https:\/\/hir.mediamarkt.hu\/magazin\/wp-content\/uploads\/2016\/01\/samsung_galaxy_tabpro_s_02_MMM.jpg\" \/>\n\t<meta property=\"og:image:width\" content=\"294\" \/>\n\t<meta property=\"og:image:height\" content=\"196\" \/>\n\t<meta property=\"og:image:type\" content=\"image\/jpeg\" \/>\n<meta name=\"author\" content=\"Media Markt\" \/>\n<meta name=\"twitter:label1\" content=\"Szerz\u0151:\" \/>\n\t<meta name=\"twitter:data1\" content=\"Media Markt\" \/>\n\t<meta name=\"twitter:label2\" content=\"Becs\u00fclt olvas\u00e1si id\u0151\" \/>\n\t<meta name=\"twitter:data2\" content=\"2 perc\" \/>\n<script type=\"application\/ld+json\" class=\"yoast-schema-graph\">{\"@context\":\"https:\/\/schema.org\",\"@graph\":[{\"@type\":\"WebPage\",\"@id\":\"https:\/\/hir.mediamarkt.hu\/magazin\/itt-az-elso-windowsos-samsung-gaalxy-tablet\/\",\"url\":\"https:\/\/hir.mediamarkt.hu\/magazin\/itt-az-elso-windowsos-samsung-gaalxy-tablet\/\",\"name\":\"Itt az els\u0151 windowsos Samsung Galaxy tablet - MediaMarkt Magazin\",\"isPartOf\":{\"@id\":\"https:\/\/hir.mediamarkt.hu\/magazin\/#website\"},\"primaryImageOfPage\":{\"@id\":\"https:\/\/hir.mediamarkt.hu\/magazin\/itt-az-elso-windowsos-samsung-gaalxy-tablet\/#primaryimage\"},\"image\":{\"@id\":\"https:\/\/hir.mediamarkt.hu\/magazin\/itt-az-elso-windowsos-samsung-gaalxy-tablet\/#primaryimage\"},\"thumbnailUrl\":\"https:\/\/hir.mediamarkt.hu\/magazin\/wp-content\/uploads\/2016\/01\/samsung_galaxy_tabpro_s_02_MMM.jpg\",\"datePublished\":\"2016-01-10T15:00:14+00:00\",\"dateModified\":\"2016-01-10T15:00:14+00:00\",\"author\":{\"@id\":\"https:\/\/hir.mediamarkt.hu\/magazin\/#\/schema\/person\/b93b02ec1ab4d2353f8d281e171c1b0b\"},\"breadcrumb\":{\"@id\":\"https:\/\/hir.mediamarkt.hu\/magazin\/itt-az-elso-windowsos-samsung-gaalxy-tablet\/#breadcrumb\"},\"inLanguage\":\"hu\",\"potentialAction\":[{\"@type\":\"ReadAction\",\"target\":[\"https:\/\/hir.mediamarkt.hu\/magazin\/itt-az-elso-windowsos-samsung-gaalxy-tablet\/\"]}]},{\"@type\":\"ImageObject\",\"inLanguage\":\"hu\",\"@id\":\"https:\/\/hir.mediamarkt.hu\/magazin\/itt-az-elso-windowsos-samsung-gaalxy-tablet\/#primaryimage\",\"url\":\"https:\/\/hir.mediamarkt.hu\/magazin\/wp-content\/uploads\/2016\/01\/samsung_galaxy_tabpro_s_02_MMM.jpg\",\"contentUrl\":\"https:\/\/hir.mediamarkt.hu\/magazin\/wp-content\/uploads\/2016\/01\/samsung_galaxy_tabpro_s_02_MMM.jpg\",\"width\":294,\"height\":196},{\"@type\":\"BreadcrumbList\",\"@id\":\"https:\/\/hir.mediamarkt.hu\/magazin\/itt-az-elso-windowsos-samsung-gaalxy-tablet\/#breadcrumb\",\"itemListElement\":[{\"@type\":\"ListItem\",\"position\":1,\"name\":\"Kezd\u0151lap\",\"item\":\"https:\/\/hir.mediamarkt.hu\/magazin\/\"},{\"@type\":\"ListItem\",\"position\":2,\"name\":\"IT \u00e9s sz\u00e1m\u00edt\u00e1stechnika\",\"item\":\"https:\/\/hir.mediamarkt.hu\/magazin\/it-es-szamitastechnika\/\"},{\"@type\":\"ListItem\",\"position\":3,\"name\":\"Laptopok \u00e9s sz\u00e1m\u00edt\u00f3g\u00e9pek\",\"item\":\"https:\/\/hir.mediamarkt.hu\/magazin\/it-es-szamitastechnika\/laptopok-es-szamitogepek\/\"},{\"@type\":\"ListItem\",\"position\":4,\"name\":\"Itt az els\u0151 windowsos Samsung Galaxy tablet\"}]},{\"@type\":\"WebSite\",\"@id\":\"https:\/\/hir.mediamarkt.hu\/magazin\/#website\",\"url\":\"https:\/\/hir.mediamarkt.hu\/magazin\/\",\"name\":\"MediaMarkt Magazin\",\"description\":\"Olvass bele magazinunkba!\",\"potentialAction\":[{\"@type\":\"SearchAction\",\"target\":{\"@type\":\"EntryPoint\",\"urlTemplate\":\"https:\/\/hir.mediamarkt.hu\/magazin\/?s={search_term_string}\"},\"query-input\":\"required name=search_term_string\"}],\"inLanguage\":\"hu\"},{\"@type\":\"Person\",\"@id\":\"https:\/\/hir.mediamarkt.hu\/magazin\/#\/schema\/person\/b93b02ec1ab4d2353f8d281e171c1b0b\",\"name\":\"Media Markt\",\"image\":{\"@type\":\"ImageObject\",\"inLanguage\":\"hu\",\"@id\":\"https:\/\/hir.mediamarkt.hu\/magazin\/#\/schema\/person\/image\/\",\"url\":\"https:\/\/secure.gravatar.com\/avatar\/602bccae8998beee472d01909f0978f1?s=96&d=mm&r=g\",\"contentUrl\":\"https:\/\/secure.gravatar.com\/avatar\/602bccae8998beee472d01909f0978f1?s=96&d=mm&r=g\",\"caption\":\"Media Markt\"}}]}<\/script>\n<!-- \/ Yoast SEO plugin. -->","yoast_head_json":{"title":"Itt az els\u0151 windowsos Samsung Galaxy tablet - MediaMarkt Magazin","robots":{"index":"index","follow":"follow","max-snippet":"max-snippet:-1","max-image-preview":"max-image-preview:large","max-video-preview":"max-video-preview:-1"},"canonical":"https:\/\/hir.mediamarkt.hu\/magazin\/itt-az-elso-windowsos-samsung-gaalxy-tablet\/","og_locale":"hu_HU","og_type":"article","og_title":"Itt az els\u0151 windowsos Samsung Galaxy tablet - MediaMarkt Magazin","og_description":"A Samsung berkein bel\u00fcl a Galaxy jelz\u00e9s az els\u0151 androidos modellek megjelen\u00e9se \u00f3ta a z\u00f6ld robotos rendszerrel ell\u00e1tott telefonok vagy tabletek kiv\u00e1lts\u00e1ga volt, \u00e1m \u00fagy t\u0171nik, a gy\u00e1rt\u00f3 tablet vonalon nyit a Windows 10 fel\u00e9, melyhez nem k\u00edv\u00e1nta \u00faj sorozatot ind\u00edtani. A pr\u00e9mium t\u00e1blag\u00e9p egy\u00e9rtelm\u0171en az iPad Pro, Surface Book, vagy nemr\u00e9g bejelentett ThinkPad X1 tablet ellenfelek\u00e9nt indul. A Galaxy TabPro S 12 colos, 2160 x 1440 pixeles kijelz\u0151je szokatlan a Windows tabletek vil\u00e1g\u00e1ban, a panel ugyanis Super AMOLED technol\u00f3gi\u00e1val k\u00e9sz\u00fclt, ahogy azt az androidos modellekn\u00e9l a Samsungt\u00f3l egyre t\u00f6bb k\u00e9sz\u00fcl\u00e9k eset\u00e9ben megszokhattuk. A k\u00f6zponti egys\u00e9g egy Intel Core M, melyhez 4 GB rendszermem\u00f3ria, egy 128 vagy 256 gigab\u00e1jtos SSD, valamint be\u00e9p\u00edtett GPS \u00e9s NFC egys\u00e9gek t\u00e1rsulnak, ig\u00e9ny eset\u00e9n term\u00e9szetesen ...","og_url":"https:\/\/hir.mediamarkt.hu\/magazin\/itt-az-elso-windowsos-samsung-gaalxy-tablet\/","og_site_name":"MediaMarkt Magazin","article_publisher":"https:\/\/www.facebook.com\/MediaMarktMagyarorszag","article_published_time":"2016-01-10T15:00:14+00:00","og_image":[{"width":294,"height":196,"url":"https:\/\/hir.mediamarkt.hu\/magazin\/wp-content\/uploads\/2016\/01\/samsung_galaxy_tabpro_s_02_MMM.jpg","type":"image\/jpeg"}],"author":"Media Markt","twitter_misc":{"Szerz\u0151:":"Media Markt","Becs\u00fclt olvas\u00e1si id\u0151":"2 perc"},"schema":{"@context":"https:\/\/schema.org","@graph":[{"@type":"WebPage","@id":"https:\/\/hir.mediamarkt.hu\/magazin\/itt-az-elso-windowsos-samsung-gaalxy-tablet\/","url":"https:\/\/hir.mediamarkt.hu\/magazin\/itt-az-elso-windowsos-samsung-gaalxy-tablet\/","name":"Itt az els\u0151 windowsos Samsung Galaxy tablet - MediaMarkt Magazin","isPartOf":{"@id":"https:\/\/hir.mediamarkt.hu\/magazin\/#website"},"primaryImageOfPage":{"@id":"https:\/\/hir.mediamarkt.hu\/magazin\/itt-az-elso-windowsos-samsung-gaalxy-tablet\/#primaryimage"},"image":{"@id":"https:\/\/hir.mediamarkt.hu\/magazin\/itt-az-elso-windowsos-samsung-gaalxy-tablet\/#primaryimage"},"thumbnailUrl":"https:\/\/hir.mediamarkt.hu\/magazin\/wp-content\/uploads\/2016\/01\/samsung_galaxy_tabpro_s_02_MMM.jpg","datePublished":"2016-01-10T15:00:14+00:00","dateModified":"2016-01-10T15:00:14+00:00","author":{"@id":"https:\/\/hir.mediamarkt.hu\/magazin\/#\/schema\/person\/b93b02ec1ab4d2353f8d281e171c1b0b"},"breadcrumb":{"@id":"https:\/\/hir.mediamarkt.hu\/magazin\/itt-az-elso-windowsos-samsung-gaalxy-tablet\/#breadcrumb"},"inLanguage":"hu","potentialAction":[{"@type":"ReadAction","target":["https:\/\/hir.mediamarkt.hu\/magazin\/itt-az-elso-windowsos-samsung-gaalxy-tablet\/"]}]},{"@type":"ImageObject","inLanguage":"hu","@id":"https:\/\/hir.mediamarkt.hu\/magazin\/itt-az-elso-windowsos-samsung-gaalxy-tablet\/#primaryimage","url":"https:\/\/hir.mediamarkt.hu\/magazin\/wp-content\/uploads\/2016\/01\/samsung_galaxy_tabpro_s_02_MMM.jpg","contentUrl":"https:\/\/hir.mediamarkt.hu\/magazin\/wp-content\/uploads\/2016\/01\/samsung_galaxy_tabpro_s_02_MMM.jpg","width":294,"height":196},{"@type":"BreadcrumbList","@id":"https:\/\/hir.mediamarkt.hu\/magazin\/itt-az-elso-windowsos-samsung-gaalxy-tablet\/#breadcrumb","itemListElement":[{"@type":"ListItem","position":1,"name":"Kezd\u0151lap","item":"https:\/\/hir.mediamarkt.hu\/magazin\/"},{"@type":"ListItem","position":2,"name":"IT \u00e9s sz\u00e1m\u00edt\u00e1stechnika","item":"https:\/\/hir.mediamarkt.hu\/magazin\/it-es-szamitastechnika\/"},{"@type":"ListItem","position":3,"name":"Laptopok \u00e9s sz\u00e1m\u00edt\u00f3g\u00e9pek","item":"https:\/\/hir.mediamarkt.hu\/magazin\/it-es-szamitastechnika\/laptopok-es-szamitogepek\/"},{"@type":"ListItem","position":4,"name":"Itt az els\u0151 windowsos Samsung Galaxy tablet"}]},{"@type":"WebSite","@id":"https:\/\/hir.mediamarkt.hu\/magazin\/#website","url":"https:\/\/hir.mediamarkt.hu\/magazin\/","name":"MediaMarkt Magazin","description":"Olvass bele magazinunkba!","potentialAction":[{"@type":"SearchAction","target":{"@type":"EntryPoint","urlTemplate":"https:\/\/hir.mediamarkt.hu\/magazin\/?s={search_term_string}"},"query-input":"required name=search_term_string"}],"inLanguage":"hu"},{"@type":"Person","@id":"https:\/\/hir.mediamarkt.hu\/magazin\/#\/schema\/person\/b93b02ec1ab4d2353f8d281e171c1b0b","name":"Media Markt","image":{"@type":"ImageObject","inLanguage":"hu","@id":"https:\/\/hir.mediamarkt.hu\/magazin\/#\/schema\/person\/image\/","url":"https:\/\/secure.gravatar.com\/avatar\/602bccae8998beee472d01909f0978f1?s=96&d=mm&r=g","contentUrl":"https:\/\/secure.gravatar.com\/avatar\/602bccae8998beee472d01909f0978f1?s=96&d=mm&r=g","caption":"Media Markt"}}]}},"_links":{"self":[{"href":"https:\/\/hir.mediamarkt.hu\/magazin\/wp-json\/wp\/v2\/posts\/3867"}],"collection":[{"href":"https:\/\/hir.mediamarkt.hu\/magazin\/wp-json\/wp\/v2\/posts"}],"about":[{"href":"https:\/\/hir.mediamarkt.hu\/magazin\/wp-json\/wp\/v2\/types\/post"}],"author":[{"embeddable":true,"href":"https:\/\/hir.mediamarkt.hu\/magazin\/wp-json\/wp\/v2\/users\/13"}],"replies":[{"embeddable":true,"href":"https:\/\/hir.mediamarkt.hu\/magazin\/wp-json\/wp\/v2\/comments?post=3867"}],"version-history":[{"count":3,"href":"https:\/\/hir.mediamarkt.hu\/magazin\/wp-json\/wp\/v2\/posts\/3867\/revisions"}],"predecessor-version":[{"id":3898,"href":"https:\/\/hir.mediamarkt.hu\/magazin\/wp-json\/wp\/v2\/posts\/3867\/revisions\/3898"}],"wp:featuredmedia":[{"embeddable":true,"href":"https:\/\/hir.mediamarkt.hu\/magazin\/wp-json\/wp\/v2\/media\/3896"}],"wp:attachment":[{"href":"https:\/\/hir.mediamarkt.hu\/magazin\/wp-json\/wp\/v2\/media?parent=3867"}],"wp:term":[{"taxonomy":"category","embeddable":true,"href":"https:\/\/hir.mediamarkt.hu\/magazin\/wp-json\/wp\/v2\/categories?post=3867"},{"taxonomy":"post_tag","embeddable":true,"href":"https:\/\/hir.mediamarkt.hu\/magazin\/wp-json\/wp\/v2\/tags?post=3867"}],"curies":[{"name":"wp","href":"https:\/\/api.w.org\/{rel}","templated":true}]}}