{"id":4110,"date":"2016-02-12T16:34:37","date_gmt":"2016-02-12T15:34:37","guid":{"rendered":"http:\/\/hir.mediamarkt.hu\/magazin\/?p=4110"},"modified":"2017-08-31T09:13:56","modified_gmt":"2017-08-31T08:13:56","slug":"8-friss-album-ami-feldobja-a-szurke-teli-napokat","status":"publish","type":"post","link":"https:\/\/hir.mediamarkt.hu\/magazin\/8-friss-album-ami-feldobja-a-szurke-teli-napokat\/","title":{"rendered":"8 friss album, ami feldobja a sz\u00fcrke t\u00e9li napokat"},"content":{"rendered":"<strong>El\u00e9g er\u0151s febru\u00e1r el\u00e9 n\u00e9z\u00fcnk zenei fronton, hemzsegnek a nagy visszat\u00e9r\u00e9sek \u00e9s a r\u00e9g v\u00e1rt albumbemutat\u00f3k. R\u00f6gt\u00f6n a h\u00f3nap elej\u00e9n, febru\u00e1r 5-\u00e9n jelent\u00a0meg Elthon John, Wiz Khalifa, \u00e9s a Foxes \u00faj lemeze is, de gy\u0171jt\u00f6tt\u00fcnk nektek m\u00e9g n\u00e9h\u00e1ny \u00ednyencs\u00e9get, hogy az utols\u00f3 t\u00e9li h\u00f3napban is legyen mit hallgatni:<\/strong>\r\n<ol>\r\n<ol>\r\n\t<li><strong>Elthon John <\/strong>harmicharmadik st\u00fadi\u00f3albuma a \u201eWonderful Crazy Night\u201d c\u00edmet kapta, amelyen hallhat\u00f3 lesz a 2015 okt\u00f3ber\u00e9ben megjelent <a href=\"https:\/\/www.youtube.com\/watch?v=KJrCRZhNTLk\">\u201eLooking Up\u201d<\/a> c\u00edm\u0171 dal is.<\/li>\r\n<\/ol>\r\n<\/ol>\r\n<iframe loading=\"lazy\" src=\"https:\/\/www.youtube.com\/embed\/KJrCRZhNTLk\" width=\"560\" height=\"315\" frameborder=\"0\" allowfullscreen=\"allowfullscreen\"><\/iframe>\r\n<ol>\r\n<ol>\r\n\t<li>A Taylor Gang atyja \u00faj album\u00e1nak nemes egyszer\u0171s\u00e9ggel a \u201eKhalifa\u201d nevet adta, \u00edzel\u00edt\u0151nek pedig janu\u00e1rban bemutatta a Travis Scottal k\u00e9sz\u00edtett <a href=\"https:\/\/soundcloud.com\/wizkhalifa\/bake-sale-ft-travis-scott\">\u201eBake Sale\u201d<\/a> c\u00edm\u0171 tracket.<\/li>\r\n<\/ol>\r\n<\/ol>\r\n<ol>\r\n<ol>\r\n\t<li>A 2015-\u00f6s Sziget egyik legkellemesebb meglepet\u00e9s\u00e9t szerz\u0151 <strong>Foxes<\/strong> m\u00e1sodik lemeze az \u201eAll I need\u201d c\u00edmmel \u00e9rkezik, az eddig megjelent sl\u00e1gerdalok (<a href=\"https:\/\/www.youtube.com\/watch?v=VAerYplzZUE\">Body Talk<\/a>, <a href=\"https:\/\/www.youtube.com\/watch?v=rUee2CWs-X8\">Amazing<\/a>) alapj\u00e1n m\u00e1r most hallatszik, hogy az \u00faj album m\u00e9g poposabb, t\u00e1ncol\u00f3sabb lesz, mint a 26 \u00e9ves \u00e9nekesn\u0151 els\u0151 pr\u00f3b\u00e1lkoz\u00e1sa.<\/li>\r\n<\/ol>\r\n<\/ol>\r\n<iframe loading=\"lazy\" src=\"https:\/\/www.youtube.com\/embed\/VAerYplzZUE\" width=\"560\" height=\"315\" frameborder=\"0\" allowfullscreen=\"allowfullscreen\"><\/iframe>\r\n<ol>\r\n\t<li>Febru\u00e1r 11-\u00e9n \u00e9rkezik <strong>Kanye West<\/strong> nagy t\u00f6megek \u00e1ltal v\u00e1rt hetedik albuma, a \u201eSWISH\u201d. A repper m\u00e1r cs\u00f6p\u00f6gteti a sz\u00e1mokat, illetve a lemez komplett dalsorrendj\u00e9t is feltette <a href=\"https:\/\/twitter.com\/kanyewest\/status\/691489910293991424\">Twitter\u00e9re<\/a>, a k\u00e9p mell\u00e9 pedig szer\u00e9nyen ezt \u00edrta az \u00faj albumr\u00f3l: \u201eNagyon boldog vagyok, hogy elk\u00e9sz\u00fcltem minden id\u0151k legjobb lemez\u00e9vel\u201d.<\/li>\r\n\t<li>A Spotify egyik legn\u00e9pszer\u0171bb el\u0151ad\u00f3ja, a norv\u00e9g DJ \u00e9s producer <strong>Kygo <\/strong>deb\u00fct\u00e1l\u00f3 lemeze febru\u00e1r 12-\u00e9n jelenik meg. Az \u00faj LP-r\u0151l m\u00e1r meghallgathat\u00f3 a <a href=\"https:\/\/www.youtube.com\/watch?v=WUG2guLUtuo\">\u201eStay\u201d<\/a> c\u00edm\u0171 dal, amelyen Kygo jellegzetes st\u00edlusa Maty Noves hangj\u00e1val eg\u00e9sz\u00fcl ki.\r\n<ul>\r\n\t<li>A febru\u00e1r 18-\u00e1n 83. \u00e9let\u00e9v\u00e9t bet\u00f6lt\u0151 <strong>Yoko Ono<\/strong> is \u00faj lemezzel jelentkezik, amely a \u201eYes, I\u2019m a Witch Too\u201dc\u00edmet kapta. A lemez febru\u00e1r 19-\u00e9n ker\u00fcl a polcokra, csak\u00fagy mint a tavaly haz\u00e1nkban is koncertez\u0151 <strong>Simple Plan<\/strong> \u00f6t\u00f6dik, \u201eTaking One For The Team\u201d c\u00edm\u0171 albuma, amelyen a rockbanda 2 \u00e9ve dolgozik.<\/li>\r\n<\/ul>\r\n<\/li>\r\n\t<li>V\u00e9g\u00fcl, de nem utols\u00f3 sorban febru\u00e1r 26-\u00e1n \u00e9rkezik <strong>Macklemore <\/strong>\u00e9s<strong> Ryan Lewis<\/strong> m\u00e1sodik k\u00f6z\u00f6s albuma, a \u201eThis Unruly Mess That I\u2019ve Made\u201d. Az \u00faj dalokat \u00e9l\u0151ben is meghallgathatj\u00e1tok majd a t\u00edz\u00e9ves Balaton Sound 0. napj\u00e1n!<\/li>\r\n<\/ol>\r\n<strong>\u00a0<\/strong>\r\n<iframe loading=\"lazy\" src=\"https:\/\/www.youtube.com\/embed\/WUG2guLUtuo\" width=\"560\" height=\"315\" frameborder=\"0\" allowfullscreen=\"allowfullscreen\"><\/iframe>\r\n\r\n<strong>A zenei \u00e9lm\u00e9ny persze akkor lesz teljes, ha megfelel\u0151 <a href=\"http:\/\/www.mediamarkt.hu\/hu\/product\/_sennheiser-rs-175-vezet%C3%A9k-n%C3%A9lk%C3%BCli-fejhallgat%C3%B3-1166307.html\">eszk\u00f6z\u00f6n<\/a> \u00e9lvezitek. Szerencs\u00e9re akkor is tudunk egy j\u00f3 <a href=\"http:\/\/www.mediamarkt.hu\/mcs\/productlist\/_Fejhallgat%C3%B3-f%C3%BClhallgat%C3%B3,103952,505011.html?langId=-19\">helyet<\/a>, ha kicsit t\u00f6bbet szeretn\u00e9tek v\u00e1logatni.<\/strong>\r\n\r\n&nbsp;\r\n\r\n<div style=\"width: 796px\" class=\"wp-caption aligncenter\"><img loading=\"lazy\" decoding=\"async\" class=\"\" src=\"http:\/\/picscdn.redblue.de\/doi\/pixelboxx-mss-67658417\/fee_786_587_png\/SENNHEISER-RS-175-vezet%C3%A9k-n%C3%A9lk%C3%BCli-fejhallgat%C3%B3\" alt=\"\" width=\"786\" height=\"587\" \/><p class=\"wp-caption-text\">Sennheiser RS 175 fejhallgat\u00f3<\/p><\/div>","protected":false},"excerpt":{"rendered":"El\u00e9g er\u0151s febru\u00e1r el\u00e9 n\u00e9z\u00fcnk zenei fronton, hemzsegnek a nagy visszat\u00e9r\u00e9sek \u00e9s a r\u00e9g v\u00e1rt albumbemutat\u00f3k. ","protected":false},"author":13,"featured_media":4112,"comment_status":"open","ping_status":"open","sticky":false,"template":"","format":"standard","meta":{"wprm-recipe-roundup-name":"","wprm-recipe-roundup-description":"","footnotes":""},"categories":[5948],"tags":[2095],"yoast_head":"<!-- This site is optimized with the Yoast SEO plugin v22.9 - https:\/\/yoast.com\/wordpress\/plugins\/seo\/ -->\n<title>8 friss album, ami feldobja a sz\u00fcrke t\u00e9li napokat - MediaMarkt Magazin<\/title>\n<meta name=\"robots\" content=\"index, follow, max-snippet:-1, max-image-preview:large, max-video-preview:-1\" \/>\n<link rel=\"canonical\" href=\"https:\/\/hir.mediamarkt.hu\/magazin\/8-friss-album-ami-feldobja-a-szurke-teli-napokat\/\" \/>\n<meta property=\"og:locale\" content=\"hu_HU\" \/>\n<meta property=\"og:type\" content=\"article\" \/>\n<meta property=\"og:title\" content=\"8 friss album, ami feldobja a sz\u00fcrke t\u00e9li napokat - MediaMarkt Magazin\" \/>\n<meta property=\"og:description\" content=\"El\u00e9g er\u0151s febru\u00e1r el\u00e9 n\u00e9z\u00fcnk zenei fronton, hemzsegnek a nagy visszat\u00e9r\u00e9sek \u00e9s a r\u00e9g v\u00e1rt albumbemutat\u00f3k.\" \/>\n<meta property=\"og:url\" content=\"https:\/\/hir.mediamarkt.hu\/magazin\/8-friss-album-ami-feldobja-a-szurke-teli-napokat\/\" \/>\n<meta property=\"og:site_name\" content=\"MediaMarkt Magazin\" \/>\n<meta property=\"article:publisher\" content=\"https:\/\/www.facebook.com\/MediaMarktMagyarorszag\" \/>\n<meta property=\"article:published_time\" content=\"2016-02-12T15:34:37+00:00\" \/>\n<meta property=\"article:modified_time\" content=\"2017-08-31T08:13:56+00:00\" \/>\n<meta property=\"og:image\" content=\"https:\/\/hir.mediamarkt.hu\/magazin\/wp-content\/uploads\/2016\/02\/lights-party-dancing-music.jpg\" \/>\n\t<meta property=\"og:image:width\" content=\"823\" \/>\n\t<meta property=\"og:image:height\" content=\"549\" \/>\n\t<meta property=\"og:image:type\" content=\"image\/jpeg\" \/>\n<meta name=\"author\" content=\"Media Markt\" \/>\n<meta name=\"twitter:label1\" content=\"Szerz\u0151:\" \/>\n\t<meta name=\"twitter:data1\" content=\"Media Markt\" \/>\n\t<meta name=\"twitter:label2\" content=\"Becs\u00fclt olvas\u00e1si id\u0151\" \/>\n\t<meta name=\"twitter:data2\" content=\"2 perc\" \/>\n<script type=\"application\/ld+json\" class=\"yoast-schema-graph\">{\"@context\":\"https:\/\/schema.org\",\"@graph\":[{\"@type\":\"WebPage\",\"@id\":\"https:\/\/hir.mediamarkt.hu\/magazin\/8-friss-album-ami-feldobja-a-szurke-teli-napokat\/\",\"url\":\"https:\/\/hir.mediamarkt.hu\/magazin\/8-friss-album-ami-feldobja-a-szurke-teli-napokat\/\",\"name\":\"8 friss album, ami feldobja a sz\u00fcrke t\u00e9li napokat - MediaMarkt Magazin\",\"isPartOf\":{\"@id\":\"https:\/\/hir.mediamarkt.hu\/magazin\/#website\"},\"primaryImageOfPage\":{\"@id\":\"https:\/\/hir.mediamarkt.hu\/magazin\/8-friss-album-ami-feldobja-a-szurke-teli-napokat\/#primaryimage\"},\"image\":{\"@id\":\"https:\/\/hir.mediamarkt.hu\/magazin\/8-friss-album-ami-feldobja-a-szurke-teli-napokat\/#primaryimage\"},\"thumbnailUrl\":\"https:\/\/hir.mediamarkt.hu\/magazin\/wp-content\/uploads\/2016\/02\/lights-party-dancing-music.jpg\",\"datePublished\":\"2016-02-12T15:34:37+00:00\",\"dateModified\":\"2017-08-31T08:13:56+00:00\",\"author\":{\"@id\":\"https:\/\/hir.mediamarkt.hu\/magazin\/#\/schema\/person\/b93b02ec1ab4d2353f8d281e171c1b0b\"},\"breadcrumb\":{\"@id\":\"https:\/\/hir.mediamarkt.hu\/magazin\/8-friss-album-ami-feldobja-a-szurke-teli-napokat\/#breadcrumb\"},\"inLanguage\":\"hu\",\"potentialAction\":[{\"@type\":\"ReadAction\",\"target\":[\"https:\/\/hir.mediamarkt.hu\/magazin\/8-friss-album-ami-feldobja-a-szurke-teli-napokat\/\"]}]},{\"@type\":\"ImageObject\",\"inLanguage\":\"hu\",\"@id\":\"https:\/\/hir.mediamarkt.hu\/magazin\/8-friss-album-ami-feldobja-a-szurke-teli-napokat\/#primaryimage\",\"url\":\"https:\/\/hir.mediamarkt.hu\/magazin\/wp-content\/uploads\/2016\/02\/lights-party-dancing-music.jpg\",\"contentUrl\":\"https:\/\/hir.mediamarkt.hu\/magazin\/wp-content\/uploads\/2016\/02\/lights-party-dancing-music.jpg\",\"width\":823,\"height\":549},{\"@type\":\"BreadcrumbList\",\"@id\":\"https:\/\/hir.mediamarkt.hu\/magazin\/8-friss-album-ami-feldobja-a-szurke-teli-napokat\/#breadcrumb\",\"itemListElement\":[{\"@type\":\"ListItem\",\"position\":1,\"name\":\"Kezd\u0151lap\",\"item\":\"https:\/\/hir.mediamarkt.hu\/magazin\/\"},{\"@type\":\"ListItem\",\"position\":2,\"name\":\"Sz\u00f3rakoz\u00e1s\",\"item\":\"https:\/\/hir.mediamarkt.hu\/magazin\/szorakozas\/\"},{\"@type\":\"ListItem\",\"position\":3,\"name\":\"Audi\u00f3 \u00e9s zene\",\"item\":\"https:\/\/hir.mediamarkt.hu\/magazin\/szorakozas\/audio-es-zene\/\"},{\"@type\":\"ListItem\",\"position\":4,\"name\":\"8 friss album, ami feldobja a sz\u00fcrke t\u00e9li napokat\"}]},{\"@type\":\"WebSite\",\"@id\":\"https:\/\/hir.mediamarkt.hu\/magazin\/#website\",\"url\":\"https:\/\/hir.mediamarkt.hu\/magazin\/\",\"name\":\"MediaMarkt Magazin\",\"description\":\"Olvass bele magazinunkba!\",\"potentialAction\":[{\"@type\":\"SearchAction\",\"target\":{\"@type\":\"EntryPoint\",\"urlTemplate\":\"https:\/\/hir.mediamarkt.hu\/magazin\/?s={search_term_string}\"},\"query-input\":\"required name=search_term_string\"}],\"inLanguage\":\"hu\"},{\"@type\":\"Person\",\"@id\":\"https:\/\/hir.mediamarkt.hu\/magazin\/#\/schema\/person\/b93b02ec1ab4d2353f8d281e171c1b0b\",\"name\":\"Media Markt\",\"image\":{\"@type\":\"ImageObject\",\"inLanguage\":\"hu\",\"@id\":\"https:\/\/hir.mediamarkt.hu\/magazin\/#\/schema\/person\/image\/\",\"url\":\"https:\/\/secure.gravatar.com\/avatar\/602bccae8998beee472d01909f0978f1?s=96&d=mm&r=g\",\"contentUrl\":\"https:\/\/secure.gravatar.com\/avatar\/602bccae8998beee472d01909f0978f1?s=96&d=mm&r=g\",\"caption\":\"Media Markt\"}}]}<\/script>\n<!-- \/ Yoast SEO plugin. -->","yoast_head_json":{"title":"8 friss album, ami feldobja a sz\u00fcrke t\u00e9li napokat - MediaMarkt Magazin","robots":{"index":"index","follow":"follow","max-snippet":"max-snippet:-1","max-image-preview":"max-image-preview:large","max-video-preview":"max-video-preview:-1"},"canonical":"https:\/\/hir.mediamarkt.hu\/magazin\/8-friss-album-ami-feldobja-a-szurke-teli-napokat\/","og_locale":"hu_HU","og_type":"article","og_title":"8 friss album, ami feldobja a sz\u00fcrke t\u00e9li napokat - MediaMarkt Magazin","og_description":"El\u00e9g er\u0151s febru\u00e1r el\u00e9 n\u00e9z\u00fcnk zenei fronton, hemzsegnek a nagy visszat\u00e9r\u00e9sek \u00e9s a r\u00e9g v\u00e1rt albumbemutat\u00f3k.","og_url":"https:\/\/hir.mediamarkt.hu\/magazin\/8-friss-album-ami-feldobja-a-szurke-teli-napokat\/","og_site_name":"MediaMarkt Magazin","article_publisher":"https:\/\/www.facebook.com\/MediaMarktMagyarorszag","article_published_time":"2016-02-12T15:34:37+00:00","article_modified_time":"2017-08-31T08:13:56+00:00","og_image":[{"width":823,"height":549,"url":"https:\/\/hir.mediamarkt.hu\/magazin\/wp-content\/uploads\/2016\/02\/lights-party-dancing-music.jpg","type":"image\/jpeg"}],"author":"Media Markt","twitter_misc":{"Szerz\u0151:":"Media Markt","Becs\u00fclt olvas\u00e1si id\u0151":"2 perc"},"schema":{"@context":"https:\/\/schema.org","@graph":[{"@type":"WebPage","@id":"https:\/\/hir.mediamarkt.hu\/magazin\/8-friss-album-ami-feldobja-a-szurke-teli-napokat\/","url":"https:\/\/hir.mediamarkt.hu\/magazin\/8-friss-album-ami-feldobja-a-szurke-teli-napokat\/","name":"8 friss album, ami feldobja a sz\u00fcrke t\u00e9li napokat - MediaMarkt Magazin","isPartOf":{"@id":"https:\/\/hir.mediamarkt.hu\/magazin\/#website"},"primaryImageOfPage":{"@id":"https:\/\/hir.mediamarkt.hu\/magazin\/8-friss-album-ami-feldobja-a-szurke-teli-napokat\/#primaryimage"},"image":{"@id":"https:\/\/hir.mediamarkt.hu\/magazin\/8-friss-album-ami-feldobja-a-szurke-teli-napokat\/#primaryimage"},"thumbnailUrl":"https:\/\/hir.mediamarkt.hu\/magazin\/wp-content\/uploads\/2016\/02\/lights-party-dancing-music.jpg","datePublished":"2016-02-12T15:34:37+00:00","dateModified":"2017-08-31T08:13:56+00:00","author":{"@id":"https:\/\/hir.mediamarkt.hu\/magazin\/#\/schema\/person\/b93b02ec1ab4d2353f8d281e171c1b0b"},"breadcrumb":{"@id":"https:\/\/hir.mediamarkt.hu\/magazin\/8-friss-album-ami-feldobja-a-szurke-teli-napokat\/#breadcrumb"},"inLanguage":"hu","potentialAction":[{"@type":"ReadAction","target":["https:\/\/hir.mediamarkt.hu\/magazin\/8-friss-album-ami-feldobja-a-szurke-teli-napokat\/"]}]},{"@type":"ImageObject","inLanguage":"hu","@id":"https:\/\/hir.mediamarkt.hu\/magazin\/8-friss-album-ami-feldobja-a-szurke-teli-napokat\/#primaryimage","url":"https:\/\/hir.mediamarkt.hu\/magazin\/wp-content\/uploads\/2016\/02\/lights-party-dancing-music.jpg","contentUrl":"https:\/\/hir.mediamarkt.hu\/magazin\/wp-content\/uploads\/2016\/02\/lights-party-dancing-music.jpg","width":823,"height":549},{"@type":"BreadcrumbList","@id":"https:\/\/hir.mediamarkt.hu\/magazin\/8-friss-album-ami-feldobja-a-szurke-teli-napokat\/#breadcrumb","itemListElement":[{"@type":"ListItem","position":1,"name":"Kezd\u0151lap","item":"https:\/\/hir.mediamarkt.hu\/magazin\/"},{"@type":"ListItem","position":2,"name":"Sz\u00f3rakoz\u00e1s","item":"https:\/\/hir.mediamarkt.hu\/magazin\/szorakozas\/"},{"@type":"ListItem","position":3,"name":"Audi\u00f3 \u00e9s zene","item":"https:\/\/hir.mediamarkt.hu\/magazin\/szorakozas\/audio-es-zene\/"},{"@type":"ListItem","position":4,"name":"8 friss album, ami feldobja a sz\u00fcrke t\u00e9li napokat"}]},{"@type":"WebSite","@id":"https:\/\/hir.mediamarkt.hu\/magazin\/#website","url":"https:\/\/hir.mediamarkt.hu\/magazin\/","name":"MediaMarkt Magazin","description":"Olvass bele magazinunkba!","potentialAction":[{"@type":"SearchAction","target":{"@type":"EntryPoint","urlTemplate":"https:\/\/hir.mediamarkt.hu\/magazin\/?s={search_term_string}"},"query-input":"required name=search_term_string"}],"inLanguage":"hu"},{"@type":"Person","@id":"https:\/\/hir.mediamarkt.hu\/magazin\/#\/schema\/person\/b93b02ec1ab4d2353f8d281e171c1b0b","name":"Media Markt","image":{"@type":"ImageObject","inLanguage":"hu","@id":"https:\/\/hir.mediamarkt.hu\/magazin\/#\/schema\/person\/image\/","url":"https:\/\/secure.gravatar.com\/avatar\/602bccae8998beee472d01909f0978f1?s=96&d=mm&r=g","contentUrl":"https:\/\/secure.gravatar.com\/avatar\/602bccae8998beee472d01909f0978f1?s=96&d=mm&r=g","caption":"Media Markt"}}]}},"_links":{"self":[{"href":"https:\/\/hir.mediamarkt.hu\/magazin\/wp-json\/wp\/v2\/posts\/4110"}],"collection":[{"href":"https:\/\/hir.mediamarkt.hu\/magazin\/wp-json\/wp\/v2\/posts"}],"about":[{"href":"https:\/\/hir.mediamarkt.hu\/magazin\/wp-json\/wp\/v2\/types\/post"}],"author":[{"embeddable":true,"href":"https:\/\/hir.mediamarkt.hu\/magazin\/wp-json\/wp\/v2\/users\/13"}],"replies":[{"embeddable":true,"href":"https:\/\/hir.mediamarkt.hu\/magazin\/wp-json\/wp\/v2\/comments?post=4110"}],"version-history":[{"count":2,"href":"https:\/\/hir.mediamarkt.hu\/magazin\/wp-json\/wp\/v2\/posts\/4110\/revisions"}],"predecessor-version":[{"id":4113,"href":"https:\/\/hir.mediamarkt.hu\/magazin\/wp-json\/wp\/v2\/posts\/4110\/revisions\/4113"}],"wp:featuredmedia":[{"embeddable":true,"href":"https:\/\/hir.mediamarkt.hu\/magazin\/wp-json\/wp\/v2\/media\/4112"}],"wp:attachment":[{"href":"https:\/\/hir.mediamarkt.hu\/magazin\/wp-json\/wp\/v2\/media?parent=4110"}],"wp:term":[{"taxonomy":"category","embeddable":true,"href":"https:\/\/hir.mediamarkt.hu\/magazin\/wp-json\/wp\/v2\/categories?post=4110"},{"taxonomy":"post_tag","embeddable":true,"href":"https:\/\/hir.mediamarkt.hu\/magazin\/wp-json\/wp\/v2\/tags?post=4110"}],"curies":[{"name":"wp","href":"https:\/\/api.w.org\/{rel}","templated":true}]}}