{"id":4161,"date":"2016-04-21T16:21:16","date_gmt":"2016-04-21T15:21:16","guid":{"rendered":"http:\/\/hir.mediamarkt.hu\/magazin\/?p=4161"},"modified":"2024-06-18T13:34:38","modified_gmt":"2024-06-18T12:34:38","slug":"igy-epilalhatsz-kevesbe-fajdalmasan","status":"publish","type":"post","link":"https:\/\/hir.mediamarkt.hu\/magazin\/igy-epilalhatsz-kevesbe-fajdalmasan\/","title":{"rendered":"\u00cdgy epil\u00e1lhatsz kev\u00e9sb\u00e9 f\u00e1jdalmasan"},"content":{"rendered":"A sz\u0151rtelen\u00edt\u00e9s \u0151skor\u00e1ban az epil\u00e1torok funkci\u00f3jukban alig, legfeljebb az \u00e1rukban \u00e9s a m\u00e1rk\u00e1jukban k\u00fcl\u00f6nb\u00f6ztek. Ma m\u00e1r a technol\u00f3gia is sokf\u00e9le, van v\u00edz\u00e1ll\u00f3, massz\u00e1zsg\u00f6rg\u0151s, j\u00e9gakkus, hidegbef\u00faj\u00f3s, l\u00e1mp\u00e1s v\u00e1ltozat.\r\n\r\nAz epil\u00e1l\u00e1s a sz\u0151rtelen\u00edt\u00e9s egyik hosszabban tart\u00f3, de olyan v\u00e1ltozata, amelyn\u00e9l a f\u00e1jdalmat teljesen megsz\u00fcntetni nem lehet, maximum cs\u00f6kkenteni. Ezt a c\u00e9lt szolg\u00e1lt\u00e1k a m\u00e1sodik, harmadik gener\u00e1ci\u00f3s k\u00e9sz\u00fcl\u00e9kekben v\u00e9grehajtott fejleszt\u00e9sek. A hagyom\u00e1nyos egy g\u00f6rg\u0151fejes v\u00e1ltozatokat felv\u00e1ltott\u00e1k a k\u00edm\u00e9l\u0151bb verzi\u00f3k. A j\u00e9gakkuval m\u0171k\u00f6d\u0151n\u00e9l a m\u00e9lyh\u0171t\u0151ben t\u00e1rolt kieg\u00e9sz\u00edt\u0151 leh\u0171ti a b\u0151rt, miel\u0151tt az tal\u00e1lkozna a g\u00f6rg\u0151csipeszekkel. Hasonl\u00f3 h\u0171t\u0151 elven alapulnak a hideg leveg\u0151 bef\u00faj\u00e1sos, illetve a <a href=\"http:\/\/www.mediamarkt.hu\/hu\/product\/_braun-se7527-epil%C3%A1tor-hangsz%C3%B3r%C3%B3-1181988.html?utm_medium=content&amp;utm_source=system-[system]&amp;utm_campaign=product-onl-hld (holding)-epilator&amp;utm_content=epilator_magazin-1234567\">v\u00edz\u00e1ll\u00f3 zuhany alatt is haszn\u00e1lhat\u00f3<\/a> t\u00edpusok .\r\n\r\n<div style=\"width: 796px\" class=\"wp-caption aligncenter\"><img loading=\"lazy\" decoding=\"async\" class=\"\" src=\"http:\/\/picscdn.redblue.de\/doi\/pixelboxx-mss-58925835\/fee_786_587_png\/PHILIPS-HP-6521-epil%C3%A1tor\" alt=\"\" width=\"786\" height=\"587\" \/><p class=\"wp-caption-text\">Philips epil\u00e1tor<\/p><\/div>\r\n\r\nVannak olyan k\u00e9sz\u00fcl\u00e9kek, amelyek a k\u00edm\u00e9letes epil\u00e1l\u00e1s \u00e9rdek\u00e9ben <a href=\"http:\/\/www.mediamarkt.hu\/hu\/product\/_babyliss-g710e-3-in-1-wet-dry-epil%C3%A1tor-1149284.html?utm_medium=content&amp;utm_source=system-[system]&amp;utm_campaign=product-onl-hld (holding)-epilator&amp;utm_content=epilator_magazin2-1234567\">k\u00e9tsoros g\u00f6rg\u0151t tartalmaznak<\/a>, illetve vannak <a href=\"http:\/\/www.mediamarkt.hu\/hu\/product\/_philips-bre650-00-epil%C3%A1tor-1194555.html?utm_medium=content&amp;utm_source=system-[system]&amp;utm_campaign=product-onl-hld (holding)-epilator&amp;utm_content=epilator_magazin4-1234567\">massz\u00edroz\u00f3 goly\u00f3val ell\u00e1tottak<\/a> is, amelyn\u00e9l az enyhe \u00fct\u00f6get\u00e9s hat\u00e1s\u00e1ra az epil\u00e1lni k\u00edv\u00e1nt b\u0151rfel\u00fclet ellazul, \u00e9rz\u00e9ketlenebb lesz a f\u00e1jdalommal szemben.\r\n\r\nEzek a term\u00e9kjellemz\u0151k f\u0151leg azoknak fontosak, akik tiszt\u00e1ban vannak vele, hogy a f\u00e1jdalom\u00e9rzet\u00fck igen alacsony, m\u00e1r az epil\u00e1l\u00e1s gondolata is kiv\u00e1ltja azt. Nekik lehet kellemes a meglepet\u00e9s, ha ilyen k\u00e9sz\u00fcl\u00e9ket haszn\u00e1lnak. Ez is att\u00f3l f\u00fcgg persze, hogy milyen ter\u00fcletet sz\u0151rtelen\u00edt\u00fcnk, az intim r\u00e9szek a leg\u00e9rz\u00e9kenyebbek. A f\u00e1jdalmat cs\u00f6kkenthetj\u00fck, ha az epil\u00e1l\u00e1st f\u00fcrd\u00e9s ut\u00e1n v\u00e9gezz\u00fck, akkor puh\u00e1bb a b\u0151r\u00fcnk, jobban elengedi a sz\u0151rsz\u00e1lakat.\r\n\r\nSzempont lehet az epil\u00e1land\u00f3 <a href=\"http:\/\/www.mediamarkt.hu\/hu\/product\/_braun-silk-%C3%A9pil-3170-milo-epil%C3%A1tor-1097285.html?utm_medium=content&amp;utm_source=system-[system]&amp;utm_campaign=product-onl-hld (holding)-epilator&amp;utm_content=epilator_magazin5-1234567\">ter\u00fclet kell\u0151 megvil\u00e1g\u00edt\u00e1sa<\/a> \u00e9s a k\u00e9sz\u00fcl\u00e9k csendes m\u0171k\u00f6d\u00e9se is. Ezeken is els\u0151sorban a gy\u00e1rt\u00f3k seg\u00edthetnek, az\u00e9rt viszont, hogy a m\u0171velet ut\u00e1n ne legyen kipattogzott piros p\u00f6tty\u00f6s a b\u0151r\u00fcnk, m\u00e1r mi is tehet\u00fcnk valamit. A tapasztalatok szerint j\u00f3t tehet valamilyen b\u0151rfert\u0151tlen\u00edt\u0151 oldat haszn\u00e1lata, ak\u00e1r a m\u0171velet el\u0151tt, ak\u00e1r ut\u00e1n a p\u00f6tty\u00f6kre, kipattogz\u00e1sra pedig az aloe vera kr\u00e9m lehet hat\u00e1sos.\r\n\r\n<div style=\"width: 796px\" class=\"wp-caption aligncenter\"><img loading=\"lazy\" decoding=\"async\" class=\"\" src=\"http:\/\/picscdn.redblue.de\/doi\/pixelboxx-mss-57791991\/fee_786_587_png\/PHILIPS-HP-6570-epil%C3%A1tor\" alt=\"\" width=\"786\" height=\"587\" \/><p class=\"wp-caption-text\">Philips epil\u00e1tor<\/p><\/div>","protected":false},"excerpt":{"rendered":"Adunk p\u00e1r tippet, hogy milyen k\u00e9sz\u00fcl\u00e9kkel fog kev\u00e9sb\u00e9 f\u00e1jni az epil\u00e1l\u00e1s. ","protected":false},"author":13,"featured_media":4163,"comment_status":"open","ping_status":"open","sticky":false,"template":"","format":"standard","meta":{"wprm-recipe-roundup-name":"","wprm-recipe-roundup-description":"","footnotes":""},"categories":[5945,5967],"tags":[2117],"yoast_head":"<!-- This site is optimized with the Yoast SEO plugin v22.9 - https:\/\/yoast.com\/wordpress\/plugins\/seo\/ -->\n<title>\u00cdgy epil\u00e1lhatsz kev\u00e9sb\u00e9 f\u00e1jdalmasan - MediaMarkt Magazin<\/title>\n<meta name=\"robots\" content=\"index, follow, max-snippet:-1, max-image-preview:large, max-video-preview:-1\" \/>\n<link rel=\"canonical\" href=\"https:\/\/hir.mediamarkt.hu\/magazin\/igy-epilalhatsz-kevesbe-fajdalmasan\/\" \/>\n<meta property=\"og:locale\" content=\"hu_HU\" \/>\n<meta property=\"og:type\" content=\"article\" \/>\n<meta property=\"og:title\" content=\"\u00cdgy epil\u00e1lhatsz kev\u00e9sb\u00e9 f\u00e1jdalmasan - MediaMarkt Magazin\" \/>\n<meta property=\"og:description\" content=\"Adunk p\u00e1r tippet, hogy milyen k\u00e9sz\u00fcl\u00e9kkel fog kev\u00e9sb\u00e9 f\u00e1jni az epil\u00e1l\u00e1s.\" \/>\n<meta property=\"og:url\" content=\"https:\/\/hir.mediamarkt.hu\/magazin\/igy-epilalhatsz-kevesbe-fajdalmasan\/\" \/>\n<meta property=\"og:site_name\" content=\"MediaMarkt Magazin\" \/>\n<meta property=\"article:publisher\" content=\"https:\/\/www.facebook.com\/MediaMarktMagyarorszag\" \/>\n<meta property=\"article:published_time\" content=\"2016-04-21T15:21:16+00:00\" \/>\n<meta property=\"article:modified_time\" content=\"2024-06-18T12:34:38+00:00\" \/>\n<meta property=\"og:image\" content=\"https:\/\/hir.mediamarkt.hu\/magazin\/wp-content\/uploads\/2016\/04\/woman-legs-relaxation-beauty.jpg\" \/>\n\t<meta property=\"og:image:width\" content=\"326\" \/>\n\t<meta property=\"og:image:height\" content=\"493\" \/>\n\t<meta property=\"og:image:type\" content=\"image\/jpeg\" \/>\n<meta name=\"author\" content=\"Media Markt\" \/>\n<meta name=\"twitter:label1\" content=\"Szerz\u0151:\" \/>\n\t<meta name=\"twitter:data1\" content=\"Media Markt\" \/>\n\t<meta name=\"twitter:label2\" content=\"Becs\u00fclt olvas\u00e1si id\u0151\" \/>\n\t<meta name=\"twitter:data2\" content=\"2 perc\" \/>\n<script type=\"application\/ld+json\" class=\"yoast-schema-graph\">{\"@context\":\"https:\/\/schema.org\",\"@graph\":[{\"@type\":\"WebPage\",\"@id\":\"https:\/\/hir.mediamarkt.hu\/magazin\/igy-epilalhatsz-kevesbe-fajdalmasan\/\",\"url\":\"https:\/\/hir.mediamarkt.hu\/magazin\/igy-epilalhatsz-kevesbe-fajdalmasan\/\",\"name\":\"\u00cdgy epil\u00e1lhatsz kev\u00e9sb\u00e9 f\u00e1jdalmasan - MediaMarkt Magazin\",\"isPartOf\":{\"@id\":\"https:\/\/hir.mediamarkt.hu\/magazin\/#website\"},\"primaryImageOfPage\":{\"@id\":\"https:\/\/hir.mediamarkt.hu\/magazin\/igy-epilalhatsz-kevesbe-fajdalmasan\/#primaryimage\"},\"image\":{\"@id\":\"https:\/\/hir.mediamarkt.hu\/magazin\/igy-epilalhatsz-kevesbe-fajdalmasan\/#primaryimage\"},\"thumbnailUrl\":\"https:\/\/hir.mediamarkt.hu\/magazin\/wp-content\/uploads\/2016\/04\/woman-legs-relaxation-beauty.jpg\",\"datePublished\":\"2016-04-21T15:21:16+00:00\",\"dateModified\":\"2024-06-18T12:34:38+00:00\",\"author\":{\"@id\":\"https:\/\/hir.mediamarkt.hu\/magazin\/#\/schema\/person\/b93b02ec1ab4d2353f8d281e171c1b0b\"},\"breadcrumb\":{\"@id\":\"https:\/\/hir.mediamarkt.hu\/magazin\/igy-epilalhatsz-kevesbe-fajdalmasan\/#breadcrumb\"},\"inLanguage\":\"hu\",\"potentialAction\":[{\"@type\":\"ReadAction\",\"target\":[\"https:\/\/hir.mediamarkt.hu\/magazin\/igy-epilalhatsz-kevesbe-fajdalmasan\/\"]}]},{\"@type\":\"ImageObject\",\"inLanguage\":\"hu\",\"@id\":\"https:\/\/hir.mediamarkt.hu\/magazin\/igy-epilalhatsz-kevesbe-fajdalmasan\/#primaryimage\",\"url\":\"https:\/\/hir.mediamarkt.hu\/magazin\/wp-content\/uploads\/2016\/04\/woman-legs-relaxation-beauty.jpg\",\"contentUrl\":\"https:\/\/hir.mediamarkt.hu\/magazin\/wp-content\/uploads\/2016\/04\/woman-legs-relaxation-beauty.jpg\",\"width\":326,\"height\":493},{\"@type\":\"BreadcrumbList\",\"@id\":\"https:\/\/hir.mediamarkt.hu\/magazin\/igy-epilalhatsz-kevesbe-fajdalmasan\/#breadcrumb\",\"itemListElement\":[{\"@type\":\"ListItem\",\"position\":1,\"name\":\"Kezd\u0151lap\",\"item\":\"https:\/\/hir.mediamarkt.hu\/magazin\/\"},{\"@type\":\"ListItem\",\"position\":2,\"name\":\"Seg\u00edt\u00fcnk v\u00e1lasztani\",\"item\":\"https:\/\/hir.mediamarkt.hu\/magazin\/segitunk-valasztani\/\"},{\"@type\":\"ListItem\",\"position\":3,\"name\":\"Tippek, tr\u00fckk\u00f6k\",\"item\":\"https:\/\/hir.mediamarkt.hu\/magazin\/segitunk-valasztani\/tippek-trukkok\/\"},{\"@type\":\"ListItem\",\"position\":4,\"name\":\"\u00cdgy epil\u00e1lhatsz kev\u00e9sb\u00e9 f\u00e1jdalmasan\"}]},{\"@type\":\"WebSite\",\"@id\":\"https:\/\/hir.mediamarkt.hu\/magazin\/#website\",\"url\":\"https:\/\/hir.mediamarkt.hu\/magazin\/\",\"name\":\"MediaMarkt Magazin\",\"description\":\"Olvass bele magazinunkba!\",\"potentialAction\":[{\"@type\":\"SearchAction\",\"target\":{\"@type\":\"EntryPoint\",\"urlTemplate\":\"https:\/\/hir.mediamarkt.hu\/magazin\/?s={search_term_string}\"},\"query-input\":\"required name=search_term_string\"}],\"inLanguage\":\"hu\"},{\"@type\":\"Person\",\"@id\":\"https:\/\/hir.mediamarkt.hu\/magazin\/#\/schema\/person\/b93b02ec1ab4d2353f8d281e171c1b0b\",\"name\":\"Media Markt\",\"image\":{\"@type\":\"ImageObject\",\"inLanguage\":\"hu\",\"@id\":\"https:\/\/hir.mediamarkt.hu\/magazin\/#\/schema\/person\/image\/\",\"url\":\"https:\/\/secure.gravatar.com\/avatar\/602bccae8998beee472d01909f0978f1?s=96&d=mm&r=g\",\"contentUrl\":\"https:\/\/secure.gravatar.com\/avatar\/602bccae8998beee472d01909f0978f1?s=96&d=mm&r=g\",\"caption\":\"Media Markt\"}}]}<\/script>\n<!-- \/ Yoast SEO plugin. -->","yoast_head_json":{"title":"\u00cdgy epil\u00e1lhatsz kev\u00e9sb\u00e9 f\u00e1jdalmasan - MediaMarkt Magazin","robots":{"index":"index","follow":"follow","max-snippet":"max-snippet:-1","max-image-preview":"max-image-preview:large","max-video-preview":"max-video-preview:-1"},"canonical":"https:\/\/hir.mediamarkt.hu\/magazin\/igy-epilalhatsz-kevesbe-fajdalmasan\/","og_locale":"hu_HU","og_type":"article","og_title":"\u00cdgy epil\u00e1lhatsz kev\u00e9sb\u00e9 f\u00e1jdalmasan - MediaMarkt Magazin","og_description":"Adunk p\u00e1r tippet, hogy milyen k\u00e9sz\u00fcl\u00e9kkel fog kev\u00e9sb\u00e9 f\u00e1jni az epil\u00e1l\u00e1s.","og_url":"https:\/\/hir.mediamarkt.hu\/magazin\/igy-epilalhatsz-kevesbe-fajdalmasan\/","og_site_name":"MediaMarkt Magazin","article_publisher":"https:\/\/www.facebook.com\/MediaMarktMagyarorszag","article_published_time":"2016-04-21T15:21:16+00:00","article_modified_time":"2024-06-18T12:34:38+00:00","og_image":[{"width":326,"height":493,"url":"https:\/\/hir.mediamarkt.hu\/magazin\/wp-content\/uploads\/2016\/04\/woman-legs-relaxation-beauty.jpg","type":"image\/jpeg"}],"author":"Media Markt","twitter_misc":{"Szerz\u0151:":"Media Markt","Becs\u00fclt olvas\u00e1si id\u0151":"2 perc"},"schema":{"@context":"https:\/\/schema.org","@graph":[{"@type":"WebPage","@id":"https:\/\/hir.mediamarkt.hu\/magazin\/igy-epilalhatsz-kevesbe-fajdalmasan\/","url":"https:\/\/hir.mediamarkt.hu\/magazin\/igy-epilalhatsz-kevesbe-fajdalmasan\/","name":"\u00cdgy epil\u00e1lhatsz kev\u00e9sb\u00e9 f\u00e1jdalmasan - MediaMarkt Magazin","isPartOf":{"@id":"https:\/\/hir.mediamarkt.hu\/magazin\/#website"},"primaryImageOfPage":{"@id":"https:\/\/hir.mediamarkt.hu\/magazin\/igy-epilalhatsz-kevesbe-fajdalmasan\/#primaryimage"},"image":{"@id":"https:\/\/hir.mediamarkt.hu\/magazin\/igy-epilalhatsz-kevesbe-fajdalmasan\/#primaryimage"},"thumbnailUrl":"https:\/\/hir.mediamarkt.hu\/magazin\/wp-content\/uploads\/2016\/04\/woman-legs-relaxation-beauty.jpg","datePublished":"2016-04-21T15:21:16+00:00","dateModified":"2024-06-18T12:34:38+00:00","author":{"@id":"https:\/\/hir.mediamarkt.hu\/magazin\/#\/schema\/person\/b93b02ec1ab4d2353f8d281e171c1b0b"},"breadcrumb":{"@id":"https:\/\/hir.mediamarkt.hu\/magazin\/igy-epilalhatsz-kevesbe-fajdalmasan\/#breadcrumb"},"inLanguage":"hu","potentialAction":[{"@type":"ReadAction","target":["https:\/\/hir.mediamarkt.hu\/magazin\/igy-epilalhatsz-kevesbe-fajdalmasan\/"]}]},{"@type":"ImageObject","inLanguage":"hu","@id":"https:\/\/hir.mediamarkt.hu\/magazin\/igy-epilalhatsz-kevesbe-fajdalmasan\/#primaryimage","url":"https:\/\/hir.mediamarkt.hu\/magazin\/wp-content\/uploads\/2016\/04\/woman-legs-relaxation-beauty.jpg","contentUrl":"https:\/\/hir.mediamarkt.hu\/magazin\/wp-content\/uploads\/2016\/04\/woman-legs-relaxation-beauty.jpg","width":326,"height":493},{"@type":"BreadcrumbList","@id":"https:\/\/hir.mediamarkt.hu\/magazin\/igy-epilalhatsz-kevesbe-fajdalmasan\/#breadcrumb","itemListElement":[{"@type":"ListItem","position":1,"name":"Kezd\u0151lap","item":"https:\/\/hir.mediamarkt.hu\/magazin\/"},{"@type":"ListItem","position":2,"name":"Seg\u00edt\u00fcnk v\u00e1lasztani","item":"https:\/\/hir.mediamarkt.hu\/magazin\/segitunk-valasztani\/"},{"@type":"ListItem","position":3,"name":"Tippek, tr\u00fckk\u00f6k","item":"https:\/\/hir.mediamarkt.hu\/magazin\/segitunk-valasztani\/tippek-trukkok\/"},{"@type":"ListItem","position":4,"name":"\u00cdgy epil\u00e1lhatsz kev\u00e9sb\u00e9 f\u00e1jdalmasan"}]},{"@type":"WebSite","@id":"https:\/\/hir.mediamarkt.hu\/magazin\/#website","url":"https:\/\/hir.mediamarkt.hu\/magazin\/","name":"MediaMarkt Magazin","description":"Olvass bele magazinunkba!","potentialAction":[{"@type":"SearchAction","target":{"@type":"EntryPoint","urlTemplate":"https:\/\/hir.mediamarkt.hu\/magazin\/?s={search_term_string}"},"query-input":"required name=search_term_string"}],"inLanguage":"hu"},{"@type":"Person","@id":"https:\/\/hir.mediamarkt.hu\/magazin\/#\/schema\/person\/b93b02ec1ab4d2353f8d281e171c1b0b","name":"Media Markt","image":{"@type":"ImageObject","inLanguage":"hu","@id":"https:\/\/hir.mediamarkt.hu\/magazin\/#\/schema\/person\/image\/","url":"https:\/\/secure.gravatar.com\/avatar\/602bccae8998beee472d01909f0978f1?s=96&d=mm&r=g","contentUrl":"https:\/\/secure.gravatar.com\/avatar\/602bccae8998beee472d01909f0978f1?s=96&d=mm&r=g","caption":"Media Markt"}}]}},"_links":{"self":[{"href":"https:\/\/hir.mediamarkt.hu\/magazin\/wp-json\/wp\/v2\/posts\/4161"}],"collection":[{"href":"https:\/\/hir.mediamarkt.hu\/magazin\/wp-json\/wp\/v2\/posts"}],"about":[{"href":"https:\/\/hir.mediamarkt.hu\/magazin\/wp-json\/wp\/v2\/types\/post"}],"author":[{"embeddable":true,"href":"https:\/\/hir.mediamarkt.hu\/magazin\/wp-json\/wp\/v2\/users\/13"}],"replies":[{"embeddable":true,"href":"https:\/\/hir.mediamarkt.hu\/magazin\/wp-json\/wp\/v2\/comments?post=4161"}],"version-history":[{"count":1,"href":"https:\/\/hir.mediamarkt.hu\/magazin\/wp-json\/wp\/v2\/posts\/4161\/revisions"}],"predecessor-version":[{"id":4164,"href":"https:\/\/hir.mediamarkt.hu\/magazin\/wp-json\/wp\/v2\/posts\/4161\/revisions\/4164"}],"wp:featuredmedia":[{"embeddable":true,"href":"https:\/\/hir.mediamarkt.hu\/magazin\/wp-json\/wp\/v2\/media\/4163"}],"wp:attachment":[{"href":"https:\/\/hir.mediamarkt.hu\/magazin\/wp-json\/wp\/v2\/media?parent=4161"}],"wp:term":[{"taxonomy":"category","embeddable":true,"href":"https:\/\/hir.mediamarkt.hu\/magazin\/wp-json\/wp\/v2\/categories?post=4161"},{"taxonomy":"post_tag","embeddable":true,"href":"https:\/\/hir.mediamarkt.hu\/magazin\/wp-json\/wp\/v2\/tags?post=4161"}],"curies":[{"name":"wp","href":"https:\/\/api.w.org\/{rel}","templated":true}]}}