{"id":4428,"date":"2016-08-11T12:33:27","date_gmt":"2016-08-11T11:33:27","guid":{"rendered":"http:\/\/hir.mediamarkt.hu\/magazin\/?p=4428"},"modified":"2017-08-31T09:19:38","modified_gmt":"2017-08-31T08:19:38","slug":"fenykepezogepekrol-roviden-ahany-gep-annyifele-tudas","status":"publish","type":"post","link":"https:\/\/hir.mediamarkt.hu\/magazin\/fenykepezogepekrol-roviden-ahany-gep-annyifele-tudas\/","title":{"rendered":"F\u00e9nyk\u00e9pez\u0151g\u00e9pekr\u0151l r\u00f6viden &#8211; ah\u00e1ny g\u00e9p, annyif\u00e9le tud\u00e1s\u2026"},"content":{"rendered":"<strong>V\u00e1laszt\u00e9k van b\u0151ven, \u00edgy akit hobbi szinten is komolyabban \u00e9rdekel a fot\u00f3z\u00e1s jobban j\u00e1r, ha ismert gy\u00e1rt\u00f3 term\u00e9k\u00e9t veszi meg \u00e9s nem(csak) az \u00e1r lesz az els\u0151dleges szempont. <\/strong>\r\n\r\n<strong><em>G\u00e9pkateg\u00f3ri\u00e1k<\/em><\/strong>\r\n\r\nTechnol\u00f3giai szempontb\u00f3l vannak a nem cser\u00e9lhet\u0151 objekt\u00edves, vagyis kompakt (automata) g\u00e9pek, illetve a cser\u00e9lhet\u0151 objekt\u00edves k\u00e9sz\u00fcl\u00e9kek. Az el\u0151bbi kateg\u00f3ri\u00e1ba sorolhat\u00f3k a n\u00e9mi k\u00e9zi be\u00e1ll\u00edt\u00e1ssal rendelkez\u0151 bridge t\u00edpusok is, ut\u00f3bbiba a <a href=\"http:\/\/www.mediamarkt.hu\/hu\/category\/_t%C3%BCk%C3%B6rreflexes-f%C3%A9nyk%C3%A9pez%C5%91g%C3%A9p-dslr-504666.html?ga_query=DSLR?utm_medium=content&amp;utm_source=system-%5bsystem%5d&amp;utm_campaign=product-onl-hld%20(holding)-mediafotozos&amp;utm_content=mediafotozos_maga\"><strong>digit\u00e1lis t\u00fck\u00f6rreflexes (DSLR)<\/strong><\/a>, illetve a <a href=\"http:\/\/www.mediamarkt.hu\/hu\/category\/_t%C3%BCk%C3%B6r-n%C3%A9lk%C3%BCli-f%C3%A9nyk%C3%A9pez%C5%91g%C3%A9p-milc-504667.html?ga_query=MILC?utm_medium=content&amp;utm_source=system-%5bsystem%5d&amp;utm_campaign=product-onl-hld%20(holding)-mediafotozos&amp;utm_content=mediafo\"><strong>t\u00fck\u00f6r n\u00e9lk\u00fcli cser\u00e9lhet\u0151 objekt\u00edves fajt\u00e1k (MILC)<\/strong><\/a><strong>. <\/strong>\r\n\r\nA kompakt g\u00e9pek a teljesen kezd\u0151knek aj\u00e1nlhat\u00f3ak, vagy olyanoknak, akik ritk\u00e1bban veszik el\u0151 a k\u00e9sz\u00fcl\u00e9ket, de ezekkel is kell\u0151en \u00e9lvezetes k\u00e9peket lehet el\u0151\u00e1ll\u00edtani.\r\n\r\n<img loading=\"lazy\" decoding=\"async\" class=\"alignnone wp-image-4430\" src=\"http:\/\/hir.mediamarkt.hu\/magazin\/wp-content\/uploads\/2016\/08\/2-300x200.jpg\" alt=\"2\" width=\"300\" height=\"200\" srcset=\"https:\/\/hir.mediamarkt.hu\/magazin\/wp-content\/uploads\/2016\/08\/2-300x200.jpg 300w, https:\/\/hir.mediamarkt.hu\/magazin\/wp-content\/uploads\/2016\/08\/2-275x183.jpg 275w, https:\/\/hir.mediamarkt.hu\/magazin\/wp-content\/uploads\/2016\/08\/2-768x512.jpg 768w, https:\/\/hir.mediamarkt.hu\/magazin\/wp-content\/uploads\/2016\/08\/2-720x480.jpg 720w, https:\/\/hir.mediamarkt.hu\/magazin\/wp-content\/uploads\/2016\/08\/2.jpg 114w\" sizes=\"(max-width: 300px) 100vw, 300px\" \/>\r\n\r\nA fot\u00f3z\u00e1s, mint hobbi ir\u00e1nt er\u0151sebben \u00e9rdekl\u0151d\u0151knek ink\u00e1bb a cser\u00e9lhet\u0151 objekt\u00edves fajt\u00e1k okozhatnak nagyobb siker\u00e9lm\u00e9nyt. Itt azonban nem elegend\u0151 a j\u00f3 g\u00e9ph\u00e1zat kiv\u00e1lasztani, kellenek hozz\u00e1 j\u00f3 min\u0151s\u00e9g\u0171 objekt\u00edvek is.\u00a0 Ebben a kateg\u00f3ri\u00e1ban vannak fix gy\u00fajt\u00f3t\u00e1vols\u00e1g\u00fa, vagyis nem &#8222;zoomolhat\u00f3&#8221; objekt\u00edvek \u00e9s Zoom objekt\u00edvek, a profi fot\u00f3sok ink\u00e1bb az el\u0151bbire szavaznak.\r\n\r\nA v\u00e1laszt\u00e1sn\u00e1l szempont szokott lenni a k\u00e9pfelbont\u00e1s m\u00e9rete is, ami azonban kompakt g\u00e9pekn\u00e9l nem els\u0151dleges szempont. Ezekn\u00e9l a k\u00e9sz\u00fcl\u00e9kekn\u00e9l elegend\u0151 a <a href=\"http:\/\/www.mediamarkt.hu\/hu\/category\/_kompakt-f%C3%A9nyk%C3%A9pez%C5%91g%C3%A9p-504668.html?searchParams=%2FSearch.ff%3FfilterTabbedCategory%3Donlineshop%26filterCategoriesROOT%3DFot%25C3%25B3%252C%2BVide%25C3%25B3%2B%2526%2BOptika%25C2%25A7MediaHUhuc504659%26filterCategoriesROOT%252FFot%25C3%25B3%252C%2BVide%25C3%25B3%2B%2526%2BOptika%25C2%25A7MediaHUhuc504659%3DF%25C3%25A9nyk%25C3%25A9pez%25C5%2591g%25C3%25A9pek%25C2%25A7MediaHUhuc504665%26filterCategoriesROOT%252FFot%25C3%25B3%252C%2BVide%25C3%25B3%2B%2526%2BOptika%25C2%25A7MediaHUhuc504659%252FF%25C3%25A9nyk%25C3%25A9pez%25C5%2591g%25C3%25A9pek%25C2%25A7MediaHUhuc504665%3DKompakt%2Bf%25C3%25A9nyk%25C3%25A9pez%25C5%2591g%25C3%25A9p%25C2%25A7MediaHUhuc504668%26filterOptikai%2Bzoom%3D12x%257E%257E%257E20x%26channel%3Dmmhuhu%26productsPerPage%3D24%26followSearch%3D9856%26disableTabbedCategory%3Dtrue%26navigation%3Dtrue&amp;sort=&amp;view=PRODUCTLIST&amp;page=?utm_medium=content&amp;utm_source=system-%5bsystem%5d&amp;utm_campaign=product-onl-hld%20(holding)-mediafotozos&amp;utm_content=mediafotozos_magazin41-1234567\"><strong>12-20 megapixel<\/strong><\/a> k\u00f6z\u00f6tti tud\u00e1s, mert az ezekkel k\u00e9sz\u00fclt k\u00e9pekr\u0151l m\u00e1r kiv\u00e1l\u00f3 min\u0151s\u00e9g\u0171 A3-A4-es nagy\u00edt\u00e1sok k\u00e9sz\u00fclhetnek. T\u00fck\u00f6rreflexesekn\u00e9l viszont ma <a href=\"http:\/\/www.mediamarkt.hu\/hu\/product\/_nikon-d5300-18-140-af-s-vr-kit-fekete-1128279.html?utm_medium=content&amp;utm_source=system-%5bsystem%5d&amp;utm_campaign=product-onl-hld%20(holding)-mediafotozos&amp;utm_content=mediafotozos_magazin4-1234567\"><strong>m\u00e1r a 20-30 megapixel<\/strong><\/a> az \u00e1ltal\u00e1nos. A t\u00f6k\u00e9letes objekt\u00edv kiv\u00e1laszt\u00e1s\u00e1hoz minden tov\u00e1bbi fontos inform\u00e1ci\u00f3 megtal\u00e1lhat\u00f3 az <a href=\"http:\/\/www.mediamarkt.hu\/hu\/shop\/objektiv_aloldal.html?utm_medium=content&amp;utm_source=system-%5bsystem%5d&amp;utm_campaign=product-onl-hld%20(holding)-mediafotozos&amp;utm_content=mediafotozos_magazin30-1234567\"><strong>al\u00e1bbi oldalon<\/strong><\/a>.\r\n\r\n<img loading=\"lazy\" decoding=\"async\" class=\"alignnone size-medium wp-image-4431\" src=\"http:\/\/hir.mediamarkt.hu\/magazin\/wp-content\/uploads\/2016\/08\/3-300x200.jpg\" alt=\"3\" width=\"300\" height=\"200\" srcset=\"https:\/\/hir.mediamarkt.hu\/magazin\/wp-content\/uploads\/2016\/08\/3-300x200.jpg 300w, https:\/\/hir.mediamarkt.hu\/magazin\/wp-content\/uploads\/2016\/08\/3-275x183.jpg 275w, https:\/\/hir.mediamarkt.hu\/magazin\/wp-content\/uploads\/2016\/08\/3-768x511.jpg 768w, https:\/\/hir.mediamarkt.hu\/magazin\/wp-content\/uploads\/2016\/08\/3-720x480.jpg 720w, https:\/\/hir.mediamarkt.hu\/magazin\/wp-content\/uploads\/2016\/08\/3.jpg 125w\" sizes=\"(max-width: 300px) 100vw, 300px\" \/>\r\n\r\n<strong><em>Mi a jobb az optikai, vagy a digit\u00e1lis zoom?<\/em><\/strong>\r\n\r\nAz optikai zoom ma m\u00e1r alapfelszerelts\u00e9ge a kompakt g\u00e9peknek is, a leggyakoribb a 8-10-szeres nagy\u00edt\u00e1si k\u00e9pess\u00e9g. A digit\u00e1lis zoom m\u00e9rete kev\u00e9sb\u00e9 sz\u00e1m\u00edt, mivel ez szoftveresen nagy\u00edtja a k\u00e9pet, \u00e9s min\u00e9l nagyobb a nagy\u00edt\u00e1s m\u00e9rt\u00e9ke, ann\u00e1l \u00e9letlenebb\u00e9 v\u00e1lik a k\u00e9p.\r\n\r\nHa m\u00e9gis a t\u00fck\u00f6rreflexes mellett d\u00f6nt\u00fcnk, m\u00e9g a g\u00e9ph\u00e1zn\u00e1l is fontosabb a j\u00f3 min\u0151s\u00e9g\u0171 objekt\u00edv, amib\u0151l l\u00e9tezik norm\u00e1l, nagyl\u00e1t\u00f3sz\u00f6g\u0171 \u00e9s teleobjekt\u00edv. A <a href=\"http:\/\/www.mediamarkt.hu\/hu\/product\/_nikon-d3300-af-p-18-55-vr-kit-fekete-1193355.html?utm_medium=content&amp;utm_source=system-%5bsystem%5d&amp;utm_campaign=product-onl-hld%20(holding)-mediafotozos&amp;utm_content=mediafotozos_magazin5-1234567\"><strong>KIT objekt\u00edvek a DSLR v\u00e1zzal<\/strong><\/a> egy\u00fctt \u00e1rult olcs\u00f3bb zoom objekt\u00edvek.\r\n\r\n<img loading=\"lazy\" decoding=\"async\" class=\"alignnone size-medium wp-image-4433\" src=\"http:\/\/hir.mediamarkt.hu\/magazin\/wp-content\/uploads\/2016\/08\/4-300x224.png\" alt=\"4\" width=\"300\" height=\"224\" srcset=\"https:\/\/hir.mediamarkt.hu\/magazin\/wp-content\/uploads\/2016\/08\/4-300x224.png 300w, https:\/\/hir.mediamarkt.hu\/magazin\/wp-content\/uploads\/2016\/08\/4-275x205.png 275w, https:\/\/hir.mediamarkt.hu\/magazin\/wp-content\/uploads\/2016\/08\/4-768x574.png 768w, https:\/\/hir.mediamarkt.hu\/magazin\/wp-content\/uploads\/2016\/08\/4-720x538.png 720w, https:\/\/hir.mediamarkt.hu\/magazin\/wp-content\/uploads\/2016\/08\/4.png 328w\" sizes=\"(max-width: 300px) 100vw, 300px\" \/>\r\n\r\n<strong><em>A legn\u00e9pszer\u0171bb m\u00e1rk\u00e1k <\/em><\/strong>\r\n\r\nAz ismert gy\u00e1rt\u00f3k term\u00e9keiben megb\u00edzhatunk, de itt is vannak kiemelked\u0151en j\u00f3 m\u00e1rk\u00e1k, mint a Nikon, a Canon, az Olympus, a Sony \u00e9s a Panasonic. A profi fot\u00f3sok \u00e1ltal\u00e1ban az els\u0151 kett\u0151re esk\u00fcsznek, nemcsak az\u00e9rt mert a Nikon \u00e9s Canon m\u00e1r t\u00f6bb mint 50 \u00e9ve vannak a f\u00e9nyk\u00e9pez\u0151g\u00e9pek piac\u00e1n, hanem mert ezekhez van a legt\u00f6bb objekt\u00edv \u00e9s kieg\u00e9sz\u00edt\u0151.\r\n\r\nA Canon v\u00e1laszt\u00e9k\u00e1b\u00f3l p\u00e9ld\u00e1ul igen kedvelt a 25-sz\u00f6r\u00f6s optik\u00e1val ell\u00e1tott <a href=\"http:\/\/www.mediamarkt.hu\/hu\/product\/_canon-powershot-sx620-fekete-essential-kit-8gb-mem%C3%B3ria-k%C3%A1rtya-tok-1201885.html?utm_medium=content&amp;utm_source=system-%5bsystem%5d&amp;utm_campaign=product-onl-hld%20(holding)-mediafotozos&amp;utm_content=mediafotozos_magazin\"><strong>SX620-as kompakt g\u00e9p<\/strong><\/a>. Nagyon j\u00f3l m\u0171k\u00f6dik a k\u00e9pstabiliz\u00e1tora, ami a vloggereknek szinte k\u00f6telez\u0151 felszerel\u00e9s vide\u00f3z\u00e1shoz.\r\n\r\n<img loading=\"lazy\" decoding=\"async\" class=\"alignnone size-medium wp-image-4434\" src=\"http:\/\/hir.mediamarkt.hu\/magazin\/wp-content\/uploads\/2016\/08\/5-300x224.png\" alt=\"5\" width=\"300\" height=\"224\" srcset=\"https:\/\/hir.mediamarkt.hu\/magazin\/wp-content\/uploads\/2016\/08\/5-300x224.png 300w, https:\/\/hir.mediamarkt.hu\/magazin\/wp-content\/uploads\/2016\/08\/5-275x205.png 275w, https:\/\/hir.mediamarkt.hu\/magazin\/wp-content\/uploads\/2016\/08\/5-768x574.png 768w, https:\/\/hir.mediamarkt.hu\/magazin\/wp-content\/uploads\/2016\/08\/5-720x538.png 720w, https:\/\/hir.mediamarkt.hu\/magazin\/wp-content\/uploads\/2016\/08\/5.png 328w\" sizes=\"(max-width: 300px) 100vw, 300px\" \/>\r\n\r\nT\u00f6k\u00e9letes t\u00fckr\u00f6s bel\u00e9p\u0151nek sz\u00e1nja m\u00e9g a <a href=\"http:\/\/www.mediamarkt.hu\/hu\/product\/_canon-eos-1300d-18-55-mm-is-kit-1196910.html?utm_medium=content&amp;utm_source=system-%5bsystem%5d&amp;utm_campaign=product-onl-hld%20(holding)-mediafotozos&amp;utm_content=mediafotozos_magazin22-1234567\"><strong>CANON EOS 1300D<\/strong><\/a>-t. Ez a legkisebb t\u00fck\u00f6rreflexes g\u00e9pe, de elb\u00edr b\u00e1rmilyen t\u00edpus\u00fa objekt\u00edvet is, full HD vide\u00f3 is k\u00e9sz\u00edthet\u0151 vele.\r\n\r\nA Nikon most legink\u00e1bb a 24 megapixeles, full HD vide\u00f3 k\u00e9pess\u00e9ggel \u00e9s 3,2 colos kijelz\u0151vel felszerelt <a href=\"http:\/\/www.mediamarkt.hu\/hu\/product\/_nikon-d7200-18-300-mm-vr-kit-1169888.html?utm_medium=content&amp;utm_source=system-%5bsystem%5d&amp;utm_campaign=product-onl-hld%20(holding)-mediafotozos&amp;utm_content=mediafotozos_magazin21-1234567\"><strong>D7200<\/strong><\/a>-es v\u00e1zat k\u00edn\u00e1lja, amihez \u00e9rdemes beszerezni a 18-300 mm-es zoom objekt\u00edvet.\r\n\r\nAz Olympus-g\u00e9pek ink\u00e1bb t\u00e1voli fot\u00f3z\u00e1sra j\u00f3k a k\u00e9tszeres gy\u00fajt\u00f3t\u00e1v szorz\u00f3 miatt, a 300mm-esnek jel\u00f6lt optika 600mm-nek sz\u00e1m\u00edt. A legfrissebb k\u00edn\u00e1latban megtal\u00e1lhat\u00f3 <a href=\"http:\/\/www.mediamarkt.hu\/hu\/product\/_olympus-e-m1-ez-m1250-fekete-kit-1127381.html?utm_medium=content&amp;utm_source=system-%5bsystem%5d&amp;utm_campaign=product-onl-hld%20(holding)-mediafotozos&amp;utm_content=mediafotozos_magazin9-1234567\"><strong>E-M1, amit az EZ-M1250-es objekt\u00edvvel egy\u00fctt kitben aj\u00e1nlanak<\/strong><\/a>, 16,8 megapixeles felbont\u00e1s\u00fa, a kijelz\u0151je 3 colos. A f\u00e9nyk\u00e9pez\u0151g\u00e9ppel t\u00e9rhat\u00e1s\u00fa k\u00e9pek is k\u00e9sz\u00fclhetnek.\r\n\r\n<img loading=\"lazy\" decoding=\"async\" class=\"alignnone size-medium wp-image-4435\" src=\"http:\/\/hir.mediamarkt.hu\/magazin\/wp-content\/uploads\/2016\/08\/6-300x224.png\" alt=\"6\" width=\"300\" height=\"224\" srcset=\"https:\/\/hir.mediamarkt.hu\/magazin\/wp-content\/uploads\/2016\/08\/6-300x224.png 300w, https:\/\/hir.mediamarkt.hu\/magazin\/wp-content\/uploads\/2016\/08\/6-275x205.png 275w, https:\/\/hir.mediamarkt.hu\/magazin\/wp-content\/uploads\/2016\/08\/6-768x574.png 768w, https:\/\/hir.mediamarkt.hu\/magazin\/wp-content\/uploads\/2016\/08\/6-720x538.png 720w, https:\/\/hir.mediamarkt.hu\/magazin\/wp-content\/uploads\/2016\/08\/6.png 328w\" sizes=\"(max-width: 300px) 100vw, 300px\" \/>\r\n\r\nA Sony is n\u00e9pszer\u0171 m\u00e1rka, de nagyon kev\u00e9s hozz\u00e1 a gy\u00e1ri optika. A jap\u00e1n m\u00e1rka egyik kedvelt modellje a <a href=\"http:\/\/www.mediamarkt.hu\/hu\/product\/_sony-dsc-hx400v-fekete-digit%C3%A1lis-f%C3%A9nyk%C3%A9pez%C5%91g%C3%A9p-1138993.html?ga_query=HX400#m_C5_B1szaki-adatok?utm_medium=content&amp;utm_source=system-[system]&amp;utm_campaign=product-onl-hld (holding)-mediafotozos&amp;utm_content=mediafotozos_magazin20-1234567\"><strong>SONY DSC-HX400V<\/strong><\/a>, amely egy 20,4 megapixeles, 50-szeres nagyl\u00e1t\u00f3sz\u00f6g\u0171 optikai zoommal felszerelt digit\u00e1lis f\u00e9nyk\u00e9pez\u0151g\u00e9p.","protected":false},"excerpt":{"rendered":"V\u00e1laszt\u00e9k van b\u0151ven, \u00edgy akit hobbi szinten is komolyabban \u00e9rdekel a fot\u00f3z\u00e1s jobban j\u00e1r, ha ismert gy\u00e1rt\u00f3 term\u00e9k\u00e9t veszi meg \u00e9s nem(csak) az \u00e1r lesz az els\u0151dleges szempont. G\u00e9pkateg\u00f3ri\u00e1k Technol\u00f3giai szempontb\u00f3l vannak a nem cser\u00e9lhet\u0151 objekt\u00edves, vagyis kompakt (automata) g\u00e9pek, illetve a cser\u00e9lhet\u0151 objekt\u00edves k\u00e9sz\u00fcl\u00e9kek. Az el\u0151bbi kateg\u00f3ri\u00e1ba sorolhat\u00f3k a n\u00e9mi k\u00e9zi be\u00e1ll\u00edt\u00e1ssal rendelkez\u0151 bridge t\u00edpusok is, ut\u00f3bbiba a digit\u00e1lis t\u00fck\u00f6rreflexes (DSLR), illetve a t\u00fck\u00f6r n\u00e9lk\u00fcli cser\u00e9lhet\u0151 objekt\u00edves fajt\u00e1k (MILC). A kompakt g\u00e9pek a teljesen kezd\u0151knek aj\u00e1nlhat\u00f3ak, vagy olyanoknak, akik ritk\u00e1bban veszik el\u0151 a k\u00e9sz\u00fcl\u00e9ket, de ezekkel is kell\u0151en \u00e9lvezetes k\u00e9peket lehet el\u0151\u00e1ll\u00edtani. A fot\u00f3z\u00e1s, mint hobbi ir\u00e1nt er\u0151sebben \u00e9rdekl\u0151d\u0151knek ink\u00e1bb a cser\u00e9lhet\u0151 objekt\u00edves fajt\u00e1k okozhatnak nagyobb siker\u00e9lm\u00e9nyt. Itt azonban nem elegend\u0151 a j\u00f3 g\u00e9ph\u00e1zat kiv\u00e1lasztani, kellenek hozz\u00e1 j\u00f3 min\u0151s\u00e9g\u0171 &#8230;","protected":false},"author":13,"featured_media":4429,"comment_status":"open","ping_status":"open","sticky":false,"template":"","format":"standard","meta":{"wprm-recipe-roundup-name":"","wprm-recipe-roundup-description":"","footnotes":""},"categories":[5960,5969],"tags":[2117],"yoast_head":"<!-- This site is optimized with the Yoast SEO plugin v22.9 - https:\/\/yoast.com\/wordpress\/plugins\/seo\/ -->\n<title>F\u00e9nyk\u00e9pez\u0151g\u00e9pekr\u0151l r\u00f6viden - ah\u00e1ny g\u00e9p, annyif\u00e9le tud\u00e1s\u2026 - MediaMarkt Magazin<\/title>\n<meta name=\"robots\" content=\"index, follow, max-snippet:-1, max-image-preview:large, max-video-preview:-1\" \/>\n<link rel=\"canonical\" href=\"https:\/\/hir.mediamarkt.hu\/magazin\/fenykepezogepekrol-roviden-ahany-gep-annyifele-tudas\/\" \/>\n<meta property=\"og:locale\" content=\"hu_HU\" \/>\n<meta property=\"og:type\" content=\"article\" \/>\n<meta property=\"og:title\" content=\"F\u00e9nyk\u00e9pez\u0151g\u00e9pekr\u0151l r\u00f6viden - ah\u00e1ny g\u00e9p, annyif\u00e9le tud\u00e1s\u2026 - MediaMarkt Magazin\" \/>\n<meta property=\"og:description\" content=\"V\u00e1laszt\u00e9k van b\u0151ven, \u00edgy akit hobbi szinten is komolyabban \u00e9rdekel a fot\u00f3z\u00e1s jobban j\u00e1r, ha ismert gy\u00e1rt\u00f3 term\u00e9k\u00e9t veszi meg \u00e9s nem(csak) az \u00e1r lesz az els\u0151dleges szempont. G\u00e9pkateg\u00f3ri\u00e1k Technol\u00f3giai szempontb\u00f3l vannak a nem cser\u00e9lhet\u0151 objekt\u00edves, vagyis kompakt (automata) g\u00e9pek, illetve a cser\u00e9lhet\u0151 objekt\u00edves k\u00e9sz\u00fcl\u00e9kek. Az el\u0151bbi kateg\u00f3ri\u00e1ba sorolhat\u00f3k a n\u00e9mi k\u00e9zi be\u00e1ll\u00edt\u00e1ssal rendelkez\u0151 bridge t\u00edpusok is, ut\u00f3bbiba a digit\u00e1lis t\u00fck\u00f6rreflexes (DSLR), illetve a t\u00fck\u00f6r n\u00e9lk\u00fcli cser\u00e9lhet\u0151 objekt\u00edves fajt\u00e1k (MILC). A kompakt g\u00e9pek a teljesen kezd\u0151knek aj\u00e1nlhat\u00f3ak, vagy olyanoknak, akik ritk\u00e1bban veszik el\u0151 a k\u00e9sz\u00fcl\u00e9ket, de ezekkel is kell\u0151en \u00e9lvezetes k\u00e9peket lehet el\u0151\u00e1ll\u00edtani. A fot\u00f3z\u00e1s, mint hobbi ir\u00e1nt er\u0151sebben \u00e9rdekl\u0151d\u0151knek ink\u00e1bb a cser\u00e9lhet\u0151 objekt\u00edves fajt\u00e1k okozhatnak nagyobb siker\u00e9lm\u00e9nyt. Itt azonban nem elegend\u0151 a j\u00f3 g\u00e9ph\u00e1zat kiv\u00e1lasztani, kellenek hozz\u00e1 j\u00f3 min\u0151s\u00e9g\u0171 ...\" \/>\n<meta property=\"og:url\" content=\"https:\/\/hir.mediamarkt.hu\/magazin\/fenykepezogepekrol-roviden-ahany-gep-annyifele-tudas\/\" \/>\n<meta property=\"og:site_name\" content=\"MediaMarkt Magazin\" \/>\n<meta property=\"article:publisher\" content=\"https:\/\/www.facebook.com\/MediaMarktMagyarorszag\" \/>\n<meta property=\"article:published_time\" content=\"2016-08-11T11:33:27+00:00\" \/>\n<meta property=\"article:modified_time\" content=\"2017-08-31T08:19:38+00:00\" \/>\n<meta property=\"og:image\" content=\"https:\/\/hir.mediamarkt.hu\/magazin\/wp-content\/uploads\/2016\/08\/1.jpg\" \/>\n\t<meta property=\"og:image:width\" content=\"128\" \/>\n\t<meta property=\"og:image:height\" content=\"85\" \/>\n\t<meta property=\"og:image:type\" content=\"image\/jpeg\" \/>\n<meta name=\"author\" content=\"Media Markt\" \/>\n<meta name=\"twitter:label1\" content=\"Szerz\u0151:\" \/>\n\t<meta name=\"twitter:data1\" content=\"Media Markt\" \/>\n\t<meta name=\"twitter:label2\" content=\"Becs\u00fclt olvas\u00e1si id\u0151\" \/>\n\t<meta name=\"twitter:data2\" content=\"4 perc\" \/>\n<script type=\"application\/ld+json\" class=\"yoast-schema-graph\">{\"@context\":\"https:\/\/schema.org\",\"@graph\":[{\"@type\":\"WebPage\",\"@id\":\"https:\/\/hir.mediamarkt.hu\/magazin\/fenykepezogepekrol-roviden-ahany-gep-annyifele-tudas\/\",\"url\":\"https:\/\/hir.mediamarkt.hu\/magazin\/fenykepezogepekrol-roviden-ahany-gep-annyifele-tudas\/\",\"name\":\"F\u00e9nyk\u00e9pez\u0151g\u00e9pekr\u0151l r\u00f6viden - ah\u00e1ny g\u00e9p, annyif\u00e9le tud\u00e1s\u2026 - MediaMarkt Magazin\",\"isPartOf\":{\"@id\":\"https:\/\/hir.mediamarkt.hu\/magazin\/#website\"},\"primaryImageOfPage\":{\"@id\":\"https:\/\/hir.mediamarkt.hu\/magazin\/fenykepezogepekrol-roviden-ahany-gep-annyifele-tudas\/#primaryimage\"},\"image\":{\"@id\":\"https:\/\/hir.mediamarkt.hu\/magazin\/fenykepezogepekrol-roviden-ahany-gep-annyifele-tudas\/#primaryimage\"},\"thumbnailUrl\":\"https:\/\/hir.mediamarkt.hu\/magazin\/wp-content\/uploads\/2016\/08\/1.jpg\",\"datePublished\":\"2016-08-11T11:33:27+00:00\",\"dateModified\":\"2017-08-31T08:19:38+00:00\",\"author\":{\"@id\":\"https:\/\/hir.mediamarkt.hu\/magazin\/#\/schema\/person\/b93b02ec1ab4d2353f8d281e171c1b0b\"},\"breadcrumb\":{\"@id\":\"https:\/\/hir.mediamarkt.hu\/magazin\/fenykepezogepekrol-roviden-ahany-gep-annyifele-tudas\/#breadcrumb\"},\"inLanguage\":\"hu\",\"potentialAction\":[{\"@type\":\"ReadAction\",\"target\":[\"https:\/\/hir.mediamarkt.hu\/magazin\/fenykepezogepekrol-roviden-ahany-gep-annyifele-tudas\/\"]}]},{\"@type\":\"ImageObject\",\"inLanguage\":\"hu\",\"@id\":\"https:\/\/hir.mediamarkt.hu\/magazin\/fenykepezogepekrol-roviden-ahany-gep-annyifele-tudas\/#primaryimage\",\"url\":\"https:\/\/hir.mediamarkt.hu\/magazin\/wp-content\/uploads\/2016\/08\/1.jpg\",\"contentUrl\":\"https:\/\/hir.mediamarkt.hu\/magazin\/wp-content\/uploads\/2016\/08\/1.jpg\",\"width\":128,\"height\":85},{\"@type\":\"BreadcrumbList\",\"@id\":\"https:\/\/hir.mediamarkt.hu\/magazin\/fenykepezogepekrol-roviden-ahany-gep-annyifele-tudas\/#breadcrumb\",\"itemListElement\":[{\"@type\":\"ListItem\",\"position\":1,\"name\":\"Kezd\u0151lap\",\"item\":\"https:\/\/hir.mediamarkt.hu\/magazin\/\"},{\"@type\":\"ListItem\",\"position\":2,\"name\":\"\u00c9letm\u00f3d \u00e9s szabadid\u0151\",\"item\":\"https:\/\/hir.mediamarkt.hu\/magazin\/eletmod-es-szabadido\/\"},{\"@type\":\"ListItem\",\"position\":3,\"name\":\"Fot\u00f3z\u00e1s\",\"item\":\"https:\/\/hir.mediamarkt.hu\/magazin\/eletmod-es-szabadido\/fotozas\/\"},{\"@type\":\"ListItem\",\"position\":4,\"name\":\"F\u00e9nyk\u00e9pez\u0151g\u00e9pekr\u0151l r\u00f6viden &#8211; ah\u00e1ny g\u00e9p, annyif\u00e9le tud\u00e1s\u2026\"}]},{\"@type\":\"WebSite\",\"@id\":\"https:\/\/hir.mediamarkt.hu\/magazin\/#website\",\"url\":\"https:\/\/hir.mediamarkt.hu\/magazin\/\",\"name\":\"MediaMarkt Magazin\",\"description\":\"Olvass bele magazinunkba!\",\"potentialAction\":[{\"@type\":\"SearchAction\",\"target\":{\"@type\":\"EntryPoint\",\"urlTemplate\":\"https:\/\/hir.mediamarkt.hu\/magazin\/?s={search_term_string}\"},\"query-input\":\"required name=search_term_string\"}],\"inLanguage\":\"hu\"},{\"@type\":\"Person\",\"@id\":\"https:\/\/hir.mediamarkt.hu\/magazin\/#\/schema\/person\/b93b02ec1ab4d2353f8d281e171c1b0b\",\"name\":\"Media Markt\",\"image\":{\"@type\":\"ImageObject\",\"inLanguage\":\"hu\",\"@id\":\"https:\/\/hir.mediamarkt.hu\/magazin\/#\/schema\/person\/image\/\",\"url\":\"https:\/\/secure.gravatar.com\/avatar\/602bccae8998beee472d01909f0978f1?s=96&d=mm&r=g\",\"contentUrl\":\"https:\/\/secure.gravatar.com\/avatar\/602bccae8998beee472d01909f0978f1?s=96&d=mm&r=g\",\"caption\":\"Media Markt\"}}]}<\/script>\n<!-- \/ Yoast SEO plugin. -->","yoast_head_json":{"title":"F\u00e9nyk\u00e9pez\u0151g\u00e9pekr\u0151l r\u00f6viden - ah\u00e1ny g\u00e9p, annyif\u00e9le tud\u00e1s\u2026 - MediaMarkt Magazin","robots":{"index":"index","follow":"follow","max-snippet":"max-snippet:-1","max-image-preview":"max-image-preview:large","max-video-preview":"max-video-preview:-1"},"canonical":"https:\/\/hir.mediamarkt.hu\/magazin\/fenykepezogepekrol-roviden-ahany-gep-annyifele-tudas\/","og_locale":"hu_HU","og_type":"article","og_title":"F\u00e9nyk\u00e9pez\u0151g\u00e9pekr\u0151l r\u00f6viden - ah\u00e1ny g\u00e9p, annyif\u00e9le tud\u00e1s\u2026 - MediaMarkt Magazin","og_description":"V\u00e1laszt\u00e9k van b\u0151ven, \u00edgy akit hobbi szinten is komolyabban \u00e9rdekel a fot\u00f3z\u00e1s jobban j\u00e1r, ha ismert gy\u00e1rt\u00f3 term\u00e9k\u00e9t veszi meg \u00e9s nem(csak) az \u00e1r lesz az els\u0151dleges szempont. G\u00e9pkateg\u00f3ri\u00e1k Technol\u00f3giai szempontb\u00f3l vannak a nem cser\u00e9lhet\u0151 objekt\u00edves, vagyis kompakt (automata) g\u00e9pek, illetve a cser\u00e9lhet\u0151 objekt\u00edves k\u00e9sz\u00fcl\u00e9kek. Az el\u0151bbi kateg\u00f3ri\u00e1ba sorolhat\u00f3k a n\u00e9mi k\u00e9zi be\u00e1ll\u00edt\u00e1ssal rendelkez\u0151 bridge t\u00edpusok is, ut\u00f3bbiba a digit\u00e1lis t\u00fck\u00f6rreflexes (DSLR), illetve a t\u00fck\u00f6r n\u00e9lk\u00fcli cser\u00e9lhet\u0151 objekt\u00edves fajt\u00e1k (MILC). A kompakt g\u00e9pek a teljesen kezd\u0151knek aj\u00e1nlhat\u00f3ak, vagy olyanoknak, akik ritk\u00e1bban veszik el\u0151 a k\u00e9sz\u00fcl\u00e9ket, de ezekkel is kell\u0151en \u00e9lvezetes k\u00e9peket lehet el\u0151\u00e1ll\u00edtani. A fot\u00f3z\u00e1s, mint hobbi ir\u00e1nt er\u0151sebben \u00e9rdekl\u0151d\u0151knek ink\u00e1bb a cser\u00e9lhet\u0151 objekt\u00edves fajt\u00e1k okozhatnak nagyobb siker\u00e9lm\u00e9nyt. Itt azonban nem elegend\u0151 a j\u00f3 g\u00e9ph\u00e1zat kiv\u00e1lasztani, kellenek hozz\u00e1 j\u00f3 min\u0151s\u00e9g\u0171 ...","og_url":"https:\/\/hir.mediamarkt.hu\/magazin\/fenykepezogepekrol-roviden-ahany-gep-annyifele-tudas\/","og_site_name":"MediaMarkt Magazin","article_publisher":"https:\/\/www.facebook.com\/MediaMarktMagyarorszag","article_published_time":"2016-08-11T11:33:27+00:00","article_modified_time":"2017-08-31T08:19:38+00:00","og_image":[{"width":128,"height":85,"url":"https:\/\/hir.mediamarkt.hu\/magazin\/wp-content\/uploads\/2016\/08\/1.jpg","type":"image\/jpeg"}],"author":"Media Markt","twitter_misc":{"Szerz\u0151:":"Media Markt","Becs\u00fclt olvas\u00e1si id\u0151":"4 perc"},"schema":{"@context":"https:\/\/schema.org","@graph":[{"@type":"WebPage","@id":"https:\/\/hir.mediamarkt.hu\/magazin\/fenykepezogepekrol-roviden-ahany-gep-annyifele-tudas\/","url":"https:\/\/hir.mediamarkt.hu\/magazin\/fenykepezogepekrol-roviden-ahany-gep-annyifele-tudas\/","name":"F\u00e9nyk\u00e9pez\u0151g\u00e9pekr\u0151l r\u00f6viden - ah\u00e1ny g\u00e9p, annyif\u00e9le tud\u00e1s\u2026 - MediaMarkt Magazin","isPartOf":{"@id":"https:\/\/hir.mediamarkt.hu\/magazin\/#website"},"primaryImageOfPage":{"@id":"https:\/\/hir.mediamarkt.hu\/magazin\/fenykepezogepekrol-roviden-ahany-gep-annyifele-tudas\/#primaryimage"},"image":{"@id":"https:\/\/hir.mediamarkt.hu\/magazin\/fenykepezogepekrol-roviden-ahany-gep-annyifele-tudas\/#primaryimage"},"thumbnailUrl":"https:\/\/hir.mediamarkt.hu\/magazin\/wp-content\/uploads\/2016\/08\/1.jpg","datePublished":"2016-08-11T11:33:27+00:00","dateModified":"2017-08-31T08:19:38+00:00","author":{"@id":"https:\/\/hir.mediamarkt.hu\/magazin\/#\/schema\/person\/b93b02ec1ab4d2353f8d281e171c1b0b"},"breadcrumb":{"@id":"https:\/\/hir.mediamarkt.hu\/magazin\/fenykepezogepekrol-roviden-ahany-gep-annyifele-tudas\/#breadcrumb"},"inLanguage":"hu","potentialAction":[{"@type":"ReadAction","target":["https:\/\/hir.mediamarkt.hu\/magazin\/fenykepezogepekrol-roviden-ahany-gep-annyifele-tudas\/"]}]},{"@type":"ImageObject","inLanguage":"hu","@id":"https:\/\/hir.mediamarkt.hu\/magazin\/fenykepezogepekrol-roviden-ahany-gep-annyifele-tudas\/#primaryimage","url":"https:\/\/hir.mediamarkt.hu\/magazin\/wp-content\/uploads\/2016\/08\/1.jpg","contentUrl":"https:\/\/hir.mediamarkt.hu\/magazin\/wp-content\/uploads\/2016\/08\/1.jpg","width":128,"height":85},{"@type":"BreadcrumbList","@id":"https:\/\/hir.mediamarkt.hu\/magazin\/fenykepezogepekrol-roviden-ahany-gep-annyifele-tudas\/#breadcrumb","itemListElement":[{"@type":"ListItem","position":1,"name":"Kezd\u0151lap","item":"https:\/\/hir.mediamarkt.hu\/magazin\/"},{"@type":"ListItem","position":2,"name":"\u00c9letm\u00f3d \u00e9s szabadid\u0151","item":"https:\/\/hir.mediamarkt.hu\/magazin\/eletmod-es-szabadido\/"},{"@type":"ListItem","position":3,"name":"Fot\u00f3z\u00e1s","item":"https:\/\/hir.mediamarkt.hu\/magazin\/eletmod-es-szabadido\/fotozas\/"},{"@type":"ListItem","position":4,"name":"F\u00e9nyk\u00e9pez\u0151g\u00e9pekr\u0151l r\u00f6viden &#8211; ah\u00e1ny g\u00e9p, annyif\u00e9le tud\u00e1s\u2026"}]},{"@type":"WebSite","@id":"https:\/\/hir.mediamarkt.hu\/magazin\/#website","url":"https:\/\/hir.mediamarkt.hu\/magazin\/","name":"MediaMarkt Magazin","description":"Olvass bele magazinunkba!","potentialAction":[{"@type":"SearchAction","target":{"@type":"EntryPoint","urlTemplate":"https:\/\/hir.mediamarkt.hu\/magazin\/?s={search_term_string}"},"query-input":"required name=search_term_string"}],"inLanguage":"hu"},{"@type":"Person","@id":"https:\/\/hir.mediamarkt.hu\/magazin\/#\/schema\/person\/b93b02ec1ab4d2353f8d281e171c1b0b","name":"Media Markt","image":{"@type":"ImageObject","inLanguage":"hu","@id":"https:\/\/hir.mediamarkt.hu\/magazin\/#\/schema\/person\/image\/","url":"https:\/\/secure.gravatar.com\/avatar\/602bccae8998beee472d01909f0978f1?s=96&d=mm&r=g","contentUrl":"https:\/\/secure.gravatar.com\/avatar\/602bccae8998beee472d01909f0978f1?s=96&d=mm&r=g","caption":"Media Markt"}}]}},"_links":{"self":[{"href":"https:\/\/hir.mediamarkt.hu\/magazin\/wp-json\/wp\/v2\/posts\/4428"}],"collection":[{"href":"https:\/\/hir.mediamarkt.hu\/magazin\/wp-json\/wp\/v2\/posts"}],"about":[{"href":"https:\/\/hir.mediamarkt.hu\/magazin\/wp-json\/wp\/v2\/types\/post"}],"author":[{"embeddable":true,"href":"https:\/\/hir.mediamarkt.hu\/magazin\/wp-json\/wp\/v2\/users\/13"}],"replies":[{"embeddable":true,"href":"https:\/\/hir.mediamarkt.hu\/magazin\/wp-json\/wp\/v2\/comments?post=4428"}],"version-history":[{"count":1,"href":"https:\/\/hir.mediamarkt.hu\/magazin\/wp-json\/wp\/v2\/posts\/4428\/revisions"}],"predecessor-version":[{"id":4436,"href":"https:\/\/hir.mediamarkt.hu\/magazin\/wp-json\/wp\/v2\/posts\/4428\/revisions\/4436"}],"wp:featuredmedia":[{"embeddable":true,"href":"https:\/\/hir.mediamarkt.hu\/magazin\/wp-json\/wp\/v2\/media\/4429"}],"wp:attachment":[{"href":"https:\/\/hir.mediamarkt.hu\/magazin\/wp-json\/wp\/v2\/media?parent=4428"}],"wp:term":[{"taxonomy":"category","embeddable":true,"href":"https:\/\/hir.mediamarkt.hu\/magazin\/wp-json\/wp\/v2\/categories?post=4428"},{"taxonomy":"post_tag","embeddable":true,"href":"https:\/\/hir.mediamarkt.hu\/magazin\/wp-json\/wp\/v2\/tags?post=4428"}],"curies":[{"name":"wp","href":"https:\/\/api.w.org\/{rel}","templated":true}]}}