{"id":4480,"date":"2016-08-18T08:26:55","date_gmt":"2016-08-18T07:26:55","guid":{"rendered":"http:\/\/hir.mediamarkt.hu\/magazin\/?p=4480"},"modified":"2017-08-31T09:19:18","modified_gmt":"2017-08-31T08:19:18","slug":"hogyan-keszul-jo-portrefoto","status":"publish","type":"post","link":"https:\/\/hir.mediamarkt.hu\/magazin\/hogyan-keszul-jo-portrefoto\/","title":{"rendered":"Hogyan k\u00e9sz\u00fcl a j\u00f3 portr\u00e9fot\u00f3?"},"content":{"rendered":"<strong>A j\u00f3 portr\u00e9fot\u00f3 titka az \u00e9lesen kivehet\u0151 arc \u00e9s a besz\u00e9des szemek, p\u00e1ros\u00edtva az elmos\u00f3dott h\u00e1tt\u00e9rrel, ami a figyelmet a fot\u00f3n szerepl\u0151 alany tekintet\u00e9re \u00f6sszpontos\u00edtja. Technikai szempontb\u00f3l pedig az eg\u00e9sz alf\u00e1ja \u00e9s omeg\u00e1ja a m\u00e9lys\u00e9g\u00e9less\u00e9g megfelel\u0151 be\u00e1ll\u00edt\u00e1sa. <\/strong>\r\n\r\n<strong><em>Alapfelszerelts\u00e9g<\/em><\/strong>\r\n\r\nSzak\u00e9rt\u0151k is vitatj\u00e1k, hogy a portr\u00e9fot\u00f3z\u00e1shoz elegend\u0151-e az automata, vagy m\u00e1s n\u00e9ven kompakt k\u00e9sz\u00fcl\u00e9k, mivel ezeken is van, igaz csak korl\u00e1tozott lehet\u0151s\u00e9g a m\u00e9lys\u00e9g\u00e9less\u00e9g be\u00e1ll\u00edt\u00e1s\u00e1ra. <a href=\"http:\/\/www.mediamarkt.hu\/hu\/category\/_kompakt-f%C3%A9nyk%C3%A9pez%C5%91g%C3%A9p-504668.html?utm_medium=content&amp;utm_source=system-%5bsystem%5d&amp;utm_campaign=product-onl-hld%20(holding)-mediaportre&amp;utm_content=mediaportre_magazin1-1234567\"><strong>Kompakt g\u00e9pn\u00e9l f\u0151leg<\/strong><\/a> a kezd\u0151knek seg\u00edtenek sokat a tematikusan be\u00e1ll\u00edthat\u00f3 programok, k\u00f6zt\u00fck a portr\u00e9fot\u00f3z\u00e1sra val\u00f3.\r\n\r\n<img loading=\"lazy\" decoding=\"async\" class=\"alignleft wp-image-4482\" src=\"http:\/\/hir.mediamarkt.hu\/magazin\/wp-content\/uploads\/2016\/08\/2-2-300x224.png\" alt=\"2\" width=\"400\" height=\"299\" srcset=\"https:\/\/hir.mediamarkt.hu\/magazin\/wp-content\/uploads\/2016\/08\/2-2-300x224.png 300w, https:\/\/hir.mediamarkt.hu\/magazin\/wp-content\/uploads\/2016\/08\/2-2-275x205.png 275w, https:\/\/hir.mediamarkt.hu\/magazin\/wp-content\/uploads\/2016\/08\/2-2-768x574.png 768w, https:\/\/hir.mediamarkt.hu\/magazin\/wp-content\/uploads\/2016\/08\/2-2-720x538.png 720w, https:\/\/hir.mediamarkt.hu\/magazin\/wp-content\/uploads\/2016\/08\/2-2.png 328w\" sizes=\"(max-width: 400px) 100vw, 400px\" \/>\r\n\r\nA t\u00f6bbs\u00e9g azonban a <a href=\"http:\/\/www.mediamarkt.hu\/hu\/category\/_t%C3%BCk%C3%B6rreflexes-f%C3%A9nyk%C3%A9pez%C5%91g%C3%A9p-dslr-504666.html?utm_medium=content&amp;utm_source=system-%5bsystem%5d&amp;utm_campaign=product-onl-hld%20(holding)-mediaportre&amp;utm_content=mediaportre_magazin2-1234567\"><strong>t\u00fck\u00f6rreflexes digit\u00e1lis g\u00e9pek<\/strong><\/a> mellett teszi le a voks\u00e1t, amelyek k\u00f6z\u00f6tt szint\u00e9n igen sz\u00e9les a v\u00e1laszt\u00e9k tud\u00e1sban \u00e9s \u00e1rban egyar\u00e1nt.\r\n\r\nA g\u00e9pv\u00e1zn\u00e1l is fontosabbak azonban az <a href=\"http:\/\/www.mediamarkt.hu\/hu\/shop\/objektiv_aloldal.html?utm_medium=content&amp;utm_source=system-%5bsystem%5d&amp;utm_campaign=product-onl-hld%20(holding)-mediaportrefoto&amp;utm_content=mediaportrefoto_magazin30-1234567\"><strong>objekt\u00edvek<\/strong><\/a>, amelyekn\u00e9l k\u00fcl\u00f6n\u00f6sen aj\u00e1nlott odafigyelni a min\u0151s\u00e9gre. A portr\u00e9fot\u00f3z\u00e1shoz az alapm\u00e9retet, vagyis az 50-85 mm teleobjekt\u00edvet aj\u00e1nlj\u00e1k.\u00a0 Vannak, akik a k\u00f6zepes tele zoomot haszn\u00e1lnak 85mm-135mm k\u00f6z\u00f6tt, min\u00e9l nagyobb f\u00e9nyer\u0151vel. A hossz\u00fa gy\u00fajt\u00f3t\u00e1vols\u00e1g ugyanis j\u00f3t tesz a k\u00e9pnek, mert \u00edgy nem torz\u00edtanak az objekt\u00edvek, \u00e9s az esetleg l\u00e1tsz\u00f3 h\u00e1tteret kell\u0151en el tudjuk nagyolni ahhoz, hogy a portr\u00e9alanyunk kiemelkedjen bel\u0151le. Nagy l\u00e1t\u00f3sz\u00f6g\u0171 objekt\u00edvvel viszont nem lehet j\u00f3 portr\u00e9t k\u00e9sz\u00edteni.\r\n\r\n<img loading=\"lazy\" decoding=\"async\" class=\"alignleft wp-image-4483\" src=\"http:\/\/hir.mediamarkt.hu\/magazin\/wp-content\/uploads\/2016\/08\/3-2-300x224.png\" alt=\"3\" width=\"400\" height=\"299\" srcset=\"https:\/\/hir.mediamarkt.hu\/magazin\/wp-content\/uploads\/2016\/08\/3-2-300x224.png 300w, https:\/\/hir.mediamarkt.hu\/magazin\/wp-content\/uploads\/2016\/08\/3-2-275x205.png 275w, https:\/\/hir.mediamarkt.hu\/magazin\/wp-content\/uploads\/2016\/08\/3-2-768x574.png 768w, https:\/\/hir.mediamarkt.hu\/magazin\/wp-content\/uploads\/2016\/08\/3-2-720x538.png 720w, https:\/\/hir.mediamarkt.hu\/magazin\/wp-content\/uploads\/2016\/08\/3-2.png 328w\" sizes=\"(max-width: 400px) 100vw, 400px\" \/>\r\n\r\n<strong>Tippek \u00e9s tr\u00fckk\u00f6k<\/strong>\r\n\r\nNyissuk a g\u00e9p\u00fcnk\u00f6n a rekeszt min\u00e9l nagyobbra, a legjobb az <a href=\"http:\/\/www.mediamarkt.hu\/hu\/product\/_nikon-40mm-f-2-8-micro-af-s-dx-objekt%C3%ADv-1108283.html?utm_medium=content&amp;utm_source=system-%5bsystem%5d&amp;utm_campaign=product-onl-hld%20(holding)-mediaportre&amp;utm_content=mediaportre_magazin4-1234567\"><strong>f\/2.8<\/strong><\/a>, vagy ann\u00e1l is nagyobb \u00e9rt\u00e9k, hosszabb gy\u00fajt\u00f3t\u00e1vols\u00e1gn\u00e1l ez ak\u00e1r <a href=\"http:\/\/www.mediamarkt.hu\/hu\/product\/_nikon-12-24-mm-f-4-0-g-if-ed-dx-objekt%C3%ADv-2830272.html?utm_medium=content&amp;utm_source=system-%5bsystem%5d&amp;utm_campaign=product-onl-hld%20(holding)-mediaportre&amp;utm_content=mediaportre_magazin3-1234567\"><strong>f\/4.0<\/strong><\/a> is lehet.\r\n\r\nJ\u00f3l v\u00e1lasszuk meg a modellt\u0151l val\u00f3 t\u00e1vols\u00e1got, fontos, hogy a v\u00e1lasztott t\u00e9ma kit\u00f6ltse a k\u00e9pet. H\u00e1rom m\u00e9ter t\u00e1vols\u00e1gr\u00f3l \u00e9lesebb jobb portr\u00e9k\u00e9pek k\u00e9sz\u00fclhetnek, mint k\u00e9tszer akkora t\u00e1vols\u00e1gr\u00f3l.\r\n\r\nFontos a megfelel\u0151 h\u00e1tt\u00e9r kiv\u00e1laszt\u00e1sa is, err\u0151l sokan elfeledkeznek. V\u00e1lasszunk egyszer\u0171, pasztelles h\u00e1tteret, lehet az sima falfel\u00fclet is.\r\n\r\n<img loading=\"lazy\" decoding=\"async\" class=\"alignleft wp-image-4484\" src=\"http:\/\/hir.mediamarkt.hu\/magazin\/wp-content\/uploads\/2016\/08\/4-2-300x224.png\" alt=\"4\" width=\"400\" height=\"299\" srcset=\"https:\/\/hir.mediamarkt.hu\/magazin\/wp-content\/uploads\/2016\/08\/4-2-300x224.png 300w, https:\/\/hir.mediamarkt.hu\/magazin\/wp-content\/uploads\/2016\/08\/4-2-275x205.png 275w, https:\/\/hir.mediamarkt.hu\/magazin\/wp-content\/uploads\/2016\/08\/4-2-768x574.png 768w, https:\/\/hir.mediamarkt.hu\/magazin\/wp-content\/uploads\/2016\/08\/4-2-720x538.png 720w, https:\/\/hir.mediamarkt.hu\/magazin\/wp-content\/uploads\/2016\/08\/4-2.png 328w\" sizes=\"(max-width: 400px) 100vw, 400px\" \/>\r\n\r\nHaszn\u00e1ljunk nagy f\u00e9ny\u00e9rz\u00e9kenys\u00e9get, szabadt\u00e9ri f\u00e9nyk\u00e9pez\u00e9shez 200, z\u00e1rt helys\u00e9gben ISO 400 aj\u00e1nlott.\u00a0 A vaku haszn\u00e1lat\u00e1n\u00e1l is megoszlik a szak\u00e9rt\u0151k v\u00e9lem\u00e9nye, vannak, akik minden esetben aj\u00e1nlj\u00e1k azt, vannak, akik csak igen rossz f\u00e9nyviszonyok k\u00f6z\u00f6tt. Haszn\u00e1ljuk der\u00edt\u00e9sre a vakut, m\u00e9g nappal is.\r\n\r\nA t\u00fck\u00f6rreflexes g\u00e9pekhez a legjobb a nem be\u00e9p\u00edtett, \u00fagynevezett <a href=\"http:\/\/www.mediamarkt.hu\/hu\/product\/_nikon-sb-700-vaku-1074077.html?utm_medium=content&amp;utm_source=system-%5bsystem%5d&amp;utm_campaign=product-onl-hld%20(holding)-mediaportre&amp;utm_content=mediaportre_magazin5-1234567\"><strong>rendszervaku alkalmaz\u00e1sa<\/strong><\/a>, ezek d\u00f6nthet\u0151k, forgathat\u00f3 fej\u0171ek, nagyon j\u00f3k indirekt vil\u00e1g\u00edt\u00e1shoz, p\u00e9ld\u00e1ul ha egy feh\u00e9r falra vakuzunk, \u00e9s a visszaver\u0151d\u0151 f\u00e9ny vil\u00e1g\u00edtja meg a portr\u00e9alanyt.\r\n\r\n<img loading=\"lazy\" decoding=\"async\" class=\"alignleft wp-image-4485\" src=\"http:\/\/hir.mediamarkt.hu\/magazin\/wp-content\/uploads\/2016\/08\/5-1-300x224.png\" alt=\"5\" width=\"400\" height=\"299\" srcset=\"https:\/\/hir.mediamarkt.hu\/magazin\/wp-content\/uploads\/2016\/08\/5-1-300x224.png 300w, https:\/\/hir.mediamarkt.hu\/magazin\/wp-content\/uploads\/2016\/08\/5-1-275x205.png 275w, https:\/\/hir.mediamarkt.hu\/magazin\/wp-content\/uploads\/2016\/08\/5-1-768x574.png 768w, https:\/\/hir.mediamarkt.hu\/magazin\/wp-content\/uploads\/2016\/08\/5-1-720x538.png 720w, https:\/\/hir.mediamarkt.hu\/magazin\/wp-content\/uploads\/2016\/08\/5-1.png 328w\" sizes=\"(max-width: 400px) 100vw, 400px\" \/>\r\n\r\n\u00c9s v\u00e9g\u00fcl k\u00e9t igaz\u00e1n hasznos tan\u00e1cs fot\u00f3snak \u00e9s modellnek. Ut\u00f3bbi igyekezzen kicsit mosolyogni, mert \u00e9lettel telibb lesz t\u0151le a k\u00e9p. El\u0151bbi pedig, ha gyereket fot\u00f3z a modell be\u00e1ll\u00edt\u00e1sa helyett haszn\u00e1lja a sorozatfelv\u00e9teli \u00fczemm\u00f3dot, \u00edgy lehet elcs\u00edpni a legjobb pillanatokat.","protected":false},"excerpt":{"rendered":"A j\u00f3 portr\u00e9fot\u00f3 titka az \u00e9lesen kivehet\u0151 arc \u00e9s a besz\u00e9des szemek, p\u00e1ros\u00edtva az elmos\u00f3dott h\u00e1tt\u00e9rrel, ami a figyelmet a fot\u00f3n szerepl\u0151 alany tekintet\u00e9re \u00f6sszpontos\u00edtja. Technikai szempontb\u00f3l pedig az eg\u00e9sz alf\u00e1ja \u00e9s omeg\u00e1ja a m\u00e9lys\u00e9g\u00e9less\u00e9g megfelel\u0151 be\u00e1ll\u00edt\u00e1sa. Alapfelszerelts\u00e9g Szak\u00e9rt\u0151k is vitatj\u00e1k, hogy a portr\u00e9fot\u00f3z\u00e1shoz elegend\u0151-e az automata, vagy m\u00e1s n\u00e9ven kompakt k\u00e9sz\u00fcl\u00e9k, mivel ezeken is van, igaz csak korl\u00e1tozott lehet\u0151s\u00e9g a m\u00e9lys\u00e9g\u00e9less\u00e9g be\u00e1ll\u00edt\u00e1s\u00e1ra. Kompakt g\u00e9pn\u00e9l f\u0151leg a kezd\u0151knek seg\u00edtenek sokat a tematikusan be\u00e1ll\u00edthat\u00f3 programok, k\u00f6zt\u00fck a portr\u00e9fot\u00f3z\u00e1sra val\u00f3. A t\u00f6bbs\u00e9g azonban a t\u00fck\u00f6rreflexes digit\u00e1lis g\u00e9pek mellett teszi le a voks\u00e1t, amelyek k\u00f6z\u00f6tt szint\u00e9n igen sz\u00e9les a v\u00e1laszt\u00e9k tud\u00e1sban \u00e9s \u00e1rban egyar\u00e1nt. A g\u00e9pv\u00e1zn\u00e1l is fontosabbak azonban az objekt\u00edvek, amelyekn\u00e9l k\u00fcl\u00f6n\u00f6sen aj\u00e1nlott odafigyelni a min\u0151s\u00e9gre. A portr\u00e9fot\u00f3z\u00e1shoz az alapm\u00e9retet, vagyis az &#8230;","protected":false},"author":13,"featured_media":4481,"comment_status":"open","ping_status":"open","sticky":false,"template":"","format":"standard","meta":{"wprm-recipe-roundup-name":"","wprm-recipe-roundup-description":"","footnotes":""},"categories":[5960,5969,5967],"tags":[2117],"yoast_head":"<!-- This site is optimized with the Yoast SEO plugin v22.9 - https:\/\/yoast.com\/wordpress\/plugins\/seo\/ -->\n<title>Hogyan k\u00e9sz\u00fcl a j\u00f3 portr\u00e9fot\u00f3? - MediaMarkt Magazin<\/title>\n<meta name=\"robots\" content=\"index, follow, max-snippet:-1, max-image-preview:large, max-video-preview:-1\" \/>\n<link rel=\"canonical\" href=\"https:\/\/hir.mediamarkt.hu\/magazin\/hogyan-keszul-jo-portrefoto\/\" \/>\n<meta property=\"og:locale\" content=\"hu_HU\" \/>\n<meta property=\"og:type\" content=\"article\" \/>\n<meta property=\"og:title\" content=\"Hogyan k\u00e9sz\u00fcl a j\u00f3 portr\u00e9fot\u00f3? - MediaMarkt Magazin\" \/>\n<meta property=\"og:description\" content=\"A j\u00f3 portr\u00e9fot\u00f3 titka az \u00e9lesen kivehet\u0151 arc \u00e9s a besz\u00e9des szemek, p\u00e1ros\u00edtva az elmos\u00f3dott h\u00e1tt\u00e9rrel, ami a figyelmet a fot\u00f3n szerepl\u0151 alany tekintet\u00e9re \u00f6sszpontos\u00edtja. Technikai szempontb\u00f3l pedig az eg\u00e9sz alf\u00e1ja \u00e9s omeg\u00e1ja a m\u00e9lys\u00e9g\u00e9less\u00e9g megfelel\u0151 be\u00e1ll\u00edt\u00e1sa. Alapfelszerelts\u00e9g Szak\u00e9rt\u0151k is vitatj\u00e1k, hogy a portr\u00e9fot\u00f3z\u00e1shoz elegend\u0151-e az automata, vagy m\u00e1s n\u00e9ven kompakt k\u00e9sz\u00fcl\u00e9k, mivel ezeken is van, igaz csak korl\u00e1tozott lehet\u0151s\u00e9g a m\u00e9lys\u00e9g\u00e9less\u00e9g be\u00e1ll\u00edt\u00e1s\u00e1ra. Kompakt g\u00e9pn\u00e9l f\u0151leg a kezd\u0151knek seg\u00edtenek sokat a tematikusan be\u00e1ll\u00edthat\u00f3 programok, k\u00f6zt\u00fck a portr\u00e9fot\u00f3z\u00e1sra val\u00f3. A t\u00f6bbs\u00e9g azonban a t\u00fck\u00f6rreflexes digit\u00e1lis g\u00e9pek mellett teszi le a voks\u00e1t, amelyek k\u00f6z\u00f6tt szint\u00e9n igen sz\u00e9les a v\u00e1laszt\u00e9k tud\u00e1sban \u00e9s \u00e1rban egyar\u00e1nt. A g\u00e9pv\u00e1zn\u00e1l is fontosabbak azonban az objekt\u00edvek, amelyekn\u00e9l k\u00fcl\u00f6n\u00f6sen aj\u00e1nlott odafigyelni a min\u0151s\u00e9gre. A portr\u00e9fot\u00f3z\u00e1shoz az alapm\u00e9retet, vagyis az ...\" \/>\n<meta property=\"og:url\" content=\"https:\/\/hir.mediamarkt.hu\/magazin\/hogyan-keszul-jo-portrefoto\/\" \/>\n<meta property=\"og:site_name\" content=\"MediaMarkt Magazin\" \/>\n<meta property=\"article:publisher\" content=\"https:\/\/www.facebook.com\/MediaMarktMagyarorszag\" \/>\n<meta property=\"article:published_time\" content=\"2016-08-18T07:26:55+00:00\" \/>\n<meta property=\"article:modified_time\" content=\"2017-08-31T08:19:18+00:00\" \/>\n<meta property=\"og:image\" content=\"https:\/\/hir.mediamarkt.hu\/magazin\/wp-content\/uploads\/2016\/08\/1-4.jpg\" \/>\n\t<meta property=\"og:image:width\" content=\"116\" \/>\n\t<meta property=\"og:image:height\" content=\"78\" \/>\n\t<meta property=\"og:image:type\" content=\"image\/jpeg\" \/>\n<meta name=\"author\" content=\"Media Markt\" \/>\n<meta name=\"twitter:label1\" content=\"Szerz\u0151:\" \/>\n\t<meta name=\"twitter:data1\" content=\"Media Markt\" \/>\n\t<meta name=\"twitter:label2\" content=\"Becs\u00fclt olvas\u00e1si id\u0151\" \/>\n\t<meta name=\"twitter:data2\" content=\"3 perc\" \/>\n<script type=\"application\/ld+json\" class=\"yoast-schema-graph\">{\"@context\":\"https:\/\/schema.org\",\"@graph\":[{\"@type\":\"WebPage\",\"@id\":\"https:\/\/hir.mediamarkt.hu\/magazin\/hogyan-keszul-jo-portrefoto\/\",\"url\":\"https:\/\/hir.mediamarkt.hu\/magazin\/hogyan-keszul-jo-portrefoto\/\",\"name\":\"Hogyan k\u00e9sz\u00fcl a j\u00f3 portr\u00e9fot\u00f3? - MediaMarkt Magazin\",\"isPartOf\":{\"@id\":\"https:\/\/hir.mediamarkt.hu\/magazin\/#website\"},\"primaryImageOfPage\":{\"@id\":\"https:\/\/hir.mediamarkt.hu\/magazin\/hogyan-keszul-jo-portrefoto\/#primaryimage\"},\"image\":{\"@id\":\"https:\/\/hir.mediamarkt.hu\/magazin\/hogyan-keszul-jo-portrefoto\/#primaryimage\"},\"thumbnailUrl\":\"https:\/\/hir.mediamarkt.hu\/magazin\/wp-content\/uploads\/2016\/08\/1-4.jpg\",\"datePublished\":\"2016-08-18T07:26:55+00:00\",\"dateModified\":\"2017-08-31T08:19:18+00:00\",\"author\":{\"@id\":\"https:\/\/hir.mediamarkt.hu\/magazin\/#\/schema\/person\/b93b02ec1ab4d2353f8d281e171c1b0b\"},\"breadcrumb\":{\"@id\":\"https:\/\/hir.mediamarkt.hu\/magazin\/hogyan-keszul-jo-portrefoto\/#breadcrumb\"},\"inLanguage\":\"hu\",\"potentialAction\":[{\"@type\":\"ReadAction\",\"target\":[\"https:\/\/hir.mediamarkt.hu\/magazin\/hogyan-keszul-jo-portrefoto\/\"]}]},{\"@type\":\"ImageObject\",\"inLanguage\":\"hu\",\"@id\":\"https:\/\/hir.mediamarkt.hu\/magazin\/hogyan-keszul-jo-portrefoto\/#primaryimage\",\"url\":\"https:\/\/hir.mediamarkt.hu\/magazin\/wp-content\/uploads\/2016\/08\/1-4.jpg\",\"contentUrl\":\"https:\/\/hir.mediamarkt.hu\/magazin\/wp-content\/uploads\/2016\/08\/1-4.jpg\",\"width\":116,\"height\":78},{\"@type\":\"BreadcrumbList\",\"@id\":\"https:\/\/hir.mediamarkt.hu\/magazin\/hogyan-keszul-jo-portrefoto\/#breadcrumb\",\"itemListElement\":[{\"@type\":\"ListItem\",\"position\":1,\"name\":\"Kezd\u0151lap\",\"item\":\"https:\/\/hir.mediamarkt.hu\/magazin\/\"},{\"@type\":\"ListItem\",\"position\":2,\"name\":\"\u00c9letm\u00f3d \u00e9s szabadid\u0151\",\"item\":\"https:\/\/hir.mediamarkt.hu\/magazin\/eletmod-es-szabadido\/\"},{\"@type\":\"ListItem\",\"position\":3,\"name\":\"Fot\u00f3z\u00e1s\",\"item\":\"https:\/\/hir.mediamarkt.hu\/magazin\/eletmod-es-szabadido\/fotozas\/\"},{\"@type\":\"ListItem\",\"position\":4,\"name\":\"Hogyan k\u00e9sz\u00fcl a j\u00f3 portr\u00e9fot\u00f3?\"}]},{\"@type\":\"WebSite\",\"@id\":\"https:\/\/hir.mediamarkt.hu\/magazin\/#website\",\"url\":\"https:\/\/hir.mediamarkt.hu\/magazin\/\",\"name\":\"MediaMarkt Magazin\",\"description\":\"Olvass bele magazinunkba!\",\"potentialAction\":[{\"@type\":\"SearchAction\",\"target\":{\"@type\":\"EntryPoint\",\"urlTemplate\":\"https:\/\/hir.mediamarkt.hu\/magazin\/?s={search_term_string}\"},\"query-input\":\"required name=search_term_string\"}],\"inLanguage\":\"hu\"},{\"@type\":\"Person\",\"@id\":\"https:\/\/hir.mediamarkt.hu\/magazin\/#\/schema\/person\/b93b02ec1ab4d2353f8d281e171c1b0b\",\"name\":\"Media Markt\",\"image\":{\"@type\":\"ImageObject\",\"inLanguage\":\"hu\",\"@id\":\"https:\/\/hir.mediamarkt.hu\/magazin\/#\/schema\/person\/image\/\",\"url\":\"https:\/\/secure.gravatar.com\/avatar\/602bccae8998beee472d01909f0978f1?s=96&d=mm&r=g\",\"contentUrl\":\"https:\/\/secure.gravatar.com\/avatar\/602bccae8998beee472d01909f0978f1?s=96&d=mm&r=g\",\"caption\":\"Media Markt\"}}]}<\/script>\n<!-- \/ Yoast SEO plugin. -->","yoast_head_json":{"title":"Hogyan k\u00e9sz\u00fcl a j\u00f3 portr\u00e9fot\u00f3? - MediaMarkt Magazin","robots":{"index":"index","follow":"follow","max-snippet":"max-snippet:-1","max-image-preview":"max-image-preview:large","max-video-preview":"max-video-preview:-1"},"canonical":"https:\/\/hir.mediamarkt.hu\/magazin\/hogyan-keszul-jo-portrefoto\/","og_locale":"hu_HU","og_type":"article","og_title":"Hogyan k\u00e9sz\u00fcl a j\u00f3 portr\u00e9fot\u00f3? - MediaMarkt Magazin","og_description":"A j\u00f3 portr\u00e9fot\u00f3 titka az \u00e9lesen kivehet\u0151 arc \u00e9s a besz\u00e9des szemek, p\u00e1ros\u00edtva az elmos\u00f3dott h\u00e1tt\u00e9rrel, ami a figyelmet a fot\u00f3n szerepl\u0151 alany tekintet\u00e9re \u00f6sszpontos\u00edtja. Technikai szempontb\u00f3l pedig az eg\u00e9sz alf\u00e1ja \u00e9s omeg\u00e1ja a m\u00e9lys\u00e9g\u00e9less\u00e9g megfelel\u0151 be\u00e1ll\u00edt\u00e1sa. Alapfelszerelts\u00e9g Szak\u00e9rt\u0151k is vitatj\u00e1k, hogy a portr\u00e9fot\u00f3z\u00e1shoz elegend\u0151-e az automata, vagy m\u00e1s n\u00e9ven kompakt k\u00e9sz\u00fcl\u00e9k, mivel ezeken is van, igaz csak korl\u00e1tozott lehet\u0151s\u00e9g a m\u00e9lys\u00e9g\u00e9less\u00e9g be\u00e1ll\u00edt\u00e1s\u00e1ra. Kompakt g\u00e9pn\u00e9l f\u0151leg a kezd\u0151knek seg\u00edtenek sokat a tematikusan be\u00e1ll\u00edthat\u00f3 programok, k\u00f6zt\u00fck a portr\u00e9fot\u00f3z\u00e1sra val\u00f3. A t\u00f6bbs\u00e9g azonban a t\u00fck\u00f6rreflexes digit\u00e1lis g\u00e9pek mellett teszi le a voks\u00e1t, amelyek k\u00f6z\u00f6tt szint\u00e9n igen sz\u00e9les a v\u00e1laszt\u00e9k tud\u00e1sban \u00e9s \u00e1rban egyar\u00e1nt. A g\u00e9pv\u00e1zn\u00e1l is fontosabbak azonban az objekt\u00edvek, amelyekn\u00e9l k\u00fcl\u00f6n\u00f6sen aj\u00e1nlott odafigyelni a min\u0151s\u00e9gre. A portr\u00e9fot\u00f3z\u00e1shoz az alapm\u00e9retet, vagyis az ...","og_url":"https:\/\/hir.mediamarkt.hu\/magazin\/hogyan-keszul-jo-portrefoto\/","og_site_name":"MediaMarkt Magazin","article_publisher":"https:\/\/www.facebook.com\/MediaMarktMagyarorszag","article_published_time":"2016-08-18T07:26:55+00:00","article_modified_time":"2017-08-31T08:19:18+00:00","og_image":[{"width":116,"height":78,"url":"https:\/\/hir.mediamarkt.hu\/magazin\/wp-content\/uploads\/2016\/08\/1-4.jpg","type":"image\/jpeg"}],"author":"Media Markt","twitter_misc":{"Szerz\u0151:":"Media Markt","Becs\u00fclt olvas\u00e1si id\u0151":"3 perc"},"schema":{"@context":"https:\/\/schema.org","@graph":[{"@type":"WebPage","@id":"https:\/\/hir.mediamarkt.hu\/magazin\/hogyan-keszul-jo-portrefoto\/","url":"https:\/\/hir.mediamarkt.hu\/magazin\/hogyan-keszul-jo-portrefoto\/","name":"Hogyan k\u00e9sz\u00fcl a j\u00f3 portr\u00e9fot\u00f3? - MediaMarkt Magazin","isPartOf":{"@id":"https:\/\/hir.mediamarkt.hu\/magazin\/#website"},"primaryImageOfPage":{"@id":"https:\/\/hir.mediamarkt.hu\/magazin\/hogyan-keszul-jo-portrefoto\/#primaryimage"},"image":{"@id":"https:\/\/hir.mediamarkt.hu\/magazin\/hogyan-keszul-jo-portrefoto\/#primaryimage"},"thumbnailUrl":"https:\/\/hir.mediamarkt.hu\/magazin\/wp-content\/uploads\/2016\/08\/1-4.jpg","datePublished":"2016-08-18T07:26:55+00:00","dateModified":"2017-08-31T08:19:18+00:00","author":{"@id":"https:\/\/hir.mediamarkt.hu\/magazin\/#\/schema\/person\/b93b02ec1ab4d2353f8d281e171c1b0b"},"breadcrumb":{"@id":"https:\/\/hir.mediamarkt.hu\/magazin\/hogyan-keszul-jo-portrefoto\/#breadcrumb"},"inLanguage":"hu","potentialAction":[{"@type":"ReadAction","target":["https:\/\/hir.mediamarkt.hu\/magazin\/hogyan-keszul-jo-portrefoto\/"]}]},{"@type":"ImageObject","inLanguage":"hu","@id":"https:\/\/hir.mediamarkt.hu\/magazin\/hogyan-keszul-jo-portrefoto\/#primaryimage","url":"https:\/\/hir.mediamarkt.hu\/magazin\/wp-content\/uploads\/2016\/08\/1-4.jpg","contentUrl":"https:\/\/hir.mediamarkt.hu\/magazin\/wp-content\/uploads\/2016\/08\/1-4.jpg","width":116,"height":78},{"@type":"BreadcrumbList","@id":"https:\/\/hir.mediamarkt.hu\/magazin\/hogyan-keszul-jo-portrefoto\/#breadcrumb","itemListElement":[{"@type":"ListItem","position":1,"name":"Kezd\u0151lap","item":"https:\/\/hir.mediamarkt.hu\/magazin\/"},{"@type":"ListItem","position":2,"name":"\u00c9letm\u00f3d \u00e9s szabadid\u0151","item":"https:\/\/hir.mediamarkt.hu\/magazin\/eletmod-es-szabadido\/"},{"@type":"ListItem","position":3,"name":"Fot\u00f3z\u00e1s","item":"https:\/\/hir.mediamarkt.hu\/magazin\/eletmod-es-szabadido\/fotozas\/"},{"@type":"ListItem","position":4,"name":"Hogyan k\u00e9sz\u00fcl a j\u00f3 portr\u00e9fot\u00f3?"}]},{"@type":"WebSite","@id":"https:\/\/hir.mediamarkt.hu\/magazin\/#website","url":"https:\/\/hir.mediamarkt.hu\/magazin\/","name":"MediaMarkt Magazin","description":"Olvass bele magazinunkba!","potentialAction":[{"@type":"SearchAction","target":{"@type":"EntryPoint","urlTemplate":"https:\/\/hir.mediamarkt.hu\/magazin\/?s={search_term_string}"},"query-input":"required name=search_term_string"}],"inLanguage":"hu"},{"@type":"Person","@id":"https:\/\/hir.mediamarkt.hu\/magazin\/#\/schema\/person\/b93b02ec1ab4d2353f8d281e171c1b0b","name":"Media Markt","image":{"@type":"ImageObject","inLanguage":"hu","@id":"https:\/\/hir.mediamarkt.hu\/magazin\/#\/schema\/person\/image\/","url":"https:\/\/secure.gravatar.com\/avatar\/602bccae8998beee472d01909f0978f1?s=96&d=mm&r=g","contentUrl":"https:\/\/secure.gravatar.com\/avatar\/602bccae8998beee472d01909f0978f1?s=96&d=mm&r=g","caption":"Media Markt"}}]}},"_links":{"self":[{"href":"https:\/\/hir.mediamarkt.hu\/magazin\/wp-json\/wp\/v2\/posts\/4480"}],"collection":[{"href":"https:\/\/hir.mediamarkt.hu\/magazin\/wp-json\/wp\/v2\/posts"}],"about":[{"href":"https:\/\/hir.mediamarkt.hu\/magazin\/wp-json\/wp\/v2\/types\/post"}],"author":[{"embeddable":true,"href":"https:\/\/hir.mediamarkt.hu\/magazin\/wp-json\/wp\/v2\/users\/13"}],"replies":[{"embeddable":true,"href":"https:\/\/hir.mediamarkt.hu\/magazin\/wp-json\/wp\/v2\/comments?post=4480"}],"version-history":[{"count":1,"href":"https:\/\/hir.mediamarkt.hu\/magazin\/wp-json\/wp\/v2\/posts\/4480\/revisions"}],"predecessor-version":[{"id":4486,"href":"https:\/\/hir.mediamarkt.hu\/magazin\/wp-json\/wp\/v2\/posts\/4480\/revisions\/4486"}],"wp:featuredmedia":[{"embeddable":true,"href":"https:\/\/hir.mediamarkt.hu\/magazin\/wp-json\/wp\/v2\/media\/4481"}],"wp:attachment":[{"href":"https:\/\/hir.mediamarkt.hu\/magazin\/wp-json\/wp\/v2\/media?parent=4480"}],"wp:term":[{"taxonomy":"category","embeddable":true,"href":"https:\/\/hir.mediamarkt.hu\/magazin\/wp-json\/wp\/v2\/categories?post=4480"},{"taxonomy":"post_tag","embeddable":true,"href":"https:\/\/hir.mediamarkt.hu\/magazin\/wp-json\/wp\/v2\/tags?post=4480"}],"curies":[{"name":"wp","href":"https:\/\/api.w.org\/{rel}","templated":true}]}}