{"id":4642,"date":"2016-10-19T14:06:22","date_gmt":"2016-10-19T13:06:22","guid":{"rendered":"http:\/\/hir.mediamarkt.hu\/magazin\/?p=4642"},"modified":"2017-08-31T09:11:23","modified_gmt":"2017-08-31T08:11:23","slug":"hogyan-valassz-hajformazot","status":"publish","type":"post","link":"https:\/\/hir.mediamarkt.hu\/magazin\/hogyan-valassz-hajformazot\/","title":{"rendered":"Hogyan v\u00e1lassz hajform\u00e1z\u00f3t"},"content":{"rendered":"<p style=\"text-align: justify;\"><strong>Kev\u00e9s olyan dolog van, amivel egy n\u0151 t\u00f6bb id\u0151t tud elt\u00f6lteni, mint a haj\u00e1pol\u00e1s. Manaps\u00e1g m\u00e1r a legk\u00fcl\u00f6nb\u00f6z\u0151bb \u00e9s legmodernebb eszk\u00f6z\u00f6k tucatjaib\u00f3l lehet v\u00e1logatni ahhoz, hogy a haj\u00e1pol\u00e1st mesteri szintre emelj\u00fck ak\u00e1r otthon is. Valljuk be azonban, gyakran m\u00e9g minket, n\u0151ket is meglepet\u00e9sk\u00e9nt \u00e9r, hogy egy-egy k\u00fcty\u00fc mire k\u00e9pes \u00e9s milyen frizur\u00e1kat lehet vel\u00fck alkotni.<\/strong><\/p>\r\n<p style=\"text-align: justify;\"><strong>Hajsz\u00e1r\u00edt\u00f3<\/strong><\/p>\r\n<p style=\"text-align: justify;\">Term\u00e9szetesen sokan szent\u00fcl vallj\u00e1k, hogy a leveg\u0151n sz\u00e1r\u00edtott haj a legeg\u00e9szs\u00e9gesebb \u00e9s \u00fagy \u00f6sszess\u00e9g\u00e9ben az optim\u00e1lis megold\u00e1s, ami persze ny\u00e1ron nem is haszontalan \u00f6tlet, \u00e1m a hidegebb h\u00f3napokban nem \u00e9ppen a legkellemesebb \u00e9rz\u00e9s. R\u00e1ad\u00e1sul att\u00f3l hogy az ember l\u00e1nya a meleg leveg\u0151 \u00e1rtalmait\u00f3l f\u00e9lti tincseit, m\u00e9g nem kell lemondania a gyors hajsz\u00e1r\u00edt\u00e1s luxus\u00e1t\u00f3l, h\u00e1la a m\u00e1ra m\u00e1r sz\u00e9les k\u00f6rben elterjedt <strong><a href=\"http:\/\/www.mediamarkt.hu\/hu\/product\/_philips-hp8243-00-kerashine-hajsz%C3%A1r%C3%ADt%C3%B3-1172068.html?utm_medium=content&amp;utm_source=system-%5bsystem%5d&amp;utm_campaign=product-onl-hld%20(holding)-hair1&amp;utm_content=Fitbit_magazin10-1234567\">hideg leveg\u0151s ionos hajsz\u00e1r\u00edt\u00f3k<\/a><\/strong>nak.\r\nAzok pedig, akik hajsz\u00e1r\u00edt\u00e1s k\u00f6zben m\u00e1r kap\u00e1sb\u00f3l <strong><a href=\"http:\/\/www.mediamarkt.hu\/hu\/category\/_hajform%C3%A1z%C3%B3-504764.html?utm_medium=content&amp;utm_source=system-%5bsystem%5d&amp;utm_campaign=product-onl-hld%20(holding)-hair2&amp;utm_content=Fitbit_magazin10-1234567\">form\u00e1zni is k\u00edv\u00e1nj\u00e1k hajukat<\/a><\/strong>? Nekik sem kell \u00e1lmatlanul forgol\u00f3dniuk \u00e9jszak\u00e1nk\u00e9nt, egy egyszer\u0171 <strong><a href=\"http:\/\/www.mediamarkt.hu\/hu\/product\/_philips-hp-8656-melegleveg%C5%91s-hajform%C3%A1z%C3%B3-1098311.html?utm_medium=content&amp;utm_source=system-%5bsystem%5d&amp;utm_campaign=product-onl-hld%20(holding)-hair3&amp;utm_content=Fitbit_magazin10-1234567\">meleg leveg\u0151s hajform\u00e1z\u00f3val<\/a><\/strong> egyszerre kif\u00e9s\u00fclhetik \u00e9s megsz\u00e1r\u00edthatj\u00e1k hajkoron\u00e1jukat.<\/p>\r\n<p style=\"text-align: justify;\"><img loading=\"lazy\" decoding=\"async\" class=\"aligncenter wp-image-4644\" src=\"http:\/\/hir.mediamarkt.hu\/magazin\/wp-content\/uploads\/2016\/10\/hair1-1024x683.jpg\" alt=\"hair1\" width=\"400\" height=\"267\" srcset=\"https:\/\/hir.mediamarkt.hu\/magazin\/wp-content\/uploads\/2016\/10\/hair1-1024x683.jpg 1024w, https:\/\/hir.mediamarkt.hu\/magazin\/wp-content\/uploads\/2016\/10\/hair1-275x183.jpg 275w, https:\/\/hir.mediamarkt.hu\/magazin\/wp-content\/uploads\/2016\/10\/hair1-300x200.jpg 300w, https:\/\/hir.mediamarkt.hu\/magazin\/wp-content\/uploads\/2016\/10\/hair1-768x512.jpg 768w, https:\/\/hir.mediamarkt.hu\/magazin\/wp-content\/uploads\/2016\/10\/hair1-720x480.jpg 720w, https:\/\/hir.mediamarkt.hu\/magazin\/wp-content\/uploads\/2016\/10\/hair1.jpg 684w\" sizes=\"(max-width: 400px) 100vw, 400px\" \/><\/p>\r\n<strong>Hajvasal\u00f3<\/strong>\r\n<p style=\"text-align: justify;\">A <strong><a href=\"http:\/\/www.mediamarkt.hu\/hu\/category\/_hajvasal%C3%B3-504763.html?utm_medium=content&amp;utm_source=system-%5bsystem%5d&amp;utm_campaign=product-onl-hld%20(holding)-hair4&amp;utm_content=Fitbit_magazin10-1234567\">hajvasal\u00f3<\/a><\/strong> m\u00e1r csak az\u00e9rt is v\u00e9gtelen\u00fcl hasznos kis szerkezet, mert, ha valamilyen v\u00e9letlen folyt\u00e1n t\u00faltenn\u00e9nk magunkat az \u201eegyenesre vasal\u00f3s\u201d korszakunkon, r\u00e1d\u00f6bbenhet\u00fcnk, hogy ezzel a k\u00fcty\u00fcvel m\u00e9g g\u00f6nd\u00f6r\u00edteni is lehet a frizur\u00e1nkat, nem besz\u00e9lve a frufru form\u00e1z\u00e1s\u00e1r\u00f3l.\r\nPersze amennyire n\u00e9pszer\u0171, sokan annyira v\u00e9lik k\u00e1rosnak is a hajvasal\u00f3kat, pedig szerencs\u00e9re ma <strong><a href=\"http:\/\/www.mediamarkt.hu\/hu\/product\/_babyliss-st330-diamond-2in1-hajvasal%C3%B3-1149294.html?utm_medium=content&amp;utm_source=system-%5bsystem%5d&amp;utm_campaign=product-onl-hld%20(holding)-hair5&amp;utm_content=Fitbit_magazin10-1234567\">m\u00e1r ak\u00e1r nedves hajon<\/a><\/strong> is lehet \u0151ket haszn\u00e1lni, nem k\u00e1ros\u00edtj\u00e1k a frizur\u00e1t.<\/p>\r\n<p style=\"text-align: justify;\"><img loading=\"lazy\" decoding=\"async\" class=\"aligncenter wp-image-4645\" src=\"http:\/\/hir.mediamarkt.hu\/magazin\/wp-content\/uploads\/2016\/10\/beauty-15932_1920-1024x683.jpg\" alt=\"beauty-15932_1920\" width=\"400\" height=\"267\" srcset=\"https:\/\/hir.mediamarkt.hu\/magazin\/wp-content\/uploads\/2016\/10\/beauty-15932_1920-1024x683.jpg 1024w, https:\/\/hir.mediamarkt.hu\/magazin\/wp-content\/uploads\/2016\/10\/beauty-15932_1920-275x183.jpg 275w, https:\/\/hir.mediamarkt.hu\/magazin\/wp-content\/uploads\/2016\/10\/beauty-15932_1920-300x200.jpg 300w, https:\/\/hir.mediamarkt.hu\/magazin\/wp-content\/uploads\/2016\/10\/beauty-15932_1920-768x512.jpg 768w, https:\/\/hir.mediamarkt.hu\/magazin\/wp-content\/uploads\/2016\/10\/beauty-15932_1920-720x480.jpg 720w, https:\/\/hir.mediamarkt.hu\/magazin\/wp-content\/uploads\/2016\/10\/beauty-15932_1920.jpg 800w\" sizes=\"(max-width: 400px) 100vw, 400px\" \/><\/p>\r\n<strong>Hajg\u00f6nd\u00f6r\u00edt\u0151<\/strong>\r\n<p style=\"text-align: justify;\">Az \u00e9let egyik kegyetlen szab\u00e1lya: akinek g\u00f6nd\u00f6r a haja, az egyenest, akinek egyenes a haja, az minduntalan g\u00f6nd\u00f6rt akar. Att\u00f3l f\u00fcgg\u0151en pedig, hogy prec\u00edz, apr\u00f3 loknikat szeretne az illet\u0151, vagy nagy, laza f\u00fcrt\u00f6ket, v\u00e1laszthatunk <strong><a href=\"http:\/\/www.mediamarkt.hu\/hu\/product\/_philips-hp-8602-hajs%C3%BCt%C5%91vas-1098308.html?utm_medium=content&amp;utm_source=system-%5bsystem%5d&amp;utm_campaign=product-onl-hld%20(holding)-hair6&amp;utm_content=Fitbit_magazin10-1234567\">v\u00e9kony<\/a><\/strong> \u00e9s <strong><a href=\"http:\/\/www.mediamarkt.hu\/hu\/product\/_babyliss-c-338e-sublim-touch-hajs%C3%BCt%C5%91vas-1093553.html?utm_medium=content&amp;utm_source=system-%5bsystem%5d&amp;utm_campaign=product-onl-hld%20(holding)-hair7&amp;utm_content=Fitbit_magazin10-1234567\">vastag<\/a><\/strong> cs\u00f6v\u0171 hajg\u00f6nd\u00f6r\u00edt\u0151k k\u00f6z\u00fcl.<\/p>\r\n<p style=\"text-align: justify;\"><strong>Aki mindent vinne<\/strong><\/p>\r\n<p style=\"text-align: justify;\">Azok a n\u0151k (vagy ak\u00e1r a hossz\u00fa hajkoron\u00e1val rendelkez\u0151 f\u00e9rfiak), akik m\u00e1r unj\u00e1k a szimpla hajvasal\u00e1s-hajg\u00f6nd\u00f6r\u00edt\u00e9s rutinj\u00e1t, m\u00e9g mindig meglephetik magukat olyan <strong><a href=\"http:\/\/www.mediamarkt.hu\/hu\/product\/_babyliss-ms21e-multi-hajform%C3%A1z%C3%B3-1107031.html?utm_medium=content&amp;utm_source=system-%5bsystem%5d&amp;utm_campaign=product-onl-hld%20(holding)-hair8&amp;utm_content=Fitbit_magazin10-1234567\">hajform\u00e1z\u00f3kkal<\/a><\/strong>, amelyek levehet\u0151 fej\u00fcknek h\u00e1la, egyszerre egyenes\u00edtenek, g\u00f6nd\u00f6r\u00edtenek, kreppelnek, a f\u00e9s\u00fcl\u00e9sr\u0151l m\u00e1r nem is besz\u00e9lve.\r\nAkik pedig igaz\u00e1n k\u00fcl\u00f6nleges hajfonatokra v\u00e1gynak, mindenk\u00e9ppen ismerkedjenek \u00f6ssze a <strong><a href=\"http:\/\/www.mediamarkt.hu\/hu\/product\/_babyliss-tw1000e-twist-secret-hajfon%C3%B3-1173883.html?utm_medium=content&amp;utm_source=system-%5bsystem%5d&amp;utm_campaign=product-onl-hld%20(holding)-hair9&amp;utm_content=Fitbit_magazin10-1234567\">BabyLiss Twist Secret hajfon\u00f3<\/a><\/strong>j\u00e1val, amely alkalmas k\u00e9t hajtincs egybe-, de ak\u00e1r k\u00fcl\u00f6nfon\u00e1s\u00e1ra is.<\/p>\r\n<p style=\"text-align: justify;\"><img loading=\"lazy\" decoding=\"async\" class=\"aligncenter wp-image-4646\" src=\"http:\/\/hir.mediamarkt.hu\/magazin\/wp-content\/uploads\/2016\/10\/hajfon\u00f3.png\" alt=\"hajfon\u00f3\" width=\"400\" height=\"299\" srcset=\"https:\/\/hir.mediamarkt.hu\/magazin\/wp-content\/uploads\/2016\/10\/hajfon\u00f3.png 328w, https:\/\/hir.mediamarkt.hu\/magazin\/wp-content\/uploads\/2016\/10\/hajfon\u00f3-275x205.png 275w, https:\/\/hir.mediamarkt.hu\/magazin\/wp-content\/uploads\/2016\/10\/hajfon\u00f3-300x224.png 300w, https:\/\/hir.mediamarkt.hu\/magazin\/wp-content\/uploads\/2016\/10\/hajfon\u00f3-768x574.png 768w, https:\/\/hir.mediamarkt.hu\/magazin\/wp-content\/uploads\/2016\/10\/hajfon\u00f3-720x538.png 720w\" sizes=\"(max-width: 400px) 100vw, 400px\" \/><\/p>","protected":false},"excerpt":{"rendered":"Kev\u00e9s olyan dolog van, amivel egy n\u0151 t\u00f6bb id\u0151t tud elt\u00f6lteni, mint a haj\u00e1pol\u00e1s. Manaps\u00e1g m\u00e1r a legk\u00fcl\u00f6nb\u00f6z\u0151bb \u00e9s legmodernebb eszk\u00f6z\u00f6k tucatjaib\u00f3l lehet v\u00e1logatni ahhoz, hogy a haj\u00e1pol\u00e1st mesteri szintre emelj\u00fck ak\u00e1r otthon is. Valljuk be azonban, gyakran m\u00e9g minket, n\u0151ket is meglepet\u00e9sk\u00e9nt \u00e9r, hogy egy-egy k\u00fcty\u00fc mire k\u00e9pes \u00e9s milyen frizur\u00e1kat lehet vel\u00fck alkotni. Hajsz\u00e1r\u00edt\u00f3 Term\u00e9szetesen sokan szent\u00fcl vallj\u00e1k, hogy a leveg\u0151n sz\u00e1r\u00edtott haj a legeg\u00e9szs\u00e9gesebb \u00e9s \u00fagy \u00f6sszess\u00e9g\u00e9ben az optim\u00e1lis megold\u00e1s, ami persze ny\u00e1ron nem is haszontalan \u00f6tlet, \u00e1m a hidegebb h\u00f3napokban nem \u00e9ppen a legkellemesebb \u00e9rz\u00e9s. R\u00e1ad\u00e1sul att\u00f3l hogy az ember l\u00e1nya a meleg leveg\u0151 \u00e1rtalmait\u00f3l f\u00e9lti tincseit, m\u00e9g nem kell lemondania a gyors hajsz\u00e1r\u00edt\u00e1s luxus\u00e1t\u00f3l, h\u00e1la a m\u00e1ra m\u00e1r sz\u00e9les k\u00f6rben elterjedt hideg leveg\u0151s ionos hajsz\u00e1r\u00edt\u00f3knak. &#8230;","protected":false},"author":13,"featured_media":4643,"comment_status":"open","ping_status":"open","sticky":false,"template":"","format":"standard","meta":{"wprm-recipe-roundup-name":"","wprm-recipe-roundup-description":"","footnotes":""},"categories":[5968],"tags":[2095],"yoast_head":"<!-- This site is optimized with the Yoast SEO plugin v22.9 - https:\/\/yoast.com\/wordpress\/plugins\/seo\/ -->\n<title>Hogyan v\u00e1lassz hajform\u00e1z\u00f3t - MediaMarkt Magazin<\/title>\n<meta name=\"robots\" content=\"index, follow, max-snippet:-1, max-image-preview:large, max-video-preview:-1\" \/>\n<link rel=\"canonical\" href=\"https:\/\/hir.mediamarkt.hu\/magazin\/hogyan-valassz-hajformazot\/\" \/>\n<meta property=\"og:locale\" content=\"hu_HU\" \/>\n<meta property=\"og:type\" content=\"article\" \/>\n<meta property=\"og:title\" content=\"Hogyan v\u00e1lassz hajform\u00e1z\u00f3t - MediaMarkt Magazin\" \/>\n<meta property=\"og:description\" content=\"Kev\u00e9s olyan dolog van, amivel egy n\u0151 t\u00f6bb id\u0151t tud elt\u00f6lteni, mint a haj\u00e1pol\u00e1s. Manaps\u00e1g m\u00e1r a legk\u00fcl\u00f6nb\u00f6z\u0151bb \u00e9s legmodernebb eszk\u00f6z\u00f6k tucatjaib\u00f3l lehet v\u00e1logatni ahhoz, hogy a haj\u00e1pol\u00e1st mesteri szintre emelj\u00fck ak\u00e1r otthon is. Valljuk be azonban, gyakran m\u00e9g minket, n\u0151ket is meglepet\u00e9sk\u00e9nt \u00e9r, hogy egy-egy k\u00fcty\u00fc mire k\u00e9pes \u00e9s milyen frizur\u00e1kat lehet vel\u00fck alkotni. Hajsz\u00e1r\u00edt\u00f3 Term\u00e9szetesen sokan szent\u00fcl vallj\u00e1k, hogy a leveg\u0151n sz\u00e1r\u00edtott haj a legeg\u00e9szs\u00e9gesebb \u00e9s \u00fagy \u00f6sszess\u00e9g\u00e9ben az optim\u00e1lis megold\u00e1s, ami persze ny\u00e1ron nem is haszontalan \u00f6tlet, \u00e1m a hidegebb h\u00f3napokban nem \u00e9ppen a legkellemesebb \u00e9rz\u00e9s. R\u00e1ad\u00e1sul att\u00f3l hogy az ember l\u00e1nya a meleg leveg\u0151 \u00e1rtalmait\u00f3l f\u00e9lti tincseit, m\u00e9g nem kell lemondania a gyors hajsz\u00e1r\u00edt\u00e1s luxus\u00e1t\u00f3l, h\u00e1la a m\u00e1ra m\u00e1r sz\u00e9les k\u00f6rben elterjedt hideg leveg\u0151s ionos hajsz\u00e1r\u00edt\u00f3knak. ...\" \/>\n<meta property=\"og:url\" content=\"https:\/\/hir.mediamarkt.hu\/magazin\/hogyan-valassz-hajformazot\/\" \/>\n<meta property=\"og:site_name\" content=\"MediaMarkt Magazin\" \/>\n<meta property=\"article:publisher\" content=\"https:\/\/www.facebook.com\/MediaMarktMagyarorszag\" \/>\n<meta property=\"article:published_time\" content=\"2016-10-19T13:06:22+00:00\" \/>\n<meta property=\"article:modified_time\" content=\"2017-08-31T08:11:23+00:00\" \/>\n<meta property=\"og:image\" content=\"https:\/\/hir.mediamarkt.hu\/magazin\/wp-content\/uploads\/2016\/10\/hair2.jpeg\" \/>\n\t<meta property=\"og:image:width\" content=\"1440\" \/>\n\t<meta property=\"og:image:height\" content=\"960\" \/>\n\t<meta property=\"og:image:type\" content=\"image\/jpeg\" \/>\n<meta name=\"author\" content=\"Media Markt\" \/>\n<meta name=\"twitter:label1\" content=\"Szerz\u0151:\" \/>\n\t<meta name=\"twitter:data1\" content=\"Media Markt\" \/>\n\t<meta name=\"twitter:label2\" content=\"Becs\u00fclt olvas\u00e1si id\u0151\" \/>\n\t<meta name=\"twitter:data2\" content=\"3 perc\" \/>\n<script type=\"application\/ld+json\" class=\"yoast-schema-graph\">{\"@context\":\"https:\/\/schema.org\",\"@graph\":[{\"@type\":\"WebPage\",\"@id\":\"https:\/\/hir.mediamarkt.hu\/magazin\/hogyan-valassz-hajformazot\/\",\"url\":\"https:\/\/hir.mediamarkt.hu\/magazin\/hogyan-valassz-hajformazot\/\",\"name\":\"Hogyan v\u00e1lassz hajform\u00e1z\u00f3t - MediaMarkt Magazin\",\"isPartOf\":{\"@id\":\"https:\/\/hir.mediamarkt.hu\/magazin\/#website\"},\"primaryImageOfPage\":{\"@id\":\"https:\/\/hir.mediamarkt.hu\/magazin\/hogyan-valassz-hajformazot\/#primaryimage\"},\"image\":{\"@id\":\"https:\/\/hir.mediamarkt.hu\/magazin\/hogyan-valassz-hajformazot\/#primaryimage\"},\"thumbnailUrl\":\"https:\/\/hir.mediamarkt.hu\/magazin\/wp-content\/uploads\/2016\/10\/hair2.jpeg\",\"datePublished\":\"2016-10-19T13:06:22+00:00\",\"dateModified\":\"2017-08-31T08:11:23+00:00\",\"author\":{\"@id\":\"https:\/\/hir.mediamarkt.hu\/magazin\/#\/schema\/person\/b93b02ec1ab4d2353f8d281e171c1b0b\"},\"breadcrumb\":{\"@id\":\"https:\/\/hir.mediamarkt.hu\/magazin\/hogyan-valassz-hajformazot\/#breadcrumb\"},\"inLanguage\":\"hu\",\"potentialAction\":[{\"@type\":\"ReadAction\",\"target\":[\"https:\/\/hir.mediamarkt.hu\/magazin\/hogyan-valassz-hajformazot\/\"]}]},{\"@type\":\"ImageObject\",\"inLanguage\":\"hu\",\"@id\":\"https:\/\/hir.mediamarkt.hu\/magazin\/hogyan-valassz-hajformazot\/#primaryimage\",\"url\":\"https:\/\/hir.mediamarkt.hu\/magazin\/wp-content\/uploads\/2016\/10\/hair2.jpeg\",\"contentUrl\":\"https:\/\/hir.mediamarkt.hu\/magazin\/wp-content\/uploads\/2016\/10\/hair2.jpeg\",\"width\":1440,\"height\":960},{\"@type\":\"BreadcrumbList\",\"@id\":\"https:\/\/hir.mediamarkt.hu\/magazin\/hogyan-valassz-hajformazot\/#breadcrumb\",\"itemListElement\":[{\"@type\":\"ListItem\",\"position\":1,\"name\":\"Kezd\u0151lap\",\"item\":\"https:\/\/hir.mediamarkt.hu\/magazin\/\"},{\"@type\":\"ListItem\",\"position\":2,\"name\":\"Seg\u00edt\u00fcnk v\u00e1lasztani\",\"item\":\"https:\/\/hir.mediamarkt.hu\/magazin\/segitunk-valasztani\/\"},{\"@type\":\"ListItem\",\"position\":3,\"name\":\"Eg\u00e9szs\u00e9g, divat, sz\u00e9ps\u00e9g\u00e1pol\u00e1s\",\"item\":\"https:\/\/hir.mediamarkt.hu\/magazin\/segitunk-valasztani\/egeszseg-divat-szepsegapolas\/\"},{\"@type\":\"ListItem\",\"position\":4,\"name\":\"Hogyan v\u00e1lassz hajform\u00e1z\u00f3t\"}]},{\"@type\":\"WebSite\",\"@id\":\"https:\/\/hir.mediamarkt.hu\/magazin\/#website\",\"url\":\"https:\/\/hir.mediamarkt.hu\/magazin\/\",\"name\":\"MediaMarkt Magazin\",\"description\":\"Olvass bele magazinunkba!\",\"potentialAction\":[{\"@type\":\"SearchAction\",\"target\":{\"@type\":\"EntryPoint\",\"urlTemplate\":\"https:\/\/hir.mediamarkt.hu\/magazin\/?s={search_term_string}\"},\"query-input\":\"required name=search_term_string\"}],\"inLanguage\":\"hu\"},{\"@type\":\"Person\",\"@id\":\"https:\/\/hir.mediamarkt.hu\/magazin\/#\/schema\/person\/b93b02ec1ab4d2353f8d281e171c1b0b\",\"name\":\"Media Markt\",\"image\":{\"@type\":\"ImageObject\",\"inLanguage\":\"hu\",\"@id\":\"https:\/\/hir.mediamarkt.hu\/magazin\/#\/schema\/person\/image\/\",\"url\":\"https:\/\/secure.gravatar.com\/avatar\/602bccae8998beee472d01909f0978f1?s=96&d=mm&r=g\",\"contentUrl\":\"https:\/\/secure.gravatar.com\/avatar\/602bccae8998beee472d01909f0978f1?s=96&d=mm&r=g\",\"caption\":\"Media Markt\"}}]}<\/script>\n<!-- \/ Yoast SEO plugin. -->","yoast_head_json":{"title":"Hogyan v\u00e1lassz hajform\u00e1z\u00f3t - MediaMarkt Magazin","robots":{"index":"index","follow":"follow","max-snippet":"max-snippet:-1","max-image-preview":"max-image-preview:large","max-video-preview":"max-video-preview:-1"},"canonical":"https:\/\/hir.mediamarkt.hu\/magazin\/hogyan-valassz-hajformazot\/","og_locale":"hu_HU","og_type":"article","og_title":"Hogyan v\u00e1lassz hajform\u00e1z\u00f3t - MediaMarkt Magazin","og_description":"Kev\u00e9s olyan dolog van, amivel egy n\u0151 t\u00f6bb id\u0151t tud elt\u00f6lteni, mint a haj\u00e1pol\u00e1s. Manaps\u00e1g m\u00e1r a legk\u00fcl\u00f6nb\u00f6z\u0151bb \u00e9s legmodernebb eszk\u00f6z\u00f6k tucatjaib\u00f3l lehet v\u00e1logatni ahhoz, hogy a haj\u00e1pol\u00e1st mesteri szintre emelj\u00fck ak\u00e1r otthon is. Valljuk be azonban, gyakran m\u00e9g minket, n\u0151ket is meglepet\u00e9sk\u00e9nt \u00e9r, hogy egy-egy k\u00fcty\u00fc mire k\u00e9pes \u00e9s milyen frizur\u00e1kat lehet vel\u00fck alkotni. Hajsz\u00e1r\u00edt\u00f3 Term\u00e9szetesen sokan szent\u00fcl vallj\u00e1k, hogy a leveg\u0151n sz\u00e1r\u00edtott haj a legeg\u00e9szs\u00e9gesebb \u00e9s \u00fagy \u00f6sszess\u00e9g\u00e9ben az optim\u00e1lis megold\u00e1s, ami persze ny\u00e1ron nem is haszontalan \u00f6tlet, \u00e1m a hidegebb h\u00f3napokban nem \u00e9ppen a legkellemesebb \u00e9rz\u00e9s. R\u00e1ad\u00e1sul att\u00f3l hogy az ember l\u00e1nya a meleg leveg\u0151 \u00e1rtalmait\u00f3l f\u00e9lti tincseit, m\u00e9g nem kell lemondania a gyors hajsz\u00e1r\u00edt\u00e1s luxus\u00e1t\u00f3l, h\u00e1la a m\u00e1ra m\u00e1r sz\u00e9les k\u00f6rben elterjedt hideg leveg\u0151s ionos hajsz\u00e1r\u00edt\u00f3knak. ...","og_url":"https:\/\/hir.mediamarkt.hu\/magazin\/hogyan-valassz-hajformazot\/","og_site_name":"MediaMarkt Magazin","article_publisher":"https:\/\/www.facebook.com\/MediaMarktMagyarorszag","article_published_time":"2016-10-19T13:06:22+00:00","article_modified_time":"2017-08-31T08:11:23+00:00","og_image":[{"width":1440,"height":960,"url":"https:\/\/hir.mediamarkt.hu\/magazin\/wp-content\/uploads\/2016\/10\/hair2.jpeg","type":"image\/jpeg"}],"author":"Media Markt","twitter_misc":{"Szerz\u0151:":"Media Markt","Becs\u00fclt olvas\u00e1si id\u0151":"3 perc"},"schema":{"@context":"https:\/\/schema.org","@graph":[{"@type":"WebPage","@id":"https:\/\/hir.mediamarkt.hu\/magazin\/hogyan-valassz-hajformazot\/","url":"https:\/\/hir.mediamarkt.hu\/magazin\/hogyan-valassz-hajformazot\/","name":"Hogyan v\u00e1lassz hajform\u00e1z\u00f3t - MediaMarkt Magazin","isPartOf":{"@id":"https:\/\/hir.mediamarkt.hu\/magazin\/#website"},"primaryImageOfPage":{"@id":"https:\/\/hir.mediamarkt.hu\/magazin\/hogyan-valassz-hajformazot\/#primaryimage"},"image":{"@id":"https:\/\/hir.mediamarkt.hu\/magazin\/hogyan-valassz-hajformazot\/#primaryimage"},"thumbnailUrl":"https:\/\/hir.mediamarkt.hu\/magazin\/wp-content\/uploads\/2016\/10\/hair2.jpeg","datePublished":"2016-10-19T13:06:22+00:00","dateModified":"2017-08-31T08:11:23+00:00","author":{"@id":"https:\/\/hir.mediamarkt.hu\/magazin\/#\/schema\/person\/b93b02ec1ab4d2353f8d281e171c1b0b"},"breadcrumb":{"@id":"https:\/\/hir.mediamarkt.hu\/magazin\/hogyan-valassz-hajformazot\/#breadcrumb"},"inLanguage":"hu","potentialAction":[{"@type":"ReadAction","target":["https:\/\/hir.mediamarkt.hu\/magazin\/hogyan-valassz-hajformazot\/"]}]},{"@type":"ImageObject","inLanguage":"hu","@id":"https:\/\/hir.mediamarkt.hu\/magazin\/hogyan-valassz-hajformazot\/#primaryimage","url":"https:\/\/hir.mediamarkt.hu\/magazin\/wp-content\/uploads\/2016\/10\/hair2.jpeg","contentUrl":"https:\/\/hir.mediamarkt.hu\/magazin\/wp-content\/uploads\/2016\/10\/hair2.jpeg","width":1440,"height":960},{"@type":"BreadcrumbList","@id":"https:\/\/hir.mediamarkt.hu\/magazin\/hogyan-valassz-hajformazot\/#breadcrumb","itemListElement":[{"@type":"ListItem","position":1,"name":"Kezd\u0151lap","item":"https:\/\/hir.mediamarkt.hu\/magazin\/"},{"@type":"ListItem","position":2,"name":"Seg\u00edt\u00fcnk v\u00e1lasztani","item":"https:\/\/hir.mediamarkt.hu\/magazin\/segitunk-valasztani\/"},{"@type":"ListItem","position":3,"name":"Eg\u00e9szs\u00e9g, divat, sz\u00e9ps\u00e9g\u00e1pol\u00e1s","item":"https:\/\/hir.mediamarkt.hu\/magazin\/segitunk-valasztani\/egeszseg-divat-szepsegapolas\/"},{"@type":"ListItem","position":4,"name":"Hogyan v\u00e1lassz hajform\u00e1z\u00f3t"}]},{"@type":"WebSite","@id":"https:\/\/hir.mediamarkt.hu\/magazin\/#website","url":"https:\/\/hir.mediamarkt.hu\/magazin\/","name":"MediaMarkt Magazin","description":"Olvass bele magazinunkba!","potentialAction":[{"@type":"SearchAction","target":{"@type":"EntryPoint","urlTemplate":"https:\/\/hir.mediamarkt.hu\/magazin\/?s={search_term_string}"},"query-input":"required name=search_term_string"}],"inLanguage":"hu"},{"@type":"Person","@id":"https:\/\/hir.mediamarkt.hu\/magazin\/#\/schema\/person\/b93b02ec1ab4d2353f8d281e171c1b0b","name":"Media Markt","image":{"@type":"ImageObject","inLanguage":"hu","@id":"https:\/\/hir.mediamarkt.hu\/magazin\/#\/schema\/person\/image\/","url":"https:\/\/secure.gravatar.com\/avatar\/602bccae8998beee472d01909f0978f1?s=96&d=mm&r=g","contentUrl":"https:\/\/secure.gravatar.com\/avatar\/602bccae8998beee472d01909f0978f1?s=96&d=mm&r=g","caption":"Media Markt"}}]}},"_links":{"self":[{"href":"https:\/\/hir.mediamarkt.hu\/magazin\/wp-json\/wp\/v2\/posts\/4642"}],"collection":[{"href":"https:\/\/hir.mediamarkt.hu\/magazin\/wp-json\/wp\/v2\/posts"}],"about":[{"href":"https:\/\/hir.mediamarkt.hu\/magazin\/wp-json\/wp\/v2\/types\/post"}],"author":[{"embeddable":true,"href":"https:\/\/hir.mediamarkt.hu\/magazin\/wp-json\/wp\/v2\/users\/13"}],"replies":[{"embeddable":true,"href":"https:\/\/hir.mediamarkt.hu\/magazin\/wp-json\/wp\/v2\/comments?post=4642"}],"version-history":[{"count":1,"href":"https:\/\/hir.mediamarkt.hu\/magazin\/wp-json\/wp\/v2\/posts\/4642\/revisions"}],"predecessor-version":[{"id":4647,"href":"https:\/\/hir.mediamarkt.hu\/magazin\/wp-json\/wp\/v2\/posts\/4642\/revisions\/4647"}],"wp:featuredmedia":[{"embeddable":true,"href":"https:\/\/hir.mediamarkt.hu\/magazin\/wp-json\/wp\/v2\/media\/4643"}],"wp:attachment":[{"href":"https:\/\/hir.mediamarkt.hu\/magazin\/wp-json\/wp\/v2\/media?parent=4642"}],"wp:term":[{"taxonomy":"category","embeddable":true,"href":"https:\/\/hir.mediamarkt.hu\/magazin\/wp-json\/wp\/v2\/categories?post=4642"},{"taxonomy":"post_tag","embeddable":true,"href":"https:\/\/hir.mediamarkt.hu\/magazin\/wp-json\/wp\/v2\/tags?post=4642"}],"curies":[{"name":"wp","href":"https:\/\/api.w.org\/{rel}","templated":true}]}}