{"id":4729,"date":"2016-12-23T20:25:21","date_gmt":"2016-12-23T19:25:21","guid":{"rendered":"http:\/\/hir.mediamarkt.hu\/magazin\/?p=4729"},"modified":"2018-02-27T18:02:07","modified_gmt":"2018-02-27T17:02:07","slug":"hangulatok-lemezre-komponalva-szubjektiv-zenei-ajanlo-nagyjabol-mindenkinek","status":"publish","type":"post","link":"https:\/\/hir.mediamarkt.hu\/magazin\/hangulatok-lemezre-komponalva-szubjektiv-zenei-ajanlo-nagyjabol-mindenkinek\/","title":{"rendered":"Hangulatok lemezre kompon\u00e1lva: szubjekt\u00edv zenei aj\u00e1nl\u00f3, nagyj\u00e1b\u00f3l mindenkinek!"},"content":{"rendered":"Az \u00e9v ezen szakasz\u00e1ban mindenki szeretne v\u00e9gre kicsit kiengedni, mag\u00e1ra \u00e9s a szeretteire figyelni. A kar\u00e1csonyi eb\u00e9dek \u00e9s vacsor\u00e1k, valamint a lencselevesek, virslik \u00e9s pezsg\u0151k m\u00e1gikus tengely\u00e9ben pedig mi lenne fontosabb, mint a megfelel\u0151 hangulat. Kod\u00e1ly orsz\u00e1g\u00e1ban b\u00edzunk benne, hogy a zene mindannyiunk \u00e9let\u00e9nek fontos r\u00e9sze. Ha m\u00e9gsem, most azz\u00e1 tessz\u00fck.\r\n\r\nLegyen sz\u00f3 popr\u00f3l, rockr\u00f3l, klasszikus zen\u00e9r\u0151l vagy jazzr\u0151l, a zseni\u00e1lis sorrendben \u00e9s ritmusban egym\u00e1s ut\u00e1n illesztett hangok minden pillanatban a legjobb bar\u00e1taink lehetnek (ez\u00faton k\u00e9r\u00fcnk eln\u00e9z\u00e9st a kuty\u00e1kt\u00f3l, ezzel nyilv\u00e1n nem akarjuk kisebb\u00edteni az \u00e9rdemeiket). Mert zene, az bizony kell. Minden helyzetben. \u00c9s hogy mi lenne a legmegfelel\u0151bb al\u00e1fest\u00e9s egy romantikus vacsor\u00e1hoz, egy felejthetetlen h\u00e1zibulihoz, vagy az \u00faj\u00e9vi ocs\u00fad\u00e1s ut\u00e1ni rom-eltakar\u00edt\u00e1shoz? Megmutatjuk! J\u00f6jj\u00f6n egy szubjekt\u00edv, m\u00e9gis k\u00f6r\u00fcltekint\u0151 alaposs\u00e1ggal \u00f6ssze\u00e1ll\u00edtott lemez aj\u00e1nl\u00f3, amelyen mindenki tal\u00e1l mag\u00e1nak megfelel\u0151 zen\u00e9t. Erre ak\u00e1r nagy \u00f6sszegben fogadunk is\u2026\r\n\r\n&nbsp;\r\n\r\n<strong>Gyertyaf\u00e9nyes, \u00fcnnep\u00e9lyes<\/strong>\r\n\r\nA komolyzene m\u00e9ltatlanul mell\u0151z\u00f6tt r\u00e9sze \u00e9let\u00fcnknek. Mintha valami f\u00e9lelem lengn\u00e9 k\u00f6r\u00fcl: jaj, ez t\u00fal neh\u00e9z, ehhez \u00e9rettnek kell lenni. Pedig ha valaki hallgatott m\u00e1r Mozartot, tudhatja, hogy m\u00e9g a humor sem \u00e1ll t\u00e1vol a m\u0171fajt\u00f3l (k\u00fcl\u00f6nben mi\u00e9rt csin\u00e1lt volna boh\u00f3cot bel\u0151le az Oscar-d\u00edjas Forman az Amadeusban?). R\u00e1ad\u00e1sul az \u00e9rzelmek teljes sk\u00e1l\u00e1j\u00e1t felvonultatja a klasszikus zeneirodalom: a meghitt pianokt\u00f3l a fesz\u00fclt fort\u00e9kig minden megtal\u00e1lhat\u00f3 a zenet\u00f6rt\u00e9net nagy alkot\u00e1sai k\u00f6z\u00f6tt.\r\n<ul>\r\n \t<li><a href=\"http:\/\/www.mediamarkt.hu\/hu\/product\/_zoltan-kocsis-works-for-piano-solo-vol-2-cd-9151167.html\" target=\"_blank\">Zoltan Kocsis &#8211; Works For Piano Solo Vol.2<\/a><\/li>\r\n<\/ul>\r\n<ul>\r\n \t<li><a href=\"http:\/\/www.mediamarkt.hu\/hu\/product\/_zoltan-kocsis-works-for-piano-solo-vol-2-cd-9151167.html\" target=\"_blank\">Itzhak Perlman, Berliner Philharmoniker &#8211; Heged\u0171verseny No. 3<\/a><\/li>\r\n<\/ul>\r\n<ul>\r\n \t<li><a href=\"http:\/\/www.mediamarkt.hu\/hu\/product\/_johann-sebastian-bach-goldberg-variationen-cd-9127454.html\" target=\"_blank\">Johann Sebastian Bach &#8211; Goldberg-Variationen<\/a><\/li>\r\n<\/ul>\r\n<strong>\u00d6sszeb\u00faj\u00f3s-romantikus <\/strong>\r\n\r\nMiut\u00e1n k\u00f6rbej\u00e1rtuk a csal\u00e1dot \u00e9s fullad\u00e1sig ett\u00fck magunkat, kifejezetten j\u00f3l esik egy meghitt este a partner\u00fcnkkel. A besz\u00e9lget\u0151s, a nevetg\u00e9l\u0151s \u00e9s az intim pillanatok kiv\u00e1l\u00f3 p\u00e1rja a lass\u00fa, \u00e9rzelmes, m\u00e9gsem \u00e9rzelg\u0151s zenei albumok b\u00fag\u00f3 hangja. Az al\u00e1bbi n\u00e9h\u00e1ny CD k\u00e9ts\u00e9gtelen\u00fcl j\u00f3l j\u00f6n a k\u00f6z\u00f6s laz\u00edt\u00e1shoz.\r\n<ul>\r\n \t<li><a href=\"http:\/\/www.mediamarkt.hu\/hu\/product\/_tony-bennett-lady-gaga-cheek-to-cheek-live-blu-ray-1163779.html\">Tony Bennett &amp; Lady Gaga &#8211; Cheek To Cheek<\/a><\/li>\r\n<\/ul>\r\n<ul>\r\n \t<li><a href=\"http:\/\/www.mediamarkt.hu\/hu\/product\/_adele-25-cd-1186766.html\">Adele \u2013 25<\/a><\/li>\r\n<\/ul>\r\n<ul>\r\n \t<li><a href=\"http:\/\/www.mediamarkt.hu\/hu\/product\/_charles-aznavour-le-disque-d-or-cd-9155559.html\">Charles Aznavour &#8211; Le Disque D&#8217;or<\/a><\/li>\r\n<\/ul>\r\n<strong>\u0150rj\u00f6ng\u0151s-szilveszteri<\/strong>\r\n\r\nAz \u00e9v utols\u00f3 est\u00e9ly\u00e9t sokan szeretik otthon t\u00f6lteni, persze felduzzasztva az \u00e1lland\u00f3 lak\u00f3k l\u00e9tsz\u00e1m\u00e1t a bar\u00e1ti k\u00f6r tagjaival. A h\u00e1zibuli m\u0171faja biztos, hogy egyidej\u0171 az emberis\u00e9g t\u00f6rt\u00e9net\u00e9vel. Kiz\u00e1rt, hogy a barlangok m\u00e9ly\u00e9n ne \u0151rj\u00f6ngtek volna n\u00e9ha egyet az \u0151s\u00f6k, \u00fctve a tam-tamot \u00e9s \u00e9lvezve az \u00e9nekl\u00e9s keltette akusztik\u00e1t.\r\n\r\nA t\u00f6k\u00e9letes szilveszteri \u00e9s egy\u00e9b \u00fcnnepi alkalmakkor abszolv\u00e1lt \u00f6sszej\u00f6vetelek kulcsa egyr\u00e9szt a konyha \u2013 b\u00e1rmit csin\u00e1lsz, b\u00e1rmilyen men\u0151 a nappalid, \u00fagyis itt lesz a k\u00f6zpont -, m\u00e1sr\u00e9szt a zene. A hangulat beind\u00edt\u00e1sa \u00e9s felfokoz\u00e1s ut\u00e1n ugyanis legt\u00f6bbsz\u00f6r a t\u00e1nc k\u00f6vetkezik. Hi\u00e1ba d\u00f6r\u00f6mb\u00f6l a szomsz\u00e9d, \u00e9vente legal\u00e1bb egyszer, szilveszterkor j\u00f3 es\u00e9llyel elszabadul a pokol.\r\n\r\nJ\u00f6jj\u00f6n n\u00e9h\u00e1ny igaz\u00e1n d\u00f6g\u00f6s el\u0151ad\u00f3 \u00e9s album, hogy az idei legyen a legjobb \u00e9vv\u00e9gi buli!\r\n<ul>\r\n \t<li><a href=\"http:\/\/www.mediamarkt.hu\/hu\/product\/_ed-sheeran-x-cd-1144587.html\">Ed Sheeran \u2013 X<\/a><\/li>\r\n<\/ul>\r\n<ul>\r\n \t<li><a href=\"http:\/\/www.mediamarkt.hu\/hu\/product\/_michael-jackson-bad-25th-anniversary-cd-9209052.html\">Michael Jackson &#8211; Bad-25th Anniversary (CD)<\/a><\/li>\r\n<\/ul>\r\n<ul>\r\n \t<li><a href=\"http:\/\/www.mediamarkt.hu\/hu\/product\/_k%C3%BCl%C3%B6nb%C3%B6z%C5%91-el%C5%91ad%C3%B3k-hair-cd-9010539.html\">Hair (CD)<\/a><\/li>\r\n<\/ul>\r\n<strong>Borral, te\u00e1val ellazul\u00f3s<\/strong>\r\n\r\nEnnek a hangulatnak mi m\u00e1s felelne meg jobban, mint a jazz! M\u00e1r a nyugodtabb \u00e1ga, mert az experiment\u00e1lisabb vonalat egy m\u00e1sik szakaszon aj\u00e1nljuk.\r\n\r\nA jazz neh\u00e9z m\u0171faj, legink\u00e1bb a hozz\u00e1 tapad\u00f3 el\u0151\u00edt\u00e9letek \u00e9s f\u00e9lre\u00e9rt\u00e9sek miatt. Az els\u0151 t\u00e9vhitet azonnal meg is c\u00e1foln\u00e1nk: nem, a jazz zen\u00e9szek nem csak \u00fagy \u00f6ssze-vissza j\u00e1tszanak! Elk\u00e9peszt\u0151 zenei intelligencia \u00e9s hangszeres tud\u00e1s, ezen fel\u00fcl t\u00f6k\u00e9letes \u00f6sszhang \u00e9s figyelem sz\u00fcks\u00e9ges a megval\u00f3s\u00edt\u00e1shoz. \u00dagyhogy miel\u0151tt valaki legyintene, hogy h\u00e1t ezt \u00e9n is meg tudnom csin\u00e1lni, mer\u00e9szkedjen kicsit k\u00f6zelebb a t\u00e9m\u00e1hoz \u00e9s garant\u00e1ltan izgalmas vil\u00e1g fog felt\u00e1rulni el\u0151tte. A matematika szerelmeseinek kifejezetten aj\u00e1nljuk a m\u0171fajt \u00e9s a semmib\u0151l kiboml\u00f3 frakt\u00e1lokat.\r\n\r\nA m\u00e1sodik leggyakoribb t\u00e9vk\u00e9pzet, hogy a jazz csak unalmas lehet, amolyan \u201eliftzene\u201d, amit kiz\u00e1r\u00f3lag a sznobok \u00e9lveznek, a norm\u00e1lis ember meg azonnal elalszik t\u0151le. H\u00e1tt\u00e9r matat\u00e1s, amire nem is \u00e9rdemes odafigyelni. Nyilv\u00e1n \u00edzl\u00e9s k\u00e9rd\u00e9se is a dolog, de\r\n<ul>\r\n \t<li><a href=\"http:\/\/www.mediamarkt.hu\/hu\/product\/_john-coltrane-my-favorite-things-high-quality-edition-vinyl-lp-nagylemez-1211940.html\">John Coltrane &#8211; My Favorite Things<\/a><\/li>\r\n<\/ul>\r\n<ul>\r\n \t<li><a href=\"http:\/\/www.mediamarkt.hu\/hu\/product\/_barab%C3%A1s-l%C5%91rinc-quartet-beardance-cd-1221829.html\">Barab\u00e1s L\u0151rinc Quartet \u2013 Beardance<\/a><\/li>\r\n<\/ul>\r\n<ul>\r\n \t<li><a href=\"http:\/\/www.mediamarkt.hu\/hu\/product\/_%C3%A1v%C3%A9d-j%C3%A1nos-fenyvesi-m%C3%A1rton-benk%C3%B3-%C3%A1kos-balance-cd-1194234.html\">\u00c1v\u00e9d J\u00e1nos &#8211; Fenyvesi M\u00e1rton &#8211; Benk\u00f3 \u00c1kos: Balance<\/a><\/li>\r\n<\/ul>\r\n<strong>Kreat\u00edv alkot\u00f3s<\/strong>\r\n\r\nNem tudjuk, ki hogy van vele, azonban a j\u00f3 munk\u00e1hoz sokszor nem csak id\u0151, de megfelel\u0151 hangulat \u00e9s energiaszint is kell. Bizonyos zen\u00e9k konkr\u00e9tan beind\u00edtj\u00e1k az agyat \u00e9s amolyan akkumul\u00e1tork\u00e9nt felt\u00f6ltik az \u00e9v v\u00e9g\u00e9re kicsit megf\u00e1radt, f\u00e1z\u00f3s, s\u00f6t\u00e9tben botork\u00e1l\u00f3s embereket.\r\n\r\nK\u00e9t \u00fcnnep k\u00f6z\u00f6tti k\u00e9zm\u0171vesked\u00e9shez, \u00fajratervez\u00e9shez az al\u00e1bbi zen\u00e9ket aj\u00e1nljuk:\r\n<ul>\r\n \t<li><a href=\"http:\/\/www.mediamarkt.hu\/hu\/product\/_erykah-badu-baduizm-cd-9060947.html\">Erykah Badu \u2013 Baduizm<\/a><\/li>\r\n<\/ul>\r\n<ul>\r\n \t<li><a href=\"http:\/\/www.mediamarkt.hu\/hu\/product\/_david-bowie-blackstar-cd-1192006.html\">David Bowie \u2013 Blackstar<\/a><\/li>\r\n<\/ul>\r\n<ul>\r\n \t<li><a href=\"http:\/\/www.mediamarkt.hu\/hu\/product\/_bin-jip-heavy-dedik%C3%A1lt-cd-1163036.html\">Bin-Jip &#8211; Heavy (Dedik\u00e1lt!) (CD)<\/a><\/li>\r\n<\/ul>\r\n<strong>Nagytakar\u00edt\u00f3s<\/strong>\r\n\r\nB\u00e1r az A-t\u00f3l Z-ig kiglancol\u00e1s igazi pillanata tavasszal szokott elj\u00f6nni, az \u00fcnnepek el\u0151tt is sokan teszik rendbe otthonukat. Azt\u00e1n persze \u00e1tl\u00e9pve az \u00faj\u00e9vbe ism\u00e9t j\u00f6het n\u00e9mi renov\u00e1l\u00e1s, hiszen j\u00f3 es\u00e9llyel a k\u00e9t \u00fcnnep k\u00f6z\u00f6tt nem rohang\u00e1l senki gumikeszty\u0171ben fel-al\u00e1. Nem besz\u00e9lve arr\u00f3l, ha esetleg az \u00f3\u00e9vet egy h\u00e1zibulival b\u00facs\u00faztattuk. J\u00f6jj\u00f6n n\u00e9h\u00e1ny album, amelyek er\u0151t \u00e9s energi\u00e1t adhatnak egy j\u00f3 hangulat\u00fa takar\u00edt\u00e1shoz!\r\n<ul>\r\n \t<li><a href=\"http:\/\/www.mediamarkt.hu\/hu\/product\/_stevie-wonder-music-of-my-mind-cd-9125280.html\">Stevie Wonder &#8211; Music Of My Mind<\/a><\/li>\r\n<\/ul>\r\n<ul>\r\n \t<li><a href=\"http:\/\/www.mediamarkt.hu\/hu\/product\/_brains-refresh-the-style-cd-9192537.html\">Brains &#8211; Refresh The Style<\/a><\/li>\r\n<\/ul>\r\n<ul>\r\n \t<li><a href=\"http:\/\/www.mediamarkt.hu\/hu\/product\/_beastie-boys-hello-nasty-cd-9039692.html\">Beastie Boys &#8211; Hello Nasty<\/a><\/li>\r\n<\/ul>\r\nKellemes \u00fcnnepeket \u00e9s non stop zenehallgat\u00e1st k\u00edv\u00e1n: a Media Markt!","protected":false},"excerpt":{"rendered":"Az \u00e9v ezen szakasz\u00e1ban mindenki szeretne v\u00e9gre kicsit kiengedni, mag\u00e1ra \u00e9s a szeretteire figyelni. A kar\u00e1csonyi eb\u00e9dek \u00e9s vacsor\u00e1k, valamint a lencselevesek, virslik \u00e9s pezsg\u0151k m\u00e1gikus tengely\u00e9ben pedig mi lenne fontosabb, mint a megfelel\u0151 hangulat. Kod\u00e1ly orsz\u00e1g\u00e1ban b\u00edzunk benne, hogy a zene mindannyiunk \u00e9let\u00e9nek fontos r\u00e9sze. Ha m\u00e9gsem, most azz\u00e1 tessz\u00fck. Legyen sz\u00f3 popr\u00f3l, rockr\u00f3l, klasszikus zen\u00e9r\u0151l vagy jazzr\u0151l, a zseni\u00e1lis sorrendben \u00e9s ritmusban egym\u00e1s ut\u00e1n illesztett hangok minden pillanatban a legjobb bar\u00e1taink lehetnek (ez\u00faton k\u00e9r\u00fcnk eln\u00e9z\u00e9st a kuty\u00e1kt\u00f3l, ezzel nyilv\u00e1n nem akarjuk kisebb\u00edteni az \u00e9rdemeiket). Mert zene, az bizony kell. Minden helyzetben. \u00c9s hogy mi lenne a legmegfelel\u0151bb al\u00e1fest\u00e9s egy romantikus vacsor\u00e1hoz, egy felejthetetlen h\u00e1zibulihoz, vagy az \u00faj\u00e9vi ocs\u00fad\u00e1s ut\u00e1ni rom-eltakar\u00edt\u00e1shoz? Megmutatjuk! J\u00f6jj\u00f6n egy szubjekt\u00edv, m\u00e9gis k\u00f6r\u00fcltekint\u0151 alaposs\u00e1ggal \u00f6ssze\u00e1ll\u00edtott &#8230;","protected":false},"author":13,"featured_media":4726,"comment_status":"open","ping_status":"open","sticky":false,"template":"","format":"standard","meta":{"wprm-recipe-roundup-name":"","wprm-recipe-roundup-description":"","footnotes":""},"categories":[5948,5967],"tags":[2292,2217,921,2405,94],"yoast_head":"<!-- This site is optimized with the Yoast SEO plugin v22.9 - https:\/\/yoast.com\/wordpress\/plugins\/seo\/ -->\n<title>Hangulatok lemezre kompon\u00e1lva: szubjekt\u00edv zenei aj\u00e1nl\u00f3, nagyj\u00e1b\u00f3l mindenkinek! - MediaMarkt Magazin<\/title>\n<meta name=\"robots\" content=\"index, follow, max-snippet:-1, max-image-preview:large, max-video-preview:-1\" \/>\n<link rel=\"canonical\" href=\"https:\/\/hir.mediamarkt.hu\/magazin\/hangulatok-lemezre-komponalva-szubjektiv-zenei-ajanlo-nagyjabol-mindenkinek\/\" \/>\n<meta property=\"og:locale\" content=\"hu_HU\" \/>\n<meta property=\"og:type\" content=\"article\" \/>\n<meta property=\"og:title\" content=\"Hangulatok lemezre kompon\u00e1lva: szubjekt\u00edv zenei aj\u00e1nl\u00f3, nagyj\u00e1b\u00f3l mindenkinek! - MediaMarkt Magazin\" \/>\n<meta property=\"og:description\" content=\"Az \u00e9v ezen szakasz\u00e1ban mindenki szeretne v\u00e9gre kicsit kiengedni, mag\u00e1ra \u00e9s a szeretteire figyelni. A kar\u00e1csonyi eb\u00e9dek \u00e9s vacsor\u00e1k, valamint a lencselevesek, virslik \u00e9s pezsg\u0151k m\u00e1gikus tengely\u00e9ben pedig mi lenne fontosabb, mint a megfelel\u0151 hangulat. Kod\u00e1ly orsz\u00e1g\u00e1ban b\u00edzunk benne, hogy a zene mindannyiunk \u00e9let\u00e9nek fontos r\u00e9sze. Ha m\u00e9gsem, most azz\u00e1 tessz\u00fck. Legyen sz\u00f3 popr\u00f3l, rockr\u00f3l, klasszikus zen\u00e9r\u0151l vagy jazzr\u0151l, a zseni\u00e1lis sorrendben \u00e9s ritmusban egym\u00e1s ut\u00e1n illesztett hangok minden pillanatban a legjobb bar\u00e1taink lehetnek (ez\u00faton k\u00e9r\u00fcnk eln\u00e9z\u00e9st a kuty\u00e1kt\u00f3l, ezzel nyilv\u00e1n nem akarjuk kisebb\u00edteni az \u00e9rdemeiket). Mert zene, az bizony kell. Minden helyzetben. \u00c9s hogy mi lenne a legmegfelel\u0151bb al\u00e1fest\u00e9s egy romantikus vacsor\u00e1hoz, egy felejthetetlen h\u00e1zibulihoz, vagy az \u00faj\u00e9vi ocs\u00fad\u00e1s ut\u00e1ni rom-eltakar\u00edt\u00e1shoz? Megmutatjuk! J\u00f6jj\u00f6n egy szubjekt\u00edv, m\u00e9gis k\u00f6r\u00fcltekint\u0151 alaposs\u00e1ggal \u00f6ssze\u00e1ll\u00edtott ...\" \/>\n<meta property=\"og:url\" content=\"https:\/\/hir.mediamarkt.hu\/magazin\/hangulatok-lemezre-komponalva-szubjektiv-zenei-ajanlo-nagyjabol-mindenkinek\/\" \/>\n<meta property=\"og:site_name\" content=\"MediaMarkt Magazin\" \/>\n<meta property=\"article:publisher\" content=\"https:\/\/www.facebook.com\/MediaMarktMagyarorszag\" \/>\n<meta property=\"article:published_time\" content=\"2016-12-23T19:25:21+00:00\" \/>\n<meta property=\"article:modified_time\" content=\"2018-02-27T17:02:07+00:00\" \/>\n<meta property=\"og:image\" content=\"https:\/\/hir.mediamarkt.hu\/magazin\/wp-content\/uploads\/2016\/12\/pexels-photo-30222.jpg\" \/>\n\t<meta property=\"og:image:width\" content=\"1440\" \/>\n\t<meta property=\"og:image:height\" content=\"962\" \/>\n\t<meta property=\"og:image:type\" content=\"image\/jpeg\" \/>\n<meta name=\"author\" content=\"Media Markt\" \/>\n<meta name=\"twitter:label1\" content=\"Szerz\u0151:\" \/>\n\t<meta name=\"twitter:data1\" content=\"Media Markt\" \/>\n\t<meta name=\"twitter:label2\" content=\"Becs\u00fclt olvas\u00e1si id\u0151\" \/>\n\t<meta name=\"twitter:data2\" content=\"5 perc\" \/>\n<script type=\"application\/ld+json\" class=\"yoast-schema-graph\">{\"@context\":\"https:\/\/schema.org\",\"@graph\":[{\"@type\":\"WebPage\",\"@id\":\"https:\/\/hir.mediamarkt.hu\/magazin\/hangulatok-lemezre-komponalva-szubjektiv-zenei-ajanlo-nagyjabol-mindenkinek\/\",\"url\":\"https:\/\/hir.mediamarkt.hu\/magazin\/hangulatok-lemezre-komponalva-szubjektiv-zenei-ajanlo-nagyjabol-mindenkinek\/\",\"name\":\"Hangulatok lemezre kompon\u00e1lva: szubjekt\u00edv zenei aj\u00e1nl\u00f3, nagyj\u00e1b\u00f3l mindenkinek! - MediaMarkt Magazin\",\"isPartOf\":{\"@id\":\"https:\/\/hir.mediamarkt.hu\/magazin\/#website\"},\"primaryImageOfPage\":{\"@id\":\"https:\/\/hir.mediamarkt.hu\/magazin\/hangulatok-lemezre-komponalva-szubjektiv-zenei-ajanlo-nagyjabol-mindenkinek\/#primaryimage\"},\"image\":{\"@id\":\"https:\/\/hir.mediamarkt.hu\/magazin\/hangulatok-lemezre-komponalva-szubjektiv-zenei-ajanlo-nagyjabol-mindenkinek\/#primaryimage\"},\"thumbnailUrl\":\"https:\/\/hir.mediamarkt.hu\/magazin\/wp-content\/uploads\/2016\/12\/pexels-photo-30222.jpg\",\"datePublished\":\"2016-12-23T19:25:21+00:00\",\"dateModified\":\"2018-02-27T17:02:07+00:00\",\"author\":{\"@id\":\"https:\/\/hir.mediamarkt.hu\/magazin\/#\/schema\/person\/b93b02ec1ab4d2353f8d281e171c1b0b\"},\"breadcrumb\":{\"@id\":\"https:\/\/hir.mediamarkt.hu\/magazin\/hangulatok-lemezre-komponalva-szubjektiv-zenei-ajanlo-nagyjabol-mindenkinek\/#breadcrumb\"},\"inLanguage\":\"hu\",\"potentialAction\":[{\"@type\":\"ReadAction\",\"target\":[\"https:\/\/hir.mediamarkt.hu\/magazin\/hangulatok-lemezre-komponalva-szubjektiv-zenei-ajanlo-nagyjabol-mindenkinek\/\"]}]},{\"@type\":\"ImageObject\",\"inLanguage\":\"hu\",\"@id\":\"https:\/\/hir.mediamarkt.hu\/magazin\/hangulatok-lemezre-komponalva-szubjektiv-zenei-ajanlo-nagyjabol-mindenkinek\/#primaryimage\",\"url\":\"https:\/\/hir.mediamarkt.hu\/magazin\/wp-content\/uploads\/2016\/12\/pexels-photo-30222.jpg\",\"contentUrl\":\"https:\/\/hir.mediamarkt.hu\/magazin\/wp-content\/uploads\/2016\/12\/pexels-photo-30222.jpg\",\"width\":1440,\"height\":962},{\"@type\":\"BreadcrumbList\",\"@id\":\"https:\/\/hir.mediamarkt.hu\/magazin\/hangulatok-lemezre-komponalva-szubjektiv-zenei-ajanlo-nagyjabol-mindenkinek\/#breadcrumb\",\"itemListElement\":[{\"@type\":\"ListItem\",\"position\":1,\"name\":\"Kezd\u0151lap\",\"item\":\"https:\/\/hir.mediamarkt.hu\/magazin\/\"},{\"@type\":\"ListItem\",\"position\":2,\"name\":\"Sz\u00f3rakoz\u00e1s\",\"item\":\"https:\/\/hir.mediamarkt.hu\/magazin\/szorakozas\/\"},{\"@type\":\"ListItem\",\"position\":3,\"name\":\"Audi\u00f3 \u00e9s zene\",\"item\":\"https:\/\/hir.mediamarkt.hu\/magazin\/szorakozas\/audio-es-zene\/\"},{\"@type\":\"ListItem\",\"position\":4,\"name\":\"Hangulatok lemezre kompon\u00e1lva: szubjekt\u00edv zenei aj\u00e1nl\u00f3, nagyj\u00e1b\u00f3l mindenkinek!\"}]},{\"@type\":\"WebSite\",\"@id\":\"https:\/\/hir.mediamarkt.hu\/magazin\/#website\",\"url\":\"https:\/\/hir.mediamarkt.hu\/magazin\/\",\"name\":\"MediaMarkt Magazin\",\"description\":\"Olvass bele magazinunkba!\",\"potentialAction\":[{\"@type\":\"SearchAction\",\"target\":{\"@type\":\"EntryPoint\",\"urlTemplate\":\"https:\/\/hir.mediamarkt.hu\/magazin\/?s={search_term_string}\"},\"query-input\":\"required name=search_term_string\"}],\"inLanguage\":\"hu\"},{\"@type\":\"Person\",\"@id\":\"https:\/\/hir.mediamarkt.hu\/magazin\/#\/schema\/person\/b93b02ec1ab4d2353f8d281e171c1b0b\",\"name\":\"Media Markt\",\"image\":{\"@type\":\"ImageObject\",\"inLanguage\":\"hu\",\"@id\":\"https:\/\/hir.mediamarkt.hu\/magazin\/#\/schema\/person\/image\/\",\"url\":\"https:\/\/secure.gravatar.com\/avatar\/602bccae8998beee472d01909f0978f1?s=96&d=mm&r=g\",\"contentUrl\":\"https:\/\/secure.gravatar.com\/avatar\/602bccae8998beee472d01909f0978f1?s=96&d=mm&r=g\",\"caption\":\"Media Markt\"}}]}<\/script>\n<!-- \/ Yoast SEO plugin. -->","yoast_head_json":{"title":"Hangulatok lemezre kompon\u00e1lva: szubjekt\u00edv zenei aj\u00e1nl\u00f3, nagyj\u00e1b\u00f3l mindenkinek! - MediaMarkt Magazin","robots":{"index":"index","follow":"follow","max-snippet":"max-snippet:-1","max-image-preview":"max-image-preview:large","max-video-preview":"max-video-preview:-1"},"canonical":"https:\/\/hir.mediamarkt.hu\/magazin\/hangulatok-lemezre-komponalva-szubjektiv-zenei-ajanlo-nagyjabol-mindenkinek\/","og_locale":"hu_HU","og_type":"article","og_title":"Hangulatok lemezre kompon\u00e1lva: szubjekt\u00edv zenei aj\u00e1nl\u00f3, nagyj\u00e1b\u00f3l mindenkinek! - MediaMarkt Magazin","og_description":"Az \u00e9v ezen szakasz\u00e1ban mindenki szeretne v\u00e9gre kicsit kiengedni, mag\u00e1ra \u00e9s a szeretteire figyelni. A kar\u00e1csonyi eb\u00e9dek \u00e9s vacsor\u00e1k, valamint a lencselevesek, virslik \u00e9s pezsg\u0151k m\u00e1gikus tengely\u00e9ben pedig mi lenne fontosabb, mint a megfelel\u0151 hangulat. Kod\u00e1ly orsz\u00e1g\u00e1ban b\u00edzunk benne, hogy a zene mindannyiunk \u00e9let\u00e9nek fontos r\u00e9sze. Ha m\u00e9gsem, most azz\u00e1 tessz\u00fck. Legyen sz\u00f3 popr\u00f3l, rockr\u00f3l, klasszikus zen\u00e9r\u0151l vagy jazzr\u0151l, a zseni\u00e1lis sorrendben \u00e9s ritmusban egym\u00e1s ut\u00e1n illesztett hangok minden pillanatban a legjobb bar\u00e1taink lehetnek (ez\u00faton k\u00e9r\u00fcnk eln\u00e9z\u00e9st a kuty\u00e1kt\u00f3l, ezzel nyilv\u00e1n nem akarjuk kisebb\u00edteni az \u00e9rdemeiket). Mert zene, az bizony kell. Minden helyzetben. \u00c9s hogy mi lenne a legmegfelel\u0151bb al\u00e1fest\u00e9s egy romantikus vacsor\u00e1hoz, egy felejthetetlen h\u00e1zibulihoz, vagy az \u00faj\u00e9vi ocs\u00fad\u00e1s ut\u00e1ni rom-eltakar\u00edt\u00e1shoz? Megmutatjuk! J\u00f6jj\u00f6n egy szubjekt\u00edv, m\u00e9gis k\u00f6r\u00fcltekint\u0151 alaposs\u00e1ggal \u00f6ssze\u00e1ll\u00edtott ...","og_url":"https:\/\/hir.mediamarkt.hu\/magazin\/hangulatok-lemezre-komponalva-szubjektiv-zenei-ajanlo-nagyjabol-mindenkinek\/","og_site_name":"MediaMarkt Magazin","article_publisher":"https:\/\/www.facebook.com\/MediaMarktMagyarorszag","article_published_time":"2016-12-23T19:25:21+00:00","article_modified_time":"2018-02-27T17:02:07+00:00","og_image":[{"width":1440,"height":962,"url":"https:\/\/hir.mediamarkt.hu\/magazin\/wp-content\/uploads\/2016\/12\/pexels-photo-30222.jpg","type":"image\/jpeg"}],"author":"Media Markt","twitter_misc":{"Szerz\u0151:":"Media Markt","Becs\u00fclt olvas\u00e1si id\u0151":"5 perc"},"schema":{"@context":"https:\/\/schema.org","@graph":[{"@type":"WebPage","@id":"https:\/\/hir.mediamarkt.hu\/magazin\/hangulatok-lemezre-komponalva-szubjektiv-zenei-ajanlo-nagyjabol-mindenkinek\/","url":"https:\/\/hir.mediamarkt.hu\/magazin\/hangulatok-lemezre-komponalva-szubjektiv-zenei-ajanlo-nagyjabol-mindenkinek\/","name":"Hangulatok lemezre kompon\u00e1lva: szubjekt\u00edv zenei aj\u00e1nl\u00f3, nagyj\u00e1b\u00f3l mindenkinek! - MediaMarkt Magazin","isPartOf":{"@id":"https:\/\/hir.mediamarkt.hu\/magazin\/#website"},"primaryImageOfPage":{"@id":"https:\/\/hir.mediamarkt.hu\/magazin\/hangulatok-lemezre-komponalva-szubjektiv-zenei-ajanlo-nagyjabol-mindenkinek\/#primaryimage"},"image":{"@id":"https:\/\/hir.mediamarkt.hu\/magazin\/hangulatok-lemezre-komponalva-szubjektiv-zenei-ajanlo-nagyjabol-mindenkinek\/#primaryimage"},"thumbnailUrl":"https:\/\/hir.mediamarkt.hu\/magazin\/wp-content\/uploads\/2016\/12\/pexels-photo-30222.jpg","datePublished":"2016-12-23T19:25:21+00:00","dateModified":"2018-02-27T17:02:07+00:00","author":{"@id":"https:\/\/hir.mediamarkt.hu\/magazin\/#\/schema\/person\/b93b02ec1ab4d2353f8d281e171c1b0b"},"breadcrumb":{"@id":"https:\/\/hir.mediamarkt.hu\/magazin\/hangulatok-lemezre-komponalva-szubjektiv-zenei-ajanlo-nagyjabol-mindenkinek\/#breadcrumb"},"inLanguage":"hu","potentialAction":[{"@type":"ReadAction","target":["https:\/\/hir.mediamarkt.hu\/magazin\/hangulatok-lemezre-komponalva-szubjektiv-zenei-ajanlo-nagyjabol-mindenkinek\/"]}]},{"@type":"ImageObject","inLanguage":"hu","@id":"https:\/\/hir.mediamarkt.hu\/magazin\/hangulatok-lemezre-komponalva-szubjektiv-zenei-ajanlo-nagyjabol-mindenkinek\/#primaryimage","url":"https:\/\/hir.mediamarkt.hu\/magazin\/wp-content\/uploads\/2016\/12\/pexels-photo-30222.jpg","contentUrl":"https:\/\/hir.mediamarkt.hu\/magazin\/wp-content\/uploads\/2016\/12\/pexels-photo-30222.jpg","width":1440,"height":962},{"@type":"BreadcrumbList","@id":"https:\/\/hir.mediamarkt.hu\/magazin\/hangulatok-lemezre-komponalva-szubjektiv-zenei-ajanlo-nagyjabol-mindenkinek\/#breadcrumb","itemListElement":[{"@type":"ListItem","position":1,"name":"Kezd\u0151lap","item":"https:\/\/hir.mediamarkt.hu\/magazin\/"},{"@type":"ListItem","position":2,"name":"Sz\u00f3rakoz\u00e1s","item":"https:\/\/hir.mediamarkt.hu\/magazin\/szorakozas\/"},{"@type":"ListItem","position":3,"name":"Audi\u00f3 \u00e9s zene","item":"https:\/\/hir.mediamarkt.hu\/magazin\/szorakozas\/audio-es-zene\/"},{"@type":"ListItem","position":4,"name":"Hangulatok lemezre kompon\u00e1lva: szubjekt\u00edv zenei aj\u00e1nl\u00f3, nagyj\u00e1b\u00f3l mindenkinek!"}]},{"@type":"WebSite","@id":"https:\/\/hir.mediamarkt.hu\/magazin\/#website","url":"https:\/\/hir.mediamarkt.hu\/magazin\/","name":"MediaMarkt Magazin","description":"Olvass bele magazinunkba!","potentialAction":[{"@type":"SearchAction","target":{"@type":"EntryPoint","urlTemplate":"https:\/\/hir.mediamarkt.hu\/magazin\/?s={search_term_string}"},"query-input":"required name=search_term_string"}],"inLanguage":"hu"},{"@type":"Person","@id":"https:\/\/hir.mediamarkt.hu\/magazin\/#\/schema\/person\/b93b02ec1ab4d2353f8d281e171c1b0b","name":"Media Markt","image":{"@type":"ImageObject","inLanguage":"hu","@id":"https:\/\/hir.mediamarkt.hu\/magazin\/#\/schema\/person\/image\/","url":"https:\/\/secure.gravatar.com\/avatar\/602bccae8998beee472d01909f0978f1?s=96&d=mm&r=g","contentUrl":"https:\/\/secure.gravatar.com\/avatar\/602bccae8998beee472d01909f0978f1?s=96&d=mm&r=g","caption":"Media Markt"}}]}},"_links":{"self":[{"href":"https:\/\/hir.mediamarkt.hu\/magazin\/wp-json\/wp\/v2\/posts\/4729"}],"collection":[{"href":"https:\/\/hir.mediamarkt.hu\/magazin\/wp-json\/wp\/v2\/posts"}],"about":[{"href":"https:\/\/hir.mediamarkt.hu\/magazin\/wp-json\/wp\/v2\/types\/post"}],"author":[{"embeddable":true,"href":"https:\/\/hir.mediamarkt.hu\/magazin\/wp-json\/wp\/v2\/users\/13"}],"replies":[{"embeddable":true,"href":"https:\/\/hir.mediamarkt.hu\/magazin\/wp-json\/wp\/v2\/comments?post=4729"}],"version-history":[{"count":3,"href":"https:\/\/hir.mediamarkt.hu\/magazin\/wp-json\/wp\/v2\/posts\/4729\/revisions"}],"predecessor-version":[{"id":4736,"href":"https:\/\/hir.mediamarkt.hu\/magazin\/wp-json\/wp\/v2\/posts\/4729\/revisions\/4736"}],"wp:featuredmedia":[{"embeddable":true,"href":"https:\/\/hir.mediamarkt.hu\/magazin\/wp-json\/wp\/v2\/media\/4726"}],"wp:attachment":[{"href":"https:\/\/hir.mediamarkt.hu\/magazin\/wp-json\/wp\/v2\/media?parent=4729"}],"wp:term":[{"taxonomy":"category","embeddable":true,"href":"https:\/\/hir.mediamarkt.hu\/magazin\/wp-json\/wp\/v2\/categories?post=4729"},{"taxonomy":"post_tag","embeddable":true,"href":"https:\/\/hir.mediamarkt.hu\/magazin\/wp-json\/wp\/v2\/tags?post=4729"}],"curies":[{"name":"wp","href":"https:\/\/api.w.org\/{rel}","templated":true}]}}