{"id":4738,"date":"2017-02-10T14:53:41","date_gmt":"2017-02-10T13:53:41","guid":{"rendered":"http:\/\/hir.mediamarkt.hu\/magazin\/?p=4738"},"modified":"2018-02-27T18:01:39","modified_gmt":"2018-02-27T17:01:39","slug":"valentin_kiborito_ajandekok","status":"publish","type":"post","link":"https:\/\/hir.mediamarkt.hu\/magazin\/valentin_kiborito_ajandekok\/","title":{"rendered":"Valentin napi aj\u00e1nd\u00e9kok, amikkel kibor\u00edthatjuk p\u00e1runkat"},"content":{"rendered":"<h1>Fikt\u00edv monol\u00f3gok t\u0151l\u00fcnk, r\u00f3lunk, magunknak!<\/h1>\r\n&nbsp;\r\n\r\n<strong>T\u00fal a r\u00f3zsa-\u00e9dess\u00e9g-gy\u00e9m\u00e1ntos gy\u0171r\u0171 szenth\u00e1roms\u00e1gon van, aki praktikus aj\u00e1nd\u00e9kot ad minden helyzetben. M\u00e9g Valentin napon is. B\u00e1r sz\u00e1mos h\u00e1ztart\u00e1si eszk\u00f6z, kisg\u00e9p, berendez\u00e9s elengedhetetlen kell\u00e9ke h\u00e9tk\u00f6znapjainknak, egyeseket \u00e9rz\u00e9kenyen \u00e9rinthet, ha ilyesmit kapnak sz\u00edvszerelm\u00fckt\u0151l. Vagy ha egy bizonyos dolgot kapnak t\u0151l\u00fck\u2026<\/strong>\r\n\r\n&nbsp;\r\n\r\nIg\u00e9nyes csomagol\u00e1s ide, vagy oda, van olyasmi, amit\u0151l jobb esetben csak zavarba j\u00f6n a megaj\u00e1nd\u00e9kozott f\u00e9l, rosszabb esetben azonban komoly vircsaft kerekedhet az \u201cezt m\u00e9gis hogy k\u00e9pzelted?\u201d gondolatmenet ment\u00e9n.\r\n\r\nJ\u00f6jj\u00f6n p\u00e1r olyan term\u00e9k, ami j\u00f3, amit szeret\u00fcnk, ami kell, ami \u00f6nmag\u00e1ban v\u00e9ve \u00c1RTATLAN! De a szerelmesek \u00fcnnep\u00e9nek felfokozott \u00e9rzelmei k\u00f6z\u00f6tt el\u0151fordulhat, hogy valaki t\u00fal \u00e9rz\u00e9kenyen reag\u00e1l a legmen\u0151bb holmik l\u00e1tv\u00e1ny\u00e1ra is\u2026\r\n\r\n&nbsp;\r\n<h3><\/h3>\r\n<ul>\r\n \t<li><b><a href=\"https:\/\/goo.gl\/jz2jE3\" target=\"_blank\">A szem\u00e9lym\u00e9rleg<\/a><\/b><\/li>\r\n<\/ul>\r\n&nbsp;\r\n\r\n<img loading=\"lazy\" decoding=\"async\" class=\"wp-image-4756 alignleft\" src=\"http:\/\/hir.mediamarkt.hu\/magazin\/wp-content\/uploads\/2017\/02\/MM_vitathat\u00f3-aj\u00e1nd\u00e9kok1-1.png\" width=\"246\" height=\"184\" srcset=\"https:\/\/hir.mediamarkt.hu\/magazin\/wp-content\/uploads\/2017\/02\/MM_vitathat\u00f3-aj\u00e1nd\u00e9kok1-1.png 328w, https:\/\/hir.mediamarkt.hu\/magazin\/wp-content\/uploads\/2017\/02\/MM_vitathat\u00f3-aj\u00e1nd\u00e9kok1-1-275x205.png 275w, https:\/\/hir.mediamarkt.hu\/magazin\/wp-content\/uploads\/2017\/02\/MM_vitathat\u00f3-aj\u00e1nd\u00e9kok1-1-300x224.png 300w, https:\/\/hir.mediamarkt.hu\/magazin\/wp-content\/uploads\/2017\/02\/MM_vitathat\u00f3-aj\u00e1nd\u00e9kok1-1-768x574.png 768w, https:\/\/hir.mediamarkt.hu\/magazin\/wp-content\/uploads\/2017\/02\/MM_vitathat\u00f3-aj\u00e1nd\u00e9kok1-1-720x538.png 720w\" sizes=\"(max-width: 246px) 100vw, 246px\" \/>J\u00f3. Sz\u00f3val szerinted k\u00f6v\u00e9r vagyok. Mondd ki nyugodtan! Nem kell c\u00e9lozgatni. Igen, felszedtem p\u00e1r kil\u00f3t a gyerekek megsz\u00fclet\u00e9se \u00f3ta. Na \u00e9s? Nem titok. Hogy-hogy nem \u00fagy gondoltad? H\u00e1t m\u00e9gis hogyan? Tudom, hogy az el\u0151z\u0151 elromlott. Meg is \u00e9rdemelte a kis piszok. Folyton m\u00e1st mutatott, mint ami a val\u00f3s\u00e1g. Azt \u00e9n pontosan l\u00e1tom \u00e9s \u00e9rzem, hogy h\u00e1ny kil\u00f3 vagyok! Ne akarjon m\u00e1r egy m\u00e9rleg okosabb lenni n\u00e1lam! Nem \u00e9rdekel, hogy ez egy sp\u00e9ci okoseszk\u00f6z, amelyik h\u00e9t nyelven besz\u00e9l \u00e9s \u00fagy van kalibr\u00e1lva, hogy ha egy szem rizzsel t\u00f6bbet eszem, akkor is kimutatja. Ez akkor is&#8230;bunk\u00f3s\u00e1g! De ha \u00edgy is szeretsz, akkor minek? Ja, hogy magadnak? J\u00f3, mondjuk neked t\u00e9nyleg oda k\u00e9ne kicsit figyelned a s\u00falyodra. Hol lehet ezt bekapcsolni? N\u00e9zz\u00fck m\u00e1r meg, mit tud! Azt\u00e1n holnapt\u00f3l akkor nem eszel.\r\n\r\n&nbsp;\r\n\r\n&nbsp;\r\n<ul>\r\n \t<li><b><a href=\"http:\/\/www.mediamarkt.hu\/hu\/category\/_n%C5%91i-borotva-%C3%A9s-epil%C3%A1tor-504765.html\" target=\"_blank\"><strong>N\u0151i borotva \u00e9s epil\u00e1tor<\/strong><\/a><strong>, <\/strong><a href=\"http:\/\/www.mediamarkt.hu\/hu\/category\/_villan%C3%B3f%C3%A9nyes-sz%C5%91rtelen%C3%ADt%C3%A9s-504766.html\" target=\"_blank\"><strong>villan\u00f3f\u00e9nyes sz\u0151rtelen\u00edt\u00e9s<\/strong><\/a><\/b><\/li>\r\n<\/ul>\r\n&nbsp;\r\n\r\n<img loading=\"lazy\" decoding=\"async\" class=\"wp-image-4740 alignleft\" src=\"http:\/\/hir.mediamarkt.hu\/magazin\/wp-content\/uploads\/2017\/02\/MM_vitathat\u00f3-aj\u00e1nd\u00e9kok2.png\" width=\"246\" height=\"184\" srcset=\"https:\/\/hir.mediamarkt.hu\/magazin\/wp-content\/uploads\/2017\/02\/MM_vitathat\u00f3-aj\u00e1nd\u00e9kok2.png 786w, https:\/\/hir.mediamarkt.hu\/magazin\/wp-content\/uploads\/2017\/02\/MM_vitathat\u00f3-aj\u00e1nd\u00e9kok2-275x205.png 275w, https:\/\/hir.mediamarkt.hu\/magazin\/wp-content\/uploads\/2017\/02\/MM_vitathat\u00f3-aj\u00e1nd\u00e9kok2-300x224.png 300w, https:\/\/hir.mediamarkt.hu\/magazin\/wp-content\/uploads\/2017\/02\/MM_vitathat\u00f3-aj\u00e1nd\u00e9kok2-768x574.png 768w, https:\/\/hir.mediamarkt.hu\/magazin\/wp-content\/uploads\/2017\/02\/MM_vitathat\u00f3-aj\u00e1nd\u00e9kok2-720x538.png 720w\" sizes=\"(max-width: 246px) 100vw, 246px\" \/>Az, hogy szerinted a magazinokban \u00e9s a k\u00e9perny\u0151n l\u00e1that\u00f3 n\u0151k l\u00e1ba \u00e9s mindene olyan, mint a babapopsi, egy \u00e1tver\u00e9s. Azt hiszed, azok ilyesmit haszn\u00e1lnak? Hogy \u00e9rted, hogy persze? Ut\u00e1nan\u00e9zt\u00e9l? Ez a legjobb a piacon? Nem f\u00e1j? M\u00e9r\u2019? Pr\u00f3b\u00e1ltad? Gondoltam. Am\u00fagy meg t\u00e9l van, ilyenkor kicsit jobban elengedem magam. De h\u00e1t csak te l\u00e1tod. Persze, hogy az is sz\u00e1m\u00edt, de m\u00e9gis\u2026 Nemmondod! A Marik\u00e1\u00e9kt\u00f3l wellness-utalv\u00e1nyt kaptunk? Pezsg\u0151f\u00fcrd\u0151, szauna \u00e9s massz\u00e1zs szilveszterkor? Bontsd m\u00e1r ki, l\u00e1tnom kell, milyen gyorsan \u00e9rhetek el l\u00e1that\u00f3 eredm\u00e9nyt!\r\n\r\n&nbsp;\r\n\r\n&nbsp;\r\n\r\n&nbsp;\r\n<ul>\r\n \t<li><b><a href=\"http:\/\/www.mediamarkt.hu\/hu\/category\/_fog%C3%A1pol%C3%A1s-504770.html\" target=\"_blank\"><strong>Fog\u00e1pol\u00e1shoz sz\u00fcks\u00e9ges eszk\u00f6z\u00f6k \u00e9s sz\u00e1j\u00e1pol\u00e1s kieg\u00e9sz\u00edt\u0151 tartoz\u00e9kok<\/strong><\/a><\/b><\/li>\r\n<\/ul>\r\n&nbsp;\r\n\r\n<img loading=\"lazy\" decoding=\"async\" class=\"wp-image-4741 alignleft\" src=\"http:\/\/hir.mediamarkt.hu\/magazin\/wp-content\/uploads\/2017\/02\/MM_vitathat\u00f3-aj\u00e1nd\u00e9kok3.png\" width=\"246\" height=\"184\" srcset=\"https:\/\/hir.mediamarkt.hu\/magazin\/wp-content\/uploads\/2017\/02\/MM_vitathat\u00f3-aj\u00e1nd\u00e9kok3.png 786w, https:\/\/hir.mediamarkt.hu\/magazin\/wp-content\/uploads\/2017\/02\/MM_vitathat\u00f3-aj\u00e1nd\u00e9kok3-275x205.png 275w, https:\/\/hir.mediamarkt.hu\/magazin\/wp-content\/uploads\/2017\/02\/MM_vitathat\u00f3-aj\u00e1nd\u00e9kok3-300x224.png 300w, https:\/\/hir.mediamarkt.hu\/magazin\/wp-content\/uploads\/2017\/02\/MM_vitathat\u00f3-aj\u00e1nd\u00e9kok3-768x574.png 768w, https:\/\/hir.mediamarkt.hu\/magazin\/wp-content\/uploads\/2017\/02\/MM_vitathat\u00f3-aj\u00e1nd\u00e9kok3-720x538.png 720w\" sizes=\"(max-width: 246px) 100vw, 246px\" \/>H\u00e1t ez igaz\u00e1n&#8230;figyelmes. Valami konkr\u00e9t mondanival\u00f3d van vele? Nincs? Rendben. De m\u00e9gis akkor mi\u00e9rt pont ez? Mert k\u00e9t h\u00e9tig k\u00f6r\u00f6z\u00f6tt volt itthon? De h\u00e1t eg\u00e9szs\u00e9ges! Meg h\u00e1t a mama \u00e1thozta azt a k\u00e9t kil\u00f3 t\u00far\u00f3t. Hagytam volna megromlani? A hagyma igenis finom! \u00c9n nem tehetek r\u00f3la, hogy neked ilyen fene k\u00e9nyes egy orrod van. J\u00f3, h\u00e1t te sem. Mutasd. Sz\u00e9p. De akkor is ez az eg\u00e9sz olyan megal\u00e1z\u00f3. Nem b\u00fajok oda! Mert tat\u00e1r beefsteaket csin\u00e1ltam el\u0151\u00e9telnek \u00e9s az elk\u00e9sz\u00edt\u00e9s k\u00f6zben belek\u00f3stolgattam. Ha meg\u00edg\u00e9rem, hogy minden nap h\u00e1romszor haszn\u00e1lom, f\u0151zhetek t\u00f6bbsz\u00f6r fokhagyma kr\u00e9mlevest? \u00c9n is t\u00e9ged.\r\n\r\n&nbsp;\r\n\r\n&nbsp;\r\n\r\n&nbsp;\r\n<ul>\r\n \t<li><strong>\u00a0<a href=\"https:\/\/goo.gl\/tFYA2h\" target=\"_blank\">Okos \u00e9s fitness kark\u00f6t\u0151k<\/a><\/strong><strong> valamint b\u00e1rmely s<\/strong><a href=\"http:\/\/www.mediamarkt.hu\/hu\/category\/_szabadid%C5%91-sport-617554.html\"><strong>port, fitness \u00e9s t\u00fara <\/strong><\/a><a href=\"http:\/\/www.mediamarkt.hu\/hu\/category\/_szabadid%C5%91-sport-617554.html\" target=\"_blank\"><strong>eszk\u00f6z\u00f6k<\/strong><\/a><\/li>\r\n<\/ul>\r\n&nbsp;\r\n\r\n<img loading=\"lazy\" decoding=\"async\" class=\"wp-image-4742 alignleft\" src=\"http:\/\/hir.mediamarkt.hu\/magazin\/wp-content\/uploads\/2017\/02\/MM_vitathat\u00f3-aj\u00e1nd\u00e9kok4.png\" width=\"246\" height=\"184\" srcset=\"https:\/\/hir.mediamarkt.hu\/magazin\/wp-content\/uploads\/2017\/02\/MM_vitathat\u00f3-aj\u00e1nd\u00e9kok4.png 786w, https:\/\/hir.mediamarkt.hu\/magazin\/wp-content\/uploads\/2017\/02\/MM_vitathat\u00f3-aj\u00e1nd\u00e9kok4-275x205.png 275w, https:\/\/hir.mediamarkt.hu\/magazin\/wp-content\/uploads\/2017\/02\/MM_vitathat\u00f3-aj\u00e1nd\u00e9kok4-300x224.png 300w, https:\/\/hir.mediamarkt.hu\/magazin\/wp-content\/uploads\/2017\/02\/MM_vitathat\u00f3-aj\u00e1nd\u00e9kok4-768x574.png 768w, https:\/\/hir.mediamarkt.hu\/magazin\/wp-content\/uploads\/2017\/02\/MM_vitathat\u00f3-aj\u00e1nd\u00e9kok4-720x538.png 720w\" sizes=\"(max-width: 246px) 100vw, 246px\" \/>Na most vagy dagadtnak gondolsz, vagy t\u00f6k h\u00fcly\u00e9nek. Mi\u00e9rt ne tudn\u00e9k ilyen k\u00fcty\u00fck n\u00e9lk\u00fcl sportolni? Hogy-hogy ez a j\u00f6v\u0151? M\u00e9\u2019, lefutja majd helyettem a maratont j\u00f6v\u0151re? Nem kiab\u00e1lok. Csak nem \u00e9rtem, hogy\u2026 N\u00e9zem \u00e9n, de szerintem ez akkor is felesleges p\u00e9nzkidob\u00e1s volt. F\u00e9rfi vagyok, pontosan tudom, mikor \u00e9s mennyit futottam. Ezt m\u00e9g meg tudom jegyezni. Hogy-hogy hogyan f\u00fcgg ez \u00f6ssze? \u00d6sszef\u00fcgg. Pont. Am\u00fagy mit tud ez az iz\u00e9? Kal\u00f3ria sz\u00e1ml\u00e1l\u00e1s, l\u00e9p\u00e9ssz\u00e1ml\u00e1l\u00e1s, pulzusm\u00e9r\u00e9s&#8230; \u00c9breszt\u0151? Bej\u00f6v\u0151 h\u00edv\u00e1sok \u00e9s \u00fczenetek? F\u00e9nyk\u00e9pez\u0151g\u00e9p t\u00e1vvez\u00e9rl\u0151 funkci\u00f3ja? Zenehallgat\u00e1s? Na j\u00f3, felpr\u00f3b\u00e1lom. \u00daristen, pont megy az edz\u0151cip\u0151mh\u00f6z! T\u00e9nyleg az\u00e9rt? Jaj de \u00e9des vagy! Gyere ide!\r\n<h1><\/h1>\r\n<ul>\r\n \t<li><strong> <a href=\"https:\/\/goo.gl\/hh7UMw\" target=\"_blank\">Iratmegsemmis\u00edt\u0151<\/a><\/strong><\/li>\r\n<\/ul>\r\n&nbsp;\r\n\r\n<img loading=\"lazy\" decoding=\"async\" class=\"wp-image-4744 alignleft\" src=\"http:\/\/hir.mediamarkt.hu\/magazin\/wp-content\/uploads\/2017\/02\/MM_vitathat\u00f3-aj\u00e1nd\u00e9kok5.png\" width=\"246\" height=\"184\" srcset=\"https:\/\/hir.mediamarkt.hu\/magazin\/wp-content\/uploads\/2017\/02\/MM_vitathat\u00f3-aj\u00e1nd\u00e9kok5.png 786w, https:\/\/hir.mediamarkt.hu\/magazin\/wp-content\/uploads\/2017\/02\/MM_vitathat\u00f3-aj\u00e1nd\u00e9kok5-275x205.png 275w, https:\/\/hir.mediamarkt.hu\/magazin\/wp-content\/uploads\/2017\/02\/MM_vitathat\u00f3-aj\u00e1nd\u00e9kok5-300x224.png 300w, https:\/\/hir.mediamarkt.hu\/magazin\/wp-content\/uploads\/2017\/02\/MM_vitathat\u00f3-aj\u00e1nd\u00e9kok5-768x574.png 768w, https:\/\/hir.mediamarkt.hu\/magazin\/wp-content\/uploads\/2017\/02\/MM_vitathat\u00f3-aj\u00e1nd\u00e9kok5-720x538.png 720w\" sizes=\"(max-width: 246px) 100vw, 246px\" \/>Sz\u00f3val szerinted megcsallak. Ne n\u00e9zz \u00edgy r\u00e1m, kikerekedett szemekkel, mint egy \u00e1rtatlan, \u00e1ldozati b\u00e1r\u00e1ny! H\u00e1t mi m\u00e1s\u00e9rt adn\u00e1l nekem ilyesmit? Ne hebegj nekem itt a c\u00e9gr\u0151l \u00e9s a biztons\u00e1gr\u00f3l! A c\u00e9g, az t\u00f6k\u00e9letesen rendben van. A J\u00f3zsi mindent megold. Okosba\u2019. Ilyesmire nincs sz\u00fcks\u00e9g\u00fcnk. A hivatalos k\u00f6nyvel\u00e9s teljesen rendben van. A m\u00e1sik meg itthon a sz\u00e9fben. Hogy-hogy pont az\u00e9rt? Hagyj\u00e1l m\u00e1r! Nem j\u00f6n ide senki. M\u00e9g hogy ez is az \u00e9n hib\u00e1m! Ha meg bar\u00e1tkozom, r\u00f6gt\u00f6n f\u00e9lt\u00e9keny leszel. Szerintem ezt is az\u00e9rt vetted, hogy az orrom al\u00e1 d\u00f6rg\u00f6ld, hogy elvittem p\u00e1rszor az \u00fcgyfeleket vacsor\u00e1zni. H\u00e1t tehetek \u00e9n r\u00f3la, hogy mind n\u0151? A blokk meg a zsebemben maradt. Na bumm. Nem, az nem k\u00e9jes kiruccan\u00e1s volt, hanem komoly businnes trip.\r\n\r\nA r\u00f3zsa \u00e9s a pezsg\u0151 az \u00fczleti strat\u00e9gi\u00e1m fontos r\u00e9sze. Az \u00fcgyfelek szeretik. Nem pr\u00f3b\u00e1ltam meg elsunnyogni! Csak elfelejtettem. J\u00f3, h\u00e1t ha lett volna itthon egy ilyen k\u00fcty\u00fc, meg sem tal\u00e1ltad volna a nyomait&#8230; Hogy-hogy ezek ut\u00e1n nem tarthatom meg? \u00c9n kaptam!","protected":false},"excerpt":{"rendered":"Fikt\u00edv monol\u00f3gok t\u0151l\u00fcnk, r\u00f3lunk, magunknak! &nbsp; T\u00fal a r\u00f3zsa-\u00e9dess\u00e9g-gy\u00e9m\u00e1ntos gy\u0171r\u0171 szenth\u00e1roms\u00e1gon van, aki praktikus aj\u00e1nd\u00e9kot ad minden helyzetben. M\u00e9g Valentin napon is. B\u00e1r sz\u00e1mos h\u00e1ztart\u00e1si eszk\u00f6z, kisg\u00e9p, berendez\u00e9s elengedhetetlen kell\u00e9ke h\u00e9tk\u00f6znapjainknak, egyeseket \u00e9rz\u00e9kenyen \u00e9rinthet, ha ilyesmit kapnak sz\u00edvszerelm\u00fckt\u0151l. Vagy ha egy bizonyos dolgot kapnak t\u0151l\u00fck\u2026 &nbsp; Ig\u00e9nyes csomagol\u00e1s ide, vagy oda, van olyasmi, amit\u0151l jobb esetben csak zavarba j\u00f6n a megaj\u00e1nd\u00e9kozott f\u00e9l, rosszabb esetben azonban komoly vircsaft kerekedhet az \u201cezt m\u00e9gis hogy k\u00e9pzelted?\u201d gondolatmenet ment\u00e9n. J\u00f6jj\u00f6n p\u00e1r olyan term\u00e9k, ami j\u00f3, amit szeret\u00fcnk, ami kell, ami \u00f6nmag\u00e1ban v\u00e9ve \u00c1RTATLAN! De a szerelmesek \u00fcnnep\u00e9nek felfokozott \u00e9rzelmei k\u00f6z\u00f6tt el\u0151fordulhat, hogy valaki t\u00fal \u00e9rz\u00e9kenyen reag\u00e1l a legmen\u0151bb holmik l\u00e1tv\u00e1ny\u00e1ra is\u2026 &nbsp; A szem\u00e9lym\u00e9rleg &nbsp; J\u00f3. Sz\u00f3val szerinted k\u00f6v\u00e9r vagyok. Mondd ki nyugodtan! Nem &#8230;","protected":false},"author":13,"featured_media":4759,"comment_status":"open","ping_status":"open","sticky":false,"template":"","format":"standard","meta":{"wprm-recipe-roundup-name":"","wprm-recipe-roundup-description":"","footnotes":""},"categories":[5967],"tags":[980,2422,2387,2423],"yoast_head":"<!-- This site is optimized with the Yoast SEO plugin v22.9 - https:\/\/yoast.com\/wordpress\/plugins\/seo\/ -->\n<title>Valentin napi aj\u00e1nd\u00e9kok, amikkel kibor\u00edthatjuk p\u00e1runkat - MediaMarkt Magazin<\/title>\n<meta name=\"robots\" content=\"index, follow, max-snippet:-1, max-image-preview:large, max-video-preview:-1\" \/>\n<link rel=\"canonical\" href=\"https:\/\/hir.mediamarkt.hu\/magazin\/valentin_kiborito_ajandekok\/\" \/>\n<meta property=\"og:locale\" content=\"hu_HU\" \/>\n<meta property=\"og:type\" content=\"article\" \/>\n<meta property=\"og:title\" content=\"Valentin napi aj\u00e1nd\u00e9kok, amikkel kibor\u00edthatjuk p\u00e1runkat - MediaMarkt Magazin\" \/>\n<meta property=\"og:description\" content=\"Fikt\u00edv monol\u00f3gok t\u0151l\u00fcnk, r\u00f3lunk, magunknak! &nbsp; T\u00fal a r\u00f3zsa-\u00e9dess\u00e9g-gy\u00e9m\u00e1ntos gy\u0171r\u0171 szenth\u00e1roms\u00e1gon van, aki praktikus aj\u00e1nd\u00e9kot ad minden helyzetben. M\u00e9g Valentin napon is. B\u00e1r sz\u00e1mos h\u00e1ztart\u00e1si eszk\u00f6z, kisg\u00e9p, berendez\u00e9s elengedhetetlen kell\u00e9ke h\u00e9tk\u00f6znapjainknak, egyeseket \u00e9rz\u00e9kenyen \u00e9rinthet, ha ilyesmit kapnak sz\u00edvszerelm\u00fckt\u0151l. Vagy ha egy bizonyos dolgot kapnak t\u0151l\u00fck\u2026 &nbsp; Ig\u00e9nyes csomagol\u00e1s ide, vagy oda, van olyasmi, amit\u0151l jobb esetben csak zavarba j\u00f6n a megaj\u00e1nd\u00e9kozott f\u00e9l, rosszabb esetben azonban komoly vircsaft kerekedhet az \u201cezt m\u00e9gis hogy k\u00e9pzelted?\u201d gondolatmenet ment\u00e9n. J\u00f6jj\u00f6n p\u00e1r olyan term\u00e9k, ami j\u00f3, amit szeret\u00fcnk, ami kell, ami \u00f6nmag\u00e1ban v\u00e9ve \u00c1RTATLAN! De a szerelmesek \u00fcnnep\u00e9nek felfokozott \u00e9rzelmei k\u00f6z\u00f6tt el\u0151fordulhat, hogy valaki t\u00fal \u00e9rz\u00e9kenyen reag\u00e1l a legmen\u0151bb holmik l\u00e1tv\u00e1ny\u00e1ra is\u2026 &nbsp; A szem\u00e9lym\u00e9rleg &nbsp; J\u00f3. Sz\u00f3val szerinted k\u00f6v\u00e9r vagyok. Mondd ki nyugodtan! Nem ...\" \/>\n<meta property=\"og:url\" content=\"https:\/\/hir.mediamarkt.hu\/magazin\/valentin_kiborito_ajandekok\/\" \/>\n<meta property=\"og:site_name\" content=\"MediaMarkt Magazin\" \/>\n<meta property=\"article:publisher\" content=\"https:\/\/www.facebook.com\/MediaMarktMagyarorszag\" \/>\n<meta property=\"article:published_time\" content=\"2017-02-10T13:53:41+00:00\" \/>\n<meta property=\"article:modified_time\" content=\"2018-02-27T17:01:39+00:00\" \/>\n<meta property=\"og:image\" content=\"https:\/\/hir.mediamarkt.hu\/magazin\/wp-content\/uploads\/2017\/02\/valentin_-fura-aj\u00e1ndekok.jpg\" \/>\n\t<meta property=\"og:image:width\" content=\"562\" \/>\n\t<meta property=\"og:image:height\" content=\"374\" \/>\n\t<meta property=\"og:image:type\" content=\"image\/jpeg\" \/>\n<meta name=\"author\" content=\"Media Markt\" \/>\n<meta name=\"twitter:label1\" content=\"Szerz\u0151:\" \/>\n\t<meta name=\"twitter:data1\" content=\"Media Markt\" \/>\n\t<meta name=\"twitter:label2\" content=\"Becs\u00fclt olvas\u00e1si id\u0151\" \/>\n\t<meta name=\"twitter:data2\" content=\"5 perc\" \/>\n<script type=\"application\/ld+json\" class=\"yoast-schema-graph\">{\"@context\":\"https:\/\/schema.org\",\"@graph\":[{\"@type\":\"WebPage\",\"@id\":\"https:\/\/hir.mediamarkt.hu\/magazin\/valentin_kiborito_ajandekok\/\",\"url\":\"https:\/\/hir.mediamarkt.hu\/magazin\/valentin_kiborito_ajandekok\/\",\"name\":\"Valentin napi aj\u00e1nd\u00e9kok, amikkel kibor\u00edthatjuk p\u00e1runkat - MediaMarkt Magazin\",\"isPartOf\":{\"@id\":\"https:\/\/hir.mediamarkt.hu\/magazin\/#website\"},\"primaryImageOfPage\":{\"@id\":\"https:\/\/hir.mediamarkt.hu\/magazin\/valentin_kiborito_ajandekok\/#primaryimage\"},\"image\":{\"@id\":\"https:\/\/hir.mediamarkt.hu\/magazin\/valentin_kiborito_ajandekok\/#primaryimage\"},\"thumbnailUrl\":\"https:\/\/hir.mediamarkt.hu\/magazin\/wp-content\/uploads\/2017\/02\/valentin_-fura-aj\u00e1ndekok.jpg\",\"datePublished\":\"2017-02-10T13:53:41+00:00\",\"dateModified\":\"2018-02-27T17:01:39+00:00\",\"author\":{\"@id\":\"https:\/\/hir.mediamarkt.hu\/magazin\/#\/schema\/person\/b93b02ec1ab4d2353f8d281e171c1b0b\"},\"breadcrumb\":{\"@id\":\"https:\/\/hir.mediamarkt.hu\/magazin\/valentin_kiborito_ajandekok\/#breadcrumb\"},\"inLanguage\":\"hu\",\"potentialAction\":[{\"@type\":\"ReadAction\",\"target\":[\"https:\/\/hir.mediamarkt.hu\/magazin\/valentin_kiborito_ajandekok\/\"]}]},{\"@type\":\"ImageObject\",\"inLanguage\":\"hu\",\"@id\":\"https:\/\/hir.mediamarkt.hu\/magazin\/valentin_kiborito_ajandekok\/#primaryimage\",\"url\":\"https:\/\/hir.mediamarkt.hu\/magazin\/wp-content\/uploads\/2017\/02\/valentin_-fura-aj\u00e1ndekok.jpg\",\"contentUrl\":\"https:\/\/hir.mediamarkt.hu\/magazin\/wp-content\/uploads\/2017\/02\/valentin_-fura-aj\u00e1ndekok.jpg\",\"width\":562,\"height\":374},{\"@type\":\"BreadcrumbList\",\"@id\":\"https:\/\/hir.mediamarkt.hu\/magazin\/valentin_kiborito_ajandekok\/#breadcrumb\",\"itemListElement\":[{\"@type\":\"ListItem\",\"position\":1,\"name\":\"Kezd\u0151lap\",\"item\":\"https:\/\/hir.mediamarkt.hu\/magazin\/\"},{\"@type\":\"ListItem\",\"position\":2,\"name\":\"Egy\u00e9b\",\"item\":\"https:\/\/hir.mediamarkt.hu\/magazin\/egyeb\/\"},{\"@type\":\"ListItem\",\"position\":3,\"name\":\"Valentin napi aj\u00e1nd\u00e9kok, amikkel kibor\u00edthatjuk p\u00e1runkat\"}]},{\"@type\":\"WebSite\",\"@id\":\"https:\/\/hir.mediamarkt.hu\/magazin\/#website\",\"url\":\"https:\/\/hir.mediamarkt.hu\/magazin\/\",\"name\":\"MediaMarkt Magazin\",\"description\":\"Olvass bele magazinunkba!\",\"potentialAction\":[{\"@type\":\"SearchAction\",\"target\":{\"@type\":\"EntryPoint\",\"urlTemplate\":\"https:\/\/hir.mediamarkt.hu\/magazin\/?s={search_term_string}\"},\"query-input\":\"required name=search_term_string\"}],\"inLanguage\":\"hu\"},{\"@type\":\"Person\",\"@id\":\"https:\/\/hir.mediamarkt.hu\/magazin\/#\/schema\/person\/b93b02ec1ab4d2353f8d281e171c1b0b\",\"name\":\"Media Markt\",\"image\":{\"@type\":\"ImageObject\",\"inLanguage\":\"hu\",\"@id\":\"https:\/\/hir.mediamarkt.hu\/magazin\/#\/schema\/person\/image\/\",\"url\":\"https:\/\/secure.gravatar.com\/avatar\/602bccae8998beee472d01909f0978f1?s=96&d=mm&r=g\",\"contentUrl\":\"https:\/\/secure.gravatar.com\/avatar\/602bccae8998beee472d01909f0978f1?s=96&d=mm&r=g\",\"caption\":\"Media Markt\"}}]}<\/script>\n<!-- \/ Yoast SEO plugin. -->","yoast_head_json":{"title":"Valentin napi aj\u00e1nd\u00e9kok, amikkel kibor\u00edthatjuk p\u00e1runkat - MediaMarkt Magazin","robots":{"index":"index","follow":"follow","max-snippet":"max-snippet:-1","max-image-preview":"max-image-preview:large","max-video-preview":"max-video-preview:-1"},"canonical":"https:\/\/hir.mediamarkt.hu\/magazin\/valentin_kiborito_ajandekok\/","og_locale":"hu_HU","og_type":"article","og_title":"Valentin napi aj\u00e1nd\u00e9kok, amikkel kibor\u00edthatjuk p\u00e1runkat - MediaMarkt Magazin","og_description":"Fikt\u00edv monol\u00f3gok t\u0151l\u00fcnk, r\u00f3lunk, magunknak! &nbsp; T\u00fal a r\u00f3zsa-\u00e9dess\u00e9g-gy\u00e9m\u00e1ntos gy\u0171r\u0171 szenth\u00e1roms\u00e1gon van, aki praktikus aj\u00e1nd\u00e9kot ad minden helyzetben. M\u00e9g Valentin napon is. B\u00e1r sz\u00e1mos h\u00e1ztart\u00e1si eszk\u00f6z, kisg\u00e9p, berendez\u00e9s elengedhetetlen kell\u00e9ke h\u00e9tk\u00f6znapjainknak, egyeseket \u00e9rz\u00e9kenyen \u00e9rinthet, ha ilyesmit kapnak sz\u00edvszerelm\u00fckt\u0151l. Vagy ha egy bizonyos dolgot kapnak t\u0151l\u00fck\u2026 &nbsp; Ig\u00e9nyes csomagol\u00e1s ide, vagy oda, van olyasmi, amit\u0151l jobb esetben csak zavarba j\u00f6n a megaj\u00e1nd\u00e9kozott f\u00e9l, rosszabb esetben azonban komoly vircsaft kerekedhet az \u201cezt m\u00e9gis hogy k\u00e9pzelted?\u201d gondolatmenet ment\u00e9n. J\u00f6jj\u00f6n p\u00e1r olyan term\u00e9k, ami j\u00f3, amit szeret\u00fcnk, ami kell, ami \u00f6nmag\u00e1ban v\u00e9ve \u00c1RTATLAN! De a szerelmesek \u00fcnnep\u00e9nek felfokozott \u00e9rzelmei k\u00f6z\u00f6tt el\u0151fordulhat, hogy valaki t\u00fal \u00e9rz\u00e9kenyen reag\u00e1l a legmen\u0151bb holmik l\u00e1tv\u00e1ny\u00e1ra is\u2026 &nbsp; A szem\u00e9lym\u00e9rleg &nbsp; J\u00f3. Sz\u00f3val szerinted k\u00f6v\u00e9r vagyok. Mondd ki nyugodtan! Nem ...","og_url":"https:\/\/hir.mediamarkt.hu\/magazin\/valentin_kiborito_ajandekok\/","og_site_name":"MediaMarkt Magazin","article_publisher":"https:\/\/www.facebook.com\/MediaMarktMagyarorszag","article_published_time":"2017-02-10T13:53:41+00:00","article_modified_time":"2018-02-27T17:01:39+00:00","og_image":[{"width":562,"height":374,"url":"https:\/\/hir.mediamarkt.hu\/magazin\/wp-content\/uploads\/2017\/02\/valentin_-fura-aj\u00e1ndekok.jpg","type":"image\/jpeg"}],"author":"Media Markt","twitter_misc":{"Szerz\u0151:":"Media Markt","Becs\u00fclt olvas\u00e1si id\u0151":"5 perc"},"schema":{"@context":"https:\/\/schema.org","@graph":[{"@type":"WebPage","@id":"https:\/\/hir.mediamarkt.hu\/magazin\/valentin_kiborito_ajandekok\/","url":"https:\/\/hir.mediamarkt.hu\/magazin\/valentin_kiborito_ajandekok\/","name":"Valentin napi aj\u00e1nd\u00e9kok, amikkel kibor\u00edthatjuk p\u00e1runkat - MediaMarkt Magazin","isPartOf":{"@id":"https:\/\/hir.mediamarkt.hu\/magazin\/#website"},"primaryImageOfPage":{"@id":"https:\/\/hir.mediamarkt.hu\/magazin\/valentin_kiborito_ajandekok\/#primaryimage"},"image":{"@id":"https:\/\/hir.mediamarkt.hu\/magazin\/valentin_kiborito_ajandekok\/#primaryimage"},"thumbnailUrl":"https:\/\/hir.mediamarkt.hu\/magazin\/wp-content\/uploads\/2017\/02\/valentin_-fura-aj\u00e1ndekok.jpg","datePublished":"2017-02-10T13:53:41+00:00","dateModified":"2018-02-27T17:01:39+00:00","author":{"@id":"https:\/\/hir.mediamarkt.hu\/magazin\/#\/schema\/person\/b93b02ec1ab4d2353f8d281e171c1b0b"},"breadcrumb":{"@id":"https:\/\/hir.mediamarkt.hu\/magazin\/valentin_kiborito_ajandekok\/#breadcrumb"},"inLanguage":"hu","potentialAction":[{"@type":"ReadAction","target":["https:\/\/hir.mediamarkt.hu\/magazin\/valentin_kiborito_ajandekok\/"]}]},{"@type":"ImageObject","inLanguage":"hu","@id":"https:\/\/hir.mediamarkt.hu\/magazin\/valentin_kiborito_ajandekok\/#primaryimage","url":"https:\/\/hir.mediamarkt.hu\/magazin\/wp-content\/uploads\/2017\/02\/valentin_-fura-aj\u00e1ndekok.jpg","contentUrl":"https:\/\/hir.mediamarkt.hu\/magazin\/wp-content\/uploads\/2017\/02\/valentin_-fura-aj\u00e1ndekok.jpg","width":562,"height":374},{"@type":"BreadcrumbList","@id":"https:\/\/hir.mediamarkt.hu\/magazin\/valentin_kiborito_ajandekok\/#breadcrumb","itemListElement":[{"@type":"ListItem","position":1,"name":"Kezd\u0151lap","item":"https:\/\/hir.mediamarkt.hu\/magazin\/"},{"@type":"ListItem","position":2,"name":"Egy\u00e9b","item":"https:\/\/hir.mediamarkt.hu\/magazin\/egyeb\/"},{"@type":"ListItem","position":3,"name":"Valentin napi aj\u00e1nd\u00e9kok, amikkel kibor\u00edthatjuk p\u00e1runkat"}]},{"@type":"WebSite","@id":"https:\/\/hir.mediamarkt.hu\/magazin\/#website","url":"https:\/\/hir.mediamarkt.hu\/magazin\/","name":"MediaMarkt Magazin","description":"Olvass bele magazinunkba!","potentialAction":[{"@type":"SearchAction","target":{"@type":"EntryPoint","urlTemplate":"https:\/\/hir.mediamarkt.hu\/magazin\/?s={search_term_string}"},"query-input":"required name=search_term_string"}],"inLanguage":"hu"},{"@type":"Person","@id":"https:\/\/hir.mediamarkt.hu\/magazin\/#\/schema\/person\/b93b02ec1ab4d2353f8d281e171c1b0b","name":"Media Markt","image":{"@type":"ImageObject","inLanguage":"hu","@id":"https:\/\/hir.mediamarkt.hu\/magazin\/#\/schema\/person\/image\/","url":"https:\/\/secure.gravatar.com\/avatar\/602bccae8998beee472d01909f0978f1?s=96&d=mm&r=g","contentUrl":"https:\/\/secure.gravatar.com\/avatar\/602bccae8998beee472d01909f0978f1?s=96&d=mm&r=g","caption":"Media Markt"}}]}},"_links":{"self":[{"href":"https:\/\/hir.mediamarkt.hu\/magazin\/wp-json\/wp\/v2\/posts\/4738"}],"collection":[{"href":"https:\/\/hir.mediamarkt.hu\/magazin\/wp-json\/wp\/v2\/posts"}],"about":[{"href":"https:\/\/hir.mediamarkt.hu\/magazin\/wp-json\/wp\/v2\/types\/post"}],"author":[{"embeddable":true,"href":"https:\/\/hir.mediamarkt.hu\/magazin\/wp-json\/wp\/v2\/users\/13"}],"replies":[{"embeddable":true,"href":"https:\/\/hir.mediamarkt.hu\/magazin\/wp-json\/wp\/v2\/comments?post=4738"}],"version-history":[{"count":14,"href":"https:\/\/hir.mediamarkt.hu\/magazin\/wp-json\/wp\/v2\/posts\/4738\/revisions"}],"predecessor-version":[{"id":4787,"href":"https:\/\/hir.mediamarkt.hu\/magazin\/wp-json\/wp\/v2\/posts\/4738\/revisions\/4787"}],"wp:featuredmedia":[{"embeddable":true,"href":"https:\/\/hir.mediamarkt.hu\/magazin\/wp-json\/wp\/v2\/media\/4759"}],"wp:attachment":[{"href":"https:\/\/hir.mediamarkt.hu\/magazin\/wp-json\/wp\/v2\/media?parent=4738"}],"wp:term":[{"taxonomy":"category","embeddable":true,"href":"https:\/\/hir.mediamarkt.hu\/magazin\/wp-json\/wp\/v2\/categories?post=4738"},{"taxonomy":"post_tag","embeddable":true,"href":"https:\/\/hir.mediamarkt.hu\/magazin\/wp-json\/wp\/v2\/tags?post=4738"}],"curies":[{"name":"wp","href":"https:\/\/api.w.org\/{rel}","templated":true}]}}