{"id":475,"date":"2014-01-08T10:08:07","date_gmt":"2014-01-08T09:08:07","guid":{"rendered":"http:\/\/hir.mediamarkt.hu\/magazin\/?p=475"},"modified":"2014-01-08T10:09:15","modified_gmt":"2014-01-08T09:09:15","slug":"hokamera-iphone-bol","status":"publish","type":"post","link":"https:\/\/hir.mediamarkt.hu\/magazin\/hokamera-iphone-bol\/","title":{"rendered":"H\u0151kamera iPhone-b\u00f3l"},"content":{"rendered":"<p><strong>A Flir tokja val\u00f3di kommand\u00f3sokk\u00e1 var\u00e1zsolja az iPhone tulajokat.<\/strong><\/p>\r\n<p>A h\u0151kamer\u00e1kat a fegyveres er\u0151k mellett, akik t\u00f6bbek k\u00f6zt ezzel a technol\u00f3gi\u00e1val fedezik fel a \u201erosszfi\u00fakat\u201d az \u00e9p\u00fcletekben, de az \u00e9p\u00edt\u0151iparban is el\u0151szeretettel haszn\u00e1lj\u00e1k az \u00e9p\u00fcletek h\u0151vesztes\u00e9g\u00e9nek felder\u00edt\u00e9s\u00e9re.<\/p>\r\n<p>A Flir az egyik legismertebb m\u00e1rka a h\u0151kamer\u00e1k k\u00f6z\u00f6tt \u00e9s most, a CES vil\u00e1gki\u00e1ll\u00edt\u00e1son egy <a href=\"http:\/\/www.flir.com\/flirone\/explore\/\" target=\"_blank\"><span style=\"color: #ff0000;\">iPhone 5-h\u00f6z szabott tokot<\/span><\/a> mutatott be,ar\u00e1nylag moder\u00e1lt \u00e1rc\u00e9dul\u00e1val, b\u00e1r az eszk\u00f6z, a maga 350 doll\u00e1ros \u00e1r\u00e1val \u00edgy sem olcs\u00f3 mulats\u00e1g.\u00a0<\/p>\r\n<p><iframe loading=\"lazy\" style=\"line-height: 1.5;\" src=\"http:\/\/www.youtube.com\/embed\/6MSnxEt2FiI\" height=\"405\" width=\"720\" frameborder=\"0\"><\/iframe><\/p>\r\n<p><span style=\"line-height: 1.5;\">A tokon k\u00e9t kamera tal\u00e1lhat\u00f3, az egyik term\u00e9szetesen a h\u0151\u00e9rz\u00e9kel\u00e9s\u00e9rt felel, m\u00edg a m\u00e1sik egy norm\u00e1l kamera, ami seg\u00edt az iPhone-on fut\u00f3 szoftvernek a h\u0151kamera \u00e1ltal l\u00e1tottak kont\u00farjainak felismer\u00e9s\u00e9ben, \u00edgy gyakorlatilag a m\u00e1sodik kamera \u201ek\u00f6rberajzolja\u201d, amit a h\u0151kamera \u201ekisz\u00ednez\u201d.<\/span><\/p>\r\n<p align=\"center\"><a href=\"http:\/\/hir.mediamarkt.hu\/magazin\/wp-content\/uploads\/2014\/01\/flir01.jpg\" data-lbwps-width=\"447\" data-lbwps-height=\"712\" data-lbwps-srcsmall=\"https:\/\/hir.mediamarkt.hu\/magazin\/wp-content\/uploads\/2014\/01\/flir01-188x300.jpg\"><img loading=\"lazy\" decoding=\"async\" class=\"aligncenter size-full wp-image-476\" alt=\"flir01\" src=\"http:\/\/hir.mediamarkt.hu\/magazin\/wp-content\/uploads\/2014\/01\/flir01.jpg\" width=\"460\" height=\"732\" srcset=\"https:\/\/hir.mediamarkt.hu\/magazin\/wp-content\/uploads\/2014\/01\/flir01.jpg 447w, https:\/\/hir.mediamarkt.hu\/magazin\/wp-content\/uploads\/2014\/01\/flir01-188x300.jpg 188w, https:\/\/hir.mediamarkt.hu\/magazin\/wp-content\/uploads\/2014\/01\/flir01-275x438.jpg 275w\" sizes=\"(max-width: 460px) 100vw, 460px\" \/><\/a><\/p>\r\n<p>A telefon akkuja term\u00e9szetesen kev\u00e9s lenne a Flir One \u00fczemeltet\u00e9s\u00e9hez, \u00edgy a tok b\u00e1r kiss\u00e9 ducira sikeredett, egy k\u00fcls\u0151 akkut is tartalmaz, ami nem csak a kamer\u00e1kat k\u00e9pes \u00e1rammal ell\u00e1tni, de ha sz\u00fcks\u00e9ges mag\u00e1t a telefont is k\u00e9pes t\u00f6lteni. A Flir One id\u00e9n tavasszal \u00e9rkezik a boltokba \u00e9s term\u00e9szetesen, ahogy az az Apple kieg\u00e9sz\u00edt\u0151kn\u00e9l m\u00e1r-m\u00e1r alapk\u00f6vetelm\u00e9ny, t\u00f6bb sz\u00ednben is el\u00e9rhet\u0151 lesz, \u00edgy a s\u00f6t\u00e9tsz\u00fcrkel mellett feh\u00e9rben \u00e9s pink sz\u00ednben is megv\u00e1s\u00e1rolhatj\u00e1k az iPhone 5 \u00e9s 5S tulajok.<\/p>","protected":false},"excerpt":{"rendered":"A Flir tokja val\u00f3di kommand\u00f3sokk\u00e1 var\u00e1zsolja az iPhone tulajokat. A h\u0151kamer\u00e1kat a fegyveres er\u0151k mellett, akik t\u00f6bbek k\u00f6zt ezzel a technol\u00f3gi\u00e1val fedezik fel a \u201erosszfi\u00fakat\u201d az \u00e9p\u00fcletekben, de az \u00e9p\u00edt\u0151iparban is el\u0151szeretettel haszn\u00e1lj\u00e1k az \u00e9p\u00fcletek h\u0151vesztes\u00e9g\u00e9nek felder\u00edt\u00e9s\u00e9re. A Flir az egyik legismertebb m\u00e1rka a h\u0151kamer\u00e1k k\u00f6z\u00f6tt \u00e9s most, a CES vil\u00e1gki\u00e1ll\u00edt\u00e1son egy iPhone 5-h\u00f6z szabott tokot mutatott be,ar\u00e1nylag moder\u00e1lt \u00e1rc\u00e9dul\u00e1val, b\u00e1r az eszk\u00f6z, a maga 350 doll\u00e1ros \u00e1r\u00e1val \u00edgy sem olcs\u00f3 mulats\u00e1g.\u00a0 A tokon k\u00e9t kamera tal\u00e1lhat\u00f3, az egyik term\u00e9szetesen a h\u0151\u00e9rz\u00e9kel\u00e9s\u00e9rt felel, m\u00edg a m\u00e1sik egy norm\u00e1l kamera, ami seg\u00edt az iPhone-on fut\u00f3 szoftvernek a h\u0151kamera \u00e1ltal l\u00e1tottak kont\u00farjainak felismer\u00e9s\u00e9ben, \u00edgy gyakorlatilag a m\u00e1sodik kamera \u201ek\u00f6rberajzolja\u201d, amit a h\u0151kamera \u201ekisz\u00ednez\u201d. A telefon akkuja term\u00e9szetesen kev\u00e9s lenne a Flir One &#8230;","protected":false},"author":13,"featured_media":0,"comment_status":"open","ping_status":"open","sticky":false,"template":"","format":"standard","meta":{"wprm-recipe-roundup-name":"","wprm-recipe-roundup-description":"","footnotes":""},"categories":[5944],"tags":[158,159,155,156,157],"yoast_head":"<!-- This site is optimized with the Yoast SEO plugin v22.9 - https:\/\/yoast.com\/wordpress\/plugins\/seo\/ -->\n<title>H\u0151kamera iPhone-b\u00f3l - MediaMarkt Magazin<\/title>\n<meta name=\"robots\" content=\"index, follow, max-snippet:-1, max-image-preview:large, max-video-preview:-1\" \/>\n<link rel=\"canonical\" href=\"https:\/\/hir.mediamarkt.hu\/magazin\/hokamera-iphone-bol\/\" \/>\n<meta property=\"og:locale\" content=\"hu_HU\" \/>\n<meta property=\"og:type\" content=\"article\" \/>\n<meta property=\"og:title\" content=\"H\u0151kamera iPhone-b\u00f3l - MediaMarkt Magazin\" \/>\n<meta property=\"og:description\" content=\"A Flir tokja val\u00f3di kommand\u00f3sokk\u00e1 var\u00e1zsolja az iPhone tulajokat. A h\u0151kamer\u00e1kat a fegyveres er\u0151k mellett, akik t\u00f6bbek k\u00f6zt ezzel a technol\u00f3gi\u00e1val fedezik fel a \u201erosszfi\u00fakat\u201d az \u00e9p\u00fcletekben, de az \u00e9p\u00edt\u0151iparban is el\u0151szeretettel haszn\u00e1lj\u00e1k az \u00e9p\u00fcletek h\u0151vesztes\u00e9g\u00e9nek felder\u00edt\u00e9s\u00e9re. A Flir az egyik legismertebb m\u00e1rka a h\u0151kamer\u00e1k k\u00f6z\u00f6tt \u00e9s most, a CES vil\u00e1gki\u00e1ll\u00edt\u00e1son egy iPhone 5-h\u00f6z szabott tokot mutatott be,ar\u00e1nylag moder\u00e1lt \u00e1rc\u00e9dul\u00e1val, b\u00e1r az eszk\u00f6z, a maga 350 doll\u00e1ros \u00e1r\u00e1val \u00edgy sem olcs\u00f3 mulats\u00e1g.\u00a0 A tokon k\u00e9t kamera tal\u00e1lhat\u00f3, az egyik term\u00e9szetesen a h\u0151\u00e9rz\u00e9kel\u00e9s\u00e9rt felel, m\u00edg a m\u00e1sik egy norm\u00e1l kamera, ami seg\u00edt az iPhone-on fut\u00f3 szoftvernek a h\u0151kamera \u00e1ltal l\u00e1tottak kont\u00farjainak felismer\u00e9s\u00e9ben, \u00edgy gyakorlatilag a m\u00e1sodik kamera \u201ek\u00f6rberajzolja\u201d, amit a h\u0151kamera \u201ekisz\u00ednez\u201d. A telefon akkuja term\u00e9szetesen kev\u00e9s lenne a Flir One ...\" \/>\n<meta property=\"og:url\" content=\"https:\/\/hir.mediamarkt.hu\/magazin\/hokamera-iphone-bol\/\" \/>\n<meta property=\"og:site_name\" content=\"MediaMarkt Magazin\" \/>\n<meta property=\"article:publisher\" content=\"https:\/\/www.facebook.com\/MediaMarktMagyarorszag\" \/>\n<meta property=\"article:published_time\" content=\"2014-01-08T09:08:07+00:00\" \/>\n<meta property=\"article:modified_time\" content=\"2014-01-08T09:09:15+00:00\" \/>\n<meta property=\"og:image\" content=\"http:\/\/hir.mediamarkt.hu\/magazin\/wp-content\/uploads\/2014\/01\/flir01.jpg\" \/>\n<meta name=\"author\" content=\"Media Markt\" \/>\n<meta name=\"twitter:label1\" content=\"Szerz\u0151:\" \/>\n\t<meta name=\"twitter:data1\" content=\"Media Markt\" \/>\n\t<meta name=\"twitter:label2\" content=\"Becs\u00fclt olvas\u00e1si id\u0151\" \/>\n\t<meta name=\"twitter:data2\" content=\"1 perc\" \/>\n<script type=\"application\/ld+json\" class=\"yoast-schema-graph\">{\"@context\":\"https:\/\/schema.org\",\"@graph\":[{\"@type\":\"WebPage\",\"@id\":\"https:\/\/hir.mediamarkt.hu\/magazin\/hokamera-iphone-bol\/\",\"url\":\"https:\/\/hir.mediamarkt.hu\/magazin\/hokamera-iphone-bol\/\",\"name\":\"H\u0151kamera iPhone-b\u00f3l - MediaMarkt Magazin\",\"isPartOf\":{\"@id\":\"https:\/\/hir.mediamarkt.hu\/magazin\/#website\"},\"primaryImageOfPage\":{\"@id\":\"https:\/\/hir.mediamarkt.hu\/magazin\/hokamera-iphone-bol\/#primaryimage\"},\"image\":{\"@id\":\"https:\/\/hir.mediamarkt.hu\/magazin\/hokamera-iphone-bol\/#primaryimage\"},\"thumbnailUrl\":\"http:\/\/hir.mediamarkt.hu\/magazin\/wp-content\/uploads\/2014\/01\/flir01.jpg\",\"datePublished\":\"2014-01-08T09:08:07+00:00\",\"dateModified\":\"2014-01-08T09:09:15+00:00\",\"author\":{\"@id\":\"https:\/\/hir.mediamarkt.hu\/magazin\/#\/schema\/person\/b93b02ec1ab4d2353f8d281e171c1b0b\"},\"breadcrumb\":{\"@id\":\"https:\/\/hir.mediamarkt.hu\/magazin\/hokamera-iphone-bol\/#breadcrumb\"},\"inLanguage\":\"hu\",\"potentialAction\":[{\"@type\":\"ReadAction\",\"target\":[\"https:\/\/hir.mediamarkt.hu\/magazin\/hokamera-iphone-bol\/\"]}]},{\"@type\":\"ImageObject\",\"inLanguage\":\"hu\",\"@id\":\"https:\/\/hir.mediamarkt.hu\/magazin\/hokamera-iphone-bol\/#primaryimage\",\"url\":\"http:\/\/hir.mediamarkt.hu\/magazin\/wp-content\/uploads\/2014\/01\/flir01.jpg\",\"contentUrl\":\"http:\/\/hir.mediamarkt.hu\/magazin\/wp-content\/uploads\/2014\/01\/flir01.jpg\"},{\"@type\":\"BreadcrumbList\",\"@id\":\"https:\/\/hir.mediamarkt.hu\/magazin\/hokamera-iphone-bol\/#breadcrumb\",\"itemListElement\":[{\"@type\":\"ListItem\",\"position\":1,\"name\":\"Kezd\u0151lap\",\"item\":\"https:\/\/hir.mediamarkt.hu\/magazin\/\"},{\"@type\":\"ListItem\",\"position\":2,\"name\":\"Mobil \u00e9s okos eszk\u00f6z\u00f6k\",\"item\":\"https:\/\/hir.mediamarkt.hu\/magazin\/mobil-es-okos-eszkozok\/\"},{\"@type\":\"ListItem\",\"position\":3,\"name\":\"Mobiltelefonok\",\"item\":\"https:\/\/hir.mediamarkt.hu\/magazin\/mobil-es-okos-eszkozok\/mobiltelefonok\/\"},{\"@type\":\"ListItem\",\"position\":4,\"name\":\"H\u0151kamera iPhone-b\u00f3l\"}]},{\"@type\":\"WebSite\",\"@id\":\"https:\/\/hir.mediamarkt.hu\/magazin\/#website\",\"url\":\"https:\/\/hir.mediamarkt.hu\/magazin\/\",\"name\":\"MediaMarkt Magazin\",\"description\":\"Olvass bele magazinunkba!\",\"potentialAction\":[{\"@type\":\"SearchAction\",\"target\":{\"@type\":\"EntryPoint\",\"urlTemplate\":\"https:\/\/hir.mediamarkt.hu\/magazin\/?s={search_term_string}\"},\"query-input\":\"required name=search_term_string\"}],\"inLanguage\":\"hu\"},{\"@type\":\"Person\",\"@id\":\"https:\/\/hir.mediamarkt.hu\/magazin\/#\/schema\/person\/b93b02ec1ab4d2353f8d281e171c1b0b\",\"name\":\"Media Markt\",\"image\":{\"@type\":\"ImageObject\",\"inLanguage\":\"hu\",\"@id\":\"https:\/\/hir.mediamarkt.hu\/magazin\/#\/schema\/person\/image\/\",\"url\":\"https:\/\/secure.gravatar.com\/avatar\/602bccae8998beee472d01909f0978f1?s=96&d=mm&r=g\",\"contentUrl\":\"https:\/\/secure.gravatar.com\/avatar\/602bccae8998beee472d01909f0978f1?s=96&d=mm&r=g\",\"caption\":\"Media Markt\"}}]}<\/script>\n<!-- \/ Yoast SEO plugin. -->","yoast_head_json":{"title":"H\u0151kamera iPhone-b\u00f3l - MediaMarkt Magazin","robots":{"index":"index","follow":"follow","max-snippet":"max-snippet:-1","max-image-preview":"max-image-preview:large","max-video-preview":"max-video-preview:-1"},"canonical":"https:\/\/hir.mediamarkt.hu\/magazin\/hokamera-iphone-bol\/","og_locale":"hu_HU","og_type":"article","og_title":"H\u0151kamera iPhone-b\u00f3l - MediaMarkt Magazin","og_description":"A Flir tokja val\u00f3di kommand\u00f3sokk\u00e1 var\u00e1zsolja az iPhone tulajokat. A h\u0151kamer\u00e1kat a fegyveres er\u0151k mellett, akik t\u00f6bbek k\u00f6zt ezzel a technol\u00f3gi\u00e1val fedezik fel a \u201erosszfi\u00fakat\u201d az \u00e9p\u00fcletekben, de az \u00e9p\u00edt\u0151iparban is el\u0151szeretettel haszn\u00e1lj\u00e1k az \u00e9p\u00fcletek h\u0151vesztes\u00e9g\u00e9nek felder\u00edt\u00e9s\u00e9re. A Flir az egyik legismertebb m\u00e1rka a h\u0151kamer\u00e1k k\u00f6z\u00f6tt \u00e9s most, a CES vil\u00e1gki\u00e1ll\u00edt\u00e1son egy iPhone 5-h\u00f6z szabott tokot mutatott be,ar\u00e1nylag moder\u00e1lt \u00e1rc\u00e9dul\u00e1val, b\u00e1r az eszk\u00f6z, a maga 350 doll\u00e1ros \u00e1r\u00e1val \u00edgy sem olcs\u00f3 mulats\u00e1g.\u00a0 A tokon k\u00e9t kamera tal\u00e1lhat\u00f3, az egyik term\u00e9szetesen a h\u0151\u00e9rz\u00e9kel\u00e9s\u00e9rt felel, m\u00edg a m\u00e1sik egy norm\u00e1l kamera, ami seg\u00edt az iPhone-on fut\u00f3 szoftvernek a h\u0151kamera \u00e1ltal l\u00e1tottak kont\u00farjainak felismer\u00e9s\u00e9ben, \u00edgy gyakorlatilag a m\u00e1sodik kamera \u201ek\u00f6rberajzolja\u201d, amit a h\u0151kamera \u201ekisz\u00ednez\u201d. A telefon akkuja term\u00e9szetesen kev\u00e9s lenne a Flir One ...","og_url":"https:\/\/hir.mediamarkt.hu\/magazin\/hokamera-iphone-bol\/","og_site_name":"MediaMarkt Magazin","article_publisher":"https:\/\/www.facebook.com\/MediaMarktMagyarorszag","article_published_time":"2014-01-08T09:08:07+00:00","article_modified_time":"2014-01-08T09:09:15+00:00","og_image":[{"url":"http:\/\/hir.mediamarkt.hu\/magazin\/wp-content\/uploads\/2014\/01\/flir01.jpg"}],"author":"Media Markt","twitter_misc":{"Szerz\u0151:":"Media Markt","Becs\u00fclt olvas\u00e1si id\u0151":"1 perc"},"schema":{"@context":"https:\/\/schema.org","@graph":[{"@type":"WebPage","@id":"https:\/\/hir.mediamarkt.hu\/magazin\/hokamera-iphone-bol\/","url":"https:\/\/hir.mediamarkt.hu\/magazin\/hokamera-iphone-bol\/","name":"H\u0151kamera iPhone-b\u00f3l - MediaMarkt Magazin","isPartOf":{"@id":"https:\/\/hir.mediamarkt.hu\/magazin\/#website"},"primaryImageOfPage":{"@id":"https:\/\/hir.mediamarkt.hu\/magazin\/hokamera-iphone-bol\/#primaryimage"},"image":{"@id":"https:\/\/hir.mediamarkt.hu\/magazin\/hokamera-iphone-bol\/#primaryimage"},"thumbnailUrl":"http:\/\/hir.mediamarkt.hu\/magazin\/wp-content\/uploads\/2014\/01\/flir01.jpg","datePublished":"2014-01-08T09:08:07+00:00","dateModified":"2014-01-08T09:09:15+00:00","author":{"@id":"https:\/\/hir.mediamarkt.hu\/magazin\/#\/schema\/person\/b93b02ec1ab4d2353f8d281e171c1b0b"},"breadcrumb":{"@id":"https:\/\/hir.mediamarkt.hu\/magazin\/hokamera-iphone-bol\/#breadcrumb"},"inLanguage":"hu","potentialAction":[{"@type":"ReadAction","target":["https:\/\/hir.mediamarkt.hu\/magazin\/hokamera-iphone-bol\/"]}]},{"@type":"ImageObject","inLanguage":"hu","@id":"https:\/\/hir.mediamarkt.hu\/magazin\/hokamera-iphone-bol\/#primaryimage","url":"http:\/\/hir.mediamarkt.hu\/magazin\/wp-content\/uploads\/2014\/01\/flir01.jpg","contentUrl":"http:\/\/hir.mediamarkt.hu\/magazin\/wp-content\/uploads\/2014\/01\/flir01.jpg"},{"@type":"BreadcrumbList","@id":"https:\/\/hir.mediamarkt.hu\/magazin\/hokamera-iphone-bol\/#breadcrumb","itemListElement":[{"@type":"ListItem","position":1,"name":"Kezd\u0151lap","item":"https:\/\/hir.mediamarkt.hu\/magazin\/"},{"@type":"ListItem","position":2,"name":"Mobil \u00e9s okos eszk\u00f6z\u00f6k","item":"https:\/\/hir.mediamarkt.hu\/magazin\/mobil-es-okos-eszkozok\/"},{"@type":"ListItem","position":3,"name":"Mobiltelefonok","item":"https:\/\/hir.mediamarkt.hu\/magazin\/mobil-es-okos-eszkozok\/mobiltelefonok\/"},{"@type":"ListItem","position":4,"name":"H\u0151kamera iPhone-b\u00f3l"}]},{"@type":"WebSite","@id":"https:\/\/hir.mediamarkt.hu\/magazin\/#website","url":"https:\/\/hir.mediamarkt.hu\/magazin\/","name":"MediaMarkt Magazin","description":"Olvass bele magazinunkba!","potentialAction":[{"@type":"SearchAction","target":{"@type":"EntryPoint","urlTemplate":"https:\/\/hir.mediamarkt.hu\/magazin\/?s={search_term_string}"},"query-input":"required name=search_term_string"}],"inLanguage":"hu"},{"@type":"Person","@id":"https:\/\/hir.mediamarkt.hu\/magazin\/#\/schema\/person\/b93b02ec1ab4d2353f8d281e171c1b0b","name":"Media Markt","image":{"@type":"ImageObject","inLanguage":"hu","@id":"https:\/\/hir.mediamarkt.hu\/magazin\/#\/schema\/person\/image\/","url":"https:\/\/secure.gravatar.com\/avatar\/602bccae8998beee472d01909f0978f1?s=96&d=mm&r=g","contentUrl":"https:\/\/secure.gravatar.com\/avatar\/602bccae8998beee472d01909f0978f1?s=96&d=mm&r=g","caption":"Media Markt"}}]}},"_links":{"self":[{"href":"https:\/\/hir.mediamarkt.hu\/magazin\/wp-json\/wp\/v2\/posts\/475"}],"collection":[{"href":"https:\/\/hir.mediamarkt.hu\/magazin\/wp-json\/wp\/v2\/posts"}],"about":[{"href":"https:\/\/hir.mediamarkt.hu\/magazin\/wp-json\/wp\/v2\/types\/post"}],"author":[{"embeddable":true,"href":"https:\/\/hir.mediamarkt.hu\/magazin\/wp-json\/wp\/v2\/users\/13"}],"replies":[{"embeddable":true,"href":"https:\/\/hir.mediamarkt.hu\/magazin\/wp-json\/wp\/v2\/comments?post=475"}],"version-history":[{"count":3,"href":"https:\/\/hir.mediamarkt.hu\/magazin\/wp-json\/wp\/v2\/posts\/475\/revisions"}],"predecessor-version":[{"id":479,"href":"https:\/\/hir.mediamarkt.hu\/magazin\/wp-json\/wp\/v2\/posts\/475\/revisions\/479"}],"wp:attachment":[{"href":"https:\/\/hir.mediamarkt.hu\/magazin\/wp-json\/wp\/v2\/media?parent=475"}],"wp:term":[{"taxonomy":"category","embeddable":true,"href":"https:\/\/hir.mediamarkt.hu\/magazin\/wp-json\/wp\/v2\/categories?post=475"},{"taxonomy":"post_tag","embeddable":true,"href":"https:\/\/hir.mediamarkt.hu\/magazin\/wp-json\/wp\/v2\/tags?post=475"}],"curies":[{"name":"wp","href":"https:\/\/api.w.org\/{rel}","templated":true}]}}