{"id":4760,"date":"2017-02-10T16:21:11","date_gmt":"2017-02-10T15:21:11","guid":{"rendered":"http:\/\/hir.mediamarkt.hu\/magazin\/?p=4760"},"modified":"2018-02-27T18:01:24","modified_gmt":"2018-02-27T17:01:24","slug":"konyvet-valentin-napra-nooormalis-majd-meglatja-hogy-nagyon-is","status":"publish","type":"post","link":"https:\/\/hir.mediamarkt.hu\/magazin\/konyvet-valentin-napra-nooormalis-majd-meglatja-hogy-nagyon-is\/","title":{"rendered":"K\u00f6nyvet? Valentin-napra? Nooorm\u00e1lis? &#8211; Majd megl\u00e1tja, hogy nagyon is!"},"content":{"rendered":"<strong>\u00a0<\/strong>\r\n\r\n<strong>Filmet, zen\u00e9t is aj\u00e1nlhatn\u00e1nk a szerelem &#8211; \u00e9s egy\u00e9bk\u00e9nt a szeretet &#8211; \u00fcnnep\u00e9re mindazoknak, akik szeretn\u00e9nek valakit meglepni B\u00e1lint napj\u00e1n. De ez\u00fattal 19-re lapot h\u00fazunk! <\/strong>\r\n\r\n<img loading=\"lazy\" decoding=\"async\" class=\"aligncenter size-full wp-image-4782\" src=\"http:\/\/hir.mediamarkt.hu\/magazin\/wp-content\/uploads\/2017\/02\/k\u00f6nyvek-egy\u00fctt.png\" alt=\"\" width=\"679\" height=\"467\" srcset=\"https:\/\/hir.mediamarkt.hu\/magazin\/wp-content\/uploads\/2017\/02\/k\u00f6nyvek-egy\u00fctt.png 283w, https:\/\/hir.mediamarkt.hu\/magazin\/wp-content\/uploads\/2017\/02\/k\u00f6nyvek-egy\u00fctt-275x189.png 275w, https:\/\/hir.mediamarkt.hu\/magazin\/wp-content\/uploads\/2017\/02\/k\u00f6nyvek-egy\u00fctt-300x206.png 300w\" sizes=\"(max-width: 679px) 100vw, 679px\" \/>\r\n\r\nEl\u0151sz\u00f6r is tiszt\u00e1zzuk, Szent B\u00e1lint a szerelmesek, a lelkibetegek \u00e9s az epilepszi\u00e1val \u00e9l\u0151k v\u00e9d\u0151szentje is. \u00dagyhogy nem \u00e9r csak a turb\u00e9kol\u00f3knak kisaj\u00e1t\u00edtani egykori m\u00e1rt\u00edroms\u00e1g\u00e1t! Ezen makacs t\u00e9nyek tiszt\u00e1z\u00e1sa ut\u00e1n t\u00e9rj\u00fcnk r\u00e1 a mai napra kiss\u00e9 el\u00fczletiesedett, m\u00e9gis sz\u00edvet melenget\u0151 \u00fcnnepre, na \u00e9s persze a kapcsol\u00f3d\u00f3 aj\u00e1nd\u00e9koz\u00e1sra. Olyan v\u00e1logat\u00e1ssal k\u00e9sz\u00fclt\u00fcnk, amely els\u0151 r\u00e1n\u00e9z\u00e9sre meglep\u0151 lehet. De b\u00e1rmiben fogadunk, hogy mindenki tal\u00e1l mag\u00e1nak vagy a p\u00e1rj\u00e1nak val\u00f3t a csomagban. Ir\u00e1ny teh\u00e1t a Media Markt k\u00f6nyvr\u00e9szlege! Tess\u00e9k, csak tess\u00e9k, nem kellf\u00e9lni!\r\n\r\n&nbsp;\r\n\r\n<strong><u>K\u00f6nyvek, amik n\u00e9lk\u00fcl lehet \u00e9lni, de nem \u00e9rdemes<\/u><\/strong>\r\n\r\n&nbsp;\r\n\r\n&nbsp;\r\n<h2><strong>Stendhal &#8211; A szerelemr\u0151l (2899 Ft)<\/strong><\/h2>\r\n<img loading=\"lazy\" decoding=\"async\" class=\"aligncenter size-full wp-image-4767\" src=\"http:\/\/hir.mediamarkt.hu\/magazin\/wp-content\/uploads\/2017\/02\/fee_786_587_png.png\" alt=\"\" width=\"786\" height=\"587\" srcset=\"https:\/\/hir.mediamarkt.hu\/magazin\/wp-content\/uploads\/2017\/02\/fee_786_587_png.png 328w, https:\/\/hir.mediamarkt.hu\/magazin\/wp-content\/uploads\/2017\/02\/fee_786_587_png-275x205.png 275w, https:\/\/hir.mediamarkt.hu\/magazin\/wp-content\/uploads\/2017\/02\/fee_786_587_png-300x224.png 300w, https:\/\/hir.mediamarkt.hu\/magazin\/wp-content\/uploads\/2017\/02\/fee_786_587_png-768x574.png 768w, https:\/\/hir.mediamarkt.hu\/magazin\/wp-content\/uploads\/2017\/02\/fee_786_587_png-720x538.png 720w\" sizes=\"(max-width: 786px) 100vw, 786px\" \/>\r\n\r\nA V\u00f6r\u00f6s \u00e9s fekete szerz\u0151je \u00e9veken \u00e1t tart\u00f3 megfigyel\u00e9s \u00e9s jegyzetel\u00e9s ut\u00e1n \u00edrta meg gondolatait, az \u00e1ltala \u201c leghatalmasabb szenved\u00e9lynek\u201d tartott \u0151r\u00fcletr\u0151l. Vigy\u00e1zat, a kikrist\u00e1lyosod\u00e1s elve megzavarhatja a bizonytalan lelket! M\u00e9gis, egyszer az \u00e9letben mindenk\u00e9pp \u00e9rdemes k\u00e9zbe venni egy \u00e9rz\u00e9keny, nagy hat\u00e1s\u00fa gondolkod\u00f3 m\u0171v\u00e9t a szerelem t\u00e9mak\u00f6r\u00e9ben. <a href=\"http:\/\/www.mediamarkt.hu\/hu\/product\/_stendhal-a-szerelemr%C5%91l-1135000.html\" target=\"_blank\">Kattintson a r\u00e9szletek\u00e9rt!<\/a>\r\n\r\n&nbsp;\r\n<h2><strong>Bohumil Hrabal &#8211; S\u00f6rgy\u00e1ri capriccio (2599 Ft)<\/strong><\/h2>\r\n<img loading=\"lazy\" decoding=\"async\" class=\"aligncenter size-full wp-image-4761\" src=\"http:\/\/hir.mediamarkt.hu\/magazin\/wp-content\/uploads\/2017\/02\/fee_786_587_png-1.png\" alt=\"\" width=\"786\" height=\"587\" srcset=\"https:\/\/hir.mediamarkt.hu\/magazin\/wp-content\/uploads\/2017\/02\/fee_786_587_png-1.png 786w, https:\/\/hir.mediamarkt.hu\/magazin\/wp-content\/uploads\/2017\/02\/fee_786_587_png-1-275x205.png 275w, https:\/\/hir.mediamarkt.hu\/magazin\/wp-content\/uploads\/2017\/02\/fee_786_587_png-1-300x224.png 300w, https:\/\/hir.mediamarkt.hu\/magazin\/wp-content\/uploads\/2017\/02\/fee_786_587_png-1-768x574.png 768w, https:\/\/hir.mediamarkt.hu\/magazin\/wp-content\/uploads\/2017\/02\/fee_786_587_png-1-720x538.png 720w\" sizes=\"(max-width: 786px) 100vw, 786px\" \/>\r\n\r\nA vil\u00e1girodalom egyik legszebb h\u00e1zass\u00e1ga, cseh \u00e9letszeretetbe \u00e9s humorba \u00e1gyazva. A 20 \u00e9ve elhunyt Hrabal m\u0171ve b\u00e1rmikor felt\u00f6lti azt a szerencs\u00e9st, aki kez\u00e9be veszi a k\u00f6tetet. Romantika \u00fcv\u00f6lt\u0151 s\u00f3gorral, mos\u00f3medv\u00e9vel, gy\u00e1rk\u00e9m\u00e9nnyel \u00e9s var\u00e1zslatos, sz\u0151ke f\u00fcrt\u00f6kkel, nem csak n\u0151knek!\r\n\r\nAz olvas\u00e1shoz kiv\u00e1l\u00f3 min\u0151s\u00e9g\u0171, megfelel\u0151en h\u0171t\u00f6tt s\u00f6r \u00e9s n\u00e9mi diszn\u00f3toros is aj\u00e1nlott. <a href=\"http:\/\/www.mediamarkt.hu\/hu\/product\/_bohumil-hrabal-s%C3%B6rgy%C3%A1ri-capriccio-1138395.html\">Kattintson a r\u00e9szletek\u00e9rt!<\/a>\r\n\r\n&nbsp;\r\n<h2><strong>\u00d3da a s\u00f6rh\u00f6z (1599 Ft)<\/strong><\/h2>\r\nNe is menj\u00fcnk messzire, maradjunk a foly\u00e9kony keny\u00e9rn\u00e9l. Ha p\u00e1runk, szerett\u00fcnk &#8211; legyen f\u00e9rfi az illet\u0151, vagy n\u0151 &#8211; a habz\u00f3 ned\u0171, na \u00e9s a m\u0171v\u00e9szet szerelmese, ez a hi\u00e1nyp\u00f3tl\u00f3 m\u0171 biztos, hogy megdobogtatja a sz\u00edv\u00e9t. A biztos hat\u00e1s el\u00e9r\u00e9se \u00e9rdek\u00e9ben el\u0151tte koccinthatunk is vele, egy j\u00f3 kors\u00f3, arany sz\u00edn\u0171 ned\u0171vel.\r\n\r\n<img loading=\"lazy\" decoding=\"async\" class=\"aligncenter size-large wp-image-4769\" src=\"http:\/\/hir.mediamarkt.hu\/magazin\/wp-content\/uploads\/2017\/02\/fee_786_587_png-2.png\" alt=\"\" width=\"786\" height=\"587\" srcset=\"https:\/\/hir.mediamarkt.hu\/magazin\/wp-content\/uploads\/2017\/02\/fee_786_587_png-2.png 786w, https:\/\/hir.mediamarkt.hu\/magazin\/wp-content\/uploads\/2017\/02\/fee_786_587_png-2-275x205.png 275w, https:\/\/hir.mediamarkt.hu\/magazin\/wp-content\/uploads\/2017\/02\/fee_786_587_png-2-300x224.png 300w, https:\/\/hir.mediamarkt.hu\/magazin\/wp-content\/uploads\/2017\/02\/fee_786_587_png-2-768x574.png 768w, https:\/\/hir.mediamarkt.hu\/magazin\/wp-content\/uploads\/2017\/02\/fee_786_587_png-2-720x538.png 720w\" sizes=\"(max-width: 786px) 100vw, 786px\" \/>\r\n\r\n\u201c\u0150seink mindig a bor dics\u00e9ret\u00e9t zengt\u00e9k, \u00e1m ami\u00f3ta l\u00e9teznek t\u00e1rgyi \u00e9s \u00edr\u00e1sos eml\u00e9kek, tudjuk, hogy itt\u00e1k a s\u00f6rt is, csak \u00e9pp nem dicsekedtek vele. A sum\u00e9rok p\u00e9ld\u00e1ul rengeteget fogyasztottak, \u00e9s h\u00e1la a massz\u00edv agyag- \u00e9s k\u0151t\u00e1bl\u00e1iknak, maradt fenn olyan kocsmadal, amelyben a s\u00f6r dics\u00e9ret\u00e9t zengik. No \u00e9s ott a Kalevala, a finnek \u0151seposza: annyi s\u00f6rt vedelnek benne, hogy az olvas\u00f3 \u00f6nk\u00e9ntelen\u00fcl is a poh\u00e1r ut\u00e1n ny\u00fal. A k\u00e9s\u0151bbi korok \u00edr\u00f3inak \u00e9s k\u00f6lt\u0151inek n\u00e9vsora pedig kifejezetten impoz\u00e1ns, gondoljunk csak Goeth\u00e9re, Victor Hug\u00f3ra vagy Dosztojevszkijre. N\u00e1lunk Ady, J\u00f3kai, Miksz\u00e1th, M\u00f3ricz, J\u00f3zsef Attila emelik poharuk. S persze szerepel v\u00e1logat\u00e1sunkban a s\u00f6rgy\u00e1rak trubad\u00farja, a cseh Hrabal, akinek tal\u00e1n nem is l\u00e9tezik hiteles fot\u00f3ja habos kors\u00f3 n\u00e9lk\u00fcl. \u00c9s nek\u00fcnk, magyaroknak is dagadhat a kebl\u00fcnk: ahogyan Kr\u00fady zen\u00e9s\u00edti meg a t\u00e9m\u00e1t, az a szimf\u00f3ni\u00e1k szimf\u00f3ni\u00e1ja, s \u00d6r\u00f6m\u00f3d\u00e1val a v\u00e9g\u00e9n. El\u0151re h\u00e1t a habz\u00f3 sz\u00f6vegtenger s\u0171r\u0171j\u00e9be, kedves Olvas\u00f3, eg\u00e9szs\u00e9g\u00fcnkre \u00e9s fen\u00e9kig!\u201d <a href=\"http:\/\/www.mediamarkt.hu\/hu\/product\/_-%C3%B3da-a-s%C3%B6rh%C3%B6z-1203537.html\">Kattintson a r\u00e9szletek\u00e9rt!<\/a>\r\n\r\n&nbsp;\r\n\r\n<strong><u>Szerelmek, kapcsolatok a magyar kult\u00fara nagyjainak \u00e9let\u00e9ben, leny\u0171g\u00f6z\u0151en olvasm\u00e1nyos t\u00e1lal\u00e1sban<\/u><\/strong>\r\n<h2><strong>Ny\u00e1ry Kriszti\u00e1n &#8211; \u00cdgy szerettek \u0151k &#8211; Magyar irodalmi szerelmesk\u00f6nyv 1-2 (3699 Ft\/k\u00f6tet)<\/strong><\/h2>\r\nAz internetnek h\u00e1la, v\u00e9gre egy kiv\u00e1l\u00f3 kort\u00e1rs magyar szerz\u0151 elk\u00e9peszt\u0151 h\u00e1tt\u00e9rmunk\u00e1ja, valamint tud\u00e1sa berobbant a k\u00f6ztudatba.\r\n\r\n<img loading=\"lazy\" decoding=\"async\" class=\"aligncenter size-large wp-image-4762\" src=\"http:\/\/hir.mediamarkt.hu\/magazin\/wp-content\/uploads\/2017\/02\/fee_786_587_png-3.png\" alt=\"\" width=\"786\" height=\"587\" srcset=\"https:\/\/hir.mediamarkt.hu\/magazin\/wp-content\/uploads\/2017\/02\/fee_786_587_png-3.png 328w, https:\/\/hir.mediamarkt.hu\/magazin\/wp-content\/uploads\/2017\/02\/fee_786_587_png-3-275x205.png 275w, https:\/\/hir.mediamarkt.hu\/magazin\/wp-content\/uploads\/2017\/02\/fee_786_587_png-3-300x224.png 300w, https:\/\/hir.mediamarkt.hu\/magazin\/wp-content\/uploads\/2017\/02\/fee_786_587_png-3-768x574.png 768w, https:\/\/hir.mediamarkt.hu\/magazin\/wp-content\/uploads\/2017\/02\/fee_786_587_png-3-720x538.png 720w\" sizes=\"(max-width: 786px) 100vw, 786px\" \/>\r\n\r\n\u201cNy\u00e1ry Kriszti\u00e1n n\u00e9h\u00e1ny \u00e9vig k\u00f6lt\u00e9szett\u00f6rt\u00e9netet tan\u00edtott a p\u00e9csi egyetemen, majd a 90-es \u00e9vek k\u00f6zep\u00e9n otthagyta a katedr\u00e1t, az\u00f3ta kommunik\u00e1ci\u00f3s tan\u00e1csad\u00f3k\u00e9nt dolgozik. Vezetett pr-\u00fcgyn\u00f6ks\u00e9get \u00e9s k\u00f6zv\u00e9lem\u00e9ny-kutat\u00f3 int\u00e9zetet, volt \u00e1llami szervezet kommunik\u00e1ci\u00f3s igazgat\u00f3ja, de a hobbija az irodalomt\u00f6rt\u00e9net maradt. 2012 elej\u00e9n bar\u00e1tainak kezdte publik\u00e1lni a Facebookon magyar \u00edr\u00f3k \u00e9s m\u0171v\u00e9szek szerelmi \u00e9let\u00e9r\u0151l sz\u00f3l\u00f3 k\u00e9pes et\u0171djeit, amivel n\u00e9h\u00e1ny h\u00f3nap alatt nagy n\u00e9pszer\u0171s\u00e9gre tett szert. A bar\u00e1toknak sz\u00e1nt bejegyz\u00e9sekb\u0151l \u00cdgy szerettek \u0151k c\u00edmmel k\u00f6nyv lett, a k\u00f6tetb\u0151l pedig az elm\u00falt \u00e9v egyik legnagyobb k\u00f6nyvsikere, amely elnyerte a XX. Budapesti Nemzetk\u00f6zi K\u00f6nyvfesztiv\u00e1l Budai-d\u00edj\u00e1t \u00e9s a Magyar K\u00f6nyvt\u00e1rosok Egyes\u00fclete Fitz J\u00f3zsef-k\u00f6nyvd\u00edj\u00e1t is.\r\n\r\nAz <a href=\"http:\/\/www.mediamarkt.hu\/hu\/product\/_ny%C3%A1ry-kriszti%C3%A1n-%C3%ADgy-szerettek-%C5%91k-magyar-irodalmi-szerelmesk%C3%B6nyv-1102659.html\">els\u0151<\/a> \u00e9s <a href=\"http:\/\/www.mediamarkt.hu\/hu\/product\/_ny%C3%A1ry-kriszti%C3%A1n-%C3%ADgy-szerettek-%C5%91k-2-%C3%BAjabb-irodalmi-szerelmesk%C3%B6nyv-1127978.html\">m\u00e1sodik<\/a> k\u00f6tet is 40-40 t\u00f6rt\u00e9netet tartalmaz, sok k\u00e9ppel Pet\u0151fit\u0151l Vas Istv\u00e1nig, Benedek Elekt\u0151l Szab\u00f3 Magd\u00e1ig, D\u00e9ryn\u00e9t\u0151l D\u00e9ry Tiborig, hitvesekr\u0151l, m\u00fazs\u00e1kr\u00f3l, szeret\u0151kr\u0151l, \u00f6r\u00f6k h\u0171s\u00e9gr\u0151l \u00e9s a szerelem sokf\u00e9le arc\u00e1r\u00f3l.\u201d <a href=\"http:\/\/www.mediamarkt.hu\/hu\/search.html?storeId=103952&amp;langId=-19&amp;searchProfile=onlineshop&amp;channel=mmhuhu&amp;searchParams=&amp;path=&amp;query=ny%C3%A1ry+kriszti%C3%A1n\" target=\"_blank\">Kattintson a r\u00e9szletek\u00e9rt<\/a>!\r\n\r\n&nbsp;\r\n\r\n<strong><u>Ir\u00e1ny a konyha &#8211; k\u00e9t receptk\u00f6nyv, mert a sz\u00edvhez ugye tudjuk, min kereszt\u00fcl vezet az \u00fat\u2026<\/u><\/strong>\r\n<h2><strong>Kris Carr &#8211; \u0150r\u00fclten cs\u00e1bos \u00e9telek (3899 Ft)<\/strong><\/h2>\r\nHa fontos a szinte szertart\u00e1soknak beill\u0151 \u00e9tkez\u00e9s, a f\u0151z\u00e9s m\u0171v\u00e9szi szintre emelt \u00e9lvezete, mindemellett pedig az eg\u00e9szs\u00e9g is, ez a szak\u00e1csk\u00f6nyv nem hi\u00e1nyozhat a polcr\u00f3l. Szeress\u00fck hasunkat, egym\u00e1st felel\u0151ss\u00e9ggel!\r\n\r\n<img loading=\"lazy\" decoding=\"async\" class=\"aligncenter size-large wp-image-4763\" src=\"http:\/\/hir.mediamarkt.hu\/magazin\/wp-content\/uploads\/2017\/02\/fee_786_587_png-4.png\" alt=\"\" width=\"786\" height=\"587\" srcset=\"https:\/\/hir.mediamarkt.hu\/magazin\/wp-content\/uploads\/2017\/02\/fee_786_587_png-4.png 328w, https:\/\/hir.mediamarkt.hu\/magazin\/wp-content\/uploads\/2017\/02\/fee_786_587_png-4-275x205.png 275w, https:\/\/hir.mediamarkt.hu\/magazin\/wp-content\/uploads\/2017\/02\/fee_786_587_png-4-300x224.png 300w, https:\/\/hir.mediamarkt.hu\/magazin\/wp-content\/uploads\/2017\/02\/fee_786_587_png-4-768x574.png 768w, https:\/\/hir.mediamarkt.hu\/magazin\/wp-content\/uploads\/2017\/02\/fee_786_587_png-4-720x538.png 720w\" sizes=\"(max-width: 786px) 100vw, 786px\" \/>\r\n\r\n&nbsp;\r\n\r\n\u201eE k\u00f6nyv a l\u00e9k\u00e9sz\u00edt\u00e9st\u0151l a h\u00e1romfog\u00e1sos \u00fcnnepi lakoma megtervez\u00e9s\u00e9ig az eg\u00e9szs\u00e9ges konyham\u0171v\u00e9szet valamennyi alapismeret\u00e9t mag\u00e1ba foglalja, hogy konyh\u00e1dat (\u00e9s \u00e9letedet!) val\u00f3ban az eg\u00e9szs\u00e9g, a boldogs\u00e1g, a csal\u00e1di \u00f6r\u00f6m\u00f6k, a bar\u00e1ti besz\u00e9lget\u00e9sek \u00e9s a kulin\u00e1ris \u00e9lm\u00e9nyek szent\u00e9ly\u00e9v\u00e9 tegye!\u201d\r\n\r\nKris Carr \u00edr\u00f3 \u00e9s az eg\u00e9szs\u00e9gv\u00e9delem \u00fcgy\u00e9nek harcos sz\u00f3sz\u00f3l\u00f3ja maga is egyszerre tapasztalta meg, milyen a f\u00e9lelmetes kih\u00edv\u00e1sokkal teli betegs\u00e9g, a r\u00e1k \u00e1rny\u00e9k\u00e1ban \u00e9lni \u00e9s azt is, milyen kigy\u00f3gyulni bel\u0151le, ragaszkodva az eg\u00e9szs\u00e9ghez, \u00e1talak\u00edtva saj\u00e1t \u00e9let\u00e9t.\u201d <a href=\"http:\/\/www.mediamarkt.hu\/hu\/product\/_kris-carr-%C5%91r%C3%BClten-cs%C3%A1bos-%C3%A9telek-1199657.html\" target=\"_blank\">Kattintson a r\u00e9szletek\u00e9rt!<\/a>\r\n\r\n&nbsp;\r\n<h2><strong>V\u00e9tek Gy\u00f6rgy &#8211; Rosenstein R\u00f3bert &#8211; S\u00f6rk\u00f6nyv<\/strong><\/h2>\r\nNem tudunk leszakadni a t\u00e9m\u00e1r\u00f3l\u2026 S\u00f6rt\u00f6rt\u00e9net, trendek, szerv\u00edroz\u00e1si tippek, valamint\r\n\r\nk\u00f6zel harminc izgalmas \u00e9tel \u00e9s n\u00e9h\u00e1ny s\u00f6rkokt\u00e9l receptje v\u00e1rja a felfedez\u0151ket! H\u00e1t ki ne \u00f6r\u00fclne egy ilyen k\u00f6tetnek?\r\n\r\n<img loading=\"lazy\" decoding=\"async\" class=\"aligncenter size-full wp-image-4771\" src=\"http:\/\/hir.mediamarkt.hu\/magazin\/wp-content\/uploads\/2017\/02\/fee_786_587_png-5.png\" alt=\"\" width=\"786\" height=\"587\" srcset=\"https:\/\/hir.mediamarkt.hu\/magazin\/wp-content\/uploads\/2017\/02\/fee_786_587_png-5.png 328w, https:\/\/hir.mediamarkt.hu\/magazin\/wp-content\/uploads\/2017\/02\/fee_786_587_png-5-275x205.png 275w, https:\/\/hir.mediamarkt.hu\/magazin\/wp-content\/uploads\/2017\/02\/fee_786_587_png-5-300x224.png 300w, https:\/\/hir.mediamarkt.hu\/magazin\/wp-content\/uploads\/2017\/02\/fee_786_587_png-5-768x574.png 768w, https:\/\/hir.mediamarkt.hu\/magazin\/wp-content\/uploads\/2017\/02\/fee_786_587_png-5-720x538.png 720w\" sizes=\"(max-width: 786px) 100vw, 786px\" \/>\r\n\r\n<a href=\"http:\/\/www.mediamarkt.hu\/hu\/product\/_v%C3%A9tek-gy%C3%B6rgy-rosenstein-r%C3%B3bert-s%C3%B6rk%C3%B6nyv-1190427.html\">Kattintson a r\u00e9szletek\u00e9rt!<\/a>\r\n\r\n&nbsp;\r\n\r\n<strong><u>K\u00f6nnyedebb vizek, avagy feln\u0151ttk\u00e9nt is ott lakik benn\u00fcnk a gyerek, aki tuti pont ilyesmire v\u00e1gyik (hacsak nem \u00e9rt\u00e9k traum\u00e1k a t\u00e9m\u00e1ban)!<\/u><\/strong>\r\n\r\n&nbsp;\r\n<h2><strong>Star Wars \u2013 Sz\u00ednez\u0151k\u00f6nyv matric\u00e1kkal (999 Ft) \u00e9s <\/strong><strong>Star Wars: Fantasztikus gal\u00e9ria: stresszold\u00f3 kifest\u0151 (1999 Ft)<\/strong><\/h2>\r\nNem tudjuk, ki hogy van vele, de mi meg\u0151r\u00fcl\u00fcnk ezek\u00e9rt a f\u00fczetek\u00e9rt. Nem csak a Csillagok h\u00e1bor\u00faja tematika miatt. Na de azok a r\u00e9gi, finom eml\u00e9kek, azok a d\u00e9lut\u00e1nok, amikor a matric\u00e1s album f\u00f6l\u00e9 g\u00f6rnyedt\u00fcnk, vagy \u00e9pp zs\u00edrkr\u00e9t\u00e1val kisz\u00ednez\u0151zt\u00fcnk\u2026 Nos, mi n\u00e9ha, titkon m\u00e9g most is vagyunk r\u00e1.\r\n\r\nKi tudja, tal\u00e1n az \u00f6n p\u00e1rja is meg\u0151r\u00fclne egy nosztalgikus est\u00e9\u00e9rt!\r\n\r\n<img loading=\"lazy\" decoding=\"async\" class=\"wp-image-4764 alignnone\" src=\"http:\/\/hir.mediamarkt.hu\/magazin\/wp-content\/uploads\/2017\/02\/fee_786_587_png-6.png\" alt=\"\" width=\"411\" height=\"307\" srcset=\"https:\/\/hir.mediamarkt.hu\/magazin\/wp-content\/uploads\/2017\/02\/fee_786_587_png-6.png 328w, https:\/\/hir.mediamarkt.hu\/magazin\/wp-content\/uploads\/2017\/02\/fee_786_587_png-6-275x205.png 275w, https:\/\/hir.mediamarkt.hu\/magazin\/wp-content\/uploads\/2017\/02\/fee_786_587_png-6-300x224.png 300w, https:\/\/hir.mediamarkt.hu\/magazin\/wp-content\/uploads\/2017\/02\/fee_786_587_png-6-768x574.png 768w, https:\/\/hir.mediamarkt.hu\/magazin\/wp-content\/uploads\/2017\/02\/fee_786_587_png-6-720x538.png 720w\" sizes=\"(max-width: 411px) 100vw, 411px\" \/>\r\n\r\n<img loading=\"lazy\" decoding=\"async\" class=\"wp-image-4765 alignleft\" src=\"http:\/\/hir.mediamarkt.hu\/magazin\/wp-content\/uploads\/2017\/02\/fee_786_587_png-7.png\" alt=\"\" width=\"406\" height=\"303\" srcset=\"https:\/\/hir.mediamarkt.hu\/magazin\/wp-content\/uploads\/2017\/02\/fee_786_587_png-7.png 328w, https:\/\/hir.mediamarkt.hu\/magazin\/wp-content\/uploads\/2017\/02\/fee_786_587_png-7-275x205.png 275w, https:\/\/hir.mediamarkt.hu\/magazin\/wp-content\/uploads\/2017\/02\/fee_786_587_png-7-300x224.png 300w, https:\/\/hir.mediamarkt.hu\/magazin\/wp-content\/uploads\/2017\/02\/fee_786_587_png-7-768x574.png 768w, https:\/\/hir.mediamarkt.hu\/magazin\/wp-content\/uploads\/2017\/02\/fee_786_587_png-7-720x538.png 720w\" sizes=\"(max-width: 406px) 100vw, 406px\" \/>\r\n\r\n&nbsp;\r\n\r\n<a href=\"http:\/\/www.mediamarkt.hu\/hu\/product\/_-star-wars-fantasztikus-gal%C3%A9ria-stresszold%C3%B3-kifest%C5%91-1222998.html\">Kattintson a r\u00e9szletek\u00e9rt!<\/a>\r\n<h1><\/h1>\r\n<h1><\/h1>\r\n<h1><\/h1>\r\n<h1><\/h1>\r\n<h1><\/h1>\r\n<h2><strong>Csal\u00e1di tervez\u0151 napt\u00e1r 2017 (1399 Ft)<\/strong><\/h2>\r\nHa m\u00e1r meg\u00e1llapodtunk, vagy csak finoman utaln\u00e1nk a csal\u00e1dalap\u00edt\u00e1sra, ez a rendhagy\u00f3 sz\u00ednez\u0151s napt\u00e1r pont j\u00f3l j\u00f6n.\r\n\r\n<img loading=\"lazy\" decoding=\"async\" class=\"aligncenter size-large wp-image-4766\" src=\"http:\/\/hir.mediamarkt.hu\/magazin\/wp-content\/uploads\/2017\/02\/fee_786_587_png-8.png\" alt=\"\" width=\"786\" height=\"587\" srcset=\"https:\/\/hir.mediamarkt.hu\/magazin\/wp-content\/uploads\/2017\/02\/fee_786_587_png-8.png 786w, https:\/\/hir.mediamarkt.hu\/magazin\/wp-content\/uploads\/2017\/02\/fee_786_587_png-8-275x205.png 275w, https:\/\/hir.mediamarkt.hu\/magazin\/wp-content\/uploads\/2017\/02\/fee_786_587_png-8-300x224.png 300w, https:\/\/hir.mediamarkt.hu\/magazin\/wp-content\/uploads\/2017\/02\/fee_786_587_png-8-768x574.png 768w, https:\/\/hir.mediamarkt.hu\/magazin\/wp-content\/uploads\/2017\/02\/fee_786_587_png-8-720x538.png 720w\" sizes=\"(max-width: 786px) 100vw, 786px\" \/>\r\n\r\nAj\u00e1nd\u00e9kozzunk k\u00e1osz mentes, boldog \u00e9lethez sz\u00fcks\u00e9ges kalend\u00e1riumot \u00e9s minden rendben lesz. Na j\u00f3, lehet, hogy a sz\u00ednezget\u00e9sen k\u00edv\u00fcl m\u00e1s frontokon is musz\u00e1j lesz munk\u00e1t beletenn\u00fcnk a t\u00f6rt\u00e9netbe. De higgye el, a l\u00e1tv\u00e1nyos eredm\u00e9ny ott sem marad el. <a href=\"http:\/\/www.mediamarkt.hu\/hu\/product\/_-csal%C3%A1di-tervez%C5%91-napt%C3%A1r-2017-30x30-cm-1220421.html\">Kattintson a r\u00e9szletek\u00e9rt!<\/a>\r\n\r\n&nbsp;\r\n\r\n<a href=\"http:\/\/www.mediamarkt.hu\/hu\/category\/_k%C3%B6nyv-504536.html\"><strong>Tov\u00e1bbi remekm\u0171vek\u00e9rt keresse fel a Media Markt k\u00f6nyves szekci\u00f3j\u00e1t!<\/strong><\/a> <a href=\"http:\/\/www.mediamarkt.hu\/hu\/category\/_k%C3%B6nyv-504536.html\"><strong>Mert a kult\u00fara szexi!<\/strong><\/a>","protected":false},"excerpt":{"rendered":"\u00a0 Filmet, zen\u00e9t is aj\u00e1nlhatn\u00e1nk a szerelem &#8211; \u00e9s egy\u00e9bk\u00e9nt a szeretet &#8211; \u00fcnnep\u00e9re mindazoknak, akik szeretn\u00e9nek valakit meglepni B\u00e1lint napj\u00e1n. De ez\u00fattal 19-re lapot h\u00fazunk! El\u0151sz\u00f6r is tiszt\u00e1zzuk, Szent B\u00e1lint a szerelmesek, a lelkibetegek \u00e9s az epilepszi\u00e1val \u00e9l\u0151k v\u00e9d\u0151szentje is. \u00dagyhogy nem \u00e9r csak a turb\u00e9kol\u00f3knak kisaj\u00e1t\u00edtani egykori m\u00e1rt\u00edroms\u00e1g\u00e1t! Ezen makacs t\u00e9nyek tiszt\u00e1z\u00e1sa ut\u00e1n t\u00e9rj\u00fcnk r\u00e1 a mai napra kiss\u00e9 el\u00fczletiesedett, m\u00e9gis sz\u00edvet melenget\u0151 \u00fcnnepre, na \u00e9s persze a kapcsol\u00f3d\u00f3 aj\u00e1nd\u00e9koz\u00e1sra. Olyan v\u00e1logat\u00e1ssal k\u00e9sz\u00fclt\u00fcnk, amely els\u0151 r\u00e1n\u00e9z\u00e9sre meglep\u0151 lehet. De b\u00e1rmiben fogadunk, hogy mindenki tal\u00e1l mag\u00e1nak vagy a p\u00e1rj\u00e1nak val\u00f3t a csomagban. Ir\u00e1ny teh\u00e1t a Media Markt k\u00f6nyvr\u00e9szlege! Tess\u00e9k, csak tess\u00e9k, nem kellf\u00e9lni! &nbsp; K\u00f6nyvek, amik n\u00e9lk\u00fcl lehet \u00e9lni, de nem \u00e9rdemes &nbsp; &nbsp; Stendhal &#8211; A szerelemr\u0151l (2899 &#8230;","protected":false},"author":13,"featured_media":4782,"comment_status":"open","ping_status":"open","sticky":false,"template":"","format":"aside","meta":{"wprm-recipe-roundup-name":"","wprm-recipe-roundup-description":"","footnotes":""},"categories":[5963,5967],"tags":[980,2169,2387],"yoast_head":"<!-- This site is optimized with the Yoast SEO plugin v22.9 - https:\/\/yoast.com\/wordpress\/plugins\/seo\/ -->\n<title>K\u00f6nyvet? Valentin-napra? Nooorm\u00e1lis? - Majd megl\u00e1tja, hogy nagyon is! - MediaMarkt Magazin<\/title>\n<meta name=\"robots\" content=\"index, follow, max-snippet:-1, max-image-preview:large, max-video-preview:-1\" \/>\n<link rel=\"canonical\" href=\"https:\/\/hir.mediamarkt.hu\/magazin\/konyvet-valentin-napra-nooormalis-majd-meglatja-hogy-nagyon-is\/\" \/>\n<meta property=\"og:locale\" content=\"hu_HU\" \/>\n<meta property=\"og:type\" content=\"article\" \/>\n<meta property=\"og:title\" content=\"K\u00f6nyvet? Valentin-napra? Nooorm\u00e1lis? - Majd megl\u00e1tja, hogy nagyon is! - MediaMarkt Magazin\" \/>\n<meta property=\"og:description\" content=\"\u00a0 Filmet, zen\u00e9t is aj\u00e1nlhatn\u00e1nk a szerelem &#8211; \u00e9s egy\u00e9bk\u00e9nt a szeretet &#8211; \u00fcnnep\u00e9re mindazoknak, akik szeretn\u00e9nek valakit meglepni B\u00e1lint napj\u00e1n. De ez\u00fattal 19-re lapot h\u00fazunk! El\u0151sz\u00f6r is tiszt\u00e1zzuk, Szent B\u00e1lint a szerelmesek, a lelkibetegek \u00e9s az epilepszi\u00e1val \u00e9l\u0151k v\u00e9d\u0151szentje is. \u00dagyhogy nem \u00e9r csak a turb\u00e9kol\u00f3knak kisaj\u00e1t\u00edtani egykori m\u00e1rt\u00edroms\u00e1g\u00e1t! Ezen makacs t\u00e9nyek tiszt\u00e1z\u00e1sa ut\u00e1n t\u00e9rj\u00fcnk r\u00e1 a mai napra kiss\u00e9 el\u00fczletiesedett, m\u00e9gis sz\u00edvet melenget\u0151 \u00fcnnepre, na \u00e9s persze a kapcsol\u00f3d\u00f3 aj\u00e1nd\u00e9koz\u00e1sra. Olyan v\u00e1logat\u00e1ssal k\u00e9sz\u00fclt\u00fcnk, amely els\u0151 r\u00e1n\u00e9z\u00e9sre meglep\u0151 lehet. De b\u00e1rmiben fogadunk, hogy mindenki tal\u00e1l mag\u00e1nak vagy a p\u00e1rj\u00e1nak val\u00f3t a csomagban. Ir\u00e1ny teh\u00e1t a Media Markt k\u00f6nyvr\u00e9szlege! Tess\u00e9k, csak tess\u00e9k, nem kellf\u00e9lni! &nbsp; K\u00f6nyvek, amik n\u00e9lk\u00fcl lehet \u00e9lni, de nem \u00e9rdemes &nbsp; &nbsp; Stendhal &#8211; A szerelemr\u0151l (2899 ...\" \/>\n<meta property=\"og:url\" content=\"https:\/\/hir.mediamarkt.hu\/magazin\/konyvet-valentin-napra-nooormalis-majd-meglatja-hogy-nagyon-is\/\" \/>\n<meta property=\"og:site_name\" content=\"MediaMarkt Magazin\" \/>\n<meta property=\"article:publisher\" content=\"https:\/\/www.facebook.com\/MediaMarktMagyarorszag\" \/>\n<meta property=\"article:published_time\" content=\"2017-02-10T15:21:11+00:00\" \/>\n<meta property=\"article:modified_time\" content=\"2018-02-27T17:01:24+00:00\" \/>\n<meta property=\"og:image\" content=\"https:\/\/hir.mediamarkt.hu\/magazin\/wp-content\/uploads\/2017\/02\/k\u00f6nyvek-egy\u00fctt.png\" \/>\n\t<meta property=\"og:image:width\" content=\"283\" \/>\n\t<meta property=\"og:image:height\" content=\"195\" \/>\n\t<meta property=\"og:image:type\" content=\"image\/png\" \/>\n<meta name=\"author\" content=\"Media Markt\" \/>\n<meta name=\"twitter:label1\" content=\"Szerz\u0151:\" \/>\n\t<meta name=\"twitter:data1\" content=\"Media Markt\" \/>\n\t<meta name=\"twitter:label2\" content=\"Becs\u00fclt olvas\u00e1si id\u0151\" \/>\n\t<meta name=\"twitter:data2\" content=\"7 perc\" \/>\n<script type=\"application\/ld+json\" class=\"yoast-schema-graph\">{\"@context\":\"https:\/\/schema.org\",\"@graph\":[{\"@type\":\"WebPage\",\"@id\":\"https:\/\/hir.mediamarkt.hu\/magazin\/konyvet-valentin-napra-nooormalis-majd-meglatja-hogy-nagyon-is\/\",\"url\":\"https:\/\/hir.mediamarkt.hu\/magazin\/konyvet-valentin-napra-nooormalis-majd-meglatja-hogy-nagyon-is\/\",\"name\":\"K\u00f6nyvet? Valentin-napra? Nooorm\u00e1lis? - Majd megl\u00e1tja, hogy nagyon is! - MediaMarkt Magazin\",\"isPartOf\":{\"@id\":\"https:\/\/hir.mediamarkt.hu\/magazin\/#website\"},\"primaryImageOfPage\":{\"@id\":\"https:\/\/hir.mediamarkt.hu\/magazin\/konyvet-valentin-napra-nooormalis-majd-meglatja-hogy-nagyon-is\/#primaryimage\"},\"image\":{\"@id\":\"https:\/\/hir.mediamarkt.hu\/magazin\/konyvet-valentin-napra-nooormalis-majd-meglatja-hogy-nagyon-is\/#primaryimage\"},\"thumbnailUrl\":\"https:\/\/hir.mediamarkt.hu\/magazin\/wp-content\/uploads\/2017\/02\/k\u00f6nyvek-egy\u00fctt.png\",\"datePublished\":\"2017-02-10T15:21:11+00:00\",\"dateModified\":\"2018-02-27T17:01:24+00:00\",\"author\":{\"@id\":\"https:\/\/hir.mediamarkt.hu\/magazin\/#\/schema\/person\/b93b02ec1ab4d2353f8d281e171c1b0b\"},\"breadcrumb\":{\"@id\":\"https:\/\/hir.mediamarkt.hu\/magazin\/konyvet-valentin-napra-nooormalis-majd-meglatja-hogy-nagyon-is\/#breadcrumb\"},\"inLanguage\":\"hu\",\"potentialAction\":[{\"@type\":\"ReadAction\",\"target\":[\"https:\/\/hir.mediamarkt.hu\/magazin\/konyvet-valentin-napra-nooormalis-majd-meglatja-hogy-nagyon-is\/\"]}]},{\"@type\":\"ImageObject\",\"inLanguage\":\"hu\",\"@id\":\"https:\/\/hir.mediamarkt.hu\/magazin\/konyvet-valentin-napra-nooormalis-majd-meglatja-hogy-nagyon-is\/#primaryimage\",\"url\":\"https:\/\/hir.mediamarkt.hu\/magazin\/wp-content\/uploads\/2017\/02\/k\u00f6nyvek-egy\u00fctt.png\",\"contentUrl\":\"https:\/\/hir.mediamarkt.hu\/magazin\/wp-content\/uploads\/2017\/02\/k\u00f6nyvek-egy\u00fctt.png\",\"width\":283,\"height\":195},{\"@type\":\"BreadcrumbList\",\"@id\":\"https:\/\/hir.mediamarkt.hu\/magazin\/konyvet-valentin-napra-nooormalis-majd-meglatja-hogy-nagyon-is\/#breadcrumb\",\"itemListElement\":[{\"@type\":\"ListItem\",\"position\":1,\"name\":\"Kezd\u0151lap\",\"item\":\"https:\/\/hir.mediamarkt.hu\/magazin\/\"},{\"@type\":\"ListItem\",\"position\":2,\"name\":\"Egy\u00e9b\",\"item\":\"https:\/\/hir.mediamarkt.hu\/magazin\/egyeb\/\"},{\"@type\":\"ListItem\",\"position\":3,\"name\":\"K\u00f6nyvet? Valentin-napra? Nooorm\u00e1lis? &#8211; Majd megl\u00e1tja, hogy nagyon is!\"}]},{\"@type\":\"WebSite\",\"@id\":\"https:\/\/hir.mediamarkt.hu\/magazin\/#website\",\"url\":\"https:\/\/hir.mediamarkt.hu\/magazin\/\",\"name\":\"MediaMarkt Magazin\",\"description\":\"Olvass bele magazinunkba!\",\"potentialAction\":[{\"@type\":\"SearchAction\",\"target\":{\"@type\":\"EntryPoint\",\"urlTemplate\":\"https:\/\/hir.mediamarkt.hu\/magazin\/?s={search_term_string}\"},\"query-input\":\"required name=search_term_string\"}],\"inLanguage\":\"hu\"},{\"@type\":\"Person\",\"@id\":\"https:\/\/hir.mediamarkt.hu\/magazin\/#\/schema\/person\/b93b02ec1ab4d2353f8d281e171c1b0b\",\"name\":\"Media Markt\",\"image\":{\"@type\":\"ImageObject\",\"inLanguage\":\"hu\",\"@id\":\"https:\/\/hir.mediamarkt.hu\/magazin\/#\/schema\/person\/image\/\",\"url\":\"https:\/\/secure.gravatar.com\/avatar\/602bccae8998beee472d01909f0978f1?s=96&d=mm&r=g\",\"contentUrl\":\"https:\/\/secure.gravatar.com\/avatar\/602bccae8998beee472d01909f0978f1?s=96&d=mm&r=g\",\"caption\":\"Media Markt\"}}]}<\/script>\n<!-- \/ Yoast SEO plugin. -->","yoast_head_json":{"title":"K\u00f6nyvet? Valentin-napra? Nooorm\u00e1lis? - Majd megl\u00e1tja, hogy nagyon is! - MediaMarkt Magazin","robots":{"index":"index","follow":"follow","max-snippet":"max-snippet:-1","max-image-preview":"max-image-preview:large","max-video-preview":"max-video-preview:-1"},"canonical":"https:\/\/hir.mediamarkt.hu\/magazin\/konyvet-valentin-napra-nooormalis-majd-meglatja-hogy-nagyon-is\/","og_locale":"hu_HU","og_type":"article","og_title":"K\u00f6nyvet? Valentin-napra? Nooorm\u00e1lis? - Majd megl\u00e1tja, hogy nagyon is! - MediaMarkt Magazin","og_description":"\u00a0 Filmet, zen\u00e9t is aj\u00e1nlhatn\u00e1nk a szerelem &#8211; \u00e9s egy\u00e9bk\u00e9nt a szeretet &#8211; \u00fcnnep\u00e9re mindazoknak, akik szeretn\u00e9nek valakit meglepni B\u00e1lint napj\u00e1n. De ez\u00fattal 19-re lapot h\u00fazunk! El\u0151sz\u00f6r is tiszt\u00e1zzuk, Szent B\u00e1lint a szerelmesek, a lelkibetegek \u00e9s az epilepszi\u00e1val \u00e9l\u0151k v\u00e9d\u0151szentje is. \u00dagyhogy nem \u00e9r csak a turb\u00e9kol\u00f3knak kisaj\u00e1t\u00edtani egykori m\u00e1rt\u00edroms\u00e1g\u00e1t! Ezen makacs t\u00e9nyek tiszt\u00e1z\u00e1sa ut\u00e1n t\u00e9rj\u00fcnk r\u00e1 a mai napra kiss\u00e9 el\u00fczletiesedett, m\u00e9gis sz\u00edvet melenget\u0151 \u00fcnnepre, na \u00e9s persze a kapcsol\u00f3d\u00f3 aj\u00e1nd\u00e9koz\u00e1sra. Olyan v\u00e1logat\u00e1ssal k\u00e9sz\u00fclt\u00fcnk, amely els\u0151 r\u00e1n\u00e9z\u00e9sre meglep\u0151 lehet. De b\u00e1rmiben fogadunk, hogy mindenki tal\u00e1l mag\u00e1nak vagy a p\u00e1rj\u00e1nak val\u00f3t a csomagban. Ir\u00e1ny teh\u00e1t a Media Markt k\u00f6nyvr\u00e9szlege! Tess\u00e9k, csak tess\u00e9k, nem kellf\u00e9lni! &nbsp; K\u00f6nyvek, amik n\u00e9lk\u00fcl lehet \u00e9lni, de nem \u00e9rdemes &nbsp; &nbsp; Stendhal &#8211; A szerelemr\u0151l (2899 ...","og_url":"https:\/\/hir.mediamarkt.hu\/magazin\/konyvet-valentin-napra-nooormalis-majd-meglatja-hogy-nagyon-is\/","og_site_name":"MediaMarkt Magazin","article_publisher":"https:\/\/www.facebook.com\/MediaMarktMagyarorszag","article_published_time":"2017-02-10T15:21:11+00:00","article_modified_time":"2018-02-27T17:01:24+00:00","og_image":[{"width":283,"height":195,"url":"https:\/\/hir.mediamarkt.hu\/magazin\/wp-content\/uploads\/2017\/02\/k\u00f6nyvek-egy\u00fctt.png","type":"image\/png"}],"author":"Media Markt","twitter_misc":{"Szerz\u0151:":"Media Markt","Becs\u00fclt olvas\u00e1si id\u0151":"7 perc"},"schema":{"@context":"https:\/\/schema.org","@graph":[{"@type":"WebPage","@id":"https:\/\/hir.mediamarkt.hu\/magazin\/konyvet-valentin-napra-nooormalis-majd-meglatja-hogy-nagyon-is\/","url":"https:\/\/hir.mediamarkt.hu\/magazin\/konyvet-valentin-napra-nooormalis-majd-meglatja-hogy-nagyon-is\/","name":"K\u00f6nyvet? Valentin-napra? Nooorm\u00e1lis? - Majd megl\u00e1tja, hogy nagyon is! - MediaMarkt Magazin","isPartOf":{"@id":"https:\/\/hir.mediamarkt.hu\/magazin\/#website"},"primaryImageOfPage":{"@id":"https:\/\/hir.mediamarkt.hu\/magazin\/konyvet-valentin-napra-nooormalis-majd-meglatja-hogy-nagyon-is\/#primaryimage"},"image":{"@id":"https:\/\/hir.mediamarkt.hu\/magazin\/konyvet-valentin-napra-nooormalis-majd-meglatja-hogy-nagyon-is\/#primaryimage"},"thumbnailUrl":"https:\/\/hir.mediamarkt.hu\/magazin\/wp-content\/uploads\/2017\/02\/k\u00f6nyvek-egy\u00fctt.png","datePublished":"2017-02-10T15:21:11+00:00","dateModified":"2018-02-27T17:01:24+00:00","author":{"@id":"https:\/\/hir.mediamarkt.hu\/magazin\/#\/schema\/person\/b93b02ec1ab4d2353f8d281e171c1b0b"},"breadcrumb":{"@id":"https:\/\/hir.mediamarkt.hu\/magazin\/konyvet-valentin-napra-nooormalis-majd-meglatja-hogy-nagyon-is\/#breadcrumb"},"inLanguage":"hu","potentialAction":[{"@type":"ReadAction","target":["https:\/\/hir.mediamarkt.hu\/magazin\/konyvet-valentin-napra-nooormalis-majd-meglatja-hogy-nagyon-is\/"]}]},{"@type":"ImageObject","inLanguage":"hu","@id":"https:\/\/hir.mediamarkt.hu\/magazin\/konyvet-valentin-napra-nooormalis-majd-meglatja-hogy-nagyon-is\/#primaryimage","url":"https:\/\/hir.mediamarkt.hu\/magazin\/wp-content\/uploads\/2017\/02\/k\u00f6nyvek-egy\u00fctt.png","contentUrl":"https:\/\/hir.mediamarkt.hu\/magazin\/wp-content\/uploads\/2017\/02\/k\u00f6nyvek-egy\u00fctt.png","width":283,"height":195},{"@type":"BreadcrumbList","@id":"https:\/\/hir.mediamarkt.hu\/magazin\/konyvet-valentin-napra-nooormalis-majd-meglatja-hogy-nagyon-is\/#breadcrumb","itemListElement":[{"@type":"ListItem","position":1,"name":"Kezd\u0151lap","item":"https:\/\/hir.mediamarkt.hu\/magazin\/"},{"@type":"ListItem","position":2,"name":"Egy\u00e9b","item":"https:\/\/hir.mediamarkt.hu\/magazin\/egyeb\/"},{"@type":"ListItem","position":3,"name":"K\u00f6nyvet? Valentin-napra? Nooorm\u00e1lis? &#8211; Majd megl\u00e1tja, hogy nagyon is!"}]},{"@type":"WebSite","@id":"https:\/\/hir.mediamarkt.hu\/magazin\/#website","url":"https:\/\/hir.mediamarkt.hu\/magazin\/","name":"MediaMarkt Magazin","description":"Olvass bele magazinunkba!","potentialAction":[{"@type":"SearchAction","target":{"@type":"EntryPoint","urlTemplate":"https:\/\/hir.mediamarkt.hu\/magazin\/?s={search_term_string}"},"query-input":"required name=search_term_string"}],"inLanguage":"hu"},{"@type":"Person","@id":"https:\/\/hir.mediamarkt.hu\/magazin\/#\/schema\/person\/b93b02ec1ab4d2353f8d281e171c1b0b","name":"Media Markt","image":{"@type":"ImageObject","inLanguage":"hu","@id":"https:\/\/hir.mediamarkt.hu\/magazin\/#\/schema\/person\/image\/","url":"https:\/\/secure.gravatar.com\/avatar\/602bccae8998beee472d01909f0978f1?s=96&d=mm&r=g","contentUrl":"https:\/\/secure.gravatar.com\/avatar\/602bccae8998beee472d01909f0978f1?s=96&d=mm&r=g","caption":"Media Markt"}}]}},"_links":{"self":[{"href":"https:\/\/hir.mediamarkt.hu\/magazin\/wp-json\/wp\/v2\/posts\/4760"}],"collection":[{"href":"https:\/\/hir.mediamarkt.hu\/magazin\/wp-json\/wp\/v2\/posts"}],"about":[{"href":"https:\/\/hir.mediamarkt.hu\/magazin\/wp-json\/wp\/v2\/types\/post"}],"author":[{"embeddable":true,"href":"https:\/\/hir.mediamarkt.hu\/magazin\/wp-json\/wp\/v2\/users\/13"}],"replies":[{"embeddable":true,"href":"https:\/\/hir.mediamarkt.hu\/magazin\/wp-json\/wp\/v2\/comments?post=4760"}],"version-history":[{"count":13,"href":"https:\/\/hir.mediamarkt.hu\/magazin\/wp-json\/wp\/v2\/posts\/4760\/revisions"}],"predecessor-version":[{"id":4784,"href":"https:\/\/hir.mediamarkt.hu\/magazin\/wp-json\/wp\/v2\/posts\/4760\/revisions\/4784"}],"wp:featuredmedia":[{"embeddable":true,"href":"https:\/\/hir.mediamarkt.hu\/magazin\/wp-json\/wp\/v2\/media\/4782"}],"wp:attachment":[{"href":"https:\/\/hir.mediamarkt.hu\/magazin\/wp-json\/wp\/v2\/media?parent=4760"}],"wp:term":[{"taxonomy":"category","embeddable":true,"href":"https:\/\/hir.mediamarkt.hu\/magazin\/wp-json\/wp\/v2\/categories?post=4760"},{"taxonomy":"post_tag","embeddable":true,"href":"https:\/\/hir.mediamarkt.hu\/magazin\/wp-json\/wp\/v2\/tags?post=4760"}],"curies":[{"name":"wp","href":"https:\/\/api.w.org\/{rel}","templated":true}]}}