{"id":4789,"date":"2017-02-20T09:17:43","date_gmt":"2017-02-20T08:17:43","guid":{"rendered":"http:\/\/hir.mediamarkt.hu\/magazin\/?p=4789"},"modified":"2018-02-27T18:00:48","modified_gmt":"2018-02-27T17:00:48","slug":"dobozba-zart-hiperurugras-ssd-kisokos-lamaknak-es-erto-fuleknek-is","status":"publish","type":"post","link":"https:\/\/hir.mediamarkt.hu\/magazin\/dobozba-zart-hiperurugras-ssd-kisokos-lamaknak-es-erto-fuleknek-is\/","title":{"rendered":"Dobozba z\u00e1rt hiper\u0171rugr\u00e1s &#8211; SSD kisokos l\u00e1m\u00e1knak \u00e9s \u00e9rt\u0151 f\u00fcleknek is!"},"content":{"rendered":"<b>Agyv\u00e9rz\u00e9s k\u00f6zeli \u00e1llapotot okoz a g\u00e9ped lass\u00fas\u00e1ga? Szeretn\u00e9l a szabadid\u0151ddel te gazd\u00e1lkodni, ahelyett, hogy a kiss\u00e9 t\u00falterhelt g\u00e9ped tenn\u00e9 ezt meg helyetted? Egy SSD k\u00e9sz\u00fcl\u00e9kkel most felturb\u00f3zhatod az otthoni, vagy ak\u00e1r a munkahelyi g\u00e9pedet is! <\/b><!--more-->\r\n\r\n<span style=\"font-weight: 400;\">Sok a k\u00e9p a gyerekr\u0151l, a macsk\u00e1r\u00f3l \u00e9s persze a haverokr\u00f3l a g\u00e9pen. Minden nyaral\u00e1sr\u00f3l van egy rak\u00e1s vide\u00f3d, mik\u00f6zben a kedvenc sorozatod r\u00e9szeit\u0151l sincs sz\u00edved megszabadulni. H\u00e1t m\u00e9g a teljes Led Zeppelin \u00e9letm\u0171 k\u00f6nyvt\u00e1rt\u00f3l! A g\u00e9p k\u00f6h\u00f6g, lassan, de biztosan izzik az eg\u00e9sz k\u00e9sz\u00fcl\u00e9k, a teljes\u00edtm\u00e9ny pedig egyre cs\u00f6kken.<\/span>\r\n\r\n<span style=\"font-weight: 400;\">Mik\u00f6zben<\/span><b> egyre gyorsabb eredm\u00e9nyt v\u00e1runk el a minket k\u00f6r\u00fclvev\u0151 k\u00fcty\u00fckt\u0151l<\/b><span style=\"font-weight: 400;\">, n\u00e9ha elfeledkez\u00fcnk r\u00f3la, hogy a g\u00e9pnek is \u201clelke\u201d van. De legal\u00e1bbis v\u00e9ges a kapacit\u00e1suk, \u00e9pp ez\u00e9rt nem \u00e1rt odafigyelni az ig\u00e9nybev\u00e9tel\u00fckre \u00e9s karbantart\u00e1sukra.<\/span>\r\n\r\n<img loading=\"lazy\" decoding=\"async\" class=\"alignleft wp-image-4792 size-large\" src=\"http:\/\/hir.mediamarkt.hu\/magazin\/wp-content\/uploads\/2017\/02\/sky-earth-space-working-1024x678.jpg\" width=\"1024\" height=\"678\" srcset=\"https:\/\/hir.mediamarkt.hu\/magazin\/wp-content\/uploads\/2017\/02\/sky-earth-space-working-1024x678.jpg 1024w, https:\/\/hir.mediamarkt.hu\/magazin\/wp-content\/uploads\/2017\/02\/sky-earth-space-working-275x182.jpg 275w, https:\/\/hir.mediamarkt.hu\/magazin\/wp-content\/uploads\/2017\/02\/sky-earth-space-working-300x199.jpg 300w, https:\/\/hir.mediamarkt.hu\/magazin\/wp-content\/uploads\/2017\/02\/sky-earth-space-working-768x509.jpg 768w, https:\/\/hir.mediamarkt.hu\/magazin\/wp-content\/uploads\/2017\/02\/sky-earth-space-working-720x477.jpg 720w, https:\/\/hir.mediamarkt.hu\/magazin\/wp-content\/uploads\/2017\/02\/sky-earth-space-working.jpg 472w\" sizes=\"(max-width: 1024px) 100vw, 1024px\" \/>\r\n\r\n<span style=\"font-weight: 400;\">Ha eleged van a v\u00e1rakoz\u00e1sb\u00f3l, a v\u00e9gtelenbe ny\u00fal\u00f3, hosszas bet\u00f6lt\u00e9sekb\u0151l, akadoz\u00e1sokb\u00f3l, nincs m\u00e1s teend\u0151d, mint<\/span><b> SSD meghajt\u00f3ra<\/b><span style=\"font-weight: 400;\"> v\u00e1ltani. <\/span><span style=\"font-weight: 400;\">Egy ilyen gusztusos kis kieg\u00e9sz\u00edt\u0151vel ugyanis felszabad\u00edthatod laptopodat, asztali g\u00e9pedet, \u00e9s \u00fajra maxim\u00e1lis fordulatsz\u00e1mon has\u00edthatsz a sz\u00e1jber t\u00e9rben!<\/span>\r\n\r\n<span style=\"font-weight: 400;\">Az SSD technol\u00f3gi\u00e1nak k\u00f6sz\u00f6nhet\u0151en m\u00e1ra <\/span><a href=\"http:\/\/www.mediamarkt.hu\/hu\/product\/_samsung-250gb-ssd-series-evo-mz-75e250b-1161596.html\"><b>250 GB-t\u00f3l<\/b><\/a><b> ak\u00e1r <\/b><a href=\"http:\/\/www.mediamarkt.hu\/hu\/product\/_samsung-1tb-850-evo-basic-2-5-sata3-ssd-mz-75e1t0b-1161598.html\"><b>1 TB<\/b><\/a><b>-ig<\/b><span style=\"font-weight: 400;\"> ny\u00fajt\u00f3zkodhatunk.<\/span><span style=\"font-weight: 400;\">\u00a0R\u00e1ad\u00e1sul a <\/span><b>RAPDID \u00fczemm\u00f3ddal<\/b><span style=\"font-weight: 400;\"> kihaszn\u00e1lhatjuk <\/span><span style=\"font-weight: 400;\">az \u00edr\u00e1si \u00e9s olvas\u00e1si teljes\u00edtm\u00e9ny minden kapacit\u00e1s\u00e1t, amikor csak sz\u00fcks\u00e9g\u00fcnk van r\u00e1. <\/span>\r\n<table>\r\n<tbody>\r\n<tr>\r\n<td><em><b>Kis SSD sz\u00f3cikk<\/b><\/em>\r\n\r\n<em><span style=\"font-weight: 400;\">Az SSD jelent\u00e9se: Solid <\/span><span style=\"font-weight: 400;\">State <\/span><span style=\"font-weight: 400;\">Drive, azaz Szil\u00e1rdtest-meghajt\u00f3. Olyan merevlemez, mely mozg\u00f3 alkatr\u00e9szek n\u00e9lk\u00fcl v\u00e9gzi feladat\u00e1t, \u00edgy csendesebb, \u00e9s j\u00f3val gyorsabb m\u0171k\u00f6d\u00e9sre k\u00e9pes. M\u00edg a hagyom\u00e1nyos HDD meghajt\u00f3k egy forg\u00f3 m\u00e1gnesezhet\u0151 lemezr\u0151l olvass\u00e1k be az adatokat, addig egy SSD a mem\u00f3riak\u00e1rty\u00e1khoz hasonl\u00f3an flash mem\u00f3ri\u00e1r\u00f3l h\u00edvja el\u0151 azokat. Ez a forradalmi \u00faj\u00edt\u00e1s magasabb szintre emelte a sz\u00e1m\u00edt\u00f3g\u00e9pes adatt\u00e1rol\u00e1st.<\/span><\/em><\/td>\r\n<\/tr>\r\n<\/tbody>\r\n<\/table>\r\n<strong>\u00c9s hogy mi\u00e9rt \u00e9ri meg ez neked? Nos, ha egy \u00e9rv nem lenne el\u00e9g, r\u00f6gt\u00f6n n\u00e9ggyel tudunk szolg\u00e1lni!<\/strong>\r\n\r\n<b>Gyorsas\u00e1g<\/b>\r\n\r\n<span style=\"font-weight: 400;\">Mivel az alkatr\u00e9szeknek nem kell a megfelel\u0151 helyre mozdulniuk, az inform\u00e1ci\u00f3k szinte azonnal, m\u00e1r a lek\u00e9r\u00e9s pillanat\u00e1ban hozz\u00e1f\u00e9rhet\u0151v\u00e9 v\u00e1lnak. Ennek k\u00f6sz\u00f6nhet\u0151en a rendszer v\u00e1rakoz\u00e1s n\u00e9lk\u00fcl \u00e1ll fel, a programok pillanatok alatt elindulnak, \u00e9s sz\u00e9lsebesen t\u00f6lt\u0151dnek be az oldalak.<\/span>\r\n\r\n<b>Alacsonyabb h\u0151m\u00e9rs\u00e9klet, kisebb energiafogyaszt\u00e1s<\/b>\r\n\r\n<span style=\"font-weight: 400;\">A s\u00farl\u00f3d\u00e1s h\u0151t termel. Ennek k\u00f6vetkezt\u00e9ben a merevlemez k\u00f6nnyed\u00e9n t\u00falmelegedhet. Ez azonban nem fordulhat el\u0151 SSD-k eset\u00e9ben, hiszen semmi sem s\u00farl\u00f3dik benn\u00fck. A h\u0171v\u00f6s m\u0171k\u00f6d\u00e9s nem csak a meghib\u00e1sod\u00e1st\u00f3l \u00f3vja a k\u00e9sz\u00fcl\u00e9ket, de kevesebb \u00e1ramfogyaszt\u00e1ssal is j\u00e1r. Ez laptopokn\u00e1l n\u00f6velheti az akkumul\u00e1tor \u00e9lettartam\u00e1t, asztali g\u00e9pn\u00e9l pedig seg\u00edt szinten tartani a rezsik\u00f6lts\u00e9geket.<\/span>\r\n\r\n<b>Kisebb meghib\u00e1sod\u00e1si ar\u00e1ny<\/b>\r\n\r\n<span style=\"font-weight: 400;\">A kevesebb alkatr\u00e9sz kev\u00e9sb\u00e9 hordozza mag\u00e1ban a meghib\u00e1sod\u00e1s lehet\u0151s\u00e9g\u00e9t, \u00edgy p\u00e9ld\u00e1ul nem melegszik t\u00fal, vagy nem kopik el. Az ellen\u00e1ll\u00f3s\u00e1g pedig nem csak a bels\u0151t jellemzi. Egy SSD remek\u00fcl b\u00edrja a k\u00fcls\u0151 behat\u00e1sokat, mint a r\u00e1zk\u00f3d\u00e1s, vagy \u00fct\u00e9s, illetve kiv\u00e1l\u00f3an m\u0171k\u00f6dik sz\u00e9ls\u0151s\u00e9gesen magas, vagy alacsony h\u0151m\u00e9rs\u00e9kleti viszonyok k\u00f6z\u00f6tt is.<\/span>\r\n\r\n<b>Halk m\u0171k\u00f6d\u00e9s<\/b>\r\n\r\n<span style=\"font-weight: 400;\">Mozg\u00f3 alkatr\u00e9szek hi\u00e1ny\u00e1ban az SSD meghajt\u00f3k csendesen dolgoznak. Mivel nincs mi z\u00f6r\u00f6gj\u00f6n, kattogjon benn\u00fck, a HDD-k eset\u00e9ben megszokott jellegzetes hanghat\u00e1soknak is b\u00facs\u00fat mondhatsz.<\/span>\r\n\r\n&nbsp;\r\n\r\n<span style=\"font-weight: 400;\">R\u00e1ad\u00e1sul <\/span><b>nincs is m\u00e1s dolgod, mint <\/b><b>elhozni hozz\u00e1nk d\u00f6c\u00f6g\u0151 k\u00e9sz\u00fcl\u00e9ked, \u00e9s <\/b><a href=\"http:\/\/www.mediamarkt.hu\/hu\/shop\/okospult-ssd.html\"><b>mi egy SSD beszerel\u00e9s\u00e9vel felgyors\u00edtjuk<\/b><\/a><b> annak sebess\u00e9g\u00e9t!<\/b><span style=\"font-weight: 400;\"> Amennyiben jogtiszta oper\u00e1ci\u00f3s rendszerrel rendelkezel, annak telep\u00edt\u00e9s\u00e9t is r\u00e1nk b\u00edzhatod, term\u00e9szetesen minden fontos adatoddal egy\u00fctt.<\/span>\r\n\r\n<span style=\"font-weight: 400;\">Ne feledd, az SSD v\u00e1s\u00e1rl\u00e1s sor\u00e1n a legfontosabb szempont, hogy <\/span><b>az eszk\u00f6z\u00f6k kompatibilisek legyenek<\/b><span style=\"font-weight: 400;\">! Itt els\u0151sorban a csatlakoz\u00f3ra \u00e9rdemes figyelni. A legelterjedtebb csatlakoz\u00f3 a SATA. Ez \u00e1ltal\u00e1ban minden k\u00e9sz\u00fcl\u00e9ken megtal\u00e1lhat\u00f3, \u00edgy biztosan nem l\u0151het\u00fcnk vele mell\u00e9. Ha azonban nem lecser\u00e9lni szeretn\u00e9nk a HDD-t, csak kieg\u00e9sz\u00edteni egy SSD merevlemezzel, akkor j\u00f3l j\u00f6het egy M.2 vagy mSATA csatlakoz\u00f3 is.<\/span>\r\n\r\n<span style=\"font-weight: 400;\">M\u00e1sik fontos tulajdons\u00e1g maga a <\/span><b>kapacit\u00e1s<\/b><span style=\"font-weight: 400;\">. Hogy kinek mekkora t\u00e1rhelyre van sz\u00fcks\u00e9ge, ig\u00e9nyt\u0151l f\u00fcgg. Min\u00e9l t\u00f6bb adatot szeretn\u00e9nk t\u00e1rolni, ann\u00e1l nagyobb mem\u00f3ri\u00e1ra lesz sz\u00fcks\u00e9g\u00fcnk. H\u00e9tk\u00f6znapi felhaszn\u00e1l\u00e1sra egy kisebb kapacit\u00e1s\u00fa SSD is megfelel\u0151, nagyobb mennyis\u00e9g\u0171 adatt\u00e1rol\u00e1shoz, illetve ig\u00e9nyesebb programok haszn\u00e1lat\u00e1hoz viszont ne sajn\u00e1ljuk a mem\u00f3ri\u00e1t!<\/span>\r\n\r\n<strong>Gyorsuln\u00e1l? Ir\u00e1ny a Media Markt okospultja! R\u00e1ad\u00e1sul, most akci\u00f3s \u00e1ron szereltetheted be! R\u00e9szletek az \u00e1ruh\u00e1zakban \u00e9s <a href=\"http:\/\/www.mediamarkt.hu\/hu\/shop\/okospult-ssd.html\">az al\u00e1bbi linken<\/a>!<\/strong>\r\n\r\n<img loading=\"lazy\" decoding=\"async\" class=\"alignleft wp-image-4793 size-full\" src=\"http:\/\/hir.mediamarkt.hu\/magazin\/wp-content\/uploads\/2017\/02\/feecms_948_x_x.png\" width=\"948\" height=\"591\" srcset=\"https:\/\/hir.mediamarkt.hu\/magazin\/wp-content\/uploads\/2017\/02\/feecms_948_x_x.png 948w, https:\/\/hir.mediamarkt.hu\/magazin\/wp-content\/uploads\/2017\/02\/feecms_948_x_x-275x171.png 275w, https:\/\/hir.mediamarkt.hu\/magazin\/wp-content\/uploads\/2017\/02\/feecms_948_x_x-300x187.png 300w, https:\/\/hir.mediamarkt.hu\/magazin\/wp-content\/uploads\/2017\/02\/feecms_948_x_x-768x479.png 768w, https:\/\/hir.mediamarkt.hu\/magazin\/wp-content\/uploads\/2017\/02\/feecms_948_x_x-720x449.png 720w\" sizes=\"(max-width: 948px) 100vw, 948px\" \/>","protected":false},"excerpt":{"rendered":"Agyv\u00e9rz\u00e9s k\u00f6zeli \u00e1llapotot okoz a g\u00e9ped lass\u00fas\u00e1ga? Szeretn\u00e9l a szabadid\u0151ddel te gazd\u00e1lkodni, ahelyett, hogy a kiss\u00e9 t\u00falterhelt g\u00e9ped tenn\u00e9 ezt meg helyetted? Egy SSD k\u00e9sz\u00fcl\u00e9kkel most felturb\u00f3zhatod az otthoni, vagy ak\u00e1r a munkahelyi g\u00e9pedet is!","protected":false},"author":13,"featured_media":4791,"comment_status":"open","ping_status":"open","sticky":false,"template":"","format":"standard","meta":{"wprm-recipe-roundup-name":"","wprm-recipe-roundup-description":"","footnotes":""},"categories":[5951],"tags":[930,2114,2129,39,2127,2123,1183,2128,176,2117],"yoast_head":"<!-- This site is optimized with the Yoast SEO plugin v22.9 - https:\/\/yoast.com\/wordpress\/plugins\/seo\/ -->\n<title>Dobozba z\u00e1rt hiper\u0171rugr\u00e1s - SSD kisokos l\u00e1m\u00e1knak \u00e9s \u00e9rt\u0151 f\u00fcleknek is! - MediaMarkt Magazin<\/title>\n<meta name=\"robots\" content=\"index, follow, max-snippet:-1, max-image-preview:large, max-video-preview:-1\" \/>\n<link rel=\"canonical\" href=\"https:\/\/hir.mediamarkt.hu\/magazin\/dobozba-zart-hiperurugras-ssd-kisokos-lamaknak-es-erto-fuleknek-is\/\" \/>\n<meta property=\"og:locale\" content=\"hu_HU\" \/>\n<meta property=\"og:type\" content=\"article\" \/>\n<meta property=\"og:title\" content=\"Dobozba z\u00e1rt hiper\u0171rugr\u00e1s - SSD kisokos l\u00e1m\u00e1knak \u00e9s \u00e9rt\u0151 f\u00fcleknek is! - MediaMarkt Magazin\" \/>\n<meta property=\"og:description\" content=\"Agyv\u00e9rz\u00e9s k\u00f6zeli \u00e1llapotot okoz a g\u00e9ped lass\u00fas\u00e1ga? Szeretn\u00e9l a szabadid\u0151ddel te gazd\u00e1lkodni, ahelyett, hogy a kiss\u00e9 t\u00falterhelt g\u00e9ped tenn\u00e9 ezt meg helyetted? Egy SSD k\u00e9sz\u00fcl\u00e9kkel most felturb\u00f3zhatod az otthoni, vagy ak\u00e1r a munkahelyi g\u00e9pedet is!\" \/>\n<meta property=\"og:url\" content=\"https:\/\/hir.mediamarkt.hu\/magazin\/dobozba-zart-hiperurugras-ssd-kisokos-lamaknak-es-erto-fuleknek-is\/\" \/>\n<meta property=\"og:site_name\" content=\"MediaMarkt Magazin\" \/>\n<meta property=\"article:publisher\" content=\"https:\/\/www.facebook.com\/MediaMarktMagyarorszag\" \/>\n<meta property=\"article:published_time\" content=\"2017-02-20T08:17:43+00:00\" \/>\n<meta property=\"article:modified_time\" content=\"2018-02-27T17:00:48+00:00\" \/>\n<meta property=\"og:image\" content=\"https:\/\/hir.mediamarkt.hu\/magazin\/wp-content\/uploads\/2017\/02\/millennium-falcon-1343464_960_720.jpg\" \/>\n\t<meta property=\"og:image:width\" content=\"400\" \/>\n\t<meta property=\"og:image:height\" content=\"193\" \/>\n\t<meta property=\"og:image:type\" content=\"image\/jpeg\" \/>\n<meta name=\"author\" content=\"Media Markt\" \/>\n<meta name=\"twitter:label1\" content=\"Szerz\u0151:\" \/>\n\t<meta name=\"twitter:data1\" content=\"Media Markt\" \/>\n\t<meta name=\"twitter:label2\" content=\"Becs\u00fclt olvas\u00e1si id\u0151\" \/>\n\t<meta name=\"twitter:data2\" content=\"5 perc\" \/>\n<script type=\"application\/ld+json\" class=\"yoast-schema-graph\">{\"@context\":\"https:\/\/schema.org\",\"@graph\":[{\"@type\":\"WebPage\",\"@id\":\"https:\/\/hir.mediamarkt.hu\/magazin\/dobozba-zart-hiperurugras-ssd-kisokos-lamaknak-es-erto-fuleknek-is\/\",\"url\":\"https:\/\/hir.mediamarkt.hu\/magazin\/dobozba-zart-hiperurugras-ssd-kisokos-lamaknak-es-erto-fuleknek-is\/\",\"name\":\"Dobozba z\u00e1rt hiper\u0171rugr\u00e1s - SSD kisokos l\u00e1m\u00e1knak \u00e9s \u00e9rt\u0151 f\u00fcleknek is! - MediaMarkt Magazin\",\"isPartOf\":{\"@id\":\"https:\/\/hir.mediamarkt.hu\/magazin\/#website\"},\"primaryImageOfPage\":{\"@id\":\"https:\/\/hir.mediamarkt.hu\/magazin\/dobozba-zart-hiperurugras-ssd-kisokos-lamaknak-es-erto-fuleknek-is\/#primaryimage\"},\"image\":{\"@id\":\"https:\/\/hir.mediamarkt.hu\/magazin\/dobozba-zart-hiperurugras-ssd-kisokos-lamaknak-es-erto-fuleknek-is\/#primaryimage\"},\"thumbnailUrl\":\"https:\/\/hir.mediamarkt.hu\/magazin\/wp-content\/uploads\/2017\/02\/millennium-falcon-1343464_960_720.jpg\",\"datePublished\":\"2017-02-20T08:17:43+00:00\",\"dateModified\":\"2018-02-27T17:00:48+00:00\",\"author\":{\"@id\":\"https:\/\/hir.mediamarkt.hu\/magazin\/#\/schema\/person\/b93b02ec1ab4d2353f8d281e171c1b0b\"},\"breadcrumb\":{\"@id\":\"https:\/\/hir.mediamarkt.hu\/magazin\/dobozba-zart-hiperurugras-ssd-kisokos-lamaknak-es-erto-fuleknek-is\/#breadcrumb\"},\"inLanguage\":\"hu\",\"potentialAction\":[{\"@type\":\"ReadAction\",\"target\":[\"https:\/\/hir.mediamarkt.hu\/magazin\/dobozba-zart-hiperurugras-ssd-kisokos-lamaknak-es-erto-fuleknek-is\/\"]}]},{\"@type\":\"ImageObject\",\"inLanguage\":\"hu\",\"@id\":\"https:\/\/hir.mediamarkt.hu\/magazin\/dobozba-zart-hiperurugras-ssd-kisokos-lamaknak-es-erto-fuleknek-is\/#primaryimage\",\"url\":\"https:\/\/hir.mediamarkt.hu\/magazin\/wp-content\/uploads\/2017\/02\/millennium-falcon-1343464_960_720.jpg\",\"contentUrl\":\"https:\/\/hir.mediamarkt.hu\/magazin\/wp-content\/uploads\/2017\/02\/millennium-falcon-1343464_960_720.jpg\",\"width\":400,\"height\":193},{\"@type\":\"BreadcrumbList\",\"@id\":\"https:\/\/hir.mediamarkt.hu\/magazin\/dobozba-zart-hiperurugras-ssd-kisokos-lamaknak-es-erto-fuleknek-is\/#breadcrumb\",\"itemListElement\":[{\"@type\":\"ListItem\",\"position\":1,\"name\":\"Kezd\u0151lap\",\"item\":\"https:\/\/hir.mediamarkt.hu\/magazin\/\"},{\"@type\":\"ListItem\",\"position\":2,\"name\":\"IT \u00e9s sz\u00e1m\u00edt\u00e1stechnika\",\"item\":\"https:\/\/hir.mediamarkt.hu\/magazin\/it-es-szamitastechnika\/\"},{\"@type\":\"ListItem\",\"position\":3,\"name\":\"Laptopok \u00e9s sz\u00e1m\u00edt\u00f3g\u00e9pek\",\"item\":\"https:\/\/hir.mediamarkt.hu\/magazin\/it-es-szamitastechnika\/laptopok-es-szamitogepek\/\"},{\"@type\":\"ListItem\",\"position\":4,\"name\":\"Dobozba z\u00e1rt hiper\u0171rugr\u00e1s &#8211; SSD kisokos l\u00e1m\u00e1knak \u00e9s \u00e9rt\u0151 f\u00fcleknek is!\"}]},{\"@type\":\"WebSite\",\"@id\":\"https:\/\/hir.mediamarkt.hu\/magazin\/#website\",\"url\":\"https:\/\/hir.mediamarkt.hu\/magazin\/\",\"name\":\"MediaMarkt Magazin\",\"description\":\"Olvass bele magazinunkba!\",\"potentialAction\":[{\"@type\":\"SearchAction\",\"target\":{\"@type\":\"EntryPoint\",\"urlTemplate\":\"https:\/\/hir.mediamarkt.hu\/magazin\/?s={search_term_string}\"},\"query-input\":\"required name=search_term_string\"}],\"inLanguage\":\"hu\"},{\"@type\":\"Person\",\"@id\":\"https:\/\/hir.mediamarkt.hu\/magazin\/#\/schema\/person\/b93b02ec1ab4d2353f8d281e171c1b0b\",\"name\":\"Media Markt\",\"image\":{\"@type\":\"ImageObject\",\"inLanguage\":\"hu\",\"@id\":\"https:\/\/hir.mediamarkt.hu\/magazin\/#\/schema\/person\/image\/\",\"url\":\"https:\/\/secure.gravatar.com\/avatar\/602bccae8998beee472d01909f0978f1?s=96&d=mm&r=g\",\"contentUrl\":\"https:\/\/secure.gravatar.com\/avatar\/602bccae8998beee472d01909f0978f1?s=96&d=mm&r=g\",\"caption\":\"Media Markt\"}}]}<\/script>\n<!-- \/ Yoast SEO plugin. -->","yoast_head_json":{"title":"Dobozba z\u00e1rt hiper\u0171rugr\u00e1s - SSD kisokos l\u00e1m\u00e1knak \u00e9s \u00e9rt\u0151 f\u00fcleknek is! - MediaMarkt Magazin","robots":{"index":"index","follow":"follow","max-snippet":"max-snippet:-1","max-image-preview":"max-image-preview:large","max-video-preview":"max-video-preview:-1"},"canonical":"https:\/\/hir.mediamarkt.hu\/magazin\/dobozba-zart-hiperurugras-ssd-kisokos-lamaknak-es-erto-fuleknek-is\/","og_locale":"hu_HU","og_type":"article","og_title":"Dobozba z\u00e1rt hiper\u0171rugr\u00e1s - SSD kisokos l\u00e1m\u00e1knak \u00e9s \u00e9rt\u0151 f\u00fcleknek is! - MediaMarkt Magazin","og_description":"Agyv\u00e9rz\u00e9s k\u00f6zeli \u00e1llapotot okoz a g\u00e9ped lass\u00fas\u00e1ga? Szeretn\u00e9l a szabadid\u0151ddel te gazd\u00e1lkodni, ahelyett, hogy a kiss\u00e9 t\u00falterhelt g\u00e9ped tenn\u00e9 ezt meg helyetted? Egy SSD k\u00e9sz\u00fcl\u00e9kkel most felturb\u00f3zhatod az otthoni, vagy ak\u00e1r a munkahelyi g\u00e9pedet is!","og_url":"https:\/\/hir.mediamarkt.hu\/magazin\/dobozba-zart-hiperurugras-ssd-kisokos-lamaknak-es-erto-fuleknek-is\/","og_site_name":"MediaMarkt Magazin","article_publisher":"https:\/\/www.facebook.com\/MediaMarktMagyarorszag","article_published_time":"2017-02-20T08:17:43+00:00","article_modified_time":"2018-02-27T17:00:48+00:00","og_image":[{"width":400,"height":193,"url":"https:\/\/hir.mediamarkt.hu\/magazin\/wp-content\/uploads\/2017\/02\/millennium-falcon-1343464_960_720.jpg","type":"image\/jpeg"}],"author":"Media Markt","twitter_misc":{"Szerz\u0151:":"Media Markt","Becs\u00fclt olvas\u00e1si id\u0151":"5 perc"},"schema":{"@context":"https:\/\/schema.org","@graph":[{"@type":"WebPage","@id":"https:\/\/hir.mediamarkt.hu\/magazin\/dobozba-zart-hiperurugras-ssd-kisokos-lamaknak-es-erto-fuleknek-is\/","url":"https:\/\/hir.mediamarkt.hu\/magazin\/dobozba-zart-hiperurugras-ssd-kisokos-lamaknak-es-erto-fuleknek-is\/","name":"Dobozba z\u00e1rt hiper\u0171rugr\u00e1s - SSD kisokos l\u00e1m\u00e1knak \u00e9s \u00e9rt\u0151 f\u00fcleknek is! - MediaMarkt Magazin","isPartOf":{"@id":"https:\/\/hir.mediamarkt.hu\/magazin\/#website"},"primaryImageOfPage":{"@id":"https:\/\/hir.mediamarkt.hu\/magazin\/dobozba-zart-hiperurugras-ssd-kisokos-lamaknak-es-erto-fuleknek-is\/#primaryimage"},"image":{"@id":"https:\/\/hir.mediamarkt.hu\/magazin\/dobozba-zart-hiperurugras-ssd-kisokos-lamaknak-es-erto-fuleknek-is\/#primaryimage"},"thumbnailUrl":"https:\/\/hir.mediamarkt.hu\/magazin\/wp-content\/uploads\/2017\/02\/millennium-falcon-1343464_960_720.jpg","datePublished":"2017-02-20T08:17:43+00:00","dateModified":"2018-02-27T17:00:48+00:00","author":{"@id":"https:\/\/hir.mediamarkt.hu\/magazin\/#\/schema\/person\/b93b02ec1ab4d2353f8d281e171c1b0b"},"breadcrumb":{"@id":"https:\/\/hir.mediamarkt.hu\/magazin\/dobozba-zart-hiperurugras-ssd-kisokos-lamaknak-es-erto-fuleknek-is\/#breadcrumb"},"inLanguage":"hu","potentialAction":[{"@type":"ReadAction","target":["https:\/\/hir.mediamarkt.hu\/magazin\/dobozba-zart-hiperurugras-ssd-kisokos-lamaknak-es-erto-fuleknek-is\/"]}]},{"@type":"ImageObject","inLanguage":"hu","@id":"https:\/\/hir.mediamarkt.hu\/magazin\/dobozba-zart-hiperurugras-ssd-kisokos-lamaknak-es-erto-fuleknek-is\/#primaryimage","url":"https:\/\/hir.mediamarkt.hu\/magazin\/wp-content\/uploads\/2017\/02\/millennium-falcon-1343464_960_720.jpg","contentUrl":"https:\/\/hir.mediamarkt.hu\/magazin\/wp-content\/uploads\/2017\/02\/millennium-falcon-1343464_960_720.jpg","width":400,"height":193},{"@type":"BreadcrumbList","@id":"https:\/\/hir.mediamarkt.hu\/magazin\/dobozba-zart-hiperurugras-ssd-kisokos-lamaknak-es-erto-fuleknek-is\/#breadcrumb","itemListElement":[{"@type":"ListItem","position":1,"name":"Kezd\u0151lap","item":"https:\/\/hir.mediamarkt.hu\/magazin\/"},{"@type":"ListItem","position":2,"name":"IT \u00e9s sz\u00e1m\u00edt\u00e1stechnika","item":"https:\/\/hir.mediamarkt.hu\/magazin\/it-es-szamitastechnika\/"},{"@type":"ListItem","position":3,"name":"Laptopok \u00e9s sz\u00e1m\u00edt\u00f3g\u00e9pek","item":"https:\/\/hir.mediamarkt.hu\/magazin\/it-es-szamitastechnika\/laptopok-es-szamitogepek\/"},{"@type":"ListItem","position":4,"name":"Dobozba z\u00e1rt hiper\u0171rugr\u00e1s &#8211; SSD kisokos l\u00e1m\u00e1knak \u00e9s \u00e9rt\u0151 f\u00fcleknek is!"}]},{"@type":"WebSite","@id":"https:\/\/hir.mediamarkt.hu\/magazin\/#website","url":"https:\/\/hir.mediamarkt.hu\/magazin\/","name":"MediaMarkt Magazin","description":"Olvass bele magazinunkba!","potentialAction":[{"@type":"SearchAction","target":{"@type":"EntryPoint","urlTemplate":"https:\/\/hir.mediamarkt.hu\/magazin\/?s={search_term_string}"},"query-input":"required name=search_term_string"}],"inLanguage":"hu"},{"@type":"Person","@id":"https:\/\/hir.mediamarkt.hu\/magazin\/#\/schema\/person\/b93b02ec1ab4d2353f8d281e171c1b0b","name":"Media Markt","image":{"@type":"ImageObject","inLanguage":"hu","@id":"https:\/\/hir.mediamarkt.hu\/magazin\/#\/schema\/person\/image\/","url":"https:\/\/secure.gravatar.com\/avatar\/602bccae8998beee472d01909f0978f1?s=96&d=mm&r=g","contentUrl":"https:\/\/secure.gravatar.com\/avatar\/602bccae8998beee472d01909f0978f1?s=96&d=mm&r=g","caption":"Media Markt"}}]}},"_links":{"self":[{"href":"https:\/\/hir.mediamarkt.hu\/magazin\/wp-json\/wp\/v2\/posts\/4789"}],"collection":[{"href":"https:\/\/hir.mediamarkt.hu\/magazin\/wp-json\/wp\/v2\/posts"}],"about":[{"href":"https:\/\/hir.mediamarkt.hu\/magazin\/wp-json\/wp\/v2\/types\/post"}],"author":[{"embeddable":true,"href":"https:\/\/hir.mediamarkt.hu\/magazin\/wp-json\/wp\/v2\/users\/13"}],"replies":[{"embeddable":true,"href":"https:\/\/hir.mediamarkt.hu\/magazin\/wp-json\/wp\/v2\/comments?post=4789"}],"version-history":[{"count":2,"href":"https:\/\/hir.mediamarkt.hu\/magazin\/wp-json\/wp\/v2\/posts\/4789\/revisions"}],"predecessor-version":[{"id":4796,"href":"https:\/\/hir.mediamarkt.hu\/magazin\/wp-json\/wp\/v2\/posts\/4789\/revisions\/4796"}],"wp:featuredmedia":[{"embeddable":true,"href":"https:\/\/hir.mediamarkt.hu\/magazin\/wp-json\/wp\/v2\/media\/4791"}],"wp:attachment":[{"href":"https:\/\/hir.mediamarkt.hu\/magazin\/wp-json\/wp\/v2\/media?parent=4789"}],"wp:term":[{"taxonomy":"category","embeddable":true,"href":"https:\/\/hir.mediamarkt.hu\/magazin\/wp-json\/wp\/v2\/categories?post=4789"},{"taxonomy":"post_tag","embeddable":true,"href":"https:\/\/hir.mediamarkt.hu\/magazin\/wp-json\/wp\/v2\/tags?post=4789"}],"curies":[{"name":"wp","href":"https:\/\/api.w.org\/{rel}","templated":true}]}}