{"id":49,"date":"2013-08-23T00:00:00","date_gmt":"2013-08-23T00:00:00","guid":{"rendered":""},"modified":"-0001-11-30T00:00:00","modified_gmt":"-0001-11-29T23:00:00","slug":"sony-vaio-pro-13-dobbenet","status":"publish","type":"post","link":"https:\/\/hir.mediamarkt.hu\/magazin\/sony-vaio-pro-13-dobbenet\/","title":{"rendered":"Sony VAIO Pro 13, d\u00f6bbenet!"},"content":{"rendered":"<div>  \t  \t<p><b>A Sony VAIO notebookjai sosem a megszokott, unalmas dolgokr\u00f3l voltak ismertek, de k\u00f6zben sz\u00e9pen feln\u0151tt a konkurencia is. Most azonban ism\u00e9t villantott a jap\u00e1n c\u00e9g a VAIO Proval.<\/b><\/p>      \t<br>     \t<center><img src='http:\/\/hir.mediamarkt.hu\/magazin\/images\/0823_01.png' border='0' alt='' \/>     \t   \t   \t   \t   \t   \t   \t<br>  \t<\/center>      <p>      \u00c9rtelmezz\u00fck a nevet, hogy meg\u00e9rts\u00fck hova poz\u00edcion\u00e1lja a Sony a notebookot. A VAIO r\u00e9sz ugye nem ig\u00e9nyel magyar\u00e1zatot, a Pro sz\u00f3csk\u00e1b\u00f3l pedig nem felt\u00e9tlen\u00fcl egy als\u00f3k\u00f6z\u00e9pkateg\u00f3ri\u00e1s tucatnoti jut az esz\u00fcnkbe, m\u00edg a 13 egyszer\u0171en a m\u00e9ret: 13.3 col a k\u00e9p\u00e1tl\u00f3. Mindehhez csatlakozik egy 380.000 forintos \u00e1rc\u00e9dula, \u00edgy m\u00e1r gondolom mindenki biztos abban, hogy valamit tudnia kell ennyi p\u00e9nz\u00e9rt. \u00c9s k\u00e9rem, tud! De ne szaladjunk ennyire el\u0151re. Kezdj\u00fck egy kicsit t\u00e1volabbr\u00f3l a dolgot.     <\/p>    \t<br>     \t<center><img src='http:\/\/hir.mediamarkt.hu\/magazin\/images\/0823_02.png' border='0' alt='' \/>     \t   \t   \t   \t   \t   \t   \t<br>  \t<\/center>       <p>      A VAIO notebookok mindig is kiemelt szerepet kaptak a c\u00e9g \u00e9let\u00e9ben, de 2-3 \u00e9vvel ezel\u0151tt mintha kifulladt volna a dolog. M\u00e1r voltak a piacon j\u00f3csk\u00e1n (a nagy h\u00e9vvel t\u00f6rekv\u0151 \u00faj c\u00e9gek, nem csak a patin\u00e1s m\u00e1rk\u00e1k term\u00e9kei k\u00f6z\u00f6tt is) olyan g\u00e9pek, amik azon t\u00fal, hogy sz\u00e9pek voltak, m\u0171szakilag is kifog\u00e1stalan, r\u00e1ad\u00e1sul zseni\u00e1lis megold\u00e1sokat vonultattak fel, el\u00e9g csak a Samsung Series 9, AsusZenbook, vagy a LenovoThinkPad X1 g\u00e9peket megeml\u00edteni, \u00edgy a Sonynak m\u00e1r t\u00f6bb kellett. \u00c9s kicsit az volt a szakma \u00e9rz\u00e9se, hogy pont ez a &#8222;kicsi&#8221; nem lesz meg a jap\u00e1n c\u00e9gnek. Azt\u00e1n 2010-2011 k\u00f6r\u00fcl meg\u00e9rkezett a felfriss\u00edtett S sorozat \u00e9s nem kellett tov\u00e1bb f\u00e9lteni a VAIO term\u00e9keket. F\u00e9lre\u00e9rt\u00e9s ne ess\u00e9k, technikailag semmi kiemelked\u0151 nem volt az akkori S sz\u00e9ria g\u00e9peiben, de l\u00e1tszott, hogy a m\u00e9rn\u00f6ki tal\u00e1l\u00e9konys\u00e1g elb\u00e1nik m\u00e9g a diz\u00e1jnerekkel is, hiszen elk\u00e9peszt\u0151en gy\u00f6ny\u00f6r\u0171 g\u00e9peket kaptunk, apr\u00f3, de nagyon okos \u00e9s fontos megold\u00e1sokkal, amiket a t\u00f6bbi gy\u00e1rt\u00f3n\u00e1l esetleg keresni kellett. A recept egyszer\u0171 volt: egy v\u00e9kony \u00fczleti g\u00e9pbe nem kell i7-es atomreaktor teljes\u00edtm\u00e9ny\u0171 processzor, de nem baj, ha a lehet\u0151 legjobb min\u0151s\u00e9g\u0171 anyagokb\u00f3l rakj\u00e1k a g\u00e9pet \u00f6ssze \u00e9s mondjuk 15 colon hadd b\u00e1muljanak m\u00e1r a tulajok FullHD felbont\u00e1s\u00fa IPS k\u00e9perny\u0151ket. Persze itt is voltak gondok, az els\u0151 S sz\u00e9ria h\u0171t\u00e9se finoman sz\u00f3lva sem volt t\u00f6k\u00e9letes, voltak apr\u00f3bb gondok m\u00e1s t\u00e9ren is, de a friss\u00edtett modellek mind jobbak \u00e9s jobbak lettek, megtartva az el\u0151d\u00f6k j\u00f3 tulajdons\u00e1gait \u00e9s csak azon csiszolt, jav\u00edtott a Sony, amin kellett \u00e9s nem ny\u00falt semmihez, ami m\u0171k\u00f6d\u00f6tt. A cs\u00facsmodell m\u00e1r j\u00f3 ideje a Z sz\u00e9ria, melynek legfrissebb vari\u00e1nsa a minimalista \u00e9s brut\u00e1lisan szigor\u00fa k\u00fcls\u0151 mellett az elk\u00e9peszt\u0151 m\u00e9rn\u00f6ki tal\u00e1l\u00e9konys\u00e1g egyik remek p\u00e9ld\u00e1ja. Az \u00e9szbont\u00f3an dr\u00e1ga g\u00e9phez ugyanis egy diz\u00e1jnban t\u00f6k\u00e9letesen passzol\u00f3 k\u00fcls\u0151 Blu-ray dokkol\u00f3 is j\u00e1r, amiben egy korrekt videok\u00e1rtya is helyet kapott, \u00edgy ak\u00e1r (ha nem is hardcore) j\u00e1t\u00e9kra is alkalmas az exkluz\u00edvg\u00e9p. Most pedig itt a VAIO Pro, ami majdnem ugyanazt tudja, mint a Z, csak j\u00f3val kevesebb mint a fel\u00e9be ker\u00fcl.     <\/p>    \t<br>     \t<center><img src='http:\/\/hir.mediamarkt.hu\/magazin\/images\/0823_03.png' border='0' alt='' \/>     \t   \t   \t   \t   \t   \t   \t<br>  \t<\/center>       <p>      A dobozb\u00f3l kiv\u00e9ve a legels\u0151, ami mellbe v\u00e1g, a Pro t\u00f6mege. Az ugyanis gyakorlatilag nincs. Hivatalosan 1.06 kg a g\u00e9p, ami a 13 colos kateg\u00f3ri\u00e1ba abszol\u00fat bajnok, hiszen egy egyszer\u0171bb, 10 colos tablet is tud 750-800 gramm lenni. Egyszer\u0171en hihetetlen \u00e9rz\u00e9s k\u00e9t ujjal k\u00f6nnyed\u00e9n tartani a Prot. Term\u00e9szetesen a pillek\u00f6nny\u0171s\u00e9gnek megvan a h\u00e1tr\u00e1nya is, hiszen hi\u00e1ba a speci\u00e1lis sz\u00e9nsz\u00e1las burkolat, bizony a g\u00e9p hajlik, ami els\u0151re ijeszt\u0151en hangzik, de nem tudjuk jobb h\u00edj\u00e1n megfogalmazni: mindezt eleg\u00e1nsan teszi. Ha egy hasonlattal kellene \u00e9ln\u00fcnk, akkor a Pro olyan, mint egy jap\u00e1n penge, ami hajlik \u00e9s rugalmas ugyan, de ett\u0151l csak m\u00e9g ink\u00e1bb professzion\u00e1lisnak \u00e9rezz\u00fck az eg\u00e9szet. Az \u00f6sszeszerel\u00e9si min\u0151s\u00e9g, a rugalmass\u00e1g ellen\u00e9re kiv\u00e1l\u00f3 \u00e9s szinte az az \u00e9rz\u00e9s\u00fcnk, hogy sz\u00e1nd\u00e9kos a klaviat\u00fara \u00e9s a fedlap rug\u00f3z\u00e1sa. Ha m\u00e1r klaviat\u00fara. A szigetes kialak\u00edt\u00e1s\u00fa billenty\u0171zet \u00e1ll\u00edthat\u00f3 f\u00e9nyerej\u0171 h\u00e1tt\u00e9rvil\u00e1g\u00edt\u00e1st kapott \u00e9s olyan igaz\u00e1n Ultrabookos, vagyis r\u00f6vid \u00faton, kiss\u00e9 kopog\u00f3san j\u00e1r, de ez eg\u00e9sz egyszer\u0171en az extr\u00e9m v\u00e9kony notebookok (Ultrabookok) saj\u00e1toss\u00e1ga, hiszen fizikai k\u00e9ptelens\u00e9g norm\u00e1lis billenty\u0171\u00fattal rendelkez\u0151 klaviat\u00far\u00e1t passz\u00edrozni egy ilyen penge v\u00e9kony h\u00e1zba. A klaviat\u00fara k\u00f6rny\u00e9ke matt fel\u00fcletet kapott, amin kev\u00e9sb\u00e9 l\u00e1tszanak az ujjlenyomatok \u00e9s b\u00e1r az is fekete, megt\u00f6ri a bels\u0151 egyhang\u00fas\u00e1g\u00e1t. A touchpad m\u00e9retes darab \u00e9s term\u00e9szetesen tudja a Windows 8 \u00f6sszes t\u00f6bbujjas gesztus\u00e1t, \u00edgy zoomolhatunk az ujjaink csippent\u00e9s\u00e9vel, vagy g\u00f6rgethet\u00fcnk a weboldalakon stb. Atouchpadetazonban keveset fogjuk haszn\u00e1lni, hiszen a 13.3 colos, FullHD felbont\u00e1s\u00fa IPS kijelz\u0151t ak\u00e1r 10 ujjal is tapogathatjuk, \u00edgy haszn\u00e1lva ki a legfrissebb redmondi oper\u00e1ci\u00f3s rendszer minden el\u0151ny\u00e9t.     <\/p>           \t<br>     \t<center><img src='http:\/\/hir.mediamarkt.hu\/magazin\/images\/0823_04.png' border='0' alt='' \/>     \t   \t   \t   \t   \t   \t   \t<br>  \t<\/center>       <p>      \u00c9s ha m\u00e1r a kijelz\u0151ig jutottunk, akkor meg kell jegyezn\u00fcnk, hogy ez az egyik leggy\u00f6ny\u00f6r\u0171bb IPS kijelz\u0151, amit az ut\u00f3bbi id\u0151ben notebookban l\u00e1ttunk, \u00edgy ezen a t\u00e9ren is maxim\u00e1lis dics\u00e9ret illettei a Sony m\u00e9rn\u00f6keit. Csatlakoz\u00f3k szempontj\u00e1b\u00f3l a Pro azt hozza, amit az Ultrabook kateg\u00f3ri\u00e1ban elv\u00e1rhatunk. Balr\u00f3l jobbra haladva kapunk egy t\u00e1pcsatlakoz\u00f3t, egy k\u00e1rtyaolvas\u00f3t, egy 3.5 mm-es fejhallgat\u00f3\/mikrofon csatlakoz\u00f3t k\u00e9t USB 3.0-\u00e1s portot \u00e9s egy HDMI \u201ekaput\u201d, ha k\u00fcls\u0151 monitorra kapcsoln\u00e1nk a g\u00e9pet. Ami els\u0151re hi\u00e1ny\u00e9rzetet kelthet benn\u00fcnk (azon t\u00fal, hogy legal\u00e1bb m\u00e9g egy USB portot elviselt\u00fcnk volna) az a LAN csatlakoz\u00f3 hi\u00e1nya, ami eg\u00e9sz egyszer\u0171en nem f\u00e9rt volna el a g\u00e9ph\u00e1zban, \u00edgy a Sony egy zseni\u00e1lis h\u00faz\u00e1ssal a k\u00e9sz\u00fcl\u00e9k apr\u00f3 t\u00e1pj\u00e1hoz tervezte ezt a sok helyen (pl. hotelekben, konferenciatermekben, k\u00f6z\u00f6ss\u00e9gi irod\u00e1kban stb.) elengedhetetlen csatlakoz\u00f3t.     <\/p>           \t<br>     \t<center><img src='http:\/\/hir.mediamarkt.hu\/magazin\/images\/0823_05.png' border='0' alt='' \/>     \t   \t   \t   \t   \t   \t   \t<br>  \t<\/center>       <p>      Pontosabban kapunk egy apr\u00f3 WiFiroutert, ami t\u00f6k\u00e9letesen passzol a t\u00e1phoz \u00e9s az azon tal\u00e1lhat\u00f3 USB portonkereszt\u00fcl kap \u00e1ramot, \u00edgy a LAN k\u00e1belt a kis routerbe dugva m\u00e1ris 5 k\u00e9sz\u00fcl\u00e9ken oszthatjuk meg az addig vezet\u00e9kes netet. Par\u00e1d\u00e9! Ha nem haszn\u00e1ljuk a routert, akkor term\u00e9szetesen a t\u00e1pon tal\u00e1lhat\u00f3 USB seg\u00edts\u00e9g\u00e9vel t\u00f6lthetj\u00fck telefonunkat, tablet\u00fcnket, vagy b\u00e1rmilyen eszk\u00f6zt, ami USB t\u00e1pell\u00e1t\u00e1st ig\u00e9nyel, r\u00e1ad\u00e1sul, ha csak t\u00f6lten\u00e9nk egy eszk\u00f6zt, akkor nem kell haszn\u00e1lnunk az adat\u00e1tviteli sebess\u00e9g szempontj\u00e1b\u00f3l oly \u00e9rt\u00e9kes USB 3.0-\u00e1s portokat a g\u00e9pben.Term\u00e9szetesen nem csak WiFi, de Bluetooth (4.0-\u00e1s verzi\u00f3) modul is helyet kapott a g\u00e9ph\u00e1zban, r\u00e1ad\u00e1sul ezt a Sony megfejelte egy NFCcsippel, \u00edgy p\u00e9ld\u00e1ul a megfelel\u0151 telefont, headsetet, hangsz\u00f3r\u00f3t egy \u00e9rint\u00e9ssel p\u00e1ros\u00edthatjuk a notebookal. Hogy a Pro m\u00e9g ink\u00e1bb \u00fczleti maradjon, a dobozban szint\u00e9n megtal\u00e1lhat\u00f3 egy HDMI-VGA \u00e1talak\u00edt\u00f3, hiszen rengeteg irod\u00e1ban, t\u00e1rgyal\u00f3ban m\u00e9g VGA csatlakoz\u00e1s\u00fa projektorok vannak, \u00edgy ezzel sem lesz gondunk.     <\/p>           \t<br>     \t<center><img src='http:\/\/hir.mediamarkt.hu\/magazin\/images\/0823_06.png' border='0' alt='' \/>     \t   \t   \t   \t   \t   \t   \t<br>  \t<\/center>       <p>      Amennyire nem h\u00e9tk\u00f6znapi a Sony VAIO Pro k\u00fclseje \u00e9s apr\u00f3 megold\u00e1sai, olyannyira \u00e1tlagos a belbecs. \u00c1tlagos, de nem rossz. S\u0151t! Itt is pontosan az l\u00e1tszik, hogy a Sony t\u00f6k\u00e9letesen felm\u00e9rte, hogy kiknek sz\u00e1nja a g\u00e9pet \u00e9s az energiaig\u00e9nyes \u00e9s t\u00falz\u00f3 i7-es processzor helyett, egy igaz\u00e1n bar\u00e1ts\u00e1gos teljes\u00edtm\u00e9ny\u0171 i5-\u00f6s processzort (1.6GHz-2.6GHz sebess\u00e9ggel) kapunk, ami b\u0151s\u00e9ggel elegend\u0151 b\u00e1rmely sokat utaz\u00f3, prezent\u00e1l\u00f3, t\u00e1rgyal\u00f3 \u00fczletembernek, \u00fczletasszonynak. K\u00e9t kritik\u00e1t kell megfogalmaznunk a hardverrel kapcsolatban, m\u00e9gpedig az egyik, hogy egy ilyen \u00e1rkateg\u00f3ri\u00e1j\u00fa g\u00e9pn\u00e9l a 4GB RAM m\u00e1r kiss\u00e9 kev\u00e9s (nem a teljes\u00edtm\u00e9ny, ink\u00e1bb az \u00e1rc\u00e9dula miatt), a 128GB-os Toshiba SSD pedig szint\u00e9n karcs\u00fa. Sim\u00e1n elb\u00edrna a Pro egy 250GB k\u00f6r\u00fcli flash h\u00e1tt\u00e9rt\u00e1rat, hiszen \u00edgy hamar kifogyhatunk a t\u00e1rhelyb\u0151l, b\u00e1r a 3.0-\u00e1s USB port seg\u00edts\u00e9g\u00e9vel gyakorlatilag b\u00e1rmekkora k\u00fcls\u0151 h\u00e1tt\u00e9rt\u00e1rat haszn\u00e1lhatunk, de az\u00e9rt az m\u00e9giscsak plusz egy eszk\u00f6z, ami a t\u00e1sk\u00e1nkban kell legyen.     <\/p>           \t<br>     \t<center><img src='http:\/\/hir.mediamarkt.hu\/magazin\/images\/0823_07.png' border='0' alt='' \/>     \t   \t   \t   \t   \t   \t   \t<br>  \t<\/center>       <p>      A teljes\u00edtm\u00e9ny teh\u00e1t rendben van, a kijelz\u0151nk remek, a g\u00e9p\u00fcnk k\u00fcl\u00f6nleges, akkor biztosan ott v\u00e9rzik el a Pro, ahol a v\u00e9kony g\u00e9pek elszoktak. Melegszik, hangos \u00e9s nem annyira j\u00f3 az akkuideje. Nos, nem. 100%-os terhel\u00e9s mellett ugyanis maximum 76 fokra siker\u00fclt \u201efelf\u0171teni\u201d a processzort (az SSD max 37 fokos volt!), mindek\u00f6zben ugyan nem volt hangtalan a g\u00e9p, de egy\u00e1ltal\u00e1n nem volt zavar\u00f3 a hangja, hiszen mindek\u00f6zben \u201etajt\u00e9kzott\u201d az i5-\u00f6s processzor. Ez eg\u00e9szen kiv\u00e1l\u00f3 eredm\u00e9ny, mind a h\u0151m\u00e9rs\u00e9klet, mind pedig a zaj szempontj\u00e1b\u00f3l, kev\u00e9s Ultrabook tud ilyen remek \u00e9rt\u00e9keket produk\u00e1lni. Akkor m\u00e1r csak az akkuba lehet belek\u00f6tni, de sajnos (szerencs\u00e9re) nem fog siker\u00fclni, hiszen a Sony 8 \u00f3r\u00e1s \u00fczemid\u0151t \u00edg\u00e9r (\u00e1tlagos haszn\u00e1lat mellett), amit a k\u00f6zel 6 \u00f3r\u00e1s, teljes f\u00e9nyer\u0151n fut\u00f3 FullHD filmn\u00e9z\u00e9s igazolni l\u00e1tszik. R\u00e1ad\u00e1sul a Prohoz is megv\u00e1s\u00e1rolhat\u00f3 a Sony un. Sheet akkuja, amit a notebook alj\u00e1ra csatlakoztatva 13 \u00f3r\u00e1ra n\u0151 az akkuid\u0151, b\u00e1r szerint\u00fcnk a be\u00e9p\u00edtett 8 \u00f3ra is b\u0151ven elegend\u0151.     <\/p>        \t<br>     \t<center><img src='http:\/\/hir.mediamarkt.hu\/magazin\/images\/0823_08.png' border='0' alt='' \/>     \t   \t   \t   \t   \t   \t   \t<br>  \t<\/center>       <p>      Nem biztos, hogy mindenkinek megfelel a Sony VAIO Pro, de aki egy extra k\u00f6nny\u0171 \u00e9rint\u00e9s\u00e9rz\u00e9keny k\u00e9perny\u0151vel szerelt, hossz\u00fa akkuidej\u0171 notebookot keres, nem nagyon tal\u00e1l olcs\u00f3bban jobbat!     <\/p>    <p>     Forr\u00e1s: Media Markt Magyarorsz\u00e1g  <\/p>    <!-- FB HSZ -->    \t<div id=\"fb-root\"><\/div>  \t<script>  \t(function(d, s, id) {  \t  var js, fjs = d.getElementsByTagName(s)[0];  \t  if (d.getElementById(id)) return;  \t  js = d.createElement(s); js.id = id;  \t  js.src = \"http:\/\/connect.facebook.net\/hu_HU\/all.js#xfbml=1&appId=282207548525345\";  \t  fjs.parentNode.insertBefore(js, fjs);  \t}(document, 'script', 'facebook-jssdk'));  \t  \t<\/script>  \t  <\/div><div class='fb-comments' data-href='http:\/\/hir.mediamarkt.hu\/magazin\/Sony_VAIO_Pro_13_dobbenet' data-num-posts='10' data-width='515'><\/div>","protected":false},"excerpt":{"rendered":"A Sony VAIO notebookjai sosem a megszokott, unalmas dolgokr\u00f3l voltak ismertek, de k\u00f6zben sz\u00e9pen feln\u0151tt a konkurencia is. Most azonban ism\u00e9t villantott a jap\u00e1n c\u00e9g a VAIO Proval. \u00c9rtelmezz\u00fck a nevet, hogy meg\u00e9rts\u00fck hova poz\u00edcion\u00e1lja a Sony a notebookot. A VAIO r\u00e9sz ugye nem ig\u00e9nyel magyar\u00e1zatot, a Pro sz\u00f3csk\u00e1b\u00f3l pedig nem felt\u00e9tlen\u00fcl egy als\u00f3k\u00f6z\u00e9pkateg\u00f3ri\u00e1s tucatnoti jut az esz\u00fcnkbe, m\u00edg a 13 egyszer\u0171en a m\u00e9ret: 13.3 col a k\u00e9p\u00e1tl\u00f3. Mindehhez csatlakozik egy 380.000 forintos \u00e1rc\u00e9dula, \u00edgy m\u00e1r gondolom mindenki biztos abban, hogy valamit tudnia kell ennyi p\u00e9nz\u00e9rt. \u00c9s k\u00e9rem, tud! De ne szaladjunk ennyire el\u0151re. Kezdj\u00fck egy kicsit t\u00e1volabbr\u00f3l a dolgot. A VAIO notebookok mindig is kiemelt szerepet kaptak a c\u00e9g \u00e9let\u00e9ben, de 2-3 \u00e9vvel ezel\u0151tt mintha kifulladt volna a dolog. &#8230;","protected":false},"author":1,"featured_media":38,"comment_status":"open","ping_status":"open","sticky":false,"template":"","format":"image","meta":{"wprm-recipe-roundup-name":"","wprm-recipe-roundup-description":"","footnotes":""},"categories":[1],"tags":[],"yoast_head":"<!-- This site is optimized with the Yoast SEO plugin v22.9 - https:\/\/yoast.com\/wordpress\/plugins\/seo\/ -->\n<title>Sony VAIO Pro 13, d\u00f6bbenet! - MediaMarkt Magazin<\/title>\n<meta name=\"description\" content=\"IT asdij aoidjaoisjd oaisjd ojid aosjd oasjd\" \/>\n<meta name=\"robots\" content=\"index, follow, max-snippet:-1, max-image-preview:large, max-video-preview:-1\" \/>\n<link rel=\"canonical\" href=\"https:\/\/hir.mediamarkt.hu\/magazin\/sony-vaio-pro-13-dobbenet\/\" \/>\n<meta property=\"og:locale\" content=\"hu_HU\" \/>\n<meta property=\"og:type\" content=\"article\" \/>\n<meta property=\"og:title\" content=\"Sony VAIO Pro 13, d\u00f6bbenet! - MediaMarkt Magazin\" \/>\n<meta property=\"og:description\" content=\"IT asdij aoidjaoisjd oaisjd ojid aosjd oasjd\" \/>\n<meta property=\"og:url\" content=\"https:\/\/hir.mediamarkt.hu\/magazin\/sony-vaio-pro-13-dobbenet\/\" \/>\n<meta property=\"og:site_name\" content=\"MediaMarkt Magazin\" \/>\n<meta property=\"article:publisher\" content=\"https:\/\/www.facebook.com\/MediaMarktMagyarorszag\" \/>\n<meta property=\"article:published_time\" content=\"2013-08-23T00:00:00+00:00\" \/>\n<meta property=\"article:modified_time\" content=\"-0001-11-30T00:00:00+00:00\" \/>\n<meta name=\"author\" content=\"intermedius\" \/>\n<meta name=\"twitter:label1\" content=\"Szerz\u0151:\" \/>\n\t<meta name=\"twitter:data1\" content=\"intermedius\" \/>\n\t<meta name=\"twitter:label2\" content=\"Becs\u00fclt olvas\u00e1si id\u0151\" \/>\n\t<meta name=\"twitter:data2\" content=\"9 perc\" \/>\n<script type=\"application\/ld+json\" class=\"yoast-schema-graph\">{\"@context\":\"https:\/\/schema.org\",\"@graph\":[{\"@type\":\"WebPage\",\"@id\":\"https:\/\/hir.mediamarkt.hu\/magazin\/sony-vaio-pro-13-dobbenet\/\",\"url\":\"https:\/\/hir.mediamarkt.hu\/magazin\/sony-vaio-pro-13-dobbenet\/\",\"name\":\"Sony VAIO Pro 13, d\u00f6bbenet! - MediaMarkt Magazin\",\"isPartOf\":{\"@id\":\"https:\/\/hir.mediamarkt.hu\/magazin\/#website\"},\"primaryImageOfPage\":{\"@id\":\"https:\/\/hir.mediamarkt.hu\/magazin\/sony-vaio-pro-13-dobbenet\/#primaryimage\"},\"image\":{\"@id\":\"https:\/\/hir.mediamarkt.hu\/magazin\/sony-vaio-pro-13-dobbenet\/#primaryimage\"},\"thumbnailUrl\":\"\",\"datePublished\":\"2013-08-23T00:00:00+00:00\",\"dateModified\":\"-0001-11-30T00:00:00+00:00\",\"author\":{\"@id\":\"https:\/\/hir.mediamarkt.hu\/magazin\/#\/schema\/person\/7f1d99540808335a59d17dcebfa95544\"},\"description\":\"IT asdij aoidjaoisjd oaisjd ojid aosjd oasjd\",\"breadcrumb\":{\"@id\":\"https:\/\/hir.mediamarkt.hu\/magazin\/sony-vaio-pro-13-dobbenet\/#breadcrumb\"},\"inLanguage\":\"hu\",\"potentialAction\":[{\"@type\":\"ReadAction\",\"target\":[\"https:\/\/hir.mediamarkt.hu\/magazin\/sony-vaio-pro-13-dobbenet\/\"]}]},{\"@type\":\"ImageObject\",\"inLanguage\":\"hu\",\"@id\":\"https:\/\/hir.mediamarkt.hu\/magazin\/sony-vaio-pro-13-dobbenet\/#primaryimage\",\"url\":\"\",\"contentUrl\":\"\"},{\"@type\":\"BreadcrumbList\",\"@id\":\"https:\/\/hir.mediamarkt.hu\/magazin\/sony-vaio-pro-13-dobbenet\/#breadcrumb\",\"itemListElement\":[{\"@type\":\"ListItem\",\"position\":1,\"name\":\"Kezd\u0151lap\",\"item\":\"https:\/\/hir.mediamarkt.hu\/magazin\/\"},{\"@type\":\"ListItem\",\"position\":2,\"name\":\"Egy\u00e9b\",\"item\":\"https:\/\/hir.mediamarkt.hu\/magazin\/egyeb\/\"},{\"@type\":\"ListItem\",\"position\":3,\"name\":\"Sony VAIO Pro 13, d\u00f6bbenet!\"}]},{\"@type\":\"WebSite\",\"@id\":\"https:\/\/hir.mediamarkt.hu\/magazin\/#website\",\"url\":\"https:\/\/hir.mediamarkt.hu\/magazin\/\",\"name\":\"MediaMarkt Magazin\",\"description\":\"Olvass bele magazinunkba!\",\"potentialAction\":[{\"@type\":\"SearchAction\",\"target\":{\"@type\":\"EntryPoint\",\"urlTemplate\":\"https:\/\/hir.mediamarkt.hu\/magazin\/?s={search_term_string}\"},\"query-input\":\"required name=search_term_string\"}],\"inLanguage\":\"hu\"},{\"@type\":\"Person\",\"@id\":\"https:\/\/hir.mediamarkt.hu\/magazin\/#\/schema\/person\/7f1d99540808335a59d17dcebfa95544\",\"name\":\"intermedius\",\"image\":{\"@type\":\"ImageObject\",\"inLanguage\":\"hu\",\"@id\":\"https:\/\/hir.mediamarkt.hu\/magazin\/#\/schema\/person\/image\/\",\"url\":\"https:\/\/secure.gravatar.com\/avatar\/bbf88debc0bd7abfc1047f575da076f2?s=96&d=mm&r=g\",\"contentUrl\":\"https:\/\/secure.gravatar.com\/avatar\/bbf88debc0bd7abfc1047f575da076f2?s=96&d=mm&r=g\",\"caption\":\"intermedius\"}}]}<\/script>\n<!-- \/ Yoast SEO plugin. -->","yoast_head_json":{"title":"Sony VAIO Pro 13, d\u00f6bbenet! - MediaMarkt Magazin","description":"IT asdij aoidjaoisjd oaisjd ojid aosjd oasjd","robots":{"index":"index","follow":"follow","max-snippet":"max-snippet:-1","max-image-preview":"max-image-preview:large","max-video-preview":"max-video-preview:-1"},"canonical":"https:\/\/hir.mediamarkt.hu\/magazin\/sony-vaio-pro-13-dobbenet\/","og_locale":"hu_HU","og_type":"article","og_title":"Sony VAIO Pro 13, d\u00f6bbenet! - MediaMarkt Magazin","og_description":"IT asdij aoidjaoisjd oaisjd ojid aosjd oasjd","og_url":"https:\/\/hir.mediamarkt.hu\/magazin\/sony-vaio-pro-13-dobbenet\/","og_site_name":"MediaMarkt Magazin","article_publisher":"https:\/\/www.facebook.com\/MediaMarktMagyarorszag","article_published_time":"2013-08-23T00:00:00+00:00","article_modified_time":"-0001-11-30T00:00:00+00:00","author":"intermedius","twitter_misc":{"Szerz\u0151:":"intermedius","Becs\u00fclt olvas\u00e1si id\u0151":"9 perc"},"schema":{"@context":"https:\/\/schema.org","@graph":[{"@type":"WebPage","@id":"https:\/\/hir.mediamarkt.hu\/magazin\/sony-vaio-pro-13-dobbenet\/","url":"https:\/\/hir.mediamarkt.hu\/magazin\/sony-vaio-pro-13-dobbenet\/","name":"Sony VAIO Pro 13, d\u00f6bbenet! - MediaMarkt Magazin","isPartOf":{"@id":"https:\/\/hir.mediamarkt.hu\/magazin\/#website"},"primaryImageOfPage":{"@id":"https:\/\/hir.mediamarkt.hu\/magazin\/sony-vaio-pro-13-dobbenet\/#primaryimage"},"image":{"@id":"https:\/\/hir.mediamarkt.hu\/magazin\/sony-vaio-pro-13-dobbenet\/#primaryimage"},"thumbnailUrl":"","datePublished":"2013-08-23T00:00:00+00:00","dateModified":"-0001-11-30T00:00:00+00:00","author":{"@id":"https:\/\/hir.mediamarkt.hu\/magazin\/#\/schema\/person\/7f1d99540808335a59d17dcebfa95544"},"description":"IT asdij aoidjaoisjd oaisjd ojid aosjd oasjd","breadcrumb":{"@id":"https:\/\/hir.mediamarkt.hu\/magazin\/sony-vaio-pro-13-dobbenet\/#breadcrumb"},"inLanguage":"hu","potentialAction":[{"@type":"ReadAction","target":["https:\/\/hir.mediamarkt.hu\/magazin\/sony-vaio-pro-13-dobbenet\/"]}]},{"@type":"ImageObject","inLanguage":"hu","@id":"https:\/\/hir.mediamarkt.hu\/magazin\/sony-vaio-pro-13-dobbenet\/#primaryimage","url":"","contentUrl":""},{"@type":"BreadcrumbList","@id":"https:\/\/hir.mediamarkt.hu\/magazin\/sony-vaio-pro-13-dobbenet\/#breadcrumb","itemListElement":[{"@type":"ListItem","position":1,"name":"Kezd\u0151lap","item":"https:\/\/hir.mediamarkt.hu\/magazin\/"},{"@type":"ListItem","position":2,"name":"Egy\u00e9b","item":"https:\/\/hir.mediamarkt.hu\/magazin\/egyeb\/"},{"@type":"ListItem","position":3,"name":"Sony VAIO Pro 13, d\u00f6bbenet!"}]},{"@type":"WebSite","@id":"https:\/\/hir.mediamarkt.hu\/magazin\/#website","url":"https:\/\/hir.mediamarkt.hu\/magazin\/","name":"MediaMarkt Magazin","description":"Olvass bele magazinunkba!","potentialAction":[{"@type":"SearchAction","target":{"@type":"EntryPoint","urlTemplate":"https:\/\/hir.mediamarkt.hu\/magazin\/?s={search_term_string}"},"query-input":"required name=search_term_string"}],"inLanguage":"hu"},{"@type":"Person","@id":"https:\/\/hir.mediamarkt.hu\/magazin\/#\/schema\/person\/7f1d99540808335a59d17dcebfa95544","name":"intermedius","image":{"@type":"ImageObject","inLanguage":"hu","@id":"https:\/\/hir.mediamarkt.hu\/magazin\/#\/schema\/person\/image\/","url":"https:\/\/secure.gravatar.com\/avatar\/bbf88debc0bd7abfc1047f575da076f2?s=96&d=mm&r=g","contentUrl":"https:\/\/secure.gravatar.com\/avatar\/bbf88debc0bd7abfc1047f575da076f2?s=96&d=mm&r=g","caption":"intermedius"}}]}},"_links":{"self":[{"href":"https:\/\/hir.mediamarkt.hu\/magazin\/wp-json\/wp\/v2\/posts\/49"}],"collection":[{"href":"https:\/\/hir.mediamarkt.hu\/magazin\/wp-json\/wp\/v2\/posts"}],"about":[{"href":"https:\/\/hir.mediamarkt.hu\/magazin\/wp-json\/wp\/v2\/types\/post"}],"author":[{"embeddable":true,"href":"https:\/\/hir.mediamarkt.hu\/magazin\/wp-json\/wp\/v2\/users\/1"}],"replies":[{"embeddable":true,"href":"https:\/\/hir.mediamarkt.hu\/magazin\/wp-json\/wp\/v2\/comments?post=49"}],"version-history":[{"count":0,"href":"https:\/\/hir.mediamarkt.hu\/magazin\/wp-json\/wp\/v2\/posts\/49\/revisions"}],"wp:featuredmedia":[{"embeddable":true,"href":"https:\/\/hir.mediamarkt.hu\/magazin\/wp-json\/"}],"wp:attachment":[{"href":"https:\/\/hir.mediamarkt.hu\/magazin\/wp-json\/wp\/v2\/media?parent=49"}],"wp:term":[{"taxonomy":"category","embeddable":true,"href":"https:\/\/hir.mediamarkt.hu\/magazin\/wp-json\/wp\/v2\/categories?post=49"},{"taxonomy":"post_tag","embeddable":true,"href":"https:\/\/hir.mediamarkt.hu\/magazin\/wp-json\/wp\/v2\/tags?post=49"}],"curies":[{"name":"wp","href":"https:\/\/api.w.org\/{rel}","templated":true}]}}