{"id":4905,"date":"2017-08-17T09:18:06","date_gmt":"2017-08-17T08:18:06","guid":{"rendered":"http:\/\/hir.mediamarkt.hu\/magazin\/?p=4905"},"modified":"2018-02-27T17:59:09","modified_gmt":"2018-02-27T16:59:09","slug":"kutyu-a-csucson-bemutatkozik-a-sajat-markas-peaq","status":"publish","type":"post","link":"https:\/\/hir.mediamarkt.hu\/magazin\/kutyu-a-csucson-bemutatkozik-a-sajat-markas-peaq\/","title":{"rendered":"K\u00fcty\u00fc a cs\u00facson: bemutatkozik a saj\u00e1t m\u00e1rk\u00e1s PEAQ!"},"content":{"rendered":"<b>K\u00f6nny\u0171, kicsi, m\u00e9gis kiv\u00e1l\u00f3 a felbont\u00e1sa. Egyszerre t\u00e1blag\u00e9p \u00e9s notebook. Hajtogathat\u00f3, sz\u00e9tszedhet\u0151, szinte zsebrev\u00e1ghat\u00f3. Egysz\u00f3val: szerethet\u0151! J\u00f6jj\u00f6n egy praktikus, eleg\u00e1ns, sok funkci\u00f3s k\u00e9sz\u00fcl\u00e9k, amellyel a munka \u00e9s a sz\u00f3rakoz\u00e1s is k\u00f6nnyed \u00e9s profi lesz!<\/b><!--more-->\r\n\r\n<span style=\"font-weight: 400;\">A MediaMarkt c\u00e9lja, hogy <strong>mindenkor kiszolg\u00e1lja v\u00e1s\u00e1rl\u00f3i k\u00e9nyelm\u00e9t, mik\u00f6zben rekordmin\u0151s\u00e9gre t\u00f6rekszik.<\/strong> A cs\u00facsk\u00eds\u00e9rlet leg\u00fajabb term\u00e9ke a <a href=\"http:\/\/www.mediamarkt.hu\/hu\/product\/_peaq-t2011-h1-ez%C3%BCst-2in1-eszk%C3%B6z-11-6-ips-atom-2gb-32gb-windows-10-1228096.html?ga_query=peaq%202in1\" target=\"_blank\"><strong>PEAQ<\/strong><\/a> n\u00e9vre keresztelt notebook, mely egyszerre t\u00f6lti be egy miniat\u0171r, m\u00e9gis profi laptop szerep\u00e9t \u00e9s egy sz\u00f3rakoztat\u00f3 t\u00e1blag\u00e9p\u00e9t. Egyenesen Eur\u00f3p\u00e1b\u00f3l!<\/span>\r\n\r\n<span style=\"font-weight: 400;\">Sokan keres\u00fcnk m\u00e1ra olyan eszk\u00f6z\u00f6ket, amelyekkel k\u00f6nnyed\u00e9n v\u00e1lthatunk a sz\u00f3rakoz\u00e1s \u00e9s ak\u00e1r a munka vil\u00e1ga k\u00f6z\u00f6tt. A <strong>k\u00f6nny\u0171<\/strong><\/span><strong>, m\u00e9gis \u00a011,6 colos<\/strong><span style=\"font-weight: 400;\"><strong> kijelz\u0151vel<\/strong> rendelkez\u0151 k\u00e9sz\u00fcl\u00e9k h\u0171 t\u00e1rsunk lehet utaz\u00e1skor, nyaral\u00e1skor, de ak\u00e1r a mindennapos hajt\u00e1s sor\u00e1n is. Imm\u00e1r nem kell k\u00fcl\u00f6n billenty\u0171zetet v\u00e1s\u00e1rolnunk, ha vill\u00e1msebess\u00e9ggel szeretn\u00e9nk g\u00e9pelni, az egy\u00e9bk\u00e9nt ak\u00e1r film n\u00e9z\u00e9sre is alkalmas g\u00e9pen.<\/span>\r\n\r\nA PEAQ egy\u00e9rtelm\u0171en nagy el\u0151nye, hogy mik\u00f6zben k\u00f6nny\u0171 \u00e9s apr\u00f3 helyen is elf\u00e9r, a k\u00e9perny\u0151 m\u00e9gsem t\u0171nik kicsinek. A felbont\u00e1s min\u0151s\u00e9g\u00e9nek h\u00e1la az ember \u00fagy \u00e9rezheti, mintha egy combosabb laptop el\u0151tt \u00fclne. A g\u00e9pet hurcol\u00f3 munkaer\u0151k sz\u00e1m\u00e1ra nem mindegy, mennyi s\u00faly h\u00fazza a v\u00e1llukat. Ahogy az sem, mereszteni kell-e a szem\u00fcket eg\u00e9sz nap.\r\n\r\n<img loading=\"lazy\" decoding=\"async\" class=\" wp-image-4906 alignleft\" src=\"http:\/\/hir.mediamarkt.hu\/magazin\/wp-content\/uploads\/2017\/08\/PEAQ_PNB_E2215T_silver_Front_Side_Left_45_Pressebild-300x200.jpg\" alt=\"\" width=\"344\" height=\"230\" srcset=\"https:\/\/hir.mediamarkt.hu\/magazin\/wp-content\/uploads\/2017\/08\/PEAQ_PNB_E2215T_silver_Front_Side_Left_45_Pressebild-300x200.jpg 300w, https:\/\/hir.mediamarkt.hu\/magazin\/wp-content\/uploads\/2017\/08\/PEAQ_PNB_E2215T_silver_Front_Side_Left_45_Pressebild-275x183.jpg 275w, https:\/\/hir.mediamarkt.hu\/magazin\/wp-content\/uploads\/2017\/08\/PEAQ_PNB_E2215T_silver_Front_Side_Left_45_Pressebild-768x512.jpg 768w, https:\/\/hir.mediamarkt.hu\/magazin\/wp-content\/uploads\/2017\/08\/PEAQ_PNB_E2215T_silver_Front_Side_Left_45_Pressebild-1024x683.jpg 1024w, https:\/\/hir.mediamarkt.hu\/magazin\/wp-content\/uploads\/2017\/08\/PEAQ_PNB_E2215T_silver_Front_Side_Left_45_Pressebild-30x20.jpg 30w, https:\/\/hir.mediamarkt.hu\/magazin\/wp-content\/uploads\/2017\/08\/PEAQ_PNB_E2215T_silver_Front_Side_Left_45_Pressebild-720x480.jpg 720w, https:\/\/hir.mediamarkt.hu\/magazin\/wp-content\/uploads\/2017\/08\/PEAQ_PNB_E2215T_silver_Front_Side_Left_45_Pressebild.jpg 1440w\" sizes=\"(max-width: 344px) 100vw, 344px\" \/>\r\n\r\n<span style=\"font-weight: 400;\">A billenty\u0171zet haszn\u00e1lata k\u00f6nnyen megszokhat\u00f3, \u00e9rdekes k\u00fcl\u00f6nbs\u00e9g egy \u00e1tlag notebook-hoz k\u00e9pest, hogy k\u00f6nnyed\u00e9n kell rajta \u00edrni. Ez a kez\u00fcnknek, de \u00e9szrev\u00e9tlen\u00fcl a pszich\u00e9nknek is kellemes tehermentes\u00edt\u00e9s. Ha d\u00fchb\u0151l g\u00e9pel\u00fcnk, megn\u00f6vekszik az el\u00fct\u00e9sek sz\u00e1ma. \u00dagyhogy csak nyugi! K\u00f6nnyed\u00e9n el\u0151bb \u00e9r\u00fcnk fel a cs\u00facsra!<\/span>\r\n\r\nHa valaki nem szereti annyira az egeret, vagy csak \u00e9pp elfelejtette betenni a t\u00e1sk\u00e1j\u00e1ba, esetleg olyan funkci\u00f3kat haszn\u00e1lna csak a g\u00e9p\u00e9n, amihez felesleges a plusz k\u00fcty\u00fc, az \u00e9rint\u0151k\u00e9perny\u0151s notebook biztos, hogy j\u00f3 bar\u00e1tja lesz. <strong>A t\u00e1blag\u00e9pk\u00e9nt is funkci\u00f3n\u00e1l\u00f3 kijelz\u0151t a multitouch seg\u00edts\u00e9g\u00e9vel ak\u00e1r t\u00edz ujjal is kezelhetj\u00fck.<\/strong> Egy-egy \u00e9rint\u00e9ssel b\u00e1rmelyik programot megnyithatjuk, \u00a0mozgathatjuk az ablakokat, vagy v\u00e1lthatunk az egyes munkalapok k\u00f6z\u00f6tt. A benn\u00fcnk \u00e9l\u0151 Mozart gyorsan cs\u00facsra \u00e9rhet.\r\n\r\nB\u00e1r m\u00e1ra otthon szeret\u00fcnk gigantikus k\u00e9perny\u0151 el\u0151tt filmet n\u00e9zni, egy-egy hossz\u00fa utaz\u00e1s sor\u00e1n kiv\u00e1l\u00f3 t\u00e1rsunk lehet a PEAQ. A hangsz\u00f3r\u00f3 \u00e9s a k\u00e9perny\u0151 min\u0151s\u00e9ge profi moziz\u00e1st biztos\u00edthat minden film \u0151r\u00fclt sz\u00e1m\u00e1ra. F\u00e1raszt\u00f3 rep\u00fcl\u0151\u00fat? Ny\u0171g\u00f6s gyerek a v\u00e9gtelennek t\u0171n\u0151 horv\u00e1t aut\u00f3p\u00e1ly\u00e1n? Nem probl\u00e9ma. El\u0151 a PEAQ-kel a k\u00e9zipoggy\u00e1szb\u00f3l \u00e9s m\u00e1r meg is sz\u0171nt a k\u00fclvil\u00e1g.\r\n\r\n<strong>Tov\u00e1bbi r\u00e9szletek a MediaMarkt saj\u00e1t gy\u00e1rt\u00e1s\u00fa, Eur\u00f3p\u00e1ban k\u00e9sz\u00fcl\u0151 kett\u0151 az egyben g\u00e9p\u00e9r\u0151l <a href=\"http:\/\/www.mediamarkt.hu\/hu\/product\/_peaq-t2011-h1-ez%C3%BCst-2in1-eszk%C3%B6z-11-6-ips-atom-2gb-32gb-windows-10-1228096.html?ga_query=peaq%202in1\" target=\"_blank\">honlapunkon<\/a> \u00e9s \u00e1ruh\u00e1zainban! Ir\u00e1ny a cs\u00facs!<\/strong>","protected":false},"excerpt":{"rendered":"K\u00f6nny\u0171, kicsi, m\u00e9gis kiv\u00e1l\u00f3 a felbont\u00e1sa. Egyszerre t\u00e1blag\u00e9p \u00e9s notebook. Hajtogathat\u00f3, sz\u00e9tszedhet\u0151, szinte zsebrev\u00e1ghat\u00f3. Egysz\u00f3val: szerethet\u0151! J\u00f6jj\u00f6n egy praktikus, eleg\u00e1ns, sok funkci\u00f3s k\u00e9sz\u00fcl\u00e9k, amellyel a munka \u00e9s a sz\u00f3rakoz\u00e1s is k\u00f6nnyed \u00e9s profi lesz!","protected":false},"author":13,"featured_media":4907,"comment_status":"open","ping_status":"open","sticky":false,"template":"","format":"standard","meta":{"wprm-recipe-roundup-name":"","wprm-recipe-roundup-description":"","footnotes":""},"categories":[5975],"tags":[2162,2161,2163,502,2164,2127,2165,2167,2166,2160,1420,154],"yoast_head":"<!-- This site is optimized with the Yoast SEO plugin v22.9 - https:\/\/yoast.com\/wordpress\/plugins\/seo\/ -->\n<title>K\u00fcty\u00fc a cs\u00facson: bemutatkozik a saj\u00e1t m\u00e1rk\u00e1s PEAQ! - MediaMarkt Magazin<\/title>\n<meta name=\"robots\" content=\"index, follow, max-snippet:-1, max-image-preview:large, max-video-preview:-1\" \/>\n<link rel=\"canonical\" href=\"https:\/\/hir.mediamarkt.hu\/magazin\/kutyu-a-csucson-bemutatkozik-a-sajat-markas-peaq\/\" \/>\n<meta property=\"og:locale\" content=\"hu_HU\" \/>\n<meta property=\"og:type\" content=\"article\" \/>\n<meta property=\"og:title\" content=\"K\u00fcty\u00fc a cs\u00facson: bemutatkozik a saj\u00e1t m\u00e1rk\u00e1s PEAQ! - MediaMarkt Magazin\" \/>\n<meta property=\"og:description\" content=\"K\u00f6nny\u0171, kicsi, m\u00e9gis kiv\u00e1l\u00f3 a felbont\u00e1sa. Egyszerre t\u00e1blag\u00e9p \u00e9s notebook. Hajtogathat\u00f3, sz\u00e9tszedhet\u0151, szinte zsebrev\u00e1ghat\u00f3. Egysz\u00f3val: szerethet\u0151! J\u00f6jj\u00f6n egy praktikus, eleg\u00e1ns, sok funkci\u00f3s k\u00e9sz\u00fcl\u00e9k, amellyel a munka \u00e9s a sz\u00f3rakoz\u00e1s is k\u00f6nnyed \u00e9s profi lesz!\" \/>\n<meta property=\"og:url\" content=\"https:\/\/hir.mediamarkt.hu\/magazin\/kutyu-a-csucson-bemutatkozik-a-sajat-markas-peaq\/\" \/>\n<meta property=\"og:site_name\" content=\"MediaMarkt Magazin\" \/>\n<meta property=\"article:publisher\" content=\"https:\/\/www.facebook.com\/MediaMarktMagyarorszag\" \/>\n<meta property=\"article:published_time\" content=\"2017-08-17T08:18:06+00:00\" \/>\n<meta property=\"article:modified_time\" content=\"2018-02-27T16:59:09+00:00\" \/>\n<meta property=\"og:image\" content=\"https:\/\/hir.mediamarkt.hu\/magazin\/wp-content\/uploads\/2017\/08\/PNB-T2011-I0C1_silver_Flip_fuer_360_Grad_Geraete_Pressebild.jpg\" \/>\n\t<meta property=\"og:image:width\" content=\"1440\" \/>\n\t<meta property=\"og:image:height\" content=\"960\" \/>\n\t<meta property=\"og:image:type\" content=\"image\/jpeg\" \/>\n<meta name=\"author\" content=\"Media Markt\" \/>\n<meta name=\"twitter:label1\" content=\"Szerz\u0151:\" \/>\n\t<meta name=\"twitter:data1\" content=\"Media Markt\" \/>\n\t<meta name=\"twitter:label2\" content=\"Becs\u00fclt olvas\u00e1si id\u0151\" \/>\n\t<meta name=\"twitter:data2\" content=\"3 perc\" \/>\n<script type=\"application\/ld+json\" class=\"yoast-schema-graph\">{\"@context\":\"https:\/\/schema.org\",\"@graph\":[{\"@type\":\"WebPage\",\"@id\":\"https:\/\/hir.mediamarkt.hu\/magazin\/kutyu-a-csucson-bemutatkozik-a-sajat-markas-peaq\/\",\"url\":\"https:\/\/hir.mediamarkt.hu\/magazin\/kutyu-a-csucson-bemutatkozik-a-sajat-markas-peaq\/\",\"name\":\"K\u00fcty\u00fc a cs\u00facson: bemutatkozik a saj\u00e1t m\u00e1rk\u00e1s PEAQ! - MediaMarkt Magazin\",\"isPartOf\":{\"@id\":\"https:\/\/hir.mediamarkt.hu\/magazin\/#website\"},\"primaryImageOfPage\":{\"@id\":\"https:\/\/hir.mediamarkt.hu\/magazin\/kutyu-a-csucson-bemutatkozik-a-sajat-markas-peaq\/#primaryimage\"},\"image\":{\"@id\":\"https:\/\/hir.mediamarkt.hu\/magazin\/kutyu-a-csucson-bemutatkozik-a-sajat-markas-peaq\/#primaryimage\"},\"thumbnailUrl\":\"https:\/\/hir.mediamarkt.hu\/magazin\/wp-content\/uploads\/2017\/08\/PNB-T2011-I0C1_silver_Flip_fuer_360_Grad_Geraete_Pressebild.jpg\",\"datePublished\":\"2017-08-17T08:18:06+00:00\",\"dateModified\":\"2018-02-27T16:59:09+00:00\",\"author\":{\"@id\":\"https:\/\/hir.mediamarkt.hu\/magazin\/#\/schema\/person\/b93b02ec1ab4d2353f8d281e171c1b0b\"},\"breadcrumb\":{\"@id\":\"https:\/\/hir.mediamarkt.hu\/magazin\/kutyu-a-csucson-bemutatkozik-a-sajat-markas-peaq\/#breadcrumb\"},\"inLanguage\":\"hu\",\"potentialAction\":[{\"@type\":\"ReadAction\",\"target\":[\"https:\/\/hir.mediamarkt.hu\/magazin\/kutyu-a-csucson-bemutatkozik-a-sajat-markas-peaq\/\"]}]},{\"@type\":\"ImageObject\",\"inLanguage\":\"hu\",\"@id\":\"https:\/\/hir.mediamarkt.hu\/magazin\/kutyu-a-csucson-bemutatkozik-a-sajat-markas-peaq\/#primaryimage\",\"url\":\"https:\/\/hir.mediamarkt.hu\/magazin\/wp-content\/uploads\/2017\/08\/PNB-T2011-I0C1_silver_Flip_fuer_360_Grad_Geraete_Pressebild.jpg\",\"contentUrl\":\"https:\/\/hir.mediamarkt.hu\/magazin\/wp-content\/uploads\/2017\/08\/PNB-T2011-I0C1_silver_Flip_fuer_360_Grad_Geraete_Pressebild.jpg\",\"width\":1440,\"height\":960},{\"@type\":\"BreadcrumbList\",\"@id\":\"https:\/\/hir.mediamarkt.hu\/magazin\/kutyu-a-csucson-bemutatkozik-a-sajat-markas-peaq\/#breadcrumb\",\"itemListElement\":[{\"@type\":\"ListItem\",\"position\":1,\"name\":\"Kezd\u0151lap\",\"item\":\"https:\/\/hir.mediamarkt.hu\/magazin\/\"},{\"@type\":\"ListItem\",\"position\":2,\"name\":\"H\u00edreink\",\"item\":\"https:\/\/hir.mediamarkt.hu\/magazin\/rolunk\/hireink\/\"},{\"@type\":\"ListItem\",\"position\":3,\"name\":\"K\u00fcty\u00fc a cs\u00facson: bemutatkozik a saj\u00e1t m\u00e1rk\u00e1s PEAQ!\"}]},{\"@type\":\"WebSite\",\"@id\":\"https:\/\/hir.mediamarkt.hu\/magazin\/#website\",\"url\":\"https:\/\/hir.mediamarkt.hu\/magazin\/\",\"name\":\"MediaMarkt Magazin\",\"description\":\"Olvass bele magazinunkba!\",\"potentialAction\":[{\"@type\":\"SearchAction\",\"target\":{\"@type\":\"EntryPoint\",\"urlTemplate\":\"https:\/\/hir.mediamarkt.hu\/magazin\/?s={search_term_string}\"},\"query-input\":\"required name=search_term_string\"}],\"inLanguage\":\"hu\"},{\"@type\":\"Person\",\"@id\":\"https:\/\/hir.mediamarkt.hu\/magazin\/#\/schema\/person\/b93b02ec1ab4d2353f8d281e171c1b0b\",\"name\":\"Media Markt\",\"image\":{\"@type\":\"ImageObject\",\"inLanguage\":\"hu\",\"@id\":\"https:\/\/hir.mediamarkt.hu\/magazin\/#\/schema\/person\/image\/\",\"url\":\"https:\/\/secure.gravatar.com\/avatar\/602bccae8998beee472d01909f0978f1?s=96&d=mm&r=g\",\"contentUrl\":\"https:\/\/secure.gravatar.com\/avatar\/602bccae8998beee472d01909f0978f1?s=96&d=mm&r=g\",\"caption\":\"Media Markt\"}}]}<\/script>\n<!-- \/ Yoast SEO plugin. -->","yoast_head_json":{"title":"K\u00fcty\u00fc a cs\u00facson: bemutatkozik a saj\u00e1t m\u00e1rk\u00e1s PEAQ! - MediaMarkt Magazin","robots":{"index":"index","follow":"follow","max-snippet":"max-snippet:-1","max-image-preview":"max-image-preview:large","max-video-preview":"max-video-preview:-1"},"canonical":"https:\/\/hir.mediamarkt.hu\/magazin\/kutyu-a-csucson-bemutatkozik-a-sajat-markas-peaq\/","og_locale":"hu_HU","og_type":"article","og_title":"K\u00fcty\u00fc a cs\u00facson: bemutatkozik a saj\u00e1t m\u00e1rk\u00e1s PEAQ! - MediaMarkt Magazin","og_description":"K\u00f6nny\u0171, kicsi, m\u00e9gis kiv\u00e1l\u00f3 a felbont\u00e1sa. Egyszerre t\u00e1blag\u00e9p \u00e9s notebook. Hajtogathat\u00f3, sz\u00e9tszedhet\u0151, szinte zsebrev\u00e1ghat\u00f3. Egysz\u00f3val: szerethet\u0151! J\u00f6jj\u00f6n egy praktikus, eleg\u00e1ns, sok funkci\u00f3s k\u00e9sz\u00fcl\u00e9k, amellyel a munka \u00e9s a sz\u00f3rakoz\u00e1s is k\u00f6nnyed \u00e9s profi lesz!","og_url":"https:\/\/hir.mediamarkt.hu\/magazin\/kutyu-a-csucson-bemutatkozik-a-sajat-markas-peaq\/","og_site_name":"MediaMarkt Magazin","article_publisher":"https:\/\/www.facebook.com\/MediaMarktMagyarorszag","article_published_time":"2017-08-17T08:18:06+00:00","article_modified_time":"2018-02-27T16:59:09+00:00","og_image":[{"width":1440,"height":960,"url":"https:\/\/hir.mediamarkt.hu\/magazin\/wp-content\/uploads\/2017\/08\/PNB-T2011-I0C1_silver_Flip_fuer_360_Grad_Geraete_Pressebild.jpg","type":"image\/jpeg"}],"author":"Media Markt","twitter_misc":{"Szerz\u0151:":"Media Markt","Becs\u00fclt olvas\u00e1si id\u0151":"3 perc"},"schema":{"@context":"https:\/\/schema.org","@graph":[{"@type":"WebPage","@id":"https:\/\/hir.mediamarkt.hu\/magazin\/kutyu-a-csucson-bemutatkozik-a-sajat-markas-peaq\/","url":"https:\/\/hir.mediamarkt.hu\/magazin\/kutyu-a-csucson-bemutatkozik-a-sajat-markas-peaq\/","name":"K\u00fcty\u00fc a cs\u00facson: bemutatkozik a saj\u00e1t m\u00e1rk\u00e1s PEAQ! - MediaMarkt Magazin","isPartOf":{"@id":"https:\/\/hir.mediamarkt.hu\/magazin\/#website"},"primaryImageOfPage":{"@id":"https:\/\/hir.mediamarkt.hu\/magazin\/kutyu-a-csucson-bemutatkozik-a-sajat-markas-peaq\/#primaryimage"},"image":{"@id":"https:\/\/hir.mediamarkt.hu\/magazin\/kutyu-a-csucson-bemutatkozik-a-sajat-markas-peaq\/#primaryimage"},"thumbnailUrl":"https:\/\/hir.mediamarkt.hu\/magazin\/wp-content\/uploads\/2017\/08\/PNB-T2011-I0C1_silver_Flip_fuer_360_Grad_Geraete_Pressebild.jpg","datePublished":"2017-08-17T08:18:06+00:00","dateModified":"2018-02-27T16:59:09+00:00","author":{"@id":"https:\/\/hir.mediamarkt.hu\/magazin\/#\/schema\/person\/b93b02ec1ab4d2353f8d281e171c1b0b"},"breadcrumb":{"@id":"https:\/\/hir.mediamarkt.hu\/magazin\/kutyu-a-csucson-bemutatkozik-a-sajat-markas-peaq\/#breadcrumb"},"inLanguage":"hu","potentialAction":[{"@type":"ReadAction","target":["https:\/\/hir.mediamarkt.hu\/magazin\/kutyu-a-csucson-bemutatkozik-a-sajat-markas-peaq\/"]}]},{"@type":"ImageObject","inLanguage":"hu","@id":"https:\/\/hir.mediamarkt.hu\/magazin\/kutyu-a-csucson-bemutatkozik-a-sajat-markas-peaq\/#primaryimage","url":"https:\/\/hir.mediamarkt.hu\/magazin\/wp-content\/uploads\/2017\/08\/PNB-T2011-I0C1_silver_Flip_fuer_360_Grad_Geraete_Pressebild.jpg","contentUrl":"https:\/\/hir.mediamarkt.hu\/magazin\/wp-content\/uploads\/2017\/08\/PNB-T2011-I0C1_silver_Flip_fuer_360_Grad_Geraete_Pressebild.jpg","width":1440,"height":960},{"@type":"BreadcrumbList","@id":"https:\/\/hir.mediamarkt.hu\/magazin\/kutyu-a-csucson-bemutatkozik-a-sajat-markas-peaq\/#breadcrumb","itemListElement":[{"@type":"ListItem","position":1,"name":"Kezd\u0151lap","item":"https:\/\/hir.mediamarkt.hu\/magazin\/"},{"@type":"ListItem","position":2,"name":"H\u00edreink","item":"https:\/\/hir.mediamarkt.hu\/magazin\/rolunk\/hireink\/"},{"@type":"ListItem","position":3,"name":"K\u00fcty\u00fc a cs\u00facson: bemutatkozik a saj\u00e1t m\u00e1rk\u00e1s PEAQ!"}]},{"@type":"WebSite","@id":"https:\/\/hir.mediamarkt.hu\/magazin\/#website","url":"https:\/\/hir.mediamarkt.hu\/magazin\/","name":"MediaMarkt Magazin","description":"Olvass bele magazinunkba!","potentialAction":[{"@type":"SearchAction","target":{"@type":"EntryPoint","urlTemplate":"https:\/\/hir.mediamarkt.hu\/magazin\/?s={search_term_string}"},"query-input":"required name=search_term_string"}],"inLanguage":"hu"},{"@type":"Person","@id":"https:\/\/hir.mediamarkt.hu\/magazin\/#\/schema\/person\/b93b02ec1ab4d2353f8d281e171c1b0b","name":"Media Markt","image":{"@type":"ImageObject","inLanguage":"hu","@id":"https:\/\/hir.mediamarkt.hu\/magazin\/#\/schema\/person\/image\/","url":"https:\/\/secure.gravatar.com\/avatar\/602bccae8998beee472d01909f0978f1?s=96&d=mm&r=g","contentUrl":"https:\/\/secure.gravatar.com\/avatar\/602bccae8998beee472d01909f0978f1?s=96&d=mm&r=g","caption":"Media Markt"}}]}},"_links":{"self":[{"href":"https:\/\/hir.mediamarkt.hu\/magazin\/wp-json\/wp\/v2\/posts\/4905"}],"collection":[{"href":"https:\/\/hir.mediamarkt.hu\/magazin\/wp-json\/wp\/v2\/posts"}],"about":[{"href":"https:\/\/hir.mediamarkt.hu\/magazin\/wp-json\/wp\/v2\/types\/post"}],"author":[{"embeddable":true,"href":"https:\/\/hir.mediamarkt.hu\/magazin\/wp-json\/wp\/v2\/users\/13"}],"replies":[{"embeddable":true,"href":"https:\/\/hir.mediamarkt.hu\/magazin\/wp-json\/wp\/v2\/comments?post=4905"}],"version-history":[{"count":5,"href":"https:\/\/hir.mediamarkt.hu\/magazin\/wp-json\/wp\/v2\/posts\/4905\/revisions"}],"predecessor-version":[{"id":4919,"href":"https:\/\/hir.mediamarkt.hu\/magazin\/wp-json\/wp\/v2\/posts\/4905\/revisions\/4919"}],"wp:featuredmedia":[{"embeddable":true,"href":"https:\/\/hir.mediamarkt.hu\/magazin\/wp-json\/wp\/v2\/media\/4907"}],"wp:attachment":[{"href":"https:\/\/hir.mediamarkt.hu\/magazin\/wp-json\/wp\/v2\/media?parent=4905"}],"wp:term":[{"taxonomy":"category","embeddable":true,"href":"https:\/\/hir.mediamarkt.hu\/magazin\/wp-json\/wp\/v2\/categories?post=4905"},{"taxonomy":"post_tag","embeddable":true,"href":"https:\/\/hir.mediamarkt.hu\/magazin\/wp-json\/wp\/v2\/tags?post=4905"}],"curies":[{"name":"wp","href":"https:\/\/api.w.org\/{rel}","templated":true}]}}