{"id":4956,"date":"2017-09-12T13:32:25","date_gmt":"2017-09-12T12:32:25","guid":{"rendered":"http:\/\/hir.mediamarkt.hu\/magazin\/?p=4956"},"modified":"2018-02-27T17:58:12","modified_gmt":"2018-02-27T16:58:12","slug":"kell-egy-kis-aramszunetzseblampa-domping-nem-csak-kicsiknek","status":"publish","type":"post","link":"https:\/\/hir.mediamarkt.hu\/magazin\/kell-egy-kis-aramszunetzseblampa-domping-nem-csak-kicsiknek\/","title":{"rendered":"Kell egy kis \u00e1ramsz\u00fcnet\u2026Zsebl\u00e1mpa-d\u00f6mping, nem csak kicsiknek!"},"content":{"rendered":"&nbsp;\r\n\r\n<b>Eml\u00e9kszel m\u00e9g r\u00e1, milyen volt a testv\u00e9reddel, az unokates\u00f3ddal, esetleg az ovis, vagy \u00e9pp az \u00a0iskolat\u00e1rsaiddal \u201ctakarod\u00f3 ut\u00e1n\u201d a zsebl\u00e1mpa f\u00e9ny\u00e9ben olvasgatni? Fel tudod id\u00e9zni a s\u00f6t\u00e9t \u00e9s kis, feh\u00e9r f\u00e9nycs\u00f3va adta hangulatot?<\/b><!--more-->\r\n\r\nM\u00edg anno nagyj\u00e1b\u00f3l egyf\u00e9le eszk\u00f6zzel vil\u00e1g\u00edthattunk az izgalmas, tiltott id\u0151szakban, a mai gyerekeknek m\u00e1r szuper, mesefigur\u00e1s eleml\u00e1mp\u00e1k jutnak. De miel\u0151tt irigykedni kezden\u00e9nk a saj\u00e1t ut\u00f3dainkra, \u00f6r\u00fclj\u00fcnk, mert nek\u00fcnk is akadhat p\u00e1r elk\u00e9peszt\u0151en men\u0151 vil\u00e1g\u00edt\u00f3 test. Csak hogy baleset n\u00e9lk\u00fcl eltal\u00e1ljunk \u00e9jjel a h\u0171t\u0151h\u00f6z\u2026\r\n\r\n<span style=\"font-weight: 400;\">B\u00e1r j\u00f3l lehet, a l\u00e1mpa olt\u00e1s ut\u00e1ni id\u0151szak szent, nem k\u00edv\u00e1nunk senkit ellene l\u00e1z\u00edtani, sz\u00fcl\u0151k\u00e9nt \u00fagysem \u00fasszuk meg az id\u0151nk\u00e9nti kih\u00e1g\u00e1st. \u00c9s ha m\u00e1r megy a kaszin\u00f3z\u00e1s \u00e9jjel \u00e9s el\u0151ker\u00fclnek a kedvenc matric\u00e1s albumok, k\u00f6nyvek, k\u00e9preg\u00e9nyek, legal\u00e1bb ne vakoskodjon a gyerek! A MediaMarktban tal\u00e1lhat\u00f3, szuper zsebl\u00e1mp\u00e1kkal legal\u00e1bb a kis renitensek l\u00e1t\u00e1s\u00e1ra vigy\u00e1zhatunk. R\u00e1ad\u00e1sul annyira j\u00f3l n\u00e9z ki egyik-m\u00e1sik darab, hogy a funkcion\u00e1lis t\u00e1rgy egyszerre lesz j\u00e1t\u00e9k is. Arr\u00f3l nem is besz\u00e9lve, hogy a k\u00edn\u00e1latban ak\u00e1r projektoros eleml\u00e1mp\u00e1k is el\u00e9rhet\u0151ek!<\/span>\r\n\r\n<span style=\"font-weight: 400;\">\u00c9s hogy mib\u0151l v\u00e1logathatunk?<\/span>\r\n\r\n<img loading=\"lazy\" decoding=\"async\" class=\"alignnone size-medium wp-image-4957\" src=\"http:\/\/hir.mediamarkt.hu\/magazin\/wp-content\/uploads\/2017\/08\/zseb1-300x178.jpg\" alt=\"\" width=\"300\" height=\"178\" srcset=\"https:\/\/hir.mediamarkt.hu\/magazin\/wp-content\/uploads\/2017\/08\/zseb1-300x178.jpg 300w, https:\/\/hir.mediamarkt.hu\/magazin\/wp-content\/uploads\/2017\/08\/zseb1-275x164.jpg 275w, https:\/\/hir.mediamarkt.hu\/magazin\/wp-content\/uploads\/2017\/08\/zseb1-768x457.jpg 768w, https:\/\/hir.mediamarkt.hu\/magazin\/wp-content\/uploads\/2017\/08\/zseb1-30x18.jpg 30w, https:\/\/hir.mediamarkt.hu\/magazin\/wp-content\/uploads\/2017\/08\/zseb1-720x428.jpg 720w, https:\/\/hir.mediamarkt.hu\/magazin\/wp-content\/uploads\/2017\/08\/zseb1.jpg 809w\" sizes=\"(max-width: 300px) 100vw, 300px\" \/>\r\n\r\n<b>Kisebbeknek (2898 Ft-\u00e9rt)<\/b>\r\n\r\n&nbsp;\r\n\r\n<span style=\"font-weight: 400;\">J\u00e9gvar\u00e1zs, <\/span><a href=\"http:\/\/www.mediamarkt.hu\/hu\/product\/_philips-elsa-zsebl%C3%A1mpa-led-k%C3%A9k-71767-37-16-1182587.html\" target=\"_blank\"><span style=\"font-weight: 400;\">Elsa zsebl\u00e1mpa<\/span><\/a>\r\n\r\n<span style=\"font-weight: 400;\">J\u00e9gvar\u00e1zs, <\/span><a href=\"http:\/\/www.mediamarkt.hu\/hu\/product\/_philips-anna-zsebl%C3%A1mpa-led-k%C3%A9k-71767-36-16-1182585.html\" target=\"_blank\"><span style=\"font-weight: 400;\">Anna zsebl\u00e1mpa<\/span><\/a>\r\n\r\n<span style=\"font-weight: 400;\">J\u00e9gvar\u00e1zs, <\/span><a href=\"http:\/\/www.mediamarkt.hu\/hu\/product\/_philips-olaf-zsebl%C3%A1mpa-led-k%C3%A9k-71767-08-16-1182580.html\" target=\"_blank\"><span style=\"font-weight: 400;\">Olaf zsebl\u00e1mpa<\/span><\/a>\r\n\r\n<a href=\"http:\/\/www.mediamarkt.hu\/hu\/product\/_philips-micimack%C3%B3-zsebl%C3%A1mpa-led-s%C3%A1rga-71767-34-16-1182578.html\" target=\"_blank\"><span style=\"font-weight: 400;\">Micimack\u00f3 zsebl\u00e1mpa<\/span><\/a>\r\n\r\n<a href=\"http:\/\/www.mediamarkt.hu\/hu\/product\/_philips-szenilla-nyom%C3%A1ban-zsebl%C3%A1mpa-led-k%C3%A9k-71767-35-p0-1200416.html\" target=\"_blank\"><span style=\"font-weight: 400;\">Szenilla nyom\u00e1ban zsebl\u00e1mpa<\/span><\/a>\r\n\r\n<img loading=\"lazy\" decoding=\"async\" class=\"alignnone size-medium wp-image-4959\" src=\"http:\/\/hir.mediamarkt.hu\/magazin\/wp-content\/uploads\/2017\/08\/PHILIPS-P\u00f3kember-Zsebl\u00e1mpa-LED-k\u00e9k-71767-40-16-300x224.png\" alt=\"\" width=\"300\" height=\"224\" srcset=\"https:\/\/hir.mediamarkt.hu\/magazin\/wp-content\/uploads\/2017\/08\/PHILIPS-P\u00f3kember-Zsebl\u00e1mpa-LED-k\u00e9k-71767-40-16-300x224.png 300w, https:\/\/hir.mediamarkt.hu\/magazin\/wp-content\/uploads\/2017\/08\/PHILIPS-P\u00f3kember-Zsebl\u00e1mpa-LED-k\u00e9k-71767-40-16-275x205.png 275w, https:\/\/hir.mediamarkt.hu\/magazin\/wp-content\/uploads\/2017\/08\/PHILIPS-P\u00f3kember-Zsebl\u00e1mpa-LED-k\u00e9k-71767-40-16-768x574.png 768w, https:\/\/hir.mediamarkt.hu\/magazin\/wp-content\/uploads\/2017\/08\/PHILIPS-P\u00f3kember-Zsebl\u00e1mpa-LED-k\u00e9k-71767-40-16-30x22.png 30w, https:\/\/hir.mediamarkt.hu\/magazin\/wp-content\/uploads\/2017\/08\/PHILIPS-P\u00f3kember-Zsebl\u00e1mpa-LED-k\u00e9k-71767-40-16-720x538.png 720w, https:\/\/hir.mediamarkt.hu\/magazin\/wp-content\/uploads\/2017\/08\/PHILIPS-P\u00f3kember-Zsebl\u00e1mpa-LED-k\u00e9k-71767-40-16.png 786w\" sizes=\"(max-width: 300px) 100vw, 300px\" \/>\r\n\r\n<b>Kicsit nagyobbaknak (2898 Ft-\u00e9rt)<\/b>\r\n\r\n&nbsp;\r\n\r\n<a href=\"http:\/\/www.mediamarkt.hu\/hu\/product\/_philips-p%C3%B3kember-zsebl%C3%A1mpa-led-k%C3%A9k-71767-40-16-1182576.html\" target=\"_blank\"><span style=\"font-weight: 400;\">P\u00f3kember zsebl\u00e1mpa<\/span><\/a>\r\n\r\n<a href=\"http:\/\/www.mediamarkt.hu\/hu\/product\/_philips-vasember-zsebl%C3%A1mpa-led-t%C3%B6bbsz%C3%ADn%C5%B1-71767-35-16-1182583.html\" target=\"_blank\"><span style=\"font-weight: 400;\">Vasember zsebl\u00e1mpa<\/span><\/a>\r\n\r\n<img loading=\"lazy\" decoding=\"async\" class=\"alignnone size-medium wp-image-4958\" src=\"http:\/\/hir.mediamarkt.hu\/magazin\/wp-content\/uploads\/2017\/08\/PHILIPS-Darth-Vader-Zsebl\u00e1mpa-LED-fekete-71767-98-16-300x224.png\" alt=\"\" width=\"300\" height=\"224\" srcset=\"https:\/\/hir.mediamarkt.hu\/magazin\/wp-content\/uploads\/2017\/08\/PHILIPS-Darth-Vader-Zsebl\u00e1mpa-LED-fekete-71767-98-16-300x224.png 300w, https:\/\/hir.mediamarkt.hu\/magazin\/wp-content\/uploads\/2017\/08\/PHILIPS-Darth-Vader-Zsebl\u00e1mpa-LED-fekete-71767-98-16-275x205.png 275w, https:\/\/hir.mediamarkt.hu\/magazin\/wp-content\/uploads\/2017\/08\/PHILIPS-Darth-Vader-Zsebl\u00e1mpa-LED-fekete-71767-98-16-768x574.png 768w, https:\/\/hir.mediamarkt.hu\/magazin\/wp-content\/uploads\/2017\/08\/PHILIPS-Darth-Vader-Zsebl\u00e1mpa-LED-fekete-71767-98-16-30x22.png 30w, https:\/\/hir.mediamarkt.hu\/magazin\/wp-content\/uploads\/2017\/08\/PHILIPS-Darth-Vader-Zsebl\u00e1mpa-LED-fekete-71767-98-16-720x538.png 720w, https:\/\/hir.mediamarkt.hu\/magazin\/wp-content\/uploads\/2017\/08\/PHILIPS-Darth-Vader-Zsebl\u00e1mpa-LED-fekete-71767-98-16.png 786w\" sizes=\"(max-width: 300px) 100vw, 300px\" \/>\r\n\r\n<b>M\u00e9g nagyobbaknak \u00e9s magunknak\u2026 (2898 Ft-\u00e9rt)<\/b>\r\n\r\n&nbsp;\r\n\r\n<span style=\"font-weight: 400;\">Csillagok H\u00e1bor\u00faja, <\/span><a href=\"http:\/\/www.mediamarkt.hu\/hu\/product\/_philips-yoda-zsebl%C3%A1mpa-led-fekete-71767-99-16-1200409.html\" target=\"_blank\"><span style=\"font-weight: 400;\">Yoda zsebl\u00e1mpa<\/span><\/a>\r\n\r\n<span style=\"font-weight: 400;\">Csillagok H\u00e1bor\u00faja, <\/span><a href=\"http:\/\/www.mediamarkt.hu\/hu\/product\/_philips-darth-vader-zsebl%C3%A1mpa-led-fekete-71767-98-16-1200408.html\" target=\"_blank\"><span style=\"font-weight: 400;\">Darth Vader zsebl\u00e1mpa<\/span><\/a>\r\n\r\n<span style=\"font-weight: 400;\">Csillagok H\u00e1bor\u00faja, <\/span><a href=\"http:\/\/www.mediamarkt.hu\/hu\/product\/_philips-birodalmi-rohamosztagos-zsebl%C3%A1mpa-led-fekete-71767-97-16-1200407.html\" target=\"_blank\"><span style=\"font-weight: 400;\">Birodalmi Rohamosztagos zsebl\u00e1mpa<\/span><\/a>\r\n\r\n<img loading=\"lazy\" decoding=\"async\" class=\"alignnone size-medium wp-image-4960\" src=\"http:\/\/hir.mediamarkt.hu\/magazin\/wp-content\/uploads\/2017\/08\/PHILIPS-Disney-Hercegn\u0151k-projektoros-zsebl\u00e1mpa-LED-r\u00f3zsasz\u00edn-71788-28-16-300x224.png\" alt=\"\" width=\"300\" height=\"224\" srcset=\"https:\/\/hir.mediamarkt.hu\/magazin\/wp-content\/uploads\/2017\/08\/PHILIPS-Disney-Hercegn\u0151k-projektoros-zsebl\u00e1mpa-LED-r\u00f3zsasz\u00edn-71788-28-16-300x224.png 300w, https:\/\/hir.mediamarkt.hu\/magazin\/wp-content\/uploads\/2017\/08\/PHILIPS-Disney-Hercegn\u0151k-projektoros-zsebl\u00e1mpa-LED-r\u00f3zsasz\u00edn-71788-28-16-275x205.png 275w, https:\/\/hir.mediamarkt.hu\/magazin\/wp-content\/uploads\/2017\/08\/PHILIPS-Disney-Hercegn\u0151k-projektoros-zsebl\u00e1mpa-LED-r\u00f3zsasz\u00edn-71788-28-16-768x574.png 768w, https:\/\/hir.mediamarkt.hu\/magazin\/wp-content\/uploads\/2017\/08\/PHILIPS-Disney-Hercegn\u0151k-projektoros-zsebl\u00e1mpa-LED-r\u00f3zsasz\u00edn-71788-28-16-30x22.png 30w, https:\/\/hir.mediamarkt.hu\/magazin\/wp-content\/uploads\/2017\/08\/PHILIPS-Disney-Hercegn\u0151k-projektoros-zsebl\u00e1mpa-LED-r\u00f3zsasz\u00edn-71788-28-16-720x538.png 720w, https:\/\/hir.mediamarkt.hu\/magazin\/wp-content\/uploads\/2017\/08\/PHILIPS-Disney-Hercegn\u0151k-projektoros-zsebl\u00e1mpa-LED-r\u00f3zsasz\u00edn-71788-28-16.png 786w\" sizes=\"(max-width: 300px) 100vw, 300px\" \/>\r\n\r\n<b>Projektoros zsebl\u00e1mp\u00e1k (3189 Ft-\u00e9rt)<\/b>\r\n<h4><a href=\"http:\/\/www.mediamarkt.hu\/hu\/product\/_philips-j%C3%A9gvar%C3%A1zs-projektoros-zsebl%C3%A1mpa-led-k%C3%A9k-71788-08-16-1182590.html\" target=\"_blank\"><span style=\"font-weight: 400;\">J\u00e9gvar\u00e1zs projektoros zsebl\u00e1mpa<\/span><\/a><\/h4>\r\n<h4><a href=\"http:\/\/www.mediamarkt.hu\/hu\/product\/_philips-disney-hercegn%C5%91k-projektoros-zsebl%C3%A1mpa-led-r%C3%B3zsasz%C3%ADn-71788-28-16-1182596.html\" target=\"_blank\"><span style=\"font-weight: 400;\">Disney hercegn\u0151k projektoros zsebl\u00e1mpa<\/span><\/a><\/h4>\r\n<h4><a href=\"http:\/\/www.mediamarkt.hu\/hu\/product\/_philips-repcsik-projektoros-zsebl%C3%A1mpa-led-narancss%C3%A1rga-71788-53-16-1182599.html\" target=\"_blank\"><span style=\"font-weight: 400;\">Repcsik projektoros zsebl\u00e1mpa<\/span><\/a><\/h4>\r\n<h4><a href=\"http:\/\/www.mediamarkt.hu\/hu\/product\/_philips-verd%C3%A1k-projektoros-zsebl%C3%A1mpa-led-piros-71788-32-16-1182593.html\" target=\"_blank\"><span style=\"font-weight: 400;\">Verd\u00e1k projektoros zsebl\u00e1mpa<\/span><\/a><\/h4>\r\n<h4><a href=\"http:\/\/www.mediamarkt.hu\/hu\/product\/_philips-star-wars-projektoros-zsebl%C3%A1mpa-led-fekete-71788-99-16-1200412.html\" target=\"_blank\"><span style=\"font-weight: 400;\">Csillagok H\u00e1bor\u00faja projektoros zsebl\u00e1mpa<\/span><\/a><\/h4>\r\n&nbsp;\r\n\r\n<span style=\"font-weight: 400;\">Ekkora v\u00e1laszt\u00e9k l\u00e1tt\u00e1n m\u00e1r t\u00e9nyleg lehetetlen s\u00f6t\u00e9tben maradni\u2026<\/span>\r\n\r\n<span style=\"font-weight: 400;\">Tov\u00e1bbi zsebl\u00e1mp\u00e1k\u00e9rt <\/span><a href=\"http:\/\/www.mediamarkt.hu\/hu\/category\/_eleml%C3%A1mp%C3%A1k-568662.html\" target=\"_blank\"><span style=\"font-weight: 400;\">kattints<\/span><\/a><span style=\"font-weight: 400;\"> a MediaMarkt oldal\u00e1ra!<\/span>","protected":false},"excerpt":{"rendered":"&nbsp; Eml\u00e9kszel m\u00e9g r\u00e1, milyen volt a testv\u00e9reddel, az unokates\u00f3ddal, esetleg az ovis, vagy \u00e9pp az \u00a0iskolat\u00e1rsaiddal \u201ctakarod\u00f3 ut\u00e1n\u201d a zsebl\u00e1mpa f\u00e9ny\u00e9ben olvasgatni? Fel tudod id\u00e9zni a s\u00f6t\u00e9t \u00e9s kis, feh\u00e9r f\u00e9nycs\u00f3va adta hangulatot?","protected":false},"author":13,"featured_media":4961,"comment_status":"open","ping_status":"open","sticky":false,"template":"","format":"standard","meta":{"wprm-recipe-roundup-name":"","wprm-recipe-roundup-description":"","footnotes":""},"categories":[5984],"tags":[2179,2177,2174,2180,2146,514,2181,260,2178,2147,2173,2182,2055,2176,1927,2175],"yoast_head":"<!-- This site is optimized with the Yoast SEO plugin v22.9 - https:\/\/yoast.com\/wordpress\/plugins\/seo\/ -->\n<title>Kell egy kis \u00e1ramsz\u00fcnet\u2026Zsebl\u00e1mpa-d\u00f6mping, nem csak kicsiknek! - MediaMarkt Magazin<\/title>\n<meta name=\"robots\" content=\"index, follow, max-snippet:-1, max-image-preview:large, max-video-preview:-1\" \/>\n<link rel=\"canonical\" href=\"https:\/\/hir.mediamarkt.hu\/magazin\/kell-egy-kis-aramszunetzseblampa-domping-nem-csak-kicsiknek\/\" \/>\n<meta property=\"og:locale\" content=\"hu_HU\" \/>\n<meta property=\"og:type\" content=\"article\" \/>\n<meta property=\"og:title\" content=\"Kell egy kis \u00e1ramsz\u00fcnet\u2026Zsebl\u00e1mpa-d\u00f6mping, nem csak kicsiknek! - MediaMarkt Magazin\" \/>\n<meta property=\"og:description\" content=\"&nbsp; Eml\u00e9kszel m\u00e9g r\u00e1, milyen volt a testv\u00e9reddel, az unokates\u00f3ddal, esetleg az ovis, vagy \u00e9pp az \u00a0iskolat\u00e1rsaiddal \u201ctakarod\u00f3 ut\u00e1n\u201d a zsebl\u00e1mpa f\u00e9ny\u00e9ben olvasgatni? Fel tudod id\u00e9zni a s\u00f6t\u00e9t \u00e9s kis, feh\u00e9r f\u00e9nycs\u00f3va adta hangulatot?\" \/>\n<meta property=\"og:url\" content=\"https:\/\/hir.mediamarkt.hu\/magazin\/kell-egy-kis-aramszunetzseblampa-domping-nem-csak-kicsiknek\/\" \/>\n<meta property=\"og:site_name\" content=\"MediaMarkt Magazin\" \/>\n<meta property=\"article:publisher\" content=\"https:\/\/www.facebook.com\/MediaMarktMagyarorszag\" \/>\n<meta property=\"article:published_time\" content=\"2017-09-12T12:32:25+00:00\" \/>\n<meta property=\"article:modified_time\" content=\"2018-02-27T16:58:12+00:00\" \/>\n<meta property=\"og:image\" content=\"https:\/\/hir.mediamarkt.hu\/magazin\/wp-content\/uploads\/2017\/08\/zseb2.jpg\" \/>\n\t<meta property=\"og:image:width\" content=\"810\" \/>\n\t<meta property=\"og:image:height\" content=\"540\" \/>\n\t<meta property=\"og:image:type\" content=\"image\/jpeg\" \/>\n<meta name=\"author\" content=\"Media Markt\" \/>\n<meta name=\"twitter:label1\" content=\"Szerz\u0151:\" \/>\n\t<meta name=\"twitter:data1\" content=\"Media Markt\" \/>\n\t<meta name=\"twitter:label2\" content=\"Becs\u00fclt olvas\u00e1si id\u0151\" \/>\n\t<meta name=\"twitter:data2\" content=\"2 perc\" \/>\n<script type=\"application\/ld+json\" class=\"yoast-schema-graph\">{\"@context\":\"https:\/\/schema.org\",\"@graph\":[{\"@type\":\"WebPage\",\"@id\":\"https:\/\/hir.mediamarkt.hu\/magazin\/kell-egy-kis-aramszunetzseblampa-domping-nem-csak-kicsiknek\/\",\"url\":\"https:\/\/hir.mediamarkt.hu\/magazin\/kell-egy-kis-aramszunetzseblampa-domping-nem-csak-kicsiknek\/\",\"name\":\"Kell egy kis \u00e1ramsz\u00fcnet\u2026Zsebl\u00e1mpa-d\u00f6mping, nem csak kicsiknek! - MediaMarkt Magazin\",\"isPartOf\":{\"@id\":\"https:\/\/hir.mediamarkt.hu\/magazin\/#website\"},\"primaryImageOfPage\":{\"@id\":\"https:\/\/hir.mediamarkt.hu\/magazin\/kell-egy-kis-aramszunetzseblampa-domping-nem-csak-kicsiknek\/#primaryimage\"},\"image\":{\"@id\":\"https:\/\/hir.mediamarkt.hu\/magazin\/kell-egy-kis-aramszunetzseblampa-domping-nem-csak-kicsiknek\/#primaryimage\"},\"thumbnailUrl\":\"https:\/\/hir.mediamarkt.hu\/magazin\/wp-content\/uploads\/2017\/08\/zseb2.jpg\",\"datePublished\":\"2017-09-12T12:32:25+00:00\",\"dateModified\":\"2018-02-27T16:58:12+00:00\",\"author\":{\"@id\":\"https:\/\/hir.mediamarkt.hu\/magazin\/#\/schema\/person\/b93b02ec1ab4d2353f8d281e171c1b0b\"},\"breadcrumb\":{\"@id\":\"https:\/\/hir.mediamarkt.hu\/magazin\/kell-egy-kis-aramszunetzseblampa-domping-nem-csak-kicsiknek\/#breadcrumb\"},\"inLanguage\":\"hu\",\"potentialAction\":[{\"@type\":\"ReadAction\",\"target\":[\"https:\/\/hir.mediamarkt.hu\/magazin\/kell-egy-kis-aramszunetzseblampa-domping-nem-csak-kicsiknek\/\"]}]},{\"@type\":\"ImageObject\",\"inLanguage\":\"hu\",\"@id\":\"https:\/\/hir.mediamarkt.hu\/magazin\/kell-egy-kis-aramszunetzseblampa-domping-nem-csak-kicsiknek\/#primaryimage\",\"url\":\"https:\/\/hir.mediamarkt.hu\/magazin\/wp-content\/uploads\/2017\/08\/zseb2.jpg\",\"contentUrl\":\"https:\/\/hir.mediamarkt.hu\/magazin\/wp-content\/uploads\/2017\/08\/zseb2.jpg\",\"width\":810,\"height\":540},{\"@type\":\"BreadcrumbList\",\"@id\":\"https:\/\/hir.mediamarkt.hu\/magazin\/kell-egy-kis-aramszunetzseblampa-domping-nem-csak-kicsiknek\/#breadcrumb\",\"itemListElement\":[{\"@type\":\"ListItem\",\"position\":1,\"name\":\"Kezd\u0151lap\",\"item\":\"https:\/\/hir.mediamarkt.hu\/magazin\/\"},{\"@type\":\"ListItem\",\"position\":2,\"name\":\"Vil\u00e1g\u00edt\u00e1s\",\"item\":\"https:\/\/hir.mediamarkt.hu\/magazin\/otthon-es-kert\/vilagitas\/\"},{\"@type\":\"ListItem\",\"position\":3,\"name\":\"Kell egy kis \u00e1ramsz\u00fcnet\u2026Zsebl\u00e1mpa-d\u00f6mping, nem csak kicsiknek!\"}]},{\"@type\":\"WebSite\",\"@id\":\"https:\/\/hir.mediamarkt.hu\/magazin\/#website\",\"url\":\"https:\/\/hir.mediamarkt.hu\/magazin\/\",\"name\":\"MediaMarkt Magazin\",\"description\":\"Olvass bele magazinunkba!\",\"potentialAction\":[{\"@type\":\"SearchAction\",\"target\":{\"@type\":\"EntryPoint\",\"urlTemplate\":\"https:\/\/hir.mediamarkt.hu\/magazin\/?s={search_term_string}\"},\"query-input\":\"required name=search_term_string\"}],\"inLanguage\":\"hu\"},{\"@type\":\"Person\",\"@id\":\"https:\/\/hir.mediamarkt.hu\/magazin\/#\/schema\/person\/b93b02ec1ab4d2353f8d281e171c1b0b\",\"name\":\"Media Markt\",\"image\":{\"@type\":\"ImageObject\",\"inLanguage\":\"hu\",\"@id\":\"https:\/\/hir.mediamarkt.hu\/magazin\/#\/schema\/person\/image\/\",\"url\":\"https:\/\/secure.gravatar.com\/avatar\/602bccae8998beee472d01909f0978f1?s=96&d=mm&r=g\",\"contentUrl\":\"https:\/\/secure.gravatar.com\/avatar\/602bccae8998beee472d01909f0978f1?s=96&d=mm&r=g\",\"caption\":\"Media Markt\"}}]}<\/script>\n<!-- \/ Yoast SEO plugin. -->","yoast_head_json":{"title":"Kell egy kis \u00e1ramsz\u00fcnet\u2026Zsebl\u00e1mpa-d\u00f6mping, nem csak kicsiknek! - MediaMarkt Magazin","robots":{"index":"index","follow":"follow","max-snippet":"max-snippet:-1","max-image-preview":"max-image-preview:large","max-video-preview":"max-video-preview:-1"},"canonical":"https:\/\/hir.mediamarkt.hu\/magazin\/kell-egy-kis-aramszunetzseblampa-domping-nem-csak-kicsiknek\/","og_locale":"hu_HU","og_type":"article","og_title":"Kell egy kis \u00e1ramsz\u00fcnet\u2026Zsebl\u00e1mpa-d\u00f6mping, nem csak kicsiknek! - MediaMarkt Magazin","og_description":"&nbsp; Eml\u00e9kszel m\u00e9g r\u00e1, milyen volt a testv\u00e9reddel, az unokates\u00f3ddal, esetleg az ovis, vagy \u00e9pp az \u00a0iskolat\u00e1rsaiddal \u201ctakarod\u00f3 ut\u00e1n\u201d a zsebl\u00e1mpa f\u00e9ny\u00e9ben olvasgatni? Fel tudod id\u00e9zni a s\u00f6t\u00e9t \u00e9s kis, feh\u00e9r f\u00e9nycs\u00f3va adta hangulatot?","og_url":"https:\/\/hir.mediamarkt.hu\/magazin\/kell-egy-kis-aramszunetzseblampa-domping-nem-csak-kicsiknek\/","og_site_name":"MediaMarkt Magazin","article_publisher":"https:\/\/www.facebook.com\/MediaMarktMagyarorszag","article_published_time":"2017-09-12T12:32:25+00:00","article_modified_time":"2018-02-27T16:58:12+00:00","og_image":[{"width":810,"height":540,"url":"https:\/\/hir.mediamarkt.hu\/magazin\/wp-content\/uploads\/2017\/08\/zseb2.jpg","type":"image\/jpeg"}],"author":"Media Markt","twitter_misc":{"Szerz\u0151:":"Media Markt","Becs\u00fclt olvas\u00e1si id\u0151":"2 perc"},"schema":{"@context":"https:\/\/schema.org","@graph":[{"@type":"WebPage","@id":"https:\/\/hir.mediamarkt.hu\/magazin\/kell-egy-kis-aramszunetzseblampa-domping-nem-csak-kicsiknek\/","url":"https:\/\/hir.mediamarkt.hu\/magazin\/kell-egy-kis-aramszunetzseblampa-domping-nem-csak-kicsiknek\/","name":"Kell egy kis \u00e1ramsz\u00fcnet\u2026Zsebl\u00e1mpa-d\u00f6mping, nem csak kicsiknek! - MediaMarkt Magazin","isPartOf":{"@id":"https:\/\/hir.mediamarkt.hu\/magazin\/#website"},"primaryImageOfPage":{"@id":"https:\/\/hir.mediamarkt.hu\/magazin\/kell-egy-kis-aramszunetzseblampa-domping-nem-csak-kicsiknek\/#primaryimage"},"image":{"@id":"https:\/\/hir.mediamarkt.hu\/magazin\/kell-egy-kis-aramszunetzseblampa-domping-nem-csak-kicsiknek\/#primaryimage"},"thumbnailUrl":"https:\/\/hir.mediamarkt.hu\/magazin\/wp-content\/uploads\/2017\/08\/zseb2.jpg","datePublished":"2017-09-12T12:32:25+00:00","dateModified":"2018-02-27T16:58:12+00:00","author":{"@id":"https:\/\/hir.mediamarkt.hu\/magazin\/#\/schema\/person\/b93b02ec1ab4d2353f8d281e171c1b0b"},"breadcrumb":{"@id":"https:\/\/hir.mediamarkt.hu\/magazin\/kell-egy-kis-aramszunetzseblampa-domping-nem-csak-kicsiknek\/#breadcrumb"},"inLanguage":"hu","potentialAction":[{"@type":"ReadAction","target":["https:\/\/hir.mediamarkt.hu\/magazin\/kell-egy-kis-aramszunetzseblampa-domping-nem-csak-kicsiknek\/"]}]},{"@type":"ImageObject","inLanguage":"hu","@id":"https:\/\/hir.mediamarkt.hu\/magazin\/kell-egy-kis-aramszunetzseblampa-domping-nem-csak-kicsiknek\/#primaryimage","url":"https:\/\/hir.mediamarkt.hu\/magazin\/wp-content\/uploads\/2017\/08\/zseb2.jpg","contentUrl":"https:\/\/hir.mediamarkt.hu\/magazin\/wp-content\/uploads\/2017\/08\/zseb2.jpg","width":810,"height":540},{"@type":"BreadcrumbList","@id":"https:\/\/hir.mediamarkt.hu\/magazin\/kell-egy-kis-aramszunetzseblampa-domping-nem-csak-kicsiknek\/#breadcrumb","itemListElement":[{"@type":"ListItem","position":1,"name":"Kezd\u0151lap","item":"https:\/\/hir.mediamarkt.hu\/magazin\/"},{"@type":"ListItem","position":2,"name":"Vil\u00e1g\u00edt\u00e1s","item":"https:\/\/hir.mediamarkt.hu\/magazin\/otthon-es-kert\/vilagitas\/"},{"@type":"ListItem","position":3,"name":"Kell egy kis \u00e1ramsz\u00fcnet\u2026Zsebl\u00e1mpa-d\u00f6mping, nem csak kicsiknek!"}]},{"@type":"WebSite","@id":"https:\/\/hir.mediamarkt.hu\/magazin\/#website","url":"https:\/\/hir.mediamarkt.hu\/magazin\/","name":"MediaMarkt Magazin","description":"Olvass bele magazinunkba!","potentialAction":[{"@type":"SearchAction","target":{"@type":"EntryPoint","urlTemplate":"https:\/\/hir.mediamarkt.hu\/magazin\/?s={search_term_string}"},"query-input":"required name=search_term_string"}],"inLanguage":"hu"},{"@type":"Person","@id":"https:\/\/hir.mediamarkt.hu\/magazin\/#\/schema\/person\/b93b02ec1ab4d2353f8d281e171c1b0b","name":"Media Markt","image":{"@type":"ImageObject","inLanguage":"hu","@id":"https:\/\/hir.mediamarkt.hu\/magazin\/#\/schema\/person\/image\/","url":"https:\/\/secure.gravatar.com\/avatar\/602bccae8998beee472d01909f0978f1?s=96&d=mm&r=g","contentUrl":"https:\/\/secure.gravatar.com\/avatar\/602bccae8998beee472d01909f0978f1?s=96&d=mm&r=g","caption":"Media Markt"}}]}},"_links":{"self":[{"href":"https:\/\/hir.mediamarkt.hu\/magazin\/wp-json\/wp\/v2\/posts\/4956"}],"collection":[{"href":"https:\/\/hir.mediamarkt.hu\/magazin\/wp-json\/wp\/v2\/posts"}],"about":[{"href":"https:\/\/hir.mediamarkt.hu\/magazin\/wp-json\/wp\/v2\/types\/post"}],"author":[{"embeddable":true,"href":"https:\/\/hir.mediamarkt.hu\/magazin\/wp-json\/wp\/v2\/users\/13"}],"replies":[{"embeddable":true,"href":"https:\/\/hir.mediamarkt.hu\/magazin\/wp-json\/wp\/v2\/comments?post=4956"}],"version-history":[{"count":3,"href":"https:\/\/hir.mediamarkt.hu\/magazin\/wp-json\/wp\/v2\/posts\/4956\/revisions"}],"predecessor-version":[{"id":5031,"href":"https:\/\/hir.mediamarkt.hu\/magazin\/wp-json\/wp\/v2\/posts\/4956\/revisions\/5031"}],"wp:featuredmedia":[{"embeddable":true,"href":"https:\/\/hir.mediamarkt.hu\/magazin\/wp-json\/wp\/v2\/media\/4961"}],"wp:attachment":[{"href":"https:\/\/hir.mediamarkt.hu\/magazin\/wp-json\/wp\/v2\/media?parent=4956"}],"wp:term":[{"taxonomy":"category","embeddable":true,"href":"https:\/\/hir.mediamarkt.hu\/magazin\/wp-json\/wp\/v2\/categories?post=4956"},{"taxonomy":"post_tag","embeddable":true,"href":"https:\/\/hir.mediamarkt.hu\/magazin\/wp-json\/wp\/v2\/tags?post=4956"}],"curies":[{"name":"wp","href":"https:\/\/api.w.org\/{rel}","templated":true}]}}