{"id":5018,"date":"2018-02-22T08:00:49","date_gmt":"2018-02-22T07:00:49","guid":{"rendered":"http:\/\/hir.mediamarkt.hu\/magazin\/?p=5018"},"modified":"2018-02-27T17:43:01","modified_gmt":"2018-02-27T16:43:01","slug":"edes-elet-edes-csabitasok-vattacukorral-es-csokival-folyo-kanaan-otthon","status":"publish","type":"post","link":"https:\/\/hir.mediamarkt.hu\/magazin\/edes-elet-edes-csabitasok-vattacukorral-es-csokival-folyo-kanaan-otthon\/","title":{"rendered":"\u00c9des \u00e9let, \u00e9des cs\u00e1b\u00edt\u00e1sok! Vattacukorral \u00e9s csokival foly\u00f3 k\u00e1na\u00e1n. Otthon!"},"content":{"rendered":"<strong>B\u00e1r sok \u00e9rv sz\u00f3l a fokozott cukor fogyaszt\u00e1s ellen, n\u00e9ha egyszer\u0171en musz\u00e1j elcs\u00e1bulni. H\u00e1t m\u00e9g akkor, ha a sz\u00edv\u00fcnknek, \u00e9s ez\u00fattal a szem\u00fcnknek is oly\u2019 kedves \u00e9dess\u00e9gekr\u0151l van sz\u00f3. J\u00f6het egy kis b\u0171nbees\u00e9s\u2026?<\/strong><!--more-->\r\n\r\nNem tudjuk, a magyar t\u00e1rsadalom tagjainak h\u00e1ny sz\u00e1zal\u00e9ka \u00e1lmodozott valaha egy saj\u00e1t vattacukork\u00e9sz\u00edt\u0151 g\u00e9pr\u0151l. De bizonyosan sokan. A sz\u00ednes, finoman a hurkap\u00e1lc\u00e1ra tekerd\u0151 habk\u00f6nny\u0171 \u201cfelh\u0151cske\u201d szinte minden gyerek h\u0151n \u00e1h\u00edtott \u00e1lma. \u00c9s ez a vonzalom sokak sz\u00e1m\u00e1ra feln\u0151tt fejjel sem cs\u00f6kken.\r\n\r\nH\u00e1t nem lenne elk\u00e9peszt\u0151, ha otthon b\u00e1rmikor hozz\u00e1 tudn\u00e1nk jutni a finoms\u00e1ghoz? Arr\u00f3l nem is besz\u00e9lve, milyen n\u00e9pszer\u0171ek lenn\u00e9nk egy-egy \u00f6sszej\u00f6vetelen, gyerekzs\u00faron. \u00c9s akkor nem is eml\u00edtett\u00fck a vattacukrot, mint t\u00f6k\u00e9letes es\u00fcv\u0151i dekor\u00e1ci\u00f3t\u2026\u00a0<span style=\"font-weight: 400;\">\u00dagy v\u00e9lj\u00fck, nincs nagyon tov\u00e1bbi k\u00e9rd\u0151jel, mi\u00e9rt is k\u00e9ne mindenk\u00e9pp otthonra egy szuper kis g\u00e9p, amib\u0151l csak \u00fagy \u00e1rad a finom illat, na meg a nosztalgia!<\/span>\r\n\r\n<img loading=\"lazy\" decoding=\"async\" class=\"alignnone wp-image-5023\" src=\"http:\/\/hir.mediamarkt.hu\/magazin\/wp-content\/uploads\/2017\/09\/vat2-300x224.png\" alt=\"\" width=\"500\" height=\"373\" srcset=\"https:\/\/hir.mediamarkt.hu\/magazin\/wp-content\/uploads\/2017\/09\/vat2-300x224.png 300w, https:\/\/hir.mediamarkt.hu\/magazin\/wp-content\/uploads\/2017\/09\/vat2-275x205.png 275w, https:\/\/hir.mediamarkt.hu\/magazin\/wp-content\/uploads\/2017\/09\/vat2-768x574.png 768w, https:\/\/hir.mediamarkt.hu\/magazin\/wp-content\/uploads\/2017\/09\/vat2-720x538.png 720w, https:\/\/hir.mediamarkt.hu\/magazin\/wp-content\/uploads\/2017\/09\/vat2.png 786w\" sizes=\"(max-width: 500px) 100vw, 500px\" \/>\r\n\r\n<span style=\"font-weight: 400;\">Romantikusabb est\u00e9kre pedig j\u00f6jj\u00f6n egy csokisz\u00f6k\u0151k\u00fat! Persze ezzel is egy-egy \u00f6sszej\u00f6vetel szt\u00e1rjai lehet\u00fcnk. De tal\u00e1n meghitt est\u00e9khez is kiv\u00e1l\u00f3 kieg\u00e9sz\u00edt\u0151 lehet egy ilyen apr\u00f3 h\u00e1ztart\u00e1si g\u00e9p. Eper vagy pillecukor m\u00e1rtogat\u00e1s ut\u00e1n m\u00e9g \u00e9desebb az els\u0151 cs\u00f3k!<\/span>\r\n\r\n<strong>Szerezze be az \u00e9des kis k\u00e9sz\u00fcl\u00e9keket a\u00a0MediaMarktban, ak\u00e1r m\u00e1r ma!<\/strong>\r\n\r\n<img loading=\"lazy\" decoding=\"async\" class=\"alignnone wp-image-5022\" src=\"http:\/\/hir.mediamarkt.hu\/magazin\/wp-content\/uploads\/2017\/09\/vat1-300x224.png\" alt=\"\" width=\"500\" height=\"373\" srcset=\"https:\/\/hir.mediamarkt.hu\/magazin\/wp-content\/uploads\/2017\/09\/vat1-300x224.png 300w, https:\/\/hir.mediamarkt.hu\/magazin\/wp-content\/uploads\/2017\/09\/vat1-275x205.png 275w, https:\/\/hir.mediamarkt.hu\/magazin\/wp-content\/uploads\/2017\/09\/vat1-768x574.png 768w, https:\/\/hir.mediamarkt.hu\/magazin\/wp-content\/uploads\/2017\/09\/vat1-720x538.png 720w, https:\/\/hir.mediamarkt.hu\/magazin\/wp-content\/uploads\/2017\/09\/vat1.png 786w\" sizes=\"(max-width: 500px) 100vw, 500px\" \/>\r\n<ul>\r\n \t<li><b>ARIETE 2971 retro vattacukor k\u00e9sz\u00edt\u0151, <\/b><a href=\"http:\/\/www.mediamarkt.hu\/hu\/product\/_ariete-2971-retro-vattacukor-k%C3%A9sz%C3%ADt%C5%91-1117974.html\"><b>14 390 Ft<\/b><\/a><\/li>\r\n<\/ul>\r\nA vattacukor a vil\u00e1g minden r\u00e9sz\u00e9n a karnev\u00e1lok, v\u00e1s\u00e1rok, b\u00facs\u00fak szok\u00e1sos eledele! Az Ariete 2971 Party Time Cotton Candy vattacukor k\u00e9sz\u00edt\u0151 haszn\u00e1lhat\u00f3 krist\u00e1lycukorral \u00e9s selyemcukorral egyar\u00e1nt, \u00edgy a saj\u00e1t \u00edzl\u00e9snek megfelel\u0151en k\u00e9sz\u00edthet\u0151 el t\u00f6bbf\u00e9le vattacukor mostant\u00f3l otthon is!\r\n\r\nSz\u00edn: Piros\r\n\r\n<span style=\"font-weight: 400;\">K\u00fcl\u00f6nleges jellemz\u0151k: K\u00f6nnyen tiszt\u00edthat\u00f3, M\u00e9r\u0151kan\u00e1l, K\u00e9t m\u0171anyag k\u00fappal, Krist\u00e1lycukorral \u00e9s kem\u00e9nycukorral is haszn\u00e1lhat\u00f3<\/span>\r\n\r\n<span style=\"font-weight: 400;\">S\u00faly: 1.68 kg<\/span>\r\n\r\n<span style=\"font-weight: 400;\">Gy\u00e1rt\u00f3i garancia: 24 h\u00f3nap<\/span>\r\n\r\n<span style=\"font-weight: 400;\">Teljes\u00edtm\u00e9ny: 450 W<\/span>\r\n\r\n<span style=\"font-weight: 400;\">Tartoz\u00e9k: adagol\u00f3kan\u00e1l \u00e9s 2 db m\u0171anyag k\u00fap a vattacukorhoz<\/span>\r\n\r\n<span style=\"font-weight: 400;\">Haszn\u00e1lhat\u00f3 krist\u00e1lycukorral \u00e9s kem\u00e9ny cukork\u00e1val is<\/span>\r\n\r\n<span style=\"font-weight: 400;\">K\u00f6nnyen sz\u00e9tszedhet\u0151, \u00e9s tiszt\u00edthat\u00f3<\/span>\r\n\r\n<img loading=\"lazy\" decoding=\"async\" class=\"alignnone wp-image-5020\" src=\"http:\/\/hir.mediamarkt.hu\/magazin\/wp-content\/uploads\/2017\/09\/cso1-300x224.png\" alt=\"\" width=\"500\" height=\"373\" srcset=\"https:\/\/hir.mediamarkt.hu\/magazin\/wp-content\/uploads\/2017\/09\/cso1-300x224.png 300w, https:\/\/hir.mediamarkt.hu\/magazin\/wp-content\/uploads\/2017\/09\/cso1-275x205.png 275w, https:\/\/hir.mediamarkt.hu\/magazin\/wp-content\/uploads\/2017\/09\/cso1-768x574.png 768w, https:\/\/hir.mediamarkt.hu\/magazin\/wp-content\/uploads\/2017\/09\/cso1-720x538.png 720w, https:\/\/hir.mediamarkt.hu\/magazin\/wp-content\/uploads\/2017\/09\/cso1.png 786w\" sizes=\"(max-width: 500px) 100vw, 500px\" \/>\r\n<ul>\r\n \t<li><b>ARIETE 2962 csokisz\u00f6k\u0151k\u00fat, <\/b><a href=\"http:\/\/www.mediamarkt.hu\/hu\/product\/_ariete-2962-csokisz%C3%B6k%C5%91k%C3%BAt-1219677.html\"><b>14 399 Ft<\/b><\/a><\/li>\r\n<\/ul>\r\nSz\u00edn: Piros\r\n\r\n<span style=\"font-weight: 400;\">Max. teljes\u00edtm\u00e9ny: 90 W <\/span>\r\n\r\n<span style=\"font-weight: 400;\">Kapacit\u00e1s (f\u0151z\u00e9si folyad\u00e9k): 500 g <\/span>\r\n\r\n<span style=\"font-weight: 400;\">K\u00fcl\u00f6nleges jellemz\u0151k: Retro desing, Party term\u00e9k <\/span>\r\n\r\n<span style=\"font-weight: 400;\">Sz\u00e9less\u00e9g: 170 mm Magass\u00e1g: 300 mm M\u00e9lys\u00e9g: 170 mm<\/span>\r\n\r\n<span style=\"font-weight: 400;\">Rozsdamentes ac\u00e9l torony<\/span>\r\n\r\n<span style=\"font-weight: 400;\">PTC f\u0171t\u0151rendszer, a gyors \u00e9s biztons\u00e1gos meleg\u00edt\u00e9s\u00e9rt<\/span>\r\n\r\n<span style=\"font-weight: 400;\">Teljesen sz\u00e9tszedhet\u0151, k\u00f6nnyen tiszt\u00edthat\u00f3<\/span>\r\n\r\n&nbsp;\r\n\r\n<strong>Ha a b\u0171n\u00f6s \u00e9lvezetek helyett ink\u00e1bb tisztuln\u00e1l, <a href=\"http:\/\/hir.mediamarkt.hu\/magazin\/tisztito-kura-szenvedes-nelkul-5-tipp\/\">itt olvashatod el 5 tipp\u00fcnket<\/a> a tavaszi meg\u00fajul\u00e1ssal kapcsolatban!<\/strong>","protected":false},"excerpt":{"rendered":"B\u00e1r sok \u00e9rv sz\u00f3l a fokozott cukor fogyaszt\u00e1s ellen, n\u00e9ha egyszer\u0171en musz\u00e1j elcs\u00e1bulni. H\u00e1t m\u00e9g akkor, ha a sz\u00edv\u00fcnknek, \u00e9s ez\u00fattal a szem\u00fcnknek is oly\u2019 kedves \u00e9dess\u00e9gekr\u0151l van sz\u00f3. J\u00f6het egy kis b\u0171nbees\u00e9s\u2026?","protected":false},"author":13,"featured_media":5455,"comment_status":"open","ping_status":"open","sticky":false,"template":"","format":"standard","meta":{"wprm-recipe-roundup-name":"","wprm-recipe-roundup-description":"","footnotes":""},"categories":[5965,5976],"tags":[2209,2206,2207,2204,2135,2210,1068,2173,2208,2205],"yoast_head":"<!-- This site is optimized with the Yoast SEO plugin v22.9 - https:\/\/yoast.com\/wordpress\/plugins\/seo\/ -->\n<title>\u00c9des \u00e9let, \u00e9des cs\u00e1b\u00edt\u00e1sok! Vattacukorral \u00e9s csokival foly\u00f3 k\u00e1na\u00e1n. Otthon! - MediaMarkt Magazin<\/title>\n<meta name=\"robots\" content=\"index, follow, max-snippet:-1, max-image-preview:large, max-video-preview:-1\" \/>\n<link rel=\"canonical\" href=\"https:\/\/hir.mediamarkt.hu\/magazin\/edes-elet-edes-csabitasok-vattacukorral-es-csokival-folyo-kanaan-otthon\/\" \/>\n<meta property=\"og:locale\" content=\"hu_HU\" \/>\n<meta property=\"og:type\" content=\"article\" \/>\n<meta property=\"og:title\" content=\"\u00c9des \u00e9let, \u00e9des cs\u00e1b\u00edt\u00e1sok! Vattacukorral \u00e9s csokival foly\u00f3 k\u00e1na\u00e1n. Otthon! - MediaMarkt Magazin\" \/>\n<meta property=\"og:description\" content=\"B\u00e1r sok \u00e9rv sz\u00f3l a fokozott cukor fogyaszt\u00e1s ellen, n\u00e9ha egyszer\u0171en musz\u00e1j elcs\u00e1bulni. H\u00e1t m\u00e9g akkor, ha a sz\u00edv\u00fcnknek, \u00e9s ez\u00fattal a szem\u00fcnknek is oly\u2019 kedves \u00e9dess\u00e9gekr\u0151l van sz\u00f3. J\u00f6het egy kis b\u0171nbees\u00e9s\u2026?\" \/>\n<meta property=\"og:url\" content=\"https:\/\/hir.mediamarkt.hu\/magazin\/edes-elet-edes-csabitasok-vattacukorral-es-csokival-folyo-kanaan-otthon\/\" \/>\n<meta property=\"og:site_name\" content=\"MediaMarkt Magazin\" \/>\n<meta property=\"article:publisher\" content=\"https:\/\/www.facebook.com\/MediaMarktMagyarorszag\" \/>\n<meta property=\"article:published_time\" content=\"2018-02-22T07:00:49+00:00\" \/>\n<meta property=\"article:modified_time\" content=\"2018-02-27T16:43:01+00:00\" \/>\n<meta property=\"og:image\" content=\"https:\/\/hir.mediamarkt.hu\/magazin\/wp-content\/uploads\/2018\/02\/pexels-photo-792812.jpeg\" \/>\n\t<meta property=\"og:image:width\" content=\"1128\" \/>\n\t<meta property=\"og:image:height\" content=\"750\" \/>\n\t<meta property=\"og:image:type\" content=\"image\/jpeg\" \/>\n<meta name=\"author\" content=\"Media Markt\" \/>\n<meta name=\"twitter:label1\" content=\"Szerz\u0151:\" \/>\n\t<meta name=\"twitter:data1\" content=\"Media Markt\" \/>\n\t<meta name=\"twitter:label2\" content=\"Becs\u00fclt olvas\u00e1si id\u0151\" \/>\n\t<meta name=\"twitter:data2\" content=\"3 perc\" \/>\n<script type=\"application\/ld+json\" class=\"yoast-schema-graph\">{\"@context\":\"https:\/\/schema.org\",\"@graph\":[{\"@type\":\"WebPage\",\"@id\":\"https:\/\/hir.mediamarkt.hu\/magazin\/edes-elet-edes-csabitasok-vattacukorral-es-csokival-folyo-kanaan-otthon\/\",\"url\":\"https:\/\/hir.mediamarkt.hu\/magazin\/edes-elet-edes-csabitasok-vattacukorral-es-csokival-folyo-kanaan-otthon\/\",\"name\":\"\u00c9des \u00e9let, \u00e9des cs\u00e1b\u00edt\u00e1sok! Vattacukorral \u00e9s csokival foly\u00f3 k\u00e1na\u00e1n. Otthon! - MediaMarkt Magazin\",\"isPartOf\":{\"@id\":\"https:\/\/hir.mediamarkt.hu\/magazin\/#website\"},\"primaryImageOfPage\":{\"@id\":\"https:\/\/hir.mediamarkt.hu\/magazin\/edes-elet-edes-csabitasok-vattacukorral-es-csokival-folyo-kanaan-otthon\/#primaryimage\"},\"image\":{\"@id\":\"https:\/\/hir.mediamarkt.hu\/magazin\/edes-elet-edes-csabitasok-vattacukorral-es-csokival-folyo-kanaan-otthon\/#primaryimage\"},\"thumbnailUrl\":\"https:\/\/hir.mediamarkt.hu\/magazin\/wp-content\/uploads\/2018\/02\/pexels-photo-792812.jpeg\",\"datePublished\":\"2018-02-22T07:00:49+00:00\",\"dateModified\":\"2018-02-27T16:43:01+00:00\",\"author\":{\"@id\":\"https:\/\/hir.mediamarkt.hu\/magazin\/#\/schema\/person\/b93b02ec1ab4d2353f8d281e171c1b0b\"},\"breadcrumb\":{\"@id\":\"https:\/\/hir.mediamarkt.hu\/magazin\/edes-elet-edes-csabitasok-vattacukorral-es-csokival-folyo-kanaan-otthon\/#breadcrumb\"},\"inLanguage\":\"hu\",\"potentialAction\":[{\"@type\":\"ReadAction\",\"target\":[\"https:\/\/hir.mediamarkt.hu\/magazin\/edes-elet-edes-csabitasok-vattacukorral-es-csokival-folyo-kanaan-otthon\/\"]}]},{\"@type\":\"ImageObject\",\"inLanguage\":\"hu\",\"@id\":\"https:\/\/hir.mediamarkt.hu\/magazin\/edes-elet-edes-csabitasok-vattacukorral-es-csokival-folyo-kanaan-otthon\/#primaryimage\",\"url\":\"https:\/\/hir.mediamarkt.hu\/magazin\/wp-content\/uploads\/2018\/02\/pexels-photo-792812.jpeg\",\"contentUrl\":\"https:\/\/hir.mediamarkt.hu\/magazin\/wp-content\/uploads\/2018\/02\/pexels-photo-792812.jpeg\",\"width\":1128,\"height\":750},{\"@type\":\"BreadcrumbList\",\"@id\":\"https:\/\/hir.mediamarkt.hu\/magazin\/edes-elet-edes-csabitasok-vattacukorral-es-csokival-folyo-kanaan-otthon\/#breadcrumb\",\"itemListElement\":[{\"@type\":\"ListItem\",\"position\":1,\"name\":\"Kezd\u0151lap\",\"item\":\"https:\/\/hir.mediamarkt.hu\/magazin\/\"},{\"@type\":\"ListItem\",\"position\":2,\"name\":\"\u00c9des \u00e9let, \u00e9des cs\u00e1b\u00edt\u00e1sok! Vattacukorral \u00e9s csokival foly\u00f3 k\u00e1na\u00e1n. Otthon!\"}]},{\"@type\":\"WebSite\",\"@id\":\"https:\/\/hir.mediamarkt.hu\/magazin\/#website\",\"url\":\"https:\/\/hir.mediamarkt.hu\/magazin\/\",\"name\":\"MediaMarkt Magazin\",\"description\":\"Olvass bele magazinunkba!\",\"potentialAction\":[{\"@type\":\"SearchAction\",\"target\":{\"@type\":\"EntryPoint\",\"urlTemplate\":\"https:\/\/hir.mediamarkt.hu\/magazin\/?s={search_term_string}\"},\"query-input\":\"required name=search_term_string\"}],\"inLanguage\":\"hu\"},{\"@type\":\"Person\",\"@id\":\"https:\/\/hir.mediamarkt.hu\/magazin\/#\/schema\/person\/b93b02ec1ab4d2353f8d281e171c1b0b\",\"name\":\"Media Markt\",\"image\":{\"@type\":\"ImageObject\",\"inLanguage\":\"hu\",\"@id\":\"https:\/\/hir.mediamarkt.hu\/magazin\/#\/schema\/person\/image\/\",\"url\":\"https:\/\/secure.gravatar.com\/avatar\/602bccae8998beee472d01909f0978f1?s=96&d=mm&r=g\",\"contentUrl\":\"https:\/\/secure.gravatar.com\/avatar\/602bccae8998beee472d01909f0978f1?s=96&d=mm&r=g\",\"caption\":\"Media Markt\"}}]}<\/script>\n<!-- \/ Yoast SEO plugin. -->","yoast_head_json":{"title":"\u00c9des \u00e9let, \u00e9des cs\u00e1b\u00edt\u00e1sok! Vattacukorral \u00e9s csokival foly\u00f3 k\u00e1na\u00e1n. Otthon! - MediaMarkt Magazin","robots":{"index":"index","follow":"follow","max-snippet":"max-snippet:-1","max-image-preview":"max-image-preview:large","max-video-preview":"max-video-preview:-1"},"canonical":"https:\/\/hir.mediamarkt.hu\/magazin\/edes-elet-edes-csabitasok-vattacukorral-es-csokival-folyo-kanaan-otthon\/","og_locale":"hu_HU","og_type":"article","og_title":"\u00c9des \u00e9let, \u00e9des cs\u00e1b\u00edt\u00e1sok! Vattacukorral \u00e9s csokival foly\u00f3 k\u00e1na\u00e1n. Otthon! - MediaMarkt Magazin","og_description":"B\u00e1r sok \u00e9rv sz\u00f3l a fokozott cukor fogyaszt\u00e1s ellen, n\u00e9ha egyszer\u0171en musz\u00e1j elcs\u00e1bulni. H\u00e1t m\u00e9g akkor, ha a sz\u00edv\u00fcnknek, \u00e9s ez\u00fattal a szem\u00fcnknek is oly\u2019 kedves \u00e9dess\u00e9gekr\u0151l van sz\u00f3. J\u00f6het egy kis b\u0171nbees\u00e9s\u2026?","og_url":"https:\/\/hir.mediamarkt.hu\/magazin\/edes-elet-edes-csabitasok-vattacukorral-es-csokival-folyo-kanaan-otthon\/","og_site_name":"MediaMarkt Magazin","article_publisher":"https:\/\/www.facebook.com\/MediaMarktMagyarorszag","article_published_time":"2018-02-22T07:00:49+00:00","article_modified_time":"2018-02-27T16:43:01+00:00","og_image":[{"width":1128,"height":750,"url":"https:\/\/hir.mediamarkt.hu\/magazin\/wp-content\/uploads\/2018\/02\/pexels-photo-792812.jpeg","type":"image\/jpeg"}],"author":"Media Markt","twitter_misc":{"Szerz\u0151:":"Media Markt","Becs\u00fclt olvas\u00e1si id\u0151":"3 perc"},"schema":{"@context":"https:\/\/schema.org","@graph":[{"@type":"WebPage","@id":"https:\/\/hir.mediamarkt.hu\/magazin\/edes-elet-edes-csabitasok-vattacukorral-es-csokival-folyo-kanaan-otthon\/","url":"https:\/\/hir.mediamarkt.hu\/magazin\/edes-elet-edes-csabitasok-vattacukorral-es-csokival-folyo-kanaan-otthon\/","name":"\u00c9des \u00e9let, \u00e9des cs\u00e1b\u00edt\u00e1sok! Vattacukorral \u00e9s csokival foly\u00f3 k\u00e1na\u00e1n. Otthon! - MediaMarkt Magazin","isPartOf":{"@id":"https:\/\/hir.mediamarkt.hu\/magazin\/#website"},"primaryImageOfPage":{"@id":"https:\/\/hir.mediamarkt.hu\/magazin\/edes-elet-edes-csabitasok-vattacukorral-es-csokival-folyo-kanaan-otthon\/#primaryimage"},"image":{"@id":"https:\/\/hir.mediamarkt.hu\/magazin\/edes-elet-edes-csabitasok-vattacukorral-es-csokival-folyo-kanaan-otthon\/#primaryimage"},"thumbnailUrl":"https:\/\/hir.mediamarkt.hu\/magazin\/wp-content\/uploads\/2018\/02\/pexels-photo-792812.jpeg","datePublished":"2018-02-22T07:00:49+00:00","dateModified":"2018-02-27T16:43:01+00:00","author":{"@id":"https:\/\/hir.mediamarkt.hu\/magazin\/#\/schema\/person\/b93b02ec1ab4d2353f8d281e171c1b0b"},"breadcrumb":{"@id":"https:\/\/hir.mediamarkt.hu\/magazin\/edes-elet-edes-csabitasok-vattacukorral-es-csokival-folyo-kanaan-otthon\/#breadcrumb"},"inLanguage":"hu","potentialAction":[{"@type":"ReadAction","target":["https:\/\/hir.mediamarkt.hu\/magazin\/edes-elet-edes-csabitasok-vattacukorral-es-csokival-folyo-kanaan-otthon\/"]}]},{"@type":"ImageObject","inLanguage":"hu","@id":"https:\/\/hir.mediamarkt.hu\/magazin\/edes-elet-edes-csabitasok-vattacukorral-es-csokival-folyo-kanaan-otthon\/#primaryimage","url":"https:\/\/hir.mediamarkt.hu\/magazin\/wp-content\/uploads\/2018\/02\/pexels-photo-792812.jpeg","contentUrl":"https:\/\/hir.mediamarkt.hu\/magazin\/wp-content\/uploads\/2018\/02\/pexels-photo-792812.jpeg","width":1128,"height":750},{"@type":"BreadcrumbList","@id":"https:\/\/hir.mediamarkt.hu\/magazin\/edes-elet-edes-csabitasok-vattacukorral-es-csokival-folyo-kanaan-otthon\/#breadcrumb","itemListElement":[{"@type":"ListItem","position":1,"name":"Kezd\u0151lap","item":"https:\/\/hir.mediamarkt.hu\/magazin\/"},{"@type":"ListItem","position":2,"name":"\u00c9des \u00e9let, \u00e9des cs\u00e1b\u00edt\u00e1sok! Vattacukorral \u00e9s csokival foly\u00f3 k\u00e1na\u00e1n. Otthon!"}]},{"@type":"WebSite","@id":"https:\/\/hir.mediamarkt.hu\/magazin\/#website","url":"https:\/\/hir.mediamarkt.hu\/magazin\/","name":"MediaMarkt Magazin","description":"Olvass bele magazinunkba!","potentialAction":[{"@type":"SearchAction","target":{"@type":"EntryPoint","urlTemplate":"https:\/\/hir.mediamarkt.hu\/magazin\/?s={search_term_string}"},"query-input":"required name=search_term_string"}],"inLanguage":"hu"},{"@type":"Person","@id":"https:\/\/hir.mediamarkt.hu\/magazin\/#\/schema\/person\/b93b02ec1ab4d2353f8d281e171c1b0b","name":"Media Markt","image":{"@type":"ImageObject","inLanguage":"hu","@id":"https:\/\/hir.mediamarkt.hu\/magazin\/#\/schema\/person\/image\/","url":"https:\/\/secure.gravatar.com\/avatar\/602bccae8998beee472d01909f0978f1?s=96&d=mm&r=g","contentUrl":"https:\/\/secure.gravatar.com\/avatar\/602bccae8998beee472d01909f0978f1?s=96&d=mm&r=g","caption":"Media Markt"}}]}},"_links":{"self":[{"href":"https:\/\/hir.mediamarkt.hu\/magazin\/wp-json\/wp\/v2\/posts\/5018"}],"collection":[{"href":"https:\/\/hir.mediamarkt.hu\/magazin\/wp-json\/wp\/v2\/posts"}],"about":[{"href":"https:\/\/hir.mediamarkt.hu\/magazin\/wp-json\/wp\/v2\/types\/post"}],"author":[{"embeddable":true,"href":"https:\/\/hir.mediamarkt.hu\/magazin\/wp-json\/wp\/v2\/users\/13"}],"replies":[{"embeddable":true,"href":"https:\/\/hir.mediamarkt.hu\/magazin\/wp-json\/wp\/v2\/comments?post=5018"}],"version-history":[{"count":4,"href":"https:\/\/hir.mediamarkt.hu\/magazin\/wp-json\/wp\/v2\/posts\/5018\/revisions"}],"predecessor-version":[{"id":5454,"href":"https:\/\/hir.mediamarkt.hu\/magazin\/wp-json\/wp\/v2\/posts\/5018\/revisions\/5454"}],"wp:featuredmedia":[{"embeddable":true,"href":"https:\/\/hir.mediamarkt.hu\/magazin\/wp-json\/wp\/v2\/media\/5455"}],"wp:attachment":[{"href":"https:\/\/hir.mediamarkt.hu\/magazin\/wp-json\/wp\/v2\/media?parent=5018"}],"wp:term":[{"taxonomy":"category","embeddable":true,"href":"https:\/\/hir.mediamarkt.hu\/magazin\/wp-json\/wp\/v2\/categories?post=5018"},{"taxonomy":"post_tag","embeddable":true,"href":"https:\/\/hir.mediamarkt.hu\/magazin\/wp-json\/wp\/v2\/tags?post=5018"}],"curies":[{"name":"wp","href":"https:\/\/api.w.org\/{rel}","templated":true}]}}