{"id":5045,"date":"2017-09-28T10:38:51","date_gmt":"2017-09-28T09:38:51","guid":{"rendered":"http:\/\/hir.mediamarkt.hu\/magazin\/?p=5045"},"modified":"2018-02-27T17:57:45","modified_gmt":"2018-02-27T16:57:45","slug":"kave-a-filmvasznon","status":"publish","type":"post","link":"https:\/\/hir.mediamarkt.hu\/magazin\/kave-a-filmvasznon\/","title":{"rendered":"K\u00e1v\u00e9 a filmv\u00e1sznon"},"content":{"rendered":"<b>Vannak k\u00e1v\u00e9 f\u00fcgg\u0151k \u00e9s vannak film\u0151r\u00fcltek. \u00c9s persze van egy, tal\u00e1n nem is olyan sz\u0171k metszete az emberis\u00e9gnek, amely mindk\u00e9t ir\u00e1nyzat ir\u00e1nt rajong. Hogy az al\u00e1bbi filmek k\u00e9sz\u00edt\u0151i vajon ebbe a sz\u00f3r\u00e1sba esnek-e, nem tudhatjuk. De az biztos, hogy sz\u00e1mos n\u00e9z\u0151 sz\u00e1m\u00e1ra sz\u00edvet melenget\u0151 alkot\u00e1sokat hoztak l\u00e9tre, k\u00f6zponti szerepbe helyezve azt a bizonyos g\u0151z\u00f6lg\u0151, feket\u00e9s-aranybarn\u00e1s italt\u2026<\/b><!--more-->\r\n\r\n<span style=\"font-weight: 400;\">B\u00e1r egy-egy cs\u00e9sze k\u00e1v\u00e9 elfogyaszt\u00e1sa a filmv\u00e1sznon nem ritka jelens\u00e9g, n\u00e9h\u00e1ny forgat\u00f3k\u00f6nyv\u00edr\u00f3 \u00e9s rendez\u0151 szinte f\u0151h\u0151sk\u00e9nt kezeli a koffeintartalm\u00fa italt. Van, aki a szertart\u00e1soss\u00e1got, m\u00e1sok a f\u00fcgg\u0151s\u00e9get, valaki a fogyaszt\u00e1s helysz\u00edn\u00e9t, vagyis a k\u00fcl\u00f6nb\u00f6z\u0151 szitu\u00e1ci\u00f3k sz\u00e1m\u00e1ra kiv\u00e1l\u00f3 helysz\u00ednk\u00e9nt szolg\u00e1l\u00f3 k\u00e1v\u00e9z\u00f3kat helyezi a dramaturgia k\u00f6z\u00e9ppontj\u00e1ba.<\/span>\r\n\r\n<span style=\"font-weight: 400;\">\u00c9s ahogy Husz\u00e1rik Zolt\u00e1n, S\u00e1ra S\u00e1ndor \u00e9s a zseni\u00e1lis v\u00e1g\u00e1sok\u00e9rt felel\u0151s Morell Mih\u00e1ly keze alatt megsz\u00fcletett a minden magyar retin\u00e1j\u00e1ba be\u00e9gett h\u00fasleves \u00e9s vel\u0151scsont ev\u00e9s, \u00fagy k\u00e9sz\u00fclt el p\u00e1r, szint\u00e9n \u00f6r\u00f6kre eml\u00e9kezetes, k\u00e1v\u00e9z\u00e1shoz k\u00f6t\u0151d\u0151 jelenet is a filmt\u00f6rt\u00e9net sor\u00e1n. <\/span>\r\n\r\n<span style=\"font-weight: 400;\">A teljess\u00e9g ig\u00e9nye n\u00e9lk\u00fcl \u00f6sszeszedt\u00fcnk p\u00e1r remek alkot\u00e1st mindazoknak, akik meg vannak \u0151r\u00fclve a feket\u00e9\u00e9rt. H\u00e1tha tudunk m\u00e9g \u00fajat mondani a t\u00e9m\u00e1ban\u2026<\/span>De m\u00e1r az is nagyszer\u0171, ha kicsit meg tudjuk csiklandozni a mozi \u0151r\u00fcltek \u00edzlel\u0151bimb\u00f3it.\r\n\r\n<span style=\"font-weight: 400;\">J\u00f6jj\u00f6n teh\u00e1t 10+1 filmes alkot\u00e1s, f\u0151szerepben a k\u00e1v\u00e9val! \u00c9s hogy ne \u00e9rjen senkit v\u00e1ratlanul a k\u00e9pkock\u00e1k hat\u00e1s\u00e1ra berobban\u00f3 koffein \u00e9hs\u00e9g, minden film alatt elhelyezt\u00fcnk egy \u201c<\/span><span style=\"font-weight: 400;\">K\u00e1v\u00e9-sz\u00fcks\u00e9glet mutat\u00f3t\u201d, \u00edgy felk\u00e9sz\u00fclten \u00fclhet\u00fcnk le DVD-inkkel a tv, a h\u00e1zimozirendszer vagy \u00e9pp a laptop el\u00e9.<\/span>\r\n\r\n&nbsp;\r\n\r\n&nbsp;\r\n<ul>\r\n \t<li><b>K\u00e1v\u00e9 \u00e9s cigaretta \/ Coffe and Cigarette, 2003 (Jim Jarmuch)<\/b><\/li>\r\n<\/ul>\r\n&nbsp;\r\n\r\n<img loading=\"lazy\" decoding=\"async\" class=\"alignnone size-medium wp-image-5049\" src=\"http:\/\/hir.mediamarkt.hu\/magazin\/wp-content\/uploads\/2017\/09\/MM_k\u00e1v\u00e9-\u00e9s-film4-300x163.jpg\" alt=\"\" width=\"300\" height=\"163\" srcset=\"https:\/\/hir.mediamarkt.hu\/magazin\/wp-content\/uploads\/2017\/09\/MM_k\u00e1v\u00e9-\u00e9s-film4-300x163.jpg 300w, https:\/\/hir.mediamarkt.hu\/magazin\/wp-content\/uploads\/2017\/09\/MM_k\u00e1v\u00e9-\u00e9s-film4-275x149.jpg 275w, https:\/\/hir.mediamarkt.hu\/magazin\/wp-content\/uploads\/2017\/09\/MM_k\u00e1v\u00e9-\u00e9s-film4.jpg 560w\" sizes=\"(max-width: 300px) 100vw, 300px\" \/>\r\n\r\n<span style=\"font-weight: 400;\">A k\u00e1v\u00e9 \u00e9s filmm\u0171v\u00e9szet kapcsolat\u00e1nak t\u00f6rt\u00e9net\u00e9ben k\u00e9ts\u00e9gtelen\u00fcl Jarmusch kultikos alkot\u00e1sa viszi el a p\u00e1lm\u00e1t. Ahogy az a c\u00edmb\u0151l is kit\u0171nik, a film k\u00f6z\u00e9ppontj\u00e1ban a k\u00e1v\u00e9 \u00e9s a cigaretta \u00e1ll. A fekete-feh\u00e9r mozi r\u00f6vid, egym\u00e1st\u00f3l f\u00fcggetlen jeleneteiben annyi szt\u00e1r vonul fel, hogy szinte felsorolni is neh\u00e9z. A v\u00e1sznon l\u00e1ncdoh\u00e1nyosk\u00e9nt \u00e9s koffein f\u00fcgg\u0151k\u00e9nt olyan h\u00edress\u00e9gek jelennek meg, mint Roberto Benigni, Cate Blanchett, Iggy Pop vagy \u00e9pp Bill Murray. K\u00f6telez\u0151 mozi!<\/span>\r\n\r\n<img loading=\"lazy\" decoding=\"async\" class=\"alignnone size-medium\" src=\"https:\/\/s-media-cache-ak0.pinimg.com\/originals\/f9\/ae\/c9\/f9aec9a502df724467db4636191d73e5.gif\" width=\"576\" height=\"320\" \/>\r\n\r\n<i><span style=\"font-weight: 400;\">K\u00e1v\u00e9-sz\u00fcks\u00e9glet mutat\u00f3: 10\/10<\/span><\/i>\r\n\r\n<i><span style=\"font-weight: 400;\">MediaMarkt \u00e9rt\u00e9kel\u00e9s: 10\/10<\/span><\/i>\r\n\r\n&nbsp;\r\n\r\n&nbsp;\r\n<ul>\r\n \t<li><b>Ponyvareg\u00e9ny \/ Pulp Fiction, 1994 (Quentin Tarantino)<\/b><\/li>\r\n<\/ul>\r\n&nbsp;\r\n\r\n<img loading=\"lazy\" decoding=\"async\" class=\"alignnone size-medium wp-image-5048\" src=\"http:\/\/hir.mediamarkt.hu\/magazin\/wp-content\/uploads\/2017\/09\/MM_k\u00e1v\u00e9-\u00e9s-film3-300x169.jpg\" alt=\"\" width=\"300\" height=\"169\" srcset=\"https:\/\/hir.mediamarkt.hu\/magazin\/wp-content\/uploads\/2017\/09\/MM_k\u00e1v\u00e9-\u00e9s-film3-300x169.jpg 300w, https:\/\/hir.mediamarkt.hu\/magazin\/wp-content\/uploads\/2017\/09\/MM_k\u00e1v\u00e9-\u00e9s-film3-275x155.jpg 275w, https:\/\/hir.mediamarkt.hu\/magazin\/wp-content\/uploads\/2017\/09\/MM_k\u00e1v\u00e9-\u00e9s-film3-768x432.jpg 768w, https:\/\/hir.mediamarkt.hu\/magazin\/wp-content\/uploads\/2017\/09\/MM_k\u00e1v\u00e9-\u00e9s-film3-1024x576.jpg 1024w, https:\/\/hir.mediamarkt.hu\/magazin\/wp-content\/uploads\/2017\/09\/MM_k\u00e1v\u00e9-\u00e9s-film3-720x405.jpg 720w, https:\/\/hir.mediamarkt.hu\/magazin\/wp-content\/uploads\/2017\/09\/MM_k\u00e1v\u00e9-\u00e9s-film3.jpg 1440w\" sizes=\"(max-width: 300px) 100vw, 300px\" \/>\r\n\r\n<span style=\"font-weight: 400;\">B\u00e1r Tarantino l\u00e1b-f\u00e9tise h\u00edresebb (vagy \u00e9pp h\u00edrhedtebb), mint a k\u00e1v\u00e9 ir\u00e1nti vonzalma, az\u00e9rt az amerikai h\u00e9tk\u00f6znapok egyik fontos kell\u00e9k\u00e9t \u0151 is be-be csemp\u00e9szi filmjeibe. A Ponyvareg\u00e9ny egyik jelenet\u00e9ben r\u00e1ad\u00e1sul \u0151 maga besz\u00e9l, meglehet\u0151sen hat\u00e1rozottan a reggeli italr\u00f3l. A monol\u00f3got a v\u00e9rrel \u00e9s agy darabokkal bor\u00edtott John Travolta \u00e9s Samuel L. Jackson megad\u00f3an hallgatja\u2026<\/span>\r\n\r\n&nbsp;\r\n\r\n<img loading=\"lazy\" decoding=\"async\" class=\"alignnone size-medium\" src=\"https:\/\/media.tenor.co\/images\/622e4b5cb4a51b61634532427aac5470\/raw\" width=\"498\" height=\"398\" \/>\r\n\r\n<i><span style=\"font-weight: 400;\">K\u00e1v\u00e9-sz\u00fcks\u00e9glet mutat\u00f3: 6<\/span><\/i>\r\n\r\n<i><span style=\"font-weight: 400;\">MediaMarkt \u00e9rt\u00e9kel\u00e9s: 10\/10<\/span><\/i>\r\n\r\n<a href=\"http:\/\/www.mediamarkt.hu\/hu\/product\/_ponyvareg%C3%A9ny-dvd-9188121.html\"><i><span style=\"font-weight: 400;\">Beszerz\u00e9si lehet\u0151s\u00e9g<\/span><\/i><\/a><i><span style=\"font-weight: 400;\"> a MediaMarktban! Ak\u00e1r <\/span><\/i><a href=\"http:\/\/www.mediamarkt.hu\/hu\/product\/_k%C3%BCl%C3%B6nb%C3%B6z%C5%91-el%C5%91ad%C3%B3k-pulp-fiction-ponyvareg%C3%A9ny-vinyl-lp-nagylemez-9144773.html\"><i><span style=\"font-weight: 400;\">vinylen<\/span><\/i><\/a><i><span style=\"font-weight: 400;\"> is!<\/span><\/i>\r\n\r\n&nbsp;\r\n\r\n&nbsp;\r\n<ul>\r\n \t<li><b>Am\u00e9lie csod\u00e1latos \u00e9lete \/ Am\u00e9lie, 2001 (Jean-Pierre Jeunet)<\/b><\/li>\r\n<\/ul>\r\n&nbsp;\r\n\r\n<span style=\"font-weight: 400;\">A tal\u00e1n sokunkat elb\u0171v\u00f6l\u0151 karakter \u00e9s t\u00f6rt\u00e9net f\u0151h\u0151se, Am\u00e9lie Poulain egy k\u00e1v\u00e9z\u00f3ban dolgozik. Itt \u00e1lmodozik \u00e9s v\u00e1rja a nagy szerelmet. Hol is lehetne nagyobb es\u00e9ly az igazival tal\u00e1lkozni, mint egy mozgalmas b\u00fcf\u00e9ben?<\/span>\r\n\r\n<img loading=\"lazy\" decoding=\"async\" class=\"alignnone size-medium\" src=\"https:\/\/ak-hdl.buzzfed.com\/static\/2014-09\/3\/17\/enhanced\/webdr02\/anigif_enhanced-16764-1409780927-6.gif\" width=\"625\" height=\"266\" \/>\r\n\r\n<i><span style=\"font-weight: 400;\">K\u00e1v\u00e9-sz\u00fcks\u00e9glet mutat\u00f3: 5<\/span><\/i>\r\n\r\n<i><span style=\"font-weight: 400;\">MediaMarkt \u00e9rt\u00e9kel\u00e9s: 10\/10<\/span><\/i>\r\n\r\n&nbsp;\r\n\r\n&nbsp;\r\n<ul>\r\n \t<li><b>A bakancslista \/ The Bucket List, 2007 (Rob Reiner)<\/b><\/li>\r\n<\/ul>\r\n&nbsp;\r\n\r\n<img loading=\"lazy\" decoding=\"async\" class=\"alignnone size-medium wp-image-5046\" src=\"http:\/\/hir.mediamarkt.hu\/magazin\/wp-content\/uploads\/2017\/09\/MM_k\u00e1v\u00e9-\u00e9s-film1-300x195.jpg\" alt=\"\" width=\"300\" height=\"195\" srcset=\"https:\/\/hir.mediamarkt.hu\/magazin\/wp-content\/uploads\/2017\/09\/MM_k\u00e1v\u00e9-\u00e9s-film1-300x195.jpg 300w, https:\/\/hir.mediamarkt.hu\/magazin\/wp-content\/uploads\/2017\/09\/MM_k\u00e1v\u00e9-\u00e9s-film1-275x178.jpg 275w, https:\/\/hir.mediamarkt.hu\/magazin\/wp-content\/uploads\/2017\/09\/MM_k\u00e1v\u00e9-\u00e9s-film1.jpg 600w\" sizes=\"(max-width: 300px) 100vw, 300px\" \/>\r\n\r\n<span style=\"font-weight: 400;\">Nos, ilyen, amikor k\u00e9t zseni, Morgan Freeman \u00e9s Jack Nicholson v\u00e1lasz\u00fat el\u00e9 \u00e9r. Ha az ember \u00e9rzi, hogy k\u00f6zeleg a v\u00e9g, gyakran sz\u00e1mot vet az \u00e9let\u00e9vel. \u00c9s ha el\u00e9g ereje van hozz\u00e1, megpr\u00f3b\u00e1lja mindazt bep\u00f3tolni, ami n\u00e9lk\u00fcl tal\u00e1n hi\u00e1baval\u00f3 lenne az itt t\u00f6lt\u00f6tt id\u0151. <\/span>\r\n\r\n<span style=\"font-weight: 400;\">A kalandfilm t\u00f6bb jelenete is a milli\u00e1rdos Edward Cole (Jack Nicholson) kiss\u00e9 elitista k\u00e1v\u00e9fogyaszt\u00e1si szok\u00e1s\u00e1r\u00f3l sz\u00f3l. A Kopi Luwak k\u00e9sz\u00edt\u00e9s\u00e9nek k\u00f6r\u00fclm\u00e9nyein r\u00f6h\u00f6g\u0151 f\u0151h\u0151s\u00f6knek h\u00e1la m\u00e1ra k\u00f6zismert t\u00e9ny a vil\u00e1g legdr\u00e1g\u00e1bb k\u00e1v\u00e9fajt\u00e1j\u00e1nak sz\u00fclet\u00e9si \u00fatja&#8230;<\/span>\r\n\r\nKatt a vonatkoz\u00f3 jelenet\u00e9rt <a href=\"https:\/\/www.youtube.com\/watch?v=_CQupHEumxE\">ide<\/a> \u00e9s <a href=\"https:\/\/www.youtube.com\/watch?v=9ZhidtD3cMY\">ide<\/a>!\r\n\r\n&nbsp;\r\n\r\n<em><span style=\"font-weight: 400;\">K\u00e1v\u00e9-sz\u00fcks\u00e9glet mutat\u00f3: 5<\/span><\/em>\r\n\r\n<i><span style=\"font-weight: 400;\">MediaMarkt \u00e9rt\u00e9kel\u00e9s: 10\/10<\/span><\/i>\r\n\r\n<a href=\"http:\/\/www.mediamarkt.hu\/hu\/product\/_a-bakancslista-dvd-9178425.html\"><i><span style=\"font-weight: 400;\">Beszerz\u00e9si lehet\u0151s\u00e9g<\/span><\/i><\/a><i><span style=\"font-weight: 400;\"> a MediaMarktban! <\/span><\/i>\r\n\r\n&nbsp;\r\n\r\n&nbsp;\r\n<ul>\r\n \t<li><b>Hudson Hawk, 1991 (Michael Lehmann)<\/b><\/li>\r\n<\/ul>\r\n&nbsp;\r\n\r\n<img loading=\"lazy\" decoding=\"async\" class=\"alignnone size-medium wp-image-5050\" src=\"http:\/\/hir.mediamarkt.hu\/magazin\/wp-content\/uploads\/2017\/09\/MM_k\u00e1v\u00e9-\u00e9s-film5-300x173.jpg\" alt=\"\" width=\"300\" height=\"173\" srcset=\"https:\/\/hir.mediamarkt.hu\/magazin\/wp-content\/uploads\/2017\/09\/MM_k\u00e1v\u00e9-\u00e9s-film5-300x173.jpg 300w, https:\/\/hir.mediamarkt.hu\/magazin\/wp-content\/uploads\/2017\/09\/MM_k\u00e1v\u00e9-\u00e9s-film5-275x159.jpg 275w, https:\/\/hir.mediamarkt.hu\/magazin\/wp-content\/uploads\/2017\/09\/MM_k\u00e1v\u00e9-\u00e9s-film5.jpg 500w\" sizes=\"(max-width: 300px) 100vw, 300px\" \/>\r\n\r\n<span style=\"font-weight: 400;\">B\u00e1r a film hatalmas buk\u00e1s volt, Bruce Willis dalbet\u00e9tei \u00e9s az \u00f6r\u00f6k\u00f6s Cappuccino m\u00e1ni\u00e1ja az\u00e9rt sok rajong\u00f3 sz\u00e1m\u00e1ra eml\u00e9kezetes marad. A k\u00f6nnyed, kiss\u00e9 tal\u00e1n b\u00e1rgy\u00fa \u00e9s gyermeteg mozi igazi 90-es \u00e9vekbeli csemege, annak minden el\u0151ny\u00e9vel \u00e9s h\u00e1tr\u00e1ny\u00e1val. R\u00e1ad\u00e1sul Bruce itt m\u00e9g szinte hajas-baba\u2026<\/span>\r\n\r\n<i><span style=\"font-weight: 400;\">K\u00e1v\u00e9-sz\u00fcks\u00e9glet mutat\u00f3: 7<\/span><\/i>\r\n\r\n<i><span style=\"font-weight: 400;\">MediaMarkt \u00e9rt\u00e9kel\u00e9s: 6\/10<\/span><\/i>\r\n\r\n&nbsp;\r\n\r\n&nbsp;\r\n<ul>\r\n \t<li><b>Z\u00f6ld dar\u00e1zs \/ The Green Hornet, 2011 (Michel Gondry)<\/b><\/li>\r\n<\/ul>\r\n&nbsp;\r\n\r\n<img loading=\"lazy\" decoding=\"async\" class=\"alignnone size-medium wp-image-5051\" src=\"http:\/\/hir.mediamarkt.hu\/magazin\/wp-content\/uploads\/2017\/09\/MM_k\u00e1v\u00e9-\u00e9s-film6-300x167.jpg\" alt=\"\" width=\"300\" height=\"167\" srcset=\"https:\/\/hir.mediamarkt.hu\/magazin\/wp-content\/uploads\/2017\/09\/MM_k\u00e1v\u00e9-\u00e9s-film6-300x167.jpg 300w, https:\/\/hir.mediamarkt.hu\/magazin\/wp-content\/uploads\/2017\/09\/MM_k\u00e1v\u00e9-\u00e9s-film6-275x153.jpg 275w, https:\/\/hir.mediamarkt.hu\/magazin\/wp-content\/uploads\/2017\/09\/MM_k\u00e1v\u00e9-\u00e9s-film6.jpg 622w\" sizes=\"(max-width: 300px) 100vw, 300px\" \/>\r\n\r\n<span style=\"font-weight: 400;\">\u00dagy l\u00e1tszik, az akci\u00f3-v\u00edgj\u00e1t\u00e9kok \u00edr\u00f3i \u00e9s rendez\u0151i ragaszkodnak a k\u00e1v\u00e9 t\u00e9m\u00e1hoz. A Hudson Hawk ut\u00e1n j\u00f6jj\u00f6n egy h\u00fasz \u00e9vvel k\u00e9s\u0151bbi, 2011-es film, amelyben egy jelenet erej\u00e9ig a k\u00e1v\u00e9k\u00e9sz\u00edt\u00e9s, valamint a tejhab t\u00e1lal\u00e1s m\u0171v\u00e9szet\u00e9ben mer\u00fclhet\u00fcnk el.<\/span>\r\n\r\nKatt <a href=\"https:\/\/www.youtube.com\/watch?v=B_P9Pzjbanc\">ide<\/a> a vonatkoz\u00f3 jelenet\u00e9rt!\r\n\r\n&nbsp;\r\n\r\n<i><span style=\"font-weight: 400;\">K\u00e1v\u00e9-sz\u00fcks\u00e9glet mutat\u00f3: 4<\/span><\/i>\r\n\r\n<i><span style=\"font-weight: 400;\">MediaMarkt \u00e9rt\u00e9kel\u00e9s: 7\/10<\/span><\/i>\r\n\r\n<a href=\"http:\/\/www.mediamarkt.hu\/hu\/product\/_z%C3%B6ld-dar%C3%A1zs-blu-ray-1179900.html\"><i><span style=\"font-weight: 400;\">Beszerz\u00e9si lehet\u0151s\u00e9g<\/span><\/i><\/a><i><span style=\"font-weight: 400;\"> a MediaMarktban! <\/span><\/i>\r\n\r\n&nbsp;\r\n\r\n&nbsp;\r\n<ul>\r\n \t<li><b>A s\u00f6t\u00e9ts\u00e9g \u00fatja &#8211; Mulholland Drive \/Mulholland Dr., 2001 (David Lynch)<\/b><\/li>\r\n<\/ul>\r\n&nbsp;\r\n\r\n<span style=\"font-weight: 400;\">B\u00e1r a teljes Twin Peaks sorozatot megeml\u00edthetn\u00e9nk, a Mulholland Drive k\u00e1v\u00e9z\u00f3s jelenet\u00e9r\u0151l v\u00e9tek lenne hallgatni. A zavaros esem\u00e9nysorok k\u00f6zepette szinte minden apr\u00f3 dolognak jelent\u0151s\u00e9ge van. Izgalmas utaz\u00e1s \u00e1lom \u00e9s val\u00f3s\u00e1g hat\u00e1r\u00e1n a h\u00e1tborzongat\u00f3 k\u00e9psorok \u00e9s szimb\u00f3lumok mester\u00e9vel, David Lynch-csel!<\/span>\r\n\r\nKatt a vonatkoz\u00f3 jelenet\u00e9rt\u00a0<a href=\"https:\/\/www.youtube.com\/watch?v=9-FbgAr__vw\">ide<\/a>!\r\n\r\n<img loading=\"lazy\" decoding=\"async\" class=\"alignnone size-medium\" src=\"http:\/\/3.bp.blogspot.com\/-FS0_3C5FQ2s\/UMNZf5lDt6I\/AAAAAAAANsE\/gO4_Xr835Js\/s400\/coffee+spit.gif\" width=\"324\" height=\"180\" \/>\r\n\r\n<i><span style=\"font-weight: 400;\">K\u00e1v\u00e9-sz\u00fcks\u00e9glet mutat\u00f3: 3<\/span><\/i>\r\n\r\n<i><span style=\"font-weight: 400;\">MediaMarkt \u00e9rt\u00e9kel\u00e9s: 8\/10<\/span><\/i>\r\n\r\n<i><span style=\"font-weight: 400;\">A film zen\u00e9je <\/span><\/i><a href=\"http:\/\/www.mediamarkt.hu\/hu\/product\/_k%C3%BCl%C3%B6nb%C3%B6z%C5%91-el%C5%91ad%C3%B3k-mulholland-drive-cd-9166269.html\"><i><span style=\"font-weight: 400;\">itt<\/span><\/i><\/a><i><span style=\"font-weight: 400;\"> beszerezhet\u0151!<\/span><\/i>\r\n\r\n&nbsp;\r\n\r\n&nbsp;\r\n<ul>\r\n \t<li><b>Pressz\u00f3, 1998 (Sas Tam\u00e1s)<\/b><\/li>\r\n<\/ul>\r\n&nbsp;\r\n\r\n<img loading=\"lazy\" decoding=\"async\" class=\"alignnone size-medium wp-image-5054\" src=\"http:\/\/hir.mediamarkt.hu\/magazin\/wp-content\/uploads\/2017\/09\/MM_k\u00e1v\u00e9-\u00e9s-film9-300x225.jpg\" alt=\"\" width=\"300\" height=\"225\" srcset=\"https:\/\/hir.mediamarkt.hu\/magazin\/wp-content\/uploads\/2017\/09\/MM_k\u00e1v\u00e9-\u00e9s-film9-300x225.jpg 300w, https:\/\/hir.mediamarkt.hu\/magazin\/wp-content\/uploads\/2017\/09\/MM_k\u00e1v\u00e9-\u00e9s-film9-275x206.jpg 275w, https:\/\/hir.mediamarkt.hu\/magazin\/wp-content\/uploads\/2017\/09\/MM_k\u00e1v\u00e9-\u00e9s-film9.jpg 480w\" sizes=\"(max-width: 300px) 100vw, 300px\" \/>\r\n\r\n<span style=\"font-weight: 400;\">J\u00f6jj\u00f6n egy magyar film, amelynek c\u00edme nem hazudtolja meg mag\u00e1t. Az egy helysz\u00ednen, egy kamera\u00e1ll\u00e1ssal, tucatnyi kiv\u00e1l\u00f3 magyar sz\u00edn\u00e9sszel forgatott filmben b\u00e1r nem csak a k\u00e1v\u00e9 fogy, az\u00e9rt el\u0151-el\u0151ker\u00fcl a fekete is.\u00a0<\/span><span style=\"font-weight: 400;\">L\u00e1z\u00e1r Kati p\u00e9ld\u00e1ul friss Stef\u00e1ni\u00e1val k\u00eds\u00e9ri a pressz\u00f3t, mik\u00f6zben k\u00f6nnyed \u00e9letvezet\u00e9si tan\u00e1csokat ad a fiatal, frissen megcsalt G\u00e1bornak (Rajkai Zolt\u00e1n).\u00a0<\/span><span style=\"font-weight: 400;\">Sas Tam\u00e1s munk\u00e1ss\u00e1g\u00e1b\u00f3l tal\u00e1n valamelyest kil\u00f3g ez az alkot\u00e1s, ez azonban egy kicsit sem baj.<\/span>\r\n\r\n&nbsp;\r\n\r\n<i><span style=\"font-weight: 400;\">K\u00e1v\u00e9-sz\u00fcks\u00e9glet mutat\u00f3: 4<\/span><\/i>\r\n\r\n<i><span style=\"font-weight: 400;\">MediaMarkt \u00e9rt\u00e9kel\u00e9s: 8\/10<\/span><\/i>\r\n\r\n&nbsp;\r\n\r\n&nbsp;\r\n<ul>\r\n \t<li><b>J\u00f3bar\u00e1tok \/ Friends , 1994\u20132004 (David Crane, Marta Kauffman)<\/b><\/li>\r\n<\/ul>\r\n&nbsp;\r\n\r\n<img loading=\"lazy\" decoding=\"async\" class=\"alignnone size-medium wp-image-5047\" src=\"http:\/\/hir.mediamarkt.hu\/magazin\/wp-content\/uploads\/2017\/09\/MM_k\u00e1v\u00e9-\u00e9s-film2-300x222.jpg\" alt=\"\" width=\"300\" height=\"222\" srcset=\"https:\/\/hir.mediamarkt.hu\/magazin\/wp-content\/uploads\/2017\/09\/MM_k\u00e1v\u00e9-\u00e9s-film2-300x222.jpg 300w, https:\/\/hir.mediamarkt.hu\/magazin\/wp-content\/uploads\/2017\/09\/MM_k\u00e1v\u00e9-\u00e9s-film2-275x204.jpg 275w, https:\/\/hir.mediamarkt.hu\/magazin\/wp-content\/uploads\/2017\/09\/MM_k\u00e1v\u00e9-\u00e9s-film2.jpg 560w\" sizes=\"(max-width: 300px) 100vw, 300px\" \/>\r\n\r\n<span style=\"font-weight: 400;\">A J\u00f3bar\u00e1tok az a sorozat, amit egyr\u00e9szt szinte mindenki ismer, m\u00e1sr\u00e9szt tal\u00e1n az els\u0151 olyan szitkom, aminek egyik fontos \u00e9s \u00e1lland\u00f3 helysz\u00edne egy k\u00e1v\u00e9z\u00f3. A Central Perk b\u00e1rsony kanap\u00e9ja \u00e9s az indokolatlanul nagy b\u00f6gr\u00e9k (melyekb\u0151l nincs k\u00e9t egyforma) a hat f\u0151szerepl\u0151 \u00e9let\u00e9nek meghat\u00e1roz\u00f3 kell\u00e9kei. Szigor\u00faan eredeti nyelven aj\u00e1nlott sorozat!<\/span>\r\n\r\n<img loading=\"lazy\" decoding=\"async\" class=\"alignnone size-medium\" src=\"https:\/\/media.giphy.com\/media\/ewoM5Eh3KcTYY\/giphy.gif\" width=\"400\" height=\"250\" \/>\r\n\r\n<i><span style=\"font-weight: 400;\">K\u00e1v\u00e9-sz\u00fcks\u00e9glet mutat\u00f3: 8<\/span><\/i>\r\n\r\n<i><span style=\"font-weight: 400;\">Media Markt \u00e9rt\u00e9kel\u00e9s: 10\/10<\/span><\/i>\r\n\r\n<a href=\"http:\/\/www.mediamarkt.hu\/hu\/search.html?storeId=103952&amp;langId=-19&amp;searchProfile=onlineshop&amp;channel=mmhuhu&amp;searchParams=&amp;path=&amp;query=j%C3%B3bar%C3%A1tok\"><i><span style=\"font-weight: 400;\">Beszerz\u00e9si lehet\u0151s\u00e9g<\/span><\/i><\/a><i><span style=\"font-weight: 400;\"> a MediaMarktban!<\/span><\/i>\r\n\r\n&nbsp;\r\n\r\n&nbsp;\r\n<ul>\r\n \t<li><b> Sz\u00edvek sz\u00e1llod\u00e1ja \/ Gilmore Girls, 2000\u20132007, 2016 (Amy Sherman-Palladino)<\/b><\/li>\r\n<\/ul>\r\n<span style=\"font-weight: 400;\">A 2016-ban visszat\u00e9r\u0151 m\u0171sor egy\u00e9rtelm\u0171en a k\u00e1v\u00e9f\u00fcgg\u0151k kedvenc telev\u00edzi\u00f3s alkot\u00e1sa lehet. Az anya-l\u00e1nya f\u0151szerepl\u0151 p\u00e1ros egyszer\u0171en nem tud meglenni koffein n\u00e9lk\u00fcl, amit legt\u00f6bbsz\u00f6r a kisv\u00e1ros egyik reggeliz\u0151-hamburgerez\u0151j\u00e9ben vesznek magukhoz. Kancs\u00f3nyi k\u00e1v\u00e9k, pap\u00edr poharak \u00e9s \u00f3d\u00e1k minden mennyis\u00e9gben a szent italr\u00f3l, a megt\u00e9veszt\u0151en szirupos magyar c\u00edmmel bemutatott v\u00edgj\u00e1t\u00e9k sorozatban!<\/span>\r\n\r\n<img loading=\"lazy\" decoding=\"async\" class=\"alignnone size-medium\" src=\"http:\/\/static.celebuzz.com\/uploads\/2015\/06\/rory-coffee-gilmore-girls-6515.gif\" width=\"400\" height=\"250\" \/>\r\n\r\n<i><span style=\"font-weight: 400;\">K\u00e1v\u00e9-sz\u00fcks\u00e9glet mutat\u00f3: 10<\/span><\/i>\r\n\r\n<i><span style=\"font-weight: 400;\">MediaMarkt \u00e9rt\u00e9kel\u00e9s: 10\/10<\/span><\/i>\r\n\r\n<a href=\"http:\/\/www.mediamarkt.hu\/hu\/product\/_sz%C3%ADvek-sz%C3%A1llod%C3%A1ja-1-%C3%A9vad-dvd-9183928.html\"><i><span style=\"font-weight: 400;\">Beszerz\u00e9si lehet\u0151s\u00e9g<\/span><\/i><\/a><i><span style=\"font-weight: 400;\"> a MediaMarktban!<\/span><\/i>\r\n\r\n&nbsp;\r\n\r\n<b>+1 Star Trek: Voyager, 1995\u20132001<\/b>\r\n\r\n<img loading=\"lazy\" decoding=\"async\" class=\"alignnone size-medium wp-image-5052\" src=\"http:\/\/hir.mediamarkt.hu\/magazin\/wp-content\/uploads\/2017\/09\/MM_k\u00e1v\u00e9-\u00e9s-film7-300x169.jpg\" alt=\"\" width=\"300\" height=\"169\" srcset=\"https:\/\/hir.mediamarkt.hu\/magazin\/wp-content\/uploads\/2017\/09\/MM_k\u00e1v\u00e9-\u00e9s-film7-300x169.jpg 300w, https:\/\/hir.mediamarkt.hu\/magazin\/wp-content\/uploads\/2017\/09\/MM_k\u00e1v\u00e9-\u00e9s-film7-275x155.jpg 275w, https:\/\/hir.mediamarkt.hu\/magazin\/wp-content\/uploads\/2017\/09\/MM_k\u00e1v\u00e9-\u00e9s-film7-768x432.jpg 768w, https:\/\/hir.mediamarkt.hu\/magazin\/wp-content\/uploads\/2017\/09\/MM_k\u00e1v\u00e9-\u00e9s-film7-1024x576.jpg 1024w, https:\/\/hir.mediamarkt.hu\/magazin\/wp-content\/uploads\/2017\/09\/MM_k\u00e1v\u00e9-\u00e9s-film7-720x405.jpg 720w, https:\/\/hir.mediamarkt.hu\/magazin\/wp-content\/uploads\/2017\/09\/MM_k\u00e1v\u00e9-\u00e9s-film7.jpg 1920w\" sizes=\"(max-width: 300px) 100vw, 300px\" \/>\r\n\r\n<span style=\"font-weight: 400;\">Hi\u00e1ba, a koffein f\u00fcgg\u0151s\u00e9g m\u00e9g a f\u00f6ld\u00f6n k\u00edv\u00fcl is komoly k\u00e9rd\u00e9s lehet. Kathryn Janeway kapit\u00e1ny nem csak a leg\u00e9nys\u00e9g, de a k\u00e1v\u00e9 fogyaszt\u00f3k sz\u00e1m\u00e1ra is megmutatja az utat az ismeretlenbe&#8230;<\/span>\r\n\r\nKatt <a href=\"https:\/\/www.youtube.com\/watch?v=G0NnpJb0NwY\">ide<\/a> a vonatkoz\u00f3 jelenet\u00e9rt!\r\n\r\n&nbsp;\r\n\r\n<i><span style=\"font-weight: 400;\">K\u00e1v\u00e9-sz\u00fcks\u00e9glet mutat\u00f3: 7<\/span><\/i>\r\n\r\n<i><span style=\"font-weight: 400;\">MediaMarkt \u00e9rt\u00e9kel\u00e9s: 7\/10<\/span><\/i>\r\n\r\n&nbsp;\r\n\r\n<b>\u00c9s ha \u00edzlett az aj\u00e1nl\u00f3, <a href=\"http:\/\/www.mediamarkt.hu\/hu\/category\/_film-648010.html\" target=\"_blank\">tov\u00e1bbi filmek<\/a>, <a href=\"http:\/\/www.mediamarkt.hu\/hu\/search.html?query=k%C3%A1v%C3%A9&amp;path=&amp;searchParams=\/Search.ff?query%3Dk%25C3%25A1v%25C3%25A9%26filterTabbedCategory%3Donlineshop%26filteravailability%3D1%26filterCategoriesROOT%3DH%25C3%25A1ztart%25C3%25A1si%2Bkisg%25C3%25A9p%25C2%25A7MediaHUhuc504601%26filterCategoriesROOT%252FH%25C3%25A1ztart%25C3%25A1si%2Bkisg%25C3%25A9p%25C2%25A7MediaHUhuc504601%3DKieg%25C3%25A9sz%25C3%25ADt%25C5%2591%2Bterm%25C3%25A9kek%25C2%25A7MediaHUhuc504747%26channel%3Dmmhuhu%26productsPerPage%3D25%26followSearch%3D9748&amp;searchProfile=onlineshop\" target=\"_blank\">k\u00e1v\u00e9k<\/a> \u00e9s <a href=\"http:\/\/www.mediamarkt.hu\/hu\/category\/_k%C3%A1v%C3%A9f%C5%91z%C5%91-504755.html\" target=\"_blank\">k\u00e1v\u00e9g\u00e9pek <\/a>v\u00e1rj\u00e1k a MediaMarkt k\u00edn\u00e1lat\u00e1ban!<\/b>","protected":false},"excerpt":{"rendered":"Vannak k\u00e1v\u00e9 f\u00fcgg\u0151k \u00e9s vannak film\u0151r\u00fcltek. \u00c9s persze van egy, tal\u00e1n nem is olyan sz\u0171k metszete az emberis\u00e9gnek, amely mindk\u00e9t ir\u00e1nyzat ir\u00e1nt rajong. Hogy az al\u00e1bbi filmek k\u00e9sz\u00edt\u0151i vajon ebbe a sz\u00f3r\u00e1sba esnek-e, nem tudhatjuk. De az biztos, hogy sz\u00e1mos n\u00e9z\u0151 sz\u00e1m\u00e1ra sz\u00edvet melenget\u0151 alkot\u00e1sokat hoztak l\u00e9tre, k\u00f6zponti szerepbe helyezve azt a bizonyos g\u0151z\u00f6lg\u0151, feket\u00e9s-aranybarn\u00e1s italt\u2026","protected":false},"author":13,"featured_media":5055,"comment_status":"open","ping_status":"open","sticky":false,"template":"","format":"standard","meta":{"wprm-recipe-roundup-name":"","wprm-recipe-roundup-description":"","footnotes":""},"categories":[5974],"tags":[2219,2217,2186,200,2221,510,984,2220,921,2173,2218],"yoast_head":"<!-- This site is optimized with the Yoast SEO plugin v22.9 - https:\/\/yoast.com\/wordpress\/plugins\/seo\/ -->\n<title>K\u00e1v\u00e9 a filmv\u00e1sznon - MediaMarkt Magazin<\/title>\n<meta name=\"robots\" content=\"index, follow, max-snippet:-1, max-image-preview:large, max-video-preview:-1\" \/>\n<link rel=\"canonical\" href=\"https:\/\/hir.mediamarkt.hu\/magazin\/kave-a-filmvasznon\/\" \/>\n<meta property=\"og:locale\" content=\"hu_HU\" \/>\n<meta property=\"og:type\" content=\"article\" \/>\n<meta property=\"og:title\" content=\"K\u00e1v\u00e9 a filmv\u00e1sznon - MediaMarkt Magazin\" \/>\n<meta property=\"og:description\" content=\"Vannak k\u00e1v\u00e9 f\u00fcgg\u0151k \u00e9s vannak film\u0151r\u00fcltek. \u00c9s persze van egy, tal\u00e1n nem is olyan sz\u0171k metszete az emberis\u00e9gnek, amely mindk\u00e9t ir\u00e1nyzat ir\u00e1nt rajong. Hogy az al\u00e1bbi filmek k\u00e9sz\u00edt\u0151i vajon ebbe a sz\u00f3r\u00e1sba esnek-e, nem tudhatjuk. De az biztos, hogy sz\u00e1mos n\u00e9z\u0151 sz\u00e1m\u00e1ra sz\u00edvet melenget\u0151 alkot\u00e1sokat hoztak l\u00e9tre, k\u00f6zponti szerepbe helyezve azt a bizonyos g\u0151z\u00f6lg\u0151, feket\u00e9s-aranybarn\u00e1s italt\u2026\" \/>\n<meta property=\"og:url\" content=\"https:\/\/hir.mediamarkt.hu\/magazin\/kave-a-filmvasznon\/\" \/>\n<meta property=\"og:site_name\" content=\"MediaMarkt Magazin\" \/>\n<meta property=\"article:publisher\" content=\"https:\/\/www.facebook.com\/MediaMarktMagyarorszag\" \/>\n<meta property=\"article:published_time\" content=\"2017-09-28T09:38:51+00:00\" \/>\n<meta property=\"article:modified_time\" content=\"2018-02-27T16:57:45+00:00\" \/>\n<meta property=\"og:image\" content=\"https:\/\/hir.mediamarkt.hu\/magazin\/wp-content\/uploads\/2017\/09\/kave.jpg\" \/>\n\t<meta property=\"og:image:width\" content=\"598\" \/>\n\t<meta property=\"og:image:height\" content=\"394\" \/>\n\t<meta property=\"og:image:type\" content=\"image\/jpeg\" \/>\n<meta name=\"author\" content=\"Media Markt\" \/>\n<meta name=\"twitter:label1\" content=\"Szerz\u0151:\" \/>\n\t<meta name=\"twitter:data1\" content=\"Media Markt\" \/>\n\t<meta name=\"twitter:label2\" content=\"Becs\u00fclt olvas\u00e1si id\u0151\" \/>\n\t<meta name=\"twitter:data2\" content=\"8 perc\" \/>\n<script type=\"application\/ld+json\" class=\"yoast-schema-graph\">{\"@context\":\"https:\/\/schema.org\",\"@graph\":[{\"@type\":\"WebPage\",\"@id\":\"https:\/\/hir.mediamarkt.hu\/magazin\/kave-a-filmvasznon\/\",\"url\":\"https:\/\/hir.mediamarkt.hu\/magazin\/kave-a-filmvasznon\/\",\"name\":\"K\u00e1v\u00e9 a filmv\u00e1sznon - MediaMarkt Magazin\",\"isPartOf\":{\"@id\":\"https:\/\/hir.mediamarkt.hu\/magazin\/#website\"},\"primaryImageOfPage\":{\"@id\":\"https:\/\/hir.mediamarkt.hu\/magazin\/kave-a-filmvasznon\/#primaryimage\"},\"image\":{\"@id\":\"https:\/\/hir.mediamarkt.hu\/magazin\/kave-a-filmvasznon\/#primaryimage\"},\"thumbnailUrl\":\"https:\/\/hir.mediamarkt.hu\/magazin\/wp-content\/uploads\/2017\/09\/kave.jpg\",\"datePublished\":\"2017-09-28T09:38:51+00:00\",\"dateModified\":\"2018-02-27T16:57:45+00:00\",\"author\":{\"@id\":\"https:\/\/hir.mediamarkt.hu\/magazin\/#\/schema\/person\/b93b02ec1ab4d2353f8d281e171c1b0b\"},\"breadcrumb\":{\"@id\":\"https:\/\/hir.mediamarkt.hu\/magazin\/kave-a-filmvasznon\/#breadcrumb\"},\"inLanguage\":\"hu\",\"potentialAction\":[{\"@type\":\"ReadAction\",\"target\":[\"https:\/\/hir.mediamarkt.hu\/magazin\/kave-a-filmvasznon\/\"]}]},{\"@type\":\"ImageObject\",\"inLanguage\":\"hu\",\"@id\":\"https:\/\/hir.mediamarkt.hu\/magazin\/kave-a-filmvasznon\/#primaryimage\",\"url\":\"https:\/\/hir.mediamarkt.hu\/magazin\/wp-content\/uploads\/2017\/09\/kave.jpg\",\"contentUrl\":\"https:\/\/hir.mediamarkt.hu\/magazin\/wp-content\/uploads\/2017\/09\/kave.jpg\",\"width\":598,\"height\":394},{\"@type\":\"BreadcrumbList\",\"@id\":\"https:\/\/hir.mediamarkt.hu\/magazin\/kave-a-filmvasznon\/#breadcrumb\",\"itemListElement\":[{\"@type\":\"ListItem\",\"position\":1,\"name\":\"Kezd\u0151lap\",\"item\":\"https:\/\/hir.mediamarkt.hu\/magazin\/\"},{\"@type\":\"ListItem\",\"position\":2,\"name\":\"Term\u00e9kv\u00e1s\u00e1rl\u00e1si tan\u00e1csad\u00f3\",\"item\":\"https:\/\/hir.mediamarkt.hu\/magazin\/termekvasarlasi-tanacsado\/\"},{\"@type\":\"ListItem\",\"position\":3,\"name\":\"K\u00e1v\u00e9 a filmv\u00e1sznon\"}]},{\"@type\":\"WebSite\",\"@id\":\"https:\/\/hir.mediamarkt.hu\/magazin\/#website\",\"url\":\"https:\/\/hir.mediamarkt.hu\/magazin\/\",\"name\":\"MediaMarkt Magazin\",\"description\":\"Olvass bele magazinunkba!\",\"potentialAction\":[{\"@type\":\"SearchAction\",\"target\":{\"@type\":\"EntryPoint\",\"urlTemplate\":\"https:\/\/hir.mediamarkt.hu\/magazin\/?s={search_term_string}\"},\"query-input\":\"required name=search_term_string\"}],\"inLanguage\":\"hu\"},{\"@type\":\"Person\",\"@id\":\"https:\/\/hir.mediamarkt.hu\/magazin\/#\/schema\/person\/b93b02ec1ab4d2353f8d281e171c1b0b\",\"name\":\"Media Markt\",\"image\":{\"@type\":\"ImageObject\",\"inLanguage\":\"hu\",\"@id\":\"https:\/\/hir.mediamarkt.hu\/magazin\/#\/schema\/person\/image\/\",\"url\":\"https:\/\/secure.gravatar.com\/avatar\/602bccae8998beee472d01909f0978f1?s=96&d=mm&r=g\",\"contentUrl\":\"https:\/\/secure.gravatar.com\/avatar\/602bccae8998beee472d01909f0978f1?s=96&d=mm&r=g\",\"caption\":\"Media Markt\"}}]}<\/script>\n<!-- \/ Yoast SEO plugin. -->","yoast_head_json":{"title":"K\u00e1v\u00e9 a filmv\u00e1sznon - MediaMarkt Magazin","robots":{"index":"index","follow":"follow","max-snippet":"max-snippet:-1","max-image-preview":"max-image-preview:large","max-video-preview":"max-video-preview:-1"},"canonical":"https:\/\/hir.mediamarkt.hu\/magazin\/kave-a-filmvasznon\/","og_locale":"hu_HU","og_type":"article","og_title":"K\u00e1v\u00e9 a filmv\u00e1sznon - MediaMarkt Magazin","og_description":"Vannak k\u00e1v\u00e9 f\u00fcgg\u0151k \u00e9s vannak film\u0151r\u00fcltek. \u00c9s persze van egy, tal\u00e1n nem is olyan sz\u0171k metszete az emberis\u00e9gnek, amely mindk\u00e9t ir\u00e1nyzat ir\u00e1nt rajong. Hogy az al\u00e1bbi filmek k\u00e9sz\u00edt\u0151i vajon ebbe a sz\u00f3r\u00e1sba esnek-e, nem tudhatjuk. De az biztos, hogy sz\u00e1mos n\u00e9z\u0151 sz\u00e1m\u00e1ra sz\u00edvet melenget\u0151 alkot\u00e1sokat hoztak l\u00e9tre, k\u00f6zponti szerepbe helyezve azt a bizonyos g\u0151z\u00f6lg\u0151, feket\u00e9s-aranybarn\u00e1s italt\u2026","og_url":"https:\/\/hir.mediamarkt.hu\/magazin\/kave-a-filmvasznon\/","og_site_name":"MediaMarkt Magazin","article_publisher":"https:\/\/www.facebook.com\/MediaMarktMagyarorszag","article_published_time":"2017-09-28T09:38:51+00:00","article_modified_time":"2018-02-27T16:57:45+00:00","og_image":[{"width":598,"height":394,"url":"https:\/\/hir.mediamarkt.hu\/magazin\/wp-content\/uploads\/2017\/09\/kave.jpg","type":"image\/jpeg"}],"author":"Media Markt","twitter_misc":{"Szerz\u0151:":"Media Markt","Becs\u00fclt olvas\u00e1si id\u0151":"8 perc"},"schema":{"@context":"https:\/\/schema.org","@graph":[{"@type":"WebPage","@id":"https:\/\/hir.mediamarkt.hu\/magazin\/kave-a-filmvasznon\/","url":"https:\/\/hir.mediamarkt.hu\/magazin\/kave-a-filmvasznon\/","name":"K\u00e1v\u00e9 a filmv\u00e1sznon - MediaMarkt Magazin","isPartOf":{"@id":"https:\/\/hir.mediamarkt.hu\/magazin\/#website"},"primaryImageOfPage":{"@id":"https:\/\/hir.mediamarkt.hu\/magazin\/kave-a-filmvasznon\/#primaryimage"},"image":{"@id":"https:\/\/hir.mediamarkt.hu\/magazin\/kave-a-filmvasznon\/#primaryimage"},"thumbnailUrl":"https:\/\/hir.mediamarkt.hu\/magazin\/wp-content\/uploads\/2017\/09\/kave.jpg","datePublished":"2017-09-28T09:38:51+00:00","dateModified":"2018-02-27T16:57:45+00:00","author":{"@id":"https:\/\/hir.mediamarkt.hu\/magazin\/#\/schema\/person\/b93b02ec1ab4d2353f8d281e171c1b0b"},"breadcrumb":{"@id":"https:\/\/hir.mediamarkt.hu\/magazin\/kave-a-filmvasznon\/#breadcrumb"},"inLanguage":"hu","potentialAction":[{"@type":"ReadAction","target":["https:\/\/hir.mediamarkt.hu\/magazin\/kave-a-filmvasznon\/"]}]},{"@type":"ImageObject","inLanguage":"hu","@id":"https:\/\/hir.mediamarkt.hu\/magazin\/kave-a-filmvasznon\/#primaryimage","url":"https:\/\/hir.mediamarkt.hu\/magazin\/wp-content\/uploads\/2017\/09\/kave.jpg","contentUrl":"https:\/\/hir.mediamarkt.hu\/magazin\/wp-content\/uploads\/2017\/09\/kave.jpg","width":598,"height":394},{"@type":"BreadcrumbList","@id":"https:\/\/hir.mediamarkt.hu\/magazin\/kave-a-filmvasznon\/#breadcrumb","itemListElement":[{"@type":"ListItem","position":1,"name":"Kezd\u0151lap","item":"https:\/\/hir.mediamarkt.hu\/magazin\/"},{"@type":"ListItem","position":2,"name":"Term\u00e9kv\u00e1s\u00e1rl\u00e1si tan\u00e1csad\u00f3","item":"https:\/\/hir.mediamarkt.hu\/magazin\/termekvasarlasi-tanacsado\/"},{"@type":"ListItem","position":3,"name":"K\u00e1v\u00e9 a filmv\u00e1sznon"}]},{"@type":"WebSite","@id":"https:\/\/hir.mediamarkt.hu\/magazin\/#website","url":"https:\/\/hir.mediamarkt.hu\/magazin\/","name":"MediaMarkt Magazin","description":"Olvass bele magazinunkba!","potentialAction":[{"@type":"SearchAction","target":{"@type":"EntryPoint","urlTemplate":"https:\/\/hir.mediamarkt.hu\/magazin\/?s={search_term_string}"},"query-input":"required name=search_term_string"}],"inLanguage":"hu"},{"@type":"Person","@id":"https:\/\/hir.mediamarkt.hu\/magazin\/#\/schema\/person\/b93b02ec1ab4d2353f8d281e171c1b0b","name":"Media Markt","image":{"@type":"ImageObject","inLanguage":"hu","@id":"https:\/\/hir.mediamarkt.hu\/magazin\/#\/schema\/person\/image\/","url":"https:\/\/secure.gravatar.com\/avatar\/602bccae8998beee472d01909f0978f1?s=96&d=mm&r=g","contentUrl":"https:\/\/secure.gravatar.com\/avatar\/602bccae8998beee472d01909f0978f1?s=96&d=mm&r=g","caption":"Media Markt"}}]}},"_links":{"self":[{"href":"https:\/\/hir.mediamarkt.hu\/magazin\/wp-json\/wp\/v2\/posts\/5045"}],"collection":[{"href":"https:\/\/hir.mediamarkt.hu\/magazin\/wp-json\/wp\/v2\/posts"}],"about":[{"href":"https:\/\/hir.mediamarkt.hu\/magazin\/wp-json\/wp\/v2\/types\/post"}],"author":[{"embeddable":true,"href":"https:\/\/hir.mediamarkt.hu\/magazin\/wp-json\/wp\/v2\/users\/13"}],"replies":[{"embeddable":true,"href":"https:\/\/hir.mediamarkt.hu\/magazin\/wp-json\/wp\/v2\/comments?post=5045"}],"version-history":[{"count":5,"href":"https:\/\/hir.mediamarkt.hu\/magazin\/wp-json\/wp\/v2\/posts\/5045\/revisions"}],"predecessor-version":[{"id":5057,"href":"https:\/\/hir.mediamarkt.hu\/magazin\/wp-json\/wp\/v2\/posts\/5045\/revisions\/5057"}],"wp:featuredmedia":[{"embeddable":true,"href":"https:\/\/hir.mediamarkt.hu\/magazin\/wp-json\/wp\/v2\/media\/5055"}],"wp:attachment":[{"href":"https:\/\/hir.mediamarkt.hu\/magazin\/wp-json\/wp\/v2\/media?parent=5045"}],"wp:term":[{"taxonomy":"category","embeddable":true,"href":"https:\/\/hir.mediamarkt.hu\/magazin\/wp-json\/wp\/v2\/categories?post=5045"},{"taxonomy":"post_tag","embeddable":true,"href":"https:\/\/hir.mediamarkt.hu\/magazin\/wp-json\/wp\/v2\/tags?post=5045"}],"curies":[{"name":"wp","href":"https:\/\/api.w.org\/{rel}","templated":true}]}}