{"id":5083,"date":"2018-02-20T16:22:12","date_gmt":"2018-02-20T15:22:12","guid":{"rendered":"http:\/\/hir.mediamarkt.hu\/magazin\/?p=5083"},"modified":"2018-02-27T17:53:50","modified_gmt":"2018-02-27T16:53:50","slug":"bolere-eresztve-preselessel-gazdagabb-aromakert-tea-es-kave-fronton","status":"publish","type":"post","link":"https:\/\/hir.mediamarkt.hu\/magazin\/bolere-eresztve-preselessel-gazdagabb-aromakert-tea-es-kave-fronton\/","title":{"rendered":"B\u0151l\u00e9re eresztve: pr\u00e9sel\u00e9ssel a gazdagabb arom\u00e1k\u00e9rt tea \u00e9s k\u00e1v\u00e9 fronton!"},"content":{"rendered":"<strong>Dugatty\u00fas f\u0151z\u0151, avagy French Press. K\u00e1v\u00e9z\u00f3kb\u00f3l, te\u00e1z\u00f3kb\u00f3l m\u00e1r ismerhetj\u00fck a szerkezetet, s\u0151t, m\u00e1ra egyre t\u00f6bb h\u00e1ztart\u00e1sban is fel\u00fcti a fej\u00e9t a helyes t\u00e1rgy. Mit tud a szerkezet? T\u00e9nyleg francia eredet\u0171 a technol\u00f3gia? \u00c9s m\u00e9g n\u00e9h\u00e1ny apr\u00f3s\u00e1g. Egy kiv\u00e1l\u00f3 aj\u00e1nd\u00e9k forr\u00f3 ital \u0151r\u00fclteknek!<\/strong><!--more-->\r\n\r\nReggeli k\u00e1v\u00e9 vagy tea sze\u00e1nszhoz sz\u00e1mos k\u00fcl\u00f6nb\u00f6z\u0151 k\u00e9sz\u00fcl\u00e9ket, ed\u00e9nyt haszn\u00e1lhatunk. Az espresso szerelmeseinek egy j\u00f3 kotyog\u00f3s, vagy \u00e9pp egy kapszul\u00e1s g\u00e9p duk\u00e1l. A habos cappuccino \u0151r\u00fcletekhez j\u00f6het egy apr\u00f3 szerkezet. Ha azonban \u0151 szereti b\u0151 l\u00e9re ereszteni a dolgokat, \u00e9s a designt sem veti meg, a <a href=\"http:\/\/www.mediamarkt.hu\/hu\/product\/_bialetti-0003250-nw-simplicity-dugatty%C3%BAs-k%C3%A1v%C3%A9f%C5%91z%C5%91-1l-1235129.html?ga_query=french%20press\">French press, avagy a dugatty\u00fas k\u00e1v\u00e9\/teaf\u0151z\u0151<\/a> h\u0171 t\u00e1rsa lesz a mindennapokban.\r\n\r\n<strong>Kett\u0151 az egyben<\/strong>\r\n\r\nM\u00edg klasszikusan a tea \u00e9s a k\u00e1v\u00e9f\u0151z\u00e9s el szokott egym\u00e1st\u00f3l v\u00e1lni, egy French press k\u00e9sz\u00fcl\u00e9k eset\u00e9n b\u00e1rmelyik italt elk\u00e9sz\u00edthetj\u00fck. Ugyanabban az eleg\u00e1ns, henger alak\u00fa t\u00e1rgyban! Az alapos elmos\u00e1s \u00e9s \u00f6bl\u00edt\u00e9s az egyetlen kulcs az &#8222;\u00e1tj\u00e1rhat\u00f3s\u00e1g&#8221; k\u00f6z\u00f6tt, a technol\u00f3gia mindk\u00e9t ital fajta szerelmesei sz\u00e1m\u00e1ra egyar\u00e1nt adott!\r\n\r\n<img loading=\"lazy\" decoding=\"async\" class=\"alignnone wp-image-5087 size-full\" src=\"http:\/\/hir.mediamarkt.hu\/magazin\/wp-content\/uploads\/2017\/11\/fr1.jpg\" alt=\"\" width=\"960\" height=\"638\" srcset=\"https:\/\/hir.mediamarkt.hu\/magazin\/wp-content\/uploads\/2017\/11\/fr1.jpg 960w, https:\/\/hir.mediamarkt.hu\/magazin\/wp-content\/uploads\/2017\/11\/fr1-275x183.jpg 275w, https:\/\/hir.mediamarkt.hu\/magazin\/wp-content\/uploads\/2017\/11\/fr1-300x199.jpg 300w, https:\/\/hir.mediamarkt.hu\/magazin\/wp-content\/uploads\/2017\/11\/fr1-768x510.jpg 768w, https:\/\/hir.mediamarkt.hu\/magazin\/wp-content\/uploads\/2017\/11\/fr1-720x479.jpg 720w\" sizes=\"(max-width: 960px) 100vw, 960px\" \/>\r\n\r\n<strong>Eredetmonda<\/strong>\r\n\r\nA legenda szerint a dugatty\u00fas k\u00e1v\u00e9f\u0151z\u0151t Franciaorsz\u00e1gban tal\u00e1lt\u00e1k fel, a szabadalmi k\u00e9relmet m\u00e9gis az olasz Attilio Calimani ny\u00fajtotta be 1929-ben. A diz\u00e1jn az\u00f3ta szinte v\u00e1ltozatlan,\u00a0viszont m\u00e1ra k\u00fcl\u00f6nb\u00f6z\u0151 \u0171rtartalommal is elk\u00e9sz\u00edtik az eszk\u00f6zt, ak\u00e1r eg\u00e9szen kicsi, utaz\u00f3m\u00e9retben is.\r\n\r\n<strong>Id\u0151m\u00e9r\u0151<\/strong>\r\n\r\nA French press nem a leggyorsabb k\u00e1v\u00e9\/teak\u00e9sz\u00edt\u00e9si m\u00f3d. Azoknak, akiknek meghalni sincs idej\u00fck, nem ezt a technol\u00f3gi\u00e1t aj\u00e1nljuk. A b\u00e9k\u00e9s \u00fcld\u00f6g\u00e9l\u00e9sre hajlamos fogyaszt\u00f3k viszont nagyon fogj\u00e1k szeretni a kb. 10 perces met\u00f3dussal elk\u00e9sz\u00fcl\u0151 zamatos italokat. Esti gy\u00f3gyte\u00e1z\u00e1shoz, h\u00e9tv\u00e9gi, elny\u00fajtott reggeli k\u00e1v\u00e9z\u00e1sokhoz isteni t\u00e1rs!\r\n\r\n<strong>Koffein \u00e9s tein tartalom<\/strong>\r\n\r\nA\u00a0dugatty\u00fas k\u00e1v\u00e9- \u00e9s teaf\u0151z\u0151k eset\u00e9ben a k\u00e1v\u00e9\u0151rlem\u00e9ny vagy a tealev\u00e9l j\u00f3val hosszabb ideig \u00e9rintkezik a v\u00edzzel, mint a gombnyom\u00e1sra m\u0171k\u00f6d\u0151 t\u00e1rsaik\u00e9n\u00e1l. \u00cdgy azt\u00e1n\u00a0 t\u00f6bb koffein \u00e9s tein kiold\u00e1s\u00e1ra van id\u0151.\u00a0A karcos espresso helyett\u00a0k\u00f6nnyedebb k\u00e1v\u00e9 text\u00far\u00e1t\u00a0\u00e9rhet\u00fcnk el, amelyet \u00edzl\u00e9s szerint b\u00e1rki megkedvelhet.\r\n\r\n<img loading=\"lazy\" decoding=\"async\" class=\"alignnone size-full wp-image-5448\" src=\"http:\/\/hir.mediamarkt.hu\/magazin\/wp-content\/uploads\/2018\/02\/bia.png\" alt=\"\" width=\"786\" height=\"587\" srcset=\"https:\/\/hir.mediamarkt.hu\/magazin\/wp-content\/uploads\/2018\/02\/bia.png 786w, https:\/\/hir.mediamarkt.hu\/magazin\/wp-content\/uploads\/2018\/02\/bia-275x205.png 275w, https:\/\/hir.mediamarkt.hu\/magazin\/wp-content\/uploads\/2018\/02\/bia-300x224.png 300w, https:\/\/hir.mediamarkt.hu\/magazin\/wp-content\/uploads\/2018\/02\/bia-768x574.png 768w, https:\/\/hir.mediamarkt.hu\/magazin\/wp-content\/uploads\/2018\/02\/bia-720x538.png 720w\" sizes=\"(max-width: 786px) 100vw, 786px\" \/>\r\n\r\n<strong>Nyom\u00e1s az \u00fczletbe!<\/strong>\r\n\r\nA MediaMarkt polcair\u00f3l sem hi\u00e1nyzik a technol\u00f3gia. A <a href=\"http:\/\/www.mediamarkt.hu\/hu\/product\/_bialetti-0003250-nw-simplicity-dugatty%C3%BAs-k%C3%A1v%C3%A9f%C5%91z%C5%91-1l-1235129.html?ga_query=french%20press\">Bialetti Simplicity<\/a> n\u00e9vre keresztelt, 1 l-es k\u00e9sz\u00fcl\u00e9k\u00e9nek online \u00e1ra jelenleg 7999\u00a0Ft!\r\n\r\n<strong>Tov\u00e1bbi kieg\u00e9sz\u00edt\u0151k a tea \u00e9s k\u00e1v\u00e9 szerelmeseinek a MediaMark boltjaiban \u00e9s <a href=\"http:\/\/www.mediamarkt.hu\/hu\/category\/_k%C3%A1v%C3%A9z%C3%A1s-te%C3%A1z%C3%A1s-655590.html\">oldal\u00e1n!<\/a>\u00a0<\/strong>","protected":false},"excerpt":{"rendered":"Dugatty\u00fas f\u0151z\u0151, avagy French Press. K\u00e1v\u00e9z\u00f3kb\u00f3l, te\u00e1z\u00f3kb\u00f3l m\u00e1r ismerhetj\u00fck a szerkezetet, s\u0151t, m\u00e1ra egyre t\u00f6bb h\u00e1ztart\u00e1sban is fel\u00fcti a fej\u00e9t a helyes t\u00e1rgy. Mit tud a szerkezet? T\u00e9nyleg francia eredet\u0171 a technol\u00f3gia? \u00c9s m\u00e9g n\u00e9h\u00e1ny apr\u00f3s\u00e1g. Egy kiv\u00e1l\u00f3 aj\u00e1nd\u00e9k forr\u00f3 ital \u0151r\u00fclteknek!","protected":false},"author":13,"featured_media":5086,"comment_status":"open","ping_status":"open","sticky":false,"template":"","format":"standard","meta":{"wprm-recipe-roundup-name":"","wprm-recipe-roundup-description":"","footnotes":""},"categories":[5967],"tags":[2414,2416,2234,2415,2236,926,2235,2135,510,984,2238,1068,2127,2173,430,2237,2233,941,2239,2230,2231,1373],"yoast_head":"<!-- This site is optimized with the Yoast SEO plugin v22.9 - https:\/\/yoast.com\/wordpress\/plugins\/seo\/ -->\n<title>B\u0151l\u00e9re eresztve: pr\u00e9sel\u00e9ssel a gazdagabb arom\u00e1k\u00e9rt tea \u00e9s k\u00e1v\u00e9 fronton! - MediaMarkt Magazin<\/title>\n<meta name=\"robots\" content=\"index, follow, max-snippet:-1, max-image-preview:large, max-video-preview:-1\" \/>\n<link rel=\"canonical\" href=\"https:\/\/hir.mediamarkt.hu\/magazin\/bolere-eresztve-preselessel-gazdagabb-aromakert-tea-es-kave-fronton\/\" \/>\n<meta property=\"og:locale\" content=\"hu_HU\" \/>\n<meta property=\"og:type\" content=\"article\" \/>\n<meta property=\"og:title\" content=\"B\u0151l\u00e9re eresztve: pr\u00e9sel\u00e9ssel a gazdagabb arom\u00e1k\u00e9rt tea \u00e9s k\u00e1v\u00e9 fronton! - MediaMarkt Magazin\" \/>\n<meta property=\"og:description\" content=\"Dugatty\u00fas f\u0151z\u0151, avagy French Press. K\u00e1v\u00e9z\u00f3kb\u00f3l, te\u00e1z\u00f3kb\u00f3l m\u00e1r ismerhetj\u00fck a szerkezetet, s\u0151t, m\u00e1ra egyre t\u00f6bb h\u00e1ztart\u00e1sban is fel\u00fcti a fej\u00e9t a helyes t\u00e1rgy. Mit tud a szerkezet? T\u00e9nyleg francia eredet\u0171 a technol\u00f3gia? \u00c9s m\u00e9g n\u00e9h\u00e1ny apr\u00f3s\u00e1g. Egy kiv\u00e1l\u00f3 aj\u00e1nd\u00e9k forr\u00f3 ital \u0151r\u00fclteknek!\" \/>\n<meta property=\"og:url\" content=\"https:\/\/hir.mediamarkt.hu\/magazin\/bolere-eresztve-preselessel-gazdagabb-aromakert-tea-es-kave-fronton\/\" \/>\n<meta property=\"og:site_name\" content=\"MediaMarkt Magazin\" \/>\n<meta property=\"article:publisher\" content=\"https:\/\/www.facebook.com\/MediaMarktMagyarorszag\" \/>\n<meta property=\"article:published_time\" content=\"2018-02-20T15:22:12+00:00\" \/>\n<meta property=\"article:modified_time\" content=\"2018-02-27T16:53:50+00:00\" \/>\n<meta property=\"og:image\" content=\"https:\/\/hir.mediamarkt.hu\/magazin\/wp-content\/uploads\/2017\/11\/fr.jpg\" \/>\n\t<meta property=\"og:image:width\" content=\"480\" \/>\n\t<meta property=\"og:image:height\" content=\"720\" \/>\n\t<meta property=\"og:image:type\" content=\"image\/jpeg\" \/>\n<meta name=\"author\" content=\"Media Markt\" \/>\n<meta name=\"twitter:label1\" content=\"Szerz\u0151:\" \/>\n\t<meta name=\"twitter:data1\" content=\"Media Markt\" \/>\n\t<meta name=\"twitter:label2\" content=\"Becs\u00fclt olvas\u00e1si id\u0151\" \/>\n\t<meta name=\"twitter:data2\" content=\"2 perc\" \/>\n<script type=\"application\/ld+json\" class=\"yoast-schema-graph\">{\"@context\":\"https:\/\/schema.org\",\"@graph\":[{\"@type\":\"WebPage\",\"@id\":\"https:\/\/hir.mediamarkt.hu\/magazin\/bolere-eresztve-preselessel-gazdagabb-aromakert-tea-es-kave-fronton\/\",\"url\":\"https:\/\/hir.mediamarkt.hu\/magazin\/bolere-eresztve-preselessel-gazdagabb-aromakert-tea-es-kave-fronton\/\",\"name\":\"B\u0151l\u00e9re eresztve: pr\u00e9sel\u00e9ssel a gazdagabb arom\u00e1k\u00e9rt tea \u00e9s k\u00e1v\u00e9 fronton! - MediaMarkt Magazin\",\"isPartOf\":{\"@id\":\"https:\/\/hir.mediamarkt.hu\/magazin\/#website\"},\"primaryImageOfPage\":{\"@id\":\"https:\/\/hir.mediamarkt.hu\/magazin\/bolere-eresztve-preselessel-gazdagabb-aromakert-tea-es-kave-fronton\/#primaryimage\"},\"image\":{\"@id\":\"https:\/\/hir.mediamarkt.hu\/magazin\/bolere-eresztve-preselessel-gazdagabb-aromakert-tea-es-kave-fronton\/#primaryimage\"},\"thumbnailUrl\":\"https:\/\/hir.mediamarkt.hu\/magazin\/wp-content\/uploads\/2017\/11\/fr.jpg\",\"datePublished\":\"2018-02-20T15:22:12+00:00\",\"dateModified\":\"2018-02-27T16:53:50+00:00\",\"author\":{\"@id\":\"https:\/\/hir.mediamarkt.hu\/magazin\/#\/schema\/person\/b93b02ec1ab4d2353f8d281e171c1b0b\"},\"breadcrumb\":{\"@id\":\"https:\/\/hir.mediamarkt.hu\/magazin\/bolere-eresztve-preselessel-gazdagabb-aromakert-tea-es-kave-fronton\/#breadcrumb\"},\"inLanguage\":\"hu\",\"potentialAction\":[{\"@type\":\"ReadAction\",\"target\":[\"https:\/\/hir.mediamarkt.hu\/magazin\/bolere-eresztve-preselessel-gazdagabb-aromakert-tea-es-kave-fronton\/\"]}]},{\"@type\":\"ImageObject\",\"inLanguage\":\"hu\",\"@id\":\"https:\/\/hir.mediamarkt.hu\/magazin\/bolere-eresztve-preselessel-gazdagabb-aromakert-tea-es-kave-fronton\/#primaryimage\",\"url\":\"https:\/\/hir.mediamarkt.hu\/magazin\/wp-content\/uploads\/2017\/11\/fr.jpg\",\"contentUrl\":\"https:\/\/hir.mediamarkt.hu\/magazin\/wp-content\/uploads\/2017\/11\/fr.jpg\",\"width\":480,\"height\":720},{\"@type\":\"BreadcrumbList\",\"@id\":\"https:\/\/hir.mediamarkt.hu\/magazin\/bolere-eresztve-preselessel-gazdagabb-aromakert-tea-es-kave-fronton\/#breadcrumb\",\"itemListElement\":[{\"@type\":\"ListItem\",\"position\":1,\"name\":\"Kezd\u0151lap\",\"item\":\"https:\/\/hir.mediamarkt.hu\/magazin\/\"},{\"@type\":\"ListItem\",\"position\":2,\"name\":\"Term\u00e9kv\u00e1s\u00e1rl\u00e1si tan\u00e1csad\u00f3\",\"item\":\"https:\/\/hir.mediamarkt.hu\/magazin\/termekvasarlasi-tanacsado\/\"},{\"@type\":\"ListItem\",\"position\":3,\"name\":\"B\u0151l\u00e9re eresztve: pr\u00e9sel\u00e9ssel a gazdagabb arom\u00e1k\u00e9rt tea \u00e9s k\u00e1v\u00e9 fronton!\"}]},{\"@type\":\"WebSite\",\"@id\":\"https:\/\/hir.mediamarkt.hu\/magazin\/#website\",\"url\":\"https:\/\/hir.mediamarkt.hu\/magazin\/\",\"name\":\"MediaMarkt Magazin\",\"description\":\"Olvass bele magazinunkba!\",\"potentialAction\":[{\"@type\":\"SearchAction\",\"target\":{\"@type\":\"EntryPoint\",\"urlTemplate\":\"https:\/\/hir.mediamarkt.hu\/magazin\/?s={search_term_string}\"},\"query-input\":\"required name=search_term_string\"}],\"inLanguage\":\"hu\"},{\"@type\":\"Person\",\"@id\":\"https:\/\/hir.mediamarkt.hu\/magazin\/#\/schema\/person\/b93b02ec1ab4d2353f8d281e171c1b0b\",\"name\":\"Media Markt\",\"image\":{\"@type\":\"ImageObject\",\"inLanguage\":\"hu\",\"@id\":\"https:\/\/hir.mediamarkt.hu\/magazin\/#\/schema\/person\/image\/\",\"url\":\"https:\/\/secure.gravatar.com\/avatar\/602bccae8998beee472d01909f0978f1?s=96&d=mm&r=g\",\"contentUrl\":\"https:\/\/secure.gravatar.com\/avatar\/602bccae8998beee472d01909f0978f1?s=96&d=mm&r=g\",\"caption\":\"Media Markt\"}}]}<\/script>\n<!-- \/ Yoast SEO plugin. -->","yoast_head_json":{"title":"B\u0151l\u00e9re eresztve: pr\u00e9sel\u00e9ssel a gazdagabb arom\u00e1k\u00e9rt tea \u00e9s k\u00e1v\u00e9 fronton! - MediaMarkt Magazin","robots":{"index":"index","follow":"follow","max-snippet":"max-snippet:-1","max-image-preview":"max-image-preview:large","max-video-preview":"max-video-preview:-1"},"canonical":"https:\/\/hir.mediamarkt.hu\/magazin\/bolere-eresztve-preselessel-gazdagabb-aromakert-tea-es-kave-fronton\/","og_locale":"hu_HU","og_type":"article","og_title":"B\u0151l\u00e9re eresztve: pr\u00e9sel\u00e9ssel a gazdagabb arom\u00e1k\u00e9rt tea \u00e9s k\u00e1v\u00e9 fronton! - MediaMarkt Magazin","og_description":"Dugatty\u00fas f\u0151z\u0151, avagy French Press. K\u00e1v\u00e9z\u00f3kb\u00f3l, te\u00e1z\u00f3kb\u00f3l m\u00e1r ismerhetj\u00fck a szerkezetet, s\u0151t, m\u00e1ra egyre t\u00f6bb h\u00e1ztart\u00e1sban is fel\u00fcti a fej\u00e9t a helyes t\u00e1rgy. Mit tud a szerkezet? T\u00e9nyleg francia eredet\u0171 a technol\u00f3gia? \u00c9s m\u00e9g n\u00e9h\u00e1ny apr\u00f3s\u00e1g. Egy kiv\u00e1l\u00f3 aj\u00e1nd\u00e9k forr\u00f3 ital \u0151r\u00fclteknek!","og_url":"https:\/\/hir.mediamarkt.hu\/magazin\/bolere-eresztve-preselessel-gazdagabb-aromakert-tea-es-kave-fronton\/","og_site_name":"MediaMarkt Magazin","article_publisher":"https:\/\/www.facebook.com\/MediaMarktMagyarorszag","article_published_time":"2018-02-20T15:22:12+00:00","article_modified_time":"2018-02-27T16:53:50+00:00","og_image":[{"width":480,"height":720,"url":"https:\/\/hir.mediamarkt.hu\/magazin\/wp-content\/uploads\/2017\/11\/fr.jpg","type":"image\/jpeg"}],"author":"Media Markt","twitter_misc":{"Szerz\u0151:":"Media Markt","Becs\u00fclt olvas\u00e1si id\u0151":"2 perc"},"schema":{"@context":"https:\/\/schema.org","@graph":[{"@type":"WebPage","@id":"https:\/\/hir.mediamarkt.hu\/magazin\/bolere-eresztve-preselessel-gazdagabb-aromakert-tea-es-kave-fronton\/","url":"https:\/\/hir.mediamarkt.hu\/magazin\/bolere-eresztve-preselessel-gazdagabb-aromakert-tea-es-kave-fronton\/","name":"B\u0151l\u00e9re eresztve: pr\u00e9sel\u00e9ssel a gazdagabb arom\u00e1k\u00e9rt tea \u00e9s k\u00e1v\u00e9 fronton! - MediaMarkt Magazin","isPartOf":{"@id":"https:\/\/hir.mediamarkt.hu\/magazin\/#website"},"primaryImageOfPage":{"@id":"https:\/\/hir.mediamarkt.hu\/magazin\/bolere-eresztve-preselessel-gazdagabb-aromakert-tea-es-kave-fronton\/#primaryimage"},"image":{"@id":"https:\/\/hir.mediamarkt.hu\/magazin\/bolere-eresztve-preselessel-gazdagabb-aromakert-tea-es-kave-fronton\/#primaryimage"},"thumbnailUrl":"https:\/\/hir.mediamarkt.hu\/magazin\/wp-content\/uploads\/2017\/11\/fr.jpg","datePublished":"2018-02-20T15:22:12+00:00","dateModified":"2018-02-27T16:53:50+00:00","author":{"@id":"https:\/\/hir.mediamarkt.hu\/magazin\/#\/schema\/person\/b93b02ec1ab4d2353f8d281e171c1b0b"},"breadcrumb":{"@id":"https:\/\/hir.mediamarkt.hu\/magazin\/bolere-eresztve-preselessel-gazdagabb-aromakert-tea-es-kave-fronton\/#breadcrumb"},"inLanguage":"hu","potentialAction":[{"@type":"ReadAction","target":["https:\/\/hir.mediamarkt.hu\/magazin\/bolere-eresztve-preselessel-gazdagabb-aromakert-tea-es-kave-fronton\/"]}]},{"@type":"ImageObject","inLanguage":"hu","@id":"https:\/\/hir.mediamarkt.hu\/magazin\/bolere-eresztve-preselessel-gazdagabb-aromakert-tea-es-kave-fronton\/#primaryimage","url":"https:\/\/hir.mediamarkt.hu\/magazin\/wp-content\/uploads\/2017\/11\/fr.jpg","contentUrl":"https:\/\/hir.mediamarkt.hu\/magazin\/wp-content\/uploads\/2017\/11\/fr.jpg","width":480,"height":720},{"@type":"BreadcrumbList","@id":"https:\/\/hir.mediamarkt.hu\/magazin\/bolere-eresztve-preselessel-gazdagabb-aromakert-tea-es-kave-fronton\/#breadcrumb","itemListElement":[{"@type":"ListItem","position":1,"name":"Kezd\u0151lap","item":"https:\/\/hir.mediamarkt.hu\/magazin\/"},{"@type":"ListItem","position":2,"name":"Term\u00e9kv\u00e1s\u00e1rl\u00e1si tan\u00e1csad\u00f3","item":"https:\/\/hir.mediamarkt.hu\/magazin\/termekvasarlasi-tanacsado\/"},{"@type":"ListItem","position":3,"name":"B\u0151l\u00e9re eresztve: pr\u00e9sel\u00e9ssel a gazdagabb arom\u00e1k\u00e9rt tea \u00e9s k\u00e1v\u00e9 fronton!"}]},{"@type":"WebSite","@id":"https:\/\/hir.mediamarkt.hu\/magazin\/#website","url":"https:\/\/hir.mediamarkt.hu\/magazin\/","name":"MediaMarkt Magazin","description":"Olvass bele magazinunkba!","potentialAction":[{"@type":"SearchAction","target":{"@type":"EntryPoint","urlTemplate":"https:\/\/hir.mediamarkt.hu\/magazin\/?s={search_term_string}"},"query-input":"required name=search_term_string"}],"inLanguage":"hu"},{"@type":"Person","@id":"https:\/\/hir.mediamarkt.hu\/magazin\/#\/schema\/person\/b93b02ec1ab4d2353f8d281e171c1b0b","name":"Media Markt","image":{"@type":"ImageObject","inLanguage":"hu","@id":"https:\/\/hir.mediamarkt.hu\/magazin\/#\/schema\/person\/image\/","url":"https:\/\/secure.gravatar.com\/avatar\/602bccae8998beee472d01909f0978f1?s=96&d=mm&r=g","contentUrl":"https:\/\/secure.gravatar.com\/avatar\/602bccae8998beee472d01909f0978f1?s=96&d=mm&r=g","caption":"Media Markt"}}]}},"_links":{"self":[{"href":"https:\/\/hir.mediamarkt.hu\/magazin\/wp-json\/wp\/v2\/posts\/5083"}],"collection":[{"href":"https:\/\/hir.mediamarkt.hu\/magazin\/wp-json\/wp\/v2\/posts"}],"about":[{"href":"https:\/\/hir.mediamarkt.hu\/magazin\/wp-json\/wp\/v2\/types\/post"}],"author":[{"embeddable":true,"href":"https:\/\/hir.mediamarkt.hu\/magazin\/wp-json\/wp\/v2\/users\/13"}],"replies":[{"embeddable":true,"href":"https:\/\/hir.mediamarkt.hu\/magazin\/wp-json\/wp\/v2\/comments?post=5083"}],"version-history":[{"count":4,"href":"https:\/\/hir.mediamarkt.hu\/magazin\/wp-json\/wp\/v2\/posts\/5083\/revisions"}],"predecessor-version":[{"id":5449,"href":"https:\/\/hir.mediamarkt.hu\/magazin\/wp-json\/wp\/v2\/posts\/5083\/revisions\/5449"}],"wp:featuredmedia":[{"embeddable":true,"href":"https:\/\/hir.mediamarkt.hu\/magazin\/wp-json\/wp\/v2\/media\/5086"}],"wp:attachment":[{"href":"https:\/\/hir.mediamarkt.hu\/magazin\/wp-json\/wp\/v2\/media?parent=5083"}],"wp:term":[{"taxonomy":"category","embeddable":true,"href":"https:\/\/hir.mediamarkt.hu\/magazin\/wp-json\/wp\/v2\/categories?post=5083"},{"taxonomy":"post_tag","embeddable":true,"href":"https:\/\/hir.mediamarkt.hu\/magazin\/wp-json\/wp\/v2\/tags?post=5083"}],"curies":[{"name":"wp","href":"https:\/\/api.w.org\/{rel}","templated":true}]}}