{"id":5152,"date":"2017-12-12T19:11:21","date_gmt":"2017-12-12T18:11:21","guid":{"rendered":"http:\/\/hir.mediamarkt.hu\/magazin\/?p=5152"},"modified":"2018-02-27T17:56:28","modified_gmt":"2018-02-27T16:56:28","slug":"karacsonyi-edesseg-csodak-ketbalkezeseknek","status":"publish","type":"post","link":"https:\/\/hir.mediamarkt.hu\/magazin\/karacsonyi-edesseg-csodak-ketbalkezeseknek\/","title":{"rendered":"Kar\u00e1csonyi \u00e9dess\u00e9g csod\u00e1k, k\u00e9tbalkezeseknek!"},"content":{"rendered":"<strong>Ezen cikk \u00edr\u00f3ja kicsit sem b\u00fcszke r\u00e1, hogy nem \u00e9pp egy konyhat\u00fcnd\u00e9r. A f\u0151\u00e9tel m\u00e9g csak-csak, de a desszertek! Arra viszont kicsit b\u00fcszke, hogy pr\u00f3b\u00e1lkozik. Nem csak az \u00e9dess\u00e9g m\u00e1ni\u00e1ja csillap\u00edt\u00e1s\u00e1nak h\u00e1zi megold\u00e1saira, de a csomagol\u00e1s n\u00e9lk\u00fcli nassolni val\u00f3k elk\u00e9sz\u00edt\u00e9s\u00e9re is. K\u00f6rnyezettudatos \u00e9s egyszerre zseni\u00e1lis \u00fcnnepi apr\u00f3s\u00e1gok, amik nem csak eszel\u0151s finomak, de ak\u00e1r a f\u00e1ra is felker\u00fclhetnek! 3 pofonegyszer\u0171 recept \u00e9s n\u00e9h\u00e1ny tipp \u00fcgyetlenebb konyhat\u00fcnd\u00e9reknek!<\/strong><!--more-->\r\n\r\n<span style=\"font-weight: 400;\">Advent, kar\u00e1csony, meghitt f\u00e9nyek, finom illatok. Megn\u00f6vekv\u0151 cukor- \u00e9s endorfin-\u00e9hs\u00e9g a hideg \u00e9s s\u00f6t\u00e9t \u00e9vszak miatt. Mit tehet ez ellen az, aki<\/span>\r\n<ul>\r\n \t<li style=\"font-weight: 400;\"><span style=\"font-weight: 400;\">szereti a has\u00e1t<\/span><\/li>\r\n \t<li style=\"font-weight: 400;\"><span style=\"font-weight: 400;\">odavan az \u00e9dess\u00e9g\u00e9rt<\/span><\/li>\r\n \t<li style=\"font-weight: 400;\"><span style=\"font-weight: 400;\">nem igaz\u00e1n tud s\u00fctni (\u00e9s akkor iszonyat finoman fogalmaztunk)<\/span><\/li>\r\n \t<li style=\"font-weight: 400;\"><span style=\"font-weight: 400;\">nincs is ideje \u00f3r\u00e1kon \u00e1t tart\u00f3, rizik\u00f3s mutatv\u00e1nyokra<\/span><\/li>\r\n \t<li style=\"font-weight: 400;\"><span style=\"font-weight: 400;\">fontosnak tartja, hogy ne egyen mesters\u00e9ges sz\u00ednez\u00e9kekkel, \u00edzfokoz\u00f3kkal k\u00e9sz\u00fclt nagyipari term\u00e9keket<\/span><\/li>\r\n \t<li style=\"font-weight: 400;\"><span style=\"font-weight: 400;\">fontosnak tartja, hogy ne termeljen nap, mint nap \u00fajabb \u00e9vsz\u00e1zadok alatt leboml\u00f3 szemetet a nassol\u00e1saival<\/span><\/li>\r\n \t<li style=\"font-weight: 400;\"><span style=\"font-weight: 400;\">szereti olcs\u00f3n el\u00e9rni a j\u00f3 min\u0151s\u00e9get<\/span><\/li>\r\n \t<li style=\"font-weight: 400;\"><span style=\"font-weight: 400;\">szeret kreat\u00edv megold\u00e1sokban gondolkodni<\/span><\/li>\r\n \t<li style=\"font-weight: 400;\"><span style=\"font-weight: 400;\">im\u00e1dja leny\u0171g\u00f6zni k\u00f6rnyezet\u00e9t!<\/span><\/li>\r\n<\/ul>\r\nEgyszer\u0171. Az bizony k\u00e9sz\u00edtsen valami pofon egyszer\u0171, megfizethet\u0151, kev\u00e9ss\u00e9 k\u00f6rnyezet terhel\u0151, m\u00e9gis iszonyat l\u00e1tv\u00e1nyos \u00e9dess\u00e9get! Legyen id\u00e9n a f\u00e1n szaloncukor helyett \u00f3ri\u00e1s h\u00f3pih\u00e9ket id\u00e9z\u0151 cukor-pamacs, vagy mondjuk arany sz\u00ednben csillog\u00f3, rusztikus \u00e9des r\u00e1gcsa. A dekor\u00e1ci\u00f3s megold\u00e1sok t\u00e1rh\u00e1za v\u00e9gtelen, a b\u00fcszkes\u00e9g a k\u00e9sz m\u0171 l\u00e1tt\u00e1n: le\u00edrhatatlan!\r\n\r\n<img loading=\"lazy\" decoding=\"async\" class=\"alignnone size-medium wp-image-5154\" src=\"http:\/\/hir.mediamarkt.hu\/magazin\/wp-content\/uploads\/2017\/12\/pi1-300x168.jpg\" alt=\"\" width=\"300\" height=\"168\" srcset=\"https:\/\/hir.mediamarkt.hu\/magazin\/wp-content\/uploads\/2017\/12\/pi1-300x168.jpg 300w, https:\/\/hir.mediamarkt.hu\/magazin\/wp-content\/uploads\/2017\/12\/pi1-275x154.jpg 275w, https:\/\/hir.mediamarkt.hu\/magazin\/wp-content\/uploads\/2017\/12\/pi1-768x431.jpg 768w, https:\/\/hir.mediamarkt.hu\/magazin\/wp-content\/uploads\/2017\/12\/pi1-1024x574.jpg 1024w, https:\/\/hir.mediamarkt.hu\/magazin\/wp-content\/uploads\/2017\/12\/pi1-720x404.jpg 720w, https:\/\/hir.mediamarkt.hu\/magazin\/wp-content\/uploads\/2017\/12\/pi1.jpg 1280w\" sizes=\"(max-width: 300px) 100vw, 300px\" \/>\r\n\r\n<strong>Pillecukor<\/strong>\r\n\r\nB\u00e1r t\u00e9ny, hogy nem kifejezetten eg\u00e9szs\u00e9ges a kv\u00e1zi t\u00f6m\u00e9ny cukor bevitel, legal\u00e1bb annyinak \u00f6r\u00fclhet\u00fcnk, hogy pontosan tudjuk, milyen mennyis\u00e9get t\u00f6m\u00fcnk a szervezet\u00fcnkbe ebb\u0151l a sz\u00e9d\u00edt\u0151 anyagb\u00f3l. Az elk\u00e9sz\u00edt\u00e9s &#8211; mint mindh\u00e1rom esetben &#8211; pofon egyszer\u0171, a sz\u00ednez\u00e9s, mint\u00e1z\u00e1s, flikk-flakkol\u00e1s m\u00e1r egy\u00e9ni k\u00e9pess\u00e9gek k\u00e9rd\u00e9se.\r\n\r\n<span style=\"text-decoration: underline;\">Az alap recept hozz\u00e1val\u00f3i:<\/span>\r\n\r\n24 g, vagyis egy csomag \u00e9tkez\u00e9si zselatin\r\n\r\n<span style=\"font-weight: 400;\">9 ev\u0151kan\u00e1l v\u00edz<\/span>\r\n\r\n<span style=\"font-weight: 400;\">45 dkg krist\u00e1lycukor<\/span>\r\n\r\n<span style=\"font-weight: 400;\">3 ev\u0151kan\u00e1l m\u00e9z<\/span>\r\n\r\n<span style=\"font-weight: 400;\">csipet s\u00f3<\/span>\r\n\r\n<span style=\"font-weight: 400;\">1,5\u00a0dl v\u00edz<\/span>\r\n\r\n&nbsp;\r\n\r\n<span style=\"text-decoration: underline;\"><span style=\"font-weight: 400;\">Eszk\u00f6z\u00f6k, amikre sz\u00fcks\u00e9g\u00fcnk lesz:<\/span><\/span>\r\n\r\n<span style=\"font-weight: 400;\">kever\u0151t\u00e1l\u00a0<a href=\"http:\/\/www.mediamarkt.hu\/hu\/search.html?query=kever%C5%91t%C3%A1l&amp;searchProfile=onlineshop&amp;channel=mmhuhu\">(Nincs? Itt tal\u00e1lhatsz egyet magadnak!)<\/a><\/span>\r\n\r\n2 db h\u0151\u00e1ll\u00f3 ed\u00e9ny\r\n\r\n<span style=\"font-weight: 400;\">kan\u00e1l<\/span>\r\n\r\n<span style=\"font-weight: 400;\">habver\u0151\u00a0<a href=\"http:\/\/www.mediamarkt.hu\/hu\/search.html?query=habver%C5%91&amp;searchProfile=onlineshop&amp;channel=mmhuhu\">(Nincs? Itt tal\u00e1lhatsz egyet magadnak!)<\/a><\/span>\r\n\r\n<span style=\"font-weight: 400;\">k\u00e9zimixer <a href=\"http:\/\/www.mediamarkt.hu\/hu\/search.html?query=k%C3%A9zimixer&amp;searchProfile=onlineshop&amp;channel=mmhuhu\">(Nincs? Itt tal\u00e1lhatsz egyet magadnak!)<\/a><\/span>\r\n\r\n<span style=\"font-weight: 400;\">zs\u00edrpap\u00edr<\/span>\r\n\r\n<span style=\"font-weight: 400;\">ed\u00e9nyek, t\u00e1lak, dobozok a h\u0171t\u00e9shez<\/span>\r\n\r\n&nbsp;\r\n\r\n<span style=\"text-decoration: underline;\"><span style=\"font-weight: 400;\">Elk\u00e9sz\u00edt\u00e9s:<\/span><\/span>\r\n\r\nA cukrot 50 ml v\u00edzzel \u00e9s a m\u00e9zzel felforraljuk, majd lass\u00fa t\u0171z\u00f6n 3-4 percig f\u0151zz\u00fck.\u00a0<span style=\"font-weight: 400;\">Ek\u00f6zben a zselatinport feloldjuk a 3 ev\u0151kan\u00e1l v\u00edzzel egy nagyobb, f\u0151z\u00e9sre alkalmas, magasabb fal\u00fa t\u00e1lban.\u00a0<\/span><span style=\"font-weight: 400;\">A forr\u00f3 szirupb\u00f3l egy keveset a zselatinhoz adunk \u00e9s habver\u0151vel elkeverj\u00fck.\u00a0<\/span><span style=\"font-weight: 400;\">Hozz\u00e1adjuk a t\u00f6bbi szirupot \u00e9s ha akarjuk a sz\u00ednez\u00e9ket, \u00edzes\u00edt\u0151t. Lass\u00fa fokozatr\u00f3l indulva egyre nagyobb fordulatsz\u00e1mon sz\u00e9p habosra keverj\u00fck. A kapott massza ennek hat\u00e1s\u00e1ra kifeh\u00e9redik \u00e9s kellemesen ny\u00fal\u00f3ss\u00e1 v\u00e1lik. Az eg\u00e9sz nem tart tov\u00e1bb p\u00e1r percn\u00e9l.<\/span>\r\n\r\n<span style=\"font-weight: 400;\">A k\u00e9sz habos szirupot \u00edzl\u00e9s szerint zs\u00edrpap\u00edrral bor\u00edtott ed\u00e9nyekbe lap\u00e1toljuk. Az alacsonyabb r\u00e9tegben felhalmozott alapanyag eleg\u00e1nsabban mutat k\u00e9s\u0151bb, illetve j\u00f3l szaggathat\u00f3. De magasabb fal\u00fa ed\u00e9nyben, dobozban is gondolkodhatunk, kicsit robusztusabb kock\u00e1k kapcs\u00e1n.\u00a0<\/span><span style=\"font-weight: 400;\">A ki\u00f6nt\u00f6tt anyagot 2-3 \u00f3r\u00e1ra a h\u0171t\u0151be tessz\u00fck.<\/span>\r\n\r\n&nbsp;\r\n\r\n<span style=\"text-decoration: underline;\"><span style=\"font-weight: 400;\">A truv\u00e1j r\u00e9szhez:<\/span><\/span>\r\n<ul>\r\n \t<li>A sz\u00ednez\u00e9knek sz\u00f6rp\u00f6k, gy\u00fcm\u00f6lcs\u00f6lajak kiv\u00e1l\u00f3an haszn\u00e1lhat\u00f3ak, de el\u00e9g ak\u00e1r p\u00e1r szem mirelit m\u00e1ln\u00e1t, \u00e1fony\u00e1t kiengedni \u00e9s m\u00e1ris mehet a \u201crajzol\u00e1s\u201d.<\/li>\r\n \t<li><span style=\"font-weight: 400;\">Az \u00edzes\u00edt\u00e9s kapcs\u00e1n is vari\u00e1lhatjuk a dolgot, egy kis citrommal fanyarabb \u00edzt \u00e9rhet\u00fcnk el. De a gy\u00fcm\u00f6lcsb\u0151l k\u00e9sz\u00fclt sz\u00ednez\u00e9keink is befoly\u00e1solj\u00e1k majd az \u00edzeket.<\/span><\/li>\r\n \t<li><span style=\"font-weight: 400;\">A k\u00e9sz pill\u00e9ket \u00e9rdemes finomra szit\u00e1lt porcukorban megforgatni. Ekkor ak\u00e1r azonban egy finom k\u00f3kuszreszel\u00e9k r\u00e9teggel is meg\u0151rj\u00edthetj\u00fck az alkot\u00e1st!<\/span><\/li>\r\n \t<li><span style=\"font-weight: 400;\">Extra d\u00edsz\u00edt\u00e9shez \u00e9telgy\u00f6ngy \u00e9s term\u00e9szetes \u00e9telfest\u00e9k is duk\u00e1lhat, mi a minimalist\u00e1bb pill\u00e9ket viszont ink\u00e1bb sz\u00edv alak\u00fara szaggatjuk, \u0151r\u00fcltebb pillanatokban pedig raffi\u00e1val, vagy mezei sp\u00e1rg\u00e1val k\u00f6t\u00f6zz\u00fck.<\/span><\/li>\r\n \t<li>A k\u00e9sz \u00e9dess\u00e9get kis kock\u00e1kra v\u00e1gva, vagy sima, porcukorba m\u00e1rtott s\u00fctem\u00e9ny szaggat\u00f3val form\u00e1zva, zs\u00edrpap\u00edrra helyezve be is v\u00e1ghatjuk a h\u0171t\u0151be.<\/li>\r\n<\/ul>\r\n\u00c9s hogy menni id\u0151re lesz sz\u00fcks\u00e9g\u00fcnk? A f\u0151z\u00e9si \u00e9s kever\u00e9si id\u0151 10-15 perc, pacsmagol\u00e1s 5 perc, h\u0171t\u00e9s 2-3 \u00f3ra. Ut\u00f3bbit elv\u00e9gzi helyett\u00fcnk&#8230;a h\u0171t\u0151!\r\n\r\n<img loading=\"lazy\" decoding=\"async\" class=\"alignnone size-medium wp-image-5157\" src=\"http:\/\/hir.mediamarkt.hu\/magazin\/wp-content\/uploads\/2017\/12\/pi4-300x151.jpg\" alt=\"\" width=\"300\" height=\"151\" srcset=\"https:\/\/hir.mediamarkt.hu\/magazin\/wp-content\/uploads\/2017\/12\/pi4-300x151.jpg 300w, https:\/\/hir.mediamarkt.hu\/magazin\/wp-content\/uploads\/2017\/12\/pi4-275x139.jpg 275w, https:\/\/hir.mediamarkt.hu\/magazin\/wp-content\/uploads\/2017\/12\/pi4-768x388.jpg 768w, https:\/\/hir.mediamarkt.hu\/magazin\/wp-content\/uploads\/2017\/12\/pi4-1024x517.jpg 1024w, https:\/\/hir.mediamarkt.hu\/magazin\/wp-content\/uploads\/2017\/12\/pi4-720x363.jpg 720w, https:\/\/hir.mediamarkt.hu\/magazin\/wp-content\/uploads\/2017\/12\/pi4.jpg 1280w\" sizes=\"(max-width: 300px) 100vw, 300px\" \/>\r\n\r\n<strong>Csoki szigetek<\/strong>\r\n\r\nAz angolul &#8222;chocolate cluster&#8221;-k\u00e9nt aposztrof\u00e1lt kiad\u00f3s, rendes telts\u00e9get \u00e9s euf\u00f3ri\u00e1t okoz\u00f3 kis csoki csoportosul\u00e1sok nett\u00f3 10 perc alatt k\u00e9sz\u00fclnek el. Az egyetlen igaz\u00e1n fontos szempont: a min\u0151s\u00e9gi csokol\u00e1d\u00e9 haszn\u00e1lat. \u00c9s persze a rak\u00e1s csonth\u00e9jas.\r\n\r\n<span style=\"font-weight: 400;\">Az \u00e9des-keres\u0171 csoportosul\u00e1shoz \u00edzl\u00e9s \u00e9s p\u00e9nzt\u00e1rca szerint di\u00f3t, mogyor\u00f3t, mandul\u00e1t, kesut vagy \u00e9pp piszt\u00e1ci\u00e1t is haszn\u00e1lhatunk. Term\u00e9szeretesen tudjuk, mint ezek a magvak, mind a legal\u00e1bb 75%-os keser\u0171csokik nem olcs\u00f3 mulats\u00e1gok, cserk\u00e9szbecssz\u00f3ra esk\u00fcsz\u00fcnk, a v\u00e9geredm\u00e9ny olyan t\u00f6m\u00e9ny \u00e9s kiad\u00f3s, hogy a v\u00e9g\u00e9n ugyanoda lyukadunk ki \u00e1rban, mintha tejbevon\u00f3massz\u00e1s (blehh) \u00e9dess\u00e9get venn\u00e9k, tonna sz\u00e1mra.<\/span>\r\n\r\nA k\u00e9plet itt annyira egyszer\u0171, hogy k\u00e1r lenne k\u00fcl\u00f6n bontani a hozz\u00e1val\u00f3kat.\r\n<ol>\r\n \t<li style=\"font-weight: 400;\"><span style=\"font-weight: 400;\">Egyszer\u0171en fogjunk 2-3 t\u00e1bla csokol\u00e1d\u00e9t &#8211; na j\u00f3, legyen 2 magasabb kaka\u00f3 tartalm\u00fa \u00e9s egy szer\u00e9nyebb kivitelez\u00e9s\u0171 &#8211; tegy\u00fck egy g\u0151z f\u00f6l\u00f6tt hev\u00fcl\u0151 ed\u00e9nybe, ahol a meleg egy perc alatt elv\u00e9gzi a dolg\u00e1t.<\/span><\/li>\r\n \t<li style=\"font-weight: 400;\"><span style=\"font-weight: 400;\">A megolvadt csokol\u00e1d\u00e9ba keverj\u00fck bele a vegyes, vagy \u00e9pp a v\u00e1logatott magokat \u00e9s egy kan\u00e1l seg\u00edts\u00e9g\u00e9vel emelj\u00fcnk ki p\u00e1rat, amely m\u00e1r elmer\u00fclt a barna, ragyog\u00f3 bor\u00edt\u00e1sban. <\/span><\/li>\r\n \t<li style=\"font-weight: 400;\"><span style=\"font-weight: 400;\">A kis adag csod\u00e1t pakoljuk egy zs\u00edrpap\u00edrral bor\u00edtott fel\u00fcletre (t\u00e1ny\u00e9rra, dobozra). <\/span><\/li>\r\n \t<li style=\"font-weight: 400;\"><span style=\"font-weight: 400;\">V\u00e1rjunk, m\u00edg a sziget megdermed.<\/span><\/li>\r\n<\/ol>\r\n<img loading=\"lazy\" decoding=\"async\" class=\"alignnone size-medium wp-image-5159\" src=\"http:\/\/hir.mediamarkt.hu\/magazin\/wp-content\/uploads\/2017\/12\/pi5-300x268.jpg\" alt=\"\" width=\"300\" height=\"268\" srcset=\"https:\/\/hir.mediamarkt.hu\/magazin\/wp-content\/uploads\/2017\/12\/pi5-300x268.jpg 300w, https:\/\/hir.mediamarkt.hu\/magazin\/wp-content\/uploads\/2017\/12\/pi5-275x245.jpg 275w, https:\/\/hir.mediamarkt.hu\/magazin\/wp-content\/uploads\/2017\/12\/pi5-720x642.jpg 720w, https:\/\/hir.mediamarkt.hu\/magazin\/wp-content\/uploads\/2017\/12\/pi5.jpg 760w\" sizes=\"(max-width: 300px) 100vw, 300px\" \/>\r\n\r\nB\u00e1r m\u00e1r az els\u0151 elk\u00e9sz\u00edt\u00e9s ut\u00e1n is mennyei \u00f6r\u00f6m\u00f6ket tapasztaltam, m\u00e1sodik nekifut\u00e1sn\u00e1l m\u00e1r a k\u00fclcs\u00ednyre is jobban odafigyeltem. A rusztikus, kesze-kusza kis szigetekre \u00edgy apr\u00f3ra v\u00e1gott mandula szil\u00e1nkok, vagy \u00e9pp pont pillecukor darabok ker\u00fcltek. Ut\u00f3bbib\u00f3l p\u00e1rat mag\u00e1ban a csokiban is megforgattam, hogy halmozzam az \u00e9lvezeteket. \u00cdnyencek nagy szem\u0171 tengeri s\u00f3val, vagy \u00e9pp chilivel is pr\u00f3b\u00e1lkozhatnak. De kar\u00e1csony k\u00f6rny\u00e9k\u00e9n a j\u00f3l megmosott narancs \u00e9s citromh\u00e9j darabk\u00e1k is fens\u00e9gesek lehetnek.\r\n\r\n<img loading=\"lazy\" decoding=\"async\" class=\"alignnone size-medium wp-image-5155\" src=\"http:\/\/hir.mediamarkt.hu\/magazin\/wp-content\/uploads\/2017\/12\/pi2-300x225.jpg\" alt=\"\" width=\"300\" height=\"225\" srcset=\"https:\/\/hir.mediamarkt.hu\/magazin\/wp-content\/uploads\/2017\/12\/pi2-300x225.jpg 300w, https:\/\/hir.mediamarkt.hu\/magazin\/wp-content\/uploads\/2017\/12\/pi2-275x206.jpg 275w, https:\/\/hir.mediamarkt.hu\/magazin\/wp-content\/uploads\/2017\/12\/pi2-768x575.jpg 768w, https:\/\/hir.mediamarkt.hu\/magazin\/wp-content\/uploads\/2017\/12\/pi2-1024x766.jpg 1024w, https:\/\/hir.mediamarkt.hu\/magazin\/wp-content\/uploads\/2017\/12\/pi2-720x539.jpg 720w, https:\/\/hir.mediamarkt.hu\/magazin\/wp-content\/uploads\/2017\/12\/pi2.jpg 1280w\" sizes=\"(max-width: 300px) 100vw, 300px\" \/>\r\n\r\n<strong>Kar\u00e1csonyi grill\u00e1zs<\/strong>\r\n\r\n<span style=\"font-weight: 400;\">Nagyj\u00e1b\u00f3l ugyanaz a met\u00f3dus, mint a csoki szigetek eset\u00e9n. Csak itt a csokol\u00e1d\u00e9 helyett az olvasztott cukor v\u00e9gzi el a munk\u00e1t \u00e9s bor\u00edtja be a magvakat, els\u0151sorban tal\u00e1n a klasszikusnak sz\u00e1m\u00edt\u00f3 di\u00f3t.\u00a0<\/span><span style=\"font-weight: 400;\">A cukorba kevert magvakb\u00f3l \u00e1ll\u00f3 k\u00e9sz, olvadt massz\u00e1t ha \u00fagy tetszik jobban, sz\u00e9tter\u00edthetj\u00fck, majd megdermed\u00e9s ut\u00e1n szil\u00e1nkosra t\u00f6rhetj\u00fck, kis csillog\u00f3 t\u00e1bl\u00e1kat k\u00e9pezve. De a sziget-k\u00e9pz\u0151 effektus is m\u0171k\u00f6dik, ezesetben tornyosul\u00f3 mag kompoz\u00edci\u00f3kat kapunk.\u00a0<\/span><span style=\"font-weight: 400;\">A di\u00f3 mellett itt m\u00e9g a szez\u00e1mmag lehet \u00e9rdekes, amelyet ak\u00e1r a szigetekre is sz\u00f3rhatunk, mintha csak h\u00f3 bor\u00edtan\u00e1 a cs\u00facsokat.<\/span>\r\n\r\n<strong>Ha egy ilyen k\u00fcl\u00f6nlegess\u00e9gekkel megrakott t\u00e1ny\u00e9rt k\u00f6rbetesz\u00fcnk egy kis kar\u00e1csonyi LED sorral, kiz\u00e1rt, hogy ne ny\u0171g\u00f6zz\u00fck le a vend\u00e9geinket. De a f\u00e1ra l\u00f3gat\u00e1s is nagy szenz\u00e1ci\u00f3 lehet.\u00a0\u00c9lvezz\u00fck h\u00e1t a k\u00e9t kez\u00fcnk munk\u00e1j\u00e1t \u00e9s az \u00e9des \u00e9lvezet k\u00f6zben gondoljunk b\u00fcszk\u00e9n magunkra: ma is eggyel kevesebbet \u00e1rtottunk k\u00f6rnyezet\u00fcnknek. Boldog Kar\u00e1csonyt!<\/strong>\r\n\r\n<img loading=\"lazy\" decoding=\"async\" class=\"alignnone size-medium wp-image-5160\" src=\"http:\/\/hir.mediamarkt.hu\/magazin\/wp-content\/uploads\/2017\/12\/pi6-300x181.jpg\" alt=\"\" width=\"300\" height=\"181\" srcset=\"https:\/\/hir.mediamarkt.hu\/magazin\/wp-content\/uploads\/2017\/12\/pi6-300x181.jpg 300w, https:\/\/hir.mediamarkt.hu\/magazin\/wp-content\/uploads\/2017\/12\/pi6-275x166.jpg 275w, https:\/\/hir.mediamarkt.hu\/magazin\/wp-content\/uploads\/2017\/12\/pi6.jpg 341w\" sizes=\"(max-width: 300px) 100vw, 300px\" \/>","protected":false},"excerpt":{"rendered":"Ezen cikk \u00edr\u00f3ja kicsit sem b\u00fcszke r\u00e1, hogy nem \u00e9pp egy konyhat\u00fcnd\u00e9r. A f\u0151\u00e9tel m\u00e9g csak-csak, de a desszertek! Arra viszont kicsit b\u00fcszke, hogy pr\u00f3b\u00e1lkozik. Nem csak az \u00e9dess\u00e9g m\u00e1ni\u00e1ja csillap\u00edt\u00e1s\u00e1nak h\u00e1zi megold\u00e1saira, de a csomagol\u00e1s n\u00e9lk\u00fcli nassolni val\u00f3k elk\u00e9sz\u00edt\u00e9s\u00e9re is. K\u00f6rnyezettudatos \u00e9s egyszerre zseni\u00e1lis \u00fcnnepi apr\u00f3s\u00e1gok, amik nem csak eszel\u0151s finomak, de ak\u00e1r a f\u00e1ra is felker\u00fclhetnek! 3 pofonegyszer\u0171 recept \u00e9s n\u00e9h\u00e1ny tipp \u00fcgyetlenebb konyhat\u00fcnd\u00e9reknek!","protected":false},"author":13,"featured_media":5160,"comment_status":"open","ping_status":"open","sticky":false,"template":"","format":"standard","meta":{"wprm-recipe-roundup-name":"","wprm-recipe-roundup-description":"","footnotes":""},"categories":[5965],"tags":[2277,2206,2280,2204,2283,78,2278,2276,2282,2273,51,2271,1068,2240,1805,2127,2173,430,2275,2274,2272,2279,846,2281],"yoast_head":"<!-- This site is optimized with the Yoast SEO plugin v22.9 - https:\/\/yoast.com\/wordpress\/plugins\/seo\/ -->\n<title>Kar\u00e1csonyi \u00e9dess\u00e9g csod\u00e1k, k\u00e9tbalkezeseknek! - MediaMarkt Magazin<\/title>\n<meta name=\"robots\" content=\"index, follow, max-snippet:-1, max-image-preview:large, max-video-preview:-1\" \/>\n<link rel=\"canonical\" href=\"https:\/\/hir.mediamarkt.hu\/magazin\/karacsonyi-edesseg-csodak-ketbalkezeseknek\/\" \/>\n<meta property=\"og:locale\" content=\"hu_HU\" \/>\n<meta property=\"og:type\" content=\"article\" \/>\n<meta property=\"og:title\" content=\"Kar\u00e1csonyi \u00e9dess\u00e9g csod\u00e1k, k\u00e9tbalkezeseknek! - MediaMarkt Magazin\" \/>\n<meta property=\"og:description\" content=\"Ezen cikk \u00edr\u00f3ja kicsit sem b\u00fcszke r\u00e1, hogy nem \u00e9pp egy konyhat\u00fcnd\u00e9r. A f\u0151\u00e9tel m\u00e9g csak-csak, de a desszertek! Arra viszont kicsit b\u00fcszke, hogy pr\u00f3b\u00e1lkozik. Nem csak az \u00e9dess\u00e9g m\u00e1ni\u00e1ja csillap\u00edt\u00e1s\u00e1nak h\u00e1zi megold\u00e1saira, de a csomagol\u00e1s n\u00e9lk\u00fcli nassolni val\u00f3k elk\u00e9sz\u00edt\u00e9s\u00e9re is. K\u00f6rnyezettudatos \u00e9s egyszerre zseni\u00e1lis \u00fcnnepi apr\u00f3s\u00e1gok, amik nem csak eszel\u0151s finomak, de ak\u00e1r a f\u00e1ra is felker\u00fclhetnek! 3 pofonegyszer\u0171 recept \u00e9s n\u00e9h\u00e1ny tipp \u00fcgyetlenebb konyhat\u00fcnd\u00e9reknek!\" \/>\n<meta property=\"og:url\" content=\"https:\/\/hir.mediamarkt.hu\/magazin\/karacsonyi-edesseg-csodak-ketbalkezeseknek\/\" \/>\n<meta property=\"og:site_name\" content=\"MediaMarkt Magazin\" \/>\n<meta property=\"article:publisher\" content=\"https:\/\/www.facebook.com\/MediaMarktMagyarorszag\" \/>\n<meta property=\"article:published_time\" content=\"2017-12-12T18:11:21+00:00\" \/>\n<meta property=\"article:modified_time\" content=\"2018-02-27T16:56:28+00:00\" \/>\n<meta property=\"og:image\" content=\"https:\/\/hir.mediamarkt.hu\/magazin\/wp-content\/uploads\/2017\/12\/pi6.jpg\" \/>\n\t<meta property=\"og:image:width\" content=\"341\" \/>\n\t<meta property=\"og:image:height\" content=\"206\" \/>\n\t<meta property=\"og:image:type\" content=\"image\/jpeg\" \/>\n<meta name=\"author\" content=\"Media Markt\" \/>\n<meta name=\"twitter:label1\" content=\"Szerz\u0151:\" \/>\n\t<meta name=\"twitter:data1\" content=\"Media Markt\" \/>\n\t<meta name=\"twitter:label2\" content=\"Becs\u00fclt olvas\u00e1si id\u0151\" \/>\n\t<meta name=\"twitter:data2\" content=\"7 perc\" \/>\n<script type=\"application\/ld+json\" class=\"yoast-schema-graph\">{\"@context\":\"https:\/\/schema.org\",\"@graph\":[{\"@type\":\"WebPage\",\"@id\":\"https:\/\/hir.mediamarkt.hu\/magazin\/karacsonyi-edesseg-csodak-ketbalkezeseknek\/\",\"url\":\"https:\/\/hir.mediamarkt.hu\/magazin\/karacsonyi-edesseg-csodak-ketbalkezeseknek\/\",\"name\":\"Kar\u00e1csonyi \u00e9dess\u00e9g csod\u00e1k, k\u00e9tbalkezeseknek! - MediaMarkt Magazin\",\"isPartOf\":{\"@id\":\"https:\/\/hir.mediamarkt.hu\/magazin\/#website\"},\"primaryImageOfPage\":{\"@id\":\"https:\/\/hir.mediamarkt.hu\/magazin\/karacsonyi-edesseg-csodak-ketbalkezeseknek\/#primaryimage\"},\"image\":{\"@id\":\"https:\/\/hir.mediamarkt.hu\/magazin\/karacsonyi-edesseg-csodak-ketbalkezeseknek\/#primaryimage\"},\"thumbnailUrl\":\"https:\/\/hir.mediamarkt.hu\/magazin\/wp-content\/uploads\/2017\/12\/pi6.jpg\",\"datePublished\":\"2017-12-12T18:11:21+00:00\",\"dateModified\":\"2018-02-27T16:56:28+00:00\",\"author\":{\"@id\":\"https:\/\/hir.mediamarkt.hu\/magazin\/#\/schema\/person\/b93b02ec1ab4d2353f8d281e171c1b0b\"},\"breadcrumb\":{\"@id\":\"https:\/\/hir.mediamarkt.hu\/magazin\/karacsonyi-edesseg-csodak-ketbalkezeseknek\/#breadcrumb\"},\"inLanguage\":\"hu\",\"potentialAction\":[{\"@type\":\"ReadAction\",\"target\":[\"https:\/\/hir.mediamarkt.hu\/magazin\/karacsonyi-edesseg-csodak-ketbalkezeseknek\/\"]}]},{\"@type\":\"ImageObject\",\"inLanguage\":\"hu\",\"@id\":\"https:\/\/hir.mediamarkt.hu\/magazin\/karacsonyi-edesseg-csodak-ketbalkezeseknek\/#primaryimage\",\"url\":\"https:\/\/hir.mediamarkt.hu\/magazin\/wp-content\/uploads\/2017\/12\/pi6.jpg\",\"contentUrl\":\"https:\/\/hir.mediamarkt.hu\/magazin\/wp-content\/uploads\/2017\/12\/pi6.jpg\",\"width\":341,\"height\":206},{\"@type\":\"BreadcrumbList\",\"@id\":\"https:\/\/hir.mediamarkt.hu\/magazin\/karacsonyi-edesseg-csodak-ketbalkezeseknek\/#breadcrumb\",\"itemListElement\":[{\"@type\":\"ListItem\",\"position\":1,\"name\":\"Kezd\u0151lap\",\"item\":\"https:\/\/hir.mediamarkt.hu\/magazin\/\"},{\"@type\":\"ListItem\",\"position\":2,\"name\":\"Kar\u00e1csonyi \u00e9dess\u00e9g csod\u00e1k, k\u00e9tbalkezeseknek!\"}]},{\"@type\":\"WebSite\",\"@id\":\"https:\/\/hir.mediamarkt.hu\/magazin\/#website\",\"url\":\"https:\/\/hir.mediamarkt.hu\/magazin\/\",\"name\":\"MediaMarkt Magazin\",\"description\":\"Olvass bele magazinunkba!\",\"potentialAction\":[{\"@type\":\"SearchAction\",\"target\":{\"@type\":\"EntryPoint\",\"urlTemplate\":\"https:\/\/hir.mediamarkt.hu\/magazin\/?s={search_term_string}\"},\"query-input\":\"required name=search_term_string\"}],\"inLanguage\":\"hu\"},{\"@type\":\"Person\",\"@id\":\"https:\/\/hir.mediamarkt.hu\/magazin\/#\/schema\/person\/b93b02ec1ab4d2353f8d281e171c1b0b\",\"name\":\"Media Markt\",\"image\":{\"@type\":\"ImageObject\",\"inLanguage\":\"hu\",\"@id\":\"https:\/\/hir.mediamarkt.hu\/magazin\/#\/schema\/person\/image\/\",\"url\":\"https:\/\/secure.gravatar.com\/avatar\/602bccae8998beee472d01909f0978f1?s=96&d=mm&r=g\",\"contentUrl\":\"https:\/\/secure.gravatar.com\/avatar\/602bccae8998beee472d01909f0978f1?s=96&d=mm&r=g\",\"caption\":\"Media Markt\"}}]}<\/script>\n<!-- \/ Yoast SEO plugin. -->","yoast_head_json":{"title":"Kar\u00e1csonyi \u00e9dess\u00e9g csod\u00e1k, k\u00e9tbalkezeseknek! - MediaMarkt Magazin","robots":{"index":"index","follow":"follow","max-snippet":"max-snippet:-1","max-image-preview":"max-image-preview:large","max-video-preview":"max-video-preview:-1"},"canonical":"https:\/\/hir.mediamarkt.hu\/magazin\/karacsonyi-edesseg-csodak-ketbalkezeseknek\/","og_locale":"hu_HU","og_type":"article","og_title":"Kar\u00e1csonyi \u00e9dess\u00e9g csod\u00e1k, k\u00e9tbalkezeseknek! - MediaMarkt Magazin","og_description":"Ezen cikk \u00edr\u00f3ja kicsit sem b\u00fcszke r\u00e1, hogy nem \u00e9pp egy konyhat\u00fcnd\u00e9r. A f\u0151\u00e9tel m\u00e9g csak-csak, de a desszertek! Arra viszont kicsit b\u00fcszke, hogy pr\u00f3b\u00e1lkozik. Nem csak az \u00e9dess\u00e9g m\u00e1ni\u00e1ja csillap\u00edt\u00e1s\u00e1nak h\u00e1zi megold\u00e1saira, de a csomagol\u00e1s n\u00e9lk\u00fcli nassolni val\u00f3k elk\u00e9sz\u00edt\u00e9s\u00e9re is. K\u00f6rnyezettudatos \u00e9s egyszerre zseni\u00e1lis \u00fcnnepi apr\u00f3s\u00e1gok, amik nem csak eszel\u0151s finomak, de ak\u00e1r a f\u00e1ra is felker\u00fclhetnek! 3 pofonegyszer\u0171 recept \u00e9s n\u00e9h\u00e1ny tipp \u00fcgyetlenebb konyhat\u00fcnd\u00e9reknek!","og_url":"https:\/\/hir.mediamarkt.hu\/magazin\/karacsonyi-edesseg-csodak-ketbalkezeseknek\/","og_site_name":"MediaMarkt Magazin","article_publisher":"https:\/\/www.facebook.com\/MediaMarktMagyarorszag","article_published_time":"2017-12-12T18:11:21+00:00","article_modified_time":"2018-02-27T16:56:28+00:00","og_image":[{"width":341,"height":206,"url":"https:\/\/hir.mediamarkt.hu\/magazin\/wp-content\/uploads\/2017\/12\/pi6.jpg","type":"image\/jpeg"}],"author":"Media Markt","twitter_misc":{"Szerz\u0151:":"Media Markt","Becs\u00fclt olvas\u00e1si id\u0151":"7 perc"},"schema":{"@context":"https:\/\/schema.org","@graph":[{"@type":"WebPage","@id":"https:\/\/hir.mediamarkt.hu\/magazin\/karacsonyi-edesseg-csodak-ketbalkezeseknek\/","url":"https:\/\/hir.mediamarkt.hu\/magazin\/karacsonyi-edesseg-csodak-ketbalkezeseknek\/","name":"Kar\u00e1csonyi \u00e9dess\u00e9g csod\u00e1k, k\u00e9tbalkezeseknek! - MediaMarkt Magazin","isPartOf":{"@id":"https:\/\/hir.mediamarkt.hu\/magazin\/#website"},"primaryImageOfPage":{"@id":"https:\/\/hir.mediamarkt.hu\/magazin\/karacsonyi-edesseg-csodak-ketbalkezeseknek\/#primaryimage"},"image":{"@id":"https:\/\/hir.mediamarkt.hu\/magazin\/karacsonyi-edesseg-csodak-ketbalkezeseknek\/#primaryimage"},"thumbnailUrl":"https:\/\/hir.mediamarkt.hu\/magazin\/wp-content\/uploads\/2017\/12\/pi6.jpg","datePublished":"2017-12-12T18:11:21+00:00","dateModified":"2018-02-27T16:56:28+00:00","author":{"@id":"https:\/\/hir.mediamarkt.hu\/magazin\/#\/schema\/person\/b93b02ec1ab4d2353f8d281e171c1b0b"},"breadcrumb":{"@id":"https:\/\/hir.mediamarkt.hu\/magazin\/karacsonyi-edesseg-csodak-ketbalkezeseknek\/#breadcrumb"},"inLanguage":"hu","potentialAction":[{"@type":"ReadAction","target":["https:\/\/hir.mediamarkt.hu\/magazin\/karacsonyi-edesseg-csodak-ketbalkezeseknek\/"]}]},{"@type":"ImageObject","inLanguage":"hu","@id":"https:\/\/hir.mediamarkt.hu\/magazin\/karacsonyi-edesseg-csodak-ketbalkezeseknek\/#primaryimage","url":"https:\/\/hir.mediamarkt.hu\/magazin\/wp-content\/uploads\/2017\/12\/pi6.jpg","contentUrl":"https:\/\/hir.mediamarkt.hu\/magazin\/wp-content\/uploads\/2017\/12\/pi6.jpg","width":341,"height":206},{"@type":"BreadcrumbList","@id":"https:\/\/hir.mediamarkt.hu\/magazin\/karacsonyi-edesseg-csodak-ketbalkezeseknek\/#breadcrumb","itemListElement":[{"@type":"ListItem","position":1,"name":"Kezd\u0151lap","item":"https:\/\/hir.mediamarkt.hu\/magazin\/"},{"@type":"ListItem","position":2,"name":"Kar\u00e1csonyi \u00e9dess\u00e9g csod\u00e1k, k\u00e9tbalkezeseknek!"}]},{"@type":"WebSite","@id":"https:\/\/hir.mediamarkt.hu\/magazin\/#website","url":"https:\/\/hir.mediamarkt.hu\/magazin\/","name":"MediaMarkt Magazin","description":"Olvass bele magazinunkba!","potentialAction":[{"@type":"SearchAction","target":{"@type":"EntryPoint","urlTemplate":"https:\/\/hir.mediamarkt.hu\/magazin\/?s={search_term_string}"},"query-input":"required name=search_term_string"}],"inLanguage":"hu"},{"@type":"Person","@id":"https:\/\/hir.mediamarkt.hu\/magazin\/#\/schema\/person\/b93b02ec1ab4d2353f8d281e171c1b0b","name":"Media Markt","image":{"@type":"ImageObject","inLanguage":"hu","@id":"https:\/\/hir.mediamarkt.hu\/magazin\/#\/schema\/person\/image\/","url":"https:\/\/secure.gravatar.com\/avatar\/602bccae8998beee472d01909f0978f1?s=96&d=mm&r=g","contentUrl":"https:\/\/secure.gravatar.com\/avatar\/602bccae8998beee472d01909f0978f1?s=96&d=mm&r=g","caption":"Media Markt"}}]}},"_links":{"self":[{"href":"https:\/\/hir.mediamarkt.hu\/magazin\/wp-json\/wp\/v2\/posts\/5152"}],"collection":[{"href":"https:\/\/hir.mediamarkt.hu\/magazin\/wp-json\/wp\/v2\/posts"}],"about":[{"href":"https:\/\/hir.mediamarkt.hu\/magazin\/wp-json\/wp\/v2\/types\/post"}],"author":[{"embeddable":true,"href":"https:\/\/hir.mediamarkt.hu\/magazin\/wp-json\/wp\/v2\/users\/13"}],"replies":[{"embeddable":true,"href":"https:\/\/hir.mediamarkt.hu\/magazin\/wp-json\/wp\/v2\/comments?post=5152"}],"version-history":[{"count":3,"href":"https:\/\/hir.mediamarkt.hu\/magazin\/wp-json\/wp\/v2\/posts\/5152\/revisions"}],"predecessor-version":[{"id":5162,"href":"https:\/\/hir.mediamarkt.hu\/magazin\/wp-json\/wp\/v2\/posts\/5152\/revisions\/5162"}],"wp:featuredmedia":[{"embeddable":true,"href":"https:\/\/hir.mediamarkt.hu\/magazin\/wp-json\/wp\/v2\/media\/5160"}],"wp:attachment":[{"href":"https:\/\/hir.mediamarkt.hu\/magazin\/wp-json\/wp\/v2\/media?parent=5152"}],"wp:term":[{"taxonomy":"category","embeddable":true,"href":"https:\/\/hir.mediamarkt.hu\/magazin\/wp-json\/wp\/v2\/categories?post=5152"},{"taxonomy":"post_tag","embeddable":true,"href":"https:\/\/hir.mediamarkt.hu\/magazin\/wp-json\/wp\/v2\/tags?post=5152"}],"curies":[{"name":"wp","href":"https:\/\/api.w.org\/{rel}","templated":true}]}}