{"id":5163,"date":"2017-12-12T19:15:36","date_gmt":"2017-12-12T18:15:36","guid":{"rendered":"http:\/\/hir.mediamarkt.hu\/magazin\/?p=5163"},"modified":"2018-02-27T17:56:12","modified_gmt":"2018-02-27T16:56:12","slug":"kis-magyar-ajandekozas-lelektan-avagy-igy-adunk-mi","status":"publish","type":"post","link":"https:\/\/hir.mediamarkt.hu\/magazin\/kis-magyar-ajandekozas-lelektan-avagy-igy-adunk-mi\/","title":{"rendered":"Kis magyar aj\u00e1nd\u00e9koz\u00e1s-l\u00e9lektan, avagy \u00edgy adunk mi?"},"content":{"rendered":"<b>Az \u00fcnnepek k\u00f6zeledt\u00e9vel egyszer\u0171en nem \u00e1llhatom meg, hogy ne gondolkodjak el az aj\u00e1nd\u00e9koz\u00e1si l\u00e1z k\u00e9rd\u00e9sk\u00f6r\u00e9r\u0151l. Nagyobb v\u00e1laszt\u00e9k, sz\u00e9lesebb k\u00f6r\u0171 lehet\u0151s\u00e9gek, magyar\u00e1n szem\u00e9lyre szabottabb meglepet\u00e9sek \u00e1llnak rendelkez\u00e9sre kar\u00e1csony t\u00e1j\u00e1n. De vajon azt adjuk, amire a m\u00e1sik v\u00e1gyik? Egy\u00e1ltal\u00e1n kinek jobb? Aki ad vagy aki kap? Meg\u00faszhat\u00f3 a feny\u0151 illat\u00fa ideg\u00f6sszeroppan\u00e1s? Kis kar\u00e1csonyi elm\u00e9lked\u00e9s az aj\u00e1nd\u00e9koz\u00e1s pszichol\u00f3gi\u00e1j\u00e1r\u00f3l \u00e9s anom\u00e1li\u00e1ir\u00f3l.<\/b><!--more-->\r\n\r\nAz id\u0151sebb \u00e9s a fiatal feln\u0151tt koroszt\u00e1ly sz\u00e1m\u00e1ra a kar\u00e1csony eml\u00e9k\u00e9t m\u00e9g k\u00f6rbelengi a nyugalom. A h\u00f3val bor\u00edtott utc\u00e1kon a mostanin\u00e1l kisebb sz\u00e1mban jelen l\u00e9v\u0151 aut\u00f3k k\u00f6z\u00f6tt nem h\u00f6mp\u00f6lyg\u00f6tt m\u00e9g a bev\u00e1s\u00e1rl\u00f3t\u00e1sk\u00e1s t\u00f6meg. B\u00e1r a rendszerv\u00e1lt\u00e1s el\u0151tt is szerett\u00fck el-elhalmozni szeretteinket a sz\u00ednespap\u00edrba csomagolt kisebb-nagyobb t\u00e1rgyakkal, az eg\u00e9sz \u00fcnnepk\u00f6r k\u00f6r\u00fcl j\u00f3val kisebb volt a felhajt\u00e1s. Nem ismert\u00fck m\u00e9g a hitelkonstrukci\u00f3kat, a r\u00e9szletfizet\u00e9s sem volt \u00e9pp egy elterjedt dolog. Megvolt ennek az id\u0151szaknak a b\u00e1ja. M\u00e9g akkor is, ha a fogyaszt\u00e1si cikkek csak limit\u00e1ltabb mennyis\u00e9gben \u00e9s v\u00e1laszt\u00e9kban \u00e1lltak rendelkez\u00e9sre. Ha nem is volt minden jobb, kevesebb kiborul\u00e1s \u00f6vezte az \u00fcnnepeket.\r\n\r\n<img loading=\"lazy\" decoding=\"async\" class=\"alignnone size-medium wp-image-5164\" src=\"http:\/\/hir.mediamarkt.hu\/magazin\/wp-content\/uploads\/2017\/12\/kar-300x200.jpg\" alt=\"\" width=\"300\" height=\"200\" srcset=\"https:\/\/hir.mediamarkt.hu\/magazin\/wp-content\/uploads\/2017\/12\/kar-300x200.jpg 300w, https:\/\/hir.mediamarkt.hu\/magazin\/wp-content\/uploads\/2017\/12\/kar-275x183.jpg 275w, https:\/\/hir.mediamarkt.hu\/magazin\/wp-content\/uploads\/2017\/12\/kar-768x512.jpg 768w, https:\/\/hir.mediamarkt.hu\/magazin\/wp-content\/uploads\/2017\/12\/kar-1024x683.jpg 1024w, https:\/\/hir.mediamarkt.hu\/magazin\/wp-content\/uploads\/2017\/12\/kar-720x480.jpg 720w, https:\/\/hir.mediamarkt.hu\/magazin\/wp-content\/uploads\/2017\/12\/kar.jpg 1280w\" sizes=\"(max-width: 300px) 100vw, 300px\" \/>\r\n\r\nB\u00e1r az utols\u00f3 pillanatban t\u00f6rt\u00e9n\u0151 <strong>\u201cp\u00e1nik-v\u00e1s\u00e1rl\u00e1s\u201d j\u00f3 es\u00e9llyel egyid\u0151s a fogyaszt\u00f3i t\u00e1rsadalom t\u00f6rt\u00e9net\u00e9vel<\/strong> &#8211; hiszen egyszer\u0171en van az az alkat, aki k\u00e9ptelen id\u0151ben neki\u00e1llni az \u00fcnnepekre val\u00f3 felk\u00e9sz\u00fcl\u00e9snek-, a szinte lassan \u00e9jjel-nappal nyitvatart\u00f3 bev\u00e1s\u00e1rl\u00f3k\u00f6zpontok el\u0151tti id\u0151kben ink\u00e1bb csak egy sz\u0171k r\u00e9teget s\u00fajtott ez a fajta stressz. A szabad piac berobban\u00e1s\u00e1val, az \u00e9letsz\u00ednvonal n\u00f6veked\u00e9s\u00e9vel az \u00e9v legnagyobb \u00fcnnepe k\u00f6r\u00fcl is megn\u0151tt a v\u00e1s\u00e1rl\u00f3kedv, az izgalom. \u00c9s vele egy\u00fctt a sokak sz\u00e1m\u00e1ra tal\u00e1n zavar\u00f3 t\u00f6meg \u00e9s idegesked\u00e9s.\r\n\r\n<img loading=\"lazy\" decoding=\"async\" class=\"alignnone size-medium wp-image-5171\" src=\"http:\/\/hir.mediamarkt.hu\/magazin\/wp-content\/uploads\/2017\/12\/kar7-300x200.jpg\" alt=\"\" width=\"300\" height=\"200\" srcset=\"https:\/\/hir.mediamarkt.hu\/magazin\/wp-content\/uploads\/2017\/12\/kar7-300x200.jpg 300w, https:\/\/hir.mediamarkt.hu\/magazin\/wp-content\/uploads\/2017\/12\/kar7-275x183.jpg 275w, https:\/\/hir.mediamarkt.hu\/magazin\/wp-content\/uploads\/2017\/12\/kar7-768x512.jpg 768w, https:\/\/hir.mediamarkt.hu\/magazin\/wp-content\/uploads\/2017\/12\/kar7-1024x682.jpg 1024w, https:\/\/hir.mediamarkt.hu\/magazin\/wp-content\/uploads\/2017\/12\/kar7-720x480.jpg 720w, https:\/\/hir.mediamarkt.hu\/magazin\/wp-content\/uploads\/2017\/12\/kar7.jpg 1280w\" sizes=\"(max-width: 300px) 100vw, 300px\" \/>\r\n\r\n<span style=\"font-weight: 400;\">Igaz, m\u00e1ra rendk\u00edv\u00fcl sok helyen lehets\u00e9ges <a href=\"http:\/\/www.mediamarkt.hu\/hu\/search.html?campaign=true&amp;searchProfile=onlineshop&amp;catalogId=14101&amp;query=akcio\">az online v\u00e1s\u00e1rl\u00e1s<\/a>, szeret\u00fcnk bizonyos t\u00e1rgyakat k\u00e9zbe venni, megforgatni, hogy biztosak legy\u00fcnk abban, ez az, aminek a szeretteink a legjobban \u00f6r\u00fcln\u00e9nek. Arr\u00f3l nem is besz\u00e9lve, van, akinek az \u00fczletben j\u00f6n meg az ihlet!\u00a0<\/span><span style=\"font-weight: 400;\">Az online piacterek \u00e9s a fizikai boltok k\u00f6z\u00f6tt persze nem felt\u00e9tlen\u00fcl kell letenni a voksot, hiszen van, ahol mindk\u00e9t v\u00e1s\u00e1rl\u00e1si m\u00f3dra lehet\u0151s\u00e9g van. \u00cdgy a szerencs\u00e9sebbek, akik id\u0151beoszt\u00e1suk miatt ak\u00e1r olyan id\u0151pontban is eljutnak egy-egy boltba, amikor csak kis l\u00e9tsz\u00e1mban n\u00e9zel\u0151dnek m\u00e1sok, \u00e9l\u0151ben szem\u00fcgyre vehetik a k\u00edn\u00e1latot. Vagy ha szemf\u00fclesek voltak, online m\u00e1r kin\u00e9ztek mindent \u00e9s m\u00e1r csak c\u00e9ltudatosan fel-felkapj\u00e1k a h\u0151n \u00e1h\u00edtott term\u00e9ket.<\/span>\r\n\r\n<span style=\"font-weight: 400;\">Azok, akik a munka \u00e9s csal\u00e1d miatt csak \u201cf\u0151m\u0171sorid\u0151ben\u201d jutnak el az \u00fczletekbe, nehezebb az adott id\u0151szak kezel\u00e9se. Persze j\u00f3 lenne, ha nem elfelejten\u00e9nk el, mi\u00e9rt is \u00e1llunk abban a bizonyos sorban, mi\u00e9rt is v\u00e1llaljuk az esetleges k\u00e9nyelmetlens\u00e9get: <\/span>\r\n<p style=\"text-align: center;\"><strong>A SZERETTEINK\u00c9RT!<\/strong><\/p>\r\nAdni szeretn\u00e9nk, valamit, ami szem\u00e9lyes, ami hasznos, amire a m\u00e1sik \u00e9pp annyira v\u00e1gyik. Ha ez lebeg az ember szeme el\u0151tt, sokkal k\u00f6nnyebb az a plusz p\u00e1r perc v\u00e1rakoz\u00e1s. Ha v\u00e9letlen figyelmetlens\u00e9gb\u0151l arr\u00e9bb taszajtanak, \u00e9rdemes arra gondolni, bizony ez a v\u00e1s\u00e1rl\u00f3 is pont ugyanaz\u00e9rt van itt, mint \u00e9n. Adni szeretne.\r\n\r\n<img loading=\"lazy\" decoding=\"async\" class=\"alignnone size-medium wp-image-5170\" src=\"http:\/\/hir.mediamarkt.hu\/magazin\/wp-content\/uploads\/2017\/12\/kar6-300x200.jpg\" alt=\"\" width=\"300\" height=\"200\" srcset=\"https:\/\/hir.mediamarkt.hu\/magazin\/wp-content\/uploads\/2017\/12\/kar6-300x200.jpg 300w, https:\/\/hir.mediamarkt.hu\/magazin\/wp-content\/uploads\/2017\/12\/kar6-275x183.jpg 275w, https:\/\/hir.mediamarkt.hu\/magazin\/wp-content\/uploads\/2017\/12\/kar6-768x512.jpg 768w, https:\/\/hir.mediamarkt.hu\/magazin\/wp-content\/uploads\/2017\/12\/kar6-1024x682.jpg 1024w, https:\/\/hir.mediamarkt.hu\/magazin\/wp-content\/uploads\/2017\/12\/kar6-720x480.jpg 720w, https:\/\/hir.mediamarkt.hu\/magazin\/wp-content\/uploads\/2017\/12\/kar6.jpg 1280w\" sizes=\"(max-width: 300px) 100vw, 300px\" \/>\r\n\r\n<strong>\u00c9s hogy hogyan aj\u00e1nd\u00e9kozunk?<\/strong>\r\n\r\nSokunkn\u00e1l tetten \u00e9rhet\u0151 az a jelens\u00e9g, miszerint azzal lepj\u00fck meg p\u00e1runk, csal\u00e1dtagunk, bar\u00e1tunk, amire mi magunk v\u00e1gyunk. Ha l\u00e1tt\u00e1k az Anni Hall (1977) c\u00edm\u0171 nagysiker\u0171 <a href=\"http:\/\/www.mediamarkt.hu\/hu\/search.html?query=woody+allen&amp;searchProfile=onlineshop&amp;channel=mmhuhu\">Woody Allen<\/a> filmet, tal\u00e1n r\u00e9mlik, milyen apr\u00f3s\u00e1ggal lepte meg szerelm\u00e9t Alvy\u2026\u00a0<span style=\"font-weight: 400;\">Amikor egy-egy aj\u00e1nd\u00e9kot kiv\u00e1lasztunk, <strong>\u00e9rdemes v\u00e9giggondolni a szerett\u00fcnk val\u00f3di karakter\u00e9t.<\/strong> Felid\u00e9zni a legut\u00f3bbi besz\u00e9lget\u00e9seket, mi\u00e9rt is lelkesedett annyira mostan\u00e1ban? Az emberek \u00f3hatatlanul is el-elejtenek p\u00e1r seg\u00edts\u00e9get a t\u00f6k\u00e9letes aj\u00e1nd\u00e9khoz. Az igaz\u00e1n figyelmesek \u00edgy elk\u00e9peszt\u0151en j\u00f3 meglepet\u00e9sekkel tudnak el\u0151rukkolni.<\/span>\r\n\r\n<span style=\"font-weight: 400;\">Nyilv\u00e1n <a href=\"http:\/\/www.mediamarkt.hu\/?ref=logo_rh\">a trendek, n\u00e9pszer\u0171 term\u00e9kek<\/a> k\u00f6vet\u00e9se is j\u00f3 \u00fat lehet, de az \u201cegy\u00e9rtelm\u0171\u201d t\u00e1rgyakt\u00f3l elrugaszkodva n\u00e9ha \u00e9rdemes az izgalmasabb ir\u00e1ny fel\u00e9 elmenni.\u00a0<\/span><span style=\"font-weight: 400;\"><strong>T\u00f6bb kisebb vagy egy nagy aj\u00e1nd\u00e9k?<\/strong> Ez is izgalmas szem\u00e9lyis\u00e9gbeli k\u00e9rd\u00e9s. Van, akit az \u00e9rt\u00e9k ny\u0171g\u00f6z le (ilyen esetben legt\u00f6bbsz\u00f6r nincs m\u00f3d t\u00f6bb aj\u00e1nd\u00e9kot venni), van, aki a sok apr\u00f3s\u00e1gnak \u00f6r\u00fcl jobban. Ha j\u00f3l ismerj\u00fck szeretteinket, ezen a t\u00e9ren sem l\u0151het\u00fcnk nagyon mell\u00e9.<\/span>\r\n\r\n<img loading=\"lazy\" decoding=\"async\" class=\"alignnone size-medium wp-image-5166\" src=\"http:\/\/hir.mediamarkt.hu\/magazin\/wp-content\/uploads\/2017\/12\/kar2-300x200.jpg\" alt=\"\" width=\"300\" height=\"200\" srcset=\"https:\/\/hir.mediamarkt.hu\/magazin\/wp-content\/uploads\/2017\/12\/kar2-300x200.jpg 300w, https:\/\/hir.mediamarkt.hu\/magazin\/wp-content\/uploads\/2017\/12\/kar2-275x183.jpg 275w, https:\/\/hir.mediamarkt.hu\/magazin\/wp-content\/uploads\/2017\/12\/kar2-768x512.jpg 768w, https:\/\/hir.mediamarkt.hu\/magazin\/wp-content\/uploads\/2017\/12\/kar2-1024x682.jpg 1024w, https:\/\/hir.mediamarkt.hu\/magazin\/wp-content\/uploads\/2017\/12\/kar2-720x480.jpg 720w, https:\/\/hir.mediamarkt.hu\/magazin\/wp-content\/uploads\/2017\/12\/kar2.jpg 1280w\" sizes=\"(max-width: 300px) 100vw, 300px\" \/>\r\n\r\n<strong>Szem\u00e9lyes lenyomat az aj\u00e1nd\u00e9kon\u2026<\/strong>\r\n\r\nAz egyedi, saj\u00e1t tervez\u00e9s\u0171 vagy k\u00e9sz\u00edt\u00e9s\u0171 csecsebecs\u00e9k sosem mennek ki a divatb\u00f3l. Amennyiben nem a s\u00f3hers\u00e9g vez\u00e9rel minket (a szeg\u00e9nys\u00e9g nem sz\u00e9gyen, a garasoskod\u00e1s viszont nem \u00e9ppen vonz\u00f3\u2026), a magunk eszk\u00e1b\u00e1lta aj\u00e1nd\u00e9kok igazi \u00e9rt\u00e9kek lehetnek egy-egy kapcsolatban.\u00a0<span style=\"font-weight: 400;\">Fontos, hogy itt is <strong>az legyen a f\u00f3kuszban, akinek az eg\u00e9sz sz\u00f3l.<\/strong> Hi\u00e1ba szerethet\u00fcnk mi gyerty\u00e1t \u00f6nteni, k\u00f6tni, eszterg\u00e1lni, ha a m\u00e1sik sz\u00e1m\u00e1ra mindez semmi nem jelent. Vagy m\u00e9g rosszabb: felesleges!\u00a0<\/span><span style=\"font-weight: 400;\">Gondoljuk v\u00e9gig, mi az, aminek t\u00e9nyleg \u00f6r\u00fclhet a m\u00e1sik, de valahogy &#8211; ha csak kis r\u00e9szben is -, de beletehetj\u00fck a saj\u00e1t kez\u00fcnk munk\u00e1j\u00e1t a v\u00e9gs\u0151 aj\u00e1nd\u00e9kba. Az elk\u00e9sz\u00edt\u00e9ssel elt\u00f6lt\u00f6tt id\u0151 pedig valahogy meger\u0151s\u00edti a m\u00e1sik ir\u00e1nti szeretet\u00fcnket. Enn\u00e9l pedig t\u00e9nyleg nincs jobb dolog kar\u00e1csonykor!<\/span>\r\n\r\nHa pedig nem szeret\u00fcnk bark\u00e1csolni, vagy a kin\u00e9zett aj\u00e1nd\u00e9k olyan jelleg\u0171, amit nem tudn\u00e1nk elk\u00e9sz\u00edteni, t\u00f6rekedj\u00fcnk az egyedi csomagol\u00e1sra, apr\u00f3 kis gesztusra a dekor\u00e1ci\u00f3kor! Lehet, a v\u00e9g\u00e9n a k\u00eds\u00e9r\u0151 k\u00e1rtya, a m\u00f3k\u00e1s, vagy \u00e9pp romantikus t\u00e1lal\u00e1s nagyobb hat\u00e1st \u00e9r el, mint maga a term\u00e9k.\r\n\r\n<span style=\"font-weight: 400;\">Nos, ha m\u00e9g el\u0151tt\u00fcnk \u00e1ll a kar\u00e1csony el\u0151tti finis, pr\u00f3b\u00e1ljunk a fentiek szerint zen nyugalommal \u00e9s szeretettel nekiindulni az adventi id\u0151szak v\u00e9g\u00e9nek. Minden csak hozz\u00e1\u00e1ll\u00e1s k\u00e9rd\u00e9se. Lehet, az idei bev\u00e1s\u00e1rl\u00e1s lesz minden id\u0151k legjobb szezonja! Csak rajtunk \u00e1ll! <\/span>\r\n\r\n<img loading=\"lazy\" decoding=\"async\" class=\"alignnone size-medium wp-image-5174\" src=\"http:\/\/hir.mediamarkt.hu\/magazin\/wp-content\/uploads\/2017\/12\/kar9-300x181.jpg\" alt=\"\" width=\"300\" height=\"181\" srcset=\"https:\/\/hir.mediamarkt.hu\/magazin\/wp-content\/uploads\/2017\/12\/kar9-300x181.jpg 300w, https:\/\/hir.mediamarkt.hu\/magazin\/wp-content\/uploads\/2017\/12\/kar9-275x166.jpg 275w, https:\/\/hir.mediamarkt.hu\/magazin\/wp-content\/uploads\/2017\/12\/kar9-768x462.jpg 768w, https:\/\/hir.mediamarkt.hu\/magazin\/wp-content\/uploads\/2017\/12\/kar9-1024x616.jpg 1024w, https:\/\/hir.mediamarkt.hu\/magazin\/wp-content\/uploads\/2017\/12\/kar9-720x433.jpg 720w, https:\/\/hir.mediamarkt.hu\/magazin\/wp-content\/uploads\/2017\/12\/kar9.jpg 1186w\" sizes=\"(max-width: 300px) 100vw, 300px\" \/>\r\n\r\n<img loading=\"lazy\" decoding=\"async\" class=\"alignnone size-medium wp-image-5175\" src=\"http:\/\/hir.mediamarkt.hu\/magazin\/wp-content\/uploads\/2017\/12\/kar91-300x57.jpg\" alt=\"\" width=\"300\" height=\"57\" srcset=\"https:\/\/hir.mediamarkt.hu\/magazin\/wp-content\/uploads\/2017\/12\/kar91-300x57.jpg 300w, https:\/\/hir.mediamarkt.hu\/magazin\/wp-content\/uploads\/2017\/12\/kar91-275x52.jpg 275w, https:\/\/hir.mediamarkt.hu\/magazin\/wp-content\/uploads\/2017\/12\/kar91-768x146.jpg 768w, https:\/\/hir.mediamarkt.hu\/magazin\/wp-content\/uploads\/2017\/12\/kar91-1024x195.jpg 1024w, https:\/\/hir.mediamarkt.hu\/magazin\/wp-content\/uploads\/2017\/12\/kar91-720x137.jpg 720w, https:\/\/hir.mediamarkt.hu\/magazin\/wp-content\/uploads\/2017\/12\/kar91.jpg 1440w\" sizes=\"(max-width: 300px) 100vw, 300px\" \/>","protected":false},"excerpt":{"rendered":"Az \u00fcnnepek k\u00f6zeledt\u00e9vel egyszer\u0171en nem \u00e1llhatom meg, hogy ne gondolkodjak el az aj\u00e1nd\u00e9koz\u00e1si l\u00e1z k\u00e9rd\u00e9sk\u00f6r\u00e9r\u0151l. Nagyobb v\u00e1laszt\u00e9k, sz\u00e9lesebb k\u00f6r\u0171 lehet\u0151s\u00e9gek, magyar\u00e1n szem\u00e9lyre szabottabb meglepet\u00e9sek \u00e1llnak rendelkez\u00e9sre kar\u00e1csony t\u00e1j\u00e1n. De vajon azt adjuk, amire a m\u00e1sik v\u00e1gyik? Egy\u00e1ltal\u00e1n kinek jobb? Aki ad vagy aki kap? Meg\u00faszhat\u00f3 a feny\u0151 illat\u00fa ideg\u00f6sszeroppan\u00e1s? Kis kar\u00e1csonyi elm\u00e9lked\u00e9s az aj\u00e1nd\u00e9koz\u00e1s pszichol\u00f3gi\u00e1j\u00e1r\u00f3l \u00e9s anom\u00e1li\u00e1ir\u00f3l.","protected":false},"author":13,"featured_media":5168,"comment_status":"open","ping_status":"open","sticky":false,"template":"","format":"standard","meta":{"wprm-recipe-roundup-name":"","wprm-recipe-roundup-description":"","footnotes":""},"categories":[5963,5967],"tags":[980,2287,2200,1760,51,2127,2173,2284,93,2285,2286,1662],"yoast_head":"<!-- This site is optimized with the Yoast SEO plugin v22.9 - https:\/\/yoast.com\/wordpress\/plugins\/seo\/ -->\n<title>Kis magyar aj\u00e1nd\u00e9koz\u00e1s-l\u00e9lektan, avagy \u00edgy adunk mi? - MediaMarkt Magazin<\/title>\n<meta name=\"robots\" content=\"index, follow, max-snippet:-1, max-image-preview:large, max-video-preview:-1\" \/>\n<link rel=\"canonical\" href=\"https:\/\/hir.mediamarkt.hu\/magazin\/kis-magyar-ajandekozas-lelektan-avagy-igy-adunk-mi\/\" \/>\n<meta property=\"og:locale\" content=\"hu_HU\" \/>\n<meta property=\"og:type\" content=\"article\" \/>\n<meta property=\"og:title\" content=\"Kis magyar aj\u00e1nd\u00e9koz\u00e1s-l\u00e9lektan, avagy \u00edgy adunk mi? - MediaMarkt Magazin\" \/>\n<meta property=\"og:description\" content=\"Az \u00fcnnepek k\u00f6zeledt\u00e9vel egyszer\u0171en nem \u00e1llhatom meg, hogy ne gondolkodjak el az aj\u00e1nd\u00e9koz\u00e1si l\u00e1z k\u00e9rd\u00e9sk\u00f6r\u00e9r\u0151l. Nagyobb v\u00e1laszt\u00e9k, sz\u00e9lesebb k\u00f6r\u0171 lehet\u0151s\u00e9gek, magyar\u00e1n szem\u00e9lyre szabottabb meglepet\u00e9sek \u00e1llnak rendelkez\u00e9sre kar\u00e1csony t\u00e1j\u00e1n. De vajon azt adjuk, amire a m\u00e1sik v\u00e1gyik? Egy\u00e1ltal\u00e1n kinek jobb? Aki ad vagy aki kap? Meg\u00faszhat\u00f3 a feny\u0151 illat\u00fa ideg\u00f6sszeroppan\u00e1s? Kis kar\u00e1csonyi elm\u00e9lked\u00e9s az aj\u00e1nd\u00e9koz\u00e1s pszichol\u00f3gi\u00e1j\u00e1r\u00f3l \u00e9s anom\u00e1li\u00e1ir\u00f3l.\" \/>\n<meta property=\"og:url\" content=\"https:\/\/hir.mediamarkt.hu\/magazin\/kis-magyar-ajandekozas-lelektan-avagy-igy-adunk-mi\/\" \/>\n<meta property=\"og:site_name\" content=\"MediaMarkt Magazin\" \/>\n<meta property=\"article:publisher\" content=\"https:\/\/www.facebook.com\/MediaMarktMagyarorszag\" \/>\n<meta property=\"article:published_time\" content=\"2017-12-12T18:15:36+00:00\" \/>\n<meta property=\"article:modified_time\" content=\"2018-02-27T16:56:12+00:00\" \/>\n<meta property=\"og:image\" content=\"https:\/\/hir.mediamarkt.hu\/magazin\/wp-content\/uploads\/2017\/12\/kar4.jpg\" \/>\n\t<meta property=\"og:image:width\" content=\"1280\" \/>\n\t<meta property=\"og:image:height\" content=\"853\" \/>\n\t<meta property=\"og:image:type\" content=\"image\/jpeg\" \/>\n<meta name=\"author\" content=\"Media Markt\" \/>\n<meta name=\"twitter:label1\" content=\"Szerz\u0151:\" \/>\n\t<meta name=\"twitter:data1\" content=\"Media Markt\" \/>\n\t<meta name=\"twitter:label2\" content=\"Becs\u00fclt olvas\u00e1si id\u0151\" \/>\n\t<meta name=\"twitter:data2\" content=\"6 perc\" \/>\n<script type=\"application\/ld+json\" class=\"yoast-schema-graph\">{\"@context\":\"https:\/\/schema.org\",\"@graph\":[{\"@type\":\"WebPage\",\"@id\":\"https:\/\/hir.mediamarkt.hu\/magazin\/kis-magyar-ajandekozas-lelektan-avagy-igy-adunk-mi\/\",\"url\":\"https:\/\/hir.mediamarkt.hu\/magazin\/kis-magyar-ajandekozas-lelektan-avagy-igy-adunk-mi\/\",\"name\":\"Kis magyar aj\u00e1nd\u00e9koz\u00e1s-l\u00e9lektan, avagy \u00edgy adunk mi? - MediaMarkt Magazin\",\"isPartOf\":{\"@id\":\"https:\/\/hir.mediamarkt.hu\/magazin\/#website\"},\"primaryImageOfPage\":{\"@id\":\"https:\/\/hir.mediamarkt.hu\/magazin\/kis-magyar-ajandekozas-lelektan-avagy-igy-adunk-mi\/#primaryimage\"},\"image\":{\"@id\":\"https:\/\/hir.mediamarkt.hu\/magazin\/kis-magyar-ajandekozas-lelektan-avagy-igy-adunk-mi\/#primaryimage\"},\"thumbnailUrl\":\"https:\/\/hir.mediamarkt.hu\/magazin\/wp-content\/uploads\/2017\/12\/kar4.jpg\",\"datePublished\":\"2017-12-12T18:15:36+00:00\",\"dateModified\":\"2018-02-27T16:56:12+00:00\",\"author\":{\"@id\":\"https:\/\/hir.mediamarkt.hu\/magazin\/#\/schema\/person\/b93b02ec1ab4d2353f8d281e171c1b0b\"},\"breadcrumb\":{\"@id\":\"https:\/\/hir.mediamarkt.hu\/magazin\/kis-magyar-ajandekozas-lelektan-avagy-igy-adunk-mi\/#breadcrumb\"},\"inLanguage\":\"hu\",\"potentialAction\":[{\"@type\":\"ReadAction\",\"target\":[\"https:\/\/hir.mediamarkt.hu\/magazin\/kis-magyar-ajandekozas-lelektan-avagy-igy-adunk-mi\/\"]}]},{\"@type\":\"ImageObject\",\"inLanguage\":\"hu\",\"@id\":\"https:\/\/hir.mediamarkt.hu\/magazin\/kis-magyar-ajandekozas-lelektan-avagy-igy-adunk-mi\/#primaryimage\",\"url\":\"https:\/\/hir.mediamarkt.hu\/magazin\/wp-content\/uploads\/2017\/12\/kar4.jpg\",\"contentUrl\":\"https:\/\/hir.mediamarkt.hu\/magazin\/wp-content\/uploads\/2017\/12\/kar4.jpg\",\"width\":1280,\"height\":853},{\"@type\":\"BreadcrumbList\",\"@id\":\"https:\/\/hir.mediamarkt.hu\/magazin\/kis-magyar-ajandekozas-lelektan-avagy-igy-adunk-mi\/#breadcrumb\",\"itemListElement\":[{\"@type\":\"ListItem\",\"position\":1,\"name\":\"Kezd\u0151lap\",\"item\":\"https:\/\/hir.mediamarkt.hu\/magazin\/\"},{\"@type\":\"ListItem\",\"position\":2,\"name\":\"Kis magyar aj\u00e1nd\u00e9koz\u00e1s-l\u00e9lektan, avagy \u00edgy adunk mi?\"}]},{\"@type\":\"WebSite\",\"@id\":\"https:\/\/hir.mediamarkt.hu\/magazin\/#website\",\"url\":\"https:\/\/hir.mediamarkt.hu\/magazin\/\",\"name\":\"MediaMarkt Magazin\",\"description\":\"Olvass bele magazinunkba!\",\"potentialAction\":[{\"@type\":\"SearchAction\",\"target\":{\"@type\":\"EntryPoint\",\"urlTemplate\":\"https:\/\/hir.mediamarkt.hu\/magazin\/?s={search_term_string}\"},\"query-input\":\"required name=search_term_string\"}],\"inLanguage\":\"hu\"},{\"@type\":\"Person\",\"@id\":\"https:\/\/hir.mediamarkt.hu\/magazin\/#\/schema\/person\/b93b02ec1ab4d2353f8d281e171c1b0b\",\"name\":\"Media Markt\",\"image\":{\"@type\":\"ImageObject\",\"inLanguage\":\"hu\",\"@id\":\"https:\/\/hir.mediamarkt.hu\/magazin\/#\/schema\/person\/image\/\",\"url\":\"https:\/\/secure.gravatar.com\/avatar\/602bccae8998beee472d01909f0978f1?s=96&d=mm&r=g\",\"contentUrl\":\"https:\/\/secure.gravatar.com\/avatar\/602bccae8998beee472d01909f0978f1?s=96&d=mm&r=g\",\"caption\":\"Media Markt\"}}]}<\/script>\n<!-- \/ Yoast SEO plugin. -->","yoast_head_json":{"title":"Kis magyar aj\u00e1nd\u00e9koz\u00e1s-l\u00e9lektan, avagy \u00edgy adunk mi? - MediaMarkt Magazin","robots":{"index":"index","follow":"follow","max-snippet":"max-snippet:-1","max-image-preview":"max-image-preview:large","max-video-preview":"max-video-preview:-1"},"canonical":"https:\/\/hir.mediamarkt.hu\/magazin\/kis-magyar-ajandekozas-lelektan-avagy-igy-adunk-mi\/","og_locale":"hu_HU","og_type":"article","og_title":"Kis magyar aj\u00e1nd\u00e9koz\u00e1s-l\u00e9lektan, avagy \u00edgy adunk mi? - MediaMarkt Magazin","og_description":"Az \u00fcnnepek k\u00f6zeledt\u00e9vel egyszer\u0171en nem \u00e1llhatom meg, hogy ne gondolkodjak el az aj\u00e1nd\u00e9koz\u00e1si l\u00e1z k\u00e9rd\u00e9sk\u00f6r\u00e9r\u0151l. Nagyobb v\u00e1laszt\u00e9k, sz\u00e9lesebb k\u00f6r\u0171 lehet\u0151s\u00e9gek, magyar\u00e1n szem\u00e9lyre szabottabb meglepet\u00e9sek \u00e1llnak rendelkez\u00e9sre kar\u00e1csony t\u00e1j\u00e1n. De vajon azt adjuk, amire a m\u00e1sik v\u00e1gyik? Egy\u00e1ltal\u00e1n kinek jobb? Aki ad vagy aki kap? Meg\u00faszhat\u00f3 a feny\u0151 illat\u00fa ideg\u00f6sszeroppan\u00e1s? Kis kar\u00e1csonyi elm\u00e9lked\u00e9s az aj\u00e1nd\u00e9koz\u00e1s pszichol\u00f3gi\u00e1j\u00e1r\u00f3l \u00e9s anom\u00e1li\u00e1ir\u00f3l.","og_url":"https:\/\/hir.mediamarkt.hu\/magazin\/kis-magyar-ajandekozas-lelektan-avagy-igy-adunk-mi\/","og_site_name":"MediaMarkt Magazin","article_publisher":"https:\/\/www.facebook.com\/MediaMarktMagyarorszag","article_published_time":"2017-12-12T18:15:36+00:00","article_modified_time":"2018-02-27T16:56:12+00:00","og_image":[{"width":1280,"height":853,"url":"https:\/\/hir.mediamarkt.hu\/magazin\/wp-content\/uploads\/2017\/12\/kar4.jpg","type":"image\/jpeg"}],"author":"Media Markt","twitter_misc":{"Szerz\u0151:":"Media Markt","Becs\u00fclt olvas\u00e1si id\u0151":"6 perc"},"schema":{"@context":"https:\/\/schema.org","@graph":[{"@type":"WebPage","@id":"https:\/\/hir.mediamarkt.hu\/magazin\/kis-magyar-ajandekozas-lelektan-avagy-igy-adunk-mi\/","url":"https:\/\/hir.mediamarkt.hu\/magazin\/kis-magyar-ajandekozas-lelektan-avagy-igy-adunk-mi\/","name":"Kis magyar aj\u00e1nd\u00e9koz\u00e1s-l\u00e9lektan, avagy \u00edgy adunk mi? - MediaMarkt Magazin","isPartOf":{"@id":"https:\/\/hir.mediamarkt.hu\/magazin\/#website"},"primaryImageOfPage":{"@id":"https:\/\/hir.mediamarkt.hu\/magazin\/kis-magyar-ajandekozas-lelektan-avagy-igy-adunk-mi\/#primaryimage"},"image":{"@id":"https:\/\/hir.mediamarkt.hu\/magazin\/kis-magyar-ajandekozas-lelektan-avagy-igy-adunk-mi\/#primaryimage"},"thumbnailUrl":"https:\/\/hir.mediamarkt.hu\/magazin\/wp-content\/uploads\/2017\/12\/kar4.jpg","datePublished":"2017-12-12T18:15:36+00:00","dateModified":"2018-02-27T16:56:12+00:00","author":{"@id":"https:\/\/hir.mediamarkt.hu\/magazin\/#\/schema\/person\/b93b02ec1ab4d2353f8d281e171c1b0b"},"breadcrumb":{"@id":"https:\/\/hir.mediamarkt.hu\/magazin\/kis-magyar-ajandekozas-lelektan-avagy-igy-adunk-mi\/#breadcrumb"},"inLanguage":"hu","potentialAction":[{"@type":"ReadAction","target":["https:\/\/hir.mediamarkt.hu\/magazin\/kis-magyar-ajandekozas-lelektan-avagy-igy-adunk-mi\/"]}]},{"@type":"ImageObject","inLanguage":"hu","@id":"https:\/\/hir.mediamarkt.hu\/magazin\/kis-magyar-ajandekozas-lelektan-avagy-igy-adunk-mi\/#primaryimage","url":"https:\/\/hir.mediamarkt.hu\/magazin\/wp-content\/uploads\/2017\/12\/kar4.jpg","contentUrl":"https:\/\/hir.mediamarkt.hu\/magazin\/wp-content\/uploads\/2017\/12\/kar4.jpg","width":1280,"height":853},{"@type":"BreadcrumbList","@id":"https:\/\/hir.mediamarkt.hu\/magazin\/kis-magyar-ajandekozas-lelektan-avagy-igy-adunk-mi\/#breadcrumb","itemListElement":[{"@type":"ListItem","position":1,"name":"Kezd\u0151lap","item":"https:\/\/hir.mediamarkt.hu\/magazin\/"},{"@type":"ListItem","position":2,"name":"Kis magyar aj\u00e1nd\u00e9koz\u00e1s-l\u00e9lektan, avagy \u00edgy adunk mi?"}]},{"@type":"WebSite","@id":"https:\/\/hir.mediamarkt.hu\/magazin\/#website","url":"https:\/\/hir.mediamarkt.hu\/magazin\/","name":"MediaMarkt Magazin","description":"Olvass bele magazinunkba!","potentialAction":[{"@type":"SearchAction","target":{"@type":"EntryPoint","urlTemplate":"https:\/\/hir.mediamarkt.hu\/magazin\/?s={search_term_string}"},"query-input":"required name=search_term_string"}],"inLanguage":"hu"},{"@type":"Person","@id":"https:\/\/hir.mediamarkt.hu\/magazin\/#\/schema\/person\/b93b02ec1ab4d2353f8d281e171c1b0b","name":"Media Markt","image":{"@type":"ImageObject","inLanguage":"hu","@id":"https:\/\/hir.mediamarkt.hu\/magazin\/#\/schema\/person\/image\/","url":"https:\/\/secure.gravatar.com\/avatar\/602bccae8998beee472d01909f0978f1?s=96&d=mm&r=g","contentUrl":"https:\/\/secure.gravatar.com\/avatar\/602bccae8998beee472d01909f0978f1?s=96&d=mm&r=g","caption":"Media Markt"}}]}},"_links":{"self":[{"href":"https:\/\/hir.mediamarkt.hu\/magazin\/wp-json\/wp\/v2\/posts\/5163"}],"collection":[{"href":"https:\/\/hir.mediamarkt.hu\/magazin\/wp-json\/wp\/v2\/posts"}],"about":[{"href":"https:\/\/hir.mediamarkt.hu\/magazin\/wp-json\/wp\/v2\/types\/post"}],"author":[{"embeddable":true,"href":"https:\/\/hir.mediamarkt.hu\/magazin\/wp-json\/wp\/v2\/users\/13"}],"replies":[{"embeddable":true,"href":"https:\/\/hir.mediamarkt.hu\/magazin\/wp-json\/wp\/v2\/comments?post=5163"}],"version-history":[{"count":1,"href":"https:\/\/hir.mediamarkt.hu\/magazin\/wp-json\/wp\/v2\/posts\/5163\/revisions"}],"predecessor-version":[{"id":5177,"href":"https:\/\/hir.mediamarkt.hu\/magazin\/wp-json\/wp\/v2\/posts\/5163\/revisions\/5177"}],"wp:featuredmedia":[{"embeddable":true,"href":"https:\/\/hir.mediamarkt.hu\/magazin\/wp-json\/wp\/v2\/media\/5168"}],"wp:attachment":[{"href":"https:\/\/hir.mediamarkt.hu\/magazin\/wp-json\/wp\/v2\/media?parent=5163"}],"wp:term":[{"taxonomy":"category","embeddable":true,"href":"https:\/\/hir.mediamarkt.hu\/magazin\/wp-json\/wp\/v2\/categories?post=5163"},{"taxonomy":"post_tag","embeddable":true,"href":"https:\/\/hir.mediamarkt.hu\/magazin\/wp-json\/wp\/v2\/tags?post=5163"}],"curies":[{"name":"wp","href":"https:\/\/api.w.org\/{rel}","templated":true}]}}