{"id":5290,"date":"2018-01-16T16:22:59","date_gmt":"2018-01-16T15:22:59","guid":{"rendered":"http:\/\/hir.mediamarkt.hu\/magazin\/?p=5290"},"modified":"2018-02-27T17:54:43","modified_gmt":"2018-02-27T16:54:43","slug":"5-tipp-teli-depresszio-ellen","status":"publish","type":"post","link":"https:\/\/hir.mediamarkt.hu\/magazin\/5-tipp-teli-depresszio-ellen\/","title":{"rendered":"5 tipp t\u00e9li rossz kedv \u00e9s ny\u0171g\u00f6ss\u00e9g ellen"},"content":{"rendered":"<b>Ny\u00e1kos id\u0151, sz\u00fcrke v\u00e1ros, kopasz f\u00e1k, emberek fekete nagy kab\u00e1tokban. Sokunk janu\u00e1r v\u00e9g\u00e9re, febru\u00e1rra mer\u00fcl le, mintha a ny\u00e1ron \u00f6sszeszedett D-vitamin k\u00e9szlet ekkorra \u00fcr\u00fclne ki teljesen. Alusz\u00e9konys\u00e1g, ingerl\u00e9kenys\u00e9g \u00e9s \u00e1ltal\u00e1nos pesszimizmus. Ha nem is minden nap, de a tavaszt\u00f3l \u0151szig tart\u00f3 id\u0151szakn\u00e1l s\u0171r\u0171bben el\u0151fordul\u00f3 jelens\u00e9gek nagyj\u00e1b\u00f3l mindannyiunkn\u00e1l.<\/b>\r\n<!--more-->\r\n\r\nA tart\u00f3s v\u00e1ltoz\u00e1shoz t\u00f6bb kell, mint n\u00e9h\u00e1ny praktika, de van, akinek ahhoz, hogy elinduljon a fejl\u0151d\u00e9s \u00fatj\u00e1n, kell egy j\u00f3 kis kezd\u0151l\u00f6k\u00e9s. R\u00e9szben trivi\u00e1lis, r\u00e9szben az ut\u00f3bbi \u00e9vekben megfigyelt, saj\u00e1t tapasztalatokon alapul\u00f3 tippek j\u00f6nnek, hogy j\u00f3 kedvvel, b\u0151s\u00e9ggel h\u00fazzuk ki addig, mire v\u00e9gre beindul a tavasz (az igazi, nem ez a megt\u00e9veszt\u0151en enyhe id\u0151) \u00e9s mi is, mint a term\u00e9szet \u00fajra\u00e9led\u00fcnk.\r\n\r\nA most k\u00f6vetkez\u0151 m\u00f3dszerek teh\u00e1t szem\u00e9lyes tapasztalaton alapulnak. Nem \u00e1ll m\u00f6g\u00f6tt\u00fck k\u00f6zvetlen\u00fcl tudom\u00e1nyos magyar\u00e1zat, de a t\u00fal\u00e9l\u00e9si \u00f6szt\u00f6n dikt\u00e1lta tr\u00fckk\u00f6k az\u00e9rt nem teljesen random alakultak ki.\r\n\r\n&nbsp;\r\n<ol>\r\n \t<li><strong>Sz\u00ednter\u00e1pia<\/strong><\/li>\r\n<\/ol>\r\n<img loading=\"lazy\" decoding=\"async\" class=\"alignnone wp-image-5306 size-large\" src=\"http:\/\/hir.mediamarkt.hu\/magazin\/wp-content\/uploads\/2018\/01\/15-1024x682.jpg\" alt=\"\" width=\"1024\" height=\"682\" srcset=\"https:\/\/hir.mediamarkt.hu\/magazin\/wp-content\/uploads\/2018\/01\/15-1024x682.jpg 1024w, https:\/\/hir.mediamarkt.hu\/magazin\/wp-content\/uploads\/2018\/01\/15-275x183.jpg 275w, https:\/\/hir.mediamarkt.hu\/magazin\/wp-content\/uploads\/2018\/01\/15-300x200.jpg 300w, https:\/\/hir.mediamarkt.hu\/magazin\/wp-content\/uploads\/2018\/01\/15-768x511.jpg 768w, https:\/\/hir.mediamarkt.hu\/magazin\/wp-content\/uploads\/2018\/01\/15-720x479.jpg 720w, https:\/\/hir.mediamarkt.hu\/magazin\/wp-content\/uploads\/2018\/01\/15.jpg 1280w\" sizes=\"(max-width: 1024px) 100vw, 1024px\" \/>\r\n\r\n<span style=\"font-weight: 400;\">K\u00e9t \u00e9ve t\u0171nt fel, hogy a z\u00f6ld sz\u00edn milyen er\u0151s hat\u00e1ssal van r\u00e1m a term\u00e9szetben. Sz\u0151l\u00e9szked\u00e9s-bor\u00e1szkod\u00e1s miatt az addigin\u00e1l t\u00f6bb id\u0151t voltam n\u00f6v\u00e9nyek k\u00f6z\u00f6tt \u00e9s egyszer\u0171en elvon\u00e1si t\u00fcneteim voltak, ha t\u00fal sok id\u0151t t\u00f6lt\u00f6ttem a v\u00e1rosban.\u00a0<\/span><span style=\"font-weight: 400;\">Az idei t\u00e9lbe m\u00e1r f\u00e9lve mentem bele \u00e9s valahogy \u00f6szt\u00f6n\u00f6sen elkezdtem egyre sz\u00ednesebb holmikkal k\u00f6rbe b\u00e1sty\u00e1zni magam. A vid\u00e1m, \u00e9l\u00e9nk sz\u00edn\u0171 ruh\u00e1k mellett n\u00e9ha azon kaptam magam, hogy percekig b\u00e1mulok egy t\u00e1l M&amp;M drazs\u00e9t \u00e9s valahogy jobban \u00e9rzem magam.\u00a0<\/span><span style=\"font-weight: 400;\">A lila sz\u00edn k\u00fcl\u00f6n\u00f6sen sokat jelentett mostan\u00e1ban, pedig kor\u00e1bban nem nagyon fogott meg egyik \u00e1rnyalata sem. <\/span>\r\n\r\nEg\u00e9szen apr\u00f3, sz\u00ednes t\u00e1rgyak is seg\u00edtenek egy-egy random mosoly el\u0151csalogat\u00e1s\u00e1ban, ahonnan m\u00e1r csak p\u00e1r pillanat a lavina szer\u0171, j\u00f3 k\u00f6z\u00e9rzet.\u00a0<span style=\"font-weight: 400;\">LEGO-z\u00e1s vagy kisz\u00ednez\u0151z\u00e9s a gyerekkel, \u00e9l\u00e9nk kieg\u00e9sz\u00edt\u0151k beszerz\u00e9se \u00e9s b\u00e1tor p\u00e1ros\u00edt\u00e1sa, de ak\u00e1r egy vibr\u00e1l\u00f3 munkahelyi k\u00e1v\u00e9s szett is seg\u00edthet, hogy a semmib\u0151l egy kis plusz energi\u00e1hoz jussunk. Sz\u00ednes pom-pomokkal feld\u00edsz\u00edtett \u00f6r\u00f6kz\u00f6ldek \u00e9s a t\u00e9len is pomp\u00e1z\u00f3 n\u00f6v\u00e9nyek pedig azt\u00e1n t\u00e9nyleg azonnal kifejtik j\u00f3t\u00e9kony hat\u00e1sukat. <\/span>\r\n\r\n&nbsp;\r\n\r\n<span style=\"text-decoration: underline;\"><span style=\"font-weight: 400;\">MediaMarkt apr\u00f3s\u00e1gok: <\/span><\/span>\r\n<ul>\r\n \t<li style=\"font-weight: 400;\"><span style=\"font-weight: 400;\">PERFECT HOME 72255 Hossz\u00fa cser\u00e9p, 13 cm, <\/span>1169 Ft, a r\u00e9szletek\u00e9rt <a href=\"http:\/\/www.mediamarkt.hu\/hu\/product\/_perfect-home-72255-hossz%C3%BA-cser%C3%A9p-13-cm-1184248.html\">katt ide!<\/a><\/li>\r\n \t<li style=\"font-weight: 400;\"><span style=\"font-weight: 400;\">GARDEN OF EDEN 11517 Vir\u00e1gmint\u00e1s kerti keszty\u0171, 1 m\u00e9ret, varr\u00e1s n\u00e9lk\u00fcli, v\u00edztasz\u00edt\u00f3 nitrilbevonattal a teny\u00e9rr\u00e9szen, <\/span>399 Ft, a r\u00e9szletek\u00e9rt <a href=\"http:\/\/www.mediamarkt.hu\/hu\/product\/_garden-of-eden-11517-vir%C3%A1gmint%C3%A1s-kerti-keszty%C5%B1-1-m%C3%A9ret-varr%C3%A1s-n%C3%A9lk%C3%BCli-v%C3%ADztasz%C3%ADt%C3%B3-nitrilbevonattal-a-teny%C3%A9rr%C3%A9szen-1233387.html\">katt ide!<\/a><\/li>\r\n \t<li style=\"font-weight: 400;\"><span style=\"font-weight: 400;\">NATURTEX \u00c1gytakar\u00f3, microfiber k\u00e9toldalas \u00e1gytakar\u00f3, piros-fekete sz\u00ednben, <\/span>10 600 Ft, a r\u00e9szletek\u00e9rt <a href=\"http:\/\/www.mediamarkt.hu\/hu\/product\/_naturtex-%C3%A1gytakar%C3%B3-microfiber-k%C3%A9toldalas-%C3%A1gytakar%C3%B3-piros-fekete-sz%C3%ADnben-1209045.html\">katt ide!<\/a><\/li>\r\n \t<li style=\"font-weight: 400;\"><span style=\"font-weight: 400;\">PERFECT HOME 13505 teaf\u0151z\u0151, te\u00e1skanna 2.5 l p\u00f6tty\u00f6s,<\/span> 3989 Ft, a r\u00e9szletk\u00e9rt <a href=\"http:\/\/www.mediamarkt.hu\/hu\/product\/_perfect-home-13505-teaf%C5%91z%C5%91-te%C3%A1skanna-2-5-l-p%C3%B6tty%C3%B6s-1222777.html\">katt ide!<\/a><\/li>\r\n \t<li style=\"font-weight: 400;\"><span style=\"font-weight: 400;\">ECOFFEE CUP STOCKHOLM k\u00e1v\u00e9spoh\u00e1r fed\u0151vel, 400ml, <\/span>2999 Ft, a r\u00e9szletek\u00e9rt <a href=\"http:\/\/www.mediamarkt.hu\/hu\/product\/_ecoffee-cup-stockholm-k%C3%A1v%C3%A9spoh%C3%A1r-fed%C5%91vel-400ml-1201721.html\">katt ide!<\/a><\/li>\r\n<\/ul>\r\n\n\t\t<style type=\"text\/css\">\n\t\t\t#gallery-1 {\n\t\t\t\tmargin: auto;\n\t\t\t}\n\t\t\t#gallery-1 .gallery-item {\n\t\t\t\tfloat: left;\n\t\t\t\tmargin-top: 10px;\n\t\t\t\ttext-align: center;\n\t\t\t\twidth: 33%;\n\t\t\t}\n\t\t\t#gallery-1 img {\n\t\t\t\tborder: 2px solid #cfcfcf;\n\t\t\t}\n\t\t\t#gallery-1 .gallery-caption {\n\t\t\t\tmargin-left: 0;\n\t\t\t}\n\t\t\t\/* see gallery_shortcode() in wp-includes\/media.php *\/\n\t\t<\/style>\n\t\t<div id='gallery-1' class='gallery galleryid-5290 gallery-columns-3 gallery-size-thumbnail'><dl class='gallery-item'>\n\t\t\t<dt class='gallery-icon landscape'>\n\t\t\t\t<img loading=\"lazy\" decoding=\"async\" width=\"275\" height=\"205\" src=\"https:\/\/hir.mediamarkt.hu\/magazin\/wp-content\/uploads\/2018\/01\/szin5-275x205.png\" class=\"attachment-thumbnail size-thumbnail\" alt=\"\" srcset=\"https:\/\/hir.mediamarkt.hu\/magazin\/wp-content\/uploads\/2018\/01\/szin5-275x205.png 275w, https:\/\/hir.mediamarkt.hu\/magazin\/wp-content\/uploads\/2018\/01\/szin5-300x224.png 300w, https:\/\/hir.mediamarkt.hu\/magazin\/wp-content\/uploads\/2018\/01\/szin5-768x574.png 768w, https:\/\/hir.mediamarkt.hu\/magazin\/wp-content\/uploads\/2018\/01\/szin5-720x538.png 720w, https:\/\/hir.mediamarkt.hu\/magazin\/wp-content\/uploads\/2018\/01\/szin5.png 786w\" sizes=\"(max-width: 275px) 100vw, 275px\" \/>\n\t\t\t<\/dt><\/dl><dl class='gallery-item'>\n\t\t\t<dt class='gallery-icon landscape'>\n\t\t\t\t<img loading=\"lazy\" decoding=\"async\" width=\"275\" height=\"205\" src=\"https:\/\/hir.mediamarkt.hu\/magazin\/wp-content\/uploads\/2018\/01\/szin3-275x205.png\" class=\"attachment-thumbnail size-thumbnail\" alt=\"\" srcset=\"https:\/\/hir.mediamarkt.hu\/magazin\/wp-content\/uploads\/2018\/01\/szin3-275x205.png 275w, https:\/\/hir.mediamarkt.hu\/magazin\/wp-content\/uploads\/2018\/01\/szin3-300x224.png 300w, https:\/\/hir.mediamarkt.hu\/magazin\/wp-content\/uploads\/2018\/01\/szin3-768x574.png 768w, https:\/\/hir.mediamarkt.hu\/magazin\/wp-content\/uploads\/2018\/01\/szin3-720x538.png 720w, https:\/\/hir.mediamarkt.hu\/magazin\/wp-content\/uploads\/2018\/01\/szin3.png 786w\" sizes=\"(max-width: 275px) 100vw, 275px\" \/>\n\t\t\t<\/dt><\/dl><dl class='gallery-item'>\n\t\t\t<dt class='gallery-icon landscape'>\n\t\t\t\t<img loading=\"lazy\" decoding=\"async\" width=\"275\" height=\"205\" src=\"https:\/\/hir.mediamarkt.hu\/magazin\/wp-content\/uploads\/2018\/01\/szin2-275x205.png\" class=\"attachment-thumbnail size-thumbnail\" alt=\"\" srcset=\"https:\/\/hir.mediamarkt.hu\/magazin\/wp-content\/uploads\/2018\/01\/szin2-275x205.png 275w, https:\/\/hir.mediamarkt.hu\/magazin\/wp-content\/uploads\/2018\/01\/szin2-300x224.png 300w, https:\/\/hir.mediamarkt.hu\/magazin\/wp-content\/uploads\/2018\/01\/szin2-768x574.png 768w, https:\/\/hir.mediamarkt.hu\/magazin\/wp-content\/uploads\/2018\/01\/szin2-720x538.png 720w, https:\/\/hir.mediamarkt.hu\/magazin\/wp-content\/uploads\/2018\/01\/szin2.png 786w\" sizes=\"(max-width: 275px) 100vw, 275px\" \/>\n\t\t\t<\/dt><\/dl><br style=\"clear: both\" \/><dl class='gallery-item'>\n\t\t\t<dt class='gallery-icon landscape'>\n\t\t\t\t<img loading=\"lazy\" decoding=\"async\" width=\"275\" height=\"205\" src=\"https:\/\/hir.mediamarkt.hu\/magazin\/wp-content\/uploads\/2018\/01\/szin1-275x205.png\" class=\"attachment-thumbnail size-thumbnail\" alt=\"\" srcset=\"https:\/\/hir.mediamarkt.hu\/magazin\/wp-content\/uploads\/2018\/01\/szin1-275x205.png 275w, https:\/\/hir.mediamarkt.hu\/magazin\/wp-content\/uploads\/2018\/01\/szin1-300x224.png 300w, https:\/\/hir.mediamarkt.hu\/magazin\/wp-content\/uploads\/2018\/01\/szin1-768x574.png 768w, https:\/\/hir.mediamarkt.hu\/magazin\/wp-content\/uploads\/2018\/01\/szin1-720x538.png 720w, https:\/\/hir.mediamarkt.hu\/magazin\/wp-content\/uploads\/2018\/01\/szin1.png 786w\" sizes=\"(max-width: 275px) 100vw, 275px\" \/>\n\t\t\t<\/dt><\/dl><dl class='gallery-item'>\n\t\t\t<dt class='gallery-icon landscape'>\n\t\t\t\t<img loading=\"lazy\" decoding=\"async\" width=\"275\" height=\"205\" src=\"https:\/\/hir.mediamarkt.hu\/magazin\/wp-content\/uploads\/2018\/01\/szin-275x205.png\" class=\"attachment-thumbnail size-thumbnail\" alt=\"\" srcset=\"https:\/\/hir.mediamarkt.hu\/magazin\/wp-content\/uploads\/2018\/01\/szin-275x205.png 275w, https:\/\/hir.mediamarkt.hu\/magazin\/wp-content\/uploads\/2018\/01\/szin-300x224.png 300w, https:\/\/hir.mediamarkt.hu\/magazin\/wp-content\/uploads\/2018\/01\/szin-768x574.png 768w, https:\/\/hir.mediamarkt.hu\/magazin\/wp-content\/uploads\/2018\/01\/szin-720x538.png 720w, https:\/\/hir.mediamarkt.hu\/magazin\/wp-content\/uploads\/2018\/01\/szin.png 786w\" sizes=\"(max-width: 275px) 100vw, 275px\" \/>\n\t\t\t<\/dt><\/dl>\n\t\t\t<br style='clear: both' \/>\n\t\t<\/div>\n\r\n\r\n<strong>2. Illat d\u00f6mping<\/strong>\r\n\r\n<img loading=\"lazy\" decoding=\"async\" class=\"alignnone wp-image-5308 size-large\" src=\"http:\/\/hir.mediamarkt.hu\/magazin\/wp-content\/uploads\/2018\/01\/17-1024x682.jpg\" alt=\"\" width=\"1024\" height=\"682\" srcset=\"https:\/\/hir.mediamarkt.hu\/magazin\/wp-content\/uploads\/2018\/01\/17-1024x682.jpg 1024w, https:\/\/hir.mediamarkt.hu\/magazin\/wp-content\/uploads\/2018\/01\/17-275x183.jpg 275w, https:\/\/hir.mediamarkt.hu\/magazin\/wp-content\/uploads\/2018\/01\/17-300x200.jpg 300w, https:\/\/hir.mediamarkt.hu\/magazin\/wp-content\/uploads\/2018\/01\/17-768x512.jpg 768w, https:\/\/hir.mediamarkt.hu\/magazin\/wp-content\/uploads\/2018\/01\/17-720x480.jpg 720w, https:\/\/hir.mediamarkt.hu\/magazin\/wp-content\/uploads\/2018\/01\/17.jpg 1280w\" sizes=\"(max-width: 1024px) 100vw, 1024px\" \/>\r\n\r\n<span style=\"font-weight: 400;\">Ahogy a sz\u00ednek, \u00fagy az illatok is csak m\u00f3dj\u00e1val bukkannak fel a t\u00e9li, nagyv\u00e1rosi forgatagban. T\u00f6bbs\u00e9g\u00fcnk alig v\u00e1rja a friss, tavaszi, herseg\u0151 r\u00fcgyez\u00e9st, az els\u0151 ny\u00e1ri z\u00e1port, az \u00e9r\u0151 gy\u00fcm\u00f6lcs\u00f6k illat\u00e1t.\u00a0<\/span><span style=\"font-weight: 400;\">Addig, am\u00edg a term\u00e9szet \u201calanyi jogon\u201d mindezt \u00fajra felk\u00edn\u00e1lja, seg\u00edts\u00fck ki magunkat egy-k\u00e9t apr\u00f3s\u00e1ggal. Az ill\u00f3olajok, term\u00e9szetes alapanyag\u00fa szappanok, melyek &#8211; ha csak nem vagyunk Bors\u00f3szem Kir\u00e1lykisasszonyok, vagy Kir\u00e1lyfik &#8211; ak\u00e1r a p\u00e1rn\u00e1nk alatt is megh\u00faz\u00f3dhatnak. <\/span>\r\n\r\n<span style=\"font-weight: 400;\">De j\u00f3 szolg\u00e1latot tehet egy kis feny\u0151gyanta, vagy ak\u00e1r a t\u00e9len is el\u00e9rhet\u0151 citrusf\u00e9l\u00e9k.\u00a0<\/span><span style=\"font-weight: 400;\">Egy citrom, egy grapefruit l\u00e1tv\u00e1nya m\u00e1r \u00f6nmag\u00e1ban leny\u0171g\u00f6z\u0151 tud lenni (ld. fent), h\u00e1t m\u00e9g ha kicsit megvakargatjuk a h\u00e9j\u00e1t.\u00a0<\/span>Keresztany\u00e1m anno a narancs h\u00e9j\u00e1t a k\u00e1lyha tetej\u00e9re sz\u00f3rta, ezzel el\u0151zve meg az elektromos szobaillatos\u00edt\u00f3k piac\u00e1t. N\u00e1lam m\u00e1r egy egyszer\u0171 k\u00e1v\u00e9 dar\u00e1l\u00e1s is \u00fcnnepnap, \u00edgy janu\u00e1r k\u00f6zep\u00e9n. Annyira ki vagyok \u00e9hezve az intenz\u00edv, kellemes illatokra.\r\n\r\n&nbsp;\r\n\r\n<span style=\"text-decoration: underline;\">MediaMarkt apr\u00f3s\u00e1gok:<\/span>\r\n<ul>\r\n \t<li style=\"font-weight: 400;\"><span style=\"font-weight: 400;\">FAMILY POUND 57292B Illatos\u00edt\u00f3 &#8222;l\u00e1mpa&#8221;, \u00f3ce\u00e1n, 499 Ft, <\/span>a r\u00e9szletek\u00e9rt <a href=\"http:\/\/www.mediamarkt.hu\/hu\/product\/_family-pound-57292b-illatos%C3%ADt%C3%B3-l%C3%A1mpa-%C3%B3ce%C3%A1n-1213605.html\">katt ide!<\/a><\/li>\r\n \t<li style=\"font-weight: 400;\"><span style=\"font-weight: 400;\">PALOMA P06624 Illatos\u00edt\u00f3 Paloma Happy Bag, Exotic, 409 Ft, <\/span>a r\u00e9szletek\u00e9rt <a href=\"http:\/\/www.mediamarkt.hu\/hu\/product\/_paloma-p06624-illatos%C3%ADt%C3%B3-paloma-happy-bag-exotic-1135410.html\">katt ide!<\/a><\/li>\r\n \t<li style=\"font-weight: 400;\"><span style=\"font-weight: 400;\">SCARLETT SL-1545 k\u00e1v\u00e9dar\u00e1l\u00f3, 5939 Ft, <\/span>a r\u00e9szletek\u00e9rt <a href=\"http:\/\/www.mediamarkt.hu\/hu\/product\/_scarlett-sl-1545-k%C3%A1v%C3%A9dar%C3%A1l%C3%B3-1031609.html\">katt ide!<\/a><\/li>\r\n<\/ul>\r\n\n\t\t<style type=\"text\/css\">\n\t\t\t#gallery-2 {\n\t\t\t\tmargin: auto;\n\t\t\t}\n\t\t\t#gallery-2 .gallery-item {\n\t\t\t\tfloat: left;\n\t\t\t\tmargin-top: 10px;\n\t\t\t\ttext-align: center;\n\t\t\t\twidth: 33%;\n\t\t\t}\n\t\t\t#gallery-2 img {\n\t\t\t\tborder: 2px solid #cfcfcf;\n\t\t\t}\n\t\t\t#gallery-2 .gallery-caption {\n\t\t\t\tmargin-left: 0;\n\t\t\t}\n\t\t\t\/* see gallery_shortcode() in wp-includes\/media.php *\/\n\t\t<\/style>\n\t\t<div id='gallery-2' class='gallery galleryid-5290 gallery-columns-3 gallery-size-thumbnail'><dl class='gallery-item'>\n\t\t\t<dt class='gallery-icon landscape'>\n\t\t\t\t<img loading=\"lazy\" decoding=\"async\" width=\"275\" height=\"205\" src=\"https:\/\/hir.mediamarkt.hu\/magazin\/wp-content\/uploads\/2018\/01\/02-275x205.png\" class=\"attachment-thumbnail size-thumbnail\" alt=\"\" srcset=\"https:\/\/hir.mediamarkt.hu\/magazin\/wp-content\/uploads\/2018\/01\/02-275x205.png 275w, https:\/\/hir.mediamarkt.hu\/magazin\/wp-content\/uploads\/2018\/01\/02-300x224.png 300w, https:\/\/hir.mediamarkt.hu\/magazin\/wp-content\/uploads\/2018\/01\/02-768x574.png 768w, https:\/\/hir.mediamarkt.hu\/magazin\/wp-content\/uploads\/2018\/01\/02-720x538.png 720w, https:\/\/hir.mediamarkt.hu\/magazin\/wp-content\/uploads\/2018\/01\/02.png 786w\" sizes=\"(max-width: 275px) 100vw, 275px\" \/>\n\t\t\t<\/dt><\/dl><dl class='gallery-item'>\n\t\t\t<dt class='gallery-icon landscape'>\n\t\t\t\t<img loading=\"lazy\" decoding=\"async\" width=\"275\" height=\"205\" src=\"https:\/\/hir.mediamarkt.hu\/magazin\/wp-content\/uploads\/2018\/01\/01-275x205.png\" class=\"attachment-thumbnail size-thumbnail\" alt=\"\" srcset=\"https:\/\/hir.mediamarkt.hu\/magazin\/wp-content\/uploads\/2018\/01\/01-275x205.png 275w, https:\/\/hir.mediamarkt.hu\/magazin\/wp-content\/uploads\/2018\/01\/01-300x224.png 300w, https:\/\/hir.mediamarkt.hu\/magazin\/wp-content\/uploads\/2018\/01\/01-768x574.png 768w, https:\/\/hir.mediamarkt.hu\/magazin\/wp-content\/uploads\/2018\/01\/01-720x538.png 720w, https:\/\/hir.mediamarkt.hu\/magazin\/wp-content\/uploads\/2018\/01\/01.png 786w\" sizes=\"(max-width: 275px) 100vw, 275px\" \/>\n\t\t\t<\/dt><\/dl><dl class='gallery-item'>\n\t\t\t<dt class='gallery-icon landscape'>\n\t\t\t\t<img loading=\"lazy\" decoding=\"async\" width=\"275\" height=\"205\" src=\"https:\/\/hir.mediamarkt.hu\/magazin\/wp-content\/uploads\/2018\/01\/00-275x205.png\" class=\"attachment-thumbnail size-thumbnail\" alt=\"\" srcset=\"https:\/\/hir.mediamarkt.hu\/magazin\/wp-content\/uploads\/2018\/01\/00-275x205.png 275w, https:\/\/hir.mediamarkt.hu\/magazin\/wp-content\/uploads\/2018\/01\/00-300x224.png 300w, https:\/\/hir.mediamarkt.hu\/magazin\/wp-content\/uploads\/2018\/01\/00-768x574.png 768w, https:\/\/hir.mediamarkt.hu\/magazin\/wp-content\/uploads\/2018\/01\/00-720x538.png 720w, https:\/\/hir.mediamarkt.hu\/magazin\/wp-content\/uploads\/2018\/01\/00.png 786w\" sizes=\"(max-width: 275px) 100vw, 275px\" \/>\n\t\t\t<\/dt><\/dl><br style=\"clear: both\" \/>\n\t\t<\/div>\n\r\n\r\n&nbsp;\r\n\r\n<strong>3. Endorfin fr\u00f6ccs<\/strong>\r\n\r\n<img loading=\"lazy\" decoding=\"async\" class=\"alignnone wp-image-5318 size-large\" src=\"http:\/\/hir.mediamarkt.hu\/magazin\/wp-content\/uploads\/2018\/01\/093-1024x681.jpg\" alt=\"\" width=\"1024\" height=\"681\" srcset=\"https:\/\/hir.mediamarkt.hu\/magazin\/wp-content\/uploads\/2018\/01\/093-1024x681.jpg 1024w, https:\/\/hir.mediamarkt.hu\/magazin\/wp-content\/uploads\/2018\/01\/093-275x183.jpg 275w, https:\/\/hir.mediamarkt.hu\/magazin\/wp-content\/uploads\/2018\/01\/093-300x199.jpg 300w, https:\/\/hir.mediamarkt.hu\/magazin\/wp-content\/uploads\/2018\/01\/093-768x511.jpg 768w, https:\/\/hir.mediamarkt.hu\/magazin\/wp-content\/uploads\/2018\/01\/093-720x479.jpg 720w, https:\/\/hir.mediamarkt.hu\/magazin\/wp-content\/uploads\/2018\/01\/093.jpg 1280w\" sizes=\"(max-width: 1024px) 100vw, 1024px\" \/>\r\n\r\n<span style=\"font-weight: 400;\">Nem val\u00f3sz\u00edn\u0171, hogy \u00fajat mondunk azzal, hogy a mozg\u00e1s nagyj\u00e1b\u00f3l mindenre gy\u00f3gy\u00edr. Ehhez nem felt\u00e9tlen\u00fcl kell \u00f3r\u00e1kat edz\u0151teremben t\u00f6lten\u00fcnk, vagy vagyonokat elk\u00f6lten\u00fcnk, b\u00e1r t\u00e9ny, a rendszeres, profi (a testi adotts\u00e1gokat \u00e9s esetleges probl\u00e9m\u00e1kat figyelembe vev\u0151) sportol\u00e1s mindenkinek j\u00f3t tesz. <\/span>\r\n\r\n<span style=\"font-weight: 400;\">Az els\u0151 p\u00e1r nap nem egyszer\u0171, az agynak \u00e9s a testnek is \u201cbe kell kapnia a csalit\u201d. De ha valaha t\u00faljutottunk ezen a t\u00e9nyleg r\u00f6vid ideig tart\u00f3 holtponton, \u00e9rezni fogjuk, hogy az endorfin \u00e9s adrenalin f\u00fcgg\u0151s\u00e9g kialakul\u00e1sa miatt egyszer\u0171en olyan term\u00e9szetes r\u00e9sze lesz az \u00e9let\u00fcnknek a mozg\u00e1s, mint a fogmos\u00e1s.\u00a0<\/span><span style=\"font-weight: 400;\">(Err\u0151l hamarosan hosszabban is \u00e9rtekez\u00fcnk, nem is ak\u00e1rmilyen p\u00e9ld\u00e1kat is tippeket bemutatva!)<\/span>\r\n\r\nA sporton t\u00fal tal\u00e1n a koncert \u00e9lm\u00e9nyek lehetnek m\u00e9g igaz\u00e1n seg\u00edts\u00e9g\u00fcnkre ezekben a v\u00e9szterhes id\u0151kben. Az \u00e9l\u0151zenei esem\u00e9nyeken m\u00e1r az j\u00f3t\u00e9kony hat\u00e1ssal lesz r\u00e1nk, ha hagyjuk, hogy a zene \u00e1tj\u00e1rjon. Konkr\u00e9tan, fizikailag, rezg\u00e9s szinten. Ha emell\u00e9 m\u00e9g egy extatikus \u00e9nekl\u0151s-kiab\u00e1l\u00f3s-ugr\u00e1l\u00f3s-t\u00e1ncol\u00f3s \u00e9lm\u00e9ny is t\u00e1rsul, garant\u00e1ljuk, hogy egy h\u00e9tre rendbe lesz\u00fcnk!\r\n\r\n<span style=\"font-weight: 400;\">Nemr\u00e9g az any\u00f3s jel\u00f6ltet elvittem egy koncertre. \u00dcl\u0151s mulatts\u00e1g volt, a sz\u00ednpadr\u00f3l sug\u00e1rz\u00f3 energia viszont olyan hat\u00e1ssal volt a m\u00e1r kor\u00e1ntsem fiatal mam\u00e1ra, hogy az esem\u00e9ny v\u00e9g\u00e9n ragyog\u00f3 arccal mondta: Ha a munkat\u00e1rsaim havonta csak egyszer elj\u00f6nn\u00e9nek egy ilyen esem\u00e9nyre, soha t\u00f6bb\u00e9 senki sem panaszkodna az irod\u00e1ban semmire.\u00a0<\/span><span style=\"font-weight: 400;\">\u00c9n meg azt gondoltam, ha havonta csak egyszer elj\u00f6nn\u00e9nk egy ilyen esem\u00e9nyre, soha t\u00f6bb\u00e9 nem kritiz\u00e1ln\u00e1d a f\u0151zt\u00f6met.\u00a0<\/span><span style=\"font-weight: 400;\">Enn\u00e9l kev\u00e9sb\u00e9 rizik\u00f3s v\u00e1llal\u00e1st nem tudunk aj\u00e1nlani ment\u00e1lis \u00e9s lelki eg\u00e9szs\u00e9g\u00fcnk meg\u0151rz\u00e9s\u00e9re&#8230;<\/span>\r\n\r\n&nbsp;\r\n\r\n<span style=\"text-decoration: underline;\"><span style=\"font-weight: 400;\">MediaMarkt apr\u00f3s\u00e1gok: <\/span><\/span>\r\n<ul>\r\n \t<li><span style=\"font-weight: 400;\">ALCOR Move Aktivit\u00e1sm\u00e9r\u0151 karp\u00e1nt z\u00f6ld, 12 989 Ft, <\/span>a r\u00e9szletek\u00e9rt <a href=\"http:\/\/www.mediamarkt.hu\/hu\/product\/_alcor-move-aktivit%C3%A1sm%C3%A9r%C5%91-karp%C3%A1nt-z%C3%B6ld-1202186.html\">katt ide!<\/a><\/li>\r\n \t<li><span style=\"font-weight: 400;\">FITBIT Flex 2 aktivit\u00e1sm\u00e9r\u0151 levendula, 18 989 Ft, <\/span>a r\u00e9szletek\u00e9rt <a href=\"http:\/\/www.mediamarkt.hu\/hu\/product\/_fitbit-flex-2-aktivit%C3%A1sm%C3%A9r%C5%91-levendula-1218646.html\">katt ide!<\/a><\/li>\r\n<\/ul>\r\n&nbsp;\r\n<ul>\r\n \t<li><b><span style=\"font-weight: 400;\">SJCAM SJ4000 sportkamera v\u00edz\u00e1ll\u00f3 tokkal, k\u00e9k,<\/span> <\/b>19 999 Ft, a r\u00e9szletek\u00e9rt <a href=\"http:\/\/www.mediamarkt.hu\/hu\/product\/_sjcam-sj4000-sportkamera-v%C3%ADz%C3%A1ll%C3%B3-tokkal-k%C3%A9k-1192978.html\">katt ide!<\/a><\/li>\r\n<\/ul>\r\n&nbsp;\r\n<ul>\r\n \t<li><span style=\"font-weight: 400;\">Yo-Yo Ma &#8211; Bach &#8211; The 6 Unaccompanied Cello Suites Complete (Vinyl LP (nagylemez)), <\/span>10 999 Ft, a r\u00e9szletek\u00e9rt <a href=\"http:\/\/www.mediamarkt.hu\/hu\/product\/_yo-yo-ma-bach-the-6-unaccompanied-cello-suites-complete-vinyl-lp-nagylemez-1188436.html\">katt ide!<\/a><\/li>\r\n<\/ul>\r\n&nbsp;\r\n<ul>\r\n \t<li><b><span style=\"font-weight: 400;\">ORION OMP-09PU MP3 lej\u00e1tsz\u00f3 + f\u00fclhallgat\u00f3, lila,<\/span> <\/b>2499 Ft, a r\u00e9szletek\u00e9rt <a href=\"http:\/\/www.mediamarkt.hu\/hu\/product\/_orion-omp-09pu-mp3-lej%C3%A1tsz%C3%B3-f%C3%BClhallgat%C3%B3-lila-1090816.html\">katt ide!<\/a><\/li>\r\n<\/ul>\r\n<ul>\r\n \t<li><span style=\"font-weight: 400;\">PIONEER SE-MJ561BT-T vezet\u00e9k n\u00e9lk\u00fcli fejhallgat\u00f3<\/span>, 22 499 Ft, a r\u00e9szletek\u00e9rt <a href=\"http:\/\/www.mediamarkt.hu\/hu\/product\/_pioneer-se-mj561bt-t-vezet%C3%A9k-n%C3%A9lk%C3%BCli-fejhallgat%C3%B3-1168141.html\">katt ide!<\/a><\/li>\r\n<\/ul>\r\n&nbsp;\r\n\r\n\n\t\t<style type=\"text\/css\">\n\t\t\t#gallery-3 {\n\t\t\t\tmargin: auto;\n\t\t\t}\n\t\t\t#gallery-3 .gallery-item {\n\t\t\t\tfloat: left;\n\t\t\t\tmargin-top: 10px;\n\t\t\t\ttext-align: center;\n\t\t\t\twidth: 33%;\n\t\t\t}\n\t\t\t#gallery-3 img {\n\t\t\t\tborder: 2px solid #cfcfcf;\n\t\t\t}\n\t\t\t#gallery-3 .gallery-caption {\n\t\t\t\tmargin-left: 0;\n\t\t\t}\n\t\t\t\/* see gallery_shortcode() in wp-includes\/media.php *\/\n\t\t<\/style>\n\t\t<div id='gallery-3' class='gallery galleryid-5290 gallery-columns-3 gallery-size-thumbnail'><dl class='gallery-item'>\n\t\t\t<dt class='gallery-icon landscape'>\n\t\t\t\t<img loading=\"lazy\" decoding=\"async\" width=\"275\" height=\"205\" src=\"https:\/\/hir.mediamarkt.hu\/magazin\/wp-content\/uploads\/2018\/01\/07-275x205.png\" class=\"attachment-thumbnail size-thumbnail\" alt=\"\" srcset=\"https:\/\/hir.mediamarkt.hu\/magazin\/wp-content\/uploads\/2018\/01\/07-275x205.png 275w, https:\/\/hir.mediamarkt.hu\/magazin\/wp-content\/uploads\/2018\/01\/07-300x224.png 300w, https:\/\/hir.mediamarkt.hu\/magazin\/wp-content\/uploads\/2018\/01\/07-768x574.png 768w, https:\/\/hir.mediamarkt.hu\/magazin\/wp-content\/uploads\/2018\/01\/07-720x538.png 720w, https:\/\/hir.mediamarkt.hu\/magazin\/wp-content\/uploads\/2018\/01\/07.png 786w\" sizes=\"(max-width: 275px) 100vw, 275px\" \/>\n\t\t\t<\/dt><\/dl><dl class='gallery-item'>\n\t\t\t<dt class='gallery-icon landscape'>\n\t\t\t\t<img loading=\"lazy\" decoding=\"async\" width=\"275\" height=\"205\" src=\"https:\/\/hir.mediamarkt.hu\/magazin\/wp-content\/uploads\/2018\/01\/06-275x205.png\" class=\"attachment-thumbnail size-thumbnail\" alt=\"\" srcset=\"https:\/\/hir.mediamarkt.hu\/magazin\/wp-content\/uploads\/2018\/01\/06-275x205.png 275w, https:\/\/hir.mediamarkt.hu\/magazin\/wp-content\/uploads\/2018\/01\/06-300x224.png 300w, https:\/\/hir.mediamarkt.hu\/magazin\/wp-content\/uploads\/2018\/01\/06-768x574.png 768w, https:\/\/hir.mediamarkt.hu\/magazin\/wp-content\/uploads\/2018\/01\/06-720x538.png 720w, https:\/\/hir.mediamarkt.hu\/magazin\/wp-content\/uploads\/2018\/01\/06.png 786w\" sizes=\"(max-width: 275px) 100vw, 275px\" \/>\n\t\t\t<\/dt><\/dl><dl class='gallery-item'>\n\t\t\t<dt class='gallery-icon landscape'>\n\t\t\t\t<img loading=\"lazy\" decoding=\"async\" width=\"275\" height=\"205\" src=\"https:\/\/hir.mediamarkt.hu\/magazin\/wp-content\/uploads\/2018\/01\/05-275x205.png\" class=\"attachment-thumbnail size-thumbnail\" alt=\"\" srcset=\"https:\/\/hir.mediamarkt.hu\/magazin\/wp-content\/uploads\/2018\/01\/05-275x205.png 275w, https:\/\/hir.mediamarkt.hu\/magazin\/wp-content\/uploads\/2018\/01\/05-300x224.png 300w, https:\/\/hir.mediamarkt.hu\/magazin\/wp-content\/uploads\/2018\/01\/05-768x574.png 768w, https:\/\/hir.mediamarkt.hu\/magazin\/wp-content\/uploads\/2018\/01\/05-720x538.png 720w, https:\/\/hir.mediamarkt.hu\/magazin\/wp-content\/uploads\/2018\/01\/05.png 786w\" sizes=\"(max-width: 275px) 100vw, 275px\" \/>\n\t\t\t<\/dt><\/dl><br style=\"clear: both\" \/><dl class='gallery-item'>\n\t\t\t<dt class='gallery-icon landscape'>\n\t\t\t\t<img loading=\"lazy\" decoding=\"async\" width=\"275\" height=\"205\" src=\"https:\/\/hir.mediamarkt.hu\/magazin\/wp-content\/uploads\/2018\/01\/04-275x205.png\" class=\"attachment-thumbnail size-thumbnail\" alt=\"\" srcset=\"https:\/\/hir.mediamarkt.hu\/magazin\/wp-content\/uploads\/2018\/01\/04-275x205.png 275w, https:\/\/hir.mediamarkt.hu\/magazin\/wp-content\/uploads\/2018\/01\/04-300x224.png 300w, https:\/\/hir.mediamarkt.hu\/magazin\/wp-content\/uploads\/2018\/01\/04-768x574.png 768w, https:\/\/hir.mediamarkt.hu\/magazin\/wp-content\/uploads\/2018\/01\/04-720x538.png 720w, https:\/\/hir.mediamarkt.hu\/magazin\/wp-content\/uploads\/2018\/01\/04.png 786w\" sizes=\"(max-width: 275px) 100vw, 275px\" \/>\n\t\t\t<\/dt><\/dl><dl class='gallery-item'>\n\t\t\t<dt class='gallery-icon landscape'>\n\t\t\t\t<img loading=\"lazy\" decoding=\"async\" width=\"275\" height=\"205\" src=\"https:\/\/hir.mediamarkt.hu\/magazin\/wp-content\/uploads\/2018\/01\/03a-275x205.png\" class=\"attachment-thumbnail size-thumbnail\" alt=\"\" srcset=\"https:\/\/hir.mediamarkt.hu\/magazin\/wp-content\/uploads\/2018\/01\/03a-275x205.png 275w, https:\/\/hir.mediamarkt.hu\/magazin\/wp-content\/uploads\/2018\/01\/03a-300x224.png 300w, https:\/\/hir.mediamarkt.hu\/magazin\/wp-content\/uploads\/2018\/01\/03a-768x574.png 768w, https:\/\/hir.mediamarkt.hu\/magazin\/wp-content\/uploads\/2018\/01\/03a-720x538.png 720w, https:\/\/hir.mediamarkt.hu\/magazin\/wp-content\/uploads\/2018\/01\/03a.png 786w\" sizes=\"(max-width: 275px) 100vw, 275px\" \/>\n\t\t\t<\/dt><\/dl><dl class='gallery-item'>\n\t\t\t<dt class='gallery-icon landscape'>\n\t\t\t\t<img loading=\"lazy\" decoding=\"async\" width=\"275\" height=\"205\" src=\"https:\/\/hir.mediamarkt.hu\/magazin\/wp-content\/uploads\/2018\/01\/03-275x205.png\" class=\"attachment-thumbnail size-thumbnail\" alt=\"\" srcset=\"https:\/\/hir.mediamarkt.hu\/magazin\/wp-content\/uploads\/2018\/01\/03-275x205.png 275w, https:\/\/hir.mediamarkt.hu\/magazin\/wp-content\/uploads\/2018\/01\/03-300x224.png 300w, https:\/\/hir.mediamarkt.hu\/magazin\/wp-content\/uploads\/2018\/01\/03-768x574.png 768w, https:\/\/hir.mediamarkt.hu\/magazin\/wp-content\/uploads\/2018\/01\/03-720x538.png 720w, https:\/\/hir.mediamarkt.hu\/magazin\/wp-content\/uploads\/2018\/01\/03.png 786w\" sizes=\"(max-width: 275px) 100vw, 275px\" \/>\n\t\t\t<\/dt><\/dl><br style=\"clear: both\" \/>\n\t\t<\/div>\n\r\n\r\n<strong>4. F\u00e9ny, f\u00e9ny \u00e9s f\u00e9ny<\/strong>\r\n\r\n<img loading=\"lazy\" decoding=\"async\" class=\"alignnone wp-image-5319 size-large\" src=\"http:\/\/hir.mediamarkt.hu\/magazin\/wp-content\/uploads\/2018\/01\/forest-2984960_1280-1024x624.jpg\" alt=\"\" width=\"1024\" height=\"624\" srcset=\"https:\/\/hir.mediamarkt.hu\/magazin\/wp-content\/uploads\/2018\/01\/forest-2984960_1280-1024x624.jpg 1024w, https:\/\/hir.mediamarkt.hu\/magazin\/wp-content\/uploads\/2018\/01\/forest-2984960_1280-275x168.jpg 275w, https:\/\/hir.mediamarkt.hu\/magazin\/wp-content\/uploads\/2018\/01\/forest-2984960_1280-300x183.jpg 300w, https:\/\/hir.mediamarkt.hu\/magazin\/wp-content\/uploads\/2018\/01\/forest-2984960_1280-768x468.jpg 768w, https:\/\/hir.mediamarkt.hu\/magazin\/wp-content\/uploads\/2018\/01\/forest-2984960_1280-720x439.jpg 720w, https:\/\/hir.mediamarkt.hu\/magazin\/wp-content\/uploads\/2018\/01\/forest-2984960_1280.jpg 1280w\" sizes=\"(max-width: 1024px) 100vw, 1024px\" \/>\r\n\r\n<span style=\"font-weight: 400;\">Legt\u00f6bb\u00fcnket t\u00e9len a korai s\u00f6t\u00e9ted\u00e9s \u00e9s a napf\u00e9ny hi\u00e1nya visel meg. A hideg m\u00e9g csak-csak kibekkelhet\u0151. A D-vitamin hi\u00e1ny \u00e1ltal\u00e1nos t\u00fcnet Magyarorsz\u00e1gon, \u00fagyhogy b\u00e1tran ny\u00faljunk csak az azt tartalmaz\u00f3 \u00e9lelmiszerekhez, vagy ak\u00e1r az \u00e9trend kieg\u00e9sz\u00edt\u0151kh\u00f6z, persze csak \u00e9sszel.\u00a0<\/span>De hogy a hat\u00e1s igaz\u00e1n er\u0151teljes legyen, gondoskodjunk megfelel\u0151 erej\u0171 \u00e9s hat\u00e1s\u00fa f\u00e9nyr\u0151l mind a munkahely\u00fcnk\u00f6n, mind otthon!\r\n\r\n<span style=\"font-weight: 400;\">A helyes \u00e9g\u0151sorok \u00e9s a gyerty\u00e1k a nyugodtabb, relax\u00e1ltabb hangulatot fogj\u00e1k biztos\u00edtani, m\u00edg a profi l\u00e1mp\u00e1k \u00e9s izz\u00f3k a teljes\u00edtm\u00e9ny n\u00f6vel\u00e9sben seg\u00edthetnek.\u00a0<\/span><span style=\"font-weight: 400;\">Ezen a ter\u00fcleten \u00e9rdemes a legink\u00e1bb szaktan\u00e1csot k\u00e9rni, hogy mind a szem\u00fcnk, mind a k\u00f6z\u00e9rzet\u00fcnk j\u00f3l j\u00e1rjon. A p\u00e9nzt\u00e1rc\u00e1nkr\u00f3l nem is besz\u00e9lve!<\/span>\r\n\r\n&nbsp;\r\n\r\n<span style=\"text-decoration: underline;\"><span style=\"font-weight: 400;\">MediaMarkt apr\u00f3s\u00e1gok: <\/span><\/span>\r\n<ul>\r\n \t<li><span style=\"font-weight: 400;\">SYLVANIA TOLEDO k\u00fclt\u00e9ri kisg\u00f6mb 0,5W E27 IP44 op\u00e1l narancs, 1199 Ft, <\/span><b>a r\u00e9szletek\u00e9rt <\/b><a href=\"http:\/\/www.mediamarkt.hu\/hu\/product\/_sylvania-toledo-k%C3%BClt%C3%A9ri-kisg%C3%B6mb-0-5w-e27-ip44-op%C3%A1l-narancs-1191559.html\"><b>katt ide!<\/b><\/a><\/li>\r\n \t<li><span style=\"font-weight: 400;\">PHILIPS HUE Wellner Asztali l\u00e1mpa, LED, feh\u00e9r + f\u00e9nyer\u0151szab\u00e1lyoz\u00f3 (44401\/56\/P7), 31 999 Ft, <\/span><b>a r\u00e9szletek\u00e9rt <\/b><a href=\"http:\/\/www.mediamarkt.hu\/hu\/product\/_philips-hue-wellner-asztali-l%C3%A1mpa-led-feh%C3%A9r-f%C3%A9nyer%C5%91szab%C3%A1lyoz%C3%B3-44401-56-p7-1233551.html\"><b>katt ide!<\/b><\/a><\/li>\r\n<\/ul>\r\n&nbsp;\r\n<ul>\r\n \t<li><b><span style=\"font-weight: 400;\">EMOS ZYK0102 Kar\u00e1csonyi f\u00e9nyf\u00fcz\u00e9r 2,5M\/50 IP20, meleg feh\u00e9r,<\/span> 1199 Ft, a r\u00e9szletek\u00e9rt <a href=\"http:\/\/www.mediamarkt.hu\/hu\/product\/_emos-zyk0102-kar%C3%A1csonyi-f%C3%A9nyf%C3%BCz%C3%A9r-2-5m-50-ip20-meleg-feh%C3%A9r-1214869.html\">katt ide!<\/a><\/b><\/li>\r\n<\/ul>\r\n<ul>\r\n \t<li><span style=\"font-weight: 400;\">EMOS ZY1952 Kar\u00e1csonyi f\u00e9nyf\u00fcz\u00e9r, nano 2\u00d7AA 1,9m,<\/span> IP20, melegfeh\u00e9r id\u0151z\u00edt\u0151vel, \u00a01449 Ft, a r\u00e9szletek\u00e9rt <a href=\"http:\/\/www.mediamarkt.hu\/hu\/product\/_emos-zy1952-kar%C3%A1csonyi-f%C3%A9nyf%C3%BCz%C3%A9r-nano-2%C3%97aa-1-9m-ip20-melegfeh%C3%A9r-id%C5%91z%C3%ADt%C5%91vel-1244620.html\">katt ide!<\/a><\/li>\r\n<\/ul>\r\n&nbsp;\r\n\r\n\n\t\t<style type=\"text\/css\">\n\t\t\t#gallery-4 {\n\t\t\t\tmargin: auto;\n\t\t\t}\n\t\t\t#gallery-4 .gallery-item {\n\t\t\t\tfloat: left;\n\t\t\t\tmargin-top: 10px;\n\t\t\t\ttext-align: center;\n\t\t\t\twidth: 33%;\n\t\t\t}\n\t\t\t#gallery-4 img {\n\t\t\t\tborder: 2px solid #cfcfcf;\n\t\t\t}\n\t\t\t#gallery-4 .gallery-caption {\n\t\t\t\tmargin-left: 0;\n\t\t\t}\n\t\t\t\/* see gallery_shortcode() in wp-includes\/media.php *\/\n\t\t<\/style>\n\t\t<div id='gallery-4' class='gallery galleryid-5290 gallery-columns-3 gallery-size-thumbnail'><dl class='gallery-item'>\n\t\t\t<dt class='gallery-icon landscape'>\n\t\t\t\t<img loading=\"lazy\" decoding=\"async\" width=\"275\" height=\"205\" src=\"https:\/\/hir.mediamarkt.hu\/magazin\/wp-content\/uploads\/2018\/01\/092a-275x205.png\" class=\"attachment-thumbnail size-thumbnail\" alt=\"\" srcset=\"https:\/\/hir.mediamarkt.hu\/magazin\/wp-content\/uploads\/2018\/01\/092a-275x205.png 275w, https:\/\/hir.mediamarkt.hu\/magazin\/wp-content\/uploads\/2018\/01\/092a-300x224.png 300w, https:\/\/hir.mediamarkt.hu\/magazin\/wp-content\/uploads\/2018\/01\/092a-768x574.png 768w, https:\/\/hir.mediamarkt.hu\/magazin\/wp-content\/uploads\/2018\/01\/092a-720x538.png 720w, https:\/\/hir.mediamarkt.hu\/magazin\/wp-content\/uploads\/2018\/01\/092a.png 786w\" sizes=\"(max-width: 275px) 100vw, 275px\" \/>\n\t\t\t<\/dt><\/dl><dl class='gallery-item'>\n\t\t\t<dt class='gallery-icon landscape'>\n\t\t\t\t<img loading=\"lazy\" decoding=\"async\" width=\"275\" height=\"205\" src=\"https:\/\/hir.mediamarkt.hu\/magazin\/wp-content\/uploads\/2018\/01\/092-275x205.png\" class=\"attachment-thumbnail size-thumbnail\" alt=\"\" srcset=\"https:\/\/hir.mediamarkt.hu\/magazin\/wp-content\/uploads\/2018\/01\/092-275x205.png 275w, https:\/\/hir.mediamarkt.hu\/magazin\/wp-content\/uploads\/2018\/01\/092-300x224.png 300w, https:\/\/hir.mediamarkt.hu\/magazin\/wp-content\/uploads\/2018\/01\/092-768x574.png 768w, https:\/\/hir.mediamarkt.hu\/magazin\/wp-content\/uploads\/2018\/01\/092-720x538.png 720w, https:\/\/hir.mediamarkt.hu\/magazin\/wp-content\/uploads\/2018\/01\/092.png 786w\" sizes=\"(max-width: 275px) 100vw, 275px\" \/>\n\t\t\t<\/dt><\/dl><dl class='gallery-item'>\n\t\t\t<dt class='gallery-icon landscape'>\n\t\t\t\t<img loading=\"lazy\" decoding=\"async\" width=\"275\" height=\"205\" src=\"https:\/\/hir.mediamarkt.hu\/magazin\/wp-content\/uploads\/2018\/01\/091-275x205.png\" class=\"attachment-thumbnail size-thumbnail\" alt=\"\" srcset=\"https:\/\/hir.mediamarkt.hu\/magazin\/wp-content\/uploads\/2018\/01\/091-275x205.png 275w, https:\/\/hir.mediamarkt.hu\/magazin\/wp-content\/uploads\/2018\/01\/091-300x224.png 300w, https:\/\/hir.mediamarkt.hu\/magazin\/wp-content\/uploads\/2018\/01\/091-768x574.png 768w, https:\/\/hir.mediamarkt.hu\/magazin\/wp-content\/uploads\/2018\/01\/091-720x538.png 720w, https:\/\/hir.mediamarkt.hu\/magazin\/wp-content\/uploads\/2018\/01\/091.png 786w\" sizes=\"(max-width: 275px) 100vw, 275px\" \/>\n\t\t\t<\/dt><\/dl><br style=\"clear: both\" \/><dl class='gallery-item'>\n\t\t\t<dt class='gallery-icon landscape'>\n\t\t\t\t<img loading=\"lazy\" decoding=\"async\" width=\"275\" height=\"205\" src=\"https:\/\/hir.mediamarkt.hu\/magazin\/wp-content\/uploads\/2018\/01\/09-275x205.png\" class=\"attachment-thumbnail size-thumbnail\" alt=\"\" srcset=\"https:\/\/hir.mediamarkt.hu\/magazin\/wp-content\/uploads\/2018\/01\/09-275x205.png 275w, https:\/\/hir.mediamarkt.hu\/magazin\/wp-content\/uploads\/2018\/01\/09-300x224.png 300w, https:\/\/hir.mediamarkt.hu\/magazin\/wp-content\/uploads\/2018\/01\/09-768x574.png 768w, https:\/\/hir.mediamarkt.hu\/magazin\/wp-content\/uploads\/2018\/01\/09-720x538.png 720w, https:\/\/hir.mediamarkt.hu\/magazin\/wp-content\/uploads\/2018\/01\/09.png 786w\" sizes=\"(max-width: 275px) 100vw, 275px\" \/>\n\t\t\t<\/dt><\/dl><dl class='gallery-item'>\n\t\t\t<dt class='gallery-icon landscape'>\n\t\t\t\t<img loading=\"lazy\" decoding=\"async\" width=\"275\" height=\"205\" src=\"https:\/\/hir.mediamarkt.hu\/magazin\/wp-content\/uploads\/2018\/01\/08-275x205.png\" class=\"attachment-thumbnail size-thumbnail\" alt=\"\" srcset=\"https:\/\/hir.mediamarkt.hu\/magazin\/wp-content\/uploads\/2018\/01\/08-275x205.png 275w, https:\/\/hir.mediamarkt.hu\/magazin\/wp-content\/uploads\/2018\/01\/08-300x224.png 300w, https:\/\/hir.mediamarkt.hu\/magazin\/wp-content\/uploads\/2018\/01\/08-768x574.png 768w, https:\/\/hir.mediamarkt.hu\/magazin\/wp-content\/uploads\/2018\/01\/08-720x538.png 720w, https:\/\/hir.mediamarkt.hu\/magazin\/wp-content\/uploads\/2018\/01\/08.png 786w\" sizes=\"(max-width: 275px) 100vw, 275px\" \/>\n\t\t\t<\/dt><\/dl>\n\t\t\t<br style='clear: both' \/>\n\t\t<\/div>\n\r\n\r\n<strong>5. Egy perc csend<\/strong>\r\n\r\n<img loading=\"lazy\" decoding=\"async\" class=\"alignnone wp-image-5307 size-large\" src=\"http:\/\/hir.mediamarkt.hu\/magazin\/wp-content\/uploads\/2018\/01\/16-1024x637.jpg\" alt=\"\" width=\"1024\" height=\"637\" srcset=\"https:\/\/hir.mediamarkt.hu\/magazin\/wp-content\/uploads\/2018\/01\/16-1024x637.jpg 1024w, https:\/\/hir.mediamarkt.hu\/magazin\/wp-content\/uploads\/2018\/01\/16-275x171.jpg 275w, https:\/\/hir.mediamarkt.hu\/magazin\/wp-content\/uploads\/2018\/01\/16-300x187.jpg 300w, https:\/\/hir.mediamarkt.hu\/magazin\/wp-content\/uploads\/2018\/01\/16-768x478.jpg 768w, https:\/\/hir.mediamarkt.hu\/magazin\/wp-content\/uploads\/2018\/01\/16-720x448.jpg 720w, https:\/\/hir.mediamarkt.hu\/magazin\/wp-content\/uploads\/2018\/01\/16.jpg 1280w\" sizes=\"(max-width: 1024px) 100vw, 1024px\" \/>\r\n\r\n<span style=\"font-weight: 400;\">A legolcs\u00f3bb, egyben legfontosabb l\u00e9p\u00e9s eg\u00e9sz \u00e9vben, de tal\u00e1n t\u00e9len m\u00e9g hangs\u00falyosabban az \u00fan. \u00e9n-id\u0151. <\/span>\r\n\r\n<span style=\"font-weight: 400;\">Sokan szeret\u00fcnk id\u0151hi\u00e1nyra hivatkozni ezzel kapcsolatban. Egyesek megijednek a medit\u00e1ci\u00f3 fogalm\u00e1t\u00f3l, mik\u00f6zben a legalapvet\u0151bb gyakorlat, amely a testi \u00e9s lelki egyens\u00falyhoz elvezet, a l\u00e9gz\u00e9s. A vil\u00e1g legterm\u00e9szetesebb dolga, hiszen 24\/7 ezt csin\u00e1ljuk. A k\u00e9rd\u00e9s az, k\u00e9pesek vagyunk meg\u00e1llni 5 percre \u00e9s semmi m\u00e1ssal nem t\u00f6r\u0151dni, mint ezzel a monoton, \u00e9letben tart\u00f3 foglalatoss\u00e1ggal.<\/span>\r\n\r\n<span style=\"font-weight: 400;\">Hogy ezt reggel, vagy \u00e9pp este tessz\u00fck-e meg (mondjuk az \u00e1gyban, de ha motiv\u00e1lts\u00e1gunk \u00e9s a csal\u00e1d engedi, egy nyugodt helyen a lak\u00e1sban, t\u00f6r\u00f6k\u00fcl\u00e9sben, egyenes h\u00e1ttal), az m\u00e1r mindegy. Els\u0151k\u00e9nt a sz\u00e1nd\u00e9k a fontos: a sz\u00e1nd\u00e9k, hogy 5 percet magamra \u00e9s a testemre sz\u00e1nok, amivel az els\u0151 pillanatt\u00f3l az utols\u00f3ig \u00f6ssze vagyok k\u00f6tve, \u00edgy felel\u0151ss\u00e9ggel tartozom ir\u00e1nta. <\/span>\r\n\r\n<span style=\"font-weight: 400;\">Ha mindk\u00e9t id\u0151pont megy, eggyel k\u00f6zelebb vagyunk a kiegyens\u00falyozotts\u00e1ghoz. \u00c9s hogy mit kell tenn\u00fcnk? Semmit. Csak figyelni, ahogy a leveg\u0151 be- \u00e9s ki\u00e1ramlik a t\u00fcd\u0151nkb\u0151l. Ahogy a mellkasunk emelkedik, ahogy az orr\u00fcregen \u00e1tsiklik a l\u00e9legzet. Este egy\u00e9bk\u00e9nt kiv\u00e1l\u00f3an bele lehet ebbe k\u00e1bulni, aminek hat\u00e1s\u00e1ra v\u00e9gre h\u00e1ton, lecsillap\u00edtott tudattal alhatunk el, \u00edgy m\u00e1snap t\u00e9nyleges pihen\u00e9s ut\u00e1n \u00e9bredhet\u00fcnk. Kv\u00e1zi \u00fajj\u00e1.<\/span>\r\n\r\n<span style=\"font-weight: 400;\">Akinek seg\u00edt, hallgasson a sz\u00e1m\u00e1ra kellemes zen\u00e9t, lehet\u0151leg instrument\u00e1lisat. \u00c9n id\u0151nk\u00e9nt \u201cv\u00e9gtelen\u00edtve\u201d hagyok egy-egy megnyugtat\u00f3 muzsik\u00e1t (legt\u00f6bbsz\u00f6r Bach-ot), vagy \u00e9pp hangeffektet (sz\u00e9lz\u00fag\u00e1st, tenger morajl\u00e1st) \u00e9s sokszor reggel ugyanabban a p\u00f3zban nyitom ki a szemem, ugyanazzal a nyugalommal, amibe szinte belesz\u00e9d\u00fcltem. \u00cdgy a fels\u0151szomsz\u00e9d hajnali vircsaftj\u00e1b\u00f3l is kimaradok.<\/span>\r\n\r\n&nbsp;\r\n\r\n<span style=\"text-decoration: underline;\"><span style=\"font-weight: 400;\">MediaMarkt apr\u00f3s\u00e1gok: <\/span><\/span>\r\n<ul>\r\n \t<li style=\"font-weight: 400;\"><span style=\"font-weight: 400;\">Itt nincs r\u00e1nk sz\u00fcks\u00e9ged. \ud83d\ude42<\/span><\/li>\r\n<\/ul>\r\n&nbsp;\r\n\r\n<strong>A j\u00f3 k\u00f6z\u00e9rzet teh\u00e1t apr\u00f3 tr\u00fckk\u00f6kkel olyankor is el\u00e9rhet\u0151, amikor a k\u00f6r\u00fclm\u00e9nyek kiss\u00e9 mostoh\u00e1bbak. A kifejezetten stresszes id\u0151szakokban k\u00fcl\u00f6n \u00e9rdemes ezekre az apr\u00f3s\u00e1goknak t\u0171n\u0151, de nagy szolg\u00e1latot tev\u0151 gyakorlatokra odafigyelni. H\u00e1t nem \u00e9r\u00fcnk meg ennyit magunknak?<\/strong>\r\n\r\n&nbsp;","protected":false},"excerpt":{"rendered":"Ny\u00e1kos id\u0151, sz\u00fcrke v\u00e1ros, kopasz f\u00e1k, emberek fekete nagy kab\u00e1tokban. Sokunk janu\u00e1r v\u00e9g\u00e9re, febru\u00e1rra mer\u00fcl le, mintha a ny\u00e1ron \u00f6sszeszedett D-vitamin k\u00e9szlet ekkorra \u00fcr\u00fclne ki teljesen. Alusz\u00e9konys\u00e1g, ingerl\u00e9kenys\u00e9g \u00e9s \u00e1ltal\u00e1nos pesszimizmus. Ha nem is minden nap, de a tavaszt\u00f3l \u0151szig tart\u00f3 id\u0151szakn\u00e1l s\u0171r\u0171bben el\u0151fordul\u00f3 jelens\u00e9gek nagyj\u00e1b\u00f3l mindannyiunkn\u00e1l.","protected":false},"author":13,"featured_media":5302,"comment_status":"open","ping_status":"open","sticky":false,"template":"","format":"standard","meta":{"wprm-recipe-roundup-name":"","wprm-recipe-roundup-description":"","footnotes":""},"categories":[5967],"tags":[2334,2339,400,2146,279,2343,2335,2340,2341,2337,2336,2147,40,921,2127,2173,2344,2338,281,746,2345,2346,2342,2249,2347,94],"yoast_head":"<!-- This site is optimized with the Yoast SEO plugin v22.9 - https:\/\/yoast.com\/wordpress\/plugins\/seo\/ -->\n<title>5 tipp t\u00e9li rossz kedv \u00e9s ny\u0171g\u00f6ss\u00e9g ellen - MediaMarkt Magazin<\/title>\n<meta name=\"robots\" content=\"index, follow, max-snippet:-1, max-image-preview:large, max-video-preview:-1\" \/>\n<link rel=\"canonical\" href=\"https:\/\/hir.mediamarkt.hu\/magazin\/5-tipp-teli-depresszio-ellen\/\" \/>\n<meta property=\"og:locale\" content=\"hu_HU\" \/>\n<meta property=\"og:type\" content=\"article\" \/>\n<meta property=\"og:title\" content=\"5 tipp t\u00e9li rossz kedv \u00e9s ny\u0171g\u00f6ss\u00e9g ellen - MediaMarkt Magazin\" \/>\n<meta property=\"og:description\" content=\"Ny\u00e1kos id\u0151, sz\u00fcrke v\u00e1ros, kopasz f\u00e1k, emberek fekete nagy kab\u00e1tokban. Sokunk janu\u00e1r v\u00e9g\u00e9re, febru\u00e1rra mer\u00fcl le, mintha a ny\u00e1ron \u00f6sszeszedett D-vitamin k\u00e9szlet ekkorra \u00fcr\u00fclne ki teljesen. Alusz\u00e9konys\u00e1g, ingerl\u00e9kenys\u00e9g \u00e9s \u00e1ltal\u00e1nos pesszimizmus. Ha nem is minden nap, de a tavaszt\u00f3l \u0151szig tart\u00f3 id\u0151szakn\u00e1l s\u0171r\u0171bben el\u0151fordul\u00f3 jelens\u00e9gek nagyj\u00e1b\u00f3l mindannyiunkn\u00e1l.\" \/>\n<meta property=\"og:url\" content=\"https:\/\/hir.mediamarkt.hu\/magazin\/5-tipp-teli-depresszio-ellen\/\" \/>\n<meta property=\"og:site_name\" content=\"MediaMarkt Magazin\" \/>\n<meta property=\"article:publisher\" content=\"https:\/\/www.facebook.com\/MediaMarktMagyarorszag\" \/>\n<meta property=\"article:published_time\" content=\"2018-01-16T15:22:59+00:00\" \/>\n<meta property=\"article:modified_time\" content=\"2018-02-27T16:54:43+00:00\" \/>\n<meta property=\"og:image\" content=\"https:\/\/hir.mediamarkt.hu\/magazin\/wp-content\/uploads\/2018\/01\/11.jpg\" \/>\n\t<meta property=\"og:image:width\" content=\"1280\" \/>\n\t<meta property=\"og:image:height\" content=\"853\" \/>\n\t<meta property=\"og:image:type\" content=\"image\/jpeg\" \/>\n<meta name=\"author\" content=\"Media Markt\" \/>\n<meta name=\"twitter:label1\" content=\"Szerz\u0151:\" \/>\n\t<meta name=\"twitter:data1\" content=\"Media Markt\" \/>\n\t<meta name=\"twitter:label2\" content=\"Becs\u00fclt olvas\u00e1si id\u0151\" \/>\n\t<meta name=\"twitter:data2\" content=\"10 perc\" \/>\n<script type=\"application\/ld+json\" class=\"yoast-schema-graph\">{\"@context\":\"https:\/\/schema.org\",\"@graph\":[{\"@type\":\"WebPage\",\"@id\":\"https:\/\/hir.mediamarkt.hu\/magazin\/5-tipp-teli-depresszio-ellen\/\",\"url\":\"https:\/\/hir.mediamarkt.hu\/magazin\/5-tipp-teli-depresszio-ellen\/\",\"name\":\"5 tipp t\u00e9li rossz kedv \u00e9s ny\u0171g\u00f6ss\u00e9g ellen - MediaMarkt Magazin\",\"isPartOf\":{\"@id\":\"https:\/\/hir.mediamarkt.hu\/magazin\/#website\"},\"primaryImageOfPage\":{\"@id\":\"https:\/\/hir.mediamarkt.hu\/magazin\/5-tipp-teli-depresszio-ellen\/#primaryimage\"},\"image\":{\"@id\":\"https:\/\/hir.mediamarkt.hu\/magazin\/5-tipp-teli-depresszio-ellen\/#primaryimage\"},\"thumbnailUrl\":\"https:\/\/hir.mediamarkt.hu\/magazin\/wp-content\/uploads\/2018\/01\/11.jpg\",\"datePublished\":\"2018-01-16T15:22:59+00:00\",\"dateModified\":\"2018-02-27T16:54:43+00:00\",\"author\":{\"@id\":\"https:\/\/hir.mediamarkt.hu\/magazin\/#\/schema\/person\/b93b02ec1ab4d2353f8d281e171c1b0b\"},\"breadcrumb\":{\"@id\":\"https:\/\/hir.mediamarkt.hu\/magazin\/5-tipp-teli-depresszio-ellen\/#breadcrumb\"},\"inLanguage\":\"hu\",\"potentialAction\":[{\"@type\":\"ReadAction\",\"target\":[\"https:\/\/hir.mediamarkt.hu\/magazin\/5-tipp-teli-depresszio-ellen\/\"]}]},{\"@type\":\"ImageObject\",\"inLanguage\":\"hu\",\"@id\":\"https:\/\/hir.mediamarkt.hu\/magazin\/5-tipp-teli-depresszio-ellen\/#primaryimage\",\"url\":\"https:\/\/hir.mediamarkt.hu\/magazin\/wp-content\/uploads\/2018\/01\/11.jpg\",\"contentUrl\":\"https:\/\/hir.mediamarkt.hu\/magazin\/wp-content\/uploads\/2018\/01\/11.jpg\",\"width\":1280,\"height\":853},{\"@type\":\"BreadcrumbList\",\"@id\":\"https:\/\/hir.mediamarkt.hu\/magazin\/5-tipp-teli-depresszio-ellen\/#breadcrumb\",\"itemListElement\":[{\"@type\":\"ListItem\",\"position\":1,\"name\":\"Kezd\u0151lap\",\"item\":\"https:\/\/hir.mediamarkt.hu\/magazin\/\"},{\"@type\":\"ListItem\",\"position\":2,\"name\":\"5 tipp t\u00e9li rossz kedv \u00e9s ny\u0171g\u00f6ss\u00e9g ellen\"}]},{\"@type\":\"WebSite\",\"@id\":\"https:\/\/hir.mediamarkt.hu\/magazin\/#website\",\"url\":\"https:\/\/hir.mediamarkt.hu\/magazin\/\",\"name\":\"MediaMarkt Magazin\",\"description\":\"Olvass bele magazinunkba!\",\"potentialAction\":[{\"@type\":\"SearchAction\",\"target\":{\"@type\":\"EntryPoint\",\"urlTemplate\":\"https:\/\/hir.mediamarkt.hu\/magazin\/?s={search_term_string}\"},\"query-input\":\"required name=search_term_string\"}],\"inLanguage\":\"hu\"},{\"@type\":\"Person\",\"@id\":\"https:\/\/hir.mediamarkt.hu\/magazin\/#\/schema\/person\/b93b02ec1ab4d2353f8d281e171c1b0b\",\"name\":\"Media Markt\",\"image\":{\"@type\":\"ImageObject\",\"inLanguage\":\"hu\",\"@id\":\"https:\/\/hir.mediamarkt.hu\/magazin\/#\/schema\/person\/image\/\",\"url\":\"https:\/\/secure.gravatar.com\/avatar\/602bccae8998beee472d01909f0978f1?s=96&d=mm&r=g\",\"contentUrl\":\"https:\/\/secure.gravatar.com\/avatar\/602bccae8998beee472d01909f0978f1?s=96&d=mm&r=g\",\"caption\":\"Media Markt\"}}]}<\/script>\n<!-- \/ Yoast SEO plugin. -->","yoast_head_json":{"title":"5 tipp t\u00e9li rossz kedv \u00e9s ny\u0171g\u00f6ss\u00e9g ellen - MediaMarkt Magazin","robots":{"index":"index","follow":"follow","max-snippet":"max-snippet:-1","max-image-preview":"max-image-preview:large","max-video-preview":"max-video-preview:-1"},"canonical":"https:\/\/hir.mediamarkt.hu\/magazin\/5-tipp-teli-depresszio-ellen\/","og_locale":"hu_HU","og_type":"article","og_title":"5 tipp t\u00e9li rossz kedv \u00e9s ny\u0171g\u00f6ss\u00e9g ellen - MediaMarkt Magazin","og_description":"Ny\u00e1kos id\u0151, sz\u00fcrke v\u00e1ros, kopasz f\u00e1k, emberek fekete nagy kab\u00e1tokban. Sokunk janu\u00e1r v\u00e9g\u00e9re, febru\u00e1rra mer\u00fcl le, mintha a ny\u00e1ron \u00f6sszeszedett D-vitamin k\u00e9szlet ekkorra \u00fcr\u00fclne ki teljesen. Alusz\u00e9konys\u00e1g, ingerl\u00e9kenys\u00e9g \u00e9s \u00e1ltal\u00e1nos pesszimizmus. Ha nem is minden nap, de a tavaszt\u00f3l \u0151szig tart\u00f3 id\u0151szakn\u00e1l s\u0171r\u0171bben el\u0151fordul\u00f3 jelens\u00e9gek nagyj\u00e1b\u00f3l mindannyiunkn\u00e1l.","og_url":"https:\/\/hir.mediamarkt.hu\/magazin\/5-tipp-teli-depresszio-ellen\/","og_site_name":"MediaMarkt Magazin","article_publisher":"https:\/\/www.facebook.com\/MediaMarktMagyarorszag","article_published_time":"2018-01-16T15:22:59+00:00","article_modified_time":"2018-02-27T16:54:43+00:00","og_image":[{"width":1280,"height":853,"url":"https:\/\/hir.mediamarkt.hu\/magazin\/wp-content\/uploads\/2018\/01\/11.jpg","type":"image\/jpeg"}],"author":"Media Markt","twitter_misc":{"Szerz\u0151:":"Media Markt","Becs\u00fclt olvas\u00e1si id\u0151":"10 perc"},"schema":{"@context":"https:\/\/schema.org","@graph":[{"@type":"WebPage","@id":"https:\/\/hir.mediamarkt.hu\/magazin\/5-tipp-teli-depresszio-ellen\/","url":"https:\/\/hir.mediamarkt.hu\/magazin\/5-tipp-teli-depresszio-ellen\/","name":"5 tipp t\u00e9li rossz kedv \u00e9s ny\u0171g\u00f6ss\u00e9g ellen - MediaMarkt Magazin","isPartOf":{"@id":"https:\/\/hir.mediamarkt.hu\/magazin\/#website"},"primaryImageOfPage":{"@id":"https:\/\/hir.mediamarkt.hu\/magazin\/5-tipp-teli-depresszio-ellen\/#primaryimage"},"image":{"@id":"https:\/\/hir.mediamarkt.hu\/magazin\/5-tipp-teli-depresszio-ellen\/#primaryimage"},"thumbnailUrl":"https:\/\/hir.mediamarkt.hu\/magazin\/wp-content\/uploads\/2018\/01\/11.jpg","datePublished":"2018-01-16T15:22:59+00:00","dateModified":"2018-02-27T16:54:43+00:00","author":{"@id":"https:\/\/hir.mediamarkt.hu\/magazin\/#\/schema\/person\/b93b02ec1ab4d2353f8d281e171c1b0b"},"breadcrumb":{"@id":"https:\/\/hir.mediamarkt.hu\/magazin\/5-tipp-teli-depresszio-ellen\/#breadcrumb"},"inLanguage":"hu","potentialAction":[{"@type":"ReadAction","target":["https:\/\/hir.mediamarkt.hu\/magazin\/5-tipp-teli-depresszio-ellen\/"]}]},{"@type":"ImageObject","inLanguage":"hu","@id":"https:\/\/hir.mediamarkt.hu\/magazin\/5-tipp-teli-depresszio-ellen\/#primaryimage","url":"https:\/\/hir.mediamarkt.hu\/magazin\/wp-content\/uploads\/2018\/01\/11.jpg","contentUrl":"https:\/\/hir.mediamarkt.hu\/magazin\/wp-content\/uploads\/2018\/01\/11.jpg","width":1280,"height":853},{"@type":"BreadcrumbList","@id":"https:\/\/hir.mediamarkt.hu\/magazin\/5-tipp-teli-depresszio-ellen\/#breadcrumb","itemListElement":[{"@type":"ListItem","position":1,"name":"Kezd\u0151lap","item":"https:\/\/hir.mediamarkt.hu\/magazin\/"},{"@type":"ListItem","position":2,"name":"5 tipp t\u00e9li rossz kedv \u00e9s ny\u0171g\u00f6ss\u00e9g ellen"}]},{"@type":"WebSite","@id":"https:\/\/hir.mediamarkt.hu\/magazin\/#website","url":"https:\/\/hir.mediamarkt.hu\/magazin\/","name":"MediaMarkt Magazin","description":"Olvass bele magazinunkba!","potentialAction":[{"@type":"SearchAction","target":{"@type":"EntryPoint","urlTemplate":"https:\/\/hir.mediamarkt.hu\/magazin\/?s={search_term_string}"},"query-input":"required name=search_term_string"}],"inLanguage":"hu"},{"@type":"Person","@id":"https:\/\/hir.mediamarkt.hu\/magazin\/#\/schema\/person\/b93b02ec1ab4d2353f8d281e171c1b0b","name":"Media Markt","image":{"@type":"ImageObject","inLanguage":"hu","@id":"https:\/\/hir.mediamarkt.hu\/magazin\/#\/schema\/person\/image\/","url":"https:\/\/secure.gravatar.com\/avatar\/602bccae8998beee472d01909f0978f1?s=96&d=mm&r=g","contentUrl":"https:\/\/secure.gravatar.com\/avatar\/602bccae8998beee472d01909f0978f1?s=96&d=mm&r=g","caption":"Media Markt"}}]}},"_links":{"self":[{"href":"https:\/\/hir.mediamarkt.hu\/magazin\/wp-json\/wp\/v2\/posts\/5290"}],"collection":[{"href":"https:\/\/hir.mediamarkt.hu\/magazin\/wp-json\/wp\/v2\/posts"}],"about":[{"href":"https:\/\/hir.mediamarkt.hu\/magazin\/wp-json\/wp\/v2\/types\/post"}],"author":[{"embeddable":true,"href":"https:\/\/hir.mediamarkt.hu\/magazin\/wp-json\/wp\/v2\/users\/13"}],"replies":[{"embeddable":true,"href":"https:\/\/hir.mediamarkt.hu\/magazin\/wp-json\/wp\/v2\/comments?post=5290"}],"version-history":[{"count":11,"href":"https:\/\/hir.mediamarkt.hu\/magazin\/wp-json\/wp\/v2\/posts\/5290\/revisions"}],"predecessor-version":[{"id":5334,"href":"https:\/\/hir.mediamarkt.hu\/magazin\/wp-json\/wp\/v2\/posts\/5290\/revisions\/5334"}],"wp:featuredmedia":[{"embeddable":true,"href":"https:\/\/hir.mediamarkt.hu\/magazin\/wp-json\/wp\/v2\/media\/5302"}],"wp:attachment":[{"href":"https:\/\/hir.mediamarkt.hu\/magazin\/wp-json\/wp\/v2\/media?parent=5290"}],"wp:term":[{"taxonomy":"category","embeddable":true,"href":"https:\/\/hir.mediamarkt.hu\/magazin\/wp-json\/wp\/v2\/categories?post=5290"},{"taxonomy":"post_tag","embeddable":true,"href":"https:\/\/hir.mediamarkt.hu\/magazin\/wp-json\/wp\/v2\/tags?post=5290"}],"curies":[{"name":"wp","href":"https:\/\/api.w.org\/{rel}","templated":true}]}}