{"id":5378,"date":"2018-01-31T07:55:04","date_gmt":"2018-01-31T06:55:04","guid":{"rendered":"http:\/\/hir.mediamarkt.hu\/magazin\/?p=5378"},"modified":"2018-03-01T14:55:03","modified_gmt":"2018-03-01T13:55:03","slug":"dji-mavic-air-bemutato","status":"publish","type":"post","link":"https:\/\/hir.mediamarkt.hu\/magazin\/dji-mavic-air-bemutato\/","title":{"rendered":"F\u00e9l kil\u00f3s sincs \u00e9s a zsebedben is elf\u00e9r a vil\u00e1g legjobb dr\u00f3nja"},"content":{"rendered":"K\u00e9t hete m\u00e9g semmit sem tudtak az eg\u00e9szr\u0151l, vas\u00e1rnap d\u00e9lel\u0151tt pedig m\u00e1r ott \u00e1lltak az Ar\u00e9na-beli MediaMarkt el\u0151tt a <a href=\"http:\/\/www.mediamarkt.hu\/hu\/search.html?query=dji&amp;path=&amp;searchParams=\/Search.ff?query%3Ddji%26filterTabbedCategory%3Donlineshop%26filteravailability%3D1%26filterCategoriesROOT%3DSz%25C3%25A1m%25C3%25ADt%25C3%25A1stechnika%2B%2526%2BIroda%25C2%25A7MediaHUhuc504818%26channel%3Dmmhuhu%26productsPerPage%3D25%26followSearch%3D9750&amp;searchProfile=onlineshop\" target=\"_blank\">DJI<\/a> munkat\u00e1rsai, hogy bemutass\u00e1k a vil\u00e1g egyik legjobb dr\u00f3nj\u00e1t. Ezzel vezett\u00e9k fel az esem\u00e9nyt a vil\u00e1gels\u0151 dr\u00f3ngy\u00e1rt\u00f3 p\u00f3l\u00f3j\u00e1ba b\u00fajt fi\u00fak a pl\u00e1za emelet\u00e9n, majd, ahogy \u00edg\u00e9rt\u00e9k, bemutatt\u00e1k a vil\u00e1g egyik legjobb dr\u00f3nj\u00e1t.\r\n\r\nS\u00falyos \u00e1ll\u00edt\u00e1s, persze, f\u0151leg 2018-ban, amikor p\u00e1r t\u00edzezer forint\u00e9rt tisztess\u00e9ges min\u0151s\u00e9get \u00e9s rep\u00fcl\u00e9si stabilit\u00e1st produk\u00e1l\u00f3 dr\u00f3nokat is lehet kapni, \u00e9s az ig\u00e9nyesebb produkci\u00f3khoz ugyan nem \u00e1rt m\u00e9lyebben a zsebbe ny\u00falni, de m\u00e1r nem kell milli\u00f3kat r\u00e1k\u00f6lteni egy mindennel felszerelt vasra. Vagy csak akkor, ha konkr\u00e9tan Hollywoodnak dolgozunk.\r\n\r\nA sz\u00f3ban forg\u00f3 DJI-dr\u00f3n a <strong>Mavic Air<\/strong>, amely a bemutat\u00f3 idej\u00e9n m\u00e1r a boltok polcain volt (azaz, ha ez a cikk meggy\u0151z, ir\u00e1ny a MediaMarkt!), nem forradalmi megold\u00e1saival vagy tekint\u00e9ly parancsol\u00f3 megjelen\u00e9s\u00e9vel lett a vil\u00e1g legjobb dr\u00f3nja (ez ugyanis nem csak marketingsz\u00f6veg, megn\u00e9zt\u00fck, kipr\u00f3b\u00e1ltuk: t\u00e9nyleg az), hanem azzal, hogy az \u00f6sszes eddigi technol\u00f3gi\u00e1t \u00e9s a lehet\u0151 legjobb k\u00e9pmin\u0151s\u00e9get hozza leny\u0171g\u00f6z\u0151en kicsi \u00e9s kecses testben.\r\n\r\n<div id=\"attachment_5393\" style=\"width: 2010px\" class=\"wp-caption alignnone\"><img loading=\"lazy\" decoding=\"async\" aria-describedby=\"caption-attachment-5393\" class=\"size-full wp-image-5393\" src=\"http:\/\/hir.mediamarkt.hu\/magazin\/wp-content\/uploads\/2018\/01\/DSC_6135.jpg\" alt=\"\" width=\"2000\" height=\"1335\" srcset=\"https:\/\/hir.mediamarkt.hu\/magazin\/wp-content\/uploads\/2018\/01\/DSC_6135.jpg 1440w, https:\/\/hir.mediamarkt.hu\/magazin\/wp-content\/uploads\/2018\/01\/DSC_6135-275x184.jpg 275w, https:\/\/hir.mediamarkt.hu\/magazin\/wp-content\/uploads\/2018\/01\/DSC_6135-300x200.jpg 300w, https:\/\/hir.mediamarkt.hu\/magazin\/wp-content\/uploads\/2018\/01\/DSC_6135-768x513.jpg 768w, https:\/\/hir.mediamarkt.hu\/magazin\/wp-content\/uploads\/2018\/01\/DSC_6135-1024x684.jpg 1024w, https:\/\/hir.mediamarkt.hu\/magazin\/wp-content\/uploads\/2018\/01\/DSC_6135-720x481.jpg 720w\" sizes=\"(max-width: 2000px) 100vw, 2000px\" \/><p id=\"caption-attachment-5393\" class=\"wp-caption-text\">Fot\u00f3k: Nem\u00e9nyi M\u00e1rton<\/p><\/div>\r\n\r\nA m\u00e9retk\u00e9rd\u00e9sen gyorsan ess\u00fcnk is t\u00fal: ha esetleg valaki m\u00e9g azt hiszi, hogy min\u00e9l nagyobb, ann\u00e1l profibb egy dr\u00f3n, az gyorsan felejtse el, a Mavic Air ugyanis a megtestes\u00fclt bizony\u00edt\u00e9k, hogy ez nem \u00edgy van. Teljesen sz\u00e9tnyitva \u00e9s k\u00e9zben tartva ugyanis ekkora az eg\u00e9sz:\r\n\r\nAki csak felsz\u00ednesen j\u00e1rtas a dr\u00f3nok piac\u00e1n, annak neh\u00e9z lehet elk\u00e9pzelni, hogy ez a cs\u00f6pps\u00e9g hozza, amit v\u00e1llalt: azt a stabilit\u00e1st, k\u00e9pmin\u0151s\u00e9get \u00e9s azokat a funkci\u00f3kat, amiket nagyobb testv\u00e9rei (p\u00e9ld\u00e1ul a Mavic Pro, amelyet a c\u00e9g szint\u00e9n ki\u00e1ll\u00edtott, m\u00e1r az \u00f6sszehasonl\u00edt\u00e1s v\u00e9gett is). N\u00e9zz\u00fck h\u00e1t v\u00e9gig a tulajdons\u00e1gokat a \u201eszok\u00e1sost\u00f3l\u201d az eg\u00e9szen extravag\u00e1ns megold\u00e1sokig!\r\n<h1>K\u00e9pmin\u0151s\u00e9g<\/h1>\r\nErre sem pap\u00edron, sem a gyakorlatban nem lehet egy szavunk sem. A l\u00e9nyeg: a szok\u00e1sos k\u00e9pfriss\u00edt\u00e9ssel (30, 25 vagy a \u201emozis\u201d 24 k\u00e9pkocka\/m\u00e1sodperc) a dr\u00f3n teljes, teh\u00e1t nem felsk\u00e1l\u00e1zott 4K-s felbont\u00e1sban r\u00f6gz\u00edt, m\u00e9ghozz\u00e1 nagyon diszkr\u00e9t t\u00f6m\u00f6r\u00edt\u00e9ssel, 100 Mbs-es adat\u00e1tvitellel (ez kompromisszummentes mozimin\u0151s\u00e9g). Full HD-ban ak\u00e1r 120 fps-es, azaz slow-motion snittekre t\u00f6k\u00e9letesen alkalmas sebess\u00e9gben is r\u00f6gz\u00edt \u00e9s egy kett\u0151 k\u00f6zti \u00e1tmenetre (2,7K) is k\u00e9pes, ut\u00f3bbiban \u201ecsak\u201d maximum 60 fps-sel.\r\n\r\n<iframe loading=\"lazy\" title=\"DJI - Mavic Air - Introducing the Mavic Air\" width=\"900\" height=\"506\" src=\"https:\/\/www.youtube.com\/embed\/uF-WXHwzURs?feature=oembed\" frameborder=\"0\" allow=\"accelerometer; autoplay; clipboard-write; encrypted-media; gyroscope; picture-in-picture; web-share\" referrerpolicy=\"strict-origin-when-cross-origin\" allowfullscreen><\/iframe>\r\n\r\nEhhez tisztess\u00e9ges fix lencs\u00e9t kapott: a tesztfilmeket eln\u00e9zve sem vignett\u00e1l\u00e1ssal, sem torz\u00edt\u00e1ssal, sem kromatikus aberr\u00e1ci\u00f3val nem kell megk\u00fczden\u00fcnk. A gy\u00fajt\u00f3t\u00e1vols\u00e1g 35 millim\u00e9teres rendszerben sz\u00e1molva 24 mm, azaz klasszikus, \u201emindenre j\u00f3\u201d, de nem t\u00faltolt nagyl\u00e1t\u00f3sz\u00f6gben filmezhet\u00fcnk. Az ISO 100-t\u00f3l ak\u00e1r 3200-ig torn\u00e1szhat\u00f3, komolyabb zajosod\u00e1sra csak az aj\u00e1nlott maximum 1600 felett sz\u00e1m\u00edthatunk. A lencse 2.8-as blend\u00e9j\u00e9vel szerencs\u00e9re el\u00e9g sok f\u00e9nyt enged be. A DJI r\u00e1ad\u00e1sul nagyszer\u0171 f\u00e9nym\u00e9r\u00e9sr\u0151l is gondoskodott, azaz a v\u00e1ltoz\u00f3 be\u00e9rkez\u0151 f\u00e9nyek ment\u00e9n \u00f3vatosan, diszkr\u00e9ten, de hat\u00e1rozottan \u00e1ll\u00edtja az expoz\u00edc\u00f3t a Mavic Air. \u00c9rtsd: nyugodtan belen\u00e9zhetsz a Napba is rajta kereszt\u00fcl, az eredm\u00e9ny term\u00e9szetes lesz!\r\n\r\n\u00c1ll\u00f3k\u00e9p-\u00fcgyben is elk\u00e9nyeztet: 12 megapixeles CMOS-\u00e9rz\u00e9kel\u0151je v\u00e1zon bel\u00fcl k\u00e9pes HDR-k\u00e9pek l\u00e9trehoz\u00e1s\u00e1ra, minden l\u00e9tez\u0151 fot\u00f3s \u00fczemm\u00f3dot megtal\u00e1lunk benne, ami pedig k\u00fcl\u00f6n csod\u00e1s: a \u201eszok\u00e1sos\u201d panor\u00e1mafunkci\u00f3k mellett k\u00e9sz\u00edthet\u00fcnk t\u0171\u00e9les, 32 megapixeles k\u00f6rpanor\u00e1m\u00e1t is. Mindezt 8 gigabyte-os bels\u0151 mem\u00f3ri\u00e1ra menti.\r\n<h1>Test<\/h1>\r\nA DJI \u00e1ll\u00edt\u00e1sa, hogy az eg\u00e9sz akkora \u00f6sszecsukva, mint egy okostelefon, tal\u00e1n t\u00falz\u00e1s; ink\u00e1bb akkora, mint egy phablet, csak persze sokkal vastagabb. Ez persze nem baj, f\u0151leg, hogy tokkal egy\u00fctt k\u00e9nyelmesen elf\u00e9r a k\u00e9zipoggy\u00e1szban is, azaz a Mavic Air a t\u00f6k\u00e9letes utaz\u00f3s dr\u00f3n. \u00d6sszehajtva nagyj\u00e1b\u00f3l 17x5x8 centi, kinyitva az \u00e1tm\u00e9r\u0151je 213 millim\u00e9ter \u00e9s \u00f6sszesen 430 gramm, teh\u00e1t sem a v\u00e1llunk, sem a kez\u00fcnk nem szakad le, ha eg\u00e9sz nap m\u00e1szk\u00e1lunk vele.\r\n\r\n<img loading=\"lazy\" decoding=\"async\" class=\"alignnone size-full wp-image-5382\" src=\"http:\/\/hir.mediamarkt.hu\/magazin\/wp-content\/uploads\/2018\/01\/DSC_6030.jpg\" alt=\"\" width=\"2000\" height=\"1335\" srcset=\"https:\/\/hir.mediamarkt.hu\/magazin\/wp-content\/uploads\/2018\/01\/DSC_6030.jpg 1440w, https:\/\/hir.mediamarkt.hu\/magazin\/wp-content\/uploads\/2018\/01\/DSC_6030-275x184.jpg 275w, https:\/\/hir.mediamarkt.hu\/magazin\/wp-content\/uploads\/2018\/01\/DSC_6030-300x200.jpg 300w, https:\/\/hir.mediamarkt.hu\/magazin\/wp-content\/uploads\/2018\/01\/DSC_6030-768x513.jpg 768w, https:\/\/hir.mediamarkt.hu\/magazin\/wp-content\/uploads\/2018\/01\/DSC_6030-1024x684.jpg 1024w, https:\/\/hir.mediamarkt.hu\/magazin\/wp-content\/uploads\/2018\/01\/DSC_6030-720x481.jpg 720w\" sizes=\"(max-width: 2000px) 100vw, 2000px\" \/>\r\n\r\nForm\u00e1ja kecses, sokkal szel\u00eddebb, bar\u00e1ts\u00e1gosabb, mint az egy fokkal \u201emilitarybb\u201d Mavic Pro, de amat\u0151rnek, olcs\u00f3nak semmik\u00e9ppen sem mondan\u00e1nk: stabil, feszes, j\u00f3l \u00f6sszerakott dr\u00f3n, nyugodt sz\u00edvvel engedn\u00e9nk a leveg\u0151be!\r\n<h1>Rep\u00fcl\u00e9s<\/h1>\r\nEzt nem is kell ragoznunk, el\u00e9g, ha csak a sz\u00e1raz adatokat k\u00f6z\u00f6lj\u00fck: 68,4 kil\u00f3mter\/\u00f3ra maxim\u00e1lis sebess\u00e9g, 25 km\/h k\u00f6r\u00fcl 21 perces folyamatos \u00fczemid\u0151 illetve 20 perces \u201elebeg\u0151\u201d (hovering) poz\u00edci\u00f3. Fejlett wifi-kapcsolattal ak\u00e1r n\u00e9gy kilom\u00e9terr\u0151l is k\u00e9pes \u00e9l\u0151 jelet k\u00fcldeni az ergonomikus, okostelefonunkkal laz\u00e1n kombin\u00e1lhat\u00f3 t\u00e1vir\u00e1ny\u00edt\u00f3nak.\r\n\r\n<img loading=\"lazy\" decoding=\"async\" class=\"alignnone size-full wp-image-5384\" src=\"http:\/\/hir.mediamarkt.hu\/magazin\/wp-content\/uploads\/2018\/01\/DSC_6065.jpg\" alt=\"\" width=\"2000\" height=\"1335\" srcset=\"https:\/\/hir.mediamarkt.hu\/magazin\/wp-content\/uploads\/2018\/01\/DSC_6065.jpg 1440w, https:\/\/hir.mediamarkt.hu\/magazin\/wp-content\/uploads\/2018\/01\/DSC_6065-275x184.jpg 275w, https:\/\/hir.mediamarkt.hu\/magazin\/wp-content\/uploads\/2018\/01\/DSC_6065-300x200.jpg 300w, https:\/\/hir.mediamarkt.hu\/magazin\/wp-content\/uploads\/2018\/01\/DSC_6065-768x513.jpg 768w, https:\/\/hir.mediamarkt.hu\/magazin\/wp-content\/uploads\/2018\/01\/DSC_6065-1024x684.jpg 1024w, https:\/\/hir.mediamarkt.hu\/magazin\/wp-content\/uploads\/2018\/01\/DSC_6065-720x481.jpg 720w\" sizes=\"(max-width: 2000px) 100vw, 2000px\" \/>\r\n\r\nA Mavic Airre term\u00e9szetesen r\u00e1b\u00edzhatjuk a r\u00e9szleteket: dupla \u00e9rz\u00e9kel\u0151vel figyel minden ir\u00e1nyba, hogy \u00fctk\u00f6z\u00e9s, meleg helyzet n\u00e9lk\u00fcl man\u0151verezzen ak\u00e1r 30 kilom\u00e9teres sz\u00e9lben is. Mag\u00e1t\u00f3l megtal\u00e1lja a f\u0151t\u00e9m\u00e1t \u2013 ak\u00e1r tizenhatot is \u2013, \u00e9s rajta marad a leveg\u0151ben, a lencs\u00e9t pedig r\u00e1 ir\u00e1ny\u00edtja minden ir\u00e1nyban forgathat\u00f3 gimbal rendszer\u00e9vel (ez egy ilyen m\u00e9ret\u0171 dr\u00f3nn\u00e1l egyed\u00fcl\u00e1ll\u00f3 megold\u00e1s).\r\n\r\nA dr\u00f3nt term\u00e9szetesen megmutatt\u00e1k a teszten is; b\u00e1r egy pl\u00e1za tere kev\u00e9s arra, hogy a fenti funkci\u00f3kat mind kipr\u00f3b\u00e1ljuk, a lend\u00fclet \u00e9s az er\u0151 az\u00e9rt \u00e1tj\u00f6tt. Nem csak a sebess\u00e9g \u00e9s a stabilit\u00e1s volt leny\u0171g\u00f6z\u0151, hanem az is, hogy a k\u00fcl\u00f6nb\u00f6z\u0151 helyzetekhez \u00e9s parancsokhoz milyen gyorsan alkalmazkodott. Ide-oda lav\u00edroz\u00f3 \u00e9r forg\u00f3 \u201ekolibri\u00fczemm\u00f3db\u00f3l\u201d egy pillanat alatt mozdulatlann\u00e1 dermedt, a feed alapj\u00e1n ak\u00e1r \u00e1llv\u00e1nyra szerelt kamera k\u00e9p\u00e9t is n\u00e9zhett\u00fck volna. Term\u00e9szetesen sz\u00e1mtalan gesztust \u00e9rz\u00e9kel, azaz szelfidr\u00f3nnak is t\u00f6k\u00e9letes \u2013 m\u00e1s k\u00e9rd\u00e9s, hogy hatalmas pazarl\u00e1s lenne csak erre haszn\u00e1lni ezt a csod\u00e1s kis eszk\u00f6zt.\r\n\r\nA Mavic Air gyorsan j\u00f6tt teh\u00e1t, de sok\u00e1ig vel\u00fcnk marad majd. Oda utazik vel\u00fcnk, ahov\u00e1 csak szeretn\u00e9nk \u00e9s szinte b\u00e1rmire j\u00f3 a h\u00e1zivide\u00f3t\u00f3l a komolyabb produkci\u00f3kig. \u00c1ra els\u0151re kiss\u00e9 borsos lehet (b\u00e1r a DJI sosem titkolta, hogy milyen min\u0151s\u00e9g\u00e9rt k\u00e9r annyit, amennyit), \u00e1m a fenti funkci\u00f3kat, \u00e9s a min\u0151s\u00e9get tekintve teljesen re\u00e1lis az \u00f6sszeg. F\u0151leg, ha hozz\u00e1vessz\u00fck, hogy fantasztikus min\u0151s\u00e9g\u0171, j\u00f6v\u0151biztos k\u00e9pet produk\u00e1l, azaz sok-sok \u00e9vig h\u0171 t\u00e1rsunk lesz, ak\u00e1r magunk mellett tartjuk, ak\u00e1r kilom\u00e9terekre arr\u00e1bb reptetj\u00fck.\r\n\r\n<em>Addig is hoztunk p\u00e1r k\u00e9pet a bemutat\u00f3r\u00f3l, katt a nagyobb m\u00e9ret\u00e9rt!<\/em>\r\n\r\n\n\t\t<style type=\"text\/css\">\n\t\t\t#gallery-1 {\n\t\t\t\tmargin: auto;\n\t\t\t}\n\t\t\t#gallery-1 .gallery-item {\n\t\t\t\tfloat: left;\n\t\t\t\tmargin-top: 10px;\n\t\t\t\ttext-align: center;\n\t\t\t\twidth: 100%;\n\t\t\t}\n\t\t\t#gallery-1 img {\n\t\t\t\tborder: 2px solid #cfcfcf;\n\t\t\t}\n\t\t\t#gallery-1 .gallery-caption {\n\t\t\t\tmargin-left: 0;\n\t\t\t}\n\t\t\t\/* see gallery_shortcode() in wp-includes\/media.php *\/\n\t\t<\/style>\n\t\t<div id='gallery-1' class='gallery galleryid-5378 gallery-columns-1 gallery-size-full'><dl class='gallery-item'>\n\t\t\t<dt class='gallery-icon landscape'>\n\t\t\t\t<a href='https:\/\/hir.mediamarkt.hu\/magazin\/wp-content\/uploads\/2018\/01\/DSC_6056.jpg'><img loading=\"lazy\" decoding=\"async\" width=\"1440\" height=\"962\" src=\"https:\/\/hir.mediamarkt.hu\/magazin\/wp-content\/uploads\/2018\/01\/DSC_6056.jpg\" class=\"attachment-full size-full\" alt=\"\" srcset=\"https:\/\/hir.mediamarkt.hu\/magazin\/wp-content\/uploads\/2018\/01\/DSC_6056.jpg 1440w, https:\/\/hir.mediamarkt.hu\/magazin\/wp-content\/uploads\/2018\/01\/DSC_6056-275x184.jpg 275w, https:\/\/hir.mediamarkt.hu\/magazin\/wp-content\/uploads\/2018\/01\/DSC_6056-300x200.jpg 300w, https:\/\/hir.mediamarkt.hu\/magazin\/wp-content\/uploads\/2018\/01\/DSC_6056-768x513.jpg 768w, https:\/\/hir.mediamarkt.hu\/magazin\/wp-content\/uploads\/2018\/01\/DSC_6056-1024x684.jpg 1024w, https:\/\/hir.mediamarkt.hu\/magazin\/wp-content\/uploads\/2018\/01\/DSC_6056-720x481.jpg 720w\" sizes=\"(max-width: 1440px) 100vw, 1440px\" \/><\/a>\n\t\t\t<\/dt><\/dl><br style=\"clear: both\" \/><dl class='gallery-item'>\n\t\t\t<dt class='gallery-icon landscape'>\n\t\t\t\t<a href='https:\/\/hir.mediamarkt.hu\/magazin\/wp-content\/uploads\/2018\/01\/DSC_6083.jpg'><img loading=\"lazy\" decoding=\"async\" width=\"1440\" height=\"962\" src=\"https:\/\/hir.mediamarkt.hu\/magazin\/wp-content\/uploads\/2018\/01\/DSC_6083.jpg\" class=\"attachment-full size-full\" alt=\"\" srcset=\"https:\/\/hir.mediamarkt.hu\/magazin\/wp-content\/uploads\/2018\/01\/DSC_6083.jpg 1440w, https:\/\/hir.mediamarkt.hu\/magazin\/wp-content\/uploads\/2018\/01\/DSC_6083-275x184.jpg 275w, https:\/\/hir.mediamarkt.hu\/magazin\/wp-content\/uploads\/2018\/01\/DSC_6083-300x200.jpg 300w, https:\/\/hir.mediamarkt.hu\/magazin\/wp-content\/uploads\/2018\/01\/DSC_6083-768x513.jpg 768w, https:\/\/hir.mediamarkt.hu\/magazin\/wp-content\/uploads\/2018\/01\/DSC_6083-1024x684.jpg 1024w, https:\/\/hir.mediamarkt.hu\/magazin\/wp-content\/uploads\/2018\/01\/DSC_6083-720x481.jpg 720w\" sizes=\"(max-width: 1440px) 100vw, 1440px\" \/><\/a>\n\t\t\t<\/dt><\/dl><br style=\"clear: both\" \/><dl class='gallery-item'>\n\t\t\t<dt class='gallery-icon landscape'>\n\t\t\t\t<a href='https:\/\/hir.mediamarkt.hu\/magazin\/wp-content\/uploads\/2018\/01\/DSC_6091.jpg'><img loading=\"lazy\" decoding=\"async\" width=\"1440\" height=\"962\" src=\"https:\/\/hir.mediamarkt.hu\/magazin\/wp-content\/uploads\/2018\/01\/DSC_6091.jpg\" class=\"attachment-full size-full\" alt=\"\" srcset=\"https:\/\/hir.mediamarkt.hu\/magazin\/wp-content\/uploads\/2018\/01\/DSC_6091.jpg 1440w, https:\/\/hir.mediamarkt.hu\/magazin\/wp-content\/uploads\/2018\/01\/DSC_6091-275x184.jpg 275w, https:\/\/hir.mediamarkt.hu\/magazin\/wp-content\/uploads\/2018\/01\/DSC_6091-300x200.jpg 300w, https:\/\/hir.mediamarkt.hu\/magazin\/wp-content\/uploads\/2018\/01\/DSC_6091-768x513.jpg 768w, https:\/\/hir.mediamarkt.hu\/magazin\/wp-content\/uploads\/2018\/01\/DSC_6091-1024x684.jpg 1024w, https:\/\/hir.mediamarkt.hu\/magazin\/wp-content\/uploads\/2018\/01\/DSC_6091-720x481.jpg 720w\" sizes=\"(max-width: 1440px) 100vw, 1440px\" \/><\/a>\n\t\t\t<\/dt><\/dl><br style=\"clear: both\" \/><dl class='gallery-item'>\n\t\t\t<dt class='gallery-icon landscape'>\n\t\t\t\t<a href='https:\/\/hir.mediamarkt.hu\/magazin\/wp-content\/uploads\/2018\/01\/DSC_6106.jpg'><img loading=\"lazy\" decoding=\"async\" width=\"1440\" height=\"962\" src=\"https:\/\/hir.mediamarkt.hu\/magazin\/wp-content\/uploads\/2018\/01\/DSC_6106.jpg\" class=\"attachment-full size-full\" alt=\"\" srcset=\"https:\/\/hir.mediamarkt.hu\/magazin\/wp-content\/uploads\/2018\/01\/DSC_6106.jpg 1440w, https:\/\/hir.mediamarkt.hu\/magazin\/wp-content\/uploads\/2018\/01\/DSC_6106-275x184.jpg 275w, https:\/\/hir.mediamarkt.hu\/magazin\/wp-content\/uploads\/2018\/01\/DSC_6106-300x200.jpg 300w, https:\/\/hir.mediamarkt.hu\/magazin\/wp-content\/uploads\/2018\/01\/DSC_6106-768x513.jpg 768w, https:\/\/hir.mediamarkt.hu\/magazin\/wp-content\/uploads\/2018\/01\/DSC_6106-1024x684.jpg 1024w, https:\/\/hir.mediamarkt.hu\/magazin\/wp-content\/uploads\/2018\/01\/DSC_6106-720x481.jpg 720w\" sizes=\"(max-width: 1440px) 100vw, 1440px\" \/><\/a>\n\t\t\t<\/dt><\/dl><br style=\"clear: both\" \/><dl class='gallery-item'>\n\t\t\t<dt class='gallery-icon landscape'>\n\t\t\t\t<a href='https:\/\/hir.mediamarkt.hu\/magazin\/wp-content\/uploads\/2018\/01\/DSC_6107.jpg'><img loading=\"lazy\" decoding=\"async\" width=\"1440\" height=\"962\" src=\"https:\/\/hir.mediamarkt.hu\/magazin\/wp-content\/uploads\/2018\/01\/DSC_6107.jpg\" class=\"attachment-full size-full\" alt=\"\" srcset=\"https:\/\/hir.mediamarkt.hu\/magazin\/wp-content\/uploads\/2018\/01\/DSC_6107.jpg 1440w, https:\/\/hir.mediamarkt.hu\/magazin\/wp-content\/uploads\/2018\/01\/DSC_6107-275x184.jpg 275w, https:\/\/hir.mediamarkt.hu\/magazin\/wp-content\/uploads\/2018\/01\/DSC_6107-300x200.jpg 300w, https:\/\/hir.mediamarkt.hu\/magazin\/wp-content\/uploads\/2018\/01\/DSC_6107-768x513.jpg 768w, https:\/\/hir.mediamarkt.hu\/magazin\/wp-content\/uploads\/2018\/01\/DSC_6107-1024x684.jpg 1024w, https:\/\/hir.mediamarkt.hu\/magazin\/wp-content\/uploads\/2018\/01\/DSC_6107-720x481.jpg 720w\" sizes=\"(max-width: 1440px) 100vw, 1440px\" \/><\/a>\n\t\t\t<\/dt><\/dl><br style=\"clear: both\" \/><dl class='gallery-item'>\n\t\t\t<dt class='gallery-icon landscape'>\n\t\t\t\t<a href='https:\/\/hir.mediamarkt.hu\/magazin\/wp-content\/uploads\/2018\/01\/DSC_6129.jpg'><img loading=\"lazy\" decoding=\"async\" width=\"1440\" height=\"962\" src=\"https:\/\/hir.mediamarkt.hu\/magazin\/wp-content\/uploads\/2018\/01\/DSC_6129.jpg\" class=\"attachment-full size-full\" alt=\"\" srcset=\"https:\/\/hir.mediamarkt.hu\/magazin\/wp-content\/uploads\/2018\/01\/DSC_6129.jpg 1440w, https:\/\/hir.mediamarkt.hu\/magazin\/wp-content\/uploads\/2018\/01\/DSC_6129-275x184.jpg 275w, https:\/\/hir.mediamarkt.hu\/magazin\/wp-content\/uploads\/2018\/01\/DSC_6129-300x200.jpg 300w, https:\/\/hir.mediamarkt.hu\/magazin\/wp-content\/uploads\/2018\/01\/DSC_6129-768x513.jpg 768w, https:\/\/hir.mediamarkt.hu\/magazin\/wp-content\/uploads\/2018\/01\/DSC_6129-1024x684.jpg 1024w, https:\/\/hir.mediamarkt.hu\/magazin\/wp-content\/uploads\/2018\/01\/DSC_6129-720x481.jpg 720w\" sizes=\"(max-width: 1440px) 100vw, 1440px\" \/><\/a>\n\t\t\t<\/dt><\/dl><br style=\"clear: both\" \/><dl class='gallery-item'>\n\t\t\t<dt class='gallery-icon landscape'>\n\t\t\t\t<a href='https:\/\/hir.mediamarkt.hu\/magazin\/wp-content\/uploads\/2018\/01\/DSC_6114.jpg'><img loading=\"lazy\" decoding=\"async\" width=\"1440\" height=\"962\" src=\"https:\/\/hir.mediamarkt.hu\/magazin\/wp-content\/uploads\/2018\/01\/DSC_6114.jpg\" class=\"attachment-full size-full\" alt=\"\" srcset=\"https:\/\/hir.mediamarkt.hu\/magazin\/wp-content\/uploads\/2018\/01\/DSC_6114.jpg 1440w, https:\/\/hir.mediamarkt.hu\/magazin\/wp-content\/uploads\/2018\/01\/DSC_6114-275x184.jpg 275w, https:\/\/hir.mediamarkt.hu\/magazin\/wp-content\/uploads\/2018\/01\/DSC_6114-300x200.jpg 300w, https:\/\/hir.mediamarkt.hu\/magazin\/wp-content\/uploads\/2018\/01\/DSC_6114-768x513.jpg 768w, https:\/\/hir.mediamarkt.hu\/magazin\/wp-content\/uploads\/2018\/01\/DSC_6114-1024x684.jpg 1024w, https:\/\/hir.mediamarkt.hu\/magazin\/wp-content\/uploads\/2018\/01\/DSC_6114-720x481.jpg 720w\" sizes=\"(max-width: 1440px) 100vw, 1440px\" \/><\/a>\n\t\t\t<\/dt><\/dl><br style=\"clear: both\" \/><dl class='gallery-item'>\n\t\t\t<dt class='gallery-icon landscape'>\n\t\t\t\t<a href='https:\/\/hir.mediamarkt.hu\/magazin\/wp-content\/uploads\/2018\/01\/DSC_6157.jpg'><img loading=\"lazy\" decoding=\"async\" width=\"1440\" height=\"962\" src=\"https:\/\/hir.mediamarkt.hu\/magazin\/wp-content\/uploads\/2018\/01\/DSC_6157.jpg\" class=\"attachment-full size-full\" alt=\"\" srcset=\"https:\/\/hir.mediamarkt.hu\/magazin\/wp-content\/uploads\/2018\/01\/DSC_6157.jpg 1440w, https:\/\/hir.mediamarkt.hu\/magazin\/wp-content\/uploads\/2018\/01\/DSC_6157-275x184.jpg 275w, https:\/\/hir.mediamarkt.hu\/magazin\/wp-content\/uploads\/2018\/01\/DSC_6157-300x200.jpg 300w, https:\/\/hir.mediamarkt.hu\/magazin\/wp-content\/uploads\/2018\/01\/DSC_6157-768x513.jpg 768w, https:\/\/hir.mediamarkt.hu\/magazin\/wp-content\/uploads\/2018\/01\/DSC_6157-1024x684.jpg 1024w, https:\/\/hir.mediamarkt.hu\/magazin\/wp-content\/uploads\/2018\/01\/DSC_6157-720x481.jpg 720w\" sizes=\"(max-width: 1440px) 100vw, 1440px\" \/><\/a>\n\t\t\t<\/dt><\/dl><br style=\"clear: both\" \/><dl class='gallery-item'>\n\t\t\t<dt class='gallery-icon landscape'>\n\t\t\t\t<a href='https:\/\/hir.mediamarkt.hu\/magazin\/wp-content\/uploads\/2018\/01\/DSC_6148.jpg'><img loading=\"lazy\" decoding=\"async\" width=\"1440\" height=\"962\" src=\"https:\/\/hir.mediamarkt.hu\/magazin\/wp-content\/uploads\/2018\/01\/DSC_6148.jpg\" class=\"attachment-full size-full\" alt=\"\" srcset=\"https:\/\/hir.mediamarkt.hu\/magazin\/wp-content\/uploads\/2018\/01\/DSC_6148.jpg 1440w, https:\/\/hir.mediamarkt.hu\/magazin\/wp-content\/uploads\/2018\/01\/DSC_6148-275x184.jpg 275w, https:\/\/hir.mediamarkt.hu\/magazin\/wp-content\/uploads\/2018\/01\/DSC_6148-300x200.jpg 300w, https:\/\/hir.mediamarkt.hu\/magazin\/wp-content\/uploads\/2018\/01\/DSC_6148-768x513.jpg 768w, https:\/\/hir.mediamarkt.hu\/magazin\/wp-content\/uploads\/2018\/01\/DSC_6148-1024x684.jpg 1024w, https:\/\/hir.mediamarkt.hu\/magazin\/wp-content\/uploads\/2018\/01\/DSC_6148-720x481.jpg 720w\" sizes=\"(max-width: 1440px) 100vw, 1440px\" \/><\/a>\n\t\t\t<\/dt><\/dl><br style=\"clear: both\" \/><dl class='gallery-item'>\n\t\t\t<dt class='gallery-icon landscape'>\n\t\t\t\t<a href='https:\/\/hir.mediamarkt.hu\/magazin\/wp-content\/uploads\/2018\/01\/DSC_6024.jpg'><img loading=\"lazy\" decoding=\"async\" width=\"1440\" height=\"962\" src=\"https:\/\/hir.mediamarkt.hu\/magazin\/wp-content\/uploads\/2018\/01\/DSC_6024.jpg\" class=\"attachment-full size-full\" alt=\"\" srcset=\"https:\/\/hir.mediamarkt.hu\/magazin\/wp-content\/uploads\/2018\/01\/DSC_6024.jpg 1440w, https:\/\/hir.mediamarkt.hu\/magazin\/wp-content\/uploads\/2018\/01\/DSC_6024-275x184.jpg 275w, https:\/\/hir.mediamarkt.hu\/magazin\/wp-content\/uploads\/2018\/01\/DSC_6024-300x200.jpg 300w, https:\/\/hir.mediamarkt.hu\/magazin\/wp-content\/uploads\/2018\/01\/DSC_6024-768x513.jpg 768w, https:\/\/hir.mediamarkt.hu\/magazin\/wp-content\/uploads\/2018\/01\/DSC_6024-1024x684.jpg 1024w, https:\/\/hir.mediamarkt.hu\/magazin\/wp-content\/uploads\/2018\/01\/DSC_6024-720x481.jpg 720w\" sizes=\"(max-width: 1440px) 100vw, 1440px\" \/><\/a>\n\t\t\t<\/dt><\/dl><br style=\"clear: both\" \/><dl class='gallery-item'>\n\t\t\t<dt class='gallery-icon landscape'>\n\t\t\t\t<a href='https:\/\/hir.mediamarkt.hu\/magazin\/wp-content\/uploads\/2018\/01\/DSC_6030.jpg'><img loading=\"lazy\" decoding=\"async\" width=\"1440\" height=\"962\" src=\"https:\/\/hir.mediamarkt.hu\/magazin\/wp-content\/uploads\/2018\/01\/DSC_6030.jpg\" class=\"attachment-full size-full\" alt=\"\" srcset=\"https:\/\/hir.mediamarkt.hu\/magazin\/wp-content\/uploads\/2018\/01\/DSC_6030.jpg 1440w, https:\/\/hir.mediamarkt.hu\/magazin\/wp-content\/uploads\/2018\/01\/DSC_6030-275x184.jpg 275w, https:\/\/hir.mediamarkt.hu\/magazin\/wp-content\/uploads\/2018\/01\/DSC_6030-300x200.jpg 300w, https:\/\/hir.mediamarkt.hu\/magazin\/wp-content\/uploads\/2018\/01\/DSC_6030-768x513.jpg 768w, https:\/\/hir.mediamarkt.hu\/magazin\/wp-content\/uploads\/2018\/01\/DSC_6030-1024x684.jpg 1024w, https:\/\/hir.mediamarkt.hu\/magazin\/wp-content\/uploads\/2018\/01\/DSC_6030-720x481.jpg 720w\" sizes=\"(max-width: 1440px) 100vw, 1440px\" \/><\/a>\n\t\t\t<\/dt><\/dl><br style=\"clear: both\" \/><dl class='gallery-item'>\n\t\t\t<dt class='gallery-icon landscape'>\n\t\t\t\t<a href='https:\/\/hir.mediamarkt.hu\/magazin\/wp-content\/uploads\/2018\/01\/DSC_6027.jpg'><img loading=\"lazy\" decoding=\"async\" width=\"1440\" height=\"962\" src=\"https:\/\/hir.mediamarkt.hu\/magazin\/wp-content\/uploads\/2018\/01\/DSC_6027.jpg\" class=\"attachment-full size-full\" alt=\"\" srcset=\"https:\/\/hir.mediamarkt.hu\/magazin\/wp-content\/uploads\/2018\/01\/DSC_6027.jpg 1440w, https:\/\/hir.mediamarkt.hu\/magazin\/wp-content\/uploads\/2018\/01\/DSC_6027-275x184.jpg 275w, https:\/\/hir.mediamarkt.hu\/magazin\/wp-content\/uploads\/2018\/01\/DSC_6027-300x200.jpg 300w, https:\/\/hir.mediamarkt.hu\/magazin\/wp-content\/uploads\/2018\/01\/DSC_6027-768x513.jpg 768w, https:\/\/hir.mediamarkt.hu\/magazin\/wp-content\/uploads\/2018\/01\/DSC_6027-1024x684.jpg 1024w, https:\/\/hir.mediamarkt.hu\/magazin\/wp-content\/uploads\/2018\/01\/DSC_6027-720x481.jpg 720w\" sizes=\"(max-width: 1440px) 100vw, 1440px\" \/><\/a>\n\t\t\t<\/dt><\/dl><br style=\"clear: both\" \/><dl class='gallery-item'>\n\t\t\t<dt class='gallery-icon landscape'>\n\t\t\t\t<a href='https:\/\/hir.mediamarkt.hu\/magazin\/wp-content\/uploads\/2018\/01\/DSC_6093.jpg'><img loading=\"lazy\" decoding=\"async\" width=\"1440\" height=\"962\" src=\"https:\/\/hir.mediamarkt.hu\/magazin\/wp-content\/uploads\/2018\/01\/DSC_6093.jpg\" class=\"attachment-full size-full\" alt=\"\" srcset=\"https:\/\/hir.mediamarkt.hu\/magazin\/wp-content\/uploads\/2018\/01\/DSC_6093.jpg 1440w, https:\/\/hir.mediamarkt.hu\/magazin\/wp-content\/uploads\/2018\/01\/DSC_6093-275x184.jpg 275w, https:\/\/hir.mediamarkt.hu\/magazin\/wp-content\/uploads\/2018\/01\/DSC_6093-300x200.jpg 300w, https:\/\/hir.mediamarkt.hu\/magazin\/wp-content\/uploads\/2018\/01\/DSC_6093-768x513.jpg 768w, https:\/\/hir.mediamarkt.hu\/magazin\/wp-content\/uploads\/2018\/01\/DSC_6093-1024x684.jpg 1024w, https:\/\/hir.mediamarkt.hu\/magazin\/wp-content\/uploads\/2018\/01\/DSC_6093-720x481.jpg 720w\" sizes=\"(max-width: 1440px) 100vw, 1440px\" \/><\/a>\n\t\t\t<\/dt><\/dl><br style=\"clear: both\" \/>\n\t\t<\/div>\n","protected":false},"excerpt":{"rendered":"Na j\u00f3, az\u00e9rt nem \u00e1rt egy nagy zseb. A Mavic Air bemutat\u00f3j\u00e1n j\u00e1rtunk \u00e9s alig hitt\u00fck el, hogy egy ilyen kis testb\u0151l ilyen nagy k\u00e9p j\u00f6n. Ja, \u00e9s mostant\u00f3l b\u00e1rmikor hazaviheted.","protected":false},"author":22,"featured_media":5403,"comment_status":"open","ping_status":"open","sticky":false,"template":"","format":"standard","meta":{"wprm-recipe-roundup-name":"","wprm-recipe-roundup-description":"","footnotes":""},"categories":[5980],"tags":[1023,81,2389,2392,414,2393,2390,2391],"yoast_head":"<!-- This site is optimized with the Yoast SEO plugin v22.9 - https:\/\/yoast.com\/wordpress\/plugins\/seo\/ -->\n<title>F\u00e9l kil\u00f3s sincs \u00e9s a zsebedben is elf\u00e9r a vil\u00e1g legjobb dr\u00f3nja - MediaMarkt Magazin<\/title>\n<meta name=\"robots\" content=\"index, follow, max-snippet:-1, max-image-preview:large, max-video-preview:-1\" \/>\n<link rel=\"canonical\" href=\"https:\/\/hir.mediamarkt.hu\/magazin\/dji-mavic-air-bemutato\/\" \/>\n<meta property=\"og:locale\" content=\"hu_HU\" \/>\n<meta property=\"og:type\" content=\"article\" \/>\n<meta property=\"og:title\" content=\"F\u00e9l kil\u00f3s sincs \u00e9s a zsebedben is elf\u00e9r a vil\u00e1g legjobb dr\u00f3nja - MediaMarkt Magazin\" \/>\n<meta property=\"og:description\" content=\"Na j\u00f3, az\u00e9rt nem \u00e1rt egy nagy zseb. A Mavic Air bemutat\u00f3j\u00e1n j\u00e1rtunk \u00e9s alig hitt\u00fck el, hogy egy ilyen kis testb\u0151l ilyen nagy k\u00e9p j\u00f6n. Ja, \u00e9s mostant\u00f3l b\u00e1rmikor hazaviheted.\" \/>\n<meta property=\"og:url\" content=\"https:\/\/hir.mediamarkt.hu\/magazin\/dji-mavic-air-bemutato\/\" \/>\n<meta property=\"og:site_name\" content=\"MediaMarkt Magazin\" \/>\n<meta property=\"article:publisher\" content=\"https:\/\/www.facebook.com\/MediaMarktMagyarorszag\" \/>\n<meta property=\"article:published_time\" content=\"2018-01-31T06:55:04+00:00\" \/>\n<meta property=\"article:modified_time\" content=\"2018-03-01T13:55:03+00:00\" \/>\n<meta property=\"og:image\" content=\"https:\/\/hir.mediamarkt.hu\/magazin\/wp-content\/uploads\/2018\/01\/dji-mavic-air-teszt.jpg\" \/>\n\t<meta property=\"og:image:width\" content=\"1200\" \/>\n\t<meta property=\"og:image:height\" content=\"628\" \/>\n\t<meta property=\"og:image:type\" content=\"image\/jpeg\" \/>\n<meta name=\"author\" content=\"Nemenyi\" \/>\n<meta name=\"twitter:label1\" content=\"Szerz\u0151:\" \/>\n\t<meta name=\"twitter:data1\" content=\"Nemenyi\" \/>\n\t<meta name=\"twitter:label2\" content=\"Becs\u00fclt olvas\u00e1si id\u0151\" \/>\n\t<meta name=\"twitter:data2\" content=\"6 perc\" \/>\n<script type=\"application\/ld+json\" class=\"yoast-schema-graph\">{\"@context\":\"https:\/\/schema.org\",\"@graph\":[{\"@type\":\"WebPage\",\"@id\":\"https:\/\/hir.mediamarkt.hu\/magazin\/dji-mavic-air-bemutato\/\",\"url\":\"https:\/\/hir.mediamarkt.hu\/magazin\/dji-mavic-air-bemutato\/\",\"name\":\"F\u00e9l kil\u00f3s sincs \u00e9s a zsebedben is elf\u00e9r a vil\u00e1g legjobb dr\u00f3nja - MediaMarkt Magazin\",\"isPartOf\":{\"@id\":\"https:\/\/hir.mediamarkt.hu\/magazin\/#website\"},\"primaryImageOfPage\":{\"@id\":\"https:\/\/hir.mediamarkt.hu\/magazin\/dji-mavic-air-bemutato\/#primaryimage\"},\"image\":{\"@id\":\"https:\/\/hir.mediamarkt.hu\/magazin\/dji-mavic-air-bemutato\/#primaryimage\"},\"thumbnailUrl\":\"https:\/\/hir.mediamarkt.hu\/magazin\/wp-content\/uploads\/2018\/01\/dji-mavic-air-teszt.jpg\",\"datePublished\":\"2018-01-31T06:55:04+00:00\",\"dateModified\":\"2018-03-01T13:55:03+00:00\",\"author\":{\"@id\":\"https:\/\/hir.mediamarkt.hu\/magazin\/#\/schema\/person\/f4a17b2dc97f2e2bf1b88a89d4ef7d05\"},\"breadcrumb\":{\"@id\":\"https:\/\/hir.mediamarkt.hu\/magazin\/dji-mavic-air-bemutato\/#breadcrumb\"},\"inLanguage\":\"hu\",\"potentialAction\":[{\"@type\":\"ReadAction\",\"target\":[\"https:\/\/hir.mediamarkt.hu\/magazin\/dji-mavic-air-bemutato\/\"]}]},{\"@type\":\"ImageObject\",\"inLanguage\":\"hu\",\"@id\":\"https:\/\/hir.mediamarkt.hu\/magazin\/dji-mavic-air-bemutato\/#primaryimage\",\"url\":\"https:\/\/hir.mediamarkt.hu\/magazin\/wp-content\/uploads\/2018\/01\/dji-mavic-air-teszt.jpg\",\"contentUrl\":\"https:\/\/hir.mediamarkt.hu\/magazin\/wp-content\/uploads\/2018\/01\/dji-mavic-air-teszt.jpg\",\"width\":1200,\"height\":628},{\"@type\":\"BreadcrumbList\",\"@id\":\"https:\/\/hir.mediamarkt.hu\/magazin\/dji-mavic-air-bemutato\/#breadcrumb\",\"itemListElement\":[{\"@type\":\"ListItem\",\"position\":1,\"name\":\"Kezd\u0151lap\",\"item\":\"https:\/\/hir.mediamarkt.hu\/magazin\/\"},{\"@type\":\"ListItem\",\"position\":2,\"name\":\"F\u00e9l kil\u00f3s sincs \u00e9s a zsebedben is elf\u00e9r a vil\u00e1g legjobb dr\u00f3nja\"}]},{\"@type\":\"WebSite\",\"@id\":\"https:\/\/hir.mediamarkt.hu\/magazin\/#website\",\"url\":\"https:\/\/hir.mediamarkt.hu\/magazin\/\",\"name\":\"MediaMarkt Magazin\",\"description\":\"Olvass bele magazinunkba!\",\"potentialAction\":[{\"@type\":\"SearchAction\",\"target\":{\"@type\":\"EntryPoint\",\"urlTemplate\":\"https:\/\/hir.mediamarkt.hu\/magazin\/?s={search_term_string}\"},\"query-input\":\"required name=search_term_string\"}],\"inLanguage\":\"hu\"},{\"@type\":\"Person\",\"@id\":\"https:\/\/hir.mediamarkt.hu\/magazin\/#\/schema\/person\/f4a17b2dc97f2e2bf1b88a89d4ef7d05\",\"name\":\"Nemenyi\",\"image\":{\"@type\":\"ImageObject\",\"inLanguage\":\"hu\",\"@id\":\"https:\/\/hir.mediamarkt.hu\/magazin\/#\/schema\/person\/image\/\",\"url\":\"https:\/\/secure.gravatar.com\/avatar\/9470b3223c723142e66adcad803b24fe?s=96&d=mm&r=g\",\"contentUrl\":\"https:\/\/secure.gravatar.com\/avatar\/9470b3223c723142e66adcad803b24fe?s=96&d=mm&r=g\",\"caption\":\"Nemenyi\"}}]}<\/script>\n<!-- \/ Yoast SEO plugin. -->","yoast_head_json":{"title":"F\u00e9l kil\u00f3s sincs \u00e9s a zsebedben is elf\u00e9r a vil\u00e1g legjobb dr\u00f3nja - MediaMarkt Magazin","robots":{"index":"index","follow":"follow","max-snippet":"max-snippet:-1","max-image-preview":"max-image-preview:large","max-video-preview":"max-video-preview:-1"},"canonical":"https:\/\/hir.mediamarkt.hu\/magazin\/dji-mavic-air-bemutato\/","og_locale":"hu_HU","og_type":"article","og_title":"F\u00e9l kil\u00f3s sincs \u00e9s a zsebedben is elf\u00e9r a vil\u00e1g legjobb dr\u00f3nja - MediaMarkt Magazin","og_description":"Na j\u00f3, az\u00e9rt nem \u00e1rt egy nagy zseb. A Mavic Air bemutat\u00f3j\u00e1n j\u00e1rtunk \u00e9s alig hitt\u00fck el, hogy egy ilyen kis testb\u0151l ilyen nagy k\u00e9p j\u00f6n. Ja, \u00e9s mostant\u00f3l b\u00e1rmikor hazaviheted.","og_url":"https:\/\/hir.mediamarkt.hu\/magazin\/dji-mavic-air-bemutato\/","og_site_name":"MediaMarkt Magazin","article_publisher":"https:\/\/www.facebook.com\/MediaMarktMagyarorszag","article_published_time":"2018-01-31T06:55:04+00:00","article_modified_time":"2018-03-01T13:55:03+00:00","og_image":[{"width":1200,"height":628,"url":"https:\/\/hir.mediamarkt.hu\/magazin\/wp-content\/uploads\/2018\/01\/dji-mavic-air-teszt.jpg","type":"image\/jpeg"}],"author":"Nemenyi","twitter_misc":{"Szerz\u0151:":"Nemenyi","Becs\u00fclt olvas\u00e1si id\u0151":"6 perc"},"schema":{"@context":"https:\/\/schema.org","@graph":[{"@type":"WebPage","@id":"https:\/\/hir.mediamarkt.hu\/magazin\/dji-mavic-air-bemutato\/","url":"https:\/\/hir.mediamarkt.hu\/magazin\/dji-mavic-air-bemutato\/","name":"F\u00e9l kil\u00f3s sincs \u00e9s a zsebedben is elf\u00e9r a vil\u00e1g legjobb dr\u00f3nja - MediaMarkt Magazin","isPartOf":{"@id":"https:\/\/hir.mediamarkt.hu\/magazin\/#website"},"primaryImageOfPage":{"@id":"https:\/\/hir.mediamarkt.hu\/magazin\/dji-mavic-air-bemutato\/#primaryimage"},"image":{"@id":"https:\/\/hir.mediamarkt.hu\/magazin\/dji-mavic-air-bemutato\/#primaryimage"},"thumbnailUrl":"https:\/\/hir.mediamarkt.hu\/magazin\/wp-content\/uploads\/2018\/01\/dji-mavic-air-teszt.jpg","datePublished":"2018-01-31T06:55:04+00:00","dateModified":"2018-03-01T13:55:03+00:00","author":{"@id":"https:\/\/hir.mediamarkt.hu\/magazin\/#\/schema\/person\/f4a17b2dc97f2e2bf1b88a89d4ef7d05"},"breadcrumb":{"@id":"https:\/\/hir.mediamarkt.hu\/magazin\/dji-mavic-air-bemutato\/#breadcrumb"},"inLanguage":"hu","potentialAction":[{"@type":"ReadAction","target":["https:\/\/hir.mediamarkt.hu\/magazin\/dji-mavic-air-bemutato\/"]}]},{"@type":"ImageObject","inLanguage":"hu","@id":"https:\/\/hir.mediamarkt.hu\/magazin\/dji-mavic-air-bemutato\/#primaryimage","url":"https:\/\/hir.mediamarkt.hu\/magazin\/wp-content\/uploads\/2018\/01\/dji-mavic-air-teszt.jpg","contentUrl":"https:\/\/hir.mediamarkt.hu\/magazin\/wp-content\/uploads\/2018\/01\/dji-mavic-air-teszt.jpg","width":1200,"height":628},{"@type":"BreadcrumbList","@id":"https:\/\/hir.mediamarkt.hu\/magazin\/dji-mavic-air-bemutato\/#breadcrumb","itemListElement":[{"@type":"ListItem","position":1,"name":"Kezd\u0151lap","item":"https:\/\/hir.mediamarkt.hu\/magazin\/"},{"@type":"ListItem","position":2,"name":"F\u00e9l kil\u00f3s sincs \u00e9s a zsebedben is elf\u00e9r a vil\u00e1g legjobb dr\u00f3nja"}]},{"@type":"WebSite","@id":"https:\/\/hir.mediamarkt.hu\/magazin\/#website","url":"https:\/\/hir.mediamarkt.hu\/magazin\/","name":"MediaMarkt Magazin","description":"Olvass bele magazinunkba!","potentialAction":[{"@type":"SearchAction","target":{"@type":"EntryPoint","urlTemplate":"https:\/\/hir.mediamarkt.hu\/magazin\/?s={search_term_string}"},"query-input":"required name=search_term_string"}],"inLanguage":"hu"},{"@type":"Person","@id":"https:\/\/hir.mediamarkt.hu\/magazin\/#\/schema\/person\/f4a17b2dc97f2e2bf1b88a89d4ef7d05","name":"Nemenyi","image":{"@type":"ImageObject","inLanguage":"hu","@id":"https:\/\/hir.mediamarkt.hu\/magazin\/#\/schema\/person\/image\/","url":"https:\/\/secure.gravatar.com\/avatar\/9470b3223c723142e66adcad803b24fe?s=96&d=mm&r=g","contentUrl":"https:\/\/secure.gravatar.com\/avatar\/9470b3223c723142e66adcad803b24fe?s=96&d=mm&r=g","caption":"Nemenyi"}}]}},"_links":{"self":[{"href":"https:\/\/hir.mediamarkt.hu\/magazin\/wp-json\/wp\/v2\/posts\/5378"}],"collection":[{"href":"https:\/\/hir.mediamarkt.hu\/magazin\/wp-json\/wp\/v2\/posts"}],"about":[{"href":"https:\/\/hir.mediamarkt.hu\/magazin\/wp-json\/wp\/v2\/types\/post"}],"author":[{"embeddable":true,"href":"https:\/\/hir.mediamarkt.hu\/magazin\/wp-json\/wp\/v2\/users\/22"}],"replies":[{"embeddable":true,"href":"https:\/\/hir.mediamarkt.hu\/magazin\/wp-json\/wp\/v2\/comments?post=5378"}],"version-history":[{"count":6,"href":"https:\/\/hir.mediamarkt.hu\/magazin\/wp-json\/wp\/v2\/posts\/5378\/revisions"}],"predecessor-version":[{"id":5402,"href":"https:\/\/hir.mediamarkt.hu\/magazin\/wp-json\/wp\/v2\/posts\/5378\/revisions\/5402"}],"wp:featuredmedia":[{"embeddable":true,"href":"https:\/\/hir.mediamarkt.hu\/magazin\/wp-json\/wp\/v2\/media\/5403"}],"wp:attachment":[{"href":"https:\/\/hir.mediamarkt.hu\/magazin\/wp-json\/wp\/v2\/media?parent=5378"}],"wp:term":[{"taxonomy":"category","embeddable":true,"href":"https:\/\/hir.mediamarkt.hu\/magazin\/wp-json\/wp\/v2\/categories?post=5378"},{"taxonomy":"post_tag","embeddable":true,"href":"https:\/\/hir.mediamarkt.hu\/magazin\/wp-json\/wp\/v2\/tags?post=5378"}],"curies":[{"name":"wp","href":"https:\/\/api.w.org\/{rel}","templated":true}]}}