{"id":5490,"date":"2018-03-04T07:55:21","date_gmt":"2018-03-04T06:55:21","guid":{"rendered":"http:\/\/hir.mediamarkt.hu\/magazin\/?p=5490"},"modified":"2018-04-12T14:25:08","modified_gmt":"2018-04-12T13:25:08","slug":"magyarok-barcaert-dvd-barcelona-foci-film","status":"publish","type":"post","link":"https:\/\/hir.mediamarkt.hu\/magazin\/magyarok-barcaert-dvd-barcelona-foci-film\/","title":{"rendered":"Magyarok a Bar\u00e7\u00e1\u00e9rt- egy fantasztikus film, nem csak f\u00e9rfiaknak!"},"content":{"rendered":"<strong>Nem kell katal\u00e1n drukkernek lenni, s\u0151t, megkock\u00e1ztatjuk, m\u00e9g az sem felt\u00e9tel, hogy foci rajong\u00f3k legy\u00fcnk. Ez a film minden magyar ember sz\u00e1m\u00e1ra \u00e9rdekes, sz\u00f3rakoztat\u00f3 \u00e9s megr\u00e1z\u00f3 lehet. Emigr\u00e1nsok, akik naggy\u00e1 tettek egy csapatot, amely az\u00f3ta is az eur\u00f3pai top csapatok \u00e9l\u00e9n \u00e1ll! <a href=\"http:\/\/www.mediamarkt.hu\/hu\/product\/_magyarok-a-bar%C3%A7%C3%A1%C3%A9rt-dvd-1162207.html\">DVD aj\u00e1nl\u00f3<\/a> egy fontos t\u00e9m\u00e1r\u00f3l, zseni\u00e1lis k\u00f6nt\u00f6sben!<\/strong>\r\n\r\n<!--more-->\r\n\r\n<em><span style=\"font-weight: 400;\">\u201c<\/span><span style=\"font-weight: 400;\">Az FC Barcelon\u00e1t \u00e9s Messit sz\u00e1zmilli\u00f3k im\u00e1dj\u00e1k. Azt viszont kevesen tudj\u00e1k, hogy az \u00f6tvenes \u00e9vek &#8222;Messij\u00e9t&#8221; <strong>Kubala L\u00e1szl\u00f3<\/strong>nak h\u00edvt\u00e1k. Miatta, egy magyar miatt \u00e9p\u00edtett\u00e9k fel Eur\u00f3pa legnagyobb stadionj\u00e1t, a Camp Nou-t. Az 1956-os forradalom ut\u00e1n Kubala klubt\u00e1rsa lett a Bar\u00e7\u00e1ban az Aranycsapat k\u00e9t zsenije, <strong>Czibor Zolt\u00e1n<\/strong> \u00e9s <strong>Kocsis S\u00e1ndor.<\/strong> A h\u00e1rom magyar \u00f6r\u00f6kre megh\u00f3d\u00edtotta a spanyol \u00e9s katal\u00e1n n\u00e9p sz\u00edv\u00e9t. \u00c9let\u00fcket a sikerek mellett azonban megpr\u00f3b\u00e1ltat\u00e1sok \u00e9s trag\u00e9di\u00e1k is k\u00eds\u00e9rt\u00e9k. Az Aranylabd\u00e1s Luis Suarez \u00e9s a t\u00f6bbi egykori csapatt\u00e1rs mellett megsz\u00f3lalnak a filmben a legend\u00e1k fiai is. Felejthetetlen meccsek, sohasem l\u00e1tott g\u00f3lok, gy\u00f6ny\u00f6r\u0171 cselek. H\u00e1rom megr\u00e1z\u00f3 emberi sors. T\u00f6bb mint egy t\u00f6rt\u00e9net. Kocsis Tibor dokumentumfilmje t\u00f6bb mint egy \u00f3r\u00e1nyi sohasem l\u00e1tott extr\u00e1val jelenik meg.\u201d &#8211; <\/span><\/em><span style=\"font-weight: 400;\">olvashat\u00f3 a film bor\u00edt\u00f3j\u00e1n. De hogy mi\u00e9rt aj\u00e1nljuk m\u00e9g ezen fel\u00fcl is ezt az alkot\u00e1st? Akinek nem el\u00e9g a <a href=\"https:\/\/www.youtube.com\/watch?v=EpXaqADSgFc\">trailer<\/a>, annak elmes\u00e9lj\u00fck.<\/span>\r\n\r\n<iframe loading=\"lazy\" title=\"Magyarok a Barc\u00e1\u00e9rt - \u00faj trailer\" width=\"900\" height=\"506\" src=\"https:\/\/www.youtube.com\/embed\/EpXaqADSgFc?feature=oembed\" frameborder=\"0\" allow=\"accelerometer; autoplay; clipboard-write; encrypted-media; gyroscope; picture-in-picture; web-share\" referrerpolicy=\"strict-origin-when-cross-origin\" allowfullscreen><\/iframe>\r\n\r\n<span style=\"font-weight: 400;\">Hogy \u0151szinte legyek, \u00e9n magam nagyon szeretem a focit, s\u0151t, a Barcelona-t is tisztelem (b\u00e1r m\u00e1s lig\u00e1ban, m\u00e1s csapatnak szurkolok). De a <a href=\"http:\/\/www.mediamarkt.hu\/hu\/product\/_magyarok-a-bar%C3%A7%C3%A1%C3%A9rt-dvd-1162207.html\"><strong>Magyarok a Bar\u00e7a\u00e9rt<\/strong><\/a> film nem emiatt v\u00e1gott mellbe. <strong>A b\u00e1rki sz\u00e1m\u00e1ra \u00e1t\u00e9rezhet\u0151, k\u00f6nnyen meg\u00e9rthet\u0151 emberi trag\u00e9di\u00e1k, Magyarorsz\u00e1g elhagy\u00e1sa, az idegenbe v\u00e1ndorl\u00e1s \u00e9s az ezzel j\u00e1r\u00f3 f\u00e1jdalmak m\u00e9lyen \u00e9rintik az embert.<\/strong> A csal\u00e1dtagok, ut\u00f3dok besz\u00e1mol\u00f3i \u00e9s a korabeli interj\u00fak alapj\u00e1n els\u0151sorban embereket, sz\u00e1m\u0171zet\u00e9sben \u00e9l\u0151 f\u00e9rfiakat l\u00e1tunk \u00e9s ismer\u00fcnk meg. Akiknek nincs vissza\u00fat.\u00a0<\/span>\r\n\r\nA t\u00f6rt\u00e9net nehezebben em\u00e9szthet\u0151 r\u00e9sz\u00e9n azonban \u00e1tragyog h\u00e1rom, a maga ter\u00fclet\u00e9n zseninek mondhat\u00f3 sors, \u00e9s a Bar\u00e7a meglep\u0151 t\u00f6rt\u00e9nete. <strong>Kubala L\u00e1szl\u00f3, Czibor Zolt\u00e1n <\/strong>\u00e9s<strong> Kocsis S\u00e1ndor<\/strong> k\u00e9nyszerp\u00e1ly\u00e1ja a szurkol\u00f3k \u00e9s a foci szerelmeseinek hatalmas szerencse volt. A katal\u00e1n n\u00e9p &#8211; mely a maga nem\u00e9ben Spanyolorsz\u00e1gon bel\u00fcl j\u00f3 ideje szabads\u00e1gharcot v\u00edvott \u00e9s v\u00edv &#8211; a tenyer\u00e9n hordozta a korszakalkot\u00f3 sportol\u00f3kat.\u00a0A 2014-es magyar dokumentumfilm 85 perce egy percig sem hagyja, hogy elkalandozzunk. A t\u00f6rt\u00e9netet nem ismer\u0151k sz\u00e1m\u00e1ra pedig t\u00e9nyleg val\u00f3di, meglep\u0151, megr\u00e1z\u00f3 inform\u00e1ci\u00f3kat tartalmaz az alkot\u00e1s.\r\n\r\n<img loading=\"lazy\" decoding=\"async\" class=\"alignnone size-full wp-image-5491\" src=\"http:\/\/hir.mediamarkt.hu\/magazin\/wp-content\/uploads\/2018\/02\/barca2.jpg\" alt=\"\" width=\"960\" height=\"327\" srcset=\"https:\/\/hir.mediamarkt.hu\/magazin\/wp-content\/uploads\/2018\/02\/barca2.jpg 960w, https:\/\/hir.mediamarkt.hu\/magazin\/wp-content\/uploads\/2018\/02\/barca2-275x94.jpg 275w, https:\/\/hir.mediamarkt.hu\/magazin\/wp-content\/uploads\/2018\/02\/barca2-300x102.jpg 300w, https:\/\/hir.mediamarkt.hu\/magazin\/wp-content\/uploads\/2018\/02\/barca2-768x262.jpg 768w, https:\/\/hir.mediamarkt.hu\/magazin\/wp-content\/uploads\/2018\/02\/barca2-720x245.jpg 720w\" sizes=\"(max-width: 960px) 100vw, 960px\" \/>\r\n<blockquote>\r\n<h2><strong>Kubala L\u00e1szl\u00f3 (Budapest, 1927. j\u00fanius 10. \u2013 Barcelona, 2002. m\u00e1jus 17.)<\/strong><\/h2>\r\n<\/blockquote>\r\nKiemelked\u0151 k\u00e9pess\u00e9g\u0171 labdar\u00fag\u00f3, aki j\u00e1tszott a csehszlov\u00e1k, a magyar \u00e9s a spanyol v\u00e1logatottban is. A World Soccer Magazine 1999 december\u00e9ben a 20. sz\u00e1zad 100 legnagyszer\u0171bb labdar\u00fag\u00f3-j\u00e1t\u00e9kosa k\u00f6z\u00e9 sorolta.\u00a0Kubala sz\u00fclei Budapesten sz\u00fclettek. \u00c9desapja, Kubala Kurjas P\u00e1l szlov\u00e1k sz\u00e1rmaz\u00e1s\u00fa volt, apai nagyapja a Tur\u00f3c v\u00e1rmegyei Nagytur\u00e1nyb\u00f3l sz\u00e1rmazott. \u00c9desanyja, Stecz Anna lengyel, szlov\u00e1k \u00e9s magyar gy\u00f6kerekkel rendelkezett. Kubala h\u00e1rom k\u00fcl\u00f6nb\u00f6z\u0151 v\u00e1logatottban j\u00e1tszott, \u00f6nmag\u00e1t vil\u00e1gpolg\u00e1rnak tartotta.\u00a0Anyagilag t\u00e1mogatta Pusk\u00e1s Ferencet, amikor Spanyolorsz\u00e1gba szerz\u0151d\u00f6tt. \u0150 aj\u00e1nlotta be a Barcelona-ba Kocsis S\u00e1ndort, Czibor Zolt\u00e1nt, Kasz\u00e1st \u00e9s Szalayt is. Legid\u0151sebb gyermeke, a 69 \u00e9ves Branko <a href=\"http:\/\/Hatvankilenc \u00e9ves kor\u00e1ban elhuny a legend\u00e1s magyar focista, Kubala L\u00e1szl\u00f3 legid\u0151sebb gyermeke, Branko.\">a h\u00e9ten hunyt el.<\/a>\u00a0A m\u00e1ig ismert Kubala dalt a katal\u00e1n \u00e9nekes-dalszerz\u0151,\u00a0Joan Manuel Serrat \u00edrta.\r\n\r\n<iframe loading=\"lazy\" title=\"Kubala\" width=\"900\" height=\"675\" src=\"https:\/\/www.youtube.com\/embed\/3xSLf4WN-vc?feature=oembed\" frameborder=\"0\" allow=\"accelerometer; autoplay; clipboard-write; encrypted-media; gyroscope; picture-in-picture; web-share\" referrerpolicy=\"strict-origin-when-cross-origin\" allowfullscreen><\/iframe>\r\n<blockquote>\r\n<h2><strong>Czibor Zolt\u00e1n (Kaposv\u00e1r, 1929. augusztus 23. \u2013 Gy\u0151r, 1997. szeptember 1.) <\/strong><\/h2>\r\n<\/blockquote>\r\nOlimpiai bajnok \u00e9s vil\u00e1gbajnoki ez\u00fcst\u00e9rmes magyar labdar\u00fag\u00f3, az Aranycsapat tagja.\u00a0A fiatalon a\u00a0M\u00c1V-n\u00e1l mozdonyvezet\u0151k\u00e9nt dolgoz\u00f3 fi\u00fat v\u00e9g\u00fcl leigazolta a Ferencv\u00e1ros. Negyvenh\u00e1romszoros magyar v\u00e1logatottk\u00e9nt 17 g\u00f3lt szerzett.\u00a01958-ban lett a Barcelona j\u00e1t\u00e9kosa, innen az Espanolhoz igazolt le egy \u00e9vre, majd gyakorlatilag abbahagyta a j\u00e1t\u00e9kot. Mind\u00f6ssze 68 \u00e9ves volt, mikor meghalt.\r\n\r\n<iframe loading=\"lazy\" title=\"\u00d6r\u00f6mrag\u00e1ly - Czibor Zolt\u00e1n interj\u00fa r\u00e9szlet\" width=\"900\" height=\"506\" src=\"https:\/\/www.youtube.com\/embed\/TTcEU5cp75k?feature=oembed\" frameborder=\"0\" allow=\"accelerometer; autoplay; clipboard-write; encrypted-media; gyroscope; picture-in-picture; web-share\" referrerpolicy=\"strict-origin-when-cross-origin\" allowfullscreen><\/iframe>\r\n<h2 style=\"text-align: center;\"><strong>Kocsis S\u00e1ndor (Budapest, 1929. szeptember 21. \u2013 Barcelona, 1979. j\u00falius 22.)<\/strong><\/h2>\r\nM\u00e1r tizenh\u00e9t \u00e9vesen a\u00a0Ferencv\u00e1rosi TC\u00a0els\u0151 csapat\u00e1nak a csat\u00e1ra, majd a Honv\u00e9d j\u00e1t\u00e9kosa lesz a Kocka becen\u00e9vre hallgat\u00f3 fi\u00fa.\u00a0A v\u00e1logatottban 68 alkalommal 75 g\u00f3l \u00e9rt el, amely cs\u00facsteljes\u00edtm\u00e9nynek sz\u00e1m\u00edt napjainkig is.\u00a0Az 1956-os magyar forradalom lever\u00e9se idej\u00e9n k\u00fclf\u00f6ld\u00f6n volt \u00e9s onnan nem t\u00e9rt haza. El\u0151bb Sv\u00e1jcban, majd 1958\u00a0\u00e9s\u00a01966\u00a0k\u00f6z\u00f6tt a\u00a0Barcelona-ban j\u00e1tszott. Neh\u00e9z, hal\u00e1lf\u00e9lelemmel s\u00falyosb\u00edtott betegs\u00e9g k\u00f6zepette (leuk\u00e9mi\u00e1t \u00e9s gyomorr\u00e1kot diagnosztiz\u00e1ltak) v\u00e9g\u00fcl tiszt\u00e1zatlan k\u00f6r\u00fclm\u00e9nyek k\u00f6z\u00f6tt kizuhant \u2013 kiugrott vagy kiesett \u2013 egy barcelonai k\u00f3rh\u00e1z negyedik emelet\u00e9r\u0151l, n\u00e9h\u00e1ny h\u00f3nappal \u00f6tvenedik sz\u00fclet\u00e9snapja el\u0151tt.\r\n\r\n<iframe loading=\"lazy\" title=\"Kocsis S\u00e1ndor oll\u00f3z\u00e1sa\" width=\"900\" height=\"506\" src=\"https:\/\/www.youtube.com\/embed\/N7z4ZNgTrWE?feature=oembed\" frameborder=\"0\" allow=\"accelerometer; autoplay; clipboard-write; encrypted-media; gyroscope; picture-in-picture; web-share\" referrerpolicy=\"strict-origin-when-cross-origin\" allowfullscreen><\/iframe>\r\n\r\n<strong>A DVD beszerezhet\u0151 a <a href=\"http:\/\/www.mediamarkt.hu\/hu\/product\/_magyarok-a-bar%C3%A7%C3%A1%C3%A9rt-dvd-1162207.html\">MediaMarktban<\/a>, a kapcsol\u00f3d\u00f3 Facebook oldal pedig <a href=\"https:\/\/www.facebook.com\/barca.film.hu\/\">itt<\/a> k\u00f6vethet\u0151!<\/strong>","protected":false},"excerpt":{"rendered":"Nem kell katal\u00e1n drukkernek lenni, s\u0151t, megkock\u00e1ztatjuk, m\u00e9g az sem felt\u00e9tel, hogy foci rajong\u00f3k legy\u00fcnk. Ez a film minden magyar ember sz\u00e1m\u00e1ra \u00e9rdekes, sz\u00f3rakoztat\u00f3 \u00e9s megr\u00e1z\u00f3 lehet. Emigr\u00e1nsok, akik naggy\u00e1 tettek egy csapatot, amely az\u00f3ta is az eur\u00f3pai top csapatok \u00e9l\u00e9n \u00e1ll! DVD aj\u00e1nl\u00f3 egy fontos t\u00e9m\u00e1r\u00f3l, zseni\u00e1lis k\u00f6nt\u00f6sben!","protected":false},"author":13,"featured_media":5492,"comment_status":"open","ping_status":"open","sticky":false,"template":"","format":"standard","meta":{"wprm-recipe-roundup-name":"","wprm-recipe-roundup-description":"","footnotes":""},"categories":[5974],"tags":[2292,1994,2186,200,2431,921,2434,2059,2127,2173,2433,2432,932],"yoast_head":"<!-- This site is optimized with the Yoast SEO plugin v22.9 - https:\/\/yoast.com\/wordpress\/plugins\/seo\/ -->\n<title>Magyarok a Bar\u00e7\u00e1\u00e9rt- egy fantasztikus film, nem csak f\u00e9rfiaknak! - MediaMarkt Magazin<\/title>\n<meta name=\"robots\" content=\"index, follow, max-snippet:-1, max-image-preview:large, max-video-preview:-1\" \/>\n<link rel=\"canonical\" href=\"https:\/\/hir.mediamarkt.hu\/magazin\/magyarok-barcaert-dvd-barcelona-foci-film\/\" \/>\n<meta property=\"og:locale\" content=\"hu_HU\" \/>\n<meta property=\"og:type\" content=\"article\" \/>\n<meta property=\"og:title\" content=\"Magyarok a Bar\u00e7\u00e1\u00e9rt- egy fantasztikus film, nem csak f\u00e9rfiaknak! - MediaMarkt Magazin\" \/>\n<meta property=\"og:description\" content=\"Nem kell katal\u00e1n drukkernek lenni, s\u0151t, megkock\u00e1ztatjuk, m\u00e9g az sem felt\u00e9tel, hogy foci rajong\u00f3k legy\u00fcnk. Ez a film minden magyar ember sz\u00e1m\u00e1ra \u00e9rdekes, sz\u00f3rakoztat\u00f3 \u00e9s megr\u00e1z\u00f3 lehet. Emigr\u00e1nsok, akik naggy\u00e1 tettek egy csapatot, amely az\u00f3ta is az eur\u00f3pai top csapatok \u00e9l\u00e9n \u00e1ll! DVD aj\u00e1nl\u00f3 egy fontos t\u00e9m\u00e1r\u00f3l, zseni\u00e1lis k\u00f6nt\u00f6sben!\" \/>\n<meta property=\"og:url\" content=\"https:\/\/hir.mediamarkt.hu\/magazin\/magyarok-barcaert-dvd-barcelona-foci-film\/\" \/>\n<meta property=\"og:site_name\" content=\"MediaMarkt Magazin\" \/>\n<meta property=\"article:publisher\" content=\"https:\/\/www.facebook.com\/MediaMarktMagyarorszag\" \/>\n<meta property=\"article:published_time\" content=\"2018-03-04T06:55:21+00:00\" \/>\n<meta property=\"article:modified_time\" content=\"2018-04-12T13:25:08+00:00\" \/>\n<meta property=\"og:image\" content=\"https:\/\/hir.mediamarkt.hu\/magazin\/wp-content\/uploads\/2018\/02\/barca.jpg\" \/>\n\t<meta property=\"og:image:width\" content=\"678\" \/>\n\t<meta property=\"og:image:height\" content=\"960\" \/>\n\t<meta property=\"og:image:type\" content=\"image\/jpeg\" \/>\n<meta name=\"author\" content=\"Media Markt\" \/>\n<meta name=\"twitter:label1\" content=\"Szerz\u0151:\" \/>\n\t<meta name=\"twitter:data1\" content=\"Media Markt\" \/>\n\t<meta name=\"twitter:label2\" content=\"Becs\u00fclt olvas\u00e1si id\u0151\" \/>\n\t<meta name=\"twitter:data2\" content=\"5 perc\" \/>\n<script type=\"application\/ld+json\" class=\"yoast-schema-graph\">{\"@context\":\"https:\/\/schema.org\",\"@graph\":[{\"@type\":\"WebPage\",\"@id\":\"https:\/\/hir.mediamarkt.hu\/magazin\/magyarok-barcaert-dvd-barcelona-foci-film\/\",\"url\":\"https:\/\/hir.mediamarkt.hu\/magazin\/magyarok-barcaert-dvd-barcelona-foci-film\/\",\"name\":\"Magyarok a Bar\u00e7\u00e1\u00e9rt- egy fantasztikus film, nem csak f\u00e9rfiaknak! - MediaMarkt Magazin\",\"isPartOf\":{\"@id\":\"https:\/\/hir.mediamarkt.hu\/magazin\/#website\"},\"primaryImageOfPage\":{\"@id\":\"https:\/\/hir.mediamarkt.hu\/magazin\/magyarok-barcaert-dvd-barcelona-foci-film\/#primaryimage\"},\"image\":{\"@id\":\"https:\/\/hir.mediamarkt.hu\/magazin\/magyarok-barcaert-dvd-barcelona-foci-film\/#primaryimage\"},\"thumbnailUrl\":\"https:\/\/hir.mediamarkt.hu\/magazin\/wp-content\/uploads\/2018\/02\/barca.jpg\",\"datePublished\":\"2018-03-04T06:55:21+00:00\",\"dateModified\":\"2018-04-12T13:25:08+00:00\",\"author\":{\"@id\":\"https:\/\/hir.mediamarkt.hu\/magazin\/#\/schema\/person\/b93b02ec1ab4d2353f8d281e171c1b0b\"},\"breadcrumb\":{\"@id\":\"https:\/\/hir.mediamarkt.hu\/magazin\/magyarok-barcaert-dvd-barcelona-foci-film\/#breadcrumb\"},\"inLanguage\":\"hu\",\"potentialAction\":[{\"@type\":\"ReadAction\",\"target\":[\"https:\/\/hir.mediamarkt.hu\/magazin\/magyarok-barcaert-dvd-barcelona-foci-film\/\"]}]},{\"@type\":\"ImageObject\",\"inLanguage\":\"hu\",\"@id\":\"https:\/\/hir.mediamarkt.hu\/magazin\/magyarok-barcaert-dvd-barcelona-foci-film\/#primaryimage\",\"url\":\"https:\/\/hir.mediamarkt.hu\/magazin\/wp-content\/uploads\/2018\/02\/barca.jpg\",\"contentUrl\":\"https:\/\/hir.mediamarkt.hu\/magazin\/wp-content\/uploads\/2018\/02\/barca.jpg\",\"width\":678,\"height\":960},{\"@type\":\"BreadcrumbList\",\"@id\":\"https:\/\/hir.mediamarkt.hu\/magazin\/magyarok-barcaert-dvd-barcelona-foci-film\/#breadcrumb\",\"itemListElement\":[{\"@type\":\"ListItem\",\"position\":1,\"name\":\"Kezd\u0151lap\",\"item\":\"https:\/\/hir.mediamarkt.hu\/magazin\/\"},{\"@type\":\"ListItem\",\"position\":2,\"name\":\"Magyarok a Bar\u00e7\u00e1\u00e9rt- egy fantasztikus film, nem csak f\u00e9rfiaknak!\"}]},{\"@type\":\"WebSite\",\"@id\":\"https:\/\/hir.mediamarkt.hu\/magazin\/#website\",\"url\":\"https:\/\/hir.mediamarkt.hu\/magazin\/\",\"name\":\"MediaMarkt Magazin\",\"description\":\"Olvass bele magazinunkba!\",\"potentialAction\":[{\"@type\":\"SearchAction\",\"target\":{\"@type\":\"EntryPoint\",\"urlTemplate\":\"https:\/\/hir.mediamarkt.hu\/magazin\/?s={search_term_string}\"},\"query-input\":\"required name=search_term_string\"}],\"inLanguage\":\"hu\"},{\"@type\":\"Person\",\"@id\":\"https:\/\/hir.mediamarkt.hu\/magazin\/#\/schema\/person\/b93b02ec1ab4d2353f8d281e171c1b0b\",\"name\":\"Media Markt\",\"image\":{\"@type\":\"ImageObject\",\"inLanguage\":\"hu\",\"@id\":\"https:\/\/hir.mediamarkt.hu\/magazin\/#\/schema\/person\/image\/\",\"url\":\"https:\/\/secure.gravatar.com\/avatar\/602bccae8998beee472d01909f0978f1?s=96&d=mm&r=g\",\"contentUrl\":\"https:\/\/secure.gravatar.com\/avatar\/602bccae8998beee472d01909f0978f1?s=96&d=mm&r=g\",\"caption\":\"Media Markt\"}}]}<\/script>\n<!-- \/ Yoast SEO plugin. -->","yoast_head_json":{"title":"Magyarok a Bar\u00e7\u00e1\u00e9rt- egy fantasztikus film, nem csak f\u00e9rfiaknak! - MediaMarkt Magazin","robots":{"index":"index","follow":"follow","max-snippet":"max-snippet:-1","max-image-preview":"max-image-preview:large","max-video-preview":"max-video-preview:-1"},"canonical":"https:\/\/hir.mediamarkt.hu\/magazin\/magyarok-barcaert-dvd-barcelona-foci-film\/","og_locale":"hu_HU","og_type":"article","og_title":"Magyarok a Bar\u00e7\u00e1\u00e9rt- egy fantasztikus film, nem csak f\u00e9rfiaknak! - MediaMarkt Magazin","og_description":"Nem kell katal\u00e1n drukkernek lenni, s\u0151t, megkock\u00e1ztatjuk, m\u00e9g az sem felt\u00e9tel, hogy foci rajong\u00f3k legy\u00fcnk. Ez a film minden magyar ember sz\u00e1m\u00e1ra \u00e9rdekes, sz\u00f3rakoztat\u00f3 \u00e9s megr\u00e1z\u00f3 lehet. Emigr\u00e1nsok, akik naggy\u00e1 tettek egy csapatot, amely az\u00f3ta is az eur\u00f3pai top csapatok \u00e9l\u00e9n \u00e1ll! DVD aj\u00e1nl\u00f3 egy fontos t\u00e9m\u00e1r\u00f3l, zseni\u00e1lis k\u00f6nt\u00f6sben!","og_url":"https:\/\/hir.mediamarkt.hu\/magazin\/magyarok-barcaert-dvd-barcelona-foci-film\/","og_site_name":"MediaMarkt Magazin","article_publisher":"https:\/\/www.facebook.com\/MediaMarktMagyarorszag","article_published_time":"2018-03-04T06:55:21+00:00","article_modified_time":"2018-04-12T13:25:08+00:00","og_image":[{"width":678,"height":960,"url":"https:\/\/hir.mediamarkt.hu\/magazin\/wp-content\/uploads\/2018\/02\/barca.jpg","type":"image\/jpeg"}],"author":"Media Markt","twitter_misc":{"Szerz\u0151:":"Media Markt","Becs\u00fclt olvas\u00e1si id\u0151":"5 perc"},"schema":{"@context":"https:\/\/schema.org","@graph":[{"@type":"WebPage","@id":"https:\/\/hir.mediamarkt.hu\/magazin\/magyarok-barcaert-dvd-barcelona-foci-film\/","url":"https:\/\/hir.mediamarkt.hu\/magazin\/magyarok-barcaert-dvd-barcelona-foci-film\/","name":"Magyarok a Bar\u00e7\u00e1\u00e9rt- egy fantasztikus film, nem csak f\u00e9rfiaknak! - MediaMarkt Magazin","isPartOf":{"@id":"https:\/\/hir.mediamarkt.hu\/magazin\/#website"},"primaryImageOfPage":{"@id":"https:\/\/hir.mediamarkt.hu\/magazin\/magyarok-barcaert-dvd-barcelona-foci-film\/#primaryimage"},"image":{"@id":"https:\/\/hir.mediamarkt.hu\/magazin\/magyarok-barcaert-dvd-barcelona-foci-film\/#primaryimage"},"thumbnailUrl":"https:\/\/hir.mediamarkt.hu\/magazin\/wp-content\/uploads\/2018\/02\/barca.jpg","datePublished":"2018-03-04T06:55:21+00:00","dateModified":"2018-04-12T13:25:08+00:00","author":{"@id":"https:\/\/hir.mediamarkt.hu\/magazin\/#\/schema\/person\/b93b02ec1ab4d2353f8d281e171c1b0b"},"breadcrumb":{"@id":"https:\/\/hir.mediamarkt.hu\/magazin\/magyarok-barcaert-dvd-barcelona-foci-film\/#breadcrumb"},"inLanguage":"hu","potentialAction":[{"@type":"ReadAction","target":["https:\/\/hir.mediamarkt.hu\/magazin\/magyarok-barcaert-dvd-barcelona-foci-film\/"]}]},{"@type":"ImageObject","inLanguage":"hu","@id":"https:\/\/hir.mediamarkt.hu\/magazin\/magyarok-barcaert-dvd-barcelona-foci-film\/#primaryimage","url":"https:\/\/hir.mediamarkt.hu\/magazin\/wp-content\/uploads\/2018\/02\/barca.jpg","contentUrl":"https:\/\/hir.mediamarkt.hu\/magazin\/wp-content\/uploads\/2018\/02\/barca.jpg","width":678,"height":960},{"@type":"BreadcrumbList","@id":"https:\/\/hir.mediamarkt.hu\/magazin\/magyarok-barcaert-dvd-barcelona-foci-film\/#breadcrumb","itemListElement":[{"@type":"ListItem","position":1,"name":"Kezd\u0151lap","item":"https:\/\/hir.mediamarkt.hu\/magazin\/"},{"@type":"ListItem","position":2,"name":"Magyarok a Bar\u00e7\u00e1\u00e9rt- egy fantasztikus film, nem csak f\u00e9rfiaknak!"}]},{"@type":"WebSite","@id":"https:\/\/hir.mediamarkt.hu\/magazin\/#website","url":"https:\/\/hir.mediamarkt.hu\/magazin\/","name":"MediaMarkt Magazin","description":"Olvass bele magazinunkba!","potentialAction":[{"@type":"SearchAction","target":{"@type":"EntryPoint","urlTemplate":"https:\/\/hir.mediamarkt.hu\/magazin\/?s={search_term_string}"},"query-input":"required name=search_term_string"}],"inLanguage":"hu"},{"@type":"Person","@id":"https:\/\/hir.mediamarkt.hu\/magazin\/#\/schema\/person\/b93b02ec1ab4d2353f8d281e171c1b0b","name":"Media Markt","image":{"@type":"ImageObject","inLanguage":"hu","@id":"https:\/\/hir.mediamarkt.hu\/magazin\/#\/schema\/person\/image\/","url":"https:\/\/secure.gravatar.com\/avatar\/602bccae8998beee472d01909f0978f1?s=96&d=mm&r=g","contentUrl":"https:\/\/secure.gravatar.com\/avatar\/602bccae8998beee472d01909f0978f1?s=96&d=mm&r=g","caption":"Media Markt"}}]}},"_links":{"self":[{"href":"https:\/\/hir.mediamarkt.hu\/magazin\/wp-json\/wp\/v2\/posts\/5490"}],"collection":[{"href":"https:\/\/hir.mediamarkt.hu\/magazin\/wp-json\/wp\/v2\/posts"}],"about":[{"href":"https:\/\/hir.mediamarkt.hu\/magazin\/wp-json\/wp\/v2\/types\/post"}],"author":[{"embeddable":true,"href":"https:\/\/hir.mediamarkt.hu\/magazin\/wp-json\/wp\/v2\/users\/13"}],"replies":[{"embeddable":true,"href":"https:\/\/hir.mediamarkt.hu\/magazin\/wp-json\/wp\/v2\/comments?post=5490"}],"version-history":[{"count":1,"href":"https:\/\/hir.mediamarkt.hu\/magazin\/wp-json\/wp\/v2\/posts\/5490\/revisions"}],"predecessor-version":[{"id":5493,"href":"https:\/\/hir.mediamarkt.hu\/magazin\/wp-json\/wp\/v2\/posts\/5490\/revisions\/5493"}],"wp:featuredmedia":[{"embeddable":true,"href":"https:\/\/hir.mediamarkt.hu\/magazin\/wp-json\/wp\/v2\/media\/5492"}],"wp:attachment":[{"href":"https:\/\/hir.mediamarkt.hu\/magazin\/wp-json\/wp\/v2\/media?parent=5490"}],"wp:term":[{"taxonomy":"category","embeddable":true,"href":"https:\/\/hir.mediamarkt.hu\/magazin\/wp-json\/wp\/v2\/categories?post=5490"},{"taxonomy":"post_tag","embeddable":true,"href":"https:\/\/hir.mediamarkt.hu\/magazin\/wp-json\/wp\/v2\/tags?post=5490"}],"curies":[{"name":"wp","href":"https:\/\/api.w.org\/{rel}","templated":true}]}}