{"id":5560,"date":"2018-03-28T08:00:37","date_gmt":"2018-03-28T07:00:37","guid":{"rendered":"http:\/\/hir.mediamarkt.hu\/magazin\/?p=5560"},"modified":"2018-03-23T13:04:50","modified_gmt":"2018-03-23T12:04:50","slug":"diy-csinald-magad-frizurak-husvet-trend","status":"publish","type":"post","link":"https:\/\/hir.mediamarkt.hu\/magazin\/diy-csinald-magad-frizurak-husvet-trend\/","title":{"rendered":"\u0150r\u00fclt DIY csin\u00e1ld magad frizur\u00e1k h\u00fasv\u00e9tra!"},"content":{"rendered":"<strong>L\u00e1nyok, n\u0151k, asszonyok! Itt az id\u0151, hogy a h\u00fasv\u00e9t m\u00e9g sz\u00f3rakoztat\u00f3bb legyen! K\u00e9sz\u00edts magadnak r\u00e9mesen t\u00falz\u00f3 vagy eleg\u00e1ns, esetleg boh\u00e9m frizur\u00e1t \u00e9s lopd el a show-t a ny\u00fal el\u0151l! Giccses \u00e9s eleg\u00e1ns tippek k\u00f6vetkeznek a h\u00fasv\u00e9ti hajr\u00e1ra!<\/strong><!--more-->\r\n<h2>Gyerek szekci\u00f3, n\u00e9mi t\u00falz\u00e1sba es\u00e9ssel&#8230;<\/h2>\r\nAz\u00e9rt, mert valaki kicsi \u00e9s cuki, m\u00e9g nem felt\u00e9tlen\u00fcl kell bel\u0151le bolondot csin\u00e1lni. Persze ha maga az \u00e9rintett k\u00e9ri, hogy a fej\u00e9re toj\u00e1sokat, nyulakat \u00e9s f\u00e9szkeket applik\u00e1ljunk, az m\u00e1s. Elv\u00e9gre mi baj t\u00f6rt\u00e9nhet?\u00a0T\u00fcrelmes anyuk\u00e1k-apuk\u00e1k, testv\u00e9rek el\u0151re! T\u00fcrelmetlenek, ti szerezzetek be egy <a href=\"http:\/\/www.mediamarkt.hu\/hu\/product\/_babyliss-tw1000e-twist-secret-automata-hajfon%C3%B3-k%C3%A9sz%C3%BCl%C3%A9k-1173883.html\">automata hajfon\u00f3\u00a0k\u00e9sz\u00fcl\u00e9ket<\/a> (igen, ilyen is van m\u00e1r!)\r\n\r\n<img loading=\"lazy\" decoding=\"async\" class=\"alignnone wp-image-5561\" src=\"http:\/\/hir.mediamarkt.hu\/magazin\/wp-content\/uploads\/2018\/03\/hu.jpg\" alt=\"\" width=\"580\" height=\"521\" srcset=\"https:\/\/hir.mediamarkt.hu\/magazin\/wp-content\/uploads\/2018\/03\/hu.jpg 587w, https:\/\/hir.mediamarkt.hu\/magazin\/wp-content\/uploads\/2018\/03\/hu-275x247.jpg 275w, https:\/\/hir.mediamarkt.hu\/magazin\/wp-content\/uploads\/2018\/03\/hu-300x269.jpg 300w\" sizes=\"(max-width: 580px) 100vw, 580px\" \/>\r\n\r\n<img loading=\"lazy\" decoding=\"async\" class=\"alignnone wp-image-5563\" src=\"http:\/\/hir.mediamarkt.hu\/magazin\/wp-content\/uploads\/2018\/03\/hu2.jpg\" alt=\"\" width=\"580\" height=\"433\" srcset=\"https:\/\/hir.mediamarkt.hu\/magazin\/wp-content\/uploads\/2018\/03\/hu2.jpg 564w, https:\/\/hir.mediamarkt.hu\/magazin\/wp-content\/uploads\/2018\/03\/hu2-275x205.jpg 275w, https:\/\/hir.mediamarkt.hu\/magazin\/wp-content\/uploads\/2018\/03\/hu2-300x224.jpg 300w\" sizes=\"(max-width: 580px) 100vw, 580px\" \/>\r\n\r\n<img loading=\"lazy\" decoding=\"async\" class=\"alignnone wp-image-5564\" src=\"http:\/\/hir.mediamarkt.hu\/magazin\/wp-content\/uploads\/2018\/03\/hu3.jpg\" alt=\"\" width=\"580\" height=\"272\" srcset=\"https:\/\/hir.mediamarkt.hu\/magazin\/wp-content\/uploads\/2018\/03\/hu3.jpg 640w, https:\/\/hir.mediamarkt.hu\/magazin\/wp-content\/uploads\/2018\/03\/hu3-275x129.jpg 275w, https:\/\/hir.mediamarkt.hu\/magazin\/wp-content\/uploads\/2018\/03\/hu3-300x141.jpg 300w\" sizes=\"(max-width: 580px) 100vw, 580px\" \/>\r\n<h2>Eleg\u00e1ns verzi\u00f3k a tavasz \u00e9s a fiataloss\u00e1g jegy\u00e9ben<\/h2>\r\n\u00c9letkort\u00f3l f\u00fcggetlen\u00fcl aj\u00e1nljuk az al\u00e1bbi megold\u00e1sokat. Vagy b\u00e1rmilyen friss, vil\u00e1gos vir\u00e1g \u00e9s fejd\u00edsz haszn\u00e1lat\u00e1t. Csak a k\u00f6lni \u00e1radata t\u00f6nkre ne tegye az eleg\u00e1ns frizur\u00e1nkat!\r\n\r\n&nbsp;\r\n\r\n<img loading=\"lazy\" decoding=\"async\" class=\"alignnone wp-image-5566\" src=\"http:\/\/hir.mediamarkt.hu\/magazin\/wp-content\/uploads\/2018\/03\/hu4.jpg\" alt=\"\" width=\"580\" height=\"419\" srcset=\"https:\/\/hir.mediamarkt.hu\/magazin\/wp-content\/uploads\/2018\/03\/hu4.jpg 680w, https:\/\/hir.mediamarkt.hu\/magazin\/wp-content\/uploads\/2018\/03\/hu4-275x199.jpg 275w, https:\/\/hir.mediamarkt.hu\/magazin\/wp-content\/uploads\/2018\/03\/hu4-300x217.jpg 300w\" sizes=\"(max-width: 580px) 100vw, 580px\" \/>\r\n\r\n<img loading=\"lazy\" decoding=\"async\" class=\"alignnone wp-image-5567\" src=\"http:\/\/hir.mediamarkt.hu\/magazin\/wp-content\/uploads\/2018\/03\/hu4a.jpg\" alt=\"\" width=\"580\" height=\"580\" srcset=\"https:\/\/hir.mediamarkt.hu\/magazin\/wp-content\/uploads\/2018\/03\/hu4a.jpg 550w, https:\/\/hir.mediamarkt.hu\/magazin\/wp-content\/uploads\/2018\/03\/hu4a-275x275.jpg 275w, https:\/\/hir.mediamarkt.hu\/magazin\/wp-content\/uploads\/2018\/03\/hu4a-300x300.jpg 300w, https:\/\/hir.mediamarkt.hu\/magazin\/wp-content\/uploads\/2018\/03\/hu4a-150x150.jpg 150w\" sizes=\"(max-width: 580px) 100vw, 580px\" \/>\r\n<h2>Boh\u00e9m \u00e9let\u00e9rz\u00e9s, minden mennyis\u00e9gben!<\/h2>\r\nA ny\u00fal j\u00f3, a ny\u00fal aranyos. B\u00e1r a H\u00fasv\u00e9t f\u0151h\u0151se nem k\u00e9ne, hogy ez a n\u00f6v\u00e9nyev\u0151 kis\u00e1llat legyen, mit tegy\u00fcnk, ha kezdi \u00e1tvenni a hatalmat az \u00fcnnepk\u00f6r felett&#8230;V\u00e1gjunk h\u00e1t vissza a magunk \u00edzl\u00e9se \u00e9s v\u00e9rm\u00e9rs\u00e9klete szerint!\r\n\r\n<img loading=\"lazy\" decoding=\"async\" class=\"alignnone wp-image-5569\" src=\"http:\/\/hir.mediamarkt.hu\/magazin\/wp-content\/uploads\/2018\/03\/hu5-1024x683.jpg\" alt=\"\" width=\"580\" height=\"387\" srcset=\"https:\/\/hir.mediamarkt.hu\/magazin\/wp-content\/uploads\/2018\/03\/hu5-1024x683.jpg 1024w, https:\/\/hir.mediamarkt.hu\/magazin\/wp-content\/uploads\/2018\/03\/hu5-275x183.jpg 275w, https:\/\/hir.mediamarkt.hu\/magazin\/wp-content\/uploads\/2018\/03\/hu5-300x200.jpg 300w, https:\/\/hir.mediamarkt.hu\/magazin\/wp-content\/uploads\/2018\/03\/hu5-768x512.jpg 768w, https:\/\/hir.mediamarkt.hu\/magazin\/wp-content\/uploads\/2018\/03\/hu5-720x480.jpg 720w, https:\/\/hir.mediamarkt.hu\/magazin\/wp-content\/uploads\/2018\/03\/hu5.jpg 1050w\" sizes=\"(max-width: 580px) 100vw, 580px\" \/>\r\n\r\n<img loading=\"lazy\" decoding=\"async\" class=\"alignnone wp-image-5572\" src=\"http:\/\/hir.mediamarkt.hu\/magazin\/wp-content\/uploads\/2018\/03\/hu6.jpg\" alt=\"\" width=\"580\" height=\"773\" srcset=\"https:\/\/hir.mediamarkt.hu\/magazin\/wp-content\/uploads\/2018\/03\/hu6.jpg 600w, https:\/\/hir.mediamarkt.hu\/magazin\/wp-content\/uploads\/2018\/03\/hu6-275x367.jpg 275w, https:\/\/hir.mediamarkt.hu\/magazin\/wp-content\/uploads\/2018\/03\/hu6-225x300.jpg 225w\" sizes=\"(max-width: 580px) 100vw, 580px\" \/>\r\n\r\n<img loading=\"lazy\" decoding=\"async\" class=\"alignnone wp-image-5570\" src=\"http:\/\/hir.mediamarkt.hu\/magazin\/wp-content\/uploads\/2018\/03\/hu5a.jpg\" alt=\"\" width=\"580\" height=\"580\" srcset=\"https:\/\/hir.mediamarkt.hu\/magazin\/wp-content\/uploads\/2018\/03\/hu5a.jpg 1008w, https:\/\/hir.mediamarkt.hu\/magazin\/wp-content\/uploads\/2018\/03\/hu5a-275x275.jpg 275w, https:\/\/hir.mediamarkt.hu\/magazin\/wp-content\/uploads\/2018\/03\/hu5a-300x300.jpg 300w, https:\/\/hir.mediamarkt.hu\/magazin\/wp-content\/uploads\/2018\/03\/hu5a-768x768.jpg 768w, https:\/\/hir.mediamarkt.hu\/magazin\/wp-content\/uploads\/2018\/03\/hu5a-150x150.jpg 150w, https:\/\/hir.mediamarkt.hu\/magazin\/wp-content\/uploads\/2018\/03\/hu5a-720x720.jpg 720w\" sizes=\"(max-width: 580px) 100vw, 580px\" \/>\r\n\r\n<img loading=\"lazy\" decoding=\"async\" class=\"alignnone wp-image-5571\" src=\"http:\/\/hir.mediamarkt.hu\/magazin\/wp-content\/uploads\/2018\/03\/hu5a1.jpg\" alt=\"\" width=\"580\" height=\"436\" srcset=\"https:\/\/hir.mediamarkt.hu\/magazin\/wp-content\/uploads\/2018\/03\/hu5a1.jpg 570w, https:\/\/hir.mediamarkt.hu\/magazin\/wp-content\/uploads\/2018\/03\/hu5a1-275x206.jpg 275w, https:\/\/hir.mediamarkt.hu\/magazin\/wp-content\/uploads\/2018\/03\/hu5a1-300x225.jpg 300w\" sizes=\"(max-width: 580px) 100vw, 580px\" \/>\r\n\r\n<img loading=\"lazy\" decoding=\"async\" class=\"alignnone wp-image-5573\" src=\"http:\/\/hir.mediamarkt.hu\/magazin\/wp-content\/uploads\/2018\/03\/hu7a.jpg\" alt=\"\" width=\"580\" height=\"580\" srcset=\"https:\/\/hir.mediamarkt.hu\/magazin\/wp-content\/uploads\/2018\/03\/hu7a.jpg 800w, https:\/\/hir.mediamarkt.hu\/magazin\/wp-content\/uploads\/2018\/03\/hu7a-275x275.jpg 275w, https:\/\/hir.mediamarkt.hu\/magazin\/wp-content\/uploads\/2018\/03\/hu7a-300x300.jpg 300w, https:\/\/hir.mediamarkt.hu\/magazin\/wp-content\/uploads\/2018\/03\/hu7a-768x768.jpg 768w, https:\/\/hir.mediamarkt.hu\/magazin\/wp-content\/uploads\/2018\/03\/hu7a-150x150.jpg 150w, https:\/\/hir.mediamarkt.hu\/magazin\/wp-content\/uploads\/2018\/03\/hu7a-720x720.jpg 720w\" sizes=\"(max-width: 580px) 100vw, 580px\" \/> <img loading=\"lazy\" decoding=\"async\" class=\"alignnone wp-image-5574\" src=\"http:\/\/hir.mediamarkt.hu\/magazin\/wp-content\/uploads\/2018\/03\/hu7b-747x1024.jpg\" alt=\"\" width=\"580\" height=\"795\" srcset=\"https:\/\/hir.mediamarkt.hu\/magazin\/wp-content\/uploads\/2018\/03\/hu7b.jpg 747w, https:\/\/hir.mediamarkt.hu\/magazin\/wp-content\/uploads\/2018\/03\/hu7b-275x377.jpg 275w, https:\/\/hir.mediamarkt.hu\/magazin\/wp-content\/uploads\/2018\/03\/hu7b-219x300.jpg 219w, https:\/\/hir.mediamarkt.hu\/magazin\/wp-content\/uploads\/2018\/03\/hu7b-720x987.jpg 720w\" sizes=\"(max-width: 580px) 100vw, 580px\" \/> <img loading=\"lazy\" decoding=\"async\" class=\"alignnone wp-image-5575\" src=\"http:\/\/hir.mediamarkt.hu\/magazin\/wp-content\/uploads\/2018\/03\/hu7c.jpg\" alt=\"\" width=\"580\" height=\"580\" srcset=\"https:\/\/hir.mediamarkt.hu\/magazin\/wp-content\/uploads\/2018\/03\/hu7c.jpg 580w, https:\/\/hir.mediamarkt.hu\/magazin\/wp-content\/uploads\/2018\/03\/hu7c-275x275.jpg 275w, https:\/\/hir.mediamarkt.hu\/magazin\/wp-content\/uploads\/2018\/03\/hu7c-300x300.jpg 300w, https:\/\/hir.mediamarkt.hu\/magazin\/wp-content\/uploads\/2018\/03\/hu7c-150x150.jpg 150w\" sizes=\"(max-width: 580px) 100vw, 580px\" \/>\r\n\r\n<img loading=\"lazy\" decoding=\"async\" class=\"alignnone wp-image-5576\" src=\"http:\/\/hir.mediamarkt.hu\/magazin\/wp-content\/uploads\/2018\/03\/hu7-683x1024.jpg\" alt=\"\" width=\"580\" height=\"870\" srcset=\"https:\/\/hir.mediamarkt.hu\/magazin\/wp-content\/uploads\/2018\/03\/hu7-683x1024.jpg 683w, https:\/\/hir.mediamarkt.hu\/magazin\/wp-content\/uploads\/2018\/03\/hu7-275x413.jpg 275w, https:\/\/hir.mediamarkt.hu\/magazin\/wp-content\/uploads\/2018\/03\/hu7-200x300.jpg 200w, https:\/\/hir.mediamarkt.hu\/magazin\/wp-content\/uploads\/2018\/03\/hu7-768x1152.jpg 768w, https:\/\/hir.mediamarkt.hu\/magazin\/wp-content\/uploads\/2018\/03\/hu7-720x1080.jpg 720w, https:\/\/hir.mediamarkt.hu\/magazin\/wp-content\/uploads\/2018\/03\/hu7.jpg 1020w\" sizes=\"(max-width: 580px) 100vw, 580px\" \/>\r\n\r\n&nbsp;\r\n\r\n&nbsp;","protected":false},"excerpt":{"rendered":"L\u00e1nyok, n\u0151k, asszonyok! Itt az id\u0151, hogy a h\u00fasv\u00e9t m\u00e9g sz\u00f3rakoztat\u00f3bb legyen! K\u00e9sz\u00edts magadnak r\u00e9mesen t\u00falz\u00f3 vagy eleg\u00e1ns, esetleg boh\u00e9m frizur\u00e1t \u00e9s lopd el a show-t a ny\u00fal el\u0151l! Giccses \u00e9s eleg\u00e1ns tippek k\u00f6vetkeznek a h\u00fasv\u00e9ti hajr\u00e1ra!","protected":false},"author":13,"featured_media":5574,"comment_status":"open","ping_status":"open","sticky":false,"template":"","format":"standard","meta":{"wprm-recipe-roundup-name":"","wprm-recipe-roundup-description":"","footnotes":""},"categories":[5968],"tags":[2461,2456,226,2457,2180,2455,2458,514,2140,2136,2421,2460,2127,2173,2401,2459,2454,2281],"yoast_head":"<!-- This site is optimized with the Yoast SEO plugin v22.9 - https:\/\/yoast.com\/wordpress\/plugins\/seo\/ -->\n<title>\u0150r\u00fclt DIY csin\u00e1ld magad frizur\u00e1k h\u00fasv\u00e9tra! - MediaMarkt Magazin<\/title>\n<meta name=\"robots\" content=\"index, follow, max-snippet:-1, max-image-preview:large, max-video-preview:-1\" \/>\n<link rel=\"canonical\" href=\"https:\/\/hir.mediamarkt.hu\/magazin\/diy-csinald-magad-frizurak-husvet-trend\/\" \/>\n<meta property=\"og:locale\" content=\"hu_HU\" \/>\n<meta property=\"og:type\" content=\"article\" \/>\n<meta property=\"og:title\" content=\"\u0150r\u00fclt DIY csin\u00e1ld magad frizur\u00e1k h\u00fasv\u00e9tra! - MediaMarkt Magazin\" \/>\n<meta property=\"og:description\" content=\"L\u00e1nyok, n\u0151k, asszonyok! Itt az id\u0151, hogy a h\u00fasv\u00e9t m\u00e9g sz\u00f3rakoztat\u00f3bb legyen! K\u00e9sz\u00edts magadnak r\u00e9mesen t\u00falz\u00f3 vagy eleg\u00e1ns, esetleg boh\u00e9m frizur\u00e1t \u00e9s lopd el a show-t a ny\u00fal el\u0151l! Giccses \u00e9s eleg\u00e1ns tippek k\u00f6vetkeznek a h\u00fasv\u00e9ti hajr\u00e1ra!\" \/>\n<meta property=\"og:url\" content=\"https:\/\/hir.mediamarkt.hu\/magazin\/diy-csinald-magad-frizurak-husvet-trend\/\" \/>\n<meta property=\"og:site_name\" content=\"MediaMarkt Magazin\" \/>\n<meta property=\"article:publisher\" content=\"https:\/\/www.facebook.com\/MediaMarktMagyarorszag\" \/>\n<meta property=\"article:published_time\" content=\"2018-03-28T07:00:37+00:00\" \/>\n<meta property=\"article:modified_time\" content=\"2018-03-23T12:04:50+00:00\" \/>\n<meta property=\"og:image\" content=\"https:\/\/hir.mediamarkt.hu\/magazin\/wp-content\/uploads\/2018\/03\/hu7b.jpg\" \/>\n\t<meta property=\"og:image:width\" content=\"747\" \/>\n\t<meta property=\"og:image:height\" content=\"1024\" \/>\n\t<meta property=\"og:image:type\" content=\"image\/jpeg\" \/>\n<meta name=\"author\" content=\"Media Markt\" \/>\n<meta name=\"twitter:label1\" content=\"Szerz\u0151:\" \/>\n\t<meta name=\"twitter:data1\" content=\"Media Markt\" \/>\n\t<meta name=\"twitter:label2\" content=\"Becs\u00fclt olvas\u00e1si id\u0151\" \/>\n\t<meta name=\"twitter:data2\" content=\"1 perc\" \/>\n<script type=\"application\/ld+json\" class=\"yoast-schema-graph\">{\"@context\":\"https:\/\/schema.org\",\"@graph\":[{\"@type\":\"WebPage\",\"@id\":\"https:\/\/hir.mediamarkt.hu\/magazin\/diy-csinald-magad-frizurak-husvet-trend\/\",\"url\":\"https:\/\/hir.mediamarkt.hu\/magazin\/diy-csinald-magad-frizurak-husvet-trend\/\",\"name\":\"\u0150r\u00fclt DIY csin\u00e1ld magad frizur\u00e1k h\u00fasv\u00e9tra! - MediaMarkt Magazin\",\"isPartOf\":{\"@id\":\"https:\/\/hir.mediamarkt.hu\/magazin\/#website\"},\"primaryImageOfPage\":{\"@id\":\"https:\/\/hir.mediamarkt.hu\/magazin\/diy-csinald-magad-frizurak-husvet-trend\/#primaryimage\"},\"image\":{\"@id\":\"https:\/\/hir.mediamarkt.hu\/magazin\/diy-csinald-magad-frizurak-husvet-trend\/#primaryimage\"},\"thumbnailUrl\":\"https:\/\/hir.mediamarkt.hu\/magazin\/wp-content\/uploads\/2018\/03\/hu7b.jpg\",\"datePublished\":\"2018-03-28T07:00:37+00:00\",\"dateModified\":\"2018-03-23T12:04:50+00:00\",\"author\":{\"@id\":\"https:\/\/hir.mediamarkt.hu\/magazin\/#\/schema\/person\/b93b02ec1ab4d2353f8d281e171c1b0b\"},\"breadcrumb\":{\"@id\":\"https:\/\/hir.mediamarkt.hu\/magazin\/diy-csinald-magad-frizurak-husvet-trend\/#breadcrumb\"},\"inLanguage\":\"hu\",\"potentialAction\":[{\"@type\":\"ReadAction\",\"target\":[\"https:\/\/hir.mediamarkt.hu\/magazin\/diy-csinald-magad-frizurak-husvet-trend\/\"]}]},{\"@type\":\"ImageObject\",\"inLanguage\":\"hu\",\"@id\":\"https:\/\/hir.mediamarkt.hu\/magazin\/diy-csinald-magad-frizurak-husvet-trend\/#primaryimage\",\"url\":\"https:\/\/hir.mediamarkt.hu\/magazin\/wp-content\/uploads\/2018\/03\/hu7b.jpg\",\"contentUrl\":\"https:\/\/hir.mediamarkt.hu\/magazin\/wp-content\/uploads\/2018\/03\/hu7b.jpg\",\"width\":747,\"height\":1024},{\"@type\":\"BreadcrumbList\",\"@id\":\"https:\/\/hir.mediamarkt.hu\/magazin\/diy-csinald-magad-frizurak-husvet-trend\/#breadcrumb\",\"itemListElement\":[{\"@type\":\"ListItem\",\"position\":1,\"name\":\"Kezd\u0151lap\",\"item\":\"https:\/\/hir.mediamarkt.hu\/magazin\/\"},{\"@type\":\"ListItem\",\"position\":2,\"name\":\"\u0150r\u00fclt DIY csin\u00e1ld magad frizur\u00e1k h\u00fasv\u00e9tra!\"}]},{\"@type\":\"WebSite\",\"@id\":\"https:\/\/hir.mediamarkt.hu\/magazin\/#website\",\"url\":\"https:\/\/hir.mediamarkt.hu\/magazin\/\",\"name\":\"MediaMarkt Magazin\",\"description\":\"Olvass bele magazinunkba!\",\"potentialAction\":[{\"@type\":\"SearchAction\",\"target\":{\"@type\":\"EntryPoint\",\"urlTemplate\":\"https:\/\/hir.mediamarkt.hu\/magazin\/?s={search_term_string}\"},\"query-input\":\"required name=search_term_string\"}],\"inLanguage\":\"hu\"},{\"@type\":\"Person\",\"@id\":\"https:\/\/hir.mediamarkt.hu\/magazin\/#\/schema\/person\/b93b02ec1ab4d2353f8d281e171c1b0b\",\"name\":\"Media Markt\",\"image\":{\"@type\":\"ImageObject\",\"inLanguage\":\"hu\",\"@id\":\"https:\/\/hir.mediamarkt.hu\/magazin\/#\/schema\/person\/image\/\",\"url\":\"https:\/\/secure.gravatar.com\/avatar\/602bccae8998beee472d01909f0978f1?s=96&d=mm&r=g\",\"contentUrl\":\"https:\/\/secure.gravatar.com\/avatar\/602bccae8998beee472d01909f0978f1?s=96&d=mm&r=g\",\"caption\":\"Media Markt\"}}]}<\/script>\n<!-- \/ Yoast SEO plugin. -->","yoast_head_json":{"title":"\u0150r\u00fclt DIY csin\u00e1ld magad frizur\u00e1k h\u00fasv\u00e9tra! - MediaMarkt Magazin","robots":{"index":"index","follow":"follow","max-snippet":"max-snippet:-1","max-image-preview":"max-image-preview:large","max-video-preview":"max-video-preview:-1"},"canonical":"https:\/\/hir.mediamarkt.hu\/magazin\/diy-csinald-magad-frizurak-husvet-trend\/","og_locale":"hu_HU","og_type":"article","og_title":"\u0150r\u00fclt DIY csin\u00e1ld magad frizur\u00e1k h\u00fasv\u00e9tra! - MediaMarkt Magazin","og_description":"L\u00e1nyok, n\u0151k, asszonyok! Itt az id\u0151, hogy a h\u00fasv\u00e9t m\u00e9g sz\u00f3rakoztat\u00f3bb legyen! K\u00e9sz\u00edts magadnak r\u00e9mesen t\u00falz\u00f3 vagy eleg\u00e1ns, esetleg boh\u00e9m frizur\u00e1t \u00e9s lopd el a show-t a ny\u00fal el\u0151l! Giccses \u00e9s eleg\u00e1ns tippek k\u00f6vetkeznek a h\u00fasv\u00e9ti hajr\u00e1ra!","og_url":"https:\/\/hir.mediamarkt.hu\/magazin\/diy-csinald-magad-frizurak-husvet-trend\/","og_site_name":"MediaMarkt Magazin","article_publisher":"https:\/\/www.facebook.com\/MediaMarktMagyarorszag","article_published_time":"2018-03-28T07:00:37+00:00","article_modified_time":"2018-03-23T12:04:50+00:00","og_image":[{"width":747,"height":1024,"url":"https:\/\/hir.mediamarkt.hu\/magazin\/wp-content\/uploads\/2018\/03\/hu7b.jpg","type":"image\/jpeg"}],"author":"Media Markt","twitter_misc":{"Szerz\u0151:":"Media Markt","Becs\u00fclt olvas\u00e1si id\u0151":"1 perc"},"schema":{"@context":"https:\/\/schema.org","@graph":[{"@type":"WebPage","@id":"https:\/\/hir.mediamarkt.hu\/magazin\/diy-csinald-magad-frizurak-husvet-trend\/","url":"https:\/\/hir.mediamarkt.hu\/magazin\/diy-csinald-magad-frizurak-husvet-trend\/","name":"\u0150r\u00fclt DIY csin\u00e1ld magad frizur\u00e1k h\u00fasv\u00e9tra! - MediaMarkt Magazin","isPartOf":{"@id":"https:\/\/hir.mediamarkt.hu\/magazin\/#website"},"primaryImageOfPage":{"@id":"https:\/\/hir.mediamarkt.hu\/magazin\/diy-csinald-magad-frizurak-husvet-trend\/#primaryimage"},"image":{"@id":"https:\/\/hir.mediamarkt.hu\/magazin\/diy-csinald-magad-frizurak-husvet-trend\/#primaryimage"},"thumbnailUrl":"https:\/\/hir.mediamarkt.hu\/magazin\/wp-content\/uploads\/2018\/03\/hu7b.jpg","datePublished":"2018-03-28T07:00:37+00:00","dateModified":"2018-03-23T12:04:50+00:00","author":{"@id":"https:\/\/hir.mediamarkt.hu\/magazin\/#\/schema\/person\/b93b02ec1ab4d2353f8d281e171c1b0b"},"breadcrumb":{"@id":"https:\/\/hir.mediamarkt.hu\/magazin\/diy-csinald-magad-frizurak-husvet-trend\/#breadcrumb"},"inLanguage":"hu","potentialAction":[{"@type":"ReadAction","target":["https:\/\/hir.mediamarkt.hu\/magazin\/diy-csinald-magad-frizurak-husvet-trend\/"]}]},{"@type":"ImageObject","inLanguage":"hu","@id":"https:\/\/hir.mediamarkt.hu\/magazin\/diy-csinald-magad-frizurak-husvet-trend\/#primaryimage","url":"https:\/\/hir.mediamarkt.hu\/magazin\/wp-content\/uploads\/2018\/03\/hu7b.jpg","contentUrl":"https:\/\/hir.mediamarkt.hu\/magazin\/wp-content\/uploads\/2018\/03\/hu7b.jpg","width":747,"height":1024},{"@type":"BreadcrumbList","@id":"https:\/\/hir.mediamarkt.hu\/magazin\/diy-csinald-magad-frizurak-husvet-trend\/#breadcrumb","itemListElement":[{"@type":"ListItem","position":1,"name":"Kezd\u0151lap","item":"https:\/\/hir.mediamarkt.hu\/magazin\/"},{"@type":"ListItem","position":2,"name":"\u0150r\u00fclt DIY csin\u00e1ld magad frizur\u00e1k h\u00fasv\u00e9tra!"}]},{"@type":"WebSite","@id":"https:\/\/hir.mediamarkt.hu\/magazin\/#website","url":"https:\/\/hir.mediamarkt.hu\/magazin\/","name":"MediaMarkt Magazin","description":"Olvass bele magazinunkba!","potentialAction":[{"@type":"SearchAction","target":{"@type":"EntryPoint","urlTemplate":"https:\/\/hir.mediamarkt.hu\/magazin\/?s={search_term_string}"},"query-input":"required name=search_term_string"}],"inLanguage":"hu"},{"@type":"Person","@id":"https:\/\/hir.mediamarkt.hu\/magazin\/#\/schema\/person\/b93b02ec1ab4d2353f8d281e171c1b0b","name":"Media Markt","image":{"@type":"ImageObject","inLanguage":"hu","@id":"https:\/\/hir.mediamarkt.hu\/magazin\/#\/schema\/person\/image\/","url":"https:\/\/secure.gravatar.com\/avatar\/602bccae8998beee472d01909f0978f1?s=96&d=mm&r=g","contentUrl":"https:\/\/secure.gravatar.com\/avatar\/602bccae8998beee472d01909f0978f1?s=96&d=mm&r=g","caption":"Media Markt"}}]}},"_links":{"self":[{"href":"https:\/\/hir.mediamarkt.hu\/magazin\/wp-json\/wp\/v2\/posts\/5560"}],"collection":[{"href":"https:\/\/hir.mediamarkt.hu\/magazin\/wp-json\/wp\/v2\/posts"}],"about":[{"href":"https:\/\/hir.mediamarkt.hu\/magazin\/wp-json\/wp\/v2\/types\/post"}],"author":[{"embeddable":true,"href":"https:\/\/hir.mediamarkt.hu\/magazin\/wp-json\/wp\/v2\/users\/13"}],"replies":[{"embeddable":true,"href":"https:\/\/hir.mediamarkt.hu\/magazin\/wp-json\/wp\/v2\/comments?post=5560"}],"version-history":[{"count":4,"href":"https:\/\/hir.mediamarkt.hu\/magazin\/wp-json\/wp\/v2\/posts\/5560\/revisions"}],"predecessor-version":[{"id":5580,"href":"https:\/\/hir.mediamarkt.hu\/magazin\/wp-json\/wp\/v2\/posts\/5560\/revisions\/5580"}],"wp:featuredmedia":[{"embeddable":true,"href":"https:\/\/hir.mediamarkt.hu\/magazin\/wp-json\/wp\/v2\/media\/5574"}],"wp:attachment":[{"href":"https:\/\/hir.mediamarkt.hu\/magazin\/wp-json\/wp\/v2\/media?parent=5560"}],"wp:term":[{"taxonomy":"category","embeddable":true,"href":"https:\/\/hir.mediamarkt.hu\/magazin\/wp-json\/wp\/v2\/categories?post=5560"},{"taxonomy":"post_tag","embeddable":true,"href":"https:\/\/hir.mediamarkt.hu\/magazin\/wp-json\/wp\/v2\/tags?post=5560"}],"curies":[{"name":"wp","href":"https:\/\/api.w.org\/{rel}","templated":true}]}}